{"id":3295,"date":"2018-05-02T11:50:04","date_gmt":"2018-05-02T14:50:04","guid":{"rendered":"http:\/\/newsinfoco.com.br\/?p=3295"},"modified":"2018-05-02T11:50:04","modified_gmt":"2018-05-02T14:50:04","slug":"prefeitura-de-alagoinhas-divulga-cronograma-semanal-de-atividades-do-cras-nova-brasilia-confira","status":"publish","type":"post","link":"https:\/\/newsinfoco.com.br\/inicio\/prefeitura-de-alagoinhas-divulga-cronograma-semanal-de-atividades-do-cras-nova-brasilia-confira\/","title":{"rendered":"Prefeitura de Alagoinhas divulga cronograma semanal de atividades do CRAS Nova Bras\u00edlia; confira"},"content":{"rendered":"<p style=\"text-align: justify;\"><span style=\"color: #000000;\">A Prefeitura de Alagoinhas, atrav\u00e9s da Secretaria Municipal de Assist\u00eancia Social (SEMAS), divulgou a programa\u00e7\u00e3o semanal de atividades do Centro de Refer\u00eancia de Assist\u00eancia Social de Nova Bras\u00edlia. Entre as atividades previstas no cronograma, est\u00e3o oficinas de dan\u00e7a para grupos de idosos e crian\u00e7as.<\/span><\/p>\n<p style=\"text-align: justify;\"><span style=\"color: #000000;\">De acordo com a SEMAS, o intuito das atividades \u00e9 fortalecer os v\u00ednculos familiares e comunit\u00e1rios atrav\u00e9s de din\u00e2micas, oficinas e rodas de conversa organizadas por profissionais da \u00e1rea.<\/span><\/p><div class=\"newsi-conteudo_19\" id=\"newsi-992087059\"><a href=\"https:\/\/www.instagram.com\/prefeituraalagoinhas?igsh=YzgzdDJ1bWR3aWI4\" aria-label=\"SAVE_20251006_221555\"><img loading=\"lazy\" decoding=\"async\" src=\"https:\/\/newsinfoco.com.br\/inicio\/wp-content\/uploads\/2025\/10\/SAVE_20251006_221555-rotated.jpg\" alt=\"\"  srcset=\"https:\/\/newsinfoco.com.br\/inicio\/wp-content\/uploads\/2025\/10\/SAVE_20251006_221555-rotated.jpg 1140w, https:\/\/newsinfoco.com.br\/inicio\/wp-content\/uploads\/2025\/10\/SAVE_20251006_221555-300x52.jpg 300w, https:\/\/newsinfoco.com.br\/inicio\/wp-content\/uploads\/2025\/10\/SAVE_20251006_221555-1024x177.jpg 1024w, https:\/\/newsinfoco.com.br\/inicio\/wp-content\/uploads\/2025\/10\/SAVE_20251006_221555-768x133.jpg 768w, https:\/\/newsinfoco.com.br\/inicio\/wp-content\/uploads\/2025\/10\/SAVE_20251006_221555-600x104.jpg 600w, https:\/\/newsinfoco.com.br\/inicio\/wp-content\/uploads\/2025\/10\/SAVE_20251006_221555-696x120.jpg 696w, https:\/\/newsinfoco.com.br\/inicio\/wp-content\/uploads\/2025\/10\/SAVE_20251006_221555-1068x185.jpg 1068w\" sizes=\"(max-width: 1140px) 100vw, 1140px\" width=\"1140\" height=\"197\"   \/><\/a><\/div>\n<p style=\"text-align: justify;\"><span style=\"color: #000000;\">Confira a programa\u00e7\u00e3o:<\/span><\/p>\n<p style=\"text-align: justify;\"><span style=\"color: #000000;\"><strong>CRAS Nova Bras\u00edlia<\/strong><\/span><\/p>\n<p style=\"text-align: justify;\"><span style=\"color: #000000;\"><strong>02\/05<\/strong><\/span><br \/>\n<span style=\"color: #000000;\">\u25cfManh\u00e3:<\/span><br \/>\n<span style=\"color: #000000;\">Oficina de dan\u00e7a infantil.<\/span><\/p>\n<p style=\"text-align: justify;\"><span style=\"color: #000000;\">\u25cfTarde:<\/span><br \/>\n<span style=\"color: #000000;\">Oficina de dan\u00e7a para idosas.<\/span><\/p>\n<p style=\"text-align: justify;\"><span style=\"color: #000000;\"><strong>03\/05<\/strong><\/span><br \/>\n<span style=\"color: #000000;\">\u25cfTarde: Servi\u00e7o de Conviv\u00eancia e Fortalecimento de V\u00ednculos (SCFV) \u2013 grupo de mulheres<\/span><br \/>\n<span style=\"color: #000000;\">Dia de roda: Paz, comunidade e Estado.<\/span><\/p>\n<p style=\"text-align: justify;\"><span style=\"color: #000000;\"><strong>04\/05<\/strong><\/span><br \/>\n<span style=\"color: #000000;\">\u25cfManh\u00e3:<\/span><br \/>\n<span style=\"color: #000000;\">Servi\u00e7o de Conviv\u00eancia e Fortalecimento de V\u00ednculos (SCFV) \u2013 grupo de crian\u00e7as<\/span><br \/>\n<span style=\"color: #000000;\">Oficina de dan\u00e7a<\/span><\/p>\n<p style=\"text-align: justify;\"><span style=\"color: #000000;\">\u25cfTarde:<\/span><br \/>\n<span style=\"color: #000000;\">Servi\u00e7o de Conviv\u00eancia e Fortalecimento de V\u00ednculos (SCFV) \u2013 grupo de crian\u00e7as<\/span><br \/>\n<span style=\"color: #000000;\">Oficina de dan\u00e7a na comunidade da Baixa da Candeia para mulheres<\/span><\/p>\n<h6 style=\"text-align: right;\"><span style=\"color: #999999;\">Fontes: SECOM SEMAS Prefeitura<\/span><\/h6>\n<h6 style=\"text-align: justify;\" align=\"right\"><span style=\"color: #999999;\">\u00a0<\/span><\/h6>\n<div class='share-to-whatsapp-wrapper'><div class='share-on-whsp'>Share on: <\/div><a data-text='Prefeitura de Alagoinhas divulga cronograma semanal de atividades do CRAS Nova Bras\u00edlia; confira' data-link='https:\/\/newsinfoco.com.br\/inicio\/prefeitura-de-alagoinhas-divulga-cronograma-semanal-de-atividades-do-cras-nova-brasilia-confira\/' class='whatsapp-button whatsapp-share'>WhatsApp<\/a><div class='clear '><\/div><\/div>","protected":false},"excerpt":{"rendered":"<p>A Prefeitura de Alagoinhas, atrav\u00e9s da Secretaria Municipal de Assist\u00eancia Social (SEMAS), divulgou a programa\u00e7\u00e3o semanal de atividades do Centro de Refer\u00eancia de Assist\u00eancia Social de Nova Bras\u00edlia. Entre as atividades previstas no cronograma, est\u00e3o oficinas de dan\u00e7a para grupos de idosos e crian\u00e7as. De acordo com a SEMAS, o intuito das atividades \u00e9 fortalecer [&hellip;]<\/p>\n","protected":false},"author":1,"featured_media":629,"comment_status":"open","ping_status":"open","sticky":false,"template":"","format":"standard","meta":{"om_disable_all_campaigns":false,"_exactmetrics_skip_tracking":false,"_exactmetrics_sitenote_active":false,"_exactmetrics_sitenote_note":"","_exactmetrics_sitenote_category":0,"footnotes":""},"categories":[38,30],"tags":[53,54,59],"class_list":["post-3295","post","type-post","status-publish","format-standard","has-post-thumbnail","hentry","category-alagoinhas-e-regiao","category-destaque","tag-alagoinhas","tag-prefeitura","tag-semas"],"aioseo_notices":[],"_links":{"self":[{"href":"https:\/\/newsinfoco.com.br\/inicio\/wp-json\/wp\/v2\/posts\/3295","targetHints":{"allow":["GET"]}}],"collection":[{"href":"https:\/\/newsinfoco.com.br\/inicio\/wp-json\/wp\/v2\/posts"}],"about":[{"href":"https:\/\/newsinfoco.com.br\/inicio\/wp-json\/wp\/v2\/types\/post"}],"author":[{"embeddable":true,"href":"https:\/\/newsinfoco.com.br\/inicio\/wp-json\/wp\/v2\/users\/1"}],"replies":[{"embeddable":true,"href":"https:\/\/newsinfoco.com.br\/inicio\/wp-json\/wp\/v2\/comments?post=3295"}],"version-history":[{"count":0,"href":"https:\/\/newsinfoco.com.br\/inicio\/wp-json\/wp\/v2\/posts\/3295\/revisions"}],"wp:featuredmedia":[{"embeddable":true,"href":"https:\/\/newsinfoco.com.br\/inicio\/wp-json\/wp\/v2\/media\/629"}],"wp:attachment":[{"href":"https:\/\/newsinfoco.com.br\/inicio\/wp-json\/wp\/v2\/media?parent=3295"}],"wp:term":[{"taxonomy":"category","embeddable":true,"href":"https:\/\/newsinfoco.com.br\/inicio\/wp-json\/wp\/v2\/categories?post=3295"},{"taxonomy":"post_tag","embeddable":true,"href":"https:\/\/newsinfoco.com.br\/inicio\/wp-json\/wp\/v2\/tags?post=3295"}],"curies":[{"name":"wp","href":"https:\/\/api.w.org\/{rel}","templated":true}]}}