{"id":32977,"date":"2023-02-11T11:25:31","date_gmt":"2023-02-11T14:25:31","guid":{"rendered":"https:\/\/newsinfoco.com.br\/inicio\/?p=32977"},"modified":"2023-02-11T11:25:31","modified_gmt":"2023-02-11T14:25:31","slug":"pf-diz-que-identificou-financiadores-de-crimes-na-terra-indigena-yanomami","status":"publish","type":"post","link":"https:\/\/newsinfoco.com.br\/inicio\/pf-diz-que-identificou-financiadores-de-crimes-na-terra-indigena-yanomami\/","title":{"rendered":"PF diz que identificou financiadores de crimes na Terra Ind\u00edgena Yanomami"},"content":{"rendered":"<p>O diretor de Meio Ambiente da Pol\u00edcia Federal, delegado Humberto Freire afirmou nesta sexta-feira (10) que j\u00e1 identificou financiadores do garimpo ilegal na Terra Ind\u00edgena Yanomami e que apura possibilidade de genoc\u00eddio.<\/p>\n<p>\u201cJ\u00e1 h\u00e1 uma investiga\u00e7\u00e3o pret\u00e9rita que fez essas identifica\u00e7\u00f5es e essas pessoas ser\u00e3o identificadas, indiciadas e responder\u00e3o na medida da sua culpabilidade. Tenho dito que as pessoas que financiam esse crime, as pessoas que auferem os maiores lucros, obviamente tem uma responsabilidade maior. Estamos inclusive com um inqu\u00e9rito espec\u00edfico apurando a possibilidade de ocorr\u00eancia de um genoc\u00eddio\u201d, completou.\u201d, disse ele em entrevista \u00e0 GloboNews.<\/p>\n<p>Nesta sexta-feira (10), a Pol\u00edcia Federal deflagrou a opera\u00e7\u00e3o Liberta\u00e7\u00e3o para impedir o avan\u00e7o do garimpo ilegal no territ\u00f3rio. No entanto, antes mesmo do desencadeamento das atividades da opera\u00e7\u00e3o, os respons\u00e1veis pelo financiamento j\u00e1 foram identificados.<\/p>\n<p>&nbsp;<\/p>\n<p>Bahia.ba<\/p>\n<div class='share-to-whatsapp-wrapper'><div class='share-on-whsp'>Share on: <\/div><a data-text='PF diz que identificou financiadores de crimes na Terra Ind\u00edgena Yanomami' data-link='https:\/\/newsinfoco.com.br\/inicio\/pf-diz-que-identificou-financiadores-de-crimes-na-terra-indigena-yanomami\/' class='whatsapp-button whatsapp-share'>WhatsApp<\/a><div class='clear '><\/div><\/div>","protected":false},"excerpt":{"rendered":"<p>O diretor de Meio Ambiente da Pol\u00edcia Federal, delegado Humberto Freire afirmou nesta sexta-feira (10) que j\u00e1 identificou financiadores do garimpo ilegal na Terra Ind\u00edgena Yanomami e que apura possibilidade de genoc\u00eddio. \u201cJ\u00e1 h\u00e1 uma investiga\u00e7\u00e3o pret\u00e9rita que fez essas identifica\u00e7\u00f5es e essas pessoas ser\u00e3o identificadas, indiciadas e responder\u00e3o na medida da sua culpabilidade. Tenho [&hellip;]<\/p>\n","protected":false},"author":1,"featured_media":32978,"comment_status":"closed","ping_status":"closed","sticky":false,"template":"","format":"standard","meta":{"om_disable_all_campaigns":false,"rop_custom_images_group":[],"rop_custom_messages_group":[],"rop_publish_now":"initial","rop_publish_now_accounts":[],"rop_publish_now_history":[],"rop_publish_now_status":"pending","_exactmetrics_skip_tracking":false,"footnotes":""},"categories":[21],"tags":[],"class_list":["post-32977","post","type-post","status-publish","format-standard","has-post-thumbnail","hentry","category-brasil"],"aioseo_notices":[],"aioseo_head":"\n\t\t<!-- All in One SEO 4.9.10 - aioseo.com -->\n\t<meta name=\"description\" content=\"O diretor de Meio Ambiente da Pol\u00edcia Federal, delegado Humberto Freire afirmou nesta sexta-feira (10) que j\u00e1 identificou financiadores do garimpo ilegal na Terra Ind\u00edgena Yanomami e que apura possibilidade de genoc\u00eddio. \u201cJ\u00e1 h\u00e1 uma investiga\u00e7\u00e3o pret\u00e9rita que fez essas identifica\u00e7\u00f5es e essas pessoas ser\u00e3o identificadas, indiciadas e responder\u00e3o na medida da sua culpabilidade. Tenho\" \/>\n\t<meta name=\"robots\" content=\"max-image-preview:large\" \/>\n\t<meta name=\"author\" content=\"administrador\"\/>\n\t<link rel=\"canonical\" href=\"https:\/\/newsinfoco.com.br\/inicio\/pf-diz-que-identificou-financiadores-de-crimes-na-terra-indigena-yanomami\/\" \/>\n\t<meta name=\"generator\" content=\"All in One SEO (AIOSEO) 4.9.10\" \/>\n\t\t<meta property=\"og:locale\" content=\"pt_BR\" \/>\n\t\t<meta property=\"og:site_name\" content=\"News In Foco - Editado por Caio Pimenta - O principal site de noticias de Alagoinhas e regi\u00e3o\" \/>\n\t\t<meta property=\"og:type\" content=\"article\" \/>\n\t\t<meta property=\"og:title\" content=\"PF diz que identificou financiadores de crimes na Terra Ind\u00edgena Yanomami - News In Foco - Editado por Caio Pimenta\" \/>\n\t\t<meta property=\"og:description\" content=\"O diretor de Meio Ambiente da Pol\u00edcia Federal, delegado Humberto Freire afirmou nesta sexta-feira (10) que j\u00e1 identificou financiadores do garimpo ilegal na Terra Ind\u00edgena Yanomami e que apura possibilidade de genoc\u00eddio. \u201cJ\u00e1 h\u00e1 uma investiga\u00e7\u00e3o pret\u00e9rita que fez essas identifica\u00e7\u00f5es e essas pessoas ser\u00e3o identificadas, indiciadas e responder\u00e3o na medida da sua culpabilidade. Tenho\" \/>\n\t\t<meta property=\"og:url\" content=\"https:\/\/newsinfoco.com.br\/inicio\/pf-diz-que-identificou-financiadores-de-crimes-na-terra-indigena-yanomami\/\" \/>\n\t\t<meta property=\"article:published_time\" content=\"2023-02-11T14:25:31+00:00\" \/>\n\t\t<meta property=\"article:modified_time\" content=\"2023-02-11T14:25:31+00:00\" \/>\n\t\t<meta name=\"twitter:card\" content=\"summary_large_image\" \/>\n\t\t<meta name=\"twitter:title\" content=\"PF diz que identificou financiadores de crimes na Terra Ind\u00edgena Yanomami - News In Foco - Editado por Caio Pimenta\" \/>\n\t\t<meta name=\"twitter:description\" content=\"O diretor de Meio Ambiente da Pol\u00edcia Federal, delegado Humberto Freire afirmou nesta sexta-feira (10) que j\u00e1 identificou financiadores do garimpo ilegal na Terra Ind\u00edgena Yanomami e que apura possibilidade de genoc\u00eddio. \u201cJ\u00e1 h\u00e1 uma investiga\u00e7\u00e3o pret\u00e9rita que fez essas identifica\u00e7\u00f5es e essas pessoas ser\u00e3o identificadas, indiciadas e responder\u00e3o na medida da sua culpabilidade. Tenho\" \/>\n\t\t<script type=\"application\/ld+json\" class=\"aioseo-schema\">\n\t\t\t{\"@context\":\"https:\\\/\\\/schema.org\",\"@graph\":[{\"@type\":\"BlogPosting\",\"@id\":\"https:\\\/\\\/newsinfoco.com.br\\\/inicio\\\/pf-diz-que-identificou-financiadores-de-crimes-na-terra-indigena-yanomami\\\/#blogposting\",\"name\":\"PF diz que identificou financiadores de crimes na Terra Ind\\u00edgena Yanomami - News In Foco - Editado por Caio Pimenta\",\"headline\":\"PF diz que identificou financiadores de crimes na Terra Ind\\u00edgena Yanomami\",\"author\":{\"@id\":\"https:\\\/\\\/newsinfoco.com.br\\\/inicio\\\/author\\\/administrador\\\/#author\"},\"publisher\":{\"@id\":\"https:\\\/\\\/newsinfoco.com.br\\\/inicio\\\/#organization\"},\"image\":{\"@type\":\"ImageObject\",\"url\":\"https:\\\/\\\/newsinfoco.com.br\\\/inicio\\\/wp-content\\\/uploads\\\/2023\\\/02\\\/Terra-Indigena-Yanomami.png\",\"width\":600,\"height\":420,\"caption\":\"Imagem: Reprodu\\u00e7\\u00e3o\\\/TV Globo\"},\"datePublished\":\"2023-02-11T11:25:31-03:00\",\"dateModified\":\"2023-02-11T11:25:31-03:00\",\"inLanguage\":\"pt-BR\",\"mainEntityOfPage\":{\"@id\":\"https:\\\/\\\/newsinfoco.com.br\\\/inicio\\\/pf-diz-que-identificou-financiadores-de-crimes-na-terra-indigena-yanomami\\\/#webpage\"},\"isPartOf\":{\"@id\":\"https:\\\/\\\/newsinfoco.com.br\\\/inicio\\\/pf-diz-que-identificou-financiadores-de-crimes-na-terra-indigena-yanomami\\\/#webpage\"},\"articleSection\":\"Brasil\"},{\"@type\":\"BreadcrumbList\",\"@id\":\"https:\\\/\\\/newsinfoco.com.br\\\/inicio\\\/pf-diz-que-identificou-financiadores-de-crimes-na-terra-indigena-yanomami\\\/#breadcrumblist\",\"itemListElement\":[{\"@type\":\"ListItem\",\"@id\":\"https:\\\/\\\/newsinfoco.com.br\\\/inicio#listItem\",\"position\":1,\"name\":\"In\\u00edcio\",\"item\":\"https:\\\/\\\/newsinfoco.com.br\\\/inicio\",\"nextItem\":{\"@type\":\"ListItem\",\"@id\":\"https:\\\/\\\/newsinfoco.com.br\\\/inicio\\\/category\\\/brasil\\\/#listItem\",\"name\":\"Brasil\"}},{\"@type\":\"ListItem\",\"@id\":\"https:\\\/\\\/newsinfoco.com.br\\\/inicio\\\/category\\\/brasil\\\/#listItem\",\"position\":2,\"name\":\"Brasil\",\"item\":\"https:\\\/\\\/newsinfoco.com.br\\\/inicio\\\/category\\\/brasil\\\/\",\"nextItem\":{\"@type\":\"ListItem\",\"@id\":\"https:\\\/\\\/newsinfoco.com.br\\\/inicio\\\/pf-diz-que-identificou-financiadores-de-crimes-na-terra-indigena-yanomami\\\/#listItem\",\"name\":\"PF diz que identificou financiadores de crimes na Terra Ind\\u00edgena Yanomami\"},\"previousItem\":{\"@type\":\"ListItem\",\"@id\":\"https:\\\/\\\/newsinfoco.com.br\\\/inicio#listItem\",\"name\":\"In\\u00edcio\"}},{\"@type\":\"ListItem\",\"@id\":\"https:\\\/\\\/newsinfoco.com.br\\\/inicio\\\/pf-diz-que-identificou-financiadores-de-crimes-na-terra-indigena-yanomami\\\/#listItem\",\"position\":3,\"name\":\"PF diz que identificou financiadores de crimes na Terra Ind\\u00edgena Yanomami\",\"previousItem\":{\"@type\":\"ListItem\",\"@id\":\"https:\\\/\\\/newsinfoco.com.br\\\/inicio\\\/category\\\/brasil\\\/#listItem\",\"name\":\"Brasil\"}}]},{\"@type\":\"Organization\",\"@id\":\"https:\\\/\\\/newsinfoco.com.br\\\/inicio\\\/#organization\",\"name\":\"News In Foco - Editado por Caio Pimenta\",\"description\":\"O principal site de noticias de Alagoinhas e regi\\u00e3o\",\"url\":\"https:\\\/\\\/newsinfoco.com.br\\\/inicio\\\/\"},{\"@type\":\"Person\",\"@id\":\"https:\\\/\\\/newsinfoco.com.br\\\/inicio\\\/author\\\/administrador\\\/#author\",\"url\":\"https:\\\/\\\/newsinfoco.com.br\\\/inicio\\\/author\\\/administrador\\\/\",\"name\":\"administrador\",\"image\":{\"@type\":\"ImageObject\",\"@id\":\"https:\\\/\\\/newsinfoco.com.br\\\/inicio\\\/pf-diz-que-identificou-financiadores-de-crimes-na-terra-indigena-yanomami\\\/#authorImage\",\"url\":\"https:\\\/\\\/secure.gravatar.com\\\/avatar\\\/c17a617433de8c1dc9584bb79aab7563b46f5bb7e1728c9b17d9cc3ce6a08e49?s=96&d=mm&r=g\",\"width\":96,\"height\":96,\"caption\":\"administrador\"}},{\"@type\":\"WebPage\",\"@id\":\"https:\\\/\\\/newsinfoco.com.br\\\/inicio\\\/pf-diz-que-identificou-financiadores-de-crimes-na-terra-indigena-yanomami\\\/#webpage\",\"url\":\"https:\\\/\\\/newsinfoco.com.br\\\/inicio\\\/pf-diz-que-identificou-financiadores-de-crimes-na-terra-indigena-yanomami\\\/\",\"name\":\"PF diz que identificou financiadores de crimes na Terra Ind\\u00edgena Yanomami - News In Foco - Editado por Caio Pimenta\",\"description\":\"O diretor de Meio Ambiente da Pol\\u00edcia Federal, delegado Humberto Freire afirmou nesta sexta-feira (10) que j\\u00e1 identificou financiadores do garimpo ilegal na Terra Ind\\u00edgena Yanomami e que apura possibilidade de genoc\\u00eddio. \\u201cJ\\u00e1 h\\u00e1 uma investiga\\u00e7\\u00e3o pret\\u00e9rita que fez essas identifica\\u00e7\\u00f5es e essas pessoas ser\\u00e3o identificadas, indiciadas e responder\\u00e3o na medida da sua culpabilidade. Tenho\",\"inLanguage\":\"pt-BR\",\"isPartOf\":{\"@id\":\"https:\\\/\\\/newsinfoco.com.br\\\/inicio\\\/#website\"},\"breadcrumb\":{\"@id\":\"https:\\\/\\\/newsinfoco.com.br\\\/inicio\\\/pf-diz-que-identificou-financiadores-de-crimes-na-terra-indigena-yanomami\\\/#breadcrumblist\"},\"author\":{\"@id\":\"https:\\\/\\\/newsinfoco.com.br\\\/inicio\\\/author\\\/administrador\\\/#author\"},\"creator\":{\"@id\":\"https:\\\/\\\/newsinfoco.com.br\\\/inicio\\\/author\\\/administrador\\\/#author\"},\"image\":{\"@type\":\"ImageObject\",\"url\":\"https:\\\/\\\/newsinfoco.com.br\\\/inicio\\\/wp-content\\\/uploads\\\/2023\\\/02\\\/Terra-Indigena-Yanomami.png\",\"@id\":\"https:\\\/\\\/newsinfoco.com.br\\\/inicio\\\/pf-diz-que-identificou-financiadores-de-crimes-na-terra-indigena-yanomami\\\/#mainImage\",\"width\":600,\"height\":420,\"caption\":\"Imagem: Reprodu\\u00e7\\u00e3o\\\/TV Globo\"},\"primaryImageOfPage\":{\"@id\":\"https:\\\/\\\/newsinfoco.com.br\\\/inicio\\\/pf-diz-que-identificou-financiadores-de-crimes-na-terra-indigena-yanomami\\\/#mainImage\"},\"datePublished\":\"2023-02-11T11:25:31-03:00\",\"dateModified\":\"2023-02-11T11:25:31-03:00\"},{\"@type\":\"WebSite\",\"@id\":\"https:\\\/\\\/newsinfoco.com.br\\\/inicio\\\/#website\",\"url\":\"https:\\\/\\\/newsinfoco.com.br\\\/inicio\\\/\",\"name\":\"News In Foco - Editado por Caio Pimenta\",\"description\":\"O principal site de noticias de Alagoinhas e regi\\u00e3o\",\"inLanguage\":\"pt-BR\",\"publisher\":{\"@id\":\"https:\\\/\\\/newsinfoco.com.br\\\/inicio\\\/#organization\"}}]}\n\t\t<\/script>\n\t\t<!-- All in One SEO -->\n\n","aioseo_head_json":{"title":"PF diz que identificou financiadores de crimes na Terra Ind\u00edgena Yanomami - News In Foco - Editado por Caio Pimenta","description":"O diretor de Meio Ambiente da Pol\u00edcia Federal, delegado Humberto Freire afirmou nesta sexta-feira (10) que j\u00e1 identificou financiadores do garimpo ilegal na Terra Ind\u00edgena Yanomami e que apura possibilidade de genoc\u00eddio. \u201cJ\u00e1 h\u00e1 uma investiga\u00e7\u00e3o pret\u00e9rita que fez essas identifica\u00e7\u00f5es e essas pessoas ser\u00e3o identificadas, indiciadas e responder\u00e3o na medida da sua culpabilidade. Tenho","canonical_url":"https:\/\/newsinfoco.com.br\/inicio\/pf-diz-que-identificou-financiadores-de-crimes-na-terra-indigena-yanomami\/","robots":"max-image-preview:large","keywords":"","webmasterTools":{"miscellaneous":""},"schema":{"@context":"https:\/\/schema.org","@graph":[{"@type":"BlogPosting","@id":"https:\/\/newsinfoco.com.br\/inicio\/pf-diz-que-identificou-financiadores-de-crimes-na-terra-indigena-yanomami\/#blogposting","name":"PF diz que identificou financiadores de crimes na Terra Ind\u00edgena Yanomami - News In Foco - Editado por Caio Pimenta","headline":"PF diz que identificou financiadores de crimes na Terra Ind\u00edgena Yanomami","author":{"@id":"https:\/\/newsinfoco.com.br\/inicio\/author\/administrador\/#author"},"publisher":{"@id":"https:\/\/newsinfoco.com.br\/inicio\/#organization"},"image":{"@type":"ImageObject","url":"https:\/\/newsinfoco.com.br\/inicio\/wp-content\/uploads\/2023\/02\/Terra-Indigena-Yanomami.png","width":600,"height":420,"caption":"Imagem: Reprodu\u00e7\u00e3o\/TV Globo"},"datePublished":"2023-02-11T11:25:31-03:00","dateModified":"2023-02-11T11:25:31-03:00","inLanguage":"pt-BR","mainEntityOfPage":{"@id":"https:\/\/newsinfoco.com.br\/inicio\/pf-diz-que-identificou-financiadores-de-crimes-na-terra-indigena-yanomami\/#webpage"},"isPartOf":{"@id":"https:\/\/newsinfoco.com.br\/inicio\/pf-diz-que-identificou-financiadores-de-crimes-na-terra-indigena-yanomami\/#webpage"},"articleSection":"Brasil"},{"@type":"BreadcrumbList","@id":"https:\/\/newsinfoco.com.br\/inicio\/pf-diz-que-identificou-financiadores-de-crimes-na-terra-indigena-yanomami\/#breadcrumblist","itemListElement":[{"@type":"ListItem","@id":"https:\/\/newsinfoco.com.br\/inicio#listItem","position":1,"name":"In\u00edcio","item":"https:\/\/newsinfoco.com.br\/inicio","nextItem":{"@type":"ListItem","@id":"https:\/\/newsinfoco.com.br\/inicio\/category\/brasil\/#listItem","name":"Brasil"}},{"@type":"ListItem","@id":"https:\/\/newsinfoco.com.br\/inicio\/category\/brasil\/#listItem","position":2,"name":"Brasil","item":"https:\/\/newsinfoco.com.br\/inicio\/category\/brasil\/","nextItem":{"@type":"ListItem","@id":"https:\/\/newsinfoco.com.br\/inicio\/pf-diz-que-identificou-financiadores-de-crimes-na-terra-indigena-yanomami\/#listItem","name":"PF diz que identificou financiadores de crimes na Terra Ind\u00edgena Yanomami"},"previousItem":{"@type":"ListItem","@id":"https:\/\/newsinfoco.com.br\/inicio#listItem","name":"In\u00edcio"}},{"@type":"ListItem","@id":"https:\/\/newsinfoco.com.br\/inicio\/pf-diz-que-identificou-financiadores-de-crimes-na-terra-indigena-yanomami\/#listItem","position":3,"name":"PF diz que identificou financiadores de crimes na Terra Ind\u00edgena Yanomami","previousItem":{"@type":"ListItem","@id":"https:\/\/newsinfoco.com.br\/inicio\/category\/brasil\/#listItem","name":"Brasil"}}]},{"@type":"Organization","@id":"https:\/\/newsinfoco.com.br\/inicio\/#organization","name":"News In Foco - Editado por Caio Pimenta","description":"O principal site de noticias de Alagoinhas e regi\u00e3o","url":"https:\/\/newsinfoco.com.br\/inicio\/"},{"@type":"Person","@id":"https:\/\/newsinfoco.com.br\/inicio\/author\/administrador\/#author","url":"https:\/\/newsinfoco.com.br\/inicio\/author\/administrador\/","name":"administrador","image":{"@type":"ImageObject","@id":"https:\/\/newsinfoco.com.br\/inicio\/pf-diz-que-identificou-financiadores-de-crimes-na-terra-indigena-yanomami\/#authorImage","url":"https:\/\/secure.gravatar.com\/avatar\/c17a617433de8c1dc9584bb79aab7563b46f5bb7e1728c9b17d9cc3ce6a08e49?s=96&d=mm&r=g","width":96,"height":96,"caption":"administrador"}},{"@type":"WebPage","@id":"https:\/\/newsinfoco.com.br\/inicio\/pf-diz-que-identificou-financiadores-de-crimes-na-terra-indigena-yanomami\/#webpage","url":"https:\/\/newsinfoco.com.br\/inicio\/pf-diz-que-identificou-financiadores-de-crimes-na-terra-indigena-yanomami\/","name":"PF diz que identificou financiadores de crimes na Terra Ind\u00edgena Yanomami - News In Foco - Editado por Caio Pimenta","description":"O diretor de Meio Ambiente da Pol\u00edcia Federal, delegado Humberto Freire afirmou nesta sexta-feira (10) que j\u00e1 identificou financiadores do garimpo ilegal na Terra Ind\u00edgena Yanomami e que apura possibilidade de genoc\u00eddio. \u201cJ\u00e1 h\u00e1 uma investiga\u00e7\u00e3o pret\u00e9rita que fez essas identifica\u00e7\u00f5es e essas pessoas ser\u00e3o identificadas, indiciadas e responder\u00e3o na medida da sua culpabilidade. Tenho","inLanguage":"pt-BR","isPartOf":{"@id":"https:\/\/newsinfoco.com.br\/inicio\/#website"},"breadcrumb":{"@id":"https:\/\/newsinfoco.com.br\/inicio\/pf-diz-que-identificou-financiadores-de-crimes-na-terra-indigena-yanomami\/#breadcrumblist"},"author":{"@id":"https:\/\/newsinfoco.com.br\/inicio\/author\/administrador\/#author"},"creator":{"@id":"https:\/\/newsinfoco.com.br\/inicio\/author\/administrador\/#author"},"image":{"@type":"ImageObject","url":"https:\/\/newsinfoco.com.br\/inicio\/wp-content\/uploads\/2023\/02\/Terra-Indigena-Yanomami.png","@id":"https:\/\/newsinfoco.com.br\/inicio\/pf-diz-que-identificou-financiadores-de-crimes-na-terra-indigena-yanomami\/#mainImage","width":600,"height":420,"caption":"Imagem: Reprodu\u00e7\u00e3o\/TV Globo"},"primaryImageOfPage":{"@id":"https:\/\/newsinfoco.com.br\/inicio\/pf-diz-que-identificou-financiadores-de-crimes-na-terra-indigena-yanomami\/#mainImage"},"datePublished":"2023-02-11T11:25:31-03:00","dateModified":"2023-02-11T11:25:31-03:00"},{"@type":"WebSite","@id":"https:\/\/newsinfoco.com.br\/inicio\/#website","url":"https:\/\/newsinfoco.com.br\/inicio\/","name":"News In Foco - Editado por Caio Pimenta","description":"O principal site de noticias de Alagoinhas e regi\u00e3o","inLanguage":"pt-BR","publisher":{"@id":"https:\/\/newsinfoco.com.br\/inicio\/#organization"}}]},"og:locale":"pt_BR","og:site_name":"News In Foco - Editado por Caio Pimenta - O principal site de noticias de Alagoinhas e regi\u00e3o","og:type":"article","og:title":"PF diz que identificou financiadores de crimes na Terra Ind\u00edgena Yanomami - News In Foco - Editado por Caio Pimenta","og:description":"O diretor de Meio Ambiente da Pol\u00edcia Federal, delegado Humberto Freire afirmou nesta sexta-feira (10) que j\u00e1 identificou financiadores do garimpo ilegal na Terra Ind\u00edgena Yanomami e que apura possibilidade de genoc\u00eddio. \u201cJ\u00e1 h\u00e1 uma investiga\u00e7\u00e3o pret\u00e9rita que fez essas identifica\u00e7\u00f5es e essas pessoas ser\u00e3o identificadas, indiciadas e responder\u00e3o na medida da sua culpabilidade. Tenho","og:url":"https:\/\/newsinfoco.com.br\/inicio\/pf-diz-que-identificou-financiadores-de-crimes-na-terra-indigena-yanomami\/","article:published_time":"2023-02-11T14:25:31+00:00","article:modified_time":"2023-02-11T14:25:31+00:00","twitter:card":"summary_large_image","twitter:title":"PF diz que identificou financiadores de crimes na Terra Ind\u00edgena Yanomami - News In Foco - Editado por Caio Pimenta","twitter:description":"O diretor de Meio Ambiente da Pol\u00edcia Federal, delegado Humberto Freire afirmou nesta sexta-feira (10) que j\u00e1 identificou financiadores do garimpo ilegal na Terra Ind\u00edgena Yanomami e que apura possibilidade de genoc\u00eddio. \u201cJ\u00e1 h\u00e1 uma investiga\u00e7\u00e3o pret\u00e9rita que fez essas identifica\u00e7\u00f5es e essas pessoas ser\u00e3o identificadas, indiciadas e responder\u00e3o na medida da sua culpabilidade. Tenho"},"aioseo_meta_data":{"post_id":"32977","title":null,"description":null,"keywords":null,"keyphrases":null,"primary_term":null,"canonical_url":null,"og_title":null,"og_description":null,"og_object_type":"default","og_image_type":"default","og_image_url":null,"og_image_width":null,"og_image_height":null,"og_image_custom_url":null,"og_image_custom_fields":null,"og_video":null,"og_custom_url":null,"og_article_section":null,"og_article_tags":null,"twitter_use_og":false,"twitter_card":"default","twitter_image_type":"default","twitter_image_url":null,"twitter_image_custom_url":null,"twitter_image_custom_fields":null,"twitter_title":null,"twitter_description":null,"schema":{"blockGraphs":[],"customGraphs":[],"default":{"data":{"Article":[],"Course":[],"Dataset":[],"FAQPage":[],"Movie":[],"Person":[],"Product":[],"ProductReview":[],"Car":[],"Recipe":[],"Service":[],"SoftwareApplication":[],"WebPage":[]},"graphName":"","isEnabled":true},"graphs":[]},"schema_type":"default","schema_type_options":null,"pillar_content":false,"robots_default":true,"robots_noindex":false,"robots_noarchive":false,"robots_nosnippet":false,"robots_nofollow":false,"robots_noimageindex":false,"robots_noodp":false,"robots_notranslate":false,"robots_max_snippet":null,"robots_max_videopreview":null,"robots_max_imagepreview":"large","priority":null,"frequency":null,"local_seo":null,"breadcrumb_settings":null,"limit_modified_date":false,"ai":null,"created":"2023-06-12 22:51:46","updated":"2025-07-11 09:09:33","seo_analyzer_scan_date":null},"aioseo_breadcrumb":"<div class=\"aioseo-breadcrumbs\"><span class=\"aioseo-breadcrumb\">\n\t\t\t<a href=\"https:\/\/newsinfoco.com.br\/inicio\" title=\"In\u00edcio\">In\u00edcio<\/a>\n\t\t<\/span><span class=\"aioseo-breadcrumb-separator\">&raquo;<\/span><span class=\"aioseo-breadcrumb\">\n\t\t\t<a href=\"https:\/\/newsinfoco.com.br\/inicio\/category\/brasil\/\" title=\"Brasil\">Brasil<\/a>\n\t\t<\/span><span class=\"aioseo-breadcrumb-separator\">&raquo;<\/span><span class=\"aioseo-breadcrumb\">\n\t\t\tPF diz que identificou financiadores de crimes na Terra Ind\u00edgena Yanomami\n\t\t<\/span><\/div>","aioseo_breadcrumb_json":[{"label":"In\u00edcio","link":"https:\/\/newsinfoco.com.br\/inicio"},{"label":"Brasil","link":"https:\/\/newsinfoco.com.br\/inicio\/category\/brasil\/"},{"label":"PF diz que identificou financiadores de crimes na Terra Ind\u00edgena Yanomami","link":"https:\/\/newsinfoco.com.br\/inicio\/pf-diz-que-identificou-financiadores-de-crimes-na-terra-indigena-yanomami\/"}],"_links":{"self":[{"href":"https:\/\/newsinfoco.com.br\/inicio\/wp-json\/wp\/v2\/posts\/32977","targetHints":{"allow":["GET"]}}],"collection":[{"href":"https:\/\/newsinfoco.com.br\/inicio\/wp-json\/wp\/v2\/posts"}],"about":[{"href":"https:\/\/newsinfoco.com.br\/inicio\/wp-json\/wp\/v2\/types\/post"}],"author":[{"embeddable":true,"href":"https:\/\/newsinfoco.com.br\/inicio\/wp-json\/wp\/v2\/users\/1"}],"replies":[{"embeddable":true,"href":"https:\/\/newsinfoco.com.br\/inicio\/wp-json\/wp\/v2\/comments?post=32977"}],"version-history":[{"count":2,"href":"https:\/\/newsinfoco.com.br\/inicio\/wp-json\/wp\/v2\/posts\/32977\/revisions"}],"predecessor-version":[{"id":32980,"href":"https:\/\/newsinfoco.com.br\/inicio\/wp-json\/wp\/v2\/posts\/32977\/revisions\/32980"}],"wp:featuredmedia":[{"embeddable":true,"href":"https:\/\/newsinfoco.com.br\/inicio\/wp-json\/wp\/v2\/media\/32978"}],"wp:attachment":[{"href":"https:\/\/newsinfoco.com.br\/inicio\/wp-json\/wp\/v2\/media?parent=32977"}],"wp:term":[{"taxonomy":"category","embeddable":true,"href":"https:\/\/newsinfoco.com.br\/inicio\/wp-json\/wp\/v2\/categories?post=32977"},{"taxonomy":"post_tag","embeddable":true,"href":"https:\/\/newsinfoco.com.br\/inicio\/wp-json\/wp\/v2\/tags?post=32977"}],"curies":[{"name":"wp","href":"https:\/\/api.w.org\/{rel}","templated":true}]}}