{"id":3298,"date":"2018-05-02T16:23:40","date_gmt":"2018-05-02T19:23:40","guid":{"rendered":"http:\/\/newsinfoco.com.br\/?p=3298"},"modified":"2018-05-02T16:23:40","modified_gmt":"2018-05-02T19:23:40","slug":"prefeitura-divulga-programacao-semanal-do-cras-de-riacho-da-guia","status":"publish","type":"post","link":"https:\/\/newsinfoco.com.br\/inicio\/prefeitura-divulga-programacao-semanal-do-cras-de-riacho-da-guia\/","title":{"rendered":"Prefeitura divulga programa\u00e7\u00e3o semanal do CRAS de Riacho da Guia"},"content":{"rendered":"<p style=\"text-align: justify;\"><span style=\"color: #000000;\">A Prefeitura de Alagoinhas, atrav\u00e9s da Secretaria Municipal de Assist\u00eancia Social (SEMAS), divulgou, nesta quarta-feira (2), a programa\u00e7\u00e3o semanal de atividades com grupos do Centro de Refer\u00eancia de Assist\u00eancia Social de Riacho da Guia. Al\u00e9m de oficinas de futebol, dan\u00e7a, coral e violinos m\u00e1gicos, a grade prev\u00ea a realiza\u00e7\u00e3o de palestras e debates sobre la\u00e7os familiares.<\/span><\/p>\n<p style=\"text-align: justify;\"><span style=\"color: #000000;\">De acordo com a SEMAS, o objetivo das reuni\u00f5es \u00e9 justamente promover, junto aos assistidos, din\u00e2micas que contribuam para o fortalecimento de v\u00ednculos.<\/span><\/p><div class=\"newsi-conteudo_19\" id=\"newsi-4086144395\"><a href=\"https:\/\/www.instagram.com\/prefeituraalagoinhas?igsh=YzgzdDJ1bWR3aWI4\" aria-label=\"SAVE_20251006_221555\"><img loading=\"lazy\" decoding=\"async\" src=\"https:\/\/newsinfoco.com.br\/inicio\/wp-content\/uploads\/2025\/10\/SAVE_20251006_221555-rotated.jpg\" alt=\"\"  srcset=\"https:\/\/newsinfoco.com.br\/inicio\/wp-content\/uploads\/2025\/10\/SAVE_20251006_221555-rotated.jpg 1140w, https:\/\/newsinfoco.com.br\/inicio\/wp-content\/uploads\/2025\/10\/SAVE_20251006_221555-300x52.jpg 300w, https:\/\/newsinfoco.com.br\/inicio\/wp-content\/uploads\/2025\/10\/SAVE_20251006_221555-1024x177.jpg 1024w, https:\/\/newsinfoco.com.br\/inicio\/wp-content\/uploads\/2025\/10\/SAVE_20251006_221555-768x133.jpg 768w, https:\/\/newsinfoco.com.br\/inicio\/wp-content\/uploads\/2025\/10\/SAVE_20251006_221555-600x104.jpg 600w, https:\/\/newsinfoco.com.br\/inicio\/wp-content\/uploads\/2025\/10\/SAVE_20251006_221555-696x120.jpg 696w, https:\/\/newsinfoco.com.br\/inicio\/wp-content\/uploads\/2025\/10\/SAVE_20251006_221555-1068x185.jpg 1068w\" sizes=\"(max-width: 1140px) 100vw, 1140px\" width=\"1140\" height=\"197\"   \/><\/a><\/div>\n<p style=\"text-align: justify;\"><span style=\"color: #000000;\">Acompanhe a programa\u00e7\u00e3o completa de 2 a 10 de maio:<\/span><\/p>\n<p style=\"text-align: justify;\"><span style=\"color: #000000;\"><strong>CRAS Riacho da Guia<\/strong><\/span><\/p>\n<p style=\"text-align: justify;\"><span style=\"color: #000000;\"><strong>02\/05<\/strong><\/span><br \/>\n<span style=\"color: #000000;\">\u25cfManh\u00e3 e Tarde: Servi\u00e7o de Conviv\u00eancia e Fortalecimento de V\u00ednculos (SCFV) \u2013 Grupo de Crian\u00e7as (9 a 11 anos)<\/span><br \/>\n<span style=\"color: #000000;\">Introdu\u00e7\u00e3o \u00e0 tem\u00e1tica do m\u00eas: Fortalecendo linhas de Preven\u00e7\u00e3o e La\u00e7os Familiares. Confec\u00e7\u00e3o de porta-recados.<\/span><\/p>\n<p style=\"text-align: justify;\"><span style=\"color: #000000;\">\u25cfTarde: Servi\u00e7o de Conviv\u00eancia e Fortalecimento de V\u00ednculos (SCFV) \u2013 Grupo de Crian\u00e7as (6 a 8 anos)<\/span><br \/>\n<span style=\"color: #000000;\">Introdu\u00e7\u00e3o \u00e0 tem\u00e1tica do m\u00eas: Fortalecendo linhas de Preven\u00e7\u00e3o e os La\u00e7os Familiares. Constru\u00e7\u00e3o do \u201cPainel da Fam\u00edlia\u201d.<\/span><\/p>\n<p style=\"text-align: justify;\"><span style=\"color: #000000;\">\u25cfManh\u00e3 e Tarde: Oficina de Futebol.<\/span><\/p>\n<p style=\"text-align: justify;\"><span style=\"color: #000000;\"><strong>03\/05\u00a0<\/strong><\/span><br \/>\n<span style=\"color: #000000;\">\u25cfManh\u00e3 e Tarde: Servi\u00e7o de Conviv\u00eancia e Fortalecimento de V\u00ednculos (SCFV) \u2013 Grupo de Adolescentes (12 a 17 anos)<\/span><br \/>\n<span style=\"color: #000000;\">Introdu\u00e7\u00e3o \u00e0 tem\u00e1tica do m\u00eas: Fortalecendo linhas de Preven\u00e7\u00e3o e os La\u00e7os Familiares. Confec\u00e7\u00e3o de porta-chaves.<\/span><\/p>\n<p style=\"text-align: justify;\"><span style=\"color: #000000;\">\u25cfManh\u00e3 e Tarde: Oficina de Dan\u00e7a para crian\u00e7as e para idosos.<\/span><\/p>\n<p style=\"text-align: justify;\"><span style=\"color: #000000;\"><strong>07\/05<\/strong><\/span><br \/>\n<span style=\"color: #000000;\">\u25cfManh\u00e3: Servi\u00e7o de Conviv\u00eancia e Fortalecimento de V\u00ednculos (SCFV) \u2013 Grupo de Crian\u00e7as (6 a 8 anos)<\/span><br \/>\n<span style=\"color: #000000;\">Introdu\u00e7\u00e3o \u00e0 tem\u00e1tica do m\u00eas: Fortalecendo linhas de Preven\u00e7\u00e3o e os La\u00e7os Familiares. Constru\u00e7\u00e3o do \u201cPainel da Fam\u00edlia\u201d.<\/span><\/p>\n<p style=\"text-align: justify;\"><span style=\"color: #000000;\">\u25cfTarde: Oficina de Violinos M\u00e1gicos e Canto Coral.<\/span><\/p>\n<p style=\"text-align: justify;\"><span style=\"color: #000000;\"><strong>08\/05<\/strong><\/span><br \/>\n<span style=\"color: #000000;\">\u25cfManh\u00e3 e Tarde: Servi\u00e7o de Conviv\u00eancia e Fortalecimento de V\u00ednculos (SCFV) \u2013 Grupo de Crian\u00e7as (6 a 11 anos)<\/span><br \/>\n<span style=\"color: #000000;\">Ensaio para a festa em homenagem ao Dia das M\u00e3es.<\/span><\/p>\n<p style=\"text-align: justify;\"><span style=\"color: #000000;\"><strong>09\/05\u00a0<\/strong><\/span><br \/>\n<span style=\"color: #000000;\">\u25cfTarde: Palestra \u201cFa\u00e7a Bonito\u201d<\/span><br \/>\n<span style=\"color: #000000;\">Palestrante: CREAS<\/span><br \/>\n<span style=\"color: #000000;\">Tema: Combate ao abuso e explora\u00e7\u00e3o sexual contra crian\u00e7as e adolescentes.<\/span><\/p>\n<p style=\"text-align: justify;\"><span style=\"color: #000000;\">\u25cfManh\u00e3 e Tarde: Oficina de Futebol.<\/span><\/p>\n<p style=\"text-align: justify;\"><span style=\"color: #000000;\"><strong>10\/05\u00a0<\/strong><\/span><br \/>\n<span style=\"color: #000000;\">\u25cfManh\u00e3 e Tarde: Servi\u00e7o de Conviv\u00eancia e Fortalecimento de V\u00ednculos (SCFV) \u2013 Grupo de Crian\u00e7as (12 a 17 anos)<\/span><br \/>\n<span style=\"color: #000000;\">Ensaio para a festa em homenagem ao Dia das M\u00e3es.<\/span><\/p>\n<p style=\"text-align: justify;\"><span style=\"color: #000000;\">\u25cfManh\u00e3 e Tarde: Oficina de Dan\u00e7a para crian\u00e7as e para idosos.<\/span><\/p>\n<h6 style=\"text-align: right;\"><span style=\"color: #999999;\">Fonte: SECOM SEMAS Prefeitura<\/span><\/h6>\n<div style=\"text-align: justify;\" align=\"right\"><span style=\"color: #000000;\">\u00a0<\/span><\/div>\n<div class='share-to-whatsapp-wrapper'><div class='share-on-whsp'>Share on: <\/div><a data-text='Prefeitura divulga programa\u00e7\u00e3o semanal do CRAS de Riacho da Guia' data-link='https:\/\/newsinfoco.com.br\/inicio\/prefeitura-divulga-programacao-semanal-do-cras-de-riacho-da-guia\/' class='whatsapp-button whatsapp-share'>WhatsApp<\/a><div class='clear '><\/div><\/div>","protected":false},"excerpt":{"rendered":"<p>A Prefeitura de Alagoinhas, atrav\u00e9s da Secretaria Municipal de Assist\u00eancia Social (SEMAS), divulgou, nesta quarta-feira (2), a programa\u00e7\u00e3o semanal de atividades com grupos do Centro de Refer\u00eancia de Assist\u00eancia Social de Riacho da Guia. Al\u00e9m de oficinas de futebol, dan\u00e7a, coral e violinos m\u00e1gicos, a grade prev\u00ea a realiza\u00e7\u00e3o de palestras e debates sobre la\u00e7os [&hellip;]<\/p>\n","protected":false},"author":1,"featured_media":172,"comment_status":"open","ping_status":"open","sticky":false,"template":"","format":"standard","meta":{"om_disable_all_campaigns":false,"_exactmetrics_skip_tracking":false,"_exactmetrics_sitenote_active":false,"_exactmetrics_sitenote_note":"","_exactmetrics_sitenote_category":0,"footnotes":""},"categories":[38,30],"tags":[53,54,59],"class_list":["post-3298","post","type-post","status-publish","format-standard","has-post-thumbnail","hentry","category-alagoinhas-e-regiao","category-destaque","tag-alagoinhas","tag-prefeitura","tag-semas"],"aioseo_notices":[],"_links":{"self":[{"href":"https:\/\/newsinfoco.com.br\/inicio\/wp-json\/wp\/v2\/posts\/3298","targetHints":{"allow":["GET"]}}],"collection":[{"href":"https:\/\/newsinfoco.com.br\/inicio\/wp-json\/wp\/v2\/posts"}],"about":[{"href":"https:\/\/newsinfoco.com.br\/inicio\/wp-json\/wp\/v2\/types\/post"}],"author":[{"embeddable":true,"href":"https:\/\/newsinfoco.com.br\/inicio\/wp-json\/wp\/v2\/users\/1"}],"replies":[{"embeddable":true,"href":"https:\/\/newsinfoco.com.br\/inicio\/wp-json\/wp\/v2\/comments?post=3298"}],"version-history":[{"count":0,"href":"https:\/\/newsinfoco.com.br\/inicio\/wp-json\/wp\/v2\/posts\/3298\/revisions"}],"wp:featuredmedia":[{"embeddable":true,"href":"https:\/\/newsinfoco.com.br\/inicio\/wp-json\/wp\/v2\/media\/172"}],"wp:attachment":[{"href":"https:\/\/newsinfoco.com.br\/inicio\/wp-json\/wp\/v2\/media?parent=3298"}],"wp:term":[{"taxonomy":"category","embeddable":true,"href":"https:\/\/newsinfoco.com.br\/inicio\/wp-json\/wp\/v2\/categories?post=3298"},{"taxonomy":"post_tag","embeddable":true,"href":"https:\/\/newsinfoco.com.br\/inicio\/wp-json\/wp\/v2\/tags?post=3298"}],"curies":[{"name":"wp","href":"https:\/\/api.w.org\/{rel}","templated":true}]}}