{"id":32992,"date":"2023-02-13T20:42:22","date_gmt":"2023-02-13T23:42:22","guid":{"rendered":"https:\/\/newsinfoco.com.br\/inicio\/?p=32992"},"modified":"2023-02-13T20:44:37","modified_gmt":"2023-02-13T23:44:37","slug":"sem-comando-o-que-andre-barros-ainda-faz-a-frente-da-smtt-de-alagoinhas-por-caio-pimenta","status":"publish","type":"post","link":"https:\/\/newsinfoco.com.br\/inicio\/sem-comando-o-que-andre-barros-ainda-faz-a-frente-da-smtt-de-alagoinhas-por-caio-pimenta\/","title":{"rendered":"Sem comando, o que Andr\u00e9 Barros ainda faz a frente da SMTT de Alagoinhas?! &#8211; Por Caio Pimenta"},"content":{"rendered":"<p>O que ainda faz na Superintend\u00eancia Municipal de Transporte e Tr\u00e2nsito de Alagoinhas, Andr\u00e9 Barros?! Essa \u00e9 a pergunta que n\u00e3o quer calar. Quem \u00e9 o padrinho, qual o fator, o que justifica a presen\u00e7a dele no \u00f3rg\u00e3o.<\/p>\n<p>N\u00e3o que eu tenha alguma contrariedade contra a figura pessoal dele. Muito pelo contr\u00e1rio, o tenho muita grande estima, mas a verdade tem que ser dita, sua presen\u00e7a na SMTT tem trazido desassossego para o \u00f3rg\u00e3o, para o governo e, sobretudo, para a cidade de Alagoinhas.<\/p>\n<p>Nitidamente os agentes de tr\u00e2nsito e funcion\u00e1rios do \u00f3rg\u00e3o nutrem um verdadeiro desprezo \u00e0 figura de Andr\u00e9 Barros, algo que chega a me deixar estarrecido. Ele perdeu completamente o comando e principalmente o respeito daqueles que deveriam ser seus subordinados. Afinal quem \u00e9 o superintendente?! Mesmo contando com a for\u00e7a da hierarquia que o cargo lhe imp\u00f5e, Andr\u00e9 n\u00e3o consegue demonstrar ter dom\u00ednio sobre o \u00f3rg\u00e3o. Demonstra fraqueza e falta de tato sobre aquilo que deveria dominar.<\/p>\n<p>Hoje a tarde, quem ouvia o programa Impacto da Noticia, da r\u00e1dio Boa FM, ouviu um agente de tr\u00e2nsito ligar para o programa para relatar diversas condutas de Andr\u00e9 Barros que n\u00e3o condizem com as boas pr\u00e1ticas da administra\u00e7\u00e3o p\u00fablica. Algumas at\u00e9 com a capacidade de o tornar um investigado pelo MP!!! Entre as acusa\u00e7\u00f5es, sugere que Andr\u00e9 Barros tenta atrapalhar opera\u00e7\u00f5es dos pr\u00f3pios agentes para favorecer terceiros! Estou falando de agentes p\u00fablicos fazendo acusa\u00e7\u00f5es graves contra aquele que, pelo menos em tese, \u00e9 o seu superior hier\u00e1rquico.<\/p>\n<p>De duas uma, ou o agente de tr\u00e2nsito que ligou ao programa foi leviano( e cabe a Andr\u00e9 rebater suas acusa\u00e7\u00f5es), ou Andr\u00e9 Barros cometeu realmente conduta vedada a um administrador p\u00fablico( e deve ser afastado imediatamente)!! Isso n\u00e3o \u00e9 normal, isso n\u00e3o est\u00e1 certo.<\/p>\n<p>No meio disso tudo, a SMTT se tornou um grande estorvo para a sociedade alagoinhense. Ao inv\u00e9s de ajudar, atrapalha. \u00c9 o caos no transporte p\u00fablico, \u00e9 denuncia contra supostas multas irregulares, s\u00e3o as queixas pela falta de investimento de sinaliza\u00e7\u00e3o e den\u00fancias de pr\u00f3prios agentes sobre o sucateamento da superintend\u00eancia.<\/p>\n<p>Sem comando, sem prestigio, sem resultados positivos, Andr\u00e9 Barros sofre humilha\u00e7\u00f5es terr\u00edveis a frente do \u00f3rg\u00e3o. E para que? Sua presen\u00e7a na SMTT n\u00e3o \u00e9 bom para o \u00f3rg\u00e3o, n\u00e3o \u00e9 bom para o Governo, n\u00e3o \u00e9 bom para cidade, n\u00e3o \u00e9 bom para ele pr\u00f3prio.<\/p>\n<p>O prefeito Joaquim Neto n\u00e3o pode estar alheio ao que acontece na SMTT. \u00c9 preciso preservar a cidade dos problemas do \u00f3rg\u00e3o, que s\u00e3o por consequ\u00eancia problemas do seu governo.<\/p>\n<p>Alagoinhas n\u00e3o merece isso.<\/p>\n<p>&nbsp;<\/p>\n<p><strong><em>Escrito por Caio Pimenta, advogado, \u00e2ncora do programa Primeira M\u00e3o, da radio Ouro Negro 100,5 FM. Ele tamb\u00e9m escreve sua coluna no site News Infoco, do qual \u00e9 editor- chefe e dirige a radio web 2 de julho.<\/em><\/strong><\/p>\n<div class=\"google-auto-placed\"><\/div>\n<div class=\"share-to-whatsapp-wrapper\"><\/div>\n<div class=\"share-to-whatsapp-wrapper\"><\/div>\n<p>&nbsp;<\/p>\n<div class='share-to-whatsapp-wrapper'><div class='share-on-whsp'>Share on: <\/div><a data-text='Sem comando, o que Andr\u00e9 Barros ainda faz a frente da SMTT de Alagoinhas?! - Por Caio Pimenta' data-link='https:\/\/newsinfoco.com.br\/inicio\/sem-comando-o-que-andre-barros-ainda-faz-a-frente-da-smtt-de-alagoinhas-por-caio-pimenta\/' class='whatsapp-button whatsapp-share'>WhatsApp<\/a><div class='clear '><\/div><\/div>","protected":false},"excerpt":{"rendered":"<p>O que ainda faz na Superintend\u00eancia Municipal de Transporte e Tr\u00e2nsito de Alagoinhas, Andr\u00e9 Barros?! Essa \u00e9 a pergunta que n\u00e3o quer calar. Quem \u00e9 o padrinho, qual o fator, o que justifica a presen\u00e7a dele no \u00f3rg\u00e3o. N\u00e3o que eu tenha alguma contrariedade contra a figura pessoal dele. Muito pelo contr\u00e1rio, o tenho muita [&hellip;]<\/p>\n","protected":false},"author":1,"featured_media":32993,"comment_status":"closed","ping_status":"closed","sticky":false,"template":"","format":"standard","meta":{"om_disable_all_campaigns":false,"rop_custom_images_group":[],"rop_custom_messages_group":[],"rop_publish_now":"initial","rop_publish_now_accounts":[],"rop_publish_now_history":[],"rop_publish_now_status":"pending","_exactmetrics_skip_tracking":false,"footnotes":""},"categories":[26],"tags":[],"class_list":["post-32992","post","type-post","status-publish","format-standard","has-post-thumbnail","hentry","category-caio-pimenta"],"aioseo_notices":[],"aioseo_head":"\n\t\t<!-- All in One SEO 4.9.10 - aioseo.com -->\n\t<meta name=\"description\" content=\"O que ainda faz na Superintend\u00eancia Municipal de Transporte e Tr\u00e2nsito de Alagoinhas, Andr\u00e9 Barros?! Essa \u00e9 a pergunta que n\u00e3o quer calar. Quem \u00e9 o padrinho, qual o fator, o que justifica a presen\u00e7a dele no \u00f3rg\u00e3o. N\u00e3o que eu tenha alguma contrariedade contra a figura pessoal dele. Muito pelo contr\u00e1rio, o tenho muita\" \/>\n\t<meta name=\"robots\" content=\"max-image-preview:large\" \/>\n\t<meta name=\"author\" content=\"administrador\"\/>\n\t<link rel=\"canonical\" href=\"https:\/\/newsinfoco.com.br\/inicio\/sem-comando-o-que-andre-barros-ainda-faz-a-frente-da-smtt-de-alagoinhas-por-caio-pimenta\/\" \/>\n\t<meta name=\"generator\" content=\"All in One SEO (AIOSEO) 4.9.10\" \/>\n\t\t<meta property=\"og:locale\" content=\"pt_BR\" \/>\n\t\t<meta property=\"og:site_name\" content=\"News In Foco - Editado por Caio Pimenta - O principal site de noticias de Alagoinhas e regi\u00e3o\" \/>\n\t\t<meta property=\"og:type\" content=\"article\" \/>\n\t\t<meta property=\"og:title\" content=\"Sem comando, o que Andr\u00e9 Barros ainda faz a frente da SMTT de Alagoinhas?! \u2013 Por Caio Pimenta - News In Foco - Editado por Caio Pimenta\" \/>\n\t\t<meta property=\"og:description\" content=\"O que ainda faz na Superintend\u00eancia Municipal de Transporte e Tr\u00e2nsito de Alagoinhas, Andr\u00e9 Barros?! Essa \u00e9 a pergunta que n\u00e3o quer calar. Quem \u00e9 o padrinho, qual o fator, o que justifica a presen\u00e7a dele no \u00f3rg\u00e3o. N\u00e3o que eu tenha alguma contrariedade contra a figura pessoal dele. Muito pelo contr\u00e1rio, o tenho muita\" \/>\n\t\t<meta property=\"og:url\" content=\"https:\/\/newsinfoco.com.br\/inicio\/sem-comando-o-que-andre-barros-ainda-faz-a-frente-da-smtt-de-alagoinhas-por-caio-pimenta\/\" \/>\n\t\t<meta property=\"article:published_time\" content=\"2023-02-13T23:42:22+00:00\" \/>\n\t\t<meta property=\"article:modified_time\" content=\"2023-02-13T23:44:37+00:00\" \/>\n\t\t<meta name=\"twitter:card\" content=\"summary_large_image\" \/>\n\t\t<meta name=\"twitter:title\" content=\"Sem comando, o que Andr\u00e9 Barros ainda faz a frente da SMTT de Alagoinhas?! \u2013 Por Caio Pimenta - News In Foco - Editado por Caio Pimenta\" \/>\n\t\t<meta name=\"twitter:description\" content=\"O que ainda faz na Superintend\u00eancia Municipal de Transporte e Tr\u00e2nsito de Alagoinhas, Andr\u00e9 Barros?! Essa \u00e9 a pergunta que n\u00e3o quer calar. Quem \u00e9 o padrinho, qual o fator, o que justifica a presen\u00e7a dele no \u00f3rg\u00e3o. N\u00e3o que eu tenha alguma contrariedade contra a figura pessoal dele. Muito pelo contr\u00e1rio, o tenho muita\" \/>\n\t\t<script type=\"application\/ld+json\" class=\"aioseo-schema\">\n\t\t\t{\"@context\":\"https:\\\/\\\/schema.org\",\"@graph\":[{\"@type\":\"BlogPosting\",\"@id\":\"https:\\\/\\\/newsinfoco.com.br\\\/inicio\\\/sem-comando-o-que-andre-barros-ainda-faz-a-frente-da-smtt-de-alagoinhas-por-caio-pimenta\\\/#blogposting\",\"name\":\"Sem comando, o que Andr\\u00e9 Barros ainda faz a frente da SMTT de Alagoinhas?! \\u2013 Por Caio Pimenta - News In Foco - Editado por Caio Pimenta\",\"headline\":\"Sem comando, o que Andr\\u00e9 Barros ainda faz a frente da SMTT de Alagoinhas?! &#8211; Por Caio Pimenta\",\"author\":{\"@id\":\"https:\\\/\\\/newsinfoco.com.br\\\/inicio\\\/author\\\/administrador\\\/#author\"},\"publisher\":{\"@id\":\"https:\\\/\\\/newsinfoco.com.br\\\/inicio\\\/#organization\"},\"image\":{\"@type\":\"ImageObject\",\"url\":\"https:\\\/\\\/newsinfoco.com.br\\\/inicio\\\/wp-content\\\/uploads\\\/2023\\\/02\\\/SMTT-Alagoinhas.jpg\",\"width\":519,\"height\":346},\"datePublished\":\"2023-02-13T20:42:22-03:00\",\"dateModified\":\"2023-02-13T20:44:37-03:00\",\"inLanguage\":\"pt-BR\",\"mainEntityOfPage\":{\"@id\":\"https:\\\/\\\/newsinfoco.com.br\\\/inicio\\\/sem-comando-o-que-andre-barros-ainda-faz-a-frente-da-smtt-de-alagoinhas-por-caio-pimenta\\\/#webpage\"},\"isPartOf\":{\"@id\":\"https:\\\/\\\/newsinfoco.com.br\\\/inicio\\\/sem-comando-o-que-andre-barros-ainda-faz-a-frente-da-smtt-de-alagoinhas-por-caio-pimenta\\\/#webpage\"},\"articleSection\":\"Caio Pimenta\"},{\"@type\":\"BreadcrumbList\",\"@id\":\"https:\\\/\\\/newsinfoco.com.br\\\/inicio\\\/sem-comando-o-que-andre-barros-ainda-faz-a-frente-da-smtt-de-alagoinhas-por-caio-pimenta\\\/#breadcrumblist\",\"itemListElement\":[{\"@type\":\"ListItem\",\"@id\":\"https:\\\/\\\/newsinfoco.com.br\\\/inicio#listItem\",\"position\":1,\"name\":\"In\\u00edcio\",\"item\":\"https:\\\/\\\/newsinfoco.com.br\\\/inicio\",\"nextItem\":{\"@type\":\"ListItem\",\"@id\":\"https:\\\/\\\/newsinfoco.com.br\\\/inicio\\\/category\\\/caio-pimenta\\\/#listItem\",\"name\":\"Caio Pimenta\"}},{\"@type\":\"ListItem\",\"@id\":\"https:\\\/\\\/newsinfoco.com.br\\\/inicio\\\/category\\\/caio-pimenta\\\/#listItem\",\"position\":2,\"name\":\"Caio Pimenta\",\"item\":\"https:\\\/\\\/newsinfoco.com.br\\\/inicio\\\/category\\\/caio-pimenta\\\/\",\"nextItem\":{\"@type\":\"ListItem\",\"@id\":\"https:\\\/\\\/newsinfoco.com.br\\\/inicio\\\/sem-comando-o-que-andre-barros-ainda-faz-a-frente-da-smtt-de-alagoinhas-por-caio-pimenta\\\/#listItem\",\"name\":\"Sem comando, o que Andr\\u00e9 Barros ainda faz a frente da SMTT de Alagoinhas?! &#8211; Por Caio Pimenta\"},\"previousItem\":{\"@type\":\"ListItem\",\"@id\":\"https:\\\/\\\/newsinfoco.com.br\\\/inicio#listItem\",\"name\":\"In\\u00edcio\"}},{\"@type\":\"ListItem\",\"@id\":\"https:\\\/\\\/newsinfoco.com.br\\\/inicio\\\/sem-comando-o-que-andre-barros-ainda-faz-a-frente-da-smtt-de-alagoinhas-por-caio-pimenta\\\/#listItem\",\"position\":3,\"name\":\"Sem comando, o que Andr\\u00e9 Barros ainda faz a frente da SMTT de Alagoinhas?! &#8211; Por Caio Pimenta\",\"previousItem\":{\"@type\":\"ListItem\",\"@id\":\"https:\\\/\\\/newsinfoco.com.br\\\/inicio\\\/category\\\/caio-pimenta\\\/#listItem\",\"name\":\"Caio Pimenta\"}}]},{\"@type\":\"Organization\",\"@id\":\"https:\\\/\\\/newsinfoco.com.br\\\/inicio\\\/#organization\",\"name\":\"News In Foco - Editado por Caio Pimenta\",\"description\":\"O principal site de noticias de Alagoinhas e regi\\u00e3o\",\"url\":\"https:\\\/\\\/newsinfoco.com.br\\\/inicio\\\/\"},{\"@type\":\"Person\",\"@id\":\"https:\\\/\\\/newsinfoco.com.br\\\/inicio\\\/author\\\/administrador\\\/#author\",\"url\":\"https:\\\/\\\/newsinfoco.com.br\\\/inicio\\\/author\\\/administrador\\\/\",\"name\":\"administrador\",\"image\":{\"@type\":\"ImageObject\",\"@id\":\"https:\\\/\\\/newsinfoco.com.br\\\/inicio\\\/sem-comando-o-que-andre-barros-ainda-faz-a-frente-da-smtt-de-alagoinhas-por-caio-pimenta\\\/#authorImage\",\"url\":\"https:\\\/\\\/secure.gravatar.com\\\/avatar\\\/c17a617433de8c1dc9584bb79aab7563b46f5bb7e1728c9b17d9cc3ce6a08e49?s=96&d=mm&r=g\",\"width\":96,\"height\":96,\"caption\":\"administrador\"}},{\"@type\":\"WebPage\",\"@id\":\"https:\\\/\\\/newsinfoco.com.br\\\/inicio\\\/sem-comando-o-que-andre-barros-ainda-faz-a-frente-da-smtt-de-alagoinhas-por-caio-pimenta\\\/#webpage\",\"url\":\"https:\\\/\\\/newsinfoco.com.br\\\/inicio\\\/sem-comando-o-que-andre-barros-ainda-faz-a-frente-da-smtt-de-alagoinhas-por-caio-pimenta\\\/\",\"name\":\"Sem comando, o que Andr\\u00e9 Barros ainda faz a frente da SMTT de Alagoinhas?! \\u2013 Por Caio Pimenta - News In Foco - Editado por Caio Pimenta\",\"description\":\"O que ainda faz na Superintend\\u00eancia Municipal de Transporte e Tr\\u00e2nsito de Alagoinhas, Andr\\u00e9 Barros?! Essa \\u00e9 a pergunta que n\\u00e3o quer calar. Quem \\u00e9 o padrinho, qual o fator, o que justifica a presen\\u00e7a dele no \\u00f3rg\\u00e3o. N\\u00e3o que eu tenha alguma contrariedade contra a figura pessoal dele. Muito pelo contr\\u00e1rio, o tenho muita\",\"inLanguage\":\"pt-BR\",\"isPartOf\":{\"@id\":\"https:\\\/\\\/newsinfoco.com.br\\\/inicio\\\/#website\"},\"breadcrumb\":{\"@id\":\"https:\\\/\\\/newsinfoco.com.br\\\/inicio\\\/sem-comando-o-que-andre-barros-ainda-faz-a-frente-da-smtt-de-alagoinhas-por-caio-pimenta\\\/#breadcrumblist\"},\"author\":{\"@id\":\"https:\\\/\\\/newsinfoco.com.br\\\/inicio\\\/author\\\/administrador\\\/#author\"},\"creator\":{\"@id\":\"https:\\\/\\\/newsinfoco.com.br\\\/inicio\\\/author\\\/administrador\\\/#author\"},\"image\":{\"@type\":\"ImageObject\",\"url\":\"https:\\\/\\\/newsinfoco.com.br\\\/inicio\\\/wp-content\\\/uploads\\\/2023\\\/02\\\/SMTT-Alagoinhas.jpg\",\"@id\":\"https:\\\/\\\/newsinfoco.com.br\\\/inicio\\\/sem-comando-o-que-andre-barros-ainda-faz-a-frente-da-smtt-de-alagoinhas-por-caio-pimenta\\\/#mainImage\",\"width\":519,\"height\":346},\"primaryImageOfPage\":{\"@id\":\"https:\\\/\\\/newsinfoco.com.br\\\/inicio\\\/sem-comando-o-que-andre-barros-ainda-faz-a-frente-da-smtt-de-alagoinhas-por-caio-pimenta\\\/#mainImage\"},\"datePublished\":\"2023-02-13T20:42:22-03:00\",\"dateModified\":\"2023-02-13T20:44:37-03:00\"},{\"@type\":\"WebSite\",\"@id\":\"https:\\\/\\\/newsinfoco.com.br\\\/inicio\\\/#website\",\"url\":\"https:\\\/\\\/newsinfoco.com.br\\\/inicio\\\/\",\"name\":\"News In Foco - Editado por Caio Pimenta\",\"description\":\"O principal site de noticias de Alagoinhas e regi\\u00e3o\",\"inLanguage\":\"pt-BR\",\"publisher\":{\"@id\":\"https:\\\/\\\/newsinfoco.com.br\\\/inicio\\\/#organization\"}}]}\n\t\t<\/script>\n\t\t<!-- All in One SEO -->\n\n","aioseo_head_json":{"title":"Sem comando, o que Andr\u00e9 Barros ainda faz a frente da SMTT de Alagoinhas?! \u2013 Por Caio Pimenta - News In Foco - Editado por Caio Pimenta","description":"O que ainda faz na Superintend\u00eancia Municipal de Transporte e Tr\u00e2nsito de Alagoinhas, Andr\u00e9 Barros?! Essa \u00e9 a pergunta que n\u00e3o quer calar. Quem \u00e9 o padrinho, qual o fator, o que justifica a presen\u00e7a dele no \u00f3rg\u00e3o. N\u00e3o que eu tenha alguma contrariedade contra a figura pessoal dele. Muito pelo contr\u00e1rio, o tenho muita","canonical_url":"https:\/\/newsinfoco.com.br\/inicio\/sem-comando-o-que-andre-barros-ainda-faz-a-frente-da-smtt-de-alagoinhas-por-caio-pimenta\/","robots":"max-image-preview:large","keywords":"","webmasterTools":{"miscellaneous":""},"schema":{"@context":"https:\/\/schema.org","@graph":[{"@type":"BlogPosting","@id":"https:\/\/newsinfoco.com.br\/inicio\/sem-comando-o-que-andre-barros-ainda-faz-a-frente-da-smtt-de-alagoinhas-por-caio-pimenta\/#blogposting","name":"Sem comando, o que Andr\u00e9 Barros ainda faz a frente da SMTT de Alagoinhas?! \u2013 Por Caio Pimenta - News In Foco - Editado por Caio Pimenta","headline":"Sem comando, o que Andr\u00e9 Barros ainda faz a frente da SMTT de Alagoinhas?! &#8211; Por Caio Pimenta","author":{"@id":"https:\/\/newsinfoco.com.br\/inicio\/author\/administrador\/#author"},"publisher":{"@id":"https:\/\/newsinfoco.com.br\/inicio\/#organization"},"image":{"@type":"ImageObject","url":"https:\/\/newsinfoco.com.br\/inicio\/wp-content\/uploads\/2023\/02\/SMTT-Alagoinhas.jpg","width":519,"height":346},"datePublished":"2023-02-13T20:42:22-03:00","dateModified":"2023-02-13T20:44:37-03:00","inLanguage":"pt-BR","mainEntityOfPage":{"@id":"https:\/\/newsinfoco.com.br\/inicio\/sem-comando-o-que-andre-barros-ainda-faz-a-frente-da-smtt-de-alagoinhas-por-caio-pimenta\/#webpage"},"isPartOf":{"@id":"https:\/\/newsinfoco.com.br\/inicio\/sem-comando-o-que-andre-barros-ainda-faz-a-frente-da-smtt-de-alagoinhas-por-caio-pimenta\/#webpage"},"articleSection":"Caio Pimenta"},{"@type":"BreadcrumbList","@id":"https:\/\/newsinfoco.com.br\/inicio\/sem-comando-o-que-andre-barros-ainda-faz-a-frente-da-smtt-de-alagoinhas-por-caio-pimenta\/#breadcrumblist","itemListElement":[{"@type":"ListItem","@id":"https:\/\/newsinfoco.com.br\/inicio#listItem","position":1,"name":"In\u00edcio","item":"https:\/\/newsinfoco.com.br\/inicio","nextItem":{"@type":"ListItem","@id":"https:\/\/newsinfoco.com.br\/inicio\/category\/caio-pimenta\/#listItem","name":"Caio Pimenta"}},{"@type":"ListItem","@id":"https:\/\/newsinfoco.com.br\/inicio\/category\/caio-pimenta\/#listItem","position":2,"name":"Caio Pimenta","item":"https:\/\/newsinfoco.com.br\/inicio\/category\/caio-pimenta\/","nextItem":{"@type":"ListItem","@id":"https:\/\/newsinfoco.com.br\/inicio\/sem-comando-o-que-andre-barros-ainda-faz-a-frente-da-smtt-de-alagoinhas-por-caio-pimenta\/#listItem","name":"Sem comando, o que Andr\u00e9 Barros ainda faz a frente da SMTT de Alagoinhas?! &#8211; Por Caio Pimenta"},"previousItem":{"@type":"ListItem","@id":"https:\/\/newsinfoco.com.br\/inicio#listItem","name":"In\u00edcio"}},{"@type":"ListItem","@id":"https:\/\/newsinfoco.com.br\/inicio\/sem-comando-o-que-andre-barros-ainda-faz-a-frente-da-smtt-de-alagoinhas-por-caio-pimenta\/#listItem","position":3,"name":"Sem comando, o que Andr\u00e9 Barros ainda faz a frente da SMTT de Alagoinhas?! &#8211; Por Caio Pimenta","previousItem":{"@type":"ListItem","@id":"https:\/\/newsinfoco.com.br\/inicio\/category\/caio-pimenta\/#listItem","name":"Caio Pimenta"}}]},{"@type":"Organization","@id":"https:\/\/newsinfoco.com.br\/inicio\/#organization","name":"News In Foco - Editado por Caio Pimenta","description":"O principal site de noticias de Alagoinhas e regi\u00e3o","url":"https:\/\/newsinfoco.com.br\/inicio\/"},{"@type":"Person","@id":"https:\/\/newsinfoco.com.br\/inicio\/author\/administrador\/#author","url":"https:\/\/newsinfoco.com.br\/inicio\/author\/administrador\/","name":"administrador","image":{"@type":"ImageObject","@id":"https:\/\/newsinfoco.com.br\/inicio\/sem-comando-o-que-andre-barros-ainda-faz-a-frente-da-smtt-de-alagoinhas-por-caio-pimenta\/#authorImage","url":"https:\/\/secure.gravatar.com\/avatar\/c17a617433de8c1dc9584bb79aab7563b46f5bb7e1728c9b17d9cc3ce6a08e49?s=96&d=mm&r=g","width":96,"height":96,"caption":"administrador"}},{"@type":"WebPage","@id":"https:\/\/newsinfoco.com.br\/inicio\/sem-comando-o-que-andre-barros-ainda-faz-a-frente-da-smtt-de-alagoinhas-por-caio-pimenta\/#webpage","url":"https:\/\/newsinfoco.com.br\/inicio\/sem-comando-o-que-andre-barros-ainda-faz-a-frente-da-smtt-de-alagoinhas-por-caio-pimenta\/","name":"Sem comando, o que Andr\u00e9 Barros ainda faz a frente da SMTT de Alagoinhas?! \u2013 Por Caio Pimenta - News In Foco - Editado por Caio Pimenta","description":"O que ainda faz na Superintend\u00eancia Municipal de Transporte e Tr\u00e2nsito de Alagoinhas, Andr\u00e9 Barros?! Essa \u00e9 a pergunta que n\u00e3o quer calar. Quem \u00e9 o padrinho, qual o fator, o que justifica a presen\u00e7a dele no \u00f3rg\u00e3o. N\u00e3o que eu tenha alguma contrariedade contra a figura pessoal dele. Muito pelo contr\u00e1rio, o tenho muita","inLanguage":"pt-BR","isPartOf":{"@id":"https:\/\/newsinfoco.com.br\/inicio\/#website"},"breadcrumb":{"@id":"https:\/\/newsinfoco.com.br\/inicio\/sem-comando-o-que-andre-barros-ainda-faz-a-frente-da-smtt-de-alagoinhas-por-caio-pimenta\/#breadcrumblist"},"author":{"@id":"https:\/\/newsinfoco.com.br\/inicio\/author\/administrador\/#author"},"creator":{"@id":"https:\/\/newsinfoco.com.br\/inicio\/author\/administrador\/#author"},"image":{"@type":"ImageObject","url":"https:\/\/newsinfoco.com.br\/inicio\/wp-content\/uploads\/2023\/02\/SMTT-Alagoinhas.jpg","@id":"https:\/\/newsinfoco.com.br\/inicio\/sem-comando-o-que-andre-barros-ainda-faz-a-frente-da-smtt-de-alagoinhas-por-caio-pimenta\/#mainImage","width":519,"height":346},"primaryImageOfPage":{"@id":"https:\/\/newsinfoco.com.br\/inicio\/sem-comando-o-que-andre-barros-ainda-faz-a-frente-da-smtt-de-alagoinhas-por-caio-pimenta\/#mainImage"},"datePublished":"2023-02-13T20:42:22-03:00","dateModified":"2023-02-13T20:44:37-03:00"},{"@type":"WebSite","@id":"https:\/\/newsinfoco.com.br\/inicio\/#website","url":"https:\/\/newsinfoco.com.br\/inicio\/","name":"News In Foco - Editado por Caio Pimenta","description":"O principal site de noticias de Alagoinhas e regi\u00e3o","inLanguage":"pt-BR","publisher":{"@id":"https:\/\/newsinfoco.com.br\/inicio\/#organization"}}]},"og:locale":"pt_BR","og:site_name":"News In Foco - Editado por Caio Pimenta - O principal site de noticias de Alagoinhas e regi\u00e3o","og:type":"article","og:title":"Sem comando, o que Andr\u00e9 Barros ainda faz a frente da SMTT de Alagoinhas?! \u2013 Por Caio Pimenta - News In Foco - Editado por Caio Pimenta","og:description":"O que ainda faz na Superintend\u00eancia Municipal de Transporte e Tr\u00e2nsito de Alagoinhas, Andr\u00e9 Barros?! Essa \u00e9 a pergunta que n\u00e3o quer calar. Quem \u00e9 o padrinho, qual o fator, o que justifica a presen\u00e7a dele no \u00f3rg\u00e3o. N\u00e3o que eu tenha alguma contrariedade contra a figura pessoal dele. Muito pelo contr\u00e1rio, o tenho muita","og:url":"https:\/\/newsinfoco.com.br\/inicio\/sem-comando-o-que-andre-barros-ainda-faz-a-frente-da-smtt-de-alagoinhas-por-caio-pimenta\/","article:published_time":"2023-02-13T23:42:22+00:00","article:modified_time":"2023-02-13T23:44:37+00:00","twitter:card":"summary_large_image","twitter:title":"Sem comando, o que Andr\u00e9 Barros ainda faz a frente da SMTT de Alagoinhas?! \u2013 Por Caio Pimenta - News In Foco - Editado por Caio Pimenta","twitter:description":"O que ainda faz na Superintend\u00eancia Municipal de Transporte e Tr\u00e2nsito de Alagoinhas, Andr\u00e9 Barros?! Essa \u00e9 a pergunta que n\u00e3o quer calar. Quem \u00e9 o padrinho, qual o fator, o que justifica a presen\u00e7a dele no \u00f3rg\u00e3o. N\u00e3o que eu tenha alguma contrariedade contra a figura pessoal dele. Muito pelo contr\u00e1rio, o tenho muita"},"aioseo_meta_data":{"post_id":"32992","title":null,"description":null,"keywords":null,"keyphrases":null,"primary_term":null,"canonical_url":null,"og_title":null,"og_description":null,"og_object_type":"default","og_image_type":"default","og_image_url":null,"og_image_width":null,"og_image_height":null,"og_image_custom_url":null,"og_image_custom_fields":null,"og_video":null,"og_custom_url":null,"og_article_section":null,"og_article_tags":null,"twitter_use_og":false,"twitter_card":"default","twitter_image_type":"default","twitter_image_url":null,"twitter_image_custom_url":null,"twitter_image_custom_fields":null,"twitter_title":null,"twitter_description":null,"schema":{"blockGraphs":[],"customGraphs":[],"default":{"data":{"Article":[],"Course":[],"Dataset":[],"FAQPage":[],"Movie":[],"Person":[],"Product":[],"ProductReview":[],"Car":[],"Recipe":[],"Service":[],"SoftwareApplication":[],"WebPage":[]},"graphName":"","isEnabled":true},"graphs":[]},"schema_type":"default","schema_type_options":null,"pillar_content":false,"robots_default":true,"robots_noindex":false,"robots_noarchive":false,"robots_nosnippet":false,"robots_nofollow":false,"robots_noimageindex":false,"robots_noodp":false,"robots_notranslate":false,"robots_max_snippet":null,"robots_max_videopreview":null,"robots_max_imagepreview":"large","priority":null,"frequency":null,"local_seo":null,"breadcrumb_settings":null,"limit_modified_date":false,"ai":null,"created":"2023-06-12 22:52:45","updated":"2025-07-11 09:10:08","seo_analyzer_scan_date":null},"aioseo_breadcrumb":"<div class=\"aioseo-breadcrumbs\"><span class=\"aioseo-breadcrumb\">\n\t\t\t<a href=\"https:\/\/newsinfoco.com.br\/inicio\" title=\"In\u00edcio\">In\u00edcio<\/a>\n\t\t<\/span><span class=\"aioseo-breadcrumb-separator\">&raquo;<\/span><span class=\"aioseo-breadcrumb\">\n\t\t\t<a href=\"https:\/\/newsinfoco.com.br\/inicio\/category\/caio-pimenta\/\" title=\"Caio Pimenta\">Caio Pimenta<\/a>\n\t\t<\/span><span class=\"aioseo-breadcrumb-separator\">&raquo;<\/span><span class=\"aioseo-breadcrumb\">\n\t\t\tSem comando, o que Andr\u00e9 Barros ainda faz a frente da SMTT de Alagoinhas?! \u2013 Por Caio Pimenta\n\t\t<\/span><\/div>","aioseo_breadcrumb_json":[{"label":"In\u00edcio","link":"https:\/\/newsinfoco.com.br\/inicio"},{"label":"Caio Pimenta","link":"https:\/\/newsinfoco.com.br\/inicio\/category\/caio-pimenta\/"},{"label":"Sem comando, o que Andr\u00e9 Barros ainda faz a frente da SMTT de Alagoinhas?! &#8211; Por Caio Pimenta","link":"https:\/\/newsinfoco.com.br\/inicio\/sem-comando-o-que-andre-barros-ainda-faz-a-frente-da-smtt-de-alagoinhas-por-caio-pimenta\/"}],"_links":{"self":[{"href":"https:\/\/newsinfoco.com.br\/inicio\/wp-json\/wp\/v2\/posts\/32992","targetHints":{"allow":["GET"]}}],"collection":[{"href":"https:\/\/newsinfoco.com.br\/inicio\/wp-json\/wp\/v2\/posts"}],"about":[{"href":"https:\/\/newsinfoco.com.br\/inicio\/wp-json\/wp\/v2\/types\/post"}],"author":[{"embeddable":true,"href":"https:\/\/newsinfoco.com.br\/inicio\/wp-json\/wp\/v2\/users\/1"}],"replies":[{"embeddable":true,"href":"https:\/\/newsinfoco.com.br\/inicio\/wp-json\/wp\/v2\/comments?post=32992"}],"version-history":[{"count":2,"href":"https:\/\/newsinfoco.com.br\/inicio\/wp-json\/wp\/v2\/posts\/32992\/revisions"}],"predecessor-version":[{"id":32995,"href":"https:\/\/newsinfoco.com.br\/inicio\/wp-json\/wp\/v2\/posts\/32992\/revisions\/32995"}],"wp:featuredmedia":[{"embeddable":true,"href":"https:\/\/newsinfoco.com.br\/inicio\/wp-json\/wp\/v2\/media\/32993"}],"wp:attachment":[{"href":"https:\/\/newsinfoco.com.br\/inicio\/wp-json\/wp\/v2\/media?parent=32992"}],"wp:term":[{"taxonomy":"category","embeddable":true,"href":"https:\/\/newsinfoco.com.br\/inicio\/wp-json\/wp\/v2\/categories?post=32992"},{"taxonomy":"post_tag","embeddable":true,"href":"https:\/\/newsinfoco.com.br\/inicio\/wp-json\/wp\/v2\/tags?post=32992"}],"curies":[{"name":"wp","href":"https:\/\/api.w.org\/{rel}","templated":true}]}}