{"id":32996,"date":"2023-02-14T12:00:12","date_gmt":"2023-02-14T15:00:12","guid":{"rendered":"https:\/\/newsinfoco.com.br\/inicio\/?p=32996"},"modified":"2023-02-14T12:05:05","modified_gmt":"2023-02-14T15:05:05","slug":"superintendente-andre-barros-trata-acusacoes-contra-ele-como-acao-politica-de-alguns-agentes-de-transito-dentro-da-smtt-de-alagoinhas","status":"publish","type":"post","link":"https:\/\/newsinfoco.com.br\/inicio\/superintendente-andre-barros-trata-acusacoes-contra-ele-como-acao-politica-de-alguns-agentes-de-transito-dentro-da-smtt-de-alagoinhas\/","title":{"rendered":"Superintendente Andr\u00e9 Barros trata acusa\u00e7\u00f5es contra ele como &#8220;a\u00e7\u00e3o pol\u00edtica de alguns agentes de tr\u00e2nsito&#8221; dentro da SMTT de Alagoinhas"},"content":{"rendered":"<p>O Superintendente Municipal de Transporte e Tr\u00e2nsito de Alagoinhas, Andr\u00e9 Barros, afirmou na manh\u00e3 de hoje(14), em entrevista concedida ao programa O Poder da Noticia, da r\u00e1dio Boa FM, haver interesses pol\u00edticos por parte de alguns agentes de tr\u00e2nsito que o acusam de cometer irregularidades a frente do \u00f3rg\u00e3o.<\/p>\n<p>A interven\u00e7\u00e3o de Barros, aconteceu no momento em que um agente de tr\u00e2nsito, Vagner Dias, recebia a reportagem da emissora de r\u00e1dio no p\u00e1tio da SMTT e refor\u00e7ava as acusa\u00e7\u00f5es feitas contra Andr\u00e9 no dia de ontem em um outro programa da r\u00e1dio, o Impacto da Noticia. O agente de tr\u00e2nsito acusou Andr\u00e9 Barros de tentar inviabilizar uma opera\u00e7\u00e3o de fiscaliza\u00e7\u00e3o de ve\u00edculos. Ele tamb\u00e9m questionou a legalidade das f\u00e9rias tiradas pelo superintendente. Andr\u00e9 Barros negou todas as acusa\u00e7\u00f5es.<\/p>\n<p>Durante sua fala, Andr\u00e9 revelou que h\u00e1 problemas dentro \u00f3rg\u00e3o criadas por &#8220;pessoas que antes sorriam em gest\u00f5es anteriores e hoje n\u00e3o sorriem mais&#8221;. A fala leva a crer que alguns agentes que antes gozavam de algumas regalias em governos passados, hoje tem uma postura acintosa contra o comando do \u00f3rg\u00e3o por ter essas regalias suspensas.<\/p>\n<p>Andr\u00e9 Barros tamb\u00e9m questionou a falta de obedi\u00eancia por parte de alguns agentes no cumprimento de determina\u00e7\u00f5es, como a escala de trabalho. No ar, ele questionou o fato do agente Vagner Dias, estar concedendo entrevista para uma r\u00e1dio em seu hor\u00e1rio de trabalho, quando, segundo Barros, ele deveria estar na rua dando seguran\u00e7a aos motoristas e transeuntes.<\/p>\n<p>Os agentes de tr\u00e2nsito prometem reportar as acusa\u00e7\u00f5es feitas contra Andr\u00e9 Barros aos \u00f3rg\u00e3os de Justi\u00e7a.<\/p>\n<p>&nbsp;<\/p>\n<p>Por Caio Pimenta para o News Infoco<\/p>\n<div class='share-to-whatsapp-wrapper'><div class='share-on-whsp'>Share on: <\/div><a data-text='Superintendente Andr\u00e9 Barros trata acusa\u00e7\u00f5es contra ele como \"a\u00e7\u00e3o pol\u00edtica de alguns agentes de tr\u00e2nsito\" dentro da SMTT de Alagoinhas' data-link='https:\/\/newsinfoco.com.br\/inicio\/superintendente-andre-barros-trata-acusacoes-contra-ele-como-acao-politica-de-alguns-agentes-de-transito-dentro-da-smtt-de-alagoinhas\/' class='whatsapp-button whatsapp-share'>WhatsApp<\/a><div class='clear '><\/div><\/div>","protected":false},"excerpt":{"rendered":"<p>O Superintendente Municipal de Transporte e Tr\u00e2nsito de Alagoinhas, Andr\u00e9 Barros, afirmou na manh\u00e3 de hoje(14), em entrevista concedida ao programa O Poder da Noticia, da r\u00e1dio Boa FM, haver interesses pol\u00edticos por parte de alguns agentes de tr\u00e2nsito que o acusam de cometer irregularidades a frente do \u00f3rg\u00e3o. A interven\u00e7\u00e3o de Barros, aconteceu no [&hellip;]<\/p>\n","protected":false},"author":1,"featured_media":29476,"comment_status":"closed","ping_status":"closed","sticky":false,"template":"","format":"standard","meta":{"om_disable_all_campaigns":false,"rop_custom_images_group":[],"rop_custom_messages_group":[],"rop_publish_now":"initial","rop_publish_now_accounts":[],"rop_publish_now_history":[],"rop_publish_now_status":"pending","_exactmetrics_skip_tracking":false,"footnotes":""},"categories":[38,167],"tags":[],"class_list":["post-32996","post","type-post","status-publish","format-standard","has-post-thumbnail","hentry","category-alagoinhas-e-regiao","category-exclusivas"],"aioseo_notices":[],"aioseo_head":"\n\t\t<!-- All in One SEO 4.9.10 - aioseo.com -->\n\t<meta name=\"description\" content=\"O Superintendente Municipal de Transporte e Tr\u00e2nsito de Alagoinhas, Andr\u00e9 Barros, afirmou na manh\u00e3 de hoje(14), em entrevista concedida ao programa O Poder da Noticia, da r\u00e1dio Boa FM, haver interesses pol\u00edticos por parte de alguns agentes de tr\u00e2nsito que o acusam de cometer irregularidades a frente do \u00f3rg\u00e3o. A interven\u00e7\u00e3o de Barros, aconteceu no\" \/>\n\t<meta name=\"robots\" content=\"max-image-preview:large\" \/>\n\t<meta name=\"author\" content=\"administrador\"\/>\n\t<link rel=\"canonical\" href=\"https:\/\/newsinfoco.com.br\/inicio\/superintendente-andre-barros-trata-acusacoes-contra-ele-como-acao-politica-de-alguns-agentes-de-transito-dentro-da-smtt-de-alagoinhas\/\" \/>\n\t<meta name=\"generator\" content=\"All in One SEO (AIOSEO) 4.9.10\" \/>\n\t\t<meta property=\"og:locale\" content=\"pt_BR\" \/>\n\t\t<meta property=\"og:site_name\" content=\"News In Foco - Editado por Caio Pimenta - O principal site de noticias de Alagoinhas e regi\u00e3o\" \/>\n\t\t<meta property=\"og:type\" content=\"article\" \/>\n\t\t<meta property=\"og:title\" content=\"Superintendente Andr\u00e9 Barros trata acusa\u00e7\u00f5es contra ele como \u201ca\u00e7\u00e3o pol\u00edtica de alguns agentes de tr\u00e2nsito\u201d dentro da SMTT de Alagoinhas - News In Foco - Editado por Caio Pimenta\" \/>\n\t\t<meta property=\"og:description\" content=\"O Superintendente Municipal de Transporte e Tr\u00e2nsito de Alagoinhas, Andr\u00e9 Barros, afirmou na manh\u00e3 de hoje(14), em entrevista concedida ao programa O Poder da Noticia, da r\u00e1dio Boa FM, haver interesses pol\u00edticos por parte de alguns agentes de tr\u00e2nsito que o acusam de cometer irregularidades a frente do \u00f3rg\u00e3o. A interven\u00e7\u00e3o de Barros, aconteceu no\" \/>\n\t\t<meta property=\"og:url\" content=\"https:\/\/newsinfoco.com.br\/inicio\/superintendente-andre-barros-trata-acusacoes-contra-ele-como-acao-politica-de-alguns-agentes-de-transito-dentro-da-smtt-de-alagoinhas\/\" \/>\n\t\t<meta property=\"article:published_time\" content=\"2023-02-14T15:00:12+00:00\" \/>\n\t\t<meta property=\"article:modified_time\" content=\"2023-02-14T15:05:05+00:00\" \/>\n\t\t<meta name=\"twitter:card\" content=\"summary_large_image\" \/>\n\t\t<meta name=\"twitter:title\" content=\"Superintendente Andr\u00e9 Barros trata acusa\u00e7\u00f5es contra ele como \u201ca\u00e7\u00e3o pol\u00edtica de alguns agentes de tr\u00e2nsito\u201d dentro da SMTT de Alagoinhas - News In Foco - Editado por Caio Pimenta\" \/>\n\t\t<meta name=\"twitter:description\" content=\"O Superintendente Municipal de Transporte e Tr\u00e2nsito de Alagoinhas, Andr\u00e9 Barros, afirmou na manh\u00e3 de hoje(14), em entrevista concedida ao programa O Poder da Noticia, da r\u00e1dio Boa FM, haver interesses pol\u00edticos por parte de alguns agentes de tr\u00e2nsito que o acusam de cometer irregularidades a frente do \u00f3rg\u00e3o. A interven\u00e7\u00e3o de Barros, aconteceu no\" \/>\n\t\t<script type=\"application\/ld+json\" class=\"aioseo-schema\">\n\t\t\t{\"@context\":\"https:\\\/\\\/schema.org\",\"@graph\":[{\"@type\":\"BlogPosting\",\"@id\":\"https:\\\/\\\/newsinfoco.com.br\\\/inicio\\\/superintendente-andre-barros-trata-acusacoes-contra-ele-como-acao-politica-de-alguns-agentes-de-transito-dentro-da-smtt-de-alagoinhas\\\/#blogposting\",\"name\":\"Superintendente Andr\\u00e9 Barros trata acusa\\u00e7\\u00f5es contra ele como \\u201ca\\u00e7\\u00e3o pol\\u00edtica de alguns agentes de tr\\u00e2nsito\\u201d dentro da SMTT de Alagoinhas - News In Foco - Editado por Caio Pimenta\",\"headline\":\"Superintendente Andr\\u00e9 Barros trata acusa\\u00e7\\u00f5es contra ele como &#8220;a\\u00e7\\u00e3o pol\\u00edtica de alguns agentes de tr\\u00e2nsito&#8221; dentro da SMTT de Alagoinhas\",\"author\":{\"@id\":\"https:\\\/\\\/newsinfoco.com.br\\\/inicio\\\/author\\\/administrador\\\/#author\"},\"publisher\":{\"@id\":\"https:\\\/\\\/newsinfoco.com.br\\\/inicio\\\/#organization\"},\"image\":{\"@type\":\"ImageObject\",\"url\":\"https:\\\/\\\/newsinfoco.com.br\\\/inicio\\\/wp-content\\\/uploads\\\/2022\\\/03\\\/andre.jpg\",\"width\":640,\"height\":640},\"datePublished\":\"2023-02-14T12:00:12-03:00\",\"dateModified\":\"2023-02-14T12:05:05-03:00\",\"inLanguage\":\"pt-BR\",\"mainEntityOfPage\":{\"@id\":\"https:\\\/\\\/newsinfoco.com.br\\\/inicio\\\/superintendente-andre-barros-trata-acusacoes-contra-ele-como-acao-politica-de-alguns-agentes-de-transito-dentro-da-smtt-de-alagoinhas\\\/#webpage\"},\"isPartOf\":{\"@id\":\"https:\\\/\\\/newsinfoco.com.br\\\/inicio\\\/superintendente-andre-barros-trata-acusacoes-contra-ele-como-acao-politica-de-alguns-agentes-de-transito-dentro-da-smtt-de-alagoinhas\\\/#webpage\"},\"articleSection\":\"Alagoinhas e Regi\\u00e3o, Manchete\"},{\"@type\":\"BreadcrumbList\",\"@id\":\"https:\\\/\\\/newsinfoco.com.br\\\/inicio\\\/superintendente-andre-barros-trata-acusacoes-contra-ele-como-acao-politica-de-alguns-agentes-de-transito-dentro-da-smtt-de-alagoinhas\\\/#breadcrumblist\",\"itemListElement\":[{\"@type\":\"ListItem\",\"@id\":\"https:\\\/\\\/newsinfoco.com.br\\\/inicio#listItem\",\"position\":1,\"name\":\"In\\u00edcio\",\"item\":\"https:\\\/\\\/newsinfoco.com.br\\\/inicio\",\"nextItem\":{\"@type\":\"ListItem\",\"@id\":\"https:\\\/\\\/newsinfoco.com.br\\\/inicio\\\/category\\\/alagoinhas-e-regiao\\\/#listItem\",\"name\":\"Alagoinhas e Regi\\u00e3o\"}},{\"@type\":\"ListItem\",\"@id\":\"https:\\\/\\\/newsinfoco.com.br\\\/inicio\\\/category\\\/alagoinhas-e-regiao\\\/#listItem\",\"position\":2,\"name\":\"Alagoinhas e Regi\\u00e3o\",\"item\":\"https:\\\/\\\/newsinfoco.com.br\\\/inicio\\\/category\\\/alagoinhas-e-regiao\\\/\",\"nextItem\":{\"@type\":\"ListItem\",\"@id\":\"https:\\\/\\\/newsinfoco.com.br\\\/inicio\\\/superintendente-andre-barros-trata-acusacoes-contra-ele-como-acao-politica-de-alguns-agentes-de-transito-dentro-da-smtt-de-alagoinhas\\\/#listItem\",\"name\":\"Superintendente Andr\\u00e9 Barros trata acusa\\u00e7\\u00f5es contra ele como &#8220;a\\u00e7\\u00e3o pol\\u00edtica de alguns agentes de tr\\u00e2nsito&#8221; dentro da SMTT de Alagoinhas\"},\"previousItem\":{\"@type\":\"ListItem\",\"@id\":\"https:\\\/\\\/newsinfoco.com.br\\\/inicio#listItem\",\"name\":\"In\\u00edcio\"}},{\"@type\":\"ListItem\",\"@id\":\"https:\\\/\\\/newsinfoco.com.br\\\/inicio\\\/superintendente-andre-barros-trata-acusacoes-contra-ele-como-acao-politica-de-alguns-agentes-de-transito-dentro-da-smtt-de-alagoinhas\\\/#listItem\",\"position\":3,\"name\":\"Superintendente Andr\\u00e9 Barros trata acusa\\u00e7\\u00f5es contra ele como &#8220;a\\u00e7\\u00e3o pol\\u00edtica de alguns agentes de tr\\u00e2nsito&#8221; dentro da SMTT de Alagoinhas\",\"previousItem\":{\"@type\":\"ListItem\",\"@id\":\"https:\\\/\\\/newsinfoco.com.br\\\/inicio\\\/category\\\/alagoinhas-e-regiao\\\/#listItem\",\"name\":\"Alagoinhas e Regi\\u00e3o\"}}]},{\"@type\":\"Organization\",\"@id\":\"https:\\\/\\\/newsinfoco.com.br\\\/inicio\\\/#organization\",\"name\":\"News In Foco - Editado por Caio Pimenta\",\"description\":\"O principal site de noticias de Alagoinhas e regi\\u00e3o\",\"url\":\"https:\\\/\\\/newsinfoco.com.br\\\/inicio\\\/\"},{\"@type\":\"Person\",\"@id\":\"https:\\\/\\\/newsinfoco.com.br\\\/inicio\\\/author\\\/administrador\\\/#author\",\"url\":\"https:\\\/\\\/newsinfoco.com.br\\\/inicio\\\/author\\\/administrador\\\/\",\"name\":\"administrador\",\"image\":{\"@type\":\"ImageObject\",\"@id\":\"https:\\\/\\\/newsinfoco.com.br\\\/inicio\\\/superintendente-andre-barros-trata-acusacoes-contra-ele-como-acao-politica-de-alguns-agentes-de-transito-dentro-da-smtt-de-alagoinhas\\\/#authorImage\",\"url\":\"https:\\\/\\\/secure.gravatar.com\\\/avatar\\\/c17a617433de8c1dc9584bb79aab7563b46f5bb7e1728c9b17d9cc3ce6a08e49?s=96&d=mm&r=g\",\"width\":96,\"height\":96,\"caption\":\"administrador\"}},{\"@type\":\"WebPage\",\"@id\":\"https:\\\/\\\/newsinfoco.com.br\\\/inicio\\\/superintendente-andre-barros-trata-acusacoes-contra-ele-como-acao-politica-de-alguns-agentes-de-transito-dentro-da-smtt-de-alagoinhas\\\/#webpage\",\"url\":\"https:\\\/\\\/newsinfoco.com.br\\\/inicio\\\/superintendente-andre-barros-trata-acusacoes-contra-ele-como-acao-politica-de-alguns-agentes-de-transito-dentro-da-smtt-de-alagoinhas\\\/\",\"name\":\"Superintendente Andr\\u00e9 Barros trata acusa\\u00e7\\u00f5es contra ele como \\u201ca\\u00e7\\u00e3o pol\\u00edtica de alguns agentes de tr\\u00e2nsito\\u201d dentro da SMTT de Alagoinhas - News In Foco - Editado por Caio Pimenta\",\"description\":\"O Superintendente Municipal de Transporte e Tr\\u00e2nsito de Alagoinhas, Andr\\u00e9 Barros, afirmou na manh\\u00e3 de hoje(14), em entrevista concedida ao programa O Poder da Noticia, da r\\u00e1dio Boa FM, haver interesses pol\\u00edticos por parte de alguns agentes de tr\\u00e2nsito que o acusam de cometer irregularidades a frente do \\u00f3rg\\u00e3o. A interven\\u00e7\\u00e3o de Barros, aconteceu no\",\"inLanguage\":\"pt-BR\",\"isPartOf\":{\"@id\":\"https:\\\/\\\/newsinfoco.com.br\\\/inicio\\\/#website\"},\"breadcrumb\":{\"@id\":\"https:\\\/\\\/newsinfoco.com.br\\\/inicio\\\/superintendente-andre-barros-trata-acusacoes-contra-ele-como-acao-politica-de-alguns-agentes-de-transito-dentro-da-smtt-de-alagoinhas\\\/#breadcrumblist\"},\"author\":{\"@id\":\"https:\\\/\\\/newsinfoco.com.br\\\/inicio\\\/author\\\/administrador\\\/#author\"},\"creator\":{\"@id\":\"https:\\\/\\\/newsinfoco.com.br\\\/inicio\\\/author\\\/administrador\\\/#author\"},\"image\":{\"@type\":\"ImageObject\",\"url\":\"https:\\\/\\\/newsinfoco.com.br\\\/inicio\\\/wp-content\\\/uploads\\\/2022\\\/03\\\/andre.jpg\",\"@id\":\"https:\\\/\\\/newsinfoco.com.br\\\/inicio\\\/superintendente-andre-barros-trata-acusacoes-contra-ele-como-acao-politica-de-alguns-agentes-de-transito-dentro-da-smtt-de-alagoinhas\\\/#mainImage\",\"width\":640,\"height\":640},\"primaryImageOfPage\":{\"@id\":\"https:\\\/\\\/newsinfoco.com.br\\\/inicio\\\/superintendente-andre-barros-trata-acusacoes-contra-ele-como-acao-politica-de-alguns-agentes-de-transito-dentro-da-smtt-de-alagoinhas\\\/#mainImage\"},\"datePublished\":\"2023-02-14T12:00:12-03:00\",\"dateModified\":\"2023-02-14T12:05:05-03:00\"},{\"@type\":\"WebSite\",\"@id\":\"https:\\\/\\\/newsinfoco.com.br\\\/inicio\\\/#website\",\"url\":\"https:\\\/\\\/newsinfoco.com.br\\\/inicio\\\/\",\"name\":\"News In Foco - Editado por Caio Pimenta\",\"description\":\"O principal site de noticias de Alagoinhas e regi\\u00e3o\",\"inLanguage\":\"pt-BR\",\"publisher\":{\"@id\":\"https:\\\/\\\/newsinfoco.com.br\\\/inicio\\\/#organization\"}}]}\n\t\t<\/script>\n\t\t<!-- All in One SEO -->\n\n","aioseo_head_json":{"title":"Superintendente Andr\u00e9 Barros trata acusa\u00e7\u00f5es contra ele como \u201ca\u00e7\u00e3o pol\u00edtica de alguns agentes de tr\u00e2nsito\u201d dentro da SMTT de Alagoinhas - News In Foco - Editado por Caio Pimenta","description":"O Superintendente Municipal de Transporte e Tr\u00e2nsito de Alagoinhas, Andr\u00e9 Barros, afirmou na manh\u00e3 de hoje(14), em entrevista concedida ao programa O Poder da Noticia, da r\u00e1dio Boa FM, haver interesses pol\u00edticos por parte de alguns agentes de tr\u00e2nsito que o acusam de cometer irregularidades a frente do \u00f3rg\u00e3o. A interven\u00e7\u00e3o de Barros, aconteceu no","canonical_url":"https:\/\/newsinfoco.com.br\/inicio\/superintendente-andre-barros-trata-acusacoes-contra-ele-como-acao-politica-de-alguns-agentes-de-transito-dentro-da-smtt-de-alagoinhas\/","robots":"max-image-preview:large","keywords":"","webmasterTools":{"miscellaneous":""},"schema":{"@context":"https:\/\/schema.org","@graph":[{"@type":"BlogPosting","@id":"https:\/\/newsinfoco.com.br\/inicio\/superintendente-andre-barros-trata-acusacoes-contra-ele-como-acao-politica-de-alguns-agentes-de-transito-dentro-da-smtt-de-alagoinhas\/#blogposting","name":"Superintendente Andr\u00e9 Barros trata acusa\u00e7\u00f5es contra ele como \u201ca\u00e7\u00e3o pol\u00edtica de alguns agentes de tr\u00e2nsito\u201d dentro da SMTT de Alagoinhas - News In Foco - Editado por Caio Pimenta","headline":"Superintendente Andr\u00e9 Barros trata acusa\u00e7\u00f5es contra ele como &#8220;a\u00e7\u00e3o pol\u00edtica de alguns agentes de tr\u00e2nsito&#8221; dentro da SMTT de Alagoinhas","author":{"@id":"https:\/\/newsinfoco.com.br\/inicio\/author\/administrador\/#author"},"publisher":{"@id":"https:\/\/newsinfoco.com.br\/inicio\/#organization"},"image":{"@type":"ImageObject","url":"https:\/\/newsinfoco.com.br\/inicio\/wp-content\/uploads\/2022\/03\/andre.jpg","width":640,"height":640},"datePublished":"2023-02-14T12:00:12-03:00","dateModified":"2023-02-14T12:05:05-03:00","inLanguage":"pt-BR","mainEntityOfPage":{"@id":"https:\/\/newsinfoco.com.br\/inicio\/superintendente-andre-barros-trata-acusacoes-contra-ele-como-acao-politica-de-alguns-agentes-de-transito-dentro-da-smtt-de-alagoinhas\/#webpage"},"isPartOf":{"@id":"https:\/\/newsinfoco.com.br\/inicio\/superintendente-andre-barros-trata-acusacoes-contra-ele-como-acao-politica-de-alguns-agentes-de-transito-dentro-da-smtt-de-alagoinhas\/#webpage"},"articleSection":"Alagoinhas e Regi\u00e3o, Manchete"},{"@type":"BreadcrumbList","@id":"https:\/\/newsinfoco.com.br\/inicio\/superintendente-andre-barros-trata-acusacoes-contra-ele-como-acao-politica-de-alguns-agentes-de-transito-dentro-da-smtt-de-alagoinhas\/#breadcrumblist","itemListElement":[{"@type":"ListItem","@id":"https:\/\/newsinfoco.com.br\/inicio#listItem","position":1,"name":"In\u00edcio","item":"https:\/\/newsinfoco.com.br\/inicio","nextItem":{"@type":"ListItem","@id":"https:\/\/newsinfoco.com.br\/inicio\/category\/alagoinhas-e-regiao\/#listItem","name":"Alagoinhas e Regi\u00e3o"}},{"@type":"ListItem","@id":"https:\/\/newsinfoco.com.br\/inicio\/category\/alagoinhas-e-regiao\/#listItem","position":2,"name":"Alagoinhas e Regi\u00e3o","item":"https:\/\/newsinfoco.com.br\/inicio\/category\/alagoinhas-e-regiao\/","nextItem":{"@type":"ListItem","@id":"https:\/\/newsinfoco.com.br\/inicio\/superintendente-andre-barros-trata-acusacoes-contra-ele-como-acao-politica-de-alguns-agentes-de-transito-dentro-da-smtt-de-alagoinhas\/#listItem","name":"Superintendente Andr\u00e9 Barros trata acusa\u00e7\u00f5es contra ele como &#8220;a\u00e7\u00e3o pol\u00edtica de alguns agentes de tr\u00e2nsito&#8221; dentro da SMTT de Alagoinhas"},"previousItem":{"@type":"ListItem","@id":"https:\/\/newsinfoco.com.br\/inicio#listItem","name":"In\u00edcio"}},{"@type":"ListItem","@id":"https:\/\/newsinfoco.com.br\/inicio\/superintendente-andre-barros-trata-acusacoes-contra-ele-como-acao-politica-de-alguns-agentes-de-transito-dentro-da-smtt-de-alagoinhas\/#listItem","position":3,"name":"Superintendente Andr\u00e9 Barros trata acusa\u00e7\u00f5es contra ele como &#8220;a\u00e7\u00e3o pol\u00edtica de alguns agentes de tr\u00e2nsito&#8221; dentro da SMTT de Alagoinhas","previousItem":{"@type":"ListItem","@id":"https:\/\/newsinfoco.com.br\/inicio\/category\/alagoinhas-e-regiao\/#listItem","name":"Alagoinhas e Regi\u00e3o"}}]},{"@type":"Organization","@id":"https:\/\/newsinfoco.com.br\/inicio\/#organization","name":"News In Foco - Editado por Caio Pimenta","description":"O principal site de noticias de Alagoinhas e regi\u00e3o","url":"https:\/\/newsinfoco.com.br\/inicio\/"},{"@type":"Person","@id":"https:\/\/newsinfoco.com.br\/inicio\/author\/administrador\/#author","url":"https:\/\/newsinfoco.com.br\/inicio\/author\/administrador\/","name":"administrador","image":{"@type":"ImageObject","@id":"https:\/\/newsinfoco.com.br\/inicio\/superintendente-andre-barros-trata-acusacoes-contra-ele-como-acao-politica-de-alguns-agentes-de-transito-dentro-da-smtt-de-alagoinhas\/#authorImage","url":"https:\/\/secure.gravatar.com\/avatar\/c17a617433de8c1dc9584bb79aab7563b46f5bb7e1728c9b17d9cc3ce6a08e49?s=96&d=mm&r=g","width":96,"height":96,"caption":"administrador"}},{"@type":"WebPage","@id":"https:\/\/newsinfoco.com.br\/inicio\/superintendente-andre-barros-trata-acusacoes-contra-ele-como-acao-politica-de-alguns-agentes-de-transito-dentro-da-smtt-de-alagoinhas\/#webpage","url":"https:\/\/newsinfoco.com.br\/inicio\/superintendente-andre-barros-trata-acusacoes-contra-ele-como-acao-politica-de-alguns-agentes-de-transito-dentro-da-smtt-de-alagoinhas\/","name":"Superintendente Andr\u00e9 Barros trata acusa\u00e7\u00f5es contra ele como \u201ca\u00e7\u00e3o pol\u00edtica de alguns agentes de tr\u00e2nsito\u201d dentro da SMTT de Alagoinhas - News In Foco - Editado por Caio Pimenta","description":"O Superintendente Municipal de Transporte e Tr\u00e2nsito de Alagoinhas, Andr\u00e9 Barros, afirmou na manh\u00e3 de hoje(14), em entrevista concedida ao programa O Poder da Noticia, da r\u00e1dio Boa FM, haver interesses pol\u00edticos por parte de alguns agentes de tr\u00e2nsito que o acusam de cometer irregularidades a frente do \u00f3rg\u00e3o. A interven\u00e7\u00e3o de Barros, aconteceu no","inLanguage":"pt-BR","isPartOf":{"@id":"https:\/\/newsinfoco.com.br\/inicio\/#website"},"breadcrumb":{"@id":"https:\/\/newsinfoco.com.br\/inicio\/superintendente-andre-barros-trata-acusacoes-contra-ele-como-acao-politica-de-alguns-agentes-de-transito-dentro-da-smtt-de-alagoinhas\/#breadcrumblist"},"author":{"@id":"https:\/\/newsinfoco.com.br\/inicio\/author\/administrador\/#author"},"creator":{"@id":"https:\/\/newsinfoco.com.br\/inicio\/author\/administrador\/#author"},"image":{"@type":"ImageObject","url":"https:\/\/newsinfoco.com.br\/inicio\/wp-content\/uploads\/2022\/03\/andre.jpg","@id":"https:\/\/newsinfoco.com.br\/inicio\/superintendente-andre-barros-trata-acusacoes-contra-ele-como-acao-politica-de-alguns-agentes-de-transito-dentro-da-smtt-de-alagoinhas\/#mainImage","width":640,"height":640},"primaryImageOfPage":{"@id":"https:\/\/newsinfoco.com.br\/inicio\/superintendente-andre-barros-trata-acusacoes-contra-ele-como-acao-politica-de-alguns-agentes-de-transito-dentro-da-smtt-de-alagoinhas\/#mainImage"},"datePublished":"2023-02-14T12:00:12-03:00","dateModified":"2023-02-14T12:05:05-03:00"},{"@type":"WebSite","@id":"https:\/\/newsinfoco.com.br\/inicio\/#website","url":"https:\/\/newsinfoco.com.br\/inicio\/","name":"News In Foco - Editado por Caio Pimenta","description":"O principal site de noticias de Alagoinhas e regi\u00e3o","inLanguage":"pt-BR","publisher":{"@id":"https:\/\/newsinfoco.com.br\/inicio\/#organization"}}]},"og:locale":"pt_BR","og:site_name":"News In Foco - Editado por Caio Pimenta - O principal site de noticias de Alagoinhas e regi\u00e3o","og:type":"article","og:title":"Superintendente Andr\u00e9 Barros trata acusa\u00e7\u00f5es contra ele como \u201ca\u00e7\u00e3o pol\u00edtica de alguns agentes de tr\u00e2nsito\u201d dentro da SMTT de Alagoinhas - News In Foco - Editado por Caio Pimenta","og:description":"O Superintendente Municipal de Transporte e Tr\u00e2nsito de Alagoinhas, Andr\u00e9 Barros, afirmou na manh\u00e3 de hoje(14), em entrevista concedida ao programa O Poder da Noticia, da r\u00e1dio Boa FM, haver interesses pol\u00edticos por parte de alguns agentes de tr\u00e2nsito que o acusam de cometer irregularidades a frente do \u00f3rg\u00e3o. A interven\u00e7\u00e3o de Barros, aconteceu no","og:url":"https:\/\/newsinfoco.com.br\/inicio\/superintendente-andre-barros-trata-acusacoes-contra-ele-como-acao-politica-de-alguns-agentes-de-transito-dentro-da-smtt-de-alagoinhas\/","article:published_time":"2023-02-14T15:00:12+00:00","article:modified_time":"2023-02-14T15:05:05+00:00","twitter:card":"summary_large_image","twitter:title":"Superintendente Andr\u00e9 Barros trata acusa\u00e7\u00f5es contra ele como \u201ca\u00e7\u00e3o pol\u00edtica de alguns agentes de tr\u00e2nsito\u201d dentro da SMTT de Alagoinhas - News In Foco - Editado por Caio Pimenta","twitter:description":"O Superintendente Municipal de Transporte e Tr\u00e2nsito de Alagoinhas, Andr\u00e9 Barros, afirmou na manh\u00e3 de hoje(14), em entrevista concedida ao programa O Poder da Noticia, da r\u00e1dio Boa FM, haver interesses pol\u00edticos por parte de alguns agentes de tr\u00e2nsito que o acusam de cometer irregularidades a frente do \u00f3rg\u00e3o. A interven\u00e7\u00e3o de Barros, aconteceu no"},"aioseo_meta_data":{"post_id":"32996","title":null,"description":null,"keywords":null,"keyphrases":null,"primary_term":null,"canonical_url":null,"og_title":null,"og_description":null,"og_object_type":"default","og_image_type":"default","og_image_url":null,"og_image_width":null,"og_image_height":null,"og_image_custom_url":null,"og_image_custom_fields":null,"og_video":null,"og_custom_url":null,"og_article_section":null,"og_article_tags":null,"twitter_use_og":false,"twitter_card":"default","twitter_image_type":"default","twitter_image_url":null,"twitter_image_custom_url":null,"twitter_image_custom_fields":null,"twitter_title":null,"twitter_description":null,"schema":{"blockGraphs":[],"customGraphs":[],"default":{"data":{"Article":[],"Course":[],"Dataset":[],"FAQPage":[],"Movie":[],"Person":[],"Product":[],"ProductReview":[],"Car":[],"Recipe":[],"Service":[],"SoftwareApplication":[],"WebPage":[]},"graphName":"","isEnabled":true},"graphs":[]},"schema_type":"default","schema_type_options":null,"pillar_content":false,"robots_default":true,"robots_noindex":false,"robots_noarchive":false,"robots_nosnippet":false,"robots_nofollow":false,"robots_noimageindex":false,"robots_noodp":false,"robots_notranslate":false,"robots_max_snippet":null,"robots_max_videopreview":null,"robots_max_imagepreview":"large","priority":null,"frequency":null,"local_seo":null,"breadcrumb_settings":null,"limit_modified_date":false,"ai":null,"created":"2023-06-12 22:52:45","updated":"2025-07-11 09:10:08","seo_analyzer_scan_date":null},"aioseo_breadcrumb":"<div class=\"aioseo-breadcrumbs\"><span class=\"aioseo-breadcrumb\">\n\t\t\t<a href=\"https:\/\/newsinfoco.com.br\/inicio\" title=\"In\u00edcio\">In\u00edcio<\/a>\n\t\t<\/span><span class=\"aioseo-breadcrumb-separator\">&raquo;<\/span><span class=\"aioseo-breadcrumb\">\n\t\t\t<a href=\"https:\/\/newsinfoco.com.br\/inicio\/category\/alagoinhas-e-regiao\/\" title=\"Alagoinhas e Regi\u00e3o\">Alagoinhas e Regi\u00e3o<\/a>\n\t\t<\/span><span class=\"aioseo-breadcrumb-separator\">&raquo;<\/span><span class=\"aioseo-breadcrumb\">\n\t\t\tSuperintendente Andr\u00e9 Barros trata acusa\u00e7\u00f5es contra ele como \u201ca\u00e7\u00e3o pol\u00edtica de alguns agentes de tr\u00e2nsito\u201d dentro da SMTT de Alagoinhas\n\t\t<\/span><\/div>","aioseo_breadcrumb_json":[{"label":"In\u00edcio","link":"https:\/\/newsinfoco.com.br\/inicio"},{"label":"Alagoinhas e Regi\u00e3o","link":"https:\/\/newsinfoco.com.br\/inicio\/category\/alagoinhas-e-regiao\/"},{"label":"Superintendente Andr\u00e9 Barros trata acusa\u00e7\u00f5es contra ele como &#8220;a\u00e7\u00e3o pol\u00edtica de alguns agentes de tr\u00e2nsito&#8221; dentro da SMTT de Alagoinhas","link":"https:\/\/newsinfoco.com.br\/inicio\/superintendente-andre-barros-trata-acusacoes-contra-ele-como-acao-politica-de-alguns-agentes-de-transito-dentro-da-smtt-de-alagoinhas\/"}],"_links":{"self":[{"href":"https:\/\/newsinfoco.com.br\/inicio\/wp-json\/wp\/v2\/posts\/32996","targetHints":{"allow":["GET"]}}],"collection":[{"href":"https:\/\/newsinfoco.com.br\/inicio\/wp-json\/wp\/v2\/posts"}],"about":[{"href":"https:\/\/newsinfoco.com.br\/inicio\/wp-json\/wp\/v2\/types\/post"}],"author":[{"embeddable":true,"href":"https:\/\/newsinfoco.com.br\/inicio\/wp-json\/wp\/v2\/users\/1"}],"replies":[{"embeddable":true,"href":"https:\/\/newsinfoco.com.br\/inicio\/wp-json\/wp\/v2\/comments?post=32996"}],"version-history":[{"count":1,"href":"https:\/\/newsinfoco.com.br\/inicio\/wp-json\/wp\/v2\/posts\/32996\/revisions"}],"predecessor-version":[{"id":32997,"href":"https:\/\/newsinfoco.com.br\/inicio\/wp-json\/wp\/v2\/posts\/32996\/revisions\/32997"}],"wp:featuredmedia":[{"embeddable":true,"href":"https:\/\/newsinfoco.com.br\/inicio\/wp-json\/wp\/v2\/media\/29476"}],"wp:attachment":[{"href":"https:\/\/newsinfoco.com.br\/inicio\/wp-json\/wp\/v2\/media?parent=32996"}],"wp:term":[{"taxonomy":"category","embeddable":true,"href":"https:\/\/newsinfoco.com.br\/inicio\/wp-json\/wp\/v2\/categories?post=32996"},{"taxonomy":"post_tag","embeddable":true,"href":"https:\/\/newsinfoco.com.br\/inicio\/wp-json\/wp\/v2\/tags?post=32996"}],"curies":[{"name":"wp","href":"https:\/\/api.w.org\/{rel}","templated":true}]}}