{"id":33036,"date":"2023-02-20T11:27:00","date_gmt":"2023-02-20T14:27:00","guid":{"rendered":"https:\/\/newsinfoco.com.br\/inicio\/?p=33036"},"modified":"2023-02-20T11:27:00","modified_gmt":"2023-02-20T14:27:00","slug":"governo-do-estado-atribui-reducao-nos-atendimentos-de-saude-no-carnaval-a-efetividade-da-seguranca-publica","status":"publish","type":"post","link":"https:\/\/newsinfoco.com.br\/inicio\/governo-do-estado-atribui-reducao-nos-atendimentos-de-saude-no-carnaval-a-efetividade-da-seguranca-publica\/","title":{"rendered":"Governo do Estado atribui redu\u00e7\u00e3o nos atendimentos de sa\u00fade no Carnaval \u00e0 efetividade da seguran\u00e7a p\u00fablica"},"content":{"rendered":"<p>Tanto o governo do Estado quanto a Prefeitura de Salvador registraram, at\u00e9 aqui, redu\u00e7\u00e3o do n\u00famero de ocorr\u00eancias na \u00e1rea da sa\u00fade no Carnaval, mesmo com o aumento do p\u00fablico presente nos circuitos e nos bairros ap\u00f3s dois anos sem folia. Para o governador Jer\u00f4nimo Rodrigues (PT) e os secret\u00e1rios estaduais de Seguran\u00e7a P\u00fablica, Marcelo Werner, e de Sa\u00fade, Roberta Santana , isso se deve \u00e0 efetividade dos mais de 30 mil policiais que atuam na festa.<\/p>\n<p>\u201cOs servi\u00e7os de sa\u00fade tiveram a demanda reduzida em casos de emerg\u00eancia e isso se deve principalmente porque a seguran\u00e7a p\u00fablica atua bem nos casos mais graves. Estamos evitando pancadarias, uso de armar nos circuitos, por meio de a\u00e7\u00f5es inteligentes. A cultura da paz est\u00e1 prevalecendo. Essa \u00e9 a imagem do Carnaval que queremos exportar para o mundo\u201d, declarou Jer\u00f4nimo em conversa com a imprensa neste domingo (19).<\/p>\n<p>Marcelo Werner destacou que foram efetuadas 26 pris\u00f5es com o uso de mais de 150 c\u00e2meras de identifica\u00e7\u00e3o facial. Al\u00e9m disso, o uso de r\u00e1dios conectados ao GPS das guarni\u00e7\u00f5es tem tornado o trabalho da pol\u00edcia mais efetivo no meio da multid\u00e3o. \u201cHouve uma redu\u00e7\u00e3o de 60% dos crimes de les\u00f5es e isso tem provocado um efeito positivo na \u00e1rea da sa\u00fade. Conseguimos fazer a seguran\u00e7a da melhor forma poss\u00edvel e reduzimos ainda em 30% os crimes contra o patrim\u00f4nio\u201d, afirmou o secret\u00e1rio ao Pol\u00edtica Livre.<\/p>\n<p>Roberta Santana disse que o indicativo \u00e9 de um carnaval com menos ocorr\u00eancias nas unidades estaduais de sa\u00fade. \u201cDesde o in\u00edcio oficial do Carnaval tivemos um n\u00famero de 53 ocorr\u00eancias, a maior parte agress\u00e3o f\u00edsica. Mas \u00e9 um n\u00famero bem menor do que a festa de 2020, mesmo com mais gente nas ruas. Sem d\u00favida alguma \u00e9 resultado da atual policial\u201d.<\/p>\n<p>Segundo os dados da prefeitura, na sa\u00fade a queda dos atendimentos foi de 40% neste s\u00e1bado (18). O prefeito Bruno Reis (Uni\u00e3o) afirmou neste domingo (19) que o p\u00fablico na festa \u00e9 30% maior, com base nas informa\u00e7\u00f5es do deslocamento via transporte p\u00fablico.<\/p>\n<p>&nbsp;<\/p>\n<p><span class=\"assinatura_exclusiva\">Pol\u00edtica Livre<\/span><\/p>\n<div class='share-to-whatsapp-wrapper'><div class='share-on-whsp'>Share on: <\/div><a data-text='Governo do Estado atribui redu\u00e7\u00e3o nos atendimentos de sa\u00fade no Carnaval \u00e0 efetividade da seguran\u00e7a p\u00fablica' data-link='https:\/\/newsinfoco.com.br\/inicio\/governo-do-estado-atribui-reducao-nos-atendimentos-de-saude-no-carnaval-a-efetividade-da-seguranca-publica\/' class='whatsapp-button whatsapp-share'>WhatsApp<\/a><div class='clear '><\/div><\/div>","protected":false},"excerpt":{"rendered":"<p>Tanto o governo do Estado quanto a Prefeitura de Salvador registraram, at\u00e9 aqui, redu\u00e7\u00e3o do n\u00famero de ocorr\u00eancias na \u00e1rea da sa\u00fade no Carnaval, mesmo com o aumento do p\u00fablico presente nos circuitos e nos bairros ap\u00f3s dois anos sem folia. Para o governador Jer\u00f4nimo Rodrigues (PT) e os secret\u00e1rios estaduais de Seguran\u00e7a P\u00fablica, Marcelo [&hellip;]<\/p>\n","protected":false},"author":1,"featured_media":33037,"comment_status":"closed","ping_status":"closed","sticky":false,"template":"","format":"standard","meta":{"om_disable_all_campaigns":false,"rop_custom_images_group":[],"rop_custom_messages_group":[],"rop_publish_now":"initial","rop_publish_now_accounts":[],"rop_publish_now_history":[],"rop_publish_now_status":"pending","_exactmetrics_skip_tracking":false,"footnotes":""},"categories":[19],"tags":[],"class_list":["post-33036","post","type-post","status-publish","format-standard","has-post-thumbnail","hentry","category-bahia"],"aioseo_notices":[],"aioseo_head":"\n\t\t<!-- All in One SEO 4.9.10 - aioseo.com -->\n\t<meta name=\"description\" content=\"Tanto o governo do Estado quanto a Prefeitura de Salvador registraram, at\u00e9 aqui, redu\u00e7\u00e3o do n\u00famero de ocorr\u00eancias na \u00e1rea da sa\u00fade no Carnaval, mesmo com o aumento do p\u00fablico presente nos circuitos e nos bairros ap\u00f3s dois anos sem folia. Para o governador Jer\u00f4nimo Rodrigues (PT) e os secret\u00e1rios estaduais de Seguran\u00e7a P\u00fablica, Marcelo\" \/>\n\t<meta name=\"robots\" content=\"max-image-preview:large\" \/>\n\t<meta name=\"author\" content=\"administrador\"\/>\n\t<link rel=\"canonical\" href=\"https:\/\/newsinfoco.com.br\/inicio\/governo-do-estado-atribui-reducao-nos-atendimentos-de-saude-no-carnaval-a-efetividade-da-seguranca-publica\/\" \/>\n\t<meta name=\"generator\" content=\"All in One SEO (AIOSEO) 4.9.10\" \/>\n\t\t<meta property=\"og:locale\" content=\"pt_BR\" \/>\n\t\t<meta property=\"og:site_name\" content=\"News In Foco - Editado por Caio Pimenta - O principal site de noticias de Alagoinhas e regi\u00e3o\" \/>\n\t\t<meta property=\"og:type\" content=\"article\" \/>\n\t\t<meta property=\"og:title\" content=\"Governo do Estado atribui redu\u00e7\u00e3o nos atendimentos de sa\u00fade no Carnaval \u00e0 efetividade da seguran\u00e7a p\u00fablica - News In Foco - Editado por Caio Pimenta\" \/>\n\t\t<meta property=\"og:description\" content=\"Tanto o governo do Estado quanto a Prefeitura de Salvador registraram, at\u00e9 aqui, redu\u00e7\u00e3o do n\u00famero de ocorr\u00eancias na \u00e1rea da sa\u00fade no Carnaval, mesmo com o aumento do p\u00fablico presente nos circuitos e nos bairros ap\u00f3s dois anos sem folia. Para o governador Jer\u00f4nimo Rodrigues (PT) e os secret\u00e1rios estaduais de Seguran\u00e7a P\u00fablica, Marcelo\" \/>\n\t\t<meta property=\"og:url\" content=\"https:\/\/newsinfoco.com.br\/inicio\/governo-do-estado-atribui-reducao-nos-atendimentos-de-saude-no-carnaval-a-efetividade-da-seguranca-publica\/\" \/>\n\t\t<meta property=\"article:published_time\" content=\"2023-02-20T14:27:00+00:00\" \/>\n\t\t<meta property=\"article:modified_time\" content=\"2023-02-20T14:27:00+00:00\" \/>\n\t\t<meta name=\"twitter:card\" content=\"summary_large_image\" \/>\n\t\t<meta name=\"twitter:title\" content=\"Governo do Estado atribui redu\u00e7\u00e3o nos atendimentos de sa\u00fade no Carnaval \u00e0 efetividade da seguran\u00e7a p\u00fablica - News In Foco - Editado por Caio Pimenta\" \/>\n\t\t<meta name=\"twitter:description\" content=\"Tanto o governo do Estado quanto a Prefeitura de Salvador registraram, at\u00e9 aqui, redu\u00e7\u00e3o do n\u00famero de ocorr\u00eancias na \u00e1rea da sa\u00fade no Carnaval, mesmo com o aumento do p\u00fablico presente nos circuitos e nos bairros ap\u00f3s dois anos sem folia. Para o governador Jer\u00f4nimo Rodrigues (PT) e os secret\u00e1rios estaduais de Seguran\u00e7a P\u00fablica, Marcelo\" \/>\n\t\t<script type=\"application\/ld+json\" class=\"aioseo-schema\">\n\t\t\t{\"@context\":\"https:\\\/\\\/schema.org\",\"@graph\":[{\"@type\":\"BlogPosting\",\"@id\":\"https:\\\/\\\/newsinfoco.com.br\\\/inicio\\\/governo-do-estado-atribui-reducao-nos-atendimentos-de-saude-no-carnaval-a-efetividade-da-seguranca-publica\\\/#blogposting\",\"name\":\"Governo do Estado atribui redu\\u00e7\\u00e3o nos atendimentos de sa\\u00fade no Carnaval \\u00e0 efetividade da seguran\\u00e7a p\\u00fablica - News In Foco - Editado por Caio Pimenta\",\"headline\":\"Governo do Estado atribui redu\\u00e7\\u00e3o nos atendimentos de sa\\u00fade no Carnaval \\u00e0 efetividade da seguran\\u00e7a p\\u00fablica\",\"author\":{\"@id\":\"https:\\\/\\\/newsinfoco.com.br\\\/inicio\\\/author\\\/administrador\\\/#author\"},\"publisher\":{\"@id\":\"https:\\\/\\\/newsinfoco.com.br\\\/inicio\\\/#organization\"},\"image\":{\"@type\":\"ImageObject\",\"url\":\"https:\\\/\\\/newsinfoco.com.br\\\/inicio\\\/wp-content\\\/uploads\\\/2023\\\/02\\\/secretario_de_seguranca_publica_da_bahia_marcelo_werner_foto_bnews_joilson_cesar_widemd.jpeg\",\"width\":360,\"height\":202},\"datePublished\":\"2023-02-20T11:27:00-03:00\",\"dateModified\":\"2023-02-20T11:27:00-03:00\",\"inLanguage\":\"pt-BR\",\"mainEntityOfPage\":{\"@id\":\"https:\\\/\\\/newsinfoco.com.br\\\/inicio\\\/governo-do-estado-atribui-reducao-nos-atendimentos-de-saude-no-carnaval-a-efetividade-da-seguranca-publica\\\/#webpage\"},\"isPartOf\":{\"@id\":\"https:\\\/\\\/newsinfoco.com.br\\\/inicio\\\/governo-do-estado-atribui-reducao-nos-atendimentos-de-saude-no-carnaval-a-efetividade-da-seguranca-publica\\\/#webpage\"},\"articleSection\":\"Bahia\"},{\"@type\":\"BreadcrumbList\",\"@id\":\"https:\\\/\\\/newsinfoco.com.br\\\/inicio\\\/governo-do-estado-atribui-reducao-nos-atendimentos-de-saude-no-carnaval-a-efetividade-da-seguranca-publica\\\/#breadcrumblist\",\"itemListElement\":[{\"@type\":\"ListItem\",\"@id\":\"https:\\\/\\\/newsinfoco.com.br\\\/inicio#listItem\",\"position\":1,\"name\":\"In\\u00edcio\",\"item\":\"https:\\\/\\\/newsinfoco.com.br\\\/inicio\",\"nextItem\":{\"@type\":\"ListItem\",\"@id\":\"https:\\\/\\\/newsinfoco.com.br\\\/inicio\\\/category\\\/bahia\\\/#listItem\",\"name\":\"Bahia\"}},{\"@type\":\"ListItem\",\"@id\":\"https:\\\/\\\/newsinfoco.com.br\\\/inicio\\\/category\\\/bahia\\\/#listItem\",\"position\":2,\"name\":\"Bahia\",\"item\":\"https:\\\/\\\/newsinfoco.com.br\\\/inicio\\\/category\\\/bahia\\\/\",\"nextItem\":{\"@type\":\"ListItem\",\"@id\":\"https:\\\/\\\/newsinfoco.com.br\\\/inicio\\\/governo-do-estado-atribui-reducao-nos-atendimentos-de-saude-no-carnaval-a-efetividade-da-seguranca-publica\\\/#listItem\",\"name\":\"Governo do Estado atribui redu\\u00e7\\u00e3o nos atendimentos de sa\\u00fade no Carnaval \\u00e0 efetividade da seguran\\u00e7a p\\u00fablica\"},\"previousItem\":{\"@type\":\"ListItem\",\"@id\":\"https:\\\/\\\/newsinfoco.com.br\\\/inicio#listItem\",\"name\":\"In\\u00edcio\"}},{\"@type\":\"ListItem\",\"@id\":\"https:\\\/\\\/newsinfoco.com.br\\\/inicio\\\/governo-do-estado-atribui-reducao-nos-atendimentos-de-saude-no-carnaval-a-efetividade-da-seguranca-publica\\\/#listItem\",\"position\":3,\"name\":\"Governo do Estado atribui redu\\u00e7\\u00e3o nos atendimentos de sa\\u00fade no Carnaval \\u00e0 efetividade da seguran\\u00e7a p\\u00fablica\",\"previousItem\":{\"@type\":\"ListItem\",\"@id\":\"https:\\\/\\\/newsinfoco.com.br\\\/inicio\\\/category\\\/bahia\\\/#listItem\",\"name\":\"Bahia\"}}]},{\"@type\":\"Organization\",\"@id\":\"https:\\\/\\\/newsinfoco.com.br\\\/inicio\\\/#organization\",\"name\":\"News In Foco - Editado por Caio Pimenta\",\"description\":\"O principal site de noticias de Alagoinhas e regi\\u00e3o\",\"url\":\"https:\\\/\\\/newsinfoco.com.br\\\/inicio\\\/\"},{\"@type\":\"Person\",\"@id\":\"https:\\\/\\\/newsinfoco.com.br\\\/inicio\\\/author\\\/administrador\\\/#author\",\"url\":\"https:\\\/\\\/newsinfoco.com.br\\\/inicio\\\/author\\\/administrador\\\/\",\"name\":\"administrador\",\"image\":{\"@type\":\"ImageObject\",\"@id\":\"https:\\\/\\\/newsinfoco.com.br\\\/inicio\\\/governo-do-estado-atribui-reducao-nos-atendimentos-de-saude-no-carnaval-a-efetividade-da-seguranca-publica\\\/#authorImage\",\"url\":\"https:\\\/\\\/secure.gravatar.com\\\/avatar\\\/c17a617433de8c1dc9584bb79aab7563b46f5bb7e1728c9b17d9cc3ce6a08e49?s=96&d=mm&r=g\",\"width\":96,\"height\":96,\"caption\":\"administrador\"}},{\"@type\":\"WebPage\",\"@id\":\"https:\\\/\\\/newsinfoco.com.br\\\/inicio\\\/governo-do-estado-atribui-reducao-nos-atendimentos-de-saude-no-carnaval-a-efetividade-da-seguranca-publica\\\/#webpage\",\"url\":\"https:\\\/\\\/newsinfoco.com.br\\\/inicio\\\/governo-do-estado-atribui-reducao-nos-atendimentos-de-saude-no-carnaval-a-efetividade-da-seguranca-publica\\\/\",\"name\":\"Governo do Estado atribui redu\\u00e7\\u00e3o nos atendimentos de sa\\u00fade no Carnaval \\u00e0 efetividade da seguran\\u00e7a p\\u00fablica - News In Foco - Editado por Caio Pimenta\",\"description\":\"Tanto o governo do Estado quanto a Prefeitura de Salvador registraram, at\\u00e9 aqui, redu\\u00e7\\u00e3o do n\\u00famero de ocorr\\u00eancias na \\u00e1rea da sa\\u00fade no Carnaval, mesmo com o aumento do p\\u00fablico presente nos circuitos e nos bairros ap\\u00f3s dois anos sem folia. Para o governador Jer\\u00f4nimo Rodrigues (PT) e os secret\\u00e1rios estaduais de Seguran\\u00e7a P\\u00fablica, Marcelo\",\"inLanguage\":\"pt-BR\",\"isPartOf\":{\"@id\":\"https:\\\/\\\/newsinfoco.com.br\\\/inicio\\\/#website\"},\"breadcrumb\":{\"@id\":\"https:\\\/\\\/newsinfoco.com.br\\\/inicio\\\/governo-do-estado-atribui-reducao-nos-atendimentos-de-saude-no-carnaval-a-efetividade-da-seguranca-publica\\\/#breadcrumblist\"},\"author\":{\"@id\":\"https:\\\/\\\/newsinfoco.com.br\\\/inicio\\\/author\\\/administrador\\\/#author\"},\"creator\":{\"@id\":\"https:\\\/\\\/newsinfoco.com.br\\\/inicio\\\/author\\\/administrador\\\/#author\"},\"image\":{\"@type\":\"ImageObject\",\"url\":\"https:\\\/\\\/newsinfoco.com.br\\\/inicio\\\/wp-content\\\/uploads\\\/2023\\\/02\\\/secretario_de_seguranca_publica_da_bahia_marcelo_werner_foto_bnews_joilson_cesar_widemd.jpeg\",\"@id\":\"https:\\\/\\\/newsinfoco.com.br\\\/inicio\\\/governo-do-estado-atribui-reducao-nos-atendimentos-de-saude-no-carnaval-a-efetividade-da-seguranca-publica\\\/#mainImage\",\"width\":360,\"height\":202},\"primaryImageOfPage\":{\"@id\":\"https:\\\/\\\/newsinfoco.com.br\\\/inicio\\\/governo-do-estado-atribui-reducao-nos-atendimentos-de-saude-no-carnaval-a-efetividade-da-seguranca-publica\\\/#mainImage\"},\"datePublished\":\"2023-02-20T11:27:00-03:00\",\"dateModified\":\"2023-02-20T11:27:00-03:00\"},{\"@type\":\"WebSite\",\"@id\":\"https:\\\/\\\/newsinfoco.com.br\\\/inicio\\\/#website\",\"url\":\"https:\\\/\\\/newsinfoco.com.br\\\/inicio\\\/\",\"name\":\"News In Foco - Editado por Caio Pimenta\",\"description\":\"O principal site de noticias de Alagoinhas e regi\\u00e3o\",\"inLanguage\":\"pt-BR\",\"publisher\":{\"@id\":\"https:\\\/\\\/newsinfoco.com.br\\\/inicio\\\/#organization\"}}]}\n\t\t<\/script>\n\t\t<!-- All in One SEO -->\n\n","aioseo_head_json":{"title":"Governo do Estado atribui redu\u00e7\u00e3o nos atendimentos de sa\u00fade no Carnaval \u00e0 efetividade da seguran\u00e7a p\u00fablica - News In Foco - Editado por Caio Pimenta","description":"Tanto o governo do Estado quanto a Prefeitura de Salvador registraram, at\u00e9 aqui, redu\u00e7\u00e3o do n\u00famero de ocorr\u00eancias na \u00e1rea da sa\u00fade no Carnaval, mesmo com o aumento do p\u00fablico presente nos circuitos e nos bairros ap\u00f3s dois anos sem folia. Para o governador Jer\u00f4nimo Rodrigues (PT) e os secret\u00e1rios estaduais de Seguran\u00e7a P\u00fablica, Marcelo","canonical_url":"https:\/\/newsinfoco.com.br\/inicio\/governo-do-estado-atribui-reducao-nos-atendimentos-de-saude-no-carnaval-a-efetividade-da-seguranca-publica\/","robots":"max-image-preview:large","keywords":"","webmasterTools":{"miscellaneous":""},"schema":{"@context":"https:\/\/schema.org","@graph":[{"@type":"BlogPosting","@id":"https:\/\/newsinfoco.com.br\/inicio\/governo-do-estado-atribui-reducao-nos-atendimentos-de-saude-no-carnaval-a-efetividade-da-seguranca-publica\/#blogposting","name":"Governo do Estado atribui redu\u00e7\u00e3o nos atendimentos de sa\u00fade no Carnaval \u00e0 efetividade da seguran\u00e7a p\u00fablica - News In Foco - Editado por Caio Pimenta","headline":"Governo do Estado atribui redu\u00e7\u00e3o nos atendimentos de sa\u00fade no Carnaval \u00e0 efetividade da seguran\u00e7a p\u00fablica","author":{"@id":"https:\/\/newsinfoco.com.br\/inicio\/author\/administrador\/#author"},"publisher":{"@id":"https:\/\/newsinfoco.com.br\/inicio\/#organization"},"image":{"@type":"ImageObject","url":"https:\/\/newsinfoco.com.br\/inicio\/wp-content\/uploads\/2023\/02\/secretario_de_seguranca_publica_da_bahia_marcelo_werner_foto_bnews_joilson_cesar_widemd.jpeg","width":360,"height":202},"datePublished":"2023-02-20T11:27:00-03:00","dateModified":"2023-02-20T11:27:00-03:00","inLanguage":"pt-BR","mainEntityOfPage":{"@id":"https:\/\/newsinfoco.com.br\/inicio\/governo-do-estado-atribui-reducao-nos-atendimentos-de-saude-no-carnaval-a-efetividade-da-seguranca-publica\/#webpage"},"isPartOf":{"@id":"https:\/\/newsinfoco.com.br\/inicio\/governo-do-estado-atribui-reducao-nos-atendimentos-de-saude-no-carnaval-a-efetividade-da-seguranca-publica\/#webpage"},"articleSection":"Bahia"},{"@type":"BreadcrumbList","@id":"https:\/\/newsinfoco.com.br\/inicio\/governo-do-estado-atribui-reducao-nos-atendimentos-de-saude-no-carnaval-a-efetividade-da-seguranca-publica\/#breadcrumblist","itemListElement":[{"@type":"ListItem","@id":"https:\/\/newsinfoco.com.br\/inicio#listItem","position":1,"name":"In\u00edcio","item":"https:\/\/newsinfoco.com.br\/inicio","nextItem":{"@type":"ListItem","@id":"https:\/\/newsinfoco.com.br\/inicio\/category\/bahia\/#listItem","name":"Bahia"}},{"@type":"ListItem","@id":"https:\/\/newsinfoco.com.br\/inicio\/category\/bahia\/#listItem","position":2,"name":"Bahia","item":"https:\/\/newsinfoco.com.br\/inicio\/category\/bahia\/","nextItem":{"@type":"ListItem","@id":"https:\/\/newsinfoco.com.br\/inicio\/governo-do-estado-atribui-reducao-nos-atendimentos-de-saude-no-carnaval-a-efetividade-da-seguranca-publica\/#listItem","name":"Governo do Estado atribui redu\u00e7\u00e3o nos atendimentos de sa\u00fade no Carnaval \u00e0 efetividade da seguran\u00e7a p\u00fablica"},"previousItem":{"@type":"ListItem","@id":"https:\/\/newsinfoco.com.br\/inicio#listItem","name":"In\u00edcio"}},{"@type":"ListItem","@id":"https:\/\/newsinfoco.com.br\/inicio\/governo-do-estado-atribui-reducao-nos-atendimentos-de-saude-no-carnaval-a-efetividade-da-seguranca-publica\/#listItem","position":3,"name":"Governo do Estado atribui redu\u00e7\u00e3o nos atendimentos de sa\u00fade no Carnaval \u00e0 efetividade da seguran\u00e7a p\u00fablica","previousItem":{"@type":"ListItem","@id":"https:\/\/newsinfoco.com.br\/inicio\/category\/bahia\/#listItem","name":"Bahia"}}]},{"@type":"Organization","@id":"https:\/\/newsinfoco.com.br\/inicio\/#organization","name":"News In Foco - Editado por Caio Pimenta","description":"O principal site de noticias de Alagoinhas e regi\u00e3o","url":"https:\/\/newsinfoco.com.br\/inicio\/"},{"@type":"Person","@id":"https:\/\/newsinfoco.com.br\/inicio\/author\/administrador\/#author","url":"https:\/\/newsinfoco.com.br\/inicio\/author\/administrador\/","name":"administrador","image":{"@type":"ImageObject","@id":"https:\/\/newsinfoco.com.br\/inicio\/governo-do-estado-atribui-reducao-nos-atendimentos-de-saude-no-carnaval-a-efetividade-da-seguranca-publica\/#authorImage","url":"https:\/\/secure.gravatar.com\/avatar\/c17a617433de8c1dc9584bb79aab7563b46f5bb7e1728c9b17d9cc3ce6a08e49?s=96&d=mm&r=g","width":96,"height":96,"caption":"administrador"}},{"@type":"WebPage","@id":"https:\/\/newsinfoco.com.br\/inicio\/governo-do-estado-atribui-reducao-nos-atendimentos-de-saude-no-carnaval-a-efetividade-da-seguranca-publica\/#webpage","url":"https:\/\/newsinfoco.com.br\/inicio\/governo-do-estado-atribui-reducao-nos-atendimentos-de-saude-no-carnaval-a-efetividade-da-seguranca-publica\/","name":"Governo do Estado atribui redu\u00e7\u00e3o nos atendimentos de sa\u00fade no Carnaval \u00e0 efetividade da seguran\u00e7a p\u00fablica - News In Foco - Editado por Caio Pimenta","description":"Tanto o governo do Estado quanto a Prefeitura de Salvador registraram, at\u00e9 aqui, redu\u00e7\u00e3o do n\u00famero de ocorr\u00eancias na \u00e1rea da sa\u00fade no Carnaval, mesmo com o aumento do p\u00fablico presente nos circuitos e nos bairros ap\u00f3s dois anos sem folia. Para o governador Jer\u00f4nimo Rodrigues (PT) e os secret\u00e1rios estaduais de Seguran\u00e7a P\u00fablica, Marcelo","inLanguage":"pt-BR","isPartOf":{"@id":"https:\/\/newsinfoco.com.br\/inicio\/#website"},"breadcrumb":{"@id":"https:\/\/newsinfoco.com.br\/inicio\/governo-do-estado-atribui-reducao-nos-atendimentos-de-saude-no-carnaval-a-efetividade-da-seguranca-publica\/#breadcrumblist"},"author":{"@id":"https:\/\/newsinfoco.com.br\/inicio\/author\/administrador\/#author"},"creator":{"@id":"https:\/\/newsinfoco.com.br\/inicio\/author\/administrador\/#author"},"image":{"@type":"ImageObject","url":"https:\/\/newsinfoco.com.br\/inicio\/wp-content\/uploads\/2023\/02\/secretario_de_seguranca_publica_da_bahia_marcelo_werner_foto_bnews_joilson_cesar_widemd.jpeg","@id":"https:\/\/newsinfoco.com.br\/inicio\/governo-do-estado-atribui-reducao-nos-atendimentos-de-saude-no-carnaval-a-efetividade-da-seguranca-publica\/#mainImage","width":360,"height":202},"primaryImageOfPage":{"@id":"https:\/\/newsinfoco.com.br\/inicio\/governo-do-estado-atribui-reducao-nos-atendimentos-de-saude-no-carnaval-a-efetividade-da-seguranca-publica\/#mainImage"},"datePublished":"2023-02-20T11:27:00-03:00","dateModified":"2023-02-20T11:27:00-03:00"},{"@type":"WebSite","@id":"https:\/\/newsinfoco.com.br\/inicio\/#website","url":"https:\/\/newsinfoco.com.br\/inicio\/","name":"News In Foco - Editado por Caio Pimenta","description":"O principal site de noticias de Alagoinhas e regi\u00e3o","inLanguage":"pt-BR","publisher":{"@id":"https:\/\/newsinfoco.com.br\/inicio\/#organization"}}]},"og:locale":"pt_BR","og:site_name":"News In Foco - Editado por Caio Pimenta - O principal site de noticias de Alagoinhas e regi\u00e3o","og:type":"article","og:title":"Governo do Estado atribui redu\u00e7\u00e3o nos atendimentos de sa\u00fade no Carnaval \u00e0 efetividade da seguran\u00e7a p\u00fablica - News In Foco - Editado por Caio Pimenta","og:description":"Tanto o governo do Estado quanto a Prefeitura de Salvador registraram, at\u00e9 aqui, redu\u00e7\u00e3o do n\u00famero de ocorr\u00eancias na \u00e1rea da sa\u00fade no Carnaval, mesmo com o aumento do p\u00fablico presente nos circuitos e nos bairros ap\u00f3s dois anos sem folia. Para o governador Jer\u00f4nimo Rodrigues (PT) e os secret\u00e1rios estaduais de Seguran\u00e7a P\u00fablica, Marcelo","og:url":"https:\/\/newsinfoco.com.br\/inicio\/governo-do-estado-atribui-reducao-nos-atendimentos-de-saude-no-carnaval-a-efetividade-da-seguranca-publica\/","article:published_time":"2023-02-20T14:27:00+00:00","article:modified_time":"2023-02-20T14:27:00+00:00","twitter:card":"summary_large_image","twitter:title":"Governo do Estado atribui redu\u00e7\u00e3o nos atendimentos de sa\u00fade no Carnaval \u00e0 efetividade da seguran\u00e7a p\u00fablica - News In Foco - Editado por Caio Pimenta","twitter:description":"Tanto o governo do Estado quanto a Prefeitura de Salvador registraram, at\u00e9 aqui, redu\u00e7\u00e3o do n\u00famero de ocorr\u00eancias na \u00e1rea da sa\u00fade no Carnaval, mesmo com o aumento do p\u00fablico presente nos circuitos e nos bairros ap\u00f3s dois anos sem folia. Para o governador Jer\u00f4nimo Rodrigues (PT) e os secret\u00e1rios estaduais de Seguran\u00e7a P\u00fablica, Marcelo"},"aioseo_meta_data":{"post_id":"33036","title":null,"description":null,"keywords":null,"keyphrases":null,"primary_term":null,"canonical_url":null,"og_title":null,"og_description":null,"og_object_type":"default","og_image_type":"default","og_image_url":null,"og_image_width":null,"og_image_height":null,"og_image_custom_url":null,"og_image_custom_fields":null,"og_video":null,"og_custom_url":null,"og_article_section":null,"og_article_tags":null,"twitter_use_og":false,"twitter_card":"default","twitter_image_type":"default","twitter_image_url":null,"twitter_image_custom_url":null,"twitter_image_custom_fields":null,"twitter_title":null,"twitter_description":null,"schema":{"blockGraphs":[],"customGraphs":[],"default":{"data":{"Article":[],"Course":[],"Dataset":[],"FAQPage":[],"Movie":[],"Person":[],"Product":[],"ProductReview":[],"Car":[],"Recipe":[],"Service":[],"SoftwareApplication":[],"WebPage":[]},"graphName":"","isEnabled":true},"graphs":[]},"schema_type":"default","schema_type_options":null,"pillar_content":false,"robots_default":true,"robots_noindex":false,"robots_noarchive":false,"robots_nosnippet":false,"robots_nofollow":false,"robots_noimageindex":false,"robots_noodp":false,"robots_notranslate":false,"robots_max_snippet":null,"robots_max_videopreview":null,"robots_max_imagepreview":"large","priority":null,"frequency":null,"local_seo":null,"breadcrumb_settings":null,"limit_modified_date":false,"ai":null,"created":"2023-06-12 22:53:42","updated":"2025-07-11 09:10:48","seo_analyzer_scan_date":null},"aioseo_breadcrumb":"<div class=\"aioseo-breadcrumbs\"><span class=\"aioseo-breadcrumb\">\n\t\t\t<a href=\"https:\/\/newsinfoco.com.br\/inicio\" title=\"In\u00edcio\">In\u00edcio<\/a>\n\t\t<\/span><span class=\"aioseo-breadcrumb-separator\">&raquo;<\/span><span class=\"aioseo-breadcrumb\">\n\t\t\t<a href=\"https:\/\/newsinfoco.com.br\/inicio\/category\/bahia\/\" title=\"Bahia\">Bahia<\/a>\n\t\t<\/span><span class=\"aioseo-breadcrumb-separator\">&raquo;<\/span><span class=\"aioseo-breadcrumb\">\n\t\t\tGoverno do Estado atribui redu\u00e7\u00e3o nos atendimentos de sa\u00fade no Carnaval \u00e0 efetividade da seguran\u00e7a p\u00fablica\n\t\t<\/span><\/div>","aioseo_breadcrumb_json":[{"label":"In\u00edcio","link":"https:\/\/newsinfoco.com.br\/inicio"},{"label":"Bahia","link":"https:\/\/newsinfoco.com.br\/inicio\/category\/bahia\/"},{"label":"Governo do Estado atribui redu\u00e7\u00e3o nos atendimentos de sa\u00fade no Carnaval \u00e0 efetividade da seguran\u00e7a p\u00fablica","link":"https:\/\/newsinfoco.com.br\/inicio\/governo-do-estado-atribui-reducao-nos-atendimentos-de-saude-no-carnaval-a-efetividade-da-seguranca-publica\/"}],"_links":{"self":[{"href":"https:\/\/newsinfoco.com.br\/inicio\/wp-json\/wp\/v2\/posts\/33036","targetHints":{"allow":["GET"]}}],"collection":[{"href":"https:\/\/newsinfoco.com.br\/inicio\/wp-json\/wp\/v2\/posts"}],"about":[{"href":"https:\/\/newsinfoco.com.br\/inicio\/wp-json\/wp\/v2\/types\/post"}],"author":[{"embeddable":true,"href":"https:\/\/newsinfoco.com.br\/inicio\/wp-json\/wp\/v2\/users\/1"}],"replies":[{"embeddable":true,"href":"https:\/\/newsinfoco.com.br\/inicio\/wp-json\/wp\/v2\/comments?post=33036"}],"version-history":[{"count":1,"href":"https:\/\/newsinfoco.com.br\/inicio\/wp-json\/wp\/v2\/posts\/33036\/revisions"}],"predecessor-version":[{"id":33038,"href":"https:\/\/newsinfoco.com.br\/inicio\/wp-json\/wp\/v2\/posts\/33036\/revisions\/33038"}],"wp:featuredmedia":[{"embeddable":true,"href":"https:\/\/newsinfoco.com.br\/inicio\/wp-json\/wp\/v2\/media\/33037"}],"wp:attachment":[{"href":"https:\/\/newsinfoco.com.br\/inicio\/wp-json\/wp\/v2\/media?parent=33036"}],"wp:term":[{"taxonomy":"category","embeddable":true,"href":"https:\/\/newsinfoco.com.br\/inicio\/wp-json\/wp\/v2\/categories?post=33036"},{"taxonomy":"post_tag","embeddable":true,"href":"https:\/\/newsinfoco.com.br\/inicio\/wp-json\/wp\/v2\/tags?post=33036"}],"curies":[{"name":"wp","href":"https:\/\/api.w.org\/{rel}","templated":true}]}}