{"id":33039,"date":"2023-02-20T11:32:38","date_gmt":"2023-02-20T14:32:38","guid":{"rendered":"https:\/\/newsinfoco.com.br\/inicio\/?p=33039"},"modified":"2023-02-20T11:32:38","modified_gmt":"2023-02-20T14:32:38","slug":"tarcisio-decreta-calamidade-publica-em-cidades-do-litoral-de-sp","status":"publish","type":"post","link":"https:\/\/newsinfoco.com.br\/inicio\/tarcisio-decreta-calamidade-publica-em-cidades-do-litoral-de-sp\/","title":{"rendered":"Tarc\u00edsio decreta calamidade p\u00fablica em cidades do litoral de SP"},"content":{"rendered":"<p>O governador\u00a0Tarc\u00edsio de Freitas (foto) decretou\u00a0estado de calamidade p\u00fablica\u00a0nas cidades de Ubatuba, S\u00e3o Sebasti\u00e3o, Ilhabela, Caraguatatuba, Bertioga e Guaruj\u00e1 em raz\u00e3o das fortes chuvas que atingiram a regi\u00e3o neste fim de semana.<\/p>\n<p>Al\u00e9m de v\u00e1rios pontos de alagamento e deslizamento, o temporal no litoral paulista provocou ao menos\u00a019 mortes,\u00a0segundo boletim atualizado do governo. Ainda de acordo com o novo balan\u00e7o,\u00a0228 pessoas est\u00e3o desalojadas\u00a0e\u00a0338, desabrigadas.<\/p>\n<p>Depois de solicita\u00e7\u00e3o do governo paulista, o\u00a0Ex\u00e9rcito Brasileiro\u00a0autorizou a atua\u00e7\u00e3o de tropas e meios do Comando Militar do Sudeste para ajudar as v\u00edtimas das chuvas.<\/p>\n<p>As For\u00e7as Armadas cederam\u00a0dois helic\u00f3pteros de grande porte\u00a0para buscas e salvamento. O Batalh\u00e3o de Engenharia de Pindamonhangaba enviou t\u00e9cnicos para atuar na\u00a0desobstru\u00e7\u00e3o da BR-101\u00a0(Rio-Santos).<\/p>\n<p>&nbsp;<\/p>\n<p>Oantagonista<\/p>\n<div class='share-to-whatsapp-wrapper'><div class='share-on-whsp'>Share on: <\/div><a data-text='Tarc\u00edsio decreta calamidade p\u00fablica em cidades do litoral de SP' data-link='https:\/\/newsinfoco.com.br\/inicio\/tarcisio-decreta-calamidade-publica-em-cidades-do-litoral-de-sp\/' class='whatsapp-button whatsapp-share'>WhatsApp<\/a><div class='clear '><\/div><\/div>","protected":false},"excerpt":{"rendered":"<p>O governador\u00a0Tarc\u00edsio de Freitas (foto) decretou\u00a0estado de calamidade p\u00fablica\u00a0nas cidades de Ubatuba, S\u00e3o Sebasti\u00e3o, Ilhabela, Caraguatatuba, Bertioga e Guaruj\u00e1 em raz\u00e3o das fortes chuvas que atingiram a regi\u00e3o neste fim de semana. Al\u00e9m de v\u00e1rios pontos de alagamento e deslizamento, o temporal no litoral paulista provocou ao menos\u00a019 mortes,\u00a0segundo boletim atualizado do governo. Ainda de [&hellip;]<\/p>\n","protected":false},"author":1,"featured_media":33040,"comment_status":"closed","ping_status":"closed","sticky":false,"template":"","format":"standard","meta":{"om_disable_all_campaigns":false,"rop_custom_images_group":[],"rop_custom_messages_group":[],"rop_publish_now":"initial","rop_publish_now_accounts":[],"rop_publish_now_history":[],"rop_publish_now_status":"pending","_exactmetrics_skip_tracking":false,"footnotes":""},"categories":[21],"tags":[],"class_list":["post-33039","post","type-post","status-publish","format-standard","has-post-thumbnail","hentry","category-brasil"],"aioseo_notices":[],"aioseo_head":"\n\t\t<!-- All in One SEO 4.9.10 - aioseo.com -->\n\t<meta name=\"description\" content=\"O governador Tarc\u00edsio de Freitas (foto) decretou estado de calamidade p\u00fablica nas cidades de Ubatuba, S\u00e3o Sebasti\u00e3o, Ilhabela, Caraguatatuba, Bertioga e Guaruj\u00e1 em raz\u00e3o das fortes chuvas que atingiram a regi\u00e3o neste fim de semana. Al\u00e9m de v\u00e1rios pontos de alagamento e deslizamento, o temporal no litoral paulista provocou ao menos 19 mortes, segundo boletim atualizado do governo. Ainda de\" \/>\n\t<meta name=\"robots\" content=\"max-image-preview:large\" \/>\n\t<meta name=\"author\" content=\"administrador\"\/>\n\t<link rel=\"canonical\" href=\"https:\/\/newsinfoco.com.br\/inicio\/tarcisio-decreta-calamidade-publica-em-cidades-do-litoral-de-sp\/\" \/>\n\t<meta name=\"generator\" content=\"All in One SEO (AIOSEO) 4.9.10\" \/>\n\t\t<meta property=\"og:locale\" content=\"pt_BR\" \/>\n\t\t<meta property=\"og:site_name\" content=\"News In Foco - Editado por Caio Pimenta - O principal site de noticias de Alagoinhas e regi\u00e3o\" \/>\n\t\t<meta property=\"og:type\" content=\"article\" \/>\n\t\t<meta property=\"og:title\" content=\"Tarc\u00edsio decreta calamidade p\u00fablica em cidades do litoral de SP - News In Foco - Editado por Caio Pimenta\" \/>\n\t\t<meta property=\"og:description\" content=\"O governador Tarc\u00edsio de Freitas (foto) decretou estado de calamidade p\u00fablica nas cidades de Ubatuba, S\u00e3o Sebasti\u00e3o, Ilhabela, Caraguatatuba, Bertioga e Guaruj\u00e1 em raz\u00e3o das fortes chuvas que atingiram a regi\u00e3o neste fim de semana. Al\u00e9m de v\u00e1rios pontos de alagamento e deslizamento, o temporal no litoral paulista provocou ao menos 19 mortes, segundo boletim atualizado do governo. Ainda de\" \/>\n\t\t<meta property=\"og:url\" content=\"https:\/\/newsinfoco.com.br\/inicio\/tarcisio-decreta-calamidade-publica-em-cidades-do-litoral-de-sp\/\" \/>\n\t\t<meta property=\"article:published_time\" content=\"2023-02-20T14:32:38+00:00\" \/>\n\t\t<meta property=\"article:modified_time\" content=\"2023-02-20T14:32:38+00:00\" \/>\n\t\t<meta name=\"twitter:card\" content=\"summary_large_image\" \/>\n\t\t<meta name=\"twitter:title\" content=\"Tarc\u00edsio decreta calamidade p\u00fablica em cidades do litoral de SP - News In Foco - Editado por Caio Pimenta\" \/>\n\t\t<meta name=\"twitter:description\" content=\"O governador Tarc\u00edsio de Freitas (foto) decretou estado de calamidade p\u00fablica nas cidades de Ubatuba, S\u00e3o Sebasti\u00e3o, Ilhabela, Caraguatatuba, Bertioga e Guaruj\u00e1 em raz\u00e3o das fortes chuvas que atingiram a regi\u00e3o neste fim de semana. Al\u00e9m de v\u00e1rios pontos de alagamento e deslizamento, o temporal no litoral paulista provocou ao menos 19 mortes, segundo boletim atualizado do governo. Ainda de\" \/>\n\t\t<script type=\"application\/ld+json\" class=\"aioseo-schema\">\n\t\t\t{\"@context\":\"https:\\\/\\\/schema.org\",\"@graph\":[{\"@type\":\"BlogPosting\",\"@id\":\"https:\\\/\\\/newsinfoco.com.br\\\/inicio\\\/tarcisio-decreta-calamidade-publica-em-cidades-do-litoral-de-sp\\\/#blogposting\",\"name\":\"Tarc\\u00edsio decreta calamidade p\\u00fablica em cidades do litoral de SP - News In Foco - Editado por Caio Pimenta\",\"headline\":\"Tarc\\u00edsio decreta calamidade p\\u00fablica em cidades do litoral de SP\",\"author\":{\"@id\":\"https:\\\/\\\/newsinfoco.com.br\\\/inicio\\\/author\\\/administrador\\\/#author\"},\"publisher\":{\"@id\":\"https:\\\/\\\/newsinfoco.com.br\\\/inicio\\\/#organization\"},\"image\":{\"@type\":\"ImageObject\",\"url\":\"https:\\\/\\\/newsinfoco.com.br\\\/inicio\\\/wp-content\\\/uploads\\\/2023\\\/02\\\/100179399-brasil-20-20s-c3-83o-20paulo-20sp-20-2016-08-2022-20-20sabatina-20tarc-c3-8dsio-20de-20freitas-20cbn-20-20-20maria-20isabel-20ol.webp\",\"width\":924,\"height\":616},\"datePublished\":\"2023-02-20T11:32:38-03:00\",\"dateModified\":\"2023-02-20T11:32:38-03:00\",\"inLanguage\":\"pt-BR\",\"mainEntityOfPage\":{\"@id\":\"https:\\\/\\\/newsinfoco.com.br\\\/inicio\\\/tarcisio-decreta-calamidade-publica-em-cidades-do-litoral-de-sp\\\/#webpage\"},\"isPartOf\":{\"@id\":\"https:\\\/\\\/newsinfoco.com.br\\\/inicio\\\/tarcisio-decreta-calamidade-publica-em-cidades-do-litoral-de-sp\\\/#webpage\"},\"articleSection\":\"Brasil\"},{\"@type\":\"BreadcrumbList\",\"@id\":\"https:\\\/\\\/newsinfoco.com.br\\\/inicio\\\/tarcisio-decreta-calamidade-publica-em-cidades-do-litoral-de-sp\\\/#breadcrumblist\",\"itemListElement\":[{\"@type\":\"ListItem\",\"@id\":\"https:\\\/\\\/newsinfoco.com.br\\\/inicio#listItem\",\"position\":1,\"name\":\"In\\u00edcio\",\"item\":\"https:\\\/\\\/newsinfoco.com.br\\\/inicio\",\"nextItem\":{\"@type\":\"ListItem\",\"@id\":\"https:\\\/\\\/newsinfoco.com.br\\\/inicio\\\/category\\\/brasil\\\/#listItem\",\"name\":\"Brasil\"}},{\"@type\":\"ListItem\",\"@id\":\"https:\\\/\\\/newsinfoco.com.br\\\/inicio\\\/category\\\/brasil\\\/#listItem\",\"position\":2,\"name\":\"Brasil\",\"item\":\"https:\\\/\\\/newsinfoco.com.br\\\/inicio\\\/category\\\/brasil\\\/\",\"nextItem\":{\"@type\":\"ListItem\",\"@id\":\"https:\\\/\\\/newsinfoco.com.br\\\/inicio\\\/tarcisio-decreta-calamidade-publica-em-cidades-do-litoral-de-sp\\\/#listItem\",\"name\":\"Tarc\\u00edsio decreta calamidade p\\u00fablica em cidades do litoral de SP\"},\"previousItem\":{\"@type\":\"ListItem\",\"@id\":\"https:\\\/\\\/newsinfoco.com.br\\\/inicio#listItem\",\"name\":\"In\\u00edcio\"}},{\"@type\":\"ListItem\",\"@id\":\"https:\\\/\\\/newsinfoco.com.br\\\/inicio\\\/tarcisio-decreta-calamidade-publica-em-cidades-do-litoral-de-sp\\\/#listItem\",\"position\":3,\"name\":\"Tarc\\u00edsio decreta calamidade p\\u00fablica em cidades do litoral de SP\",\"previousItem\":{\"@type\":\"ListItem\",\"@id\":\"https:\\\/\\\/newsinfoco.com.br\\\/inicio\\\/category\\\/brasil\\\/#listItem\",\"name\":\"Brasil\"}}]},{\"@type\":\"Organization\",\"@id\":\"https:\\\/\\\/newsinfoco.com.br\\\/inicio\\\/#organization\",\"name\":\"News In Foco - Editado por Caio Pimenta\",\"description\":\"O principal site de noticias de Alagoinhas e regi\\u00e3o\",\"url\":\"https:\\\/\\\/newsinfoco.com.br\\\/inicio\\\/\"},{\"@type\":\"Person\",\"@id\":\"https:\\\/\\\/newsinfoco.com.br\\\/inicio\\\/author\\\/administrador\\\/#author\",\"url\":\"https:\\\/\\\/newsinfoco.com.br\\\/inicio\\\/author\\\/administrador\\\/\",\"name\":\"administrador\",\"image\":{\"@type\":\"ImageObject\",\"@id\":\"https:\\\/\\\/newsinfoco.com.br\\\/inicio\\\/tarcisio-decreta-calamidade-publica-em-cidades-do-litoral-de-sp\\\/#authorImage\",\"url\":\"https:\\\/\\\/secure.gravatar.com\\\/avatar\\\/c17a617433de8c1dc9584bb79aab7563b46f5bb7e1728c9b17d9cc3ce6a08e49?s=96&d=mm&r=g\",\"width\":96,\"height\":96,\"caption\":\"administrador\"}},{\"@type\":\"WebPage\",\"@id\":\"https:\\\/\\\/newsinfoco.com.br\\\/inicio\\\/tarcisio-decreta-calamidade-publica-em-cidades-do-litoral-de-sp\\\/#webpage\",\"url\":\"https:\\\/\\\/newsinfoco.com.br\\\/inicio\\\/tarcisio-decreta-calamidade-publica-em-cidades-do-litoral-de-sp\\\/\",\"name\":\"Tarc\\u00edsio decreta calamidade p\\u00fablica em cidades do litoral de SP - News In Foco - Editado por Caio Pimenta\",\"description\":\"O governador Tarc\\u00edsio de Freitas (foto) decretou estado de calamidade p\\u00fablica nas cidades de Ubatuba, S\\u00e3o Sebasti\\u00e3o, Ilhabela, Caraguatatuba, Bertioga e Guaruj\\u00e1 em raz\\u00e3o das fortes chuvas que atingiram a regi\\u00e3o neste fim de semana. Al\\u00e9m de v\\u00e1rios pontos de alagamento e deslizamento, o temporal no litoral paulista provocou ao menos 19 mortes, segundo boletim atualizado do governo. Ainda de\",\"inLanguage\":\"pt-BR\",\"isPartOf\":{\"@id\":\"https:\\\/\\\/newsinfoco.com.br\\\/inicio\\\/#website\"},\"breadcrumb\":{\"@id\":\"https:\\\/\\\/newsinfoco.com.br\\\/inicio\\\/tarcisio-decreta-calamidade-publica-em-cidades-do-litoral-de-sp\\\/#breadcrumblist\"},\"author\":{\"@id\":\"https:\\\/\\\/newsinfoco.com.br\\\/inicio\\\/author\\\/administrador\\\/#author\"},\"creator\":{\"@id\":\"https:\\\/\\\/newsinfoco.com.br\\\/inicio\\\/author\\\/administrador\\\/#author\"},\"image\":{\"@type\":\"ImageObject\",\"url\":\"https:\\\/\\\/newsinfoco.com.br\\\/inicio\\\/wp-content\\\/uploads\\\/2023\\\/02\\\/100179399-brasil-20-20s-c3-83o-20paulo-20sp-20-2016-08-2022-20-20sabatina-20tarc-c3-8dsio-20de-20freitas-20cbn-20-20-20maria-20isabel-20ol.webp\",\"@id\":\"https:\\\/\\\/newsinfoco.com.br\\\/inicio\\\/tarcisio-decreta-calamidade-publica-em-cidades-do-litoral-de-sp\\\/#mainImage\",\"width\":924,\"height\":616},\"primaryImageOfPage\":{\"@id\":\"https:\\\/\\\/newsinfoco.com.br\\\/inicio\\\/tarcisio-decreta-calamidade-publica-em-cidades-do-litoral-de-sp\\\/#mainImage\"},\"datePublished\":\"2023-02-20T11:32:38-03:00\",\"dateModified\":\"2023-02-20T11:32:38-03:00\"},{\"@type\":\"WebSite\",\"@id\":\"https:\\\/\\\/newsinfoco.com.br\\\/inicio\\\/#website\",\"url\":\"https:\\\/\\\/newsinfoco.com.br\\\/inicio\\\/\",\"name\":\"News In Foco - Editado por Caio Pimenta\",\"description\":\"O principal site de noticias de Alagoinhas e regi\\u00e3o\",\"inLanguage\":\"pt-BR\",\"publisher\":{\"@id\":\"https:\\\/\\\/newsinfoco.com.br\\\/inicio\\\/#organization\"}}]}\n\t\t<\/script>\n\t\t<!-- All in One SEO -->\n\n","aioseo_head_json":{"title":"Tarc\u00edsio decreta calamidade p\u00fablica em cidades do litoral de SP - News In Foco - Editado por Caio Pimenta","description":"O governador Tarc\u00edsio de Freitas (foto) decretou estado de calamidade p\u00fablica nas cidades de Ubatuba, S\u00e3o Sebasti\u00e3o, Ilhabela, Caraguatatuba, Bertioga e Guaruj\u00e1 em raz\u00e3o das fortes chuvas que atingiram a regi\u00e3o neste fim de semana. Al\u00e9m de v\u00e1rios pontos de alagamento e deslizamento, o temporal no litoral paulista provocou ao menos 19 mortes, segundo boletim atualizado do governo. Ainda de","canonical_url":"https:\/\/newsinfoco.com.br\/inicio\/tarcisio-decreta-calamidade-publica-em-cidades-do-litoral-de-sp\/","robots":"max-image-preview:large","keywords":"","webmasterTools":{"miscellaneous":""},"schema":{"@context":"https:\/\/schema.org","@graph":[{"@type":"BlogPosting","@id":"https:\/\/newsinfoco.com.br\/inicio\/tarcisio-decreta-calamidade-publica-em-cidades-do-litoral-de-sp\/#blogposting","name":"Tarc\u00edsio decreta calamidade p\u00fablica em cidades do litoral de SP - News In Foco - Editado por Caio Pimenta","headline":"Tarc\u00edsio decreta calamidade p\u00fablica em cidades do litoral de SP","author":{"@id":"https:\/\/newsinfoco.com.br\/inicio\/author\/administrador\/#author"},"publisher":{"@id":"https:\/\/newsinfoco.com.br\/inicio\/#organization"},"image":{"@type":"ImageObject","url":"https:\/\/newsinfoco.com.br\/inicio\/wp-content\/uploads\/2023\/02\/100179399-brasil-20-20s-c3-83o-20paulo-20sp-20-2016-08-2022-20-20sabatina-20tarc-c3-8dsio-20de-20freitas-20cbn-20-20-20maria-20isabel-20ol.webp","width":924,"height":616},"datePublished":"2023-02-20T11:32:38-03:00","dateModified":"2023-02-20T11:32:38-03:00","inLanguage":"pt-BR","mainEntityOfPage":{"@id":"https:\/\/newsinfoco.com.br\/inicio\/tarcisio-decreta-calamidade-publica-em-cidades-do-litoral-de-sp\/#webpage"},"isPartOf":{"@id":"https:\/\/newsinfoco.com.br\/inicio\/tarcisio-decreta-calamidade-publica-em-cidades-do-litoral-de-sp\/#webpage"},"articleSection":"Brasil"},{"@type":"BreadcrumbList","@id":"https:\/\/newsinfoco.com.br\/inicio\/tarcisio-decreta-calamidade-publica-em-cidades-do-litoral-de-sp\/#breadcrumblist","itemListElement":[{"@type":"ListItem","@id":"https:\/\/newsinfoco.com.br\/inicio#listItem","position":1,"name":"In\u00edcio","item":"https:\/\/newsinfoco.com.br\/inicio","nextItem":{"@type":"ListItem","@id":"https:\/\/newsinfoco.com.br\/inicio\/category\/brasil\/#listItem","name":"Brasil"}},{"@type":"ListItem","@id":"https:\/\/newsinfoco.com.br\/inicio\/category\/brasil\/#listItem","position":2,"name":"Brasil","item":"https:\/\/newsinfoco.com.br\/inicio\/category\/brasil\/","nextItem":{"@type":"ListItem","@id":"https:\/\/newsinfoco.com.br\/inicio\/tarcisio-decreta-calamidade-publica-em-cidades-do-litoral-de-sp\/#listItem","name":"Tarc\u00edsio decreta calamidade p\u00fablica em cidades do litoral de SP"},"previousItem":{"@type":"ListItem","@id":"https:\/\/newsinfoco.com.br\/inicio#listItem","name":"In\u00edcio"}},{"@type":"ListItem","@id":"https:\/\/newsinfoco.com.br\/inicio\/tarcisio-decreta-calamidade-publica-em-cidades-do-litoral-de-sp\/#listItem","position":3,"name":"Tarc\u00edsio decreta calamidade p\u00fablica em cidades do litoral de SP","previousItem":{"@type":"ListItem","@id":"https:\/\/newsinfoco.com.br\/inicio\/category\/brasil\/#listItem","name":"Brasil"}}]},{"@type":"Organization","@id":"https:\/\/newsinfoco.com.br\/inicio\/#organization","name":"News In Foco - Editado por Caio Pimenta","description":"O principal site de noticias de Alagoinhas e regi\u00e3o","url":"https:\/\/newsinfoco.com.br\/inicio\/"},{"@type":"Person","@id":"https:\/\/newsinfoco.com.br\/inicio\/author\/administrador\/#author","url":"https:\/\/newsinfoco.com.br\/inicio\/author\/administrador\/","name":"administrador","image":{"@type":"ImageObject","@id":"https:\/\/newsinfoco.com.br\/inicio\/tarcisio-decreta-calamidade-publica-em-cidades-do-litoral-de-sp\/#authorImage","url":"https:\/\/secure.gravatar.com\/avatar\/c17a617433de8c1dc9584bb79aab7563b46f5bb7e1728c9b17d9cc3ce6a08e49?s=96&d=mm&r=g","width":96,"height":96,"caption":"administrador"}},{"@type":"WebPage","@id":"https:\/\/newsinfoco.com.br\/inicio\/tarcisio-decreta-calamidade-publica-em-cidades-do-litoral-de-sp\/#webpage","url":"https:\/\/newsinfoco.com.br\/inicio\/tarcisio-decreta-calamidade-publica-em-cidades-do-litoral-de-sp\/","name":"Tarc\u00edsio decreta calamidade p\u00fablica em cidades do litoral de SP - News In Foco - Editado por Caio Pimenta","description":"O governador Tarc\u00edsio de Freitas (foto) decretou estado de calamidade p\u00fablica nas cidades de Ubatuba, S\u00e3o Sebasti\u00e3o, Ilhabela, Caraguatatuba, Bertioga e Guaruj\u00e1 em raz\u00e3o das fortes chuvas que atingiram a regi\u00e3o neste fim de semana. Al\u00e9m de v\u00e1rios pontos de alagamento e deslizamento, o temporal no litoral paulista provocou ao menos 19 mortes, segundo boletim atualizado do governo. Ainda de","inLanguage":"pt-BR","isPartOf":{"@id":"https:\/\/newsinfoco.com.br\/inicio\/#website"},"breadcrumb":{"@id":"https:\/\/newsinfoco.com.br\/inicio\/tarcisio-decreta-calamidade-publica-em-cidades-do-litoral-de-sp\/#breadcrumblist"},"author":{"@id":"https:\/\/newsinfoco.com.br\/inicio\/author\/administrador\/#author"},"creator":{"@id":"https:\/\/newsinfoco.com.br\/inicio\/author\/administrador\/#author"},"image":{"@type":"ImageObject","url":"https:\/\/newsinfoco.com.br\/inicio\/wp-content\/uploads\/2023\/02\/100179399-brasil-20-20s-c3-83o-20paulo-20sp-20-2016-08-2022-20-20sabatina-20tarc-c3-8dsio-20de-20freitas-20cbn-20-20-20maria-20isabel-20ol.webp","@id":"https:\/\/newsinfoco.com.br\/inicio\/tarcisio-decreta-calamidade-publica-em-cidades-do-litoral-de-sp\/#mainImage","width":924,"height":616},"primaryImageOfPage":{"@id":"https:\/\/newsinfoco.com.br\/inicio\/tarcisio-decreta-calamidade-publica-em-cidades-do-litoral-de-sp\/#mainImage"},"datePublished":"2023-02-20T11:32:38-03:00","dateModified":"2023-02-20T11:32:38-03:00"},{"@type":"WebSite","@id":"https:\/\/newsinfoco.com.br\/inicio\/#website","url":"https:\/\/newsinfoco.com.br\/inicio\/","name":"News In Foco - Editado por Caio Pimenta","description":"O principal site de noticias de Alagoinhas e regi\u00e3o","inLanguage":"pt-BR","publisher":{"@id":"https:\/\/newsinfoco.com.br\/inicio\/#organization"}}]},"og:locale":"pt_BR","og:site_name":"News In Foco - Editado por Caio Pimenta - O principal site de noticias de Alagoinhas e regi\u00e3o","og:type":"article","og:title":"Tarc\u00edsio decreta calamidade p\u00fablica em cidades do litoral de SP - News In Foco - Editado por Caio Pimenta","og:description":"O governador Tarc\u00edsio de Freitas (foto) decretou estado de calamidade p\u00fablica nas cidades de Ubatuba, S\u00e3o Sebasti\u00e3o, Ilhabela, Caraguatatuba, Bertioga e Guaruj\u00e1 em raz\u00e3o das fortes chuvas que atingiram a regi\u00e3o neste fim de semana. Al\u00e9m de v\u00e1rios pontos de alagamento e deslizamento, o temporal no litoral paulista provocou ao menos 19 mortes, segundo boletim atualizado do governo. Ainda de","og:url":"https:\/\/newsinfoco.com.br\/inicio\/tarcisio-decreta-calamidade-publica-em-cidades-do-litoral-de-sp\/","article:published_time":"2023-02-20T14:32:38+00:00","article:modified_time":"2023-02-20T14:32:38+00:00","twitter:card":"summary_large_image","twitter:title":"Tarc\u00edsio decreta calamidade p\u00fablica em cidades do litoral de SP - News In Foco - Editado por Caio Pimenta","twitter:description":"O governador Tarc\u00edsio de Freitas (foto) decretou estado de calamidade p\u00fablica nas cidades de Ubatuba, S\u00e3o Sebasti\u00e3o, Ilhabela, Caraguatatuba, Bertioga e Guaruj\u00e1 em raz\u00e3o das fortes chuvas que atingiram a regi\u00e3o neste fim de semana. Al\u00e9m de v\u00e1rios pontos de alagamento e deslizamento, o temporal no litoral paulista provocou ao menos 19 mortes, segundo boletim atualizado do governo. Ainda de"},"aioseo_meta_data":{"post_id":"33039","title":null,"description":null,"keywords":null,"keyphrases":null,"primary_term":null,"canonical_url":null,"og_title":null,"og_description":null,"og_object_type":"default","og_image_type":"default","og_image_url":null,"og_image_width":null,"og_image_height":null,"og_image_custom_url":null,"og_image_custom_fields":null,"og_video":null,"og_custom_url":null,"og_article_section":null,"og_article_tags":null,"twitter_use_og":false,"twitter_card":"default","twitter_image_type":"default","twitter_image_url":null,"twitter_image_custom_url":null,"twitter_image_custom_fields":null,"twitter_title":null,"twitter_description":null,"schema":{"blockGraphs":[],"customGraphs":[],"default":{"data":{"Article":[],"Course":[],"Dataset":[],"FAQPage":[],"Movie":[],"Person":[],"Product":[],"ProductReview":[],"Car":[],"Recipe":[],"Service":[],"SoftwareApplication":[],"WebPage":[]},"graphName":"","isEnabled":true},"graphs":[]},"schema_type":"default","schema_type_options":null,"pillar_content":false,"robots_default":true,"robots_noindex":false,"robots_noarchive":false,"robots_nosnippet":false,"robots_nofollow":false,"robots_noimageindex":false,"robots_noodp":false,"robots_notranslate":false,"robots_max_snippet":null,"robots_max_videopreview":null,"robots_max_imagepreview":"large","priority":null,"frequency":null,"local_seo":null,"breadcrumb_settings":null,"limit_modified_date":false,"ai":null,"created":"2023-06-12 22:53:42","updated":"2025-07-11 09:10:48","seo_analyzer_scan_date":null},"aioseo_breadcrumb":"<div class=\"aioseo-breadcrumbs\"><span class=\"aioseo-breadcrumb\">\n\t\t\t<a href=\"https:\/\/newsinfoco.com.br\/inicio\" title=\"In\u00edcio\">In\u00edcio<\/a>\n\t\t<\/span><span class=\"aioseo-breadcrumb-separator\">&raquo;<\/span><span class=\"aioseo-breadcrumb\">\n\t\t\t<a href=\"https:\/\/newsinfoco.com.br\/inicio\/category\/brasil\/\" title=\"Brasil\">Brasil<\/a>\n\t\t<\/span><span class=\"aioseo-breadcrumb-separator\">&raquo;<\/span><span class=\"aioseo-breadcrumb\">\n\t\t\tTarc\u00edsio decreta calamidade p\u00fablica em cidades do litoral de SP\n\t\t<\/span><\/div>","aioseo_breadcrumb_json":[{"label":"In\u00edcio","link":"https:\/\/newsinfoco.com.br\/inicio"},{"label":"Brasil","link":"https:\/\/newsinfoco.com.br\/inicio\/category\/brasil\/"},{"label":"Tarc\u00edsio decreta calamidade p\u00fablica em cidades do litoral de SP","link":"https:\/\/newsinfoco.com.br\/inicio\/tarcisio-decreta-calamidade-publica-em-cidades-do-litoral-de-sp\/"}],"_links":{"self":[{"href":"https:\/\/newsinfoco.com.br\/inicio\/wp-json\/wp\/v2\/posts\/33039","targetHints":{"allow":["GET"]}}],"collection":[{"href":"https:\/\/newsinfoco.com.br\/inicio\/wp-json\/wp\/v2\/posts"}],"about":[{"href":"https:\/\/newsinfoco.com.br\/inicio\/wp-json\/wp\/v2\/types\/post"}],"author":[{"embeddable":true,"href":"https:\/\/newsinfoco.com.br\/inicio\/wp-json\/wp\/v2\/users\/1"}],"replies":[{"embeddable":true,"href":"https:\/\/newsinfoco.com.br\/inicio\/wp-json\/wp\/v2\/comments?post=33039"}],"version-history":[{"count":1,"href":"https:\/\/newsinfoco.com.br\/inicio\/wp-json\/wp\/v2\/posts\/33039\/revisions"}],"predecessor-version":[{"id":33041,"href":"https:\/\/newsinfoco.com.br\/inicio\/wp-json\/wp\/v2\/posts\/33039\/revisions\/33041"}],"wp:featuredmedia":[{"embeddable":true,"href":"https:\/\/newsinfoco.com.br\/inicio\/wp-json\/wp\/v2\/media\/33040"}],"wp:attachment":[{"href":"https:\/\/newsinfoco.com.br\/inicio\/wp-json\/wp\/v2\/media?parent=33039"}],"wp:term":[{"taxonomy":"category","embeddable":true,"href":"https:\/\/newsinfoco.com.br\/inicio\/wp-json\/wp\/v2\/categories?post=33039"},{"taxonomy":"post_tag","embeddable":true,"href":"https:\/\/newsinfoco.com.br\/inicio\/wp-json\/wp\/v2\/tags?post=33039"}],"curies":[{"name":"wp","href":"https:\/\/api.w.org\/{rel}","templated":true}]}}