{"id":3304,"date":"2018-05-02T17:46:47","date_gmt":"2018-05-02T20:46:47","guid":{"rendered":"http:\/\/newsinfoco.com.br\/?p=3304"},"modified":"2018-05-02T17:46:47","modified_gmt":"2018-05-02T20:46:47","slug":"prefeitura-leva-servicos-de-assistencia-social-para-comunidade-de-ladeira-grande","status":"publish","type":"post","link":"https:\/\/newsinfoco.com.br\/inicio\/prefeitura-leva-servicos-de-assistencia-social-para-comunidade-de-ladeira-grande\/","title":{"rendered":"Prefeitura leva servi\u00e7os de assist\u00eancia social para comunidade de Ladeira Grande"},"content":{"rendered":"<p style=\"text-align: justify;\"><span style=\"color: #000000;\">Na manh\u00e3 desta quarta-feira (2) a comunidade de Ladeira Grande recebeu a equipe t\u00e9cnica das a\u00e7\u00f5es estrat\u00e9gicas do Programa de Erradica\u00e7\u00e3o do Trabalho Infantil e do Programa Bolsa Fam\u00edlia. Os agentes promoveram uma roda de conversa sobre as consequ\u00eancias negativas do trabalho infantil e as formas de denunciar os casos, al\u00e9m das atualiza\u00e7\u00f5es cadastrais e novas inscri\u00e7\u00f5es para o Programa Bolsa Fam\u00edlia.<\/span><\/p>\n<h6 style=\"text-align: right;\"><span style=\"color: #999999;\">Fonte: SECOM Prefeitura<\/span><\/h6>\n<div style=\"text-align: justify;\" align=\"right\"><span style=\"color: #000000;\">\u00a0<\/span><\/div>\n<div class='share-to-whatsapp-wrapper'><div class='share-on-whsp'>Share on: <\/div><a data-text='Prefeitura leva servi\u00e7os de assist\u00eancia social para comunidade de Ladeira Grande' data-link='https:\/\/newsinfoco.com.br\/inicio\/prefeitura-leva-servicos-de-assistencia-social-para-comunidade-de-ladeira-grande\/' class='whatsapp-button whatsapp-share'>WhatsApp<\/a><div class='clear '><\/div><\/div>","protected":false},"excerpt":{"rendered":"<p>Na manh\u00e3 desta quarta-feira (2) a comunidade de Ladeira Grande recebeu a equipe t\u00e9cnica das a\u00e7\u00f5es estrat\u00e9gicas do Programa de Erradica\u00e7\u00e3o do Trabalho Infantil e do Programa Bolsa Fam\u00edlia. Os agentes promoveram uma roda de conversa sobre as consequ\u00eancias negativas do trabalho infantil e as formas de denunciar os casos, al\u00e9m das atualiza\u00e7\u00f5es cadastrais e [&hellip;]<\/p>\n","protected":false},"author":1,"featured_media":313,"comment_status":"open","ping_status":"open","sticky":false,"template":"","format":"standard","meta":{"om_disable_all_campaigns":false,"_exactmetrics_skip_tracking":false,"_exactmetrics_sitenote_active":false,"_exactmetrics_sitenote_note":"","_exactmetrics_sitenote_category":0,"footnotes":""},"categories":[38,30],"tags":[53,54,56],"class_list":["post-3304","post","type-post","status-publish","format-standard","has-post-thumbnail","hentry","category-alagoinhas-e-regiao","category-destaque","tag-alagoinhas","tag-prefeitura","tag-secom"],"aioseo_notices":[],"_links":{"self":[{"href":"https:\/\/newsinfoco.com.br\/inicio\/wp-json\/wp\/v2\/posts\/3304","targetHints":{"allow":["GET"]}}],"collection":[{"href":"https:\/\/newsinfoco.com.br\/inicio\/wp-json\/wp\/v2\/posts"}],"about":[{"href":"https:\/\/newsinfoco.com.br\/inicio\/wp-json\/wp\/v2\/types\/post"}],"author":[{"embeddable":true,"href":"https:\/\/newsinfoco.com.br\/inicio\/wp-json\/wp\/v2\/users\/1"}],"replies":[{"embeddable":true,"href":"https:\/\/newsinfoco.com.br\/inicio\/wp-json\/wp\/v2\/comments?post=3304"}],"version-history":[{"count":0,"href":"https:\/\/newsinfoco.com.br\/inicio\/wp-json\/wp\/v2\/posts\/3304\/revisions"}],"wp:featuredmedia":[{"embeddable":true,"href":"https:\/\/newsinfoco.com.br\/inicio\/wp-json\/wp\/v2\/media\/313"}],"wp:attachment":[{"href":"https:\/\/newsinfoco.com.br\/inicio\/wp-json\/wp\/v2\/media?parent=3304"}],"wp:term":[{"taxonomy":"category","embeddable":true,"href":"https:\/\/newsinfoco.com.br\/inicio\/wp-json\/wp\/v2\/categories?post=3304"},{"taxonomy":"post_tag","embeddable":true,"href":"https:\/\/newsinfoco.com.br\/inicio\/wp-json\/wp\/v2\/tags?post=3304"}],"curies":[{"name":"wp","href":"https:\/\/api.w.org\/{rel}","templated":true}]}}