{"id":33042,"date":"2023-02-20T11:37:33","date_gmt":"2023-02-20T14:37:33","guid":{"rendered":"https:\/\/newsinfoco.com.br\/inicio\/?p=33042"},"modified":"2023-02-20T11:37:33","modified_gmt":"2023-02-20T14:37:33","slug":"tragedia-em-sp-faz-lula-interromper-passagem-pela-bahia","status":"publish","type":"post","link":"https:\/\/newsinfoco.com.br\/inicio\/tragedia-em-sp-faz-lula-interromper-passagem-pela-bahia\/","title":{"rendered":"Trag\u00e9dia em SP faz Lula interromper passagem pela Bahia"},"content":{"rendered":"<p>O presidente Luiz In\u00e1cio Lula da Silva utilizou suas redes sociais, na noite de domingo (19), para informar que ir\u00e1 nesta segunda-feira (20) a S\u00e3o Paulo, \u201cvisitar a regi\u00e3o e acompanhar os esfor\u00e7os de enfrentamento dessa trag\u00e9dia\u201d.<\/p>\n<p>\u201cConversei hoje com o ministro da Integra\u00e7\u00e3o e Desenvolvimento Regional, @waldezoficial, com o governador de S\u00e3o Paulo, @tarcisiogdf, e com o prefeito @prefeitoFA ap\u00f3s as fortes chuvas no litoral de S\u00e3o Paulo, em especial na cidade de S\u00e3o Sebasti\u00e3o\u201d, escreveu o presidente em sua conta do Twitter.<\/p>\n<p>\u201cTodo o governo federal, atrav\u00e9s da @defesacivilbr e das For\u00e7as Armadas, est\u00e1 \u00e0 disposi\u00e7\u00e3o e atuando para ajudar no que for necess\u00e1rio e somar esfor\u00e7os ao governo de S\u00e3o Paulo e prefeituras no aux\u00edlio \u00e0s v\u00edtimas\u201d, disse Lula, ao salientar que ir\u00e1 reunir \u201ctodos os n\u00edveis de governo e, com a solidariedade da sociedade, atender feridos, buscar desaparecidos, restabelecer as rodovias, liga\u00e7\u00f5es de energia e telecomunica\u00e7\u00f5es na regi\u00e3o. Meus sentimentos \u00e0s fam\u00edlias que perderam pessoas queridas nesta trag\u00e9dia\u201d.<\/p>\n<div class=\"twitter-tweet twitter-tweet-rendered\"><iframe id=\"twitter-widget-0\" class=\"\" title=\"Twitter Tweet\" src=\"https:\/\/platform.twitter.com\/embed\/Tweet.html?dnt=false&amp;embedId=twitter-widget-0&amp;features=eyJ0ZndfdGltZWxpbmVfbGlzdCI6eyJidWNrZXQiOltdLCJ2ZXJzaW9uIjpudWxsfSwidGZ3X2ZvbGxvd2VyX2NvdW50X3N1bnNldCI6eyJidWNrZXQiOnRydWUsInZlcnNpb24iOm51bGx9LCJ0ZndfdHdlZXRfZWRpdF9iYWNrZW5kIjp7ImJ1Y2tldCI6Im9uIiwidmVyc2lvbiI6bnVsbH0sInRmd19yZWZzcmNfc2Vzc2lvbiI6eyJidWNrZXQiOiJvbiIsInZlcnNpb24iOm51bGx9LCJ0Zndfc2hvd19idXNpbmVzc192ZXJpZmllZF9iYWRnZSI6eyJidWNrZXQiOiJvbiIsInZlcnNpb24iOm51bGx9LCJ0ZndfbWl4ZWRfbWVkaWFfMTU4OTciOnsiYnVja2V0IjoidHJlYXRtZW50IiwidmVyc2lvbiI6bnVsbH0sInRmd19leHBlcmltZW50c19jb29raWVfZXhwaXJhdGlvbiI6eyJidWNrZXQiOjEyMDk2MDAsInZlcnNpb24iOm51bGx9LCJ0ZndfZHVwbGljYXRlX3NjcmliZXNfdG9fc2V0dGluZ3MiOnsiYnVja2V0Ijoib24iLCJ2ZXJzaW9uIjpudWxsfSwidGZ3X3ZpZGVvX2hsc19keW5hbWljX21hbmlmZXN0c18xNTA4MiI6eyJidWNrZXQiOiJ0cnVlX2JpdHJhdGUiLCJ2ZXJzaW9uIjpudWxsfSwidGZ3X3Nob3dfYmx1ZV92ZXJpZmllZF9iYWRnZSI6eyJidWNrZXQiOiJvbiIsInZlcnNpb24iOm51bGx9LCJ0ZndfbGVnYWN5X3RpbWVsaW5lX3N1bnNldCI6eyJidWNrZXQiOnRydWUsInZlcnNpb24iOm51bGx9LCJ0Zndfc2hvd19nb3ZfdmVyaWZpZWRfYmFkZ2UiOnsiYnVja2V0Ijoib24iLCJ2ZXJzaW9uIjpudWxsfSwidGZ3X3Nob3dfYnVzaW5lc3NfYWZmaWxpYXRlX2JhZGdlIjp7ImJ1Y2tldCI6Im9uIiwidmVyc2lvbiI6bnVsbH0sInRmd190d2VldF9lZGl0X2Zyb250ZW5kIjp7ImJ1Y2tldCI6Im9uIiwidmVyc2lvbiI6bnVsbH19&amp;frame=false&amp;hideCard=false&amp;hideThread=false&amp;id=1627447765516140544&amp;lang=en&amp;origin=https%3A%2F%2Fpoliticalivre.com.br%2F2023%2F02%2Ftragedia-em-sp-faz-lula-interromper-passagem-pela-bahia%2F&amp;sessionId=ca0fc7b2df15aaa4ccd8610a0d3da9b05b360369&amp;theme=light&amp;widgetsVersion=aaf4084522e3a%3A1674595607486&amp;width=550px\" frameborder=\"0\" scrolling=\"no\" allowfullscreen=\"allowfullscreen\" data-tweet-id=\"1627447765516140544\" data-mce-fragment=\"1\"><\/iframe><\/div>\n<p>&nbsp;<\/p>\n<div class=\"twitter-tweet twitter-tweet-rendered\"><iframe id=\"twitter-widget-1\" class=\"\" title=\"Twitter Tweet\" src=\"https:\/\/platform.twitter.com\/embed\/Tweet.html?dnt=false&amp;embedId=twitter-widget-1&amp;features=eyJ0ZndfdGltZWxpbmVfbGlzdCI6eyJidWNrZXQiOltdLCJ2ZXJzaW9uIjpudWxsfSwidGZ3X2ZvbGxvd2VyX2NvdW50X3N1bnNldCI6eyJidWNrZXQiOnRydWUsInZlcnNpb24iOm51bGx9LCJ0ZndfdHdlZXRfZWRpdF9iYWNrZW5kIjp7ImJ1Y2tldCI6Im9uIiwidmVyc2lvbiI6bnVsbH0sInRmd19yZWZzcmNfc2Vzc2lvbiI6eyJidWNrZXQiOiJvbiIsInZlcnNpb24iOm51bGx9LCJ0Zndfc2hvd19idXNpbmVzc192ZXJpZmllZF9iYWRnZSI6eyJidWNrZXQiOiJvbiIsInZlcnNpb24iOm51bGx9LCJ0ZndfbWl4ZWRfbWVkaWFfMTU4OTciOnsiYnVja2V0IjoidHJlYXRtZW50IiwidmVyc2lvbiI6bnVsbH0sInRmd19leHBlcmltZW50c19jb29raWVfZXhwaXJhdGlvbiI6eyJidWNrZXQiOjEyMDk2MDAsInZlcnNpb24iOm51bGx9LCJ0ZndfZHVwbGljYXRlX3NjcmliZXNfdG9fc2V0dGluZ3MiOnsiYnVja2V0Ijoib24iLCJ2ZXJzaW9uIjpudWxsfSwidGZ3X3ZpZGVvX2hsc19keW5hbWljX21hbmlmZXN0c18xNTA4MiI6eyJidWNrZXQiOiJ0cnVlX2JpdHJhdGUiLCJ2ZXJzaW9uIjpudWxsfSwidGZ3X3Nob3dfYmx1ZV92ZXJpZmllZF9iYWRnZSI6eyJidWNrZXQiOiJvbiIsInZlcnNpb24iOm51bGx9LCJ0ZndfbGVnYWN5X3RpbWVsaW5lX3N1bnNldCI6eyJidWNrZXQiOnRydWUsInZlcnNpb24iOm51bGx9LCJ0Zndfc2hvd19nb3ZfdmVyaWZpZWRfYmFkZ2UiOnsiYnVja2V0Ijoib24iLCJ2ZXJzaW9uIjpudWxsfSwidGZ3X3Nob3dfYnVzaW5lc3NfYWZmaWxpYXRlX2JhZGdlIjp7ImJ1Y2tldCI6Im9uIiwidmVyc2lvbiI6bnVsbH0sInRmd190d2VldF9lZGl0X2Zyb250ZW5kIjp7ImJ1Y2tldCI6Im9uIiwidmVyc2lvbiI6bnVsbH19&amp;frame=false&amp;hideCard=false&amp;hideThread=false&amp;id=1627446743200632832&amp;lang=en&amp;origin=https%3A%2F%2Fpoliticalivre.com.br%2F2023%2F02%2Ftragedia-em-sp-faz-lula-interromper-passagem-pela-bahia%2F&amp;sessionId=ca0fc7b2df15aaa4ccd8610a0d3da9b05b360369&amp;theme=light&amp;widgetsVersion=aaf4084522e3a%3A1674595607486&amp;width=550px\" frameborder=\"0\" scrolling=\"no\" allowfullscreen=\"allowfullscreen\" data-tweet-id=\"1627446743200632832\" data-mce-fragment=\"1\"><\/iframe><\/div>\n<div><\/div>\n<div><\/div>\n<div>Politicalivre<\/div>\n<div class='share-to-whatsapp-wrapper'><div class='share-on-whsp'>Share on: <\/div><a data-text='Trag\u00e9dia em SP faz Lula interromper passagem pela Bahia' data-link='https:\/\/newsinfoco.com.br\/inicio\/tragedia-em-sp-faz-lula-interromper-passagem-pela-bahia\/' class='whatsapp-button whatsapp-share'>WhatsApp<\/a><div class='clear '><\/div><\/div>","protected":false},"excerpt":{"rendered":"<p>O presidente Luiz In\u00e1cio Lula da Silva utilizou suas redes sociais, na noite de domingo (19), para informar que ir\u00e1 nesta segunda-feira (20) a S\u00e3o Paulo, \u201cvisitar a regi\u00e3o e acompanhar os esfor\u00e7os de enfrentamento dessa trag\u00e9dia\u201d. \u201cConversei hoje com o ministro da Integra\u00e7\u00e3o e Desenvolvimento Regional, @waldezoficial, com o governador de S\u00e3o Paulo, @tarcisiogdf, [&hellip;]<\/p>\n","protected":false},"author":1,"featured_media":33043,"comment_status":"closed","ping_status":"closed","sticky":false,"template":"","format":"standard","meta":{"om_disable_all_campaigns":false,"rop_custom_images_group":[],"rop_custom_messages_group":[],"rop_publish_now":"initial","rop_publish_now_accounts":[],"rop_publish_now_history":[],"rop_publish_now_status":"pending","_exactmetrics_skip_tracking":false,"footnotes":""},"categories":[21],"tags":[],"class_list":["post-33042","post","type-post","status-publish","format-standard","has-post-thumbnail","hentry","category-brasil"],"aioseo_notices":[],"aioseo_head":"\n\t\t<!-- All in One SEO 4.9.10 - aioseo.com -->\n\t<meta name=\"description\" content=\"O presidente Luiz In\u00e1cio Lula da Silva utilizou suas redes sociais, na noite de domingo (19), para informar que ir\u00e1 nesta segunda-feira (20) a S\u00e3o Paulo, \u201cvisitar a regi\u00e3o e acompanhar os esfor\u00e7os de enfrentamento dessa trag\u00e9dia\u201d. \u201cConversei hoje com o ministro da Integra\u00e7\u00e3o e Desenvolvimento Regional, @waldezoficial, com o governador de S\u00e3o Paulo, @tarcisiogdf,\" \/>\n\t<meta name=\"robots\" content=\"max-image-preview:large\" \/>\n\t<meta name=\"author\" content=\"administrador\"\/>\n\t<link rel=\"canonical\" href=\"https:\/\/newsinfoco.com.br\/inicio\/tragedia-em-sp-faz-lula-interromper-passagem-pela-bahia\/\" \/>\n\t<meta name=\"generator\" content=\"All in One SEO (AIOSEO) 4.9.10\" \/>\n\t\t<meta property=\"og:locale\" content=\"pt_BR\" \/>\n\t\t<meta property=\"og:site_name\" content=\"News In Foco - Editado por Caio Pimenta - O principal site de noticias de Alagoinhas e regi\u00e3o\" \/>\n\t\t<meta property=\"og:type\" content=\"article\" \/>\n\t\t<meta property=\"og:title\" content=\"Trag\u00e9dia em SP faz Lula interromper passagem pela Bahia - News In Foco - Editado por Caio Pimenta\" \/>\n\t\t<meta property=\"og:description\" content=\"O presidente Luiz In\u00e1cio Lula da Silva utilizou suas redes sociais, na noite de domingo (19), para informar que ir\u00e1 nesta segunda-feira (20) a S\u00e3o Paulo, \u201cvisitar a regi\u00e3o e acompanhar os esfor\u00e7os de enfrentamento dessa trag\u00e9dia\u201d. \u201cConversei hoje com o ministro da Integra\u00e7\u00e3o e Desenvolvimento Regional, @waldezoficial, com o governador de S\u00e3o Paulo, @tarcisiogdf,\" \/>\n\t\t<meta property=\"og:url\" content=\"https:\/\/newsinfoco.com.br\/inicio\/tragedia-em-sp-faz-lula-interromper-passagem-pela-bahia\/\" \/>\n\t\t<meta property=\"article:published_time\" content=\"2023-02-20T14:37:33+00:00\" \/>\n\t\t<meta property=\"article:modified_time\" content=\"2023-02-20T14:37:33+00:00\" \/>\n\t\t<meta name=\"twitter:card\" content=\"summary_large_image\" \/>\n\t\t<meta name=\"twitter:title\" content=\"Trag\u00e9dia em SP faz Lula interromper passagem pela Bahia - News In Foco - Editado por Caio Pimenta\" \/>\n\t\t<meta name=\"twitter:description\" content=\"O presidente Luiz In\u00e1cio Lula da Silva utilizou suas redes sociais, na noite de domingo (19), para informar que ir\u00e1 nesta segunda-feira (20) a S\u00e3o Paulo, \u201cvisitar a regi\u00e3o e acompanhar os esfor\u00e7os de enfrentamento dessa trag\u00e9dia\u201d. \u201cConversei hoje com o ministro da Integra\u00e7\u00e3o e Desenvolvimento Regional, @waldezoficial, com o governador de S\u00e3o Paulo, @tarcisiogdf,\" \/>\n\t\t<script type=\"application\/ld+json\" class=\"aioseo-schema\">\n\t\t\t{\"@context\":\"https:\\\/\\\/schema.org\",\"@graph\":[{\"@type\":\"BlogPosting\",\"@id\":\"https:\\\/\\\/newsinfoco.com.br\\\/inicio\\\/tragedia-em-sp-faz-lula-interromper-passagem-pela-bahia\\\/#blogposting\",\"name\":\"Trag\\u00e9dia em SP faz Lula interromper passagem pela Bahia - News In Foco - Editado por Caio Pimenta\",\"headline\":\"Trag\\u00e9dia em SP faz Lula interromper passagem pela Bahia\",\"author\":{\"@id\":\"https:\\\/\\\/newsinfoco.com.br\\\/inicio\\\/author\\\/administrador\\\/#author\"},\"publisher\":{\"@id\":\"https:\\\/\\\/newsinfoco.com.br\\\/inicio\\\/#organization\"},\"image\":{\"@type\":\"ImageObject\",\"url\":\"https:\\\/\\\/newsinfoco.com.br\\\/inicio\\\/wp-content\\\/uploads\\\/2023\\\/02\\\/000_336X7K2.webp\",\"width\":1280,\"height\":720},\"datePublished\":\"2023-02-20T11:37:33-03:00\",\"dateModified\":\"2023-02-20T11:37:33-03:00\",\"inLanguage\":\"pt-BR\",\"mainEntityOfPage\":{\"@id\":\"https:\\\/\\\/newsinfoco.com.br\\\/inicio\\\/tragedia-em-sp-faz-lula-interromper-passagem-pela-bahia\\\/#webpage\"},\"isPartOf\":{\"@id\":\"https:\\\/\\\/newsinfoco.com.br\\\/inicio\\\/tragedia-em-sp-faz-lula-interromper-passagem-pela-bahia\\\/#webpage\"},\"articleSection\":\"Brasil\"},{\"@type\":\"BreadcrumbList\",\"@id\":\"https:\\\/\\\/newsinfoco.com.br\\\/inicio\\\/tragedia-em-sp-faz-lula-interromper-passagem-pela-bahia\\\/#breadcrumblist\",\"itemListElement\":[{\"@type\":\"ListItem\",\"@id\":\"https:\\\/\\\/newsinfoco.com.br\\\/inicio#listItem\",\"position\":1,\"name\":\"In\\u00edcio\",\"item\":\"https:\\\/\\\/newsinfoco.com.br\\\/inicio\",\"nextItem\":{\"@type\":\"ListItem\",\"@id\":\"https:\\\/\\\/newsinfoco.com.br\\\/inicio\\\/category\\\/brasil\\\/#listItem\",\"name\":\"Brasil\"}},{\"@type\":\"ListItem\",\"@id\":\"https:\\\/\\\/newsinfoco.com.br\\\/inicio\\\/category\\\/brasil\\\/#listItem\",\"position\":2,\"name\":\"Brasil\",\"item\":\"https:\\\/\\\/newsinfoco.com.br\\\/inicio\\\/category\\\/brasil\\\/\",\"nextItem\":{\"@type\":\"ListItem\",\"@id\":\"https:\\\/\\\/newsinfoco.com.br\\\/inicio\\\/tragedia-em-sp-faz-lula-interromper-passagem-pela-bahia\\\/#listItem\",\"name\":\"Trag\\u00e9dia em SP faz Lula interromper passagem pela Bahia\"},\"previousItem\":{\"@type\":\"ListItem\",\"@id\":\"https:\\\/\\\/newsinfoco.com.br\\\/inicio#listItem\",\"name\":\"In\\u00edcio\"}},{\"@type\":\"ListItem\",\"@id\":\"https:\\\/\\\/newsinfoco.com.br\\\/inicio\\\/tragedia-em-sp-faz-lula-interromper-passagem-pela-bahia\\\/#listItem\",\"position\":3,\"name\":\"Trag\\u00e9dia em SP faz Lula interromper passagem pela Bahia\",\"previousItem\":{\"@type\":\"ListItem\",\"@id\":\"https:\\\/\\\/newsinfoco.com.br\\\/inicio\\\/category\\\/brasil\\\/#listItem\",\"name\":\"Brasil\"}}]},{\"@type\":\"Organization\",\"@id\":\"https:\\\/\\\/newsinfoco.com.br\\\/inicio\\\/#organization\",\"name\":\"News In Foco - Editado por Caio Pimenta\",\"description\":\"O principal site de noticias de Alagoinhas e regi\\u00e3o\",\"url\":\"https:\\\/\\\/newsinfoco.com.br\\\/inicio\\\/\"},{\"@type\":\"Person\",\"@id\":\"https:\\\/\\\/newsinfoco.com.br\\\/inicio\\\/author\\\/administrador\\\/#author\",\"url\":\"https:\\\/\\\/newsinfoco.com.br\\\/inicio\\\/author\\\/administrador\\\/\",\"name\":\"administrador\",\"image\":{\"@type\":\"ImageObject\",\"@id\":\"https:\\\/\\\/newsinfoco.com.br\\\/inicio\\\/tragedia-em-sp-faz-lula-interromper-passagem-pela-bahia\\\/#authorImage\",\"url\":\"https:\\\/\\\/secure.gravatar.com\\\/avatar\\\/c17a617433de8c1dc9584bb79aab7563b46f5bb7e1728c9b17d9cc3ce6a08e49?s=96&d=mm&r=g\",\"width\":96,\"height\":96,\"caption\":\"administrador\"}},{\"@type\":\"WebPage\",\"@id\":\"https:\\\/\\\/newsinfoco.com.br\\\/inicio\\\/tragedia-em-sp-faz-lula-interromper-passagem-pela-bahia\\\/#webpage\",\"url\":\"https:\\\/\\\/newsinfoco.com.br\\\/inicio\\\/tragedia-em-sp-faz-lula-interromper-passagem-pela-bahia\\\/\",\"name\":\"Trag\\u00e9dia em SP faz Lula interromper passagem pela Bahia - News In Foco - Editado por Caio Pimenta\",\"description\":\"O presidente Luiz In\\u00e1cio Lula da Silva utilizou suas redes sociais, na noite de domingo (19), para informar que ir\\u00e1 nesta segunda-feira (20) a S\\u00e3o Paulo, \\u201cvisitar a regi\\u00e3o e acompanhar os esfor\\u00e7os de enfrentamento dessa trag\\u00e9dia\\u201d. \\u201cConversei hoje com o ministro da Integra\\u00e7\\u00e3o e Desenvolvimento Regional, @waldezoficial, com o governador de S\\u00e3o Paulo, @tarcisiogdf,\",\"inLanguage\":\"pt-BR\",\"isPartOf\":{\"@id\":\"https:\\\/\\\/newsinfoco.com.br\\\/inicio\\\/#website\"},\"breadcrumb\":{\"@id\":\"https:\\\/\\\/newsinfoco.com.br\\\/inicio\\\/tragedia-em-sp-faz-lula-interromper-passagem-pela-bahia\\\/#breadcrumblist\"},\"author\":{\"@id\":\"https:\\\/\\\/newsinfoco.com.br\\\/inicio\\\/author\\\/administrador\\\/#author\"},\"creator\":{\"@id\":\"https:\\\/\\\/newsinfoco.com.br\\\/inicio\\\/author\\\/administrador\\\/#author\"},\"image\":{\"@type\":\"ImageObject\",\"url\":\"https:\\\/\\\/newsinfoco.com.br\\\/inicio\\\/wp-content\\\/uploads\\\/2023\\\/02\\\/000_336X7K2.webp\",\"@id\":\"https:\\\/\\\/newsinfoco.com.br\\\/inicio\\\/tragedia-em-sp-faz-lula-interromper-passagem-pela-bahia\\\/#mainImage\",\"width\":1280,\"height\":720},\"primaryImageOfPage\":{\"@id\":\"https:\\\/\\\/newsinfoco.com.br\\\/inicio\\\/tragedia-em-sp-faz-lula-interromper-passagem-pela-bahia\\\/#mainImage\"},\"datePublished\":\"2023-02-20T11:37:33-03:00\",\"dateModified\":\"2023-02-20T11:37:33-03:00\"},{\"@type\":\"WebSite\",\"@id\":\"https:\\\/\\\/newsinfoco.com.br\\\/inicio\\\/#website\",\"url\":\"https:\\\/\\\/newsinfoco.com.br\\\/inicio\\\/\",\"name\":\"News In Foco - Editado por Caio Pimenta\",\"description\":\"O principal site de noticias de Alagoinhas e regi\\u00e3o\",\"inLanguage\":\"pt-BR\",\"publisher\":{\"@id\":\"https:\\\/\\\/newsinfoco.com.br\\\/inicio\\\/#organization\"}}]}\n\t\t<\/script>\n\t\t<!-- All in One SEO -->\n\n","aioseo_head_json":{"title":"Trag\u00e9dia em SP faz Lula interromper passagem pela Bahia - News In Foco - Editado por Caio Pimenta","description":"O presidente Luiz In\u00e1cio Lula da Silva utilizou suas redes sociais, na noite de domingo (19), para informar que ir\u00e1 nesta segunda-feira (20) a S\u00e3o Paulo, \u201cvisitar a regi\u00e3o e acompanhar os esfor\u00e7os de enfrentamento dessa trag\u00e9dia\u201d. \u201cConversei hoje com o ministro da Integra\u00e7\u00e3o e Desenvolvimento Regional, @waldezoficial, com o governador de S\u00e3o Paulo, @tarcisiogdf,","canonical_url":"https:\/\/newsinfoco.com.br\/inicio\/tragedia-em-sp-faz-lula-interromper-passagem-pela-bahia\/","robots":"max-image-preview:large","keywords":"","webmasterTools":{"miscellaneous":""},"schema":{"@context":"https:\/\/schema.org","@graph":[{"@type":"BlogPosting","@id":"https:\/\/newsinfoco.com.br\/inicio\/tragedia-em-sp-faz-lula-interromper-passagem-pela-bahia\/#blogposting","name":"Trag\u00e9dia em SP faz Lula interromper passagem pela Bahia - News In Foco - Editado por Caio Pimenta","headline":"Trag\u00e9dia em SP faz Lula interromper passagem pela Bahia","author":{"@id":"https:\/\/newsinfoco.com.br\/inicio\/author\/administrador\/#author"},"publisher":{"@id":"https:\/\/newsinfoco.com.br\/inicio\/#organization"},"image":{"@type":"ImageObject","url":"https:\/\/newsinfoco.com.br\/inicio\/wp-content\/uploads\/2023\/02\/000_336X7K2.webp","width":1280,"height":720},"datePublished":"2023-02-20T11:37:33-03:00","dateModified":"2023-02-20T11:37:33-03:00","inLanguage":"pt-BR","mainEntityOfPage":{"@id":"https:\/\/newsinfoco.com.br\/inicio\/tragedia-em-sp-faz-lula-interromper-passagem-pela-bahia\/#webpage"},"isPartOf":{"@id":"https:\/\/newsinfoco.com.br\/inicio\/tragedia-em-sp-faz-lula-interromper-passagem-pela-bahia\/#webpage"},"articleSection":"Brasil"},{"@type":"BreadcrumbList","@id":"https:\/\/newsinfoco.com.br\/inicio\/tragedia-em-sp-faz-lula-interromper-passagem-pela-bahia\/#breadcrumblist","itemListElement":[{"@type":"ListItem","@id":"https:\/\/newsinfoco.com.br\/inicio#listItem","position":1,"name":"In\u00edcio","item":"https:\/\/newsinfoco.com.br\/inicio","nextItem":{"@type":"ListItem","@id":"https:\/\/newsinfoco.com.br\/inicio\/category\/brasil\/#listItem","name":"Brasil"}},{"@type":"ListItem","@id":"https:\/\/newsinfoco.com.br\/inicio\/category\/brasil\/#listItem","position":2,"name":"Brasil","item":"https:\/\/newsinfoco.com.br\/inicio\/category\/brasil\/","nextItem":{"@type":"ListItem","@id":"https:\/\/newsinfoco.com.br\/inicio\/tragedia-em-sp-faz-lula-interromper-passagem-pela-bahia\/#listItem","name":"Trag\u00e9dia em SP faz Lula interromper passagem pela Bahia"},"previousItem":{"@type":"ListItem","@id":"https:\/\/newsinfoco.com.br\/inicio#listItem","name":"In\u00edcio"}},{"@type":"ListItem","@id":"https:\/\/newsinfoco.com.br\/inicio\/tragedia-em-sp-faz-lula-interromper-passagem-pela-bahia\/#listItem","position":3,"name":"Trag\u00e9dia em SP faz Lula interromper passagem pela Bahia","previousItem":{"@type":"ListItem","@id":"https:\/\/newsinfoco.com.br\/inicio\/category\/brasil\/#listItem","name":"Brasil"}}]},{"@type":"Organization","@id":"https:\/\/newsinfoco.com.br\/inicio\/#organization","name":"News In Foco - Editado por Caio Pimenta","description":"O principal site de noticias de Alagoinhas e regi\u00e3o","url":"https:\/\/newsinfoco.com.br\/inicio\/"},{"@type":"Person","@id":"https:\/\/newsinfoco.com.br\/inicio\/author\/administrador\/#author","url":"https:\/\/newsinfoco.com.br\/inicio\/author\/administrador\/","name":"administrador","image":{"@type":"ImageObject","@id":"https:\/\/newsinfoco.com.br\/inicio\/tragedia-em-sp-faz-lula-interromper-passagem-pela-bahia\/#authorImage","url":"https:\/\/secure.gravatar.com\/avatar\/c17a617433de8c1dc9584bb79aab7563b46f5bb7e1728c9b17d9cc3ce6a08e49?s=96&d=mm&r=g","width":96,"height":96,"caption":"administrador"}},{"@type":"WebPage","@id":"https:\/\/newsinfoco.com.br\/inicio\/tragedia-em-sp-faz-lula-interromper-passagem-pela-bahia\/#webpage","url":"https:\/\/newsinfoco.com.br\/inicio\/tragedia-em-sp-faz-lula-interromper-passagem-pela-bahia\/","name":"Trag\u00e9dia em SP faz Lula interromper passagem pela Bahia - News In Foco - Editado por Caio Pimenta","description":"O presidente Luiz In\u00e1cio Lula da Silva utilizou suas redes sociais, na noite de domingo (19), para informar que ir\u00e1 nesta segunda-feira (20) a S\u00e3o Paulo, \u201cvisitar a regi\u00e3o e acompanhar os esfor\u00e7os de enfrentamento dessa trag\u00e9dia\u201d. \u201cConversei hoje com o ministro da Integra\u00e7\u00e3o e Desenvolvimento Regional, @waldezoficial, com o governador de S\u00e3o Paulo, @tarcisiogdf,","inLanguage":"pt-BR","isPartOf":{"@id":"https:\/\/newsinfoco.com.br\/inicio\/#website"},"breadcrumb":{"@id":"https:\/\/newsinfoco.com.br\/inicio\/tragedia-em-sp-faz-lula-interromper-passagem-pela-bahia\/#breadcrumblist"},"author":{"@id":"https:\/\/newsinfoco.com.br\/inicio\/author\/administrador\/#author"},"creator":{"@id":"https:\/\/newsinfoco.com.br\/inicio\/author\/administrador\/#author"},"image":{"@type":"ImageObject","url":"https:\/\/newsinfoco.com.br\/inicio\/wp-content\/uploads\/2023\/02\/000_336X7K2.webp","@id":"https:\/\/newsinfoco.com.br\/inicio\/tragedia-em-sp-faz-lula-interromper-passagem-pela-bahia\/#mainImage","width":1280,"height":720},"primaryImageOfPage":{"@id":"https:\/\/newsinfoco.com.br\/inicio\/tragedia-em-sp-faz-lula-interromper-passagem-pela-bahia\/#mainImage"},"datePublished":"2023-02-20T11:37:33-03:00","dateModified":"2023-02-20T11:37:33-03:00"},{"@type":"WebSite","@id":"https:\/\/newsinfoco.com.br\/inicio\/#website","url":"https:\/\/newsinfoco.com.br\/inicio\/","name":"News In Foco - Editado por Caio Pimenta","description":"O principal site de noticias de Alagoinhas e regi\u00e3o","inLanguage":"pt-BR","publisher":{"@id":"https:\/\/newsinfoco.com.br\/inicio\/#organization"}}]},"og:locale":"pt_BR","og:site_name":"News In Foco - Editado por Caio Pimenta - O principal site de noticias de Alagoinhas e regi\u00e3o","og:type":"article","og:title":"Trag\u00e9dia em SP faz Lula interromper passagem pela Bahia - News In Foco - Editado por Caio Pimenta","og:description":"O presidente Luiz In\u00e1cio Lula da Silva utilizou suas redes sociais, na noite de domingo (19), para informar que ir\u00e1 nesta segunda-feira (20) a S\u00e3o Paulo, \u201cvisitar a regi\u00e3o e acompanhar os esfor\u00e7os de enfrentamento dessa trag\u00e9dia\u201d. \u201cConversei hoje com o ministro da Integra\u00e7\u00e3o e Desenvolvimento Regional, @waldezoficial, com o governador de S\u00e3o Paulo, @tarcisiogdf,","og:url":"https:\/\/newsinfoco.com.br\/inicio\/tragedia-em-sp-faz-lula-interromper-passagem-pela-bahia\/","article:published_time":"2023-02-20T14:37:33+00:00","article:modified_time":"2023-02-20T14:37:33+00:00","twitter:card":"summary_large_image","twitter:title":"Trag\u00e9dia em SP faz Lula interromper passagem pela Bahia - News In Foco - Editado por Caio Pimenta","twitter:description":"O presidente Luiz In\u00e1cio Lula da Silva utilizou suas redes sociais, na noite de domingo (19), para informar que ir\u00e1 nesta segunda-feira (20) a S\u00e3o Paulo, \u201cvisitar a regi\u00e3o e acompanhar os esfor\u00e7os de enfrentamento dessa trag\u00e9dia\u201d. \u201cConversei hoje com o ministro da Integra\u00e7\u00e3o e Desenvolvimento Regional, @waldezoficial, com o governador de S\u00e3o Paulo, @tarcisiogdf,"},"aioseo_meta_data":{"post_id":"33042","title":null,"description":null,"keywords":null,"keyphrases":null,"primary_term":null,"canonical_url":null,"og_title":null,"og_description":null,"og_object_type":"default","og_image_type":"default","og_image_url":null,"og_image_width":null,"og_image_height":null,"og_image_custom_url":null,"og_image_custom_fields":null,"og_video":null,"og_custom_url":null,"og_article_section":null,"og_article_tags":null,"twitter_use_og":false,"twitter_card":"default","twitter_image_type":"default","twitter_image_url":null,"twitter_image_custom_url":null,"twitter_image_custom_fields":null,"twitter_title":null,"twitter_description":null,"schema":{"blockGraphs":[],"customGraphs":[],"default":{"data":{"Article":[],"Course":[],"Dataset":[],"FAQPage":[],"Movie":[],"Person":[],"Product":[],"ProductReview":[],"Car":[],"Recipe":[],"Service":[],"SoftwareApplication":[],"WebPage":[]},"graphName":"","isEnabled":true},"graphs":[]},"schema_type":"default","schema_type_options":null,"pillar_content":false,"robots_default":true,"robots_noindex":false,"robots_noarchive":false,"robots_nosnippet":false,"robots_nofollow":false,"robots_noimageindex":false,"robots_noodp":false,"robots_notranslate":false,"robots_max_snippet":null,"robots_max_videopreview":null,"robots_max_imagepreview":"large","priority":null,"frequency":null,"local_seo":null,"breadcrumb_settings":null,"limit_modified_date":false,"ai":null,"created":"2023-06-12 22:53:42","updated":"2025-07-11 09:10:48","seo_analyzer_scan_date":null},"aioseo_breadcrumb":"<div class=\"aioseo-breadcrumbs\"><span class=\"aioseo-breadcrumb\">\n\t\t\t<a href=\"https:\/\/newsinfoco.com.br\/inicio\" title=\"In\u00edcio\">In\u00edcio<\/a>\n\t\t<\/span><span class=\"aioseo-breadcrumb-separator\">&raquo;<\/span><span class=\"aioseo-breadcrumb\">\n\t\t\t<a href=\"https:\/\/newsinfoco.com.br\/inicio\/category\/brasil\/\" title=\"Brasil\">Brasil<\/a>\n\t\t<\/span><span class=\"aioseo-breadcrumb-separator\">&raquo;<\/span><span class=\"aioseo-breadcrumb\">\n\t\t\tTrag\u00e9dia em SP faz Lula interromper passagem pela Bahia\n\t\t<\/span><\/div>","aioseo_breadcrumb_json":[{"label":"In\u00edcio","link":"https:\/\/newsinfoco.com.br\/inicio"},{"label":"Brasil","link":"https:\/\/newsinfoco.com.br\/inicio\/category\/brasil\/"},{"label":"Trag\u00e9dia em SP faz Lula interromper passagem pela Bahia","link":"https:\/\/newsinfoco.com.br\/inicio\/tragedia-em-sp-faz-lula-interromper-passagem-pela-bahia\/"}],"_links":{"self":[{"href":"https:\/\/newsinfoco.com.br\/inicio\/wp-json\/wp\/v2\/posts\/33042","targetHints":{"allow":["GET"]}}],"collection":[{"href":"https:\/\/newsinfoco.com.br\/inicio\/wp-json\/wp\/v2\/posts"}],"about":[{"href":"https:\/\/newsinfoco.com.br\/inicio\/wp-json\/wp\/v2\/types\/post"}],"author":[{"embeddable":true,"href":"https:\/\/newsinfoco.com.br\/inicio\/wp-json\/wp\/v2\/users\/1"}],"replies":[{"embeddable":true,"href":"https:\/\/newsinfoco.com.br\/inicio\/wp-json\/wp\/v2\/comments?post=33042"}],"version-history":[{"count":1,"href":"https:\/\/newsinfoco.com.br\/inicio\/wp-json\/wp\/v2\/posts\/33042\/revisions"}],"predecessor-version":[{"id":33044,"href":"https:\/\/newsinfoco.com.br\/inicio\/wp-json\/wp\/v2\/posts\/33042\/revisions\/33044"}],"wp:featuredmedia":[{"embeddable":true,"href":"https:\/\/newsinfoco.com.br\/inicio\/wp-json\/wp\/v2\/media\/33043"}],"wp:attachment":[{"href":"https:\/\/newsinfoco.com.br\/inicio\/wp-json\/wp\/v2\/media?parent=33042"}],"wp:term":[{"taxonomy":"category","embeddable":true,"href":"https:\/\/newsinfoco.com.br\/inicio\/wp-json\/wp\/v2\/categories?post=33042"},{"taxonomy":"post_tag","embeddable":true,"href":"https:\/\/newsinfoco.com.br\/inicio\/wp-json\/wp\/v2\/tags?post=33042"}],"curies":[{"name":"wp","href":"https:\/\/api.w.org\/{rel}","templated":true}]}}