{"id":33051,"date":"2023-02-20T11:54:54","date_gmt":"2023-02-20T14:54:54","guid":{"rendered":"https:\/\/newsinfoco.com.br\/inicio\/?p=33051"},"modified":"2023-02-20T11:55:52","modified_gmt":"2023-02-20T14:55:52","slug":"alem-da-executiva-estadual-joao-e-caca-leao-podem-perder-pp-de-salvador-diz-site","status":"publish","type":"post","link":"https:\/\/newsinfoco.com.br\/inicio\/alem-da-executiva-estadual-joao-e-caca-leao-podem-perder-pp-de-salvador-diz-site\/","title":{"rendered":"Al\u00e9m da executiva estadual, Jo\u00e3o e Cac\u00e1 Le\u00e3o podem perder PP de Salvador, diz site"},"content":{"rendered":"<p>Al\u00e9m do diret\u00f3rio estadual do PP, Jo\u00e3o e Cac\u00e1 Le\u00e3o podem perder tamb\u00e9m o comando da executiva municipal do partido, em Salvador.<\/p>\n<p>Segundo o Bahia Not\u00edcias, Cac\u00e1 e Claudio Cajado brigam pela indica\u00e7\u00e3o da presid\u00eancia do partido em Salvador. Cajado trabalha pelo vereador \u00c1tila do Congo (Patriota), num acordo que teria sido feito antes das elei\u00e7\u00f5es estaduais.<\/p>\n<p>Um outro acordo indicaria que Cac\u00e1 Le\u00e3o ficaria como comandante do PP de Salvador, enquanto o diret\u00f3rio estadual ficaria com algu\u00e9m mais alinhado ao PT. Atualmente Cac\u00e1 j\u00e1 ocupa a Secretaria de Governo na gest\u00e3o de Reis.<\/p>\n<p>&nbsp;<\/p>\n<p>Politicaaovivo<\/p>\n<div class='share-to-whatsapp-wrapper'><div class='share-on-whsp'>Share on: <\/div><a data-text='Al\u00e9m da executiva estadual, Jo\u00e3o e Cac\u00e1 Le\u00e3o podem perder PP de Salvador, diz site' data-link='https:\/\/newsinfoco.com.br\/inicio\/alem-da-executiva-estadual-joao-e-caca-leao-podem-perder-pp-de-salvador-diz-site\/' class='whatsapp-button whatsapp-share'>WhatsApp<\/a><div class='clear '><\/div><\/div>","protected":false},"excerpt":{"rendered":"<p>Al\u00e9m do diret\u00f3rio estadual do PP, Jo\u00e3o e Cac\u00e1 Le\u00e3o podem perder tamb\u00e9m o comando da executiva municipal do partido, em Salvador. Segundo o Bahia Not\u00edcias, Cac\u00e1 e Claudio Cajado brigam pela indica\u00e7\u00e3o da presid\u00eancia do partido em Salvador. Cajado trabalha pelo vereador \u00c1tila do Congo (Patriota), num acordo que teria sido feito antes das [&hellip;]<\/p>\n","protected":false},"author":1,"featured_media":33052,"comment_status":"closed","ping_status":"closed","sticky":false,"template":"","format":"standard","meta":{"om_disable_all_campaigns":false,"rop_custom_images_group":[],"rop_custom_messages_group":[],"rop_publish_now":"initial","rop_publish_now_accounts":[],"rop_publish_now_history":[],"rop_publish_now_status":"pending","_exactmetrics_skip_tracking":false,"footnotes":""},"categories":[40],"tags":[],"class_list":["post-33051","post","type-post","status-publish","format-standard","has-post-thumbnail","hentry","category-politica"],"aioseo_notices":[],"aioseo_head":"\n\t\t<!-- All in One SEO 4.9.10 - aioseo.com -->\n\t<meta name=\"description\" content=\"Al\u00e9m do diret\u00f3rio estadual do PP, Jo\u00e3o e Cac\u00e1 Le\u00e3o podem perder tamb\u00e9m o comando da executiva municipal do partido, em Salvador. Segundo o Bahia Not\u00edcias, Cac\u00e1 e Claudio Cajado brigam pela indica\u00e7\u00e3o da presid\u00eancia do partido em Salvador. Cajado trabalha pelo vereador \u00c1tila do Congo (Patriota), num acordo que teria sido feito antes das\" \/>\n\t<meta name=\"robots\" content=\"max-image-preview:large\" \/>\n\t<meta name=\"author\" content=\"administrador\"\/>\n\t<link rel=\"canonical\" href=\"https:\/\/newsinfoco.com.br\/inicio\/alem-da-executiva-estadual-joao-e-caca-leao-podem-perder-pp-de-salvador-diz-site\/\" \/>\n\t<meta name=\"generator\" content=\"All in One SEO (AIOSEO) 4.9.10\" \/>\n\t\t<meta property=\"og:locale\" content=\"pt_BR\" \/>\n\t\t<meta property=\"og:site_name\" content=\"News In Foco - Editado por Caio Pimenta - O principal site de noticias de Alagoinhas e regi\u00e3o\" \/>\n\t\t<meta property=\"og:type\" content=\"article\" \/>\n\t\t<meta property=\"og:title\" content=\"Al\u00e9m da executiva estadual, Jo\u00e3o e Cac\u00e1 Le\u00e3o podem perder PP de Salvador, diz site - News In Foco - Editado por Caio Pimenta\" \/>\n\t\t<meta property=\"og:description\" content=\"Al\u00e9m do diret\u00f3rio estadual do PP, Jo\u00e3o e Cac\u00e1 Le\u00e3o podem perder tamb\u00e9m o comando da executiva municipal do partido, em Salvador. Segundo o Bahia Not\u00edcias, Cac\u00e1 e Claudio Cajado brigam pela indica\u00e7\u00e3o da presid\u00eancia do partido em Salvador. Cajado trabalha pelo vereador \u00c1tila do Congo (Patriota), num acordo que teria sido feito antes das\" \/>\n\t\t<meta property=\"og:url\" content=\"https:\/\/newsinfoco.com.br\/inicio\/alem-da-executiva-estadual-joao-e-caca-leao-podem-perder-pp-de-salvador-diz-site\/\" \/>\n\t\t<meta property=\"article:published_time\" content=\"2023-02-20T14:54:54+00:00\" \/>\n\t\t<meta property=\"article:modified_time\" content=\"2023-02-20T14:55:52+00:00\" \/>\n\t\t<meta name=\"twitter:card\" content=\"summary_large_image\" \/>\n\t\t<meta name=\"twitter:title\" content=\"Al\u00e9m da executiva estadual, Jo\u00e3o e Cac\u00e1 Le\u00e3o podem perder PP de Salvador, diz site - News In Foco - Editado por Caio Pimenta\" \/>\n\t\t<meta name=\"twitter:description\" content=\"Al\u00e9m do diret\u00f3rio estadual do PP, Jo\u00e3o e Cac\u00e1 Le\u00e3o podem perder tamb\u00e9m o comando da executiva municipal do partido, em Salvador. Segundo o Bahia Not\u00edcias, Cac\u00e1 e Claudio Cajado brigam pela indica\u00e7\u00e3o da presid\u00eancia do partido em Salvador. Cajado trabalha pelo vereador \u00c1tila do Congo (Patriota), num acordo que teria sido feito antes das\" \/>\n\t\t<script type=\"application\/ld+json\" class=\"aioseo-schema\">\n\t\t\t{\"@context\":\"https:\\\/\\\/schema.org\",\"@graph\":[{\"@type\":\"BlogPosting\",\"@id\":\"https:\\\/\\\/newsinfoco.com.br\\\/inicio\\\/alem-da-executiva-estadual-joao-e-caca-leao-podem-perder-pp-de-salvador-diz-site\\\/#blogposting\",\"name\":\"Al\\u00e9m da executiva estadual, Jo\\u00e3o e Cac\\u00e1 Le\\u00e3o podem perder PP de Salvador, diz site - News In Foco - Editado por Caio Pimenta\",\"headline\":\"Al\\u00e9m da executiva estadual, Jo\\u00e3o e Cac\\u00e1 Le\\u00e3o podem perder PP de Salvador, diz site\",\"author\":{\"@id\":\"https:\\\/\\\/newsinfoco.com.br\\\/inicio\\\/author\\\/administrador\\\/#author\"},\"publisher\":{\"@id\":\"https:\\\/\\\/newsinfoco.com.br\\\/inicio\\\/#organization\"},\"image\":{\"@type\":\"ImageObject\",\"url\":\"https:\\\/\\\/newsinfoco.com.br\\\/inicio\\\/wp-content\\\/uploads\\\/2023\\\/02\\\/Caca_Leao___Divulgacao_1_2.jpeg.webp\",\"width\":1280,\"height\":852},\"datePublished\":\"2023-02-20T11:54:54-03:00\",\"dateModified\":\"2023-02-20T11:55:52-03:00\",\"inLanguage\":\"pt-BR\",\"mainEntityOfPage\":{\"@id\":\"https:\\\/\\\/newsinfoco.com.br\\\/inicio\\\/alem-da-executiva-estadual-joao-e-caca-leao-podem-perder-pp-de-salvador-diz-site\\\/#webpage\"},\"isPartOf\":{\"@id\":\"https:\\\/\\\/newsinfoco.com.br\\\/inicio\\\/alem-da-executiva-estadual-joao-e-caca-leao-podem-perder-pp-de-salvador-diz-site\\\/#webpage\"},\"articleSection\":\"Pol\\u00edtica\"},{\"@type\":\"BreadcrumbList\",\"@id\":\"https:\\\/\\\/newsinfoco.com.br\\\/inicio\\\/alem-da-executiva-estadual-joao-e-caca-leao-podem-perder-pp-de-salvador-diz-site\\\/#breadcrumblist\",\"itemListElement\":[{\"@type\":\"ListItem\",\"@id\":\"https:\\\/\\\/newsinfoco.com.br\\\/inicio#listItem\",\"position\":1,\"name\":\"In\\u00edcio\",\"item\":\"https:\\\/\\\/newsinfoco.com.br\\\/inicio\",\"nextItem\":{\"@type\":\"ListItem\",\"@id\":\"https:\\\/\\\/newsinfoco.com.br\\\/inicio\\\/category\\\/politica\\\/#listItem\",\"name\":\"Pol\\u00edtica\"}},{\"@type\":\"ListItem\",\"@id\":\"https:\\\/\\\/newsinfoco.com.br\\\/inicio\\\/category\\\/politica\\\/#listItem\",\"position\":2,\"name\":\"Pol\\u00edtica\",\"item\":\"https:\\\/\\\/newsinfoco.com.br\\\/inicio\\\/category\\\/politica\\\/\",\"nextItem\":{\"@type\":\"ListItem\",\"@id\":\"https:\\\/\\\/newsinfoco.com.br\\\/inicio\\\/alem-da-executiva-estadual-joao-e-caca-leao-podem-perder-pp-de-salvador-diz-site\\\/#listItem\",\"name\":\"Al\\u00e9m da executiva estadual, Jo\\u00e3o e Cac\\u00e1 Le\\u00e3o podem perder PP de Salvador, diz site\"},\"previousItem\":{\"@type\":\"ListItem\",\"@id\":\"https:\\\/\\\/newsinfoco.com.br\\\/inicio#listItem\",\"name\":\"In\\u00edcio\"}},{\"@type\":\"ListItem\",\"@id\":\"https:\\\/\\\/newsinfoco.com.br\\\/inicio\\\/alem-da-executiva-estadual-joao-e-caca-leao-podem-perder-pp-de-salvador-diz-site\\\/#listItem\",\"position\":3,\"name\":\"Al\\u00e9m da executiva estadual, Jo\\u00e3o e Cac\\u00e1 Le\\u00e3o podem perder PP de Salvador, diz site\",\"previousItem\":{\"@type\":\"ListItem\",\"@id\":\"https:\\\/\\\/newsinfoco.com.br\\\/inicio\\\/category\\\/politica\\\/#listItem\",\"name\":\"Pol\\u00edtica\"}}]},{\"@type\":\"Organization\",\"@id\":\"https:\\\/\\\/newsinfoco.com.br\\\/inicio\\\/#organization\",\"name\":\"News In Foco - Editado por Caio Pimenta\",\"description\":\"O principal site de noticias de Alagoinhas e regi\\u00e3o\",\"url\":\"https:\\\/\\\/newsinfoco.com.br\\\/inicio\\\/\"},{\"@type\":\"Person\",\"@id\":\"https:\\\/\\\/newsinfoco.com.br\\\/inicio\\\/author\\\/administrador\\\/#author\",\"url\":\"https:\\\/\\\/newsinfoco.com.br\\\/inicio\\\/author\\\/administrador\\\/\",\"name\":\"administrador\",\"image\":{\"@type\":\"ImageObject\",\"@id\":\"https:\\\/\\\/newsinfoco.com.br\\\/inicio\\\/alem-da-executiva-estadual-joao-e-caca-leao-podem-perder-pp-de-salvador-diz-site\\\/#authorImage\",\"url\":\"https:\\\/\\\/secure.gravatar.com\\\/avatar\\\/c17a617433de8c1dc9584bb79aab7563b46f5bb7e1728c9b17d9cc3ce6a08e49?s=96&d=mm&r=g\",\"width\":96,\"height\":96,\"caption\":\"administrador\"}},{\"@type\":\"WebPage\",\"@id\":\"https:\\\/\\\/newsinfoco.com.br\\\/inicio\\\/alem-da-executiva-estadual-joao-e-caca-leao-podem-perder-pp-de-salvador-diz-site\\\/#webpage\",\"url\":\"https:\\\/\\\/newsinfoco.com.br\\\/inicio\\\/alem-da-executiva-estadual-joao-e-caca-leao-podem-perder-pp-de-salvador-diz-site\\\/\",\"name\":\"Al\\u00e9m da executiva estadual, Jo\\u00e3o e Cac\\u00e1 Le\\u00e3o podem perder PP de Salvador, diz site - News In Foco - Editado por Caio Pimenta\",\"description\":\"Al\\u00e9m do diret\\u00f3rio estadual do PP, Jo\\u00e3o e Cac\\u00e1 Le\\u00e3o podem perder tamb\\u00e9m o comando da executiva municipal do partido, em Salvador. Segundo o Bahia Not\\u00edcias, Cac\\u00e1 e Claudio Cajado brigam pela indica\\u00e7\\u00e3o da presid\\u00eancia do partido em Salvador. Cajado trabalha pelo vereador \\u00c1tila do Congo (Patriota), num acordo que teria sido feito antes das\",\"inLanguage\":\"pt-BR\",\"isPartOf\":{\"@id\":\"https:\\\/\\\/newsinfoco.com.br\\\/inicio\\\/#website\"},\"breadcrumb\":{\"@id\":\"https:\\\/\\\/newsinfoco.com.br\\\/inicio\\\/alem-da-executiva-estadual-joao-e-caca-leao-podem-perder-pp-de-salvador-diz-site\\\/#breadcrumblist\"},\"author\":{\"@id\":\"https:\\\/\\\/newsinfoco.com.br\\\/inicio\\\/author\\\/administrador\\\/#author\"},\"creator\":{\"@id\":\"https:\\\/\\\/newsinfoco.com.br\\\/inicio\\\/author\\\/administrador\\\/#author\"},\"image\":{\"@type\":\"ImageObject\",\"url\":\"https:\\\/\\\/newsinfoco.com.br\\\/inicio\\\/wp-content\\\/uploads\\\/2023\\\/02\\\/Caca_Leao___Divulgacao_1_2.jpeg.webp\",\"@id\":\"https:\\\/\\\/newsinfoco.com.br\\\/inicio\\\/alem-da-executiva-estadual-joao-e-caca-leao-podem-perder-pp-de-salvador-diz-site\\\/#mainImage\",\"width\":1280,\"height\":852},\"primaryImageOfPage\":{\"@id\":\"https:\\\/\\\/newsinfoco.com.br\\\/inicio\\\/alem-da-executiva-estadual-joao-e-caca-leao-podem-perder-pp-de-salvador-diz-site\\\/#mainImage\"},\"datePublished\":\"2023-02-20T11:54:54-03:00\",\"dateModified\":\"2023-02-20T11:55:52-03:00\"},{\"@type\":\"WebSite\",\"@id\":\"https:\\\/\\\/newsinfoco.com.br\\\/inicio\\\/#website\",\"url\":\"https:\\\/\\\/newsinfoco.com.br\\\/inicio\\\/\",\"name\":\"News In Foco - Editado por Caio Pimenta\",\"description\":\"O principal site de noticias de Alagoinhas e regi\\u00e3o\",\"inLanguage\":\"pt-BR\",\"publisher\":{\"@id\":\"https:\\\/\\\/newsinfoco.com.br\\\/inicio\\\/#organization\"}}]}\n\t\t<\/script>\n\t\t<!-- All in One SEO -->\n\n","aioseo_head_json":{"title":"Al\u00e9m da executiva estadual, Jo\u00e3o e Cac\u00e1 Le\u00e3o podem perder PP de Salvador, diz site - News In Foco - Editado por Caio Pimenta","description":"Al\u00e9m do diret\u00f3rio estadual do PP, Jo\u00e3o e Cac\u00e1 Le\u00e3o podem perder tamb\u00e9m o comando da executiva municipal do partido, em Salvador. Segundo o Bahia Not\u00edcias, Cac\u00e1 e Claudio Cajado brigam pela indica\u00e7\u00e3o da presid\u00eancia do partido em Salvador. Cajado trabalha pelo vereador \u00c1tila do Congo (Patriota), num acordo que teria sido feito antes das","canonical_url":"https:\/\/newsinfoco.com.br\/inicio\/alem-da-executiva-estadual-joao-e-caca-leao-podem-perder-pp-de-salvador-diz-site\/","robots":"max-image-preview:large","keywords":"","webmasterTools":{"miscellaneous":""},"schema":{"@context":"https:\/\/schema.org","@graph":[{"@type":"BlogPosting","@id":"https:\/\/newsinfoco.com.br\/inicio\/alem-da-executiva-estadual-joao-e-caca-leao-podem-perder-pp-de-salvador-diz-site\/#blogposting","name":"Al\u00e9m da executiva estadual, Jo\u00e3o e Cac\u00e1 Le\u00e3o podem perder PP de Salvador, diz site - News In Foco - Editado por Caio Pimenta","headline":"Al\u00e9m da executiva estadual, Jo\u00e3o e Cac\u00e1 Le\u00e3o podem perder PP de Salvador, diz site","author":{"@id":"https:\/\/newsinfoco.com.br\/inicio\/author\/administrador\/#author"},"publisher":{"@id":"https:\/\/newsinfoco.com.br\/inicio\/#organization"},"image":{"@type":"ImageObject","url":"https:\/\/newsinfoco.com.br\/inicio\/wp-content\/uploads\/2023\/02\/Caca_Leao___Divulgacao_1_2.jpeg.webp","width":1280,"height":852},"datePublished":"2023-02-20T11:54:54-03:00","dateModified":"2023-02-20T11:55:52-03:00","inLanguage":"pt-BR","mainEntityOfPage":{"@id":"https:\/\/newsinfoco.com.br\/inicio\/alem-da-executiva-estadual-joao-e-caca-leao-podem-perder-pp-de-salvador-diz-site\/#webpage"},"isPartOf":{"@id":"https:\/\/newsinfoco.com.br\/inicio\/alem-da-executiva-estadual-joao-e-caca-leao-podem-perder-pp-de-salvador-diz-site\/#webpage"},"articleSection":"Pol\u00edtica"},{"@type":"BreadcrumbList","@id":"https:\/\/newsinfoco.com.br\/inicio\/alem-da-executiva-estadual-joao-e-caca-leao-podem-perder-pp-de-salvador-diz-site\/#breadcrumblist","itemListElement":[{"@type":"ListItem","@id":"https:\/\/newsinfoco.com.br\/inicio#listItem","position":1,"name":"In\u00edcio","item":"https:\/\/newsinfoco.com.br\/inicio","nextItem":{"@type":"ListItem","@id":"https:\/\/newsinfoco.com.br\/inicio\/category\/politica\/#listItem","name":"Pol\u00edtica"}},{"@type":"ListItem","@id":"https:\/\/newsinfoco.com.br\/inicio\/category\/politica\/#listItem","position":2,"name":"Pol\u00edtica","item":"https:\/\/newsinfoco.com.br\/inicio\/category\/politica\/","nextItem":{"@type":"ListItem","@id":"https:\/\/newsinfoco.com.br\/inicio\/alem-da-executiva-estadual-joao-e-caca-leao-podem-perder-pp-de-salvador-diz-site\/#listItem","name":"Al\u00e9m da executiva estadual, Jo\u00e3o e Cac\u00e1 Le\u00e3o podem perder PP de Salvador, diz site"},"previousItem":{"@type":"ListItem","@id":"https:\/\/newsinfoco.com.br\/inicio#listItem","name":"In\u00edcio"}},{"@type":"ListItem","@id":"https:\/\/newsinfoco.com.br\/inicio\/alem-da-executiva-estadual-joao-e-caca-leao-podem-perder-pp-de-salvador-diz-site\/#listItem","position":3,"name":"Al\u00e9m da executiva estadual, Jo\u00e3o e Cac\u00e1 Le\u00e3o podem perder PP de Salvador, diz site","previousItem":{"@type":"ListItem","@id":"https:\/\/newsinfoco.com.br\/inicio\/category\/politica\/#listItem","name":"Pol\u00edtica"}}]},{"@type":"Organization","@id":"https:\/\/newsinfoco.com.br\/inicio\/#organization","name":"News In Foco - Editado por Caio Pimenta","description":"O principal site de noticias de Alagoinhas e regi\u00e3o","url":"https:\/\/newsinfoco.com.br\/inicio\/"},{"@type":"Person","@id":"https:\/\/newsinfoco.com.br\/inicio\/author\/administrador\/#author","url":"https:\/\/newsinfoco.com.br\/inicio\/author\/administrador\/","name":"administrador","image":{"@type":"ImageObject","@id":"https:\/\/newsinfoco.com.br\/inicio\/alem-da-executiva-estadual-joao-e-caca-leao-podem-perder-pp-de-salvador-diz-site\/#authorImage","url":"https:\/\/secure.gravatar.com\/avatar\/c17a617433de8c1dc9584bb79aab7563b46f5bb7e1728c9b17d9cc3ce6a08e49?s=96&d=mm&r=g","width":96,"height":96,"caption":"administrador"}},{"@type":"WebPage","@id":"https:\/\/newsinfoco.com.br\/inicio\/alem-da-executiva-estadual-joao-e-caca-leao-podem-perder-pp-de-salvador-diz-site\/#webpage","url":"https:\/\/newsinfoco.com.br\/inicio\/alem-da-executiva-estadual-joao-e-caca-leao-podem-perder-pp-de-salvador-diz-site\/","name":"Al\u00e9m da executiva estadual, Jo\u00e3o e Cac\u00e1 Le\u00e3o podem perder PP de Salvador, diz site - News In Foco - Editado por Caio Pimenta","description":"Al\u00e9m do diret\u00f3rio estadual do PP, Jo\u00e3o e Cac\u00e1 Le\u00e3o podem perder tamb\u00e9m o comando da executiva municipal do partido, em Salvador. Segundo o Bahia Not\u00edcias, Cac\u00e1 e Claudio Cajado brigam pela indica\u00e7\u00e3o da presid\u00eancia do partido em Salvador. Cajado trabalha pelo vereador \u00c1tila do Congo (Patriota), num acordo que teria sido feito antes das","inLanguage":"pt-BR","isPartOf":{"@id":"https:\/\/newsinfoco.com.br\/inicio\/#website"},"breadcrumb":{"@id":"https:\/\/newsinfoco.com.br\/inicio\/alem-da-executiva-estadual-joao-e-caca-leao-podem-perder-pp-de-salvador-diz-site\/#breadcrumblist"},"author":{"@id":"https:\/\/newsinfoco.com.br\/inicio\/author\/administrador\/#author"},"creator":{"@id":"https:\/\/newsinfoco.com.br\/inicio\/author\/administrador\/#author"},"image":{"@type":"ImageObject","url":"https:\/\/newsinfoco.com.br\/inicio\/wp-content\/uploads\/2023\/02\/Caca_Leao___Divulgacao_1_2.jpeg.webp","@id":"https:\/\/newsinfoco.com.br\/inicio\/alem-da-executiva-estadual-joao-e-caca-leao-podem-perder-pp-de-salvador-diz-site\/#mainImage","width":1280,"height":852},"primaryImageOfPage":{"@id":"https:\/\/newsinfoco.com.br\/inicio\/alem-da-executiva-estadual-joao-e-caca-leao-podem-perder-pp-de-salvador-diz-site\/#mainImage"},"datePublished":"2023-02-20T11:54:54-03:00","dateModified":"2023-02-20T11:55:52-03:00"},{"@type":"WebSite","@id":"https:\/\/newsinfoco.com.br\/inicio\/#website","url":"https:\/\/newsinfoco.com.br\/inicio\/","name":"News In Foco - Editado por Caio Pimenta","description":"O principal site de noticias de Alagoinhas e regi\u00e3o","inLanguage":"pt-BR","publisher":{"@id":"https:\/\/newsinfoco.com.br\/inicio\/#organization"}}]},"og:locale":"pt_BR","og:site_name":"News In Foco - Editado por Caio Pimenta - O principal site de noticias de Alagoinhas e regi\u00e3o","og:type":"article","og:title":"Al\u00e9m da executiva estadual, Jo\u00e3o e Cac\u00e1 Le\u00e3o podem perder PP de Salvador, diz site - News In Foco - Editado por Caio Pimenta","og:description":"Al\u00e9m do diret\u00f3rio estadual do PP, Jo\u00e3o e Cac\u00e1 Le\u00e3o podem perder tamb\u00e9m o comando da executiva municipal do partido, em Salvador. Segundo o Bahia Not\u00edcias, Cac\u00e1 e Claudio Cajado brigam pela indica\u00e7\u00e3o da presid\u00eancia do partido em Salvador. Cajado trabalha pelo vereador \u00c1tila do Congo (Patriota), num acordo que teria sido feito antes das","og:url":"https:\/\/newsinfoco.com.br\/inicio\/alem-da-executiva-estadual-joao-e-caca-leao-podem-perder-pp-de-salvador-diz-site\/","article:published_time":"2023-02-20T14:54:54+00:00","article:modified_time":"2023-02-20T14:55:52+00:00","twitter:card":"summary_large_image","twitter:title":"Al\u00e9m da executiva estadual, Jo\u00e3o e Cac\u00e1 Le\u00e3o podem perder PP de Salvador, diz site - News In Foco - Editado por Caio Pimenta","twitter:description":"Al\u00e9m do diret\u00f3rio estadual do PP, Jo\u00e3o e Cac\u00e1 Le\u00e3o podem perder tamb\u00e9m o comando da executiva municipal do partido, em Salvador. Segundo o Bahia Not\u00edcias, Cac\u00e1 e Claudio Cajado brigam pela indica\u00e7\u00e3o da presid\u00eancia do partido em Salvador. Cajado trabalha pelo vereador \u00c1tila do Congo (Patriota), num acordo que teria sido feito antes das"},"aioseo_meta_data":{"post_id":"33051","title":null,"description":null,"keywords":null,"keyphrases":null,"primary_term":null,"canonical_url":null,"og_title":null,"og_description":null,"og_object_type":"default","og_image_type":"default","og_image_url":null,"og_image_width":null,"og_image_height":null,"og_image_custom_url":null,"og_image_custom_fields":null,"og_video":null,"og_custom_url":null,"og_article_section":null,"og_article_tags":null,"twitter_use_og":false,"twitter_card":"default","twitter_image_type":"default","twitter_image_url":null,"twitter_image_custom_url":null,"twitter_image_custom_fields":null,"twitter_title":null,"twitter_description":null,"schema":{"blockGraphs":[],"customGraphs":[],"default":{"data":{"Article":[],"Course":[],"Dataset":[],"FAQPage":[],"Movie":[],"Person":[],"Product":[],"ProductReview":[],"Car":[],"Recipe":[],"Service":[],"SoftwareApplication":[],"WebPage":[]},"graphName":"","isEnabled":true},"graphs":[]},"schema_type":"default","schema_type_options":null,"pillar_content":false,"robots_default":true,"robots_noindex":false,"robots_noarchive":false,"robots_nosnippet":false,"robots_nofollow":false,"robots_noimageindex":false,"robots_noodp":false,"robots_notranslate":false,"robots_max_snippet":null,"robots_max_videopreview":null,"robots_max_imagepreview":"large","priority":null,"frequency":null,"local_seo":null,"breadcrumb_settings":null,"limit_modified_date":false,"ai":null,"created":"2023-06-12 22:54:54","updated":"2025-07-11 09:10:48","seo_analyzer_scan_date":null},"aioseo_breadcrumb":"<div class=\"aioseo-breadcrumbs\"><span class=\"aioseo-breadcrumb\">\n\t\t\t<a href=\"https:\/\/newsinfoco.com.br\/inicio\" title=\"In\u00edcio\">In\u00edcio<\/a>\n\t\t<\/span><span class=\"aioseo-breadcrumb-separator\">&raquo;<\/span><span class=\"aioseo-breadcrumb\">\n\t\t\t<a href=\"https:\/\/newsinfoco.com.br\/inicio\/category\/politica\/\" title=\"Pol\u00edtica\">Pol\u00edtica<\/a>\n\t\t<\/span><span class=\"aioseo-breadcrumb-separator\">&raquo;<\/span><span class=\"aioseo-breadcrumb\">\n\t\t\tAl\u00e9m da executiva estadual, Jo\u00e3o e Cac\u00e1 Le\u00e3o podem perder PP de Salvador, diz site\n\t\t<\/span><\/div>","aioseo_breadcrumb_json":[{"label":"In\u00edcio","link":"https:\/\/newsinfoco.com.br\/inicio"},{"label":"Pol\u00edtica","link":"https:\/\/newsinfoco.com.br\/inicio\/category\/politica\/"},{"label":"Al\u00e9m da executiva estadual, Jo\u00e3o e Cac\u00e1 Le\u00e3o podem perder PP de Salvador, diz site","link":"https:\/\/newsinfoco.com.br\/inicio\/alem-da-executiva-estadual-joao-e-caca-leao-podem-perder-pp-de-salvador-diz-site\/"}],"_links":{"self":[{"href":"https:\/\/newsinfoco.com.br\/inicio\/wp-json\/wp\/v2\/posts\/33051","targetHints":{"allow":["GET"]}}],"collection":[{"href":"https:\/\/newsinfoco.com.br\/inicio\/wp-json\/wp\/v2\/posts"}],"about":[{"href":"https:\/\/newsinfoco.com.br\/inicio\/wp-json\/wp\/v2\/types\/post"}],"author":[{"embeddable":true,"href":"https:\/\/newsinfoco.com.br\/inicio\/wp-json\/wp\/v2\/users\/1"}],"replies":[{"embeddable":true,"href":"https:\/\/newsinfoco.com.br\/inicio\/wp-json\/wp\/v2\/comments?post=33051"}],"version-history":[{"count":1,"href":"https:\/\/newsinfoco.com.br\/inicio\/wp-json\/wp\/v2\/posts\/33051\/revisions"}],"predecessor-version":[{"id":33053,"href":"https:\/\/newsinfoco.com.br\/inicio\/wp-json\/wp\/v2\/posts\/33051\/revisions\/33053"}],"wp:featuredmedia":[{"embeddable":true,"href":"https:\/\/newsinfoco.com.br\/inicio\/wp-json\/wp\/v2\/media\/33052"}],"wp:attachment":[{"href":"https:\/\/newsinfoco.com.br\/inicio\/wp-json\/wp\/v2\/media?parent=33051"}],"wp:term":[{"taxonomy":"category","embeddable":true,"href":"https:\/\/newsinfoco.com.br\/inicio\/wp-json\/wp\/v2\/categories?post=33051"},{"taxonomy":"post_tag","embeddable":true,"href":"https:\/\/newsinfoco.com.br\/inicio\/wp-json\/wp\/v2\/tags?post=33051"}],"curies":[{"name":"wp","href":"https:\/\/api.w.org\/{rel}","templated":true}]}}