{"id":33057,"date":"2023-02-20T12:04:46","date_gmt":"2023-02-20T15:04:46","guid":{"rendered":"https:\/\/newsinfoco.com.br\/inicio\/?p=33057"},"modified":"2023-02-20T12:04:46","modified_gmt":"2023-02-20T15:04:46","slug":"fantasiado-de-guerrilheiro-flavio-dino-pula-carnaval-no-bloco-dos-comunas","status":"publish","type":"post","link":"https:\/\/newsinfoco.com.br\/inicio\/fantasiado-de-guerrilheiro-flavio-dino-pula-carnaval-no-bloco-dos-comunas\/","title":{"rendered":"Fantasiado de guerrilheiro, Fl\u00e1vio Dino pula Carnaval no \u2018bloco dos comunas\u2019"},"content":{"rendered":"<p>O ministro da Justi\u00e7a, Fl\u00e1vio Dino, comemorou o Carnaval na Praia Grande, em S\u00e3o Lu\u00eds (MA), vestido de guerrilheiro cubano. Em uma foto divulgada no Instagram de Dino, \u00e9 poss\u00edvel v\u00ea-lo usando um bon\u00e9 verde com uma estrela vermelha no centro. \u201cFeliz em participar no bloco Os Comunas\u201d, publicou o ministro, na rede social, no s\u00e1bado 18, ao elogiar \u201cos artistas do Maranh\u00e3o.\u201d<\/p>\n<p><iframe id=\"instagram-embed-0\" class=\"instagram-media instagram-media-rendered\" src=\"https:\/\/www.instagram.com\/p\/Co00O_lLQRl\/embed\/captioned\/?cr=1&amp;v=14&amp;wp=540&amp;rd=https%3A%2F%2Frevistaoeste.com&amp;rp=%2Fpolitica%2Ffantasiado-de-guerrilheiro-flavio-dino-pula-carnaval-no-bloco-dos-comunas%2F#%7B%22ci%22%3A0%2C%22os%22%3A99650.40000003576%2C%22ls%22%3A96694.40000003576%2C%22le%22%3A99500.60000002384%7D\" height=\"717\" frameborder=\"0\" scrolling=\"no\" allowfullscreen=\"allowfullscreen\" data-instgrm-payload-id=\"instagram-media-payload-0\" data-mce-fragment=\"1\"><\/iframe><\/p>\n<p>N\u00e3o \u00e9 a primeira vez que Fl\u00e1vio Dino causa pol\u00eamica com suas fantasias. No\u00a0Carnaval de 2019, o ent\u00e3o governador do Estado pelo PCdoB usou um bon\u00e9 parecido com o do bloco desse fim de semana. Em fotos com foli\u00f5es, Dino aparece portando uma foice e um martelo nas m\u00e3os, os s\u00edmbolos do comunismo.<\/p>\n<p>Al\u00e9m do bloco no Maranh\u00e3o, o comunismo foi tema de um desfile de escola de samba em Florian\u00f3polis. A\u00a0Protegidos da Princesa homenageou o extremista de esquerda Lu\u00eds Carlos Prestes. No domingo 19, os passistas dan\u00e7aram vestindo vermelho, com o s\u00edmbolo da foice e do martelo no peito, na ala batizada de \u201cColuna Prestes\u201d. As imagens geraram revolta nas redes sociais. Internautas lembraram que o comunismo j\u00e1 matou 110 milh\u00f5es de pessoas. Ao longo da performance, a escola de samba cantou uma m\u00fasica contra a censura, sem mencionar que ela existe em regimes totalit\u00e1rios de extrema esquerda.<\/p>\n<p>&nbsp;<\/p>\n<p>Revista Oeste<\/p>\n<div class='share-to-whatsapp-wrapper'><div class='share-on-whsp'>Share on: <\/div><a data-text='Fantasiado de guerrilheiro, Fl\u00e1vio Dino pula Carnaval no \u2018bloco dos comunas\u2019' data-link='https:\/\/newsinfoco.com.br\/inicio\/fantasiado-de-guerrilheiro-flavio-dino-pula-carnaval-no-bloco-dos-comunas\/' class='whatsapp-button whatsapp-share'>WhatsApp<\/a><div class='clear '><\/div><\/div>","protected":false},"excerpt":{"rendered":"<p>O ministro da Justi\u00e7a, Fl\u00e1vio Dino, comemorou o Carnaval na Praia Grande, em S\u00e3o Lu\u00eds (MA), vestido de guerrilheiro cubano. Em uma foto divulgada no Instagram de Dino, \u00e9 poss\u00edvel v\u00ea-lo usando um bon\u00e9 verde com uma estrela vermelha no centro. \u201cFeliz em participar no bloco Os Comunas\u201d, publicou o ministro, na rede social, no [&hellip;]<\/p>\n","protected":false},"author":1,"featured_media":33058,"comment_status":"closed","ping_status":"closed","sticky":false,"template":"","format":"standard","meta":{"om_disable_all_campaigns":false,"rop_custom_images_group":[],"rop_custom_messages_group":[],"rop_publish_now":"initial","rop_publish_now_accounts":[],"rop_publish_now_history":[],"rop_publish_now_status":"pending","_exactmetrics_skip_tracking":false,"footnotes":""},"categories":[40],"tags":[],"class_list":["post-33057","post","type-post","status-publish","format-standard","has-post-thumbnail","hentry","category-politica"],"aioseo_notices":[],"aioseo_head":"\n\t\t<!-- All in One SEO 4.9.10 - aioseo.com -->\n\t<meta name=\"description\" content=\"O ministro da Justi\u00e7a, Fl\u00e1vio Dino, comemorou o Carnaval na Praia Grande, em S\u00e3o Lu\u00eds (MA), vestido de guerrilheiro cubano. Em uma foto divulgada no Instagram de Dino, \u00e9 poss\u00edvel v\u00ea-lo usando um bon\u00e9 verde com uma estrela vermelha no centro. \u201cFeliz em participar no bloco Os Comunas\u201d, publicou o ministro, na rede social, no\" \/>\n\t<meta name=\"robots\" content=\"max-image-preview:large\" \/>\n\t<meta name=\"author\" content=\"administrador\"\/>\n\t<link rel=\"canonical\" href=\"https:\/\/newsinfoco.com.br\/inicio\/fantasiado-de-guerrilheiro-flavio-dino-pula-carnaval-no-bloco-dos-comunas\/\" \/>\n\t<meta name=\"generator\" content=\"All in One SEO (AIOSEO) 4.9.10\" \/>\n\t\t<meta property=\"og:locale\" content=\"pt_BR\" \/>\n\t\t<meta property=\"og:site_name\" content=\"News In Foco - Editado por Caio Pimenta - O principal site de noticias de Alagoinhas e regi\u00e3o\" \/>\n\t\t<meta property=\"og:type\" content=\"article\" \/>\n\t\t<meta property=\"og:title\" content=\"Fantasiado de guerrilheiro, Fl\u00e1vio Dino pula Carnaval no \u2018bloco dos comunas\u2019 - News In Foco - Editado por Caio Pimenta\" \/>\n\t\t<meta property=\"og:description\" content=\"O ministro da Justi\u00e7a, Fl\u00e1vio Dino, comemorou o Carnaval na Praia Grande, em S\u00e3o Lu\u00eds (MA), vestido de guerrilheiro cubano. Em uma foto divulgada no Instagram de Dino, \u00e9 poss\u00edvel v\u00ea-lo usando um bon\u00e9 verde com uma estrela vermelha no centro. \u201cFeliz em participar no bloco Os Comunas\u201d, publicou o ministro, na rede social, no\" \/>\n\t\t<meta property=\"og:url\" content=\"https:\/\/newsinfoco.com.br\/inicio\/fantasiado-de-guerrilheiro-flavio-dino-pula-carnaval-no-bloco-dos-comunas\/\" \/>\n\t\t<meta property=\"article:published_time\" content=\"2023-02-20T15:04:46+00:00\" \/>\n\t\t<meta property=\"article:modified_time\" content=\"2023-02-20T15:04:46+00:00\" \/>\n\t\t<meta name=\"twitter:card\" content=\"summary_large_image\" \/>\n\t\t<meta name=\"twitter:title\" content=\"Fantasiado de guerrilheiro, Fl\u00e1vio Dino pula Carnaval no \u2018bloco dos comunas\u2019 - News In Foco - Editado por Caio Pimenta\" \/>\n\t\t<meta name=\"twitter:description\" content=\"O ministro da Justi\u00e7a, Fl\u00e1vio Dino, comemorou o Carnaval na Praia Grande, em S\u00e3o Lu\u00eds (MA), vestido de guerrilheiro cubano. Em uma foto divulgada no Instagram de Dino, \u00e9 poss\u00edvel v\u00ea-lo usando um bon\u00e9 verde com uma estrela vermelha no centro. \u201cFeliz em participar no bloco Os Comunas\u201d, publicou o ministro, na rede social, no\" \/>\n\t\t<script type=\"application\/ld+json\" class=\"aioseo-schema\">\n\t\t\t{\"@context\":\"https:\\\/\\\/schema.org\",\"@graph\":[{\"@type\":\"BlogPosting\",\"@id\":\"https:\\\/\\\/newsinfoco.com.br\\\/inicio\\\/fantasiado-de-guerrilheiro-flavio-dino-pula-carnaval-no-bloco-dos-comunas\\\/#blogposting\",\"name\":\"Fantasiado de guerrilheiro, Fl\\u00e1vio Dino pula Carnaval no \\u2018bloco dos comunas\\u2019 - News In Foco - Editado por Caio Pimenta\",\"headline\":\"Fantasiado de guerrilheiro, Fl\\u00e1vio Dino pula Carnaval no \\u2018bloco dos comunas\\u2019\",\"author\":{\"@id\":\"https:\\\/\\\/newsinfoco.com.br\\\/inicio\\\/author\\\/administrador\\\/#author\"},\"publisher\":{\"@id\":\"https:\\\/\\\/newsinfoco.com.br\\\/inicio\\\/#organization\"},\"image\":{\"@type\":\"ImageObject\",\"url\":\"https:\\\/\\\/newsinfoco.com.br\\\/inicio\\\/wp-content\\\/uploads\\\/2023\\\/02\\\/42458-768x564-1.webp\",\"width\":768,\"height\":564},\"datePublished\":\"2023-02-20T12:04:46-03:00\",\"dateModified\":\"2023-02-20T12:04:46-03:00\",\"inLanguage\":\"pt-BR\",\"mainEntityOfPage\":{\"@id\":\"https:\\\/\\\/newsinfoco.com.br\\\/inicio\\\/fantasiado-de-guerrilheiro-flavio-dino-pula-carnaval-no-bloco-dos-comunas\\\/#webpage\"},\"isPartOf\":{\"@id\":\"https:\\\/\\\/newsinfoco.com.br\\\/inicio\\\/fantasiado-de-guerrilheiro-flavio-dino-pula-carnaval-no-bloco-dos-comunas\\\/#webpage\"},\"articleSection\":\"Pol\\u00edtica\"},{\"@type\":\"BreadcrumbList\",\"@id\":\"https:\\\/\\\/newsinfoco.com.br\\\/inicio\\\/fantasiado-de-guerrilheiro-flavio-dino-pula-carnaval-no-bloco-dos-comunas\\\/#breadcrumblist\",\"itemListElement\":[{\"@type\":\"ListItem\",\"@id\":\"https:\\\/\\\/newsinfoco.com.br\\\/inicio#listItem\",\"position\":1,\"name\":\"In\\u00edcio\",\"item\":\"https:\\\/\\\/newsinfoco.com.br\\\/inicio\",\"nextItem\":{\"@type\":\"ListItem\",\"@id\":\"https:\\\/\\\/newsinfoco.com.br\\\/inicio\\\/category\\\/politica\\\/#listItem\",\"name\":\"Pol\\u00edtica\"}},{\"@type\":\"ListItem\",\"@id\":\"https:\\\/\\\/newsinfoco.com.br\\\/inicio\\\/category\\\/politica\\\/#listItem\",\"position\":2,\"name\":\"Pol\\u00edtica\",\"item\":\"https:\\\/\\\/newsinfoco.com.br\\\/inicio\\\/category\\\/politica\\\/\",\"nextItem\":{\"@type\":\"ListItem\",\"@id\":\"https:\\\/\\\/newsinfoco.com.br\\\/inicio\\\/fantasiado-de-guerrilheiro-flavio-dino-pula-carnaval-no-bloco-dos-comunas\\\/#listItem\",\"name\":\"Fantasiado de guerrilheiro, Fl\\u00e1vio Dino pula Carnaval no \\u2018bloco dos comunas\\u2019\"},\"previousItem\":{\"@type\":\"ListItem\",\"@id\":\"https:\\\/\\\/newsinfoco.com.br\\\/inicio#listItem\",\"name\":\"In\\u00edcio\"}},{\"@type\":\"ListItem\",\"@id\":\"https:\\\/\\\/newsinfoco.com.br\\\/inicio\\\/fantasiado-de-guerrilheiro-flavio-dino-pula-carnaval-no-bloco-dos-comunas\\\/#listItem\",\"position\":3,\"name\":\"Fantasiado de guerrilheiro, Fl\\u00e1vio Dino pula Carnaval no \\u2018bloco dos comunas\\u2019\",\"previousItem\":{\"@type\":\"ListItem\",\"@id\":\"https:\\\/\\\/newsinfoco.com.br\\\/inicio\\\/category\\\/politica\\\/#listItem\",\"name\":\"Pol\\u00edtica\"}}]},{\"@type\":\"Organization\",\"@id\":\"https:\\\/\\\/newsinfoco.com.br\\\/inicio\\\/#organization\",\"name\":\"News In Foco - Editado por Caio Pimenta\",\"description\":\"O principal site de noticias de Alagoinhas e regi\\u00e3o\",\"url\":\"https:\\\/\\\/newsinfoco.com.br\\\/inicio\\\/\"},{\"@type\":\"Person\",\"@id\":\"https:\\\/\\\/newsinfoco.com.br\\\/inicio\\\/author\\\/administrador\\\/#author\",\"url\":\"https:\\\/\\\/newsinfoco.com.br\\\/inicio\\\/author\\\/administrador\\\/\",\"name\":\"administrador\",\"image\":{\"@type\":\"ImageObject\",\"@id\":\"https:\\\/\\\/newsinfoco.com.br\\\/inicio\\\/fantasiado-de-guerrilheiro-flavio-dino-pula-carnaval-no-bloco-dos-comunas\\\/#authorImage\",\"url\":\"https:\\\/\\\/secure.gravatar.com\\\/avatar\\\/c17a617433de8c1dc9584bb79aab7563b46f5bb7e1728c9b17d9cc3ce6a08e49?s=96&d=mm&r=g\",\"width\":96,\"height\":96,\"caption\":\"administrador\"}},{\"@type\":\"WebPage\",\"@id\":\"https:\\\/\\\/newsinfoco.com.br\\\/inicio\\\/fantasiado-de-guerrilheiro-flavio-dino-pula-carnaval-no-bloco-dos-comunas\\\/#webpage\",\"url\":\"https:\\\/\\\/newsinfoco.com.br\\\/inicio\\\/fantasiado-de-guerrilheiro-flavio-dino-pula-carnaval-no-bloco-dos-comunas\\\/\",\"name\":\"Fantasiado de guerrilheiro, Fl\\u00e1vio Dino pula Carnaval no \\u2018bloco dos comunas\\u2019 - News In Foco - Editado por Caio Pimenta\",\"description\":\"O ministro da Justi\\u00e7a, Fl\\u00e1vio Dino, comemorou o Carnaval na Praia Grande, em S\\u00e3o Lu\\u00eds (MA), vestido de guerrilheiro cubano. Em uma foto divulgada no Instagram de Dino, \\u00e9 poss\\u00edvel v\\u00ea-lo usando um bon\\u00e9 verde com uma estrela vermelha no centro. \\u201cFeliz em participar no bloco Os Comunas\\u201d, publicou o ministro, na rede social, no\",\"inLanguage\":\"pt-BR\",\"isPartOf\":{\"@id\":\"https:\\\/\\\/newsinfoco.com.br\\\/inicio\\\/#website\"},\"breadcrumb\":{\"@id\":\"https:\\\/\\\/newsinfoco.com.br\\\/inicio\\\/fantasiado-de-guerrilheiro-flavio-dino-pula-carnaval-no-bloco-dos-comunas\\\/#breadcrumblist\"},\"author\":{\"@id\":\"https:\\\/\\\/newsinfoco.com.br\\\/inicio\\\/author\\\/administrador\\\/#author\"},\"creator\":{\"@id\":\"https:\\\/\\\/newsinfoco.com.br\\\/inicio\\\/author\\\/administrador\\\/#author\"},\"image\":{\"@type\":\"ImageObject\",\"url\":\"https:\\\/\\\/newsinfoco.com.br\\\/inicio\\\/wp-content\\\/uploads\\\/2023\\\/02\\\/42458-768x564-1.webp\",\"@id\":\"https:\\\/\\\/newsinfoco.com.br\\\/inicio\\\/fantasiado-de-guerrilheiro-flavio-dino-pula-carnaval-no-bloco-dos-comunas\\\/#mainImage\",\"width\":768,\"height\":564},\"primaryImageOfPage\":{\"@id\":\"https:\\\/\\\/newsinfoco.com.br\\\/inicio\\\/fantasiado-de-guerrilheiro-flavio-dino-pula-carnaval-no-bloco-dos-comunas\\\/#mainImage\"},\"datePublished\":\"2023-02-20T12:04:46-03:00\",\"dateModified\":\"2023-02-20T12:04:46-03:00\"},{\"@type\":\"WebSite\",\"@id\":\"https:\\\/\\\/newsinfoco.com.br\\\/inicio\\\/#website\",\"url\":\"https:\\\/\\\/newsinfoco.com.br\\\/inicio\\\/\",\"name\":\"News In Foco - Editado por Caio Pimenta\",\"description\":\"O principal site de noticias de Alagoinhas e regi\\u00e3o\",\"inLanguage\":\"pt-BR\",\"publisher\":{\"@id\":\"https:\\\/\\\/newsinfoco.com.br\\\/inicio\\\/#organization\"}}]}\n\t\t<\/script>\n\t\t<!-- All in One SEO -->\n\n","aioseo_head_json":{"title":"Fantasiado de guerrilheiro, Fl\u00e1vio Dino pula Carnaval no \u2018bloco dos comunas\u2019 - News In Foco - Editado por Caio Pimenta","description":"O ministro da Justi\u00e7a, Fl\u00e1vio Dino, comemorou o Carnaval na Praia Grande, em S\u00e3o Lu\u00eds (MA), vestido de guerrilheiro cubano. Em uma foto divulgada no Instagram de Dino, \u00e9 poss\u00edvel v\u00ea-lo usando um bon\u00e9 verde com uma estrela vermelha no centro. \u201cFeliz em participar no bloco Os Comunas\u201d, publicou o ministro, na rede social, no","canonical_url":"https:\/\/newsinfoco.com.br\/inicio\/fantasiado-de-guerrilheiro-flavio-dino-pula-carnaval-no-bloco-dos-comunas\/","robots":"max-image-preview:large","keywords":"","webmasterTools":{"miscellaneous":""},"schema":{"@context":"https:\/\/schema.org","@graph":[{"@type":"BlogPosting","@id":"https:\/\/newsinfoco.com.br\/inicio\/fantasiado-de-guerrilheiro-flavio-dino-pula-carnaval-no-bloco-dos-comunas\/#blogposting","name":"Fantasiado de guerrilheiro, Fl\u00e1vio Dino pula Carnaval no \u2018bloco dos comunas\u2019 - News In Foco - Editado por Caio Pimenta","headline":"Fantasiado de guerrilheiro, Fl\u00e1vio Dino pula Carnaval no \u2018bloco dos comunas\u2019","author":{"@id":"https:\/\/newsinfoco.com.br\/inicio\/author\/administrador\/#author"},"publisher":{"@id":"https:\/\/newsinfoco.com.br\/inicio\/#organization"},"image":{"@type":"ImageObject","url":"https:\/\/newsinfoco.com.br\/inicio\/wp-content\/uploads\/2023\/02\/42458-768x564-1.webp","width":768,"height":564},"datePublished":"2023-02-20T12:04:46-03:00","dateModified":"2023-02-20T12:04:46-03:00","inLanguage":"pt-BR","mainEntityOfPage":{"@id":"https:\/\/newsinfoco.com.br\/inicio\/fantasiado-de-guerrilheiro-flavio-dino-pula-carnaval-no-bloco-dos-comunas\/#webpage"},"isPartOf":{"@id":"https:\/\/newsinfoco.com.br\/inicio\/fantasiado-de-guerrilheiro-flavio-dino-pula-carnaval-no-bloco-dos-comunas\/#webpage"},"articleSection":"Pol\u00edtica"},{"@type":"BreadcrumbList","@id":"https:\/\/newsinfoco.com.br\/inicio\/fantasiado-de-guerrilheiro-flavio-dino-pula-carnaval-no-bloco-dos-comunas\/#breadcrumblist","itemListElement":[{"@type":"ListItem","@id":"https:\/\/newsinfoco.com.br\/inicio#listItem","position":1,"name":"In\u00edcio","item":"https:\/\/newsinfoco.com.br\/inicio","nextItem":{"@type":"ListItem","@id":"https:\/\/newsinfoco.com.br\/inicio\/category\/politica\/#listItem","name":"Pol\u00edtica"}},{"@type":"ListItem","@id":"https:\/\/newsinfoco.com.br\/inicio\/category\/politica\/#listItem","position":2,"name":"Pol\u00edtica","item":"https:\/\/newsinfoco.com.br\/inicio\/category\/politica\/","nextItem":{"@type":"ListItem","@id":"https:\/\/newsinfoco.com.br\/inicio\/fantasiado-de-guerrilheiro-flavio-dino-pula-carnaval-no-bloco-dos-comunas\/#listItem","name":"Fantasiado de guerrilheiro, Fl\u00e1vio Dino pula Carnaval no \u2018bloco dos comunas\u2019"},"previousItem":{"@type":"ListItem","@id":"https:\/\/newsinfoco.com.br\/inicio#listItem","name":"In\u00edcio"}},{"@type":"ListItem","@id":"https:\/\/newsinfoco.com.br\/inicio\/fantasiado-de-guerrilheiro-flavio-dino-pula-carnaval-no-bloco-dos-comunas\/#listItem","position":3,"name":"Fantasiado de guerrilheiro, Fl\u00e1vio Dino pula Carnaval no \u2018bloco dos comunas\u2019","previousItem":{"@type":"ListItem","@id":"https:\/\/newsinfoco.com.br\/inicio\/category\/politica\/#listItem","name":"Pol\u00edtica"}}]},{"@type":"Organization","@id":"https:\/\/newsinfoco.com.br\/inicio\/#organization","name":"News In Foco - Editado por Caio Pimenta","description":"O principal site de noticias de Alagoinhas e regi\u00e3o","url":"https:\/\/newsinfoco.com.br\/inicio\/"},{"@type":"Person","@id":"https:\/\/newsinfoco.com.br\/inicio\/author\/administrador\/#author","url":"https:\/\/newsinfoco.com.br\/inicio\/author\/administrador\/","name":"administrador","image":{"@type":"ImageObject","@id":"https:\/\/newsinfoco.com.br\/inicio\/fantasiado-de-guerrilheiro-flavio-dino-pula-carnaval-no-bloco-dos-comunas\/#authorImage","url":"https:\/\/secure.gravatar.com\/avatar\/c17a617433de8c1dc9584bb79aab7563b46f5bb7e1728c9b17d9cc3ce6a08e49?s=96&d=mm&r=g","width":96,"height":96,"caption":"administrador"}},{"@type":"WebPage","@id":"https:\/\/newsinfoco.com.br\/inicio\/fantasiado-de-guerrilheiro-flavio-dino-pula-carnaval-no-bloco-dos-comunas\/#webpage","url":"https:\/\/newsinfoco.com.br\/inicio\/fantasiado-de-guerrilheiro-flavio-dino-pula-carnaval-no-bloco-dos-comunas\/","name":"Fantasiado de guerrilheiro, Fl\u00e1vio Dino pula Carnaval no \u2018bloco dos comunas\u2019 - News In Foco - Editado por Caio Pimenta","description":"O ministro da Justi\u00e7a, Fl\u00e1vio Dino, comemorou o Carnaval na Praia Grande, em S\u00e3o Lu\u00eds (MA), vestido de guerrilheiro cubano. Em uma foto divulgada no Instagram de Dino, \u00e9 poss\u00edvel v\u00ea-lo usando um bon\u00e9 verde com uma estrela vermelha no centro. \u201cFeliz em participar no bloco Os Comunas\u201d, publicou o ministro, na rede social, no","inLanguage":"pt-BR","isPartOf":{"@id":"https:\/\/newsinfoco.com.br\/inicio\/#website"},"breadcrumb":{"@id":"https:\/\/newsinfoco.com.br\/inicio\/fantasiado-de-guerrilheiro-flavio-dino-pula-carnaval-no-bloco-dos-comunas\/#breadcrumblist"},"author":{"@id":"https:\/\/newsinfoco.com.br\/inicio\/author\/administrador\/#author"},"creator":{"@id":"https:\/\/newsinfoco.com.br\/inicio\/author\/administrador\/#author"},"image":{"@type":"ImageObject","url":"https:\/\/newsinfoco.com.br\/inicio\/wp-content\/uploads\/2023\/02\/42458-768x564-1.webp","@id":"https:\/\/newsinfoco.com.br\/inicio\/fantasiado-de-guerrilheiro-flavio-dino-pula-carnaval-no-bloco-dos-comunas\/#mainImage","width":768,"height":564},"primaryImageOfPage":{"@id":"https:\/\/newsinfoco.com.br\/inicio\/fantasiado-de-guerrilheiro-flavio-dino-pula-carnaval-no-bloco-dos-comunas\/#mainImage"},"datePublished":"2023-02-20T12:04:46-03:00","dateModified":"2023-02-20T12:04:46-03:00"},{"@type":"WebSite","@id":"https:\/\/newsinfoco.com.br\/inicio\/#website","url":"https:\/\/newsinfoco.com.br\/inicio\/","name":"News In Foco - Editado por Caio Pimenta","description":"O principal site de noticias de Alagoinhas e regi\u00e3o","inLanguage":"pt-BR","publisher":{"@id":"https:\/\/newsinfoco.com.br\/inicio\/#organization"}}]},"og:locale":"pt_BR","og:site_name":"News In Foco - Editado por Caio Pimenta - O principal site de noticias de Alagoinhas e regi\u00e3o","og:type":"article","og:title":"Fantasiado de guerrilheiro, Fl\u00e1vio Dino pula Carnaval no \u2018bloco dos comunas\u2019 - News In Foco - Editado por Caio Pimenta","og:description":"O ministro da Justi\u00e7a, Fl\u00e1vio Dino, comemorou o Carnaval na Praia Grande, em S\u00e3o Lu\u00eds (MA), vestido de guerrilheiro cubano. Em uma foto divulgada no Instagram de Dino, \u00e9 poss\u00edvel v\u00ea-lo usando um bon\u00e9 verde com uma estrela vermelha no centro. \u201cFeliz em participar no bloco Os Comunas\u201d, publicou o ministro, na rede social, no","og:url":"https:\/\/newsinfoco.com.br\/inicio\/fantasiado-de-guerrilheiro-flavio-dino-pula-carnaval-no-bloco-dos-comunas\/","article:published_time":"2023-02-20T15:04:46+00:00","article:modified_time":"2023-02-20T15:04:46+00:00","twitter:card":"summary_large_image","twitter:title":"Fantasiado de guerrilheiro, Fl\u00e1vio Dino pula Carnaval no \u2018bloco dos comunas\u2019 - News In Foco - Editado por Caio Pimenta","twitter:description":"O ministro da Justi\u00e7a, Fl\u00e1vio Dino, comemorou o Carnaval na Praia Grande, em S\u00e3o Lu\u00eds (MA), vestido de guerrilheiro cubano. Em uma foto divulgada no Instagram de Dino, \u00e9 poss\u00edvel v\u00ea-lo usando um bon\u00e9 verde com uma estrela vermelha no centro. \u201cFeliz em participar no bloco Os Comunas\u201d, publicou o ministro, na rede social, no"},"aioseo_meta_data":{"post_id":"33057","title":null,"description":null,"keywords":null,"keyphrases":null,"primary_term":null,"canonical_url":null,"og_title":null,"og_description":null,"og_object_type":"default","og_image_type":"default","og_image_url":null,"og_image_width":null,"og_image_height":null,"og_image_custom_url":null,"og_image_custom_fields":null,"og_video":null,"og_custom_url":null,"og_article_section":null,"og_article_tags":null,"twitter_use_og":false,"twitter_card":"default","twitter_image_type":"default","twitter_image_url":null,"twitter_image_custom_url":null,"twitter_image_custom_fields":null,"twitter_title":null,"twitter_description":null,"schema":{"blockGraphs":[],"customGraphs":[],"default":{"data":{"Article":[],"Course":[],"Dataset":[],"FAQPage":[],"Movie":[],"Person":[],"Product":[],"ProductReview":[],"Car":[],"Recipe":[],"Service":[],"SoftwareApplication":[],"WebPage":[]},"graphName":"","isEnabled":true},"graphs":[]},"schema_type":"default","schema_type_options":null,"pillar_content":false,"robots_default":true,"robots_noindex":false,"robots_noarchive":false,"robots_nosnippet":false,"robots_nofollow":false,"robots_noimageindex":false,"robots_noodp":false,"robots_notranslate":false,"robots_max_snippet":null,"robots_max_videopreview":null,"robots_max_imagepreview":"large","priority":null,"frequency":null,"local_seo":null,"breadcrumb_settings":null,"limit_modified_date":false,"ai":null,"created":"2023-06-12 22:54:54","updated":"2025-07-11 09:11:46","seo_analyzer_scan_date":null},"aioseo_breadcrumb":"<div class=\"aioseo-breadcrumbs\"><span class=\"aioseo-breadcrumb\">\n\t\t\t<a href=\"https:\/\/newsinfoco.com.br\/inicio\" title=\"In\u00edcio\">In\u00edcio<\/a>\n\t\t<\/span><span class=\"aioseo-breadcrumb-separator\">&raquo;<\/span><span class=\"aioseo-breadcrumb\">\n\t\t\t<a href=\"https:\/\/newsinfoco.com.br\/inicio\/category\/politica\/\" title=\"Pol\u00edtica\">Pol\u00edtica<\/a>\n\t\t<\/span><span class=\"aioseo-breadcrumb-separator\">&raquo;<\/span><span class=\"aioseo-breadcrumb\">\n\t\t\tFantasiado de guerrilheiro, Fl\u00e1vio Dino pula Carnaval no \u2018bloco dos comunas\u2019\n\t\t<\/span><\/div>","aioseo_breadcrumb_json":[{"label":"In\u00edcio","link":"https:\/\/newsinfoco.com.br\/inicio"},{"label":"Pol\u00edtica","link":"https:\/\/newsinfoco.com.br\/inicio\/category\/politica\/"},{"label":"Fantasiado de guerrilheiro, Fl\u00e1vio Dino pula Carnaval no \u2018bloco dos comunas\u2019","link":"https:\/\/newsinfoco.com.br\/inicio\/fantasiado-de-guerrilheiro-flavio-dino-pula-carnaval-no-bloco-dos-comunas\/"}],"_links":{"self":[{"href":"https:\/\/newsinfoco.com.br\/inicio\/wp-json\/wp\/v2\/posts\/33057","targetHints":{"allow":["GET"]}}],"collection":[{"href":"https:\/\/newsinfoco.com.br\/inicio\/wp-json\/wp\/v2\/posts"}],"about":[{"href":"https:\/\/newsinfoco.com.br\/inicio\/wp-json\/wp\/v2\/types\/post"}],"author":[{"embeddable":true,"href":"https:\/\/newsinfoco.com.br\/inicio\/wp-json\/wp\/v2\/users\/1"}],"replies":[{"embeddable":true,"href":"https:\/\/newsinfoco.com.br\/inicio\/wp-json\/wp\/v2\/comments?post=33057"}],"version-history":[{"count":1,"href":"https:\/\/newsinfoco.com.br\/inicio\/wp-json\/wp\/v2\/posts\/33057\/revisions"}],"predecessor-version":[{"id":33059,"href":"https:\/\/newsinfoco.com.br\/inicio\/wp-json\/wp\/v2\/posts\/33057\/revisions\/33059"}],"wp:featuredmedia":[{"embeddable":true,"href":"https:\/\/newsinfoco.com.br\/inicio\/wp-json\/wp\/v2\/media\/33058"}],"wp:attachment":[{"href":"https:\/\/newsinfoco.com.br\/inicio\/wp-json\/wp\/v2\/media?parent=33057"}],"wp:term":[{"taxonomy":"category","embeddable":true,"href":"https:\/\/newsinfoco.com.br\/inicio\/wp-json\/wp\/v2\/categories?post=33057"},{"taxonomy":"post_tag","embeddable":true,"href":"https:\/\/newsinfoco.com.br\/inicio\/wp-json\/wp\/v2\/tags?post=33057"}],"curies":[{"name":"wp","href":"https:\/\/api.w.org\/{rel}","templated":true}]}}