{"id":33066,"date":"2023-02-20T12:36:46","date_gmt":"2023-02-20T15:36:46","guid":{"rendered":"https:\/\/newsinfoco.com.br\/inicio\/?p=33066"},"modified":"2023-02-20T12:38:28","modified_gmt":"2023-02-20T15:38:28","slug":"a-preocupacao-de-adriao-barbosa-com-o-novo-aumento-na-tarifa-do-transporte-publico-em-alagoinhas-a-categoria-comerciaria-e-a-maior-prejudicada","status":"publish","type":"post","link":"https:\/\/newsinfoco.com.br\/inicio\/a-preocupacao-de-adriao-barbosa-com-o-novo-aumento-na-tarifa-do-transporte-publico-em-alagoinhas-a-categoria-comerciaria-e-a-maior-prejudicada\/","title":{"rendered":"A preocupa\u00e7\u00e3o de Adri\u00e3o Barbosa com o novo aumento na tarifa do transporte p\u00fablico em Alagoinhas, &#8220;A categoria comerci\u00e1ria \u00e9 a maior prejudicada&#8221;"},"content":{"rendered":"<p>Hoje, segunda-feira(20), o com\u00e9rcio de Alagoinhas amanheceu fechado. O fechamento se deve a comemora\u00e7\u00e3o do dia do comerci\u00e1rio, data definida em conven\u00e7\u00e3o coletiva firmada entre o sindicato dos comerci\u00e1rios e o sindicato patronal, e que concede folga \u00e0 categoria.<\/p>\n<p>Por\u00e9m, apesar da folga ser bastante festejada pelos comerci\u00e1rios, o novo aumento tarif\u00e1rio no transporte p\u00fablico decretado pelo prefeito Joaquim Neto(PSD), tem causado preocupa\u00e7\u00e3o.<\/p>\n<p>O presidente do sindicato dos comerci\u00e1rio de Alagoinhas e Regi\u00e3o, Adri\u00e3o Barbosa, em contato com este News Infoco, externou sua contrariedade com a medida. Segundo ele, &#8220;a categoria comerci\u00e1ria ser\u00e1 a maior prejudicada&#8221;.<\/p>\n<p dir=\"auto\">&#8220;Atualmente o transporte p\u00fablico \u00e9 um dos maiores problemas que existe em Alagoinhas. Por que a Prefeitura em vez de buscar solu\u00e7\u00e3o para o ca\u00f3tico transporte p\u00fablico de Alagoinhas, aumentou o valor da tarifa? A Categoria Comerci\u00e1ria \u00e9 a maior prejudicada em seu deslocamento para o trabalho, como tamb\u00e9m o fomento ao Com\u00e9rcio.&#8221;, disse o sindicalista.<\/p>\n<p dir=\"auto\">Na \u00faltima sexta-feira(17), a prefeitura de Alagoinhas publicou no di\u00e1rio oficial do municipio o decreto aumentando a tarifa de \u00f4nibus de R$ 3,90 para R$4,10. A meia passagem para o estudante tamb\u00e9m sofreu reajuste de R$1,95 para R$2,05. Os novos valores come\u00e7ar\u00e3o a ser operacionalizados a partir da pr\u00f3xima sexta-feira(24) e visam minimizar o d\u00e9ficit financeiro existente sistema diante do aumento dos insumos e queda do n\u00famero de passageiros registrado nos \u00faltimos anos.<\/p>\n<p dir=\"auto\">Por Caio Pimenta para o News Infoco<\/p>\n<div class='share-to-whatsapp-wrapper'><div class='share-on-whsp'>Share on: <\/div><a data-text='A preocupa\u00e7\u00e3o de Adri\u00e3o Barbosa com o novo aumento na tarifa do transporte p\u00fablico em Alagoinhas, \"A categoria comerci\u00e1ria \u00e9 a maior prejudicada\"' data-link='https:\/\/newsinfoco.com.br\/inicio\/a-preocupacao-de-adriao-barbosa-com-o-novo-aumento-na-tarifa-do-transporte-publico-em-alagoinhas-a-categoria-comerciaria-e-a-maior-prejudicada\/' class='whatsapp-button whatsapp-share'>WhatsApp<\/a><div class='clear '><\/div><\/div>","protected":false},"excerpt":{"rendered":"<p>Hoje, segunda-feira(20), o com\u00e9rcio de Alagoinhas amanheceu fechado. O fechamento se deve a comemora\u00e7\u00e3o do dia do comerci\u00e1rio, data definida em conven\u00e7\u00e3o coletiva firmada entre o sindicato dos comerci\u00e1rios e o sindicato patronal, e que concede folga \u00e0 categoria. Por\u00e9m, apesar da folga ser bastante festejada pelos comerci\u00e1rios, o novo aumento tarif\u00e1rio no transporte p\u00fablico [&hellip;]<\/p>\n","protected":false},"author":1,"featured_media":33067,"comment_status":"closed","ping_status":"closed","sticky":false,"template":"","format":"standard","meta":{"om_disable_all_campaigns":false,"rop_custom_images_group":[],"rop_custom_messages_group":[],"rop_publish_now":"initial","rop_publish_now_accounts":[],"rop_publish_now_history":[],"rop_publish_now_status":"pending","_exactmetrics_skip_tracking":false,"footnotes":""},"categories":[38,167],"tags":[],"class_list":["post-33066","post","type-post","status-publish","format-standard","has-post-thumbnail","hentry","category-alagoinhas-e-regiao","category-exclusivas"],"aioseo_notices":[],"aioseo_head":"\n\t\t<!-- All in One SEO 4.9.10 - aioseo.com -->\n\t<meta name=\"description\" content=\"Hoje, segunda-feira(20), o com\u00e9rcio de Alagoinhas amanheceu fechado. O fechamento se deve a comemora\u00e7\u00e3o do dia do comerci\u00e1rio, data definida em conven\u00e7\u00e3o coletiva firmada entre o sindicato dos comerci\u00e1rios e o sindicato patronal, e que concede folga \u00e0 categoria. Por\u00e9m, apesar da folga ser bastante festejada pelos comerci\u00e1rios, o novo aumento tarif\u00e1rio no transporte p\u00fablico\" \/>\n\t<meta name=\"robots\" content=\"max-image-preview:large\" \/>\n\t<meta name=\"author\" content=\"administrador\"\/>\n\t<link rel=\"canonical\" href=\"https:\/\/newsinfoco.com.br\/inicio\/a-preocupacao-de-adriao-barbosa-com-o-novo-aumento-na-tarifa-do-transporte-publico-em-alagoinhas-a-categoria-comerciaria-e-a-maior-prejudicada\/\" \/>\n\t<meta name=\"generator\" content=\"All in One SEO (AIOSEO) 4.9.10\" \/>\n\t\t<meta property=\"og:locale\" content=\"pt_BR\" \/>\n\t\t<meta property=\"og:site_name\" content=\"News In Foco - Editado por Caio Pimenta - O principal site de noticias de Alagoinhas e regi\u00e3o\" \/>\n\t\t<meta property=\"og:type\" content=\"article\" \/>\n\t\t<meta property=\"og:title\" content=\"A preocupa\u00e7\u00e3o de Adri\u00e3o Barbosa com o novo aumento na tarifa do transporte p\u00fablico em Alagoinhas, \u201cA categoria comerci\u00e1ria \u00e9 a maior prejudicada\u201d - News In Foco - Editado por Caio Pimenta\" \/>\n\t\t<meta property=\"og:description\" content=\"Hoje, segunda-feira(20), o com\u00e9rcio de Alagoinhas amanheceu fechado. O fechamento se deve a comemora\u00e7\u00e3o do dia do comerci\u00e1rio, data definida em conven\u00e7\u00e3o coletiva firmada entre o sindicato dos comerci\u00e1rios e o sindicato patronal, e que concede folga \u00e0 categoria. Por\u00e9m, apesar da folga ser bastante festejada pelos comerci\u00e1rios, o novo aumento tarif\u00e1rio no transporte p\u00fablico\" \/>\n\t\t<meta property=\"og:url\" content=\"https:\/\/newsinfoco.com.br\/inicio\/a-preocupacao-de-adriao-barbosa-com-o-novo-aumento-na-tarifa-do-transporte-publico-em-alagoinhas-a-categoria-comerciaria-e-a-maior-prejudicada\/\" \/>\n\t\t<meta property=\"article:published_time\" content=\"2023-02-20T15:36:46+00:00\" \/>\n\t\t<meta property=\"article:modified_time\" content=\"2023-02-20T15:38:28+00:00\" \/>\n\t\t<meta name=\"twitter:card\" content=\"summary_large_image\" \/>\n\t\t<meta name=\"twitter:title\" content=\"A preocupa\u00e7\u00e3o de Adri\u00e3o Barbosa com o novo aumento na tarifa do transporte p\u00fablico em Alagoinhas, \u201cA categoria comerci\u00e1ria \u00e9 a maior prejudicada\u201d - News In Foco - Editado por Caio Pimenta\" \/>\n\t\t<meta name=\"twitter:description\" content=\"Hoje, segunda-feira(20), o com\u00e9rcio de Alagoinhas amanheceu fechado. O fechamento se deve a comemora\u00e7\u00e3o do dia do comerci\u00e1rio, data definida em conven\u00e7\u00e3o coletiva firmada entre o sindicato dos comerci\u00e1rios e o sindicato patronal, e que concede folga \u00e0 categoria. Por\u00e9m, apesar da folga ser bastante festejada pelos comerci\u00e1rios, o novo aumento tarif\u00e1rio no transporte p\u00fablico\" \/>\n\t\t<script type=\"application\/ld+json\" class=\"aioseo-schema\">\n\t\t\t{\"@context\":\"https:\\\/\\\/schema.org\",\"@graph\":[{\"@type\":\"BlogPosting\",\"@id\":\"https:\\\/\\\/newsinfoco.com.br\\\/inicio\\\/a-preocupacao-de-adriao-barbosa-com-o-novo-aumento-na-tarifa-do-transporte-publico-em-alagoinhas-a-categoria-comerciaria-e-a-maior-prejudicada\\\/#blogposting\",\"name\":\"A preocupa\\u00e7\\u00e3o de Adri\\u00e3o Barbosa com o novo aumento na tarifa do transporte p\\u00fablico em Alagoinhas, \\u201cA categoria comerci\\u00e1ria \\u00e9 a maior prejudicada\\u201d - News In Foco - Editado por Caio Pimenta\",\"headline\":\"A preocupa\\u00e7\\u00e3o de Adri\\u00e3o Barbosa com o novo aumento na tarifa do transporte p\\u00fablico em Alagoinhas, &#8220;A categoria comerci\\u00e1ria \\u00e9 a maior prejudicada&#8221;\",\"author\":{\"@id\":\"https:\\\/\\\/newsinfoco.com.br\\\/inicio\\\/author\\\/administrador\\\/#author\"},\"publisher\":{\"@id\":\"https:\\\/\\\/newsinfoco.com.br\\\/inicio\\\/#organization\"},\"image\":{\"@type\":\"ImageObject\",\"url\":\"https:\\\/\\\/newsinfoco.com.br\\\/inicio\\\/wp-content\\\/uploads\\\/2023\\\/02\\\/Artigo-Adriao-Barbosa-editado.webp\",\"width\":960,\"height\":959},\"datePublished\":\"2023-02-20T12:36:46-03:00\",\"dateModified\":\"2023-02-20T12:38:28-03:00\",\"inLanguage\":\"pt-BR\",\"mainEntityOfPage\":{\"@id\":\"https:\\\/\\\/newsinfoco.com.br\\\/inicio\\\/a-preocupacao-de-adriao-barbosa-com-o-novo-aumento-na-tarifa-do-transporte-publico-em-alagoinhas-a-categoria-comerciaria-e-a-maior-prejudicada\\\/#webpage\"},\"isPartOf\":{\"@id\":\"https:\\\/\\\/newsinfoco.com.br\\\/inicio\\\/a-preocupacao-de-adriao-barbosa-com-o-novo-aumento-na-tarifa-do-transporte-publico-em-alagoinhas-a-categoria-comerciaria-e-a-maior-prejudicada\\\/#webpage\"},\"articleSection\":\"Alagoinhas e Regi\\u00e3o, Manchete\"},{\"@type\":\"BreadcrumbList\",\"@id\":\"https:\\\/\\\/newsinfoco.com.br\\\/inicio\\\/a-preocupacao-de-adriao-barbosa-com-o-novo-aumento-na-tarifa-do-transporte-publico-em-alagoinhas-a-categoria-comerciaria-e-a-maior-prejudicada\\\/#breadcrumblist\",\"itemListElement\":[{\"@type\":\"ListItem\",\"@id\":\"https:\\\/\\\/newsinfoco.com.br\\\/inicio#listItem\",\"position\":1,\"name\":\"In\\u00edcio\",\"item\":\"https:\\\/\\\/newsinfoco.com.br\\\/inicio\",\"nextItem\":{\"@type\":\"ListItem\",\"@id\":\"https:\\\/\\\/newsinfoco.com.br\\\/inicio\\\/category\\\/alagoinhas-e-regiao\\\/#listItem\",\"name\":\"Alagoinhas e Regi\\u00e3o\"}},{\"@type\":\"ListItem\",\"@id\":\"https:\\\/\\\/newsinfoco.com.br\\\/inicio\\\/category\\\/alagoinhas-e-regiao\\\/#listItem\",\"position\":2,\"name\":\"Alagoinhas e Regi\\u00e3o\",\"item\":\"https:\\\/\\\/newsinfoco.com.br\\\/inicio\\\/category\\\/alagoinhas-e-regiao\\\/\",\"nextItem\":{\"@type\":\"ListItem\",\"@id\":\"https:\\\/\\\/newsinfoco.com.br\\\/inicio\\\/a-preocupacao-de-adriao-barbosa-com-o-novo-aumento-na-tarifa-do-transporte-publico-em-alagoinhas-a-categoria-comerciaria-e-a-maior-prejudicada\\\/#listItem\",\"name\":\"A preocupa\\u00e7\\u00e3o de Adri\\u00e3o Barbosa com o novo aumento na tarifa do transporte p\\u00fablico em Alagoinhas, &#8220;A categoria comerci\\u00e1ria \\u00e9 a maior prejudicada&#8221;\"},\"previousItem\":{\"@type\":\"ListItem\",\"@id\":\"https:\\\/\\\/newsinfoco.com.br\\\/inicio#listItem\",\"name\":\"In\\u00edcio\"}},{\"@type\":\"ListItem\",\"@id\":\"https:\\\/\\\/newsinfoco.com.br\\\/inicio\\\/a-preocupacao-de-adriao-barbosa-com-o-novo-aumento-na-tarifa-do-transporte-publico-em-alagoinhas-a-categoria-comerciaria-e-a-maior-prejudicada\\\/#listItem\",\"position\":3,\"name\":\"A preocupa\\u00e7\\u00e3o de Adri\\u00e3o Barbosa com o novo aumento na tarifa do transporte p\\u00fablico em Alagoinhas, &#8220;A categoria comerci\\u00e1ria \\u00e9 a maior prejudicada&#8221;\",\"previousItem\":{\"@type\":\"ListItem\",\"@id\":\"https:\\\/\\\/newsinfoco.com.br\\\/inicio\\\/category\\\/alagoinhas-e-regiao\\\/#listItem\",\"name\":\"Alagoinhas e Regi\\u00e3o\"}}]},{\"@type\":\"Organization\",\"@id\":\"https:\\\/\\\/newsinfoco.com.br\\\/inicio\\\/#organization\",\"name\":\"News In Foco - Editado por Caio Pimenta\",\"description\":\"O principal site de noticias de Alagoinhas e regi\\u00e3o\",\"url\":\"https:\\\/\\\/newsinfoco.com.br\\\/inicio\\\/\"},{\"@type\":\"Person\",\"@id\":\"https:\\\/\\\/newsinfoco.com.br\\\/inicio\\\/author\\\/administrador\\\/#author\",\"url\":\"https:\\\/\\\/newsinfoco.com.br\\\/inicio\\\/author\\\/administrador\\\/\",\"name\":\"administrador\",\"image\":{\"@type\":\"ImageObject\",\"@id\":\"https:\\\/\\\/newsinfoco.com.br\\\/inicio\\\/a-preocupacao-de-adriao-barbosa-com-o-novo-aumento-na-tarifa-do-transporte-publico-em-alagoinhas-a-categoria-comerciaria-e-a-maior-prejudicada\\\/#authorImage\",\"url\":\"https:\\\/\\\/secure.gravatar.com\\\/avatar\\\/c17a617433de8c1dc9584bb79aab7563b46f5bb7e1728c9b17d9cc3ce6a08e49?s=96&d=mm&r=g\",\"width\":96,\"height\":96,\"caption\":\"administrador\"}},{\"@type\":\"WebPage\",\"@id\":\"https:\\\/\\\/newsinfoco.com.br\\\/inicio\\\/a-preocupacao-de-adriao-barbosa-com-o-novo-aumento-na-tarifa-do-transporte-publico-em-alagoinhas-a-categoria-comerciaria-e-a-maior-prejudicada\\\/#webpage\",\"url\":\"https:\\\/\\\/newsinfoco.com.br\\\/inicio\\\/a-preocupacao-de-adriao-barbosa-com-o-novo-aumento-na-tarifa-do-transporte-publico-em-alagoinhas-a-categoria-comerciaria-e-a-maior-prejudicada\\\/\",\"name\":\"A preocupa\\u00e7\\u00e3o de Adri\\u00e3o Barbosa com o novo aumento na tarifa do transporte p\\u00fablico em Alagoinhas, \\u201cA categoria comerci\\u00e1ria \\u00e9 a maior prejudicada\\u201d - News In Foco - Editado por Caio Pimenta\",\"description\":\"Hoje, segunda-feira(20), o com\\u00e9rcio de Alagoinhas amanheceu fechado. O fechamento se deve a comemora\\u00e7\\u00e3o do dia do comerci\\u00e1rio, data definida em conven\\u00e7\\u00e3o coletiva firmada entre o sindicato dos comerci\\u00e1rios e o sindicato patronal, e que concede folga \\u00e0 categoria. Por\\u00e9m, apesar da folga ser bastante festejada pelos comerci\\u00e1rios, o novo aumento tarif\\u00e1rio no transporte p\\u00fablico\",\"inLanguage\":\"pt-BR\",\"isPartOf\":{\"@id\":\"https:\\\/\\\/newsinfoco.com.br\\\/inicio\\\/#website\"},\"breadcrumb\":{\"@id\":\"https:\\\/\\\/newsinfoco.com.br\\\/inicio\\\/a-preocupacao-de-adriao-barbosa-com-o-novo-aumento-na-tarifa-do-transporte-publico-em-alagoinhas-a-categoria-comerciaria-e-a-maior-prejudicada\\\/#breadcrumblist\"},\"author\":{\"@id\":\"https:\\\/\\\/newsinfoco.com.br\\\/inicio\\\/author\\\/administrador\\\/#author\"},\"creator\":{\"@id\":\"https:\\\/\\\/newsinfoco.com.br\\\/inicio\\\/author\\\/administrador\\\/#author\"},\"image\":{\"@type\":\"ImageObject\",\"url\":\"https:\\\/\\\/newsinfoco.com.br\\\/inicio\\\/wp-content\\\/uploads\\\/2023\\\/02\\\/Artigo-Adriao-Barbosa-editado.webp\",\"@id\":\"https:\\\/\\\/newsinfoco.com.br\\\/inicio\\\/a-preocupacao-de-adriao-barbosa-com-o-novo-aumento-na-tarifa-do-transporte-publico-em-alagoinhas-a-categoria-comerciaria-e-a-maior-prejudicada\\\/#mainImage\",\"width\":960,\"height\":959},\"primaryImageOfPage\":{\"@id\":\"https:\\\/\\\/newsinfoco.com.br\\\/inicio\\\/a-preocupacao-de-adriao-barbosa-com-o-novo-aumento-na-tarifa-do-transporte-publico-em-alagoinhas-a-categoria-comerciaria-e-a-maior-prejudicada\\\/#mainImage\"},\"datePublished\":\"2023-02-20T12:36:46-03:00\",\"dateModified\":\"2023-02-20T12:38:28-03:00\"},{\"@type\":\"WebSite\",\"@id\":\"https:\\\/\\\/newsinfoco.com.br\\\/inicio\\\/#website\",\"url\":\"https:\\\/\\\/newsinfoco.com.br\\\/inicio\\\/\",\"name\":\"News In Foco - Editado por Caio Pimenta\",\"description\":\"O principal site de noticias de Alagoinhas e regi\\u00e3o\",\"inLanguage\":\"pt-BR\",\"publisher\":{\"@id\":\"https:\\\/\\\/newsinfoco.com.br\\\/inicio\\\/#organization\"}}]}\n\t\t<\/script>\n\t\t<!-- All in One SEO -->\n\n","aioseo_head_json":{"title":"A preocupa\u00e7\u00e3o de Adri\u00e3o Barbosa com o novo aumento na tarifa do transporte p\u00fablico em Alagoinhas, \u201cA categoria comerci\u00e1ria \u00e9 a maior prejudicada\u201d - News In Foco - Editado por Caio Pimenta","description":"Hoje, segunda-feira(20), o com\u00e9rcio de Alagoinhas amanheceu fechado. O fechamento se deve a comemora\u00e7\u00e3o do dia do comerci\u00e1rio, data definida em conven\u00e7\u00e3o coletiva firmada entre o sindicato dos comerci\u00e1rios e o sindicato patronal, e que concede folga \u00e0 categoria. Por\u00e9m, apesar da folga ser bastante festejada pelos comerci\u00e1rios, o novo aumento tarif\u00e1rio no transporte p\u00fablico","canonical_url":"https:\/\/newsinfoco.com.br\/inicio\/a-preocupacao-de-adriao-barbosa-com-o-novo-aumento-na-tarifa-do-transporte-publico-em-alagoinhas-a-categoria-comerciaria-e-a-maior-prejudicada\/","robots":"max-image-preview:large","keywords":"","webmasterTools":{"miscellaneous":""},"schema":{"@context":"https:\/\/schema.org","@graph":[{"@type":"BlogPosting","@id":"https:\/\/newsinfoco.com.br\/inicio\/a-preocupacao-de-adriao-barbosa-com-o-novo-aumento-na-tarifa-do-transporte-publico-em-alagoinhas-a-categoria-comerciaria-e-a-maior-prejudicada\/#blogposting","name":"A preocupa\u00e7\u00e3o de Adri\u00e3o Barbosa com o novo aumento na tarifa do transporte p\u00fablico em Alagoinhas, \u201cA categoria comerci\u00e1ria \u00e9 a maior prejudicada\u201d - News In Foco - Editado por Caio Pimenta","headline":"A preocupa\u00e7\u00e3o de Adri\u00e3o Barbosa com o novo aumento na tarifa do transporte p\u00fablico em Alagoinhas, &#8220;A categoria comerci\u00e1ria \u00e9 a maior prejudicada&#8221;","author":{"@id":"https:\/\/newsinfoco.com.br\/inicio\/author\/administrador\/#author"},"publisher":{"@id":"https:\/\/newsinfoco.com.br\/inicio\/#organization"},"image":{"@type":"ImageObject","url":"https:\/\/newsinfoco.com.br\/inicio\/wp-content\/uploads\/2023\/02\/Artigo-Adriao-Barbosa-editado.webp","width":960,"height":959},"datePublished":"2023-02-20T12:36:46-03:00","dateModified":"2023-02-20T12:38:28-03:00","inLanguage":"pt-BR","mainEntityOfPage":{"@id":"https:\/\/newsinfoco.com.br\/inicio\/a-preocupacao-de-adriao-barbosa-com-o-novo-aumento-na-tarifa-do-transporte-publico-em-alagoinhas-a-categoria-comerciaria-e-a-maior-prejudicada\/#webpage"},"isPartOf":{"@id":"https:\/\/newsinfoco.com.br\/inicio\/a-preocupacao-de-adriao-barbosa-com-o-novo-aumento-na-tarifa-do-transporte-publico-em-alagoinhas-a-categoria-comerciaria-e-a-maior-prejudicada\/#webpage"},"articleSection":"Alagoinhas e Regi\u00e3o, Manchete"},{"@type":"BreadcrumbList","@id":"https:\/\/newsinfoco.com.br\/inicio\/a-preocupacao-de-adriao-barbosa-com-o-novo-aumento-na-tarifa-do-transporte-publico-em-alagoinhas-a-categoria-comerciaria-e-a-maior-prejudicada\/#breadcrumblist","itemListElement":[{"@type":"ListItem","@id":"https:\/\/newsinfoco.com.br\/inicio#listItem","position":1,"name":"In\u00edcio","item":"https:\/\/newsinfoco.com.br\/inicio","nextItem":{"@type":"ListItem","@id":"https:\/\/newsinfoco.com.br\/inicio\/category\/alagoinhas-e-regiao\/#listItem","name":"Alagoinhas e Regi\u00e3o"}},{"@type":"ListItem","@id":"https:\/\/newsinfoco.com.br\/inicio\/category\/alagoinhas-e-regiao\/#listItem","position":2,"name":"Alagoinhas e Regi\u00e3o","item":"https:\/\/newsinfoco.com.br\/inicio\/category\/alagoinhas-e-regiao\/","nextItem":{"@type":"ListItem","@id":"https:\/\/newsinfoco.com.br\/inicio\/a-preocupacao-de-adriao-barbosa-com-o-novo-aumento-na-tarifa-do-transporte-publico-em-alagoinhas-a-categoria-comerciaria-e-a-maior-prejudicada\/#listItem","name":"A preocupa\u00e7\u00e3o de Adri\u00e3o Barbosa com o novo aumento na tarifa do transporte p\u00fablico em Alagoinhas, &#8220;A categoria comerci\u00e1ria \u00e9 a maior prejudicada&#8221;"},"previousItem":{"@type":"ListItem","@id":"https:\/\/newsinfoco.com.br\/inicio#listItem","name":"In\u00edcio"}},{"@type":"ListItem","@id":"https:\/\/newsinfoco.com.br\/inicio\/a-preocupacao-de-adriao-barbosa-com-o-novo-aumento-na-tarifa-do-transporte-publico-em-alagoinhas-a-categoria-comerciaria-e-a-maior-prejudicada\/#listItem","position":3,"name":"A preocupa\u00e7\u00e3o de Adri\u00e3o Barbosa com o novo aumento na tarifa do transporte p\u00fablico em Alagoinhas, &#8220;A categoria comerci\u00e1ria \u00e9 a maior prejudicada&#8221;","previousItem":{"@type":"ListItem","@id":"https:\/\/newsinfoco.com.br\/inicio\/category\/alagoinhas-e-regiao\/#listItem","name":"Alagoinhas e Regi\u00e3o"}}]},{"@type":"Organization","@id":"https:\/\/newsinfoco.com.br\/inicio\/#organization","name":"News In Foco - Editado por Caio Pimenta","description":"O principal site de noticias de Alagoinhas e regi\u00e3o","url":"https:\/\/newsinfoco.com.br\/inicio\/"},{"@type":"Person","@id":"https:\/\/newsinfoco.com.br\/inicio\/author\/administrador\/#author","url":"https:\/\/newsinfoco.com.br\/inicio\/author\/administrador\/","name":"administrador","image":{"@type":"ImageObject","@id":"https:\/\/newsinfoco.com.br\/inicio\/a-preocupacao-de-adriao-barbosa-com-o-novo-aumento-na-tarifa-do-transporte-publico-em-alagoinhas-a-categoria-comerciaria-e-a-maior-prejudicada\/#authorImage","url":"https:\/\/secure.gravatar.com\/avatar\/c17a617433de8c1dc9584bb79aab7563b46f5bb7e1728c9b17d9cc3ce6a08e49?s=96&d=mm&r=g","width":96,"height":96,"caption":"administrador"}},{"@type":"WebPage","@id":"https:\/\/newsinfoco.com.br\/inicio\/a-preocupacao-de-adriao-barbosa-com-o-novo-aumento-na-tarifa-do-transporte-publico-em-alagoinhas-a-categoria-comerciaria-e-a-maior-prejudicada\/#webpage","url":"https:\/\/newsinfoco.com.br\/inicio\/a-preocupacao-de-adriao-barbosa-com-o-novo-aumento-na-tarifa-do-transporte-publico-em-alagoinhas-a-categoria-comerciaria-e-a-maior-prejudicada\/","name":"A preocupa\u00e7\u00e3o de Adri\u00e3o Barbosa com o novo aumento na tarifa do transporte p\u00fablico em Alagoinhas, \u201cA categoria comerci\u00e1ria \u00e9 a maior prejudicada\u201d - News In Foco - Editado por Caio Pimenta","description":"Hoje, segunda-feira(20), o com\u00e9rcio de Alagoinhas amanheceu fechado. O fechamento se deve a comemora\u00e7\u00e3o do dia do comerci\u00e1rio, data definida em conven\u00e7\u00e3o coletiva firmada entre o sindicato dos comerci\u00e1rios e o sindicato patronal, e que concede folga \u00e0 categoria. Por\u00e9m, apesar da folga ser bastante festejada pelos comerci\u00e1rios, o novo aumento tarif\u00e1rio no transporte p\u00fablico","inLanguage":"pt-BR","isPartOf":{"@id":"https:\/\/newsinfoco.com.br\/inicio\/#website"},"breadcrumb":{"@id":"https:\/\/newsinfoco.com.br\/inicio\/a-preocupacao-de-adriao-barbosa-com-o-novo-aumento-na-tarifa-do-transporte-publico-em-alagoinhas-a-categoria-comerciaria-e-a-maior-prejudicada\/#breadcrumblist"},"author":{"@id":"https:\/\/newsinfoco.com.br\/inicio\/author\/administrador\/#author"},"creator":{"@id":"https:\/\/newsinfoco.com.br\/inicio\/author\/administrador\/#author"},"image":{"@type":"ImageObject","url":"https:\/\/newsinfoco.com.br\/inicio\/wp-content\/uploads\/2023\/02\/Artigo-Adriao-Barbosa-editado.webp","@id":"https:\/\/newsinfoco.com.br\/inicio\/a-preocupacao-de-adriao-barbosa-com-o-novo-aumento-na-tarifa-do-transporte-publico-em-alagoinhas-a-categoria-comerciaria-e-a-maior-prejudicada\/#mainImage","width":960,"height":959},"primaryImageOfPage":{"@id":"https:\/\/newsinfoco.com.br\/inicio\/a-preocupacao-de-adriao-barbosa-com-o-novo-aumento-na-tarifa-do-transporte-publico-em-alagoinhas-a-categoria-comerciaria-e-a-maior-prejudicada\/#mainImage"},"datePublished":"2023-02-20T12:36:46-03:00","dateModified":"2023-02-20T12:38:28-03:00"},{"@type":"WebSite","@id":"https:\/\/newsinfoco.com.br\/inicio\/#website","url":"https:\/\/newsinfoco.com.br\/inicio\/","name":"News In Foco - Editado por Caio Pimenta","description":"O principal site de noticias de Alagoinhas e regi\u00e3o","inLanguage":"pt-BR","publisher":{"@id":"https:\/\/newsinfoco.com.br\/inicio\/#organization"}}]},"og:locale":"pt_BR","og:site_name":"News In Foco - Editado por Caio Pimenta - O principal site de noticias de Alagoinhas e regi\u00e3o","og:type":"article","og:title":"A preocupa\u00e7\u00e3o de Adri\u00e3o Barbosa com o novo aumento na tarifa do transporte p\u00fablico em Alagoinhas, \u201cA categoria comerci\u00e1ria \u00e9 a maior prejudicada\u201d - News In Foco - Editado por Caio Pimenta","og:description":"Hoje, segunda-feira(20), o com\u00e9rcio de Alagoinhas amanheceu fechado. O fechamento se deve a comemora\u00e7\u00e3o do dia do comerci\u00e1rio, data definida em conven\u00e7\u00e3o coletiva firmada entre o sindicato dos comerci\u00e1rios e o sindicato patronal, e que concede folga \u00e0 categoria. Por\u00e9m, apesar da folga ser bastante festejada pelos comerci\u00e1rios, o novo aumento tarif\u00e1rio no transporte p\u00fablico","og:url":"https:\/\/newsinfoco.com.br\/inicio\/a-preocupacao-de-adriao-barbosa-com-o-novo-aumento-na-tarifa-do-transporte-publico-em-alagoinhas-a-categoria-comerciaria-e-a-maior-prejudicada\/","article:published_time":"2023-02-20T15:36:46+00:00","article:modified_time":"2023-02-20T15:38:28+00:00","twitter:card":"summary_large_image","twitter:title":"A preocupa\u00e7\u00e3o de Adri\u00e3o Barbosa com o novo aumento na tarifa do transporte p\u00fablico em Alagoinhas, \u201cA categoria comerci\u00e1ria \u00e9 a maior prejudicada\u201d - News In Foco - Editado por Caio Pimenta","twitter:description":"Hoje, segunda-feira(20), o com\u00e9rcio de Alagoinhas amanheceu fechado. O fechamento se deve a comemora\u00e7\u00e3o do dia do comerci\u00e1rio, data definida em conven\u00e7\u00e3o coletiva firmada entre o sindicato dos comerci\u00e1rios e o sindicato patronal, e que concede folga \u00e0 categoria. Por\u00e9m, apesar da folga ser bastante festejada pelos comerci\u00e1rios, o novo aumento tarif\u00e1rio no transporte p\u00fablico"},"aioseo_meta_data":{"post_id":"33066","title":null,"description":null,"keywords":null,"keyphrases":null,"primary_term":null,"canonical_url":null,"og_title":null,"og_description":null,"og_object_type":"default","og_image_type":"default","og_image_url":null,"og_image_width":null,"og_image_height":null,"og_image_custom_url":null,"og_image_custom_fields":null,"og_video":null,"og_custom_url":null,"og_article_section":null,"og_article_tags":null,"twitter_use_og":false,"twitter_card":"default","twitter_image_type":"default","twitter_image_url":null,"twitter_image_custom_url":null,"twitter_image_custom_fields":null,"twitter_title":null,"twitter_description":null,"schema":{"blockGraphs":[],"customGraphs":[],"default":{"data":{"Article":[],"Course":[],"Dataset":[],"FAQPage":[],"Movie":[],"Person":[],"Product":[],"ProductReview":[],"Car":[],"Recipe":[],"Service":[],"SoftwareApplication":[],"WebPage":[]},"graphName":"","isEnabled":true},"graphs":[]},"schema_type":"default","schema_type_options":null,"pillar_content":false,"robots_default":true,"robots_noindex":false,"robots_noarchive":false,"robots_nosnippet":false,"robots_nofollow":false,"robots_noimageindex":false,"robots_noodp":false,"robots_notranslate":false,"robots_max_snippet":null,"robots_max_videopreview":null,"robots_max_imagepreview":"large","priority":null,"frequency":null,"local_seo":null,"breadcrumb_settings":null,"limit_modified_date":false,"ai":null,"created":"2023-06-12 22:54:54","updated":"2025-07-11 09:11:46","seo_analyzer_scan_date":null},"aioseo_breadcrumb":"<div class=\"aioseo-breadcrumbs\"><span class=\"aioseo-breadcrumb\">\n\t\t\t<a href=\"https:\/\/newsinfoco.com.br\/inicio\" title=\"In\u00edcio\">In\u00edcio<\/a>\n\t\t<\/span><span class=\"aioseo-breadcrumb-separator\">&raquo;<\/span><span class=\"aioseo-breadcrumb\">\n\t\t\t<a href=\"https:\/\/newsinfoco.com.br\/inicio\/category\/alagoinhas-e-regiao\/\" title=\"Alagoinhas e Regi\u00e3o\">Alagoinhas e Regi\u00e3o<\/a>\n\t\t<\/span><span class=\"aioseo-breadcrumb-separator\">&raquo;<\/span><span class=\"aioseo-breadcrumb\">\n\t\t\tA preocupa\u00e7\u00e3o de Adri\u00e3o Barbosa com o novo aumento na tarifa do transporte p\u00fablico em Alagoinhas, \u201cA categoria comerci\u00e1ria \u00e9 a maior prejudicada\u201d\n\t\t<\/span><\/div>","aioseo_breadcrumb_json":[{"label":"In\u00edcio","link":"https:\/\/newsinfoco.com.br\/inicio"},{"label":"Alagoinhas e Regi\u00e3o","link":"https:\/\/newsinfoco.com.br\/inicio\/category\/alagoinhas-e-regiao\/"},{"label":"A preocupa\u00e7\u00e3o de Adri\u00e3o Barbosa com o novo aumento na tarifa do transporte p\u00fablico em Alagoinhas, &#8220;A categoria comerci\u00e1ria \u00e9 a maior prejudicada&#8221;","link":"https:\/\/newsinfoco.com.br\/inicio\/a-preocupacao-de-adriao-barbosa-com-o-novo-aumento-na-tarifa-do-transporte-publico-em-alagoinhas-a-categoria-comerciaria-e-a-maior-prejudicada\/"}],"_links":{"self":[{"href":"https:\/\/newsinfoco.com.br\/inicio\/wp-json\/wp\/v2\/posts\/33066","targetHints":{"allow":["GET"]}}],"collection":[{"href":"https:\/\/newsinfoco.com.br\/inicio\/wp-json\/wp\/v2\/posts"}],"about":[{"href":"https:\/\/newsinfoco.com.br\/inicio\/wp-json\/wp\/v2\/types\/post"}],"author":[{"embeddable":true,"href":"https:\/\/newsinfoco.com.br\/inicio\/wp-json\/wp\/v2\/users\/1"}],"replies":[{"embeddable":true,"href":"https:\/\/newsinfoco.com.br\/inicio\/wp-json\/wp\/v2\/comments?post=33066"}],"version-history":[{"count":2,"href":"https:\/\/newsinfoco.com.br\/inicio\/wp-json\/wp\/v2\/posts\/33066\/revisions"}],"predecessor-version":[{"id":33069,"href":"https:\/\/newsinfoco.com.br\/inicio\/wp-json\/wp\/v2\/posts\/33066\/revisions\/33069"}],"wp:featuredmedia":[{"embeddable":true,"href":"https:\/\/newsinfoco.com.br\/inicio\/wp-json\/wp\/v2\/media\/33067"}],"wp:attachment":[{"href":"https:\/\/newsinfoco.com.br\/inicio\/wp-json\/wp\/v2\/media?parent=33066"}],"wp:term":[{"taxonomy":"category","embeddable":true,"href":"https:\/\/newsinfoco.com.br\/inicio\/wp-json\/wp\/v2\/categories?post=33066"},{"taxonomy":"post_tag","embeddable":true,"href":"https:\/\/newsinfoco.com.br\/inicio\/wp-json\/wp\/v2\/tags?post=33066"}],"curies":[{"name":"wp","href":"https:\/\/api.w.org\/{rel}","templated":true}]}}