{"id":33071,"date":"2023-02-20T13:27:46","date_gmt":"2023-02-20T16:27:46","guid":{"rendered":"https:\/\/newsinfoco.com.br\/inicio\/?p=33071"},"modified":"2023-02-20T13:27:46","modified_gmt":"2023-02-20T16:27:46","slug":"forcas-empresariais-reforcam-abertura-do-comercio-de-alagoinhas-na-terca-feira21-e-quarta-feira22-de-carnaval-nao-e-feriado","status":"publish","type":"post","link":"https:\/\/newsinfoco.com.br\/inicio\/forcas-empresariais-reforcam-abertura-do-comercio-de-alagoinhas-na-terca-feira21-e-quarta-feira22-de-carnaval-nao-e-feriado\/","title":{"rendered":"For\u00e7as Empresariais refor\u00e7am abertura do com\u00e9rcio de Alagoinhas na ter\u00e7a-feira(21) e quarta-feira(22) de carnaval, &#8220;N\u00e3o \u00e9 feriado&#8221;"},"content":{"rendered":"<p>As for\u00e7as empresariais de Alagoinhas(Sicom\u00e9rcio, ACIA e CDL), em comunicado divulgado nas redes sociais, refor\u00e7am a abertura do com\u00e9rcio local amanh\u00e3, ter\u00e7a-feira(21), e na quarta-feira(22), popularmente conhecida como a quarta-feira de cinzas.<\/p>\n<p>Na nota, os representantes do com\u00e9rcio local esclarecem que nenhuma das duas datas s\u00e3o considerados feriados pelo calend\u00e1rio nacional, o que permite que o comerciante possa abrir o seu com\u00e9rcio normalmente.<\/p>\n<p>Nesta segunda-feira(20), o com\u00e9rcio de Alagoinhas n\u00e3o funcionou. Por\u00e9m o fechamento n\u00e3o se deve ao carnaval, mas a uma conven\u00e7\u00e3o coletiva que designou a data como o dia do comerci\u00e1rio.<\/p>\n<p>Leia abaixo o comunicado das For\u00e7as Empresariais de Alagoinhas sobre o funcionamento do com\u00e9rcio durante o carnaval:<\/p>\n<p><img loading=\"lazy\" decoding=\"async\" class=\"aligncenter size-full wp-image-32990\" src=\"http:\/\/newsinfoco.com.br\/inicio\/wp-content\/uploads\/2023\/02\/IMG-20230210-WA0076.jpg\" alt=\"\" width=\"1135\" height=\"1600\" srcset=\"https:\/\/newsinfoco.com.br\/inicio\/wp-content\/uploads\/2023\/02\/IMG-20230210-WA0076.jpg 1135w, https:\/\/newsinfoco.com.br\/inicio\/wp-content\/uploads\/2023\/02\/IMG-20230210-WA0076-213x300.jpg 213w, https:\/\/newsinfoco.com.br\/inicio\/wp-content\/uploads\/2023\/02\/IMG-20230210-WA0076-726x1024.jpg 726w, https:\/\/newsinfoco.com.br\/inicio\/wp-content\/uploads\/2023\/02\/IMG-20230210-WA0076-768x1083.jpg 768w, https:\/\/newsinfoco.com.br\/inicio\/wp-content\/uploads\/2023\/02\/IMG-20230210-WA0076-600x846.jpg 600w, https:\/\/newsinfoco.com.br\/inicio\/wp-content\/uploads\/2023\/02\/IMG-20230210-WA0076-1090x1536.jpg 1090w, https:\/\/newsinfoco.com.br\/inicio\/wp-content\/uploads\/2023\/02\/IMG-20230210-WA0076-696x981.jpg 696w, https:\/\/newsinfoco.com.br\/inicio\/wp-content\/uploads\/2023\/02\/IMG-20230210-WA0076-1068x1506.jpg 1068w, https:\/\/newsinfoco.com.br\/inicio\/wp-content\/uploads\/2023\/02\/IMG-20230210-WA0076-298x420.jpg 298w\" sizes=\"auto, (max-width: 1135px) 100vw, 1135px\" \/><\/p>\n<div class='share-to-whatsapp-wrapper'><div class='share-on-whsp'>Share on: <\/div><a data-text='For\u00e7as Empresariais refor\u00e7am abertura do com\u00e9rcio de Alagoinhas na ter\u00e7a-feira(21) e quarta-feira(22) de carnaval, \"N\u00e3o \u00e9 feriado\"' data-link='https:\/\/newsinfoco.com.br\/inicio\/forcas-empresariais-reforcam-abertura-do-comercio-de-alagoinhas-na-terca-feira21-e-quarta-feira22-de-carnaval-nao-e-feriado\/' class='whatsapp-button whatsapp-share'>WhatsApp<\/a><div class='clear '><\/div><\/div>","protected":false},"excerpt":{"rendered":"<p>As for\u00e7as empresariais de Alagoinhas(Sicom\u00e9rcio, ACIA e CDL), em comunicado divulgado nas redes sociais, refor\u00e7am a abertura do com\u00e9rcio local amanh\u00e3, ter\u00e7a-feira(21), e na quarta-feira(22), popularmente conhecida como a quarta-feira de cinzas. Na nota, os representantes do com\u00e9rcio local esclarecem que nenhuma das duas datas s\u00e3o considerados feriados pelo calend\u00e1rio nacional, o que permite que [&hellip;]<\/p>\n","protected":false},"author":1,"featured_media":18836,"comment_status":"closed","ping_status":"closed","sticky":false,"template":"","format":"standard","meta":{"om_disable_all_campaigns":false,"rop_custom_images_group":[],"rop_custom_messages_group":[],"rop_publish_now":"initial","rop_publish_now_accounts":[],"rop_publish_now_history":[],"rop_publish_now_status":"pending","_exactmetrics_skip_tracking":false,"footnotes":""},"categories":[38,167],"tags":[],"class_list":["post-33071","post","type-post","status-publish","format-standard","has-post-thumbnail","hentry","category-alagoinhas-e-regiao","category-exclusivas"],"aioseo_notices":[],"aioseo_head":"\n\t\t<!-- All in One SEO 4.9.10 - aioseo.com -->\n\t<meta name=\"description\" content=\"As for\u00e7as empresariais de Alagoinhas(Sicom\u00e9rcio, ACIA e CDL), em comunicado divulgado nas redes sociais, refor\u00e7am a abertura do com\u00e9rcio local amanh\u00e3, ter\u00e7a-feira(21), e na quarta-feira(22), popularmente conhecida como a quarta-feira de cinzas. Na nota, os representantes do com\u00e9rcio local esclarecem que nenhuma das duas datas s\u00e3o considerados feriados pelo calend\u00e1rio nacional, o que permite que\" \/>\n\t<meta name=\"robots\" content=\"max-image-preview:large\" \/>\n\t<meta name=\"author\" content=\"administrador\"\/>\n\t<link rel=\"canonical\" href=\"https:\/\/newsinfoco.com.br\/inicio\/forcas-empresariais-reforcam-abertura-do-comercio-de-alagoinhas-na-terca-feira21-e-quarta-feira22-de-carnaval-nao-e-feriado\/\" \/>\n\t<meta name=\"generator\" content=\"All in One SEO (AIOSEO) 4.9.10\" \/>\n\t\t<meta property=\"og:locale\" content=\"pt_BR\" \/>\n\t\t<meta property=\"og:site_name\" content=\"News In Foco - Editado por Caio Pimenta - O principal site de noticias de Alagoinhas e regi\u00e3o\" \/>\n\t\t<meta property=\"og:type\" content=\"article\" \/>\n\t\t<meta property=\"og:title\" content=\"For\u00e7as Empresariais refor\u00e7am abertura do com\u00e9rcio de Alagoinhas na ter\u00e7a-feira(21) e quarta-feira(22) de carnaval, \u201cN\u00e3o \u00e9 feriado\u201d - News In Foco - Editado por Caio Pimenta\" \/>\n\t\t<meta property=\"og:description\" content=\"As for\u00e7as empresariais de Alagoinhas(Sicom\u00e9rcio, ACIA e CDL), em comunicado divulgado nas redes sociais, refor\u00e7am a abertura do com\u00e9rcio local amanh\u00e3, ter\u00e7a-feira(21), e na quarta-feira(22), popularmente conhecida como a quarta-feira de cinzas. Na nota, os representantes do com\u00e9rcio local esclarecem que nenhuma das duas datas s\u00e3o considerados feriados pelo calend\u00e1rio nacional, o que permite que\" \/>\n\t\t<meta property=\"og:url\" content=\"https:\/\/newsinfoco.com.br\/inicio\/forcas-empresariais-reforcam-abertura-do-comercio-de-alagoinhas-na-terca-feira21-e-quarta-feira22-de-carnaval-nao-e-feriado\/\" \/>\n\t\t<meta property=\"article:published_time\" content=\"2023-02-20T16:27:46+00:00\" \/>\n\t\t<meta property=\"article:modified_time\" content=\"2023-02-20T16:27:46+00:00\" \/>\n\t\t<meta name=\"twitter:card\" content=\"summary_large_image\" \/>\n\t\t<meta name=\"twitter:title\" content=\"For\u00e7as Empresariais refor\u00e7am abertura do com\u00e9rcio de Alagoinhas na ter\u00e7a-feira(21) e quarta-feira(22) de carnaval, \u201cN\u00e3o \u00e9 feriado\u201d - News In Foco - Editado por Caio Pimenta\" \/>\n\t\t<meta name=\"twitter:description\" content=\"As for\u00e7as empresariais de Alagoinhas(Sicom\u00e9rcio, ACIA e CDL), em comunicado divulgado nas redes sociais, refor\u00e7am a abertura do com\u00e9rcio local amanh\u00e3, ter\u00e7a-feira(21), e na quarta-feira(22), popularmente conhecida como a quarta-feira de cinzas. Na nota, os representantes do com\u00e9rcio local esclarecem que nenhuma das duas datas s\u00e3o considerados feriados pelo calend\u00e1rio nacional, o que permite que\" \/>\n\t\t<script type=\"application\/ld+json\" class=\"aioseo-schema\">\n\t\t\t{\"@context\":\"https:\\\/\\\/schema.org\",\"@graph\":[{\"@type\":\"BlogPosting\",\"@id\":\"https:\\\/\\\/newsinfoco.com.br\\\/inicio\\\/forcas-empresariais-reforcam-abertura-do-comercio-de-alagoinhas-na-terca-feira21-e-quarta-feira22-de-carnaval-nao-e-feriado\\\/#blogposting\",\"name\":\"For\\u00e7as Empresariais refor\\u00e7am abertura do com\\u00e9rcio de Alagoinhas na ter\\u00e7a-feira(21) e quarta-feira(22) de carnaval, \\u201cN\\u00e3o \\u00e9 feriado\\u201d - News In Foco - Editado por Caio Pimenta\",\"headline\":\"For\\u00e7as Empresariais refor\\u00e7am abertura do com\\u00e9rcio de Alagoinhas na ter\\u00e7a-feira(21) e quarta-feira(22) de carnaval, &#8220;N\\u00e3o \\u00e9 feriado&#8221;\",\"author\":{\"@id\":\"https:\\\/\\\/newsinfoco.com.br\\\/inicio\\\/author\\\/administrador\\\/#author\"},\"publisher\":{\"@id\":\"https:\\\/\\\/newsinfoco.com.br\\\/inicio\\\/#organization\"},\"image\":{\"@type\":\"ImageObject\",\"url\":\"https:\\\/\\\/newsinfoco.com.br\\\/inicio\\\/wp-content\\\/uploads\\\/2019\\\/11\\\/CalC3A7adC3A3oAlagoinhas.jpg\",\"width\":638,\"height\":449},\"datePublished\":\"2023-02-20T13:27:46-03:00\",\"dateModified\":\"2023-02-20T13:27:46-03:00\",\"inLanguage\":\"pt-BR\",\"mainEntityOfPage\":{\"@id\":\"https:\\\/\\\/newsinfoco.com.br\\\/inicio\\\/forcas-empresariais-reforcam-abertura-do-comercio-de-alagoinhas-na-terca-feira21-e-quarta-feira22-de-carnaval-nao-e-feriado\\\/#webpage\"},\"isPartOf\":{\"@id\":\"https:\\\/\\\/newsinfoco.com.br\\\/inicio\\\/forcas-empresariais-reforcam-abertura-do-comercio-de-alagoinhas-na-terca-feira21-e-quarta-feira22-de-carnaval-nao-e-feriado\\\/#webpage\"},\"articleSection\":\"Alagoinhas e Regi\\u00e3o, Manchete\"},{\"@type\":\"BreadcrumbList\",\"@id\":\"https:\\\/\\\/newsinfoco.com.br\\\/inicio\\\/forcas-empresariais-reforcam-abertura-do-comercio-de-alagoinhas-na-terca-feira21-e-quarta-feira22-de-carnaval-nao-e-feriado\\\/#breadcrumblist\",\"itemListElement\":[{\"@type\":\"ListItem\",\"@id\":\"https:\\\/\\\/newsinfoco.com.br\\\/inicio#listItem\",\"position\":1,\"name\":\"In\\u00edcio\",\"item\":\"https:\\\/\\\/newsinfoco.com.br\\\/inicio\",\"nextItem\":{\"@type\":\"ListItem\",\"@id\":\"https:\\\/\\\/newsinfoco.com.br\\\/inicio\\\/category\\\/alagoinhas-e-regiao\\\/#listItem\",\"name\":\"Alagoinhas e Regi\\u00e3o\"}},{\"@type\":\"ListItem\",\"@id\":\"https:\\\/\\\/newsinfoco.com.br\\\/inicio\\\/category\\\/alagoinhas-e-regiao\\\/#listItem\",\"position\":2,\"name\":\"Alagoinhas e Regi\\u00e3o\",\"item\":\"https:\\\/\\\/newsinfoco.com.br\\\/inicio\\\/category\\\/alagoinhas-e-regiao\\\/\",\"nextItem\":{\"@type\":\"ListItem\",\"@id\":\"https:\\\/\\\/newsinfoco.com.br\\\/inicio\\\/forcas-empresariais-reforcam-abertura-do-comercio-de-alagoinhas-na-terca-feira21-e-quarta-feira22-de-carnaval-nao-e-feriado\\\/#listItem\",\"name\":\"For\\u00e7as Empresariais refor\\u00e7am abertura do com\\u00e9rcio de Alagoinhas na ter\\u00e7a-feira(21) e quarta-feira(22) de carnaval, &#8220;N\\u00e3o \\u00e9 feriado&#8221;\"},\"previousItem\":{\"@type\":\"ListItem\",\"@id\":\"https:\\\/\\\/newsinfoco.com.br\\\/inicio#listItem\",\"name\":\"In\\u00edcio\"}},{\"@type\":\"ListItem\",\"@id\":\"https:\\\/\\\/newsinfoco.com.br\\\/inicio\\\/forcas-empresariais-reforcam-abertura-do-comercio-de-alagoinhas-na-terca-feira21-e-quarta-feira22-de-carnaval-nao-e-feriado\\\/#listItem\",\"position\":3,\"name\":\"For\\u00e7as Empresariais refor\\u00e7am abertura do com\\u00e9rcio de Alagoinhas na ter\\u00e7a-feira(21) e quarta-feira(22) de carnaval, &#8220;N\\u00e3o \\u00e9 feriado&#8221;\",\"previousItem\":{\"@type\":\"ListItem\",\"@id\":\"https:\\\/\\\/newsinfoco.com.br\\\/inicio\\\/category\\\/alagoinhas-e-regiao\\\/#listItem\",\"name\":\"Alagoinhas e Regi\\u00e3o\"}}]},{\"@type\":\"Organization\",\"@id\":\"https:\\\/\\\/newsinfoco.com.br\\\/inicio\\\/#organization\",\"name\":\"News In Foco - Editado por Caio Pimenta\",\"description\":\"O principal site de noticias de Alagoinhas e regi\\u00e3o\",\"url\":\"https:\\\/\\\/newsinfoco.com.br\\\/inicio\\\/\"},{\"@type\":\"Person\",\"@id\":\"https:\\\/\\\/newsinfoco.com.br\\\/inicio\\\/author\\\/administrador\\\/#author\",\"url\":\"https:\\\/\\\/newsinfoco.com.br\\\/inicio\\\/author\\\/administrador\\\/\",\"name\":\"administrador\",\"image\":{\"@type\":\"ImageObject\",\"@id\":\"https:\\\/\\\/newsinfoco.com.br\\\/inicio\\\/forcas-empresariais-reforcam-abertura-do-comercio-de-alagoinhas-na-terca-feira21-e-quarta-feira22-de-carnaval-nao-e-feriado\\\/#authorImage\",\"url\":\"https:\\\/\\\/secure.gravatar.com\\\/avatar\\\/c17a617433de8c1dc9584bb79aab7563b46f5bb7e1728c9b17d9cc3ce6a08e49?s=96&d=mm&r=g\",\"width\":96,\"height\":96,\"caption\":\"administrador\"}},{\"@type\":\"WebPage\",\"@id\":\"https:\\\/\\\/newsinfoco.com.br\\\/inicio\\\/forcas-empresariais-reforcam-abertura-do-comercio-de-alagoinhas-na-terca-feira21-e-quarta-feira22-de-carnaval-nao-e-feriado\\\/#webpage\",\"url\":\"https:\\\/\\\/newsinfoco.com.br\\\/inicio\\\/forcas-empresariais-reforcam-abertura-do-comercio-de-alagoinhas-na-terca-feira21-e-quarta-feira22-de-carnaval-nao-e-feriado\\\/\",\"name\":\"For\\u00e7as Empresariais refor\\u00e7am abertura do com\\u00e9rcio de Alagoinhas na ter\\u00e7a-feira(21) e quarta-feira(22) de carnaval, \\u201cN\\u00e3o \\u00e9 feriado\\u201d - News In Foco - Editado por Caio Pimenta\",\"description\":\"As for\\u00e7as empresariais de Alagoinhas(Sicom\\u00e9rcio, ACIA e CDL), em comunicado divulgado nas redes sociais, refor\\u00e7am a abertura do com\\u00e9rcio local amanh\\u00e3, ter\\u00e7a-feira(21), e na quarta-feira(22), popularmente conhecida como a quarta-feira de cinzas. Na nota, os representantes do com\\u00e9rcio local esclarecem que nenhuma das duas datas s\\u00e3o considerados feriados pelo calend\\u00e1rio nacional, o que permite que\",\"inLanguage\":\"pt-BR\",\"isPartOf\":{\"@id\":\"https:\\\/\\\/newsinfoco.com.br\\\/inicio\\\/#website\"},\"breadcrumb\":{\"@id\":\"https:\\\/\\\/newsinfoco.com.br\\\/inicio\\\/forcas-empresariais-reforcam-abertura-do-comercio-de-alagoinhas-na-terca-feira21-e-quarta-feira22-de-carnaval-nao-e-feriado\\\/#breadcrumblist\"},\"author\":{\"@id\":\"https:\\\/\\\/newsinfoco.com.br\\\/inicio\\\/author\\\/administrador\\\/#author\"},\"creator\":{\"@id\":\"https:\\\/\\\/newsinfoco.com.br\\\/inicio\\\/author\\\/administrador\\\/#author\"},\"image\":{\"@type\":\"ImageObject\",\"url\":\"https:\\\/\\\/newsinfoco.com.br\\\/inicio\\\/wp-content\\\/uploads\\\/2019\\\/11\\\/CalC3A7adC3A3oAlagoinhas.jpg\",\"@id\":\"https:\\\/\\\/newsinfoco.com.br\\\/inicio\\\/forcas-empresariais-reforcam-abertura-do-comercio-de-alagoinhas-na-terca-feira21-e-quarta-feira22-de-carnaval-nao-e-feriado\\\/#mainImage\",\"width\":638,\"height\":449},\"primaryImageOfPage\":{\"@id\":\"https:\\\/\\\/newsinfoco.com.br\\\/inicio\\\/forcas-empresariais-reforcam-abertura-do-comercio-de-alagoinhas-na-terca-feira21-e-quarta-feira22-de-carnaval-nao-e-feriado\\\/#mainImage\"},\"datePublished\":\"2023-02-20T13:27:46-03:00\",\"dateModified\":\"2023-02-20T13:27:46-03:00\"},{\"@type\":\"WebSite\",\"@id\":\"https:\\\/\\\/newsinfoco.com.br\\\/inicio\\\/#website\",\"url\":\"https:\\\/\\\/newsinfoco.com.br\\\/inicio\\\/\",\"name\":\"News In Foco - Editado por Caio Pimenta\",\"description\":\"O principal site de noticias de Alagoinhas e regi\\u00e3o\",\"inLanguage\":\"pt-BR\",\"publisher\":{\"@id\":\"https:\\\/\\\/newsinfoco.com.br\\\/inicio\\\/#organization\"}}]}\n\t\t<\/script>\n\t\t<!-- All in One SEO -->\n\n","aioseo_head_json":{"title":"For\u00e7as Empresariais refor\u00e7am abertura do com\u00e9rcio de Alagoinhas na ter\u00e7a-feira(21) e quarta-feira(22) de carnaval, \u201cN\u00e3o \u00e9 feriado\u201d - News In Foco - Editado por Caio Pimenta","description":"As for\u00e7as empresariais de Alagoinhas(Sicom\u00e9rcio, ACIA e CDL), em comunicado divulgado nas redes sociais, refor\u00e7am a abertura do com\u00e9rcio local amanh\u00e3, ter\u00e7a-feira(21), e na quarta-feira(22), popularmente conhecida como a quarta-feira de cinzas. Na nota, os representantes do com\u00e9rcio local esclarecem que nenhuma das duas datas s\u00e3o considerados feriados pelo calend\u00e1rio nacional, o que permite que","canonical_url":"https:\/\/newsinfoco.com.br\/inicio\/forcas-empresariais-reforcam-abertura-do-comercio-de-alagoinhas-na-terca-feira21-e-quarta-feira22-de-carnaval-nao-e-feriado\/","robots":"max-image-preview:large","keywords":"","webmasterTools":{"miscellaneous":""},"schema":{"@context":"https:\/\/schema.org","@graph":[{"@type":"BlogPosting","@id":"https:\/\/newsinfoco.com.br\/inicio\/forcas-empresariais-reforcam-abertura-do-comercio-de-alagoinhas-na-terca-feira21-e-quarta-feira22-de-carnaval-nao-e-feriado\/#blogposting","name":"For\u00e7as Empresariais refor\u00e7am abertura do com\u00e9rcio de Alagoinhas na ter\u00e7a-feira(21) e quarta-feira(22) de carnaval, \u201cN\u00e3o \u00e9 feriado\u201d - News In Foco - Editado por Caio Pimenta","headline":"For\u00e7as Empresariais refor\u00e7am abertura do com\u00e9rcio de Alagoinhas na ter\u00e7a-feira(21) e quarta-feira(22) de carnaval, &#8220;N\u00e3o \u00e9 feriado&#8221;","author":{"@id":"https:\/\/newsinfoco.com.br\/inicio\/author\/administrador\/#author"},"publisher":{"@id":"https:\/\/newsinfoco.com.br\/inicio\/#organization"},"image":{"@type":"ImageObject","url":"https:\/\/newsinfoco.com.br\/inicio\/wp-content\/uploads\/2019\/11\/CalC3A7adC3A3oAlagoinhas.jpg","width":638,"height":449},"datePublished":"2023-02-20T13:27:46-03:00","dateModified":"2023-02-20T13:27:46-03:00","inLanguage":"pt-BR","mainEntityOfPage":{"@id":"https:\/\/newsinfoco.com.br\/inicio\/forcas-empresariais-reforcam-abertura-do-comercio-de-alagoinhas-na-terca-feira21-e-quarta-feira22-de-carnaval-nao-e-feriado\/#webpage"},"isPartOf":{"@id":"https:\/\/newsinfoco.com.br\/inicio\/forcas-empresariais-reforcam-abertura-do-comercio-de-alagoinhas-na-terca-feira21-e-quarta-feira22-de-carnaval-nao-e-feriado\/#webpage"},"articleSection":"Alagoinhas e Regi\u00e3o, Manchete"},{"@type":"BreadcrumbList","@id":"https:\/\/newsinfoco.com.br\/inicio\/forcas-empresariais-reforcam-abertura-do-comercio-de-alagoinhas-na-terca-feira21-e-quarta-feira22-de-carnaval-nao-e-feriado\/#breadcrumblist","itemListElement":[{"@type":"ListItem","@id":"https:\/\/newsinfoco.com.br\/inicio#listItem","position":1,"name":"In\u00edcio","item":"https:\/\/newsinfoco.com.br\/inicio","nextItem":{"@type":"ListItem","@id":"https:\/\/newsinfoco.com.br\/inicio\/category\/alagoinhas-e-regiao\/#listItem","name":"Alagoinhas e Regi\u00e3o"}},{"@type":"ListItem","@id":"https:\/\/newsinfoco.com.br\/inicio\/category\/alagoinhas-e-regiao\/#listItem","position":2,"name":"Alagoinhas e Regi\u00e3o","item":"https:\/\/newsinfoco.com.br\/inicio\/category\/alagoinhas-e-regiao\/","nextItem":{"@type":"ListItem","@id":"https:\/\/newsinfoco.com.br\/inicio\/forcas-empresariais-reforcam-abertura-do-comercio-de-alagoinhas-na-terca-feira21-e-quarta-feira22-de-carnaval-nao-e-feriado\/#listItem","name":"For\u00e7as Empresariais refor\u00e7am abertura do com\u00e9rcio de Alagoinhas na ter\u00e7a-feira(21) e quarta-feira(22) de carnaval, &#8220;N\u00e3o \u00e9 feriado&#8221;"},"previousItem":{"@type":"ListItem","@id":"https:\/\/newsinfoco.com.br\/inicio#listItem","name":"In\u00edcio"}},{"@type":"ListItem","@id":"https:\/\/newsinfoco.com.br\/inicio\/forcas-empresariais-reforcam-abertura-do-comercio-de-alagoinhas-na-terca-feira21-e-quarta-feira22-de-carnaval-nao-e-feriado\/#listItem","position":3,"name":"For\u00e7as Empresariais refor\u00e7am abertura do com\u00e9rcio de Alagoinhas na ter\u00e7a-feira(21) e quarta-feira(22) de carnaval, &#8220;N\u00e3o \u00e9 feriado&#8221;","previousItem":{"@type":"ListItem","@id":"https:\/\/newsinfoco.com.br\/inicio\/category\/alagoinhas-e-regiao\/#listItem","name":"Alagoinhas e Regi\u00e3o"}}]},{"@type":"Organization","@id":"https:\/\/newsinfoco.com.br\/inicio\/#organization","name":"News In Foco - Editado por Caio Pimenta","description":"O principal site de noticias de Alagoinhas e regi\u00e3o","url":"https:\/\/newsinfoco.com.br\/inicio\/"},{"@type":"Person","@id":"https:\/\/newsinfoco.com.br\/inicio\/author\/administrador\/#author","url":"https:\/\/newsinfoco.com.br\/inicio\/author\/administrador\/","name":"administrador","image":{"@type":"ImageObject","@id":"https:\/\/newsinfoco.com.br\/inicio\/forcas-empresariais-reforcam-abertura-do-comercio-de-alagoinhas-na-terca-feira21-e-quarta-feira22-de-carnaval-nao-e-feriado\/#authorImage","url":"https:\/\/secure.gravatar.com\/avatar\/c17a617433de8c1dc9584bb79aab7563b46f5bb7e1728c9b17d9cc3ce6a08e49?s=96&d=mm&r=g","width":96,"height":96,"caption":"administrador"}},{"@type":"WebPage","@id":"https:\/\/newsinfoco.com.br\/inicio\/forcas-empresariais-reforcam-abertura-do-comercio-de-alagoinhas-na-terca-feira21-e-quarta-feira22-de-carnaval-nao-e-feriado\/#webpage","url":"https:\/\/newsinfoco.com.br\/inicio\/forcas-empresariais-reforcam-abertura-do-comercio-de-alagoinhas-na-terca-feira21-e-quarta-feira22-de-carnaval-nao-e-feriado\/","name":"For\u00e7as Empresariais refor\u00e7am abertura do com\u00e9rcio de Alagoinhas na ter\u00e7a-feira(21) e quarta-feira(22) de carnaval, \u201cN\u00e3o \u00e9 feriado\u201d - News In Foco - Editado por Caio Pimenta","description":"As for\u00e7as empresariais de Alagoinhas(Sicom\u00e9rcio, ACIA e CDL), em comunicado divulgado nas redes sociais, refor\u00e7am a abertura do com\u00e9rcio local amanh\u00e3, ter\u00e7a-feira(21), e na quarta-feira(22), popularmente conhecida como a quarta-feira de cinzas. Na nota, os representantes do com\u00e9rcio local esclarecem que nenhuma das duas datas s\u00e3o considerados feriados pelo calend\u00e1rio nacional, o que permite que","inLanguage":"pt-BR","isPartOf":{"@id":"https:\/\/newsinfoco.com.br\/inicio\/#website"},"breadcrumb":{"@id":"https:\/\/newsinfoco.com.br\/inicio\/forcas-empresariais-reforcam-abertura-do-comercio-de-alagoinhas-na-terca-feira21-e-quarta-feira22-de-carnaval-nao-e-feriado\/#breadcrumblist"},"author":{"@id":"https:\/\/newsinfoco.com.br\/inicio\/author\/administrador\/#author"},"creator":{"@id":"https:\/\/newsinfoco.com.br\/inicio\/author\/administrador\/#author"},"image":{"@type":"ImageObject","url":"https:\/\/newsinfoco.com.br\/inicio\/wp-content\/uploads\/2019\/11\/CalC3A7adC3A3oAlagoinhas.jpg","@id":"https:\/\/newsinfoco.com.br\/inicio\/forcas-empresariais-reforcam-abertura-do-comercio-de-alagoinhas-na-terca-feira21-e-quarta-feira22-de-carnaval-nao-e-feriado\/#mainImage","width":638,"height":449},"primaryImageOfPage":{"@id":"https:\/\/newsinfoco.com.br\/inicio\/forcas-empresariais-reforcam-abertura-do-comercio-de-alagoinhas-na-terca-feira21-e-quarta-feira22-de-carnaval-nao-e-feriado\/#mainImage"},"datePublished":"2023-02-20T13:27:46-03:00","dateModified":"2023-02-20T13:27:46-03:00"},{"@type":"WebSite","@id":"https:\/\/newsinfoco.com.br\/inicio\/#website","url":"https:\/\/newsinfoco.com.br\/inicio\/","name":"News In Foco - Editado por Caio Pimenta","description":"O principal site de noticias de Alagoinhas e regi\u00e3o","inLanguage":"pt-BR","publisher":{"@id":"https:\/\/newsinfoco.com.br\/inicio\/#organization"}}]},"og:locale":"pt_BR","og:site_name":"News In Foco - Editado por Caio Pimenta - O principal site de noticias de Alagoinhas e regi\u00e3o","og:type":"article","og:title":"For\u00e7as Empresariais refor\u00e7am abertura do com\u00e9rcio de Alagoinhas na ter\u00e7a-feira(21) e quarta-feira(22) de carnaval, \u201cN\u00e3o \u00e9 feriado\u201d - News In Foco - Editado por Caio Pimenta","og:description":"As for\u00e7as empresariais de Alagoinhas(Sicom\u00e9rcio, ACIA e CDL), em comunicado divulgado nas redes sociais, refor\u00e7am a abertura do com\u00e9rcio local amanh\u00e3, ter\u00e7a-feira(21), e na quarta-feira(22), popularmente conhecida como a quarta-feira de cinzas. Na nota, os representantes do com\u00e9rcio local esclarecem que nenhuma das duas datas s\u00e3o considerados feriados pelo calend\u00e1rio nacional, o que permite que","og:url":"https:\/\/newsinfoco.com.br\/inicio\/forcas-empresariais-reforcam-abertura-do-comercio-de-alagoinhas-na-terca-feira21-e-quarta-feira22-de-carnaval-nao-e-feriado\/","article:published_time":"2023-02-20T16:27:46+00:00","article:modified_time":"2023-02-20T16:27:46+00:00","twitter:card":"summary_large_image","twitter:title":"For\u00e7as Empresariais refor\u00e7am abertura do com\u00e9rcio de Alagoinhas na ter\u00e7a-feira(21) e quarta-feira(22) de carnaval, \u201cN\u00e3o \u00e9 feriado\u201d - News In Foco - Editado por Caio Pimenta","twitter:description":"As for\u00e7as empresariais de Alagoinhas(Sicom\u00e9rcio, ACIA e CDL), em comunicado divulgado nas redes sociais, refor\u00e7am a abertura do com\u00e9rcio local amanh\u00e3, ter\u00e7a-feira(21), e na quarta-feira(22), popularmente conhecida como a quarta-feira de cinzas. Na nota, os representantes do com\u00e9rcio local esclarecem que nenhuma das duas datas s\u00e3o considerados feriados pelo calend\u00e1rio nacional, o que permite que"},"aioseo_meta_data":{"post_id":"33071","title":null,"description":null,"keywords":null,"keyphrases":null,"primary_term":null,"canonical_url":null,"og_title":null,"og_description":null,"og_object_type":"default","og_image_type":"default","og_image_url":null,"og_image_width":null,"og_image_height":null,"og_image_custom_url":null,"og_image_custom_fields":null,"og_video":null,"og_custom_url":null,"og_article_section":null,"og_article_tags":null,"twitter_use_og":false,"twitter_card":"default","twitter_image_type":"default","twitter_image_url":null,"twitter_image_custom_url":null,"twitter_image_custom_fields":null,"twitter_title":null,"twitter_description":null,"schema":{"blockGraphs":[],"customGraphs":[],"default":{"data":{"Article":[],"Course":[],"Dataset":[],"FAQPage":[],"Movie":[],"Person":[],"Product":[],"ProductReview":[],"Car":[],"Recipe":[],"Service":[],"SoftwareApplication":[],"WebPage":[]},"graphName":"","isEnabled":true},"graphs":[]},"schema_type":"default","schema_type_options":null,"pillar_content":false,"robots_default":true,"robots_noindex":false,"robots_noarchive":false,"robots_nosnippet":false,"robots_nofollow":false,"robots_noimageindex":false,"robots_noodp":false,"robots_notranslate":false,"robots_max_snippet":null,"robots_max_videopreview":null,"robots_max_imagepreview":"large","priority":null,"frequency":null,"local_seo":null,"breadcrumb_settings":null,"limit_modified_date":false,"ai":null,"created":"2023-06-12 22:54:54","updated":"2025-07-11 09:11:46","seo_analyzer_scan_date":null},"aioseo_breadcrumb":"<div class=\"aioseo-breadcrumbs\"><span class=\"aioseo-breadcrumb\">\n\t\t\t<a href=\"https:\/\/newsinfoco.com.br\/inicio\" title=\"In\u00edcio\">In\u00edcio<\/a>\n\t\t<\/span><span class=\"aioseo-breadcrumb-separator\">&raquo;<\/span><span class=\"aioseo-breadcrumb\">\n\t\t\t<a href=\"https:\/\/newsinfoco.com.br\/inicio\/category\/alagoinhas-e-regiao\/\" title=\"Alagoinhas e Regi\u00e3o\">Alagoinhas e Regi\u00e3o<\/a>\n\t\t<\/span><span class=\"aioseo-breadcrumb-separator\">&raquo;<\/span><span class=\"aioseo-breadcrumb\">\n\t\t\tFor\u00e7as Empresariais refor\u00e7am abertura do com\u00e9rcio de Alagoinhas na ter\u00e7a-feira(21) e quarta-feira(22) de carnaval, \u201cN\u00e3o \u00e9 feriado\u201d\n\t\t<\/span><\/div>","aioseo_breadcrumb_json":[{"label":"In\u00edcio","link":"https:\/\/newsinfoco.com.br\/inicio"},{"label":"Alagoinhas e Regi\u00e3o","link":"https:\/\/newsinfoco.com.br\/inicio\/category\/alagoinhas-e-regiao\/"},{"label":"For\u00e7as Empresariais refor\u00e7am abertura do com\u00e9rcio de Alagoinhas na ter\u00e7a-feira(21) e quarta-feira(22) de carnaval, &#8220;N\u00e3o \u00e9 feriado&#8221;","link":"https:\/\/newsinfoco.com.br\/inicio\/forcas-empresariais-reforcam-abertura-do-comercio-de-alagoinhas-na-terca-feira21-e-quarta-feira22-de-carnaval-nao-e-feriado\/"}],"_links":{"self":[{"href":"https:\/\/newsinfoco.com.br\/inicio\/wp-json\/wp\/v2\/posts\/33071","targetHints":{"allow":["GET"]}}],"collection":[{"href":"https:\/\/newsinfoco.com.br\/inicio\/wp-json\/wp\/v2\/posts"}],"about":[{"href":"https:\/\/newsinfoco.com.br\/inicio\/wp-json\/wp\/v2\/types\/post"}],"author":[{"embeddable":true,"href":"https:\/\/newsinfoco.com.br\/inicio\/wp-json\/wp\/v2\/users\/1"}],"replies":[{"embeddable":true,"href":"https:\/\/newsinfoco.com.br\/inicio\/wp-json\/wp\/v2\/comments?post=33071"}],"version-history":[{"count":1,"href":"https:\/\/newsinfoco.com.br\/inicio\/wp-json\/wp\/v2\/posts\/33071\/revisions"}],"predecessor-version":[{"id":33072,"href":"https:\/\/newsinfoco.com.br\/inicio\/wp-json\/wp\/v2\/posts\/33071\/revisions\/33072"}],"wp:featuredmedia":[{"embeddable":true,"href":"https:\/\/newsinfoco.com.br\/inicio\/wp-json\/wp\/v2\/media\/18836"}],"wp:attachment":[{"href":"https:\/\/newsinfoco.com.br\/inicio\/wp-json\/wp\/v2\/media?parent=33071"}],"wp:term":[{"taxonomy":"category","embeddable":true,"href":"https:\/\/newsinfoco.com.br\/inicio\/wp-json\/wp\/v2\/categories?post=33071"},{"taxonomy":"post_tag","embeddable":true,"href":"https:\/\/newsinfoco.com.br\/inicio\/wp-json\/wp\/v2\/tags?post=33071"}],"curies":[{"name":"wp","href":"https:\/\/api.w.org\/{rel}","templated":true}]}}