{"id":33073,"date":"2023-02-21T10:29:51","date_gmt":"2023-02-21T13:29:51","guid":{"rendered":"https:\/\/newsinfoco.com.br\/inicio\/?p=33073"},"modified":"2023-02-21T10:29:51","modified_gmt":"2023-02-21T13:29:51","slug":"grupo-pela-democracia-anunciado-pela-gestao-lula-patina-apos-quase-2-meses","status":"publish","type":"post","link":"https:\/\/newsinfoco.com.br\/inicio\/grupo-pela-democracia-anunciado-pela-gestao-lula-patina-apos-quase-2-meses\/","title":{"rendered":"Grupo pela democracia anunciado pela gest\u00e3o Lula patina ap\u00f3s quase 2 meses"},"content":{"rendered":"<p>Quase dois meses depois de ser anunciada com destaque na posse do advogado-geral da Uni\u00e3o, Jorge Messias, o in\u00edcio dos trabalhos da Procuradoria Nacional de Defesa da Democracia \u00e9 incerto, n\u00e3o tendo nem ainda come\u00e7ado as discuss\u00f5es do grupo que contribuir\u00e1 para regulamentar a unidade. Isso acontecer\u00e1 apenas no fim deste m\u00eas, quando tamb\u00e9m ser\u00e1 anunciado o cronograma dos trabalhos do grupo.<\/p>\n<p>A futura Procuradoria tem como principal objetivo atuar em nome da Uni\u00e3o em demandas de resposta e enfrentamento a desinforma\u00e7\u00f5es sobre pol\u00edticas p\u00fablicas. Ao discursar sobre o tema na posse, Messias disse que ela iria \u201ccontribuir com os esfor\u00e7os de democracia defensiva e promover pronta resposta a medidas de desinforma\u00e7\u00e3o e atentados \u00e0 efic\u00e1cia das pol\u00edticas p\u00fablicas\u201d.<\/p>\n<p>Sua cria\u00e7\u00e3o, por\u00e9m, virou alvo de cr\u00edticas de parlamentares de oposi\u00e7\u00e3o, que a viram como um aparato do governo Luiz In\u00e1cio Lula da Silva (PT) para promover patrulhamento e censura. \u00c0 \u00e9poca, a AGU (Advocacia-Geral da Uni\u00e3o) reagiu e disse que \u201csob nenhuma hip\u00f3tese\u201d cercear\u00e1 \u201copini\u00f5es, cr\u00edticas ou atuar\u00e1 contrariamente \u00e0s liberdades p\u00fablicas consagradas na Constitui\u00e7\u00e3o\u201d. Foi anunciado que o modelo da Procuradoria passar\u00e1 por escrut\u00ednio de estudiosos, de associa\u00e7\u00f5es e do p\u00fablico.<\/p>\n<p>O grupo de trabalho que far\u00e1 essas discuss\u00f5es e auxiliar\u00e1 na elabora\u00e7\u00e3o da regulamenta\u00e7\u00e3o da Procuradoria, com integrantes da sociedade civil e dos poderes p\u00fablicos, foi oficializado em 20 de janeiro. \u201cA cria\u00e7\u00e3o do grupo concretiza o compromisso da AGU de promover um amplo debate sobre as atribui\u00e7\u00f5es e funcionamento da Procuradoria\u201d, disse o \u00f3rg\u00e3o, \u00e0 \u00e9poca.<\/p>\n<p>Desse grupo, participar\u00e3o indicados da OAB (Ordem dos Advogados do Brasil), de associa\u00e7\u00f5es de magistrados, de jornalistas e de integrantes do Minist\u00e9rio P\u00fablico, al\u00e9m de acad\u00eamicos de \u00e1reas relacionadas ao direito, \u00e0 liberdade de express\u00e3o e \u00e0 tecnologia.<br \/>\nA primeira reuni\u00e3o, por\u00e9m, s\u00f3 acontecer\u00e1 na manh\u00e3 do pr\u00f3ximo dia 28, quando a coordena\u00e7\u00e3o pretende divulgar o calend\u00e1rio de trabalho dos integrantes.<\/p>\n<p>O grupo ser\u00e1 dividido em tr\u00eas subgrupos tem\u00e1ticos, chamados Democracia, Integridade da A\u00e7\u00e3o P\u00fablica e Legitima\u00e7\u00e3o dos Poderes; Democracia e Representa\u00e7\u00e3o de Agentes P\u00fablicos e Democracia, Desinforma\u00e7\u00e3o e Pol\u00edticas P\u00fablicas. A partir de ent\u00e3o, as datas previstas s\u00e3o incertas. \u201cAinda n\u00e3o h\u00e1 defini\u00e7\u00e3o sobre a data de publica\u00e7\u00e3o da minuta de regulamenta\u00e7\u00e3o\u201d, diz a AGU, em nota, ao ser procurada pela reportagem.<\/p>\n<p>Essa minuta ser\u00e1 publicada ao fim dos trabalhos do grupo e ficar\u00e1 aberta ao p\u00fablico no site da AGU para consulta p\u00fablica. Ap\u00f3s essa consulta, voltar\u00e1 para avalia\u00e7\u00e3o de Jorge Messias. \u201cA equipe da Procuradoria-Geral da Uni\u00e3o, \u00e1rea \u00e0 qual a nova Procuradoria Nacional da Uni\u00e3o de Defesa da Democracia est\u00e1 vinculada, trabalha para que a normatiza\u00e7\u00e3o do funcionamento da unidade se d\u00ea no menor prazo poss\u00edvel\u201d, afirma a nota.<\/p>\n<p>\u201cNo entanto, h\u00e1 a compreens\u00e3o de que a regulamenta\u00e7\u00e3o deve ser feita com crit\u00e9rio e no tempo necess\u00e1rio para que reflita da melhor forma as contribui\u00e7\u00f5es que receber\u00e1 no \u00e2mbito do Grupo de Trabalho (GT) constitu\u00eddo para esse fim.\u201d<\/p>\n<p>Desde o dia 8 de janeiro, quando apoiadores do ex-presidente Jair Bolsonaro (PL) depredaram as sedes dos tr\u00eas Poderes em um ato golpista, a AGU tem concentrado os trabalhos nas a\u00e7\u00f5es que pretendem responsabilizar civilmente os suspeitos e recuperar o preju\u00edzo financeiro causado \u00e0 Uni\u00e3o.<\/p>\n<p>Inclusive, o futuro chefe da Procuradoria de Defesa da Democracia deve ser o mesmo integrante da AGU que assina as a\u00e7\u00f5es contra os golpistas, o atual procurador-geral da Uni\u00e3o, Marcelo Eugenio Feitosa Almeida. Uma das entidades procuradas para compor grupo de trabalho \u00e9 a Abraji (Associa\u00e7\u00e3o Brasileira de Jornalismo Investigativo).<\/p>\n<p>Para a presidente da entidade, Katia Brembatti, o convite \u00e9 \u201cum avan\u00e7o essas aberturas de negocia\u00e7\u00e3o e de di\u00e1logo com o governo\u201d, que, segundo ela, n\u00e3o existiam na gest\u00e3o Bolsonaro. \u201cQuando nos procuraram perguntando se a gente podia fazer parte, discutimos na diretoria e aceitamos porque a gente entende que participar do processo, contribuir e contestar \u00e9 muito mais importante do que s\u00f3 reclamar da obra pronta\u201d, afirma.<\/p>\n<p>Ela diz que, na ocasi\u00e3o, pretende compartilhar um pouco da experi\u00eancia da associa\u00e7\u00e3o no combate \u00e0 desinforma\u00e7\u00e3o, mas deixar\u00e1 claro que a entidade \u201ctem uma preocupa\u00e7\u00e3o de como ser\u00e1 o combate \u00e0 desinforma\u00e7\u00e3o por um \u00f3rg\u00e3o p\u00fablico\u201d. A AGU, que \u00e9 o \u00f3rg\u00e3o respons\u00e1vel por fazer a representa\u00e7\u00e3o judicial do governo, tem dito que a atua\u00e7\u00e3o da nova Procuradoria ser\u00e1 baseada em precedentes de tribunais, sobretudo do Supremo, e na atua\u00e7\u00e3o das ag\u00eancias de checagem de informa\u00e7\u00f5es falsas.<\/p>\n<p>O TSE tem desde 2019 um programa de combate \u00e0 desinforma\u00e7\u00e3o, que no ano passado contava com 154 parceiros, entre entidades p\u00fablicas e privadas e at\u00e9 redes sociais e plataformas digitais, al\u00e9m de ag\u00eancias de checagem. Junto \u00e0 Justi\u00e7a Eleitoral, esses parceiros monitoram not\u00edcias falsas, que s\u00e3o coletadas e, a depender da gravidade, encaminhadas ao Minist\u00e9rio P\u00fablico Eleitoral e \u00e0s demais autoridades para medidas legais.<\/p>\n<p>No ano passado, por\u00e9m, algumas medidas de combate \u00e0 desinforma\u00e7\u00e3o do TSE levantaram preocupa\u00e7\u00e3o das empresas de tecnologia e de advogados eleitorais.<\/p>\n<p>&nbsp;<\/p>\n<p><span class=\"assinatura_exclusiva\">Jos\u00e9 Marques \/ Folhapress<\/span><\/p>\n<div class='share-to-whatsapp-wrapper'><div class='share-on-whsp'>Share on: <\/div><a data-text='Grupo pela democracia anunciado pela gest\u00e3o Lula patina ap\u00f3s quase 2 meses' data-link='https:\/\/newsinfoco.com.br\/inicio\/grupo-pela-democracia-anunciado-pela-gestao-lula-patina-apos-quase-2-meses\/' class='whatsapp-button whatsapp-share'>WhatsApp<\/a><div class='clear '><\/div><\/div>","protected":false},"excerpt":{"rendered":"<p>Quase dois meses depois de ser anunciada com destaque na posse do advogado-geral da Uni\u00e3o, Jorge Messias, o in\u00edcio dos trabalhos da Procuradoria Nacional de Defesa da Democracia \u00e9 incerto, n\u00e3o tendo nem ainda come\u00e7ado as discuss\u00f5es do grupo que contribuir\u00e1 para regulamentar a unidade. Isso acontecer\u00e1 apenas no fim deste m\u00eas, quando tamb\u00e9m ser\u00e1 [&hellip;]<\/p>\n","protected":false},"author":1,"featured_media":33064,"comment_status":"closed","ping_status":"closed","sticky":false,"template":"","format":"standard","meta":{"om_disable_all_campaigns":false,"rop_custom_images_group":[],"rop_custom_messages_group":[],"rop_publish_now":"initial","rop_publish_now_accounts":[],"rop_publish_now_history":[],"rop_publish_now_status":"pending","_exactmetrics_skip_tracking":false,"footnotes":""},"categories":[21],"tags":[],"class_list":["post-33073","post","type-post","status-publish","format-standard","has-post-thumbnail","hentry","category-brasil"],"aioseo_notices":[],"aioseo_head":"\n\t\t<!-- All in One SEO 4.9.10 - aioseo.com -->\n\t<meta name=\"description\" content=\"Quase dois meses depois de ser anunciada com destaque na posse do advogado-geral da Uni\u00e3o, Jorge Messias, o in\u00edcio dos trabalhos da Procuradoria Nacional de Defesa da Democracia \u00e9 incerto, n\u00e3o tendo nem ainda come\u00e7ado as discuss\u00f5es do grupo que contribuir\u00e1 para regulamentar a unidade. Isso acontecer\u00e1 apenas no fim deste m\u00eas, quando tamb\u00e9m ser\u00e1\" \/>\n\t<meta name=\"robots\" content=\"max-image-preview:large\" \/>\n\t<meta name=\"author\" content=\"administrador\"\/>\n\t<link rel=\"canonical\" href=\"https:\/\/newsinfoco.com.br\/inicio\/grupo-pela-democracia-anunciado-pela-gestao-lula-patina-apos-quase-2-meses\/\" \/>\n\t<meta name=\"generator\" content=\"All in One SEO (AIOSEO) 4.9.10\" \/>\n\t\t<meta property=\"og:locale\" content=\"pt_BR\" \/>\n\t\t<meta property=\"og:site_name\" content=\"News In Foco - Editado por Caio Pimenta - O principal site de noticias de Alagoinhas e regi\u00e3o\" \/>\n\t\t<meta property=\"og:type\" content=\"article\" \/>\n\t\t<meta property=\"og:title\" content=\"Grupo pela democracia anunciado pela gest\u00e3o Lula patina ap\u00f3s quase 2 meses - News In Foco - Editado por Caio Pimenta\" \/>\n\t\t<meta property=\"og:description\" content=\"Quase dois meses depois de ser anunciada com destaque na posse do advogado-geral da Uni\u00e3o, Jorge Messias, o in\u00edcio dos trabalhos da Procuradoria Nacional de Defesa da Democracia \u00e9 incerto, n\u00e3o tendo nem ainda come\u00e7ado as discuss\u00f5es do grupo que contribuir\u00e1 para regulamentar a unidade. Isso acontecer\u00e1 apenas no fim deste m\u00eas, quando tamb\u00e9m ser\u00e1\" \/>\n\t\t<meta property=\"og:url\" content=\"https:\/\/newsinfoco.com.br\/inicio\/grupo-pela-democracia-anunciado-pela-gestao-lula-patina-apos-quase-2-meses\/\" \/>\n\t\t<meta property=\"article:published_time\" content=\"2023-02-21T13:29:51+00:00\" \/>\n\t\t<meta property=\"article:modified_time\" content=\"2023-02-21T13:29:51+00:00\" \/>\n\t\t<meta name=\"twitter:card\" content=\"summary_large_image\" \/>\n\t\t<meta name=\"twitter:title\" content=\"Grupo pela democracia anunciado pela gest\u00e3o Lula patina ap\u00f3s quase 2 meses - News In Foco - Editado por Caio Pimenta\" \/>\n\t\t<meta name=\"twitter:description\" content=\"Quase dois meses depois de ser anunciada com destaque na posse do advogado-geral da Uni\u00e3o, Jorge Messias, o in\u00edcio dos trabalhos da Procuradoria Nacional de Defesa da Democracia \u00e9 incerto, n\u00e3o tendo nem ainda come\u00e7ado as discuss\u00f5es do grupo que contribuir\u00e1 para regulamentar a unidade. Isso acontecer\u00e1 apenas no fim deste m\u00eas, quando tamb\u00e9m ser\u00e1\" \/>\n\t\t<script type=\"application\/ld+json\" class=\"aioseo-schema\">\n\t\t\t{\"@context\":\"https:\\\/\\\/schema.org\",\"@graph\":[{\"@type\":\"BlogPosting\",\"@id\":\"https:\\\/\\\/newsinfoco.com.br\\\/inicio\\\/grupo-pela-democracia-anunciado-pela-gestao-lula-patina-apos-quase-2-meses\\\/#blogposting\",\"name\":\"Grupo pela democracia anunciado pela gest\\u00e3o Lula patina ap\\u00f3s quase 2 meses - News In Foco - Editado por Caio Pimenta\",\"headline\":\"Grupo pela democracia anunciado pela gest\\u00e3o Lula patina ap\\u00f3s quase 2 meses\",\"author\":{\"@id\":\"https:\\\/\\\/newsinfoco.com.br\\\/inicio\\\/author\\\/administrador\\\/#author\"},\"publisher\":{\"@id\":\"https:\\\/\\\/newsinfoco.com.br\\\/inicio\\\/#organization\"},\"image\":{\"@type\":\"ImageObject\",\"url\":\"https:\\\/\\\/newsinfoco.com.br\\\/inicio\\\/wp-content\\\/uploads\\\/2023\\\/02\\\/lula-hipocrisia.webp\",\"width\":750,\"height\":440},\"datePublished\":\"2023-02-21T10:29:51-03:00\",\"dateModified\":\"2023-02-21T10:29:51-03:00\",\"inLanguage\":\"pt-BR\",\"mainEntityOfPage\":{\"@id\":\"https:\\\/\\\/newsinfoco.com.br\\\/inicio\\\/grupo-pela-democracia-anunciado-pela-gestao-lula-patina-apos-quase-2-meses\\\/#webpage\"},\"isPartOf\":{\"@id\":\"https:\\\/\\\/newsinfoco.com.br\\\/inicio\\\/grupo-pela-democracia-anunciado-pela-gestao-lula-patina-apos-quase-2-meses\\\/#webpage\"},\"articleSection\":\"Brasil\"},{\"@type\":\"BreadcrumbList\",\"@id\":\"https:\\\/\\\/newsinfoco.com.br\\\/inicio\\\/grupo-pela-democracia-anunciado-pela-gestao-lula-patina-apos-quase-2-meses\\\/#breadcrumblist\",\"itemListElement\":[{\"@type\":\"ListItem\",\"@id\":\"https:\\\/\\\/newsinfoco.com.br\\\/inicio#listItem\",\"position\":1,\"name\":\"In\\u00edcio\",\"item\":\"https:\\\/\\\/newsinfoco.com.br\\\/inicio\",\"nextItem\":{\"@type\":\"ListItem\",\"@id\":\"https:\\\/\\\/newsinfoco.com.br\\\/inicio\\\/category\\\/brasil\\\/#listItem\",\"name\":\"Brasil\"}},{\"@type\":\"ListItem\",\"@id\":\"https:\\\/\\\/newsinfoco.com.br\\\/inicio\\\/category\\\/brasil\\\/#listItem\",\"position\":2,\"name\":\"Brasil\",\"item\":\"https:\\\/\\\/newsinfoco.com.br\\\/inicio\\\/category\\\/brasil\\\/\",\"nextItem\":{\"@type\":\"ListItem\",\"@id\":\"https:\\\/\\\/newsinfoco.com.br\\\/inicio\\\/grupo-pela-democracia-anunciado-pela-gestao-lula-patina-apos-quase-2-meses\\\/#listItem\",\"name\":\"Grupo pela democracia anunciado pela gest\\u00e3o Lula patina ap\\u00f3s quase 2 meses\"},\"previousItem\":{\"@type\":\"ListItem\",\"@id\":\"https:\\\/\\\/newsinfoco.com.br\\\/inicio#listItem\",\"name\":\"In\\u00edcio\"}},{\"@type\":\"ListItem\",\"@id\":\"https:\\\/\\\/newsinfoco.com.br\\\/inicio\\\/grupo-pela-democracia-anunciado-pela-gestao-lula-patina-apos-quase-2-meses\\\/#listItem\",\"position\":3,\"name\":\"Grupo pela democracia anunciado pela gest\\u00e3o Lula patina ap\\u00f3s quase 2 meses\",\"previousItem\":{\"@type\":\"ListItem\",\"@id\":\"https:\\\/\\\/newsinfoco.com.br\\\/inicio\\\/category\\\/brasil\\\/#listItem\",\"name\":\"Brasil\"}}]},{\"@type\":\"Organization\",\"@id\":\"https:\\\/\\\/newsinfoco.com.br\\\/inicio\\\/#organization\",\"name\":\"News In Foco - Editado por Caio Pimenta\",\"description\":\"O principal site de noticias de Alagoinhas e regi\\u00e3o\",\"url\":\"https:\\\/\\\/newsinfoco.com.br\\\/inicio\\\/\"},{\"@type\":\"Person\",\"@id\":\"https:\\\/\\\/newsinfoco.com.br\\\/inicio\\\/author\\\/administrador\\\/#author\",\"url\":\"https:\\\/\\\/newsinfoco.com.br\\\/inicio\\\/author\\\/administrador\\\/\",\"name\":\"administrador\",\"image\":{\"@type\":\"ImageObject\",\"@id\":\"https:\\\/\\\/newsinfoco.com.br\\\/inicio\\\/grupo-pela-democracia-anunciado-pela-gestao-lula-patina-apos-quase-2-meses\\\/#authorImage\",\"url\":\"https:\\\/\\\/secure.gravatar.com\\\/avatar\\\/c17a617433de8c1dc9584bb79aab7563b46f5bb7e1728c9b17d9cc3ce6a08e49?s=96&d=mm&r=g\",\"width\":96,\"height\":96,\"caption\":\"administrador\"}},{\"@type\":\"WebPage\",\"@id\":\"https:\\\/\\\/newsinfoco.com.br\\\/inicio\\\/grupo-pela-democracia-anunciado-pela-gestao-lula-patina-apos-quase-2-meses\\\/#webpage\",\"url\":\"https:\\\/\\\/newsinfoco.com.br\\\/inicio\\\/grupo-pela-democracia-anunciado-pela-gestao-lula-patina-apos-quase-2-meses\\\/\",\"name\":\"Grupo pela democracia anunciado pela gest\\u00e3o Lula patina ap\\u00f3s quase 2 meses - News In Foco - Editado por Caio Pimenta\",\"description\":\"Quase dois meses depois de ser anunciada com destaque na posse do advogado-geral da Uni\\u00e3o, Jorge Messias, o in\\u00edcio dos trabalhos da Procuradoria Nacional de Defesa da Democracia \\u00e9 incerto, n\\u00e3o tendo nem ainda come\\u00e7ado as discuss\\u00f5es do grupo que contribuir\\u00e1 para regulamentar a unidade. Isso acontecer\\u00e1 apenas no fim deste m\\u00eas, quando tamb\\u00e9m ser\\u00e1\",\"inLanguage\":\"pt-BR\",\"isPartOf\":{\"@id\":\"https:\\\/\\\/newsinfoco.com.br\\\/inicio\\\/#website\"},\"breadcrumb\":{\"@id\":\"https:\\\/\\\/newsinfoco.com.br\\\/inicio\\\/grupo-pela-democracia-anunciado-pela-gestao-lula-patina-apos-quase-2-meses\\\/#breadcrumblist\"},\"author\":{\"@id\":\"https:\\\/\\\/newsinfoco.com.br\\\/inicio\\\/author\\\/administrador\\\/#author\"},\"creator\":{\"@id\":\"https:\\\/\\\/newsinfoco.com.br\\\/inicio\\\/author\\\/administrador\\\/#author\"},\"image\":{\"@type\":\"ImageObject\",\"url\":\"https:\\\/\\\/newsinfoco.com.br\\\/inicio\\\/wp-content\\\/uploads\\\/2023\\\/02\\\/lula-hipocrisia.webp\",\"@id\":\"https:\\\/\\\/newsinfoco.com.br\\\/inicio\\\/grupo-pela-democracia-anunciado-pela-gestao-lula-patina-apos-quase-2-meses\\\/#mainImage\",\"width\":750,\"height\":440},\"primaryImageOfPage\":{\"@id\":\"https:\\\/\\\/newsinfoco.com.br\\\/inicio\\\/grupo-pela-democracia-anunciado-pela-gestao-lula-patina-apos-quase-2-meses\\\/#mainImage\"},\"datePublished\":\"2023-02-21T10:29:51-03:00\",\"dateModified\":\"2023-02-21T10:29:51-03:00\"},{\"@type\":\"WebSite\",\"@id\":\"https:\\\/\\\/newsinfoco.com.br\\\/inicio\\\/#website\",\"url\":\"https:\\\/\\\/newsinfoco.com.br\\\/inicio\\\/\",\"name\":\"News In Foco - Editado por Caio Pimenta\",\"description\":\"O principal site de noticias de Alagoinhas e regi\\u00e3o\",\"inLanguage\":\"pt-BR\",\"publisher\":{\"@id\":\"https:\\\/\\\/newsinfoco.com.br\\\/inicio\\\/#organization\"}}]}\n\t\t<\/script>\n\t\t<!-- All in One SEO -->\n\n","aioseo_head_json":{"title":"Grupo pela democracia anunciado pela gest\u00e3o Lula patina ap\u00f3s quase 2 meses - News In Foco - Editado por Caio Pimenta","description":"Quase dois meses depois de ser anunciada com destaque na posse do advogado-geral da Uni\u00e3o, Jorge Messias, o in\u00edcio dos trabalhos da Procuradoria Nacional de Defesa da Democracia \u00e9 incerto, n\u00e3o tendo nem ainda come\u00e7ado as discuss\u00f5es do grupo que contribuir\u00e1 para regulamentar a unidade. Isso acontecer\u00e1 apenas no fim deste m\u00eas, quando tamb\u00e9m ser\u00e1","canonical_url":"https:\/\/newsinfoco.com.br\/inicio\/grupo-pela-democracia-anunciado-pela-gestao-lula-patina-apos-quase-2-meses\/","robots":"max-image-preview:large","keywords":"","webmasterTools":{"miscellaneous":""},"schema":{"@context":"https:\/\/schema.org","@graph":[{"@type":"BlogPosting","@id":"https:\/\/newsinfoco.com.br\/inicio\/grupo-pela-democracia-anunciado-pela-gestao-lula-patina-apos-quase-2-meses\/#blogposting","name":"Grupo pela democracia anunciado pela gest\u00e3o Lula patina ap\u00f3s quase 2 meses - News In Foco - Editado por Caio Pimenta","headline":"Grupo pela democracia anunciado pela gest\u00e3o Lula patina ap\u00f3s quase 2 meses","author":{"@id":"https:\/\/newsinfoco.com.br\/inicio\/author\/administrador\/#author"},"publisher":{"@id":"https:\/\/newsinfoco.com.br\/inicio\/#organization"},"image":{"@type":"ImageObject","url":"https:\/\/newsinfoco.com.br\/inicio\/wp-content\/uploads\/2023\/02\/lula-hipocrisia.webp","width":750,"height":440},"datePublished":"2023-02-21T10:29:51-03:00","dateModified":"2023-02-21T10:29:51-03:00","inLanguage":"pt-BR","mainEntityOfPage":{"@id":"https:\/\/newsinfoco.com.br\/inicio\/grupo-pela-democracia-anunciado-pela-gestao-lula-patina-apos-quase-2-meses\/#webpage"},"isPartOf":{"@id":"https:\/\/newsinfoco.com.br\/inicio\/grupo-pela-democracia-anunciado-pela-gestao-lula-patina-apos-quase-2-meses\/#webpage"},"articleSection":"Brasil"},{"@type":"BreadcrumbList","@id":"https:\/\/newsinfoco.com.br\/inicio\/grupo-pela-democracia-anunciado-pela-gestao-lula-patina-apos-quase-2-meses\/#breadcrumblist","itemListElement":[{"@type":"ListItem","@id":"https:\/\/newsinfoco.com.br\/inicio#listItem","position":1,"name":"In\u00edcio","item":"https:\/\/newsinfoco.com.br\/inicio","nextItem":{"@type":"ListItem","@id":"https:\/\/newsinfoco.com.br\/inicio\/category\/brasil\/#listItem","name":"Brasil"}},{"@type":"ListItem","@id":"https:\/\/newsinfoco.com.br\/inicio\/category\/brasil\/#listItem","position":2,"name":"Brasil","item":"https:\/\/newsinfoco.com.br\/inicio\/category\/brasil\/","nextItem":{"@type":"ListItem","@id":"https:\/\/newsinfoco.com.br\/inicio\/grupo-pela-democracia-anunciado-pela-gestao-lula-patina-apos-quase-2-meses\/#listItem","name":"Grupo pela democracia anunciado pela gest\u00e3o Lula patina ap\u00f3s quase 2 meses"},"previousItem":{"@type":"ListItem","@id":"https:\/\/newsinfoco.com.br\/inicio#listItem","name":"In\u00edcio"}},{"@type":"ListItem","@id":"https:\/\/newsinfoco.com.br\/inicio\/grupo-pela-democracia-anunciado-pela-gestao-lula-patina-apos-quase-2-meses\/#listItem","position":3,"name":"Grupo pela democracia anunciado pela gest\u00e3o Lula patina ap\u00f3s quase 2 meses","previousItem":{"@type":"ListItem","@id":"https:\/\/newsinfoco.com.br\/inicio\/category\/brasil\/#listItem","name":"Brasil"}}]},{"@type":"Organization","@id":"https:\/\/newsinfoco.com.br\/inicio\/#organization","name":"News In Foco - Editado por Caio Pimenta","description":"O principal site de noticias de Alagoinhas e regi\u00e3o","url":"https:\/\/newsinfoco.com.br\/inicio\/"},{"@type":"Person","@id":"https:\/\/newsinfoco.com.br\/inicio\/author\/administrador\/#author","url":"https:\/\/newsinfoco.com.br\/inicio\/author\/administrador\/","name":"administrador","image":{"@type":"ImageObject","@id":"https:\/\/newsinfoco.com.br\/inicio\/grupo-pela-democracia-anunciado-pela-gestao-lula-patina-apos-quase-2-meses\/#authorImage","url":"https:\/\/secure.gravatar.com\/avatar\/c17a617433de8c1dc9584bb79aab7563b46f5bb7e1728c9b17d9cc3ce6a08e49?s=96&d=mm&r=g","width":96,"height":96,"caption":"administrador"}},{"@type":"WebPage","@id":"https:\/\/newsinfoco.com.br\/inicio\/grupo-pela-democracia-anunciado-pela-gestao-lula-patina-apos-quase-2-meses\/#webpage","url":"https:\/\/newsinfoco.com.br\/inicio\/grupo-pela-democracia-anunciado-pela-gestao-lula-patina-apos-quase-2-meses\/","name":"Grupo pela democracia anunciado pela gest\u00e3o Lula patina ap\u00f3s quase 2 meses - News In Foco - Editado por Caio Pimenta","description":"Quase dois meses depois de ser anunciada com destaque na posse do advogado-geral da Uni\u00e3o, Jorge Messias, o in\u00edcio dos trabalhos da Procuradoria Nacional de Defesa da Democracia \u00e9 incerto, n\u00e3o tendo nem ainda come\u00e7ado as discuss\u00f5es do grupo que contribuir\u00e1 para regulamentar a unidade. Isso acontecer\u00e1 apenas no fim deste m\u00eas, quando tamb\u00e9m ser\u00e1","inLanguage":"pt-BR","isPartOf":{"@id":"https:\/\/newsinfoco.com.br\/inicio\/#website"},"breadcrumb":{"@id":"https:\/\/newsinfoco.com.br\/inicio\/grupo-pela-democracia-anunciado-pela-gestao-lula-patina-apos-quase-2-meses\/#breadcrumblist"},"author":{"@id":"https:\/\/newsinfoco.com.br\/inicio\/author\/administrador\/#author"},"creator":{"@id":"https:\/\/newsinfoco.com.br\/inicio\/author\/administrador\/#author"},"image":{"@type":"ImageObject","url":"https:\/\/newsinfoco.com.br\/inicio\/wp-content\/uploads\/2023\/02\/lula-hipocrisia.webp","@id":"https:\/\/newsinfoco.com.br\/inicio\/grupo-pela-democracia-anunciado-pela-gestao-lula-patina-apos-quase-2-meses\/#mainImage","width":750,"height":440},"primaryImageOfPage":{"@id":"https:\/\/newsinfoco.com.br\/inicio\/grupo-pela-democracia-anunciado-pela-gestao-lula-patina-apos-quase-2-meses\/#mainImage"},"datePublished":"2023-02-21T10:29:51-03:00","dateModified":"2023-02-21T10:29:51-03:00"},{"@type":"WebSite","@id":"https:\/\/newsinfoco.com.br\/inicio\/#website","url":"https:\/\/newsinfoco.com.br\/inicio\/","name":"News In Foco - Editado por Caio Pimenta","description":"O principal site de noticias de Alagoinhas e regi\u00e3o","inLanguage":"pt-BR","publisher":{"@id":"https:\/\/newsinfoco.com.br\/inicio\/#organization"}}]},"og:locale":"pt_BR","og:site_name":"News In Foco - Editado por Caio Pimenta - O principal site de noticias de Alagoinhas e regi\u00e3o","og:type":"article","og:title":"Grupo pela democracia anunciado pela gest\u00e3o Lula patina ap\u00f3s quase 2 meses - News In Foco - Editado por Caio Pimenta","og:description":"Quase dois meses depois de ser anunciada com destaque na posse do advogado-geral da Uni\u00e3o, Jorge Messias, o in\u00edcio dos trabalhos da Procuradoria Nacional de Defesa da Democracia \u00e9 incerto, n\u00e3o tendo nem ainda come\u00e7ado as discuss\u00f5es do grupo que contribuir\u00e1 para regulamentar a unidade. Isso acontecer\u00e1 apenas no fim deste m\u00eas, quando tamb\u00e9m ser\u00e1","og:url":"https:\/\/newsinfoco.com.br\/inicio\/grupo-pela-democracia-anunciado-pela-gestao-lula-patina-apos-quase-2-meses\/","article:published_time":"2023-02-21T13:29:51+00:00","article:modified_time":"2023-02-21T13:29:51+00:00","twitter:card":"summary_large_image","twitter:title":"Grupo pela democracia anunciado pela gest\u00e3o Lula patina ap\u00f3s quase 2 meses - News In Foco - Editado por Caio Pimenta","twitter:description":"Quase dois meses depois de ser anunciada com destaque na posse do advogado-geral da Uni\u00e3o, Jorge Messias, o in\u00edcio dos trabalhos da Procuradoria Nacional de Defesa da Democracia \u00e9 incerto, n\u00e3o tendo nem ainda come\u00e7ado as discuss\u00f5es do grupo que contribuir\u00e1 para regulamentar a unidade. Isso acontecer\u00e1 apenas no fim deste m\u00eas, quando tamb\u00e9m ser\u00e1"},"aioseo_meta_data":{"post_id":"33073","title":null,"description":null,"keywords":null,"keyphrases":null,"primary_term":null,"canonical_url":null,"og_title":null,"og_description":null,"og_object_type":"default","og_image_type":"default","og_image_url":null,"og_image_width":null,"og_image_height":null,"og_image_custom_url":null,"og_image_custom_fields":null,"og_video":null,"og_custom_url":null,"og_article_section":null,"og_article_tags":null,"twitter_use_og":false,"twitter_card":"default","twitter_image_type":"default","twitter_image_url":null,"twitter_image_custom_url":null,"twitter_image_custom_fields":null,"twitter_title":null,"twitter_description":null,"schema":{"blockGraphs":[],"customGraphs":[],"default":{"data":{"Article":[],"Course":[],"Dataset":[],"FAQPage":[],"Movie":[],"Person":[],"Product":[],"ProductReview":[],"Car":[],"Recipe":[],"Service":[],"SoftwareApplication":[],"WebPage":[]},"graphName":"","isEnabled":true},"graphs":[]},"schema_type":"default","schema_type_options":null,"pillar_content":false,"robots_default":true,"robots_noindex":false,"robots_noarchive":false,"robots_nosnippet":false,"robots_nofollow":false,"robots_noimageindex":false,"robots_noodp":false,"robots_notranslate":false,"robots_max_snippet":null,"robots_max_videopreview":null,"robots_max_imagepreview":"large","priority":null,"frequency":null,"local_seo":null,"breadcrumb_settings":null,"limit_modified_date":false,"ai":null,"created":"2023-06-12 22:54:54","updated":"2025-07-11 09:11:46","seo_analyzer_scan_date":null},"aioseo_breadcrumb":"<div class=\"aioseo-breadcrumbs\"><span class=\"aioseo-breadcrumb\">\n\t\t\t<a href=\"https:\/\/newsinfoco.com.br\/inicio\" title=\"In\u00edcio\">In\u00edcio<\/a>\n\t\t<\/span><span class=\"aioseo-breadcrumb-separator\">&raquo;<\/span><span class=\"aioseo-breadcrumb\">\n\t\t\t<a href=\"https:\/\/newsinfoco.com.br\/inicio\/category\/brasil\/\" title=\"Brasil\">Brasil<\/a>\n\t\t<\/span><span class=\"aioseo-breadcrumb-separator\">&raquo;<\/span><span class=\"aioseo-breadcrumb\">\n\t\t\tGrupo pela democracia anunciado pela gest\u00e3o Lula patina ap\u00f3s quase 2 meses\n\t\t<\/span><\/div>","aioseo_breadcrumb_json":[{"label":"In\u00edcio","link":"https:\/\/newsinfoco.com.br\/inicio"},{"label":"Brasil","link":"https:\/\/newsinfoco.com.br\/inicio\/category\/brasil\/"},{"label":"Grupo pela democracia anunciado pela gest\u00e3o Lula patina ap\u00f3s quase 2 meses","link":"https:\/\/newsinfoco.com.br\/inicio\/grupo-pela-democracia-anunciado-pela-gestao-lula-patina-apos-quase-2-meses\/"}],"_links":{"self":[{"href":"https:\/\/newsinfoco.com.br\/inicio\/wp-json\/wp\/v2\/posts\/33073","targetHints":{"allow":["GET"]}}],"collection":[{"href":"https:\/\/newsinfoco.com.br\/inicio\/wp-json\/wp\/v2\/posts"}],"about":[{"href":"https:\/\/newsinfoco.com.br\/inicio\/wp-json\/wp\/v2\/types\/post"}],"author":[{"embeddable":true,"href":"https:\/\/newsinfoco.com.br\/inicio\/wp-json\/wp\/v2\/users\/1"}],"replies":[{"embeddable":true,"href":"https:\/\/newsinfoco.com.br\/inicio\/wp-json\/wp\/v2\/comments?post=33073"}],"version-history":[{"count":1,"href":"https:\/\/newsinfoco.com.br\/inicio\/wp-json\/wp\/v2\/posts\/33073\/revisions"}],"predecessor-version":[{"id":33074,"href":"https:\/\/newsinfoco.com.br\/inicio\/wp-json\/wp\/v2\/posts\/33073\/revisions\/33074"}],"wp:featuredmedia":[{"embeddable":true,"href":"https:\/\/newsinfoco.com.br\/inicio\/wp-json\/wp\/v2\/media\/33064"}],"wp:attachment":[{"href":"https:\/\/newsinfoco.com.br\/inicio\/wp-json\/wp\/v2\/media?parent=33073"}],"wp:term":[{"taxonomy":"category","embeddable":true,"href":"https:\/\/newsinfoco.com.br\/inicio\/wp-json\/wp\/v2\/categories?post=33073"},{"taxonomy":"post_tag","embeddable":true,"href":"https:\/\/newsinfoco.com.br\/inicio\/wp-json\/wp\/v2\/tags?post=33073"}],"curies":[{"name":"wp","href":"https:\/\/api.w.org\/{rel}","templated":true}]}}