{"id":33075,"date":"2023-02-21T10:31:14","date_gmt":"2023-02-21T13:31:14","guid":{"rendered":"https:\/\/newsinfoco.com.br\/inicio\/?p=33075"},"modified":"2023-02-21T10:31:14","modified_gmt":"2023-02-21T13:31:14","slug":"especialistas-pedem-mudancas-na-legislacao-apos-caso-lojas-americanas","status":"publish","type":"post","link":"https:\/\/newsinfoco.com.br\/inicio\/especialistas-pedem-mudancas-na-legislacao-apos-caso-lojas-americanas\/","title":{"rendered":"Especialistas pedem mudan\u00e7as na legisla\u00e7\u00e3o ap\u00f3s caso Lojas Americanas"},"content":{"rendered":"<p>Desencadeada pela descoberta de d\u00edvidas estimadas em R$ 43 bilh\u00f5es, a recupera\u00e7\u00e3o judicial das Lojas Americanas enfrenta a suspeita de ser o maior esc\u00e2ndalo da hist\u00f3ria do capitalismo brasileiro. O caso, segundo especialistas, aponta as limita\u00e7\u00f5es da legisla\u00e7\u00e3o atual, que pouco distingue crises comuns de empresas em dificuldades financeiras geradas por gest\u00f5es fraudulentas.<\/p>\n<p>Os principais gargalos, segundo advogados e juristas especializados em direito empresarial, dizem respeito a dificuldades em separar a responsabilidade de maus administradores e controladores da atua\u00e7\u00e3o dos funcion\u00e1rios. Eles tamb\u00e9m citam a falta de mecanismos eficientes para proteger acionistas minorit\u00e1rios e pequenos fornecedores.<\/p>\n<p>Mestre em direito empresarial e cidadania, o advogado Alcides Wilhelm, com atua\u00e7\u00e3o em reestrutura\u00e7\u00e3o de neg\u00f3cios, fus\u00f5es e aquisi\u00e7\u00f5es e direito tribut\u00e1rio, diz que o caso das Lojas Americanas se tornou uma exce\u00e7\u00e3o entre os processos de recupera\u00e7\u00e3o judicial.<\/p>\n<p>\u201cEm tese, a recupera\u00e7\u00e3o judicial \u00e9 um processo onde os credores s\u00e3o chamados a ajudar a empresa no reerguimento. O caso das Americanas acaba sendo sui generis, uma exce\u00e7\u00e3o. A gente ainda n\u00e3o pode afirmar 100%, mas tudo indica que a empresa entrou em dificuldade mediante fraudes, com demonstra\u00e7\u00f5es cont\u00e1beis que n\u00e3o espelhavam a realidade. Isso \u00e9 diferente de uma empresa em crise por causa da disparada do d\u00f3lar ou de decis\u00f5es erradas de neg\u00f3cios\u201d, diz Wilhelm.<\/p>\n<p>O advogado defende mudan\u00e7as na legisla\u00e7\u00e3o para que, em caso de fraude comprovada, os administradores ou controladores sejam responsabilizados como pessoas f\u00edsicas, com a empresa mantendo as atividades. \u201cPrecisar\u00edamos ter uma legisla\u00e7\u00e3o que punisse os maus empres\u00e1rios, em vez da empresa\u201d, destaca.<\/p>\n<p>\u201cNesses casos, o dono seria afastado da administra\u00e7\u00e3o, perderia o controle dela, o Judici\u00e1rio colocaria um administrador judicial para continuar as opera\u00e7\u00f5es e p\u00f4r a companhia \u00e0 venda. Ela cobre todos os preju\u00edzos que causou. Se sobrar dinheiro, o ex-propriet\u00e1rio recebe. Seria uma forma de punir os maus empres\u00e1rios com a perda do neg\u00f3cio\u201d, explica.<\/p>\n<p>Segundo Wilhelm, se essas mudan\u00e7as valessem, as empreiteiras investigadas pela Opera\u00e7\u00e3o Lava Jato teriam as atividades preservadas, com apenas os executivos sendo punidos e milhares de empregos sendo preservados. \u201cAs Lojas Americanas s\u00e3o uma empresa grande, com importante fun\u00e7\u00e3o social. A separa\u00e7\u00e3o entre as pessoas f\u00edsicas que cometeram irregularidades e a empresa seria o ideal para preservar as atividades\u201d, avalia.<\/p>\n<p><strong>Minorit\u00e1rios<\/strong><\/p>\n<p>Jurista que participou da elabora\u00e7\u00e3o da nova Lei de Fal\u00eancias e est\u00e1 envolvido no projeto do Novo Marco Legal do Empreendedorismo, o advogado Renato Scardoa considera necess\u00e1ria a reformula\u00e7\u00e3o da legisla\u00e7\u00e3o societ\u00e1ria. Segundo ele, as mudan\u00e7as devem conceder mais direitos a acionistas minorit\u00e1rios, afetados pela gest\u00e3o dos administradores e controladores.<\/p>\n<p>\u201cHoje, a gente n\u00e3o tem uma ferramenta mais c\u00e9lere e efetiva para que os acionistas minorit\u00e1rios possam processar administradores que ajam de maneira indevida. \u00c9 muito dif\u00edcil um acionista minorit\u00e1rio responsabilizar uma conduta indevida dos administradores. O ideal \u00e9 uma ferramenta que facilite uma a\u00e7\u00e3o coletiva dos acionistas minorit\u00e1rios contra os administradores. E, havendo uma participa\u00e7\u00e3o ou omiss\u00e3o indevida dos controladores, tamb\u00e9m contra os controladores\u201d, explica.<\/p>\n<p>Em rela\u00e7\u00e3o a fornecedores, Scardoa diz que a nova Lei de Fal\u00eancias suprimiu um artigo que dava prioridade a micro e pequenas empresas no recebimento de cr\u00e9ditos dentro da classe de credores composta por empresas. A nova lei acabou com a distin\u00e7\u00e3o, fazendo os fornecedores de menor porte receberem junto das grandes empresas. Segundo ele, o projeto do novo Marco do Empreendedorismo, destinado a criar uma legisla\u00e7\u00e3o especial para neg\u00f3cios de menor porte, buscar\u00e1 restabelecer a prefer\u00eancia.<\/p>\n<p><strong>Diverg\u00eancias<\/strong><\/p>\n<p>Apesar da necessidade de mudan\u00e7as na legisla\u00e7\u00e3o, os especialistas divergem sobre como ela se daria. Wilhelm defende a separa\u00e7\u00e3o entre a atua\u00e7\u00e3o de executivos, diretores e controladores do restante da empresa. \u201cNos meios doutrin\u00e1rios, come\u00e7ou-se a questionar se o instituto da recupera\u00e7\u00e3o \u00e9 para uma empresa que possa ter cometido um crime ou uma fraude em rela\u00e7\u00e3o a seus credores ou se a fal\u00eancia deveria ser buscada diretamente nesses casos, com a venda da companhia para terceiros\u201d, disse.<\/p>\n<p>Scardoa n\u00e3o concorda com uma reformula\u00e7\u00e3o da Lei de Fal\u00eancias. Para ele, o principal problema n\u00e3o est\u00e1 na legisla\u00e7\u00e3o atual, mas no fato de que as Lojas Americanas t\u00eam o controle pulverizado, nas m\u00e3os de muitos acionistas em vez de poucos donos. \u201cAs respostas nesse caso est\u00e3o na legisla\u00e7\u00e3o. Na verdade, o que poder\u00edamos encontrar seria talvez uma altera\u00e7\u00e3o na legisla\u00e7\u00e3o societ\u00e1ria, para que os acionistas minorit\u00e1rios processem os controladores e os administradores, e n\u00e3o necessariamente mexer na recupera\u00e7\u00e3o judicial\u201d, diz.<\/p>\n<p>&nbsp;<\/p>\n<p><span class=\"assinatura_exclusiva\">Ag\u00eancia Brasil<\/span><\/p>\n<div class='share-to-whatsapp-wrapper'><div class='share-on-whsp'>Share on: <\/div><a data-text='Especialistas pedem mudan\u00e7as na legisla\u00e7\u00e3o ap\u00f3s caso Lojas Americanas' data-link='https:\/\/newsinfoco.com.br\/inicio\/especialistas-pedem-mudancas-na-legislacao-apos-caso-lojas-americanas\/' class='whatsapp-button whatsapp-share'>WhatsApp<\/a><div class='clear '><\/div><\/div>","protected":false},"excerpt":{"rendered":"<p>Desencadeada pela descoberta de d\u00edvidas estimadas em R$ 43 bilh\u00f5es, a recupera\u00e7\u00e3o judicial das Lojas Americanas enfrenta a suspeita de ser o maior esc\u00e2ndalo da hist\u00f3ria do capitalismo brasileiro. O caso, segundo especialistas, aponta as limita\u00e7\u00f5es da legisla\u00e7\u00e3o atual, que pouco distingue crises comuns de empresas em dificuldades financeiras geradas por gest\u00f5es fraudulentas. Os principais [&hellip;]<\/p>\n","protected":false},"author":1,"featured_media":32695,"comment_status":"closed","ping_status":"closed","sticky":false,"template":"","format":"standard","meta":{"om_disable_all_campaigns":false,"rop_custom_images_group":[],"rop_custom_messages_group":[],"rop_publish_now":"initial","rop_publish_now_accounts":[],"rop_publish_now_history":[],"rop_publish_now_status":"pending","_exactmetrics_skip_tracking":false,"footnotes":""},"categories":[21],"tags":[],"class_list":["post-33075","post","type-post","status-publish","format-standard","has-post-thumbnail","hentry","category-brasil"],"aioseo_notices":[],"aioseo_head":"\n\t\t<!-- All in One SEO 4.9.10 - aioseo.com -->\n\t<meta name=\"description\" content=\"Desencadeada pela descoberta de d\u00edvidas estimadas em R$ 43 bilh\u00f5es, a recupera\u00e7\u00e3o judicial das Lojas Americanas enfrenta a suspeita de ser o maior esc\u00e2ndalo da hist\u00f3ria do capitalismo brasileiro. O caso, segundo especialistas, aponta as limita\u00e7\u00f5es da legisla\u00e7\u00e3o atual, que pouco distingue crises comuns de empresas em dificuldades financeiras geradas por gest\u00f5es fraudulentas. Os principais\" \/>\n\t<meta name=\"robots\" content=\"max-image-preview:large\" \/>\n\t<meta name=\"author\" content=\"administrador\"\/>\n\t<link rel=\"canonical\" href=\"https:\/\/newsinfoco.com.br\/inicio\/especialistas-pedem-mudancas-na-legislacao-apos-caso-lojas-americanas\/\" \/>\n\t<meta name=\"generator\" content=\"All in One SEO (AIOSEO) 4.9.10\" \/>\n\t\t<meta property=\"og:locale\" content=\"pt_BR\" \/>\n\t\t<meta property=\"og:site_name\" content=\"News In Foco - Editado por Caio Pimenta - O principal site de noticias de Alagoinhas e regi\u00e3o\" \/>\n\t\t<meta property=\"og:type\" content=\"article\" \/>\n\t\t<meta property=\"og:title\" content=\"Especialistas pedem mudan\u00e7as na legisla\u00e7\u00e3o ap\u00f3s caso Lojas Americanas - News In Foco - Editado por Caio Pimenta\" \/>\n\t\t<meta property=\"og:description\" content=\"Desencadeada pela descoberta de d\u00edvidas estimadas em R$ 43 bilh\u00f5es, a recupera\u00e7\u00e3o judicial das Lojas Americanas enfrenta a suspeita de ser o maior esc\u00e2ndalo da hist\u00f3ria do capitalismo brasileiro. O caso, segundo especialistas, aponta as limita\u00e7\u00f5es da legisla\u00e7\u00e3o atual, que pouco distingue crises comuns de empresas em dificuldades financeiras geradas por gest\u00f5es fraudulentas. Os principais\" \/>\n\t\t<meta property=\"og:url\" content=\"https:\/\/newsinfoco.com.br\/inicio\/especialistas-pedem-mudancas-na-legislacao-apos-caso-lojas-americanas\/\" \/>\n\t\t<meta property=\"article:published_time\" content=\"2023-02-21T13:31:14+00:00\" \/>\n\t\t<meta property=\"article:modified_time\" content=\"2023-02-21T13:31:14+00:00\" \/>\n\t\t<meta name=\"twitter:card\" content=\"summary_large_image\" \/>\n\t\t<meta name=\"twitter:title\" content=\"Especialistas pedem mudan\u00e7as na legisla\u00e7\u00e3o ap\u00f3s caso Lojas Americanas - News In Foco - Editado por Caio Pimenta\" \/>\n\t\t<meta name=\"twitter:description\" content=\"Desencadeada pela descoberta de d\u00edvidas estimadas em R$ 43 bilh\u00f5es, a recupera\u00e7\u00e3o judicial das Lojas Americanas enfrenta a suspeita de ser o maior esc\u00e2ndalo da hist\u00f3ria do capitalismo brasileiro. O caso, segundo especialistas, aponta as limita\u00e7\u00f5es da legisla\u00e7\u00e3o atual, que pouco distingue crises comuns de empresas em dificuldades financeiras geradas por gest\u00f5es fraudulentas. Os principais\" \/>\n\t\t<script type=\"application\/ld+json\" class=\"aioseo-schema\">\n\t\t\t{\"@context\":\"https:\\\/\\\/schema.org\",\"@graph\":[{\"@type\":\"BlogPosting\",\"@id\":\"https:\\\/\\\/newsinfoco.com.br\\\/inicio\\\/especialistas-pedem-mudancas-na-legislacao-apos-caso-lojas-americanas\\\/#blogposting\",\"name\":\"Especialistas pedem mudan\\u00e7as na legisla\\u00e7\\u00e3o ap\\u00f3s caso Lojas Americanas - News In Foco - Editado por Caio Pimenta\",\"headline\":\"Especialistas pedem mudan\\u00e7as na legisla\\u00e7\\u00e3o ap\\u00f3s caso Lojas Americanas\",\"author\":{\"@id\":\"https:\\\/\\\/newsinfoco.com.br\\\/inicio\\\/author\\\/administrador\\\/#author\"},\"publisher\":{\"@id\":\"https:\\\/\\\/newsinfoco.com.br\\\/inicio\\\/#organization\"},\"image\":{\"@type\":\"ImageObject\",\"url\":\"https:\\\/\\\/newsinfoco.com.br\\\/inicio\\\/wp-content\\\/uploads\\\/2023\\\/01\\\/lojas-americanas.webp\",\"width\":1080,\"height\":608},\"datePublished\":\"2023-02-21T10:31:14-03:00\",\"dateModified\":\"2023-02-21T10:31:14-03:00\",\"inLanguage\":\"pt-BR\",\"mainEntityOfPage\":{\"@id\":\"https:\\\/\\\/newsinfoco.com.br\\\/inicio\\\/especialistas-pedem-mudancas-na-legislacao-apos-caso-lojas-americanas\\\/#webpage\"},\"isPartOf\":{\"@id\":\"https:\\\/\\\/newsinfoco.com.br\\\/inicio\\\/especialistas-pedem-mudancas-na-legislacao-apos-caso-lojas-americanas\\\/#webpage\"},\"articleSection\":\"Brasil\"},{\"@type\":\"BreadcrumbList\",\"@id\":\"https:\\\/\\\/newsinfoco.com.br\\\/inicio\\\/especialistas-pedem-mudancas-na-legislacao-apos-caso-lojas-americanas\\\/#breadcrumblist\",\"itemListElement\":[{\"@type\":\"ListItem\",\"@id\":\"https:\\\/\\\/newsinfoco.com.br\\\/inicio#listItem\",\"position\":1,\"name\":\"In\\u00edcio\",\"item\":\"https:\\\/\\\/newsinfoco.com.br\\\/inicio\",\"nextItem\":{\"@type\":\"ListItem\",\"@id\":\"https:\\\/\\\/newsinfoco.com.br\\\/inicio\\\/category\\\/brasil\\\/#listItem\",\"name\":\"Brasil\"}},{\"@type\":\"ListItem\",\"@id\":\"https:\\\/\\\/newsinfoco.com.br\\\/inicio\\\/category\\\/brasil\\\/#listItem\",\"position\":2,\"name\":\"Brasil\",\"item\":\"https:\\\/\\\/newsinfoco.com.br\\\/inicio\\\/category\\\/brasil\\\/\",\"nextItem\":{\"@type\":\"ListItem\",\"@id\":\"https:\\\/\\\/newsinfoco.com.br\\\/inicio\\\/especialistas-pedem-mudancas-na-legislacao-apos-caso-lojas-americanas\\\/#listItem\",\"name\":\"Especialistas pedem mudan\\u00e7as na legisla\\u00e7\\u00e3o ap\\u00f3s caso Lojas Americanas\"},\"previousItem\":{\"@type\":\"ListItem\",\"@id\":\"https:\\\/\\\/newsinfoco.com.br\\\/inicio#listItem\",\"name\":\"In\\u00edcio\"}},{\"@type\":\"ListItem\",\"@id\":\"https:\\\/\\\/newsinfoco.com.br\\\/inicio\\\/especialistas-pedem-mudancas-na-legislacao-apos-caso-lojas-americanas\\\/#listItem\",\"position\":3,\"name\":\"Especialistas pedem mudan\\u00e7as na legisla\\u00e7\\u00e3o ap\\u00f3s caso Lojas Americanas\",\"previousItem\":{\"@type\":\"ListItem\",\"@id\":\"https:\\\/\\\/newsinfoco.com.br\\\/inicio\\\/category\\\/brasil\\\/#listItem\",\"name\":\"Brasil\"}}]},{\"@type\":\"Organization\",\"@id\":\"https:\\\/\\\/newsinfoco.com.br\\\/inicio\\\/#organization\",\"name\":\"News In Foco - Editado por Caio Pimenta\",\"description\":\"O principal site de noticias de Alagoinhas e regi\\u00e3o\",\"url\":\"https:\\\/\\\/newsinfoco.com.br\\\/inicio\\\/\"},{\"@type\":\"Person\",\"@id\":\"https:\\\/\\\/newsinfoco.com.br\\\/inicio\\\/author\\\/administrador\\\/#author\",\"url\":\"https:\\\/\\\/newsinfoco.com.br\\\/inicio\\\/author\\\/administrador\\\/\",\"name\":\"administrador\",\"image\":{\"@type\":\"ImageObject\",\"@id\":\"https:\\\/\\\/newsinfoco.com.br\\\/inicio\\\/especialistas-pedem-mudancas-na-legislacao-apos-caso-lojas-americanas\\\/#authorImage\",\"url\":\"https:\\\/\\\/secure.gravatar.com\\\/avatar\\\/c17a617433de8c1dc9584bb79aab7563b46f5bb7e1728c9b17d9cc3ce6a08e49?s=96&d=mm&r=g\",\"width\":96,\"height\":96,\"caption\":\"administrador\"}},{\"@type\":\"WebPage\",\"@id\":\"https:\\\/\\\/newsinfoco.com.br\\\/inicio\\\/especialistas-pedem-mudancas-na-legislacao-apos-caso-lojas-americanas\\\/#webpage\",\"url\":\"https:\\\/\\\/newsinfoco.com.br\\\/inicio\\\/especialistas-pedem-mudancas-na-legislacao-apos-caso-lojas-americanas\\\/\",\"name\":\"Especialistas pedem mudan\\u00e7as na legisla\\u00e7\\u00e3o ap\\u00f3s caso Lojas Americanas - News In Foco - Editado por Caio Pimenta\",\"description\":\"Desencadeada pela descoberta de d\\u00edvidas estimadas em R$ 43 bilh\\u00f5es, a recupera\\u00e7\\u00e3o judicial das Lojas Americanas enfrenta a suspeita de ser o maior esc\\u00e2ndalo da hist\\u00f3ria do capitalismo brasileiro. O caso, segundo especialistas, aponta as limita\\u00e7\\u00f5es da legisla\\u00e7\\u00e3o atual, que pouco distingue crises comuns de empresas em dificuldades financeiras geradas por gest\\u00f5es fraudulentas. Os principais\",\"inLanguage\":\"pt-BR\",\"isPartOf\":{\"@id\":\"https:\\\/\\\/newsinfoco.com.br\\\/inicio\\\/#website\"},\"breadcrumb\":{\"@id\":\"https:\\\/\\\/newsinfoco.com.br\\\/inicio\\\/especialistas-pedem-mudancas-na-legislacao-apos-caso-lojas-americanas\\\/#breadcrumblist\"},\"author\":{\"@id\":\"https:\\\/\\\/newsinfoco.com.br\\\/inicio\\\/author\\\/administrador\\\/#author\"},\"creator\":{\"@id\":\"https:\\\/\\\/newsinfoco.com.br\\\/inicio\\\/author\\\/administrador\\\/#author\"},\"image\":{\"@type\":\"ImageObject\",\"url\":\"https:\\\/\\\/newsinfoco.com.br\\\/inicio\\\/wp-content\\\/uploads\\\/2023\\\/01\\\/lojas-americanas.webp\",\"@id\":\"https:\\\/\\\/newsinfoco.com.br\\\/inicio\\\/especialistas-pedem-mudancas-na-legislacao-apos-caso-lojas-americanas\\\/#mainImage\",\"width\":1080,\"height\":608},\"primaryImageOfPage\":{\"@id\":\"https:\\\/\\\/newsinfoco.com.br\\\/inicio\\\/especialistas-pedem-mudancas-na-legislacao-apos-caso-lojas-americanas\\\/#mainImage\"},\"datePublished\":\"2023-02-21T10:31:14-03:00\",\"dateModified\":\"2023-02-21T10:31:14-03:00\"},{\"@type\":\"WebSite\",\"@id\":\"https:\\\/\\\/newsinfoco.com.br\\\/inicio\\\/#website\",\"url\":\"https:\\\/\\\/newsinfoco.com.br\\\/inicio\\\/\",\"name\":\"News In Foco - Editado por Caio Pimenta\",\"description\":\"O principal site de noticias de Alagoinhas e regi\\u00e3o\",\"inLanguage\":\"pt-BR\",\"publisher\":{\"@id\":\"https:\\\/\\\/newsinfoco.com.br\\\/inicio\\\/#organization\"}}]}\n\t\t<\/script>\n\t\t<!-- All in One SEO -->\n\n","aioseo_head_json":{"title":"Especialistas pedem mudan\u00e7as na legisla\u00e7\u00e3o ap\u00f3s caso Lojas Americanas - News In Foco - Editado por Caio Pimenta","description":"Desencadeada pela descoberta de d\u00edvidas estimadas em R$ 43 bilh\u00f5es, a recupera\u00e7\u00e3o judicial das Lojas Americanas enfrenta a suspeita de ser o maior esc\u00e2ndalo da hist\u00f3ria do capitalismo brasileiro. O caso, segundo especialistas, aponta as limita\u00e7\u00f5es da legisla\u00e7\u00e3o atual, que pouco distingue crises comuns de empresas em dificuldades financeiras geradas por gest\u00f5es fraudulentas. Os principais","canonical_url":"https:\/\/newsinfoco.com.br\/inicio\/especialistas-pedem-mudancas-na-legislacao-apos-caso-lojas-americanas\/","robots":"max-image-preview:large","keywords":"","webmasterTools":{"miscellaneous":""},"schema":{"@context":"https:\/\/schema.org","@graph":[{"@type":"BlogPosting","@id":"https:\/\/newsinfoco.com.br\/inicio\/especialistas-pedem-mudancas-na-legislacao-apos-caso-lojas-americanas\/#blogposting","name":"Especialistas pedem mudan\u00e7as na legisla\u00e7\u00e3o ap\u00f3s caso Lojas Americanas - News In Foco - Editado por Caio Pimenta","headline":"Especialistas pedem mudan\u00e7as na legisla\u00e7\u00e3o ap\u00f3s caso Lojas Americanas","author":{"@id":"https:\/\/newsinfoco.com.br\/inicio\/author\/administrador\/#author"},"publisher":{"@id":"https:\/\/newsinfoco.com.br\/inicio\/#organization"},"image":{"@type":"ImageObject","url":"https:\/\/newsinfoco.com.br\/inicio\/wp-content\/uploads\/2023\/01\/lojas-americanas.webp","width":1080,"height":608},"datePublished":"2023-02-21T10:31:14-03:00","dateModified":"2023-02-21T10:31:14-03:00","inLanguage":"pt-BR","mainEntityOfPage":{"@id":"https:\/\/newsinfoco.com.br\/inicio\/especialistas-pedem-mudancas-na-legislacao-apos-caso-lojas-americanas\/#webpage"},"isPartOf":{"@id":"https:\/\/newsinfoco.com.br\/inicio\/especialistas-pedem-mudancas-na-legislacao-apos-caso-lojas-americanas\/#webpage"},"articleSection":"Brasil"},{"@type":"BreadcrumbList","@id":"https:\/\/newsinfoco.com.br\/inicio\/especialistas-pedem-mudancas-na-legislacao-apos-caso-lojas-americanas\/#breadcrumblist","itemListElement":[{"@type":"ListItem","@id":"https:\/\/newsinfoco.com.br\/inicio#listItem","position":1,"name":"In\u00edcio","item":"https:\/\/newsinfoco.com.br\/inicio","nextItem":{"@type":"ListItem","@id":"https:\/\/newsinfoco.com.br\/inicio\/category\/brasil\/#listItem","name":"Brasil"}},{"@type":"ListItem","@id":"https:\/\/newsinfoco.com.br\/inicio\/category\/brasil\/#listItem","position":2,"name":"Brasil","item":"https:\/\/newsinfoco.com.br\/inicio\/category\/brasil\/","nextItem":{"@type":"ListItem","@id":"https:\/\/newsinfoco.com.br\/inicio\/especialistas-pedem-mudancas-na-legislacao-apos-caso-lojas-americanas\/#listItem","name":"Especialistas pedem mudan\u00e7as na legisla\u00e7\u00e3o ap\u00f3s caso Lojas Americanas"},"previousItem":{"@type":"ListItem","@id":"https:\/\/newsinfoco.com.br\/inicio#listItem","name":"In\u00edcio"}},{"@type":"ListItem","@id":"https:\/\/newsinfoco.com.br\/inicio\/especialistas-pedem-mudancas-na-legislacao-apos-caso-lojas-americanas\/#listItem","position":3,"name":"Especialistas pedem mudan\u00e7as na legisla\u00e7\u00e3o ap\u00f3s caso Lojas Americanas","previousItem":{"@type":"ListItem","@id":"https:\/\/newsinfoco.com.br\/inicio\/category\/brasil\/#listItem","name":"Brasil"}}]},{"@type":"Organization","@id":"https:\/\/newsinfoco.com.br\/inicio\/#organization","name":"News In Foco - Editado por Caio Pimenta","description":"O principal site de noticias de Alagoinhas e regi\u00e3o","url":"https:\/\/newsinfoco.com.br\/inicio\/"},{"@type":"Person","@id":"https:\/\/newsinfoco.com.br\/inicio\/author\/administrador\/#author","url":"https:\/\/newsinfoco.com.br\/inicio\/author\/administrador\/","name":"administrador","image":{"@type":"ImageObject","@id":"https:\/\/newsinfoco.com.br\/inicio\/especialistas-pedem-mudancas-na-legislacao-apos-caso-lojas-americanas\/#authorImage","url":"https:\/\/secure.gravatar.com\/avatar\/c17a617433de8c1dc9584bb79aab7563b46f5bb7e1728c9b17d9cc3ce6a08e49?s=96&d=mm&r=g","width":96,"height":96,"caption":"administrador"}},{"@type":"WebPage","@id":"https:\/\/newsinfoco.com.br\/inicio\/especialistas-pedem-mudancas-na-legislacao-apos-caso-lojas-americanas\/#webpage","url":"https:\/\/newsinfoco.com.br\/inicio\/especialistas-pedem-mudancas-na-legislacao-apos-caso-lojas-americanas\/","name":"Especialistas pedem mudan\u00e7as na legisla\u00e7\u00e3o ap\u00f3s caso Lojas Americanas - News In Foco - Editado por Caio Pimenta","description":"Desencadeada pela descoberta de d\u00edvidas estimadas em R$ 43 bilh\u00f5es, a recupera\u00e7\u00e3o judicial das Lojas Americanas enfrenta a suspeita de ser o maior esc\u00e2ndalo da hist\u00f3ria do capitalismo brasileiro. O caso, segundo especialistas, aponta as limita\u00e7\u00f5es da legisla\u00e7\u00e3o atual, que pouco distingue crises comuns de empresas em dificuldades financeiras geradas por gest\u00f5es fraudulentas. Os principais","inLanguage":"pt-BR","isPartOf":{"@id":"https:\/\/newsinfoco.com.br\/inicio\/#website"},"breadcrumb":{"@id":"https:\/\/newsinfoco.com.br\/inicio\/especialistas-pedem-mudancas-na-legislacao-apos-caso-lojas-americanas\/#breadcrumblist"},"author":{"@id":"https:\/\/newsinfoco.com.br\/inicio\/author\/administrador\/#author"},"creator":{"@id":"https:\/\/newsinfoco.com.br\/inicio\/author\/administrador\/#author"},"image":{"@type":"ImageObject","url":"https:\/\/newsinfoco.com.br\/inicio\/wp-content\/uploads\/2023\/01\/lojas-americanas.webp","@id":"https:\/\/newsinfoco.com.br\/inicio\/especialistas-pedem-mudancas-na-legislacao-apos-caso-lojas-americanas\/#mainImage","width":1080,"height":608},"primaryImageOfPage":{"@id":"https:\/\/newsinfoco.com.br\/inicio\/especialistas-pedem-mudancas-na-legislacao-apos-caso-lojas-americanas\/#mainImage"},"datePublished":"2023-02-21T10:31:14-03:00","dateModified":"2023-02-21T10:31:14-03:00"},{"@type":"WebSite","@id":"https:\/\/newsinfoco.com.br\/inicio\/#website","url":"https:\/\/newsinfoco.com.br\/inicio\/","name":"News In Foco - Editado por Caio Pimenta","description":"O principal site de noticias de Alagoinhas e regi\u00e3o","inLanguage":"pt-BR","publisher":{"@id":"https:\/\/newsinfoco.com.br\/inicio\/#organization"}}]},"og:locale":"pt_BR","og:site_name":"News In Foco - Editado por Caio Pimenta - O principal site de noticias de Alagoinhas e regi\u00e3o","og:type":"article","og:title":"Especialistas pedem mudan\u00e7as na legisla\u00e7\u00e3o ap\u00f3s caso Lojas Americanas - News In Foco - Editado por Caio Pimenta","og:description":"Desencadeada pela descoberta de d\u00edvidas estimadas em R$ 43 bilh\u00f5es, a recupera\u00e7\u00e3o judicial das Lojas Americanas enfrenta a suspeita de ser o maior esc\u00e2ndalo da hist\u00f3ria do capitalismo brasileiro. O caso, segundo especialistas, aponta as limita\u00e7\u00f5es da legisla\u00e7\u00e3o atual, que pouco distingue crises comuns de empresas em dificuldades financeiras geradas por gest\u00f5es fraudulentas. Os principais","og:url":"https:\/\/newsinfoco.com.br\/inicio\/especialistas-pedem-mudancas-na-legislacao-apos-caso-lojas-americanas\/","article:published_time":"2023-02-21T13:31:14+00:00","article:modified_time":"2023-02-21T13:31:14+00:00","twitter:card":"summary_large_image","twitter:title":"Especialistas pedem mudan\u00e7as na legisla\u00e7\u00e3o ap\u00f3s caso Lojas Americanas - News In Foco - Editado por Caio Pimenta","twitter:description":"Desencadeada pela descoberta de d\u00edvidas estimadas em R$ 43 bilh\u00f5es, a recupera\u00e7\u00e3o judicial das Lojas Americanas enfrenta a suspeita de ser o maior esc\u00e2ndalo da hist\u00f3ria do capitalismo brasileiro. O caso, segundo especialistas, aponta as limita\u00e7\u00f5es da legisla\u00e7\u00e3o atual, que pouco distingue crises comuns de empresas em dificuldades financeiras geradas por gest\u00f5es fraudulentas. Os principais"},"aioseo_meta_data":{"post_id":"33075","title":null,"description":null,"keywords":null,"keyphrases":null,"primary_term":null,"canonical_url":null,"og_title":null,"og_description":null,"og_object_type":"default","og_image_type":"default","og_image_url":null,"og_image_width":null,"og_image_height":null,"og_image_custom_url":null,"og_image_custom_fields":null,"og_video":null,"og_custom_url":null,"og_article_section":null,"og_article_tags":null,"twitter_use_og":false,"twitter_card":"default","twitter_image_type":"default","twitter_image_url":null,"twitter_image_custom_url":null,"twitter_image_custom_fields":null,"twitter_title":null,"twitter_description":null,"schema":{"blockGraphs":[],"customGraphs":[],"default":{"data":{"Article":[],"Course":[],"Dataset":[],"FAQPage":[],"Movie":[],"Person":[],"Product":[],"ProductReview":[],"Car":[],"Recipe":[],"Service":[],"SoftwareApplication":[],"WebPage":[]},"graphName":"","isEnabled":true},"graphs":[]},"schema_type":"default","schema_type_options":null,"pillar_content":false,"robots_default":true,"robots_noindex":false,"robots_noarchive":false,"robots_nosnippet":false,"robots_nofollow":false,"robots_noimageindex":false,"robots_noodp":false,"robots_notranslate":false,"robots_max_snippet":null,"robots_max_videopreview":null,"robots_max_imagepreview":"large","priority":null,"frequency":null,"local_seo":null,"breadcrumb_settings":null,"limit_modified_date":false,"ai":null,"created":"2023-06-12 22:54:54","updated":"2025-07-11 09:11:46","seo_analyzer_scan_date":null},"aioseo_breadcrumb":"<div class=\"aioseo-breadcrumbs\"><span class=\"aioseo-breadcrumb\">\n\t\t\t<a href=\"https:\/\/newsinfoco.com.br\/inicio\" title=\"In\u00edcio\">In\u00edcio<\/a>\n\t\t<\/span><span class=\"aioseo-breadcrumb-separator\">&raquo;<\/span><span class=\"aioseo-breadcrumb\">\n\t\t\t<a href=\"https:\/\/newsinfoco.com.br\/inicio\/category\/brasil\/\" title=\"Brasil\">Brasil<\/a>\n\t\t<\/span><span class=\"aioseo-breadcrumb-separator\">&raquo;<\/span><span class=\"aioseo-breadcrumb\">\n\t\t\tEspecialistas pedem mudan\u00e7as na legisla\u00e7\u00e3o ap\u00f3s caso Lojas Americanas\n\t\t<\/span><\/div>","aioseo_breadcrumb_json":[{"label":"In\u00edcio","link":"https:\/\/newsinfoco.com.br\/inicio"},{"label":"Brasil","link":"https:\/\/newsinfoco.com.br\/inicio\/category\/brasil\/"},{"label":"Especialistas pedem mudan\u00e7as na legisla\u00e7\u00e3o ap\u00f3s caso Lojas Americanas","link":"https:\/\/newsinfoco.com.br\/inicio\/especialistas-pedem-mudancas-na-legislacao-apos-caso-lojas-americanas\/"}],"_links":{"self":[{"href":"https:\/\/newsinfoco.com.br\/inicio\/wp-json\/wp\/v2\/posts\/33075","targetHints":{"allow":["GET"]}}],"collection":[{"href":"https:\/\/newsinfoco.com.br\/inicio\/wp-json\/wp\/v2\/posts"}],"about":[{"href":"https:\/\/newsinfoco.com.br\/inicio\/wp-json\/wp\/v2\/types\/post"}],"author":[{"embeddable":true,"href":"https:\/\/newsinfoco.com.br\/inicio\/wp-json\/wp\/v2\/users\/1"}],"replies":[{"embeddable":true,"href":"https:\/\/newsinfoco.com.br\/inicio\/wp-json\/wp\/v2\/comments?post=33075"}],"version-history":[{"count":1,"href":"https:\/\/newsinfoco.com.br\/inicio\/wp-json\/wp\/v2\/posts\/33075\/revisions"}],"predecessor-version":[{"id":33076,"href":"https:\/\/newsinfoco.com.br\/inicio\/wp-json\/wp\/v2\/posts\/33075\/revisions\/33076"}],"wp:featuredmedia":[{"embeddable":true,"href":"https:\/\/newsinfoco.com.br\/inicio\/wp-json\/wp\/v2\/media\/32695"}],"wp:attachment":[{"href":"https:\/\/newsinfoco.com.br\/inicio\/wp-json\/wp\/v2\/media?parent=33075"}],"wp:term":[{"taxonomy":"category","embeddable":true,"href":"https:\/\/newsinfoco.com.br\/inicio\/wp-json\/wp\/v2\/categories?post=33075"},{"taxonomy":"post_tag","embeddable":true,"href":"https:\/\/newsinfoco.com.br\/inicio\/wp-json\/wp\/v2\/tags?post=33075"}],"curies":[{"name":"wp","href":"https:\/\/api.w.org\/{rel}","templated":true}]}}