{"id":3308,"date":"2018-05-02T21:02:54","date_gmt":"2018-05-03T00:02:54","guid":{"rendered":"http:\/\/newsinfoco.com.br\/?p=3308"},"modified":"2018-05-02T21:02:54","modified_gmt":"2018-05-03T00:02:54","slug":"prefeitura-de-alagoinhas-promove-1a-semana-de-atencao-a-saude-do-trabalhador","status":"publish","type":"post","link":"https:\/\/newsinfoco.com.br\/inicio\/prefeitura-de-alagoinhas-promove-1a-semana-de-atencao-a-saude-do-trabalhador\/","title":{"rendered":"Prefeitura de Alagoinhas promove 1\u00aa Semana de Aten\u00e7\u00e3o \u00e0 Sa\u00fade do Trabalhador"},"content":{"rendered":"<p style=\"text-align: justify;\"><span style=\"color: #000000;\">A Prefeitura de Alagoinhas, atrav\u00e9s da Secretaria Municipal de Sa\u00fade (SESAU), promove a 1\u00aa Semana de Aten\u00e7\u00e3o \u00e0 Sa\u00fade do Trabalhador, que se iniciou com a\u00e7\u00f5es nesta quarta-feira (2), logo ap\u00f3s o feriado do Dia do Trabalhador, 1 de maio.<\/span><\/p>\n<p style=\"text-align: justify;\"><span style=\"color: #000000;\">A iniciativa, que segue tamb\u00e9m durante os dias 3 e 4 de maio, conta com apoio do Centro de Refer\u00eancia Regional em Sa\u00fade do Trabalhador (CEREST) e prev\u00ea a realiza\u00e7\u00e3o de palestras, debates e din\u00e2micas voltadas a servidores municipais, sindicatos, empres\u00e1rios, estudantes e trabalhadores em geral.<\/span><\/p><div class=\"newsi-conteudo_19\" id=\"newsi-1409459641\"><a href=\"https:\/\/www.instagram.com\/prefeituraalagoinhas?igsh=YzgzdDJ1bWR3aWI4\" aria-label=\"SAVE_20251006_221555\"><img loading=\"lazy\" decoding=\"async\" src=\"https:\/\/newsinfoco.com.br\/inicio\/wp-content\/uploads\/2025\/10\/SAVE_20251006_221555-rotated.jpg\" alt=\"\"  srcset=\"https:\/\/newsinfoco.com.br\/inicio\/wp-content\/uploads\/2025\/10\/SAVE_20251006_221555-rotated.jpg 1140w, https:\/\/newsinfoco.com.br\/inicio\/wp-content\/uploads\/2025\/10\/SAVE_20251006_221555-300x52.jpg 300w, https:\/\/newsinfoco.com.br\/inicio\/wp-content\/uploads\/2025\/10\/SAVE_20251006_221555-1024x177.jpg 1024w, https:\/\/newsinfoco.com.br\/inicio\/wp-content\/uploads\/2025\/10\/SAVE_20251006_221555-768x133.jpg 768w, https:\/\/newsinfoco.com.br\/inicio\/wp-content\/uploads\/2025\/10\/SAVE_20251006_221555-600x104.jpg 600w, https:\/\/newsinfoco.com.br\/inicio\/wp-content\/uploads\/2025\/10\/SAVE_20251006_221555-696x120.jpg 696w, https:\/\/newsinfoco.com.br\/inicio\/wp-content\/uploads\/2025\/10\/SAVE_20251006_221555-1068x185.jpg 1068w\" sizes=\"(max-width: 1140px) 100vw, 1140px\" width=\"1140\" height=\"197\"   \/><\/a><\/div>\n<p style=\"text-align: justify;\"><span style=\"color: #000000;\">Al\u00e9m das atividades programadas, ser\u00e1 realizada uma mesa de abertura na C\u00e2mara de Vereadores, a partir das 8h, com presen\u00e7a do Secret\u00e1rio de Sa\u00fade, Moacir Lira, da diretoria de Vigil\u00e2ncia, da coordena\u00e7\u00e3o do CEREST e do N\u00facleo Regional de Sa\u00fade, al\u00e9m de representantes da C\u00e2mara e do Sindicato.<\/span><\/p>\n<p style=\"text-align: justify;\"><span style=\"color: #000000;\">A SESAU informou que as discuss\u00f5es promovidas devem abarcar temas como o nexo entre doen\u00e7a e trabalho, a readapta\u00e7\u00e3o funcional e o estresse. Como encerramento, no dia 4 de maio, a equipe far\u00e1 uma panfletagem no centro da cidade alertando sobre os cuidados e a aten\u00e7\u00e3o \u00e0 sa\u00fade do trabalhador.<\/span><\/p>\n<p>&nbsp;<\/p>\n<h6 align=\"right\"><span style=\"color: #999999;\">fonte:SECOM,CEREST,SESAU,Prefeitura\u00a0<\/span><\/h6>\n<div class='share-to-whatsapp-wrapper'><div class='share-on-whsp'>Share on: <\/div><a data-text='Prefeitura de Alagoinhas promove 1\u00aa Semana de Aten\u00e7\u00e3o \u00e0 Sa\u00fade do Trabalhador' data-link='https:\/\/newsinfoco.com.br\/inicio\/prefeitura-de-alagoinhas-promove-1a-semana-de-atencao-a-saude-do-trabalhador\/' class='whatsapp-button whatsapp-share'>WhatsApp<\/a><div class='clear '><\/div><\/div>","protected":false},"excerpt":{"rendered":"<p>A Prefeitura de Alagoinhas, atrav\u00e9s da Secretaria Municipal de Sa\u00fade (SESAU), promove a 1\u00aa Semana de Aten\u00e7\u00e3o \u00e0 Sa\u00fade do Trabalhador, que se iniciou com a\u00e7\u00f5es nesta quarta-feira (2), logo ap\u00f3s o feriado do Dia do Trabalhador, 1 de maio. A iniciativa, que segue tamb\u00e9m durante os dias 3 e 4 de maio, conta com [&hellip;]<\/p>\n","protected":false},"author":1,"featured_media":166,"comment_status":"open","ping_status":"open","sticky":false,"template":"","format":"standard","meta":{"om_disable_all_campaigns":false,"_exactmetrics_skip_tracking":false,"_exactmetrics_sitenote_active":false,"_exactmetrics_sitenote_note":"","_exactmetrics_sitenote_category":0,"footnotes":""},"categories":[38,30],"tags":[53,93,54,58],"class_list":["post-3308","post","type-post","status-publish","format-standard","has-post-thumbnail","hentry","category-alagoinhas-e-regiao","category-destaque","tag-alagoinhas","tag-cerest","tag-prefeitura","tag-sesau"],"aioseo_notices":[],"_links":{"self":[{"href":"https:\/\/newsinfoco.com.br\/inicio\/wp-json\/wp\/v2\/posts\/3308","targetHints":{"allow":["GET"]}}],"collection":[{"href":"https:\/\/newsinfoco.com.br\/inicio\/wp-json\/wp\/v2\/posts"}],"about":[{"href":"https:\/\/newsinfoco.com.br\/inicio\/wp-json\/wp\/v2\/types\/post"}],"author":[{"embeddable":true,"href":"https:\/\/newsinfoco.com.br\/inicio\/wp-json\/wp\/v2\/users\/1"}],"replies":[{"embeddable":true,"href":"https:\/\/newsinfoco.com.br\/inicio\/wp-json\/wp\/v2\/comments?post=3308"}],"version-history":[{"count":0,"href":"https:\/\/newsinfoco.com.br\/inicio\/wp-json\/wp\/v2\/posts\/3308\/revisions"}],"wp:featuredmedia":[{"embeddable":true,"href":"https:\/\/newsinfoco.com.br\/inicio\/wp-json\/wp\/v2\/media\/166"}],"wp:attachment":[{"href":"https:\/\/newsinfoco.com.br\/inicio\/wp-json\/wp\/v2\/media?parent=3308"}],"wp:term":[{"taxonomy":"category","embeddable":true,"href":"https:\/\/newsinfoco.com.br\/inicio\/wp-json\/wp\/v2\/categories?post=3308"},{"taxonomy":"post_tag","embeddable":true,"href":"https:\/\/newsinfoco.com.br\/inicio\/wp-json\/wp\/v2\/tags?post=3308"}],"curies":[{"name":"wp","href":"https:\/\/api.w.org\/{rel}","templated":true}]}}