{"id":33125,"date":"2023-02-22T10:51:52","date_gmt":"2023-02-22T13:51:52","guid":{"rendered":"https:\/\/newsinfoco.com.br\/inicio\/?p=33125"},"modified":"2023-02-22T10:51:52","modified_gmt":"2023-02-22T13:51:52","slug":"google-ve-censura-previa-em-decisao-de-moraes","status":"publish","type":"post","link":"https:\/\/newsinfoco.com.br\/inicio\/google-ve-censura-previa-em-decisao-de-moraes\/","title":{"rendered":"Google v\u00ea censura pr\u00e9via em decis\u00e3o de Moraes"},"content":{"rendered":"<p>Na semana passada, o Google entrou com um recurso contra a decis\u00e3o do ministro Alexandre de Moraes, do Supremo Tribunal Federal (STF), de derrubar o canal do Partido da Causa Oper\u00e1ria (PCO) no YouTube.<\/p>\n<p>Segundo a\u00a0<em>big tech<\/em>, a derrubada do canal, sem a indica\u00e7\u00e3o de conte\u00fados il\u00edcitos, al\u00e9m do impedimento de novas publica\u00e7\u00f5es, configura \u201ccensura pr\u00e9via\u201d.<\/p>\n<p>Em junho de 2022, Moraes mandou bloquear as contas do PCO no YouTube e nas redes sociais, depois da revista Oeste revelar postagens do partido de extrema esquerda pedindo a dissolu\u00e7\u00e3o do STF e ofendendo ministros da Corte.<\/p>\n<p>Depois de um primeiro recurso do Google, o entendimento de Moraes foi mantido em novembro, em julgamento colegiado no plen\u00e1rio do STF, por nove votos a dois \u2014 os \u00fanicos a discordarem foram Nunes Marques e Andr\u00e9 Mendon\u00e7a. Apesar da cr\u00edtica ao entendimento, a empresa cumpriu a decis\u00e3o.<\/p>\n<p>Para o Google, o voto de Moraes n\u00e3o apresentou fundamentos suficientes para a manuten\u00e7\u00e3o de sua decis\u00e3o anterior. Os advogados da\u00a0<em>big tech\u00a0<\/em>argumentaram que a negativa ao recurso foi baseada em \u201cuma \u00fanica afirmativa generalizada\u201d de que a empresa n\u00e3o teria apresentado argumentos convincentes.<\/p>\n<div class=\"entry-content tbl-forkorts-article\">\n<p>\u201c\u00c9 certo que conte\u00fados tidos como il\u00edcitos podem ser individualmente identificados e removidos, bem como seus respons\u00e1veis responsabilizados; essa premissa, no entanto, n\u00e3o autoriza a possibilidade de bloqueio de todo o canal\u201d, sustentou o Google, ao mencionar que a decis\u00e3o do STF teve omiss\u00f5es, por n\u00e3o justificar o alcance da ordem de remo\u00e7\u00e3o, por tempo indeterminado, do canal do PCO, e n\u00e3o mostrou quais conte\u00fados especificamente eram ilegais.<\/p>\n<\/div>\n<p>&nbsp;<\/p>\n<p>Revista Oeste<\/p>\n<div class='share-to-whatsapp-wrapper'><div class='share-on-whsp'>Share on: <\/div><a data-text='Google v\u00ea censura pr\u00e9via em decis\u00e3o de Moraes' data-link='https:\/\/newsinfoco.com.br\/inicio\/google-ve-censura-previa-em-decisao-de-moraes\/' class='whatsapp-button whatsapp-share'>WhatsApp<\/a><div class='clear '><\/div><\/div>","protected":false},"excerpt":{"rendered":"<p>Na semana passada, o Google entrou com um recurso contra a decis\u00e3o do ministro Alexandre de Moraes, do Supremo Tribunal Federal (STF), de derrubar o canal do Partido da Causa Oper\u00e1ria (PCO) no YouTube. Segundo a\u00a0big tech, a derrubada do canal, sem a indica\u00e7\u00e3o de conte\u00fados il\u00edcitos, al\u00e9m do impedimento de novas publica\u00e7\u00f5es, configura \u201ccensura [&hellip;]<\/p>\n","protected":false},"author":1,"featured_media":31740,"comment_status":"closed","ping_status":"closed","sticky":false,"template":"","format":"standard","meta":{"om_disable_all_campaigns":false,"rop_custom_images_group":[],"rop_custom_messages_group":[],"rop_publish_now":"initial","rop_publish_now_accounts":[],"rop_publish_now_history":[],"rop_publish_now_status":"pending","_exactmetrics_skip_tracking":false,"footnotes":""},"categories":[40],"tags":[],"class_list":["post-33125","post","type-post","status-publish","format-standard","has-post-thumbnail","hentry","category-politica"],"aioseo_notices":[],"aioseo_head":"\n\t\t<!-- All in One SEO 4.9.10 - aioseo.com -->\n\t<meta name=\"description\" content=\"Na semana passada, o Google entrou com um recurso contra a decis\u00e3o do ministro Alexandre de Moraes, do Supremo Tribunal Federal (STF), de derrubar o canal do Partido da Causa Oper\u00e1ria (PCO) no YouTube. Segundo a big tech, a derrubada do canal, sem a indica\u00e7\u00e3o de conte\u00fados il\u00edcitos, al\u00e9m do impedimento de novas publica\u00e7\u00f5es, configura \u201ccensura\" \/>\n\t<meta name=\"robots\" content=\"max-image-preview:large\" \/>\n\t<meta name=\"author\" content=\"administrador\"\/>\n\t<link rel=\"canonical\" href=\"https:\/\/newsinfoco.com.br\/inicio\/google-ve-censura-previa-em-decisao-de-moraes\/\" \/>\n\t<meta name=\"generator\" content=\"All in One SEO (AIOSEO) 4.9.10\" \/>\n\t\t<meta property=\"og:locale\" content=\"pt_BR\" \/>\n\t\t<meta property=\"og:site_name\" content=\"News In Foco - Editado por Caio Pimenta - O principal site de noticias de Alagoinhas e regi\u00e3o\" \/>\n\t\t<meta property=\"og:type\" content=\"article\" \/>\n\t\t<meta property=\"og:title\" content=\"Google v\u00ea censura pr\u00e9via em decis\u00e3o de Moraes - News In Foco - Editado por Caio Pimenta\" \/>\n\t\t<meta property=\"og:description\" content=\"Na semana passada, o Google entrou com um recurso contra a decis\u00e3o do ministro Alexandre de Moraes, do Supremo Tribunal Federal (STF), de derrubar o canal do Partido da Causa Oper\u00e1ria (PCO) no YouTube. Segundo a big tech, a derrubada do canal, sem a indica\u00e7\u00e3o de conte\u00fados il\u00edcitos, al\u00e9m do impedimento de novas publica\u00e7\u00f5es, configura \u201ccensura\" \/>\n\t\t<meta property=\"og:url\" content=\"https:\/\/newsinfoco.com.br\/inicio\/google-ve-censura-previa-em-decisao-de-moraes\/\" \/>\n\t\t<meta property=\"article:published_time\" content=\"2023-02-22T13:51:52+00:00\" \/>\n\t\t<meta property=\"article:modified_time\" content=\"2023-02-22T13:51:52+00:00\" \/>\n\t\t<meta name=\"twitter:card\" content=\"summary_large_image\" \/>\n\t\t<meta name=\"twitter:title\" content=\"Google v\u00ea censura pr\u00e9via em decis\u00e3o de Moraes - News In Foco - Editado por Caio Pimenta\" \/>\n\t\t<meta name=\"twitter:description\" content=\"Na semana passada, o Google entrou com um recurso contra a decis\u00e3o do ministro Alexandre de Moraes, do Supremo Tribunal Federal (STF), de derrubar o canal do Partido da Causa Oper\u00e1ria (PCO) no YouTube. Segundo a big tech, a derrubada do canal, sem a indica\u00e7\u00e3o de conte\u00fados il\u00edcitos, al\u00e9m do impedimento de novas publica\u00e7\u00f5es, configura \u201ccensura\" \/>\n\t\t<script type=\"application\/ld+json\" class=\"aioseo-schema\">\n\t\t\t{\"@context\":\"https:\\\/\\\/schema.org\",\"@graph\":[{\"@type\":\"BlogPosting\",\"@id\":\"https:\\\/\\\/newsinfoco.com.br\\\/inicio\\\/google-ve-censura-previa-em-decisao-de-moraes\\\/#blogposting\",\"name\":\"Google v\\u00ea censura pr\\u00e9via em decis\\u00e3o de Moraes - News In Foco - Editado por Caio Pimenta\",\"headline\":\"Google v\\u00ea censura pr\\u00e9via em decis\\u00e3o de Moraes\",\"author\":{\"@id\":\"https:\\\/\\\/newsinfoco.com.br\\\/inicio\\\/author\\\/administrador\\\/#author\"},\"publisher\":{\"@id\":\"https:\\\/\\\/newsinfoco.com.br\\\/inicio\\\/#organization\"},\"image\":{\"@type\":\"ImageObject\",\"url\":\"https:\\\/\\\/newsinfoco.com.br\\\/inicio\\\/wp-content\\\/uploads\\\/2022\\\/10\\\/alexandre-de-moraes-foto-Nelson-Jr-SCO-STF-960x640-1.webp\",\"width\":960,\"height\":640},\"datePublished\":\"2023-02-22T10:51:52-03:00\",\"dateModified\":\"2023-02-22T10:51:52-03:00\",\"inLanguage\":\"pt-BR\",\"mainEntityOfPage\":{\"@id\":\"https:\\\/\\\/newsinfoco.com.br\\\/inicio\\\/google-ve-censura-previa-em-decisao-de-moraes\\\/#webpage\"},\"isPartOf\":{\"@id\":\"https:\\\/\\\/newsinfoco.com.br\\\/inicio\\\/google-ve-censura-previa-em-decisao-de-moraes\\\/#webpage\"},\"articleSection\":\"Pol\\u00edtica\"},{\"@type\":\"BreadcrumbList\",\"@id\":\"https:\\\/\\\/newsinfoco.com.br\\\/inicio\\\/google-ve-censura-previa-em-decisao-de-moraes\\\/#breadcrumblist\",\"itemListElement\":[{\"@type\":\"ListItem\",\"@id\":\"https:\\\/\\\/newsinfoco.com.br\\\/inicio#listItem\",\"position\":1,\"name\":\"In\\u00edcio\",\"item\":\"https:\\\/\\\/newsinfoco.com.br\\\/inicio\",\"nextItem\":{\"@type\":\"ListItem\",\"@id\":\"https:\\\/\\\/newsinfoco.com.br\\\/inicio\\\/category\\\/politica\\\/#listItem\",\"name\":\"Pol\\u00edtica\"}},{\"@type\":\"ListItem\",\"@id\":\"https:\\\/\\\/newsinfoco.com.br\\\/inicio\\\/category\\\/politica\\\/#listItem\",\"position\":2,\"name\":\"Pol\\u00edtica\",\"item\":\"https:\\\/\\\/newsinfoco.com.br\\\/inicio\\\/category\\\/politica\\\/\",\"nextItem\":{\"@type\":\"ListItem\",\"@id\":\"https:\\\/\\\/newsinfoco.com.br\\\/inicio\\\/google-ve-censura-previa-em-decisao-de-moraes\\\/#listItem\",\"name\":\"Google v\\u00ea censura pr\\u00e9via em decis\\u00e3o de Moraes\"},\"previousItem\":{\"@type\":\"ListItem\",\"@id\":\"https:\\\/\\\/newsinfoco.com.br\\\/inicio#listItem\",\"name\":\"In\\u00edcio\"}},{\"@type\":\"ListItem\",\"@id\":\"https:\\\/\\\/newsinfoco.com.br\\\/inicio\\\/google-ve-censura-previa-em-decisao-de-moraes\\\/#listItem\",\"position\":3,\"name\":\"Google v\\u00ea censura pr\\u00e9via em decis\\u00e3o de Moraes\",\"previousItem\":{\"@type\":\"ListItem\",\"@id\":\"https:\\\/\\\/newsinfoco.com.br\\\/inicio\\\/category\\\/politica\\\/#listItem\",\"name\":\"Pol\\u00edtica\"}}]},{\"@type\":\"Organization\",\"@id\":\"https:\\\/\\\/newsinfoco.com.br\\\/inicio\\\/#organization\",\"name\":\"News In Foco - Editado por Caio Pimenta\",\"description\":\"O principal site de noticias de Alagoinhas e regi\\u00e3o\",\"url\":\"https:\\\/\\\/newsinfoco.com.br\\\/inicio\\\/\"},{\"@type\":\"Person\",\"@id\":\"https:\\\/\\\/newsinfoco.com.br\\\/inicio\\\/author\\\/administrador\\\/#author\",\"url\":\"https:\\\/\\\/newsinfoco.com.br\\\/inicio\\\/author\\\/administrador\\\/\",\"name\":\"administrador\",\"image\":{\"@type\":\"ImageObject\",\"@id\":\"https:\\\/\\\/newsinfoco.com.br\\\/inicio\\\/google-ve-censura-previa-em-decisao-de-moraes\\\/#authorImage\",\"url\":\"https:\\\/\\\/secure.gravatar.com\\\/avatar\\\/c17a617433de8c1dc9584bb79aab7563b46f5bb7e1728c9b17d9cc3ce6a08e49?s=96&d=mm&r=g\",\"width\":96,\"height\":96,\"caption\":\"administrador\"}},{\"@type\":\"WebPage\",\"@id\":\"https:\\\/\\\/newsinfoco.com.br\\\/inicio\\\/google-ve-censura-previa-em-decisao-de-moraes\\\/#webpage\",\"url\":\"https:\\\/\\\/newsinfoco.com.br\\\/inicio\\\/google-ve-censura-previa-em-decisao-de-moraes\\\/\",\"name\":\"Google v\\u00ea censura pr\\u00e9via em decis\\u00e3o de Moraes - News In Foco - Editado por Caio Pimenta\",\"description\":\"Na semana passada, o Google entrou com um recurso contra a decis\\u00e3o do ministro Alexandre de Moraes, do Supremo Tribunal Federal (STF), de derrubar o canal do Partido da Causa Oper\\u00e1ria (PCO) no YouTube. Segundo a big tech, a derrubada do canal, sem a indica\\u00e7\\u00e3o de conte\\u00fados il\\u00edcitos, al\\u00e9m do impedimento de novas publica\\u00e7\\u00f5es, configura \\u201ccensura\",\"inLanguage\":\"pt-BR\",\"isPartOf\":{\"@id\":\"https:\\\/\\\/newsinfoco.com.br\\\/inicio\\\/#website\"},\"breadcrumb\":{\"@id\":\"https:\\\/\\\/newsinfoco.com.br\\\/inicio\\\/google-ve-censura-previa-em-decisao-de-moraes\\\/#breadcrumblist\"},\"author\":{\"@id\":\"https:\\\/\\\/newsinfoco.com.br\\\/inicio\\\/author\\\/administrador\\\/#author\"},\"creator\":{\"@id\":\"https:\\\/\\\/newsinfoco.com.br\\\/inicio\\\/author\\\/administrador\\\/#author\"},\"image\":{\"@type\":\"ImageObject\",\"url\":\"https:\\\/\\\/newsinfoco.com.br\\\/inicio\\\/wp-content\\\/uploads\\\/2022\\\/10\\\/alexandre-de-moraes-foto-Nelson-Jr-SCO-STF-960x640-1.webp\",\"@id\":\"https:\\\/\\\/newsinfoco.com.br\\\/inicio\\\/google-ve-censura-previa-em-decisao-de-moraes\\\/#mainImage\",\"width\":960,\"height\":640},\"primaryImageOfPage\":{\"@id\":\"https:\\\/\\\/newsinfoco.com.br\\\/inicio\\\/google-ve-censura-previa-em-decisao-de-moraes\\\/#mainImage\"},\"datePublished\":\"2023-02-22T10:51:52-03:00\",\"dateModified\":\"2023-02-22T10:51:52-03:00\"},{\"@type\":\"WebSite\",\"@id\":\"https:\\\/\\\/newsinfoco.com.br\\\/inicio\\\/#website\",\"url\":\"https:\\\/\\\/newsinfoco.com.br\\\/inicio\\\/\",\"name\":\"News In Foco - Editado por Caio Pimenta\",\"description\":\"O principal site de noticias de Alagoinhas e regi\\u00e3o\",\"inLanguage\":\"pt-BR\",\"publisher\":{\"@id\":\"https:\\\/\\\/newsinfoco.com.br\\\/inicio\\\/#organization\"}}]}\n\t\t<\/script>\n\t\t<!-- All in One SEO -->\n\n","aioseo_head_json":{"title":"Google v\u00ea censura pr\u00e9via em decis\u00e3o de Moraes - News In Foco - Editado por Caio Pimenta","description":"Na semana passada, o Google entrou com um recurso contra a decis\u00e3o do ministro Alexandre de Moraes, do Supremo Tribunal Federal (STF), de derrubar o canal do Partido da Causa Oper\u00e1ria (PCO) no YouTube. Segundo a big tech, a derrubada do canal, sem a indica\u00e7\u00e3o de conte\u00fados il\u00edcitos, al\u00e9m do impedimento de novas publica\u00e7\u00f5es, configura \u201ccensura","canonical_url":"https:\/\/newsinfoco.com.br\/inicio\/google-ve-censura-previa-em-decisao-de-moraes\/","robots":"max-image-preview:large","keywords":"","webmasterTools":{"miscellaneous":""},"schema":{"@context":"https:\/\/schema.org","@graph":[{"@type":"BlogPosting","@id":"https:\/\/newsinfoco.com.br\/inicio\/google-ve-censura-previa-em-decisao-de-moraes\/#blogposting","name":"Google v\u00ea censura pr\u00e9via em decis\u00e3o de Moraes - News In Foco - Editado por Caio Pimenta","headline":"Google v\u00ea censura pr\u00e9via em decis\u00e3o de Moraes","author":{"@id":"https:\/\/newsinfoco.com.br\/inicio\/author\/administrador\/#author"},"publisher":{"@id":"https:\/\/newsinfoco.com.br\/inicio\/#organization"},"image":{"@type":"ImageObject","url":"https:\/\/newsinfoco.com.br\/inicio\/wp-content\/uploads\/2022\/10\/alexandre-de-moraes-foto-Nelson-Jr-SCO-STF-960x640-1.webp","width":960,"height":640},"datePublished":"2023-02-22T10:51:52-03:00","dateModified":"2023-02-22T10:51:52-03:00","inLanguage":"pt-BR","mainEntityOfPage":{"@id":"https:\/\/newsinfoco.com.br\/inicio\/google-ve-censura-previa-em-decisao-de-moraes\/#webpage"},"isPartOf":{"@id":"https:\/\/newsinfoco.com.br\/inicio\/google-ve-censura-previa-em-decisao-de-moraes\/#webpage"},"articleSection":"Pol\u00edtica"},{"@type":"BreadcrumbList","@id":"https:\/\/newsinfoco.com.br\/inicio\/google-ve-censura-previa-em-decisao-de-moraes\/#breadcrumblist","itemListElement":[{"@type":"ListItem","@id":"https:\/\/newsinfoco.com.br\/inicio#listItem","position":1,"name":"In\u00edcio","item":"https:\/\/newsinfoco.com.br\/inicio","nextItem":{"@type":"ListItem","@id":"https:\/\/newsinfoco.com.br\/inicio\/category\/politica\/#listItem","name":"Pol\u00edtica"}},{"@type":"ListItem","@id":"https:\/\/newsinfoco.com.br\/inicio\/category\/politica\/#listItem","position":2,"name":"Pol\u00edtica","item":"https:\/\/newsinfoco.com.br\/inicio\/category\/politica\/","nextItem":{"@type":"ListItem","@id":"https:\/\/newsinfoco.com.br\/inicio\/google-ve-censura-previa-em-decisao-de-moraes\/#listItem","name":"Google v\u00ea censura pr\u00e9via em decis\u00e3o de Moraes"},"previousItem":{"@type":"ListItem","@id":"https:\/\/newsinfoco.com.br\/inicio#listItem","name":"In\u00edcio"}},{"@type":"ListItem","@id":"https:\/\/newsinfoco.com.br\/inicio\/google-ve-censura-previa-em-decisao-de-moraes\/#listItem","position":3,"name":"Google v\u00ea censura pr\u00e9via em decis\u00e3o de Moraes","previousItem":{"@type":"ListItem","@id":"https:\/\/newsinfoco.com.br\/inicio\/category\/politica\/#listItem","name":"Pol\u00edtica"}}]},{"@type":"Organization","@id":"https:\/\/newsinfoco.com.br\/inicio\/#organization","name":"News In Foco - Editado por Caio Pimenta","description":"O principal site de noticias de Alagoinhas e regi\u00e3o","url":"https:\/\/newsinfoco.com.br\/inicio\/"},{"@type":"Person","@id":"https:\/\/newsinfoco.com.br\/inicio\/author\/administrador\/#author","url":"https:\/\/newsinfoco.com.br\/inicio\/author\/administrador\/","name":"administrador","image":{"@type":"ImageObject","@id":"https:\/\/newsinfoco.com.br\/inicio\/google-ve-censura-previa-em-decisao-de-moraes\/#authorImage","url":"https:\/\/secure.gravatar.com\/avatar\/c17a617433de8c1dc9584bb79aab7563b46f5bb7e1728c9b17d9cc3ce6a08e49?s=96&d=mm&r=g","width":96,"height":96,"caption":"administrador"}},{"@type":"WebPage","@id":"https:\/\/newsinfoco.com.br\/inicio\/google-ve-censura-previa-em-decisao-de-moraes\/#webpage","url":"https:\/\/newsinfoco.com.br\/inicio\/google-ve-censura-previa-em-decisao-de-moraes\/","name":"Google v\u00ea censura pr\u00e9via em decis\u00e3o de Moraes - News In Foco - Editado por Caio Pimenta","description":"Na semana passada, o Google entrou com um recurso contra a decis\u00e3o do ministro Alexandre de Moraes, do Supremo Tribunal Federal (STF), de derrubar o canal do Partido da Causa Oper\u00e1ria (PCO) no YouTube. Segundo a big tech, a derrubada do canal, sem a indica\u00e7\u00e3o de conte\u00fados il\u00edcitos, al\u00e9m do impedimento de novas publica\u00e7\u00f5es, configura \u201ccensura","inLanguage":"pt-BR","isPartOf":{"@id":"https:\/\/newsinfoco.com.br\/inicio\/#website"},"breadcrumb":{"@id":"https:\/\/newsinfoco.com.br\/inicio\/google-ve-censura-previa-em-decisao-de-moraes\/#breadcrumblist"},"author":{"@id":"https:\/\/newsinfoco.com.br\/inicio\/author\/administrador\/#author"},"creator":{"@id":"https:\/\/newsinfoco.com.br\/inicio\/author\/administrador\/#author"},"image":{"@type":"ImageObject","url":"https:\/\/newsinfoco.com.br\/inicio\/wp-content\/uploads\/2022\/10\/alexandre-de-moraes-foto-Nelson-Jr-SCO-STF-960x640-1.webp","@id":"https:\/\/newsinfoco.com.br\/inicio\/google-ve-censura-previa-em-decisao-de-moraes\/#mainImage","width":960,"height":640},"primaryImageOfPage":{"@id":"https:\/\/newsinfoco.com.br\/inicio\/google-ve-censura-previa-em-decisao-de-moraes\/#mainImage"},"datePublished":"2023-02-22T10:51:52-03:00","dateModified":"2023-02-22T10:51:52-03:00"},{"@type":"WebSite","@id":"https:\/\/newsinfoco.com.br\/inicio\/#website","url":"https:\/\/newsinfoco.com.br\/inicio\/","name":"News In Foco - Editado por Caio Pimenta","description":"O principal site de noticias de Alagoinhas e regi\u00e3o","inLanguage":"pt-BR","publisher":{"@id":"https:\/\/newsinfoco.com.br\/inicio\/#organization"}}]},"og:locale":"pt_BR","og:site_name":"News In Foco - Editado por Caio Pimenta - O principal site de noticias de Alagoinhas e regi\u00e3o","og:type":"article","og:title":"Google v\u00ea censura pr\u00e9via em decis\u00e3o de Moraes - News In Foco - Editado por Caio Pimenta","og:description":"Na semana passada, o Google entrou com um recurso contra a decis\u00e3o do ministro Alexandre de Moraes, do Supremo Tribunal Federal (STF), de derrubar o canal do Partido da Causa Oper\u00e1ria (PCO) no YouTube. Segundo a big tech, a derrubada do canal, sem a indica\u00e7\u00e3o de conte\u00fados il\u00edcitos, al\u00e9m do impedimento de novas publica\u00e7\u00f5es, configura \u201ccensura","og:url":"https:\/\/newsinfoco.com.br\/inicio\/google-ve-censura-previa-em-decisao-de-moraes\/","article:published_time":"2023-02-22T13:51:52+00:00","article:modified_time":"2023-02-22T13:51:52+00:00","twitter:card":"summary_large_image","twitter:title":"Google v\u00ea censura pr\u00e9via em decis\u00e3o de Moraes - News In Foco - Editado por Caio Pimenta","twitter:description":"Na semana passada, o Google entrou com um recurso contra a decis\u00e3o do ministro Alexandre de Moraes, do Supremo Tribunal Federal (STF), de derrubar o canal do Partido da Causa Oper\u00e1ria (PCO) no YouTube. Segundo a big tech, a derrubada do canal, sem a indica\u00e7\u00e3o de conte\u00fados il\u00edcitos, al\u00e9m do impedimento de novas publica\u00e7\u00f5es, configura \u201ccensura"},"aioseo_meta_data":{"post_id":"33125","title":null,"description":null,"keywords":null,"keyphrases":null,"primary_term":null,"canonical_url":null,"og_title":null,"og_description":null,"og_object_type":"default","og_image_type":"default","og_image_url":null,"og_image_width":null,"og_image_height":null,"og_image_custom_url":null,"og_image_custom_fields":null,"og_video":null,"og_custom_url":null,"og_article_section":null,"og_article_tags":null,"twitter_use_og":false,"twitter_card":"default","twitter_image_type":"default","twitter_image_url":null,"twitter_image_custom_url":null,"twitter_image_custom_fields":null,"twitter_title":null,"twitter_description":null,"schema":{"blockGraphs":[],"customGraphs":[],"default":{"data":{"Article":[],"Course":[],"Dataset":[],"FAQPage":[],"Movie":[],"Person":[],"Product":[],"ProductReview":[],"Car":[],"Recipe":[],"Service":[],"SoftwareApplication":[],"WebPage":[]},"graphName":"","isEnabled":true},"graphs":[]},"schema_type":"default","schema_type_options":null,"pillar_content":false,"robots_default":true,"robots_noindex":false,"robots_noarchive":false,"robots_nosnippet":false,"robots_nofollow":false,"robots_noimageindex":false,"robots_noodp":false,"robots_notranslate":false,"robots_max_snippet":null,"robots_max_videopreview":null,"robots_max_imagepreview":"large","priority":null,"frequency":null,"local_seo":null,"breadcrumb_settings":null,"limit_modified_date":false,"ai":null,"created":"2023-06-12 22:56:50","updated":"2025-07-11 09:13:58","seo_analyzer_scan_date":null},"aioseo_breadcrumb":"<div class=\"aioseo-breadcrumbs\"><span class=\"aioseo-breadcrumb\">\n\t\t\t<a href=\"https:\/\/newsinfoco.com.br\/inicio\" title=\"In\u00edcio\">In\u00edcio<\/a>\n\t\t<\/span><span class=\"aioseo-breadcrumb-separator\">&raquo;<\/span><span class=\"aioseo-breadcrumb\">\n\t\t\t<a href=\"https:\/\/newsinfoco.com.br\/inicio\/category\/politica\/\" title=\"Pol\u00edtica\">Pol\u00edtica<\/a>\n\t\t<\/span><span class=\"aioseo-breadcrumb-separator\">&raquo;<\/span><span class=\"aioseo-breadcrumb\">\n\t\t\tGoogle v\u00ea censura pr\u00e9via em decis\u00e3o de Moraes\n\t\t<\/span><\/div>","aioseo_breadcrumb_json":[{"label":"In\u00edcio","link":"https:\/\/newsinfoco.com.br\/inicio"},{"label":"Pol\u00edtica","link":"https:\/\/newsinfoco.com.br\/inicio\/category\/politica\/"},{"label":"Google v\u00ea censura pr\u00e9via em decis\u00e3o de Moraes","link":"https:\/\/newsinfoco.com.br\/inicio\/google-ve-censura-previa-em-decisao-de-moraes\/"}],"_links":{"self":[{"href":"https:\/\/newsinfoco.com.br\/inicio\/wp-json\/wp\/v2\/posts\/33125","targetHints":{"allow":["GET"]}}],"collection":[{"href":"https:\/\/newsinfoco.com.br\/inicio\/wp-json\/wp\/v2\/posts"}],"about":[{"href":"https:\/\/newsinfoco.com.br\/inicio\/wp-json\/wp\/v2\/types\/post"}],"author":[{"embeddable":true,"href":"https:\/\/newsinfoco.com.br\/inicio\/wp-json\/wp\/v2\/users\/1"}],"replies":[{"embeddable":true,"href":"https:\/\/newsinfoco.com.br\/inicio\/wp-json\/wp\/v2\/comments?post=33125"}],"version-history":[{"count":1,"href":"https:\/\/newsinfoco.com.br\/inicio\/wp-json\/wp\/v2\/posts\/33125\/revisions"}],"predecessor-version":[{"id":33126,"href":"https:\/\/newsinfoco.com.br\/inicio\/wp-json\/wp\/v2\/posts\/33125\/revisions\/33126"}],"wp:featuredmedia":[{"embeddable":true,"href":"https:\/\/newsinfoco.com.br\/inicio\/wp-json\/wp\/v2\/media\/31740"}],"wp:attachment":[{"href":"https:\/\/newsinfoco.com.br\/inicio\/wp-json\/wp\/v2\/media?parent=33125"}],"wp:term":[{"taxonomy":"category","embeddable":true,"href":"https:\/\/newsinfoco.com.br\/inicio\/wp-json\/wp\/v2\/categories?post=33125"},{"taxonomy":"post_tag","embeddable":true,"href":"https:\/\/newsinfoco.com.br\/inicio\/wp-json\/wp\/v2\/tags?post=33125"}],"curies":[{"name":"wp","href":"https:\/\/api.w.org\/{rel}","templated":true}]}}