{"id":33127,"date":"2023-02-22T10:55:29","date_gmt":"2023-02-22T13:55:29","guid":{"rendered":"https:\/\/newsinfoco.com.br\/inicio\/?p=33127"},"modified":"2023-02-22T10:55:29","modified_gmt":"2023-02-22T13:55:29","slug":"janja-recebe-criticas-por-pular-carnaval-em-meio-a-tragedia-no-litoral-de-sao-paulo","status":"publish","type":"post","link":"https:\/\/newsinfoco.com.br\/inicio\/janja-recebe-criticas-por-pular-carnaval-em-meio-a-tragedia-no-litoral-de-sao-paulo\/","title":{"rendered":"Janja recebe cr\u00edticas por pular Carnaval em meio \u00e0 trag\u00e9dia no litoral de S\u00e3o Paulo"},"content":{"rendered":"<p>A primeira-dama Janja foi criticada nesta ter\u00e7a-feira, 21, por permanecer no Carnaval da Bahia, em vez de ir ao litoral norte de S\u00e3o Paulo para prestar solidariedade \u00e0s v\u00edtimas da destrui\u00e7\u00e3o provocada pela chuva.<\/p>\n<p>Embora n\u00e3o tenha cargo p\u00fablico, Janja tem participado ativamente do governo, desde a transi\u00e7\u00e3o. Ela compareceu a uma s\u00e9rie de eventos oficiais, como reuni\u00f5es de ministros e encontros de\u00a0Lula\u00a0no exterior.<\/p>\n<p>Desta vez, contudo, em meio \u00e0 trag\u00e9dia no litoral paulista, ela n\u00e3o acompanhou o marido. O presidente Lula visitou a regi\u00e3o, no domingo 20, enquanto Janja permaneceu em Salvador, onde estava para pular Carnaval. Nas redes sociais, \u00e9 poss\u00edvel ver Janja em clima de festa em bloquinhos e desfiles de escolas de samba.<\/p>\n<p>O deputado Carlos Jordy (PL-RJ) compartilhou um v\u00eddeo da primeira-dama \u201ccaindo na folia\u201d e escreveu: \u201cEnquanto a trag\u00e9dia das chuvas no Estado de SP deixou ao menos 44 mortos, 1,7 mil desalojados, 800 desabrigados e 49 desaparecidos, a primeira-dama do atual presidente curte o Carnaval como se nada tivesse acontecido\u201d.<\/p>\n<div class=\"twitter-tweet twitter-tweet-rendered\"><iframe id=\"twitter-widget-0\" class=\"\" title=\"Twitter Tweet\" src=\"https:\/\/platform.twitter.com\/embed\/Tweet.html?creatorScreenName=revistaoeste&amp;dnt=true&amp;embedId=twitter-widget-0&amp;features=eyJ0ZndfdGltZWxpbmVfbGlzdCI6eyJidWNrZXQiOltdLCJ2ZXJzaW9uIjpudWxsfSwidGZ3X2ZvbGxvd2VyX2NvdW50X3N1bnNldCI6eyJidWNrZXQiOnRydWUsInZlcnNpb24iOm51bGx9LCJ0ZndfdHdlZXRfZWRpdF9iYWNrZW5kIjp7ImJ1Y2tldCI6Im9uIiwidmVyc2lvbiI6bnVsbH0sInRmd19yZWZzcmNfc2Vzc2lvbiI6eyJidWNrZXQiOiJvbiIsInZlcnNpb24iOm51bGx9LCJ0Zndfc2hvd19idXNpbmVzc192ZXJpZmllZF9iYWRnZSI6eyJidWNrZXQiOiJvbiIsInZlcnNpb24iOm51bGx9LCJ0ZndfbWl4ZWRfbWVkaWFfMTU4OTciOnsiYnVja2V0IjoidHJlYXRtZW50IiwidmVyc2lvbiI6bnVsbH0sInRmd19leHBlcmltZW50c19jb29raWVfZXhwaXJhdGlvbiI6eyJidWNrZXQiOjEyMDk2MDAsInZlcnNpb24iOm51bGx9LCJ0ZndfZHVwbGljYXRlX3NjcmliZXNfdG9fc2V0dGluZ3MiOnsiYnVja2V0Ijoib24iLCJ2ZXJzaW9uIjpudWxsfSwidGZ3X3ZpZGVvX2hsc19keW5hbWljX21hbmlmZXN0c18xNTA4MiI6eyJidWNrZXQiOiJ0cnVlX2JpdHJhdGUiLCJ2ZXJzaW9uIjpudWxsfSwidGZ3X3Nob3dfYmx1ZV92ZXJpZmllZF9iYWRnZSI6eyJidWNrZXQiOiJvbiIsInZlcnNpb24iOm51bGx9LCJ0ZndfbGVnYWN5X3RpbWVsaW5lX3N1bnNldCI6eyJidWNrZXQiOnRydWUsInZlcnNpb24iOm51bGx9LCJ0Zndfc2hvd19nb3ZfdmVyaWZpZWRfYmFkZ2UiOnsiYnVja2V0Ijoib24iLCJ2ZXJzaW9uIjpudWxsfSwidGZ3X3Nob3dfYnVzaW5lc3NfYWZmaWxpYXRlX2JhZGdlIjp7ImJ1Y2tldCI6Im9uIiwidmVyc2lvbiI6bnVsbH0sInRmd190d2VldF9lZGl0X2Zyb250ZW5kIjp7ImJ1Y2tldCI6Im9uIiwidmVyc2lvbiI6bnVsbH19&amp;frame=false&amp;hideCard=false&amp;hideThread=false&amp;id=1628070883280715776&amp;lang=pt&amp;origin=https%3A%2F%2Frevistaoeste.com%2Fpolitica%2Fjanja-recebe-criticas-por-pular-carnaval-em-meio-a-tragedia-no-litoral-de-sao-paulo%2F&amp;sessionId=2ef006da31b6b173fd4de3d4d965144a89d5f68f&amp;siteScreenName=revistaoeste&amp;theme=light&amp;widgetsVersion=aaf4084522e3a%3A1674595607486&amp;width=550px\" frameborder=\"0\" scrolling=\"no\" allowfullscreen=\"allowfullscreen\" data-tweet-id=\"1628070883280715776\" data-mce-fragment=\"1\"><\/iframe><\/div>\n<p>&nbsp;<\/p>\n<p>O deputado federal Nikolas Ferreira (PL-MG) postou um v\u00eddeo de uma entrevista em que Janja expressa sua alegria pelo Carnaval. \u201cPara visitar o Biden em Washington ela faz parte do governo, mas para visitar as cidades atingidas pelas fortes chuvas no litoral paulista, n\u00e3o\u201d, criticou Nikolas.<\/p>\n<div class=\"twitter-tweet twitter-tweet-rendered\"><iframe id=\"twitter-widget-1\" class=\"\" title=\"Twitter Tweet\" src=\"https:\/\/platform.twitter.com\/embed\/Tweet.html?creatorScreenName=revistaoeste&amp;dnt=true&amp;embedId=twitter-widget-1&amp;features=eyJ0ZndfdGltZWxpbmVfbGlzdCI6eyJidWNrZXQiOltdLCJ2ZXJzaW9uIjpudWxsfSwidGZ3X2ZvbGxvd2VyX2NvdW50X3N1bnNldCI6eyJidWNrZXQiOnRydWUsInZlcnNpb24iOm51bGx9LCJ0ZndfdHdlZXRfZWRpdF9iYWNrZW5kIjp7ImJ1Y2tldCI6Im9uIiwidmVyc2lvbiI6bnVsbH0sInRmd19yZWZzcmNfc2Vzc2lvbiI6eyJidWNrZXQiOiJvbiIsInZlcnNpb24iOm51bGx9LCJ0Zndfc2hvd19idXNpbmVzc192ZXJpZmllZF9iYWRnZSI6eyJidWNrZXQiOiJvbiIsInZlcnNpb24iOm51bGx9LCJ0ZndfbWl4ZWRfbWVkaWFfMTU4OTciOnsiYnVja2V0IjoidHJlYXRtZW50IiwidmVyc2lvbiI6bnVsbH0sInRmd19leHBlcmltZW50c19jb29raWVfZXhwaXJhdGlvbiI6eyJidWNrZXQiOjEyMDk2MDAsInZlcnNpb24iOm51bGx9LCJ0ZndfZHVwbGljYXRlX3NjcmliZXNfdG9fc2V0dGluZ3MiOnsiYnVja2V0Ijoib24iLCJ2ZXJzaW9uIjpudWxsfSwidGZ3X3ZpZGVvX2hsc19keW5hbWljX21hbmlmZXN0c18xNTA4MiI6eyJidWNrZXQiOiJ0cnVlX2JpdHJhdGUiLCJ2ZXJzaW9uIjpudWxsfSwidGZ3X3Nob3dfYmx1ZV92ZXJpZmllZF9iYWRnZSI6eyJidWNrZXQiOiJvbiIsInZlcnNpb24iOm51bGx9LCJ0ZndfbGVnYWN5X3RpbWVsaW5lX3N1bnNldCI6eyJidWNrZXQiOnRydWUsInZlcnNpb24iOm51bGx9LCJ0Zndfc2hvd19nb3ZfdmVyaWZpZWRfYmFkZ2UiOnsiYnVja2V0Ijoib24iLCJ2ZXJzaW9uIjpudWxsfSwidGZ3X3Nob3dfYnVzaW5lc3NfYWZmaWxpYXRlX2JhZGdlIjp7ImJ1Y2tldCI6Im9uIiwidmVyc2lvbiI6bnVsbH0sInRmd190d2VldF9lZGl0X2Zyb250ZW5kIjp7ImJ1Y2tldCI6Im9uIiwidmVyc2lvbiI6bnVsbH19&amp;frame=false&amp;hideCard=false&amp;hideThread=false&amp;id=1628080487620128769&amp;lang=pt&amp;origin=https%3A%2F%2Frevistaoeste.com%2Fpolitica%2Fjanja-recebe-criticas-por-pular-carnaval-em-meio-a-tragedia-no-litoral-de-sao-paulo%2F&amp;sessionId=2ef006da31b6b173fd4de3d4d965144a89d5f68f&amp;siteScreenName=revistaoeste&amp;theme=light&amp;widgetsVersion=aaf4084522e3a%3A1674595607486&amp;width=550px\" frameborder=\"0\" scrolling=\"no\" allowfullscreen=\"allowfullscreen\" data-tweet-id=\"1628080487620128769\" data-mce-fragment=\"1\"><\/iframe><\/div>\n<p>&nbsp;<\/p>\n<p>Outra a criticar a primeira-dama foi a deputada Carla Zambelli (PL-DF), ao mencionar que o presidente Lula e o governador de S\u00e3o Paulo, Tarc\u00edsio Gomes de Freitas, decretaram luto oficial pelas mortes, e Janja continua \u201ccurtindo\u201d o Carnaval.<\/p>\n<div class=\"twitter-tweet twitter-tweet-rendered\"><iframe id=\"twitter-widget-2\" class=\"\" title=\"Twitter Tweet\" src=\"https:\/\/platform.twitter.com\/embed\/Tweet.html?creatorScreenName=revistaoeste&amp;dnt=true&amp;embedId=twitter-widget-2&amp;features=eyJ0ZndfdGltZWxpbmVfbGlzdCI6eyJidWNrZXQiOltdLCJ2ZXJzaW9uIjpudWxsfSwidGZ3X2ZvbGxvd2VyX2NvdW50X3N1bnNldCI6eyJidWNrZXQiOnRydWUsInZlcnNpb24iOm51bGx9LCJ0ZndfdHdlZXRfZWRpdF9iYWNrZW5kIjp7ImJ1Y2tldCI6Im9uIiwidmVyc2lvbiI6bnVsbH0sInRmd19yZWZzcmNfc2Vzc2lvbiI6eyJidWNrZXQiOiJvbiIsInZlcnNpb24iOm51bGx9LCJ0Zndfc2hvd19idXNpbmVzc192ZXJpZmllZF9iYWRnZSI6eyJidWNrZXQiOiJvbiIsInZlcnNpb24iOm51bGx9LCJ0ZndfbWl4ZWRfbWVkaWFfMTU4OTciOnsiYnVja2V0IjoidHJlYXRtZW50IiwidmVyc2lvbiI6bnVsbH0sInRmd19leHBlcmltZW50c19jb29raWVfZXhwaXJhdGlvbiI6eyJidWNrZXQiOjEyMDk2MDAsInZlcnNpb24iOm51bGx9LCJ0ZndfZHVwbGljYXRlX3NjcmliZXNfdG9fc2V0dGluZ3MiOnsiYnVja2V0Ijoib24iLCJ2ZXJzaW9uIjpudWxsfSwidGZ3X3ZpZGVvX2hsc19keW5hbWljX21hbmlmZXN0c18xNTA4MiI6eyJidWNrZXQiOiJ0cnVlX2JpdHJhdGUiLCJ2ZXJzaW9uIjpudWxsfSwidGZ3X3Nob3dfYmx1ZV92ZXJpZmllZF9iYWRnZSI6eyJidWNrZXQiOiJvbiIsInZlcnNpb24iOm51bGx9LCJ0ZndfbGVnYWN5X3RpbWVsaW5lX3N1bnNldCI6eyJidWNrZXQiOnRydWUsInZlcnNpb24iOm51bGx9LCJ0Zndfc2hvd19nb3ZfdmVyaWZpZWRfYmFkZ2UiOnsiYnVja2V0Ijoib24iLCJ2ZXJzaW9uIjpudWxsfSwidGZ3X3Nob3dfYnVzaW5lc3NfYWZmaWxpYXRlX2JhZGdlIjp7ImJ1Y2tldCI6Im9uIiwidmVyc2lvbiI6bnVsbH0sInRmd190d2VldF9lZGl0X2Zyb250ZW5kIjp7ImJ1Y2tldCI6Im9uIiwidmVyc2lvbiI6bnVsbH19&amp;frame=false&amp;hideCard=false&amp;hideThread=false&amp;id=1627827743999107072&amp;lang=pt&amp;origin=https%3A%2F%2Frevistaoeste.com%2Fpolitica%2Fjanja-recebe-criticas-por-pular-carnaval-em-meio-a-tragedia-no-litoral-de-sao-paulo%2F&amp;sessionId=2ef006da31b6b173fd4de3d4d965144a89d5f68f&amp;siteScreenName=revistaoeste&amp;theme=light&amp;widgetsVersion=aaf4084522e3a%3A1674595607486&amp;width=550px\" frameborder=\"0\" scrolling=\"no\" allowfullscreen=\"allowfullscreen\" data-tweet-id=\"1627827743999107072\" data-mce-fragment=\"1\"><\/iframe><\/div>\n<p>&nbsp;<\/p>\n<p>O deputado estadual do Cear\u00e1 Carmelo Neto (PL) fez coment\u00e1rio semelhante, lembrando os n\u00fameros da trag\u00e9dia e a insensibilidade da primeira-dama.<\/p>\n<div class=\"twitter-tweet twitter-tweet-rendered\"><iframe id=\"twitter-widget-3\" class=\"\" title=\"Twitter Tweet\" src=\"https:\/\/platform.twitter.com\/embed\/Tweet.html?creatorScreenName=revistaoeste&amp;dnt=true&amp;embedId=twitter-widget-3&amp;features=eyJ0ZndfdGltZWxpbmVfbGlzdCI6eyJidWNrZXQiOltdLCJ2ZXJzaW9uIjpudWxsfSwidGZ3X2ZvbGxvd2VyX2NvdW50X3N1bnNldCI6eyJidWNrZXQiOnRydWUsInZlcnNpb24iOm51bGx9LCJ0ZndfdHdlZXRfZWRpdF9iYWNrZW5kIjp7ImJ1Y2tldCI6Im9uIiwidmVyc2lvbiI6bnVsbH0sInRmd19yZWZzcmNfc2Vzc2lvbiI6eyJidWNrZXQiOiJvbiIsInZlcnNpb24iOm51bGx9LCJ0Zndfc2hvd19idXNpbmVzc192ZXJpZmllZF9iYWRnZSI6eyJidWNrZXQiOiJvbiIsInZlcnNpb24iOm51bGx9LCJ0ZndfbWl4ZWRfbWVkaWFfMTU4OTciOnsiYnVja2V0IjoidHJlYXRtZW50IiwidmVyc2lvbiI6bnVsbH0sInRmd19leHBlcmltZW50c19jb29raWVfZXhwaXJhdGlvbiI6eyJidWNrZXQiOjEyMDk2MDAsInZlcnNpb24iOm51bGx9LCJ0ZndfZHVwbGljYXRlX3NjcmliZXNfdG9fc2V0dGluZ3MiOnsiYnVja2V0Ijoib24iLCJ2ZXJzaW9uIjpudWxsfSwidGZ3X3ZpZGVvX2hsc19keW5hbWljX21hbmlmZXN0c18xNTA4MiI6eyJidWNrZXQiOiJ0cnVlX2JpdHJhdGUiLCJ2ZXJzaW9uIjpudWxsfSwidGZ3X3Nob3dfYmx1ZV92ZXJpZmllZF9iYWRnZSI6eyJidWNrZXQiOiJvbiIsInZlcnNpb24iOm51bGx9LCJ0ZndfbGVnYWN5X3RpbWVsaW5lX3N1bnNldCI6eyJidWNrZXQiOnRydWUsInZlcnNpb24iOm51bGx9LCJ0Zndfc2hvd19nb3ZfdmVyaWZpZWRfYmFkZ2UiOnsiYnVja2V0Ijoib24iLCJ2ZXJzaW9uIjpudWxsfSwidGZ3X3Nob3dfYnVzaW5lc3NfYWZmaWxpYXRlX2JhZGdlIjp7ImJ1Y2tldCI6Im9uIiwidmVyc2lvbiI6bnVsbH0sInRmd190d2VldF9lZGl0X2Zyb250ZW5kIjp7ImJ1Y2tldCI6Im9uIiwidmVyc2lvbiI6bnVsbH19&amp;frame=false&amp;hideCard=false&amp;hideThread=false&amp;id=1627836023223771138&amp;lang=pt&amp;origin=https%3A%2F%2Frevistaoeste.com%2Fpolitica%2Fjanja-recebe-criticas-por-pular-carnaval-em-meio-a-tragedia-no-litoral-de-sao-paulo%2F&amp;sessionId=2ef006da31b6b173fd4de3d4d965144a89d5f68f&amp;siteScreenName=revistaoeste&amp;theme=light&amp;widgetsVersion=aaf4084522e3a%3A1674595607486&amp;width=550px\" frameborder=\"0\" scrolling=\"no\" allowfullscreen=\"allowfullscreen\" data-tweet-id=\"1627836023223771138\" data-mce-fragment=\"1\"><\/iframe><\/div>\n<p>&nbsp;<\/p>\n<p>Alguns perfis, como A Trombeta, compartilharam um v\u00eddeo em que a primeira-dama de S\u00e3o Paulo, Cristiane Freitas, visita comunidades atingidas.<\/p>\n<div class=\"twitter-tweet twitter-tweet-rendered\"><iframe id=\"twitter-widget-4\" class=\"\" title=\"Twitter Tweet\" src=\"https:\/\/platform.twitter.com\/embed\/Tweet.html?creatorScreenName=revistaoeste&amp;dnt=true&amp;embedId=twitter-widget-4&amp;features=eyJ0ZndfdGltZWxpbmVfbGlzdCI6eyJidWNrZXQiOltdLCJ2ZXJzaW9uIjpudWxsfSwidGZ3X2ZvbGxvd2VyX2NvdW50X3N1bnNldCI6eyJidWNrZXQiOnRydWUsInZlcnNpb24iOm51bGx9LCJ0ZndfdHdlZXRfZWRpdF9iYWNrZW5kIjp7ImJ1Y2tldCI6Im9uIiwidmVyc2lvbiI6bnVsbH0sInRmd19yZWZzcmNfc2Vzc2lvbiI6eyJidWNrZXQiOiJvbiIsInZlcnNpb24iOm51bGx9LCJ0Zndfc2hvd19idXNpbmVzc192ZXJpZmllZF9iYWRnZSI6eyJidWNrZXQiOiJvbiIsInZlcnNpb24iOm51bGx9LCJ0ZndfbWl4ZWRfbWVkaWFfMTU4OTciOnsiYnVja2V0IjoidHJlYXRtZW50IiwidmVyc2lvbiI6bnVsbH0sInRmd19leHBlcmltZW50c19jb29raWVfZXhwaXJhdGlvbiI6eyJidWNrZXQiOjEyMDk2MDAsInZlcnNpb24iOm51bGx9LCJ0ZndfZHVwbGljYXRlX3NjcmliZXNfdG9fc2V0dGluZ3MiOnsiYnVja2V0Ijoib24iLCJ2ZXJzaW9uIjpudWxsfSwidGZ3X3ZpZGVvX2hsc19keW5hbWljX21hbmlmZXN0c18xNTA4MiI6eyJidWNrZXQiOiJ0cnVlX2JpdHJhdGUiLCJ2ZXJzaW9uIjpudWxsfSwidGZ3X3Nob3dfYmx1ZV92ZXJpZmllZF9iYWRnZSI6eyJidWNrZXQiOiJvbiIsInZlcnNpb24iOm51bGx9LCJ0ZndfbGVnYWN5X3RpbWVsaW5lX3N1bnNldCI6eyJidWNrZXQiOnRydWUsInZlcnNpb24iOm51bGx9LCJ0Zndfc2hvd19nb3ZfdmVyaWZpZWRfYmFkZ2UiOnsiYnVja2V0Ijoib24iLCJ2ZXJzaW9uIjpudWxsfSwidGZ3X3Nob3dfYnVzaW5lc3NfYWZmaWxpYXRlX2JhZGdlIjp7ImJ1Y2tldCI6Im9uIiwidmVyc2lvbiI6bnVsbH0sInRmd190d2VldF9lZGl0X2Zyb250ZW5kIjp7ImJ1Y2tldCI6Im9uIiwidmVyc2lvbiI6bnVsbH19&amp;frame=false&amp;hideCard=false&amp;hideThread=false&amp;id=1627770776572121112&amp;lang=pt&amp;origin=https%3A%2F%2Frevistaoeste.com%2Fpolitica%2Fjanja-recebe-criticas-por-pular-carnaval-em-meio-a-tragedia-no-litoral-de-sao-paulo%2F&amp;sessionId=2ef006da31b6b173fd4de3d4d965144a89d5f68f&amp;siteScreenName=revistaoeste&amp;theme=light&amp;widgetsVersion=aaf4084522e3a%3A1674595607486&amp;width=550px\" frameborder=\"0\" scrolling=\"no\" allowfullscreen=\"allowfullscreen\" data-tweet-id=\"1627770776572121112\" data-mce-fragment=\"1\"><\/iframe><\/div>\n<p>&nbsp;<\/p>\n<p>No domingo, Janja fez uma postagem, de Salvador, manifestando \u201ctoda minha solidariedade \u00e0s fam\u00edlias atingidas por esse desastre\u201d.<\/p>\n<p>&nbsp;<\/p>\n<p>Revista Oeste<\/p>\n<p>&nbsp;<\/p>\n<div class='share-to-whatsapp-wrapper'><div class='share-on-whsp'>Share on: <\/div><a data-text='Janja recebe cr\u00edticas por pular Carnaval em meio \u00e0 trag\u00e9dia no litoral de S\u00e3o Paulo' data-link='https:\/\/newsinfoco.com.br\/inicio\/janja-recebe-criticas-por-pular-carnaval-em-meio-a-tragedia-no-litoral-de-sao-paulo\/' class='whatsapp-button whatsapp-share'>WhatsApp<\/a><div class='clear '><\/div><\/div>","protected":false},"excerpt":{"rendered":"<p>A primeira-dama Janja foi criticada nesta ter\u00e7a-feira, 21, por permanecer no Carnaval da Bahia, em vez de ir ao litoral norte de S\u00e3o Paulo para prestar solidariedade \u00e0s v\u00edtimas da destrui\u00e7\u00e3o provocada pela chuva. Embora n\u00e3o tenha cargo p\u00fablico, Janja tem participado ativamente do governo, desde a transi\u00e7\u00e3o. Ela compareceu a uma s\u00e9rie de eventos [&hellip;]<\/p>\n","protected":false},"author":1,"featured_media":33128,"comment_status":"closed","ping_status":"closed","sticky":false,"template":"","format":"standard","meta":{"om_disable_all_campaigns":false,"rop_custom_images_group":[],"rop_custom_messages_group":[],"rop_publish_now":"initial","rop_publish_now_accounts":[],"rop_publish_now_history":[],"rop_publish_now_status":"pending","_exactmetrics_skip_tracking":false,"footnotes":""},"categories":[40],"tags":[],"class_list":["post-33127","post","type-post","status-publish","format-standard","has-post-thumbnail","hentry","category-politica"],"aioseo_notices":[],"aioseo_head":"\n\t\t<!-- All in One SEO 4.9.10 - aioseo.com -->\n\t<meta name=\"description\" content=\"A primeira-dama Janja foi criticada nesta ter\u00e7a-feira, 21, por permanecer no Carnaval da Bahia, em vez de ir ao litoral norte de S\u00e3o Paulo para prestar solidariedade \u00e0s v\u00edtimas da destrui\u00e7\u00e3o provocada pela chuva. Embora n\u00e3o tenha cargo p\u00fablico, Janja tem participado ativamente do governo, desde a transi\u00e7\u00e3o. Ela compareceu a uma s\u00e9rie de eventos\" \/>\n\t<meta name=\"robots\" content=\"max-image-preview:large\" \/>\n\t<meta name=\"author\" content=\"administrador\"\/>\n\t<link rel=\"canonical\" href=\"https:\/\/newsinfoco.com.br\/inicio\/janja-recebe-criticas-por-pular-carnaval-em-meio-a-tragedia-no-litoral-de-sao-paulo\/\" \/>\n\t<meta name=\"generator\" content=\"All in One SEO (AIOSEO) 4.9.10\" \/>\n\t\t<meta property=\"og:locale\" content=\"pt_BR\" \/>\n\t\t<meta property=\"og:site_name\" content=\"News In Foco - Editado por Caio Pimenta - O principal site de noticias de Alagoinhas e regi\u00e3o\" \/>\n\t\t<meta property=\"og:type\" content=\"article\" \/>\n\t\t<meta property=\"og:title\" content=\"Janja recebe cr\u00edticas por pular Carnaval em meio \u00e0 trag\u00e9dia no litoral de S\u00e3o Paulo - News In Foco - Editado por Caio Pimenta\" \/>\n\t\t<meta property=\"og:description\" content=\"A primeira-dama Janja foi criticada nesta ter\u00e7a-feira, 21, por permanecer no Carnaval da Bahia, em vez de ir ao litoral norte de S\u00e3o Paulo para prestar solidariedade \u00e0s v\u00edtimas da destrui\u00e7\u00e3o provocada pela chuva. Embora n\u00e3o tenha cargo p\u00fablico, Janja tem participado ativamente do governo, desde a transi\u00e7\u00e3o. Ela compareceu a uma s\u00e9rie de eventos\" \/>\n\t\t<meta property=\"og:url\" content=\"https:\/\/newsinfoco.com.br\/inicio\/janja-recebe-criticas-por-pular-carnaval-em-meio-a-tragedia-no-litoral-de-sao-paulo\/\" \/>\n\t\t<meta property=\"article:published_time\" content=\"2023-02-22T13:55:29+00:00\" \/>\n\t\t<meta property=\"article:modified_time\" content=\"2023-02-22T13:55:29+00:00\" \/>\n\t\t<meta name=\"twitter:card\" content=\"summary_large_image\" \/>\n\t\t<meta name=\"twitter:title\" content=\"Janja recebe cr\u00edticas por pular Carnaval em meio \u00e0 trag\u00e9dia no litoral de S\u00e3o Paulo - News In Foco - Editado por Caio Pimenta\" \/>\n\t\t<meta name=\"twitter:description\" content=\"A primeira-dama Janja foi criticada nesta ter\u00e7a-feira, 21, por permanecer no Carnaval da Bahia, em vez de ir ao litoral norte de S\u00e3o Paulo para prestar solidariedade \u00e0s v\u00edtimas da destrui\u00e7\u00e3o provocada pela chuva. Embora n\u00e3o tenha cargo p\u00fablico, Janja tem participado ativamente do governo, desde a transi\u00e7\u00e3o. Ela compareceu a uma s\u00e9rie de eventos\" \/>\n\t\t<script type=\"application\/ld+json\" class=\"aioseo-schema\">\n\t\t\t{\"@context\":\"https:\\\/\\\/schema.org\",\"@graph\":[{\"@type\":\"BlogPosting\",\"@id\":\"https:\\\/\\\/newsinfoco.com.br\\\/inicio\\\/janja-recebe-criticas-por-pular-carnaval-em-meio-a-tragedia-no-litoral-de-sao-paulo\\\/#blogposting\",\"name\":\"Janja recebe cr\\u00edticas por pular Carnaval em meio \\u00e0 trag\\u00e9dia no litoral de S\\u00e3o Paulo - News In Foco - Editado por Caio Pimenta\",\"headline\":\"Janja recebe cr\\u00edticas por pular Carnaval em meio \\u00e0 trag\\u00e9dia no litoral de S\\u00e3o Paulo\",\"author\":{\"@id\":\"https:\\\/\\\/newsinfoco.com.br\\\/inicio\\\/author\\\/administrador\\\/#author\"},\"publisher\":{\"@id\":\"https:\\\/\\\/newsinfoco.com.br\\\/inicio\\\/#organization\"},\"image\":{\"@type\":\"ImageObject\",\"url\":\"https:\\\/\\\/newsinfoco.com.br\\\/inicio\\\/wp-content\\\/uploads\\\/2023\\\/02\\\/janja-768x522-1.webp\",\"width\":768,\"height\":522},\"datePublished\":\"2023-02-22T10:55:29-03:00\",\"dateModified\":\"2023-02-22T10:55:29-03:00\",\"inLanguage\":\"pt-BR\",\"mainEntityOfPage\":{\"@id\":\"https:\\\/\\\/newsinfoco.com.br\\\/inicio\\\/janja-recebe-criticas-por-pular-carnaval-em-meio-a-tragedia-no-litoral-de-sao-paulo\\\/#webpage\"},\"isPartOf\":{\"@id\":\"https:\\\/\\\/newsinfoco.com.br\\\/inicio\\\/janja-recebe-criticas-por-pular-carnaval-em-meio-a-tragedia-no-litoral-de-sao-paulo\\\/#webpage\"},\"articleSection\":\"Pol\\u00edtica\"},{\"@type\":\"BreadcrumbList\",\"@id\":\"https:\\\/\\\/newsinfoco.com.br\\\/inicio\\\/janja-recebe-criticas-por-pular-carnaval-em-meio-a-tragedia-no-litoral-de-sao-paulo\\\/#breadcrumblist\",\"itemListElement\":[{\"@type\":\"ListItem\",\"@id\":\"https:\\\/\\\/newsinfoco.com.br\\\/inicio#listItem\",\"position\":1,\"name\":\"In\\u00edcio\",\"item\":\"https:\\\/\\\/newsinfoco.com.br\\\/inicio\",\"nextItem\":{\"@type\":\"ListItem\",\"@id\":\"https:\\\/\\\/newsinfoco.com.br\\\/inicio\\\/category\\\/politica\\\/#listItem\",\"name\":\"Pol\\u00edtica\"}},{\"@type\":\"ListItem\",\"@id\":\"https:\\\/\\\/newsinfoco.com.br\\\/inicio\\\/category\\\/politica\\\/#listItem\",\"position\":2,\"name\":\"Pol\\u00edtica\",\"item\":\"https:\\\/\\\/newsinfoco.com.br\\\/inicio\\\/category\\\/politica\\\/\",\"nextItem\":{\"@type\":\"ListItem\",\"@id\":\"https:\\\/\\\/newsinfoco.com.br\\\/inicio\\\/janja-recebe-criticas-por-pular-carnaval-em-meio-a-tragedia-no-litoral-de-sao-paulo\\\/#listItem\",\"name\":\"Janja recebe cr\\u00edticas por pular Carnaval em meio \\u00e0 trag\\u00e9dia no litoral de S\\u00e3o Paulo\"},\"previousItem\":{\"@type\":\"ListItem\",\"@id\":\"https:\\\/\\\/newsinfoco.com.br\\\/inicio#listItem\",\"name\":\"In\\u00edcio\"}},{\"@type\":\"ListItem\",\"@id\":\"https:\\\/\\\/newsinfoco.com.br\\\/inicio\\\/janja-recebe-criticas-por-pular-carnaval-em-meio-a-tragedia-no-litoral-de-sao-paulo\\\/#listItem\",\"position\":3,\"name\":\"Janja recebe cr\\u00edticas por pular Carnaval em meio \\u00e0 trag\\u00e9dia no litoral de S\\u00e3o Paulo\",\"previousItem\":{\"@type\":\"ListItem\",\"@id\":\"https:\\\/\\\/newsinfoco.com.br\\\/inicio\\\/category\\\/politica\\\/#listItem\",\"name\":\"Pol\\u00edtica\"}}]},{\"@type\":\"Organization\",\"@id\":\"https:\\\/\\\/newsinfoco.com.br\\\/inicio\\\/#organization\",\"name\":\"News In Foco - Editado por Caio Pimenta\",\"description\":\"O principal site de noticias de Alagoinhas e regi\\u00e3o\",\"url\":\"https:\\\/\\\/newsinfoco.com.br\\\/inicio\\\/\"},{\"@type\":\"Person\",\"@id\":\"https:\\\/\\\/newsinfoco.com.br\\\/inicio\\\/author\\\/administrador\\\/#author\",\"url\":\"https:\\\/\\\/newsinfoco.com.br\\\/inicio\\\/author\\\/administrador\\\/\",\"name\":\"administrador\",\"image\":{\"@type\":\"ImageObject\",\"@id\":\"https:\\\/\\\/newsinfoco.com.br\\\/inicio\\\/janja-recebe-criticas-por-pular-carnaval-em-meio-a-tragedia-no-litoral-de-sao-paulo\\\/#authorImage\",\"url\":\"https:\\\/\\\/secure.gravatar.com\\\/avatar\\\/c17a617433de8c1dc9584bb79aab7563b46f5bb7e1728c9b17d9cc3ce6a08e49?s=96&d=mm&r=g\",\"width\":96,\"height\":96,\"caption\":\"administrador\"}},{\"@type\":\"WebPage\",\"@id\":\"https:\\\/\\\/newsinfoco.com.br\\\/inicio\\\/janja-recebe-criticas-por-pular-carnaval-em-meio-a-tragedia-no-litoral-de-sao-paulo\\\/#webpage\",\"url\":\"https:\\\/\\\/newsinfoco.com.br\\\/inicio\\\/janja-recebe-criticas-por-pular-carnaval-em-meio-a-tragedia-no-litoral-de-sao-paulo\\\/\",\"name\":\"Janja recebe cr\\u00edticas por pular Carnaval em meio \\u00e0 trag\\u00e9dia no litoral de S\\u00e3o Paulo - News In Foco - Editado por Caio Pimenta\",\"description\":\"A primeira-dama Janja foi criticada nesta ter\\u00e7a-feira, 21, por permanecer no Carnaval da Bahia, em vez de ir ao litoral norte de S\\u00e3o Paulo para prestar solidariedade \\u00e0s v\\u00edtimas da destrui\\u00e7\\u00e3o provocada pela chuva. Embora n\\u00e3o tenha cargo p\\u00fablico, Janja tem participado ativamente do governo, desde a transi\\u00e7\\u00e3o. Ela compareceu a uma s\\u00e9rie de eventos\",\"inLanguage\":\"pt-BR\",\"isPartOf\":{\"@id\":\"https:\\\/\\\/newsinfoco.com.br\\\/inicio\\\/#website\"},\"breadcrumb\":{\"@id\":\"https:\\\/\\\/newsinfoco.com.br\\\/inicio\\\/janja-recebe-criticas-por-pular-carnaval-em-meio-a-tragedia-no-litoral-de-sao-paulo\\\/#breadcrumblist\"},\"author\":{\"@id\":\"https:\\\/\\\/newsinfoco.com.br\\\/inicio\\\/author\\\/administrador\\\/#author\"},\"creator\":{\"@id\":\"https:\\\/\\\/newsinfoco.com.br\\\/inicio\\\/author\\\/administrador\\\/#author\"},\"image\":{\"@type\":\"ImageObject\",\"url\":\"https:\\\/\\\/newsinfoco.com.br\\\/inicio\\\/wp-content\\\/uploads\\\/2023\\\/02\\\/janja-768x522-1.webp\",\"@id\":\"https:\\\/\\\/newsinfoco.com.br\\\/inicio\\\/janja-recebe-criticas-por-pular-carnaval-em-meio-a-tragedia-no-litoral-de-sao-paulo\\\/#mainImage\",\"width\":768,\"height\":522},\"primaryImageOfPage\":{\"@id\":\"https:\\\/\\\/newsinfoco.com.br\\\/inicio\\\/janja-recebe-criticas-por-pular-carnaval-em-meio-a-tragedia-no-litoral-de-sao-paulo\\\/#mainImage\"},\"datePublished\":\"2023-02-22T10:55:29-03:00\",\"dateModified\":\"2023-02-22T10:55:29-03:00\"},{\"@type\":\"WebSite\",\"@id\":\"https:\\\/\\\/newsinfoco.com.br\\\/inicio\\\/#website\",\"url\":\"https:\\\/\\\/newsinfoco.com.br\\\/inicio\\\/\",\"name\":\"News In Foco - Editado por Caio Pimenta\",\"description\":\"O principal site de noticias de Alagoinhas e regi\\u00e3o\",\"inLanguage\":\"pt-BR\",\"publisher\":{\"@id\":\"https:\\\/\\\/newsinfoco.com.br\\\/inicio\\\/#organization\"}}]}\n\t\t<\/script>\n\t\t<!-- All in One SEO -->\n\n","aioseo_head_json":{"title":"Janja recebe cr\u00edticas por pular Carnaval em meio \u00e0 trag\u00e9dia no litoral de S\u00e3o Paulo - News In Foco - Editado por Caio Pimenta","description":"A primeira-dama Janja foi criticada nesta ter\u00e7a-feira, 21, por permanecer no Carnaval da Bahia, em vez de ir ao litoral norte de S\u00e3o Paulo para prestar solidariedade \u00e0s v\u00edtimas da destrui\u00e7\u00e3o provocada pela chuva. Embora n\u00e3o tenha cargo p\u00fablico, Janja tem participado ativamente do governo, desde a transi\u00e7\u00e3o. Ela compareceu a uma s\u00e9rie de eventos","canonical_url":"https:\/\/newsinfoco.com.br\/inicio\/janja-recebe-criticas-por-pular-carnaval-em-meio-a-tragedia-no-litoral-de-sao-paulo\/","robots":"max-image-preview:large","keywords":"","webmasterTools":{"miscellaneous":""},"schema":{"@context":"https:\/\/schema.org","@graph":[{"@type":"BlogPosting","@id":"https:\/\/newsinfoco.com.br\/inicio\/janja-recebe-criticas-por-pular-carnaval-em-meio-a-tragedia-no-litoral-de-sao-paulo\/#blogposting","name":"Janja recebe cr\u00edticas por pular Carnaval em meio \u00e0 trag\u00e9dia no litoral de S\u00e3o Paulo - News In Foco - Editado por Caio Pimenta","headline":"Janja recebe cr\u00edticas por pular Carnaval em meio \u00e0 trag\u00e9dia no litoral de S\u00e3o Paulo","author":{"@id":"https:\/\/newsinfoco.com.br\/inicio\/author\/administrador\/#author"},"publisher":{"@id":"https:\/\/newsinfoco.com.br\/inicio\/#organization"},"image":{"@type":"ImageObject","url":"https:\/\/newsinfoco.com.br\/inicio\/wp-content\/uploads\/2023\/02\/janja-768x522-1.webp","width":768,"height":522},"datePublished":"2023-02-22T10:55:29-03:00","dateModified":"2023-02-22T10:55:29-03:00","inLanguage":"pt-BR","mainEntityOfPage":{"@id":"https:\/\/newsinfoco.com.br\/inicio\/janja-recebe-criticas-por-pular-carnaval-em-meio-a-tragedia-no-litoral-de-sao-paulo\/#webpage"},"isPartOf":{"@id":"https:\/\/newsinfoco.com.br\/inicio\/janja-recebe-criticas-por-pular-carnaval-em-meio-a-tragedia-no-litoral-de-sao-paulo\/#webpage"},"articleSection":"Pol\u00edtica"},{"@type":"BreadcrumbList","@id":"https:\/\/newsinfoco.com.br\/inicio\/janja-recebe-criticas-por-pular-carnaval-em-meio-a-tragedia-no-litoral-de-sao-paulo\/#breadcrumblist","itemListElement":[{"@type":"ListItem","@id":"https:\/\/newsinfoco.com.br\/inicio#listItem","position":1,"name":"In\u00edcio","item":"https:\/\/newsinfoco.com.br\/inicio","nextItem":{"@type":"ListItem","@id":"https:\/\/newsinfoco.com.br\/inicio\/category\/politica\/#listItem","name":"Pol\u00edtica"}},{"@type":"ListItem","@id":"https:\/\/newsinfoco.com.br\/inicio\/category\/politica\/#listItem","position":2,"name":"Pol\u00edtica","item":"https:\/\/newsinfoco.com.br\/inicio\/category\/politica\/","nextItem":{"@type":"ListItem","@id":"https:\/\/newsinfoco.com.br\/inicio\/janja-recebe-criticas-por-pular-carnaval-em-meio-a-tragedia-no-litoral-de-sao-paulo\/#listItem","name":"Janja recebe cr\u00edticas por pular Carnaval em meio \u00e0 trag\u00e9dia no litoral de S\u00e3o Paulo"},"previousItem":{"@type":"ListItem","@id":"https:\/\/newsinfoco.com.br\/inicio#listItem","name":"In\u00edcio"}},{"@type":"ListItem","@id":"https:\/\/newsinfoco.com.br\/inicio\/janja-recebe-criticas-por-pular-carnaval-em-meio-a-tragedia-no-litoral-de-sao-paulo\/#listItem","position":3,"name":"Janja recebe cr\u00edticas por pular Carnaval em meio \u00e0 trag\u00e9dia no litoral de S\u00e3o Paulo","previousItem":{"@type":"ListItem","@id":"https:\/\/newsinfoco.com.br\/inicio\/category\/politica\/#listItem","name":"Pol\u00edtica"}}]},{"@type":"Organization","@id":"https:\/\/newsinfoco.com.br\/inicio\/#organization","name":"News In Foco - Editado por Caio Pimenta","description":"O principal site de noticias de Alagoinhas e regi\u00e3o","url":"https:\/\/newsinfoco.com.br\/inicio\/"},{"@type":"Person","@id":"https:\/\/newsinfoco.com.br\/inicio\/author\/administrador\/#author","url":"https:\/\/newsinfoco.com.br\/inicio\/author\/administrador\/","name":"administrador","image":{"@type":"ImageObject","@id":"https:\/\/newsinfoco.com.br\/inicio\/janja-recebe-criticas-por-pular-carnaval-em-meio-a-tragedia-no-litoral-de-sao-paulo\/#authorImage","url":"https:\/\/secure.gravatar.com\/avatar\/c17a617433de8c1dc9584bb79aab7563b46f5bb7e1728c9b17d9cc3ce6a08e49?s=96&d=mm&r=g","width":96,"height":96,"caption":"administrador"}},{"@type":"WebPage","@id":"https:\/\/newsinfoco.com.br\/inicio\/janja-recebe-criticas-por-pular-carnaval-em-meio-a-tragedia-no-litoral-de-sao-paulo\/#webpage","url":"https:\/\/newsinfoco.com.br\/inicio\/janja-recebe-criticas-por-pular-carnaval-em-meio-a-tragedia-no-litoral-de-sao-paulo\/","name":"Janja recebe cr\u00edticas por pular Carnaval em meio \u00e0 trag\u00e9dia no litoral de S\u00e3o Paulo - News In Foco - Editado por Caio Pimenta","description":"A primeira-dama Janja foi criticada nesta ter\u00e7a-feira, 21, por permanecer no Carnaval da Bahia, em vez de ir ao litoral norte de S\u00e3o Paulo para prestar solidariedade \u00e0s v\u00edtimas da destrui\u00e7\u00e3o provocada pela chuva. Embora n\u00e3o tenha cargo p\u00fablico, Janja tem participado ativamente do governo, desde a transi\u00e7\u00e3o. Ela compareceu a uma s\u00e9rie de eventos","inLanguage":"pt-BR","isPartOf":{"@id":"https:\/\/newsinfoco.com.br\/inicio\/#website"},"breadcrumb":{"@id":"https:\/\/newsinfoco.com.br\/inicio\/janja-recebe-criticas-por-pular-carnaval-em-meio-a-tragedia-no-litoral-de-sao-paulo\/#breadcrumblist"},"author":{"@id":"https:\/\/newsinfoco.com.br\/inicio\/author\/administrador\/#author"},"creator":{"@id":"https:\/\/newsinfoco.com.br\/inicio\/author\/administrador\/#author"},"image":{"@type":"ImageObject","url":"https:\/\/newsinfoco.com.br\/inicio\/wp-content\/uploads\/2023\/02\/janja-768x522-1.webp","@id":"https:\/\/newsinfoco.com.br\/inicio\/janja-recebe-criticas-por-pular-carnaval-em-meio-a-tragedia-no-litoral-de-sao-paulo\/#mainImage","width":768,"height":522},"primaryImageOfPage":{"@id":"https:\/\/newsinfoco.com.br\/inicio\/janja-recebe-criticas-por-pular-carnaval-em-meio-a-tragedia-no-litoral-de-sao-paulo\/#mainImage"},"datePublished":"2023-02-22T10:55:29-03:00","dateModified":"2023-02-22T10:55:29-03:00"},{"@type":"WebSite","@id":"https:\/\/newsinfoco.com.br\/inicio\/#website","url":"https:\/\/newsinfoco.com.br\/inicio\/","name":"News In Foco - Editado por Caio Pimenta","description":"O principal site de noticias de Alagoinhas e regi\u00e3o","inLanguage":"pt-BR","publisher":{"@id":"https:\/\/newsinfoco.com.br\/inicio\/#organization"}}]},"og:locale":"pt_BR","og:site_name":"News In Foco - Editado por Caio Pimenta - O principal site de noticias de Alagoinhas e regi\u00e3o","og:type":"article","og:title":"Janja recebe cr\u00edticas por pular Carnaval em meio \u00e0 trag\u00e9dia no litoral de S\u00e3o Paulo - News In Foco - Editado por Caio Pimenta","og:description":"A primeira-dama Janja foi criticada nesta ter\u00e7a-feira, 21, por permanecer no Carnaval da Bahia, em vez de ir ao litoral norte de S\u00e3o Paulo para prestar solidariedade \u00e0s v\u00edtimas da destrui\u00e7\u00e3o provocada pela chuva. Embora n\u00e3o tenha cargo p\u00fablico, Janja tem participado ativamente do governo, desde a transi\u00e7\u00e3o. Ela compareceu a uma s\u00e9rie de eventos","og:url":"https:\/\/newsinfoco.com.br\/inicio\/janja-recebe-criticas-por-pular-carnaval-em-meio-a-tragedia-no-litoral-de-sao-paulo\/","article:published_time":"2023-02-22T13:55:29+00:00","article:modified_time":"2023-02-22T13:55:29+00:00","twitter:card":"summary_large_image","twitter:title":"Janja recebe cr\u00edticas por pular Carnaval em meio \u00e0 trag\u00e9dia no litoral de S\u00e3o Paulo - News In Foco - Editado por Caio Pimenta","twitter:description":"A primeira-dama Janja foi criticada nesta ter\u00e7a-feira, 21, por permanecer no Carnaval da Bahia, em vez de ir ao litoral norte de S\u00e3o Paulo para prestar solidariedade \u00e0s v\u00edtimas da destrui\u00e7\u00e3o provocada pela chuva. Embora n\u00e3o tenha cargo p\u00fablico, Janja tem participado ativamente do governo, desde a transi\u00e7\u00e3o. Ela compareceu a uma s\u00e9rie de eventos"},"aioseo_meta_data":{"post_id":"33127","title":null,"description":null,"keywords":null,"keyphrases":null,"primary_term":null,"canonical_url":null,"og_title":null,"og_description":null,"og_object_type":"default","og_image_type":"default","og_image_url":null,"og_image_width":null,"og_image_height":null,"og_image_custom_url":null,"og_image_custom_fields":null,"og_video":null,"og_custom_url":null,"og_article_section":null,"og_article_tags":null,"twitter_use_og":false,"twitter_card":"default","twitter_image_type":"default","twitter_image_url":null,"twitter_image_custom_url":null,"twitter_image_custom_fields":null,"twitter_title":null,"twitter_description":null,"schema":{"blockGraphs":[],"customGraphs":[],"default":{"data":{"Article":[],"Course":[],"Dataset":[],"FAQPage":[],"Movie":[],"Person":[],"Product":[],"ProductReview":[],"Car":[],"Recipe":[],"Service":[],"SoftwareApplication":[],"WebPage":[]},"graphName":"","isEnabled":true},"graphs":[]},"schema_type":"default","schema_type_options":null,"pillar_content":false,"robots_default":true,"robots_noindex":false,"robots_noarchive":false,"robots_nosnippet":false,"robots_nofollow":false,"robots_noimageindex":false,"robots_noodp":false,"robots_notranslate":false,"robots_max_snippet":null,"robots_max_videopreview":null,"robots_max_imagepreview":"large","priority":null,"frequency":null,"local_seo":null,"breadcrumb_settings":null,"limit_modified_date":false,"ai":null,"created":"2023-06-12 22:56:50","updated":"2025-07-11 09:13:58","seo_analyzer_scan_date":null},"aioseo_breadcrumb":"<div class=\"aioseo-breadcrumbs\"><span class=\"aioseo-breadcrumb\">\n\t\t\t<a href=\"https:\/\/newsinfoco.com.br\/inicio\" title=\"In\u00edcio\">In\u00edcio<\/a>\n\t\t<\/span><span class=\"aioseo-breadcrumb-separator\">&raquo;<\/span><span class=\"aioseo-breadcrumb\">\n\t\t\t<a href=\"https:\/\/newsinfoco.com.br\/inicio\/category\/politica\/\" title=\"Pol\u00edtica\">Pol\u00edtica<\/a>\n\t\t<\/span><span class=\"aioseo-breadcrumb-separator\">&raquo;<\/span><span class=\"aioseo-breadcrumb\">\n\t\t\tJanja recebe cr\u00edticas por pular Carnaval em meio \u00e0 trag\u00e9dia no litoral de S\u00e3o Paulo\n\t\t<\/span><\/div>","aioseo_breadcrumb_json":[{"label":"In\u00edcio","link":"https:\/\/newsinfoco.com.br\/inicio"},{"label":"Pol\u00edtica","link":"https:\/\/newsinfoco.com.br\/inicio\/category\/politica\/"},{"label":"Janja recebe cr\u00edticas por pular Carnaval em meio \u00e0 trag\u00e9dia no litoral de S\u00e3o Paulo","link":"https:\/\/newsinfoco.com.br\/inicio\/janja-recebe-criticas-por-pular-carnaval-em-meio-a-tragedia-no-litoral-de-sao-paulo\/"}],"_links":{"self":[{"href":"https:\/\/newsinfoco.com.br\/inicio\/wp-json\/wp\/v2\/posts\/33127","targetHints":{"allow":["GET"]}}],"collection":[{"href":"https:\/\/newsinfoco.com.br\/inicio\/wp-json\/wp\/v2\/posts"}],"about":[{"href":"https:\/\/newsinfoco.com.br\/inicio\/wp-json\/wp\/v2\/types\/post"}],"author":[{"embeddable":true,"href":"https:\/\/newsinfoco.com.br\/inicio\/wp-json\/wp\/v2\/users\/1"}],"replies":[{"embeddable":true,"href":"https:\/\/newsinfoco.com.br\/inicio\/wp-json\/wp\/v2\/comments?post=33127"}],"version-history":[{"count":1,"href":"https:\/\/newsinfoco.com.br\/inicio\/wp-json\/wp\/v2\/posts\/33127\/revisions"}],"predecessor-version":[{"id":33129,"href":"https:\/\/newsinfoco.com.br\/inicio\/wp-json\/wp\/v2\/posts\/33127\/revisions\/33129"}],"wp:featuredmedia":[{"embeddable":true,"href":"https:\/\/newsinfoco.com.br\/inicio\/wp-json\/wp\/v2\/media\/33128"}],"wp:attachment":[{"href":"https:\/\/newsinfoco.com.br\/inicio\/wp-json\/wp\/v2\/media?parent=33127"}],"wp:term":[{"taxonomy":"category","embeddable":true,"href":"https:\/\/newsinfoco.com.br\/inicio\/wp-json\/wp\/v2\/categories?post=33127"},{"taxonomy":"post_tag","embeddable":true,"href":"https:\/\/newsinfoco.com.br\/inicio\/wp-json\/wp\/v2\/tags?post=33127"}],"curies":[{"name":"wp","href":"https:\/\/api.w.org\/{rel}","templated":true}]}}