{"id":33130,"date":"2023-02-22T10:59:12","date_gmt":"2023-02-22T13:59:12","guid":{"rendered":"https:\/\/newsinfoco.com.br\/inicio\/?p=33130"},"modified":"2023-02-22T10:59:12","modified_gmt":"2023-02-22T13:59:12","slug":"arthur-lira-deve-dar-mais-uma-semana-de-tregua-a-lula-apos-o-carnaval","status":"publish","type":"post","link":"https:\/\/newsinfoco.com.br\/inicio\/arthur-lira-deve-dar-mais-uma-semana-de-tregua-a-lula-apos-o-carnaval\/","title":{"rendered":"Arthur Lira deve dar mais uma semana de \u201ctr\u00e9gua\u201d a Lula ap\u00f3s o Carnaval"},"content":{"rendered":"<p>O presidente da C\u00e2mara dos Deputados, Arthur Lira (PP-AL deve dar mais uma semana de tr\u00e9gua ao presidente Luiz In\u00e1cio Lula da Silva ap\u00f3s o Carnaval. Ele teria acordado com l\u00edderes partid\u00e1rios que toda a pauta da semana ap\u00f3s o feriado ser\u00e1 de projetos de consenso da bancada feminina, em raz\u00e3o do Dia Internacional da Mulher, em 8 de mar\u00e7o.<\/p>\n<p>Mas, ap\u00f3s votar essas propostas, no entanto, o presidente da C\u00e2mara levar\u00e1 ao plen\u00e1rio medidas provis\u00f3rias da gest\u00e3o do ex-presidente Jair Bolsonaro (PL). Entre elas, a Medida Provis\u00f3ria (MP) que altera a lei dos benef\u00edcios fiscais concedidas para o setor de eventos.<\/p>\n<p>E n\u00e3o para por a\u00ed. Lira tamb\u00e9m pretende come\u00e7ar a pautar, segundo o Metr\u00f3poles, as medidas provis\u00f3rias editadas pelo governo Lula, entre elas, a que retoma o voto de qualidade no Carf e a que reestruturou a Esplanada dos Minist\u00e9rios.<\/p>\n<p>Nesses casos, o governo j\u00e1 sabe que enfrentar\u00e1 resist\u00eancia n\u00e3o s\u00f3 da oposi\u00e7\u00e3o, como de parlamentares do Centr\u00e3o. O principal embate deve se dar na MP do Carf, sobre a qual Lira j\u00e1 anunciou posi\u00e7\u00e3o contr\u00e1ria.<\/p>\n<p>Lula n\u00e3o deve contar com a boa vontade do presidente da C\u00e2mara, como contou antes do Carnaval, quando a C\u00e2mara p\u00f4s em vota\u00e7\u00e3o no plen\u00e1rio apenas temas de consenso.<\/p>\n<p>&nbsp;<\/p>\n<p>Bahia.ba<\/p>\n<div class='share-to-whatsapp-wrapper'><div class='share-on-whsp'>Share on: <\/div><a data-text='Arthur Lira deve dar mais uma semana de \u201ctr\u00e9gua\u201d a Lula ap\u00f3s o Carnaval' data-link='https:\/\/newsinfoco.com.br\/inicio\/arthur-lira-deve-dar-mais-uma-semana-de-tregua-a-lula-apos-o-carnaval\/' class='whatsapp-button whatsapp-share'>WhatsApp<\/a><div class='clear '><\/div><\/div>","protected":false},"excerpt":{"rendered":"<p>O presidente da C\u00e2mara dos Deputados, Arthur Lira (PP-AL deve dar mais uma semana de tr\u00e9gua ao presidente Luiz In\u00e1cio Lula da Silva ap\u00f3s o Carnaval. Ele teria acordado com l\u00edderes partid\u00e1rios que toda a pauta da semana ap\u00f3s o feriado ser\u00e1 de projetos de consenso da bancada feminina, em raz\u00e3o do Dia Internacional da [&hellip;]<\/p>\n","protected":false},"author":1,"featured_media":33131,"comment_status":"closed","ping_status":"closed","sticky":false,"template":"","format":"standard","meta":{"om_disable_all_campaigns":false,"rop_custom_images_group":[],"rop_custom_messages_group":[],"rop_publish_now":"initial","rop_publish_now_accounts":[],"rop_publish_now_history":[],"rop_publish_now_status":"pending","_exactmetrics_skip_tracking":false,"footnotes":""},"categories":[40],"tags":[],"class_list":["post-33130","post","type-post","status-publish","format-standard","has-post-thumbnail","hentry","category-politica"],"aioseo_notices":[],"aioseo_head":"\n\t\t<!-- All in One SEO 4.9.10 - aioseo.com -->\n\t<meta name=\"description\" content=\"O presidente da C\u00e2mara dos Deputados, Arthur Lira (PP-AL deve dar mais uma semana de tr\u00e9gua ao presidente Luiz In\u00e1cio Lula da Silva ap\u00f3s o Carnaval. Ele teria acordado com l\u00edderes partid\u00e1rios que toda a pauta da semana ap\u00f3s o feriado ser\u00e1 de projetos de consenso da bancada feminina, em raz\u00e3o do Dia Internacional da\" \/>\n\t<meta name=\"robots\" content=\"max-image-preview:large\" \/>\n\t<meta name=\"author\" content=\"administrador\"\/>\n\t<link rel=\"canonical\" href=\"https:\/\/newsinfoco.com.br\/inicio\/arthur-lira-deve-dar-mais-uma-semana-de-tregua-a-lula-apos-o-carnaval\/\" \/>\n\t<meta name=\"generator\" content=\"All in One SEO (AIOSEO) 4.9.10\" \/>\n\t\t<meta property=\"og:locale\" content=\"pt_BR\" \/>\n\t\t<meta property=\"og:site_name\" content=\"News In Foco - Editado por Caio Pimenta - O principal site de noticias de Alagoinhas e regi\u00e3o\" \/>\n\t\t<meta property=\"og:type\" content=\"article\" \/>\n\t\t<meta property=\"og:title\" content=\"Arthur Lira deve dar mais uma semana de \u201ctr\u00e9gua\u201d a Lula ap\u00f3s o Carnaval - News In Foco - Editado por Caio Pimenta\" \/>\n\t\t<meta property=\"og:description\" content=\"O presidente da C\u00e2mara dos Deputados, Arthur Lira (PP-AL deve dar mais uma semana de tr\u00e9gua ao presidente Luiz In\u00e1cio Lula da Silva ap\u00f3s o Carnaval. Ele teria acordado com l\u00edderes partid\u00e1rios que toda a pauta da semana ap\u00f3s o feriado ser\u00e1 de projetos de consenso da bancada feminina, em raz\u00e3o do Dia Internacional da\" \/>\n\t\t<meta property=\"og:url\" content=\"https:\/\/newsinfoco.com.br\/inicio\/arthur-lira-deve-dar-mais-uma-semana-de-tregua-a-lula-apos-o-carnaval\/\" \/>\n\t\t<meta property=\"article:published_time\" content=\"2023-02-22T13:59:12+00:00\" \/>\n\t\t<meta property=\"article:modified_time\" content=\"2023-02-22T13:59:12+00:00\" \/>\n\t\t<meta name=\"twitter:card\" content=\"summary_large_image\" \/>\n\t\t<meta name=\"twitter:title\" content=\"Arthur Lira deve dar mais uma semana de \u201ctr\u00e9gua\u201d a Lula ap\u00f3s o Carnaval - News In Foco - Editado por Caio Pimenta\" \/>\n\t\t<meta name=\"twitter:description\" content=\"O presidente da C\u00e2mara dos Deputados, Arthur Lira (PP-AL deve dar mais uma semana de tr\u00e9gua ao presidente Luiz In\u00e1cio Lula da Silva ap\u00f3s o Carnaval. Ele teria acordado com l\u00edderes partid\u00e1rios que toda a pauta da semana ap\u00f3s o feriado ser\u00e1 de projetos de consenso da bancada feminina, em raz\u00e3o do Dia Internacional da\" \/>\n\t\t<script type=\"application\/ld+json\" class=\"aioseo-schema\">\n\t\t\t{\"@context\":\"https:\\\/\\\/schema.org\",\"@graph\":[{\"@type\":\"BlogPosting\",\"@id\":\"https:\\\/\\\/newsinfoco.com.br\\\/inicio\\\/arthur-lira-deve-dar-mais-uma-semana-de-tregua-a-lula-apos-o-carnaval\\\/#blogposting\",\"name\":\"Arthur Lira deve dar mais uma semana de \\u201ctr\\u00e9gua\\u201d a Lula ap\\u00f3s o Carnaval - News In Foco - Editado por Caio Pimenta\",\"headline\":\"Arthur Lira deve dar mais uma semana de \\u201ctr\\u00e9gua\\u201d a Lula ap\\u00f3s o Carnaval\",\"author\":{\"@id\":\"https:\\\/\\\/newsinfoco.com.br\\\/inicio\\\/author\\\/administrador\\\/#author\"},\"publisher\":{\"@id\":\"https:\\\/\\\/newsinfoco.com.br\\\/inicio\\\/#organization\"},\"image\":{\"@type\":\"ImageObject\",\"url\":\"https:\\\/\\\/newsinfoco.com.br\\\/inicio\\\/wp-content\\\/uploads\\\/2023\\\/02\\\/arthur-lira-lula-brasilia-9nov2022.jpg\",\"width\":600,\"height\":420},\"datePublished\":\"2023-02-22T10:59:12-03:00\",\"dateModified\":\"2023-02-22T10:59:12-03:00\",\"inLanguage\":\"pt-BR\",\"mainEntityOfPage\":{\"@id\":\"https:\\\/\\\/newsinfoco.com.br\\\/inicio\\\/arthur-lira-deve-dar-mais-uma-semana-de-tregua-a-lula-apos-o-carnaval\\\/#webpage\"},\"isPartOf\":{\"@id\":\"https:\\\/\\\/newsinfoco.com.br\\\/inicio\\\/arthur-lira-deve-dar-mais-uma-semana-de-tregua-a-lula-apos-o-carnaval\\\/#webpage\"},\"articleSection\":\"Pol\\u00edtica\"},{\"@type\":\"BreadcrumbList\",\"@id\":\"https:\\\/\\\/newsinfoco.com.br\\\/inicio\\\/arthur-lira-deve-dar-mais-uma-semana-de-tregua-a-lula-apos-o-carnaval\\\/#breadcrumblist\",\"itemListElement\":[{\"@type\":\"ListItem\",\"@id\":\"https:\\\/\\\/newsinfoco.com.br\\\/inicio#listItem\",\"position\":1,\"name\":\"In\\u00edcio\",\"item\":\"https:\\\/\\\/newsinfoco.com.br\\\/inicio\",\"nextItem\":{\"@type\":\"ListItem\",\"@id\":\"https:\\\/\\\/newsinfoco.com.br\\\/inicio\\\/category\\\/politica\\\/#listItem\",\"name\":\"Pol\\u00edtica\"}},{\"@type\":\"ListItem\",\"@id\":\"https:\\\/\\\/newsinfoco.com.br\\\/inicio\\\/category\\\/politica\\\/#listItem\",\"position\":2,\"name\":\"Pol\\u00edtica\",\"item\":\"https:\\\/\\\/newsinfoco.com.br\\\/inicio\\\/category\\\/politica\\\/\",\"nextItem\":{\"@type\":\"ListItem\",\"@id\":\"https:\\\/\\\/newsinfoco.com.br\\\/inicio\\\/arthur-lira-deve-dar-mais-uma-semana-de-tregua-a-lula-apos-o-carnaval\\\/#listItem\",\"name\":\"Arthur Lira deve dar mais uma semana de \\u201ctr\\u00e9gua\\u201d a Lula ap\\u00f3s o Carnaval\"},\"previousItem\":{\"@type\":\"ListItem\",\"@id\":\"https:\\\/\\\/newsinfoco.com.br\\\/inicio#listItem\",\"name\":\"In\\u00edcio\"}},{\"@type\":\"ListItem\",\"@id\":\"https:\\\/\\\/newsinfoco.com.br\\\/inicio\\\/arthur-lira-deve-dar-mais-uma-semana-de-tregua-a-lula-apos-o-carnaval\\\/#listItem\",\"position\":3,\"name\":\"Arthur Lira deve dar mais uma semana de \\u201ctr\\u00e9gua\\u201d a Lula ap\\u00f3s o Carnaval\",\"previousItem\":{\"@type\":\"ListItem\",\"@id\":\"https:\\\/\\\/newsinfoco.com.br\\\/inicio\\\/category\\\/politica\\\/#listItem\",\"name\":\"Pol\\u00edtica\"}}]},{\"@type\":\"Organization\",\"@id\":\"https:\\\/\\\/newsinfoco.com.br\\\/inicio\\\/#organization\",\"name\":\"News In Foco - Editado por Caio Pimenta\",\"description\":\"O principal site de noticias de Alagoinhas e regi\\u00e3o\",\"url\":\"https:\\\/\\\/newsinfoco.com.br\\\/inicio\\\/\"},{\"@type\":\"Person\",\"@id\":\"https:\\\/\\\/newsinfoco.com.br\\\/inicio\\\/author\\\/administrador\\\/#author\",\"url\":\"https:\\\/\\\/newsinfoco.com.br\\\/inicio\\\/author\\\/administrador\\\/\",\"name\":\"administrador\",\"image\":{\"@type\":\"ImageObject\",\"@id\":\"https:\\\/\\\/newsinfoco.com.br\\\/inicio\\\/arthur-lira-deve-dar-mais-uma-semana-de-tregua-a-lula-apos-o-carnaval\\\/#authorImage\",\"url\":\"https:\\\/\\\/secure.gravatar.com\\\/avatar\\\/c17a617433de8c1dc9584bb79aab7563b46f5bb7e1728c9b17d9cc3ce6a08e49?s=96&d=mm&r=g\",\"width\":96,\"height\":96,\"caption\":\"administrador\"}},{\"@type\":\"WebPage\",\"@id\":\"https:\\\/\\\/newsinfoco.com.br\\\/inicio\\\/arthur-lira-deve-dar-mais-uma-semana-de-tregua-a-lula-apos-o-carnaval\\\/#webpage\",\"url\":\"https:\\\/\\\/newsinfoco.com.br\\\/inicio\\\/arthur-lira-deve-dar-mais-uma-semana-de-tregua-a-lula-apos-o-carnaval\\\/\",\"name\":\"Arthur Lira deve dar mais uma semana de \\u201ctr\\u00e9gua\\u201d a Lula ap\\u00f3s o Carnaval - News In Foco - Editado por Caio Pimenta\",\"description\":\"O presidente da C\\u00e2mara dos Deputados, Arthur Lira (PP-AL deve dar mais uma semana de tr\\u00e9gua ao presidente Luiz In\\u00e1cio Lula da Silva ap\\u00f3s o Carnaval. Ele teria acordado com l\\u00edderes partid\\u00e1rios que toda a pauta da semana ap\\u00f3s o feriado ser\\u00e1 de projetos de consenso da bancada feminina, em raz\\u00e3o do Dia Internacional da\",\"inLanguage\":\"pt-BR\",\"isPartOf\":{\"@id\":\"https:\\\/\\\/newsinfoco.com.br\\\/inicio\\\/#website\"},\"breadcrumb\":{\"@id\":\"https:\\\/\\\/newsinfoco.com.br\\\/inicio\\\/arthur-lira-deve-dar-mais-uma-semana-de-tregua-a-lula-apos-o-carnaval\\\/#breadcrumblist\"},\"author\":{\"@id\":\"https:\\\/\\\/newsinfoco.com.br\\\/inicio\\\/author\\\/administrador\\\/#author\"},\"creator\":{\"@id\":\"https:\\\/\\\/newsinfoco.com.br\\\/inicio\\\/author\\\/administrador\\\/#author\"},\"image\":{\"@type\":\"ImageObject\",\"url\":\"https:\\\/\\\/newsinfoco.com.br\\\/inicio\\\/wp-content\\\/uploads\\\/2023\\\/02\\\/arthur-lira-lula-brasilia-9nov2022.jpg\",\"@id\":\"https:\\\/\\\/newsinfoco.com.br\\\/inicio\\\/arthur-lira-deve-dar-mais-uma-semana-de-tregua-a-lula-apos-o-carnaval\\\/#mainImage\",\"width\":600,\"height\":420},\"primaryImageOfPage\":{\"@id\":\"https:\\\/\\\/newsinfoco.com.br\\\/inicio\\\/arthur-lira-deve-dar-mais-uma-semana-de-tregua-a-lula-apos-o-carnaval\\\/#mainImage\"},\"datePublished\":\"2023-02-22T10:59:12-03:00\",\"dateModified\":\"2023-02-22T10:59:12-03:00\"},{\"@type\":\"WebSite\",\"@id\":\"https:\\\/\\\/newsinfoco.com.br\\\/inicio\\\/#website\",\"url\":\"https:\\\/\\\/newsinfoco.com.br\\\/inicio\\\/\",\"name\":\"News In Foco - Editado por Caio Pimenta\",\"description\":\"O principal site de noticias de Alagoinhas e regi\\u00e3o\",\"inLanguage\":\"pt-BR\",\"publisher\":{\"@id\":\"https:\\\/\\\/newsinfoco.com.br\\\/inicio\\\/#organization\"}}]}\n\t\t<\/script>\n\t\t<!-- All in One SEO -->\n\n","aioseo_head_json":{"title":"Arthur Lira deve dar mais uma semana de \u201ctr\u00e9gua\u201d a Lula ap\u00f3s o Carnaval - News In Foco - Editado por Caio Pimenta","description":"O presidente da C\u00e2mara dos Deputados, Arthur Lira (PP-AL deve dar mais uma semana de tr\u00e9gua ao presidente Luiz In\u00e1cio Lula da Silva ap\u00f3s o Carnaval. Ele teria acordado com l\u00edderes partid\u00e1rios que toda a pauta da semana ap\u00f3s o feriado ser\u00e1 de projetos de consenso da bancada feminina, em raz\u00e3o do Dia Internacional da","canonical_url":"https:\/\/newsinfoco.com.br\/inicio\/arthur-lira-deve-dar-mais-uma-semana-de-tregua-a-lula-apos-o-carnaval\/","robots":"max-image-preview:large","keywords":"","webmasterTools":{"miscellaneous":""},"schema":{"@context":"https:\/\/schema.org","@graph":[{"@type":"BlogPosting","@id":"https:\/\/newsinfoco.com.br\/inicio\/arthur-lira-deve-dar-mais-uma-semana-de-tregua-a-lula-apos-o-carnaval\/#blogposting","name":"Arthur Lira deve dar mais uma semana de \u201ctr\u00e9gua\u201d a Lula ap\u00f3s o Carnaval - News In Foco - Editado por Caio Pimenta","headline":"Arthur Lira deve dar mais uma semana de \u201ctr\u00e9gua\u201d a Lula ap\u00f3s o Carnaval","author":{"@id":"https:\/\/newsinfoco.com.br\/inicio\/author\/administrador\/#author"},"publisher":{"@id":"https:\/\/newsinfoco.com.br\/inicio\/#organization"},"image":{"@type":"ImageObject","url":"https:\/\/newsinfoco.com.br\/inicio\/wp-content\/uploads\/2023\/02\/arthur-lira-lula-brasilia-9nov2022.jpg","width":600,"height":420},"datePublished":"2023-02-22T10:59:12-03:00","dateModified":"2023-02-22T10:59:12-03:00","inLanguage":"pt-BR","mainEntityOfPage":{"@id":"https:\/\/newsinfoco.com.br\/inicio\/arthur-lira-deve-dar-mais-uma-semana-de-tregua-a-lula-apos-o-carnaval\/#webpage"},"isPartOf":{"@id":"https:\/\/newsinfoco.com.br\/inicio\/arthur-lira-deve-dar-mais-uma-semana-de-tregua-a-lula-apos-o-carnaval\/#webpage"},"articleSection":"Pol\u00edtica"},{"@type":"BreadcrumbList","@id":"https:\/\/newsinfoco.com.br\/inicio\/arthur-lira-deve-dar-mais-uma-semana-de-tregua-a-lula-apos-o-carnaval\/#breadcrumblist","itemListElement":[{"@type":"ListItem","@id":"https:\/\/newsinfoco.com.br\/inicio#listItem","position":1,"name":"In\u00edcio","item":"https:\/\/newsinfoco.com.br\/inicio","nextItem":{"@type":"ListItem","@id":"https:\/\/newsinfoco.com.br\/inicio\/category\/politica\/#listItem","name":"Pol\u00edtica"}},{"@type":"ListItem","@id":"https:\/\/newsinfoco.com.br\/inicio\/category\/politica\/#listItem","position":2,"name":"Pol\u00edtica","item":"https:\/\/newsinfoco.com.br\/inicio\/category\/politica\/","nextItem":{"@type":"ListItem","@id":"https:\/\/newsinfoco.com.br\/inicio\/arthur-lira-deve-dar-mais-uma-semana-de-tregua-a-lula-apos-o-carnaval\/#listItem","name":"Arthur Lira deve dar mais uma semana de \u201ctr\u00e9gua\u201d a Lula ap\u00f3s o Carnaval"},"previousItem":{"@type":"ListItem","@id":"https:\/\/newsinfoco.com.br\/inicio#listItem","name":"In\u00edcio"}},{"@type":"ListItem","@id":"https:\/\/newsinfoco.com.br\/inicio\/arthur-lira-deve-dar-mais-uma-semana-de-tregua-a-lula-apos-o-carnaval\/#listItem","position":3,"name":"Arthur Lira deve dar mais uma semana de \u201ctr\u00e9gua\u201d a Lula ap\u00f3s o Carnaval","previousItem":{"@type":"ListItem","@id":"https:\/\/newsinfoco.com.br\/inicio\/category\/politica\/#listItem","name":"Pol\u00edtica"}}]},{"@type":"Organization","@id":"https:\/\/newsinfoco.com.br\/inicio\/#organization","name":"News In Foco - Editado por Caio Pimenta","description":"O principal site de noticias de Alagoinhas e regi\u00e3o","url":"https:\/\/newsinfoco.com.br\/inicio\/"},{"@type":"Person","@id":"https:\/\/newsinfoco.com.br\/inicio\/author\/administrador\/#author","url":"https:\/\/newsinfoco.com.br\/inicio\/author\/administrador\/","name":"administrador","image":{"@type":"ImageObject","@id":"https:\/\/newsinfoco.com.br\/inicio\/arthur-lira-deve-dar-mais-uma-semana-de-tregua-a-lula-apos-o-carnaval\/#authorImage","url":"https:\/\/secure.gravatar.com\/avatar\/c17a617433de8c1dc9584bb79aab7563b46f5bb7e1728c9b17d9cc3ce6a08e49?s=96&d=mm&r=g","width":96,"height":96,"caption":"administrador"}},{"@type":"WebPage","@id":"https:\/\/newsinfoco.com.br\/inicio\/arthur-lira-deve-dar-mais-uma-semana-de-tregua-a-lula-apos-o-carnaval\/#webpage","url":"https:\/\/newsinfoco.com.br\/inicio\/arthur-lira-deve-dar-mais-uma-semana-de-tregua-a-lula-apos-o-carnaval\/","name":"Arthur Lira deve dar mais uma semana de \u201ctr\u00e9gua\u201d a Lula ap\u00f3s o Carnaval - News In Foco - Editado por Caio Pimenta","description":"O presidente da C\u00e2mara dos Deputados, Arthur Lira (PP-AL deve dar mais uma semana de tr\u00e9gua ao presidente Luiz In\u00e1cio Lula da Silva ap\u00f3s o Carnaval. Ele teria acordado com l\u00edderes partid\u00e1rios que toda a pauta da semana ap\u00f3s o feriado ser\u00e1 de projetos de consenso da bancada feminina, em raz\u00e3o do Dia Internacional da","inLanguage":"pt-BR","isPartOf":{"@id":"https:\/\/newsinfoco.com.br\/inicio\/#website"},"breadcrumb":{"@id":"https:\/\/newsinfoco.com.br\/inicio\/arthur-lira-deve-dar-mais-uma-semana-de-tregua-a-lula-apos-o-carnaval\/#breadcrumblist"},"author":{"@id":"https:\/\/newsinfoco.com.br\/inicio\/author\/administrador\/#author"},"creator":{"@id":"https:\/\/newsinfoco.com.br\/inicio\/author\/administrador\/#author"},"image":{"@type":"ImageObject","url":"https:\/\/newsinfoco.com.br\/inicio\/wp-content\/uploads\/2023\/02\/arthur-lira-lula-brasilia-9nov2022.jpg","@id":"https:\/\/newsinfoco.com.br\/inicio\/arthur-lira-deve-dar-mais-uma-semana-de-tregua-a-lula-apos-o-carnaval\/#mainImage","width":600,"height":420},"primaryImageOfPage":{"@id":"https:\/\/newsinfoco.com.br\/inicio\/arthur-lira-deve-dar-mais-uma-semana-de-tregua-a-lula-apos-o-carnaval\/#mainImage"},"datePublished":"2023-02-22T10:59:12-03:00","dateModified":"2023-02-22T10:59:12-03:00"},{"@type":"WebSite","@id":"https:\/\/newsinfoco.com.br\/inicio\/#website","url":"https:\/\/newsinfoco.com.br\/inicio\/","name":"News In Foco - Editado por Caio Pimenta","description":"O principal site de noticias de Alagoinhas e regi\u00e3o","inLanguage":"pt-BR","publisher":{"@id":"https:\/\/newsinfoco.com.br\/inicio\/#organization"}}]},"og:locale":"pt_BR","og:site_name":"News In Foco - Editado por Caio Pimenta - O principal site de noticias de Alagoinhas e regi\u00e3o","og:type":"article","og:title":"Arthur Lira deve dar mais uma semana de \u201ctr\u00e9gua\u201d a Lula ap\u00f3s o Carnaval - News In Foco - Editado por Caio Pimenta","og:description":"O presidente da C\u00e2mara dos Deputados, Arthur Lira (PP-AL deve dar mais uma semana de tr\u00e9gua ao presidente Luiz In\u00e1cio Lula da Silva ap\u00f3s o Carnaval. Ele teria acordado com l\u00edderes partid\u00e1rios que toda a pauta da semana ap\u00f3s o feriado ser\u00e1 de projetos de consenso da bancada feminina, em raz\u00e3o do Dia Internacional da","og:url":"https:\/\/newsinfoco.com.br\/inicio\/arthur-lira-deve-dar-mais-uma-semana-de-tregua-a-lula-apos-o-carnaval\/","article:published_time":"2023-02-22T13:59:12+00:00","article:modified_time":"2023-02-22T13:59:12+00:00","twitter:card":"summary_large_image","twitter:title":"Arthur Lira deve dar mais uma semana de \u201ctr\u00e9gua\u201d a Lula ap\u00f3s o Carnaval - News In Foco - Editado por Caio Pimenta","twitter:description":"O presidente da C\u00e2mara dos Deputados, Arthur Lira (PP-AL deve dar mais uma semana de tr\u00e9gua ao presidente Luiz In\u00e1cio Lula da Silva ap\u00f3s o Carnaval. Ele teria acordado com l\u00edderes partid\u00e1rios que toda a pauta da semana ap\u00f3s o feriado ser\u00e1 de projetos de consenso da bancada feminina, em raz\u00e3o do Dia Internacional da"},"aioseo_meta_data":{"post_id":"33130","title":null,"description":null,"keywords":null,"keyphrases":null,"primary_term":null,"canonical_url":null,"og_title":null,"og_description":null,"og_object_type":"default","og_image_type":"default","og_image_url":null,"og_image_width":null,"og_image_height":null,"og_image_custom_url":null,"og_image_custom_fields":null,"og_video":null,"og_custom_url":null,"og_article_section":null,"og_article_tags":null,"twitter_use_og":false,"twitter_card":"default","twitter_image_type":"default","twitter_image_url":null,"twitter_image_custom_url":null,"twitter_image_custom_fields":null,"twitter_title":null,"twitter_description":null,"schema":{"blockGraphs":[],"customGraphs":[],"default":{"data":{"Article":[],"Course":[],"Dataset":[],"FAQPage":[],"Movie":[],"Person":[],"Product":[],"ProductReview":[],"Car":[],"Recipe":[],"Service":[],"SoftwareApplication":[],"WebPage":[]},"graphName":"","isEnabled":true},"graphs":[]},"schema_type":"default","schema_type_options":null,"pillar_content":false,"robots_default":true,"robots_noindex":false,"robots_noarchive":false,"robots_nosnippet":false,"robots_nofollow":false,"robots_noimageindex":false,"robots_noodp":false,"robots_notranslate":false,"robots_max_snippet":null,"robots_max_videopreview":null,"robots_max_imagepreview":"large","priority":null,"frequency":null,"local_seo":null,"breadcrumb_settings":null,"limit_modified_date":false,"ai":null,"created":"2023-06-12 22:56:50","updated":"2025-07-11 09:13:58","seo_analyzer_scan_date":null},"aioseo_breadcrumb":"<div class=\"aioseo-breadcrumbs\"><span class=\"aioseo-breadcrumb\">\n\t\t\t<a href=\"https:\/\/newsinfoco.com.br\/inicio\" title=\"In\u00edcio\">In\u00edcio<\/a>\n\t\t<\/span><span class=\"aioseo-breadcrumb-separator\">&raquo;<\/span><span class=\"aioseo-breadcrumb\">\n\t\t\t<a href=\"https:\/\/newsinfoco.com.br\/inicio\/category\/politica\/\" title=\"Pol\u00edtica\">Pol\u00edtica<\/a>\n\t\t<\/span><span class=\"aioseo-breadcrumb-separator\">&raquo;<\/span><span class=\"aioseo-breadcrumb\">\n\t\t\tArthur Lira deve dar mais uma semana de \u201ctr\u00e9gua\u201d a Lula ap\u00f3s o Carnaval\n\t\t<\/span><\/div>","aioseo_breadcrumb_json":[{"label":"In\u00edcio","link":"https:\/\/newsinfoco.com.br\/inicio"},{"label":"Pol\u00edtica","link":"https:\/\/newsinfoco.com.br\/inicio\/category\/politica\/"},{"label":"Arthur Lira deve dar mais uma semana de \u201ctr\u00e9gua\u201d a Lula ap\u00f3s o Carnaval","link":"https:\/\/newsinfoco.com.br\/inicio\/arthur-lira-deve-dar-mais-uma-semana-de-tregua-a-lula-apos-o-carnaval\/"}],"_links":{"self":[{"href":"https:\/\/newsinfoco.com.br\/inicio\/wp-json\/wp\/v2\/posts\/33130","targetHints":{"allow":["GET"]}}],"collection":[{"href":"https:\/\/newsinfoco.com.br\/inicio\/wp-json\/wp\/v2\/posts"}],"about":[{"href":"https:\/\/newsinfoco.com.br\/inicio\/wp-json\/wp\/v2\/types\/post"}],"author":[{"embeddable":true,"href":"https:\/\/newsinfoco.com.br\/inicio\/wp-json\/wp\/v2\/users\/1"}],"replies":[{"embeddable":true,"href":"https:\/\/newsinfoco.com.br\/inicio\/wp-json\/wp\/v2\/comments?post=33130"}],"version-history":[{"count":1,"href":"https:\/\/newsinfoco.com.br\/inicio\/wp-json\/wp\/v2\/posts\/33130\/revisions"}],"predecessor-version":[{"id":33132,"href":"https:\/\/newsinfoco.com.br\/inicio\/wp-json\/wp\/v2\/posts\/33130\/revisions\/33132"}],"wp:featuredmedia":[{"embeddable":true,"href":"https:\/\/newsinfoco.com.br\/inicio\/wp-json\/wp\/v2\/media\/33131"}],"wp:attachment":[{"href":"https:\/\/newsinfoco.com.br\/inicio\/wp-json\/wp\/v2\/media?parent=33130"}],"wp:term":[{"taxonomy":"category","embeddable":true,"href":"https:\/\/newsinfoco.com.br\/inicio\/wp-json\/wp\/v2\/categories?post=33130"},{"taxonomy":"post_tag","embeddable":true,"href":"https:\/\/newsinfoco.com.br\/inicio\/wp-json\/wp\/v2\/tags?post=33130"}],"curies":[{"name":"wp","href":"https:\/\/api.w.org\/{rel}","templated":true}]}}