{"id":33133,"date":"2023-02-22T11:03:54","date_gmt":"2023-02-22T14:03:54","guid":{"rendered":"https:\/\/newsinfoco.com.br\/inicio\/?p=33133"},"modified":"2023-02-22T11:03:54","modified_gmt":"2023-02-22T14:03:54","slug":"pl-se-reune-para-reforcar-oposicao-a-lula-mas-admite-respeitar-traicoes","status":"publish","type":"post","link":"https:\/\/newsinfoco.com.br\/inicio\/pl-se-reune-para-reforcar-oposicao-a-lula-mas-admite-respeitar-traicoes\/","title":{"rendered":"PL se re\u00fane para refor\u00e7ar oposi\u00e7\u00e3o a Lula, mas admite respeitar trai\u00e7\u00f5es"},"content":{"rendered":"<p>O PL, do ex-presidente Jair Bolsonaro, far\u00e1 na pr\u00f3xima quarta-feira (1\u00ba) uma reuni\u00e3o com a bancada federal para discutir como refor\u00e7ar a oposi\u00e7\u00e3o ao presidente Luiz In\u00e1cio Lula da Silva (PT).<\/p>\n<p>O partido, no entanto, j\u00e1 admite a possibilidade de respeitar, \u201cdentro de alguns limites\u201d, parlamentares que eventualmente votarem com o governo em alguns projetos.<\/p>\n<p>Ser\u00e1 a primeira vez que a bacada de 99 deputados ir\u00e1 se reunir para discutir como ser\u00e1 a rela\u00e7\u00e3o com o governo.<\/p>\n<p>O PL tem tentado se posicionar como uma legenda de direita, de olho no esp\u00f3lio do bolsonarismo, mas a c\u00fapula vem sendo pressionada por parlamentares que, por arranjos locais, dependem da rela\u00e7\u00e3o com o governo federal. De acordo com dirigentes da legenda, o desafio \u00e9 chegar a um denominador comum.<\/p>\n<p>\u201cN\u00f3s temos uma bancada muito grande e muito diversa, mas n\u00e3o tem atua\u00e7\u00e3o independente. O que vai haver \u00e9 um respeito \u00e0 atua\u00e7\u00e3o parlamentar, mas dentro de alguns limites\u201d, ressaltou o l\u00edder do partido na C\u00e2mara, Altineu C\u00f4rtes (RJ).<\/p>\n<p>Em algumas pautas, acrescentou, o partido n\u00e3o vai abrir m\u00e3o de fechar quest\u00e3o e votar unido. C\u00f4rtes tamb\u00e9m descartou qualquer participa\u00e7\u00e3o do PL no governo Lula. \u201cEm hip\u00f3tese alguma vamos admitir indica\u00e7\u00e3o de cargos\u201d, disse.<\/p>\n<p>O encontro, marcado pelo presidente do PL, Valdemar Costa Neto, e por C\u00f4rtes, inicialmente ocorreria no dia 15, mas foi adiado diante da proximidade com o Carnaval. Na reuni\u00e3o tamb\u00e9m devem ser discutidos alguns diret\u00f3rios estaduais.<\/p>\n<p>&nbsp;<\/p>\n<p><span class=\"assinatura_exclusiva\">Danielle Brant e Juliana Braga\/Folhapress<\/span><\/p>\n<div class='share-to-whatsapp-wrapper'><div class='share-on-whsp'>Share on: <\/div><a data-text='PL se re\u00fane para refor\u00e7ar oposi\u00e7\u00e3o a Lula, mas admite respeitar trai\u00e7\u00f5es' data-link='https:\/\/newsinfoco.com.br\/inicio\/pl-se-reune-para-reforcar-oposicao-a-lula-mas-admite-respeitar-traicoes\/' class='whatsapp-button whatsapp-share'>WhatsApp<\/a><div class='clear '><\/div><\/div>","protected":false},"excerpt":{"rendered":"<p>O PL, do ex-presidente Jair Bolsonaro, far\u00e1 na pr\u00f3xima quarta-feira (1\u00ba) uma reuni\u00e3o com a bancada federal para discutir como refor\u00e7ar a oposi\u00e7\u00e3o ao presidente Luiz In\u00e1cio Lula da Silva (PT). O partido, no entanto, j\u00e1 admite a possibilidade de respeitar, \u201cdentro de alguns limites\u201d, parlamentares que eventualmente votarem com o governo em alguns projetos. [&hellip;]<\/p>\n","protected":false},"author":1,"featured_media":23671,"comment_status":"closed","ping_status":"closed","sticky":false,"template":"","format":"standard","meta":{"om_disable_all_campaigns":false,"rop_custom_images_group":[],"rop_custom_messages_group":[],"rop_publish_now":"initial","rop_publish_now_accounts":[],"rop_publish_now_history":[],"rop_publish_now_status":"pending","_exactmetrics_skip_tracking":false,"footnotes":""},"categories":[40],"tags":[],"class_list":["post-33133","post","type-post","status-publish","format-standard","has-post-thumbnail","hentry","category-politica"],"aioseo_notices":[],"aioseo_head":"\n\t\t<!-- All in One SEO 4.9.10 - aioseo.com -->\n\t<meta name=\"description\" content=\"O PL, do ex-presidente Jair Bolsonaro, far\u00e1 na pr\u00f3xima quarta-feira (1\u00ba) uma reuni\u00e3o com a bancada federal para discutir como refor\u00e7ar a oposi\u00e7\u00e3o ao presidente Luiz In\u00e1cio Lula da Silva (PT). O partido, no entanto, j\u00e1 admite a possibilidade de respeitar, \u201cdentro de alguns limites\u201d, parlamentares que eventualmente votarem com o governo em alguns projetos.\" \/>\n\t<meta name=\"robots\" content=\"max-image-preview:large\" \/>\n\t<meta name=\"author\" content=\"administrador\"\/>\n\t<link rel=\"canonical\" href=\"https:\/\/newsinfoco.com.br\/inicio\/pl-se-reune-para-reforcar-oposicao-a-lula-mas-admite-respeitar-traicoes\/\" \/>\n\t<meta name=\"generator\" content=\"All in One SEO (AIOSEO) 4.9.10\" \/>\n\t\t<meta property=\"og:locale\" content=\"pt_BR\" \/>\n\t\t<meta property=\"og:site_name\" content=\"News In Foco - Editado por Caio Pimenta - O principal site de noticias de Alagoinhas e regi\u00e3o\" \/>\n\t\t<meta property=\"og:type\" content=\"article\" \/>\n\t\t<meta property=\"og:title\" content=\"PL se re\u00fane para refor\u00e7ar oposi\u00e7\u00e3o a Lula, mas admite respeitar trai\u00e7\u00f5es - News In Foco - Editado por Caio Pimenta\" \/>\n\t\t<meta property=\"og:description\" content=\"O PL, do ex-presidente Jair Bolsonaro, far\u00e1 na pr\u00f3xima quarta-feira (1\u00ba) uma reuni\u00e3o com a bancada federal para discutir como refor\u00e7ar a oposi\u00e7\u00e3o ao presidente Luiz In\u00e1cio Lula da Silva (PT). O partido, no entanto, j\u00e1 admite a possibilidade de respeitar, \u201cdentro de alguns limites\u201d, parlamentares que eventualmente votarem com o governo em alguns projetos.\" \/>\n\t\t<meta property=\"og:url\" content=\"https:\/\/newsinfoco.com.br\/inicio\/pl-se-reune-para-reforcar-oposicao-a-lula-mas-admite-respeitar-traicoes\/\" \/>\n\t\t<meta property=\"article:published_time\" content=\"2023-02-22T14:03:54+00:00\" \/>\n\t\t<meta property=\"article:modified_time\" content=\"2023-02-22T14:03:54+00:00\" \/>\n\t\t<meta name=\"twitter:card\" content=\"summary_large_image\" \/>\n\t\t<meta name=\"twitter:title\" content=\"PL se re\u00fane para refor\u00e7ar oposi\u00e7\u00e3o a Lula, mas admite respeitar trai\u00e7\u00f5es - News In Foco - Editado por Caio Pimenta\" \/>\n\t\t<meta name=\"twitter:description\" content=\"O PL, do ex-presidente Jair Bolsonaro, far\u00e1 na pr\u00f3xima quarta-feira (1\u00ba) uma reuni\u00e3o com a bancada federal para discutir como refor\u00e7ar a oposi\u00e7\u00e3o ao presidente Luiz In\u00e1cio Lula da Silva (PT). O partido, no entanto, j\u00e1 admite a possibilidade de respeitar, \u201cdentro de alguns limites\u201d, parlamentares que eventualmente votarem com o governo em alguns projetos.\" \/>\n\t\t<script type=\"application\/ld+json\" class=\"aioseo-schema\">\n\t\t\t{\"@context\":\"https:\\\/\\\/schema.org\",\"@graph\":[{\"@type\":\"BlogPosting\",\"@id\":\"https:\\\/\\\/newsinfoco.com.br\\\/inicio\\\/pl-se-reune-para-reforcar-oposicao-a-lula-mas-admite-respeitar-traicoes\\\/#blogposting\",\"name\":\"PL se re\\u00fane para refor\\u00e7ar oposi\\u00e7\\u00e3o a Lula, mas admite respeitar trai\\u00e7\\u00f5es - News In Foco - Editado por Caio Pimenta\",\"headline\":\"PL se re\\u00fane para refor\\u00e7ar oposi\\u00e7\\u00e3o a Lula, mas admite respeitar trai\\u00e7\\u00f5es\",\"author\":{\"@id\":\"https:\\\/\\\/newsinfoco.com.br\\\/inicio\\\/author\\\/administrador\\\/#author\"},\"publisher\":{\"@id\":\"https:\\\/\\\/newsinfoco.com.br\\\/inicio\\\/#organization\"},\"image\":{\"@type\":\"ImageObject\",\"url\":\"https:\\\/\\\/newsinfoco.com.br\\\/inicio\\\/wp-content\\\/uploads\\\/2021\\\/03\\\/camara4-1-868x644-1.jpg\",\"width\":868,\"height\":644},\"datePublished\":\"2023-02-22T11:03:54-03:00\",\"dateModified\":\"2023-02-22T11:03:54-03:00\",\"inLanguage\":\"pt-BR\",\"mainEntityOfPage\":{\"@id\":\"https:\\\/\\\/newsinfoco.com.br\\\/inicio\\\/pl-se-reune-para-reforcar-oposicao-a-lula-mas-admite-respeitar-traicoes\\\/#webpage\"},\"isPartOf\":{\"@id\":\"https:\\\/\\\/newsinfoco.com.br\\\/inicio\\\/pl-se-reune-para-reforcar-oposicao-a-lula-mas-admite-respeitar-traicoes\\\/#webpage\"},\"articleSection\":\"Pol\\u00edtica\"},{\"@type\":\"BreadcrumbList\",\"@id\":\"https:\\\/\\\/newsinfoco.com.br\\\/inicio\\\/pl-se-reune-para-reforcar-oposicao-a-lula-mas-admite-respeitar-traicoes\\\/#breadcrumblist\",\"itemListElement\":[{\"@type\":\"ListItem\",\"@id\":\"https:\\\/\\\/newsinfoco.com.br\\\/inicio#listItem\",\"position\":1,\"name\":\"In\\u00edcio\",\"item\":\"https:\\\/\\\/newsinfoco.com.br\\\/inicio\",\"nextItem\":{\"@type\":\"ListItem\",\"@id\":\"https:\\\/\\\/newsinfoco.com.br\\\/inicio\\\/category\\\/politica\\\/#listItem\",\"name\":\"Pol\\u00edtica\"}},{\"@type\":\"ListItem\",\"@id\":\"https:\\\/\\\/newsinfoco.com.br\\\/inicio\\\/category\\\/politica\\\/#listItem\",\"position\":2,\"name\":\"Pol\\u00edtica\",\"item\":\"https:\\\/\\\/newsinfoco.com.br\\\/inicio\\\/category\\\/politica\\\/\",\"nextItem\":{\"@type\":\"ListItem\",\"@id\":\"https:\\\/\\\/newsinfoco.com.br\\\/inicio\\\/pl-se-reune-para-reforcar-oposicao-a-lula-mas-admite-respeitar-traicoes\\\/#listItem\",\"name\":\"PL se re\\u00fane para refor\\u00e7ar oposi\\u00e7\\u00e3o a Lula, mas admite respeitar trai\\u00e7\\u00f5es\"},\"previousItem\":{\"@type\":\"ListItem\",\"@id\":\"https:\\\/\\\/newsinfoco.com.br\\\/inicio#listItem\",\"name\":\"In\\u00edcio\"}},{\"@type\":\"ListItem\",\"@id\":\"https:\\\/\\\/newsinfoco.com.br\\\/inicio\\\/pl-se-reune-para-reforcar-oposicao-a-lula-mas-admite-respeitar-traicoes\\\/#listItem\",\"position\":3,\"name\":\"PL se re\\u00fane para refor\\u00e7ar oposi\\u00e7\\u00e3o a Lula, mas admite respeitar trai\\u00e7\\u00f5es\",\"previousItem\":{\"@type\":\"ListItem\",\"@id\":\"https:\\\/\\\/newsinfoco.com.br\\\/inicio\\\/category\\\/politica\\\/#listItem\",\"name\":\"Pol\\u00edtica\"}}]},{\"@type\":\"Organization\",\"@id\":\"https:\\\/\\\/newsinfoco.com.br\\\/inicio\\\/#organization\",\"name\":\"News In Foco - Editado por Caio Pimenta\",\"description\":\"O principal site de noticias de Alagoinhas e regi\\u00e3o\",\"url\":\"https:\\\/\\\/newsinfoco.com.br\\\/inicio\\\/\"},{\"@type\":\"Person\",\"@id\":\"https:\\\/\\\/newsinfoco.com.br\\\/inicio\\\/author\\\/administrador\\\/#author\",\"url\":\"https:\\\/\\\/newsinfoco.com.br\\\/inicio\\\/author\\\/administrador\\\/\",\"name\":\"administrador\",\"image\":{\"@type\":\"ImageObject\",\"@id\":\"https:\\\/\\\/newsinfoco.com.br\\\/inicio\\\/pl-se-reune-para-reforcar-oposicao-a-lula-mas-admite-respeitar-traicoes\\\/#authorImage\",\"url\":\"https:\\\/\\\/secure.gravatar.com\\\/avatar\\\/c17a617433de8c1dc9584bb79aab7563b46f5bb7e1728c9b17d9cc3ce6a08e49?s=96&d=mm&r=g\",\"width\":96,\"height\":96,\"caption\":\"administrador\"}},{\"@type\":\"WebPage\",\"@id\":\"https:\\\/\\\/newsinfoco.com.br\\\/inicio\\\/pl-se-reune-para-reforcar-oposicao-a-lula-mas-admite-respeitar-traicoes\\\/#webpage\",\"url\":\"https:\\\/\\\/newsinfoco.com.br\\\/inicio\\\/pl-se-reune-para-reforcar-oposicao-a-lula-mas-admite-respeitar-traicoes\\\/\",\"name\":\"PL se re\\u00fane para refor\\u00e7ar oposi\\u00e7\\u00e3o a Lula, mas admite respeitar trai\\u00e7\\u00f5es - News In Foco - Editado por Caio Pimenta\",\"description\":\"O PL, do ex-presidente Jair Bolsonaro, far\\u00e1 na pr\\u00f3xima quarta-feira (1\\u00ba) uma reuni\\u00e3o com a bancada federal para discutir como refor\\u00e7ar a oposi\\u00e7\\u00e3o ao presidente Luiz In\\u00e1cio Lula da Silva (PT). O partido, no entanto, j\\u00e1 admite a possibilidade de respeitar, \\u201cdentro de alguns limites\\u201d, parlamentares que eventualmente votarem com o governo em alguns projetos.\",\"inLanguage\":\"pt-BR\",\"isPartOf\":{\"@id\":\"https:\\\/\\\/newsinfoco.com.br\\\/inicio\\\/#website\"},\"breadcrumb\":{\"@id\":\"https:\\\/\\\/newsinfoco.com.br\\\/inicio\\\/pl-se-reune-para-reforcar-oposicao-a-lula-mas-admite-respeitar-traicoes\\\/#breadcrumblist\"},\"author\":{\"@id\":\"https:\\\/\\\/newsinfoco.com.br\\\/inicio\\\/author\\\/administrador\\\/#author\"},\"creator\":{\"@id\":\"https:\\\/\\\/newsinfoco.com.br\\\/inicio\\\/author\\\/administrador\\\/#author\"},\"image\":{\"@type\":\"ImageObject\",\"url\":\"https:\\\/\\\/newsinfoco.com.br\\\/inicio\\\/wp-content\\\/uploads\\\/2021\\\/03\\\/camara4-1-868x644-1.jpg\",\"@id\":\"https:\\\/\\\/newsinfoco.com.br\\\/inicio\\\/pl-se-reune-para-reforcar-oposicao-a-lula-mas-admite-respeitar-traicoes\\\/#mainImage\",\"width\":868,\"height\":644},\"primaryImageOfPage\":{\"@id\":\"https:\\\/\\\/newsinfoco.com.br\\\/inicio\\\/pl-se-reune-para-reforcar-oposicao-a-lula-mas-admite-respeitar-traicoes\\\/#mainImage\"},\"datePublished\":\"2023-02-22T11:03:54-03:00\",\"dateModified\":\"2023-02-22T11:03:54-03:00\"},{\"@type\":\"WebSite\",\"@id\":\"https:\\\/\\\/newsinfoco.com.br\\\/inicio\\\/#website\",\"url\":\"https:\\\/\\\/newsinfoco.com.br\\\/inicio\\\/\",\"name\":\"News In Foco - Editado por Caio Pimenta\",\"description\":\"O principal site de noticias de Alagoinhas e regi\\u00e3o\",\"inLanguage\":\"pt-BR\",\"publisher\":{\"@id\":\"https:\\\/\\\/newsinfoco.com.br\\\/inicio\\\/#organization\"}}]}\n\t\t<\/script>\n\t\t<!-- All in One SEO -->\n\n","aioseo_head_json":{"title":"PL se re\u00fane para refor\u00e7ar oposi\u00e7\u00e3o a Lula, mas admite respeitar trai\u00e7\u00f5es - News In Foco - Editado por Caio Pimenta","description":"O PL, do ex-presidente Jair Bolsonaro, far\u00e1 na pr\u00f3xima quarta-feira (1\u00ba) uma reuni\u00e3o com a bancada federal para discutir como refor\u00e7ar a oposi\u00e7\u00e3o ao presidente Luiz In\u00e1cio Lula da Silva (PT). O partido, no entanto, j\u00e1 admite a possibilidade de respeitar, \u201cdentro de alguns limites\u201d, parlamentares que eventualmente votarem com o governo em alguns projetos.","canonical_url":"https:\/\/newsinfoco.com.br\/inicio\/pl-se-reune-para-reforcar-oposicao-a-lula-mas-admite-respeitar-traicoes\/","robots":"max-image-preview:large","keywords":"","webmasterTools":{"miscellaneous":""},"schema":{"@context":"https:\/\/schema.org","@graph":[{"@type":"BlogPosting","@id":"https:\/\/newsinfoco.com.br\/inicio\/pl-se-reune-para-reforcar-oposicao-a-lula-mas-admite-respeitar-traicoes\/#blogposting","name":"PL se re\u00fane para refor\u00e7ar oposi\u00e7\u00e3o a Lula, mas admite respeitar trai\u00e7\u00f5es - News In Foco - Editado por Caio Pimenta","headline":"PL se re\u00fane para refor\u00e7ar oposi\u00e7\u00e3o a Lula, mas admite respeitar trai\u00e7\u00f5es","author":{"@id":"https:\/\/newsinfoco.com.br\/inicio\/author\/administrador\/#author"},"publisher":{"@id":"https:\/\/newsinfoco.com.br\/inicio\/#organization"},"image":{"@type":"ImageObject","url":"https:\/\/newsinfoco.com.br\/inicio\/wp-content\/uploads\/2021\/03\/camara4-1-868x644-1.jpg","width":868,"height":644},"datePublished":"2023-02-22T11:03:54-03:00","dateModified":"2023-02-22T11:03:54-03:00","inLanguage":"pt-BR","mainEntityOfPage":{"@id":"https:\/\/newsinfoco.com.br\/inicio\/pl-se-reune-para-reforcar-oposicao-a-lula-mas-admite-respeitar-traicoes\/#webpage"},"isPartOf":{"@id":"https:\/\/newsinfoco.com.br\/inicio\/pl-se-reune-para-reforcar-oposicao-a-lula-mas-admite-respeitar-traicoes\/#webpage"},"articleSection":"Pol\u00edtica"},{"@type":"BreadcrumbList","@id":"https:\/\/newsinfoco.com.br\/inicio\/pl-se-reune-para-reforcar-oposicao-a-lula-mas-admite-respeitar-traicoes\/#breadcrumblist","itemListElement":[{"@type":"ListItem","@id":"https:\/\/newsinfoco.com.br\/inicio#listItem","position":1,"name":"In\u00edcio","item":"https:\/\/newsinfoco.com.br\/inicio","nextItem":{"@type":"ListItem","@id":"https:\/\/newsinfoco.com.br\/inicio\/category\/politica\/#listItem","name":"Pol\u00edtica"}},{"@type":"ListItem","@id":"https:\/\/newsinfoco.com.br\/inicio\/category\/politica\/#listItem","position":2,"name":"Pol\u00edtica","item":"https:\/\/newsinfoco.com.br\/inicio\/category\/politica\/","nextItem":{"@type":"ListItem","@id":"https:\/\/newsinfoco.com.br\/inicio\/pl-se-reune-para-reforcar-oposicao-a-lula-mas-admite-respeitar-traicoes\/#listItem","name":"PL se re\u00fane para refor\u00e7ar oposi\u00e7\u00e3o a Lula, mas admite respeitar trai\u00e7\u00f5es"},"previousItem":{"@type":"ListItem","@id":"https:\/\/newsinfoco.com.br\/inicio#listItem","name":"In\u00edcio"}},{"@type":"ListItem","@id":"https:\/\/newsinfoco.com.br\/inicio\/pl-se-reune-para-reforcar-oposicao-a-lula-mas-admite-respeitar-traicoes\/#listItem","position":3,"name":"PL se re\u00fane para refor\u00e7ar oposi\u00e7\u00e3o a Lula, mas admite respeitar trai\u00e7\u00f5es","previousItem":{"@type":"ListItem","@id":"https:\/\/newsinfoco.com.br\/inicio\/category\/politica\/#listItem","name":"Pol\u00edtica"}}]},{"@type":"Organization","@id":"https:\/\/newsinfoco.com.br\/inicio\/#organization","name":"News In Foco - Editado por Caio Pimenta","description":"O principal site de noticias de Alagoinhas e regi\u00e3o","url":"https:\/\/newsinfoco.com.br\/inicio\/"},{"@type":"Person","@id":"https:\/\/newsinfoco.com.br\/inicio\/author\/administrador\/#author","url":"https:\/\/newsinfoco.com.br\/inicio\/author\/administrador\/","name":"administrador","image":{"@type":"ImageObject","@id":"https:\/\/newsinfoco.com.br\/inicio\/pl-se-reune-para-reforcar-oposicao-a-lula-mas-admite-respeitar-traicoes\/#authorImage","url":"https:\/\/secure.gravatar.com\/avatar\/c17a617433de8c1dc9584bb79aab7563b46f5bb7e1728c9b17d9cc3ce6a08e49?s=96&d=mm&r=g","width":96,"height":96,"caption":"administrador"}},{"@type":"WebPage","@id":"https:\/\/newsinfoco.com.br\/inicio\/pl-se-reune-para-reforcar-oposicao-a-lula-mas-admite-respeitar-traicoes\/#webpage","url":"https:\/\/newsinfoco.com.br\/inicio\/pl-se-reune-para-reforcar-oposicao-a-lula-mas-admite-respeitar-traicoes\/","name":"PL se re\u00fane para refor\u00e7ar oposi\u00e7\u00e3o a Lula, mas admite respeitar trai\u00e7\u00f5es - News In Foco - Editado por Caio Pimenta","description":"O PL, do ex-presidente Jair Bolsonaro, far\u00e1 na pr\u00f3xima quarta-feira (1\u00ba) uma reuni\u00e3o com a bancada federal para discutir como refor\u00e7ar a oposi\u00e7\u00e3o ao presidente Luiz In\u00e1cio Lula da Silva (PT). O partido, no entanto, j\u00e1 admite a possibilidade de respeitar, \u201cdentro de alguns limites\u201d, parlamentares que eventualmente votarem com o governo em alguns projetos.","inLanguage":"pt-BR","isPartOf":{"@id":"https:\/\/newsinfoco.com.br\/inicio\/#website"},"breadcrumb":{"@id":"https:\/\/newsinfoco.com.br\/inicio\/pl-se-reune-para-reforcar-oposicao-a-lula-mas-admite-respeitar-traicoes\/#breadcrumblist"},"author":{"@id":"https:\/\/newsinfoco.com.br\/inicio\/author\/administrador\/#author"},"creator":{"@id":"https:\/\/newsinfoco.com.br\/inicio\/author\/administrador\/#author"},"image":{"@type":"ImageObject","url":"https:\/\/newsinfoco.com.br\/inicio\/wp-content\/uploads\/2021\/03\/camara4-1-868x644-1.jpg","@id":"https:\/\/newsinfoco.com.br\/inicio\/pl-se-reune-para-reforcar-oposicao-a-lula-mas-admite-respeitar-traicoes\/#mainImage","width":868,"height":644},"primaryImageOfPage":{"@id":"https:\/\/newsinfoco.com.br\/inicio\/pl-se-reune-para-reforcar-oposicao-a-lula-mas-admite-respeitar-traicoes\/#mainImage"},"datePublished":"2023-02-22T11:03:54-03:00","dateModified":"2023-02-22T11:03:54-03:00"},{"@type":"WebSite","@id":"https:\/\/newsinfoco.com.br\/inicio\/#website","url":"https:\/\/newsinfoco.com.br\/inicio\/","name":"News In Foco - Editado por Caio Pimenta","description":"O principal site de noticias de Alagoinhas e regi\u00e3o","inLanguage":"pt-BR","publisher":{"@id":"https:\/\/newsinfoco.com.br\/inicio\/#organization"}}]},"og:locale":"pt_BR","og:site_name":"News In Foco - Editado por Caio Pimenta - O principal site de noticias de Alagoinhas e regi\u00e3o","og:type":"article","og:title":"PL se re\u00fane para refor\u00e7ar oposi\u00e7\u00e3o a Lula, mas admite respeitar trai\u00e7\u00f5es - News In Foco - Editado por Caio Pimenta","og:description":"O PL, do ex-presidente Jair Bolsonaro, far\u00e1 na pr\u00f3xima quarta-feira (1\u00ba) uma reuni\u00e3o com a bancada federal para discutir como refor\u00e7ar a oposi\u00e7\u00e3o ao presidente Luiz In\u00e1cio Lula da Silva (PT). O partido, no entanto, j\u00e1 admite a possibilidade de respeitar, \u201cdentro de alguns limites\u201d, parlamentares que eventualmente votarem com o governo em alguns projetos.","og:url":"https:\/\/newsinfoco.com.br\/inicio\/pl-se-reune-para-reforcar-oposicao-a-lula-mas-admite-respeitar-traicoes\/","article:published_time":"2023-02-22T14:03:54+00:00","article:modified_time":"2023-02-22T14:03:54+00:00","twitter:card":"summary_large_image","twitter:title":"PL se re\u00fane para refor\u00e7ar oposi\u00e7\u00e3o a Lula, mas admite respeitar trai\u00e7\u00f5es - News In Foco - Editado por Caio Pimenta","twitter:description":"O PL, do ex-presidente Jair Bolsonaro, far\u00e1 na pr\u00f3xima quarta-feira (1\u00ba) uma reuni\u00e3o com a bancada federal para discutir como refor\u00e7ar a oposi\u00e7\u00e3o ao presidente Luiz In\u00e1cio Lula da Silva (PT). O partido, no entanto, j\u00e1 admite a possibilidade de respeitar, \u201cdentro de alguns limites\u201d, parlamentares que eventualmente votarem com o governo em alguns projetos."},"aioseo_meta_data":{"post_id":"33133","title":null,"description":null,"keywords":null,"keyphrases":null,"primary_term":null,"canonical_url":null,"og_title":null,"og_description":null,"og_object_type":"default","og_image_type":"default","og_image_url":null,"og_image_width":null,"og_image_height":null,"og_image_custom_url":null,"og_image_custom_fields":null,"og_video":null,"og_custom_url":null,"og_article_section":null,"og_article_tags":null,"twitter_use_og":false,"twitter_card":"default","twitter_image_type":"default","twitter_image_url":null,"twitter_image_custom_url":null,"twitter_image_custom_fields":null,"twitter_title":null,"twitter_description":null,"schema":{"blockGraphs":[],"customGraphs":[],"default":{"data":{"Article":[],"Course":[],"Dataset":[],"FAQPage":[],"Movie":[],"Person":[],"Product":[],"ProductReview":[],"Car":[],"Recipe":[],"Service":[],"SoftwareApplication":[],"WebPage":[]},"graphName":"","isEnabled":true},"graphs":[]},"schema_type":"default","schema_type_options":null,"pillar_content":false,"robots_default":true,"robots_noindex":false,"robots_noarchive":false,"robots_nosnippet":false,"robots_nofollow":false,"robots_noimageindex":false,"robots_noodp":false,"robots_notranslate":false,"robots_max_snippet":null,"robots_max_videopreview":null,"robots_max_imagepreview":"large","priority":null,"frequency":null,"local_seo":null,"breadcrumb_settings":null,"limit_modified_date":false,"ai":null,"created":"2023-06-12 22:56:50","updated":"2025-07-11 09:13:58","seo_analyzer_scan_date":null},"aioseo_breadcrumb":"<div class=\"aioseo-breadcrumbs\"><span class=\"aioseo-breadcrumb\">\n\t\t\t<a href=\"https:\/\/newsinfoco.com.br\/inicio\" title=\"In\u00edcio\">In\u00edcio<\/a>\n\t\t<\/span><span class=\"aioseo-breadcrumb-separator\">&raquo;<\/span><span class=\"aioseo-breadcrumb\">\n\t\t\t<a href=\"https:\/\/newsinfoco.com.br\/inicio\/category\/politica\/\" title=\"Pol\u00edtica\">Pol\u00edtica<\/a>\n\t\t<\/span><span class=\"aioseo-breadcrumb-separator\">&raquo;<\/span><span class=\"aioseo-breadcrumb\">\n\t\t\tPL se re\u00fane para refor\u00e7ar oposi\u00e7\u00e3o a Lula, mas admite respeitar trai\u00e7\u00f5es\n\t\t<\/span><\/div>","aioseo_breadcrumb_json":[{"label":"In\u00edcio","link":"https:\/\/newsinfoco.com.br\/inicio"},{"label":"Pol\u00edtica","link":"https:\/\/newsinfoco.com.br\/inicio\/category\/politica\/"},{"label":"PL se re\u00fane para refor\u00e7ar oposi\u00e7\u00e3o a Lula, mas admite respeitar trai\u00e7\u00f5es","link":"https:\/\/newsinfoco.com.br\/inicio\/pl-se-reune-para-reforcar-oposicao-a-lula-mas-admite-respeitar-traicoes\/"}],"_links":{"self":[{"href":"https:\/\/newsinfoco.com.br\/inicio\/wp-json\/wp\/v2\/posts\/33133","targetHints":{"allow":["GET"]}}],"collection":[{"href":"https:\/\/newsinfoco.com.br\/inicio\/wp-json\/wp\/v2\/posts"}],"about":[{"href":"https:\/\/newsinfoco.com.br\/inicio\/wp-json\/wp\/v2\/types\/post"}],"author":[{"embeddable":true,"href":"https:\/\/newsinfoco.com.br\/inicio\/wp-json\/wp\/v2\/users\/1"}],"replies":[{"embeddable":true,"href":"https:\/\/newsinfoco.com.br\/inicio\/wp-json\/wp\/v2\/comments?post=33133"}],"version-history":[{"count":1,"href":"https:\/\/newsinfoco.com.br\/inicio\/wp-json\/wp\/v2\/posts\/33133\/revisions"}],"predecessor-version":[{"id":33134,"href":"https:\/\/newsinfoco.com.br\/inicio\/wp-json\/wp\/v2\/posts\/33133\/revisions\/33134"}],"wp:featuredmedia":[{"embeddable":true,"href":"https:\/\/newsinfoco.com.br\/inicio\/wp-json\/wp\/v2\/media\/23671"}],"wp:attachment":[{"href":"https:\/\/newsinfoco.com.br\/inicio\/wp-json\/wp\/v2\/media?parent=33133"}],"wp:term":[{"taxonomy":"category","embeddable":true,"href":"https:\/\/newsinfoco.com.br\/inicio\/wp-json\/wp\/v2\/categories?post=33133"},{"taxonomy":"post_tag","embeddable":true,"href":"https:\/\/newsinfoco.com.br\/inicio\/wp-json\/wp\/v2\/tags?post=33133"}],"curies":[{"name":"wp","href":"https:\/\/api.w.org\/{rel}","templated":true}]}}