{"id":33138,"date":"2023-02-22T11:09:57","date_gmt":"2023-02-22T14:09:57","guid":{"rendered":"https:\/\/newsinfoco.com.br\/inicio\/?p=33138"},"modified":"2023-02-22T11:09:57","modified_gmt":"2023-02-22T14:09:57","slug":"o-diretorio-municipal-do-pt-de-alagoinhas-aprovou-o-indicativo-de-pre-candidatura-propria-ao-executivo-municipal-nas-eleicoes-de-2024","status":"publish","type":"post","link":"https:\/\/newsinfoco.com.br\/inicio\/o-diretorio-municipal-do-pt-de-alagoinhas-aprovou-o-indicativo-de-pre-candidatura-propria-ao-executivo-municipal-nas-eleicoes-de-2024\/","title":{"rendered":"O Diret\u00f3rio Municipal do PT de Alagoinhas aprovou o indicativo de pr\u00e9-candidatura pr\u00f3pria ao Executivo Municipal nas elei\u00e7\u00f5es de 2024"},"content":{"rendered":"<p>Em Semin\u00e1rio realizado no s\u00e1bado (11), o Diret\u00f3rio Municipal do Partido dos Trabalhadores de Alagoinhas aprovou de forma un\u00e2nime o indicativo de pr\u00e9-candidatura pr\u00f3pria ao Executivo Municipal nas elei\u00e7\u00f5es de 2024. Integrante da Federa\u00e7\u00e3o Brasil da Esperan\u00e7a, o PT vai dialogar prioritariamente com o PCdoB e PV, que tamb\u00e9m comp\u00f5em a federa\u00e7\u00e3o, al\u00e9m de outros partidos que est\u00e3o na base de apoio dos governos Lula e Jer\u00f4nimo. O semin\u00e1rio contou com a participa\u00e7\u00e3o de membros do Diret\u00f3rio Municipal, do vereador Thor de Ninha, vice-presidente do Partido, do deputado federal Joseildo Ramos e do suplente de deputado estadual, Radiovaldo Costa.<\/p>\n<p>De acordo com o presidente municipal da sigla, T\u00e1rcio Mota, o partido tem consci\u00eancia do seu papel hist\u00f3rico em Alagoinhas e da responsabilidade com a cidade e, por isso, vai dialogar com vistas a apresentar aos alagoinhenses uma proposta capaz de promover a participa\u00e7\u00e3o popular, pensando numa perspectiva de gest\u00e3o que qualifique as pol\u00edticas p\u00fablicas. \u201cVamos seguir dialogando internamente e tamb\u00e9m estabelecer o di\u00e1logo com os demais partidos da nossa federa\u00e7\u00e3o, al\u00e9m dos partidos que fazem parte da base de apoio aos nossos governos em \u00e2mbito federal e estadual, prezando pela unidade do projeto que tem mudado a Bahia e est\u00e1 reconstruindo o Brasil\u201d, destaca.<\/p>\n<p>Ainda de acordo com T\u00e1rcio, ap\u00f3s a aprova\u00e7\u00e3o do indicativo de pr\u00e9-candidatura pr\u00f3pria, o partido realizar\u00e1 encontros de planejamento e percorrer\u00e1 os bairros e as comunidades da zona rural de Alagoinhas, coletando sugest\u00f5es e dialogando com o povo. \u201cVamos dialogar bastante. \u00c9 desse jeito que sempre constru\u00edmos o partido e vamos buscar ouvir as pessoas, nossas lideran\u00e7as, dirigentes, filiados e militantes, que s\u00e3o a maior riqueza do PT\u201d, lembra.<\/p>\n<p>&nbsp;<\/p>\n<p>Sua Cidade Em Revista<\/p>\n<div class='share-to-whatsapp-wrapper'><div class='share-on-whsp'>Share on: <\/div><a data-text='O Diret\u00f3rio Municipal do PT de Alagoinhas aprovou o indicativo de pr\u00e9-candidatura pr\u00f3pria ao Executivo Municipal nas elei\u00e7\u00f5es de 2024' data-link='https:\/\/newsinfoco.com.br\/inicio\/o-diretorio-municipal-do-pt-de-alagoinhas-aprovou-o-indicativo-de-pre-candidatura-propria-ao-executivo-municipal-nas-eleicoes-de-2024\/' class='whatsapp-button whatsapp-share'>WhatsApp<\/a><div class='clear '><\/div><\/div>","protected":false},"excerpt":{"rendered":"<p>Em Semin\u00e1rio realizado no s\u00e1bado (11), o Diret\u00f3rio Municipal do Partido dos Trabalhadores de Alagoinhas aprovou de forma un\u00e2nime o indicativo de pr\u00e9-candidatura pr\u00f3pria ao Executivo Municipal nas elei\u00e7\u00f5es de 2024. Integrante da Federa\u00e7\u00e3o Brasil da Esperan\u00e7a, o PT vai dialogar prioritariamente com o PCdoB e PV, que tamb\u00e9m comp\u00f5em a federa\u00e7\u00e3o, al\u00e9m de outros [&hellip;]<\/p>\n","protected":false},"author":1,"featured_media":33139,"comment_status":"closed","ping_status":"closed","sticky":false,"template":"","format":"standard","meta":{"om_disable_all_campaigns":false,"rop_custom_images_group":[],"rop_custom_messages_group":[],"rop_publish_now":"initial","rop_publish_now_accounts":[],"rop_publish_now_history":[],"rop_publish_now_status":"pending","_exactmetrics_skip_tracking":false,"footnotes":""},"categories":[38,167],"tags":[],"class_list":["post-33138","post","type-post","status-publish","format-standard","has-post-thumbnail","hentry","category-alagoinhas-e-regiao","category-exclusivas"],"aioseo_notices":[],"aioseo_head":"\n\t\t<!-- All in One SEO 4.9.10 - aioseo.com -->\n\t<meta name=\"description\" content=\"Em Semin\u00e1rio realizado no s\u00e1bado (11), o Diret\u00f3rio Municipal do Partido dos Trabalhadores de Alagoinhas aprovou de forma un\u00e2nime o indicativo de pr\u00e9-candidatura pr\u00f3pria ao Executivo Municipal nas elei\u00e7\u00f5es de 2024. Integrante da Federa\u00e7\u00e3o Brasil da Esperan\u00e7a, o PT vai dialogar prioritariamente com o PCdoB e PV, que tamb\u00e9m comp\u00f5em a federa\u00e7\u00e3o, al\u00e9m de outros\" \/>\n\t<meta name=\"robots\" content=\"max-image-preview:large\" \/>\n\t<meta name=\"author\" content=\"administrador\"\/>\n\t<link rel=\"canonical\" href=\"https:\/\/newsinfoco.com.br\/inicio\/o-diretorio-municipal-do-pt-de-alagoinhas-aprovou-o-indicativo-de-pre-candidatura-propria-ao-executivo-municipal-nas-eleicoes-de-2024\/\" \/>\n\t<meta name=\"generator\" content=\"All in One SEO (AIOSEO) 4.9.10\" \/>\n\t\t<meta property=\"og:locale\" content=\"pt_BR\" \/>\n\t\t<meta property=\"og:site_name\" content=\"News In Foco - Editado por Caio Pimenta - O principal site de noticias de Alagoinhas e regi\u00e3o\" \/>\n\t\t<meta property=\"og:type\" content=\"article\" \/>\n\t\t<meta property=\"og:title\" content=\"O Diret\u00f3rio Municipal do PT de Alagoinhas aprovou o indicativo de pr\u00e9-candidatura pr\u00f3pria ao Executivo Municipal nas elei\u00e7\u00f5es de 2024 - News In Foco - Editado por Caio Pimenta\" \/>\n\t\t<meta property=\"og:description\" content=\"Em Semin\u00e1rio realizado no s\u00e1bado (11), o Diret\u00f3rio Municipal do Partido dos Trabalhadores de Alagoinhas aprovou de forma un\u00e2nime o indicativo de pr\u00e9-candidatura pr\u00f3pria ao Executivo Municipal nas elei\u00e7\u00f5es de 2024. Integrante da Federa\u00e7\u00e3o Brasil da Esperan\u00e7a, o PT vai dialogar prioritariamente com o PCdoB e PV, que tamb\u00e9m comp\u00f5em a federa\u00e7\u00e3o, al\u00e9m de outros\" \/>\n\t\t<meta property=\"og:url\" content=\"https:\/\/newsinfoco.com.br\/inicio\/o-diretorio-municipal-do-pt-de-alagoinhas-aprovou-o-indicativo-de-pre-candidatura-propria-ao-executivo-municipal-nas-eleicoes-de-2024\/\" \/>\n\t\t<meta property=\"article:published_time\" content=\"2023-02-22T14:09:57+00:00\" \/>\n\t\t<meta property=\"article:modified_time\" content=\"2023-02-22T14:09:57+00:00\" \/>\n\t\t<meta name=\"twitter:card\" content=\"summary_large_image\" \/>\n\t\t<meta name=\"twitter:title\" content=\"O Diret\u00f3rio Municipal do PT de Alagoinhas aprovou o indicativo de pr\u00e9-candidatura pr\u00f3pria ao Executivo Municipal nas elei\u00e7\u00f5es de 2024 - News In Foco - Editado por Caio Pimenta\" \/>\n\t\t<meta name=\"twitter:description\" content=\"Em Semin\u00e1rio realizado no s\u00e1bado (11), o Diret\u00f3rio Municipal do Partido dos Trabalhadores de Alagoinhas aprovou de forma un\u00e2nime o indicativo de pr\u00e9-candidatura pr\u00f3pria ao Executivo Municipal nas elei\u00e7\u00f5es de 2024. Integrante da Federa\u00e7\u00e3o Brasil da Esperan\u00e7a, o PT vai dialogar prioritariamente com o PCdoB e PV, que tamb\u00e9m comp\u00f5em a federa\u00e7\u00e3o, al\u00e9m de outros\" \/>\n\t\t<script type=\"application\/ld+json\" class=\"aioseo-schema\">\n\t\t\t{\"@context\":\"https:\\\/\\\/schema.org\",\"@graph\":[{\"@type\":\"BlogPosting\",\"@id\":\"https:\\\/\\\/newsinfoco.com.br\\\/inicio\\\/o-diretorio-municipal-do-pt-de-alagoinhas-aprovou-o-indicativo-de-pre-candidatura-propria-ao-executivo-municipal-nas-eleicoes-de-2024\\\/#blogposting\",\"name\":\"O Diret\\u00f3rio Municipal do PT de Alagoinhas aprovou o indicativo de pr\\u00e9-candidatura pr\\u00f3pria ao Executivo Municipal nas elei\\u00e7\\u00f5es de 2024 - News In Foco - Editado por Caio Pimenta\",\"headline\":\"O Diret\\u00f3rio Municipal do PT de Alagoinhas aprovou o indicativo de pr\\u00e9-candidatura pr\\u00f3pria ao Executivo Municipal nas elei\\u00e7\\u00f5es de 2024\",\"author\":{\"@id\":\"https:\\\/\\\/newsinfoco.com.br\\\/inicio\\\/author\\\/administrador\\\/#author\"},\"publisher\":{\"@id\":\"https:\\\/\\\/newsinfoco.com.br\\\/inicio\\\/#organization\"},\"image\":{\"@type\":\"ImageObject\",\"url\":\"https:\\\/\\\/newsinfoco.com.br\\\/inicio\\\/wp-content\\\/uploads\\\/2023\\\/02\\\/tarcio2-696x600-1.jpg\",\"width\":696,\"height\":600,\"caption\":\"T\\u00e1rcio Mota - Presidente do PT de Alagoinhas\"},\"datePublished\":\"2023-02-22T11:09:57-03:00\",\"dateModified\":\"2023-02-22T11:09:57-03:00\",\"inLanguage\":\"pt-BR\",\"mainEntityOfPage\":{\"@id\":\"https:\\\/\\\/newsinfoco.com.br\\\/inicio\\\/o-diretorio-municipal-do-pt-de-alagoinhas-aprovou-o-indicativo-de-pre-candidatura-propria-ao-executivo-municipal-nas-eleicoes-de-2024\\\/#webpage\"},\"isPartOf\":{\"@id\":\"https:\\\/\\\/newsinfoco.com.br\\\/inicio\\\/o-diretorio-municipal-do-pt-de-alagoinhas-aprovou-o-indicativo-de-pre-candidatura-propria-ao-executivo-municipal-nas-eleicoes-de-2024\\\/#webpage\"},\"articleSection\":\"Alagoinhas e Regi\\u00e3o, Manchete\"},{\"@type\":\"BreadcrumbList\",\"@id\":\"https:\\\/\\\/newsinfoco.com.br\\\/inicio\\\/o-diretorio-municipal-do-pt-de-alagoinhas-aprovou-o-indicativo-de-pre-candidatura-propria-ao-executivo-municipal-nas-eleicoes-de-2024\\\/#breadcrumblist\",\"itemListElement\":[{\"@type\":\"ListItem\",\"@id\":\"https:\\\/\\\/newsinfoco.com.br\\\/inicio#listItem\",\"position\":1,\"name\":\"In\\u00edcio\",\"item\":\"https:\\\/\\\/newsinfoco.com.br\\\/inicio\",\"nextItem\":{\"@type\":\"ListItem\",\"@id\":\"https:\\\/\\\/newsinfoco.com.br\\\/inicio\\\/category\\\/alagoinhas-e-regiao\\\/#listItem\",\"name\":\"Alagoinhas e Regi\\u00e3o\"}},{\"@type\":\"ListItem\",\"@id\":\"https:\\\/\\\/newsinfoco.com.br\\\/inicio\\\/category\\\/alagoinhas-e-regiao\\\/#listItem\",\"position\":2,\"name\":\"Alagoinhas e Regi\\u00e3o\",\"item\":\"https:\\\/\\\/newsinfoco.com.br\\\/inicio\\\/category\\\/alagoinhas-e-regiao\\\/\",\"nextItem\":{\"@type\":\"ListItem\",\"@id\":\"https:\\\/\\\/newsinfoco.com.br\\\/inicio\\\/o-diretorio-municipal-do-pt-de-alagoinhas-aprovou-o-indicativo-de-pre-candidatura-propria-ao-executivo-municipal-nas-eleicoes-de-2024\\\/#listItem\",\"name\":\"O Diret\\u00f3rio Municipal do PT de Alagoinhas aprovou o indicativo de pr\\u00e9-candidatura pr\\u00f3pria ao Executivo Municipal nas elei\\u00e7\\u00f5es de 2024\"},\"previousItem\":{\"@type\":\"ListItem\",\"@id\":\"https:\\\/\\\/newsinfoco.com.br\\\/inicio#listItem\",\"name\":\"In\\u00edcio\"}},{\"@type\":\"ListItem\",\"@id\":\"https:\\\/\\\/newsinfoco.com.br\\\/inicio\\\/o-diretorio-municipal-do-pt-de-alagoinhas-aprovou-o-indicativo-de-pre-candidatura-propria-ao-executivo-municipal-nas-eleicoes-de-2024\\\/#listItem\",\"position\":3,\"name\":\"O Diret\\u00f3rio Municipal do PT de Alagoinhas aprovou o indicativo de pr\\u00e9-candidatura pr\\u00f3pria ao Executivo Municipal nas elei\\u00e7\\u00f5es de 2024\",\"previousItem\":{\"@type\":\"ListItem\",\"@id\":\"https:\\\/\\\/newsinfoco.com.br\\\/inicio\\\/category\\\/alagoinhas-e-regiao\\\/#listItem\",\"name\":\"Alagoinhas e Regi\\u00e3o\"}}]},{\"@type\":\"Organization\",\"@id\":\"https:\\\/\\\/newsinfoco.com.br\\\/inicio\\\/#organization\",\"name\":\"News In Foco - Editado por Caio Pimenta\",\"description\":\"O principal site de noticias de Alagoinhas e regi\\u00e3o\",\"url\":\"https:\\\/\\\/newsinfoco.com.br\\\/inicio\\\/\"},{\"@type\":\"Person\",\"@id\":\"https:\\\/\\\/newsinfoco.com.br\\\/inicio\\\/author\\\/administrador\\\/#author\",\"url\":\"https:\\\/\\\/newsinfoco.com.br\\\/inicio\\\/author\\\/administrador\\\/\",\"name\":\"administrador\",\"image\":{\"@type\":\"ImageObject\",\"@id\":\"https:\\\/\\\/newsinfoco.com.br\\\/inicio\\\/o-diretorio-municipal-do-pt-de-alagoinhas-aprovou-o-indicativo-de-pre-candidatura-propria-ao-executivo-municipal-nas-eleicoes-de-2024\\\/#authorImage\",\"url\":\"https:\\\/\\\/secure.gravatar.com\\\/avatar\\\/c17a617433de8c1dc9584bb79aab7563b46f5bb7e1728c9b17d9cc3ce6a08e49?s=96&d=mm&r=g\",\"width\":96,\"height\":96,\"caption\":\"administrador\"}},{\"@type\":\"WebPage\",\"@id\":\"https:\\\/\\\/newsinfoco.com.br\\\/inicio\\\/o-diretorio-municipal-do-pt-de-alagoinhas-aprovou-o-indicativo-de-pre-candidatura-propria-ao-executivo-municipal-nas-eleicoes-de-2024\\\/#webpage\",\"url\":\"https:\\\/\\\/newsinfoco.com.br\\\/inicio\\\/o-diretorio-municipal-do-pt-de-alagoinhas-aprovou-o-indicativo-de-pre-candidatura-propria-ao-executivo-municipal-nas-eleicoes-de-2024\\\/\",\"name\":\"O Diret\\u00f3rio Municipal do PT de Alagoinhas aprovou o indicativo de pr\\u00e9-candidatura pr\\u00f3pria ao Executivo Municipal nas elei\\u00e7\\u00f5es de 2024 - News In Foco - Editado por Caio Pimenta\",\"description\":\"Em Semin\\u00e1rio realizado no s\\u00e1bado (11), o Diret\\u00f3rio Municipal do Partido dos Trabalhadores de Alagoinhas aprovou de forma un\\u00e2nime o indicativo de pr\\u00e9-candidatura pr\\u00f3pria ao Executivo Municipal nas elei\\u00e7\\u00f5es de 2024. Integrante da Federa\\u00e7\\u00e3o Brasil da Esperan\\u00e7a, o PT vai dialogar prioritariamente com o PCdoB e PV, que tamb\\u00e9m comp\\u00f5em a federa\\u00e7\\u00e3o, al\\u00e9m de outros\",\"inLanguage\":\"pt-BR\",\"isPartOf\":{\"@id\":\"https:\\\/\\\/newsinfoco.com.br\\\/inicio\\\/#website\"},\"breadcrumb\":{\"@id\":\"https:\\\/\\\/newsinfoco.com.br\\\/inicio\\\/o-diretorio-municipal-do-pt-de-alagoinhas-aprovou-o-indicativo-de-pre-candidatura-propria-ao-executivo-municipal-nas-eleicoes-de-2024\\\/#breadcrumblist\"},\"author\":{\"@id\":\"https:\\\/\\\/newsinfoco.com.br\\\/inicio\\\/author\\\/administrador\\\/#author\"},\"creator\":{\"@id\":\"https:\\\/\\\/newsinfoco.com.br\\\/inicio\\\/author\\\/administrador\\\/#author\"},\"image\":{\"@type\":\"ImageObject\",\"url\":\"https:\\\/\\\/newsinfoco.com.br\\\/inicio\\\/wp-content\\\/uploads\\\/2023\\\/02\\\/tarcio2-696x600-1.jpg\",\"@id\":\"https:\\\/\\\/newsinfoco.com.br\\\/inicio\\\/o-diretorio-municipal-do-pt-de-alagoinhas-aprovou-o-indicativo-de-pre-candidatura-propria-ao-executivo-municipal-nas-eleicoes-de-2024\\\/#mainImage\",\"width\":696,\"height\":600,\"caption\":\"T\\u00e1rcio Mota - Presidente do PT de Alagoinhas\"},\"primaryImageOfPage\":{\"@id\":\"https:\\\/\\\/newsinfoco.com.br\\\/inicio\\\/o-diretorio-municipal-do-pt-de-alagoinhas-aprovou-o-indicativo-de-pre-candidatura-propria-ao-executivo-municipal-nas-eleicoes-de-2024\\\/#mainImage\"},\"datePublished\":\"2023-02-22T11:09:57-03:00\",\"dateModified\":\"2023-02-22T11:09:57-03:00\"},{\"@type\":\"WebSite\",\"@id\":\"https:\\\/\\\/newsinfoco.com.br\\\/inicio\\\/#website\",\"url\":\"https:\\\/\\\/newsinfoco.com.br\\\/inicio\\\/\",\"name\":\"News In Foco - Editado por Caio Pimenta\",\"description\":\"O principal site de noticias de Alagoinhas e regi\\u00e3o\",\"inLanguage\":\"pt-BR\",\"publisher\":{\"@id\":\"https:\\\/\\\/newsinfoco.com.br\\\/inicio\\\/#organization\"}}]}\n\t\t<\/script>\n\t\t<!-- All in One SEO -->\n\n","aioseo_head_json":{"title":"O Diret\u00f3rio Municipal do PT de Alagoinhas aprovou o indicativo de pr\u00e9-candidatura pr\u00f3pria ao Executivo Municipal nas elei\u00e7\u00f5es de 2024 - News In Foco - Editado por Caio Pimenta","description":"Em Semin\u00e1rio realizado no s\u00e1bado (11), o Diret\u00f3rio Municipal do Partido dos Trabalhadores de Alagoinhas aprovou de forma un\u00e2nime o indicativo de pr\u00e9-candidatura pr\u00f3pria ao Executivo Municipal nas elei\u00e7\u00f5es de 2024. Integrante da Federa\u00e7\u00e3o Brasil da Esperan\u00e7a, o PT vai dialogar prioritariamente com o PCdoB e PV, que tamb\u00e9m comp\u00f5em a federa\u00e7\u00e3o, al\u00e9m de outros","canonical_url":"https:\/\/newsinfoco.com.br\/inicio\/o-diretorio-municipal-do-pt-de-alagoinhas-aprovou-o-indicativo-de-pre-candidatura-propria-ao-executivo-municipal-nas-eleicoes-de-2024\/","robots":"max-image-preview:large","keywords":"","webmasterTools":{"miscellaneous":""},"schema":{"@context":"https:\/\/schema.org","@graph":[{"@type":"BlogPosting","@id":"https:\/\/newsinfoco.com.br\/inicio\/o-diretorio-municipal-do-pt-de-alagoinhas-aprovou-o-indicativo-de-pre-candidatura-propria-ao-executivo-municipal-nas-eleicoes-de-2024\/#blogposting","name":"O Diret\u00f3rio Municipal do PT de Alagoinhas aprovou o indicativo de pr\u00e9-candidatura pr\u00f3pria ao Executivo Municipal nas elei\u00e7\u00f5es de 2024 - News In Foco - Editado por Caio Pimenta","headline":"O Diret\u00f3rio Municipal do PT de Alagoinhas aprovou o indicativo de pr\u00e9-candidatura pr\u00f3pria ao Executivo Municipal nas elei\u00e7\u00f5es de 2024","author":{"@id":"https:\/\/newsinfoco.com.br\/inicio\/author\/administrador\/#author"},"publisher":{"@id":"https:\/\/newsinfoco.com.br\/inicio\/#organization"},"image":{"@type":"ImageObject","url":"https:\/\/newsinfoco.com.br\/inicio\/wp-content\/uploads\/2023\/02\/tarcio2-696x600-1.jpg","width":696,"height":600,"caption":"T\u00e1rcio Mota - Presidente do PT de Alagoinhas"},"datePublished":"2023-02-22T11:09:57-03:00","dateModified":"2023-02-22T11:09:57-03:00","inLanguage":"pt-BR","mainEntityOfPage":{"@id":"https:\/\/newsinfoco.com.br\/inicio\/o-diretorio-municipal-do-pt-de-alagoinhas-aprovou-o-indicativo-de-pre-candidatura-propria-ao-executivo-municipal-nas-eleicoes-de-2024\/#webpage"},"isPartOf":{"@id":"https:\/\/newsinfoco.com.br\/inicio\/o-diretorio-municipal-do-pt-de-alagoinhas-aprovou-o-indicativo-de-pre-candidatura-propria-ao-executivo-municipal-nas-eleicoes-de-2024\/#webpage"},"articleSection":"Alagoinhas e Regi\u00e3o, Manchete"},{"@type":"BreadcrumbList","@id":"https:\/\/newsinfoco.com.br\/inicio\/o-diretorio-municipal-do-pt-de-alagoinhas-aprovou-o-indicativo-de-pre-candidatura-propria-ao-executivo-municipal-nas-eleicoes-de-2024\/#breadcrumblist","itemListElement":[{"@type":"ListItem","@id":"https:\/\/newsinfoco.com.br\/inicio#listItem","position":1,"name":"In\u00edcio","item":"https:\/\/newsinfoco.com.br\/inicio","nextItem":{"@type":"ListItem","@id":"https:\/\/newsinfoco.com.br\/inicio\/category\/alagoinhas-e-regiao\/#listItem","name":"Alagoinhas e Regi\u00e3o"}},{"@type":"ListItem","@id":"https:\/\/newsinfoco.com.br\/inicio\/category\/alagoinhas-e-regiao\/#listItem","position":2,"name":"Alagoinhas e Regi\u00e3o","item":"https:\/\/newsinfoco.com.br\/inicio\/category\/alagoinhas-e-regiao\/","nextItem":{"@type":"ListItem","@id":"https:\/\/newsinfoco.com.br\/inicio\/o-diretorio-municipal-do-pt-de-alagoinhas-aprovou-o-indicativo-de-pre-candidatura-propria-ao-executivo-municipal-nas-eleicoes-de-2024\/#listItem","name":"O Diret\u00f3rio Municipal do PT de Alagoinhas aprovou o indicativo de pr\u00e9-candidatura pr\u00f3pria ao Executivo Municipal nas elei\u00e7\u00f5es de 2024"},"previousItem":{"@type":"ListItem","@id":"https:\/\/newsinfoco.com.br\/inicio#listItem","name":"In\u00edcio"}},{"@type":"ListItem","@id":"https:\/\/newsinfoco.com.br\/inicio\/o-diretorio-municipal-do-pt-de-alagoinhas-aprovou-o-indicativo-de-pre-candidatura-propria-ao-executivo-municipal-nas-eleicoes-de-2024\/#listItem","position":3,"name":"O Diret\u00f3rio Municipal do PT de Alagoinhas aprovou o indicativo de pr\u00e9-candidatura pr\u00f3pria ao Executivo Municipal nas elei\u00e7\u00f5es de 2024","previousItem":{"@type":"ListItem","@id":"https:\/\/newsinfoco.com.br\/inicio\/category\/alagoinhas-e-regiao\/#listItem","name":"Alagoinhas e Regi\u00e3o"}}]},{"@type":"Organization","@id":"https:\/\/newsinfoco.com.br\/inicio\/#organization","name":"News In Foco - Editado por Caio Pimenta","description":"O principal site de noticias de Alagoinhas e regi\u00e3o","url":"https:\/\/newsinfoco.com.br\/inicio\/"},{"@type":"Person","@id":"https:\/\/newsinfoco.com.br\/inicio\/author\/administrador\/#author","url":"https:\/\/newsinfoco.com.br\/inicio\/author\/administrador\/","name":"administrador","image":{"@type":"ImageObject","@id":"https:\/\/newsinfoco.com.br\/inicio\/o-diretorio-municipal-do-pt-de-alagoinhas-aprovou-o-indicativo-de-pre-candidatura-propria-ao-executivo-municipal-nas-eleicoes-de-2024\/#authorImage","url":"https:\/\/secure.gravatar.com\/avatar\/c17a617433de8c1dc9584bb79aab7563b46f5bb7e1728c9b17d9cc3ce6a08e49?s=96&d=mm&r=g","width":96,"height":96,"caption":"administrador"}},{"@type":"WebPage","@id":"https:\/\/newsinfoco.com.br\/inicio\/o-diretorio-municipal-do-pt-de-alagoinhas-aprovou-o-indicativo-de-pre-candidatura-propria-ao-executivo-municipal-nas-eleicoes-de-2024\/#webpage","url":"https:\/\/newsinfoco.com.br\/inicio\/o-diretorio-municipal-do-pt-de-alagoinhas-aprovou-o-indicativo-de-pre-candidatura-propria-ao-executivo-municipal-nas-eleicoes-de-2024\/","name":"O Diret\u00f3rio Municipal do PT de Alagoinhas aprovou o indicativo de pr\u00e9-candidatura pr\u00f3pria ao Executivo Municipal nas elei\u00e7\u00f5es de 2024 - News In Foco - Editado por Caio Pimenta","description":"Em Semin\u00e1rio realizado no s\u00e1bado (11), o Diret\u00f3rio Municipal do Partido dos Trabalhadores de Alagoinhas aprovou de forma un\u00e2nime o indicativo de pr\u00e9-candidatura pr\u00f3pria ao Executivo Municipal nas elei\u00e7\u00f5es de 2024. Integrante da Federa\u00e7\u00e3o Brasil da Esperan\u00e7a, o PT vai dialogar prioritariamente com o PCdoB e PV, que tamb\u00e9m comp\u00f5em a federa\u00e7\u00e3o, al\u00e9m de outros","inLanguage":"pt-BR","isPartOf":{"@id":"https:\/\/newsinfoco.com.br\/inicio\/#website"},"breadcrumb":{"@id":"https:\/\/newsinfoco.com.br\/inicio\/o-diretorio-municipal-do-pt-de-alagoinhas-aprovou-o-indicativo-de-pre-candidatura-propria-ao-executivo-municipal-nas-eleicoes-de-2024\/#breadcrumblist"},"author":{"@id":"https:\/\/newsinfoco.com.br\/inicio\/author\/administrador\/#author"},"creator":{"@id":"https:\/\/newsinfoco.com.br\/inicio\/author\/administrador\/#author"},"image":{"@type":"ImageObject","url":"https:\/\/newsinfoco.com.br\/inicio\/wp-content\/uploads\/2023\/02\/tarcio2-696x600-1.jpg","@id":"https:\/\/newsinfoco.com.br\/inicio\/o-diretorio-municipal-do-pt-de-alagoinhas-aprovou-o-indicativo-de-pre-candidatura-propria-ao-executivo-municipal-nas-eleicoes-de-2024\/#mainImage","width":696,"height":600,"caption":"T\u00e1rcio Mota - Presidente do PT de Alagoinhas"},"primaryImageOfPage":{"@id":"https:\/\/newsinfoco.com.br\/inicio\/o-diretorio-municipal-do-pt-de-alagoinhas-aprovou-o-indicativo-de-pre-candidatura-propria-ao-executivo-municipal-nas-eleicoes-de-2024\/#mainImage"},"datePublished":"2023-02-22T11:09:57-03:00","dateModified":"2023-02-22T11:09:57-03:00"},{"@type":"WebSite","@id":"https:\/\/newsinfoco.com.br\/inicio\/#website","url":"https:\/\/newsinfoco.com.br\/inicio\/","name":"News In Foco - Editado por Caio Pimenta","description":"O principal site de noticias de Alagoinhas e regi\u00e3o","inLanguage":"pt-BR","publisher":{"@id":"https:\/\/newsinfoco.com.br\/inicio\/#organization"}}]},"og:locale":"pt_BR","og:site_name":"News In Foco - Editado por Caio Pimenta - O principal site de noticias de Alagoinhas e regi\u00e3o","og:type":"article","og:title":"O Diret\u00f3rio Municipal do PT de Alagoinhas aprovou o indicativo de pr\u00e9-candidatura pr\u00f3pria ao Executivo Municipal nas elei\u00e7\u00f5es de 2024 - News In Foco - Editado por Caio Pimenta","og:description":"Em Semin\u00e1rio realizado no s\u00e1bado (11), o Diret\u00f3rio Municipal do Partido dos Trabalhadores de Alagoinhas aprovou de forma un\u00e2nime o indicativo de pr\u00e9-candidatura pr\u00f3pria ao Executivo Municipal nas elei\u00e7\u00f5es de 2024. Integrante da Federa\u00e7\u00e3o Brasil da Esperan\u00e7a, o PT vai dialogar prioritariamente com o PCdoB e PV, que tamb\u00e9m comp\u00f5em a federa\u00e7\u00e3o, al\u00e9m de outros","og:url":"https:\/\/newsinfoco.com.br\/inicio\/o-diretorio-municipal-do-pt-de-alagoinhas-aprovou-o-indicativo-de-pre-candidatura-propria-ao-executivo-municipal-nas-eleicoes-de-2024\/","article:published_time":"2023-02-22T14:09:57+00:00","article:modified_time":"2023-02-22T14:09:57+00:00","twitter:card":"summary_large_image","twitter:title":"O Diret\u00f3rio Municipal do PT de Alagoinhas aprovou o indicativo de pr\u00e9-candidatura pr\u00f3pria ao Executivo Municipal nas elei\u00e7\u00f5es de 2024 - News In Foco - Editado por Caio Pimenta","twitter:description":"Em Semin\u00e1rio realizado no s\u00e1bado (11), o Diret\u00f3rio Municipal do Partido dos Trabalhadores de Alagoinhas aprovou de forma un\u00e2nime o indicativo de pr\u00e9-candidatura pr\u00f3pria ao Executivo Municipal nas elei\u00e7\u00f5es de 2024. Integrante da Federa\u00e7\u00e3o Brasil da Esperan\u00e7a, o PT vai dialogar prioritariamente com o PCdoB e PV, que tamb\u00e9m comp\u00f5em a federa\u00e7\u00e3o, al\u00e9m de outros"},"aioseo_meta_data":{"post_id":"33138","title":null,"description":null,"keywords":null,"keyphrases":null,"primary_term":null,"canonical_url":null,"og_title":null,"og_description":null,"og_object_type":"default","og_image_type":"default","og_image_url":null,"og_image_width":null,"og_image_height":null,"og_image_custom_url":null,"og_image_custom_fields":null,"og_video":null,"og_custom_url":null,"og_article_section":null,"og_article_tags":null,"twitter_use_og":false,"twitter_card":"default","twitter_image_type":"default","twitter_image_url":null,"twitter_image_custom_url":null,"twitter_image_custom_fields":null,"twitter_title":null,"twitter_description":null,"schema":{"blockGraphs":[],"customGraphs":[],"default":{"data":{"Article":[],"Course":[],"Dataset":[],"FAQPage":[],"Movie":[],"Person":[],"Product":[],"ProductReview":[],"Car":[],"Recipe":[],"Service":[],"SoftwareApplication":[],"WebPage":[]},"graphName":"","isEnabled":true},"graphs":[]},"schema_type":"default","schema_type_options":null,"pillar_content":false,"robots_default":true,"robots_noindex":false,"robots_noarchive":false,"robots_nosnippet":false,"robots_nofollow":false,"robots_noimageindex":false,"robots_noodp":false,"robots_notranslate":false,"robots_max_snippet":null,"robots_max_videopreview":null,"robots_max_imagepreview":"large","priority":null,"frequency":null,"local_seo":null,"breadcrumb_settings":null,"limit_modified_date":false,"ai":null,"created":"2023-06-12 22:57:55","updated":"2025-07-11 09:13:58","seo_analyzer_scan_date":null},"aioseo_breadcrumb":"<div class=\"aioseo-breadcrumbs\"><span class=\"aioseo-breadcrumb\">\n\t\t\t<a href=\"https:\/\/newsinfoco.com.br\/inicio\" title=\"In\u00edcio\">In\u00edcio<\/a>\n\t\t<\/span><span class=\"aioseo-breadcrumb-separator\">&raquo;<\/span><span class=\"aioseo-breadcrumb\">\n\t\t\t<a href=\"https:\/\/newsinfoco.com.br\/inicio\/category\/alagoinhas-e-regiao\/\" title=\"Alagoinhas e Regi\u00e3o\">Alagoinhas e Regi\u00e3o<\/a>\n\t\t<\/span><span class=\"aioseo-breadcrumb-separator\">&raquo;<\/span><span class=\"aioseo-breadcrumb\">\n\t\t\tO Diret\u00f3rio Municipal do PT de Alagoinhas aprovou o indicativo de pr\u00e9-candidatura pr\u00f3pria ao Executivo Municipal nas elei\u00e7\u00f5es de 2024\n\t\t<\/span><\/div>","aioseo_breadcrumb_json":[{"label":"In\u00edcio","link":"https:\/\/newsinfoco.com.br\/inicio"},{"label":"Alagoinhas e Regi\u00e3o","link":"https:\/\/newsinfoco.com.br\/inicio\/category\/alagoinhas-e-regiao\/"},{"label":"O Diret\u00f3rio Municipal do PT de Alagoinhas aprovou o indicativo de pr\u00e9-candidatura pr\u00f3pria ao Executivo Municipal nas elei\u00e7\u00f5es de 2024","link":"https:\/\/newsinfoco.com.br\/inicio\/o-diretorio-municipal-do-pt-de-alagoinhas-aprovou-o-indicativo-de-pre-candidatura-propria-ao-executivo-municipal-nas-eleicoes-de-2024\/"}],"_links":{"self":[{"href":"https:\/\/newsinfoco.com.br\/inicio\/wp-json\/wp\/v2\/posts\/33138","targetHints":{"allow":["GET"]}}],"collection":[{"href":"https:\/\/newsinfoco.com.br\/inicio\/wp-json\/wp\/v2\/posts"}],"about":[{"href":"https:\/\/newsinfoco.com.br\/inicio\/wp-json\/wp\/v2\/types\/post"}],"author":[{"embeddable":true,"href":"https:\/\/newsinfoco.com.br\/inicio\/wp-json\/wp\/v2\/users\/1"}],"replies":[{"embeddable":true,"href":"https:\/\/newsinfoco.com.br\/inicio\/wp-json\/wp\/v2\/comments?post=33138"}],"version-history":[{"count":1,"href":"https:\/\/newsinfoco.com.br\/inicio\/wp-json\/wp\/v2\/posts\/33138\/revisions"}],"predecessor-version":[{"id":33140,"href":"https:\/\/newsinfoco.com.br\/inicio\/wp-json\/wp\/v2\/posts\/33138\/revisions\/33140"}],"wp:featuredmedia":[{"embeddable":true,"href":"https:\/\/newsinfoco.com.br\/inicio\/wp-json\/wp\/v2\/media\/33139"}],"wp:attachment":[{"href":"https:\/\/newsinfoco.com.br\/inicio\/wp-json\/wp\/v2\/media?parent=33138"}],"wp:term":[{"taxonomy":"category","embeddable":true,"href":"https:\/\/newsinfoco.com.br\/inicio\/wp-json\/wp\/v2\/categories?post=33138"},{"taxonomy":"post_tag","embeddable":true,"href":"https:\/\/newsinfoco.com.br\/inicio\/wp-json\/wp\/v2\/tags?post=33138"}],"curies":[{"name":"wp","href":"https:\/\/api.w.org\/{rel}","templated":true}]}}