{"id":33143,"date":"2023-02-22T19:29:36","date_gmt":"2023-02-22T22:29:36","guid":{"rendered":"https:\/\/newsinfoco.com.br\/inicio\/?p=33143"},"modified":"2023-02-22T19:29:36","modified_gmt":"2023-02-22T22:29:36","slug":"pt-de-alagoinhas-diz-nao-a-joaquim-neto-e-expoe-situacao-de-subalternidade-de-aliados-da-federacao-por-caio-pimenta","status":"publish","type":"post","link":"https:\/\/newsinfoco.com.br\/inicio\/pt-de-alagoinhas-diz-nao-a-joaquim-neto-e-expoe-situacao-de-subalternidade-de-aliados-da-federacao-por-caio-pimenta\/","title":{"rendered":"PT de Alagoinhas diz n\u00e3o a Joaquim Neto e exp\u00f5e situa\u00e7\u00e3o de subalternidade de aliados da Federa\u00e7\u00e3o &#8211; Por Caio Pimenta"},"content":{"rendered":"<p>A noticia de que o PT alagoinhense aprovou de forma un\u00e2nime o indicativo de pr\u00e9-candidatura pr\u00f3pria ao Executivo Municipal nas elei\u00e7\u00f5es de 2024 trouxe mais um elemento do que esperar para a pr\u00f3xima elei\u00e7\u00e3o no munic\u00edpio. Coloca um grande obst\u00e1culo nas esperan\u00e7as de uma uni\u00e3o da base do governador Rui Costa, simbolizada na uni\u00e3o entre o partido e o prefeito Joaquim Neto, e exp\u00f5e a rela\u00e7\u00e3o entre PT, PV e PC do B dentro da tal Federa\u00e7\u00e3o Brasil da Esperan\u00e7a.<\/p>\n<p>Hoje(22) pela manh\u00e3, no programa Primeira M\u00e3o, da r\u00e1dio Ouro Negro 100,5 FM, comentei sobre esta delibera\u00e7\u00e3o do diret\u00f3rio petista na cidade. Primeiro que para mim n\u00e3o \u00e9 nenhuma surpresa. Se em momentos de decl\u00ednio, o PT lan\u00e7ou candidatura pr\u00f3pria na cidade, n\u00e3o seria agora, quando governa o estado e o pa\u00eds, que agiria de outra forma. Diria at\u00e9 que \u00e9 mais que legitimo, do ponto de vista politico, essa decis\u00e3o. O PT tem chances reais de eleger o pr\u00f3ximo prefeito.<\/p>\n<p>O problema \u00e9 que esta decis\u00e3o tr\u00e1s tamb\u00e9m um simbolismo para o processo: o car\u00e1ter hegem\u00f4nico da sigla. Nada cresce ou se desenvolve a sua \u00f3rbita. N\u00e3o existe hip\u00f3tese de alian\u00e7a se o PT n\u00e3o liderar o processo.<\/p>\n<p>Na elei\u00e7\u00e3o do ano passado, a proximidade entre o prefeito Joaquim Neto(PSD) e o PT local para elei\u00e7\u00e3o de Jeronimo foi visto como um pontap\u00e9 inicial da possibilidade de uma alian\u00e7a para elei\u00e7\u00e3o de um sucessor comum entre os grupos. Essa aproxima\u00e7\u00e3o foi selada com a entrada da primeira-dama do munic\u00edpio, a hoje deputada Ludmilla Fiscina, ao PV, no momento em que o partido conclu\u00eda uma Federa\u00e7\u00e3o com o PT e PC do B. O PT alagoinhense nunca vai admitir isso, mas a Federa\u00e7\u00e3o da qual faz parte comp\u00f5e o Governo Joaquim Neto, portanto fazem parte da Gest\u00e3o. Professora Iraci Gama, Marcio da Linha Verde, s\u00e3o exemplos de filiados ao PV que integram o Governo Joaquim Neto. Uma chapa com componentes da Federa\u00e7\u00e3o e do grupo Joaquim Neto ainda pode ocorrer, mas fica claro que o PT n\u00e3o abre m\u00e3o de indicar a cabe\u00e7a de chapa, o que colocaria o prefeito numa situa\u00e7\u00e3o de sujei\u00e7\u00e3o.<\/p>\n<p>Um outro aspecto \u00e9 a vis\u00e3o de subalternidade que claramente o PT tem de seus companheiros de Federa\u00e7\u00e3o(PC do B e PV). Uma decis\u00e3o interna desta magnitude, exposta sem uma discuss\u00e3o ampla no \u00e2mbito da Federa\u00e7\u00e3o, deixa claro a import\u00e2ncia que a sigla despeja neles. Como ficar\u00e1 Ludmilla Fiscina, sair\u00e1 do PV para apoiar o candidato do seu padrinho politico e esposo? seguir\u00e1 na federa\u00e7\u00e3o e apoiar\u00e1 o candidato petista? Ou teria PC do B e PV a capacidade e coragem de enfrentar e se opor a decis\u00e3o dos vermelhos? Sinceramente, acho essa \u00faltima hip\u00f3tese pouco prov\u00e1vel, embora na politica nada \u00e9 imposs\u00edvel.<\/p>\n<p>Agora tenho que confessar, a decis\u00e3o da pr\u00e9-candidatura pr\u00f3pria anunciada pelo PT me fez lembrar o que disse meu companheiro de bancada no programa Primeira M\u00e3o, Jos\u00e9 Gomes, dias depois aos resultados das elei\u00e7\u00f5es do ano passado, \u201cN\u00e3o se surpreenda se um ex-prefeito petista voltar a disputar o cargo em Alagoinhas em 2024\u201d. O caminho est\u00e1 sendo pavimentado.<\/p>\n<p><strong><em>Escrito por Caio Pimenta, advogado, \u00e2ncora do programa Primeira M\u00e3o, da radio Ouro Negro 100,5 FM. Ele tamb\u00e9m escreve sua coluna no site News Infoco, do qual \u00e9 editor- chefe e dirige a radio web 2 de julho.<\/em><\/strong><\/p>\n<div class=\"google-auto-placed\"><\/div>\n<div class=\"share-to-whatsapp-wrapper\"><\/div>\n<div class=\"share-to-whatsapp-wrapper\"><\/div>\n<p>&nbsp;<\/p>\n<p>&nbsp;<\/p>\n<div class='share-to-whatsapp-wrapper'><div class='share-on-whsp'>Share on: <\/div><a data-text='PT de Alagoinhas diz n\u00e3o a Joaquim Neto e exp\u00f5e situa\u00e7\u00e3o de subalternidade de aliados da Federa\u00e7\u00e3o - Por Caio Pimenta' data-link='https:\/\/newsinfoco.com.br\/inicio\/pt-de-alagoinhas-diz-nao-a-joaquim-neto-e-expoe-situacao-de-subalternidade-de-aliados-da-federacao-por-caio-pimenta\/' class='whatsapp-button whatsapp-share'>WhatsApp<\/a><div class='clear '><\/div><\/div>","protected":false},"excerpt":{"rendered":"<p>A noticia de que o PT alagoinhense aprovou de forma un\u00e2nime o indicativo de pr\u00e9-candidatura pr\u00f3pria ao Executivo Municipal nas elei\u00e7\u00f5es de 2024 trouxe mais um elemento do que esperar para a pr\u00f3xima elei\u00e7\u00e3o no munic\u00edpio. Coloca um grande obst\u00e1culo nas esperan\u00e7as de uma uni\u00e3o da base do governador Rui Costa, simbolizada na uni\u00e3o entre [&hellip;]<\/p>\n","protected":false},"author":1,"featured_media":33144,"comment_status":"closed","ping_status":"closed","sticky":false,"template":"","format":"standard","meta":{"om_disable_all_campaigns":false,"rop_custom_images_group":[],"rop_custom_messages_group":[],"rop_publish_now":"initial","rop_publish_now_accounts":[],"rop_publish_now_history":[],"rop_publish_now_status":"pending","_exactmetrics_skip_tracking":false,"footnotes":""},"categories":[26],"tags":[],"class_list":["post-33143","post","type-post","status-publish","format-standard","has-post-thumbnail","hentry","category-caio-pimenta"],"aioseo_notices":[],"aioseo_head":"\n\t\t<!-- All in One SEO 4.9.10 - aioseo.com -->\n\t<meta name=\"description\" content=\"A noticia de que o PT alagoinhense aprovou de forma un\u00e2nime o indicativo de pr\u00e9-candidatura pr\u00f3pria ao Executivo Municipal nas elei\u00e7\u00f5es de 2024 trouxe mais um elemento do que esperar para a pr\u00f3xima elei\u00e7\u00e3o no munic\u00edpio. Coloca um grande obst\u00e1culo nas esperan\u00e7as de uma uni\u00e3o da base do governador Rui Costa, simbolizada na uni\u00e3o entre\" \/>\n\t<meta name=\"robots\" content=\"max-image-preview:large\" \/>\n\t<meta name=\"author\" content=\"administrador\"\/>\n\t<link rel=\"canonical\" href=\"https:\/\/newsinfoco.com.br\/inicio\/pt-de-alagoinhas-diz-nao-a-joaquim-neto-e-expoe-situacao-de-subalternidade-de-aliados-da-federacao-por-caio-pimenta\/\" \/>\n\t<meta name=\"generator\" content=\"All in One SEO (AIOSEO) 4.9.10\" \/>\n\t\t<meta property=\"og:locale\" content=\"pt_BR\" \/>\n\t\t<meta property=\"og:site_name\" content=\"News In Foco - Editado por Caio Pimenta - O principal site de noticias de Alagoinhas e regi\u00e3o\" \/>\n\t\t<meta property=\"og:type\" content=\"article\" \/>\n\t\t<meta property=\"og:title\" content=\"PT de Alagoinhas diz n\u00e3o a Joaquim Neto e exp\u00f5e situa\u00e7\u00e3o de subalternidade de aliados da Federa\u00e7\u00e3o \u2013 Por Caio Pimenta - News In Foco - Editado por Caio Pimenta\" \/>\n\t\t<meta property=\"og:description\" content=\"A noticia de que o PT alagoinhense aprovou de forma un\u00e2nime o indicativo de pr\u00e9-candidatura pr\u00f3pria ao Executivo Municipal nas elei\u00e7\u00f5es de 2024 trouxe mais um elemento do que esperar para a pr\u00f3xima elei\u00e7\u00e3o no munic\u00edpio. Coloca um grande obst\u00e1culo nas esperan\u00e7as de uma uni\u00e3o da base do governador Rui Costa, simbolizada na uni\u00e3o entre\" \/>\n\t\t<meta property=\"og:url\" content=\"https:\/\/newsinfoco.com.br\/inicio\/pt-de-alagoinhas-diz-nao-a-joaquim-neto-e-expoe-situacao-de-subalternidade-de-aliados-da-federacao-por-caio-pimenta\/\" \/>\n\t\t<meta property=\"article:published_time\" content=\"2023-02-22T22:29:36+00:00\" \/>\n\t\t<meta property=\"article:modified_time\" content=\"2023-02-22T22:29:36+00:00\" \/>\n\t\t<meta name=\"twitter:card\" content=\"summary_large_image\" \/>\n\t\t<meta name=\"twitter:title\" content=\"PT de Alagoinhas diz n\u00e3o a Joaquim Neto e exp\u00f5e situa\u00e7\u00e3o de subalternidade de aliados da Federa\u00e7\u00e3o \u2013 Por Caio Pimenta - News In Foco - Editado por Caio Pimenta\" \/>\n\t\t<meta name=\"twitter:description\" content=\"A noticia de que o PT alagoinhense aprovou de forma un\u00e2nime o indicativo de pr\u00e9-candidatura pr\u00f3pria ao Executivo Municipal nas elei\u00e7\u00f5es de 2024 trouxe mais um elemento do que esperar para a pr\u00f3xima elei\u00e7\u00e3o no munic\u00edpio. Coloca um grande obst\u00e1culo nas esperan\u00e7as de uma uni\u00e3o da base do governador Rui Costa, simbolizada na uni\u00e3o entre\" \/>\n\t\t<script type=\"application\/ld+json\" class=\"aioseo-schema\">\n\t\t\t{\"@context\":\"https:\\\/\\\/schema.org\",\"@graph\":[{\"@type\":\"BlogPosting\",\"@id\":\"https:\\\/\\\/newsinfoco.com.br\\\/inicio\\\/pt-de-alagoinhas-diz-nao-a-joaquim-neto-e-expoe-situacao-de-subalternidade-de-aliados-da-federacao-por-caio-pimenta\\\/#blogposting\",\"name\":\"PT de Alagoinhas diz n\\u00e3o a Joaquim Neto e exp\\u00f5e situa\\u00e7\\u00e3o de subalternidade de aliados da Federa\\u00e7\\u00e3o \\u2013 Por Caio Pimenta - News In Foco - Editado por Caio Pimenta\",\"headline\":\"PT de Alagoinhas diz n\\u00e3o a Joaquim Neto e exp\\u00f5e situa\\u00e7\\u00e3o de subalternidade de aliados da Federa\\u00e7\\u00e3o &#8211; Por Caio Pimenta\",\"author\":{\"@id\":\"https:\\\/\\\/newsinfoco.com.br\\\/inicio\\\/author\\\/administrador\\\/#author\"},\"publisher\":{\"@id\":\"https:\\\/\\\/newsinfoco.com.br\\\/inicio\\\/#organization\"},\"image\":{\"@type\":\"ImageObject\",\"url\":\"https:\\\/\\\/newsinfoco.com.br\\\/inicio\\\/wp-content\\\/uploads\\\/2023\\\/02\\\/joseildo-ludmilla-joaquim.jpg\",\"width\":800,\"height\":600},\"datePublished\":\"2023-02-22T19:29:36-03:00\",\"dateModified\":\"2023-02-22T19:29:36-03:00\",\"inLanguage\":\"pt-BR\",\"mainEntityOfPage\":{\"@id\":\"https:\\\/\\\/newsinfoco.com.br\\\/inicio\\\/pt-de-alagoinhas-diz-nao-a-joaquim-neto-e-expoe-situacao-de-subalternidade-de-aliados-da-federacao-por-caio-pimenta\\\/#webpage\"},\"isPartOf\":{\"@id\":\"https:\\\/\\\/newsinfoco.com.br\\\/inicio\\\/pt-de-alagoinhas-diz-nao-a-joaquim-neto-e-expoe-situacao-de-subalternidade-de-aliados-da-federacao-por-caio-pimenta\\\/#webpage\"},\"articleSection\":\"Caio Pimenta\"},{\"@type\":\"BreadcrumbList\",\"@id\":\"https:\\\/\\\/newsinfoco.com.br\\\/inicio\\\/pt-de-alagoinhas-diz-nao-a-joaquim-neto-e-expoe-situacao-de-subalternidade-de-aliados-da-federacao-por-caio-pimenta\\\/#breadcrumblist\",\"itemListElement\":[{\"@type\":\"ListItem\",\"@id\":\"https:\\\/\\\/newsinfoco.com.br\\\/inicio#listItem\",\"position\":1,\"name\":\"In\\u00edcio\",\"item\":\"https:\\\/\\\/newsinfoco.com.br\\\/inicio\",\"nextItem\":{\"@type\":\"ListItem\",\"@id\":\"https:\\\/\\\/newsinfoco.com.br\\\/inicio\\\/category\\\/caio-pimenta\\\/#listItem\",\"name\":\"Caio Pimenta\"}},{\"@type\":\"ListItem\",\"@id\":\"https:\\\/\\\/newsinfoco.com.br\\\/inicio\\\/category\\\/caio-pimenta\\\/#listItem\",\"position\":2,\"name\":\"Caio Pimenta\",\"item\":\"https:\\\/\\\/newsinfoco.com.br\\\/inicio\\\/category\\\/caio-pimenta\\\/\",\"nextItem\":{\"@type\":\"ListItem\",\"@id\":\"https:\\\/\\\/newsinfoco.com.br\\\/inicio\\\/pt-de-alagoinhas-diz-nao-a-joaquim-neto-e-expoe-situacao-de-subalternidade-de-aliados-da-federacao-por-caio-pimenta\\\/#listItem\",\"name\":\"PT de Alagoinhas diz n\\u00e3o a Joaquim Neto e exp\\u00f5e situa\\u00e7\\u00e3o de subalternidade de aliados da Federa\\u00e7\\u00e3o &#8211; Por Caio Pimenta\"},\"previousItem\":{\"@type\":\"ListItem\",\"@id\":\"https:\\\/\\\/newsinfoco.com.br\\\/inicio#listItem\",\"name\":\"In\\u00edcio\"}},{\"@type\":\"ListItem\",\"@id\":\"https:\\\/\\\/newsinfoco.com.br\\\/inicio\\\/pt-de-alagoinhas-diz-nao-a-joaquim-neto-e-expoe-situacao-de-subalternidade-de-aliados-da-federacao-por-caio-pimenta\\\/#listItem\",\"position\":3,\"name\":\"PT de Alagoinhas diz n\\u00e3o a Joaquim Neto e exp\\u00f5e situa\\u00e7\\u00e3o de subalternidade de aliados da Federa\\u00e7\\u00e3o &#8211; Por Caio Pimenta\",\"previousItem\":{\"@type\":\"ListItem\",\"@id\":\"https:\\\/\\\/newsinfoco.com.br\\\/inicio\\\/category\\\/caio-pimenta\\\/#listItem\",\"name\":\"Caio Pimenta\"}}]},{\"@type\":\"Organization\",\"@id\":\"https:\\\/\\\/newsinfoco.com.br\\\/inicio\\\/#organization\",\"name\":\"News In Foco - Editado por Caio Pimenta\",\"description\":\"O principal site de noticias de Alagoinhas e regi\\u00e3o\",\"url\":\"https:\\\/\\\/newsinfoco.com.br\\\/inicio\\\/\"},{\"@type\":\"Person\",\"@id\":\"https:\\\/\\\/newsinfoco.com.br\\\/inicio\\\/author\\\/administrador\\\/#author\",\"url\":\"https:\\\/\\\/newsinfoco.com.br\\\/inicio\\\/author\\\/administrador\\\/\",\"name\":\"administrador\",\"image\":{\"@type\":\"ImageObject\",\"@id\":\"https:\\\/\\\/newsinfoco.com.br\\\/inicio\\\/pt-de-alagoinhas-diz-nao-a-joaquim-neto-e-expoe-situacao-de-subalternidade-de-aliados-da-federacao-por-caio-pimenta\\\/#authorImage\",\"url\":\"https:\\\/\\\/secure.gravatar.com\\\/avatar\\\/c17a617433de8c1dc9584bb79aab7563b46f5bb7e1728c9b17d9cc3ce6a08e49?s=96&d=mm&r=g\",\"width\":96,\"height\":96,\"caption\":\"administrador\"}},{\"@type\":\"WebPage\",\"@id\":\"https:\\\/\\\/newsinfoco.com.br\\\/inicio\\\/pt-de-alagoinhas-diz-nao-a-joaquim-neto-e-expoe-situacao-de-subalternidade-de-aliados-da-federacao-por-caio-pimenta\\\/#webpage\",\"url\":\"https:\\\/\\\/newsinfoco.com.br\\\/inicio\\\/pt-de-alagoinhas-diz-nao-a-joaquim-neto-e-expoe-situacao-de-subalternidade-de-aliados-da-federacao-por-caio-pimenta\\\/\",\"name\":\"PT de Alagoinhas diz n\\u00e3o a Joaquim Neto e exp\\u00f5e situa\\u00e7\\u00e3o de subalternidade de aliados da Federa\\u00e7\\u00e3o \\u2013 Por Caio Pimenta - News In Foco - Editado por Caio Pimenta\",\"description\":\"A noticia de que o PT alagoinhense aprovou de forma un\\u00e2nime o indicativo de pr\\u00e9-candidatura pr\\u00f3pria ao Executivo Municipal nas elei\\u00e7\\u00f5es de 2024 trouxe mais um elemento do que esperar para a pr\\u00f3xima elei\\u00e7\\u00e3o no munic\\u00edpio. Coloca um grande obst\\u00e1culo nas esperan\\u00e7as de uma uni\\u00e3o da base do governador Rui Costa, simbolizada na uni\\u00e3o entre\",\"inLanguage\":\"pt-BR\",\"isPartOf\":{\"@id\":\"https:\\\/\\\/newsinfoco.com.br\\\/inicio\\\/#website\"},\"breadcrumb\":{\"@id\":\"https:\\\/\\\/newsinfoco.com.br\\\/inicio\\\/pt-de-alagoinhas-diz-nao-a-joaquim-neto-e-expoe-situacao-de-subalternidade-de-aliados-da-federacao-por-caio-pimenta\\\/#breadcrumblist\"},\"author\":{\"@id\":\"https:\\\/\\\/newsinfoco.com.br\\\/inicio\\\/author\\\/administrador\\\/#author\"},\"creator\":{\"@id\":\"https:\\\/\\\/newsinfoco.com.br\\\/inicio\\\/author\\\/administrador\\\/#author\"},\"image\":{\"@type\":\"ImageObject\",\"url\":\"https:\\\/\\\/newsinfoco.com.br\\\/inicio\\\/wp-content\\\/uploads\\\/2023\\\/02\\\/joseildo-ludmilla-joaquim.jpg\",\"@id\":\"https:\\\/\\\/newsinfoco.com.br\\\/inicio\\\/pt-de-alagoinhas-diz-nao-a-joaquim-neto-e-expoe-situacao-de-subalternidade-de-aliados-da-federacao-por-caio-pimenta\\\/#mainImage\",\"width\":800,\"height\":600},\"primaryImageOfPage\":{\"@id\":\"https:\\\/\\\/newsinfoco.com.br\\\/inicio\\\/pt-de-alagoinhas-diz-nao-a-joaquim-neto-e-expoe-situacao-de-subalternidade-de-aliados-da-federacao-por-caio-pimenta\\\/#mainImage\"},\"datePublished\":\"2023-02-22T19:29:36-03:00\",\"dateModified\":\"2023-02-22T19:29:36-03:00\"},{\"@type\":\"WebSite\",\"@id\":\"https:\\\/\\\/newsinfoco.com.br\\\/inicio\\\/#website\",\"url\":\"https:\\\/\\\/newsinfoco.com.br\\\/inicio\\\/\",\"name\":\"News In Foco - Editado por Caio Pimenta\",\"description\":\"O principal site de noticias de Alagoinhas e regi\\u00e3o\",\"inLanguage\":\"pt-BR\",\"publisher\":{\"@id\":\"https:\\\/\\\/newsinfoco.com.br\\\/inicio\\\/#organization\"}}]}\n\t\t<\/script>\n\t\t<!-- All in One SEO -->\n\n","aioseo_head_json":{"title":"PT de Alagoinhas diz n\u00e3o a Joaquim Neto e exp\u00f5e situa\u00e7\u00e3o de subalternidade de aliados da Federa\u00e7\u00e3o \u2013 Por Caio Pimenta - News In Foco - Editado por Caio Pimenta","description":"A noticia de que o PT alagoinhense aprovou de forma un\u00e2nime o indicativo de pr\u00e9-candidatura pr\u00f3pria ao Executivo Municipal nas elei\u00e7\u00f5es de 2024 trouxe mais um elemento do que esperar para a pr\u00f3xima elei\u00e7\u00e3o no munic\u00edpio. Coloca um grande obst\u00e1culo nas esperan\u00e7as de uma uni\u00e3o da base do governador Rui Costa, simbolizada na uni\u00e3o entre","canonical_url":"https:\/\/newsinfoco.com.br\/inicio\/pt-de-alagoinhas-diz-nao-a-joaquim-neto-e-expoe-situacao-de-subalternidade-de-aliados-da-federacao-por-caio-pimenta\/","robots":"max-image-preview:large","keywords":"","webmasterTools":{"miscellaneous":""},"schema":{"@context":"https:\/\/schema.org","@graph":[{"@type":"BlogPosting","@id":"https:\/\/newsinfoco.com.br\/inicio\/pt-de-alagoinhas-diz-nao-a-joaquim-neto-e-expoe-situacao-de-subalternidade-de-aliados-da-federacao-por-caio-pimenta\/#blogposting","name":"PT de Alagoinhas diz n\u00e3o a Joaquim Neto e exp\u00f5e situa\u00e7\u00e3o de subalternidade de aliados da Federa\u00e7\u00e3o \u2013 Por Caio Pimenta - News In Foco - Editado por Caio Pimenta","headline":"PT de Alagoinhas diz n\u00e3o a Joaquim Neto e exp\u00f5e situa\u00e7\u00e3o de subalternidade de aliados da Federa\u00e7\u00e3o &#8211; Por Caio Pimenta","author":{"@id":"https:\/\/newsinfoco.com.br\/inicio\/author\/administrador\/#author"},"publisher":{"@id":"https:\/\/newsinfoco.com.br\/inicio\/#organization"},"image":{"@type":"ImageObject","url":"https:\/\/newsinfoco.com.br\/inicio\/wp-content\/uploads\/2023\/02\/joseildo-ludmilla-joaquim.jpg","width":800,"height":600},"datePublished":"2023-02-22T19:29:36-03:00","dateModified":"2023-02-22T19:29:36-03:00","inLanguage":"pt-BR","mainEntityOfPage":{"@id":"https:\/\/newsinfoco.com.br\/inicio\/pt-de-alagoinhas-diz-nao-a-joaquim-neto-e-expoe-situacao-de-subalternidade-de-aliados-da-federacao-por-caio-pimenta\/#webpage"},"isPartOf":{"@id":"https:\/\/newsinfoco.com.br\/inicio\/pt-de-alagoinhas-diz-nao-a-joaquim-neto-e-expoe-situacao-de-subalternidade-de-aliados-da-federacao-por-caio-pimenta\/#webpage"},"articleSection":"Caio Pimenta"},{"@type":"BreadcrumbList","@id":"https:\/\/newsinfoco.com.br\/inicio\/pt-de-alagoinhas-diz-nao-a-joaquim-neto-e-expoe-situacao-de-subalternidade-de-aliados-da-federacao-por-caio-pimenta\/#breadcrumblist","itemListElement":[{"@type":"ListItem","@id":"https:\/\/newsinfoco.com.br\/inicio#listItem","position":1,"name":"In\u00edcio","item":"https:\/\/newsinfoco.com.br\/inicio","nextItem":{"@type":"ListItem","@id":"https:\/\/newsinfoco.com.br\/inicio\/category\/caio-pimenta\/#listItem","name":"Caio Pimenta"}},{"@type":"ListItem","@id":"https:\/\/newsinfoco.com.br\/inicio\/category\/caio-pimenta\/#listItem","position":2,"name":"Caio Pimenta","item":"https:\/\/newsinfoco.com.br\/inicio\/category\/caio-pimenta\/","nextItem":{"@type":"ListItem","@id":"https:\/\/newsinfoco.com.br\/inicio\/pt-de-alagoinhas-diz-nao-a-joaquim-neto-e-expoe-situacao-de-subalternidade-de-aliados-da-federacao-por-caio-pimenta\/#listItem","name":"PT de Alagoinhas diz n\u00e3o a Joaquim Neto e exp\u00f5e situa\u00e7\u00e3o de subalternidade de aliados da Federa\u00e7\u00e3o &#8211; Por Caio Pimenta"},"previousItem":{"@type":"ListItem","@id":"https:\/\/newsinfoco.com.br\/inicio#listItem","name":"In\u00edcio"}},{"@type":"ListItem","@id":"https:\/\/newsinfoco.com.br\/inicio\/pt-de-alagoinhas-diz-nao-a-joaquim-neto-e-expoe-situacao-de-subalternidade-de-aliados-da-federacao-por-caio-pimenta\/#listItem","position":3,"name":"PT de Alagoinhas diz n\u00e3o a Joaquim Neto e exp\u00f5e situa\u00e7\u00e3o de subalternidade de aliados da Federa\u00e7\u00e3o &#8211; Por Caio Pimenta","previousItem":{"@type":"ListItem","@id":"https:\/\/newsinfoco.com.br\/inicio\/category\/caio-pimenta\/#listItem","name":"Caio Pimenta"}}]},{"@type":"Organization","@id":"https:\/\/newsinfoco.com.br\/inicio\/#organization","name":"News In Foco - Editado por Caio Pimenta","description":"O principal site de noticias de Alagoinhas e regi\u00e3o","url":"https:\/\/newsinfoco.com.br\/inicio\/"},{"@type":"Person","@id":"https:\/\/newsinfoco.com.br\/inicio\/author\/administrador\/#author","url":"https:\/\/newsinfoco.com.br\/inicio\/author\/administrador\/","name":"administrador","image":{"@type":"ImageObject","@id":"https:\/\/newsinfoco.com.br\/inicio\/pt-de-alagoinhas-diz-nao-a-joaquim-neto-e-expoe-situacao-de-subalternidade-de-aliados-da-federacao-por-caio-pimenta\/#authorImage","url":"https:\/\/secure.gravatar.com\/avatar\/c17a617433de8c1dc9584bb79aab7563b46f5bb7e1728c9b17d9cc3ce6a08e49?s=96&d=mm&r=g","width":96,"height":96,"caption":"administrador"}},{"@type":"WebPage","@id":"https:\/\/newsinfoco.com.br\/inicio\/pt-de-alagoinhas-diz-nao-a-joaquim-neto-e-expoe-situacao-de-subalternidade-de-aliados-da-federacao-por-caio-pimenta\/#webpage","url":"https:\/\/newsinfoco.com.br\/inicio\/pt-de-alagoinhas-diz-nao-a-joaquim-neto-e-expoe-situacao-de-subalternidade-de-aliados-da-federacao-por-caio-pimenta\/","name":"PT de Alagoinhas diz n\u00e3o a Joaquim Neto e exp\u00f5e situa\u00e7\u00e3o de subalternidade de aliados da Federa\u00e7\u00e3o \u2013 Por Caio Pimenta - News In Foco - Editado por Caio Pimenta","description":"A noticia de que o PT alagoinhense aprovou de forma un\u00e2nime o indicativo de pr\u00e9-candidatura pr\u00f3pria ao Executivo Municipal nas elei\u00e7\u00f5es de 2024 trouxe mais um elemento do que esperar para a pr\u00f3xima elei\u00e7\u00e3o no munic\u00edpio. Coloca um grande obst\u00e1culo nas esperan\u00e7as de uma uni\u00e3o da base do governador Rui Costa, simbolizada na uni\u00e3o entre","inLanguage":"pt-BR","isPartOf":{"@id":"https:\/\/newsinfoco.com.br\/inicio\/#website"},"breadcrumb":{"@id":"https:\/\/newsinfoco.com.br\/inicio\/pt-de-alagoinhas-diz-nao-a-joaquim-neto-e-expoe-situacao-de-subalternidade-de-aliados-da-federacao-por-caio-pimenta\/#breadcrumblist"},"author":{"@id":"https:\/\/newsinfoco.com.br\/inicio\/author\/administrador\/#author"},"creator":{"@id":"https:\/\/newsinfoco.com.br\/inicio\/author\/administrador\/#author"},"image":{"@type":"ImageObject","url":"https:\/\/newsinfoco.com.br\/inicio\/wp-content\/uploads\/2023\/02\/joseildo-ludmilla-joaquim.jpg","@id":"https:\/\/newsinfoco.com.br\/inicio\/pt-de-alagoinhas-diz-nao-a-joaquim-neto-e-expoe-situacao-de-subalternidade-de-aliados-da-federacao-por-caio-pimenta\/#mainImage","width":800,"height":600},"primaryImageOfPage":{"@id":"https:\/\/newsinfoco.com.br\/inicio\/pt-de-alagoinhas-diz-nao-a-joaquim-neto-e-expoe-situacao-de-subalternidade-de-aliados-da-federacao-por-caio-pimenta\/#mainImage"},"datePublished":"2023-02-22T19:29:36-03:00","dateModified":"2023-02-22T19:29:36-03:00"},{"@type":"WebSite","@id":"https:\/\/newsinfoco.com.br\/inicio\/#website","url":"https:\/\/newsinfoco.com.br\/inicio\/","name":"News In Foco - Editado por Caio Pimenta","description":"O principal site de noticias de Alagoinhas e regi\u00e3o","inLanguage":"pt-BR","publisher":{"@id":"https:\/\/newsinfoco.com.br\/inicio\/#organization"}}]},"og:locale":"pt_BR","og:site_name":"News In Foco - Editado por Caio Pimenta - O principal site de noticias de Alagoinhas e regi\u00e3o","og:type":"article","og:title":"PT de Alagoinhas diz n\u00e3o a Joaquim Neto e exp\u00f5e situa\u00e7\u00e3o de subalternidade de aliados da Federa\u00e7\u00e3o \u2013 Por Caio Pimenta - News In Foco - Editado por Caio Pimenta","og:description":"A noticia de que o PT alagoinhense aprovou de forma un\u00e2nime o indicativo de pr\u00e9-candidatura pr\u00f3pria ao Executivo Municipal nas elei\u00e7\u00f5es de 2024 trouxe mais um elemento do que esperar para a pr\u00f3xima elei\u00e7\u00e3o no munic\u00edpio. Coloca um grande obst\u00e1culo nas esperan\u00e7as de uma uni\u00e3o da base do governador Rui Costa, simbolizada na uni\u00e3o entre","og:url":"https:\/\/newsinfoco.com.br\/inicio\/pt-de-alagoinhas-diz-nao-a-joaquim-neto-e-expoe-situacao-de-subalternidade-de-aliados-da-federacao-por-caio-pimenta\/","article:published_time":"2023-02-22T22:29:36+00:00","article:modified_time":"2023-02-22T22:29:36+00:00","twitter:card":"summary_large_image","twitter:title":"PT de Alagoinhas diz n\u00e3o a Joaquim Neto e exp\u00f5e situa\u00e7\u00e3o de subalternidade de aliados da Federa\u00e7\u00e3o \u2013 Por Caio Pimenta - News In Foco - Editado por Caio Pimenta","twitter:description":"A noticia de que o PT alagoinhense aprovou de forma un\u00e2nime o indicativo de pr\u00e9-candidatura pr\u00f3pria ao Executivo Municipal nas elei\u00e7\u00f5es de 2024 trouxe mais um elemento do que esperar para a pr\u00f3xima elei\u00e7\u00e3o no munic\u00edpio. Coloca um grande obst\u00e1culo nas esperan\u00e7as de uma uni\u00e3o da base do governador Rui Costa, simbolizada na uni\u00e3o entre"},"aioseo_meta_data":{"post_id":"33143","title":null,"description":null,"keywords":null,"keyphrases":null,"primary_term":null,"canonical_url":null,"og_title":null,"og_description":null,"og_object_type":"default","og_image_type":"default","og_image_url":null,"og_image_width":null,"og_image_height":null,"og_image_custom_url":null,"og_image_custom_fields":null,"og_video":null,"og_custom_url":null,"og_article_section":null,"og_article_tags":null,"twitter_use_og":false,"twitter_card":"default","twitter_image_type":"default","twitter_image_url":null,"twitter_image_custom_url":null,"twitter_image_custom_fields":null,"twitter_title":null,"twitter_description":null,"schema":{"blockGraphs":[],"customGraphs":[],"default":{"data":{"Article":[],"Course":[],"Dataset":[],"FAQPage":[],"Movie":[],"Person":[],"Product":[],"ProductReview":[],"Car":[],"Recipe":[],"Service":[],"SoftwareApplication":[],"WebPage":[]},"graphName":"","isEnabled":true},"graphs":[]},"schema_type":"default","schema_type_options":null,"pillar_content":false,"robots_default":true,"robots_noindex":false,"robots_noarchive":false,"robots_nosnippet":false,"robots_nofollow":false,"robots_noimageindex":false,"robots_noodp":false,"robots_notranslate":false,"robots_max_snippet":null,"robots_max_videopreview":null,"robots_max_imagepreview":"large","priority":null,"frequency":null,"local_seo":null,"breadcrumb_settings":null,"limit_modified_date":false,"ai":null,"created":"2023-06-12 22:57:55","updated":"2025-07-11 09:15:04","seo_analyzer_scan_date":null},"aioseo_breadcrumb":"<div class=\"aioseo-breadcrumbs\"><span class=\"aioseo-breadcrumb\">\n\t\t\t<a href=\"https:\/\/newsinfoco.com.br\/inicio\" title=\"In\u00edcio\">In\u00edcio<\/a>\n\t\t<\/span><span class=\"aioseo-breadcrumb-separator\">&raquo;<\/span><span class=\"aioseo-breadcrumb\">\n\t\t\t<a href=\"https:\/\/newsinfoco.com.br\/inicio\/category\/caio-pimenta\/\" title=\"Caio Pimenta\">Caio Pimenta<\/a>\n\t\t<\/span><span class=\"aioseo-breadcrumb-separator\">&raquo;<\/span><span class=\"aioseo-breadcrumb\">\n\t\t\tPT de Alagoinhas diz n\u00e3o a Joaquim Neto e exp\u00f5e situa\u00e7\u00e3o de subalternidade de aliados da Federa\u00e7\u00e3o \u2013 Por Caio Pimenta\n\t\t<\/span><\/div>","aioseo_breadcrumb_json":[{"label":"In\u00edcio","link":"https:\/\/newsinfoco.com.br\/inicio"},{"label":"Caio Pimenta","link":"https:\/\/newsinfoco.com.br\/inicio\/category\/caio-pimenta\/"},{"label":"PT de Alagoinhas diz n\u00e3o a Joaquim Neto e exp\u00f5e situa\u00e7\u00e3o de subalternidade de aliados da Federa\u00e7\u00e3o &#8211; Por Caio Pimenta","link":"https:\/\/newsinfoco.com.br\/inicio\/pt-de-alagoinhas-diz-nao-a-joaquim-neto-e-expoe-situacao-de-subalternidade-de-aliados-da-federacao-por-caio-pimenta\/"}],"_links":{"self":[{"href":"https:\/\/newsinfoco.com.br\/inicio\/wp-json\/wp\/v2\/posts\/33143","targetHints":{"allow":["GET"]}}],"collection":[{"href":"https:\/\/newsinfoco.com.br\/inicio\/wp-json\/wp\/v2\/posts"}],"about":[{"href":"https:\/\/newsinfoco.com.br\/inicio\/wp-json\/wp\/v2\/types\/post"}],"author":[{"embeddable":true,"href":"https:\/\/newsinfoco.com.br\/inicio\/wp-json\/wp\/v2\/users\/1"}],"replies":[{"embeddable":true,"href":"https:\/\/newsinfoco.com.br\/inicio\/wp-json\/wp\/v2\/comments?post=33143"}],"version-history":[{"count":1,"href":"https:\/\/newsinfoco.com.br\/inicio\/wp-json\/wp\/v2\/posts\/33143\/revisions"}],"predecessor-version":[{"id":33145,"href":"https:\/\/newsinfoco.com.br\/inicio\/wp-json\/wp\/v2\/posts\/33143\/revisions\/33145"}],"wp:featuredmedia":[{"embeddable":true,"href":"https:\/\/newsinfoco.com.br\/inicio\/wp-json\/wp\/v2\/media\/33144"}],"wp:attachment":[{"href":"https:\/\/newsinfoco.com.br\/inicio\/wp-json\/wp\/v2\/media?parent=33143"}],"wp:term":[{"taxonomy":"category","embeddable":true,"href":"https:\/\/newsinfoco.com.br\/inicio\/wp-json\/wp\/v2\/categories?post=33143"},{"taxonomy":"post_tag","embeddable":true,"href":"https:\/\/newsinfoco.com.br\/inicio\/wp-json\/wp\/v2\/tags?post=33143"}],"curies":[{"name":"wp","href":"https:\/\/api.w.org\/{rel}","templated":true}]}}