{"id":33150,"date":"2023-02-24T20:30:03","date_gmt":"2023-02-24T23:30:03","guid":{"rendered":"https:\/\/newsinfoco.com.br\/inicio\/?p=33150"},"modified":"2023-02-24T20:33:04","modified_gmt":"2023-02-24T23:33:04","slug":"vem-ai-o-procon-municipal-de-alagoinhas","status":"publish","type":"post","link":"https:\/\/newsinfoco.com.br\/inicio\/vem-ai-o-procon-municipal-de-alagoinhas\/","title":{"rendered":"Vem a\u00ed o Procon Municipal de Alagoinhas"},"content":{"rendered":"<p>Dentro de poucos meses deve estar dispon\u00edvel para a popula\u00e7\u00e3o alagoinhense um grande instrumento de defesa para o consumidor, o Procon Municipal. De acordo com o subprocurador da prefeitura de Alagoinhas, Dr. Hilton Ribeiro, que tratou do tema durante entrevista concedida ao programa Primeira M\u00e3o, da r\u00e1dio Ouro Negro 100,5 FM, na manh\u00e3 desta sexta-feira(24), o projeto &#8220;coloca Alagoinhas num seleto grupo de munic\u00edpios baianos a ter um PROCON municipal&#8221;.<\/p>\n<p>Institu\u00edda pelo prefeito Joaquim Neto(PSD) no fim do ano passado, a dire\u00e7\u00e3o do Procon Municipal j\u00e1 foi nomeada e est\u00e1 sob a responsabilidade da Dra. Monalisa. A estrutura f\u00edsica tamb\u00e9m j\u00e1 come\u00e7ou a ser montada. O espa\u00e7o, que cont\u00e9m, inclusive, um audit\u00f3rio, contar\u00e1 com C\u00e2maras de Concilia\u00e7\u00f5es e ficar\u00e1 abrigado em salas do Centro Municipal de Atendimento ao Contribuinte (CMAC), localizado no Shopping Laguna.<\/p>\n<p>Nos pr\u00f3ximos dias o Procon estadual deve dar inicio ao termo de coopera\u00e7\u00e3o t\u00e9cnica fornecendo capacita\u00e7\u00e3o aos profissionais que devem atuar no Procon Municipal. O termo de coopera\u00e7\u00e3o t\u00e9cnica foi uma das primeiras conquistas do mandato da deputada estadual Ludmilla Fiscina(PV).<\/p>\n<p>Para o Dr. Hilton Ribeiro com inicio dos trabalhos do Procon Municipal, haver\u00e1 uma redu\u00e7\u00e3o consider\u00e1vel de demandas no judici\u00e1rio, ajudando a diminuir a sobrecarga de processos na Comarca, al\u00e9m de ajudar a educar as rela\u00e7\u00f5es de consumo no munic\u00edpio. Um conv\u00eanio com as institui\u00e7\u00f5es de ensino superior da cidade, que possuem curso de direito, tamb\u00e9m deve permitir o ingresso de alunos no programa de est\u00e1gio da prefeitura para ajudar na resolu\u00e7\u00e3o dos conflitos consumeristas e prestar assist\u00eancia ao cidad\u00e3o.<\/p>\n<p>&nbsp;<\/p>\n<p>Por Caio Pimenta para o News Infoco<\/p>\n<p>&nbsp;<\/p>\n<div class='share-to-whatsapp-wrapper'><div class='share-on-whsp'>Share on: <\/div><a data-text='Vem a\u00ed o Procon Municipal de Alagoinhas' data-link='https:\/\/newsinfoco.com.br\/inicio\/vem-ai-o-procon-municipal-de-alagoinhas\/' class='whatsapp-button whatsapp-share'>WhatsApp<\/a><div class='clear '><\/div><\/div>","protected":false},"excerpt":{"rendered":"<p>Dentro de poucos meses deve estar dispon\u00edvel para a popula\u00e7\u00e3o alagoinhense um grande instrumento de defesa para o consumidor, o Procon Municipal. De acordo com o subprocurador da prefeitura de Alagoinhas, Dr. Hilton Ribeiro, que tratou do tema durante entrevista concedida ao programa Primeira M\u00e3o, da r\u00e1dio Ouro Negro 100,5 FM, na manh\u00e3 desta sexta-feira(24), [&hellip;]<\/p>\n","protected":false},"author":1,"featured_media":33151,"comment_status":"closed","ping_status":"closed","sticky":false,"template":"","format":"standard","meta":{"om_disable_all_campaigns":false,"rop_custom_images_group":[],"rop_custom_messages_group":[],"rop_publish_now":"initial","rop_publish_now_accounts":[],"rop_publish_now_history":[],"rop_publish_now_status":"pending","_exactmetrics_skip_tracking":false,"footnotes":""},"categories":[38,167],"tags":[],"class_list":["post-33150","post","type-post","status-publish","format-standard","has-post-thumbnail","hentry","category-alagoinhas-e-regiao","category-exclusivas"],"aioseo_notices":[],"aioseo_head":"\n\t\t<!-- All in One SEO 4.9.10 - aioseo.com -->\n\t<meta name=\"description\" content=\"Dentro de poucos meses deve estar dispon\u00edvel para a popula\u00e7\u00e3o alagoinhense um grande instrumento de defesa para o consumidor, o Procon Municipal. De acordo com o subprocurador da prefeitura de Alagoinhas, Dr. Hilton Ribeiro, que tratou do tema durante entrevista concedida ao programa Primeira M\u00e3o, da r\u00e1dio Ouro Negro 100,5 FM, na manh\u00e3 desta sexta-feira(24),\" \/>\n\t<meta name=\"robots\" content=\"max-image-preview:large\" \/>\n\t<meta name=\"author\" content=\"administrador\"\/>\n\t<link rel=\"canonical\" href=\"https:\/\/newsinfoco.com.br\/inicio\/vem-ai-o-procon-municipal-de-alagoinhas\/\" \/>\n\t<meta name=\"generator\" content=\"All in One SEO (AIOSEO) 4.9.10\" \/>\n\t\t<meta property=\"og:locale\" content=\"pt_BR\" \/>\n\t\t<meta property=\"og:site_name\" content=\"News In Foco - Editado por Caio Pimenta - O principal site de noticias de Alagoinhas e regi\u00e3o\" \/>\n\t\t<meta property=\"og:type\" content=\"article\" \/>\n\t\t<meta property=\"og:title\" content=\"Vem a\u00ed o Procon Municipal de Alagoinhas - News In Foco - Editado por Caio Pimenta\" \/>\n\t\t<meta property=\"og:description\" content=\"Dentro de poucos meses deve estar dispon\u00edvel para a popula\u00e7\u00e3o alagoinhense um grande instrumento de defesa para o consumidor, o Procon Municipal. De acordo com o subprocurador da prefeitura de Alagoinhas, Dr. Hilton Ribeiro, que tratou do tema durante entrevista concedida ao programa Primeira M\u00e3o, da r\u00e1dio Ouro Negro 100,5 FM, na manh\u00e3 desta sexta-feira(24),\" \/>\n\t\t<meta property=\"og:url\" content=\"https:\/\/newsinfoco.com.br\/inicio\/vem-ai-o-procon-municipal-de-alagoinhas\/\" \/>\n\t\t<meta property=\"article:published_time\" content=\"2023-02-24T23:30:03+00:00\" \/>\n\t\t<meta property=\"article:modified_time\" content=\"2023-02-24T23:33:04+00:00\" \/>\n\t\t<meta name=\"twitter:card\" content=\"summary_large_image\" \/>\n\t\t<meta name=\"twitter:title\" content=\"Vem a\u00ed o Procon Municipal de Alagoinhas - News In Foco - Editado por Caio Pimenta\" \/>\n\t\t<meta name=\"twitter:description\" content=\"Dentro de poucos meses deve estar dispon\u00edvel para a popula\u00e7\u00e3o alagoinhense um grande instrumento de defesa para o consumidor, o Procon Municipal. De acordo com o subprocurador da prefeitura de Alagoinhas, Dr. Hilton Ribeiro, que tratou do tema durante entrevista concedida ao programa Primeira M\u00e3o, da r\u00e1dio Ouro Negro 100,5 FM, na manh\u00e3 desta sexta-feira(24),\" \/>\n\t\t<script type=\"application\/ld+json\" class=\"aioseo-schema\">\n\t\t\t{\"@context\":\"https:\\\/\\\/schema.org\",\"@graph\":[{\"@type\":\"BlogPosting\",\"@id\":\"https:\\\/\\\/newsinfoco.com.br\\\/inicio\\\/vem-ai-o-procon-municipal-de-alagoinhas\\\/#blogposting\",\"name\":\"Vem a\\u00ed o Procon Municipal de Alagoinhas - News In Foco - Editado por Caio Pimenta\",\"headline\":\"Vem a\\u00ed o Procon Municipal de Alagoinhas\",\"author\":{\"@id\":\"https:\\\/\\\/newsinfoco.com.br\\\/inicio\\\/author\\\/administrador\\\/#author\"},\"publisher\":{\"@id\":\"https:\\\/\\\/newsinfoco.com.br\\\/inicio\\\/#organization\"},\"image\":{\"@type\":\"ImageObject\",\"url\":\"https:\\\/\\\/newsinfoco.com.br\\\/inicio\\\/wp-content\\\/uploads\\\/2023\\\/02\\\/hilton.png\",\"width\":594,\"height\":348},\"datePublished\":\"2023-02-24T20:30:03-03:00\",\"dateModified\":\"2023-02-24T20:33:04-03:00\",\"inLanguage\":\"pt-BR\",\"mainEntityOfPage\":{\"@id\":\"https:\\\/\\\/newsinfoco.com.br\\\/inicio\\\/vem-ai-o-procon-municipal-de-alagoinhas\\\/#webpage\"},\"isPartOf\":{\"@id\":\"https:\\\/\\\/newsinfoco.com.br\\\/inicio\\\/vem-ai-o-procon-municipal-de-alagoinhas\\\/#webpage\"},\"articleSection\":\"Alagoinhas e Regi\\u00e3o, Manchete\"},{\"@type\":\"BreadcrumbList\",\"@id\":\"https:\\\/\\\/newsinfoco.com.br\\\/inicio\\\/vem-ai-o-procon-municipal-de-alagoinhas\\\/#breadcrumblist\",\"itemListElement\":[{\"@type\":\"ListItem\",\"@id\":\"https:\\\/\\\/newsinfoco.com.br\\\/inicio#listItem\",\"position\":1,\"name\":\"In\\u00edcio\",\"item\":\"https:\\\/\\\/newsinfoco.com.br\\\/inicio\",\"nextItem\":{\"@type\":\"ListItem\",\"@id\":\"https:\\\/\\\/newsinfoco.com.br\\\/inicio\\\/category\\\/alagoinhas-e-regiao\\\/#listItem\",\"name\":\"Alagoinhas e Regi\\u00e3o\"}},{\"@type\":\"ListItem\",\"@id\":\"https:\\\/\\\/newsinfoco.com.br\\\/inicio\\\/category\\\/alagoinhas-e-regiao\\\/#listItem\",\"position\":2,\"name\":\"Alagoinhas e Regi\\u00e3o\",\"item\":\"https:\\\/\\\/newsinfoco.com.br\\\/inicio\\\/category\\\/alagoinhas-e-regiao\\\/\",\"nextItem\":{\"@type\":\"ListItem\",\"@id\":\"https:\\\/\\\/newsinfoco.com.br\\\/inicio\\\/vem-ai-o-procon-municipal-de-alagoinhas\\\/#listItem\",\"name\":\"Vem a\\u00ed o Procon Municipal de Alagoinhas\"},\"previousItem\":{\"@type\":\"ListItem\",\"@id\":\"https:\\\/\\\/newsinfoco.com.br\\\/inicio#listItem\",\"name\":\"In\\u00edcio\"}},{\"@type\":\"ListItem\",\"@id\":\"https:\\\/\\\/newsinfoco.com.br\\\/inicio\\\/vem-ai-o-procon-municipal-de-alagoinhas\\\/#listItem\",\"position\":3,\"name\":\"Vem a\\u00ed o Procon Municipal de Alagoinhas\",\"previousItem\":{\"@type\":\"ListItem\",\"@id\":\"https:\\\/\\\/newsinfoco.com.br\\\/inicio\\\/category\\\/alagoinhas-e-regiao\\\/#listItem\",\"name\":\"Alagoinhas e Regi\\u00e3o\"}}]},{\"@type\":\"Organization\",\"@id\":\"https:\\\/\\\/newsinfoco.com.br\\\/inicio\\\/#organization\",\"name\":\"News In Foco - Editado por Caio Pimenta\",\"description\":\"O principal site de noticias de Alagoinhas e regi\\u00e3o\",\"url\":\"https:\\\/\\\/newsinfoco.com.br\\\/inicio\\\/\"},{\"@type\":\"Person\",\"@id\":\"https:\\\/\\\/newsinfoco.com.br\\\/inicio\\\/author\\\/administrador\\\/#author\",\"url\":\"https:\\\/\\\/newsinfoco.com.br\\\/inicio\\\/author\\\/administrador\\\/\",\"name\":\"administrador\",\"image\":{\"@type\":\"ImageObject\",\"@id\":\"https:\\\/\\\/newsinfoco.com.br\\\/inicio\\\/vem-ai-o-procon-municipal-de-alagoinhas\\\/#authorImage\",\"url\":\"https:\\\/\\\/secure.gravatar.com\\\/avatar\\\/c17a617433de8c1dc9584bb79aab7563b46f5bb7e1728c9b17d9cc3ce6a08e49?s=96&d=mm&r=g\",\"width\":96,\"height\":96,\"caption\":\"administrador\"}},{\"@type\":\"WebPage\",\"@id\":\"https:\\\/\\\/newsinfoco.com.br\\\/inicio\\\/vem-ai-o-procon-municipal-de-alagoinhas\\\/#webpage\",\"url\":\"https:\\\/\\\/newsinfoco.com.br\\\/inicio\\\/vem-ai-o-procon-municipal-de-alagoinhas\\\/\",\"name\":\"Vem a\\u00ed o Procon Municipal de Alagoinhas - News In Foco - Editado por Caio Pimenta\",\"description\":\"Dentro de poucos meses deve estar dispon\\u00edvel para a popula\\u00e7\\u00e3o alagoinhense um grande instrumento de defesa para o consumidor, o Procon Municipal. De acordo com o subprocurador da prefeitura de Alagoinhas, Dr. Hilton Ribeiro, que tratou do tema durante entrevista concedida ao programa Primeira M\\u00e3o, da r\\u00e1dio Ouro Negro 100,5 FM, na manh\\u00e3 desta sexta-feira(24),\",\"inLanguage\":\"pt-BR\",\"isPartOf\":{\"@id\":\"https:\\\/\\\/newsinfoco.com.br\\\/inicio\\\/#website\"},\"breadcrumb\":{\"@id\":\"https:\\\/\\\/newsinfoco.com.br\\\/inicio\\\/vem-ai-o-procon-municipal-de-alagoinhas\\\/#breadcrumblist\"},\"author\":{\"@id\":\"https:\\\/\\\/newsinfoco.com.br\\\/inicio\\\/author\\\/administrador\\\/#author\"},\"creator\":{\"@id\":\"https:\\\/\\\/newsinfoco.com.br\\\/inicio\\\/author\\\/administrador\\\/#author\"},\"image\":{\"@type\":\"ImageObject\",\"url\":\"https:\\\/\\\/newsinfoco.com.br\\\/inicio\\\/wp-content\\\/uploads\\\/2023\\\/02\\\/hilton.png\",\"@id\":\"https:\\\/\\\/newsinfoco.com.br\\\/inicio\\\/vem-ai-o-procon-municipal-de-alagoinhas\\\/#mainImage\",\"width\":594,\"height\":348},\"primaryImageOfPage\":{\"@id\":\"https:\\\/\\\/newsinfoco.com.br\\\/inicio\\\/vem-ai-o-procon-municipal-de-alagoinhas\\\/#mainImage\"},\"datePublished\":\"2023-02-24T20:30:03-03:00\",\"dateModified\":\"2023-02-24T20:33:04-03:00\"},{\"@type\":\"WebSite\",\"@id\":\"https:\\\/\\\/newsinfoco.com.br\\\/inicio\\\/#website\",\"url\":\"https:\\\/\\\/newsinfoco.com.br\\\/inicio\\\/\",\"name\":\"News In Foco - Editado por Caio Pimenta\",\"description\":\"O principal site de noticias de Alagoinhas e regi\\u00e3o\",\"inLanguage\":\"pt-BR\",\"publisher\":{\"@id\":\"https:\\\/\\\/newsinfoco.com.br\\\/inicio\\\/#organization\"}}]}\n\t\t<\/script>\n\t\t<!-- All in One SEO -->\n\n","aioseo_head_json":{"title":"Vem a\u00ed o Procon Municipal de Alagoinhas - News In Foco - Editado por Caio Pimenta","description":"Dentro de poucos meses deve estar dispon\u00edvel para a popula\u00e7\u00e3o alagoinhense um grande instrumento de defesa para o consumidor, o Procon Municipal. De acordo com o subprocurador da prefeitura de Alagoinhas, Dr. Hilton Ribeiro, que tratou do tema durante entrevista concedida ao programa Primeira M\u00e3o, da r\u00e1dio Ouro Negro 100,5 FM, na manh\u00e3 desta sexta-feira(24),","canonical_url":"https:\/\/newsinfoco.com.br\/inicio\/vem-ai-o-procon-municipal-de-alagoinhas\/","robots":"max-image-preview:large","keywords":"","webmasterTools":{"miscellaneous":""},"schema":{"@context":"https:\/\/schema.org","@graph":[{"@type":"BlogPosting","@id":"https:\/\/newsinfoco.com.br\/inicio\/vem-ai-o-procon-municipal-de-alagoinhas\/#blogposting","name":"Vem a\u00ed o Procon Municipal de Alagoinhas - News In Foco - Editado por Caio Pimenta","headline":"Vem a\u00ed o Procon Municipal de Alagoinhas","author":{"@id":"https:\/\/newsinfoco.com.br\/inicio\/author\/administrador\/#author"},"publisher":{"@id":"https:\/\/newsinfoco.com.br\/inicio\/#organization"},"image":{"@type":"ImageObject","url":"https:\/\/newsinfoco.com.br\/inicio\/wp-content\/uploads\/2023\/02\/hilton.png","width":594,"height":348},"datePublished":"2023-02-24T20:30:03-03:00","dateModified":"2023-02-24T20:33:04-03:00","inLanguage":"pt-BR","mainEntityOfPage":{"@id":"https:\/\/newsinfoco.com.br\/inicio\/vem-ai-o-procon-municipal-de-alagoinhas\/#webpage"},"isPartOf":{"@id":"https:\/\/newsinfoco.com.br\/inicio\/vem-ai-o-procon-municipal-de-alagoinhas\/#webpage"},"articleSection":"Alagoinhas e Regi\u00e3o, Manchete"},{"@type":"BreadcrumbList","@id":"https:\/\/newsinfoco.com.br\/inicio\/vem-ai-o-procon-municipal-de-alagoinhas\/#breadcrumblist","itemListElement":[{"@type":"ListItem","@id":"https:\/\/newsinfoco.com.br\/inicio#listItem","position":1,"name":"In\u00edcio","item":"https:\/\/newsinfoco.com.br\/inicio","nextItem":{"@type":"ListItem","@id":"https:\/\/newsinfoco.com.br\/inicio\/category\/alagoinhas-e-regiao\/#listItem","name":"Alagoinhas e Regi\u00e3o"}},{"@type":"ListItem","@id":"https:\/\/newsinfoco.com.br\/inicio\/category\/alagoinhas-e-regiao\/#listItem","position":2,"name":"Alagoinhas e Regi\u00e3o","item":"https:\/\/newsinfoco.com.br\/inicio\/category\/alagoinhas-e-regiao\/","nextItem":{"@type":"ListItem","@id":"https:\/\/newsinfoco.com.br\/inicio\/vem-ai-o-procon-municipal-de-alagoinhas\/#listItem","name":"Vem a\u00ed o Procon Municipal de Alagoinhas"},"previousItem":{"@type":"ListItem","@id":"https:\/\/newsinfoco.com.br\/inicio#listItem","name":"In\u00edcio"}},{"@type":"ListItem","@id":"https:\/\/newsinfoco.com.br\/inicio\/vem-ai-o-procon-municipal-de-alagoinhas\/#listItem","position":3,"name":"Vem a\u00ed o Procon Municipal de Alagoinhas","previousItem":{"@type":"ListItem","@id":"https:\/\/newsinfoco.com.br\/inicio\/category\/alagoinhas-e-regiao\/#listItem","name":"Alagoinhas e Regi\u00e3o"}}]},{"@type":"Organization","@id":"https:\/\/newsinfoco.com.br\/inicio\/#organization","name":"News In Foco - Editado por Caio Pimenta","description":"O principal site de noticias de Alagoinhas e regi\u00e3o","url":"https:\/\/newsinfoco.com.br\/inicio\/"},{"@type":"Person","@id":"https:\/\/newsinfoco.com.br\/inicio\/author\/administrador\/#author","url":"https:\/\/newsinfoco.com.br\/inicio\/author\/administrador\/","name":"administrador","image":{"@type":"ImageObject","@id":"https:\/\/newsinfoco.com.br\/inicio\/vem-ai-o-procon-municipal-de-alagoinhas\/#authorImage","url":"https:\/\/secure.gravatar.com\/avatar\/c17a617433de8c1dc9584bb79aab7563b46f5bb7e1728c9b17d9cc3ce6a08e49?s=96&d=mm&r=g","width":96,"height":96,"caption":"administrador"}},{"@type":"WebPage","@id":"https:\/\/newsinfoco.com.br\/inicio\/vem-ai-o-procon-municipal-de-alagoinhas\/#webpage","url":"https:\/\/newsinfoco.com.br\/inicio\/vem-ai-o-procon-municipal-de-alagoinhas\/","name":"Vem a\u00ed o Procon Municipal de Alagoinhas - News In Foco - Editado por Caio Pimenta","description":"Dentro de poucos meses deve estar dispon\u00edvel para a popula\u00e7\u00e3o alagoinhense um grande instrumento de defesa para o consumidor, o Procon Municipal. De acordo com o subprocurador da prefeitura de Alagoinhas, Dr. Hilton Ribeiro, que tratou do tema durante entrevista concedida ao programa Primeira M\u00e3o, da r\u00e1dio Ouro Negro 100,5 FM, na manh\u00e3 desta sexta-feira(24),","inLanguage":"pt-BR","isPartOf":{"@id":"https:\/\/newsinfoco.com.br\/inicio\/#website"},"breadcrumb":{"@id":"https:\/\/newsinfoco.com.br\/inicio\/vem-ai-o-procon-municipal-de-alagoinhas\/#breadcrumblist"},"author":{"@id":"https:\/\/newsinfoco.com.br\/inicio\/author\/administrador\/#author"},"creator":{"@id":"https:\/\/newsinfoco.com.br\/inicio\/author\/administrador\/#author"},"image":{"@type":"ImageObject","url":"https:\/\/newsinfoco.com.br\/inicio\/wp-content\/uploads\/2023\/02\/hilton.png","@id":"https:\/\/newsinfoco.com.br\/inicio\/vem-ai-o-procon-municipal-de-alagoinhas\/#mainImage","width":594,"height":348},"primaryImageOfPage":{"@id":"https:\/\/newsinfoco.com.br\/inicio\/vem-ai-o-procon-municipal-de-alagoinhas\/#mainImage"},"datePublished":"2023-02-24T20:30:03-03:00","dateModified":"2023-02-24T20:33:04-03:00"},{"@type":"WebSite","@id":"https:\/\/newsinfoco.com.br\/inicio\/#website","url":"https:\/\/newsinfoco.com.br\/inicio\/","name":"News In Foco - Editado por Caio Pimenta","description":"O principal site de noticias de Alagoinhas e regi\u00e3o","inLanguage":"pt-BR","publisher":{"@id":"https:\/\/newsinfoco.com.br\/inicio\/#organization"}}]},"og:locale":"pt_BR","og:site_name":"News In Foco - Editado por Caio Pimenta - O principal site de noticias de Alagoinhas e regi\u00e3o","og:type":"article","og:title":"Vem a\u00ed o Procon Municipal de Alagoinhas - News In Foco - Editado por Caio Pimenta","og:description":"Dentro de poucos meses deve estar dispon\u00edvel para a popula\u00e7\u00e3o alagoinhense um grande instrumento de defesa para o consumidor, o Procon Municipal. De acordo com o subprocurador da prefeitura de Alagoinhas, Dr. Hilton Ribeiro, que tratou do tema durante entrevista concedida ao programa Primeira M\u00e3o, da r\u00e1dio Ouro Negro 100,5 FM, na manh\u00e3 desta sexta-feira(24),","og:url":"https:\/\/newsinfoco.com.br\/inicio\/vem-ai-o-procon-municipal-de-alagoinhas\/","article:published_time":"2023-02-24T23:30:03+00:00","article:modified_time":"2023-02-24T23:33:04+00:00","twitter:card":"summary_large_image","twitter:title":"Vem a\u00ed o Procon Municipal de Alagoinhas - News In Foco - Editado por Caio Pimenta","twitter:description":"Dentro de poucos meses deve estar dispon\u00edvel para a popula\u00e7\u00e3o alagoinhense um grande instrumento de defesa para o consumidor, o Procon Municipal. De acordo com o subprocurador da prefeitura de Alagoinhas, Dr. Hilton Ribeiro, que tratou do tema durante entrevista concedida ao programa Primeira M\u00e3o, da r\u00e1dio Ouro Negro 100,5 FM, na manh\u00e3 desta sexta-feira(24),"},"aioseo_meta_data":{"post_id":"33150","title":null,"description":null,"keywords":null,"keyphrases":null,"primary_term":null,"canonical_url":null,"og_title":null,"og_description":null,"og_object_type":"default","og_image_type":"default","og_image_url":null,"og_image_width":null,"og_image_height":null,"og_image_custom_url":null,"og_image_custom_fields":null,"og_video":null,"og_custom_url":null,"og_article_section":null,"og_article_tags":null,"twitter_use_og":false,"twitter_card":"default","twitter_image_type":"default","twitter_image_url":null,"twitter_image_custom_url":null,"twitter_image_custom_fields":null,"twitter_title":null,"twitter_description":null,"schema":{"blockGraphs":[],"customGraphs":[],"default":{"data":{"Article":[],"Course":[],"Dataset":[],"FAQPage":[],"Movie":[],"Person":[],"Product":[],"ProductReview":[],"Car":[],"Recipe":[],"Service":[],"SoftwareApplication":[],"WebPage":[]},"graphName":"","isEnabled":true},"graphs":[]},"schema_type":"default","schema_type_options":null,"pillar_content":false,"robots_default":true,"robots_noindex":false,"robots_noarchive":false,"robots_nosnippet":false,"robots_nofollow":false,"robots_noimageindex":false,"robots_noodp":false,"robots_notranslate":false,"robots_max_snippet":null,"robots_max_videopreview":null,"robots_max_imagepreview":"large","priority":null,"frequency":null,"local_seo":null,"breadcrumb_settings":null,"limit_modified_date":false,"ai":null,"created":"2023-06-12 22:57:55","updated":"2025-07-11 09:15:04","seo_analyzer_scan_date":null},"aioseo_breadcrumb":"<div class=\"aioseo-breadcrumbs\"><span class=\"aioseo-breadcrumb\">\n\t\t\t<a href=\"https:\/\/newsinfoco.com.br\/inicio\" title=\"In\u00edcio\">In\u00edcio<\/a>\n\t\t<\/span><span class=\"aioseo-breadcrumb-separator\">&raquo;<\/span><span class=\"aioseo-breadcrumb\">\n\t\t\t<a href=\"https:\/\/newsinfoco.com.br\/inicio\/category\/alagoinhas-e-regiao\/\" title=\"Alagoinhas e Regi\u00e3o\">Alagoinhas e Regi\u00e3o<\/a>\n\t\t<\/span><span class=\"aioseo-breadcrumb-separator\">&raquo;<\/span><span class=\"aioseo-breadcrumb\">\n\t\t\tVem a\u00ed o Procon Municipal de Alagoinhas\n\t\t<\/span><\/div>","aioseo_breadcrumb_json":[{"label":"In\u00edcio","link":"https:\/\/newsinfoco.com.br\/inicio"},{"label":"Alagoinhas e Regi\u00e3o","link":"https:\/\/newsinfoco.com.br\/inicio\/category\/alagoinhas-e-regiao\/"},{"label":"Vem a\u00ed o Procon Municipal de Alagoinhas","link":"https:\/\/newsinfoco.com.br\/inicio\/vem-ai-o-procon-municipal-de-alagoinhas\/"}],"_links":{"self":[{"href":"https:\/\/newsinfoco.com.br\/inicio\/wp-json\/wp\/v2\/posts\/33150","targetHints":{"allow":["GET"]}}],"collection":[{"href":"https:\/\/newsinfoco.com.br\/inicio\/wp-json\/wp\/v2\/posts"}],"about":[{"href":"https:\/\/newsinfoco.com.br\/inicio\/wp-json\/wp\/v2\/types\/post"}],"author":[{"embeddable":true,"href":"https:\/\/newsinfoco.com.br\/inicio\/wp-json\/wp\/v2\/users\/1"}],"replies":[{"embeddable":true,"href":"https:\/\/newsinfoco.com.br\/inicio\/wp-json\/wp\/v2\/comments?post=33150"}],"version-history":[{"count":3,"href":"https:\/\/newsinfoco.com.br\/inicio\/wp-json\/wp\/v2\/posts\/33150\/revisions"}],"predecessor-version":[{"id":33153,"href":"https:\/\/newsinfoco.com.br\/inicio\/wp-json\/wp\/v2\/posts\/33150\/revisions\/33153"}],"wp:featuredmedia":[{"embeddable":true,"href":"https:\/\/newsinfoco.com.br\/inicio\/wp-json\/wp\/v2\/media\/33151"}],"wp:attachment":[{"href":"https:\/\/newsinfoco.com.br\/inicio\/wp-json\/wp\/v2\/media?parent=33150"}],"wp:term":[{"taxonomy":"category","embeddable":true,"href":"https:\/\/newsinfoco.com.br\/inicio\/wp-json\/wp\/v2\/categories?post=33150"},{"taxonomy":"post_tag","embeddable":true,"href":"https:\/\/newsinfoco.com.br\/inicio\/wp-json\/wp\/v2\/tags?post=33150"}],"curies":[{"name":"wp","href":"https:\/\/api.w.org\/{rel}","templated":true}]}}