{"id":33155,"date":"2023-02-24T20:55:10","date_gmt":"2023-02-24T23:55:10","guid":{"rendered":"https:\/\/newsinfoco.com.br\/inicio\/?p=33155"},"modified":"2023-02-24T20:55:10","modified_gmt":"2023-02-24T23:55:10","slug":"comissao-de-vereadores-de-alagoinhas-participa-de-encontro-pedagogico","status":"publish","type":"post","link":"https:\/\/newsinfoco.com.br\/inicio\/comissao-de-vereadores-de-alagoinhas-participa-de-encontro-pedagogico\/","title":{"rendered":"Comiss\u00e3o de Vereadores de Alagoinhas participa de encontro pedag\u00f3gico"},"content":{"rendered":"<p dir=\"auto\">Aconteceu na manh\u00e3 de hoje (24) no Hotel \u00c1ster o Encontro Pedag\u00f3gico 2023, promovido pela Prefeitura e Secretaria Municipal de Educa\u00e7\u00e3o. O evento, que teve como tema: Lendo e Escrevendo Mem\u00f3rias, um (Re) Encontro com nossas ra\u00edzes \u00e9tnico-raciais, reuniu diversas lideran\u00e7as pol\u00edticas, entre elas o prefeito Joaquim Neto, a deputada estadual Ludmila Fiscina, o secret\u00e1rio de Educa\u00e7\u00e3o Gustavo Carmo e comunidade acad\u00eamica: diretores, professores e alunos das escolas municipais.<\/p>\n<p dir=\"auto\">Marcaram presen\u00e7a representando a Casa Legislativa o presidente Cleto da Banana, o presidente e o relator da Comiss\u00e3o de Educa\u00e7\u00e3o, Cultura\/Esporte e Lazer, Defesa dos Direitos do Cidad\u00e3o e do Consumidor e combate ao racismo estrutural e juventudes, vereador Francisco Thor de Ninha e vereador Raimundo Gode, e os vereadores Juracy Nascimento, Anderson Baqueiro, Professor Ar\u00e3o e Anselmo Bal.<\/p>\n<p dir=\"auto\">Na oportunidade, o presidente Cleto da Banana ressaltou: \u201cSinto-me lisonjeado de participar desse encontro e quero aqui destacar a import\u00e2ncia de trabalhar quest\u00f5es \u00e9tnico-raciais com as crian\u00e7as num momento em que elas come\u00e7am a se perceber e perceber o outro atrav\u00e9s das intera\u00e7\u00f5es sociais. \u00c9 um tema muito importante na constru\u00e7\u00e3o da identidade dos nossos pequenos\u201d.<\/p>\n<p dir=\"auto\">O presidente da Comiss\u00e3o de Educa\u00e7\u00e3o, vereador Thor de Ninha destacou: &#8220;A abertura da jornada pedag\u00f3gica da rede municipal de ensino nos fez refletir sobre a riqueza da diversidade e a sua import\u00e2ncia na constru\u00e7\u00e3o coletiva de uma cidade educadora. Uma mestra de cerim\u00f4nia muito conectada com o p\u00fablico, apresenta\u00e7\u00e3o de experi\u00eancias exitosas de algumas escolas e uma palestra magn\u00edfica da professora Eliana Boa Morte da UFBA, nos fez refletir acerca do nosso papel enquanto profissional e cidad\u00e3o na constru\u00e7\u00e3o de uma sociedade inclusiva e antirracista\u201d.<\/p>\n<p dir=\"auto\">\n<p dir=\"auto\">\n<p dir=\"auto\">Ascom Camara<\/p>\n<div class='share-to-whatsapp-wrapper'><div class='share-on-whsp'>Share on: <\/div><a data-text='Comiss\u00e3o de Vereadores de Alagoinhas participa de encontro pedag\u00f3gico' data-link='https:\/\/newsinfoco.com.br\/inicio\/comissao-de-vereadores-de-alagoinhas-participa-de-encontro-pedagogico\/' class='whatsapp-button whatsapp-share'>WhatsApp<\/a><div class='clear '><\/div><\/div>","protected":false},"excerpt":{"rendered":"<p>Aconteceu na manh\u00e3 de hoje (24) no Hotel \u00c1ster o Encontro Pedag\u00f3gico 2023, promovido pela Prefeitura e Secretaria Municipal de Educa\u00e7\u00e3o. O evento, que teve como tema: Lendo e Escrevendo Mem\u00f3rias, um (Re) Encontro com nossas ra\u00edzes \u00e9tnico-raciais, reuniu diversas lideran\u00e7as pol\u00edticas, entre elas o prefeito Joaquim Neto, a deputada estadual Ludmila Fiscina, o secret\u00e1rio [&hellip;]<\/p>\n","protected":false},"author":1,"featured_media":33156,"comment_status":"closed","ping_status":"closed","sticky":false,"template":"","format":"standard","meta":{"om_disable_all_campaigns":false,"rop_custom_images_group":[],"rop_custom_messages_group":[],"rop_publish_now":"initial","rop_publish_now_accounts":[],"rop_publish_now_history":[],"rop_publish_now_status":"pending","_exactmetrics_skip_tracking":false,"footnotes":""},"categories":[38,167],"tags":[],"class_list":["post-33155","post","type-post","status-publish","format-standard","has-post-thumbnail","hentry","category-alagoinhas-e-regiao","category-exclusivas"],"aioseo_notices":[],"aioseo_head":"\n\t\t<!-- All in One SEO 4.9.10 - aioseo.com -->\n\t<meta name=\"description\" content=\"Aconteceu na manh\u00e3 de hoje (24) no Hotel \u00c1ster o Encontro Pedag\u00f3gico 2023, promovido pela Prefeitura e Secretaria Municipal de Educa\u00e7\u00e3o. O evento, que teve como tema: Lendo e Escrevendo Mem\u00f3rias, um (Re) Encontro com nossas ra\u00edzes \u00e9tnico-raciais, reuniu diversas lideran\u00e7as pol\u00edticas, entre elas o prefeito Joaquim Neto, a deputada estadual Ludmila Fiscina, o secret\u00e1rio\" \/>\n\t<meta name=\"robots\" content=\"max-image-preview:large\" \/>\n\t<meta name=\"author\" content=\"administrador\"\/>\n\t<link rel=\"canonical\" href=\"https:\/\/newsinfoco.com.br\/inicio\/comissao-de-vereadores-de-alagoinhas-participa-de-encontro-pedagogico\/\" \/>\n\t<meta name=\"generator\" content=\"All in One SEO (AIOSEO) 4.9.10\" \/>\n\t\t<meta property=\"og:locale\" content=\"pt_BR\" \/>\n\t\t<meta property=\"og:site_name\" content=\"News In Foco - Editado por Caio Pimenta - O principal site de noticias de Alagoinhas e regi\u00e3o\" \/>\n\t\t<meta property=\"og:type\" content=\"article\" \/>\n\t\t<meta property=\"og:title\" content=\"Comiss\u00e3o de Vereadores de Alagoinhas participa de encontro pedag\u00f3gico - News In Foco - Editado por Caio Pimenta\" \/>\n\t\t<meta property=\"og:description\" content=\"Aconteceu na manh\u00e3 de hoje (24) no Hotel \u00c1ster o Encontro Pedag\u00f3gico 2023, promovido pela Prefeitura e Secretaria Municipal de Educa\u00e7\u00e3o. O evento, que teve como tema: Lendo e Escrevendo Mem\u00f3rias, um (Re) Encontro com nossas ra\u00edzes \u00e9tnico-raciais, reuniu diversas lideran\u00e7as pol\u00edticas, entre elas o prefeito Joaquim Neto, a deputada estadual Ludmila Fiscina, o secret\u00e1rio\" \/>\n\t\t<meta property=\"og:url\" content=\"https:\/\/newsinfoco.com.br\/inicio\/comissao-de-vereadores-de-alagoinhas-participa-de-encontro-pedagogico\/\" \/>\n\t\t<meta property=\"article:published_time\" content=\"2023-02-24T23:55:10+00:00\" \/>\n\t\t<meta property=\"article:modified_time\" content=\"2023-02-24T23:55:10+00:00\" \/>\n\t\t<meta name=\"twitter:card\" content=\"summary_large_image\" \/>\n\t\t<meta name=\"twitter:title\" content=\"Comiss\u00e3o de Vereadores de Alagoinhas participa de encontro pedag\u00f3gico - News In Foco - Editado por Caio Pimenta\" \/>\n\t\t<meta name=\"twitter:description\" content=\"Aconteceu na manh\u00e3 de hoje (24) no Hotel \u00c1ster o Encontro Pedag\u00f3gico 2023, promovido pela Prefeitura e Secretaria Municipal de Educa\u00e7\u00e3o. O evento, que teve como tema: Lendo e Escrevendo Mem\u00f3rias, um (Re) Encontro com nossas ra\u00edzes \u00e9tnico-raciais, reuniu diversas lideran\u00e7as pol\u00edticas, entre elas o prefeito Joaquim Neto, a deputada estadual Ludmila Fiscina, o secret\u00e1rio\" \/>\n\t\t<script type=\"application\/ld+json\" class=\"aioseo-schema\">\n\t\t\t{\"@context\":\"https:\\\/\\\/schema.org\",\"@graph\":[{\"@type\":\"BlogPosting\",\"@id\":\"https:\\\/\\\/newsinfoco.com.br\\\/inicio\\\/comissao-de-vereadores-de-alagoinhas-participa-de-encontro-pedagogico\\\/#blogposting\",\"name\":\"Comiss\\u00e3o de Vereadores de Alagoinhas participa de encontro pedag\\u00f3gico - News In Foco - Editado por Caio Pimenta\",\"headline\":\"Comiss\\u00e3o de Vereadores de Alagoinhas participa de encontro pedag\\u00f3gico\",\"author\":{\"@id\":\"https:\\\/\\\/newsinfoco.com.br\\\/inicio\\\/author\\\/administrador\\\/#author\"},\"publisher\":{\"@id\":\"https:\\\/\\\/newsinfoco.com.br\\\/inicio\\\/#organization\"},\"image\":{\"@type\":\"ImageObject\",\"url\":\"https:\\\/\\\/newsinfoco.com.br\\\/inicio\\\/wp-content\\\/uploads\\\/2023\\\/02\\\/IMG-20230224-WA0154.jpg\",\"width\":1529,\"height\":949},\"datePublished\":\"2023-02-24T20:55:10-03:00\",\"dateModified\":\"2023-02-24T20:55:10-03:00\",\"inLanguage\":\"pt-BR\",\"mainEntityOfPage\":{\"@id\":\"https:\\\/\\\/newsinfoco.com.br\\\/inicio\\\/comissao-de-vereadores-de-alagoinhas-participa-de-encontro-pedagogico\\\/#webpage\"},\"isPartOf\":{\"@id\":\"https:\\\/\\\/newsinfoco.com.br\\\/inicio\\\/comissao-de-vereadores-de-alagoinhas-participa-de-encontro-pedagogico\\\/#webpage\"},\"articleSection\":\"Alagoinhas e Regi\\u00e3o, Manchete\"},{\"@type\":\"BreadcrumbList\",\"@id\":\"https:\\\/\\\/newsinfoco.com.br\\\/inicio\\\/comissao-de-vereadores-de-alagoinhas-participa-de-encontro-pedagogico\\\/#breadcrumblist\",\"itemListElement\":[{\"@type\":\"ListItem\",\"@id\":\"https:\\\/\\\/newsinfoco.com.br\\\/inicio#listItem\",\"position\":1,\"name\":\"In\\u00edcio\",\"item\":\"https:\\\/\\\/newsinfoco.com.br\\\/inicio\",\"nextItem\":{\"@type\":\"ListItem\",\"@id\":\"https:\\\/\\\/newsinfoco.com.br\\\/inicio\\\/category\\\/alagoinhas-e-regiao\\\/#listItem\",\"name\":\"Alagoinhas e Regi\\u00e3o\"}},{\"@type\":\"ListItem\",\"@id\":\"https:\\\/\\\/newsinfoco.com.br\\\/inicio\\\/category\\\/alagoinhas-e-regiao\\\/#listItem\",\"position\":2,\"name\":\"Alagoinhas e Regi\\u00e3o\",\"item\":\"https:\\\/\\\/newsinfoco.com.br\\\/inicio\\\/category\\\/alagoinhas-e-regiao\\\/\",\"nextItem\":{\"@type\":\"ListItem\",\"@id\":\"https:\\\/\\\/newsinfoco.com.br\\\/inicio\\\/comissao-de-vereadores-de-alagoinhas-participa-de-encontro-pedagogico\\\/#listItem\",\"name\":\"Comiss\\u00e3o de Vereadores de Alagoinhas participa de encontro pedag\\u00f3gico\"},\"previousItem\":{\"@type\":\"ListItem\",\"@id\":\"https:\\\/\\\/newsinfoco.com.br\\\/inicio#listItem\",\"name\":\"In\\u00edcio\"}},{\"@type\":\"ListItem\",\"@id\":\"https:\\\/\\\/newsinfoco.com.br\\\/inicio\\\/comissao-de-vereadores-de-alagoinhas-participa-de-encontro-pedagogico\\\/#listItem\",\"position\":3,\"name\":\"Comiss\\u00e3o de Vereadores de Alagoinhas participa de encontro pedag\\u00f3gico\",\"previousItem\":{\"@type\":\"ListItem\",\"@id\":\"https:\\\/\\\/newsinfoco.com.br\\\/inicio\\\/category\\\/alagoinhas-e-regiao\\\/#listItem\",\"name\":\"Alagoinhas e Regi\\u00e3o\"}}]},{\"@type\":\"Organization\",\"@id\":\"https:\\\/\\\/newsinfoco.com.br\\\/inicio\\\/#organization\",\"name\":\"News In Foco - Editado por Caio Pimenta\",\"description\":\"O principal site de noticias de Alagoinhas e regi\\u00e3o\",\"url\":\"https:\\\/\\\/newsinfoco.com.br\\\/inicio\\\/\"},{\"@type\":\"Person\",\"@id\":\"https:\\\/\\\/newsinfoco.com.br\\\/inicio\\\/author\\\/administrador\\\/#author\",\"url\":\"https:\\\/\\\/newsinfoco.com.br\\\/inicio\\\/author\\\/administrador\\\/\",\"name\":\"administrador\",\"image\":{\"@type\":\"ImageObject\",\"@id\":\"https:\\\/\\\/newsinfoco.com.br\\\/inicio\\\/comissao-de-vereadores-de-alagoinhas-participa-de-encontro-pedagogico\\\/#authorImage\",\"url\":\"https:\\\/\\\/secure.gravatar.com\\\/avatar\\\/c17a617433de8c1dc9584bb79aab7563b46f5bb7e1728c9b17d9cc3ce6a08e49?s=96&d=mm&r=g\",\"width\":96,\"height\":96,\"caption\":\"administrador\"}},{\"@type\":\"WebPage\",\"@id\":\"https:\\\/\\\/newsinfoco.com.br\\\/inicio\\\/comissao-de-vereadores-de-alagoinhas-participa-de-encontro-pedagogico\\\/#webpage\",\"url\":\"https:\\\/\\\/newsinfoco.com.br\\\/inicio\\\/comissao-de-vereadores-de-alagoinhas-participa-de-encontro-pedagogico\\\/\",\"name\":\"Comiss\\u00e3o de Vereadores de Alagoinhas participa de encontro pedag\\u00f3gico - News In Foco - Editado por Caio Pimenta\",\"description\":\"Aconteceu na manh\\u00e3 de hoje (24) no Hotel \\u00c1ster o Encontro Pedag\\u00f3gico 2023, promovido pela Prefeitura e Secretaria Municipal de Educa\\u00e7\\u00e3o. O evento, que teve como tema: Lendo e Escrevendo Mem\\u00f3rias, um (Re) Encontro com nossas ra\\u00edzes \\u00e9tnico-raciais, reuniu diversas lideran\\u00e7as pol\\u00edticas, entre elas o prefeito Joaquim Neto, a deputada estadual Ludmila Fiscina, o secret\\u00e1rio\",\"inLanguage\":\"pt-BR\",\"isPartOf\":{\"@id\":\"https:\\\/\\\/newsinfoco.com.br\\\/inicio\\\/#website\"},\"breadcrumb\":{\"@id\":\"https:\\\/\\\/newsinfoco.com.br\\\/inicio\\\/comissao-de-vereadores-de-alagoinhas-participa-de-encontro-pedagogico\\\/#breadcrumblist\"},\"author\":{\"@id\":\"https:\\\/\\\/newsinfoco.com.br\\\/inicio\\\/author\\\/administrador\\\/#author\"},\"creator\":{\"@id\":\"https:\\\/\\\/newsinfoco.com.br\\\/inicio\\\/author\\\/administrador\\\/#author\"},\"image\":{\"@type\":\"ImageObject\",\"url\":\"https:\\\/\\\/newsinfoco.com.br\\\/inicio\\\/wp-content\\\/uploads\\\/2023\\\/02\\\/IMG-20230224-WA0154.jpg\",\"@id\":\"https:\\\/\\\/newsinfoco.com.br\\\/inicio\\\/comissao-de-vereadores-de-alagoinhas-participa-de-encontro-pedagogico\\\/#mainImage\",\"width\":1529,\"height\":949},\"primaryImageOfPage\":{\"@id\":\"https:\\\/\\\/newsinfoco.com.br\\\/inicio\\\/comissao-de-vereadores-de-alagoinhas-participa-de-encontro-pedagogico\\\/#mainImage\"},\"datePublished\":\"2023-02-24T20:55:10-03:00\",\"dateModified\":\"2023-02-24T20:55:10-03:00\"},{\"@type\":\"WebSite\",\"@id\":\"https:\\\/\\\/newsinfoco.com.br\\\/inicio\\\/#website\",\"url\":\"https:\\\/\\\/newsinfoco.com.br\\\/inicio\\\/\",\"name\":\"News In Foco - Editado por Caio Pimenta\",\"description\":\"O principal site de noticias de Alagoinhas e regi\\u00e3o\",\"inLanguage\":\"pt-BR\",\"publisher\":{\"@id\":\"https:\\\/\\\/newsinfoco.com.br\\\/inicio\\\/#organization\"}}]}\n\t\t<\/script>\n\t\t<!-- All in One SEO -->\n\n","aioseo_head_json":{"title":"Comiss\u00e3o de Vereadores de Alagoinhas participa de encontro pedag\u00f3gico - News In Foco - Editado por Caio Pimenta","description":"Aconteceu na manh\u00e3 de hoje (24) no Hotel \u00c1ster o Encontro Pedag\u00f3gico 2023, promovido pela Prefeitura e Secretaria Municipal de Educa\u00e7\u00e3o. O evento, que teve como tema: Lendo e Escrevendo Mem\u00f3rias, um (Re) Encontro com nossas ra\u00edzes \u00e9tnico-raciais, reuniu diversas lideran\u00e7as pol\u00edticas, entre elas o prefeito Joaquim Neto, a deputada estadual Ludmila Fiscina, o secret\u00e1rio","canonical_url":"https:\/\/newsinfoco.com.br\/inicio\/comissao-de-vereadores-de-alagoinhas-participa-de-encontro-pedagogico\/","robots":"max-image-preview:large","keywords":"","webmasterTools":{"miscellaneous":""},"schema":{"@context":"https:\/\/schema.org","@graph":[{"@type":"BlogPosting","@id":"https:\/\/newsinfoco.com.br\/inicio\/comissao-de-vereadores-de-alagoinhas-participa-de-encontro-pedagogico\/#blogposting","name":"Comiss\u00e3o de Vereadores de Alagoinhas participa de encontro pedag\u00f3gico - News In Foco - Editado por Caio Pimenta","headline":"Comiss\u00e3o de Vereadores de Alagoinhas participa de encontro pedag\u00f3gico","author":{"@id":"https:\/\/newsinfoco.com.br\/inicio\/author\/administrador\/#author"},"publisher":{"@id":"https:\/\/newsinfoco.com.br\/inicio\/#organization"},"image":{"@type":"ImageObject","url":"https:\/\/newsinfoco.com.br\/inicio\/wp-content\/uploads\/2023\/02\/IMG-20230224-WA0154.jpg","width":1529,"height":949},"datePublished":"2023-02-24T20:55:10-03:00","dateModified":"2023-02-24T20:55:10-03:00","inLanguage":"pt-BR","mainEntityOfPage":{"@id":"https:\/\/newsinfoco.com.br\/inicio\/comissao-de-vereadores-de-alagoinhas-participa-de-encontro-pedagogico\/#webpage"},"isPartOf":{"@id":"https:\/\/newsinfoco.com.br\/inicio\/comissao-de-vereadores-de-alagoinhas-participa-de-encontro-pedagogico\/#webpage"},"articleSection":"Alagoinhas e Regi\u00e3o, Manchete"},{"@type":"BreadcrumbList","@id":"https:\/\/newsinfoco.com.br\/inicio\/comissao-de-vereadores-de-alagoinhas-participa-de-encontro-pedagogico\/#breadcrumblist","itemListElement":[{"@type":"ListItem","@id":"https:\/\/newsinfoco.com.br\/inicio#listItem","position":1,"name":"In\u00edcio","item":"https:\/\/newsinfoco.com.br\/inicio","nextItem":{"@type":"ListItem","@id":"https:\/\/newsinfoco.com.br\/inicio\/category\/alagoinhas-e-regiao\/#listItem","name":"Alagoinhas e Regi\u00e3o"}},{"@type":"ListItem","@id":"https:\/\/newsinfoco.com.br\/inicio\/category\/alagoinhas-e-regiao\/#listItem","position":2,"name":"Alagoinhas e Regi\u00e3o","item":"https:\/\/newsinfoco.com.br\/inicio\/category\/alagoinhas-e-regiao\/","nextItem":{"@type":"ListItem","@id":"https:\/\/newsinfoco.com.br\/inicio\/comissao-de-vereadores-de-alagoinhas-participa-de-encontro-pedagogico\/#listItem","name":"Comiss\u00e3o de Vereadores de Alagoinhas participa de encontro pedag\u00f3gico"},"previousItem":{"@type":"ListItem","@id":"https:\/\/newsinfoco.com.br\/inicio#listItem","name":"In\u00edcio"}},{"@type":"ListItem","@id":"https:\/\/newsinfoco.com.br\/inicio\/comissao-de-vereadores-de-alagoinhas-participa-de-encontro-pedagogico\/#listItem","position":3,"name":"Comiss\u00e3o de Vereadores de Alagoinhas participa de encontro pedag\u00f3gico","previousItem":{"@type":"ListItem","@id":"https:\/\/newsinfoco.com.br\/inicio\/category\/alagoinhas-e-regiao\/#listItem","name":"Alagoinhas e Regi\u00e3o"}}]},{"@type":"Organization","@id":"https:\/\/newsinfoco.com.br\/inicio\/#organization","name":"News In Foco - Editado por Caio Pimenta","description":"O principal site de noticias de Alagoinhas e regi\u00e3o","url":"https:\/\/newsinfoco.com.br\/inicio\/"},{"@type":"Person","@id":"https:\/\/newsinfoco.com.br\/inicio\/author\/administrador\/#author","url":"https:\/\/newsinfoco.com.br\/inicio\/author\/administrador\/","name":"administrador","image":{"@type":"ImageObject","@id":"https:\/\/newsinfoco.com.br\/inicio\/comissao-de-vereadores-de-alagoinhas-participa-de-encontro-pedagogico\/#authorImage","url":"https:\/\/secure.gravatar.com\/avatar\/c17a617433de8c1dc9584bb79aab7563b46f5bb7e1728c9b17d9cc3ce6a08e49?s=96&d=mm&r=g","width":96,"height":96,"caption":"administrador"}},{"@type":"WebPage","@id":"https:\/\/newsinfoco.com.br\/inicio\/comissao-de-vereadores-de-alagoinhas-participa-de-encontro-pedagogico\/#webpage","url":"https:\/\/newsinfoco.com.br\/inicio\/comissao-de-vereadores-de-alagoinhas-participa-de-encontro-pedagogico\/","name":"Comiss\u00e3o de Vereadores de Alagoinhas participa de encontro pedag\u00f3gico - News In Foco - Editado por Caio Pimenta","description":"Aconteceu na manh\u00e3 de hoje (24) no Hotel \u00c1ster o Encontro Pedag\u00f3gico 2023, promovido pela Prefeitura e Secretaria Municipal de Educa\u00e7\u00e3o. O evento, que teve como tema: Lendo e Escrevendo Mem\u00f3rias, um (Re) Encontro com nossas ra\u00edzes \u00e9tnico-raciais, reuniu diversas lideran\u00e7as pol\u00edticas, entre elas o prefeito Joaquim Neto, a deputada estadual Ludmila Fiscina, o secret\u00e1rio","inLanguage":"pt-BR","isPartOf":{"@id":"https:\/\/newsinfoco.com.br\/inicio\/#website"},"breadcrumb":{"@id":"https:\/\/newsinfoco.com.br\/inicio\/comissao-de-vereadores-de-alagoinhas-participa-de-encontro-pedagogico\/#breadcrumblist"},"author":{"@id":"https:\/\/newsinfoco.com.br\/inicio\/author\/administrador\/#author"},"creator":{"@id":"https:\/\/newsinfoco.com.br\/inicio\/author\/administrador\/#author"},"image":{"@type":"ImageObject","url":"https:\/\/newsinfoco.com.br\/inicio\/wp-content\/uploads\/2023\/02\/IMG-20230224-WA0154.jpg","@id":"https:\/\/newsinfoco.com.br\/inicio\/comissao-de-vereadores-de-alagoinhas-participa-de-encontro-pedagogico\/#mainImage","width":1529,"height":949},"primaryImageOfPage":{"@id":"https:\/\/newsinfoco.com.br\/inicio\/comissao-de-vereadores-de-alagoinhas-participa-de-encontro-pedagogico\/#mainImage"},"datePublished":"2023-02-24T20:55:10-03:00","dateModified":"2023-02-24T20:55:10-03:00"},{"@type":"WebSite","@id":"https:\/\/newsinfoco.com.br\/inicio\/#website","url":"https:\/\/newsinfoco.com.br\/inicio\/","name":"News In Foco - Editado por Caio Pimenta","description":"O principal site de noticias de Alagoinhas e regi\u00e3o","inLanguage":"pt-BR","publisher":{"@id":"https:\/\/newsinfoco.com.br\/inicio\/#organization"}}]},"og:locale":"pt_BR","og:site_name":"News In Foco - Editado por Caio Pimenta - O principal site de noticias de Alagoinhas e regi\u00e3o","og:type":"article","og:title":"Comiss\u00e3o de Vereadores de Alagoinhas participa de encontro pedag\u00f3gico - News In Foco - Editado por Caio Pimenta","og:description":"Aconteceu na manh\u00e3 de hoje (24) no Hotel \u00c1ster o Encontro Pedag\u00f3gico 2023, promovido pela Prefeitura e Secretaria Municipal de Educa\u00e7\u00e3o. O evento, que teve como tema: Lendo e Escrevendo Mem\u00f3rias, um (Re) Encontro com nossas ra\u00edzes \u00e9tnico-raciais, reuniu diversas lideran\u00e7as pol\u00edticas, entre elas o prefeito Joaquim Neto, a deputada estadual Ludmila Fiscina, o secret\u00e1rio","og:url":"https:\/\/newsinfoco.com.br\/inicio\/comissao-de-vereadores-de-alagoinhas-participa-de-encontro-pedagogico\/","article:published_time":"2023-02-24T23:55:10+00:00","article:modified_time":"2023-02-24T23:55:10+00:00","twitter:card":"summary_large_image","twitter:title":"Comiss\u00e3o de Vereadores de Alagoinhas participa de encontro pedag\u00f3gico - News In Foco - Editado por Caio Pimenta","twitter:description":"Aconteceu na manh\u00e3 de hoje (24) no Hotel \u00c1ster o Encontro Pedag\u00f3gico 2023, promovido pela Prefeitura e Secretaria Municipal de Educa\u00e7\u00e3o. O evento, que teve como tema: Lendo e Escrevendo Mem\u00f3rias, um (Re) Encontro com nossas ra\u00edzes \u00e9tnico-raciais, reuniu diversas lideran\u00e7as pol\u00edticas, entre elas o prefeito Joaquim Neto, a deputada estadual Ludmila Fiscina, o secret\u00e1rio"},"aioseo_meta_data":{"post_id":"33155","title":null,"description":null,"keywords":null,"keyphrases":null,"primary_term":null,"canonical_url":null,"og_title":null,"og_description":null,"og_object_type":"default","og_image_type":"default","og_image_url":null,"og_image_width":null,"og_image_height":null,"og_image_custom_url":null,"og_image_custom_fields":null,"og_video":null,"og_custom_url":null,"og_article_section":null,"og_article_tags":null,"twitter_use_og":false,"twitter_card":"default","twitter_image_type":"default","twitter_image_url":null,"twitter_image_custom_url":null,"twitter_image_custom_fields":null,"twitter_title":null,"twitter_description":null,"schema":{"blockGraphs":[],"customGraphs":[],"default":{"data":{"Article":[],"Course":[],"Dataset":[],"FAQPage":[],"Movie":[],"Person":[],"Product":[],"ProductReview":[],"Car":[],"Recipe":[],"Service":[],"SoftwareApplication":[],"WebPage":[]},"graphName":"","isEnabled":true},"graphs":[]},"schema_type":"default","schema_type_options":null,"pillar_content":false,"robots_default":true,"robots_noindex":false,"robots_noarchive":false,"robots_nosnippet":false,"robots_nofollow":false,"robots_noimageindex":false,"robots_noodp":false,"robots_notranslate":false,"robots_max_snippet":null,"robots_max_videopreview":null,"robots_max_imagepreview":"large","priority":null,"frequency":null,"local_seo":null,"breadcrumb_settings":null,"limit_modified_date":false,"ai":null,"created":"2023-06-12 22:57:55","updated":"2025-07-11 09:15:04","seo_analyzer_scan_date":null},"aioseo_breadcrumb":"<div class=\"aioseo-breadcrumbs\"><span class=\"aioseo-breadcrumb\">\n\t\t\t<a href=\"https:\/\/newsinfoco.com.br\/inicio\" title=\"In\u00edcio\">In\u00edcio<\/a>\n\t\t<\/span><span class=\"aioseo-breadcrumb-separator\">&raquo;<\/span><span class=\"aioseo-breadcrumb\">\n\t\t\t<a href=\"https:\/\/newsinfoco.com.br\/inicio\/category\/alagoinhas-e-regiao\/\" title=\"Alagoinhas e Regi\u00e3o\">Alagoinhas e Regi\u00e3o<\/a>\n\t\t<\/span><span class=\"aioseo-breadcrumb-separator\">&raquo;<\/span><span class=\"aioseo-breadcrumb\">\n\t\t\tComiss\u00e3o de Vereadores de Alagoinhas participa de encontro pedag\u00f3gico\n\t\t<\/span><\/div>","aioseo_breadcrumb_json":[{"label":"In\u00edcio","link":"https:\/\/newsinfoco.com.br\/inicio"},{"label":"Alagoinhas e Regi\u00e3o","link":"https:\/\/newsinfoco.com.br\/inicio\/category\/alagoinhas-e-regiao\/"},{"label":"Comiss\u00e3o de Vereadores de Alagoinhas participa de encontro pedag\u00f3gico","link":"https:\/\/newsinfoco.com.br\/inicio\/comissao-de-vereadores-de-alagoinhas-participa-de-encontro-pedagogico\/"}],"_links":{"self":[{"href":"https:\/\/newsinfoco.com.br\/inicio\/wp-json\/wp\/v2\/posts\/33155","targetHints":{"allow":["GET"]}}],"collection":[{"href":"https:\/\/newsinfoco.com.br\/inicio\/wp-json\/wp\/v2\/posts"}],"about":[{"href":"https:\/\/newsinfoco.com.br\/inicio\/wp-json\/wp\/v2\/types\/post"}],"author":[{"embeddable":true,"href":"https:\/\/newsinfoco.com.br\/inicio\/wp-json\/wp\/v2\/users\/1"}],"replies":[{"embeddable":true,"href":"https:\/\/newsinfoco.com.br\/inicio\/wp-json\/wp\/v2\/comments?post=33155"}],"version-history":[{"count":1,"href":"https:\/\/newsinfoco.com.br\/inicio\/wp-json\/wp\/v2\/posts\/33155\/revisions"}],"predecessor-version":[{"id":33157,"href":"https:\/\/newsinfoco.com.br\/inicio\/wp-json\/wp\/v2\/posts\/33155\/revisions\/33157"}],"wp:featuredmedia":[{"embeddable":true,"href":"https:\/\/newsinfoco.com.br\/inicio\/wp-json\/wp\/v2\/media\/33156"}],"wp:attachment":[{"href":"https:\/\/newsinfoco.com.br\/inicio\/wp-json\/wp\/v2\/media?parent=33155"}],"wp:term":[{"taxonomy":"category","embeddable":true,"href":"https:\/\/newsinfoco.com.br\/inicio\/wp-json\/wp\/v2\/categories?post=33155"},{"taxonomy":"post_tag","embeddable":true,"href":"https:\/\/newsinfoco.com.br\/inicio\/wp-json\/wp\/v2\/tags?post=33155"}],"curies":[{"name":"wp","href":"https:\/\/api.w.org\/{rel}","templated":true}]}}