{"id":33158,"date":"2023-02-24T20:58:14","date_gmt":"2023-02-24T23:58:14","guid":{"rendered":"https:\/\/newsinfoco.com.br\/inicio\/?p=33158"},"modified":"2023-02-24T21:02:00","modified_gmt":"2023-02-25T00:02:00","slug":"bancada-feminina-da-camara-de-alagoinhas-faz-protesto-em-defesa-das-mulheres-de-ocupar-espacos-no-parlamento","status":"publish","type":"post","link":"https:\/\/newsinfoco.com.br\/inicio\/bancada-feminina-da-camara-de-alagoinhas-faz-protesto-em-defesa-das-mulheres-de-ocupar-espacos-no-parlamento\/","title":{"rendered":"Bancada Feminina da C\u00e2mara de Alagoinhas faz protesto em defesa das mulheres de ocupar espa\u00e7os no parlamento"},"content":{"rendered":"<p dir=\"auto\">Nesta sexta-feira (24), dia que representa o marco de 91 anos da conquista do voto feminino no Brasil, as vereadoras da bancada feminina da C\u00e2mara de Alagoinhas Luma Menezes, Juci Cardoso e Jaldice Nunes participaram de um ato simb\u00f3lico em defesa ao direito da mulher parlamentar de exercer o seu trabalho com respeito e dignidade.<\/p>\n<p dir=\"auto\">As vereadoras viajaram para o munic\u00edpio de Muritiba com parlamentares de outras localidades em solidariedade, num ato de protesto e manifesta\u00e7\u00e3o em apoio e defesa de Perla da Concei\u00e7\u00e3o Santana Ferreira, \u00fanica vereadora da cidade. Segundo Luma Menezes Perla \u201cest\u00e1 com um processo de cassa\u00e7\u00e3o ao mandato por conta de uma atua\u00e7\u00e3o fiscalizadora muito forte. \u00c9 uma clara realidade de viol\u00eancia pol\u00edtica\u201d, ressaltou.<\/p>\n<p dir=\"auto\">A vereadora Juci Cardoso ressaltou: \u201cHoje foi um dia hist\u00f3rico em que nos mobilizamos de diversas cidades para provar que o \u201cmexeu com uma, mexeu com todas\u201d n\u00e3o pode continuar sendo discursos vazios e hashtags de internet\u201d.<\/p>\n<p dir=\"auto\">A vereadora Jaldice Nunes pontuou: \u201cQuando tentam tirar o espa\u00e7o de Perla, o direito de fala e representatividade feminina, atinge todas n\u00f3s! O espa\u00e7o de Perla tamb\u00e9m \u00e9 nosso. Estamos constantemente em uma luta coletiva\u201d.<\/p>\n<p dir=\"auto\">Al\u00e9m das vereadoras de Alagoinhas, participaram do protesto: Perla (Muritiba), Juraneide Ferreira (Ara\u00e7\u00e1s), Linda Barros (Ara\u00e7\u00e1s), D\u00e9bora N\u00fabia (Itapicuru), Paloma (Janda\u00edra), Alana (Olindina), Marcelle Morais (Salvador), Dida Uzeda (Teodoro Sampaio) e Juliana Nascimento, (Santo Amaro). Durante a manifesta\u00e7\u00e3o o grupo caminhou pelas ruas dialogando com a popula\u00e7\u00e3o sobre o direito das mulheres de exercerem a sua fun\u00e7\u00e3o como parlamentar e ocuparem cargos p\u00fablicos.<\/p>\n<p dir=\"auto\">Ascom Camara<\/p>\n<div class='share-to-whatsapp-wrapper'><div class='share-on-whsp'>Share on: <\/div><a data-text='Bancada Feminina da C\u00e2mara de Alagoinhas faz protesto em defesa das mulheres de ocupar espa\u00e7os no parlamento' data-link='https:\/\/newsinfoco.com.br\/inicio\/bancada-feminina-da-camara-de-alagoinhas-faz-protesto-em-defesa-das-mulheres-de-ocupar-espacos-no-parlamento\/' class='whatsapp-button whatsapp-share'>WhatsApp<\/a><div class='clear '><\/div><\/div>","protected":false},"excerpt":{"rendered":"<p>Nesta sexta-feira (24), dia que representa o marco de 91 anos da conquista do voto feminino no Brasil, as vereadoras da bancada feminina da C\u00e2mara de Alagoinhas Luma Menezes, Juci Cardoso e Jaldice Nunes participaram de um ato simb\u00f3lico em defesa ao direito da mulher parlamentar de exercer o seu trabalho com respeito e dignidade. [&hellip;]<\/p>\n","protected":false},"author":1,"featured_media":33159,"comment_status":"closed","ping_status":"closed","sticky":false,"template":"","format":"standard","meta":{"om_disable_all_campaigns":false,"rop_custom_images_group":[],"rop_custom_messages_group":[],"rop_publish_now":"initial","rop_publish_now_accounts":[],"rop_publish_now_history":[],"rop_publish_now_status":"pending","_exactmetrics_skip_tracking":false,"footnotes":""},"categories":[38,167],"tags":[],"class_list":["post-33158","post","type-post","status-publish","format-standard","has-post-thumbnail","hentry","category-alagoinhas-e-regiao","category-exclusivas"],"aioseo_notices":[],"aioseo_head":"\n\t\t<!-- All in One SEO 4.9.10 - aioseo.com -->\n\t<meta name=\"description\" content=\"Nesta sexta-feira (24), dia que representa o marco de 91 anos da conquista do voto feminino no Brasil, as vereadoras da bancada feminina da C\u00e2mara de Alagoinhas Luma Menezes, Juci Cardoso e Jaldice Nunes participaram de um ato simb\u00f3lico em defesa ao direito da mulher parlamentar de exercer o seu trabalho com respeito e dignidade.\" \/>\n\t<meta name=\"robots\" content=\"max-image-preview:large\" \/>\n\t<meta name=\"author\" content=\"administrador\"\/>\n\t<link rel=\"canonical\" href=\"https:\/\/newsinfoco.com.br\/inicio\/bancada-feminina-da-camara-de-alagoinhas-faz-protesto-em-defesa-das-mulheres-de-ocupar-espacos-no-parlamento\/\" \/>\n\t<meta name=\"generator\" content=\"All in One SEO (AIOSEO) 4.9.10\" \/>\n\t\t<meta property=\"og:locale\" content=\"pt_BR\" \/>\n\t\t<meta property=\"og:site_name\" content=\"News In Foco - Editado por Caio Pimenta - O principal site de noticias de Alagoinhas e regi\u00e3o\" \/>\n\t\t<meta property=\"og:type\" content=\"article\" \/>\n\t\t<meta property=\"og:title\" content=\"Bancada Feminina da C\u00e2mara de Alagoinhas faz protesto em defesa das mulheres de ocupar espa\u00e7os no parlamento - News In Foco - Editado por Caio Pimenta\" \/>\n\t\t<meta property=\"og:description\" content=\"Nesta sexta-feira (24), dia que representa o marco de 91 anos da conquista do voto feminino no Brasil, as vereadoras da bancada feminina da C\u00e2mara de Alagoinhas Luma Menezes, Juci Cardoso e Jaldice Nunes participaram de um ato simb\u00f3lico em defesa ao direito da mulher parlamentar de exercer o seu trabalho com respeito e dignidade.\" \/>\n\t\t<meta property=\"og:url\" content=\"https:\/\/newsinfoco.com.br\/inicio\/bancada-feminina-da-camara-de-alagoinhas-faz-protesto-em-defesa-das-mulheres-de-ocupar-espacos-no-parlamento\/\" \/>\n\t\t<meta property=\"article:published_time\" content=\"2023-02-24T23:58:14+00:00\" \/>\n\t\t<meta property=\"article:modified_time\" content=\"2023-02-25T00:02:00+00:00\" \/>\n\t\t<meta name=\"twitter:card\" content=\"summary_large_image\" \/>\n\t\t<meta name=\"twitter:title\" content=\"Bancada Feminina da C\u00e2mara de Alagoinhas faz protesto em defesa das mulheres de ocupar espa\u00e7os no parlamento - News In Foco - Editado por Caio Pimenta\" \/>\n\t\t<meta name=\"twitter:description\" content=\"Nesta sexta-feira (24), dia que representa o marco de 91 anos da conquista do voto feminino no Brasil, as vereadoras da bancada feminina da C\u00e2mara de Alagoinhas Luma Menezes, Juci Cardoso e Jaldice Nunes participaram de um ato simb\u00f3lico em defesa ao direito da mulher parlamentar de exercer o seu trabalho com respeito e dignidade.\" \/>\n\t\t<script type=\"application\/ld+json\" class=\"aioseo-schema\">\n\t\t\t{\"@context\":\"https:\\\/\\\/schema.org\",\"@graph\":[{\"@type\":\"BlogPosting\",\"@id\":\"https:\\\/\\\/newsinfoco.com.br\\\/inicio\\\/bancada-feminina-da-camara-de-alagoinhas-faz-protesto-em-defesa-das-mulheres-de-ocupar-espacos-no-parlamento\\\/#blogposting\",\"name\":\"Bancada Feminina da C\\u00e2mara de Alagoinhas faz protesto em defesa das mulheres de ocupar espa\\u00e7os no parlamento - News In Foco - Editado por Caio Pimenta\",\"headline\":\"Bancada Feminina da C\\u00e2mara de Alagoinhas faz protesto em defesa das mulheres de ocupar espa\\u00e7os no parlamento\",\"author\":{\"@id\":\"https:\\\/\\\/newsinfoco.com.br\\\/inicio\\\/author\\\/administrador\\\/#author\"},\"publisher\":{\"@id\":\"https:\\\/\\\/newsinfoco.com.br\\\/inicio\\\/#organization\"},\"image\":{\"@type\":\"ImageObject\",\"url\":\"https:\\\/\\\/newsinfoco.com.br\\\/inicio\\\/wp-content\\\/uploads\\\/2023\\\/02\\\/IMG-20230224-WA0147.jpg\",\"width\":1600,\"height\":900},\"datePublished\":\"2023-02-24T20:58:14-03:00\",\"dateModified\":\"2023-02-24T21:02:00-03:00\",\"inLanguage\":\"pt-BR\",\"mainEntityOfPage\":{\"@id\":\"https:\\\/\\\/newsinfoco.com.br\\\/inicio\\\/bancada-feminina-da-camara-de-alagoinhas-faz-protesto-em-defesa-das-mulheres-de-ocupar-espacos-no-parlamento\\\/#webpage\"},\"isPartOf\":{\"@id\":\"https:\\\/\\\/newsinfoco.com.br\\\/inicio\\\/bancada-feminina-da-camara-de-alagoinhas-faz-protesto-em-defesa-das-mulheres-de-ocupar-espacos-no-parlamento\\\/#webpage\"},\"articleSection\":\"Alagoinhas e Regi\\u00e3o, Manchete\"},{\"@type\":\"BreadcrumbList\",\"@id\":\"https:\\\/\\\/newsinfoco.com.br\\\/inicio\\\/bancada-feminina-da-camara-de-alagoinhas-faz-protesto-em-defesa-das-mulheres-de-ocupar-espacos-no-parlamento\\\/#breadcrumblist\",\"itemListElement\":[{\"@type\":\"ListItem\",\"@id\":\"https:\\\/\\\/newsinfoco.com.br\\\/inicio#listItem\",\"position\":1,\"name\":\"In\\u00edcio\",\"item\":\"https:\\\/\\\/newsinfoco.com.br\\\/inicio\",\"nextItem\":{\"@type\":\"ListItem\",\"@id\":\"https:\\\/\\\/newsinfoco.com.br\\\/inicio\\\/category\\\/alagoinhas-e-regiao\\\/#listItem\",\"name\":\"Alagoinhas e Regi\\u00e3o\"}},{\"@type\":\"ListItem\",\"@id\":\"https:\\\/\\\/newsinfoco.com.br\\\/inicio\\\/category\\\/alagoinhas-e-regiao\\\/#listItem\",\"position\":2,\"name\":\"Alagoinhas e Regi\\u00e3o\",\"item\":\"https:\\\/\\\/newsinfoco.com.br\\\/inicio\\\/category\\\/alagoinhas-e-regiao\\\/\",\"nextItem\":{\"@type\":\"ListItem\",\"@id\":\"https:\\\/\\\/newsinfoco.com.br\\\/inicio\\\/bancada-feminina-da-camara-de-alagoinhas-faz-protesto-em-defesa-das-mulheres-de-ocupar-espacos-no-parlamento\\\/#listItem\",\"name\":\"Bancada Feminina da C\\u00e2mara de Alagoinhas faz protesto em defesa das mulheres de ocupar espa\\u00e7os no parlamento\"},\"previousItem\":{\"@type\":\"ListItem\",\"@id\":\"https:\\\/\\\/newsinfoco.com.br\\\/inicio#listItem\",\"name\":\"In\\u00edcio\"}},{\"@type\":\"ListItem\",\"@id\":\"https:\\\/\\\/newsinfoco.com.br\\\/inicio\\\/bancada-feminina-da-camara-de-alagoinhas-faz-protesto-em-defesa-das-mulheres-de-ocupar-espacos-no-parlamento\\\/#listItem\",\"position\":3,\"name\":\"Bancada Feminina da C\\u00e2mara de Alagoinhas faz protesto em defesa das mulheres de ocupar espa\\u00e7os no parlamento\",\"previousItem\":{\"@type\":\"ListItem\",\"@id\":\"https:\\\/\\\/newsinfoco.com.br\\\/inicio\\\/category\\\/alagoinhas-e-regiao\\\/#listItem\",\"name\":\"Alagoinhas e Regi\\u00e3o\"}}]},{\"@type\":\"Organization\",\"@id\":\"https:\\\/\\\/newsinfoco.com.br\\\/inicio\\\/#organization\",\"name\":\"News In Foco - Editado por Caio Pimenta\",\"description\":\"O principal site de noticias de Alagoinhas e regi\\u00e3o\",\"url\":\"https:\\\/\\\/newsinfoco.com.br\\\/inicio\\\/\"},{\"@type\":\"Person\",\"@id\":\"https:\\\/\\\/newsinfoco.com.br\\\/inicio\\\/author\\\/administrador\\\/#author\",\"url\":\"https:\\\/\\\/newsinfoco.com.br\\\/inicio\\\/author\\\/administrador\\\/\",\"name\":\"administrador\",\"image\":{\"@type\":\"ImageObject\",\"@id\":\"https:\\\/\\\/newsinfoco.com.br\\\/inicio\\\/bancada-feminina-da-camara-de-alagoinhas-faz-protesto-em-defesa-das-mulheres-de-ocupar-espacos-no-parlamento\\\/#authorImage\",\"url\":\"https:\\\/\\\/secure.gravatar.com\\\/avatar\\\/c17a617433de8c1dc9584bb79aab7563b46f5bb7e1728c9b17d9cc3ce6a08e49?s=96&d=mm&r=g\",\"width\":96,\"height\":96,\"caption\":\"administrador\"}},{\"@type\":\"WebPage\",\"@id\":\"https:\\\/\\\/newsinfoco.com.br\\\/inicio\\\/bancada-feminina-da-camara-de-alagoinhas-faz-protesto-em-defesa-das-mulheres-de-ocupar-espacos-no-parlamento\\\/#webpage\",\"url\":\"https:\\\/\\\/newsinfoco.com.br\\\/inicio\\\/bancada-feminina-da-camara-de-alagoinhas-faz-protesto-em-defesa-das-mulheres-de-ocupar-espacos-no-parlamento\\\/\",\"name\":\"Bancada Feminina da C\\u00e2mara de Alagoinhas faz protesto em defesa das mulheres de ocupar espa\\u00e7os no parlamento - News In Foco - Editado por Caio Pimenta\",\"description\":\"Nesta sexta-feira (24), dia que representa o marco de 91 anos da conquista do voto feminino no Brasil, as vereadoras da bancada feminina da C\\u00e2mara de Alagoinhas Luma Menezes, Juci Cardoso e Jaldice Nunes participaram de um ato simb\\u00f3lico em defesa ao direito da mulher parlamentar de exercer o seu trabalho com respeito e dignidade.\",\"inLanguage\":\"pt-BR\",\"isPartOf\":{\"@id\":\"https:\\\/\\\/newsinfoco.com.br\\\/inicio\\\/#website\"},\"breadcrumb\":{\"@id\":\"https:\\\/\\\/newsinfoco.com.br\\\/inicio\\\/bancada-feminina-da-camara-de-alagoinhas-faz-protesto-em-defesa-das-mulheres-de-ocupar-espacos-no-parlamento\\\/#breadcrumblist\"},\"author\":{\"@id\":\"https:\\\/\\\/newsinfoco.com.br\\\/inicio\\\/author\\\/administrador\\\/#author\"},\"creator\":{\"@id\":\"https:\\\/\\\/newsinfoco.com.br\\\/inicio\\\/author\\\/administrador\\\/#author\"},\"image\":{\"@type\":\"ImageObject\",\"url\":\"https:\\\/\\\/newsinfoco.com.br\\\/inicio\\\/wp-content\\\/uploads\\\/2023\\\/02\\\/IMG-20230224-WA0147.jpg\",\"@id\":\"https:\\\/\\\/newsinfoco.com.br\\\/inicio\\\/bancada-feminina-da-camara-de-alagoinhas-faz-protesto-em-defesa-das-mulheres-de-ocupar-espacos-no-parlamento\\\/#mainImage\",\"width\":1600,\"height\":900},\"primaryImageOfPage\":{\"@id\":\"https:\\\/\\\/newsinfoco.com.br\\\/inicio\\\/bancada-feminina-da-camara-de-alagoinhas-faz-protesto-em-defesa-das-mulheres-de-ocupar-espacos-no-parlamento\\\/#mainImage\"},\"datePublished\":\"2023-02-24T20:58:14-03:00\",\"dateModified\":\"2023-02-24T21:02:00-03:00\"},{\"@type\":\"WebSite\",\"@id\":\"https:\\\/\\\/newsinfoco.com.br\\\/inicio\\\/#website\",\"url\":\"https:\\\/\\\/newsinfoco.com.br\\\/inicio\\\/\",\"name\":\"News In Foco - Editado por Caio Pimenta\",\"description\":\"O principal site de noticias de Alagoinhas e regi\\u00e3o\",\"inLanguage\":\"pt-BR\",\"publisher\":{\"@id\":\"https:\\\/\\\/newsinfoco.com.br\\\/inicio\\\/#organization\"}}]}\n\t\t<\/script>\n\t\t<!-- All in One SEO -->\n\n","aioseo_head_json":{"title":"Bancada Feminina da C\u00e2mara de Alagoinhas faz protesto em defesa das mulheres de ocupar espa\u00e7os no parlamento - News In Foco - Editado por Caio Pimenta","description":"Nesta sexta-feira (24), dia que representa o marco de 91 anos da conquista do voto feminino no Brasil, as vereadoras da bancada feminina da C\u00e2mara de Alagoinhas Luma Menezes, Juci Cardoso e Jaldice Nunes participaram de um ato simb\u00f3lico em defesa ao direito da mulher parlamentar de exercer o seu trabalho com respeito e dignidade.","canonical_url":"https:\/\/newsinfoco.com.br\/inicio\/bancada-feminina-da-camara-de-alagoinhas-faz-protesto-em-defesa-das-mulheres-de-ocupar-espacos-no-parlamento\/","robots":"max-image-preview:large","keywords":"","webmasterTools":{"miscellaneous":""},"schema":{"@context":"https:\/\/schema.org","@graph":[{"@type":"BlogPosting","@id":"https:\/\/newsinfoco.com.br\/inicio\/bancada-feminina-da-camara-de-alagoinhas-faz-protesto-em-defesa-das-mulheres-de-ocupar-espacos-no-parlamento\/#blogposting","name":"Bancada Feminina da C\u00e2mara de Alagoinhas faz protesto em defesa das mulheres de ocupar espa\u00e7os no parlamento - News In Foco - Editado por Caio Pimenta","headline":"Bancada Feminina da C\u00e2mara de Alagoinhas faz protesto em defesa das mulheres de ocupar espa\u00e7os no parlamento","author":{"@id":"https:\/\/newsinfoco.com.br\/inicio\/author\/administrador\/#author"},"publisher":{"@id":"https:\/\/newsinfoco.com.br\/inicio\/#organization"},"image":{"@type":"ImageObject","url":"https:\/\/newsinfoco.com.br\/inicio\/wp-content\/uploads\/2023\/02\/IMG-20230224-WA0147.jpg","width":1600,"height":900},"datePublished":"2023-02-24T20:58:14-03:00","dateModified":"2023-02-24T21:02:00-03:00","inLanguage":"pt-BR","mainEntityOfPage":{"@id":"https:\/\/newsinfoco.com.br\/inicio\/bancada-feminina-da-camara-de-alagoinhas-faz-protesto-em-defesa-das-mulheres-de-ocupar-espacos-no-parlamento\/#webpage"},"isPartOf":{"@id":"https:\/\/newsinfoco.com.br\/inicio\/bancada-feminina-da-camara-de-alagoinhas-faz-protesto-em-defesa-das-mulheres-de-ocupar-espacos-no-parlamento\/#webpage"},"articleSection":"Alagoinhas e Regi\u00e3o, Manchete"},{"@type":"BreadcrumbList","@id":"https:\/\/newsinfoco.com.br\/inicio\/bancada-feminina-da-camara-de-alagoinhas-faz-protesto-em-defesa-das-mulheres-de-ocupar-espacos-no-parlamento\/#breadcrumblist","itemListElement":[{"@type":"ListItem","@id":"https:\/\/newsinfoco.com.br\/inicio#listItem","position":1,"name":"In\u00edcio","item":"https:\/\/newsinfoco.com.br\/inicio","nextItem":{"@type":"ListItem","@id":"https:\/\/newsinfoco.com.br\/inicio\/category\/alagoinhas-e-regiao\/#listItem","name":"Alagoinhas e Regi\u00e3o"}},{"@type":"ListItem","@id":"https:\/\/newsinfoco.com.br\/inicio\/category\/alagoinhas-e-regiao\/#listItem","position":2,"name":"Alagoinhas e Regi\u00e3o","item":"https:\/\/newsinfoco.com.br\/inicio\/category\/alagoinhas-e-regiao\/","nextItem":{"@type":"ListItem","@id":"https:\/\/newsinfoco.com.br\/inicio\/bancada-feminina-da-camara-de-alagoinhas-faz-protesto-em-defesa-das-mulheres-de-ocupar-espacos-no-parlamento\/#listItem","name":"Bancada Feminina da C\u00e2mara de Alagoinhas faz protesto em defesa das mulheres de ocupar espa\u00e7os no parlamento"},"previousItem":{"@type":"ListItem","@id":"https:\/\/newsinfoco.com.br\/inicio#listItem","name":"In\u00edcio"}},{"@type":"ListItem","@id":"https:\/\/newsinfoco.com.br\/inicio\/bancada-feminina-da-camara-de-alagoinhas-faz-protesto-em-defesa-das-mulheres-de-ocupar-espacos-no-parlamento\/#listItem","position":3,"name":"Bancada Feminina da C\u00e2mara de Alagoinhas faz protesto em defesa das mulheres de ocupar espa\u00e7os no parlamento","previousItem":{"@type":"ListItem","@id":"https:\/\/newsinfoco.com.br\/inicio\/category\/alagoinhas-e-regiao\/#listItem","name":"Alagoinhas e Regi\u00e3o"}}]},{"@type":"Organization","@id":"https:\/\/newsinfoco.com.br\/inicio\/#organization","name":"News In Foco - Editado por Caio Pimenta","description":"O principal site de noticias de Alagoinhas e regi\u00e3o","url":"https:\/\/newsinfoco.com.br\/inicio\/"},{"@type":"Person","@id":"https:\/\/newsinfoco.com.br\/inicio\/author\/administrador\/#author","url":"https:\/\/newsinfoco.com.br\/inicio\/author\/administrador\/","name":"administrador","image":{"@type":"ImageObject","@id":"https:\/\/newsinfoco.com.br\/inicio\/bancada-feminina-da-camara-de-alagoinhas-faz-protesto-em-defesa-das-mulheres-de-ocupar-espacos-no-parlamento\/#authorImage","url":"https:\/\/secure.gravatar.com\/avatar\/c17a617433de8c1dc9584bb79aab7563b46f5bb7e1728c9b17d9cc3ce6a08e49?s=96&d=mm&r=g","width":96,"height":96,"caption":"administrador"}},{"@type":"WebPage","@id":"https:\/\/newsinfoco.com.br\/inicio\/bancada-feminina-da-camara-de-alagoinhas-faz-protesto-em-defesa-das-mulheres-de-ocupar-espacos-no-parlamento\/#webpage","url":"https:\/\/newsinfoco.com.br\/inicio\/bancada-feminina-da-camara-de-alagoinhas-faz-protesto-em-defesa-das-mulheres-de-ocupar-espacos-no-parlamento\/","name":"Bancada Feminina da C\u00e2mara de Alagoinhas faz protesto em defesa das mulheres de ocupar espa\u00e7os no parlamento - News In Foco - Editado por Caio Pimenta","description":"Nesta sexta-feira (24), dia que representa o marco de 91 anos da conquista do voto feminino no Brasil, as vereadoras da bancada feminina da C\u00e2mara de Alagoinhas Luma Menezes, Juci Cardoso e Jaldice Nunes participaram de um ato simb\u00f3lico em defesa ao direito da mulher parlamentar de exercer o seu trabalho com respeito e dignidade.","inLanguage":"pt-BR","isPartOf":{"@id":"https:\/\/newsinfoco.com.br\/inicio\/#website"},"breadcrumb":{"@id":"https:\/\/newsinfoco.com.br\/inicio\/bancada-feminina-da-camara-de-alagoinhas-faz-protesto-em-defesa-das-mulheres-de-ocupar-espacos-no-parlamento\/#breadcrumblist"},"author":{"@id":"https:\/\/newsinfoco.com.br\/inicio\/author\/administrador\/#author"},"creator":{"@id":"https:\/\/newsinfoco.com.br\/inicio\/author\/administrador\/#author"},"image":{"@type":"ImageObject","url":"https:\/\/newsinfoco.com.br\/inicio\/wp-content\/uploads\/2023\/02\/IMG-20230224-WA0147.jpg","@id":"https:\/\/newsinfoco.com.br\/inicio\/bancada-feminina-da-camara-de-alagoinhas-faz-protesto-em-defesa-das-mulheres-de-ocupar-espacos-no-parlamento\/#mainImage","width":1600,"height":900},"primaryImageOfPage":{"@id":"https:\/\/newsinfoco.com.br\/inicio\/bancada-feminina-da-camara-de-alagoinhas-faz-protesto-em-defesa-das-mulheres-de-ocupar-espacos-no-parlamento\/#mainImage"},"datePublished":"2023-02-24T20:58:14-03:00","dateModified":"2023-02-24T21:02:00-03:00"},{"@type":"WebSite","@id":"https:\/\/newsinfoco.com.br\/inicio\/#website","url":"https:\/\/newsinfoco.com.br\/inicio\/","name":"News In Foco - Editado por Caio Pimenta","description":"O principal site de noticias de Alagoinhas e regi\u00e3o","inLanguage":"pt-BR","publisher":{"@id":"https:\/\/newsinfoco.com.br\/inicio\/#organization"}}]},"og:locale":"pt_BR","og:site_name":"News In Foco - Editado por Caio Pimenta - O principal site de noticias de Alagoinhas e regi\u00e3o","og:type":"article","og:title":"Bancada Feminina da C\u00e2mara de Alagoinhas faz protesto em defesa das mulheres de ocupar espa\u00e7os no parlamento - News In Foco - Editado por Caio Pimenta","og:description":"Nesta sexta-feira (24), dia que representa o marco de 91 anos da conquista do voto feminino no Brasil, as vereadoras da bancada feminina da C\u00e2mara de Alagoinhas Luma Menezes, Juci Cardoso e Jaldice Nunes participaram de um ato simb\u00f3lico em defesa ao direito da mulher parlamentar de exercer o seu trabalho com respeito e dignidade.","og:url":"https:\/\/newsinfoco.com.br\/inicio\/bancada-feminina-da-camara-de-alagoinhas-faz-protesto-em-defesa-das-mulheres-de-ocupar-espacos-no-parlamento\/","article:published_time":"2023-02-24T23:58:14+00:00","article:modified_time":"2023-02-25T00:02:00+00:00","twitter:card":"summary_large_image","twitter:title":"Bancada Feminina da C\u00e2mara de Alagoinhas faz protesto em defesa das mulheres de ocupar espa\u00e7os no parlamento - News In Foco - Editado por Caio Pimenta","twitter:description":"Nesta sexta-feira (24), dia que representa o marco de 91 anos da conquista do voto feminino no Brasil, as vereadoras da bancada feminina da C\u00e2mara de Alagoinhas Luma Menezes, Juci Cardoso e Jaldice Nunes participaram de um ato simb\u00f3lico em defesa ao direito da mulher parlamentar de exercer o seu trabalho com respeito e dignidade."},"aioseo_meta_data":{"post_id":"33158","title":null,"description":null,"keywords":null,"keyphrases":null,"primary_term":null,"canonical_url":null,"og_title":null,"og_description":null,"og_object_type":"default","og_image_type":"default","og_image_url":null,"og_image_width":null,"og_image_height":null,"og_image_custom_url":null,"og_image_custom_fields":null,"og_video":null,"og_custom_url":null,"og_article_section":null,"og_article_tags":null,"twitter_use_og":false,"twitter_card":"default","twitter_image_type":"default","twitter_image_url":null,"twitter_image_custom_url":null,"twitter_image_custom_fields":null,"twitter_title":null,"twitter_description":null,"schema":{"blockGraphs":[],"customGraphs":[],"default":{"data":{"Article":[],"Course":[],"Dataset":[],"FAQPage":[],"Movie":[],"Person":[],"Product":[],"ProductReview":[],"Car":[],"Recipe":[],"Service":[],"SoftwareApplication":[],"WebPage":[]},"graphName":"","isEnabled":true},"graphs":[]},"schema_type":"default","schema_type_options":null,"pillar_content":false,"robots_default":true,"robots_noindex":false,"robots_noarchive":false,"robots_nosnippet":false,"robots_nofollow":false,"robots_noimageindex":false,"robots_noodp":false,"robots_notranslate":false,"robots_max_snippet":null,"robots_max_videopreview":null,"robots_max_imagepreview":"large","priority":null,"frequency":null,"local_seo":null,"breadcrumb_settings":null,"limit_modified_date":false,"ai":null,"created":"2023-06-12 22:57:55","updated":"2025-07-11 09:15:04","seo_analyzer_scan_date":null},"aioseo_breadcrumb":"<div class=\"aioseo-breadcrumbs\"><span class=\"aioseo-breadcrumb\">\n\t\t\t<a href=\"https:\/\/newsinfoco.com.br\/inicio\" title=\"In\u00edcio\">In\u00edcio<\/a>\n\t\t<\/span><span class=\"aioseo-breadcrumb-separator\">&raquo;<\/span><span class=\"aioseo-breadcrumb\">\n\t\t\t<a href=\"https:\/\/newsinfoco.com.br\/inicio\/category\/alagoinhas-e-regiao\/\" title=\"Alagoinhas e Regi\u00e3o\">Alagoinhas e Regi\u00e3o<\/a>\n\t\t<\/span><span class=\"aioseo-breadcrumb-separator\">&raquo;<\/span><span class=\"aioseo-breadcrumb\">\n\t\t\tBancada Feminina da C\u00e2mara de Alagoinhas faz protesto em defesa das mulheres de ocupar espa\u00e7os no parlamento\n\t\t<\/span><\/div>","aioseo_breadcrumb_json":[{"label":"In\u00edcio","link":"https:\/\/newsinfoco.com.br\/inicio"},{"label":"Alagoinhas e Regi\u00e3o","link":"https:\/\/newsinfoco.com.br\/inicio\/category\/alagoinhas-e-regiao\/"},{"label":"Bancada Feminina da C\u00e2mara de Alagoinhas faz protesto em defesa das mulheres de ocupar espa\u00e7os no parlamento","link":"https:\/\/newsinfoco.com.br\/inicio\/bancada-feminina-da-camara-de-alagoinhas-faz-protesto-em-defesa-das-mulheres-de-ocupar-espacos-no-parlamento\/"}],"_links":{"self":[{"href":"https:\/\/newsinfoco.com.br\/inicio\/wp-json\/wp\/v2\/posts\/33158","targetHints":{"allow":["GET"]}}],"collection":[{"href":"https:\/\/newsinfoco.com.br\/inicio\/wp-json\/wp\/v2\/posts"}],"about":[{"href":"https:\/\/newsinfoco.com.br\/inicio\/wp-json\/wp\/v2\/types\/post"}],"author":[{"embeddable":true,"href":"https:\/\/newsinfoco.com.br\/inicio\/wp-json\/wp\/v2\/users\/1"}],"replies":[{"embeddable":true,"href":"https:\/\/newsinfoco.com.br\/inicio\/wp-json\/wp\/v2\/comments?post=33158"}],"version-history":[{"count":2,"href":"https:\/\/newsinfoco.com.br\/inicio\/wp-json\/wp\/v2\/posts\/33158\/revisions"}],"predecessor-version":[{"id":33161,"href":"https:\/\/newsinfoco.com.br\/inicio\/wp-json\/wp\/v2\/posts\/33158\/revisions\/33161"}],"wp:featuredmedia":[{"embeddable":true,"href":"https:\/\/newsinfoco.com.br\/inicio\/wp-json\/wp\/v2\/media\/33159"}],"wp:attachment":[{"href":"https:\/\/newsinfoco.com.br\/inicio\/wp-json\/wp\/v2\/media?parent=33158"}],"wp:term":[{"taxonomy":"category","embeddable":true,"href":"https:\/\/newsinfoco.com.br\/inicio\/wp-json\/wp\/v2\/categories?post=33158"},{"taxonomy":"post_tag","embeddable":true,"href":"https:\/\/newsinfoco.com.br\/inicio\/wp-json\/wp\/v2\/tags?post=33158"}],"curies":[{"name":"wp","href":"https:\/\/api.w.org\/{rel}","templated":true}]}}