{"id":33180,"date":"2023-02-27T18:25:24","date_gmt":"2023-02-27T21:25:24","guid":{"rendered":"https:\/\/newsinfoco.com.br\/inicio\/?p=33180"},"modified":"2023-02-27T18:25:24","modified_gmt":"2023-02-27T21:25:24","slug":"encontro-pedagogico-2023-traz-reflexoes-sobre-etnias-resgate-e-respeito","status":"publish","type":"post","link":"https:\/\/newsinfoco.com.br\/inicio\/encontro-pedagogico-2023-traz-reflexoes-sobre-etnias-resgate-e-respeito\/","title":{"rendered":"Encontro Pedag\u00f3gico 2023 traz reflex\u00f5es sobre etnias, resgate e respeito"},"content":{"rendered":"<p class=\"p1\"><span class=\"s1\">\u201cLendo e escrevendo mem\u00f3rias: um (re)encontro com as nossas ra\u00edzes \u00e9tnico-raciais\u201d \u00e9 o tema do Encontro Pedag\u00f3gico 2023, voltado para diretores, professores e coordenadores pedag\u00f3gicos da Rede Municipal de Ensino de Alagoinhas. A a\u00e7\u00e3o da prefeitura, por meio da Secretaria da Educa\u00e7\u00e3o (SEDUC), acontece nos dias 24 e 27 de fevereiro.<\/span><\/p>\n<p class=\"p1\">\n<p class=\"p1\"><span class=\"s1\">Com o objetivo de promover o acolhimento e a integra\u00e7\u00e3o da comunidade escolar, a Jornada Pedag\u00f3gica de 2023 apresenta um tema que compreende o trabalho com mem\u00f3rias, possibilita a reconstru\u00e7\u00e3o da identidade dos sujeitos, a import\u00e2ncia de entender a diversidade \u00e9tnico-racial cotidianamente nas rela\u00e7\u00f5es interpessoais, no territ\u00f3rio da comunidade escolar, nas diferentes formas de linguagens e nas pr\u00e1ticas docentes.<\/span><\/p>\n<p class=\"p1\">\n<p class=\"p1\"><span class=\"s1\">Sendo assim, o primeiro dia do encontro foi dedicado \u00e0s \u201cExperi\u00eancias que inspiram\u201d \u2013<span class=\"Apple-converted-space\">\u00a0\u00a0<\/span>projeto que trouxe resultados positivos, encontro e forma\u00e7\u00e3o para educadores, al\u00e9m de palestra magna com a professora doutora Eliana Boa Morte. A a\u00e7\u00e3o segue at\u00e9 segunda-feira (27), onde acontecer\u00e3o atividades de planejamento nas unidades escolares e forma\u00e7\u00e3o para os educadores quilombolas.<\/span><\/p>\n<p class=\"p1\">\n<p class=\"p1\"><span class=\"s1\">Para o prefeito de Alagoinhas, Joaquim Neto, o in\u00edcio de mais um ano letivo aumenta o entusiasmo pelos resultados e a perspectiva de novas experi\u00eancias. \u201cCome\u00e7amos a colher os frutos do trabalho realizado verificando as notas dos exames anuais de avalia\u00e7\u00e3o dos estudos e a satisfa\u00e7\u00e3o das fam\u00edlias. \u00c9 claro que isso \u00e9 obriga\u00e7\u00e3o do poder p\u00fablico, mas, para n\u00f3s, antes de ser dever, \u00e9 a oportunidade de efetuar uma tarefa prazerosa que est\u00e1 diretamente ligada \u00e0 melhoria de vida das nossas crian\u00e7as e adolescentes, portanto, ao processo de desenvolvimento das nossas comunidades\u201d, falou o gestor.<\/span><\/p>\n<p class=\"p1\">\n<p class=\"p1\"><span class=\"s1\">O secret\u00e1rio de Educa\u00e7\u00e3o, Gustavo Carmo, destacou as mudan\u00e7as para o ano letivo. \u201cA estrat\u00e9gia para 2023 \u00e9 a melhoria da profici\u00eancia, que \u00e9 a melhoria do aprendizado, em face do preju\u00edzo causado aos estudantes durante a pandemia \u2013 diagn\u00f3stico refletido durante estudos realizados no ano de 2022 para se tra\u00e7ar estrat\u00e9gias seguras e corretas. Ent\u00e3o, este ano vamos balizar o refor\u00e7o escolar para melhorar a condi\u00e7\u00e3o de profici\u00eancia na Rede. Esse ano a gente inicia o o avan\u00e7o no funcionamento do leitor facial que ser\u00e1 uma ferramenta para combater a evas\u00e3o escolar. Al\u00e9m disso, as novidades que temos \u00e9, de forma in\u00e9dita, o nosso fardamento escolar completo para todos os estudantes e tamb\u00e9m o kit escolar com mochila para os estudantes\u201d, explicou.<\/span><\/p>\n<p class=\"p1\">\n<p class=\"p1\"><span class=\"s1\">O Encontro Pedag\u00f3gico \u00e9 o momento em que a Secretaria da Educa\u00e7\u00e3o sensibiliza a rede municipal de ensino para o tema que ser\u00e1 trabalhado durante todo o ano letivo. Estiveram presentes a secret\u00e1ria de Cultura, Esporte e Turismo Iraci Gama; o presidente da C\u00e2mara de Vereadores Jos\u00e9 Cleto, os vereadores Juracy Nascimento, Thor de Ninha, Anderson Baqueiro, Anselmo Bal, Professor Ar\u00e3o e Gode Luxo; a deputada estadual e primeira-dama do munic\u00edpio Ludmilla Fiscina; e a conselheira de Educa\u00e7\u00e3o Cleusa Teles.<\/span><\/p>\n<p class=\"p1\">\n<p class=\"p1\">Confira as imagens:<\/p>\n<p class=\"p1\"><a class=\"group1 cboxElement\" href=\"https:\/\/www.alagoinhas.ba.gov.br\/wp-content\/uploads\/2023\/02\/B0B49DC7-3115-4BEE-8D2E-367F95FB4FAB.jpeg\"><img loading=\"lazy\" decoding=\"async\" class=\"aligncenter size-large wp-image-63612\" src=\"https:\/\/www.alagoinhas.ba.gov.br\/wp-content\/uploads\/2023\/02\/B0B49DC7-3115-4BEE-8D2E-367F95FB4FAB-1024x682.jpeg\" sizes=\"auto, (max-width: 800px) 100vw, 800px\" srcset=\"https:\/\/www.alagoinhas.ba.gov.br\/wp-content\/uploads\/2023\/02\/B0B49DC7-3115-4BEE-8D2E-367F95FB4FAB-1024x682.jpeg 1024w, https:\/\/www.alagoinhas.ba.gov.br\/wp-content\/uploads\/2023\/02\/B0B49DC7-3115-4BEE-8D2E-367F95FB4FAB-300x200.jpeg 300w, https:\/\/www.alagoinhas.ba.gov.br\/wp-content\/uploads\/2023\/02\/B0B49DC7-3115-4BEE-8D2E-367F95FB4FAB-768x512.jpeg 768w, https:\/\/www.alagoinhas.ba.gov.br\/wp-content\/uploads\/2023\/02\/B0B49DC7-3115-4BEE-8D2E-367F95FB4FAB-105x70.jpeg 105w, https:\/\/www.alagoinhas.ba.gov.br\/wp-content\/uploads\/2023\/02\/B0B49DC7-3115-4BEE-8D2E-367F95FB4FAB.jpeg 1600w\" alt=\"\" width=\"800\" height=\"533\" \/><\/a><a class=\"group1 cboxElement\" href=\"https:\/\/www.alagoinhas.ba.gov.br\/wp-content\/uploads\/2023\/02\/40242F6A-FB90-4A58-AB33-40DCD23CCD15.jpeg\"><img loading=\"lazy\" decoding=\"async\" class=\"aligncenter size-large wp-image-63613\" src=\"https:\/\/www.alagoinhas.ba.gov.br\/wp-content\/uploads\/2023\/02\/40242F6A-FB90-4A58-AB33-40DCD23CCD15-1024x682.jpeg\" sizes=\"auto, (max-width: 800px) 100vw, 800px\" srcset=\"https:\/\/www.alagoinhas.ba.gov.br\/wp-content\/uploads\/2023\/02\/40242F6A-FB90-4A58-AB33-40DCD23CCD15-1024x682.jpeg 1024w, https:\/\/www.alagoinhas.ba.gov.br\/wp-content\/uploads\/2023\/02\/40242F6A-FB90-4A58-AB33-40DCD23CCD15-300x200.jpeg 300w, https:\/\/www.alagoinhas.ba.gov.br\/wp-content\/uploads\/2023\/02\/40242F6A-FB90-4A58-AB33-40DCD23CCD15-768x512.jpeg 768w, https:\/\/www.alagoinhas.ba.gov.br\/wp-content\/uploads\/2023\/02\/40242F6A-FB90-4A58-AB33-40DCD23CCD15-105x70.jpeg 105w, https:\/\/www.alagoinhas.ba.gov.br\/wp-content\/uploads\/2023\/02\/40242F6A-FB90-4A58-AB33-40DCD23CCD15.jpeg 1600w\" alt=\"\" width=\"800\" height=\"533\" \/><\/a><a class=\"group1 cboxElement\" href=\"https:\/\/www.alagoinhas.ba.gov.br\/wp-content\/uploads\/2023\/02\/600C10D7-018C-462B-A3D5-FFF2A41E4829.jpeg\"><img loading=\"lazy\" decoding=\"async\" class=\"aligncenter size-large wp-image-63614\" src=\"https:\/\/www.alagoinhas.ba.gov.br\/wp-content\/uploads\/2023\/02\/600C10D7-018C-462B-A3D5-FFF2A41E4829-1024x682.jpeg\" sizes=\"auto, (max-width: 800px) 100vw, 800px\" srcset=\"https:\/\/www.alagoinhas.ba.gov.br\/wp-content\/uploads\/2023\/02\/600C10D7-018C-462B-A3D5-FFF2A41E4829-1024x682.jpeg 1024w, https:\/\/www.alagoinhas.ba.gov.br\/wp-content\/uploads\/2023\/02\/600C10D7-018C-462B-A3D5-FFF2A41E4829-300x200.jpeg 300w, https:\/\/www.alagoinhas.ba.gov.br\/wp-content\/uploads\/2023\/02\/600C10D7-018C-462B-A3D5-FFF2A41E4829-768x512.jpeg 768w, https:\/\/www.alagoinhas.ba.gov.br\/wp-content\/uploads\/2023\/02\/600C10D7-018C-462B-A3D5-FFF2A41E4829-105x70.jpeg 105w, https:\/\/www.alagoinhas.ba.gov.br\/wp-content\/uploads\/2023\/02\/600C10D7-018C-462B-A3D5-FFF2A41E4829.jpeg 1600w\" alt=\"\" width=\"800\" height=\"533\" \/><\/a><a class=\"group1 cboxElement\" href=\"https:\/\/www.alagoinhas.ba.gov.br\/wp-content\/uploads\/2023\/02\/08C6CE87-0B6A-4ACC-A28B-C6D16791DC42.jpeg\"><img loading=\"lazy\" decoding=\"async\" class=\"aligncenter size-large wp-image-63615\" src=\"https:\/\/www.alagoinhas.ba.gov.br\/wp-content\/uploads\/2023\/02\/08C6CE87-0B6A-4ACC-A28B-C6D16791DC42-1024x682.jpeg\" sizes=\"auto, (max-width: 800px) 100vw, 800px\" srcset=\"https:\/\/www.alagoinhas.ba.gov.br\/wp-content\/uploads\/2023\/02\/08C6CE87-0B6A-4ACC-A28B-C6D16791DC42-1024x682.jpeg 1024w, https:\/\/www.alagoinhas.ba.gov.br\/wp-content\/uploads\/2023\/02\/08C6CE87-0B6A-4ACC-A28B-C6D16791DC42-300x200.jpeg 300w, https:\/\/www.alagoinhas.ba.gov.br\/wp-content\/uploads\/2023\/02\/08C6CE87-0B6A-4ACC-A28B-C6D16791DC42-768x512.jpeg 768w, https:\/\/www.alagoinhas.ba.gov.br\/wp-content\/uploads\/2023\/02\/08C6CE87-0B6A-4ACC-A28B-C6D16791DC42-105x70.jpeg 105w, https:\/\/www.alagoinhas.ba.gov.br\/wp-content\/uploads\/2023\/02\/08C6CE87-0B6A-4ACC-A28B-C6D16791DC42.jpeg 1600w\" alt=\"\" width=\"800\" height=\"533\" \/><\/a><a class=\"group1 cboxElement\" href=\"https:\/\/www.alagoinhas.ba.gov.br\/wp-content\/uploads\/2023\/02\/0800D147-DAA4-4067-BF38-2C5D620CA851.jpeg\"><img loading=\"lazy\" decoding=\"async\" class=\"aligncenter size-large wp-image-63616\" src=\"https:\/\/www.alagoinhas.ba.gov.br\/wp-content\/uploads\/2023\/02\/0800D147-DAA4-4067-BF38-2C5D620CA851-1024x682.jpeg\" sizes=\"auto, (max-width: 800px) 100vw, 800px\" srcset=\"https:\/\/www.alagoinhas.ba.gov.br\/wp-content\/uploads\/2023\/02\/0800D147-DAA4-4067-BF38-2C5D620CA851-1024x682.jpeg 1024w, https:\/\/www.alagoinhas.ba.gov.br\/wp-content\/uploads\/2023\/02\/0800D147-DAA4-4067-BF38-2C5D620CA851-300x200.jpeg 300w, https:\/\/www.alagoinhas.ba.gov.br\/wp-content\/uploads\/2023\/02\/0800D147-DAA4-4067-BF38-2C5D620CA851-768x512.jpeg 768w, https:\/\/www.alagoinhas.ba.gov.br\/wp-content\/uploads\/2023\/02\/0800D147-DAA4-4067-BF38-2C5D620CA851-105x70.jpeg 105w, https:\/\/www.alagoinhas.ba.gov.br\/wp-content\/uploads\/2023\/02\/0800D147-DAA4-4067-BF38-2C5D620CA851.jpeg 1600w\" alt=\"\" width=\"800\" height=\"533\" \/><\/a><a class=\"group1 cboxElement\" href=\"https:\/\/www.alagoinhas.ba.gov.br\/wp-content\/uploads\/2023\/02\/7D89E4D3-6BF0-4350-91FC-403A87F51AC3.jpeg\"><img loading=\"lazy\" decoding=\"async\" class=\"aligncenter size-large wp-image-63617\" src=\"https:\/\/www.alagoinhas.ba.gov.br\/wp-content\/uploads\/2023\/02\/7D89E4D3-6BF0-4350-91FC-403A87F51AC3-1024x682.jpeg\" sizes=\"auto, (max-width: 800px) 100vw, 800px\" srcset=\"https:\/\/www.alagoinhas.ba.gov.br\/wp-content\/uploads\/2023\/02\/7D89E4D3-6BF0-4350-91FC-403A87F51AC3-1024x682.jpeg 1024w, https:\/\/www.alagoinhas.ba.gov.br\/wp-content\/uploads\/2023\/02\/7D89E4D3-6BF0-4350-91FC-403A87F51AC3-300x200.jpeg 300w, https:\/\/www.alagoinhas.ba.gov.br\/wp-content\/uploads\/2023\/02\/7D89E4D3-6BF0-4350-91FC-403A87F51AC3-768x512.jpeg 768w, https:\/\/www.alagoinhas.ba.gov.br\/wp-content\/uploads\/2023\/02\/7D89E4D3-6BF0-4350-91FC-403A87F51AC3-105x70.jpeg 105w, https:\/\/www.alagoinhas.ba.gov.br\/wp-content\/uploads\/2023\/02\/7D89E4D3-6BF0-4350-91FC-403A87F51AC3.jpeg 1600w\" alt=\"\" width=\"800\" height=\"533\" \/><\/a><a class=\"group1 cboxElement\" href=\"https:\/\/www.alagoinhas.ba.gov.br\/wp-content\/uploads\/2023\/02\/1BBDCFF9-9788-4726-9C20-5E5E9D92B59B.jpeg\"><img loading=\"lazy\" decoding=\"async\" class=\"aligncenter size-large wp-image-63618\" src=\"https:\/\/www.alagoinhas.ba.gov.br\/wp-content\/uploads\/2023\/02\/1BBDCFF9-9788-4726-9C20-5E5E9D92B59B-1024x683.jpeg\" sizes=\"auto, (max-width: 800px) 100vw, 800px\" srcset=\"https:\/\/www.alagoinhas.ba.gov.br\/wp-content\/uploads\/2023\/02\/1BBDCFF9-9788-4726-9C20-5E5E9D92B59B-1024x683.jpeg 1024w, https:\/\/www.alagoinhas.ba.gov.br\/wp-content\/uploads\/2023\/02\/1BBDCFF9-9788-4726-9C20-5E5E9D92B59B-300x200.jpeg 300w, https:\/\/www.alagoinhas.ba.gov.br\/wp-content\/uploads\/2023\/02\/1BBDCFF9-9788-4726-9C20-5E5E9D92B59B-768x512.jpeg 768w, https:\/\/www.alagoinhas.ba.gov.br\/wp-content\/uploads\/2023\/02\/1BBDCFF9-9788-4726-9C20-5E5E9D92B59B-105x70.jpeg 105w\" alt=\"\" width=\"800\" height=\"534\" \/><\/a><a class=\"group1 cboxElement\" href=\"https:\/\/www.alagoinhas.ba.gov.br\/wp-content\/uploads\/2023\/02\/9CE19BC8-51B1-4566-8A4A-6A9E19BF514A.jpeg\"><img loading=\"lazy\" decoding=\"async\" class=\"aligncenter size-large wp-image-63619\" src=\"https:\/\/www.alagoinhas.ba.gov.br\/wp-content\/uploads\/2023\/02\/9CE19BC8-51B1-4566-8A4A-6A9E19BF514A-1024x683.jpeg\" sizes=\"auto, (max-width: 800px) 100vw, 800px\" srcset=\"https:\/\/www.alagoinhas.ba.gov.br\/wp-content\/uploads\/2023\/02\/9CE19BC8-51B1-4566-8A4A-6A9E19BF514A-1024x683.jpeg 1024w, https:\/\/www.alagoinhas.ba.gov.br\/wp-content\/uploads\/2023\/02\/9CE19BC8-51B1-4566-8A4A-6A9E19BF514A-300x200.jpeg 300w, https:\/\/www.alagoinhas.ba.gov.br\/wp-content\/uploads\/2023\/02\/9CE19BC8-51B1-4566-8A4A-6A9E19BF514A-768x512.jpeg 768w, https:\/\/www.alagoinhas.ba.gov.br\/wp-content\/uploads\/2023\/02\/9CE19BC8-51B1-4566-8A4A-6A9E19BF514A-105x70.jpeg 105w\" alt=\"\" width=\"800\" height=\"534\" \/><\/a><a class=\"group1 cboxElement\" href=\"https:\/\/www.alagoinhas.ba.gov.br\/wp-content\/uploads\/2023\/02\/9C33DAB6-70C5-410C-9302-ECAA7169CFF2.jpeg\"><img loading=\"lazy\" decoding=\"async\" class=\"aligncenter size-large wp-image-63620\" src=\"https:\/\/www.alagoinhas.ba.gov.br\/wp-content\/uploads\/2023\/02\/9C33DAB6-70C5-410C-9302-ECAA7169CFF2-1024x768.jpeg\" sizes=\"auto, (max-width: 800px) 100vw, 800px\" srcset=\"https:\/\/www.alagoinhas.ba.gov.br\/wp-content\/uploads\/2023\/02\/9C33DAB6-70C5-410C-9302-ECAA7169CFF2-1024x768.jpeg 1024w, https:\/\/www.alagoinhas.ba.gov.br\/wp-content\/uploads\/2023\/02\/9C33DAB6-70C5-410C-9302-ECAA7169CFF2-300x225.jpeg 300w, https:\/\/www.alagoinhas.ba.gov.br\/wp-content\/uploads\/2023\/02\/9C33DAB6-70C5-410C-9302-ECAA7169CFF2-768x576.jpeg 768w, https:\/\/www.alagoinhas.ba.gov.br\/wp-content\/uploads\/2023\/02\/9C33DAB6-70C5-410C-9302-ECAA7169CFF2-93x70.jpeg 93w\" alt=\"\" width=\"800\" height=\"600\" \/><\/a><a class=\"group1 cboxElement\" href=\"https:\/\/www.alagoinhas.ba.gov.br\/wp-content\/uploads\/2023\/02\/F3D2BE62-97DB-4DB0-AA90-39086C72C0AE.jpeg\"><img loading=\"lazy\" decoding=\"async\" class=\"aligncenter size-large wp-image-63621\" src=\"https:\/\/www.alagoinhas.ba.gov.br\/wp-content\/uploads\/2023\/02\/F3D2BE62-97DB-4DB0-AA90-39086C72C0AE-1024x682.jpeg\" sizes=\"auto, (max-width: 800px) 100vw, 800px\" srcset=\"https:\/\/www.alagoinhas.ba.gov.br\/wp-content\/uploads\/2023\/02\/F3D2BE62-97DB-4DB0-AA90-39086C72C0AE-1024x682.jpeg 1024w, https:\/\/www.alagoinhas.ba.gov.br\/wp-content\/uploads\/2023\/02\/F3D2BE62-97DB-4DB0-AA90-39086C72C0AE-300x200.jpeg 300w, https:\/\/www.alagoinhas.ba.gov.br\/wp-content\/uploads\/2023\/02\/F3D2BE62-97DB-4DB0-AA90-39086C72C0AE-768x512.jpeg 768w, https:\/\/www.alagoinhas.ba.gov.br\/wp-content\/uploads\/2023\/02\/F3D2BE62-97DB-4DB0-AA90-39086C72C0AE-105x70.jpeg 105w, https:\/\/www.alagoinhas.ba.gov.br\/wp-content\/uploads\/2023\/02\/F3D2BE62-97DB-4DB0-AA90-39086C72C0AE.jpeg 1600w\" alt=\"\" width=\"800\" height=\"533\" \/><\/a><a class=\"group1 cboxElement\" href=\"https:\/\/www.alagoinhas.ba.gov.br\/wp-content\/uploads\/2023\/02\/60E35C70-A584-4330-9BBE-A909EACF1373.jpeg\"><img loading=\"lazy\" decoding=\"async\" class=\"aligncenter size-large wp-image-63622\" src=\"https:\/\/www.alagoinhas.ba.gov.br\/wp-content\/uploads\/2023\/02\/60E35C70-A584-4330-9BBE-A909EACF1373-1024x682.jpeg\" sizes=\"auto, (max-width: 800px) 100vw, 800px\" srcset=\"https:\/\/www.alagoinhas.ba.gov.br\/wp-content\/uploads\/2023\/02\/60E35C70-A584-4330-9BBE-A909EACF1373-1024x682.jpeg 1024w, https:\/\/www.alagoinhas.ba.gov.br\/wp-content\/uploads\/2023\/02\/60E35C70-A584-4330-9BBE-A909EACF1373-300x200.jpeg 300w, https:\/\/www.alagoinhas.ba.gov.br\/wp-content\/uploads\/2023\/02\/60E35C70-A584-4330-9BBE-A909EACF1373-768x512.jpeg 768w, https:\/\/www.alagoinhas.ba.gov.br\/wp-content\/uploads\/2023\/02\/60E35C70-A584-4330-9BBE-A909EACF1373-105x70.jpeg 105w, https:\/\/www.alagoinhas.ba.gov.br\/wp-content\/uploads\/2023\/02\/60E35C70-A584-4330-9BBE-A909EACF1373.jpeg 1600w\" alt=\"\" width=\"800\" height=\"533\" \/><\/a><a class=\"group1 cboxElement\" href=\"https:\/\/www.alagoinhas.ba.gov.br\/wp-content\/uploads\/2023\/02\/18EDDA74-907F-482D-AD2A-751A25BE5631.jpeg\"><img loading=\"lazy\" decoding=\"async\" class=\"aligncenter size-large wp-image-63623\" src=\"https:\/\/www.alagoinhas.ba.gov.br\/wp-content\/uploads\/2023\/02\/18EDDA74-907F-482D-AD2A-751A25BE5631-1024x682.jpeg\" sizes=\"auto, (max-width: 800px) 100vw, 800px\" srcset=\"https:\/\/www.alagoinhas.ba.gov.br\/wp-content\/uploads\/2023\/02\/18EDDA74-907F-482D-AD2A-751A25BE5631-1024x682.jpeg 1024w, https:\/\/www.alagoinhas.ba.gov.br\/wp-content\/uploads\/2023\/02\/18EDDA74-907F-482D-AD2A-751A25BE5631-300x200.jpeg 300w, https:\/\/www.alagoinhas.ba.gov.br\/wp-content\/uploads\/2023\/02\/18EDDA74-907F-482D-AD2A-751A25BE5631-768x512.jpeg 768w, https:\/\/www.alagoinhas.ba.gov.br\/wp-content\/uploads\/2023\/02\/18EDDA74-907F-482D-AD2A-751A25BE5631-105x70.jpeg 105w, https:\/\/www.alagoinhas.ba.gov.br\/wp-content\/uploads\/2023\/02\/18EDDA74-907F-482D-AD2A-751A25BE5631.jpeg 1600w\" alt=\"\" width=\"800\" height=\"533\" \/><\/a><\/p>\n<p class=\"p1\">\n<p class=\"p1\">Foto: Roberto Fonseca \/ SECOM<\/p>\n<div align=\"right\"><\/div>\n<div class='share-to-whatsapp-wrapper'><div class='share-on-whsp'>Share on: <\/div><a data-text='Encontro Pedag\u00f3gico 2023 traz reflex\u00f5es sobre etnias, resgate e respeito' data-link='https:\/\/newsinfoco.com.br\/inicio\/encontro-pedagogico-2023-traz-reflexoes-sobre-etnias-resgate-e-respeito\/' class='whatsapp-button whatsapp-share'>WhatsApp<\/a><div class='clear '><\/div><\/div>","protected":false},"excerpt":{"rendered":"<p>\u201cLendo e escrevendo mem\u00f3rias: um (re)encontro com as nossas ra\u00edzes \u00e9tnico-raciais\u201d \u00e9 o tema do Encontro Pedag\u00f3gico 2023, voltado para diretores, professores e coordenadores pedag\u00f3gicos da Rede Municipal de Ensino de Alagoinhas. A a\u00e7\u00e3o da prefeitura, por meio da Secretaria da Educa\u00e7\u00e3o (SEDUC), acontece nos dias 24 e 27 de fevereiro. Com o objetivo de [&hellip;]<\/p>\n","protected":false},"author":1,"featured_media":33181,"comment_status":"closed","ping_status":"closed","sticky":false,"template":"","format":"standard","meta":{"om_disable_all_campaigns":false,"rop_custom_images_group":[],"rop_custom_messages_group":[],"rop_publish_now":"initial","rop_publish_now_accounts":[],"rop_publish_now_history":[],"rop_publish_now_status":"pending","_exactmetrics_skip_tracking":false,"footnotes":""},"categories":[38,167],"tags":[],"class_list":["post-33180","post","type-post","status-publish","format-standard","has-post-thumbnail","hentry","category-alagoinhas-e-regiao","category-exclusivas"],"aioseo_notices":[],"aioseo_head":"\n\t\t<!-- All in One SEO 4.9.10 - aioseo.com -->\n\t<meta name=\"description\" content=\"\u201cLendo e escrevendo mem\u00f3rias: um (re)encontro com as nossas ra\u00edzes \u00e9tnico-raciais\u201d \u00e9 o tema do Encontro Pedag\u00f3gico 2023, voltado para diretores, professores e coordenadores pedag\u00f3gicos da Rede Municipal de Ensino de Alagoinhas. A a\u00e7\u00e3o da prefeitura, por meio da Secretaria da Educa\u00e7\u00e3o (SEDUC), acontece nos dias 24 e 27 de fevereiro. Com o objetivo de\" \/>\n\t<meta name=\"robots\" content=\"max-image-preview:large\" \/>\n\t<meta name=\"author\" content=\"administrador\"\/>\n\t<link rel=\"canonical\" href=\"https:\/\/newsinfoco.com.br\/inicio\/encontro-pedagogico-2023-traz-reflexoes-sobre-etnias-resgate-e-respeito\/\" \/>\n\t<meta name=\"generator\" content=\"All in One SEO (AIOSEO) 4.9.10\" \/>\n\t\t<meta property=\"og:locale\" content=\"pt_BR\" \/>\n\t\t<meta property=\"og:site_name\" content=\"News In Foco - Editado por Caio Pimenta - O principal site de noticias de Alagoinhas e regi\u00e3o\" \/>\n\t\t<meta property=\"og:type\" content=\"article\" \/>\n\t\t<meta property=\"og:title\" content=\"Encontro Pedag\u00f3gico 2023 traz reflex\u00f5es sobre etnias, resgate e respeito - News In Foco - Editado por Caio Pimenta\" \/>\n\t\t<meta property=\"og:description\" content=\"\u201cLendo e escrevendo mem\u00f3rias: um (re)encontro com as nossas ra\u00edzes \u00e9tnico-raciais\u201d \u00e9 o tema do Encontro Pedag\u00f3gico 2023, voltado para diretores, professores e coordenadores pedag\u00f3gicos da Rede Municipal de Ensino de Alagoinhas. A a\u00e7\u00e3o da prefeitura, por meio da Secretaria da Educa\u00e7\u00e3o (SEDUC), acontece nos dias 24 e 27 de fevereiro. Com o objetivo de\" \/>\n\t\t<meta property=\"og:url\" content=\"https:\/\/newsinfoco.com.br\/inicio\/encontro-pedagogico-2023-traz-reflexoes-sobre-etnias-resgate-e-respeito\/\" \/>\n\t\t<meta property=\"article:published_time\" content=\"2023-02-27T21:25:24+00:00\" \/>\n\t\t<meta property=\"article:modified_time\" content=\"2023-02-27T21:25:24+00:00\" \/>\n\t\t<meta name=\"twitter:card\" content=\"summary_large_image\" \/>\n\t\t<meta name=\"twitter:title\" content=\"Encontro Pedag\u00f3gico 2023 traz reflex\u00f5es sobre etnias, resgate e respeito - News In Foco - Editado por Caio Pimenta\" \/>\n\t\t<meta name=\"twitter:description\" content=\"\u201cLendo e escrevendo mem\u00f3rias: um (re)encontro com as nossas ra\u00edzes \u00e9tnico-raciais\u201d \u00e9 o tema do Encontro Pedag\u00f3gico 2023, voltado para diretores, professores e coordenadores pedag\u00f3gicos da Rede Municipal de Ensino de Alagoinhas. A a\u00e7\u00e3o da prefeitura, por meio da Secretaria da Educa\u00e7\u00e3o (SEDUC), acontece nos dias 24 e 27 de fevereiro. Com o objetivo de\" \/>\n\t\t<script type=\"application\/ld+json\" class=\"aioseo-schema\">\n\t\t\t{\"@context\":\"https:\\\/\\\/schema.org\",\"@graph\":[{\"@type\":\"BlogPosting\",\"@id\":\"https:\\\/\\\/newsinfoco.com.br\\\/inicio\\\/encontro-pedagogico-2023-traz-reflexoes-sobre-etnias-resgate-e-respeito\\\/#blogposting\",\"name\":\"Encontro Pedag\\u00f3gico 2023 traz reflex\\u00f5es sobre etnias, resgate e respeito - News In Foco - Editado por Caio Pimenta\",\"headline\":\"Encontro Pedag\\u00f3gico 2023 traz reflex\\u00f5es sobre etnias, resgate e respeito\",\"author\":{\"@id\":\"https:\\\/\\\/newsinfoco.com.br\\\/inicio\\\/author\\\/administrador\\\/#author\"},\"publisher\":{\"@id\":\"https:\\\/\\\/newsinfoco.com.br\\\/inicio\\\/#organization\"},\"image\":{\"@type\":\"ImageObject\",\"url\":\"https:\\\/\\\/newsinfoco.com.br\\\/inicio\\\/wp-content\\\/uploads\\\/2023\\\/02\\\/B0B49DC7-3115-4BEE-8D2E-367F95FB4FAB-550x368-1.jpeg\",\"width\":550,\"height\":368},\"datePublished\":\"2023-02-27T18:25:24-03:00\",\"dateModified\":\"2023-02-27T18:25:24-03:00\",\"inLanguage\":\"pt-BR\",\"mainEntityOfPage\":{\"@id\":\"https:\\\/\\\/newsinfoco.com.br\\\/inicio\\\/encontro-pedagogico-2023-traz-reflexoes-sobre-etnias-resgate-e-respeito\\\/#webpage\"},\"isPartOf\":{\"@id\":\"https:\\\/\\\/newsinfoco.com.br\\\/inicio\\\/encontro-pedagogico-2023-traz-reflexoes-sobre-etnias-resgate-e-respeito\\\/#webpage\"},\"articleSection\":\"Alagoinhas e Regi\\u00e3o, Manchete\"},{\"@type\":\"BreadcrumbList\",\"@id\":\"https:\\\/\\\/newsinfoco.com.br\\\/inicio\\\/encontro-pedagogico-2023-traz-reflexoes-sobre-etnias-resgate-e-respeito\\\/#breadcrumblist\",\"itemListElement\":[{\"@type\":\"ListItem\",\"@id\":\"https:\\\/\\\/newsinfoco.com.br\\\/inicio#listItem\",\"position\":1,\"name\":\"In\\u00edcio\",\"item\":\"https:\\\/\\\/newsinfoco.com.br\\\/inicio\",\"nextItem\":{\"@type\":\"ListItem\",\"@id\":\"https:\\\/\\\/newsinfoco.com.br\\\/inicio\\\/category\\\/alagoinhas-e-regiao\\\/#listItem\",\"name\":\"Alagoinhas e Regi\\u00e3o\"}},{\"@type\":\"ListItem\",\"@id\":\"https:\\\/\\\/newsinfoco.com.br\\\/inicio\\\/category\\\/alagoinhas-e-regiao\\\/#listItem\",\"position\":2,\"name\":\"Alagoinhas e Regi\\u00e3o\",\"item\":\"https:\\\/\\\/newsinfoco.com.br\\\/inicio\\\/category\\\/alagoinhas-e-regiao\\\/\",\"nextItem\":{\"@type\":\"ListItem\",\"@id\":\"https:\\\/\\\/newsinfoco.com.br\\\/inicio\\\/encontro-pedagogico-2023-traz-reflexoes-sobre-etnias-resgate-e-respeito\\\/#listItem\",\"name\":\"Encontro Pedag\\u00f3gico 2023 traz reflex\\u00f5es sobre etnias, resgate e respeito\"},\"previousItem\":{\"@type\":\"ListItem\",\"@id\":\"https:\\\/\\\/newsinfoco.com.br\\\/inicio#listItem\",\"name\":\"In\\u00edcio\"}},{\"@type\":\"ListItem\",\"@id\":\"https:\\\/\\\/newsinfoco.com.br\\\/inicio\\\/encontro-pedagogico-2023-traz-reflexoes-sobre-etnias-resgate-e-respeito\\\/#listItem\",\"position\":3,\"name\":\"Encontro Pedag\\u00f3gico 2023 traz reflex\\u00f5es sobre etnias, resgate e respeito\",\"previousItem\":{\"@type\":\"ListItem\",\"@id\":\"https:\\\/\\\/newsinfoco.com.br\\\/inicio\\\/category\\\/alagoinhas-e-regiao\\\/#listItem\",\"name\":\"Alagoinhas e Regi\\u00e3o\"}}]},{\"@type\":\"Organization\",\"@id\":\"https:\\\/\\\/newsinfoco.com.br\\\/inicio\\\/#organization\",\"name\":\"News In Foco - Editado por Caio Pimenta\",\"description\":\"O principal site de noticias de Alagoinhas e regi\\u00e3o\",\"url\":\"https:\\\/\\\/newsinfoco.com.br\\\/inicio\\\/\"},{\"@type\":\"Person\",\"@id\":\"https:\\\/\\\/newsinfoco.com.br\\\/inicio\\\/author\\\/administrador\\\/#author\",\"url\":\"https:\\\/\\\/newsinfoco.com.br\\\/inicio\\\/author\\\/administrador\\\/\",\"name\":\"administrador\",\"image\":{\"@type\":\"ImageObject\",\"@id\":\"https:\\\/\\\/newsinfoco.com.br\\\/inicio\\\/encontro-pedagogico-2023-traz-reflexoes-sobre-etnias-resgate-e-respeito\\\/#authorImage\",\"url\":\"https:\\\/\\\/secure.gravatar.com\\\/avatar\\\/c17a617433de8c1dc9584bb79aab7563b46f5bb7e1728c9b17d9cc3ce6a08e49?s=96&d=mm&r=g\",\"width\":96,\"height\":96,\"caption\":\"administrador\"}},{\"@type\":\"WebPage\",\"@id\":\"https:\\\/\\\/newsinfoco.com.br\\\/inicio\\\/encontro-pedagogico-2023-traz-reflexoes-sobre-etnias-resgate-e-respeito\\\/#webpage\",\"url\":\"https:\\\/\\\/newsinfoco.com.br\\\/inicio\\\/encontro-pedagogico-2023-traz-reflexoes-sobre-etnias-resgate-e-respeito\\\/\",\"name\":\"Encontro Pedag\\u00f3gico 2023 traz reflex\\u00f5es sobre etnias, resgate e respeito - News In Foco - Editado por Caio Pimenta\",\"description\":\"\\u201cLendo e escrevendo mem\\u00f3rias: um (re)encontro com as nossas ra\\u00edzes \\u00e9tnico-raciais\\u201d \\u00e9 o tema do Encontro Pedag\\u00f3gico 2023, voltado para diretores, professores e coordenadores pedag\\u00f3gicos da Rede Municipal de Ensino de Alagoinhas. A a\\u00e7\\u00e3o da prefeitura, por meio da Secretaria da Educa\\u00e7\\u00e3o (SEDUC), acontece nos dias 24 e 27 de fevereiro. Com o objetivo de\",\"inLanguage\":\"pt-BR\",\"isPartOf\":{\"@id\":\"https:\\\/\\\/newsinfoco.com.br\\\/inicio\\\/#website\"},\"breadcrumb\":{\"@id\":\"https:\\\/\\\/newsinfoco.com.br\\\/inicio\\\/encontro-pedagogico-2023-traz-reflexoes-sobre-etnias-resgate-e-respeito\\\/#breadcrumblist\"},\"author\":{\"@id\":\"https:\\\/\\\/newsinfoco.com.br\\\/inicio\\\/author\\\/administrador\\\/#author\"},\"creator\":{\"@id\":\"https:\\\/\\\/newsinfoco.com.br\\\/inicio\\\/author\\\/administrador\\\/#author\"},\"image\":{\"@type\":\"ImageObject\",\"url\":\"https:\\\/\\\/newsinfoco.com.br\\\/inicio\\\/wp-content\\\/uploads\\\/2023\\\/02\\\/B0B49DC7-3115-4BEE-8D2E-367F95FB4FAB-550x368-1.jpeg\",\"@id\":\"https:\\\/\\\/newsinfoco.com.br\\\/inicio\\\/encontro-pedagogico-2023-traz-reflexoes-sobre-etnias-resgate-e-respeito\\\/#mainImage\",\"width\":550,\"height\":368},\"primaryImageOfPage\":{\"@id\":\"https:\\\/\\\/newsinfoco.com.br\\\/inicio\\\/encontro-pedagogico-2023-traz-reflexoes-sobre-etnias-resgate-e-respeito\\\/#mainImage\"},\"datePublished\":\"2023-02-27T18:25:24-03:00\",\"dateModified\":\"2023-02-27T18:25:24-03:00\"},{\"@type\":\"WebSite\",\"@id\":\"https:\\\/\\\/newsinfoco.com.br\\\/inicio\\\/#website\",\"url\":\"https:\\\/\\\/newsinfoco.com.br\\\/inicio\\\/\",\"name\":\"News In Foco - Editado por Caio Pimenta\",\"description\":\"O principal site de noticias de Alagoinhas e regi\\u00e3o\",\"inLanguage\":\"pt-BR\",\"publisher\":{\"@id\":\"https:\\\/\\\/newsinfoco.com.br\\\/inicio\\\/#organization\"}}]}\n\t\t<\/script>\n\t\t<!-- All in One SEO -->\n\n","aioseo_head_json":{"title":"Encontro Pedag\u00f3gico 2023 traz reflex\u00f5es sobre etnias, resgate e respeito - News In Foco - Editado por Caio Pimenta","description":"\u201cLendo e escrevendo mem\u00f3rias: um (re)encontro com as nossas ra\u00edzes \u00e9tnico-raciais\u201d \u00e9 o tema do Encontro Pedag\u00f3gico 2023, voltado para diretores, professores e coordenadores pedag\u00f3gicos da Rede Municipal de Ensino de Alagoinhas. A a\u00e7\u00e3o da prefeitura, por meio da Secretaria da Educa\u00e7\u00e3o (SEDUC), acontece nos dias 24 e 27 de fevereiro. Com o objetivo de","canonical_url":"https:\/\/newsinfoco.com.br\/inicio\/encontro-pedagogico-2023-traz-reflexoes-sobre-etnias-resgate-e-respeito\/","robots":"max-image-preview:large","keywords":"","webmasterTools":{"miscellaneous":""},"schema":{"@context":"https:\/\/schema.org","@graph":[{"@type":"BlogPosting","@id":"https:\/\/newsinfoco.com.br\/inicio\/encontro-pedagogico-2023-traz-reflexoes-sobre-etnias-resgate-e-respeito\/#blogposting","name":"Encontro Pedag\u00f3gico 2023 traz reflex\u00f5es sobre etnias, resgate e respeito - News In Foco - Editado por Caio Pimenta","headline":"Encontro Pedag\u00f3gico 2023 traz reflex\u00f5es sobre etnias, resgate e respeito","author":{"@id":"https:\/\/newsinfoco.com.br\/inicio\/author\/administrador\/#author"},"publisher":{"@id":"https:\/\/newsinfoco.com.br\/inicio\/#organization"},"image":{"@type":"ImageObject","url":"https:\/\/newsinfoco.com.br\/inicio\/wp-content\/uploads\/2023\/02\/B0B49DC7-3115-4BEE-8D2E-367F95FB4FAB-550x368-1.jpeg","width":550,"height":368},"datePublished":"2023-02-27T18:25:24-03:00","dateModified":"2023-02-27T18:25:24-03:00","inLanguage":"pt-BR","mainEntityOfPage":{"@id":"https:\/\/newsinfoco.com.br\/inicio\/encontro-pedagogico-2023-traz-reflexoes-sobre-etnias-resgate-e-respeito\/#webpage"},"isPartOf":{"@id":"https:\/\/newsinfoco.com.br\/inicio\/encontro-pedagogico-2023-traz-reflexoes-sobre-etnias-resgate-e-respeito\/#webpage"},"articleSection":"Alagoinhas e Regi\u00e3o, Manchete"},{"@type":"BreadcrumbList","@id":"https:\/\/newsinfoco.com.br\/inicio\/encontro-pedagogico-2023-traz-reflexoes-sobre-etnias-resgate-e-respeito\/#breadcrumblist","itemListElement":[{"@type":"ListItem","@id":"https:\/\/newsinfoco.com.br\/inicio#listItem","position":1,"name":"In\u00edcio","item":"https:\/\/newsinfoco.com.br\/inicio","nextItem":{"@type":"ListItem","@id":"https:\/\/newsinfoco.com.br\/inicio\/category\/alagoinhas-e-regiao\/#listItem","name":"Alagoinhas e Regi\u00e3o"}},{"@type":"ListItem","@id":"https:\/\/newsinfoco.com.br\/inicio\/category\/alagoinhas-e-regiao\/#listItem","position":2,"name":"Alagoinhas e Regi\u00e3o","item":"https:\/\/newsinfoco.com.br\/inicio\/category\/alagoinhas-e-regiao\/","nextItem":{"@type":"ListItem","@id":"https:\/\/newsinfoco.com.br\/inicio\/encontro-pedagogico-2023-traz-reflexoes-sobre-etnias-resgate-e-respeito\/#listItem","name":"Encontro Pedag\u00f3gico 2023 traz reflex\u00f5es sobre etnias, resgate e respeito"},"previousItem":{"@type":"ListItem","@id":"https:\/\/newsinfoco.com.br\/inicio#listItem","name":"In\u00edcio"}},{"@type":"ListItem","@id":"https:\/\/newsinfoco.com.br\/inicio\/encontro-pedagogico-2023-traz-reflexoes-sobre-etnias-resgate-e-respeito\/#listItem","position":3,"name":"Encontro Pedag\u00f3gico 2023 traz reflex\u00f5es sobre etnias, resgate e respeito","previousItem":{"@type":"ListItem","@id":"https:\/\/newsinfoco.com.br\/inicio\/category\/alagoinhas-e-regiao\/#listItem","name":"Alagoinhas e Regi\u00e3o"}}]},{"@type":"Organization","@id":"https:\/\/newsinfoco.com.br\/inicio\/#organization","name":"News In Foco - Editado por Caio Pimenta","description":"O principal site de noticias de Alagoinhas e regi\u00e3o","url":"https:\/\/newsinfoco.com.br\/inicio\/"},{"@type":"Person","@id":"https:\/\/newsinfoco.com.br\/inicio\/author\/administrador\/#author","url":"https:\/\/newsinfoco.com.br\/inicio\/author\/administrador\/","name":"administrador","image":{"@type":"ImageObject","@id":"https:\/\/newsinfoco.com.br\/inicio\/encontro-pedagogico-2023-traz-reflexoes-sobre-etnias-resgate-e-respeito\/#authorImage","url":"https:\/\/secure.gravatar.com\/avatar\/c17a617433de8c1dc9584bb79aab7563b46f5bb7e1728c9b17d9cc3ce6a08e49?s=96&d=mm&r=g","width":96,"height":96,"caption":"administrador"}},{"@type":"WebPage","@id":"https:\/\/newsinfoco.com.br\/inicio\/encontro-pedagogico-2023-traz-reflexoes-sobre-etnias-resgate-e-respeito\/#webpage","url":"https:\/\/newsinfoco.com.br\/inicio\/encontro-pedagogico-2023-traz-reflexoes-sobre-etnias-resgate-e-respeito\/","name":"Encontro Pedag\u00f3gico 2023 traz reflex\u00f5es sobre etnias, resgate e respeito - News In Foco - Editado por Caio Pimenta","description":"\u201cLendo e escrevendo mem\u00f3rias: um (re)encontro com as nossas ra\u00edzes \u00e9tnico-raciais\u201d \u00e9 o tema do Encontro Pedag\u00f3gico 2023, voltado para diretores, professores e coordenadores pedag\u00f3gicos da Rede Municipal de Ensino de Alagoinhas. A a\u00e7\u00e3o da prefeitura, por meio da Secretaria da Educa\u00e7\u00e3o (SEDUC), acontece nos dias 24 e 27 de fevereiro. Com o objetivo de","inLanguage":"pt-BR","isPartOf":{"@id":"https:\/\/newsinfoco.com.br\/inicio\/#website"},"breadcrumb":{"@id":"https:\/\/newsinfoco.com.br\/inicio\/encontro-pedagogico-2023-traz-reflexoes-sobre-etnias-resgate-e-respeito\/#breadcrumblist"},"author":{"@id":"https:\/\/newsinfoco.com.br\/inicio\/author\/administrador\/#author"},"creator":{"@id":"https:\/\/newsinfoco.com.br\/inicio\/author\/administrador\/#author"},"image":{"@type":"ImageObject","url":"https:\/\/newsinfoco.com.br\/inicio\/wp-content\/uploads\/2023\/02\/B0B49DC7-3115-4BEE-8D2E-367F95FB4FAB-550x368-1.jpeg","@id":"https:\/\/newsinfoco.com.br\/inicio\/encontro-pedagogico-2023-traz-reflexoes-sobre-etnias-resgate-e-respeito\/#mainImage","width":550,"height":368},"primaryImageOfPage":{"@id":"https:\/\/newsinfoco.com.br\/inicio\/encontro-pedagogico-2023-traz-reflexoes-sobre-etnias-resgate-e-respeito\/#mainImage"},"datePublished":"2023-02-27T18:25:24-03:00","dateModified":"2023-02-27T18:25:24-03:00"},{"@type":"WebSite","@id":"https:\/\/newsinfoco.com.br\/inicio\/#website","url":"https:\/\/newsinfoco.com.br\/inicio\/","name":"News In Foco - Editado por Caio Pimenta","description":"O principal site de noticias de Alagoinhas e regi\u00e3o","inLanguage":"pt-BR","publisher":{"@id":"https:\/\/newsinfoco.com.br\/inicio\/#organization"}}]},"og:locale":"pt_BR","og:site_name":"News In Foco - Editado por Caio Pimenta - O principal site de noticias de Alagoinhas e regi\u00e3o","og:type":"article","og:title":"Encontro Pedag\u00f3gico 2023 traz reflex\u00f5es sobre etnias, resgate e respeito - News In Foco - Editado por Caio Pimenta","og:description":"\u201cLendo e escrevendo mem\u00f3rias: um (re)encontro com as nossas ra\u00edzes \u00e9tnico-raciais\u201d \u00e9 o tema do Encontro Pedag\u00f3gico 2023, voltado para diretores, professores e coordenadores pedag\u00f3gicos da Rede Municipal de Ensino de Alagoinhas. A a\u00e7\u00e3o da prefeitura, por meio da Secretaria da Educa\u00e7\u00e3o (SEDUC), acontece nos dias 24 e 27 de fevereiro. Com o objetivo de","og:url":"https:\/\/newsinfoco.com.br\/inicio\/encontro-pedagogico-2023-traz-reflexoes-sobre-etnias-resgate-e-respeito\/","article:published_time":"2023-02-27T21:25:24+00:00","article:modified_time":"2023-02-27T21:25:24+00:00","twitter:card":"summary_large_image","twitter:title":"Encontro Pedag\u00f3gico 2023 traz reflex\u00f5es sobre etnias, resgate e respeito - News In Foco - Editado por Caio Pimenta","twitter:description":"\u201cLendo e escrevendo mem\u00f3rias: um (re)encontro com as nossas ra\u00edzes \u00e9tnico-raciais\u201d \u00e9 o tema do Encontro Pedag\u00f3gico 2023, voltado para diretores, professores e coordenadores pedag\u00f3gicos da Rede Municipal de Ensino de Alagoinhas. A a\u00e7\u00e3o da prefeitura, por meio da Secretaria da Educa\u00e7\u00e3o (SEDUC), acontece nos dias 24 e 27 de fevereiro. Com o objetivo de"},"aioseo_meta_data":{"post_id":"33180","title":null,"description":null,"keywords":null,"keyphrases":null,"primary_term":null,"canonical_url":null,"og_title":null,"og_description":null,"og_object_type":"default","og_image_type":"default","og_image_url":null,"og_image_width":null,"og_image_height":null,"og_image_custom_url":null,"og_image_custom_fields":null,"og_video":null,"og_custom_url":null,"og_article_section":null,"og_article_tags":null,"twitter_use_og":false,"twitter_card":"default","twitter_image_type":"default","twitter_image_url":null,"twitter_image_custom_url":null,"twitter_image_custom_fields":null,"twitter_title":null,"twitter_description":null,"schema":{"blockGraphs":[],"customGraphs":[],"default":{"data":{"Article":[],"Course":[],"Dataset":[],"FAQPage":[],"Movie":[],"Person":[],"Product":[],"ProductReview":[],"Car":[],"Recipe":[],"Service":[],"SoftwareApplication":[],"WebPage":[]},"graphName":"","isEnabled":true},"graphs":[]},"schema_type":"default","schema_type_options":null,"pillar_content":false,"robots_default":true,"robots_noindex":false,"robots_noarchive":false,"robots_nosnippet":false,"robots_nofollow":false,"robots_noimageindex":false,"robots_noodp":false,"robots_notranslate":false,"robots_max_snippet":null,"robots_max_videopreview":null,"robots_max_imagepreview":"large","priority":null,"frequency":null,"local_seo":null,"breadcrumb_settings":null,"limit_modified_date":false,"ai":null,"created":"2023-06-12 22:58:49","updated":"2025-07-11 09:15:50","seo_analyzer_scan_date":null},"aioseo_breadcrumb":"<div class=\"aioseo-breadcrumbs\"><span class=\"aioseo-breadcrumb\">\n\t\t\t<a href=\"https:\/\/newsinfoco.com.br\/inicio\" title=\"In\u00edcio\">In\u00edcio<\/a>\n\t\t<\/span><span class=\"aioseo-breadcrumb-separator\">&raquo;<\/span><span class=\"aioseo-breadcrumb\">\n\t\t\t<a href=\"https:\/\/newsinfoco.com.br\/inicio\/category\/alagoinhas-e-regiao\/\" title=\"Alagoinhas e Regi\u00e3o\">Alagoinhas e Regi\u00e3o<\/a>\n\t\t<\/span><span class=\"aioseo-breadcrumb-separator\">&raquo;<\/span><span class=\"aioseo-breadcrumb\">\n\t\t\tEncontro Pedag\u00f3gico 2023 traz reflex\u00f5es sobre etnias, resgate e respeito\n\t\t<\/span><\/div>","aioseo_breadcrumb_json":[{"label":"In\u00edcio","link":"https:\/\/newsinfoco.com.br\/inicio"},{"label":"Alagoinhas e Regi\u00e3o","link":"https:\/\/newsinfoco.com.br\/inicio\/category\/alagoinhas-e-regiao\/"},{"label":"Encontro Pedag\u00f3gico 2023 traz reflex\u00f5es sobre etnias, resgate e respeito","link":"https:\/\/newsinfoco.com.br\/inicio\/encontro-pedagogico-2023-traz-reflexoes-sobre-etnias-resgate-e-respeito\/"}],"_links":{"self":[{"href":"https:\/\/newsinfoco.com.br\/inicio\/wp-json\/wp\/v2\/posts\/33180","targetHints":{"allow":["GET"]}}],"collection":[{"href":"https:\/\/newsinfoco.com.br\/inicio\/wp-json\/wp\/v2\/posts"}],"about":[{"href":"https:\/\/newsinfoco.com.br\/inicio\/wp-json\/wp\/v2\/types\/post"}],"author":[{"embeddable":true,"href":"https:\/\/newsinfoco.com.br\/inicio\/wp-json\/wp\/v2\/users\/1"}],"replies":[{"embeddable":true,"href":"https:\/\/newsinfoco.com.br\/inicio\/wp-json\/wp\/v2\/comments?post=33180"}],"version-history":[{"count":1,"href":"https:\/\/newsinfoco.com.br\/inicio\/wp-json\/wp\/v2\/posts\/33180\/revisions"}],"predecessor-version":[{"id":33182,"href":"https:\/\/newsinfoco.com.br\/inicio\/wp-json\/wp\/v2\/posts\/33180\/revisions\/33182"}],"wp:featuredmedia":[{"embeddable":true,"href":"https:\/\/newsinfoco.com.br\/inicio\/wp-json\/wp\/v2\/media\/33181"}],"wp:attachment":[{"href":"https:\/\/newsinfoco.com.br\/inicio\/wp-json\/wp\/v2\/media?parent=33180"}],"wp:term":[{"taxonomy":"category","embeddable":true,"href":"https:\/\/newsinfoco.com.br\/inicio\/wp-json\/wp\/v2\/categories?post=33180"},{"taxonomy":"post_tag","embeddable":true,"href":"https:\/\/newsinfoco.com.br\/inicio\/wp-json\/wp\/v2\/tags?post=33180"}],"curies":[{"name":"wp","href":"https:\/\/api.w.org\/{rel}","templated":true}]}}