{"id":33186,"date":"2023-02-28T13:58:55","date_gmt":"2023-02-28T16:58:55","guid":{"rendered":"https:\/\/newsinfoco.com.br\/inicio\/?p=33186"},"modified":"2023-02-28T13:58:55","modified_gmt":"2023-02-28T16:58:55","slug":"quadro-de-horarios-das-novas-linhas-do-transporte-publico-de-alagoinhas-e-divulgado","status":"publish","type":"post","link":"https:\/\/newsinfoco.com.br\/inicio\/quadro-de-horarios-das-novas-linhas-do-transporte-publico-de-alagoinhas-e-divulgado\/","title":{"rendered":"Quadro de hor\u00e1rios das novas linhas do transporte p\u00fablico de Alagoinhas \u00e9 divulgado"},"content":{"rendered":"<p style=\"text-align: left;\">O quadro de hor\u00e1rios das novas linhas 5134 &#8211; Cruzeiro dos Montes Via Unirb e 5135 &#8211; UNEB que passaram a compor o sistema de transporte p\u00fablico de Alagoinhas foi divulgada ontem(27) pela ATP. Elaborada pela Superintend\u00eancia Municipal de Transporte e Tr\u00e2nsito de Alagoinhas(SMTT), as duas linhas refor\u00e7am o acesso da popula\u00e7\u00e3o a todo um trajeto que liga o centro da cidade a duas importantes institui\u00e7\u00f5es de ensino superior da cidade, a UNIRB e a UNEB.<\/p>\n<p>Na nota enviada a este News Infoco, a ATP informa que, com os novos trajetos inclu\u00eddos, Alagoinhas passa a contar com 24 linhas de \u00f4nibus. A empresa informa ainda que houve aquisi\u00e7\u00e3o de mais \u00f4nibus e a contrata\u00e7\u00e3o de novos funcion\u00e1rios para a opera\u00e7\u00e3o dessas linhas.<\/p>\n<p>Veja abaixo, na \u00edntegra, o informativo da ATP:<\/p>\n<p style=\"text-align: left;\">\n<p style=\"text-align: center;\"><strong>INFORMATIVO ATP<\/strong><\/p>\n<p><em>A Superintend\u00eancia Municipal de Transporte e Tr\u00e2nsito de Alagoinhas(SMTT) elaborou e a ATP divulga o quadro de hor\u00e1rio das novas linhas 5134 &#8211; Cruzeiro dos Montes Via Unirb e 5135 &#8211; UNEB:<\/em><\/p>\n<p><em><img loading=\"lazy\" decoding=\"async\" class=\"aligncenter size-full wp-image-33187\" src=\"http:\/\/newsinfoco.com.br\/inicio\/wp-content\/uploads\/2023\/02\/lista1_page-0001.jpg\" alt=\"\" width=\"800\" height=\"624\" srcset=\"https:\/\/newsinfoco.com.br\/inicio\/wp-content\/uploads\/2023\/02\/lista1_page-0001.jpg 800w, https:\/\/newsinfoco.com.br\/inicio\/wp-content\/uploads\/2023\/02\/lista1_page-0001-300x234.jpg 300w, https:\/\/newsinfoco.com.br\/inicio\/wp-content\/uploads\/2023\/02\/lista1_page-0001-768x599.jpg 768w, https:\/\/newsinfoco.com.br\/inicio\/wp-content\/uploads\/2023\/02\/lista1_page-0001-600x468.jpg 600w, https:\/\/newsinfoco.com.br\/inicio\/wp-content\/uploads\/2023\/02\/lista1_page-0001-696x543.jpg 696w, https:\/\/newsinfoco.com.br\/inicio\/wp-content\/uploads\/2023\/02\/lista1_page-0001-538x420.jpg 538w\" sizes=\"auto, (max-width: 800px) 100vw, 800px\" \/><\/em><\/p>\n<p><em><img loading=\"lazy\" decoding=\"async\" class=\"aligncenter size-full wp-image-33188\" src=\"http:\/\/newsinfoco.com.br\/inicio\/wp-content\/uploads\/2023\/02\/lista-2_page-0001.jpg\" alt=\"\" width=\"1241\" height=\"864\" srcset=\"https:\/\/newsinfoco.com.br\/inicio\/wp-content\/uploads\/2023\/02\/lista-2_page-0001.jpg 1241w, https:\/\/newsinfoco.com.br\/inicio\/wp-content\/uploads\/2023\/02\/lista-2_page-0001-300x209.jpg 300w, https:\/\/newsinfoco.com.br\/inicio\/wp-content\/uploads\/2023\/02\/lista-2_page-0001-1024x713.jpg 1024w, https:\/\/newsinfoco.com.br\/inicio\/wp-content\/uploads\/2023\/02\/lista-2_page-0001-768x535.jpg 768w, https:\/\/newsinfoco.com.br\/inicio\/wp-content\/uploads\/2023\/02\/lista-2_page-0001-600x418.jpg 600w, https:\/\/newsinfoco.com.br\/inicio\/wp-content\/uploads\/2023\/02\/lista-2_page-0001-100x70.jpg 100w, https:\/\/newsinfoco.com.br\/inicio\/wp-content\/uploads\/2023\/02\/lista-2_page-0001-696x485.jpg 696w, https:\/\/newsinfoco.com.br\/inicio\/wp-content\/uploads\/2023\/02\/lista-2_page-0001-1068x744.jpg 1068w, https:\/\/newsinfoco.com.br\/inicio\/wp-content\/uploads\/2023\/02\/lista-2_page-0001-603x420.jpg 603w\" sizes=\"auto, (max-width: 1241px) 100vw, 1241px\" \/><\/em><\/p>\n<p><em>As duas novas linhas j\u00e1 est\u00e3o em funcionamento e se unem as outras 22 linhas j\u00e1 em opera\u00e7\u00e3o na cidade. Veja o quadro completo das linhas:<\/em><\/p>\n<p><em><img loading=\"lazy\" decoding=\"async\" class=\"aligncenter size-full wp-image-33189\" src=\"http:\/\/newsinfoco.com.br\/inicio\/wp-content\/uploads\/2023\/02\/IMG-20230224-WA0043.jpg\" alt=\"\" width=\"425\" height=\"525\" srcset=\"https:\/\/newsinfoco.com.br\/inicio\/wp-content\/uploads\/2023\/02\/IMG-20230224-WA0043.jpg 425w, https:\/\/newsinfoco.com.br\/inicio\/wp-content\/uploads\/2023\/02\/IMG-20230224-WA0043-243x300.jpg 243w, https:\/\/newsinfoco.com.br\/inicio\/wp-content\/uploads\/2023\/02\/IMG-20230224-WA0043-324x400.jpg 324w, https:\/\/newsinfoco.com.br\/inicio\/wp-content\/uploads\/2023\/02\/IMG-20230224-WA0043-340x420.jpg 340w\" sizes=\"auto, (max-width: 425px) 100vw, 425px\" \/><\/em><\/p>\n<p><em>Com o incremento das novas linhas, houve tamb\u00e9m a adi\u00e7\u00e3o de mais \u00f4nibus \u00e0 frota j\u00e1 existente, trazendo mais comodidade \u00e0 popula\u00e7\u00e3o, al\u00e9m da gera\u00e7\u00e3o de emprego com a contrata\u00e7\u00e3o de mais funcion\u00e1rios.<\/em><\/p>\n<p><em>Esse \u00e9 mais um importante investimento da ATP Transportes na busca incans\u00e1vel em melhor servir ao usu\u00e1rio do transporte p\u00fablico da cidade de Alagoinhas.<\/em><\/p>\n<p><em>Atenciosamente,<\/em><\/p>\n<p><em>Ascom ATP Transportes<\/em><\/p>\n<div class='share-to-whatsapp-wrapper'><div class='share-on-whsp'>Share on: <\/div><a data-text='Quadro de hor\u00e1rios das novas linhas do transporte p\u00fablico de Alagoinhas \u00e9 divulgado' data-link='https:\/\/newsinfoco.com.br\/inicio\/quadro-de-horarios-das-novas-linhas-do-transporte-publico-de-alagoinhas-e-divulgado\/' class='whatsapp-button whatsapp-share'>WhatsApp<\/a><div class='clear '><\/div><\/div>","protected":false},"excerpt":{"rendered":"<p>O quadro de hor\u00e1rios das novas linhas 5134 &#8211; Cruzeiro dos Montes Via Unirb e 5135 &#8211; UNEB que passaram a compor o sistema de transporte p\u00fablico de Alagoinhas foi divulgada ontem(27) pela ATP. Elaborada pela Superintend\u00eancia Municipal de Transporte e Tr\u00e2nsito de Alagoinhas(SMTT), as duas linhas refor\u00e7am o acesso da popula\u00e7\u00e3o a todo um [&hellip;]<\/p>\n","protected":false},"author":1,"featured_media":32334,"comment_status":"closed","ping_status":"closed","sticky":false,"template":"","format":"standard","meta":{"om_disable_all_campaigns":false,"rop_custom_images_group":[],"rop_custom_messages_group":[],"rop_publish_now":"initial","rop_publish_now_accounts":[],"rop_publish_now_history":[],"rop_publish_now_status":"pending","_exactmetrics_skip_tracking":false,"footnotes":""},"categories":[38,167],"tags":[],"class_list":["post-33186","post","type-post","status-publish","format-standard","has-post-thumbnail","hentry","category-alagoinhas-e-regiao","category-exclusivas"],"aioseo_notices":[],"aioseo_head":"\n\t\t<!-- All in One SEO 4.9.10 - aioseo.com -->\n\t<meta name=\"description\" content=\"O quadro de hor\u00e1rios das novas linhas 5134 - Cruzeiro dos Montes Via Unirb e 5135 - UNEB que passaram a compor o sistema de transporte p\u00fablico de Alagoinhas foi divulgada ontem(27) pela ATP. Elaborada pela Superintend\u00eancia Municipal de Transporte e Tr\u00e2nsito de Alagoinhas(SMTT), as duas linhas refor\u00e7am o acesso da popula\u00e7\u00e3o a todo um\" \/>\n\t<meta name=\"robots\" content=\"max-image-preview:large\" \/>\n\t<meta name=\"author\" content=\"administrador\"\/>\n\t<link rel=\"canonical\" href=\"https:\/\/newsinfoco.com.br\/inicio\/quadro-de-horarios-das-novas-linhas-do-transporte-publico-de-alagoinhas-e-divulgado\/\" \/>\n\t<meta name=\"generator\" content=\"All in One SEO (AIOSEO) 4.9.10\" \/>\n\t\t<meta property=\"og:locale\" content=\"pt_BR\" \/>\n\t\t<meta property=\"og:site_name\" content=\"News In Foco - Editado por Caio Pimenta - O principal site de noticias de Alagoinhas e regi\u00e3o\" \/>\n\t\t<meta property=\"og:type\" content=\"article\" \/>\n\t\t<meta property=\"og:title\" content=\"Quadro de hor\u00e1rios das novas linhas do transporte p\u00fablico de Alagoinhas \u00e9 divulgado - News In Foco - Editado por Caio Pimenta\" \/>\n\t\t<meta property=\"og:description\" content=\"O quadro de hor\u00e1rios das novas linhas 5134 - Cruzeiro dos Montes Via Unirb e 5135 - UNEB que passaram a compor o sistema de transporte p\u00fablico de Alagoinhas foi divulgada ontem(27) pela ATP. Elaborada pela Superintend\u00eancia Municipal de Transporte e Tr\u00e2nsito de Alagoinhas(SMTT), as duas linhas refor\u00e7am o acesso da popula\u00e7\u00e3o a todo um\" \/>\n\t\t<meta property=\"og:url\" content=\"https:\/\/newsinfoco.com.br\/inicio\/quadro-de-horarios-das-novas-linhas-do-transporte-publico-de-alagoinhas-e-divulgado\/\" \/>\n\t\t<meta property=\"article:published_time\" content=\"2023-02-28T16:58:55+00:00\" \/>\n\t\t<meta property=\"article:modified_time\" content=\"2023-02-28T16:58:55+00:00\" \/>\n\t\t<meta name=\"twitter:card\" content=\"summary_large_image\" \/>\n\t\t<meta name=\"twitter:title\" content=\"Quadro de hor\u00e1rios das novas linhas do transporte p\u00fablico de Alagoinhas \u00e9 divulgado - News In Foco - Editado por Caio Pimenta\" \/>\n\t\t<meta name=\"twitter:description\" content=\"O quadro de hor\u00e1rios das novas linhas 5134 - Cruzeiro dos Montes Via Unirb e 5135 - UNEB que passaram a compor o sistema de transporte p\u00fablico de Alagoinhas foi divulgada ontem(27) pela ATP. Elaborada pela Superintend\u00eancia Municipal de Transporte e Tr\u00e2nsito de Alagoinhas(SMTT), as duas linhas refor\u00e7am o acesso da popula\u00e7\u00e3o a todo um\" \/>\n\t\t<script type=\"application\/ld+json\" class=\"aioseo-schema\">\n\t\t\t{\"@context\":\"https:\\\/\\\/schema.org\",\"@graph\":[{\"@type\":\"BlogPosting\",\"@id\":\"https:\\\/\\\/newsinfoco.com.br\\\/inicio\\\/quadro-de-horarios-das-novas-linhas-do-transporte-publico-de-alagoinhas-e-divulgado\\\/#blogposting\",\"name\":\"Quadro de hor\\u00e1rios das novas linhas do transporte p\\u00fablico de Alagoinhas \\u00e9 divulgado - News In Foco - Editado por Caio Pimenta\",\"headline\":\"Quadro de hor\\u00e1rios das novas linhas do transporte p\\u00fablico de Alagoinhas \\u00e9 divulgado\",\"author\":{\"@id\":\"https:\\\/\\\/newsinfoco.com.br\\\/inicio\\\/author\\\/administrador\\\/#author\"},\"publisher\":{\"@id\":\"https:\\\/\\\/newsinfoco.com.br\\\/inicio\\\/#organization\"},\"image\":{\"@type\":\"ImageObject\",\"url\":\"https:\\\/\\\/newsinfoco.com.br\\\/inicio\\\/wp-content\\\/uploads\\\/2023\\\/01\\\/terminal-coletivo.jpeg\",\"width\":1024,\"height\":682},\"datePublished\":\"2023-02-28T13:58:55-03:00\",\"dateModified\":\"2023-02-28T13:58:55-03:00\",\"inLanguage\":\"pt-BR\",\"mainEntityOfPage\":{\"@id\":\"https:\\\/\\\/newsinfoco.com.br\\\/inicio\\\/quadro-de-horarios-das-novas-linhas-do-transporte-publico-de-alagoinhas-e-divulgado\\\/#webpage\"},\"isPartOf\":{\"@id\":\"https:\\\/\\\/newsinfoco.com.br\\\/inicio\\\/quadro-de-horarios-das-novas-linhas-do-transporte-publico-de-alagoinhas-e-divulgado\\\/#webpage\"},\"articleSection\":\"Alagoinhas e Regi\\u00e3o, Manchete\"},{\"@type\":\"BreadcrumbList\",\"@id\":\"https:\\\/\\\/newsinfoco.com.br\\\/inicio\\\/quadro-de-horarios-das-novas-linhas-do-transporte-publico-de-alagoinhas-e-divulgado\\\/#breadcrumblist\",\"itemListElement\":[{\"@type\":\"ListItem\",\"@id\":\"https:\\\/\\\/newsinfoco.com.br\\\/inicio#listItem\",\"position\":1,\"name\":\"In\\u00edcio\",\"item\":\"https:\\\/\\\/newsinfoco.com.br\\\/inicio\",\"nextItem\":{\"@type\":\"ListItem\",\"@id\":\"https:\\\/\\\/newsinfoco.com.br\\\/inicio\\\/category\\\/alagoinhas-e-regiao\\\/#listItem\",\"name\":\"Alagoinhas e Regi\\u00e3o\"}},{\"@type\":\"ListItem\",\"@id\":\"https:\\\/\\\/newsinfoco.com.br\\\/inicio\\\/category\\\/alagoinhas-e-regiao\\\/#listItem\",\"position\":2,\"name\":\"Alagoinhas e Regi\\u00e3o\",\"item\":\"https:\\\/\\\/newsinfoco.com.br\\\/inicio\\\/category\\\/alagoinhas-e-regiao\\\/\",\"nextItem\":{\"@type\":\"ListItem\",\"@id\":\"https:\\\/\\\/newsinfoco.com.br\\\/inicio\\\/quadro-de-horarios-das-novas-linhas-do-transporte-publico-de-alagoinhas-e-divulgado\\\/#listItem\",\"name\":\"Quadro de hor\\u00e1rios das novas linhas do transporte p\\u00fablico de Alagoinhas \\u00e9 divulgado\"},\"previousItem\":{\"@type\":\"ListItem\",\"@id\":\"https:\\\/\\\/newsinfoco.com.br\\\/inicio#listItem\",\"name\":\"In\\u00edcio\"}},{\"@type\":\"ListItem\",\"@id\":\"https:\\\/\\\/newsinfoco.com.br\\\/inicio\\\/quadro-de-horarios-das-novas-linhas-do-transporte-publico-de-alagoinhas-e-divulgado\\\/#listItem\",\"position\":3,\"name\":\"Quadro de hor\\u00e1rios das novas linhas do transporte p\\u00fablico de Alagoinhas \\u00e9 divulgado\",\"previousItem\":{\"@type\":\"ListItem\",\"@id\":\"https:\\\/\\\/newsinfoco.com.br\\\/inicio\\\/category\\\/alagoinhas-e-regiao\\\/#listItem\",\"name\":\"Alagoinhas e Regi\\u00e3o\"}}]},{\"@type\":\"Organization\",\"@id\":\"https:\\\/\\\/newsinfoco.com.br\\\/inicio\\\/#organization\",\"name\":\"News In Foco - Editado por Caio Pimenta\",\"description\":\"O principal site de noticias de Alagoinhas e regi\\u00e3o\",\"url\":\"https:\\\/\\\/newsinfoco.com.br\\\/inicio\\\/\"},{\"@type\":\"Person\",\"@id\":\"https:\\\/\\\/newsinfoco.com.br\\\/inicio\\\/author\\\/administrador\\\/#author\",\"url\":\"https:\\\/\\\/newsinfoco.com.br\\\/inicio\\\/author\\\/administrador\\\/\",\"name\":\"administrador\",\"image\":{\"@type\":\"ImageObject\",\"@id\":\"https:\\\/\\\/newsinfoco.com.br\\\/inicio\\\/quadro-de-horarios-das-novas-linhas-do-transporte-publico-de-alagoinhas-e-divulgado\\\/#authorImage\",\"url\":\"https:\\\/\\\/secure.gravatar.com\\\/avatar\\\/c17a617433de8c1dc9584bb79aab7563b46f5bb7e1728c9b17d9cc3ce6a08e49?s=96&d=mm&r=g\",\"width\":96,\"height\":96,\"caption\":\"administrador\"}},{\"@type\":\"WebPage\",\"@id\":\"https:\\\/\\\/newsinfoco.com.br\\\/inicio\\\/quadro-de-horarios-das-novas-linhas-do-transporte-publico-de-alagoinhas-e-divulgado\\\/#webpage\",\"url\":\"https:\\\/\\\/newsinfoco.com.br\\\/inicio\\\/quadro-de-horarios-das-novas-linhas-do-transporte-publico-de-alagoinhas-e-divulgado\\\/\",\"name\":\"Quadro de hor\\u00e1rios das novas linhas do transporte p\\u00fablico de Alagoinhas \\u00e9 divulgado - News In Foco - Editado por Caio Pimenta\",\"description\":\"O quadro de hor\\u00e1rios das novas linhas 5134 - Cruzeiro dos Montes Via Unirb e 5135 - UNEB que passaram a compor o sistema de transporte p\\u00fablico de Alagoinhas foi divulgada ontem(27) pela ATP. Elaborada pela Superintend\\u00eancia Municipal de Transporte e Tr\\u00e2nsito de Alagoinhas(SMTT), as duas linhas refor\\u00e7am o acesso da popula\\u00e7\\u00e3o a todo um\",\"inLanguage\":\"pt-BR\",\"isPartOf\":{\"@id\":\"https:\\\/\\\/newsinfoco.com.br\\\/inicio\\\/#website\"},\"breadcrumb\":{\"@id\":\"https:\\\/\\\/newsinfoco.com.br\\\/inicio\\\/quadro-de-horarios-das-novas-linhas-do-transporte-publico-de-alagoinhas-e-divulgado\\\/#breadcrumblist\"},\"author\":{\"@id\":\"https:\\\/\\\/newsinfoco.com.br\\\/inicio\\\/author\\\/administrador\\\/#author\"},\"creator\":{\"@id\":\"https:\\\/\\\/newsinfoco.com.br\\\/inicio\\\/author\\\/administrador\\\/#author\"},\"image\":{\"@type\":\"ImageObject\",\"url\":\"https:\\\/\\\/newsinfoco.com.br\\\/inicio\\\/wp-content\\\/uploads\\\/2023\\\/01\\\/terminal-coletivo.jpeg\",\"@id\":\"https:\\\/\\\/newsinfoco.com.br\\\/inicio\\\/quadro-de-horarios-das-novas-linhas-do-transporte-publico-de-alagoinhas-e-divulgado\\\/#mainImage\",\"width\":1024,\"height\":682},\"primaryImageOfPage\":{\"@id\":\"https:\\\/\\\/newsinfoco.com.br\\\/inicio\\\/quadro-de-horarios-das-novas-linhas-do-transporte-publico-de-alagoinhas-e-divulgado\\\/#mainImage\"},\"datePublished\":\"2023-02-28T13:58:55-03:00\",\"dateModified\":\"2023-02-28T13:58:55-03:00\"},{\"@type\":\"WebSite\",\"@id\":\"https:\\\/\\\/newsinfoco.com.br\\\/inicio\\\/#website\",\"url\":\"https:\\\/\\\/newsinfoco.com.br\\\/inicio\\\/\",\"name\":\"News In Foco - Editado por Caio Pimenta\",\"description\":\"O principal site de noticias de Alagoinhas e regi\\u00e3o\",\"inLanguage\":\"pt-BR\",\"publisher\":{\"@id\":\"https:\\\/\\\/newsinfoco.com.br\\\/inicio\\\/#organization\"}}]}\n\t\t<\/script>\n\t\t<!-- All in One SEO -->\n\n","aioseo_head_json":{"title":"Quadro de hor\u00e1rios das novas linhas do transporte p\u00fablico de Alagoinhas \u00e9 divulgado - News In Foco - Editado por Caio Pimenta","description":"O quadro de hor\u00e1rios das novas linhas 5134 - Cruzeiro dos Montes Via Unirb e 5135 - UNEB que passaram a compor o sistema de transporte p\u00fablico de Alagoinhas foi divulgada ontem(27) pela ATP. Elaborada pela Superintend\u00eancia Municipal de Transporte e Tr\u00e2nsito de Alagoinhas(SMTT), as duas linhas refor\u00e7am o acesso da popula\u00e7\u00e3o a todo um","canonical_url":"https:\/\/newsinfoco.com.br\/inicio\/quadro-de-horarios-das-novas-linhas-do-transporte-publico-de-alagoinhas-e-divulgado\/","robots":"max-image-preview:large","keywords":"","webmasterTools":{"miscellaneous":""},"schema":{"@context":"https:\/\/schema.org","@graph":[{"@type":"BlogPosting","@id":"https:\/\/newsinfoco.com.br\/inicio\/quadro-de-horarios-das-novas-linhas-do-transporte-publico-de-alagoinhas-e-divulgado\/#blogposting","name":"Quadro de hor\u00e1rios das novas linhas do transporte p\u00fablico de Alagoinhas \u00e9 divulgado - News In Foco - Editado por Caio Pimenta","headline":"Quadro de hor\u00e1rios das novas linhas do transporte p\u00fablico de Alagoinhas \u00e9 divulgado","author":{"@id":"https:\/\/newsinfoco.com.br\/inicio\/author\/administrador\/#author"},"publisher":{"@id":"https:\/\/newsinfoco.com.br\/inicio\/#organization"},"image":{"@type":"ImageObject","url":"https:\/\/newsinfoco.com.br\/inicio\/wp-content\/uploads\/2023\/01\/terminal-coletivo.jpeg","width":1024,"height":682},"datePublished":"2023-02-28T13:58:55-03:00","dateModified":"2023-02-28T13:58:55-03:00","inLanguage":"pt-BR","mainEntityOfPage":{"@id":"https:\/\/newsinfoco.com.br\/inicio\/quadro-de-horarios-das-novas-linhas-do-transporte-publico-de-alagoinhas-e-divulgado\/#webpage"},"isPartOf":{"@id":"https:\/\/newsinfoco.com.br\/inicio\/quadro-de-horarios-das-novas-linhas-do-transporte-publico-de-alagoinhas-e-divulgado\/#webpage"},"articleSection":"Alagoinhas e Regi\u00e3o, Manchete"},{"@type":"BreadcrumbList","@id":"https:\/\/newsinfoco.com.br\/inicio\/quadro-de-horarios-das-novas-linhas-do-transporte-publico-de-alagoinhas-e-divulgado\/#breadcrumblist","itemListElement":[{"@type":"ListItem","@id":"https:\/\/newsinfoco.com.br\/inicio#listItem","position":1,"name":"In\u00edcio","item":"https:\/\/newsinfoco.com.br\/inicio","nextItem":{"@type":"ListItem","@id":"https:\/\/newsinfoco.com.br\/inicio\/category\/alagoinhas-e-regiao\/#listItem","name":"Alagoinhas e Regi\u00e3o"}},{"@type":"ListItem","@id":"https:\/\/newsinfoco.com.br\/inicio\/category\/alagoinhas-e-regiao\/#listItem","position":2,"name":"Alagoinhas e Regi\u00e3o","item":"https:\/\/newsinfoco.com.br\/inicio\/category\/alagoinhas-e-regiao\/","nextItem":{"@type":"ListItem","@id":"https:\/\/newsinfoco.com.br\/inicio\/quadro-de-horarios-das-novas-linhas-do-transporte-publico-de-alagoinhas-e-divulgado\/#listItem","name":"Quadro de hor\u00e1rios das novas linhas do transporte p\u00fablico de Alagoinhas \u00e9 divulgado"},"previousItem":{"@type":"ListItem","@id":"https:\/\/newsinfoco.com.br\/inicio#listItem","name":"In\u00edcio"}},{"@type":"ListItem","@id":"https:\/\/newsinfoco.com.br\/inicio\/quadro-de-horarios-das-novas-linhas-do-transporte-publico-de-alagoinhas-e-divulgado\/#listItem","position":3,"name":"Quadro de hor\u00e1rios das novas linhas do transporte p\u00fablico de Alagoinhas \u00e9 divulgado","previousItem":{"@type":"ListItem","@id":"https:\/\/newsinfoco.com.br\/inicio\/category\/alagoinhas-e-regiao\/#listItem","name":"Alagoinhas e Regi\u00e3o"}}]},{"@type":"Organization","@id":"https:\/\/newsinfoco.com.br\/inicio\/#organization","name":"News In Foco - Editado por Caio Pimenta","description":"O principal site de noticias de Alagoinhas e regi\u00e3o","url":"https:\/\/newsinfoco.com.br\/inicio\/"},{"@type":"Person","@id":"https:\/\/newsinfoco.com.br\/inicio\/author\/administrador\/#author","url":"https:\/\/newsinfoco.com.br\/inicio\/author\/administrador\/","name":"administrador","image":{"@type":"ImageObject","@id":"https:\/\/newsinfoco.com.br\/inicio\/quadro-de-horarios-das-novas-linhas-do-transporte-publico-de-alagoinhas-e-divulgado\/#authorImage","url":"https:\/\/secure.gravatar.com\/avatar\/c17a617433de8c1dc9584bb79aab7563b46f5bb7e1728c9b17d9cc3ce6a08e49?s=96&d=mm&r=g","width":96,"height":96,"caption":"administrador"}},{"@type":"WebPage","@id":"https:\/\/newsinfoco.com.br\/inicio\/quadro-de-horarios-das-novas-linhas-do-transporte-publico-de-alagoinhas-e-divulgado\/#webpage","url":"https:\/\/newsinfoco.com.br\/inicio\/quadro-de-horarios-das-novas-linhas-do-transporte-publico-de-alagoinhas-e-divulgado\/","name":"Quadro de hor\u00e1rios das novas linhas do transporte p\u00fablico de Alagoinhas \u00e9 divulgado - News In Foco - Editado por Caio Pimenta","description":"O quadro de hor\u00e1rios das novas linhas 5134 - Cruzeiro dos Montes Via Unirb e 5135 - UNEB que passaram a compor o sistema de transporte p\u00fablico de Alagoinhas foi divulgada ontem(27) pela ATP. Elaborada pela Superintend\u00eancia Municipal de Transporte e Tr\u00e2nsito de Alagoinhas(SMTT), as duas linhas refor\u00e7am o acesso da popula\u00e7\u00e3o a todo um","inLanguage":"pt-BR","isPartOf":{"@id":"https:\/\/newsinfoco.com.br\/inicio\/#website"},"breadcrumb":{"@id":"https:\/\/newsinfoco.com.br\/inicio\/quadro-de-horarios-das-novas-linhas-do-transporte-publico-de-alagoinhas-e-divulgado\/#breadcrumblist"},"author":{"@id":"https:\/\/newsinfoco.com.br\/inicio\/author\/administrador\/#author"},"creator":{"@id":"https:\/\/newsinfoco.com.br\/inicio\/author\/administrador\/#author"},"image":{"@type":"ImageObject","url":"https:\/\/newsinfoco.com.br\/inicio\/wp-content\/uploads\/2023\/01\/terminal-coletivo.jpeg","@id":"https:\/\/newsinfoco.com.br\/inicio\/quadro-de-horarios-das-novas-linhas-do-transporte-publico-de-alagoinhas-e-divulgado\/#mainImage","width":1024,"height":682},"primaryImageOfPage":{"@id":"https:\/\/newsinfoco.com.br\/inicio\/quadro-de-horarios-das-novas-linhas-do-transporte-publico-de-alagoinhas-e-divulgado\/#mainImage"},"datePublished":"2023-02-28T13:58:55-03:00","dateModified":"2023-02-28T13:58:55-03:00"},{"@type":"WebSite","@id":"https:\/\/newsinfoco.com.br\/inicio\/#website","url":"https:\/\/newsinfoco.com.br\/inicio\/","name":"News In Foco - Editado por Caio Pimenta","description":"O principal site de noticias de Alagoinhas e regi\u00e3o","inLanguage":"pt-BR","publisher":{"@id":"https:\/\/newsinfoco.com.br\/inicio\/#organization"}}]},"og:locale":"pt_BR","og:site_name":"News In Foco - Editado por Caio Pimenta - O principal site de noticias de Alagoinhas e regi\u00e3o","og:type":"article","og:title":"Quadro de hor\u00e1rios das novas linhas do transporte p\u00fablico de Alagoinhas \u00e9 divulgado - News In Foco - Editado por Caio Pimenta","og:description":"O quadro de hor\u00e1rios das novas linhas 5134 - Cruzeiro dos Montes Via Unirb e 5135 - UNEB que passaram a compor o sistema de transporte p\u00fablico de Alagoinhas foi divulgada ontem(27) pela ATP. Elaborada pela Superintend\u00eancia Municipal de Transporte e Tr\u00e2nsito de Alagoinhas(SMTT), as duas linhas refor\u00e7am o acesso da popula\u00e7\u00e3o a todo um","og:url":"https:\/\/newsinfoco.com.br\/inicio\/quadro-de-horarios-das-novas-linhas-do-transporte-publico-de-alagoinhas-e-divulgado\/","article:published_time":"2023-02-28T16:58:55+00:00","article:modified_time":"2023-02-28T16:58:55+00:00","twitter:card":"summary_large_image","twitter:title":"Quadro de hor\u00e1rios das novas linhas do transporte p\u00fablico de Alagoinhas \u00e9 divulgado - News In Foco - Editado por Caio Pimenta","twitter:description":"O quadro de hor\u00e1rios das novas linhas 5134 - Cruzeiro dos Montes Via Unirb e 5135 - UNEB que passaram a compor o sistema de transporte p\u00fablico de Alagoinhas foi divulgada ontem(27) pela ATP. Elaborada pela Superintend\u00eancia Municipal de Transporte e Tr\u00e2nsito de Alagoinhas(SMTT), as duas linhas refor\u00e7am o acesso da popula\u00e7\u00e3o a todo um"},"aioseo_meta_data":{"post_id":"33186","title":null,"description":null,"keywords":null,"keyphrases":null,"primary_term":null,"canonical_url":null,"og_title":null,"og_description":null,"og_object_type":"default","og_image_type":"default","og_image_url":null,"og_image_width":null,"og_image_height":null,"og_image_custom_url":null,"og_image_custom_fields":null,"og_video":null,"og_custom_url":null,"og_article_section":null,"og_article_tags":null,"twitter_use_og":false,"twitter_card":"default","twitter_image_type":"default","twitter_image_url":null,"twitter_image_custom_url":null,"twitter_image_custom_fields":null,"twitter_title":null,"twitter_description":null,"schema":{"blockGraphs":[],"customGraphs":[],"default":{"data":{"Article":[],"Course":[],"Dataset":[],"FAQPage":[],"Movie":[],"Person":[],"Product":[],"ProductReview":[],"Car":[],"Recipe":[],"Service":[],"SoftwareApplication":[],"WebPage":[]},"graphName":"","isEnabled":true},"graphs":[]},"schema_type":"default","schema_type_options":null,"pillar_content":false,"robots_default":true,"robots_noindex":false,"robots_noarchive":false,"robots_nosnippet":false,"robots_nofollow":false,"robots_noimageindex":false,"robots_noodp":false,"robots_notranslate":false,"robots_max_snippet":null,"robots_max_videopreview":null,"robots_max_imagepreview":"large","priority":null,"frequency":null,"local_seo":null,"breadcrumb_settings":null,"limit_modified_date":false,"ai":null,"created":"2023-06-12 22:58:49","updated":"2025-07-11 09:15:50","seo_analyzer_scan_date":null},"aioseo_breadcrumb":"<div class=\"aioseo-breadcrumbs\"><span class=\"aioseo-breadcrumb\">\n\t\t\t<a href=\"https:\/\/newsinfoco.com.br\/inicio\" title=\"In\u00edcio\">In\u00edcio<\/a>\n\t\t<\/span><span class=\"aioseo-breadcrumb-separator\">&raquo;<\/span><span class=\"aioseo-breadcrumb\">\n\t\t\t<a href=\"https:\/\/newsinfoco.com.br\/inicio\/category\/alagoinhas-e-regiao\/\" title=\"Alagoinhas e Regi\u00e3o\">Alagoinhas e Regi\u00e3o<\/a>\n\t\t<\/span><span class=\"aioseo-breadcrumb-separator\">&raquo;<\/span><span class=\"aioseo-breadcrumb\">\n\t\t\tQuadro de hor\u00e1rios das novas linhas do transporte p\u00fablico de Alagoinhas \u00e9 divulgado\n\t\t<\/span><\/div>","aioseo_breadcrumb_json":[{"label":"In\u00edcio","link":"https:\/\/newsinfoco.com.br\/inicio"},{"label":"Alagoinhas e Regi\u00e3o","link":"https:\/\/newsinfoco.com.br\/inicio\/category\/alagoinhas-e-regiao\/"},{"label":"Quadro de hor\u00e1rios das novas linhas do transporte p\u00fablico de Alagoinhas \u00e9 divulgado","link":"https:\/\/newsinfoco.com.br\/inicio\/quadro-de-horarios-das-novas-linhas-do-transporte-publico-de-alagoinhas-e-divulgado\/"}],"_links":{"self":[{"href":"https:\/\/newsinfoco.com.br\/inicio\/wp-json\/wp\/v2\/posts\/33186","targetHints":{"allow":["GET"]}}],"collection":[{"href":"https:\/\/newsinfoco.com.br\/inicio\/wp-json\/wp\/v2\/posts"}],"about":[{"href":"https:\/\/newsinfoco.com.br\/inicio\/wp-json\/wp\/v2\/types\/post"}],"author":[{"embeddable":true,"href":"https:\/\/newsinfoco.com.br\/inicio\/wp-json\/wp\/v2\/users\/1"}],"replies":[{"embeddable":true,"href":"https:\/\/newsinfoco.com.br\/inicio\/wp-json\/wp\/v2\/comments?post=33186"}],"version-history":[{"count":1,"href":"https:\/\/newsinfoco.com.br\/inicio\/wp-json\/wp\/v2\/posts\/33186\/revisions"}],"predecessor-version":[{"id":33190,"href":"https:\/\/newsinfoco.com.br\/inicio\/wp-json\/wp\/v2\/posts\/33186\/revisions\/33190"}],"wp:featuredmedia":[{"embeddable":true,"href":"https:\/\/newsinfoco.com.br\/inicio\/wp-json\/wp\/v2\/media\/32334"}],"wp:attachment":[{"href":"https:\/\/newsinfoco.com.br\/inicio\/wp-json\/wp\/v2\/media?parent=33186"}],"wp:term":[{"taxonomy":"category","embeddable":true,"href":"https:\/\/newsinfoco.com.br\/inicio\/wp-json\/wp\/v2\/categories?post=33186"},{"taxonomy":"post_tag","embeddable":true,"href":"https:\/\/newsinfoco.com.br\/inicio\/wp-json\/wp\/v2\/tags?post=33186"}],"curies":[{"name":"wp","href":"https:\/\/api.w.org\/{rel}","templated":true}]}}