{"id":33191,"date":"2023-03-01T18:13:50","date_gmt":"2023-03-01T21:13:50","guid":{"rendered":"https:\/\/newsinfoco.com.br\/inicio\/?p=33191"},"modified":"2023-03-01T18:13:50","modified_gmt":"2023-03-01T21:13:50","slug":"audiencia-publica-para-prestacao-de-contas-e-realizada-na-camara-de-alagoinhas","status":"publish","type":"post","link":"https:\/\/newsinfoco.com.br\/inicio\/audiencia-publica-para-prestacao-de-contas-e-realizada-na-camara-de-alagoinhas\/","title":{"rendered":"Audi\u00eancia P\u00fablica para presta\u00e7\u00e3o de contas \u00e9 realizada na C\u00e2mara de Alagoinhas"},"content":{"rendered":"<div dir=\"auto\">Aconteceu na C\u00e2mara Municipal de Alagoinhas na tarde de ontem (28), em cumprimento \u00e0 Lei de Responsabilidade Fiscal, audi\u00eancia p\u00fablica para apresenta\u00e7\u00e3o do relat\u00f3rio de gest\u00e3o do 3\u00ba quadrimestre de 2022.<\/div>\n<div dir=\"auto\"><\/div>\n<div dir=\"auto\">As explana\u00e7\u00f5es foram realizadas respectivamente por representa\u00e7\u00f5es do poder executivo: La\u00edna Passos, secret\u00e1ria de Sa\u00fade, Gustavo Carmo, secret\u00e1rio de Educa\u00e7\u00e3o, Roseane Concei\u00e7\u00e3o, secret\u00e1ria da Fazenda e Leila Carla, Controladora Geral.\u00a0 Roberto Torres, secret\u00e1rio de Servi\u00e7os P\u00fablicos e vice-prefeito tamb\u00e9m esteve presente.<\/div>\n<div dir=\"auto\"><\/div>\n<div dir=\"auto\">La\u00edna apresentou dados referentes ao relat\u00f3rio anual da gest\u00e3o, produ\u00e7\u00e3o de servi\u00e7o no SUS e programas executados pela pasta da sa\u00fade, Gustavo a presta\u00e7\u00e3o de contas referente ao Fundo Municipal de Educa\u00e7\u00e3o, Roseane e Leila apresentaram a execu\u00e7\u00e3o das despesas e receitas, entre outras informa\u00e7\u00f5es dos trabalhos executados.<\/div>\n<div dir=\"auto\"><\/div>\n<div dir=\"auto\">Foram diversos os questionamentos das vereadoras, vereadores e p\u00fablico presente no plen\u00e1rio, que podem ser conferidos atrav\u00e9s do youtube no canal TV C\u00c2MARA ALAGOINHAS.<\/div>\n<div dir=\"auto\"><\/div>\n<div dir=\"auto\">*Ascom &#8211; C\u00e2mara Municipal de Alagoinhas*<\/div>\n<div dir=\"auto\">Fotos &#8211; Jh\u00f4 Paz<\/div>\n<div class='share-to-whatsapp-wrapper'><div class='share-on-whsp'>Share on: <\/div><a data-text='Audi\u00eancia P\u00fablica para presta\u00e7\u00e3o de contas \u00e9 realizada na C\u00e2mara de Alagoinhas' data-link='https:\/\/newsinfoco.com.br\/inicio\/audiencia-publica-para-prestacao-de-contas-e-realizada-na-camara-de-alagoinhas\/' class='whatsapp-button whatsapp-share'>WhatsApp<\/a><div class='clear '><\/div><\/div>","protected":false},"excerpt":{"rendered":"<p>Aconteceu na C\u00e2mara Municipal de Alagoinhas na tarde de ontem (28), em cumprimento \u00e0 Lei de Responsabilidade Fiscal, audi\u00eancia p\u00fablica para apresenta\u00e7\u00e3o do relat\u00f3rio de gest\u00e3o do 3\u00ba quadrimestre de 2022. As explana\u00e7\u00f5es foram realizadas respectivamente por representa\u00e7\u00f5es do poder executivo: La\u00edna Passos, secret\u00e1ria de Sa\u00fade, Gustavo Carmo, secret\u00e1rio de Educa\u00e7\u00e3o, Roseane Concei\u00e7\u00e3o, secret\u00e1ria da [&hellip;]<\/p>\n","protected":false},"author":1,"featured_media":33192,"comment_status":"closed","ping_status":"closed","sticky":false,"template":"","format":"standard","meta":{"om_disable_all_campaigns":false,"rop_custom_images_group":[],"rop_custom_messages_group":[],"rop_publish_now":"initial","rop_publish_now_accounts":[],"rop_publish_now_history":[],"rop_publish_now_status":"pending","_exactmetrics_skip_tracking":false,"footnotes":""},"categories":[38,167],"tags":[],"class_list":["post-33191","post","type-post","status-publish","format-standard","has-post-thumbnail","hentry","category-alagoinhas-e-regiao","category-exclusivas"],"aioseo_notices":[],"aioseo_head":"\n\t\t<!-- All in One SEO 4.9.10 - aioseo.com -->\n\t<meta name=\"description\" content=\"Aconteceu na C\u00e2mara Municipal de Alagoinhas na tarde de ontem (28), em cumprimento \u00e0 Lei de Responsabilidade Fiscal, audi\u00eancia p\u00fablica para apresenta\u00e7\u00e3o do relat\u00f3rio de gest\u00e3o do 3\u00ba quadrimestre de 2022. As explana\u00e7\u00f5es foram realizadas respectivamente por representa\u00e7\u00f5es do poder executivo: La\u00edna Passos, secret\u00e1ria de Sa\u00fade, Gustavo Carmo, secret\u00e1rio de Educa\u00e7\u00e3o, Roseane Concei\u00e7\u00e3o, secret\u00e1ria da\" \/>\n\t<meta name=\"robots\" content=\"max-image-preview:large\" \/>\n\t<meta name=\"author\" content=\"administrador\"\/>\n\t<link rel=\"canonical\" href=\"https:\/\/newsinfoco.com.br\/inicio\/audiencia-publica-para-prestacao-de-contas-e-realizada-na-camara-de-alagoinhas\/\" \/>\n\t<meta name=\"generator\" content=\"All in One SEO (AIOSEO) 4.9.10\" \/>\n\t\t<meta property=\"og:locale\" content=\"pt_BR\" \/>\n\t\t<meta property=\"og:site_name\" content=\"News In Foco - Editado por Caio Pimenta - O principal site de noticias de Alagoinhas e regi\u00e3o\" \/>\n\t\t<meta property=\"og:type\" content=\"article\" \/>\n\t\t<meta property=\"og:title\" content=\"Audi\u00eancia P\u00fablica para presta\u00e7\u00e3o de contas \u00e9 realizada na C\u00e2mara de Alagoinhas - News In Foco - Editado por Caio Pimenta\" \/>\n\t\t<meta property=\"og:description\" content=\"Aconteceu na C\u00e2mara Municipal de Alagoinhas na tarde de ontem (28), em cumprimento \u00e0 Lei de Responsabilidade Fiscal, audi\u00eancia p\u00fablica para apresenta\u00e7\u00e3o do relat\u00f3rio de gest\u00e3o do 3\u00ba quadrimestre de 2022. As explana\u00e7\u00f5es foram realizadas respectivamente por representa\u00e7\u00f5es do poder executivo: La\u00edna Passos, secret\u00e1ria de Sa\u00fade, Gustavo Carmo, secret\u00e1rio de Educa\u00e7\u00e3o, Roseane Concei\u00e7\u00e3o, secret\u00e1ria da\" \/>\n\t\t<meta property=\"og:url\" content=\"https:\/\/newsinfoco.com.br\/inicio\/audiencia-publica-para-prestacao-de-contas-e-realizada-na-camara-de-alagoinhas\/\" \/>\n\t\t<meta property=\"article:published_time\" content=\"2023-03-01T21:13:50+00:00\" \/>\n\t\t<meta property=\"article:modified_time\" content=\"2023-03-01T21:13:50+00:00\" \/>\n\t\t<meta name=\"twitter:card\" content=\"summary_large_image\" \/>\n\t\t<meta name=\"twitter:title\" content=\"Audi\u00eancia P\u00fablica para presta\u00e7\u00e3o de contas \u00e9 realizada na C\u00e2mara de Alagoinhas - News In Foco - Editado por Caio Pimenta\" \/>\n\t\t<meta name=\"twitter:description\" content=\"Aconteceu na C\u00e2mara Municipal de Alagoinhas na tarde de ontem (28), em cumprimento \u00e0 Lei de Responsabilidade Fiscal, audi\u00eancia p\u00fablica para apresenta\u00e7\u00e3o do relat\u00f3rio de gest\u00e3o do 3\u00ba quadrimestre de 2022. As explana\u00e7\u00f5es foram realizadas respectivamente por representa\u00e7\u00f5es do poder executivo: La\u00edna Passos, secret\u00e1ria de Sa\u00fade, Gustavo Carmo, secret\u00e1rio de Educa\u00e7\u00e3o, Roseane Concei\u00e7\u00e3o, secret\u00e1ria da\" \/>\n\t\t<script type=\"application\/ld+json\" class=\"aioseo-schema\">\n\t\t\t{\"@context\":\"https:\\\/\\\/schema.org\",\"@graph\":[{\"@type\":\"BlogPosting\",\"@id\":\"https:\\\/\\\/newsinfoco.com.br\\\/inicio\\\/audiencia-publica-para-prestacao-de-contas-e-realizada-na-camara-de-alagoinhas\\\/#blogposting\",\"name\":\"Audi\\u00eancia P\\u00fablica para presta\\u00e7\\u00e3o de contas \\u00e9 realizada na C\\u00e2mara de Alagoinhas - News In Foco - Editado por Caio Pimenta\",\"headline\":\"Audi\\u00eancia P\\u00fablica para presta\\u00e7\\u00e3o de contas \\u00e9 realizada na C\\u00e2mara de Alagoinhas\",\"author\":{\"@id\":\"https:\\\/\\\/newsinfoco.com.br\\\/inicio\\\/author\\\/administrador\\\/#author\"},\"publisher\":{\"@id\":\"https:\\\/\\\/newsinfoco.com.br\\\/inicio\\\/#organization\"},\"image\":{\"@type\":\"ImageObject\",\"url\":\"https:\\\/\\\/newsinfoco.com.br\\\/inicio\\\/wp-content\\\/uploads\\\/2023\\\/03\\\/IMG-20230301-WA0111.jpg\",\"width\":1407,\"height\":746},\"datePublished\":\"2023-03-01T18:13:50-03:00\",\"dateModified\":\"2023-03-01T18:13:50-03:00\",\"inLanguage\":\"pt-BR\",\"mainEntityOfPage\":{\"@id\":\"https:\\\/\\\/newsinfoco.com.br\\\/inicio\\\/audiencia-publica-para-prestacao-de-contas-e-realizada-na-camara-de-alagoinhas\\\/#webpage\"},\"isPartOf\":{\"@id\":\"https:\\\/\\\/newsinfoco.com.br\\\/inicio\\\/audiencia-publica-para-prestacao-de-contas-e-realizada-na-camara-de-alagoinhas\\\/#webpage\"},\"articleSection\":\"Alagoinhas e Regi\\u00e3o, Manchete\"},{\"@type\":\"BreadcrumbList\",\"@id\":\"https:\\\/\\\/newsinfoco.com.br\\\/inicio\\\/audiencia-publica-para-prestacao-de-contas-e-realizada-na-camara-de-alagoinhas\\\/#breadcrumblist\",\"itemListElement\":[{\"@type\":\"ListItem\",\"@id\":\"https:\\\/\\\/newsinfoco.com.br\\\/inicio#listItem\",\"position\":1,\"name\":\"In\\u00edcio\",\"item\":\"https:\\\/\\\/newsinfoco.com.br\\\/inicio\",\"nextItem\":{\"@type\":\"ListItem\",\"@id\":\"https:\\\/\\\/newsinfoco.com.br\\\/inicio\\\/category\\\/alagoinhas-e-regiao\\\/#listItem\",\"name\":\"Alagoinhas e Regi\\u00e3o\"}},{\"@type\":\"ListItem\",\"@id\":\"https:\\\/\\\/newsinfoco.com.br\\\/inicio\\\/category\\\/alagoinhas-e-regiao\\\/#listItem\",\"position\":2,\"name\":\"Alagoinhas e Regi\\u00e3o\",\"item\":\"https:\\\/\\\/newsinfoco.com.br\\\/inicio\\\/category\\\/alagoinhas-e-regiao\\\/\",\"nextItem\":{\"@type\":\"ListItem\",\"@id\":\"https:\\\/\\\/newsinfoco.com.br\\\/inicio\\\/audiencia-publica-para-prestacao-de-contas-e-realizada-na-camara-de-alagoinhas\\\/#listItem\",\"name\":\"Audi\\u00eancia P\\u00fablica para presta\\u00e7\\u00e3o de contas \\u00e9 realizada na C\\u00e2mara de Alagoinhas\"},\"previousItem\":{\"@type\":\"ListItem\",\"@id\":\"https:\\\/\\\/newsinfoco.com.br\\\/inicio#listItem\",\"name\":\"In\\u00edcio\"}},{\"@type\":\"ListItem\",\"@id\":\"https:\\\/\\\/newsinfoco.com.br\\\/inicio\\\/audiencia-publica-para-prestacao-de-contas-e-realizada-na-camara-de-alagoinhas\\\/#listItem\",\"position\":3,\"name\":\"Audi\\u00eancia P\\u00fablica para presta\\u00e7\\u00e3o de contas \\u00e9 realizada na C\\u00e2mara de Alagoinhas\",\"previousItem\":{\"@type\":\"ListItem\",\"@id\":\"https:\\\/\\\/newsinfoco.com.br\\\/inicio\\\/category\\\/alagoinhas-e-regiao\\\/#listItem\",\"name\":\"Alagoinhas e Regi\\u00e3o\"}}]},{\"@type\":\"Organization\",\"@id\":\"https:\\\/\\\/newsinfoco.com.br\\\/inicio\\\/#organization\",\"name\":\"News In Foco - Editado por Caio Pimenta\",\"description\":\"O principal site de noticias de Alagoinhas e regi\\u00e3o\",\"url\":\"https:\\\/\\\/newsinfoco.com.br\\\/inicio\\\/\"},{\"@type\":\"Person\",\"@id\":\"https:\\\/\\\/newsinfoco.com.br\\\/inicio\\\/author\\\/administrador\\\/#author\",\"url\":\"https:\\\/\\\/newsinfoco.com.br\\\/inicio\\\/author\\\/administrador\\\/\",\"name\":\"administrador\",\"image\":{\"@type\":\"ImageObject\",\"@id\":\"https:\\\/\\\/newsinfoco.com.br\\\/inicio\\\/audiencia-publica-para-prestacao-de-contas-e-realizada-na-camara-de-alagoinhas\\\/#authorImage\",\"url\":\"https:\\\/\\\/secure.gravatar.com\\\/avatar\\\/c17a617433de8c1dc9584bb79aab7563b46f5bb7e1728c9b17d9cc3ce6a08e49?s=96&d=mm&r=g\",\"width\":96,\"height\":96,\"caption\":\"administrador\"}},{\"@type\":\"WebPage\",\"@id\":\"https:\\\/\\\/newsinfoco.com.br\\\/inicio\\\/audiencia-publica-para-prestacao-de-contas-e-realizada-na-camara-de-alagoinhas\\\/#webpage\",\"url\":\"https:\\\/\\\/newsinfoco.com.br\\\/inicio\\\/audiencia-publica-para-prestacao-de-contas-e-realizada-na-camara-de-alagoinhas\\\/\",\"name\":\"Audi\\u00eancia P\\u00fablica para presta\\u00e7\\u00e3o de contas \\u00e9 realizada na C\\u00e2mara de Alagoinhas - News In Foco - Editado por Caio Pimenta\",\"description\":\"Aconteceu na C\\u00e2mara Municipal de Alagoinhas na tarde de ontem (28), em cumprimento \\u00e0 Lei de Responsabilidade Fiscal, audi\\u00eancia p\\u00fablica para apresenta\\u00e7\\u00e3o do relat\\u00f3rio de gest\\u00e3o do 3\\u00ba quadrimestre de 2022. As explana\\u00e7\\u00f5es foram realizadas respectivamente por representa\\u00e7\\u00f5es do poder executivo: La\\u00edna Passos, secret\\u00e1ria de Sa\\u00fade, Gustavo Carmo, secret\\u00e1rio de Educa\\u00e7\\u00e3o, Roseane Concei\\u00e7\\u00e3o, secret\\u00e1ria da\",\"inLanguage\":\"pt-BR\",\"isPartOf\":{\"@id\":\"https:\\\/\\\/newsinfoco.com.br\\\/inicio\\\/#website\"},\"breadcrumb\":{\"@id\":\"https:\\\/\\\/newsinfoco.com.br\\\/inicio\\\/audiencia-publica-para-prestacao-de-contas-e-realizada-na-camara-de-alagoinhas\\\/#breadcrumblist\"},\"author\":{\"@id\":\"https:\\\/\\\/newsinfoco.com.br\\\/inicio\\\/author\\\/administrador\\\/#author\"},\"creator\":{\"@id\":\"https:\\\/\\\/newsinfoco.com.br\\\/inicio\\\/author\\\/administrador\\\/#author\"},\"image\":{\"@type\":\"ImageObject\",\"url\":\"https:\\\/\\\/newsinfoco.com.br\\\/inicio\\\/wp-content\\\/uploads\\\/2023\\\/03\\\/IMG-20230301-WA0111.jpg\",\"@id\":\"https:\\\/\\\/newsinfoco.com.br\\\/inicio\\\/audiencia-publica-para-prestacao-de-contas-e-realizada-na-camara-de-alagoinhas\\\/#mainImage\",\"width\":1407,\"height\":746},\"primaryImageOfPage\":{\"@id\":\"https:\\\/\\\/newsinfoco.com.br\\\/inicio\\\/audiencia-publica-para-prestacao-de-contas-e-realizada-na-camara-de-alagoinhas\\\/#mainImage\"},\"datePublished\":\"2023-03-01T18:13:50-03:00\",\"dateModified\":\"2023-03-01T18:13:50-03:00\"},{\"@type\":\"WebSite\",\"@id\":\"https:\\\/\\\/newsinfoco.com.br\\\/inicio\\\/#website\",\"url\":\"https:\\\/\\\/newsinfoco.com.br\\\/inicio\\\/\",\"name\":\"News In Foco - Editado por Caio Pimenta\",\"description\":\"O principal site de noticias de Alagoinhas e regi\\u00e3o\",\"inLanguage\":\"pt-BR\",\"publisher\":{\"@id\":\"https:\\\/\\\/newsinfoco.com.br\\\/inicio\\\/#organization\"}}]}\n\t\t<\/script>\n\t\t<!-- All in One SEO -->\n\n","aioseo_head_json":{"title":"Audi\u00eancia P\u00fablica para presta\u00e7\u00e3o de contas \u00e9 realizada na C\u00e2mara de Alagoinhas - News In Foco - Editado por Caio Pimenta","description":"Aconteceu na C\u00e2mara Municipal de Alagoinhas na tarde de ontem (28), em cumprimento \u00e0 Lei de Responsabilidade Fiscal, audi\u00eancia p\u00fablica para apresenta\u00e7\u00e3o do relat\u00f3rio de gest\u00e3o do 3\u00ba quadrimestre de 2022. As explana\u00e7\u00f5es foram realizadas respectivamente por representa\u00e7\u00f5es do poder executivo: La\u00edna Passos, secret\u00e1ria de Sa\u00fade, Gustavo Carmo, secret\u00e1rio de Educa\u00e7\u00e3o, Roseane Concei\u00e7\u00e3o, secret\u00e1ria da","canonical_url":"https:\/\/newsinfoco.com.br\/inicio\/audiencia-publica-para-prestacao-de-contas-e-realizada-na-camara-de-alagoinhas\/","robots":"max-image-preview:large","keywords":"","webmasterTools":{"miscellaneous":""},"schema":{"@context":"https:\/\/schema.org","@graph":[{"@type":"BlogPosting","@id":"https:\/\/newsinfoco.com.br\/inicio\/audiencia-publica-para-prestacao-de-contas-e-realizada-na-camara-de-alagoinhas\/#blogposting","name":"Audi\u00eancia P\u00fablica para presta\u00e7\u00e3o de contas \u00e9 realizada na C\u00e2mara de Alagoinhas - News In Foco - Editado por Caio Pimenta","headline":"Audi\u00eancia P\u00fablica para presta\u00e7\u00e3o de contas \u00e9 realizada na C\u00e2mara de Alagoinhas","author":{"@id":"https:\/\/newsinfoco.com.br\/inicio\/author\/administrador\/#author"},"publisher":{"@id":"https:\/\/newsinfoco.com.br\/inicio\/#organization"},"image":{"@type":"ImageObject","url":"https:\/\/newsinfoco.com.br\/inicio\/wp-content\/uploads\/2023\/03\/IMG-20230301-WA0111.jpg","width":1407,"height":746},"datePublished":"2023-03-01T18:13:50-03:00","dateModified":"2023-03-01T18:13:50-03:00","inLanguage":"pt-BR","mainEntityOfPage":{"@id":"https:\/\/newsinfoco.com.br\/inicio\/audiencia-publica-para-prestacao-de-contas-e-realizada-na-camara-de-alagoinhas\/#webpage"},"isPartOf":{"@id":"https:\/\/newsinfoco.com.br\/inicio\/audiencia-publica-para-prestacao-de-contas-e-realizada-na-camara-de-alagoinhas\/#webpage"},"articleSection":"Alagoinhas e Regi\u00e3o, Manchete"},{"@type":"BreadcrumbList","@id":"https:\/\/newsinfoco.com.br\/inicio\/audiencia-publica-para-prestacao-de-contas-e-realizada-na-camara-de-alagoinhas\/#breadcrumblist","itemListElement":[{"@type":"ListItem","@id":"https:\/\/newsinfoco.com.br\/inicio#listItem","position":1,"name":"In\u00edcio","item":"https:\/\/newsinfoco.com.br\/inicio","nextItem":{"@type":"ListItem","@id":"https:\/\/newsinfoco.com.br\/inicio\/category\/alagoinhas-e-regiao\/#listItem","name":"Alagoinhas e Regi\u00e3o"}},{"@type":"ListItem","@id":"https:\/\/newsinfoco.com.br\/inicio\/category\/alagoinhas-e-regiao\/#listItem","position":2,"name":"Alagoinhas e Regi\u00e3o","item":"https:\/\/newsinfoco.com.br\/inicio\/category\/alagoinhas-e-regiao\/","nextItem":{"@type":"ListItem","@id":"https:\/\/newsinfoco.com.br\/inicio\/audiencia-publica-para-prestacao-de-contas-e-realizada-na-camara-de-alagoinhas\/#listItem","name":"Audi\u00eancia P\u00fablica para presta\u00e7\u00e3o de contas \u00e9 realizada na C\u00e2mara de Alagoinhas"},"previousItem":{"@type":"ListItem","@id":"https:\/\/newsinfoco.com.br\/inicio#listItem","name":"In\u00edcio"}},{"@type":"ListItem","@id":"https:\/\/newsinfoco.com.br\/inicio\/audiencia-publica-para-prestacao-de-contas-e-realizada-na-camara-de-alagoinhas\/#listItem","position":3,"name":"Audi\u00eancia P\u00fablica para presta\u00e7\u00e3o de contas \u00e9 realizada na C\u00e2mara de Alagoinhas","previousItem":{"@type":"ListItem","@id":"https:\/\/newsinfoco.com.br\/inicio\/category\/alagoinhas-e-regiao\/#listItem","name":"Alagoinhas e Regi\u00e3o"}}]},{"@type":"Organization","@id":"https:\/\/newsinfoco.com.br\/inicio\/#organization","name":"News In Foco - Editado por Caio Pimenta","description":"O principal site de noticias de Alagoinhas e regi\u00e3o","url":"https:\/\/newsinfoco.com.br\/inicio\/"},{"@type":"Person","@id":"https:\/\/newsinfoco.com.br\/inicio\/author\/administrador\/#author","url":"https:\/\/newsinfoco.com.br\/inicio\/author\/administrador\/","name":"administrador","image":{"@type":"ImageObject","@id":"https:\/\/newsinfoco.com.br\/inicio\/audiencia-publica-para-prestacao-de-contas-e-realizada-na-camara-de-alagoinhas\/#authorImage","url":"https:\/\/secure.gravatar.com\/avatar\/c17a617433de8c1dc9584bb79aab7563b46f5bb7e1728c9b17d9cc3ce6a08e49?s=96&d=mm&r=g","width":96,"height":96,"caption":"administrador"}},{"@type":"WebPage","@id":"https:\/\/newsinfoco.com.br\/inicio\/audiencia-publica-para-prestacao-de-contas-e-realizada-na-camara-de-alagoinhas\/#webpage","url":"https:\/\/newsinfoco.com.br\/inicio\/audiencia-publica-para-prestacao-de-contas-e-realizada-na-camara-de-alagoinhas\/","name":"Audi\u00eancia P\u00fablica para presta\u00e7\u00e3o de contas \u00e9 realizada na C\u00e2mara de Alagoinhas - News In Foco - Editado por Caio Pimenta","description":"Aconteceu na C\u00e2mara Municipal de Alagoinhas na tarde de ontem (28), em cumprimento \u00e0 Lei de Responsabilidade Fiscal, audi\u00eancia p\u00fablica para apresenta\u00e7\u00e3o do relat\u00f3rio de gest\u00e3o do 3\u00ba quadrimestre de 2022. As explana\u00e7\u00f5es foram realizadas respectivamente por representa\u00e7\u00f5es do poder executivo: La\u00edna Passos, secret\u00e1ria de Sa\u00fade, Gustavo Carmo, secret\u00e1rio de Educa\u00e7\u00e3o, Roseane Concei\u00e7\u00e3o, secret\u00e1ria da","inLanguage":"pt-BR","isPartOf":{"@id":"https:\/\/newsinfoco.com.br\/inicio\/#website"},"breadcrumb":{"@id":"https:\/\/newsinfoco.com.br\/inicio\/audiencia-publica-para-prestacao-de-contas-e-realizada-na-camara-de-alagoinhas\/#breadcrumblist"},"author":{"@id":"https:\/\/newsinfoco.com.br\/inicio\/author\/administrador\/#author"},"creator":{"@id":"https:\/\/newsinfoco.com.br\/inicio\/author\/administrador\/#author"},"image":{"@type":"ImageObject","url":"https:\/\/newsinfoco.com.br\/inicio\/wp-content\/uploads\/2023\/03\/IMG-20230301-WA0111.jpg","@id":"https:\/\/newsinfoco.com.br\/inicio\/audiencia-publica-para-prestacao-de-contas-e-realizada-na-camara-de-alagoinhas\/#mainImage","width":1407,"height":746},"primaryImageOfPage":{"@id":"https:\/\/newsinfoco.com.br\/inicio\/audiencia-publica-para-prestacao-de-contas-e-realizada-na-camara-de-alagoinhas\/#mainImage"},"datePublished":"2023-03-01T18:13:50-03:00","dateModified":"2023-03-01T18:13:50-03:00"},{"@type":"WebSite","@id":"https:\/\/newsinfoco.com.br\/inicio\/#website","url":"https:\/\/newsinfoco.com.br\/inicio\/","name":"News In Foco - Editado por Caio Pimenta","description":"O principal site de noticias de Alagoinhas e regi\u00e3o","inLanguage":"pt-BR","publisher":{"@id":"https:\/\/newsinfoco.com.br\/inicio\/#organization"}}]},"og:locale":"pt_BR","og:site_name":"News In Foco - Editado por Caio Pimenta - O principal site de noticias de Alagoinhas e regi\u00e3o","og:type":"article","og:title":"Audi\u00eancia P\u00fablica para presta\u00e7\u00e3o de contas \u00e9 realizada na C\u00e2mara de Alagoinhas - News In Foco - Editado por Caio Pimenta","og:description":"Aconteceu na C\u00e2mara Municipal de Alagoinhas na tarde de ontem (28), em cumprimento \u00e0 Lei de Responsabilidade Fiscal, audi\u00eancia p\u00fablica para apresenta\u00e7\u00e3o do relat\u00f3rio de gest\u00e3o do 3\u00ba quadrimestre de 2022. As explana\u00e7\u00f5es foram realizadas respectivamente por representa\u00e7\u00f5es do poder executivo: La\u00edna Passos, secret\u00e1ria de Sa\u00fade, Gustavo Carmo, secret\u00e1rio de Educa\u00e7\u00e3o, Roseane Concei\u00e7\u00e3o, secret\u00e1ria da","og:url":"https:\/\/newsinfoco.com.br\/inicio\/audiencia-publica-para-prestacao-de-contas-e-realizada-na-camara-de-alagoinhas\/","article:published_time":"2023-03-01T21:13:50+00:00","article:modified_time":"2023-03-01T21:13:50+00:00","twitter:card":"summary_large_image","twitter:title":"Audi\u00eancia P\u00fablica para presta\u00e7\u00e3o de contas \u00e9 realizada na C\u00e2mara de Alagoinhas - News In Foco - Editado por Caio Pimenta","twitter:description":"Aconteceu na C\u00e2mara Municipal de Alagoinhas na tarde de ontem (28), em cumprimento \u00e0 Lei de Responsabilidade Fiscal, audi\u00eancia p\u00fablica para apresenta\u00e7\u00e3o do relat\u00f3rio de gest\u00e3o do 3\u00ba quadrimestre de 2022. As explana\u00e7\u00f5es foram realizadas respectivamente por representa\u00e7\u00f5es do poder executivo: La\u00edna Passos, secret\u00e1ria de Sa\u00fade, Gustavo Carmo, secret\u00e1rio de Educa\u00e7\u00e3o, Roseane Concei\u00e7\u00e3o, secret\u00e1ria da"},"aioseo_meta_data":{"post_id":"33191","title":null,"description":null,"keywords":null,"keyphrases":null,"primary_term":null,"canonical_url":null,"og_title":null,"og_description":null,"og_object_type":"default","og_image_type":"default","og_image_url":null,"og_image_width":null,"og_image_height":null,"og_image_custom_url":null,"og_image_custom_fields":null,"og_video":null,"og_custom_url":null,"og_article_section":null,"og_article_tags":null,"twitter_use_og":false,"twitter_card":"default","twitter_image_type":"default","twitter_image_url":null,"twitter_image_custom_url":null,"twitter_image_custom_fields":null,"twitter_title":null,"twitter_description":null,"schema":{"blockGraphs":[],"customGraphs":[],"default":{"data":{"Article":[],"Course":[],"Dataset":[],"FAQPage":[],"Movie":[],"Person":[],"Product":[],"ProductReview":[],"Car":[],"Recipe":[],"Service":[],"SoftwareApplication":[],"WebPage":[]},"graphName":"","isEnabled":true},"graphs":[]},"schema_type":"default","schema_type_options":null,"pillar_content":false,"robots_default":true,"robots_noindex":false,"robots_noarchive":false,"robots_nosnippet":false,"robots_nofollow":false,"robots_noimageindex":false,"robots_noodp":false,"robots_notranslate":false,"robots_max_snippet":null,"robots_max_videopreview":null,"robots_max_imagepreview":"large","priority":null,"frequency":null,"local_seo":null,"breadcrumb_settings":null,"limit_modified_date":false,"ai":null,"created":"2023-06-12 22:58:49","updated":"2025-07-11 09:15:50","seo_analyzer_scan_date":null},"aioseo_breadcrumb":"<div class=\"aioseo-breadcrumbs\"><span class=\"aioseo-breadcrumb\">\n\t\t\t<a href=\"https:\/\/newsinfoco.com.br\/inicio\" title=\"In\u00edcio\">In\u00edcio<\/a>\n\t\t<\/span><span class=\"aioseo-breadcrumb-separator\">&raquo;<\/span><span class=\"aioseo-breadcrumb\">\n\t\t\t<a href=\"https:\/\/newsinfoco.com.br\/inicio\/category\/alagoinhas-e-regiao\/\" title=\"Alagoinhas e Regi\u00e3o\">Alagoinhas e Regi\u00e3o<\/a>\n\t\t<\/span><span class=\"aioseo-breadcrumb-separator\">&raquo;<\/span><span class=\"aioseo-breadcrumb\">\n\t\t\tAudi\u00eancia P\u00fablica para presta\u00e7\u00e3o de contas \u00e9 realizada na C\u00e2mara de Alagoinhas\n\t\t<\/span><\/div>","aioseo_breadcrumb_json":[{"label":"In\u00edcio","link":"https:\/\/newsinfoco.com.br\/inicio"},{"label":"Alagoinhas e Regi\u00e3o","link":"https:\/\/newsinfoco.com.br\/inicio\/category\/alagoinhas-e-regiao\/"},{"label":"Audi\u00eancia P\u00fablica para presta\u00e7\u00e3o de contas \u00e9 realizada na C\u00e2mara de Alagoinhas","link":"https:\/\/newsinfoco.com.br\/inicio\/audiencia-publica-para-prestacao-de-contas-e-realizada-na-camara-de-alagoinhas\/"}],"_links":{"self":[{"href":"https:\/\/newsinfoco.com.br\/inicio\/wp-json\/wp\/v2\/posts\/33191","targetHints":{"allow":["GET"]}}],"collection":[{"href":"https:\/\/newsinfoco.com.br\/inicio\/wp-json\/wp\/v2\/posts"}],"about":[{"href":"https:\/\/newsinfoco.com.br\/inicio\/wp-json\/wp\/v2\/types\/post"}],"author":[{"embeddable":true,"href":"https:\/\/newsinfoco.com.br\/inicio\/wp-json\/wp\/v2\/users\/1"}],"replies":[{"embeddable":true,"href":"https:\/\/newsinfoco.com.br\/inicio\/wp-json\/wp\/v2\/comments?post=33191"}],"version-history":[{"count":1,"href":"https:\/\/newsinfoco.com.br\/inicio\/wp-json\/wp\/v2\/posts\/33191\/revisions"}],"predecessor-version":[{"id":33193,"href":"https:\/\/newsinfoco.com.br\/inicio\/wp-json\/wp\/v2\/posts\/33191\/revisions\/33193"}],"wp:featuredmedia":[{"embeddable":true,"href":"https:\/\/newsinfoco.com.br\/inicio\/wp-json\/wp\/v2\/media\/33192"}],"wp:attachment":[{"href":"https:\/\/newsinfoco.com.br\/inicio\/wp-json\/wp\/v2\/media?parent=33191"}],"wp:term":[{"taxonomy":"category","embeddable":true,"href":"https:\/\/newsinfoco.com.br\/inicio\/wp-json\/wp\/v2\/categories?post=33191"},{"taxonomy":"post_tag","embeddable":true,"href":"https:\/\/newsinfoco.com.br\/inicio\/wp-json\/wp\/v2\/tags?post=33191"}],"curies":[{"name":"wp","href":"https:\/\/api.w.org\/{rel}","templated":true}]}}