{"id":33194,"date":"2023-03-01T18:16:02","date_gmt":"2023-03-01T21:16:02","guid":{"rendered":"https:\/\/newsinfoco.com.br\/inicio\/?p=33194"},"modified":"2023-03-01T18:16:02","modified_gmt":"2023-03-01T21:16:02","slug":"moradores-do-jambreiro-em-situacao-de-vulnerabilidade-social-recebem-cestas-basicas","status":"publish","type":"post","link":"https:\/\/newsinfoco.com.br\/inicio\/moradores-do-jambreiro-em-situacao-de-vulnerabilidade-social-recebem-cestas-basicas\/","title":{"rendered":"Moradores do Jambreiro em situa\u00e7\u00e3o de vulnerabilidade social recebem cestas b\u00e1sicas"},"content":{"rendered":"<p>Moradores do bairro do Jambreiro receberam 450 cestas b\u00e1sicas entregues pela Prefeitura, por meio da Secretaria de Assist\u00eancia Social (SEMAS). A entrega foi feita nesta ter\u00e7a-feira (28) a fam\u00edlias em situa\u00e7\u00e3o de vulnerabilidade social, cadastradas para o recebimento de Benef\u00edcios Eventuais no munic\u00edpio.<\/p>\n<p>O prefeito Joaquim Neto\u00a0compareceu\u00a0\u00e0 a\u00e7\u00e3o,\u00a0acompanhado da deputada estadual e primeira-dama Ludmilla Fiscina.\u00a0\u201cN\u00f3s estamos dando seguimento ao trabalho de apoio aos que mais necessitam. E isso inclui a preocupa\u00e7\u00e3o e o cuidado com a seguran\u00e7a alimentar. Hoje atendemos \u00e0 popula\u00e7\u00e3o do Jambreiro, mas vamos avan\u00e7ar e beneficiar as demais comunidades\u201d, informou o chefe do Executivo.<\/p>\n<p><a class=\"group1 cboxElement\" href=\"https:\/\/www.alagoinhas.ba.gov.br\/wp-content\/uploads\/2023\/02\/WhatsApp-Image-2023-02-28-at-10.28.18-1.jpeg\"><img loading=\"lazy\" decoding=\"async\" class=\"aligncenter size-large wp-image-63655\" src=\"https:\/\/www.alagoinhas.ba.gov.br\/wp-content\/uploads\/2023\/02\/WhatsApp-Image-2023-02-28-at-10.28.18-1-1024x682.jpeg\" sizes=\"auto, (max-width: 800px) 100vw, 800px\" srcset=\"https:\/\/www.alagoinhas.ba.gov.br\/wp-content\/uploads\/2023\/02\/WhatsApp-Image-2023-02-28-at-10.28.18-1-1024x682.jpeg 1024w, https:\/\/www.alagoinhas.ba.gov.br\/wp-content\/uploads\/2023\/02\/WhatsApp-Image-2023-02-28-at-10.28.18-1-300x200.jpeg 300w, https:\/\/www.alagoinhas.ba.gov.br\/wp-content\/uploads\/2023\/02\/WhatsApp-Image-2023-02-28-at-10.28.18-1-768x512.jpeg 768w, https:\/\/www.alagoinhas.ba.gov.br\/wp-content\/uploads\/2023\/02\/WhatsApp-Image-2023-02-28-at-10.28.18-1-105x70.jpeg 105w, https:\/\/www.alagoinhas.ba.gov.br\/wp-content\/uploads\/2023\/02\/WhatsApp-Image-2023-02-28-at-10.28.18-1.jpeg 1600w\" alt=\"\" width=\"800\" height=\"533\" \/><\/a><\/p>\n<p>Essa foi a primeira etapa da distribui\u00e7\u00e3o de cestas, possibilitada por recursos decorrentes de emenda parlamentar proposta pelo vereador M\u00e1rcio da Cavada, que esteve presente na entrega dos alimentos. Esta emenda destinou R$252 mil para esse fim.<\/p>\n<p>O secret\u00e1rio de Assist\u00eancia Social, Rui Costa Brito, explica que as a\u00e7\u00f5es resultantes de emendas parlamentares s\u00e3o direcionadas de acordo com o mapa socioassistencial. \u201cA comunidade do Jambreiro, que foi contemplada de imediato, \u00e9 uma das comunidades mais carentes no sentido de vulnerabilidade social. As a\u00e7\u00f5es de seguran\u00e7a alimentar continuar\u00e3o, pois temos um aporte de R$1,5 milh\u00e3o para distribui\u00e7\u00e3o de cestas b\u00e1sicas, resultante de emendas alocadas por outros vereadores\u201d, completa o secret\u00e1rio.<\/p>\n<p><a class=\"group1 cboxElement\" href=\"https:\/\/www.alagoinhas.ba.gov.br\/wp-content\/uploads\/2023\/02\/WhatsApp-Image-2023-02-28-at-10.41.54.jpeg\"><img loading=\"lazy\" decoding=\"async\" class=\"aligncenter size-large wp-image-63663\" src=\"https:\/\/www.alagoinhas.ba.gov.br\/wp-content\/uploads\/2023\/02\/WhatsApp-Image-2023-02-28-at-10.41.54-1024x768.jpeg\" sizes=\"auto, (max-width: 800px) 100vw, 800px\" srcset=\"https:\/\/www.alagoinhas.ba.gov.br\/wp-content\/uploads\/2023\/02\/WhatsApp-Image-2023-02-28-at-10.41.54-1024x768.jpeg 1024w, https:\/\/www.alagoinhas.ba.gov.br\/wp-content\/uploads\/2023\/02\/WhatsApp-Image-2023-02-28-at-10.41.54-300x225.jpeg 300w, https:\/\/www.alagoinhas.ba.gov.br\/wp-content\/uploads\/2023\/02\/WhatsApp-Image-2023-02-28-at-10.41.54-768x576.jpeg 768w, https:\/\/www.alagoinhas.ba.gov.br\/wp-content\/uploads\/2023\/02\/WhatsApp-Image-2023-02-28-at-10.41.54-93x70.jpeg 93w, https:\/\/www.alagoinhas.ba.gov.br\/wp-content\/uploads\/2023\/02\/WhatsApp-Image-2023-02-28-at-10.41.54.jpeg 1280w\" alt=\"\" width=\"800\" height=\"600\" \/><\/a><\/p>\n<p>Rui informa que a previs\u00e3o para o ano de 2023 \u00e9 de que no m\u00ednimo 30 comunidades sejam diretamente beneficiadas com iniciativas semelhantes a essa, al\u00e9m das a\u00e7\u00f5es de seguran\u00e7a alimentar j\u00e1 desenvolvidas pela pr\u00f3pria SEMAS.<\/p>\n<p>Uma das fam\u00edlias favorecidas foi a de Ana Cl\u00e1udia Santos, que est\u00e1 desempregada e tem dois filhos pequenos. Cadastrada na SEMAS, ela sempre conta com o aux\u00edlio de a\u00e7\u00f5es como essas: \u201cIsso nos ajuda muito, com certeza. \u00c9 um sufoco a menos no dia a dia.\u201d<\/p>\n<p>&nbsp;<\/p>\n<p>Fotos: Roberto Fonseca<\/p>\n<p><a class=\"group1 cboxElement\" href=\"https:\/\/www.alagoinhas.ba.gov.br\/wp-content\/uploads\/2023\/02\/WhatsApp-Image-2023-02-28-at-10.26.15-1.jpeg\"><img loading=\"lazy\" decoding=\"async\" class=\"aligncenter size-large wp-image-63662\" src=\"https:\/\/www.alagoinhas.ba.gov.br\/wp-content\/uploads\/2023\/02\/WhatsApp-Image-2023-02-28-at-10.26.15-1-1024x682.jpeg\" sizes=\"auto, (max-width: 800px) 100vw, 800px\" srcset=\"https:\/\/www.alagoinhas.ba.gov.br\/wp-content\/uploads\/2023\/02\/WhatsApp-Image-2023-02-28-at-10.26.15-1-1024x682.jpeg 1024w, https:\/\/www.alagoinhas.ba.gov.br\/wp-content\/uploads\/2023\/02\/WhatsApp-Image-2023-02-28-at-10.26.15-1-300x200.jpeg 300w, https:\/\/www.alagoinhas.ba.gov.br\/wp-content\/uploads\/2023\/02\/WhatsApp-Image-2023-02-28-at-10.26.15-1-768x512.jpeg 768w, https:\/\/www.alagoinhas.ba.gov.br\/wp-content\/uploads\/2023\/02\/WhatsApp-Image-2023-02-28-at-10.26.15-1-105x70.jpeg 105w, https:\/\/www.alagoinhas.ba.gov.br\/wp-content\/uploads\/2023\/02\/WhatsApp-Image-2023-02-28-at-10.26.15-1.jpeg 1600w\" alt=\"\" width=\"800\" height=\"533\" \/><\/a><\/p>\n<p>&nbsp;<\/p>\n<p><a class=\"group1 cboxElement\" href=\"https:\/\/www.alagoinhas.ba.gov.br\/wp-content\/uploads\/2023\/02\/WhatsApp-Image-2023-02-28-at-10.26.32.jpeg\"><img loading=\"lazy\" decoding=\"async\" class=\"aligncenter size-large wp-image-63666\" src=\"https:\/\/www.alagoinhas.ba.gov.br\/wp-content\/uploads\/2023\/02\/WhatsApp-Image-2023-02-28-at-10.26.32-1024x682.jpeg\" sizes=\"auto, (max-width: 800px) 100vw, 800px\" srcset=\"https:\/\/www.alagoinhas.ba.gov.br\/wp-content\/uploads\/2023\/02\/WhatsApp-Image-2023-02-28-at-10.26.32-1024x682.jpeg 1024w, https:\/\/www.alagoinhas.ba.gov.br\/wp-content\/uploads\/2023\/02\/WhatsApp-Image-2023-02-28-at-10.26.32-300x200.jpeg 300w, https:\/\/www.alagoinhas.ba.gov.br\/wp-content\/uploads\/2023\/02\/WhatsApp-Image-2023-02-28-at-10.26.32-768x512.jpeg 768w, https:\/\/www.alagoinhas.ba.gov.br\/wp-content\/uploads\/2023\/02\/WhatsApp-Image-2023-02-28-at-10.26.32-105x70.jpeg 105w, https:\/\/www.alagoinhas.ba.gov.br\/wp-content\/uploads\/2023\/02\/WhatsApp-Image-2023-02-28-at-10.26.32.jpeg 1600w\" alt=\"\" width=\"800\" height=\"533\" \/><\/a><\/p>\n<p>&nbsp;<\/p>\n<p><a class=\"group1 cboxElement\" href=\"https:\/\/www.alagoinhas.ba.gov.br\/wp-content\/uploads\/2023\/02\/WhatsApp-Image-2023-02-28-at-10.28.17-1.jpeg\"><img loading=\"lazy\" decoding=\"async\" class=\"aligncenter size-large wp-image-63660\" src=\"https:\/\/www.alagoinhas.ba.gov.br\/wp-content\/uploads\/2023\/02\/WhatsApp-Image-2023-02-28-at-10.28.17-1-1024x682.jpeg\" sizes=\"auto, (max-width: 800px) 100vw, 800px\" srcset=\"https:\/\/www.alagoinhas.ba.gov.br\/wp-content\/uploads\/2023\/02\/WhatsApp-Image-2023-02-28-at-10.28.17-1-1024x682.jpeg 1024w, https:\/\/www.alagoinhas.ba.gov.br\/wp-content\/uploads\/2023\/02\/WhatsApp-Image-2023-02-28-at-10.28.17-1-300x200.jpeg 300w, https:\/\/www.alagoinhas.ba.gov.br\/wp-content\/uploads\/2023\/02\/WhatsApp-Image-2023-02-28-at-10.28.17-1-768x512.jpeg 768w, https:\/\/www.alagoinhas.ba.gov.br\/wp-content\/uploads\/2023\/02\/WhatsApp-Image-2023-02-28-at-10.28.17-1-105x70.jpeg 105w, https:\/\/www.alagoinhas.ba.gov.br\/wp-content\/uploads\/2023\/02\/WhatsApp-Image-2023-02-28-at-10.28.17-1.jpeg 1600w\" alt=\"\" width=\"800\" height=\"533\" \/><\/a><\/p>\n<p><img loading=\"lazy\" decoding=\"async\" class=\"aligncenter size-large wp-image-63665\" src=\"https:\/\/www.alagoinhas.ba.gov.br\/wp-content\/uploads\/2023\/02\/WhatsApp-Image-2023-02-28-at-10.42.31-1024x809.jpeg\" sizes=\"auto, (max-width: 800px) 100vw, 800px\" srcset=\"https:\/\/www.alagoinhas.ba.gov.br\/wp-content\/uploads\/2023\/02\/WhatsApp-Image-2023-02-28-at-10.42.31-1024x809.jpeg 1024w, https:\/\/www.alagoinhas.ba.gov.br\/wp-content\/uploads\/2023\/02\/WhatsApp-Image-2023-02-28-at-10.42.31-300x237.jpeg 300w, https:\/\/www.alagoinhas.ba.gov.br\/wp-content\/uploads\/2023\/02\/WhatsApp-Image-2023-02-28-at-10.42.31-768x607.jpeg 768w, https:\/\/www.alagoinhas.ba.gov.br\/wp-content\/uploads\/2023\/02\/WhatsApp-Image-2023-02-28-at-10.42.31-89x70.jpeg 89w, https:\/\/www.alagoinhas.ba.gov.br\/wp-content\/uploads\/2023\/02\/WhatsApp-Image-2023-02-28-at-10.42.31.jpeg 1280w\" alt=\"\" width=\"800\" height=\"632\" \/><\/p>\n<p><a class=\"group1 cboxElement\" href=\"https:\/\/www.alagoinhas.ba.gov.br\/wp-content\/uploads\/2023\/02\/WhatsApp-Image-2023-02-28-at-10.28.19.jpeg\"><img loading=\"lazy\" decoding=\"async\" class=\"aligncenter size-large wp-image-63656\" src=\"https:\/\/www.alagoinhas.ba.gov.br\/wp-content\/uploads\/2023\/02\/WhatsApp-Image-2023-02-28-at-10.28.19-1024x682.jpeg\" sizes=\"auto, (max-width: 800px) 100vw, 800px\" srcset=\"https:\/\/www.alagoinhas.ba.gov.br\/wp-content\/uploads\/2023\/02\/WhatsApp-Image-2023-02-28-at-10.28.19-1024x682.jpeg 1024w, https:\/\/www.alagoinhas.ba.gov.br\/wp-content\/uploads\/2023\/02\/WhatsApp-Image-2023-02-28-at-10.28.19-300x200.jpeg 300w, https:\/\/www.alagoinhas.ba.gov.br\/wp-content\/uploads\/2023\/02\/WhatsApp-Image-2023-02-28-at-10.28.19-768x512.jpeg 768w, https:\/\/www.alagoinhas.ba.gov.br\/wp-content\/uploads\/2023\/02\/WhatsApp-Image-2023-02-28-at-10.28.19-105x70.jpeg 105w, https:\/\/www.alagoinhas.ba.gov.br\/wp-content\/uploads\/2023\/02\/WhatsApp-Image-2023-02-28-at-10.28.19.jpeg 1600w\" alt=\"\" width=\"800\" height=\"533\" \/><\/a><\/p>\n<p>&nbsp;<\/p>\n<p>&nbsp;<\/p>\n<p>&nbsp;<\/p>\n<div align=\"right\"><\/div>\n<div class='share-to-whatsapp-wrapper'><div class='share-on-whsp'>Share on: <\/div><a data-text='Moradores do Jambreiro em situa\u00e7\u00e3o de vulnerabilidade social recebem cestas b\u00e1sicas' data-link='https:\/\/newsinfoco.com.br\/inicio\/moradores-do-jambreiro-em-situacao-de-vulnerabilidade-social-recebem-cestas-basicas\/' class='whatsapp-button whatsapp-share'>WhatsApp<\/a><div class='clear '><\/div><\/div>","protected":false},"excerpt":{"rendered":"<p>Moradores do bairro do Jambreiro receberam 450 cestas b\u00e1sicas entregues pela Prefeitura, por meio da Secretaria de Assist\u00eancia Social (SEMAS). A entrega foi feita nesta ter\u00e7a-feira (28) a fam\u00edlias em situa\u00e7\u00e3o de vulnerabilidade social, cadastradas para o recebimento de Benef\u00edcios Eventuais no munic\u00edpio. O prefeito Joaquim Neto\u00a0compareceu\u00a0\u00e0 a\u00e7\u00e3o,\u00a0acompanhado da deputada estadual e primeira-dama Ludmilla Fiscina.\u00a0\u201cN\u00f3s [&hellip;]<\/p>\n","protected":false},"author":1,"featured_media":33195,"comment_status":"closed","ping_status":"closed","sticky":false,"template":"","format":"standard","meta":{"om_disable_all_campaigns":false,"rop_custom_images_group":[],"rop_custom_messages_group":[],"rop_publish_now":"initial","rop_publish_now_accounts":[],"rop_publish_now_history":[],"rop_publish_now_status":"pending","_exactmetrics_skip_tracking":false,"footnotes":""},"categories":[38,167],"tags":[],"class_list":["post-33194","post","type-post","status-publish","format-standard","has-post-thumbnail","hentry","category-alagoinhas-e-regiao","category-exclusivas"],"aioseo_notices":[],"aioseo_head":"\n\t\t<!-- All in One SEO 4.9.10 - aioseo.com -->\n\t<meta name=\"description\" content=\"Moradores do bairro do Jambreiro receberam 450 cestas b\u00e1sicas entregues pela Prefeitura, por meio da Secretaria de Assist\u00eancia Social (SEMAS). A entrega foi feita nesta ter\u00e7a-feira (28) a fam\u00edlias em situa\u00e7\u00e3o de vulnerabilidade social, cadastradas para o recebimento de Benef\u00edcios Eventuais no munic\u00edpio. O prefeito Joaquim Neto compareceu \u00e0 a\u00e7\u00e3o, acompanhado da deputada estadual e primeira-dama Ludmilla Fiscina. \u201cN\u00f3s\" \/>\n\t<meta name=\"robots\" content=\"max-image-preview:large\" \/>\n\t<meta name=\"author\" content=\"administrador\"\/>\n\t<link rel=\"canonical\" href=\"https:\/\/newsinfoco.com.br\/inicio\/moradores-do-jambreiro-em-situacao-de-vulnerabilidade-social-recebem-cestas-basicas\/\" \/>\n\t<meta name=\"generator\" content=\"All in One SEO (AIOSEO) 4.9.10\" \/>\n\t\t<meta property=\"og:locale\" content=\"pt_BR\" \/>\n\t\t<meta property=\"og:site_name\" content=\"News In Foco - Editado por Caio Pimenta - O principal site de noticias de Alagoinhas e regi\u00e3o\" \/>\n\t\t<meta property=\"og:type\" content=\"article\" \/>\n\t\t<meta property=\"og:title\" content=\"Moradores do Jambreiro em situa\u00e7\u00e3o de vulnerabilidade social recebem cestas b\u00e1sicas - News In Foco - Editado por Caio Pimenta\" \/>\n\t\t<meta property=\"og:description\" content=\"Moradores do bairro do Jambreiro receberam 450 cestas b\u00e1sicas entregues pela Prefeitura, por meio da Secretaria de Assist\u00eancia Social (SEMAS). A entrega foi feita nesta ter\u00e7a-feira (28) a fam\u00edlias em situa\u00e7\u00e3o de vulnerabilidade social, cadastradas para o recebimento de Benef\u00edcios Eventuais no munic\u00edpio. O prefeito Joaquim Neto compareceu \u00e0 a\u00e7\u00e3o, acompanhado da deputada estadual e primeira-dama Ludmilla Fiscina. \u201cN\u00f3s\" \/>\n\t\t<meta property=\"og:url\" content=\"https:\/\/newsinfoco.com.br\/inicio\/moradores-do-jambreiro-em-situacao-de-vulnerabilidade-social-recebem-cestas-basicas\/\" \/>\n\t\t<meta property=\"article:published_time\" content=\"2023-03-01T21:16:02+00:00\" \/>\n\t\t<meta property=\"article:modified_time\" content=\"2023-03-01T21:16:02+00:00\" \/>\n\t\t<meta name=\"twitter:card\" content=\"summary_large_image\" \/>\n\t\t<meta name=\"twitter:title\" content=\"Moradores do Jambreiro em situa\u00e7\u00e3o de vulnerabilidade social recebem cestas b\u00e1sicas - News In Foco - Editado por Caio Pimenta\" \/>\n\t\t<meta name=\"twitter:description\" content=\"Moradores do bairro do Jambreiro receberam 450 cestas b\u00e1sicas entregues pela Prefeitura, por meio da Secretaria de Assist\u00eancia Social (SEMAS). A entrega foi feita nesta ter\u00e7a-feira (28) a fam\u00edlias em situa\u00e7\u00e3o de vulnerabilidade social, cadastradas para o recebimento de Benef\u00edcios Eventuais no munic\u00edpio. O prefeito Joaquim Neto compareceu \u00e0 a\u00e7\u00e3o, acompanhado da deputada estadual e primeira-dama Ludmilla Fiscina. \u201cN\u00f3s\" \/>\n\t\t<script type=\"application\/ld+json\" class=\"aioseo-schema\">\n\t\t\t{\"@context\":\"https:\\\/\\\/schema.org\",\"@graph\":[{\"@type\":\"BlogPosting\",\"@id\":\"https:\\\/\\\/newsinfoco.com.br\\\/inicio\\\/moradores-do-jambreiro-em-situacao-de-vulnerabilidade-social-recebem-cestas-basicas\\\/#blogposting\",\"name\":\"Moradores do Jambreiro em situa\\u00e7\\u00e3o de vulnerabilidade social recebem cestas b\\u00e1sicas - News In Foco - Editado por Caio Pimenta\",\"headline\":\"Moradores do Jambreiro em situa\\u00e7\\u00e3o de vulnerabilidade social recebem cestas b\\u00e1sicas\",\"author\":{\"@id\":\"https:\\\/\\\/newsinfoco.com.br\\\/inicio\\\/author\\\/administrador\\\/#author\"},\"publisher\":{\"@id\":\"https:\\\/\\\/newsinfoco.com.br\\\/inicio\\\/#organization\"},\"image\":{\"@type\":\"ImageObject\",\"url\":\"https:\\\/\\\/newsinfoco.com.br\\\/inicio\\\/wp-content\\\/uploads\\\/2023\\\/03\\\/WhatsApp-Image-2023-02-28-at-10.26.33-550x368-1.jpeg\",\"width\":550,\"height\":368},\"datePublished\":\"2023-03-01T18:16:02-03:00\",\"dateModified\":\"2023-03-01T18:16:02-03:00\",\"inLanguage\":\"pt-BR\",\"mainEntityOfPage\":{\"@id\":\"https:\\\/\\\/newsinfoco.com.br\\\/inicio\\\/moradores-do-jambreiro-em-situacao-de-vulnerabilidade-social-recebem-cestas-basicas\\\/#webpage\"},\"isPartOf\":{\"@id\":\"https:\\\/\\\/newsinfoco.com.br\\\/inicio\\\/moradores-do-jambreiro-em-situacao-de-vulnerabilidade-social-recebem-cestas-basicas\\\/#webpage\"},\"articleSection\":\"Alagoinhas e Regi\\u00e3o, Manchete\"},{\"@type\":\"BreadcrumbList\",\"@id\":\"https:\\\/\\\/newsinfoco.com.br\\\/inicio\\\/moradores-do-jambreiro-em-situacao-de-vulnerabilidade-social-recebem-cestas-basicas\\\/#breadcrumblist\",\"itemListElement\":[{\"@type\":\"ListItem\",\"@id\":\"https:\\\/\\\/newsinfoco.com.br\\\/inicio#listItem\",\"position\":1,\"name\":\"In\\u00edcio\",\"item\":\"https:\\\/\\\/newsinfoco.com.br\\\/inicio\",\"nextItem\":{\"@type\":\"ListItem\",\"@id\":\"https:\\\/\\\/newsinfoco.com.br\\\/inicio\\\/category\\\/alagoinhas-e-regiao\\\/#listItem\",\"name\":\"Alagoinhas e Regi\\u00e3o\"}},{\"@type\":\"ListItem\",\"@id\":\"https:\\\/\\\/newsinfoco.com.br\\\/inicio\\\/category\\\/alagoinhas-e-regiao\\\/#listItem\",\"position\":2,\"name\":\"Alagoinhas e Regi\\u00e3o\",\"item\":\"https:\\\/\\\/newsinfoco.com.br\\\/inicio\\\/category\\\/alagoinhas-e-regiao\\\/\",\"nextItem\":{\"@type\":\"ListItem\",\"@id\":\"https:\\\/\\\/newsinfoco.com.br\\\/inicio\\\/moradores-do-jambreiro-em-situacao-de-vulnerabilidade-social-recebem-cestas-basicas\\\/#listItem\",\"name\":\"Moradores do Jambreiro em situa\\u00e7\\u00e3o de vulnerabilidade social recebem cestas b\\u00e1sicas\"},\"previousItem\":{\"@type\":\"ListItem\",\"@id\":\"https:\\\/\\\/newsinfoco.com.br\\\/inicio#listItem\",\"name\":\"In\\u00edcio\"}},{\"@type\":\"ListItem\",\"@id\":\"https:\\\/\\\/newsinfoco.com.br\\\/inicio\\\/moradores-do-jambreiro-em-situacao-de-vulnerabilidade-social-recebem-cestas-basicas\\\/#listItem\",\"position\":3,\"name\":\"Moradores do Jambreiro em situa\\u00e7\\u00e3o de vulnerabilidade social recebem cestas b\\u00e1sicas\",\"previousItem\":{\"@type\":\"ListItem\",\"@id\":\"https:\\\/\\\/newsinfoco.com.br\\\/inicio\\\/category\\\/alagoinhas-e-regiao\\\/#listItem\",\"name\":\"Alagoinhas e Regi\\u00e3o\"}}]},{\"@type\":\"Organization\",\"@id\":\"https:\\\/\\\/newsinfoco.com.br\\\/inicio\\\/#organization\",\"name\":\"News In Foco - Editado por Caio Pimenta\",\"description\":\"O principal site de noticias de Alagoinhas e regi\\u00e3o\",\"url\":\"https:\\\/\\\/newsinfoco.com.br\\\/inicio\\\/\"},{\"@type\":\"Person\",\"@id\":\"https:\\\/\\\/newsinfoco.com.br\\\/inicio\\\/author\\\/administrador\\\/#author\",\"url\":\"https:\\\/\\\/newsinfoco.com.br\\\/inicio\\\/author\\\/administrador\\\/\",\"name\":\"administrador\",\"image\":{\"@type\":\"ImageObject\",\"@id\":\"https:\\\/\\\/newsinfoco.com.br\\\/inicio\\\/moradores-do-jambreiro-em-situacao-de-vulnerabilidade-social-recebem-cestas-basicas\\\/#authorImage\",\"url\":\"https:\\\/\\\/secure.gravatar.com\\\/avatar\\\/c17a617433de8c1dc9584bb79aab7563b46f5bb7e1728c9b17d9cc3ce6a08e49?s=96&d=mm&r=g\",\"width\":96,\"height\":96,\"caption\":\"administrador\"}},{\"@type\":\"WebPage\",\"@id\":\"https:\\\/\\\/newsinfoco.com.br\\\/inicio\\\/moradores-do-jambreiro-em-situacao-de-vulnerabilidade-social-recebem-cestas-basicas\\\/#webpage\",\"url\":\"https:\\\/\\\/newsinfoco.com.br\\\/inicio\\\/moradores-do-jambreiro-em-situacao-de-vulnerabilidade-social-recebem-cestas-basicas\\\/\",\"name\":\"Moradores do Jambreiro em situa\\u00e7\\u00e3o de vulnerabilidade social recebem cestas b\\u00e1sicas - News In Foco - Editado por Caio Pimenta\",\"description\":\"Moradores do bairro do Jambreiro receberam 450 cestas b\\u00e1sicas entregues pela Prefeitura, por meio da Secretaria de Assist\\u00eancia Social (SEMAS). A entrega foi feita nesta ter\\u00e7a-feira (28) a fam\\u00edlias em situa\\u00e7\\u00e3o de vulnerabilidade social, cadastradas para o recebimento de Benef\\u00edcios Eventuais no munic\\u00edpio. O prefeito Joaquim Neto compareceu \\u00e0 a\\u00e7\\u00e3o, acompanhado da deputada estadual e primeira-dama Ludmilla Fiscina. \\u201cN\\u00f3s\",\"inLanguage\":\"pt-BR\",\"isPartOf\":{\"@id\":\"https:\\\/\\\/newsinfoco.com.br\\\/inicio\\\/#website\"},\"breadcrumb\":{\"@id\":\"https:\\\/\\\/newsinfoco.com.br\\\/inicio\\\/moradores-do-jambreiro-em-situacao-de-vulnerabilidade-social-recebem-cestas-basicas\\\/#breadcrumblist\"},\"author\":{\"@id\":\"https:\\\/\\\/newsinfoco.com.br\\\/inicio\\\/author\\\/administrador\\\/#author\"},\"creator\":{\"@id\":\"https:\\\/\\\/newsinfoco.com.br\\\/inicio\\\/author\\\/administrador\\\/#author\"},\"image\":{\"@type\":\"ImageObject\",\"url\":\"https:\\\/\\\/newsinfoco.com.br\\\/inicio\\\/wp-content\\\/uploads\\\/2023\\\/03\\\/WhatsApp-Image-2023-02-28-at-10.26.33-550x368-1.jpeg\",\"@id\":\"https:\\\/\\\/newsinfoco.com.br\\\/inicio\\\/moradores-do-jambreiro-em-situacao-de-vulnerabilidade-social-recebem-cestas-basicas\\\/#mainImage\",\"width\":550,\"height\":368},\"primaryImageOfPage\":{\"@id\":\"https:\\\/\\\/newsinfoco.com.br\\\/inicio\\\/moradores-do-jambreiro-em-situacao-de-vulnerabilidade-social-recebem-cestas-basicas\\\/#mainImage\"},\"datePublished\":\"2023-03-01T18:16:02-03:00\",\"dateModified\":\"2023-03-01T18:16:02-03:00\"},{\"@type\":\"WebSite\",\"@id\":\"https:\\\/\\\/newsinfoco.com.br\\\/inicio\\\/#website\",\"url\":\"https:\\\/\\\/newsinfoco.com.br\\\/inicio\\\/\",\"name\":\"News In Foco - Editado por Caio Pimenta\",\"description\":\"O principal site de noticias de Alagoinhas e regi\\u00e3o\",\"inLanguage\":\"pt-BR\",\"publisher\":{\"@id\":\"https:\\\/\\\/newsinfoco.com.br\\\/inicio\\\/#organization\"}}]}\n\t\t<\/script>\n\t\t<!-- All in One SEO -->\n\n","aioseo_head_json":{"title":"Moradores do Jambreiro em situa\u00e7\u00e3o de vulnerabilidade social recebem cestas b\u00e1sicas - News In Foco - Editado por Caio Pimenta","description":"Moradores do bairro do Jambreiro receberam 450 cestas b\u00e1sicas entregues pela Prefeitura, por meio da Secretaria de Assist\u00eancia Social (SEMAS). A entrega foi feita nesta ter\u00e7a-feira (28) a fam\u00edlias em situa\u00e7\u00e3o de vulnerabilidade social, cadastradas para o recebimento de Benef\u00edcios Eventuais no munic\u00edpio. O prefeito Joaquim Neto compareceu \u00e0 a\u00e7\u00e3o, acompanhado da deputada estadual e primeira-dama Ludmilla Fiscina. \u201cN\u00f3s","canonical_url":"https:\/\/newsinfoco.com.br\/inicio\/moradores-do-jambreiro-em-situacao-de-vulnerabilidade-social-recebem-cestas-basicas\/","robots":"max-image-preview:large","keywords":"","webmasterTools":{"miscellaneous":""},"schema":{"@context":"https:\/\/schema.org","@graph":[{"@type":"BlogPosting","@id":"https:\/\/newsinfoco.com.br\/inicio\/moradores-do-jambreiro-em-situacao-de-vulnerabilidade-social-recebem-cestas-basicas\/#blogposting","name":"Moradores do Jambreiro em situa\u00e7\u00e3o de vulnerabilidade social recebem cestas b\u00e1sicas - News In Foco - Editado por Caio Pimenta","headline":"Moradores do Jambreiro em situa\u00e7\u00e3o de vulnerabilidade social recebem cestas b\u00e1sicas","author":{"@id":"https:\/\/newsinfoco.com.br\/inicio\/author\/administrador\/#author"},"publisher":{"@id":"https:\/\/newsinfoco.com.br\/inicio\/#organization"},"image":{"@type":"ImageObject","url":"https:\/\/newsinfoco.com.br\/inicio\/wp-content\/uploads\/2023\/03\/WhatsApp-Image-2023-02-28-at-10.26.33-550x368-1.jpeg","width":550,"height":368},"datePublished":"2023-03-01T18:16:02-03:00","dateModified":"2023-03-01T18:16:02-03:00","inLanguage":"pt-BR","mainEntityOfPage":{"@id":"https:\/\/newsinfoco.com.br\/inicio\/moradores-do-jambreiro-em-situacao-de-vulnerabilidade-social-recebem-cestas-basicas\/#webpage"},"isPartOf":{"@id":"https:\/\/newsinfoco.com.br\/inicio\/moradores-do-jambreiro-em-situacao-de-vulnerabilidade-social-recebem-cestas-basicas\/#webpage"},"articleSection":"Alagoinhas e Regi\u00e3o, Manchete"},{"@type":"BreadcrumbList","@id":"https:\/\/newsinfoco.com.br\/inicio\/moradores-do-jambreiro-em-situacao-de-vulnerabilidade-social-recebem-cestas-basicas\/#breadcrumblist","itemListElement":[{"@type":"ListItem","@id":"https:\/\/newsinfoco.com.br\/inicio#listItem","position":1,"name":"In\u00edcio","item":"https:\/\/newsinfoco.com.br\/inicio","nextItem":{"@type":"ListItem","@id":"https:\/\/newsinfoco.com.br\/inicio\/category\/alagoinhas-e-regiao\/#listItem","name":"Alagoinhas e Regi\u00e3o"}},{"@type":"ListItem","@id":"https:\/\/newsinfoco.com.br\/inicio\/category\/alagoinhas-e-regiao\/#listItem","position":2,"name":"Alagoinhas e Regi\u00e3o","item":"https:\/\/newsinfoco.com.br\/inicio\/category\/alagoinhas-e-regiao\/","nextItem":{"@type":"ListItem","@id":"https:\/\/newsinfoco.com.br\/inicio\/moradores-do-jambreiro-em-situacao-de-vulnerabilidade-social-recebem-cestas-basicas\/#listItem","name":"Moradores do Jambreiro em situa\u00e7\u00e3o de vulnerabilidade social recebem cestas b\u00e1sicas"},"previousItem":{"@type":"ListItem","@id":"https:\/\/newsinfoco.com.br\/inicio#listItem","name":"In\u00edcio"}},{"@type":"ListItem","@id":"https:\/\/newsinfoco.com.br\/inicio\/moradores-do-jambreiro-em-situacao-de-vulnerabilidade-social-recebem-cestas-basicas\/#listItem","position":3,"name":"Moradores do Jambreiro em situa\u00e7\u00e3o de vulnerabilidade social recebem cestas b\u00e1sicas","previousItem":{"@type":"ListItem","@id":"https:\/\/newsinfoco.com.br\/inicio\/category\/alagoinhas-e-regiao\/#listItem","name":"Alagoinhas e Regi\u00e3o"}}]},{"@type":"Organization","@id":"https:\/\/newsinfoco.com.br\/inicio\/#organization","name":"News In Foco - Editado por Caio Pimenta","description":"O principal site de noticias de Alagoinhas e regi\u00e3o","url":"https:\/\/newsinfoco.com.br\/inicio\/"},{"@type":"Person","@id":"https:\/\/newsinfoco.com.br\/inicio\/author\/administrador\/#author","url":"https:\/\/newsinfoco.com.br\/inicio\/author\/administrador\/","name":"administrador","image":{"@type":"ImageObject","@id":"https:\/\/newsinfoco.com.br\/inicio\/moradores-do-jambreiro-em-situacao-de-vulnerabilidade-social-recebem-cestas-basicas\/#authorImage","url":"https:\/\/secure.gravatar.com\/avatar\/c17a617433de8c1dc9584bb79aab7563b46f5bb7e1728c9b17d9cc3ce6a08e49?s=96&d=mm&r=g","width":96,"height":96,"caption":"administrador"}},{"@type":"WebPage","@id":"https:\/\/newsinfoco.com.br\/inicio\/moradores-do-jambreiro-em-situacao-de-vulnerabilidade-social-recebem-cestas-basicas\/#webpage","url":"https:\/\/newsinfoco.com.br\/inicio\/moradores-do-jambreiro-em-situacao-de-vulnerabilidade-social-recebem-cestas-basicas\/","name":"Moradores do Jambreiro em situa\u00e7\u00e3o de vulnerabilidade social recebem cestas b\u00e1sicas - News In Foco - Editado por Caio Pimenta","description":"Moradores do bairro do Jambreiro receberam 450 cestas b\u00e1sicas entregues pela Prefeitura, por meio da Secretaria de Assist\u00eancia Social (SEMAS). A entrega foi feita nesta ter\u00e7a-feira (28) a fam\u00edlias em situa\u00e7\u00e3o de vulnerabilidade social, cadastradas para o recebimento de Benef\u00edcios Eventuais no munic\u00edpio. O prefeito Joaquim Neto compareceu \u00e0 a\u00e7\u00e3o, acompanhado da deputada estadual e primeira-dama Ludmilla Fiscina. \u201cN\u00f3s","inLanguage":"pt-BR","isPartOf":{"@id":"https:\/\/newsinfoco.com.br\/inicio\/#website"},"breadcrumb":{"@id":"https:\/\/newsinfoco.com.br\/inicio\/moradores-do-jambreiro-em-situacao-de-vulnerabilidade-social-recebem-cestas-basicas\/#breadcrumblist"},"author":{"@id":"https:\/\/newsinfoco.com.br\/inicio\/author\/administrador\/#author"},"creator":{"@id":"https:\/\/newsinfoco.com.br\/inicio\/author\/administrador\/#author"},"image":{"@type":"ImageObject","url":"https:\/\/newsinfoco.com.br\/inicio\/wp-content\/uploads\/2023\/03\/WhatsApp-Image-2023-02-28-at-10.26.33-550x368-1.jpeg","@id":"https:\/\/newsinfoco.com.br\/inicio\/moradores-do-jambreiro-em-situacao-de-vulnerabilidade-social-recebem-cestas-basicas\/#mainImage","width":550,"height":368},"primaryImageOfPage":{"@id":"https:\/\/newsinfoco.com.br\/inicio\/moradores-do-jambreiro-em-situacao-de-vulnerabilidade-social-recebem-cestas-basicas\/#mainImage"},"datePublished":"2023-03-01T18:16:02-03:00","dateModified":"2023-03-01T18:16:02-03:00"},{"@type":"WebSite","@id":"https:\/\/newsinfoco.com.br\/inicio\/#website","url":"https:\/\/newsinfoco.com.br\/inicio\/","name":"News In Foco - Editado por Caio Pimenta","description":"O principal site de noticias de Alagoinhas e regi\u00e3o","inLanguage":"pt-BR","publisher":{"@id":"https:\/\/newsinfoco.com.br\/inicio\/#organization"}}]},"og:locale":"pt_BR","og:site_name":"News In Foco - Editado por Caio Pimenta - O principal site de noticias de Alagoinhas e regi\u00e3o","og:type":"article","og:title":"Moradores do Jambreiro em situa\u00e7\u00e3o de vulnerabilidade social recebem cestas b\u00e1sicas - News In Foco - Editado por Caio Pimenta","og:description":"Moradores do bairro do Jambreiro receberam 450 cestas b\u00e1sicas entregues pela Prefeitura, por meio da Secretaria de Assist\u00eancia Social (SEMAS). A entrega foi feita nesta ter\u00e7a-feira (28) a fam\u00edlias em situa\u00e7\u00e3o de vulnerabilidade social, cadastradas para o recebimento de Benef\u00edcios Eventuais no munic\u00edpio. O prefeito Joaquim Neto compareceu \u00e0 a\u00e7\u00e3o, acompanhado da deputada estadual e primeira-dama Ludmilla Fiscina. \u201cN\u00f3s","og:url":"https:\/\/newsinfoco.com.br\/inicio\/moradores-do-jambreiro-em-situacao-de-vulnerabilidade-social-recebem-cestas-basicas\/","article:published_time":"2023-03-01T21:16:02+00:00","article:modified_time":"2023-03-01T21:16:02+00:00","twitter:card":"summary_large_image","twitter:title":"Moradores do Jambreiro em situa\u00e7\u00e3o de vulnerabilidade social recebem cestas b\u00e1sicas - News In Foco - Editado por Caio Pimenta","twitter:description":"Moradores do bairro do Jambreiro receberam 450 cestas b\u00e1sicas entregues pela Prefeitura, por meio da Secretaria de Assist\u00eancia Social (SEMAS). A entrega foi feita nesta ter\u00e7a-feira (28) a fam\u00edlias em situa\u00e7\u00e3o de vulnerabilidade social, cadastradas para o recebimento de Benef\u00edcios Eventuais no munic\u00edpio. O prefeito Joaquim Neto compareceu \u00e0 a\u00e7\u00e3o, acompanhado da deputada estadual e primeira-dama Ludmilla Fiscina. \u201cN\u00f3s"},"aioseo_meta_data":{"post_id":"33194","title":null,"description":null,"keywords":null,"keyphrases":null,"primary_term":null,"canonical_url":null,"og_title":null,"og_description":null,"og_object_type":"default","og_image_type":"default","og_image_url":null,"og_image_width":null,"og_image_height":null,"og_image_custom_url":null,"og_image_custom_fields":null,"og_video":null,"og_custom_url":null,"og_article_section":null,"og_article_tags":null,"twitter_use_og":false,"twitter_card":"default","twitter_image_type":"default","twitter_image_url":null,"twitter_image_custom_url":null,"twitter_image_custom_fields":null,"twitter_title":null,"twitter_description":null,"schema":{"blockGraphs":[],"customGraphs":[],"default":{"data":{"Article":[],"Course":[],"Dataset":[],"FAQPage":[],"Movie":[],"Person":[],"Product":[],"ProductReview":[],"Car":[],"Recipe":[],"Service":[],"SoftwareApplication":[],"WebPage":[]},"graphName":"","isEnabled":true},"graphs":[]},"schema_type":"default","schema_type_options":null,"pillar_content":false,"robots_default":true,"robots_noindex":false,"robots_noarchive":false,"robots_nosnippet":false,"robots_nofollow":false,"robots_noimageindex":false,"robots_noodp":false,"robots_notranslate":false,"robots_max_snippet":null,"robots_max_videopreview":null,"robots_max_imagepreview":"large","priority":null,"frequency":null,"local_seo":null,"breadcrumb_settings":null,"limit_modified_date":false,"ai":null,"created":"2023-06-12 22:58:49","updated":"2025-07-11 09:15:50","seo_analyzer_scan_date":null},"aioseo_breadcrumb":"<div class=\"aioseo-breadcrumbs\"><span class=\"aioseo-breadcrumb\">\n\t\t\t<a href=\"https:\/\/newsinfoco.com.br\/inicio\" title=\"In\u00edcio\">In\u00edcio<\/a>\n\t\t<\/span><span class=\"aioseo-breadcrumb-separator\">&raquo;<\/span><span class=\"aioseo-breadcrumb\">\n\t\t\t<a href=\"https:\/\/newsinfoco.com.br\/inicio\/category\/alagoinhas-e-regiao\/\" title=\"Alagoinhas e Regi\u00e3o\">Alagoinhas e Regi\u00e3o<\/a>\n\t\t<\/span><span class=\"aioseo-breadcrumb-separator\">&raquo;<\/span><span class=\"aioseo-breadcrumb\">\n\t\t\tMoradores do Jambreiro em situa\u00e7\u00e3o de vulnerabilidade social recebem cestas b\u00e1sicas\n\t\t<\/span><\/div>","aioseo_breadcrumb_json":[{"label":"In\u00edcio","link":"https:\/\/newsinfoco.com.br\/inicio"},{"label":"Alagoinhas e Regi\u00e3o","link":"https:\/\/newsinfoco.com.br\/inicio\/category\/alagoinhas-e-regiao\/"},{"label":"Moradores do Jambreiro em situa\u00e7\u00e3o de vulnerabilidade social recebem cestas b\u00e1sicas","link":"https:\/\/newsinfoco.com.br\/inicio\/moradores-do-jambreiro-em-situacao-de-vulnerabilidade-social-recebem-cestas-basicas\/"}],"_links":{"self":[{"href":"https:\/\/newsinfoco.com.br\/inicio\/wp-json\/wp\/v2\/posts\/33194","targetHints":{"allow":["GET"]}}],"collection":[{"href":"https:\/\/newsinfoco.com.br\/inicio\/wp-json\/wp\/v2\/posts"}],"about":[{"href":"https:\/\/newsinfoco.com.br\/inicio\/wp-json\/wp\/v2\/types\/post"}],"author":[{"embeddable":true,"href":"https:\/\/newsinfoco.com.br\/inicio\/wp-json\/wp\/v2\/users\/1"}],"replies":[{"embeddable":true,"href":"https:\/\/newsinfoco.com.br\/inicio\/wp-json\/wp\/v2\/comments?post=33194"}],"version-history":[{"count":1,"href":"https:\/\/newsinfoco.com.br\/inicio\/wp-json\/wp\/v2\/posts\/33194\/revisions"}],"predecessor-version":[{"id":33196,"href":"https:\/\/newsinfoco.com.br\/inicio\/wp-json\/wp\/v2\/posts\/33194\/revisions\/33196"}],"wp:featuredmedia":[{"embeddable":true,"href":"https:\/\/newsinfoco.com.br\/inicio\/wp-json\/wp\/v2\/media\/33195"}],"wp:attachment":[{"href":"https:\/\/newsinfoco.com.br\/inicio\/wp-json\/wp\/v2\/media?parent=33194"}],"wp:term":[{"taxonomy":"category","embeddable":true,"href":"https:\/\/newsinfoco.com.br\/inicio\/wp-json\/wp\/v2\/categories?post=33194"},{"taxonomy":"post_tag","embeddable":true,"href":"https:\/\/newsinfoco.com.br\/inicio\/wp-json\/wp\/v2\/tags?post=33194"}],"curies":[{"name":"wp","href":"https:\/\/api.w.org\/{rel}","templated":true}]}}