{"id":33197,"date":"2023-03-01T18:22:19","date_gmt":"2023-03-01T21:22:19","guid":{"rendered":"https:\/\/newsinfoco.com.br\/inicio\/?p=33197"},"modified":"2023-03-01T18:22:19","modified_gmt":"2023-03-01T21:22:19","slug":"vereadores-da-camara-de-alagoinhas-comemoram-reajuste-na-bolsa-auxilio-de-estagiarios","status":"publish","type":"post","link":"https:\/\/newsinfoco.com.br\/inicio\/vereadores-da-camara-de-alagoinhas-comemoram-reajuste-na-bolsa-auxilio-de-estagiarios\/","title":{"rendered":"Vereadores da C\u00e2mara de Alagoinhas comemoram reajuste na bolsa aux\u00edlio de estagi\u00e1rios"},"content":{"rendered":"<p dir=\"auto\">Aconteceu na manh\u00e3 desta quarta-feira (01) no Hotel Absolar em Alagoinhas a assinatura, pelo prefeito Joaquim Neto, do decreto n\u00ba 5.935\/2023 que instituiu novos valores da bolsa aux\u00edlio, paga mensalmente aos estudantes admitidos no Programa de Est\u00e1gio da Prefeitura. O aumento foi de R$ 100 em rela\u00e7\u00e3o ao valor praticado anteriormente, dessa forma os estagi\u00e1rios oriundos de estabelecimento de ensino m\u00e9dio por exemplo passam a receber o valor de R$ 350. Os universit\u00e1rios passar\u00e3o a receber R$\u00a0 550.<\/p>\n<p dir=\"auto\">Participaram da solenidade representa\u00e7\u00f5es do poder executivo, entre elas o prefeito Joaquim Neto e a secret\u00e1ria de Cultura, Esporte e Turismo, Iraci Gama. Representando a C\u00e2mara Municipal de Alagoinhas: presidente Cleto da Banana e os vereadores Edy da Sa\u00fade, Anselmo Bal, M\u00e1rcio da Cavada e Jorge da Farinha. Este \u00faltimo foi autor da indica\u00e7\u00e3o n\u00ba 008\/2023, lida na Casa Legislativa, solicitando ao prefeito que estudasse a possibilidade de autorizar o reajuste dos sal\u00e1rios dos estudantes.<\/p>\n<p dir=\"auto\">O vereador Jorge da Farinha destacou: \u201cHoje eu vi aqui centenas de estudantes que j\u00e1 vinham h\u00e1 muitos anos sem ter um aumento na bolsa. Vi tamb\u00e9m secret\u00e1rios do munic\u00edpio que j\u00e1 foram estagi\u00e1rios a exemplo de Rose, da Fazenda. No exerc\u00edcio do mandato como vereador n\u00e3o poderia deixar de apoiar essa classe. Esse incentivo \u00e9 muito importante para que desenvolvam melhor o seu trabalho\u201d.<\/p>\n<p dir=\"auto\">O presidente Cleto discorreu sobre a import\u00e2ncia do reajuste e falou aos estudantes sobre dedica\u00e7\u00e3o e oportunidade desejando boa sorte a todos: \u201cNo momento em que sucumbe aquele per\u00edodo dos 2 anos e que n\u00e3o pode mais ser renovado o est\u00e1gio para a perman\u00eancia de repente surge uma oportunidade e ela ser\u00e1 dada aqueles que mais se dedicam, aqueles que mais se aprimoram naquilo que fazem. \u201d<\/p>\n<p dir=\"auto\">\u201cQuero parabenizar o vereador Jorge da Farinha. Minha fala demonstra que n\u00f3s colegas vereadores n\u00e3o temos essa quest\u00e3o de disc\u00f3rdia de um optar por algo e outro n\u00e3o concordar, a gente vive em uni\u00e3o e ficamos felizes de ver o colega vereador Jorge encampar essa luta e dar certo\u201d, ressaltou o vereador Edy da Sa\u00fade.<\/p>\n<p dir=\"auto\">O reajuste ter\u00e1 impacto de 1 milh\u00e3o de reais no or\u00e7amento anual, aprovado ap\u00f3s an\u00e1lise das secretarias de Planejamento, Administra\u00e7\u00e3o e Fazenda. O evento contou com a palestra da Master Coach Trainer Raquel de Santana que falou sobre a import\u00e2ncia do est\u00e1gio na forma\u00e7\u00e3o profissional.<\/p>\n<p dir=\"auto\">Ascom &#8211; C\u00e2mara Municipal de Alagoinhas<\/p>\n<p dir=\"auto\">Fotos &#8211; Roberto Fonseca. Secom (PMA)<\/p>\n<div class='share-to-whatsapp-wrapper'><div class='share-on-whsp'>Share on: <\/div><a data-text='Vereadores da C\u00e2mara de Alagoinhas comemoram reajuste na bolsa aux\u00edlio de estagi\u00e1rios' data-link='https:\/\/newsinfoco.com.br\/inicio\/vereadores-da-camara-de-alagoinhas-comemoram-reajuste-na-bolsa-auxilio-de-estagiarios\/' class='whatsapp-button whatsapp-share'>WhatsApp<\/a><div class='clear '><\/div><\/div>","protected":false},"excerpt":{"rendered":"<p>Aconteceu na manh\u00e3 desta quarta-feira (01) no Hotel Absolar em Alagoinhas a assinatura, pelo prefeito Joaquim Neto, do decreto n\u00ba 5.935\/2023 que instituiu novos valores da bolsa aux\u00edlio, paga mensalmente aos estudantes admitidos no Programa de Est\u00e1gio da Prefeitura. O aumento foi de R$ 100 em rela\u00e7\u00e3o ao valor praticado anteriormente, dessa forma os estagi\u00e1rios [&hellip;]<\/p>\n","protected":false},"author":1,"featured_media":33198,"comment_status":"closed","ping_status":"closed","sticky":false,"template":"","format":"standard","meta":{"om_disable_all_campaigns":false,"rop_custom_images_group":[],"rop_custom_messages_group":[],"rop_publish_now":"initial","rop_publish_now_accounts":[],"rop_publish_now_history":[],"rop_publish_now_status":"pending","_exactmetrics_skip_tracking":false,"footnotes":""},"categories":[38,167],"tags":[],"class_list":["post-33197","post","type-post","status-publish","format-standard","has-post-thumbnail","hentry","category-alagoinhas-e-regiao","category-exclusivas"],"aioseo_notices":[],"aioseo_head":"\n\t\t<!-- All in One SEO 4.9.10 - aioseo.com -->\n\t<meta name=\"description\" content=\"Aconteceu na manh\u00e3 desta quarta-feira (01) no Hotel Absolar em Alagoinhas a assinatura, pelo prefeito Joaquim Neto, do decreto n\u00ba 5.935\/2023 que instituiu novos valores da bolsa aux\u00edlio, paga mensalmente aos estudantes admitidos no Programa de Est\u00e1gio da Prefeitura. O aumento foi de R$ 100 em rela\u00e7\u00e3o ao valor praticado anteriormente, dessa forma os estagi\u00e1rios\" \/>\n\t<meta name=\"robots\" content=\"max-image-preview:large\" \/>\n\t<meta name=\"author\" content=\"administrador\"\/>\n\t<link rel=\"canonical\" href=\"https:\/\/newsinfoco.com.br\/inicio\/vereadores-da-camara-de-alagoinhas-comemoram-reajuste-na-bolsa-auxilio-de-estagiarios\/\" \/>\n\t<meta name=\"generator\" content=\"All in One SEO (AIOSEO) 4.9.10\" \/>\n\t\t<meta property=\"og:locale\" content=\"pt_BR\" \/>\n\t\t<meta property=\"og:site_name\" content=\"News In Foco - Editado por Caio Pimenta - O principal site de noticias de Alagoinhas e regi\u00e3o\" \/>\n\t\t<meta property=\"og:type\" content=\"article\" \/>\n\t\t<meta property=\"og:title\" content=\"Vereadores da C\u00e2mara de Alagoinhas comemoram reajuste na bolsa aux\u00edlio de estagi\u00e1rios - News In Foco - Editado por Caio Pimenta\" \/>\n\t\t<meta property=\"og:description\" content=\"Aconteceu na manh\u00e3 desta quarta-feira (01) no Hotel Absolar em Alagoinhas a assinatura, pelo prefeito Joaquim Neto, do decreto n\u00ba 5.935\/2023 que instituiu novos valores da bolsa aux\u00edlio, paga mensalmente aos estudantes admitidos no Programa de Est\u00e1gio da Prefeitura. O aumento foi de R$ 100 em rela\u00e7\u00e3o ao valor praticado anteriormente, dessa forma os estagi\u00e1rios\" \/>\n\t\t<meta property=\"og:url\" content=\"https:\/\/newsinfoco.com.br\/inicio\/vereadores-da-camara-de-alagoinhas-comemoram-reajuste-na-bolsa-auxilio-de-estagiarios\/\" \/>\n\t\t<meta property=\"article:published_time\" content=\"2023-03-01T21:22:19+00:00\" \/>\n\t\t<meta property=\"article:modified_time\" content=\"2023-03-01T21:22:19+00:00\" \/>\n\t\t<meta name=\"twitter:card\" content=\"summary_large_image\" \/>\n\t\t<meta name=\"twitter:title\" content=\"Vereadores da C\u00e2mara de Alagoinhas comemoram reajuste na bolsa aux\u00edlio de estagi\u00e1rios - News In Foco - Editado por Caio Pimenta\" \/>\n\t\t<meta name=\"twitter:description\" content=\"Aconteceu na manh\u00e3 desta quarta-feira (01) no Hotel Absolar em Alagoinhas a assinatura, pelo prefeito Joaquim Neto, do decreto n\u00ba 5.935\/2023 que instituiu novos valores da bolsa aux\u00edlio, paga mensalmente aos estudantes admitidos no Programa de Est\u00e1gio da Prefeitura. O aumento foi de R$ 100 em rela\u00e7\u00e3o ao valor praticado anteriormente, dessa forma os estagi\u00e1rios\" \/>\n\t\t<script type=\"application\/ld+json\" class=\"aioseo-schema\">\n\t\t\t{\"@context\":\"https:\\\/\\\/schema.org\",\"@graph\":[{\"@type\":\"BlogPosting\",\"@id\":\"https:\\\/\\\/newsinfoco.com.br\\\/inicio\\\/vereadores-da-camara-de-alagoinhas-comemoram-reajuste-na-bolsa-auxilio-de-estagiarios\\\/#blogposting\",\"name\":\"Vereadores da C\\u00e2mara de Alagoinhas comemoram reajuste na bolsa aux\\u00edlio de estagi\\u00e1rios - News In Foco - Editado por Caio Pimenta\",\"headline\":\"Vereadores da C\\u00e2mara de Alagoinhas comemoram reajuste na bolsa aux\\u00edlio de estagi\\u00e1rios\",\"author\":{\"@id\":\"https:\\\/\\\/newsinfoco.com.br\\\/inicio\\\/author\\\/administrador\\\/#author\"},\"publisher\":{\"@id\":\"https:\\\/\\\/newsinfoco.com.br\\\/inicio\\\/#organization\"},\"image\":{\"@type\":\"ImageObject\",\"url\":\"https:\\\/\\\/newsinfoco.com.br\\\/inicio\\\/wp-content\\\/uploads\\\/2023\\\/03\\\/IMG-20230301-WA0122.jpg\",\"width\":1600,\"height\":1066},\"datePublished\":\"2023-03-01T18:22:19-03:00\",\"dateModified\":\"2023-03-01T18:22:19-03:00\",\"inLanguage\":\"pt-BR\",\"mainEntityOfPage\":{\"@id\":\"https:\\\/\\\/newsinfoco.com.br\\\/inicio\\\/vereadores-da-camara-de-alagoinhas-comemoram-reajuste-na-bolsa-auxilio-de-estagiarios\\\/#webpage\"},\"isPartOf\":{\"@id\":\"https:\\\/\\\/newsinfoco.com.br\\\/inicio\\\/vereadores-da-camara-de-alagoinhas-comemoram-reajuste-na-bolsa-auxilio-de-estagiarios\\\/#webpage\"},\"articleSection\":\"Alagoinhas e Regi\\u00e3o, Manchete\"},{\"@type\":\"BreadcrumbList\",\"@id\":\"https:\\\/\\\/newsinfoco.com.br\\\/inicio\\\/vereadores-da-camara-de-alagoinhas-comemoram-reajuste-na-bolsa-auxilio-de-estagiarios\\\/#breadcrumblist\",\"itemListElement\":[{\"@type\":\"ListItem\",\"@id\":\"https:\\\/\\\/newsinfoco.com.br\\\/inicio#listItem\",\"position\":1,\"name\":\"In\\u00edcio\",\"item\":\"https:\\\/\\\/newsinfoco.com.br\\\/inicio\",\"nextItem\":{\"@type\":\"ListItem\",\"@id\":\"https:\\\/\\\/newsinfoco.com.br\\\/inicio\\\/category\\\/alagoinhas-e-regiao\\\/#listItem\",\"name\":\"Alagoinhas e Regi\\u00e3o\"}},{\"@type\":\"ListItem\",\"@id\":\"https:\\\/\\\/newsinfoco.com.br\\\/inicio\\\/category\\\/alagoinhas-e-regiao\\\/#listItem\",\"position\":2,\"name\":\"Alagoinhas e Regi\\u00e3o\",\"item\":\"https:\\\/\\\/newsinfoco.com.br\\\/inicio\\\/category\\\/alagoinhas-e-regiao\\\/\",\"nextItem\":{\"@type\":\"ListItem\",\"@id\":\"https:\\\/\\\/newsinfoco.com.br\\\/inicio\\\/vereadores-da-camara-de-alagoinhas-comemoram-reajuste-na-bolsa-auxilio-de-estagiarios\\\/#listItem\",\"name\":\"Vereadores da C\\u00e2mara de Alagoinhas comemoram reajuste na bolsa aux\\u00edlio de estagi\\u00e1rios\"},\"previousItem\":{\"@type\":\"ListItem\",\"@id\":\"https:\\\/\\\/newsinfoco.com.br\\\/inicio#listItem\",\"name\":\"In\\u00edcio\"}},{\"@type\":\"ListItem\",\"@id\":\"https:\\\/\\\/newsinfoco.com.br\\\/inicio\\\/vereadores-da-camara-de-alagoinhas-comemoram-reajuste-na-bolsa-auxilio-de-estagiarios\\\/#listItem\",\"position\":3,\"name\":\"Vereadores da C\\u00e2mara de Alagoinhas comemoram reajuste na bolsa aux\\u00edlio de estagi\\u00e1rios\",\"previousItem\":{\"@type\":\"ListItem\",\"@id\":\"https:\\\/\\\/newsinfoco.com.br\\\/inicio\\\/category\\\/alagoinhas-e-regiao\\\/#listItem\",\"name\":\"Alagoinhas e Regi\\u00e3o\"}}]},{\"@type\":\"Organization\",\"@id\":\"https:\\\/\\\/newsinfoco.com.br\\\/inicio\\\/#organization\",\"name\":\"News In Foco - Editado por Caio Pimenta\",\"description\":\"O principal site de noticias de Alagoinhas e regi\\u00e3o\",\"url\":\"https:\\\/\\\/newsinfoco.com.br\\\/inicio\\\/\"},{\"@type\":\"Person\",\"@id\":\"https:\\\/\\\/newsinfoco.com.br\\\/inicio\\\/author\\\/administrador\\\/#author\",\"url\":\"https:\\\/\\\/newsinfoco.com.br\\\/inicio\\\/author\\\/administrador\\\/\",\"name\":\"administrador\",\"image\":{\"@type\":\"ImageObject\",\"@id\":\"https:\\\/\\\/newsinfoco.com.br\\\/inicio\\\/vereadores-da-camara-de-alagoinhas-comemoram-reajuste-na-bolsa-auxilio-de-estagiarios\\\/#authorImage\",\"url\":\"https:\\\/\\\/secure.gravatar.com\\\/avatar\\\/c17a617433de8c1dc9584bb79aab7563b46f5bb7e1728c9b17d9cc3ce6a08e49?s=96&d=mm&r=g\",\"width\":96,\"height\":96,\"caption\":\"administrador\"}},{\"@type\":\"WebPage\",\"@id\":\"https:\\\/\\\/newsinfoco.com.br\\\/inicio\\\/vereadores-da-camara-de-alagoinhas-comemoram-reajuste-na-bolsa-auxilio-de-estagiarios\\\/#webpage\",\"url\":\"https:\\\/\\\/newsinfoco.com.br\\\/inicio\\\/vereadores-da-camara-de-alagoinhas-comemoram-reajuste-na-bolsa-auxilio-de-estagiarios\\\/\",\"name\":\"Vereadores da C\\u00e2mara de Alagoinhas comemoram reajuste na bolsa aux\\u00edlio de estagi\\u00e1rios - News In Foco - Editado por Caio Pimenta\",\"description\":\"Aconteceu na manh\\u00e3 desta quarta-feira (01) no Hotel Absolar em Alagoinhas a assinatura, pelo prefeito Joaquim Neto, do decreto n\\u00ba 5.935\\\/2023 que instituiu novos valores da bolsa aux\\u00edlio, paga mensalmente aos estudantes admitidos no Programa de Est\\u00e1gio da Prefeitura. O aumento foi de R$ 100 em rela\\u00e7\\u00e3o ao valor praticado anteriormente, dessa forma os estagi\\u00e1rios\",\"inLanguage\":\"pt-BR\",\"isPartOf\":{\"@id\":\"https:\\\/\\\/newsinfoco.com.br\\\/inicio\\\/#website\"},\"breadcrumb\":{\"@id\":\"https:\\\/\\\/newsinfoco.com.br\\\/inicio\\\/vereadores-da-camara-de-alagoinhas-comemoram-reajuste-na-bolsa-auxilio-de-estagiarios\\\/#breadcrumblist\"},\"author\":{\"@id\":\"https:\\\/\\\/newsinfoco.com.br\\\/inicio\\\/author\\\/administrador\\\/#author\"},\"creator\":{\"@id\":\"https:\\\/\\\/newsinfoco.com.br\\\/inicio\\\/author\\\/administrador\\\/#author\"},\"image\":{\"@type\":\"ImageObject\",\"url\":\"https:\\\/\\\/newsinfoco.com.br\\\/inicio\\\/wp-content\\\/uploads\\\/2023\\\/03\\\/IMG-20230301-WA0122.jpg\",\"@id\":\"https:\\\/\\\/newsinfoco.com.br\\\/inicio\\\/vereadores-da-camara-de-alagoinhas-comemoram-reajuste-na-bolsa-auxilio-de-estagiarios\\\/#mainImage\",\"width\":1600,\"height\":1066},\"primaryImageOfPage\":{\"@id\":\"https:\\\/\\\/newsinfoco.com.br\\\/inicio\\\/vereadores-da-camara-de-alagoinhas-comemoram-reajuste-na-bolsa-auxilio-de-estagiarios\\\/#mainImage\"},\"datePublished\":\"2023-03-01T18:22:19-03:00\",\"dateModified\":\"2023-03-01T18:22:19-03:00\"},{\"@type\":\"WebSite\",\"@id\":\"https:\\\/\\\/newsinfoco.com.br\\\/inicio\\\/#website\",\"url\":\"https:\\\/\\\/newsinfoco.com.br\\\/inicio\\\/\",\"name\":\"News In Foco - Editado por Caio Pimenta\",\"description\":\"O principal site de noticias de Alagoinhas e regi\\u00e3o\",\"inLanguage\":\"pt-BR\",\"publisher\":{\"@id\":\"https:\\\/\\\/newsinfoco.com.br\\\/inicio\\\/#organization\"}}]}\n\t\t<\/script>\n\t\t<!-- All in One SEO -->\n\n","aioseo_head_json":{"title":"Vereadores da C\u00e2mara de Alagoinhas comemoram reajuste na bolsa aux\u00edlio de estagi\u00e1rios - News In Foco - Editado por Caio Pimenta","description":"Aconteceu na manh\u00e3 desta quarta-feira (01) no Hotel Absolar em Alagoinhas a assinatura, pelo prefeito Joaquim Neto, do decreto n\u00ba 5.935\/2023 que instituiu novos valores da bolsa aux\u00edlio, paga mensalmente aos estudantes admitidos no Programa de Est\u00e1gio da Prefeitura. O aumento foi de R$ 100 em rela\u00e7\u00e3o ao valor praticado anteriormente, dessa forma os estagi\u00e1rios","canonical_url":"https:\/\/newsinfoco.com.br\/inicio\/vereadores-da-camara-de-alagoinhas-comemoram-reajuste-na-bolsa-auxilio-de-estagiarios\/","robots":"max-image-preview:large","keywords":"","webmasterTools":{"miscellaneous":""},"schema":{"@context":"https:\/\/schema.org","@graph":[{"@type":"BlogPosting","@id":"https:\/\/newsinfoco.com.br\/inicio\/vereadores-da-camara-de-alagoinhas-comemoram-reajuste-na-bolsa-auxilio-de-estagiarios\/#blogposting","name":"Vereadores da C\u00e2mara de Alagoinhas comemoram reajuste na bolsa aux\u00edlio de estagi\u00e1rios - News In Foco - Editado por Caio Pimenta","headline":"Vereadores da C\u00e2mara de Alagoinhas comemoram reajuste na bolsa aux\u00edlio de estagi\u00e1rios","author":{"@id":"https:\/\/newsinfoco.com.br\/inicio\/author\/administrador\/#author"},"publisher":{"@id":"https:\/\/newsinfoco.com.br\/inicio\/#organization"},"image":{"@type":"ImageObject","url":"https:\/\/newsinfoco.com.br\/inicio\/wp-content\/uploads\/2023\/03\/IMG-20230301-WA0122.jpg","width":1600,"height":1066},"datePublished":"2023-03-01T18:22:19-03:00","dateModified":"2023-03-01T18:22:19-03:00","inLanguage":"pt-BR","mainEntityOfPage":{"@id":"https:\/\/newsinfoco.com.br\/inicio\/vereadores-da-camara-de-alagoinhas-comemoram-reajuste-na-bolsa-auxilio-de-estagiarios\/#webpage"},"isPartOf":{"@id":"https:\/\/newsinfoco.com.br\/inicio\/vereadores-da-camara-de-alagoinhas-comemoram-reajuste-na-bolsa-auxilio-de-estagiarios\/#webpage"},"articleSection":"Alagoinhas e Regi\u00e3o, Manchete"},{"@type":"BreadcrumbList","@id":"https:\/\/newsinfoco.com.br\/inicio\/vereadores-da-camara-de-alagoinhas-comemoram-reajuste-na-bolsa-auxilio-de-estagiarios\/#breadcrumblist","itemListElement":[{"@type":"ListItem","@id":"https:\/\/newsinfoco.com.br\/inicio#listItem","position":1,"name":"In\u00edcio","item":"https:\/\/newsinfoco.com.br\/inicio","nextItem":{"@type":"ListItem","@id":"https:\/\/newsinfoco.com.br\/inicio\/category\/alagoinhas-e-regiao\/#listItem","name":"Alagoinhas e Regi\u00e3o"}},{"@type":"ListItem","@id":"https:\/\/newsinfoco.com.br\/inicio\/category\/alagoinhas-e-regiao\/#listItem","position":2,"name":"Alagoinhas e Regi\u00e3o","item":"https:\/\/newsinfoco.com.br\/inicio\/category\/alagoinhas-e-regiao\/","nextItem":{"@type":"ListItem","@id":"https:\/\/newsinfoco.com.br\/inicio\/vereadores-da-camara-de-alagoinhas-comemoram-reajuste-na-bolsa-auxilio-de-estagiarios\/#listItem","name":"Vereadores da C\u00e2mara de Alagoinhas comemoram reajuste na bolsa aux\u00edlio de estagi\u00e1rios"},"previousItem":{"@type":"ListItem","@id":"https:\/\/newsinfoco.com.br\/inicio#listItem","name":"In\u00edcio"}},{"@type":"ListItem","@id":"https:\/\/newsinfoco.com.br\/inicio\/vereadores-da-camara-de-alagoinhas-comemoram-reajuste-na-bolsa-auxilio-de-estagiarios\/#listItem","position":3,"name":"Vereadores da C\u00e2mara de Alagoinhas comemoram reajuste na bolsa aux\u00edlio de estagi\u00e1rios","previousItem":{"@type":"ListItem","@id":"https:\/\/newsinfoco.com.br\/inicio\/category\/alagoinhas-e-regiao\/#listItem","name":"Alagoinhas e Regi\u00e3o"}}]},{"@type":"Organization","@id":"https:\/\/newsinfoco.com.br\/inicio\/#organization","name":"News In Foco - Editado por Caio Pimenta","description":"O principal site de noticias de Alagoinhas e regi\u00e3o","url":"https:\/\/newsinfoco.com.br\/inicio\/"},{"@type":"Person","@id":"https:\/\/newsinfoco.com.br\/inicio\/author\/administrador\/#author","url":"https:\/\/newsinfoco.com.br\/inicio\/author\/administrador\/","name":"administrador","image":{"@type":"ImageObject","@id":"https:\/\/newsinfoco.com.br\/inicio\/vereadores-da-camara-de-alagoinhas-comemoram-reajuste-na-bolsa-auxilio-de-estagiarios\/#authorImage","url":"https:\/\/secure.gravatar.com\/avatar\/c17a617433de8c1dc9584bb79aab7563b46f5bb7e1728c9b17d9cc3ce6a08e49?s=96&d=mm&r=g","width":96,"height":96,"caption":"administrador"}},{"@type":"WebPage","@id":"https:\/\/newsinfoco.com.br\/inicio\/vereadores-da-camara-de-alagoinhas-comemoram-reajuste-na-bolsa-auxilio-de-estagiarios\/#webpage","url":"https:\/\/newsinfoco.com.br\/inicio\/vereadores-da-camara-de-alagoinhas-comemoram-reajuste-na-bolsa-auxilio-de-estagiarios\/","name":"Vereadores da C\u00e2mara de Alagoinhas comemoram reajuste na bolsa aux\u00edlio de estagi\u00e1rios - News In Foco - Editado por Caio Pimenta","description":"Aconteceu na manh\u00e3 desta quarta-feira (01) no Hotel Absolar em Alagoinhas a assinatura, pelo prefeito Joaquim Neto, do decreto n\u00ba 5.935\/2023 que instituiu novos valores da bolsa aux\u00edlio, paga mensalmente aos estudantes admitidos no Programa de Est\u00e1gio da Prefeitura. O aumento foi de R$ 100 em rela\u00e7\u00e3o ao valor praticado anteriormente, dessa forma os estagi\u00e1rios","inLanguage":"pt-BR","isPartOf":{"@id":"https:\/\/newsinfoco.com.br\/inicio\/#website"},"breadcrumb":{"@id":"https:\/\/newsinfoco.com.br\/inicio\/vereadores-da-camara-de-alagoinhas-comemoram-reajuste-na-bolsa-auxilio-de-estagiarios\/#breadcrumblist"},"author":{"@id":"https:\/\/newsinfoco.com.br\/inicio\/author\/administrador\/#author"},"creator":{"@id":"https:\/\/newsinfoco.com.br\/inicio\/author\/administrador\/#author"},"image":{"@type":"ImageObject","url":"https:\/\/newsinfoco.com.br\/inicio\/wp-content\/uploads\/2023\/03\/IMG-20230301-WA0122.jpg","@id":"https:\/\/newsinfoco.com.br\/inicio\/vereadores-da-camara-de-alagoinhas-comemoram-reajuste-na-bolsa-auxilio-de-estagiarios\/#mainImage","width":1600,"height":1066},"primaryImageOfPage":{"@id":"https:\/\/newsinfoco.com.br\/inicio\/vereadores-da-camara-de-alagoinhas-comemoram-reajuste-na-bolsa-auxilio-de-estagiarios\/#mainImage"},"datePublished":"2023-03-01T18:22:19-03:00","dateModified":"2023-03-01T18:22:19-03:00"},{"@type":"WebSite","@id":"https:\/\/newsinfoco.com.br\/inicio\/#website","url":"https:\/\/newsinfoco.com.br\/inicio\/","name":"News In Foco - Editado por Caio Pimenta","description":"O principal site de noticias de Alagoinhas e regi\u00e3o","inLanguage":"pt-BR","publisher":{"@id":"https:\/\/newsinfoco.com.br\/inicio\/#organization"}}]},"og:locale":"pt_BR","og:site_name":"News In Foco - Editado por Caio Pimenta - O principal site de noticias de Alagoinhas e regi\u00e3o","og:type":"article","og:title":"Vereadores da C\u00e2mara de Alagoinhas comemoram reajuste na bolsa aux\u00edlio de estagi\u00e1rios - News In Foco - Editado por Caio Pimenta","og:description":"Aconteceu na manh\u00e3 desta quarta-feira (01) no Hotel Absolar em Alagoinhas a assinatura, pelo prefeito Joaquim Neto, do decreto n\u00ba 5.935\/2023 que instituiu novos valores da bolsa aux\u00edlio, paga mensalmente aos estudantes admitidos no Programa de Est\u00e1gio da Prefeitura. O aumento foi de R$ 100 em rela\u00e7\u00e3o ao valor praticado anteriormente, dessa forma os estagi\u00e1rios","og:url":"https:\/\/newsinfoco.com.br\/inicio\/vereadores-da-camara-de-alagoinhas-comemoram-reajuste-na-bolsa-auxilio-de-estagiarios\/","article:published_time":"2023-03-01T21:22:19+00:00","article:modified_time":"2023-03-01T21:22:19+00:00","twitter:card":"summary_large_image","twitter:title":"Vereadores da C\u00e2mara de Alagoinhas comemoram reajuste na bolsa aux\u00edlio de estagi\u00e1rios - News In Foco - Editado por Caio Pimenta","twitter:description":"Aconteceu na manh\u00e3 desta quarta-feira (01) no Hotel Absolar em Alagoinhas a assinatura, pelo prefeito Joaquim Neto, do decreto n\u00ba 5.935\/2023 que instituiu novos valores da bolsa aux\u00edlio, paga mensalmente aos estudantes admitidos no Programa de Est\u00e1gio da Prefeitura. O aumento foi de R$ 100 em rela\u00e7\u00e3o ao valor praticado anteriormente, dessa forma os estagi\u00e1rios"},"aioseo_meta_data":{"post_id":"33197","title":null,"description":null,"keywords":null,"keyphrases":null,"primary_term":null,"canonical_url":null,"og_title":null,"og_description":null,"og_object_type":"default","og_image_type":"default","og_image_url":null,"og_image_width":null,"og_image_height":null,"og_image_custom_url":null,"og_image_custom_fields":null,"og_video":null,"og_custom_url":null,"og_article_section":null,"og_article_tags":null,"twitter_use_og":false,"twitter_card":"default","twitter_image_type":"default","twitter_image_url":null,"twitter_image_custom_url":null,"twitter_image_custom_fields":null,"twitter_title":null,"twitter_description":null,"schema":{"blockGraphs":[],"customGraphs":[],"default":{"data":{"Article":[],"Course":[],"Dataset":[],"FAQPage":[],"Movie":[],"Person":[],"Product":[],"ProductReview":[],"Car":[],"Recipe":[],"Service":[],"SoftwareApplication":[],"WebPage":[]},"graphName":"","isEnabled":true},"graphs":[]},"schema_type":"default","schema_type_options":null,"pillar_content":false,"robots_default":true,"robots_noindex":false,"robots_noarchive":false,"robots_nosnippet":false,"robots_nofollow":false,"robots_noimageindex":false,"robots_noodp":false,"robots_notranslate":false,"robots_max_snippet":null,"robots_max_videopreview":null,"robots_max_imagepreview":"large","priority":null,"frequency":null,"local_seo":null,"breadcrumb_settings":null,"limit_modified_date":false,"ai":null,"created":"2023-06-12 22:58:49","updated":"2025-07-11 09:15:50","seo_analyzer_scan_date":null},"aioseo_breadcrumb":"<div class=\"aioseo-breadcrumbs\"><span class=\"aioseo-breadcrumb\">\n\t\t\t<a href=\"https:\/\/newsinfoco.com.br\/inicio\" title=\"In\u00edcio\">In\u00edcio<\/a>\n\t\t<\/span><span class=\"aioseo-breadcrumb-separator\">&raquo;<\/span><span class=\"aioseo-breadcrumb\">\n\t\t\t<a href=\"https:\/\/newsinfoco.com.br\/inicio\/category\/alagoinhas-e-regiao\/\" title=\"Alagoinhas e Regi\u00e3o\">Alagoinhas e Regi\u00e3o<\/a>\n\t\t<\/span><span class=\"aioseo-breadcrumb-separator\">&raquo;<\/span><span class=\"aioseo-breadcrumb\">\n\t\t\tVereadores da C\u00e2mara de Alagoinhas comemoram reajuste na bolsa aux\u00edlio de estagi\u00e1rios\n\t\t<\/span><\/div>","aioseo_breadcrumb_json":[{"label":"In\u00edcio","link":"https:\/\/newsinfoco.com.br\/inicio"},{"label":"Alagoinhas e Regi\u00e3o","link":"https:\/\/newsinfoco.com.br\/inicio\/category\/alagoinhas-e-regiao\/"},{"label":"Vereadores da C\u00e2mara de Alagoinhas comemoram reajuste na bolsa aux\u00edlio de estagi\u00e1rios","link":"https:\/\/newsinfoco.com.br\/inicio\/vereadores-da-camara-de-alagoinhas-comemoram-reajuste-na-bolsa-auxilio-de-estagiarios\/"}],"_links":{"self":[{"href":"https:\/\/newsinfoco.com.br\/inicio\/wp-json\/wp\/v2\/posts\/33197","targetHints":{"allow":["GET"]}}],"collection":[{"href":"https:\/\/newsinfoco.com.br\/inicio\/wp-json\/wp\/v2\/posts"}],"about":[{"href":"https:\/\/newsinfoco.com.br\/inicio\/wp-json\/wp\/v2\/types\/post"}],"author":[{"embeddable":true,"href":"https:\/\/newsinfoco.com.br\/inicio\/wp-json\/wp\/v2\/users\/1"}],"replies":[{"embeddable":true,"href":"https:\/\/newsinfoco.com.br\/inicio\/wp-json\/wp\/v2\/comments?post=33197"}],"version-history":[{"count":1,"href":"https:\/\/newsinfoco.com.br\/inicio\/wp-json\/wp\/v2\/posts\/33197\/revisions"}],"predecessor-version":[{"id":33199,"href":"https:\/\/newsinfoco.com.br\/inicio\/wp-json\/wp\/v2\/posts\/33197\/revisions\/33199"}],"wp:featuredmedia":[{"embeddable":true,"href":"https:\/\/newsinfoco.com.br\/inicio\/wp-json\/wp\/v2\/media\/33198"}],"wp:attachment":[{"href":"https:\/\/newsinfoco.com.br\/inicio\/wp-json\/wp\/v2\/media?parent=33197"}],"wp:term":[{"taxonomy":"category","embeddable":true,"href":"https:\/\/newsinfoco.com.br\/inicio\/wp-json\/wp\/v2\/categories?post=33197"},{"taxonomy":"post_tag","embeddable":true,"href":"https:\/\/newsinfoco.com.br\/inicio\/wp-json\/wp\/v2\/tags?post=33197"}],"curies":[{"name":"wp","href":"https:\/\/api.w.org\/{rel}","templated":true}]}}