{"id":33203,"date":"2023-03-02T12:31:10","date_gmt":"2023-03-02T15:31:10","guid":{"rendered":"https:\/\/newsinfoco.com.br\/inicio\/?p=33203"},"modified":"2023-03-02T12:41:04","modified_gmt":"2023-03-02T15:41:04","slug":"desequilibrio-financeiro-no-sistema-de-transporte-publico-de-alagoinhas-chega-a-r-900-mil-por-mes-afirma-presidente-da-comissao-de-transportes-da-camara","status":"publish","type":"post","link":"https:\/\/newsinfoco.com.br\/inicio\/desequilibrio-financeiro-no-sistema-de-transporte-publico-de-alagoinhas-chega-a-r-900-mil-por-mes-afirma-presidente-da-comissao-de-transportes-da-camara\/","title":{"rendered":"Desequil\u00edbrio financeiro no sistema de transporte p\u00fablico de Alagoinhas chega a R$ 900 mil por m\u00eas, afirma presidente da Comiss\u00e3o de Transportes da C\u00e2mara"},"content":{"rendered":"<p>O desequil\u00edbrio financeiro existente no contrato firmado entre prefeitura e a empresa ATP, concession\u00e1ria do sistema de transporte p\u00fablico, chega a cifra de R$ 900 mil por m\u00eas. A informa\u00e7\u00e3o foi divulgada pelo presidente da Comiss\u00e3o de Transportes da C\u00e2mara Municipal de Alagoinhas, vereador Anderson Baqueiro(UB), que ao lado do vereador Juracy(PROS), relator da Comiss\u00e3o, concedeu uma entrevista ao programa Primeira M\u00e3o, da r\u00e1dio Ouro Negro 100,5 FM, na manh\u00e3 desta quinta-feira(02).<\/p>\n<p>O valor foi levantado, ap\u00f3s a Comiss\u00e3o cruzar os n\u00fameros dos passageiros pagantes prometidos no edital e sua respectiva estimativa de receita com o que \u00e9 alcan\u00e7ado atualmente pelo sistema.<\/p>\n<p>Baqueiro, que j\u00e1 foi superintendente da SMTT de Alagoinhas na ex-gest\u00e3o, afirmou que v\u00e1rios fatores contribuem para esse desequil\u00edbrio. A principal delas \u00e9 o n\u00famero atual de passageiros pagantes, que est\u00e1 bem abaixo do que prometido no edital. Sem o n\u00famero de passageiros pagantes prometidos ou uma compensa\u00e7\u00e3o equivalente ao preju\u00edzo, as obriga\u00e7\u00f5es da empresa concession\u00e1ria do servi\u00e7o tem sido relativizadas para se adequar a receita auferida.<\/p>\n<p>Para deixar bem claro o momento dif\u00edcil por qual passa o sistema de transporte p\u00fablico, Baqueiro afirmou que quando dirigiu a SMTT, o n\u00famero estimado de passagens pagantes registradas pelas empresas de \u00f4nibus girava em torno de 1 milh\u00e3o( o mesmo usu\u00e1rio utilizava v\u00e1rias passagens). Hoje esse n\u00famero caiu para quase 80%. Com menos usu\u00e1rios pagantes utilizando o sistema, a crise de financiamento do servi\u00e7o se instalou.<\/p>\n<p>Devido a queda do n\u00famero de passageiros, atrelado ao aumento do pre\u00e7o dos insumos, o desequil\u00edbrio contratual fica evidenciado. Diversas senten\u00e7as judiciais, segundo Baqueiro, tem confirmado esse desequil\u00edbrio e concedendo sucessivas indeniza\u00e7\u00f5es a empresa.<\/p>\n<p>Para diminuir o preju\u00edzo existente, a C\u00e2mara Municipal de Alagoinhas, atendendo a uma recomenda\u00e7\u00e3o da Comiss\u00e3o, aprovou a destina\u00e7\u00e3o, no Or\u00e7amento, de R$400 mil mensais a titulo de compensa\u00e7\u00e3o pelas gratuidades praticadas no servi\u00e7o. Por\u00e9m esse valor \u00e9 insuficiente para cobrir o d\u00e9ficit.<\/p>\n<p>Para exigir o cumprimento regular do contrato que estabelece renova\u00e7\u00e3o e aumento de frota, ar-condicionado em parte deles, e melhoria na qualidade do servi\u00e7o, disse Banqueiro, ser\u00e1 preciso cobrir totalmente esse desequil\u00edbrio financeiro ou por meio de subs\u00eddios da prefeitura, ou por meio de aumento tarif\u00e1rio. Pelos c\u00e1lculos de estudos contratados pela Comiss\u00e3o, a tarifa t\u00e9cnica est\u00e1 or\u00e7ada em R$ 6,15, mas hoje \u00e9 operada a R$4,10.<\/p>\n<p>Ainda de acordo com os parlamentares, reuni\u00f5es tem sido frequentemente realizadas para acompanhar de perto o problema do transporte p\u00fablico e buscar solu\u00e7\u00f5es. Uma delas foi a inclus\u00e3o do subsidio no Or\u00e7amento, que junto com o aumento tarif\u00e1rio de R$0,20 permitiu que duas novas linhas fossem reativadas no sistema(Cruzeiro dos Montes via Unir e UNEB) e houvesse a inclus\u00e3o de novos \u00f4nibus \u00e0 frota existente.<\/p>\n<p>Por Caio Pimenta para o News Infoco<\/p>\n<p>&nbsp;<\/p>\n<p>&nbsp;<\/p>\n<div class='share-to-whatsapp-wrapper'><div class='share-on-whsp'>Share on: <\/div><a data-text='Desequil\u00edbrio financeiro no sistema de transporte p\u00fablico de Alagoinhas chega a R$ 900 mil por m\u00eas, afirma presidente da Comiss\u00e3o de Transportes da C\u00e2mara' data-link='https:\/\/newsinfoco.com.br\/inicio\/desequilibrio-financeiro-no-sistema-de-transporte-publico-de-alagoinhas-chega-a-r-900-mil-por-mes-afirma-presidente-da-comissao-de-transportes-da-camara\/' class='whatsapp-button whatsapp-share'>WhatsApp<\/a><div class='clear '><\/div><\/div>","protected":false},"excerpt":{"rendered":"<p>O desequil\u00edbrio financeiro existente no contrato firmado entre prefeitura e a empresa ATP, concession\u00e1ria do sistema de transporte p\u00fablico, chega a cifra de R$ 900 mil por m\u00eas. A informa\u00e7\u00e3o foi divulgada pelo presidente da Comiss\u00e3o de Transportes da C\u00e2mara Municipal de Alagoinhas, vereador Anderson Baqueiro(UB), que ao lado do vereador Juracy(PROS), relator da Comiss\u00e3o, [&hellip;]<\/p>\n","protected":false},"author":1,"featured_media":33207,"comment_status":"closed","ping_status":"closed","sticky":false,"template":"","format":"standard","meta":{"om_disable_all_campaigns":false,"rop_custom_images_group":[],"rop_custom_messages_group":[],"rop_publish_now":"initial","rop_publish_now_accounts":[],"rop_publish_now_history":[],"rop_publish_now_status":"pending","_exactmetrics_skip_tracking":false,"footnotes":""},"categories":[38,167],"tags":[],"class_list":["post-33203","post","type-post","status-publish","format-standard","has-post-thumbnail","hentry","category-alagoinhas-e-regiao","category-exclusivas"],"aioseo_notices":[],"aioseo_head":"\n\t\t<!-- All in One SEO 4.9.10 - aioseo.com -->\n\t<meta name=\"description\" content=\"O desequil\u00edbrio financeiro existente no contrato firmado entre prefeitura e a empresa ATP, concession\u00e1ria do sistema de transporte p\u00fablico, chega a cifra de R$ 900 mil por m\u00eas. A informa\u00e7\u00e3o foi divulgada pelo presidente da Comiss\u00e3o de Transportes da C\u00e2mara Municipal de Alagoinhas, vereador Anderson Baqueiro(UB), que ao lado do vereador Juracy(PROS), relator da Comiss\u00e3o,\" \/>\n\t<meta name=\"robots\" content=\"max-image-preview:large\" \/>\n\t<meta name=\"author\" content=\"administrador\"\/>\n\t<link rel=\"canonical\" href=\"https:\/\/newsinfoco.com.br\/inicio\/desequilibrio-financeiro-no-sistema-de-transporte-publico-de-alagoinhas-chega-a-r-900-mil-por-mes-afirma-presidente-da-comissao-de-transportes-da-camara\/\" \/>\n\t<meta name=\"generator\" content=\"All in One SEO (AIOSEO) 4.9.10\" \/>\n\t\t<meta property=\"og:locale\" content=\"pt_BR\" \/>\n\t\t<meta property=\"og:site_name\" content=\"News In Foco - Editado por Caio Pimenta - O principal site de noticias de Alagoinhas e regi\u00e3o\" \/>\n\t\t<meta property=\"og:type\" content=\"article\" \/>\n\t\t<meta property=\"og:title\" content=\"Desequil\u00edbrio financeiro no sistema de transporte p\u00fablico de Alagoinhas chega a R$ 900 mil por m\u00eas, afirma presidente da Comiss\u00e3o de Transportes da C\u00e2mara - News In Foco - Editado por Caio Pimenta\" \/>\n\t\t<meta property=\"og:description\" content=\"O desequil\u00edbrio financeiro existente no contrato firmado entre prefeitura e a empresa ATP, concession\u00e1ria do sistema de transporte p\u00fablico, chega a cifra de R$ 900 mil por m\u00eas. A informa\u00e7\u00e3o foi divulgada pelo presidente da Comiss\u00e3o de Transportes da C\u00e2mara Municipal de Alagoinhas, vereador Anderson Baqueiro(UB), que ao lado do vereador Juracy(PROS), relator da Comiss\u00e3o,\" \/>\n\t\t<meta property=\"og:url\" content=\"https:\/\/newsinfoco.com.br\/inicio\/desequilibrio-financeiro-no-sistema-de-transporte-publico-de-alagoinhas-chega-a-r-900-mil-por-mes-afirma-presidente-da-comissao-de-transportes-da-camara\/\" \/>\n\t\t<meta property=\"article:published_time\" content=\"2023-03-02T15:31:10+00:00\" \/>\n\t\t<meta property=\"article:modified_time\" content=\"2023-03-02T15:41:04+00:00\" \/>\n\t\t<meta name=\"twitter:card\" content=\"summary_large_image\" \/>\n\t\t<meta name=\"twitter:title\" content=\"Desequil\u00edbrio financeiro no sistema de transporte p\u00fablico de Alagoinhas chega a R$ 900 mil por m\u00eas, afirma presidente da Comiss\u00e3o de Transportes da C\u00e2mara - News In Foco - Editado por Caio Pimenta\" \/>\n\t\t<meta name=\"twitter:description\" content=\"O desequil\u00edbrio financeiro existente no contrato firmado entre prefeitura e a empresa ATP, concession\u00e1ria do sistema de transporte p\u00fablico, chega a cifra de R$ 900 mil por m\u00eas. A informa\u00e7\u00e3o foi divulgada pelo presidente da Comiss\u00e3o de Transportes da C\u00e2mara Municipal de Alagoinhas, vereador Anderson Baqueiro(UB), que ao lado do vereador Juracy(PROS), relator da Comiss\u00e3o,\" \/>\n\t\t<script type=\"application\/ld+json\" class=\"aioseo-schema\">\n\t\t\t{\"@context\":\"https:\\\/\\\/schema.org\",\"@graph\":[{\"@type\":\"BlogPosting\",\"@id\":\"https:\\\/\\\/newsinfoco.com.br\\\/inicio\\\/desequilibrio-financeiro-no-sistema-de-transporte-publico-de-alagoinhas-chega-a-r-900-mil-por-mes-afirma-presidente-da-comissao-de-transportes-da-camara\\\/#blogposting\",\"name\":\"Desequil\\u00edbrio financeiro no sistema de transporte p\\u00fablico de Alagoinhas chega a R$ 900 mil por m\\u00eas, afirma presidente da Comiss\\u00e3o de Transportes da C\\u00e2mara - News In Foco - Editado por Caio Pimenta\",\"headline\":\"Desequil\\u00edbrio financeiro no sistema de transporte p\\u00fablico de Alagoinhas chega a R$ 900 mil por m\\u00eas, afirma presidente da Comiss\\u00e3o de Transportes da C\\u00e2mara\",\"author\":{\"@id\":\"https:\\\/\\\/newsinfoco.com.br\\\/inicio\\\/author\\\/administrador\\\/#author\"},\"publisher\":{\"@id\":\"https:\\\/\\\/newsinfoco.com.br\\\/inicio\\\/#organization\"},\"image\":{\"@type\":\"ImageObject\",\"url\":\"https:\\\/\\\/newsinfoco.com.br\\\/inicio\\\/wp-content\\\/uploads\\\/2023\\\/03\\\/baqueiro.jpg\",\"width\":725,\"height\":359},\"datePublished\":\"2023-03-02T12:31:10-03:00\",\"dateModified\":\"2023-03-02T12:41:04-03:00\",\"inLanguage\":\"pt-BR\",\"mainEntityOfPage\":{\"@id\":\"https:\\\/\\\/newsinfoco.com.br\\\/inicio\\\/desequilibrio-financeiro-no-sistema-de-transporte-publico-de-alagoinhas-chega-a-r-900-mil-por-mes-afirma-presidente-da-comissao-de-transportes-da-camara\\\/#webpage\"},\"isPartOf\":{\"@id\":\"https:\\\/\\\/newsinfoco.com.br\\\/inicio\\\/desequilibrio-financeiro-no-sistema-de-transporte-publico-de-alagoinhas-chega-a-r-900-mil-por-mes-afirma-presidente-da-comissao-de-transportes-da-camara\\\/#webpage\"},\"articleSection\":\"Alagoinhas e Regi\\u00e3o, Manchete\"},{\"@type\":\"BreadcrumbList\",\"@id\":\"https:\\\/\\\/newsinfoco.com.br\\\/inicio\\\/desequilibrio-financeiro-no-sistema-de-transporte-publico-de-alagoinhas-chega-a-r-900-mil-por-mes-afirma-presidente-da-comissao-de-transportes-da-camara\\\/#breadcrumblist\",\"itemListElement\":[{\"@type\":\"ListItem\",\"@id\":\"https:\\\/\\\/newsinfoco.com.br\\\/inicio#listItem\",\"position\":1,\"name\":\"In\\u00edcio\",\"item\":\"https:\\\/\\\/newsinfoco.com.br\\\/inicio\",\"nextItem\":{\"@type\":\"ListItem\",\"@id\":\"https:\\\/\\\/newsinfoco.com.br\\\/inicio\\\/category\\\/alagoinhas-e-regiao\\\/#listItem\",\"name\":\"Alagoinhas e Regi\\u00e3o\"}},{\"@type\":\"ListItem\",\"@id\":\"https:\\\/\\\/newsinfoco.com.br\\\/inicio\\\/category\\\/alagoinhas-e-regiao\\\/#listItem\",\"position\":2,\"name\":\"Alagoinhas e Regi\\u00e3o\",\"item\":\"https:\\\/\\\/newsinfoco.com.br\\\/inicio\\\/category\\\/alagoinhas-e-regiao\\\/\",\"nextItem\":{\"@type\":\"ListItem\",\"@id\":\"https:\\\/\\\/newsinfoco.com.br\\\/inicio\\\/desequilibrio-financeiro-no-sistema-de-transporte-publico-de-alagoinhas-chega-a-r-900-mil-por-mes-afirma-presidente-da-comissao-de-transportes-da-camara\\\/#listItem\",\"name\":\"Desequil\\u00edbrio financeiro no sistema de transporte p\\u00fablico de Alagoinhas chega a R$ 900 mil por m\\u00eas, afirma presidente da Comiss\\u00e3o de Transportes da C\\u00e2mara\"},\"previousItem\":{\"@type\":\"ListItem\",\"@id\":\"https:\\\/\\\/newsinfoco.com.br\\\/inicio#listItem\",\"name\":\"In\\u00edcio\"}},{\"@type\":\"ListItem\",\"@id\":\"https:\\\/\\\/newsinfoco.com.br\\\/inicio\\\/desequilibrio-financeiro-no-sistema-de-transporte-publico-de-alagoinhas-chega-a-r-900-mil-por-mes-afirma-presidente-da-comissao-de-transportes-da-camara\\\/#listItem\",\"position\":3,\"name\":\"Desequil\\u00edbrio financeiro no sistema de transporte p\\u00fablico de Alagoinhas chega a R$ 900 mil por m\\u00eas, afirma presidente da Comiss\\u00e3o de Transportes da C\\u00e2mara\",\"previousItem\":{\"@type\":\"ListItem\",\"@id\":\"https:\\\/\\\/newsinfoco.com.br\\\/inicio\\\/category\\\/alagoinhas-e-regiao\\\/#listItem\",\"name\":\"Alagoinhas e Regi\\u00e3o\"}}]},{\"@type\":\"Organization\",\"@id\":\"https:\\\/\\\/newsinfoco.com.br\\\/inicio\\\/#organization\",\"name\":\"News In Foco - Editado por Caio Pimenta\",\"description\":\"O principal site de noticias de Alagoinhas e regi\\u00e3o\",\"url\":\"https:\\\/\\\/newsinfoco.com.br\\\/inicio\\\/\"},{\"@type\":\"Person\",\"@id\":\"https:\\\/\\\/newsinfoco.com.br\\\/inicio\\\/author\\\/administrador\\\/#author\",\"url\":\"https:\\\/\\\/newsinfoco.com.br\\\/inicio\\\/author\\\/administrador\\\/\",\"name\":\"administrador\",\"image\":{\"@type\":\"ImageObject\",\"@id\":\"https:\\\/\\\/newsinfoco.com.br\\\/inicio\\\/desequilibrio-financeiro-no-sistema-de-transporte-publico-de-alagoinhas-chega-a-r-900-mil-por-mes-afirma-presidente-da-comissao-de-transportes-da-camara\\\/#authorImage\",\"url\":\"https:\\\/\\\/secure.gravatar.com\\\/avatar\\\/c17a617433de8c1dc9584bb79aab7563b46f5bb7e1728c9b17d9cc3ce6a08e49?s=96&d=mm&r=g\",\"width\":96,\"height\":96,\"caption\":\"administrador\"}},{\"@type\":\"WebPage\",\"@id\":\"https:\\\/\\\/newsinfoco.com.br\\\/inicio\\\/desequilibrio-financeiro-no-sistema-de-transporte-publico-de-alagoinhas-chega-a-r-900-mil-por-mes-afirma-presidente-da-comissao-de-transportes-da-camara\\\/#webpage\",\"url\":\"https:\\\/\\\/newsinfoco.com.br\\\/inicio\\\/desequilibrio-financeiro-no-sistema-de-transporte-publico-de-alagoinhas-chega-a-r-900-mil-por-mes-afirma-presidente-da-comissao-de-transportes-da-camara\\\/\",\"name\":\"Desequil\\u00edbrio financeiro no sistema de transporte p\\u00fablico de Alagoinhas chega a R$ 900 mil por m\\u00eas, afirma presidente da Comiss\\u00e3o de Transportes da C\\u00e2mara - News In Foco - Editado por Caio Pimenta\",\"description\":\"O desequil\\u00edbrio financeiro existente no contrato firmado entre prefeitura e a empresa ATP, concession\\u00e1ria do sistema de transporte p\\u00fablico, chega a cifra de R$ 900 mil por m\\u00eas. A informa\\u00e7\\u00e3o foi divulgada pelo presidente da Comiss\\u00e3o de Transportes da C\\u00e2mara Municipal de Alagoinhas, vereador Anderson Baqueiro(UB), que ao lado do vereador Juracy(PROS), relator da Comiss\\u00e3o,\",\"inLanguage\":\"pt-BR\",\"isPartOf\":{\"@id\":\"https:\\\/\\\/newsinfoco.com.br\\\/inicio\\\/#website\"},\"breadcrumb\":{\"@id\":\"https:\\\/\\\/newsinfoco.com.br\\\/inicio\\\/desequilibrio-financeiro-no-sistema-de-transporte-publico-de-alagoinhas-chega-a-r-900-mil-por-mes-afirma-presidente-da-comissao-de-transportes-da-camara\\\/#breadcrumblist\"},\"author\":{\"@id\":\"https:\\\/\\\/newsinfoco.com.br\\\/inicio\\\/author\\\/administrador\\\/#author\"},\"creator\":{\"@id\":\"https:\\\/\\\/newsinfoco.com.br\\\/inicio\\\/author\\\/administrador\\\/#author\"},\"image\":{\"@type\":\"ImageObject\",\"url\":\"https:\\\/\\\/newsinfoco.com.br\\\/inicio\\\/wp-content\\\/uploads\\\/2023\\\/03\\\/baqueiro.jpg\",\"@id\":\"https:\\\/\\\/newsinfoco.com.br\\\/inicio\\\/desequilibrio-financeiro-no-sistema-de-transporte-publico-de-alagoinhas-chega-a-r-900-mil-por-mes-afirma-presidente-da-comissao-de-transportes-da-camara\\\/#mainImage\",\"width\":725,\"height\":359},\"primaryImageOfPage\":{\"@id\":\"https:\\\/\\\/newsinfoco.com.br\\\/inicio\\\/desequilibrio-financeiro-no-sistema-de-transporte-publico-de-alagoinhas-chega-a-r-900-mil-por-mes-afirma-presidente-da-comissao-de-transportes-da-camara\\\/#mainImage\"},\"datePublished\":\"2023-03-02T12:31:10-03:00\",\"dateModified\":\"2023-03-02T12:41:04-03:00\"},{\"@type\":\"WebSite\",\"@id\":\"https:\\\/\\\/newsinfoco.com.br\\\/inicio\\\/#website\",\"url\":\"https:\\\/\\\/newsinfoco.com.br\\\/inicio\\\/\",\"name\":\"News In Foco - Editado por Caio Pimenta\",\"description\":\"O principal site de noticias de Alagoinhas e regi\\u00e3o\",\"inLanguage\":\"pt-BR\",\"publisher\":{\"@id\":\"https:\\\/\\\/newsinfoco.com.br\\\/inicio\\\/#organization\"}}]}\n\t\t<\/script>\n\t\t<!-- All in One SEO -->\n\n","aioseo_head_json":{"title":"Desequil\u00edbrio financeiro no sistema de transporte p\u00fablico de Alagoinhas chega a R$ 900 mil por m\u00eas, afirma presidente da Comiss\u00e3o de Transportes da C\u00e2mara - News In Foco - Editado por Caio Pimenta","description":"O desequil\u00edbrio financeiro existente no contrato firmado entre prefeitura e a empresa ATP, concession\u00e1ria do sistema de transporte p\u00fablico, chega a cifra de R$ 900 mil por m\u00eas. A informa\u00e7\u00e3o foi divulgada pelo presidente da Comiss\u00e3o de Transportes da C\u00e2mara Municipal de Alagoinhas, vereador Anderson Baqueiro(UB), que ao lado do vereador Juracy(PROS), relator da Comiss\u00e3o,","canonical_url":"https:\/\/newsinfoco.com.br\/inicio\/desequilibrio-financeiro-no-sistema-de-transporte-publico-de-alagoinhas-chega-a-r-900-mil-por-mes-afirma-presidente-da-comissao-de-transportes-da-camara\/","robots":"max-image-preview:large","keywords":"","webmasterTools":{"miscellaneous":""},"schema":{"@context":"https:\/\/schema.org","@graph":[{"@type":"BlogPosting","@id":"https:\/\/newsinfoco.com.br\/inicio\/desequilibrio-financeiro-no-sistema-de-transporte-publico-de-alagoinhas-chega-a-r-900-mil-por-mes-afirma-presidente-da-comissao-de-transportes-da-camara\/#blogposting","name":"Desequil\u00edbrio financeiro no sistema de transporte p\u00fablico de Alagoinhas chega a R$ 900 mil por m\u00eas, afirma presidente da Comiss\u00e3o de Transportes da C\u00e2mara - News In Foco - Editado por Caio Pimenta","headline":"Desequil\u00edbrio financeiro no sistema de transporte p\u00fablico de Alagoinhas chega a R$ 900 mil por m\u00eas, afirma presidente da Comiss\u00e3o de Transportes da C\u00e2mara","author":{"@id":"https:\/\/newsinfoco.com.br\/inicio\/author\/administrador\/#author"},"publisher":{"@id":"https:\/\/newsinfoco.com.br\/inicio\/#organization"},"image":{"@type":"ImageObject","url":"https:\/\/newsinfoco.com.br\/inicio\/wp-content\/uploads\/2023\/03\/baqueiro.jpg","width":725,"height":359},"datePublished":"2023-03-02T12:31:10-03:00","dateModified":"2023-03-02T12:41:04-03:00","inLanguage":"pt-BR","mainEntityOfPage":{"@id":"https:\/\/newsinfoco.com.br\/inicio\/desequilibrio-financeiro-no-sistema-de-transporte-publico-de-alagoinhas-chega-a-r-900-mil-por-mes-afirma-presidente-da-comissao-de-transportes-da-camara\/#webpage"},"isPartOf":{"@id":"https:\/\/newsinfoco.com.br\/inicio\/desequilibrio-financeiro-no-sistema-de-transporte-publico-de-alagoinhas-chega-a-r-900-mil-por-mes-afirma-presidente-da-comissao-de-transportes-da-camara\/#webpage"},"articleSection":"Alagoinhas e Regi\u00e3o, Manchete"},{"@type":"BreadcrumbList","@id":"https:\/\/newsinfoco.com.br\/inicio\/desequilibrio-financeiro-no-sistema-de-transporte-publico-de-alagoinhas-chega-a-r-900-mil-por-mes-afirma-presidente-da-comissao-de-transportes-da-camara\/#breadcrumblist","itemListElement":[{"@type":"ListItem","@id":"https:\/\/newsinfoco.com.br\/inicio#listItem","position":1,"name":"In\u00edcio","item":"https:\/\/newsinfoco.com.br\/inicio","nextItem":{"@type":"ListItem","@id":"https:\/\/newsinfoco.com.br\/inicio\/category\/alagoinhas-e-regiao\/#listItem","name":"Alagoinhas e Regi\u00e3o"}},{"@type":"ListItem","@id":"https:\/\/newsinfoco.com.br\/inicio\/category\/alagoinhas-e-regiao\/#listItem","position":2,"name":"Alagoinhas e Regi\u00e3o","item":"https:\/\/newsinfoco.com.br\/inicio\/category\/alagoinhas-e-regiao\/","nextItem":{"@type":"ListItem","@id":"https:\/\/newsinfoco.com.br\/inicio\/desequilibrio-financeiro-no-sistema-de-transporte-publico-de-alagoinhas-chega-a-r-900-mil-por-mes-afirma-presidente-da-comissao-de-transportes-da-camara\/#listItem","name":"Desequil\u00edbrio financeiro no sistema de transporte p\u00fablico de Alagoinhas chega a R$ 900 mil por m\u00eas, afirma presidente da Comiss\u00e3o de Transportes da C\u00e2mara"},"previousItem":{"@type":"ListItem","@id":"https:\/\/newsinfoco.com.br\/inicio#listItem","name":"In\u00edcio"}},{"@type":"ListItem","@id":"https:\/\/newsinfoco.com.br\/inicio\/desequilibrio-financeiro-no-sistema-de-transporte-publico-de-alagoinhas-chega-a-r-900-mil-por-mes-afirma-presidente-da-comissao-de-transportes-da-camara\/#listItem","position":3,"name":"Desequil\u00edbrio financeiro no sistema de transporte p\u00fablico de Alagoinhas chega a R$ 900 mil por m\u00eas, afirma presidente da Comiss\u00e3o de Transportes da C\u00e2mara","previousItem":{"@type":"ListItem","@id":"https:\/\/newsinfoco.com.br\/inicio\/category\/alagoinhas-e-regiao\/#listItem","name":"Alagoinhas e Regi\u00e3o"}}]},{"@type":"Organization","@id":"https:\/\/newsinfoco.com.br\/inicio\/#organization","name":"News In Foco - Editado por Caio Pimenta","description":"O principal site de noticias de Alagoinhas e regi\u00e3o","url":"https:\/\/newsinfoco.com.br\/inicio\/"},{"@type":"Person","@id":"https:\/\/newsinfoco.com.br\/inicio\/author\/administrador\/#author","url":"https:\/\/newsinfoco.com.br\/inicio\/author\/administrador\/","name":"administrador","image":{"@type":"ImageObject","@id":"https:\/\/newsinfoco.com.br\/inicio\/desequilibrio-financeiro-no-sistema-de-transporte-publico-de-alagoinhas-chega-a-r-900-mil-por-mes-afirma-presidente-da-comissao-de-transportes-da-camara\/#authorImage","url":"https:\/\/secure.gravatar.com\/avatar\/c17a617433de8c1dc9584bb79aab7563b46f5bb7e1728c9b17d9cc3ce6a08e49?s=96&d=mm&r=g","width":96,"height":96,"caption":"administrador"}},{"@type":"WebPage","@id":"https:\/\/newsinfoco.com.br\/inicio\/desequilibrio-financeiro-no-sistema-de-transporte-publico-de-alagoinhas-chega-a-r-900-mil-por-mes-afirma-presidente-da-comissao-de-transportes-da-camara\/#webpage","url":"https:\/\/newsinfoco.com.br\/inicio\/desequilibrio-financeiro-no-sistema-de-transporte-publico-de-alagoinhas-chega-a-r-900-mil-por-mes-afirma-presidente-da-comissao-de-transportes-da-camara\/","name":"Desequil\u00edbrio financeiro no sistema de transporte p\u00fablico de Alagoinhas chega a R$ 900 mil por m\u00eas, afirma presidente da Comiss\u00e3o de Transportes da C\u00e2mara - News In Foco - Editado por Caio Pimenta","description":"O desequil\u00edbrio financeiro existente no contrato firmado entre prefeitura e a empresa ATP, concession\u00e1ria do sistema de transporte p\u00fablico, chega a cifra de R$ 900 mil por m\u00eas. A informa\u00e7\u00e3o foi divulgada pelo presidente da Comiss\u00e3o de Transportes da C\u00e2mara Municipal de Alagoinhas, vereador Anderson Baqueiro(UB), que ao lado do vereador Juracy(PROS), relator da Comiss\u00e3o,","inLanguage":"pt-BR","isPartOf":{"@id":"https:\/\/newsinfoco.com.br\/inicio\/#website"},"breadcrumb":{"@id":"https:\/\/newsinfoco.com.br\/inicio\/desequilibrio-financeiro-no-sistema-de-transporte-publico-de-alagoinhas-chega-a-r-900-mil-por-mes-afirma-presidente-da-comissao-de-transportes-da-camara\/#breadcrumblist"},"author":{"@id":"https:\/\/newsinfoco.com.br\/inicio\/author\/administrador\/#author"},"creator":{"@id":"https:\/\/newsinfoco.com.br\/inicio\/author\/administrador\/#author"},"image":{"@type":"ImageObject","url":"https:\/\/newsinfoco.com.br\/inicio\/wp-content\/uploads\/2023\/03\/baqueiro.jpg","@id":"https:\/\/newsinfoco.com.br\/inicio\/desequilibrio-financeiro-no-sistema-de-transporte-publico-de-alagoinhas-chega-a-r-900-mil-por-mes-afirma-presidente-da-comissao-de-transportes-da-camara\/#mainImage","width":725,"height":359},"primaryImageOfPage":{"@id":"https:\/\/newsinfoco.com.br\/inicio\/desequilibrio-financeiro-no-sistema-de-transporte-publico-de-alagoinhas-chega-a-r-900-mil-por-mes-afirma-presidente-da-comissao-de-transportes-da-camara\/#mainImage"},"datePublished":"2023-03-02T12:31:10-03:00","dateModified":"2023-03-02T12:41:04-03:00"},{"@type":"WebSite","@id":"https:\/\/newsinfoco.com.br\/inicio\/#website","url":"https:\/\/newsinfoco.com.br\/inicio\/","name":"News In Foco - Editado por Caio Pimenta","description":"O principal site de noticias de Alagoinhas e regi\u00e3o","inLanguage":"pt-BR","publisher":{"@id":"https:\/\/newsinfoco.com.br\/inicio\/#organization"}}]},"og:locale":"pt_BR","og:site_name":"News In Foco - Editado por Caio Pimenta - O principal site de noticias de Alagoinhas e regi\u00e3o","og:type":"article","og:title":"Desequil\u00edbrio financeiro no sistema de transporte p\u00fablico de Alagoinhas chega a R$ 900 mil por m\u00eas, afirma presidente da Comiss\u00e3o de Transportes da C\u00e2mara - News In Foco - Editado por Caio Pimenta","og:description":"O desequil\u00edbrio financeiro existente no contrato firmado entre prefeitura e a empresa ATP, concession\u00e1ria do sistema de transporte p\u00fablico, chega a cifra de R$ 900 mil por m\u00eas. A informa\u00e7\u00e3o foi divulgada pelo presidente da Comiss\u00e3o de Transportes da C\u00e2mara Municipal de Alagoinhas, vereador Anderson Baqueiro(UB), que ao lado do vereador Juracy(PROS), relator da Comiss\u00e3o,","og:url":"https:\/\/newsinfoco.com.br\/inicio\/desequilibrio-financeiro-no-sistema-de-transporte-publico-de-alagoinhas-chega-a-r-900-mil-por-mes-afirma-presidente-da-comissao-de-transportes-da-camara\/","article:published_time":"2023-03-02T15:31:10+00:00","article:modified_time":"2023-03-02T15:41:04+00:00","twitter:card":"summary_large_image","twitter:title":"Desequil\u00edbrio financeiro no sistema de transporte p\u00fablico de Alagoinhas chega a R$ 900 mil por m\u00eas, afirma presidente da Comiss\u00e3o de Transportes da C\u00e2mara - News In Foco - Editado por Caio Pimenta","twitter:description":"O desequil\u00edbrio financeiro existente no contrato firmado entre prefeitura e a empresa ATP, concession\u00e1ria do sistema de transporte p\u00fablico, chega a cifra de R$ 900 mil por m\u00eas. A informa\u00e7\u00e3o foi divulgada pelo presidente da Comiss\u00e3o de Transportes da C\u00e2mara Municipal de Alagoinhas, vereador Anderson Baqueiro(UB), que ao lado do vereador Juracy(PROS), relator da Comiss\u00e3o,"},"aioseo_meta_data":{"post_id":"33203","title":null,"description":null,"keywords":null,"keyphrases":null,"primary_term":null,"canonical_url":null,"og_title":null,"og_description":null,"og_object_type":"default","og_image_type":"default","og_image_url":null,"og_image_width":null,"og_image_height":null,"og_image_custom_url":null,"og_image_custom_fields":null,"og_video":null,"og_custom_url":null,"og_article_section":null,"og_article_tags":null,"twitter_use_og":false,"twitter_card":"default","twitter_image_type":"default","twitter_image_url":null,"twitter_image_custom_url":null,"twitter_image_custom_fields":null,"twitter_title":null,"twitter_description":null,"schema":{"blockGraphs":[],"customGraphs":[],"default":{"data":{"Article":[],"Course":[],"Dataset":[],"FAQPage":[],"Movie":[],"Person":[],"Product":[],"ProductReview":[],"Car":[],"Recipe":[],"Service":[],"SoftwareApplication":[],"WebPage":[]},"graphName":"","isEnabled":true},"graphs":[]},"schema_type":"default","schema_type_options":null,"pillar_content":false,"robots_default":true,"robots_noindex":false,"robots_noarchive":false,"robots_nosnippet":false,"robots_nofollow":false,"robots_noimageindex":false,"robots_noodp":false,"robots_notranslate":false,"robots_max_snippet":null,"robots_max_videopreview":null,"robots_max_imagepreview":"large","priority":null,"frequency":null,"local_seo":null,"breadcrumb_settings":null,"limit_modified_date":false,"ai":null,"created":"2023-06-12 22:58:49","updated":"2025-07-11 09:15:50","seo_analyzer_scan_date":null},"aioseo_breadcrumb":"<div class=\"aioseo-breadcrumbs\"><span class=\"aioseo-breadcrumb\">\n\t\t\t<a href=\"https:\/\/newsinfoco.com.br\/inicio\" title=\"In\u00edcio\">In\u00edcio<\/a>\n\t\t<\/span><span class=\"aioseo-breadcrumb-separator\">&raquo;<\/span><span class=\"aioseo-breadcrumb\">\n\t\t\t<a href=\"https:\/\/newsinfoco.com.br\/inicio\/category\/alagoinhas-e-regiao\/\" title=\"Alagoinhas e Regi\u00e3o\">Alagoinhas e Regi\u00e3o<\/a>\n\t\t<\/span><span class=\"aioseo-breadcrumb-separator\">&raquo;<\/span><span class=\"aioseo-breadcrumb\">\n\t\t\tDesequil\u00edbrio financeiro no sistema de transporte p\u00fablico de Alagoinhas chega a R$ 900 mil por m\u00eas, afirma presidente da Comiss\u00e3o de Transportes da C\u00e2mara\n\t\t<\/span><\/div>","aioseo_breadcrumb_json":[{"label":"In\u00edcio","link":"https:\/\/newsinfoco.com.br\/inicio"},{"label":"Alagoinhas e Regi\u00e3o","link":"https:\/\/newsinfoco.com.br\/inicio\/category\/alagoinhas-e-regiao\/"},{"label":"Desequil\u00edbrio financeiro no sistema de transporte p\u00fablico de Alagoinhas chega a R$ 900 mil por m\u00eas, afirma presidente da Comiss\u00e3o de Transportes da C\u00e2mara","link":"https:\/\/newsinfoco.com.br\/inicio\/desequilibrio-financeiro-no-sistema-de-transporte-publico-de-alagoinhas-chega-a-r-900-mil-por-mes-afirma-presidente-da-comissao-de-transportes-da-camara\/"}],"_links":{"self":[{"href":"https:\/\/newsinfoco.com.br\/inicio\/wp-json\/wp\/v2\/posts\/33203","targetHints":{"allow":["GET"]}}],"collection":[{"href":"https:\/\/newsinfoco.com.br\/inicio\/wp-json\/wp\/v2\/posts"}],"about":[{"href":"https:\/\/newsinfoco.com.br\/inicio\/wp-json\/wp\/v2\/types\/post"}],"author":[{"embeddable":true,"href":"https:\/\/newsinfoco.com.br\/inicio\/wp-json\/wp\/v2\/users\/1"}],"replies":[{"embeddable":true,"href":"https:\/\/newsinfoco.com.br\/inicio\/wp-json\/wp\/v2\/comments?post=33203"}],"version-history":[{"count":2,"href":"https:\/\/newsinfoco.com.br\/inicio\/wp-json\/wp\/v2\/posts\/33203\/revisions"}],"predecessor-version":[{"id":33206,"href":"https:\/\/newsinfoco.com.br\/inicio\/wp-json\/wp\/v2\/posts\/33203\/revisions\/33206"}],"wp:featuredmedia":[{"embeddable":true,"href":"https:\/\/newsinfoco.com.br\/inicio\/wp-json\/wp\/v2\/media\/33207"}],"wp:attachment":[{"href":"https:\/\/newsinfoco.com.br\/inicio\/wp-json\/wp\/v2\/media?parent=33203"}],"wp:term":[{"taxonomy":"category","embeddable":true,"href":"https:\/\/newsinfoco.com.br\/inicio\/wp-json\/wp\/v2\/categories?post=33203"},{"taxonomy":"post_tag","embeddable":true,"href":"https:\/\/newsinfoco.com.br\/inicio\/wp-json\/wp\/v2\/tags?post=33203"}],"curies":[{"name":"wp","href":"https:\/\/api.w.org\/{rel}","templated":true}]}}