{"id":33208,"date":"2023-03-02T13:37:03","date_gmt":"2023-03-02T16:37:03","guid":{"rendered":"https:\/\/newsinfoco.com.br\/inicio\/?p=33208"},"modified":"2023-03-02T13:37:03","modified_gmt":"2023-03-02T16:37:03","slug":"tarifa-social-e-aplicativo-de-localizacao-de-onibus-em-tempo-real-as-solucoes-apontadas-pela-comissao-de-transporte-da-camara-para-o-transporte-publico-de-alagoinhas","status":"publish","type":"post","link":"https:\/\/newsinfoco.com.br\/inicio\/tarifa-social-e-aplicativo-de-localizacao-de-onibus-em-tempo-real-as-solucoes-apontadas-pela-comissao-de-transporte-da-camara-para-o-transporte-publico-de-alagoinhas\/","title":{"rendered":"Tarifa Social e aplicativo de localiza\u00e7\u00e3o de \u00f4nibus em tempo real: as solu\u00e7\u00f5es apontadas pela Comiss\u00e3o de Transporte da C\u00e2mara para o transporte p\u00fablico de Alagoinhas"},"content":{"rendered":"<p>A cria\u00e7\u00e3o de um programa de tarifa social e a elabora\u00e7\u00e3o de um aplicativo que permita ao usu\u00e1rio do transporte p\u00fablico de Alagoinhas saber a localiza\u00e7\u00e3o exata do \u00f4nibus e o tempo estimado de chegada nos pontos de coletivos s\u00e3o algumas das principais solu\u00e7\u00f5es apontadas pela Comiss\u00e3o de Transportes da C\u00e2mara Municipal para melhoria do servi\u00e7o na cidade.<\/p>\n<p>Hoje(02), pela manh\u00e3, em entrevista concedida ao programa Primeira M\u00e3o, da r\u00e1dio Ouro Negro 100,5 FM, os vereadores Anderson Baqueiro(UB) e Juracy Nascimento(PROS), presidente e relator da Comiss\u00e3o de Transportes da C\u00e2mara Municipal de Alagoinhas, respectivamente, fizeram um verdadeiro raio-x dos problemas enfrentados no sistema de transporte p\u00fablico de Alagoinhas e as poss\u00edveis solu\u00e7\u00f5es.<\/p>\n<p>Indicado por estudos encomendados pela pr\u00f3pria comiss\u00e3o, a falta de usu\u00e1rios pagantes, aliada ao aumento dos insumos do setor, s\u00e3o considerados os principais causadores da falta de receita necess\u00e1ria para cobrir os custos do servi\u00e7o prometido no edital de licita\u00e7\u00e3o. De acordo com a Comiss\u00e3o, esse desequil\u00edbrio financeiro chega a R$ 900 mil por m\u00eas. Esse desequil\u00edbrio, defende os parlamentares, deve ser pago pela prefeitura em forma de subsidio, e n\u00e3o pelo usu\u00e1rio pagante. Uma ideia defendida pelos vereadores \u00e9 a cria\u00e7\u00e3o de uma tarifa social que concederia a cidad\u00e3os de baixa renda, com cadastro ativo na SEMAS, um quantitativo de vales-transporte, que poderia ser usado para ir ao m\u00e9dico, o supermercado, o com\u00e9rcio ou mesmo procurar emprego. Com isso o Governo injetaria um volume de recursos suficientes para cobrir o d\u00e9ficit no sistema, o que permitiria \u00e0 empresa cumprir os itens constantes no contrato(renova\u00e7\u00e3o de frota, aumento de linhas, melhoria do servi\u00e7o, etc) e permitiria o acesso de uma grande quantidade de pessoas de baixa renda \u00e0 diversos servi\u00e7os.<\/p>\n<p>Um outro problema ligado ao transporte p\u00fablico identificado pelos parlamentares diz respeito a reclama\u00e7\u00f5es relacionados ao hor\u00e1rio de sa\u00edda e chegada de \u00f4nibus nos respectivos pontos de coletivos. Para resolver essa quest\u00e3o, os vereadores j\u00e1 trabalham, junto a SMTT, para elabora\u00e7\u00e3o de um aplicativo que permita a esse usu\u00e1rio saber exatamente aonde est\u00e1 o \u00f4nibus que espera e o tempo estimado de chegada.<\/p>\n<p>De acordo com Anderson Baqueiro e Juracy Nascimento, esse aplicativo \u00e9 perfeitamente poss\u00edvel, pois os \u00f4nibus j\u00e1 possuem GPS, faltando apenas que aparelhos de GPS sejam instalados nos pontos de parada de coletivos para que o este servi\u00e7o seja disponibilizado, fazendo com que a popula\u00e7\u00e3o possa organizar seu tempo para n\u00e3o perder o hor\u00e1rio.<\/p>\n<p>Al\u00e9m disso, a Comiss\u00e3o de Transportes da C\u00e2mara tem realizado reuni\u00f5es com entidades ligadas aos usu\u00e1rios, rodovi\u00e1rios, empresa e governo para buscar outras medidas vi\u00e1veis a serem implantadas no munic\u00edpio.<\/p>\n<p>&nbsp;<\/p>\n<p>Por Caio Pimenta para o News Infoco<\/p>\n<p>&nbsp;<\/p>\n<div class='share-to-whatsapp-wrapper'><div class='share-on-whsp'>Share on: <\/div><a data-text='Tarifa Social e aplicativo de localiza\u00e7\u00e3o de \u00f4nibus em tempo real: as solu\u00e7\u00f5es apontadas pela Comiss\u00e3o de Transporte da C\u00e2mara para o transporte p\u00fablico de Alagoinhas' data-link='https:\/\/newsinfoco.com.br\/inicio\/tarifa-social-e-aplicativo-de-localizacao-de-onibus-em-tempo-real-as-solucoes-apontadas-pela-comissao-de-transporte-da-camara-para-o-transporte-publico-de-alagoinhas\/' class='whatsapp-button whatsapp-share'>WhatsApp<\/a><div class='clear '><\/div><\/div>","protected":false},"excerpt":{"rendered":"<p>A cria\u00e7\u00e3o de um programa de tarifa social e a elabora\u00e7\u00e3o de um aplicativo que permita ao usu\u00e1rio do transporte p\u00fablico de Alagoinhas saber a localiza\u00e7\u00e3o exata do \u00f4nibus e o tempo estimado de chegada nos pontos de coletivos s\u00e3o algumas das principais solu\u00e7\u00f5es apontadas pela Comiss\u00e3o de Transportes da C\u00e2mara Municipal para melhoria do [&hellip;]<\/p>\n","protected":false},"author":1,"featured_media":33209,"comment_status":"closed","ping_status":"closed","sticky":false,"template":"","format":"standard","meta":{"om_disable_all_campaigns":false,"rop_custom_images_group":[],"rop_custom_messages_group":[],"rop_publish_now":"initial","rop_publish_now_accounts":[],"rop_publish_now_history":[],"rop_publish_now_status":"pending","_exactmetrics_skip_tracking":false,"footnotes":""},"categories":[38,167],"tags":[],"class_list":["post-33208","post","type-post","status-publish","format-standard","has-post-thumbnail","hentry","category-alagoinhas-e-regiao","category-exclusivas"],"aioseo_notices":[],"aioseo_head":"\n\t\t<!-- All in One SEO 4.9.10 - aioseo.com -->\n\t<meta name=\"description\" content=\"A cria\u00e7\u00e3o de um programa de tarifa social e a elabora\u00e7\u00e3o de um aplicativo que permita ao usu\u00e1rio do transporte p\u00fablico de Alagoinhas saber a localiza\u00e7\u00e3o exata do \u00f4nibus e o tempo estimado de chegada nos pontos de coletivos s\u00e3o algumas das principais solu\u00e7\u00f5es apontadas pela Comiss\u00e3o de Transportes da C\u00e2mara Municipal para melhoria do\" \/>\n\t<meta name=\"robots\" content=\"max-image-preview:large\" \/>\n\t<meta name=\"author\" content=\"administrador\"\/>\n\t<link rel=\"canonical\" href=\"https:\/\/newsinfoco.com.br\/inicio\/tarifa-social-e-aplicativo-de-localizacao-de-onibus-em-tempo-real-as-solucoes-apontadas-pela-comissao-de-transporte-da-camara-para-o-transporte-publico-de-alagoinhas\/\" \/>\n\t<meta name=\"generator\" content=\"All in One SEO (AIOSEO) 4.9.10\" \/>\n\t\t<meta property=\"og:locale\" content=\"pt_BR\" \/>\n\t\t<meta property=\"og:site_name\" content=\"News In Foco - Editado por Caio Pimenta - O principal site de noticias de Alagoinhas e regi\u00e3o\" \/>\n\t\t<meta property=\"og:type\" content=\"article\" \/>\n\t\t<meta property=\"og:title\" content=\"Tarifa Social e aplicativo de localiza\u00e7\u00e3o de \u00f4nibus em tempo real: as solu\u00e7\u00f5es apontadas pela Comiss\u00e3o de Transporte da C\u00e2mara para o transporte p\u00fablico de Alagoinhas - News In Foco - Editado por Caio Pimenta\" \/>\n\t\t<meta property=\"og:description\" content=\"A cria\u00e7\u00e3o de um programa de tarifa social e a elabora\u00e7\u00e3o de um aplicativo que permita ao usu\u00e1rio do transporte p\u00fablico de Alagoinhas saber a localiza\u00e7\u00e3o exata do \u00f4nibus e o tempo estimado de chegada nos pontos de coletivos s\u00e3o algumas das principais solu\u00e7\u00f5es apontadas pela Comiss\u00e3o de Transportes da C\u00e2mara Municipal para melhoria do\" \/>\n\t\t<meta property=\"og:url\" content=\"https:\/\/newsinfoco.com.br\/inicio\/tarifa-social-e-aplicativo-de-localizacao-de-onibus-em-tempo-real-as-solucoes-apontadas-pela-comissao-de-transporte-da-camara-para-o-transporte-publico-de-alagoinhas\/\" \/>\n\t\t<meta property=\"article:published_time\" content=\"2023-03-02T16:37:03+00:00\" \/>\n\t\t<meta property=\"article:modified_time\" content=\"2023-03-02T16:37:03+00:00\" \/>\n\t\t<meta name=\"twitter:card\" content=\"summary_large_image\" \/>\n\t\t<meta name=\"twitter:title\" content=\"Tarifa Social e aplicativo de localiza\u00e7\u00e3o de \u00f4nibus em tempo real: as solu\u00e7\u00f5es apontadas pela Comiss\u00e3o de Transporte da C\u00e2mara para o transporte p\u00fablico de Alagoinhas - News In Foco - Editado por Caio Pimenta\" \/>\n\t\t<meta name=\"twitter:description\" content=\"A cria\u00e7\u00e3o de um programa de tarifa social e a elabora\u00e7\u00e3o de um aplicativo que permita ao usu\u00e1rio do transporte p\u00fablico de Alagoinhas saber a localiza\u00e7\u00e3o exata do \u00f4nibus e o tempo estimado de chegada nos pontos de coletivos s\u00e3o algumas das principais solu\u00e7\u00f5es apontadas pela Comiss\u00e3o de Transportes da C\u00e2mara Municipal para melhoria do\" \/>\n\t\t<script type=\"application\/ld+json\" class=\"aioseo-schema\">\n\t\t\t{\"@context\":\"https:\\\/\\\/schema.org\",\"@graph\":[{\"@type\":\"BlogPosting\",\"@id\":\"https:\\\/\\\/newsinfoco.com.br\\\/inicio\\\/tarifa-social-e-aplicativo-de-localizacao-de-onibus-em-tempo-real-as-solucoes-apontadas-pela-comissao-de-transporte-da-camara-para-o-transporte-publico-de-alagoinhas\\\/#blogposting\",\"name\":\"Tarifa Social e aplicativo de localiza\\u00e7\\u00e3o de \\u00f4nibus em tempo real: as solu\\u00e7\\u00f5es apontadas pela Comiss\\u00e3o de Transporte da C\\u00e2mara para o transporte p\\u00fablico de Alagoinhas - News In Foco - Editado por Caio Pimenta\",\"headline\":\"Tarifa Social e aplicativo de localiza\\u00e7\\u00e3o de \\u00f4nibus em tempo real: as solu\\u00e7\\u00f5es apontadas pela Comiss\\u00e3o de Transporte da C\\u00e2mara para o transporte p\\u00fablico de Alagoinhas\",\"author\":{\"@id\":\"https:\\\/\\\/newsinfoco.com.br\\\/inicio\\\/author\\\/administrador\\\/#author\"},\"publisher\":{\"@id\":\"https:\\\/\\\/newsinfoco.com.br\\\/inicio\\\/#organization\"},\"image\":{\"@type\":\"ImageObject\",\"url\":\"https:\\\/\\\/newsinfoco.com.br\\\/inicio\\\/wp-content\\\/uploads\\\/2023\\\/03\\\/comissao.jpg\",\"width\":800,\"height\":600},\"datePublished\":\"2023-03-02T13:37:03-03:00\",\"dateModified\":\"2023-03-02T13:37:03-03:00\",\"inLanguage\":\"pt-BR\",\"mainEntityOfPage\":{\"@id\":\"https:\\\/\\\/newsinfoco.com.br\\\/inicio\\\/tarifa-social-e-aplicativo-de-localizacao-de-onibus-em-tempo-real-as-solucoes-apontadas-pela-comissao-de-transporte-da-camara-para-o-transporte-publico-de-alagoinhas\\\/#webpage\"},\"isPartOf\":{\"@id\":\"https:\\\/\\\/newsinfoco.com.br\\\/inicio\\\/tarifa-social-e-aplicativo-de-localizacao-de-onibus-em-tempo-real-as-solucoes-apontadas-pela-comissao-de-transporte-da-camara-para-o-transporte-publico-de-alagoinhas\\\/#webpage\"},\"articleSection\":\"Alagoinhas e Regi\\u00e3o, Manchete\"},{\"@type\":\"BreadcrumbList\",\"@id\":\"https:\\\/\\\/newsinfoco.com.br\\\/inicio\\\/tarifa-social-e-aplicativo-de-localizacao-de-onibus-em-tempo-real-as-solucoes-apontadas-pela-comissao-de-transporte-da-camara-para-o-transporte-publico-de-alagoinhas\\\/#breadcrumblist\",\"itemListElement\":[{\"@type\":\"ListItem\",\"@id\":\"https:\\\/\\\/newsinfoco.com.br\\\/inicio#listItem\",\"position\":1,\"name\":\"In\\u00edcio\",\"item\":\"https:\\\/\\\/newsinfoco.com.br\\\/inicio\",\"nextItem\":{\"@type\":\"ListItem\",\"@id\":\"https:\\\/\\\/newsinfoco.com.br\\\/inicio\\\/category\\\/alagoinhas-e-regiao\\\/#listItem\",\"name\":\"Alagoinhas e Regi\\u00e3o\"}},{\"@type\":\"ListItem\",\"@id\":\"https:\\\/\\\/newsinfoco.com.br\\\/inicio\\\/category\\\/alagoinhas-e-regiao\\\/#listItem\",\"position\":2,\"name\":\"Alagoinhas e Regi\\u00e3o\",\"item\":\"https:\\\/\\\/newsinfoco.com.br\\\/inicio\\\/category\\\/alagoinhas-e-regiao\\\/\",\"nextItem\":{\"@type\":\"ListItem\",\"@id\":\"https:\\\/\\\/newsinfoco.com.br\\\/inicio\\\/tarifa-social-e-aplicativo-de-localizacao-de-onibus-em-tempo-real-as-solucoes-apontadas-pela-comissao-de-transporte-da-camara-para-o-transporte-publico-de-alagoinhas\\\/#listItem\",\"name\":\"Tarifa Social e aplicativo de localiza\\u00e7\\u00e3o de \\u00f4nibus em tempo real: as solu\\u00e7\\u00f5es apontadas pela Comiss\\u00e3o de Transporte da C\\u00e2mara para o transporte p\\u00fablico de Alagoinhas\"},\"previousItem\":{\"@type\":\"ListItem\",\"@id\":\"https:\\\/\\\/newsinfoco.com.br\\\/inicio#listItem\",\"name\":\"In\\u00edcio\"}},{\"@type\":\"ListItem\",\"@id\":\"https:\\\/\\\/newsinfoco.com.br\\\/inicio\\\/tarifa-social-e-aplicativo-de-localizacao-de-onibus-em-tempo-real-as-solucoes-apontadas-pela-comissao-de-transporte-da-camara-para-o-transporte-publico-de-alagoinhas\\\/#listItem\",\"position\":3,\"name\":\"Tarifa Social e aplicativo de localiza\\u00e7\\u00e3o de \\u00f4nibus em tempo real: as solu\\u00e7\\u00f5es apontadas pela Comiss\\u00e3o de Transporte da C\\u00e2mara para o transporte p\\u00fablico de Alagoinhas\",\"previousItem\":{\"@type\":\"ListItem\",\"@id\":\"https:\\\/\\\/newsinfoco.com.br\\\/inicio\\\/category\\\/alagoinhas-e-regiao\\\/#listItem\",\"name\":\"Alagoinhas e Regi\\u00e3o\"}}]},{\"@type\":\"Organization\",\"@id\":\"https:\\\/\\\/newsinfoco.com.br\\\/inicio\\\/#organization\",\"name\":\"News In Foco - Editado por Caio Pimenta\",\"description\":\"O principal site de noticias de Alagoinhas e regi\\u00e3o\",\"url\":\"https:\\\/\\\/newsinfoco.com.br\\\/inicio\\\/\"},{\"@type\":\"Person\",\"@id\":\"https:\\\/\\\/newsinfoco.com.br\\\/inicio\\\/author\\\/administrador\\\/#author\",\"url\":\"https:\\\/\\\/newsinfoco.com.br\\\/inicio\\\/author\\\/administrador\\\/\",\"name\":\"administrador\",\"image\":{\"@type\":\"ImageObject\",\"@id\":\"https:\\\/\\\/newsinfoco.com.br\\\/inicio\\\/tarifa-social-e-aplicativo-de-localizacao-de-onibus-em-tempo-real-as-solucoes-apontadas-pela-comissao-de-transporte-da-camara-para-o-transporte-publico-de-alagoinhas\\\/#authorImage\",\"url\":\"https:\\\/\\\/secure.gravatar.com\\\/avatar\\\/c17a617433de8c1dc9584bb79aab7563b46f5bb7e1728c9b17d9cc3ce6a08e49?s=96&d=mm&r=g\",\"width\":96,\"height\":96,\"caption\":\"administrador\"}},{\"@type\":\"WebPage\",\"@id\":\"https:\\\/\\\/newsinfoco.com.br\\\/inicio\\\/tarifa-social-e-aplicativo-de-localizacao-de-onibus-em-tempo-real-as-solucoes-apontadas-pela-comissao-de-transporte-da-camara-para-o-transporte-publico-de-alagoinhas\\\/#webpage\",\"url\":\"https:\\\/\\\/newsinfoco.com.br\\\/inicio\\\/tarifa-social-e-aplicativo-de-localizacao-de-onibus-em-tempo-real-as-solucoes-apontadas-pela-comissao-de-transporte-da-camara-para-o-transporte-publico-de-alagoinhas\\\/\",\"name\":\"Tarifa Social e aplicativo de localiza\\u00e7\\u00e3o de \\u00f4nibus em tempo real: as solu\\u00e7\\u00f5es apontadas pela Comiss\\u00e3o de Transporte da C\\u00e2mara para o transporte p\\u00fablico de Alagoinhas - News In Foco - Editado por Caio Pimenta\",\"description\":\"A cria\\u00e7\\u00e3o de um programa de tarifa social e a elabora\\u00e7\\u00e3o de um aplicativo que permita ao usu\\u00e1rio do transporte p\\u00fablico de Alagoinhas saber a localiza\\u00e7\\u00e3o exata do \\u00f4nibus e o tempo estimado de chegada nos pontos de coletivos s\\u00e3o algumas das principais solu\\u00e7\\u00f5es apontadas pela Comiss\\u00e3o de Transportes da C\\u00e2mara Municipal para melhoria do\",\"inLanguage\":\"pt-BR\",\"isPartOf\":{\"@id\":\"https:\\\/\\\/newsinfoco.com.br\\\/inicio\\\/#website\"},\"breadcrumb\":{\"@id\":\"https:\\\/\\\/newsinfoco.com.br\\\/inicio\\\/tarifa-social-e-aplicativo-de-localizacao-de-onibus-em-tempo-real-as-solucoes-apontadas-pela-comissao-de-transporte-da-camara-para-o-transporte-publico-de-alagoinhas\\\/#breadcrumblist\"},\"author\":{\"@id\":\"https:\\\/\\\/newsinfoco.com.br\\\/inicio\\\/author\\\/administrador\\\/#author\"},\"creator\":{\"@id\":\"https:\\\/\\\/newsinfoco.com.br\\\/inicio\\\/author\\\/administrador\\\/#author\"},\"image\":{\"@type\":\"ImageObject\",\"url\":\"https:\\\/\\\/newsinfoco.com.br\\\/inicio\\\/wp-content\\\/uploads\\\/2023\\\/03\\\/comissao.jpg\",\"@id\":\"https:\\\/\\\/newsinfoco.com.br\\\/inicio\\\/tarifa-social-e-aplicativo-de-localizacao-de-onibus-em-tempo-real-as-solucoes-apontadas-pela-comissao-de-transporte-da-camara-para-o-transporte-publico-de-alagoinhas\\\/#mainImage\",\"width\":800,\"height\":600},\"primaryImageOfPage\":{\"@id\":\"https:\\\/\\\/newsinfoco.com.br\\\/inicio\\\/tarifa-social-e-aplicativo-de-localizacao-de-onibus-em-tempo-real-as-solucoes-apontadas-pela-comissao-de-transporte-da-camara-para-o-transporte-publico-de-alagoinhas\\\/#mainImage\"},\"datePublished\":\"2023-03-02T13:37:03-03:00\",\"dateModified\":\"2023-03-02T13:37:03-03:00\"},{\"@type\":\"WebSite\",\"@id\":\"https:\\\/\\\/newsinfoco.com.br\\\/inicio\\\/#website\",\"url\":\"https:\\\/\\\/newsinfoco.com.br\\\/inicio\\\/\",\"name\":\"News In Foco - Editado por Caio Pimenta\",\"description\":\"O principal site de noticias de Alagoinhas e regi\\u00e3o\",\"inLanguage\":\"pt-BR\",\"publisher\":{\"@id\":\"https:\\\/\\\/newsinfoco.com.br\\\/inicio\\\/#organization\"}}]}\n\t\t<\/script>\n\t\t<!-- All in One SEO -->\n\n","aioseo_head_json":{"title":"Tarifa Social e aplicativo de localiza\u00e7\u00e3o de \u00f4nibus em tempo real: as solu\u00e7\u00f5es apontadas pela Comiss\u00e3o de Transporte da C\u00e2mara para o transporte p\u00fablico de Alagoinhas - News In Foco - Editado por Caio Pimenta","description":"A cria\u00e7\u00e3o de um programa de tarifa social e a elabora\u00e7\u00e3o de um aplicativo que permita ao usu\u00e1rio do transporte p\u00fablico de Alagoinhas saber a localiza\u00e7\u00e3o exata do \u00f4nibus e o tempo estimado de chegada nos pontos de coletivos s\u00e3o algumas das principais solu\u00e7\u00f5es apontadas pela Comiss\u00e3o de Transportes da C\u00e2mara Municipal para melhoria do","canonical_url":"https:\/\/newsinfoco.com.br\/inicio\/tarifa-social-e-aplicativo-de-localizacao-de-onibus-em-tempo-real-as-solucoes-apontadas-pela-comissao-de-transporte-da-camara-para-o-transporte-publico-de-alagoinhas\/","robots":"max-image-preview:large","keywords":"","webmasterTools":{"miscellaneous":""},"schema":{"@context":"https:\/\/schema.org","@graph":[{"@type":"BlogPosting","@id":"https:\/\/newsinfoco.com.br\/inicio\/tarifa-social-e-aplicativo-de-localizacao-de-onibus-em-tempo-real-as-solucoes-apontadas-pela-comissao-de-transporte-da-camara-para-o-transporte-publico-de-alagoinhas\/#blogposting","name":"Tarifa Social e aplicativo de localiza\u00e7\u00e3o de \u00f4nibus em tempo real: as solu\u00e7\u00f5es apontadas pela Comiss\u00e3o de Transporte da C\u00e2mara para o transporte p\u00fablico de Alagoinhas - News In Foco - Editado por Caio Pimenta","headline":"Tarifa Social e aplicativo de localiza\u00e7\u00e3o de \u00f4nibus em tempo real: as solu\u00e7\u00f5es apontadas pela Comiss\u00e3o de Transporte da C\u00e2mara para o transporte p\u00fablico de Alagoinhas","author":{"@id":"https:\/\/newsinfoco.com.br\/inicio\/author\/administrador\/#author"},"publisher":{"@id":"https:\/\/newsinfoco.com.br\/inicio\/#organization"},"image":{"@type":"ImageObject","url":"https:\/\/newsinfoco.com.br\/inicio\/wp-content\/uploads\/2023\/03\/comissao.jpg","width":800,"height":600},"datePublished":"2023-03-02T13:37:03-03:00","dateModified":"2023-03-02T13:37:03-03:00","inLanguage":"pt-BR","mainEntityOfPage":{"@id":"https:\/\/newsinfoco.com.br\/inicio\/tarifa-social-e-aplicativo-de-localizacao-de-onibus-em-tempo-real-as-solucoes-apontadas-pela-comissao-de-transporte-da-camara-para-o-transporte-publico-de-alagoinhas\/#webpage"},"isPartOf":{"@id":"https:\/\/newsinfoco.com.br\/inicio\/tarifa-social-e-aplicativo-de-localizacao-de-onibus-em-tempo-real-as-solucoes-apontadas-pela-comissao-de-transporte-da-camara-para-o-transporte-publico-de-alagoinhas\/#webpage"},"articleSection":"Alagoinhas e Regi\u00e3o, Manchete"},{"@type":"BreadcrumbList","@id":"https:\/\/newsinfoco.com.br\/inicio\/tarifa-social-e-aplicativo-de-localizacao-de-onibus-em-tempo-real-as-solucoes-apontadas-pela-comissao-de-transporte-da-camara-para-o-transporte-publico-de-alagoinhas\/#breadcrumblist","itemListElement":[{"@type":"ListItem","@id":"https:\/\/newsinfoco.com.br\/inicio#listItem","position":1,"name":"In\u00edcio","item":"https:\/\/newsinfoco.com.br\/inicio","nextItem":{"@type":"ListItem","@id":"https:\/\/newsinfoco.com.br\/inicio\/category\/alagoinhas-e-regiao\/#listItem","name":"Alagoinhas e Regi\u00e3o"}},{"@type":"ListItem","@id":"https:\/\/newsinfoco.com.br\/inicio\/category\/alagoinhas-e-regiao\/#listItem","position":2,"name":"Alagoinhas e Regi\u00e3o","item":"https:\/\/newsinfoco.com.br\/inicio\/category\/alagoinhas-e-regiao\/","nextItem":{"@type":"ListItem","@id":"https:\/\/newsinfoco.com.br\/inicio\/tarifa-social-e-aplicativo-de-localizacao-de-onibus-em-tempo-real-as-solucoes-apontadas-pela-comissao-de-transporte-da-camara-para-o-transporte-publico-de-alagoinhas\/#listItem","name":"Tarifa Social e aplicativo de localiza\u00e7\u00e3o de \u00f4nibus em tempo real: as solu\u00e7\u00f5es apontadas pela Comiss\u00e3o de Transporte da C\u00e2mara para o transporte p\u00fablico de Alagoinhas"},"previousItem":{"@type":"ListItem","@id":"https:\/\/newsinfoco.com.br\/inicio#listItem","name":"In\u00edcio"}},{"@type":"ListItem","@id":"https:\/\/newsinfoco.com.br\/inicio\/tarifa-social-e-aplicativo-de-localizacao-de-onibus-em-tempo-real-as-solucoes-apontadas-pela-comissao-de-transporte-da-camara-para-o-transporte-publico-de-alagoinhas\/#listItem","position":3,"name":"Tarifa Social e aplicativo de localiza\u00e7\u00e3o de \u00f4nibus em tempo real: as solu\u00e7\u00f5es apontadas pela Comiss\u00e3o de Transporte da C\u00e2mara para o transporte p\u00fablico de Alagoinhas","previousItem":{"@type":"ListItem","@id":"https:\/\/newsinfoco.com.br\/inicio\/category\/alagoinhas-e-regiao\/#listItem","name":"Alagoinhas e Regi\u00e3o"}}]},{"@type":"Organization","@id":"https:\/\/newsinfoco.com.br\/inicio\/#organization","name":"News In Foco - Editado por Caio Pimenta","description":"O principal site de noticias de Alagoinhas e regi\u00e3o","url":"https:\/\/newsinfoco.com.br\/inicio\/"},{"@type":"Person","@id":"https:\/\/newsinfoco.com.br\/inicio\/author\/administrador\/#author","url":"https:\/\/newsinfoco.com.br\/inicio\/author\/administrador\/","name":"administrador","image":{"@type":"ImageObject","@id":"https:\/\/newsinfoco.com.br\/inicio\/tarifa-social-e-aplicativo-de-localizacao-de-onibus-em-tempo-real-as-solucoes-apontadas-pela-comissao-de-transporte-da-camara-para-o-transporte-publico-de-alagoinhas\/#authorImage","url":"https:\/\/secure.gravatar.com\/avatar\/c17a617433de8c1dc9584bb79aab7563b46f5bb7e1728c9b17d9cc3ce6a08e49?s=96&d=mm&r=g","width":96,"height":96,"caption":"administrador"}},{"@type":"WebPage","@id":"https:\/\/newsinfoco.com.br\/inicio\/tarifa-social-e-aplicativo-de-localizacao-de-onibus-em-tempo-real-as-solucoes-apontadas-pela-comissao-de-transporte-da-camara-para-o-transporte-publico-de-alagoinhas\/#webpage","url":"https:\/\/newsinfoco.com.br\/inicio\/tarifa-social-e-aplicativo-de-localizacao-de-onibus-em-tempo-real-as-solucoes-apontadas-pela-comissao-de-transporte-da-camara-para-o-transporte-publico-de-alagoinhas\/","name":"Tarifa Social e aplicativo de localiza\u00e7\u00e3o de \u00f4nibus em tempo real: as solu\u00e7\u00f5es apontadas pela Comiss\u00e3o de Transporte da C\u00e2mara para o transporte p\u00fablico de Alagoinhas - News In Foco - Editado por Caio Pimenta","description":"A cria\u00e7\u00e3o de um programa de tarifa social e a elabora\u00e7\u00e3o de um aplicativo que permita ao usu\u00e1rio do transporte p\u00fablico de Alagoinhas saber a localiza\u00e7\u00e3o exata do \u00f4nibus e o tempo estimado de chegada nos pontos de coletivos s\u00e3o algumas das principais solu\u00e7\u00f5es apontadas pela Comiss\u00e3o de Transportes da C\u00e2mara Municipal para melhoria do","inLanguage":"pt-BR","isPartOf":{"@id":"https:\/\/newsinfoco.com.br\/inicio\/#website"},"breadcrumb":{"@id":"https:\/\/newsinfoco.com.br\/inicio\/tarifa-social-e-aplicativo-de-localizacao-de-onibus-em-tempo-real-as-solucoes-apontadas-pela-comissao-de-transporte-da-camara-para-o-transporte-publico-de-alagoinhas\/#breadcrumblist"},"author":{"@id":"https:\/\/newsinfoco.com.br\/inicio\/author\/administrador\/#author"},"creator":{"@id":"https:\/\/newsinfoco.com.br\/inicio\/author\/administrador\/#author"},"image":{"@type":"ImageObject","url":"https:\/\/newsinfoco.com.br\/inicio\/wp-content\/uploads\/2023\/03\/comissao.jpg","@id":"https:\/\/newsinfoco.com.br\/inicio\/tarifa-social-e-aplicativo-de-localizacao-de-onibus-em-tempo-real-as-solucoes-apontadas-pela-comissao-de-transporte-da-camara-para-o-transporte-publico-de-alagoinhas\/#mainImage","width":800,"height":600},"primaryImageOfPage":{"@id":"https:\/\/newsinfoco.com.br\/inicio\/tarifa-social-e-aplicativo-de-localizacao-de-onibus-em-tempo-real-as-solucoes-apontadas-pela-comissao-de-transporte-da-camara-para-o-transporte-publico-de-alagoinhas\/#mainImage"},"datePublished":"2023-03-02T13:37:03-03:00","dateModified":"2023-03-02T13:37:03-03:00"},{"@type":"WebSite","@id":"https:\/\/newsinfoco.com.br\/inicio\/#website","url":"https:\/\/newsinfoco.com.br\/inicio\/","name":"News In Foco - Editado por Caio Pimenta","description":"O principal site de noticias de Alagoinhas e regi\u00e3o","inLanguage":"pt-BR","publisher":{"@id":"https:\/\/newsinfoco.com.br\/inicio\/#organization"}}]},"og:locale":"pt_BR","og:site_name":"News In Foco - Editado por Caio Pimenta - O principal site de noticias de Alagoinhas e regi\u00e3o","og:type":"article","og:title":"Tarifa Social e aplicativo de localiza\u00e7\u00e3o de \u00f4nibus em tempo real: as solu\u00e7\u00f5es apontadas pela Comiss\u00e3o de Transporte da C\u00e2mara para o transporte p\u00fablico de Alagoinhas - News In Foco - Editado por Caio Pimenta","og:description":"A cria\u00e7\u00e3o de um programa de tarifa social e a elabora\u00e7\u00e3o de um aplicativo que permita ao usu\u00e1rio do transporte p\u00fablico de Alagoinhas saber a localiza\u00e7\u00e3o exata do \u00f4nibus e o tempo estimado de chegada nos pontos de coletivos s\u00e3o algumas das principais solu\u00e7\u00f5es apontadas pela Comiss\u00e3o de Transportes da C\u00e2mara Municipal para melhoria do","og:url":"https:\/\/newsinfoco.com.br\/inicio\/tarifa-social-e-aplicativo-de-localizacao-de-onibus-em-tempo-real-as-solucoes-apontadas-pela-comissao-de-transporte-da-camara-para-o-transporte-publico-de-alagoinhas\/","article:published_time":"2023-03-02T16:37:03+00:00","article:modified_time":"2023-03-02T16:37:03+00:00","twitter:card":"summary_large_image","twitter:title":"Tarifa Social e aplicativo de localiza\u00e7\u00e3o de \u00f4nibus em tempo real: as solu\u00e7\u00f5es apontadas pela Comiss\u00e3o de Transporte da C\u00e2mara para o transporte p\u00fablico de Alagoinhas - News In Foco - Editado por Caio Pimenta","twitter:description":"A cria\u00e7\u00e3o de um programa de tarifa social e a elabora\u00e7\u00e3o de um aplicativo que permita ao usu\u00e1rio do transporte p\u00fablico de Alagoinhas saber a localiza\u00e7\u00e3o exata do \u00f4nibus e o tempo estimado de chegada nos pontos de coletivos s\u00e3o algumas das principais solu\u00e7\u00f5es apontadas pela Comiss\u00e3o de Transportes da C\u00e2mara Municipal para melhoria do"},"aioseo_meta_data":{"post_id":"33208","title":null,"description":null,"keywords":null,"keyphrases":null,"primary_term":null,"canonical_url":null,"og_title":null,"og_description":null,"og_object_type":"default","og_image_type":"default","og_image_url":null,"og_image_width":null,"og_image_height":null,"og_image_custom_url":null,"og_image_custom_fields":null,"og_video":null,"og_custom_url":null,"og_article_section":null,"og_article_tags":null,"twitter_use_og":false,"twitter_card":"default","twitter_image_type":"default","twitter_image_url":null,"twitter_image_custom_url":null,"twitter_image_custom_fields":null,"twitter_title":null,"twitter_description":null,"schema":{"blockGraphs":[],"customGraphs":[],"default":{"data":{"Article":[],"Course":[],"Dataset":[],"FAQPage":[],"Movie":[],"Person":[],"Product":[],"ProductReview":[],"Car":[],"Recipe":[],"Service":[],"SoftwareApplication":[],"WebPage":[]},"graphName":"","isEnabled":true},"graphs":[]},"schema_type":"default","schema_type_options":null,"pillar_content":false,"robots_default":true,"robots_noindex":false,"robots_noarchive":false,"robots_nosnippet":false,"robots_nofollow":false,"robots_noimageindex":false,"robots_noodp":false,"robots_notranslate":false,"robots_max_snippet":null,"robots_max_videopreview":null,"robots_max_imagepreview":"large","priority":null,"frequency":null,"local_seo":null,"breadcrumb_settings":null,"limit_modified_date":false,"ai":null,"created":"2023-06-12 22:59:35","updated":"2025-07-11 09:15:50","seo_analyzer_scan_date":null},"aioseo_breadcrumb":"<div class=\"aioseo-breadcrumbs\"><span class=\"aioseo-breadcrumb\">\n\t\t\t<a href=\"https:\/\/newsinfoco.com.br\/inicio\" title=\"In\u00edcio\">In\u00edcio<\/a>\n\t\t<\/span><span class=\"aioseo-breadcrumb-separator\">&raquo;<\/span><span class=\"aioseo-breadcrumb\">\n\t\t\t<a href=\"https:\/\/newsinfoco.com.br\/inicio\/category\/alagoinhas-e-regiao\/\" title=\"Alagoinhas e Regi\u00e3o\">Alagoinhas e Regi\u00e3o<\/a>\n\t\t<\/span><span class=\"aioseo-breadcrumb-separator\">&raquo;<\/span><span class=\"aioseo-breadcrumb\">\n\t\t\tTarifa Social e aplicativo de localiza\u00e7\u00e3o de \u00f4nibus em tempo real: as solu\u00e7\u00f5es apontadas pela Comiss\u00e3o de Transporte da C\u00e2mara para o transporte p\u00fablico de Alagoinhas\n\t\t<\/span><\/div>","aioseo_breadcrumb_json":[{"label":"In\u00edcio","link":"https:\/\/newsinfoco.com.br\/inicio"},{"label":"Alagoinhas e Regi\u00e3o","link":"https:\/\/newsinfoco.com.br\/inicio\/category\/alagoinhas-e-regiao\/"},{"label":"Tarifa Social e aplicativo de localiza\u00e7\u00e3o de \u00f4nibus em tempo real: as solu\u00e7\u00f5es apontadas pela Comiss\u00e3o de Transporte da C\u00e2mara para o transporte p\u00fablico de Alagoinhas","link":"https:\/\/newsinfoco.com.br\/inicio\/tarifa-social-e-aplicativo-de-localizacao-de-onibus-em-tempo-real-as-solucoes-apontadas-pela-comissao-de-transporte-da-camara-para-o-transporte-publico-de-alagoinhas\/"}],"_links":{"self":[{"href":"https:\/\/newsinfoco.com.br\/inicio\/wp-json\/wp\/v2\/posts\/33208","targetHints":{"allow":["GET"]}}],"collection":[{"href":"https:\/\/newsinfoco.com.br\/inicio\/wp-json\/wp\/v2\/posts"}],"about":[{"href":"https:\/\/newsinfoco.com.br\/inicio\/wp-json\/wp\/v2\/types\/post"}],"author":[{"embeddable":true,"href":"https:\/\/newsinfoco.com.br\/inicio\/wp-json\/wp\/v2\/users\/1"}],"replies":[{"embeddable":true,"href":"https:\/\/newsinfoco.com.br\/inicio\/wp-json\/wp\/v2\/comments?post=33208"}],"version-history":[{"count":1,"href":"https:\/\/newsinfoco.com.br\/inicio\/wp-json\/wp\/v2\/posts\/33208\/revisions"}],"predecessor-version":[{"id":33210,"href":"https:\/\/newsinfoco.com.br\/inicio\/wp-json\/wp\/v2\/posts\/33208\/revisions\/33210"}],"wp:featuredmedia":[{"embeddable":true,"href":"https:\/\/newsinfoco.com.br\/inicio\/wp-json\/wp\/v2\/media\/33209"}],"wp:attachment":[{"href":"https:\/\/newsinfoco.com.br\/inicio\/wp-json\/wp\/v2\/media?parent=33208"}],"wp:term":[{"taxonomy":"category","embeddable":true,"href":"https:\/\/newsinfoco.com.br\/inicio\/wp-json\/wp\/v2\/categories?post=33208"},{"taxonomy":"post_tag","embeddable":true,"href":"https:\/\/newsinfoco.com.br\/inicio\/wp-json\/wp\/v2\/tags?post=33208"}],"curies":[{"name":"wp","href":"https:\/\/api.w.org\/{rel}","templated":true}]}}