{"id":33211,"date":"2023-03-02T17:21:30","date_gmt":"2023-03-02T20:21:30","guid":{"rendered":"https:\/\/newsinfoco.com.br\/inicio\/?p=33211"},"modified":"2023-03-02T17:21:30","modified_gmt":"2023-03-02T20:21:30","slug":"silvania-soares-e-eleita-comandante-da-guarda-civil-municipal-de-alagoinhas","status":"publish","type":"post","link":"https:\/\/newsinfoco.com.br\/inicio\/silvania-soares-e-eleita-comandante-da-guarda-civil-municipal-de-alagoinhas\/","title":{"rendered":"Silv\u00e2nia Soares \u00e9 eleita comandante da Guarda Civil Municipal de Alagoinhas"},"content":{"rendered":"<p>A Guarda Civil Municipal (GCM) de Alagoinhas elegeu nesta quinta-feira (02) sua nova comandante geral, Silv\u00e2nia Soares. A escolha foi feita de forma democr\u00e1tica, por meio de voto secreto, dispon\u00edvel a todos os integrantes do efetivo fixo da\u00a0corpora\u00e7\u00e3o.<\/p>\n<p>A comandante eleita \u00e9 integrante da GCM h\u00e1 17 anos,\u00a0graduada em Administra\u00e7\u00e3o P\u00fablica, com forma\u00e7\u00e3o tecn\u00f3loga em Seguran\u00e7a P\u00fablica e p\u00f3s-graduada em Guarda Municipal.\u00a0O objetivo de Silv\u00e2nia no novo cargo \u00e9 promover o crescimento da institui\u00e7\u00e3o, trazendo melhorias para a corpora\u00e7\u00e3o. \u201cEu pretendo priorizar o servidor. Para isso, vamos dialogar com os colegas para saber a necessidade de cada um em seu posto de servi\u00e7o. Vamos fazer um trabalho voltado para o servidor, que atenda as necessidades dos mun\u00edcipes. Quando o servidor faz um bom trabalho, a sociedade agradece\u201d, explica a eleita.<\/p>\n<h4>Escolha da Corpora\u00e7\u00e3o<\/h4>\n<p>De acordo com a Lei Federal 13.022\/2014<em><strong>,<\/strong><\/em>\u00a0a escolha do ocupante do cargo de Comando da Guarda Municipal \u00e9 uma prerrogativa do poder Executivo. Contudo, o prefeito Joaquim Neto implementou a pr\u00e1tica que permite que os pr\u00f3prios guardas elejam, dentre eles, o seu l\u00edder . \u201cN\u00f3s j\u00e1 fizemos v\u00e1rios atos em dire\u00e7\u00e3o a valoriza\u00e7\u00e3o de nossos funcion\u00e1rios efetivos. E tivemos \u00eaxito em propiciar \u00e0 Guarda a escolha democr\u00e1tica de seu comandante\u201d, avalia Joaquim, que esteve presente na elei\u00e7\u00e3o. A proposta \u00e9 que um novo comandante de carreira seja eleito a cada bi\u00eanio.<\/p>\n<div id=\"attachment_63717\" class=\"wp-caption aligncenter\"><a class=\"group1 cboxElement\" href=\"https:\/\/www.alagoinhas.ba.gov.br\/wp-content\/uploads\/2023\/03\/WhatsApp-Image-2023-03-02-at-09.22.20.jpeg\"><img loading=\"lazy\" decoding=\"async\" class=\"wp-image-63717 size-large\" src=\"https:\/\/www.alagoinhas.ba.gov.br\/wp-content\/uploads\/2023\/03\/WhatsApp-Image-2023-03-02-at-09.22.20-1024x682.jpeg\" sizes=\"auto, (max-width: 800px) 100vw, 800px\" srcset=\"https:\/\/www.alagoinhas.ba.gov.br\/wp-content\/uploads\/2023\/03\/WhatsApp-Image-2023-03-02-at-09.22.20-1024x682.jpeg 1024w, https:\/\/www.alagoinhas.ba.gov.br\/wp-content\/uploads\/2023\/03\/WhatsApp-Image-2023-03-02-at-09.22.20-300x200.jpeg 300w, https:\/\/www.alagoinhas.ba.gov.br\/wp-content\/uploads\/2023\/03\/WhatsApp-Image-2023-03-02-at-09.22.20-768x512.jpeg 768w, https:\/\/www.alagoinhas.ba.gov.br\/wp-content\/uploads\/2023\/03\/WhatsApp-Image-2023-03-02-at-09.22.20-105x70.jpeg 105w, https:\/\/www.alagoinhas.ba.gov.br\/wp-content\/uploads\/2023\/03\/WhatsApp-Image-2023-03-02-at-09.22.20.jpeg 1600w\" alt=\"\" width=\"800\" height=\"533\" \/><\/a><\/p>\n<p class=\"wp-caption-text\">As duas candidatas ao cargo de Comando da GCM ao lado do atual comandante, Salvador dos Santos, e do prefeito Joaquim Neto.<\/p>\n<\/div>\n<p>As inscri\u00e7\u00f5es para participar do pleito foram abertas para todos os guardas. Ao final do per\u00edodo de inscri\u00e7\u00f5es, a disputa ficou entre duas candidatas: Silv\u00e2nia Soares, atual subcomandante da GCM, que recebeu 82 votos v\u00e1lidos, e Mariane Bina, atual coordenadora da equipe do Grupamento Patrimonial, com 68 votos. Houve cinco votos nulos e cinco votantes ausentes.<\/p>\n<p>Os tr\u00e2mites da elei\u00e7\u00e3o foram organizados e fiscalizados pela\u00a0Secretaria de Administra\u00e7\u00e3o Municipal (SEMAD), Chefia de Gabinete, Ouvidoria Municipal, Comando Geral da GCM e pelo Sindicato dos Trabalhadores do Servi\u00e7o P\u00fablico Municipal de Alagoinhas (SIMPA).<\/p>\n<p><a class=\"group1 cboxElement\" href=\"https:\/\/www.alagoinhas.ba.gov.br\/wp-content\/uploads\/2023\/03\/WhatsApp-Image-2023-03-02-at-09.23.57-3.jpeg\"><img loading=\"lazy\" decoding=\"async\" class=\"aligncenter size-large wp-image-63727\" src=\"https:\/\/www.alagoinhas.ba.gov.br\/wp-content\/uploads\/2023\/03\/WhatsApp-Image-2023-03-02-at-09.23.57-3-1024x682.jpeg\" sizes=\"auto, (max-width: 800px) 100vw, 800px\" srcset=\"https:\/\/www.alagoinhas.ba.gov.br\/wp-content\/uploads\/2023\/03\/WhatsApp-Image-2023-03-02-at-09.23.57-3-1024x682.jpeg 1024w, https:\/\/www.alagoinhas.ba.gov.br\/wp-content\/uploads\/2023\/03\/WhatsApp-Image-2023-03-02-at-09.23.57-3-300x200.jpeg 300w, https:\/\/www.alagoinhas.ba.gov.br\/wp-content\/uploads\/2023\/03\/WhatsApp-Image-2023-03-02-at-09.23.57-3-768x512.jpeg 768w, https:\/\/www.alagoinhas.ba.gov.br\/wp-content\/uploads\/2023\/03\/WhatsApp-Image-2023-03-02-at-09.23.57-3-105x70.jpeg 105w, https:\/\/www.alagoinhas.ba.gov.br\/wp-content\/uploads\/2023\/03\/WhatsApp-Image-2023-03-02-at-09.23.57-3.jpeg 1600w\" alt=\"\" width=\"800\" height=\"533\" \/><\/a><\/p>\n<p>Durante a vota\u00e7\u00e3o, que se estendeu das 8h \u00e0s 12h, na sede da corpora\u00e7\u00e3o, foi servido um caf\u00e9 da manh\u00e3 oferecido pela SEMAD, secretaria a qual est\u00e1 vinculada a GCM.<\/p>\n<p>Al\u00e9m do chefe do Executivo, acompanharam a elei\u00e7\u00e3o os secret\u00e1rios Luiz Carlos Prata (Administra\u00e7\u00e3o), Jo\u00e3o Rabelo (Governo), George Cabor\u00e9 (Agricultura), o Chefe de Gabinete Raimundo Queiroz e o Ouvidor do Munic\u00edpio David Ribeiro. Os vereadores Edy da Sa\u00fade, M\u00e1rcio da Cavada e Juracy Nascimento tamb\u00e9m estiveram presentes no pleito.<\/p>\n<p>Fotos: Roberto Fonseca<\/p>\n<p><a class=\"group1 cboxElement\" href=\"https:\/\/www.alagoinhas.ba.gov.br\/wp-content\/uploads\/2023\/03\/WhatsApp-Image-2023-03-02-at-09.23.55-1.jpeg\"><img loading=\"lazy\" decoding=\"async\" class=\"aligncenter size-large wp-image-63718\" src=\"https:\/\/www.alagoinhas.ba.gov.br\/wp-content\/uploads\/2023\/03\/WhatsApp-Image-2023-03-02-at-09.23.55-1-1024x682.jpeg\" sizes=\"auto, (max-width: 800px) 100vw, 800px\" srcset=\"https:\/\/www.alagoinhas.ba.gov.br\/wp-content\/uploads\/2023\/03\/WhatsApp-Image-2023-03-02-at-09.23.55-1-1024x682.jpeg 1024w, https:\/\/www.alagoinhas.ba.gov.br\/wp-content\/uploads\/2023\/03\/WhatsApp-Image-2023-03-02-at-09.23.55-1-300x200.jpeg 300w, https:\/\/www.alagoinhas.ba.gov.br\/wp-content\/uploads\/2023\/03\/WhatsApp-Image-2023-03-02-at-09.23.55-1-768x512.jpeg 768w, https:\/\/www.alagoinhas.ba.gov.br\/wp-content\/uploads\/2023\/03\/WhatsApp-Image-2023-03-02-at-09.23.55-1-105x70.jpeg 105w, https:\/\/www.alagoinhas.ba.gov.br\/wp-content\/uploads\/2023\/03\/WhatsApp-Image-2023-03-02-at-09.23.55-1.jpeg 1600w\" alt=\"\" width=\"800\" height=\"533\" \/><\/a><\/p>\n<p><img loading=\"lazy\" decoding=\"async\" class=\"aligncenter size-large wp-image-63722\" src=\"https:\/\/www.alagoinhas.ba.gov.br\/wp-content\/uploads\/2023\/03\/WhatsApp-Image-2023-03-02-at-09.23.56-2-1024x682.jpeg\" sizes=\"auto, (max-width: 800px) 100vw, 800px\" srcset=\"https:\/\/www.alagoinhas.ba.gov.br\/wp-content\/uploads\/2023\/03\/WhatsApp-Image-2023-03-02-at-09.23.56-2-1024x682.jpeg 1024w, https:\/\/www.alagoinhas.ba.gov.br\/wp-content\/uploads\/2023\/03\/WhatsApp-Image-2023-03-02-at-09.23.56-2-300x200.jpeg 300w, https:\/\/www.alagoinhas.ba.gov.br\/wp-content\/uploads\/2023\/03\/WhatsApp-Image-2023-03-02-at-09.23.56-2-768x512.jpeg 768w, https:\/\/www.alagoinhas.ba.gov.br\/wp-content\/uploads\/2023\/03\/WhatsApp-Image-2023-03-02-at-09.23.56-2-105x70.jpeg 105w, https:\/\/www.alagoinhas.ba.gov.br\/wp-content\/uploads\/2023\/03\/WhatsApp-Image-2023-03-02-at-09.23.56-2.jpeg 1600w\" alt=\"\" width=\"800\" height=\"533\" \/><\/p>\n<p><img loading=\"lazy\" decoding=\"async\" class=\"aligncenter size-large wp-image-63723\" src=\"https:\/\/www.alagoinhas.ba.gov.br\/wp-content\/uploads\/2023\/03\/WhatsApp-Image-2023-03-02-at-09.23.56-3-1024x682.jpeg\" sizes=\"auto, (max-width: 800px) 100vw, 800px\" srcset=\"https:\/\/www.alagoinhas.ba.gov.br\/wp-content\/uploads\/2023\/03\/WhatsApp-Image-2023-03-02-at-09.23.56-3-1024x682.jpeg 1024w, https:\/\/www.alagoinhas.ba.gov.br\/wp-content\/uploads\/2023\/03\/WhatsApp-Image-2023-03-02-at-09.23.56-3-300x200.jpeg 300w, https:\/\/www.alagoinhas.ba.gov.br\/wp-content\/uploads\/2023\/03\/WhatsApp-Image-2023-03-02-at-09.23.56-3-768x512.jpeg 768w, https:\/\/www.alagoinhas.ba.gov.br\/wp-content\/uploads\/2023\/03\/WhatsApp-Image-2023-03-02-at-09.23.56-3-105x70.jpeg 105w, https:\/\/www.alagoinhas.ba.gov.br\/wp-content\/uploads\/2023\/03\/WhatsApp-Image-2023-03-02-at-09.23.56-3.jpeg 1600w\" alt=\"\" width=\"800\" height=\"533\" \/><\/p>\n<p>&nbsp;<\/p>\n<p>&nbsp;<\/p>\n<p>&nbsp;<\/p>\n<div class='share-to-whatsapp-wrapper'><div class='share-on-whsp'>Share on: <\/div><a data-text='Silv\u00e2nia Soares \u00e9 eleita comandante da Guarda Civil Municipal de Alagoinhas' data-link='https:\/\/newsinfoco.com.br\/inicio\/silvania-soares-e-eleita-comandante-da-guarda-civil-municipal-de-alagoinhas\/' class='whatsapp-button whatsapp-share'>WhatsApp<\/a><div class='clear '><\/div><\/div>","protected":false},"excerpt":{"rendered":"<p>A Guarda Civil Municipal (GCM) de Alagoinhas elegeu nesta quinta-feira (02) sua nova comandante geral, Silv\u00e2nia Soares. A escolha foi feita de forma democr\u00e1tica, por meio de voto secreto, dispon\u00edvel a todos os integrantes do efetivo fixo da\u00a0corpora\u00e7\u00e3o. A comandante eleita \u00e9 integrante da GCM h\u00e1 17 anos,\u00a0graduada em Administra\u00e7\u00e3o P\u00fablica, com forma\u00e7\u00e3o tecn\u00f3loga em [&hellip;]<\/p>\n","protected":false},"author":1,"featured_media":33212,"comment_status":"closed","ping_status":"closed","sticky":false,"template":"","format":"standard","meta":{"om_disable_all_campaigns":false,"rop_custom_images_group":[],"rop_custom_messages_group":[],"rop_publish_now":"initial","rop_publish_now_accounts":[],"rop_publish_now_history":[],"rop_publish_now_status":"pending","_exactmetrics_skip_tracking":false,"footnotes":""},"categories":[38,167],"tags":[],"class_list":["post-33211","post","type-post","status-publish","format-standard","has-post-thumbnail","hentry","category-alagoinhas-e-regiao","category-exclusivas"],"aioseo_notices":[],"aioseo_head":"\n\t\t<!-- All in One SEO 4.9.10 - aioseo.com -->\n\t<meta name=\"description\" content=\"A Guarda Civil Municipal (GCM) de Alagoinhas elegeu nesta quinta-feira (02) sua nova comandante geral, Silv\u00e2nia Soares. A escolha foi feita de forma democr\u00e1tica, por meio de voto secreto, dispon\u00edvel a todos os integrantes do efetivo fixo da corpora\u00e7\u00e3o. A comandante eleita \u00e9 integrante da GCM h\u00e1 17 anos, graduada em Administra\u00e7\u00e3o P\u00fablica, com forma\u00e7\u00e3o tecn\u00f3loga em\" \/>\n\t<meta name=\"robots\" content=\"max-image-preview:large\" \/>\n\t<meta name=\"author\" content=\"administrador\"\/>\n\t<link rel=\"canonical\" href=\"https:\/\/newsinfoco.com.br\/inicio\/silvania-soares-e-eleita-comandante-da-guarda-civil-municipal-de-alagoinhas\/\" \/>\n\t<meta name=\"generator\" content=\"All in One SEO (AIOSEO) 4.9.10\" \/>\n\t\t<meta property=\"og:locale\" content=\"pt_BR\" \/>\n\t\t<meta property=\"og:site_name\" content=\"News In Foco - Editado por Caio Pimenta - O principal site de noticias de Alagoinhas e regi\u00e3o\" \/>\n\t\t<meta property=\"og:type\" content=\"article\" \/>\n\t\t<meta property=\"og:title\" content=\"Silv\u00e2nia Soares \u00e9 eleita comandante da Guarda Civil Municipal de Alagoinhas - News In Foco - Editado por Caio Pimenta\" \/>\n\t\t<meta property=\"og:description\" content=\"A Guarda Civil Municipal (GCM) de Alagoinhas elegeu nesta quinta-feira (02) sua nova comandante geral, Silv\u00e2nia Soares. A escolha foi feita de forma democr\u00e1tica, por meio de voto secreto, dispon\u00edvel a todos os integrantes do efetivo fixo da corpora\u00e7\u00e3o. A comandante eleita \u00e9 integrante da GCM h\u00e1 17 anos, graduada em Administra\u00e7\u00e3o P\u00fablica, com forma\u00e7\u00e3o tecn\u00f3loga em\" \/>\n\t\t<meta property=\"og:url\" content=\"https:\/\/newsinfoco.com.br\/inicio\/silvania-soares-e-eleita-comandante-da-guarda-civil-municipal-de-alagoinhas\/\" \/>\n\t\t<meta property=\"article:published_time\" content=\"2023-03-02T20:21:30+00:00\" \/>\n\t\t<meta property=\"article:modified_time\" content=\"2023-03-02T20:21:30+00:00\" \/>\n\t\t<meta name=\"twitter:card\" content=\"summary_large_image\" \/>\n\t\t<meta name=\"twitter:title\" content=\"Silv\u00e2nia Soares \u00e9 eleita comandante da Guarda Civil Municipal de Alagoinhas - News In Foco - Editado por Caio Pimenta\" \/>\n\t\t<meta name=\"twitter:description\" content=\"A Guarda Civil Municipal (GCM) de Alagoinhas elegeu nesta quinta-feira (02) sua nova comandante geral, Silv\u00e2nia Soares. A escolha foi feita de forma democr\u00e1tica, por meio de voto secreto, dispon\u00edvel a todos os integrantes do efetivo fixo da corpora\u00e7\u00e3o. A comandante eleita \u00e9 integrante da GCM h\u00e1 17 anos, graduada em Administra\u00e7\u00e3o P\u00fablica, com forma\u00e7\u00e3o tecn\u00f3loga em\" \/>\n\t\t<script type=\"application\/ld+json\" class=\"aioseo-schema\">\n\t\t\t{\"@context\":\"https:\\\/\\\/schema.org\",\"@graph\":[{\"@type\":\"BlogPosting\",\"@id\":\"https:\\\/\\\/newsinfoco.com.br\\\/inicio\\\/silvania-soares-e-eleita-comandante-da-guarda-civil-municipal-de-alagoinhas\\\/#blogposting\",\"name\":\"Silv\\u00e2nia Soares \\u00e9 eleita comandante da Guarda Civil Municipal de Alagoinhas - News In Foco - Editado por Caio Pimenta\",\"headline\":\"Silv\\u00e2nia Soares \\u00e9 eleita comandante da Guarda Civil Municipal de Alagoinhas\",\"author\":{\"@id\":\"https:\\\/\\\/newsinfoco.com.br\\\/inicio\\\/author\\\/administrador\\\/#author\"},\"publisher\":{\"@id\":\"https:\\\/\\\/newsinfoco.com.br\\\/inicio\\\/#organization\"},\"image\":{\"@type\":\"ImageObject\",\"url\":\"https:\\\/\\\/newsinfoco.com.br\\\/inicio\\\/wp-content\\\/uploads\\\/2023\\\/03\\\/WhatsApp-Image-2023-03-02-at-09.23.56-550x368-1.jpeg\",\"width\":550,\"height\":368},\"datePublished\":\"2023-03-02T17:21:30-03:00\",\"dateModified\":\"2023-03-02T17:21:30-03:00\",\"inLanguage\":\"pt-BR\",\"mainEntityOfPage\":{\"@id\":\"https:\\\/\\\/newsinfoco.com.br\\\/inicio\\\/silvania-soares-e-eleita-comandante-da-guarda-civil-municipal-de-alagoinhas\\\/#webpage\"},\"isPartOf\":{\"@id\":\"https:\\\/\\\/newsinfoco.com.br\\\/inicio\\\/silvania-soares-e-eleita-comandante-da-guarda-civil-municipal-de-alagoinhas\\\/#webpage\"},\"articleSection\":\"Alagoinhas e Regi\\u00e3o, Manchete\"},{\"@type\":\"BreadcrumbList\",\"@id\":\"https:\\\/\\\/newsinfoco.com.br\\\/inicio\\\/silvania-soares-e-eleita-comandante-da-guarda-civil-municipal-de-alagoinhas\\\/#breadcrumblist\",\"itemListElement\":[{\"@type\":\"ListItem\",\"@id\":\"https:\\\/\\\/newsinfoco.com.br\\\/inicio#listItem\",\"position\":1,\"name\":\"In\\u00edcio\",\"item\":\"https:\\\/\\\/newsinfoco.com.br\\\/inicio\",\"nextItem\":{\"@type\":\"ListItem\",\"@id\":\"https:\\\/\\\/newsinfoco.com.br\\\/inicio\\\/category\\\/alagoinhas-e-regiao\\\/#listItem\",\"name\":\"Alagoinhas e Regi\\u00e3o\"}},{\"@type\":\"ListItem\",\"@id\":\"https:\\\/\\\/newsinfoco.com.br\\\/inicio\\\/category\\\/alagoinhas-e-regiao\\\/#listItem\",\"position\":2,\"name\":\"Alagoinhas e Regi\\u00e3o\",\"item\":\"https:\\\/\\\/newsinfoco.com.br\\\/inicio\\\/category\\\/alagoinhas-e-regiao\\\/\",\"nextItem\":{\"@type\":\"ListItem\",\"@id\":\"https:\\\/\\\/newsinfoco.com.br\\\/inicio\\\/silvania-soares-e-eleita-comandante-da-guarda-civil-municipal-de-alagoinhas\\\/#listItem\",\"name\":\"Silv\\u00e2nia Soares \\u00e9 eleita comandante da Guarda Civil Municipal de Alagoinhas\"},\"previousItem\":{\"@type\":\"ListItem\",\"@id\":\"https:\\\/\\\/newsinfoco.com.br\\\/inicio#listItem\",\"name\":\"In\\u00edcio\"}},{\"@type\":\"ListItem\",\"@id\":\"https:\\\/\\\/newsinfoco.com.br\\\/inicio\\\/silvania-soares-e-eleita-comandante-da-guarda-civil-municipal-de-alagoinhas\\\/#listItem\",\"position\":3,\"name\":\"Silv\\u00e2nia Soares \\u00e9 eleita comandante da Guarda Civil Municipal de Alagoinhas\",\"previousItem\":{\"@type\":\"ListItem\",\"@id\":\"https:\\\/\\\/newsinfoco.com.br\\\/inicio\\\/category\\\/alagoinhas-e-regiao\\\/#listItem\",\"name\":\"Alagoinhas e Regi\\u00e3o\"}}]},{\"@type\":\"Organization\",\"@id\":\"https:\\\/\\\/newsinfoco.com.br\\\/inicio\\\/#organization\",\"name\":\"News In Foco - Editado por Caio Pimenta\",\"description\":\"O principal site de noticias de Alagoinhas e regi\\u00e3o\",\"url\":\"https:\\\/\\\/newsinfoco.com.br\\\/inicio\\\/\"},{\"@type\":\"Person\",\"@id\":\"https:\\\/\\\/newsinfoco.com.br\\\/inicio\\\/author\\\/administrador\\\/#author\",\"url\":\"https:\\\/\\\/newsinfoco.com.br\\\/inicio\\\/author\\\/administrador\\\/\",\"name\":\"administrador\",\"image\":{\"@type\":\"ImageObject\",\"@id\":\"https:\\\/\\\/newsinfoco.com.br\\\/inicio\\\/silvania-soares-e-eleita-comandante-da-guarda-civil-municipal-de-alagoinhas\\\/#authorImage\",\"url\":\"https:\\\/\\\/secure.gravatar.com\\\/avatar\\\/c17a617433de8c1dc9584bb79aab7563b46f5bb7e1728c9b17d9cc3ce6a08e49?s=96&d=mm&r=g\",\"width\":96,\"height\":96,\"caption\":\"administrador\"}},{\"@type\":\"WebPage\",\"@id\":\"https:\\\/\\\/newsinfoco.com.br\\\/inicio\\\/silvania-soares-e-eleita-comandante-da-guarda-civil-municipal-de-alagoinhas\\\/#webpage\",\"url\":\"https:\\\/\\\/newsinfoco.com.br\\\/inicio\\\/silvania-soares-e-eleita-comandante-da-guarda-civil-municipal-de-alagoinhas\\\/\",\"name\":\"Silv\\u00e2nia Soares \\u00e9 eleita comandante da Guarda Civil Municipal de Alagoinhas - News In Foco - Editado por Caio Pimenta\",\"description\":\"A Guarda Civil Municipal (GCM) de Alagoinhas elegeu nesta quinta-feira (02) sua nova comandante geral, Silv\\u00e2nia Soares. A escolha foi feita de forma democr\\u00e1tica, por meio de voto secreto, dispon\\u00edvel a todos os integrantes do efetivo fixo da corpora\\u00e7\\u00e3o. A comandante eleita \\u00e9 integrante da GCM h\\u00e1 17 anos, graduada em Administra\\u00e7\\u00e3o P\\u00fablica, com forma\\u00e7\\u00e3o tecn\\u00f3loga em\",\"inLanguage\":\"pt-BR\",\"isPartOf\":{\"@id\":\"https:\\\/\\\/newsinfoco.com.br\\\/inicio\\\/#website\"},\"breadcrumb\":{\"@id\":\"https:\\\/\\\/newsinfoco.com.br\\\/inicio\\\/silvania-soares-e-eleita-comandante-da-guarda-civil-municipal-de-alagoinhas\\\/#breadcrumblist\"},\"author\":{\"@id\":\"https:\\\/\\\/newsinfoco.com.br\\\/inicio\\\/author\\\/administrador\\\/#author\"},\"creator\":{\"@id\":\"https:\\\/\\\/newsinfoco.com.br\\\/inicio\\\/author\\\/administrador\\\/#author\"},\"image\":{\"@type\":\"ImageObject\",\"url\":\"https:\\\/\\\/newsinfoco.com.br\\\/inicio\\\/wp-content\\\/uploads\\\/2023\\\/03\\\/WhatsApp-Image-2023-03-02-at-09.23.56-550x368-1.jpeg\",\"@id\":\"https:\\\/\\\/newsinfoco.com.br\\\/inicio\\\/silvania-soares-e-eleita-comandante-da-guarda-civil-municipal-de-alagoinhas\\\/#mainImage\",\"width\":550,\"height\":368},\"primaryImageOfPage\":{\"@id\":\"https:\\\/\\\/newsinfoco.com.br\\\/inicio\\\/silvania-soares-e-eleita-comandante-da-guarda-civil-municipal-de-alagoinhas\\\/#mainImage\"},\"datePublished\":\"2023-03-02T17:21:30-03:00\",\"dateModified\":\"2023-03-02T17:21:30-03:00\"},{\"@type\":\"WebSite\",\"@id\":\"https:\\\/\\\/newsinfoco.com.br\\\/inicio\\\/#website\",\"url\":\"https:\\\/\\\/newsinfoco.com.br\\\/inicio\\\/\",\"name\":\"News In Foco - Editado por Caio Pimenta\",\"description\":\"O principal site de noticias de Alagoinhas e regi\\u00e3o\",\"inLanguage\":\"pt-BR\",\"publisher\":{\"@id\":\"https:\\\/\\\/newsinfoco.com.br\\\/inicio\\\/#organization\"}}]}\n\t\t<\/script>\n\t\t<!-- All in One SEO -->\n\n","aioseo_head_json":{"title":"Silv\u00e2nia Soares \u00e9 eleita comandante da Guarda Civil Municipal de Alagoinhas - News In Foco - Editado por Caio Pimenta","description":"A Guarda Civil Municipal (GCM) de Alagoinhas elegeu nesta quinta-feira (02) sua nova comandante geral, Silv\u00e2nia Soares. A escolha foi feita de forma democr\u00e1tica, por meio de voto secreto, dispon\u00edvel a todos os integrantes do efetivo fixo da corpora\u00e7\u00e3o. A comandante eleita \u00e9 integrante da GCM h\u00e1 17 anos, graduada em Administra\u00e7\u00e3o P\u00fablica, com forma\u00e7\u00e3o tecn\u00f3loga em","canonical_url":"https:\/\/newsinfoco.com.br\/inicio\/silvania-soares-e-eleita-comandante-da-guarda-civil-municipal-de-alagoinhas\/","robots":"max-image-preview:large","keywords":"","webmasterTools":{"miscellaneous":""},"schema":{"@context":"https:\/\/schema.org","@graph":[{"@type":"BlogPosting","@id":"https:\/\/newsinfoco.com.br\/inicio\/silvania-soares-e-eleita-comandante-da-guarda-civil-municipal-de-alagoinhas\/#blogposting","name":"Silv\u00e2nia Soares \u00e9 eleita comandante da Guarda Civil Municipal de Alagoinhas - News In Foco - Editado por Caio Pimenta","headline":"Silv\u00e2nia Soares \u00e9 eleita comandante da Guarda Civil Municipal de Alagoinhas","author":{"@id":"https:\/\/newsinfoco.com.br\/inicio\/author\/administrador\/#author"},"publisher":{"@id":"https:\/\/newsinfoco.com.br\/inicio\/#organization"},"image":{"@type":"ImageObject","url":"https:\/\/newsinfoco.com.br\/inicio\/wp-content\/uploads\/2023\/03\/WhatsApp-Image-2023-03-02-at-09.23.56-550x368-1.jpeg","width":550,"height":368},"datePublished":"2023-03-02T17:21:30-03:00","dateModified":"2023-03-02T17:21:30-03:00","inLanguage":"pt-BR","mainEntityOfPage":{"@id":"https:\/\/newsinfoco.com.br\/inicio\/silvania-soares-e-eleita-comandante-da-guarda-civil-municipal-de-alagoinhas\/#webpage"},"isPartOf":{"@id":"https:\/\/newsinfoco.com.br\/inicio\/silvania-soares-e-eleita-comandante-da-guarda-civil-municipal-de-alagoinhas\/#webpage"},"articleSection":"Alagoinhas e Regi\u00e3o, Manchete"},{"@type":"BreadcrumbList","@id":"https:\/\/newsinfoco.com.br\/inicio\/silvania-soares-e-eleita-comandante-da-guarda-civil-municipal-de-alagoinhas\/#breadcrumblist","itemListElement":[{"@type":"ListItem","@id":"https:\/\/newsinfoco.com.br\/inicio#listItem","position":1,"name":"In\u00edcio","item":"https:\/\/newsinfoco.com.br\/inicio","nextItem":{"@type":"ListItem","@id":"https:\/\/newsinfoco.com.br\/inicio\/category\/alagoinhas-e-regiao\/#listItem","name":"Alagoinhas e Regi\u00e3o"}},{"@type":"ListItem","@id":"https:\/\/newsinfoco.com.br\/inicio\/category\/alagoinhas-e-regiao\/#listItem","position":2,"name":"Alagoinhas e Regi\u00e3o","item":"https:\/\/newsinfoco.com.br\/inicio\/category\/alagoinhas-e-regiao\/","nextItem":{"@type":"ListItem","@id":"https:\/\/newsinfoco.com.br\/inicio\/silvania-soares-e-eleita-comandante-da-guarda-civil-municipal-de-alagoinhas\/#listItem","name":"Silv\u00e2nia Soares \u00e9 eleita comandante da Guarda Civil Municipal de Alagoinhas"},"previousItem":{"@type":"ListItem","@id":"https:\/\/newsinfoco.com.br\/inicio#listItem","name":"In\u00edcio"}},{"@type":"ListItem","@id":"https:\/\/newsinfoco.com.br\/inicio\/silvania-soares-e-eleita-comandante-da-guarda-civil-municipal-de-alagoinhas\/#listItem","position":3,"name":"Silv\u00e2nia Soares \u00e9 eleita comandante da Guarda Civil Municipal de Alagoinhas","previousItem":{"@type":"ListItem","@id":"https:\/\/newsinfoco.com.br\/inicio\/category\/alagoinhas-e-regiao\/#listItem","name":"Alagoinhas e Regi\u00e3o"}}]},{"@type":"Organization","@id":"https:\/\/newsinfoco.com.br\/inicio\/#organization","name":"News In Foco - Editado por Caio Pimenta","description":"O principal site de noticias de Alagoinhas e regi\u00e3o","url":"https:\/\/newsinfoco.com.br\/inicio\/"},{"@type":"Person","@id":"https:\/\/newsinfoco.com.br\/inicio\/author\/administrador\/#author","url":"https:\/\/newsinfoco.com.br\/inicio\/author\/administrador\/","name":"administrador","image":{"@type":"ImageObject","@id":"https:\/\/newsinfoco.com.br\/inicio\/silvania-soares-e-eleita-comandante-da-guarda-civil-municipal-de-alagoinhas\/#authorImage","url":"https:\/\/secure.gravatar.com\/avatar\/c17a617433de8c1dc9584bb79aab7563b46f5bb7e1728c9b17d9cc3ce6a08e49?s=96&d=mm&r=g","width":96,"height":96,"caption":"administrador"}},{"@type":"WebPage","@id":"https:\/\/newsinfoco.com.br\/inicio\/silvania-soares-e-eleita-comandante-da-guarda-civil-municipal-de-alagoinhas\/#webpage","url":"https:\/\/newsinfoco.com.br\/inicio\/silvania-soares-e-eleita-comandante-da-guarda-civil-municipal-de-alagoinhas\/","name":"Silv\u00e2nia Soares \u00e9 eleita comandante da Guarda Civil Municipal de Alagoinhas - News In Foco - Editado por Caio Pimenta","description":"A Guarda Civil Municipal (GCM) de Alagoinhas elegeu nesta quinta-feira (02) sua nova comandante geral, Silv\u00e2nia Soares. A escolha foi feita de forma democr\u00e1tica, por meio de voto secreto, dispon\u00edvel a todos os integrantes do efetivo fixo da corpora\u00e7\u00e3o. A comandante eleita \u00e9 integrante da GCM h\u00e1 17 anos, graduada em Administra\u00e7\u00e3o P\u00fablica, com forma\u00e7\u00e3o tecn\u00f3loga em","inLanguage":"pt-BR","isPartOf":{"@id":"https:\/\/newsinfoco.com.br\/inicio\/#website"},"breadcrumb":{"@id":"https:\/\/newsinfoco.com.br\/inicio\/silvania-soares-e-eleita-comandante-da-guarda-civil-municipal-de-alagoinhas\/#breadcrumblist"},"author":{"@id":"https:\/\/newsinfoco.com.br\/inicio\/author\/administrador\/#author"},"creator":{"@id":"https:\/\/newsinfoco.com.br\/inicio\/author\/administrador\/#author"},"image":{"@type":"ImageObject","url":"https:\/\/newsinfoco.com.br\/inicio\/wp-content\/uploads\/2023\/03\/WhatsApp-Image-2023-03-02-at-09.23.56-550x368-1.jpeg","@id":"https:\/\/newsinfoco.com.br\/inicio\/silvania-soares-e-eleita-comandante-da-guarda-civil-municipal-de-alagoinhas\/#mainImage","width":550,"height":368},"primaryImageOfPage":{"@id":"https:\/\/newsinfoco.com.br\/inicio\/silvania-soares-e-eleita-comandante-da-guarda-civil-municipal-de-alagoinhas\/#mainImage"},"datePublished":"2023-03-02T17:21:30-03:00","dateModified":"2023-03-02T17:21:30-03:00"},{"@type":"WebSite","@id":"https:\/\/newsinfoco.com.br\/inicio\/#website","url":"https:\/\/newsinfoco.com.br\/inicio\/","name":"News In Foco - Editado por Caio Pimenta","description":"O principal site de noticias de Alagoinhas e regi\u00e3o","inLanguage":"pt-BR","publisher":{"@id":"https:\/\/newsinfoco.com.br\/inicio\/#organization"}}]},"og:locale":"pt_BR","og:site_name":"News In Foco - Editado por Caio Pimenta - O principal site de noticias de Alagoinhas e regi\u00e3o","og:type":"article","og:title":"Silv\u00e2nia Soares \u00e9 eleita comandante da Guarda Civil Municipal de Alagoinhas - News In Foco - Editado por Caio Pimenta","og:description":"A Guarda Civil Municipal (GCM) de Alagoinhas elegeu nesta quinta-feira (02) sua nova comandante geral, Silv\u00e2nia Soares. A escolha foi feita de forma democr\u00e1tica, por meio de voto secreto, dispon\u00edvel a todos os integrantes do efetivo fixo da corpora\u00e7\u00e3o. A comandante eleita \u00e9 integrante da GCM h\u00e1 17 anos, graduada em Administra\u00e7\u00e3o P\u00fablica, com forma\u00e7\u00e3o tecn\u00f3loga em","og:url":"https:\/\/newsinfoco.com.br\/inicio\/silvania-soares-e-eleita-comandante-da-guarda-civil-municipal-de-alagoinhas\/","article:published_time":"2023-03-02T20:21:30+00:00","article:modified_time":"2023-03-02T20:21:30+00:00","twitter:card":"summary_large_image","twitter:title":"Silv\u00e2nia Soares \u00e9 eleita comandante da Guarda Civil Municipal de Alagoinhas - News In Foco - Editado por Caio Pimenta","twitter:description":"A Guarda Civil Municipal (GCM) de Alagoinhas elegeu nesta quinta-feira (02) sua nova comandante geral, Silv\u00e2nia Soares. A escolha foi feita de forma democr\u00e1tica, por meio de voto secreto, dispon\u00edvel a todos os integrantes do efetivo fixo da corpora\u00e7\u00e3o. A comandante eleita \u00e9 integrante da GCM h\u00e1 17 anos, graduada em Administra\u00e7\u00e3o P\u00fablica, com forma\u00e7\u00e3o tecn\u00f3loga em"},"aioseo_meta_data":{"post_id":"33211","title":null,"description":null,"keywords":null,"keyphrases":null,"primary_term":null,"canonical_url":null,"og_title":null,"og_description":null,"og_object_type":"default","og_image_type":"default","og_image_url":null,"og_image_width":null,"og_image_height":null,"og_image_custom_url":null,"og_image_custom_fields":null,"og_video":null,"og_custom_url":null,"og_article_section":null,"og_article_tags":null,"twitter_use_og":false,"twitter_card":"default","twitter_image_type":"default","twitter_image_url":null,"twitter_image_custom_url":null,"twitter_image_custom_fields":null,"twitter_title":null,"twitter_description":null,"schema":{"blockGraphs":[],"customGraphs":[],"default":{"data":{"Article":[],"Course":[],"Dataset":[],"FAQPage":[],"Movie":[],"Person":[],"Product":[],"ProductReview":[],"Car":[],"Recipe":[],"Service":[],"SoftwareApplication":[],"WebPage":[]},"graphName":"","isEnabled":true},"graphs":[]},"schema_type":"default","schema_type_options":null,"pillar_content":false,"robots_default":true,"robots_noindex":false,"robots_noarchive":false,"robots_nosnippet":false,"robots_nofollow":false,"robots_noimageindex":false,"robots_noodp":false,"robots_notranslate":false,"robots_max_snippet":null,"robots_max_videopreview":null,"robots_max_imagepreview":"large","priority":null,"frequency":null,"local_seo":null,"breadcrumb_settings":null,"limit_modified_date":false,"ai":null,"created":"2023-06-12 22:59:35","updated":"2025-07-11 09:15:50","seo_analyzer_scan_date":null},"aioseo_breadcrumb":"<div class=\"aioseo-breadcrumbs\"><span class=\"aioseo-breadcrumb\">\n\t\t\t<a href=\"https:\/\/newsinfoco.com.br\/inicio\" title=\"In\u00edcio\">In\u00edcio<\/a>\n\t\t<\/span><span class=\"aioseo-breadcrumb-separator\">&raquo;<\/span><span class=\"aioseo-breadcrumb\">\n\t\t\t<a href=\"https:\/\/newsinfoco.com.br\/inicio\/category\/alagoinhas-e-regiao\/\" title=\"Alagoinhas e Regi\u00e3o\">Alagoinhas e Regi\u00e3o<\/a>\n\t\t<\/span><span class=\"aioseo-breadcrumb-separator\">&raquo;<\/span><span class=\"aioseo-breadcrumb\">\n\t\t\tSilv\u00e2nia Soares \u00e9 eleita comandante da Guarda Civil Municipal de Alagoinhas\n\t\t<\/span><\/div>","aioseo_breadcrumb_json":[{"label":"In\u00edcio","link":"https:\/\/newsinfoco.com.br\/inicio"},{"label":"Alagoinhas e Regi\u00e3o","link":"https:\/\/newsinfoco.com.br\/inicio\/category\/alagoinhas-e-regiao\/"},{"label":"Silv\u00e2nia Soares \u00e9 eleita comandante da Guarda Civil Municipal de Alagoinhas","link":"https:\/\/newsinfoco.com.br\/inicio\/silvania-soares-e-eleita-comandante-da-guarda-civil-municipal-de-alagoinhas\/"}],"_links":{"self":[{"href":"https:\/\/newsinfoco.com.br\/inicio\/wp-json\/wp\/v2\/posts\/33211","targetHints":{"allow":["GET"]}}],"collection":[{"href":"https:\/\/newsinfoco.com.br\/inicio\/wp-json\/wp\/v2\/posts"}],"about":[{"href":"https:\/\/newsinfoco.com.br\/inicio\/wp-json\/wp\/v2\/types\/post"}],"author":[{"embeddable":true,"href":"https:\/\/newsinfoco.com.br\/inicio\/wp-json\/wp\/v2\/users\/1"}],"replies":[{"embeddable":true,"href":"https:\/\/newsinfoco.com.br\/inicio\/wp-json\/wp\/v2\/comments?post=33211"}],"version-history":[{"count":1,"href":"https:\/\/newsinfoco.com.br\/inicio\/wp-json\/wp\/v2\/posts\/33211\/revisions"}],"predecessor-version":[{"id":33213,"href":"https:\/\/newsinfoco.com.br\/inicio\/wp-json\/wp\/v2\/posts\/33211\/revisions\/33213"}],"wp:featuredmedia":[{"embeddable":true,"href":"https:\/\/newsinfoco.com.br\/inicio\/wp-json\/wp\/v2\/media\/33212"}],"wp:attachment":[{"href":"https:\/\/newsinfoco.com.br\/inicio\/wp-json\/wp\/v2\/media?parent=33211"}],"wp:term":[{"taxonomy":"category","embeddable":true,"href":"https:\/\/newsinfoco.com.br\/inicio\/wp-json\/wp\/v2\/categories?post=33211"},{"taxonomy":"post_tag","embeddable":true,"href":"https:\/\/newsinfoco.com.br\/inicio\/wp-json\/wp\/v2\/tags?post=33211"}],"curies":[{"name":"wp","href":"https:\/\/api.w.org\/{rel}","templated":true}]}}