{"id":33218,"date":"2023-03-07T16:39:30","date_gmt":"2023-03-07T19:39:30","guid":{"rendered":"https:\/\/newsinfoco.com.br\/inicio\/?p=33218"},"modified":"2023-03-07T16:39:30","modified_gmt":"2023-03-07T19:39:30","slug":"ex-governador-da-bahia-cesar-borges-diz-que-nao-gostaria-de-ter-vivido-no-pais-durante-governo-bolsonaro-e-revela-temia-por-um-golpe","status":"publish","type":"post","link":"https:\/\/newsinfoco.com.br\/inicio\/ex-governador-da-bahia-cesar-borges-diz-que-nao-gostaria-de-ter-vivido-no-pais-durante-governo-bolsonaro-e-revela-temia-por-um-golpe\/","title":{"rendered":"Ex-governador da Bahia, C\u00e9sar Borges diz que \u2018n\u00e3o gostaria de ter vivido\u2019 no pa\u00eds durante governo Bolsonaro e revela: \u2018Temia por um golpe\u2019"},"content":{"rendered":"<p>O ex-governador da Bahia, C\u00e9sar Borges, afirmou, em entrevista ao podcast MetroPod nesta segunda-feira (6), que \u201cn\u00e3o gostaria de ter vivido\u201d no Brasil durante os quatro anos do mandato do ex-presidente Jair Bolsonaro (PL).<\/p>\n<p>\u201cEu vi um retrocesso em muitos aspectos. N\u00e3o gostaria de ter vivido esses quatro anos, n\u00e3o esperava ter vivido esses quatro anos, porque s\u00e3o ideias totalmente ultrapassadas, negacionistas\u201d, disse C\u00e9sar Borges, e emendou: \u201c\u00c9 um retrocesso civilizat\u00f3rio\u201d.<\/p><div class=\"newsi-conteudo_19\" id=\"newsi-3600072510\"><a href=\"https:\/\/www.instagram.com\/prefeituraalagoinhas?igsh=YzgzdDJ1bWR3aWI4\" aria-label=\"SAVE_20251006_221555\"><img loading=\"lazy\" decoding=\"async\" src=\"https:\/\/newsinfoco.com.br\/inicio\/wp-content\/uploads\/2025\/10\/SAVE_20251006_221555-rotated.jpg\" alt=\"\"  srcset=\"https:\/\/newsinfoco.com.br\/inicio\/wp-content\/uploads\/2025\/10\/SAVE_20251006_221555-rotated.jpg 1140w, https:\/\/newsinfoco.com.br\/inicio\/wp-content\/uploads\/2025\/10\/SAVE_20251006_221555-300x52.jpg 300w, https:\/\/newsinfoco.com.br\/inicio\/wp-content\/uploads\/2025\/10\/SAVE_20251006_221555-1024x177.jpg 1024w, https:\/\/newsinfoco.com.br\/inicio\/wp-content\/uploads\/2025\/10\/SAVE_20251006_221555-768x133.jpg 768w, https:\/\/newsinfoco.com.br\/inicio\/wp-content\/uploads\/2025\/10\/SAVE_20251006_221555-600x104.jpg 600w, https:\/\/newsinfoco.com.br\/inicio\/wp-content\/uploads\/2025\/10\/SAVE_20251006_221555-696x120.jpg 696w, https:\/\/newsinfoco.com.br\/inicio\/wp-content\/uploads\/2025\/10\/SAVE_20251006_221555-1068x185.jpg 1068w\" sizes=\"(max-width: 1140px) 100vw, 1140px\" width=\"1140\" height=\"197\"   \/><\/a><\/div>\n<p>\u201cEstamos procurando ser uma sociedade mais tolerante. Temos a compreens\u00e3o de que vivemos em um regime democr\u00e1tico, que pode haver diverg\u00eancias e temos que respeitar a constitui\u00e7\u00e3o\u201d.<\/p>\n<p>Ele revelou ainda que teve medo de um golpe parlamentar no Brasil durante o mandato do ex-presidente. \u201cEu temia por um golpe e fiquei nessa expectativa para que o tempo passasse\u201d, contou.<\/p>\n<p>\u201cTemi muito. Discuti com os meus filhos, que n\u00e3o acreditavam que ia ter golpe. Eu dizia: Pode at\u00e9 n\u00e3o ter, mas o cheiro de golpe que est\u00e1 no ar, que est\u00e3o tentando criar o clima do golpe, n\u00e3o tenho d\u00favida nenhuma\u201d, completou.<\/p>\n<p>O programa, al\u00e9m dos apresentadores Chico Kert\u00e9sz e Rodrigo Daniel Silva, contou com a participa\u00e7\u00e3o do editor-chefe deste\u00a0<strong>Pol\u00edtica Livre<\/strong>, Raul Monteiro.<\/p>\n<p><strong>Assista na \u00edntegra:<\/strong><\/p>\n<p><iframe loading=\"lazy\" title=\"MetroPod - 06\/03\/2023 - C\u00e9sar Borges\" src=\"https:\/\/www.youtube.com\/embed\/1kZ465WJApA?feature=oembed\" width=\"500\" height=\"281\" frameborder=\"0\" allowfullscreen=\"allowfullscreen\" data-mce-fragment=\"1\"><\/iframe><\/p>\n<p>&nbsp;<\/p>\n<p>Politicalivre<\/p>\n<div class='share-to-whatsapp-wrapper'><div class='share-on-whsp'>Share on: <\/div><a data-text='Ex-governador da Bahia, C\u00e9sar Borges diz que \u2018n\u00e3o gostaria de ter vivido\u2019 no pa\u00eds durante governo Bolsonaro e revela: \u2018Temia por um golpe\u2019' data-link='https:\/\/newsinfoco.com.br\/inicio\/ex-governador-da-bahia-cesar-borges-diz-que-nao-gostaria-de-ter-vivido-no-pais-durante-governo-bolsonaro-e-revela-temia-por-um-golpe\/' class='whatsapp-button whatsapp-share'>WhatsApp<\/a><div class='clear '><\/div><\/div>","protected":false},"excerpt":{"rendered":"<p>O ex-governador da Bahia, C\u00e9sar Borges, afirmou, em entrevista ao podcast MetroPod nesta segunda-feira (6), que \u201cn\u00e3o gostaria de ter vivido\u201d no Brasil durante os quatro anos do mandato do ex-presidente Jair Bolsonaro (PL). \u201cEu vi um retrocesso em muitos aspectos. N\u00e3o gostaria de ter vivido esses quatro anos, n\u00e3o esperava ter vivido esses quatro [&hellip;]<\/p>\n","protected":false},"author":1,"featured_media":33219,"comment_status":"closed","ping_status":"closed","sticky":false,"template":"","format":"standard","meta":{"om_disable_all_campaigns":false,"_exactmetrics_skip_tracking":false,"_exactmetrics_sitenote_active":false,"_exactmetrics_sitenote_note":"","_exactmetrics_sitenote_category":0,"footnotes":""},"categories":[40],"tags":[],"class_list":["post-33218","post","type-post","status-publish","format-standard","has-post-thumbnail","hentry","category-politica"],"aioseo_notices":[],"_links":{"self":[{"href":"https:\/\/newsinfoco.com.br\/inicio\/wp-json\/wp\/v2\/posts\/33218","targetHints":{"allow":["GET"]}}],"collection":[{"href":"https:\/\/newsinfoco.com.br\/inicio\/wp-json\/wp\/v2\/posts"}],"about":[{"href":"https:\/\/newsinfoco.com.br\/inicio\/wp-json\/wp\/v2\/types\/post"}],"author":[{"embeddable":true,"href":"https:\/\/newsinfoco.com.br\/inicio\/wp-json\/wp\/v2\/users\/1"}],"replies":[{"embeddable":true,"href":"https:\/\/newsinfoco.com.br\/inicio\/wp-json\/wp\/v2\/comments?post=33218"}],"version-history":[{"count":1,"href":"https:\/\/newsinfoco.com.br\/inicio\/wp-json\/wp\/v2\/posts\/33218\/revisions"}],"predecessor-version":[{"id":33220,"href":"https:\/\/newsinfoco.com.br\/inicio\/wp-json\/wp\/v2\/posts\/33218\/revisions\/33220"}],"wp:featuredmedia":[{"embeddable":true,"href":"https:\/\/newsinfoco.com.br\/inicio\/wp-json\/wp\/v2\/media\/33219"}],"wp:attachment":[{"href":"https:\/\/newsinfoco.com.br\/inicio\/wp-json\/wp\/v2\/media?parent=33218"}],"wp:term":[{"taxonomy":"category","embeddable":true,"href":"https:\/\/newsinfoco.com.br\/inicio\/wp-json\/wp\/v2\/categories?post=33218"},{"taxonomy":"post_tag","embeddable":true,"href":"https:\/\/newsinfoco.com.br\/inicio\/wp-json\/wp\/v2\/tags?post=33218"}],"curies":[{"name":"wp","href":"https:\/\/api.w.org\/{rel}","templated":true}]}}