{"id":33224,"date":"2023-03-07T17:02:53","date_gmt":"2023-03-07T20:02:53","guid":{"rendered":"https:\/\/newsinfoco.com.br\/inicio\/?p=33224"},"modified":"2023-03-07T17:02:53","modified_gmt":"2023-03-07T20:02:53","slug":"correio-da-bahia-vitoria-de-aline-peixoto-ao-tcm-aumentara-forca-de-rui-costa-na-bahia","status":"publish","type":"post","link":"https:\/\/newsinfoco.com.br\/inicio\/correio-da-bahia-vitoria-de-aline-peixoto-ao-tcm-aumentara-forca-de-rui-costa-na-bahia\/","title":{"rendered":"Correio da Bahia: vit\u00f3ria de Aline Peixoto ao TCM aumentar\u00e1 for\u00e7a de Rui Costa na Bahia"},"content":{"rendered":"<p>A prov\u00e1vel elei\u00e7\u00e3o da ex-primeira-dama, Aline Peixoto, para o cargo de conselheira do TCM deve, de acordo com membros do governo e oposi\u00e7\u00e3o, aumentar a for\u00e7a do atual ministro da Casa Civil, Rui Costa (PT), na Bahia.<\/p>\n<p>O comparativo \u00e9 feito entre o ex-governador do estado e o senador Jaques Wagner (PT), que foi antecessor e apoiador da candidatura de Rui para o Pal\u00e1cio de Ondina em 2014.<\/p>\n<p>Vale lembrar que, al\u00e9m dos membros do bloco contr\u00e1rio ao governo, Wagner tamb\u00e9m foi contra o nome de Aline para a disputa do cargo, defendendo que o TCM deveria ser ocupado por um deputado ou ex-deputado estadual.<\/p>\n<p>&nbsp;<\/p>\n<p>Politicaaovivo<\/p>\n<div class='share-to-whatsapp-wrapper'><div class='share-on-whsp'>Share on: <\/div><a data-text='Correio da Bahia: vit\u00f3ria de Aline Peixoto ao TCM aumentar\u00e1 for\u00e7a de Rui Costa na Bahia' data-link='https:\/\/newsinfoco.com.br\/inicio\/correio-da-bahia-vitoria-de-aline-peixoto-ao-tcm-aumentara-forca-de-rui-costa-na-bahia\/' class='whatsapp-button whatsapp-share'>WhatsApp<\/a><div class='clear '><\/div><\/div>","protected":false},"excerpt":{"rendered":"<p>A prov\u00e1vel elei\u00e7\u00e3o da ex-primeira-dama, Aline Peixoto, para o cargo de conselheira do TCM deve, de acordo com membros do governo e oposi\u00e7\u00e3o, aumentar a for\u00e7a do atual ministro da Casa Civil, Rui Costa (PT), na Bahia. O comparativo \u00e9 feito entre o ex-governador do estado e o senador Jaques Wagner (PT), que foi antecessor [&hellip;]<\/p>\n","protected":false},"author":1,"featured_media":33225,"comment_status":"closed","ping_status":"closed","sticky":false,"template":"","format":"standard","meta":{"om_disable_all_campaigns":false,"rop_custom_images_group":[],"rop_custom_messages_group":[],"rop_publish_now":"initial","rop_publish_now_accounts":[],"rop_publish_now_history":[],"rop_publish_now_status":"pending","_exactmetrics_skip_tracking":false,"footnotes":""},"categories":[40],"tags":[],"class_list":["post-33224","post","type-post","status-publish","format-standard","has-post-thumbnail","hentry","category-politica"],"aioseo_notices":[],"aioseo_head":"\n\t\t<!-- All in One SEO 4.9.10 - aioseo.com -->\n\t<meta name=\"description\" content=\"A prov\u00e1vel elei\u00e7\u00e3o da ex-primeira-dama, Aline Peixoto, para o cargo de conselheira do TCM deve, de acordo com membros do governo e oposi\u00e7\u00e3o, aumentar a for\u00e7a do atual ministro da Casa Civil, Rui Costa (PT), na Bahia. O comparativo \u00e9 feito entre o ex-governador do estado e o senador Jaques Wagner (PT), que foi antecessor\" \/>\n\t<meta name=\"robots\" content=\"max-image-preview:large\" \/>\n\t<meta name=\"author\" content=\"administrador\"\/>\n\t<link rel=\"canonical\" href=\"https:\/\/newsinfoco.com.br\/inicio\/correio-da-bahia-vitoria-de-aline-peixoto-ao-tcm-aumentara-forca-de-rui-costa-na-bahia\/\" \/>\n\t<meta name=\"generator\" content=\"All in One SEO (AIOSEO) 4.9.10\" \/>\n\t\t<meta property=\"og:locale\" content=\"pt_BR\" \/>\n\t\t<meta property=\"og:site_name\" content=\"News In Foco - Editado por Caio Pimenta - O principal site de noticias de Alagoinhas e regi\u00e3o\" \/>\n\t\t<meta property=\"og:type\" content=\"article\" \/>\n\t\t<meta property=\"og:title\" content=\"Correio da Bahia: vit\u00f3ria de Aline Peixoto ao TCM aumentar\u00e1 for\u00e7a de Rui Costa na Bahia - News In Foco - Editado por Caio Pimenta\" \/>\n\t\t<meta property=\"og:description\" content=\"A prov\u00e1vel elei\u00e7\u00e3o da ex-primeira-dama, Aline Peixoto, para o cargo de conselheira do TCM deve, de acordo com membros do governo e oposi\u00e7\u00e3o, aumentar a for\u00e7a do atual ministro da Casa Civil, Rui Costa (PT), na Bahia. O comparativo \u00e9 feito entre o ex-governador do estado e o senador Jaques Wagner (PT), que foi antecessor\" \/>\n\t\t<meta property=\"og:url\" content=\"https:\/\/newsinfoco.com.br\/inicio\/correio-da-bahia-vitoria-de-aline-peixoto-ao-tcm-aumentara-forca-de-rui-costa-na-bahia\/\" \/>\n\t\t<meta property=\"article:published_time\" content=\"2023-03-07T20:02:53+00:00\" \/>\n\t\t<meta property=\"article:modified_time\" content=\"2023-03-07T20:02:53+00:00\" \/>\n\t\t<meta name=\"twitter:card\" content=\"summary_large_image\" \/>\n\t\t<meta name=\"twitter:title\" content=\"Correio da Bahia: vit\u00f3ria de Aline Peixoto ao TCM aumentar\u00e1 for\u00e7a de Rui Costa na Bahia - News In Foco - Editado por Caio Pimenta\" \/>\n\t\t<meta name=\"twitter:description\" content=\"A prov\u00e1vel elei\u00e7\u00e3o da ex-primeira-dama, Aline Peixoto, para o cargo de conselheira do TCM deve, de acordo com membros do governo e oposi\u00e7\u00e3o, aumentar a for\u00e7a do atual ministro da Casa Civil, Rui Costa (PT), na Bahia. O comparativo \u00e9 feito entre o ex-governador do estado e o senador Jaques Wagner (PT), que foi antecessor\" \/>\n\t\t<script type=\"application\/ld+json\" class=\"aioseo-schema\">\n\t\t\t{\"@context\":\"https:\\\/\\\/schema.org\",\"@graph\":[{\"@type\":\"BlogPosting\",\"@id\":\"https:\\\/\\\/newsinfoco.com.br\\\/inicio\\\/correio-da-bahia-vitoria-de-aline-peixoto-ao-tcm-aumentara-forca-de-rui-costa-na-bahia\\\/#blogposting\",\"name\":\"Correio da Bahia: vit\\u00f3ria de Aline Peixoto ao TCM aumentar\\u00e1 for\\u00e7a de Rui Costa na Bahia - News In Foco - Editado por Caio Pimenta\",\"headline\":\"Correio da Bahia: vit\\u00f3ria de Aline Peixoto ao TCM aumentar\\u00e1 for\\u00e7a de Rui Costa na Bahia\",\"author\":{\"@id\":\"https:\\\/\\\/newsinfoco.com.br\\\/inicio\\\/author\\\/administrador\\\/#author\"},\"publisher\":{\"@id\":\"https:\\\/\\\/newsinfoco.com.br\\\/inicio\\\/#organization\"},\"image\":{\"@type\":\"ImageObject\",\"url\":\"https:\\\/\\\/newsinfoco.com.br\\\/inicio\\\/wp-content\\\/uploads\\\/2023\\\/03\\\/ruiwagner.jpg.webp\",\"width\":800,\"height\":450},\"datePublished\":\"2023-03-07T17:02:53-03:00\",\"dateModified\":\"2023-03-07T17:02:53-03:00\",\"inLanguage\":\"pt-BR\",\"mainEntityOfPage\":{\"@id\":\"https:\\\/\\\/newsinfoco.com.br\\\/inicio\\\/correio-da-bahia-vitoria-de-aline-peixoto-ao-tcm-aumentara-forca-de-rui-costa-na-bahia\\\/#webpage\"},\"isPartOf\":{\"@id\":\"https:\\\/\\\/newsinfoco.com.br\\\/inicio\\\/correio-da-bahia-vitoria-de-aline-peixoto-ao-tcm-aumentara-forca-de-rui-costa-na-bahia\\\/#webpage\"},\"articleSection\":\"Pol\\u00edtica\"},{\"@type\":\"BreadcrumbList\",\"@id\":\"https:\\\/\\\/newsinfoco.com.br\\\/inicio\\\/correio-da-bahia-vitoria-de-aline-peixoto-ao-tcm-aumentara-forca-de-rui-costa-na-bahia\\\/#breadcrumblist\",\"itemListElement\":[{\"@type\":\"ListItem\",\"@id\":\"https:\\\/\\\/newsinfoco.com.br\\\/inicio#listItem\",\"position\":1,\"name\":\"In\\u00edcio\",\"item\":\"https:\\\/\\\/newsinfoco.com.br\\\/inicio\",\"nextItem\":{\"@type\":\"ListItem\",\"@id\":\"https:\\\/\\\/newsinfoco.com.br\\\/inicio\\\/category\\\/politica\\\/#listItem\",\"name\":\"Pol\\u00edtica\"}},{\"@type\":\"ListItem\",\"@id\":\"https:\\\/\\\/newsinfoco.com.br\\\/inicio\\\/category\\\/politica\\\/#listItem\",\"position\":2,\"name\":\"Pol\\u00edtica\",\"item\":\"https:\\\/\\\/newsinfoco.com.br\\\/inicio\\\/category\\\/politica\\\/\",\"nextItem\":{\"@type\":\"ListItem\",\"@id\":\"https:\\\/\\\/newsinfoco.com.br\\\/inicio\\\/correio-da-bahia-vitoria-de-aline-peixoto-ao-tcm-aumentara-forca-de-rui-costa-na-bahia\\\/#listItem\",\"name\":\"Correio da Bahia: vit\\u00f3ria de Aline Peixoto ao TCM aumentar\\u00e1 for\\u00e7a de Rui Costa na Bahia\"},\"previousItem\":{\"@type\":\"ListItem\",\"@id\":\"https:\\\/\\\/newsinfoco.com.br\\\/inicio#listItem\",\"name\":\"In\\u00edcio\"}},{\"@type\":\"ListItem\",\"@id\":\"https:\\\/\\\/newsinfoco.com.br\\\/inicio\\\/correio-da-bahia-vitoria-de-aline-peixoto-ao-tcm-aumentara-forca-de-rui-costa-na-bahia\\\/#listItem\",\"position\":3,\"name\":\"Correio da Bahia: vit\\u00f3ria de Aline Peixoto ao TCM aumentar\\u00e1 for\\u00e7a de Rui Costa na Bahia\",\"previousItem\":{\"@type\":\"ListItem\",\"@id\":\"https:\\\/\\\/newsinfoco.com.br\\\/inicio\\\/category\\\/politica\\\/#listItem\",\"name\":\"Pol\\u00edtica\"}}]},{\"@type\":\"Organization\",\"@id\":\"https:\\\/\\\/newsinfoco.com.br\\\/inicio\\\/#organization\",\"name\":\"News In Foco - Editado por Caio Pimenta\",\"description\":\"O principal site de noticias de Alagoinhas e regi\\u00e3o\",\"url\":\"https:\\\/\\\/newsinfoco.com.br\\\/inicio\\\/\"},{\"@type\":\"Person\",\"@id\":\"https:\\\/\\\/newsinfoco.com.br\\\/inicio\\\/author\\\/administrador\\\/#author\",\"url\":\"https:\\\/\\\/newsinfoco.com.br\\\/inicio\\\/author\\\/administrador\\\/\",\"name\":\"administrador\",\"image\":{\"@type\":\"ImageObject\",\"@id\":\"https:\\\/\\\/newsinfoco.com.br\\\/inicio\\\/correio-da-bahia-vitoria-de-aline-peixoto-ao-tcm-aumentara-forca-de-rui-costa-na-bahia\\\/#authorImage\",\"url\":\"https:\\\/\\\/secure.gravatar.com\\\/avatar\\\/c17a617433de8c1dc9584bb79aab7563b46f5bb7e1728c9b17d9cc3ce6a08e49?s=96&d=mm&r=g\",\"width\":96,\"height\":96,\"caption\":\"administrador\"}},{\"@type\":\"WebPage\",\"@id\":\"https:\\\/\\\/newsinfoco.com.br\\\/inicio\\\/correio-da-bahia-vitoria-de-aline-peixoto-ao-tcm-aumentara-forca-de-rui-costa-na-bahia\\\/#webpage\",\"url\":\"https:\\\/\\\/newsinfoco.com.br\\\/inicio\\\/correio-da-bahia-vitoria-de-aline-peixoto-ao-tcm-aumentara-forca-de-rui-costa-na-bahia\\\/\",\"name\":\"Correio da Bahia: vit\\u00f3ria de Aline Peixoto ao TCM aumentar\\u00e1 for\\u00e7a de Rui Costa na Bahia - News In Foco - Editado por Caio Pimenta\",\"description\":\"A prov\\u00e1vel elei\\u00e7\\u00e3o da ex-primeira-dama, Aline Peixoto, para o cargo de conselheira do TCM deve, de acordo com membros do governo e oposi\\u00e7\\u00e3o, aumentar a for\\u00e7a do atual ministro da Casa Civil, Rui Costa (PT), na Bahia. O comparativo \\u00e9 feito entre o ex-governador do estado e o senador Jaques Wagner (PT), que foi antecessor\",\"inLanguage\":\"pt-BR\",\"isPartOf\":{\"@id\":\"https:\\\/\\\/newsinfoco.com.br\\\/inicio\\\/#website\"},\"breadcrumb\":{\"@id\":\"https:\\\/\\\/newsinfoco.com.br\\\/inicio\\\/correio-da-bahia-vitoria-de-aline-peixoto-ao-tcm-aumentara-forca-de-rui-costa-na-bahia\\\/#breadcrumblist\"},\"author\":{\"@id\":\"https:\\\/\\\/newsinfoco.com.br\\\/inicio\\\/author\\\/administrador\\\/#author\"},\"creator\":{\"@id\":\"https:\\\/\\\/newsinfoco.com.br\\\/inicio\\\/author\\\/administrador\\\/#author\"},\"image\":{\"@type\":\"ImageObject\",\"url\":\"https:\\\/\\\/newsinfoco.com.br\\\/inicio\\\/wp-content\\\/uploads\\\/2023\\\/03\\\/ruiwagner.jpg.webp\",\"@id\":\"https:\\\/\\\/newsinfoco.com.br\\\/inicio\\\/correio-da-bahia-vitoria-de-aline-peixoto-ao-tcm-aumentara-forca-de-rui-costa-na-bahia\\\/#mainImage\",\"width\":800,\"height\":450},\"primaryImageOfPage\":{\"@id\":\"https:\\\/\\\/newsinfoco.com.br\\\/inicio\\\/correio-da-bahia-vitoria-de-aline-peixoto-ao-tcm-aumentara-forca-de-rui-costa-na-bahia\\\/#mainImage\"},\"datePublished\":\"2023-03-07T17:02:53-03:00\",\"dateModified\":\"2023-03-07T17:02:53-03:00\"},{\"@type\":\"WebSite\",\"@id\":\"https:\\\/\\\/newsinfoco.com.br\\\/inicio\\\/#website\",\"url\":\"https:\\\/\\\/newsinfoco.com.br\\\/inicio\\\/\",\"name\":\"News In Foco - Editado por Caio Pimenta\",\"description\":\"O principal site de noticias de Alagoinhas e regi\\u00e3o\",\"inLanguage\":\"pt-BR\",\"publisher\":{\"@id\":\"https:\\\/\\\/newsinfoco.com.br\\\/inicio\\\/#organization\"}}]}\n\t\t<\/script>\n\t\t<!-- All in One SEO -->\n\n","aioseo_head_json":{"title":"Correio da Bahia: vit\u00f3ria de Aline Peixoto ao TCM aumentar\u00e1 for\u00e7a de Rui Costa na Bahia - News In Foco - Editado por Caio Pimenta","description":"A prov\u00e1vel elei\u00e7\u00e3o da ex-primeira-dama, Aline Peixoto, para o cargo de conselheira do TCM deve, de acordo com membros do governo e oposi\u00e7\u00e3o, aumentar a for\u00e7a do atual ministro da Casa Civil, Rui Costa (PT), na Bahia. O comparativo \u00e9 feito entre o ex-governador do estado e o senador Jaques Wagner (PT), que foi antecessor","canonical_url":"https:\/\/newsinfoco.com.br\/inicio\/correio-da-bahia-vitoria-de-aline-peixoto-ao-tcm-aumentara-forca-de-rui-costa-na-bahia\/","robots":"max-image-preview:large","keywords":"","webmasterTools":{"miscellaneous":""},"schema":{"@context":"https:\/\/schema.org","@graph":[{"@type":"BlogPosting","@id":"https:\/\/newsinfoco.com.br\/inicio\/correio-da-bahia-vitoria-de-aline-peixoto-ao-tcm-aumentara-forca-de-rui-costa-na-bahia\/#blogposting","name":"Correio da Bahia: vit\u00f3ria de Aline Peixoto ao TCM aumentar\u00e1 for\u00e7a de Rui Costa na Bahia - News In Foco - Editado por Caio Pimenta","headline":"Correio da Bahia: vit\u00f3ria de Aline Peixoto ao TCM aumentar\u00e1 for\u00e7a de Rui Costa na Bahia","author":{"@id":"https:\/\/newsinfoco.com.br\/inicio\/author\/administrador\/#author"},"publisher":{"@id":"https:\/\/newsinfoco.com.br\/inicio\/#organization"},"image":{"@type":"ImageObject","url":"https:\/\/newsinfoco.com.br\/inicio\/wp-content\/uploads\/2023\/03\/ruiwagner.jpg.webp","width":800,"height":450},"datePublished":"2023-03-07T17:02:53-03:00","dateModified":"2023-03-07T17:02:53-03:00","inLanguage":"pt-BR","mainEntityOfPage":{"@id":"https:\/\/newsinfoco.com.br\/inicio\/correio-da-bahia-vitoria-de-aline-peixoto-ao-tcm-aumentara-forca-de-rui-costa-na-bahia\/#webpage"},"isPartOf":{"@id":"https:\/\/newsinfoco.com.br\/inicio\/correio-da-bahia-vitoria-de-aline-peixoto-ao-tcm-aumentara-forca-de-rui-costa-na-bahia\/#webpage"},"articleSection":"Pol\u00edtica"},{"@type":"BreadcrumbList","@id":"https:\/\/newsinfoco.com.br\/inicio\/correio-da-bahia-vitoria-de-aline-peixoto-ao-tcm-aumentara-forca-de-rui-costa-na-bahia\/#breadcrumblist","itemListElement":[{"@type":"ListItem","@id":"https:\/\/newsinfoco.com.br\/inicio#listItem","position":1,"name":"In\u00edcio","item":"https:\/\/newsinfoco.com.br\/inicio","nextItem":{"@type":"ListItem","@id":"https:\/\/newsinfoco.com.br\/inicio\/category\/politica\/#listItem","name":"Pol\u00edtica"}},{"@type":"ListItem","@id":"https:\/\/newsinfoco.com.br\/inicio\/category\/politica\/#listItem","position":2,"name":"Pol\u00edtica","item":"https:\/\/newsinfoco.com.br\/inicio\/category\/politica\/","nextItem":{"@type":"ListItem","@id":"https:\/\/newsinfoco.com.br\/inicio\/correio-da-bahia-vitoria-de-aline-peixoto-ao-tcm-aumentara-forca-de-rui-costa-na-bahia\/#listItem","name":"Correio da Bahia: vit\u00f3ria de Aline Peixoto ao TCM aumentar\u00e1 for\u00e7a de Rui Costa na Bahia"},"previousItem":{"@type":"ListItem","@id":"https:\/\/newsinfoco.com.br\/inicio#listItem","name":"In\u00edcio"}},{"@type":"ListItem","@id":"https:\/\/newsinfoco.com.br\/inicio\/correio-da-bahia-vitoria-de-aline-peixoto-ao-tcm-aumentara-forca-de-rui-costa-na-bahia\/#listItem","position":3,"name":"Correio da Bahia: vit\u00f3ria de Aline Peixoto ao TCM aumentar\u00e1 for\u00e7a de Rui Costa na Bahia","previousItem":{"@type":"ListItem","@id":"https:\/\/newsinfoco.com.br\/inicio\/category\/politica\/#listItem","name":"Pol\u00edtica"}}]},{"@type":"Organization","@id":"https:\/\/newsinfoco.com.br\/inicio\/#organization","name":"News In Foco - Editado por Caio Pimenta","description":"O principal site de noticias de Alagoinhas e regi\u00e3o","url":"https:\/\/newsinfoco.com.br\/inicio\/"},{"@type":"Person","@id":"https:\/\/newsinfoco.com.br\/inicio\/author\/administrador\/#author","url":"https:\/\/newsinfoco.com.br\/inicio\/author\/administrador\/","name":"administrador","image":{"@type":"ImageObject","@id":"https:\/\/newsinfoco.com.br\/inicio\/correio-da-bahia-vitoria-de-aline-peixoto-ao-tcm-aumentara-forca-de-rui-costa-na-bahia\/#authorImage","url":"https:\/\/secure.gravatar.com\/avatar\/c17a617433de8c1dc9584bb79aab7563b46f5bb7e1728c9b17d9cc3ce6a08e49?s=96&d=mm&r=g","width":96,"height":96,"caption":"administrador"}},{"@type":"WebPage","@id":"https:\/\/newsinfoco.com.br\/inicio\/correio-da-bahia-vitoria-de-aline-peixoto-ao-tcm-aumentara-forca-de-rui-costa-na-bahia\/#webpage","url":"https:\/\/newsinfoco.com.br\/inicio\/correio-da-bahia-vitoria-de-aline-peixoto-ao-tcm-aumentara-forca-de-rui-costa-na-bahia\/","name":"Correio da Bahia: vit\u00f3ria de Aline Peixoto ao TCM aumentar\u00e1 for\u00e7a de Rui Costa na Bahia - News In Foco - Editado por Caio Pimenta","description":"A prov\u00e1vel elei\u00e7\u00e3o da ex-primeira-dama, Aline Peixoto, para o cargo de conselheira do TCM deve, de acordo com membros do governo e oposi\u00e7\u00e3o, aumentar a for\u00e7a do atual ministro da Casa Civil, Rui Costa (PT), na Bahia. O comparativo \u00e9 feito entre o ex-governador do estado e o senador Jaques Wagner (PT), que foi antecessor","inLanguage":"pt-BR","isPartOf":{"@id":"https:\/\/newsinfoco.com.br\/inicio\/#website"},"breadcrumb":{"@id":"https:\/\/newsinfoco.com.br\/inicio\/correio-da-bahia-vitoria-de-aline-peixoto-ao-tcm-aumentara-forca-de-rui-costa-na-bahia\/#breadcrumblist"},"author":{"@id":"https:\/\/newsinfoco.com.br\/inicio\/author\/administrador\/#author"},"creator":{"@id":"https:\/\/newsinfoco.com.br\/inicio\/author\/administrador\/#author"},"image":{"@type":"ImageObject","url":"https:\/\/newsinfoco.com.br\/inicio\/wp-content\/uploads\/2023\/03\/ruiwagner.jpg.webp","@id":"https:\/\/newsinfoco.com.br\/inicio\/correio-da-bahia-vitoria-de-aline-peixoto-ao-tcm-aumentara-forca-de-rui-costa-na-bahia\/#mainImage","width":800,"height":450},"primaryImageOfPage":{"@id":"https:\/\/newsinfoco.com.br\/inicio\/correio-da-bahia-vitoria-de-aline-peixoto-ao-tcm-aumentara-forca-de-rui-costa-na-bahia\/#mainImage"},"datePublished":"2023-03-07T17:02:53-03:00","dateModified":"2023-03-07T17:02:53-03:00"},{"@type":"WebSite","@id":"https:\/\/newsinfoco.com.br\/inicio\/#website","url":"https:\/\/newsinfoco.com.br\/inicio\/","name":"News In Foco - Editado por Caio Pimenta","description":"O principal site de noticias de Alagoinhas e regi\u00e3o","inLanguage":"pt-BR","publisher":{"@id":"https:\/\/newsinfoco.com.br\/inicio\/#organization"}}]},"og:locale":"pt_BR","og:site_name":"News In Foco - Editado por Caio Pimenta - O principal site de noticias de Alagoinhas e regi\u00e3o","og:type":"article","og:title":"Correio da Bahia: vit\u00f3ria de Aline Peixoto ao TCM aumentar\u00e1 for\u00e7a de Rui Costa na Bahia - News In Foco - Editado por Caio Pimenta","og:description":"A prov\u00e1vel elei\u00e7\u00e3o da ex-primeira-dama, Aline Peixoto, para o cargo de conselheira do TCM deve, de acordo com membros do governo e oposi\u00e7\u00e3o, aumentar a for\u00e7a do atual ministro da Casa Civil, Rui Costa (PT), na Bahia. O comparativo \u00e9 feito entre o ex-governador do estado e o senador Jaques Wagner (PT), que foi antecessor","og:url":"https:\/\/newsinfoco.com.br\/inicio\/correio-da-bahia-vitoria-de-aline-peixoto-ao-tcm-aumentara-forca-de-rui-costa-na-bahia\/","article:published_time":"2023-03-07T20:02:53+00:00","article:modified_time":"2023-03-07T20:02:53+00:00","twitter:card":"summary_large_image","twitter:title":"Correio da Bahia: vit\u00f3ria de Aline Peixoto ao TCM aumentar\u00e1 for\u00e7a de Rui Costa na Bahia - News In Foco - Editado por Caio Pimenta","twitter:description":"A prov\u00e1vel elei\u00e7\u00e3o da ex-primeira-dama, Aline Peixoto, para o cargo de conselheira do TCM deve, de acordo com membros do governo e oposi\u00e7\u00e3o, aumentar a for\u00e7a do atual ministro da Casa Civil, Rui Costa (PT), na Bahia. O comparativo \u00e9 feito entre o ex-governador do estado e o senador Jaques Wagner (PT), que foi antecessor"},"aioseo_meta_data":{"post_id":"33224","title":null,"description":null,"keywords":null,"keyphrases":null,"primary_term":null,"canonical_url":null,"og_title":null,"og_description":null,"og_object_type":"default","og_image_type":"default","og_image_url":null,"og_image_width":null,"og_image_height":null,"og_image_custom_url":null,"og_image_custom_fields":null,"og_video":null,"og_custom_url":null,"og_article_section":null,"og_article_tags":null,"twitter_use_og":false,"twitter_card":"default","twitter_image_type":"default","twitter_image_url":null,"twitter_image_custom_url":null,"twitter_image_custom_fields":null,"twitter_title":null,"twitter_description":null,"schema":{"blockGraphs":[],"customGraphs":[],"default":{"data":{"Article":[],"Course":[],"Dataset":[],"FAQPage":[],"Movie":[],"Person":[],"Product":[],"ProductReview":[],"Car":[],"Recipe":[],"Service":[],"SoftwareApplication":[],"WebPage":[]},"graphName":"","isEnabled":true},"graphs":[]},"schema_type":"default","schema_type_options":null,"pillar_content":false,"robots_default":true,"robots_noindex":false,"robots_noarchive":false,"robots_nosnippet":false,"robots_nofollow":false,"robots_noimageindex":false,"robots_noodp":false,"robots_notranslate":false,"robots_max_snippet":null,"robots_max_videopreview":null,"robots_max_imagepreview":"large","priority":null,"frequency":null,"local_seo":null,"breadcrumb_settings":null,"limit_modified_date":false,"ai":null,"created":"2023-06-12 22:59:35","updated":"2025-07-11 09:17:01","seo_analyzer_scan_date":null},"aioseo_breadcrumb":"<div class=\"aioseo-breadcrumbs\"><span class=\"aioseo-breadcrumb\">\n\t\t\t<a href=\"https:\/\/newsinfoco.com.br\/inicio\" title=\"In\u00edcio\">In\u00edcio<\/a>\n\t\t<\/span><span class=\"aioseo-breadcrumb-separator\">&raquo;<\/span><span class=\"aioseo-breadcrumb\">\n\t\t\t<a href=\"https:\/\/newsinfoco.com.br\/inicio\/category\/politica\/\" title=\"Pol\u00edtica\">Pol\u00edtica<\/a>\n\t\t<\/span><span class=\"aioseo-breadcrumb-separator\">&raquo;<\/span><span class=\"aioseo-breadcrumb\">\n\t\t\tCorreio da Bahia: vit\u00f3ria de Aline Peixoto ao TCM aumentar\u00e1 for\u00e7a de Rui Costa na Bahia\n\t\t<\/span><\/div>","aioseo_breadcrumb_json":[{"label":"In\u00edcio","link":"https:\/\/newsinfoco.com.br\/inicio"},{"label":"Pol\u00edtica","link":"https:\/\/newsinfoco.com.br\/inicio\/category\/politica\/"},{"label":"Correio da Bahia: vit\u00f3ria de Aline Peixoto ao TCM aumentar\u00e1 for\u00e7a de Rui Costa na Bahia","link":"https:\/\/newsinfoco.com.br\/inicio\/correio-da-bahia-vitoria-de-aline-peixoto-ao-tcm-aumentara-forca-de-rui-costa-na-bahia\/"}],"_links":{"self":[{"href":"https:\/\/newsinfoco.com.br\/inicio\/wp-json\/wp\/v2\/posts\/33224","targetHints":{"allow":["GET"]}}],"collection":[{"href":"https:\/\/newsinfoco.com.br\/inicio\/wp-json\/wp\/v2\/posts"}],"about":[{"href":"https:\/\/newsinfoco.com.br\/inicio\/wp-json\/wp\/v2\/types\/post"}],"author":[{"embeddable":true,"href":"https:\/\/newsinfoco.com.br\/inicio\/wp-json\/wp\/v2\/users\/1"}],"replies":[{"embeddable":true,"href":"https:\/\/newsinfoco.com.br\/inicio\/wp-json\/wp\/v2\/comments?post=33224"}],"version-history":[{"count":1,"href":"https:\/\/newsinfoco.com.br\/inicio\/wp-json\/wp\/v2\/posts\/33224\/revisions"}],"predecessor-version":[{"id":33226,"href":"https:\/\/newsinfoco.com.br\/inicio\/wp-json\/wp\/v2\/posts\/33224\/revisions\/33226"}],"wp:featuredmedia":[{"embeddable":true,"href":"https:\/\/newsinfoco.com.br\/inicio\/wp-json\/wp\/v2\/media\/33225"}],"wp:attachment":[{"href":"https:\/\/newsinfoco.com.br\/inicio\/wp-json\/wp\/v2\/media?parent=33224"}],"wp:term":[{"taxonomy":"category","embeddable":true,"href":"https:\/\/newsinfoco.com.br\/inicio\/wp-json\/wp\/v2\/categories?post=33224"},{"taxonomy":"post_tag","embeddable":true,"href":"https:\/\/newsinfoco.com.br\/inicio\/wp-json\/wp\/v2\/tags?post=33224"}],"curies":[{"name":"wp","href":"https:\/\/api.w.org\/{rel}","templated":true}]}}