{"id":33233,"date":"2023-03-07T17:50:43","date_gmt":"2023-03-07T20:50:43","guid":{"rendered":"https:\/\/newsinfoco.com.br\/inicio\/?p=33233"},"modified":"2023-03-07T17:50:43","modified_gmt":"2023-03-07T20:50:43","slug":"zema-pode-ser-incluido-em-inquerito-do-stf-sobre-manifestacoes-em-brasilia","status":"publish","type":"post","link":"https:\/\/newsinfoco.com.br\/inicio\/zema-pode-ser-incluido-em-inquerito-do-stf-sobre-manifestacoes-em-brasilia\/","title":{"rendered":"Zema pode ser inclu\u00eddo em inqu\u00e9rito do STF sobre manifesta\u00e7\u00f5es em Bras\u00edlia"},"content":{"rendered":"<p>O ministro Humberto Martins, do Superior Tribunal de Justi\u00e7a (STJ), enviou ao Supremo Tribunal Federal (STF) uma interpela\u00e7\u00e3o feita contra o governador de Minas Gerais, Romeu Zema (Novo), por declara\u00e7\u00f5es feitas acerca das manifesta\u00e7\u00f5es de 8 de janeiro, em Bras\u00edlia. A decis\u00e3o de Martins \u00e9 de 16 de fevereiro, mas somente foi divulgada na segunda-feira 6.<\/p>\n<p>A interpela\u00e7\u00e3o, procedimento judicial preparat\u00f3rio para eventual a\u00e7\u00e3o penal, foi apresentada no STJ pelos deputados Reginaldo Lopes (PT-MG) e Zeca Dirceu (PT-PR). Eles afirmam que Zema n\u00e3o teria provas do que afirmou, o que poderia configurar crime de inj\u00faria.<\/p>\n<p>Em 16 de janeiro, o governador mineiro disse \u00e0 revista\u00a0<i>Veja<\/i>, sobre as manifesta\u00e7\u00f5es em Bras\u00edlia, que \u201cas autoridades trabalharam para que os ataques ocorressem\u201d e que \u201cas a\u00e7\u00f5es terroristas eram desejadas para que se pudessem, como v\u00edtimas, obter supostos ganhos com a sociedade brasileira e a comunidade internacional\u201d.<\/p>\n<p>Na interpela\u00e7\u00e3o, os deputados petistas pediram que o governador esclarecesse as declara\u00e7\u00f5es. Por\u00e9m, o ministro Humberto Martins, antes de ouvir o governador, remeteu o processo ao STF, para avaliar a eventual compet\u00eancia para o caso de Zema.<\/p>\n<p>Como\u00a0justificativa, ele afirmou que \u201ca manifesta\u00e7\u00e3o do interpelado diz respeito aos eventos investigados nos autos do Inqu\u00e9rito 4.921, instaurado pelo Supremo Tribunal Federal para apurar responsabilidades dos autores intelectuais dos atos de vandalismo ocorridos na capital da Rep\u00fablica em 8\/1\/2023\u201d. O Inqu\u00e9rito 4.921 tem como relator o ministro Alexandre de Moraes.<\/p>\n<p>&nbsp;<\/p>\n<div class='share-to-whatsapp-wrapper'><div class='share-on-whsp'>Share on: <\/div><a data-text='Zema pode ser inclu\u00eddo em inqu\u00e9rito do STF sobre manifesta\u00e7\u00f5es em Bras\u00edlia' data-link='https:\/\/newsinfoco.com.br\/inicio\/zema-pode-ser-incluido-em-inquerito-do-stf-sobre-manifestacoes-em-brasilia\/' class='whatsapp-button whatsapp-share'>WhatsApp<\/a><div class='clear '><\/div><\/div>","protected":false},"excerpt":{"rendered":"<p>O ministro Humberto Martins, do Superior Tribunal de Justi\u00e7a (STJ), enviou ao Supremo Tribunal Federal (STF) uma interpela\u00e7\u00e3o feita contra o governador de Minas Gerais, Romeu Zema (Novo), por declara\u00e7\u00f5es feitas acerca das manifesta\u00e7\u00f5es de 8 de janeiro, em Bras\u00edlia. A decis\u00e3o de Martins \u00e9 de 16 de fevereiro, mas somente foi divulgada na segunda-feira [&hellip;]<\/p>\n","protected":false},"author":1,"featured_media":33234,"comment_status":"closed","ping_status":"closed","sticky":false,"template":"","format":"standard","meta":{"om_disable_all_campaigns":false,"rop_custom_images_group":[],"rop_custom_messages_group":[],"rop_publish_now":"initial","rop_publish_now_accounts":[],"rop_publish_now_history":[],"rop_publish_now_status":"pending","_exactmetrics_skip_tracking":false,"footnotes":""},"categories":[21],"tags":[],"class_list":["post-33233","post","type-post","status-publish","format-standard","has-post-thumbnail","hentry","category-brasil"],"aioseo_notices":[],"aioseo_head":"\n\t\t<!-- All in One SEO 4.9.10 - aioseo.com -->\n\t<meta name=\"description\" content=\"O ministro Humberto Martins, do Superior Tribunal de Justi\u00e7a (STJ), enviou ao Supremo Tribunal Federal (STF) uma interpela\u00e7\u00e3o feita contra o governador de Minas Gerais, Romeu Zema (Novo), por declara\u00e7\u00f5es feitas acerca das manifesta\u00e7\u00f5es de 8 de janeiro, em Bras\u00edlia. A decis\u00e3o de Martins \u00e9 de 16 de fevereiro, mas somente foi divulgada na segunda-feira\" \/>\n\t<meta name=\"robots\" content=\"max-image-preview:large\" \/>\n\t<meta name=\"author\" content=\"administrador\"\/>\n\t<link rel=\"canonical\" href=\"https:\/\/newsinfoco.com.br\/inicio\/zema-pode-ser-incluido-em-inquerito-do-stf-sobre-manifestacoes-em-brasilia\/\" \/>\n\t<meta name=\"generator\" content=\"All in One SEO (AIOSEO) 4.9.10\" \/>\n\t\t<meta property=\"og:locale\" content=\"pt_BR\" \/>\n\t\t<meta property=\"og:site_name\" content=\"News In Foco - Editado por Caio Pimenta - O principal site de noticias de Alagoinhas e regi\u00e3o\" \/>\n\t\t<meta property=\"og:type\" content=\"article\" \/>\n\t\t<meta property=\"og:title\" content=\"Zema pode ser inclu\u00eddo em inqu\u00e9rito do STF sobre manifesta\u00e7\u00f5es em Bras\u00edlia - News In Foco - Editado por Caio Pimenta\" \/>\n\t\t<meta property=\"og:description\" content=\"O ministro Humberto Martins, do Superior Tribunal de Justi\u00e7a (STJ), enviou ao Supremo Tribunal Federal (STF) uma interpela\u00e7\u00e3o feita contra o governador de Minas Gerais, Romeu Zema (Novo), por declara\u00e7\u00f5es feitas acerca das manifesta\u00e7\u00f5es de 8 de janeiro, em Bras\u00edlia. A decis\u00e3o de Martins \u00e9 de 16 de fevereiro, mas somente foi divulgada na segunda-feira\" \/>\n\t\t<meta property=\"og:url\" content=\"https:\/\/newsinfoco.com.br\/inicio\/zema-pode-ser-incluido-em-inquerito-do-stf-sobre-manifestacoes-em-brasilia\/\" \/>\n\t\t<meta property=\"article:published_time\" content=\"2023-03-07T20:50:43+00:00\" \/>\n\t\t<meta property=\"article:modified_time\" content=\"2023-03-07T20:50:43+00:00\" \/>\n\t\t<meta name=\"twitter:card\" content=\"summary_large_image\" \/>\n\t\t<meta name=\"twitter:title\" content=\"Zema pode ser inclu\u00eddo em inqu\u00e9rito do STF sobre manifesta\u00e7\u00f5es em Bras\u00edlia - News In Foco - Editado por Caio Pimenta\" \/>\n\t\t<meta name=\"twitter:description\" content=\"O ministro Humberto Martins, do Superior Tribunal de Justi\u00e7a (STJ), enviou ao Supremo Tribunal Federal (STF) uma interpela\u00e7\u00e3o feita contra o governador de Minas Gerais, Romeu Zema (Novo), por declara\u00e7\u00f5es feitas acerca das manifesta\u00e7\u00f5es de 8 de janeiro, em Bras\u00edlia. A decis\u00e3o de Martins \u00e9 de 16 de fevereiro, mas somente foi divulgada na segunda-feira\" \/>\n\t\t<script type=\"application\/ld+json\" class=\"aioseo-schema\">\n\t\t\t{\"@context\":\"https:\\\/\\\/schema.org\",\"@graph\":[{\"@type\":\"BlogPosting\",\"@id\":\"https:\\\/\\\/newsinfoco.com.br\\\/inicio\\\/zema-pode-ser-incluido-em-inquerito-do-stf-sobre-manifestacoes-em-brasilia\\\/#blogposting\",\"name\":\"Zema pode ser inclu\\u00eddo em inqu\\u00e9rito do STF sobre manifesta\\u00e7\\u00f5es em Bras\\u00edlia - News In Foco - Editado por Caio Pimenta\",\"headline\":\"Zema pode ser inclu\\u00eddo em inqu\\u00e9rito do STF sobre manifesta\\u00e7\\u00f5es em Bras\\u00edlia\",\"author\":{\"@id\":\"https:\\\/\\\/newsinfoco.com.br\\\/inicio\\\/author\\\/administrador\\\/#author\"},\"publisher\":{\"@id\":\"https:\\\/\\\/newsinfoco.com.br\\\/inicio\\\/#organization\"},\"image\":{\"@type\":\"ImageObject\",\"url\":\"https:\\\/\\\/newsinfoco.com.br\\\/inicio\\\/wp-content\\\/uploads\\\/2023\\\/03\\\/Romeu-Zema-768x369-1.jpeg\",\"width\":768,\"height\":369},\"datePublished\":\"2023-03-07T17:50:43-03:00\",\"dateModified\":\"2023-03-07T17:50:43-03:00\",\"inLanguage\":\"pt-BR\",\"mainEntityOfPage\":{\"@id\":\"https:\\\/\\\/newsinfoco.com.br\\\/inicio\\\/zema-pode-ser-incluido-em-inquerito-do-stf-sobre-manifestacoes-em-brasilia\\\/#webpage\"},\"isPartOf\":{\"@id\":\"https:\\\/\\\/newsinfoco.com.br\\\/inicio\\\/zema-pode-ser-incluido-em-inquerito-do-stf-sobre-manifestacoes-em-brasilia\\\/#webpage\"},\"articleSection\":\"Brasil\"},{\"@type\":\"BreadcrumbList\",\"@id\":\"https:\\\/\\\/newsinfoco.com.br\\\/inicio\\\/zema-pode-ser-incluido-em-inquerito-do-stf-sobre-manifestacoes-em-brasilia\\\/#breadcrumblist\",\"itemListElement\":[{\"@type\":\"ListItem\",\"@id\":\"https:\\\/\\\/newsinfoco.com.br\\\/inicio#listItem\",\"position\":1,\"name\":\"In\\u00edcio\",\"item\":\"https:\\\/\\\/newsinfoco.com.br\\\/inicio\",\"nextItem\":{\"@type\":\"ListItem\",\"@id\":\"https:\\\/\\\/newsinfoco.com.br\\\/inicio\\\/category\\\/brasil\\\/#listItem\",\"name\":\"Brasil\"}},{\"@type\":\"ListItem\",\"@id\":\"https:\\\/\\\/newsinfoco.com.br\\\/inicio\\\/category\\\/brasil\\\/#listItem\",\"position\":2,\"name\":\"Brasil\",\"item\":\"https:\\\/\\\/newsinfoco.com.br\\\/inicio\\\/category\\\/brasil\\\/\",\"nextItem\":{\"@type\":\"ListItem\",\"@id\":\"https:\\\/\\\/newsinfoco.com.br\\\/inicio\\\/zema-pode-ser-incluido-em-inquerito-do-stf-sobre-manifestacoes-em-brasilia\\\/#listItem\",\"name\":\"Zema pode ser inclu\\u00eddo em inqu\\u00e9rito do STF sobre manifesta\\u00e7\\u00f5es em Bras\\u00edlia\"},\"previousItem\":{\"@type\":\"ListItem\",\"@id\":\"https:\\\/\\\/newsinfoco.com.br\\\/inicio#listItem\",\"name\":\"In\\u00edcio\"}},{\"@type\":\"ListItem\",\"@id\":\"https:\\\/\\\/newsinfoco.com.br\\\/inicio\\\/zema-pode-ser-incluido-em-inquerito-do-stf-sobre-manifestacoes-em-brasilia\\\/#listItem\",\"position\":3,\"name\":\"Zema pode ser inclu\\u00eddo em inqu\\u00e9rito do STF sobre manifesta\\u00e7\\u00f5es em Bras\\u00edlia\",\"previousItem\":{\"@type\":\"ListItem\",\"@id\":\"https:\\\/\\\/newsinfoco.com.br\\\/inicio\\\/category\\\/brasil\\\/#listItem\",\"name\":\"Brasil\"}}]},{\"@type\":\"Organization\",\"@id\":\"https:\\\/\\\/newsinfoco.com.br\\\/inicio\\\/#organization\",\"name\":\"News In Foco - Editado por Caio Pimenta\",\"description\":\"O principal site de noticias de Alagoinhas e regi\\u00e3o\",\"url\":\"https:\\\/\\\/newsinfoco.com.br\\\/inicio\\\/\"},{\"@type\":\"Person\",\"@id\":\"https:\\\/\\\/newsinfoco.com.br\\\/inicio\\\/author\\\/administrador\\\/#author\",\"url\":\"https:\\\/\\\/newsinfoco.com.br\\\/inicio\\\/author\\\/administrador\\\/\",\"name\":\"administrador\",\"image\":{\"@type\":\"ImageObject\",\"@id\":\"https:\\\/\\\/newsinfoco.com.br\\\/inicio\\\/zema-pode-ser-incluido-em-inquerito-do-stf-sobre-manifestacoes-em-brasilia\\\/#authorImage\",\"url\":\"https:\\\/\\\/secure.gravatar.com\\\/avatar\\\/c17a617433de8c1dc9584bb79aab7563b46f5bb7e1728c9b17d9cc3ce6a08e49?s=96&d=mm&r=g\",\"width\":96,\"height\":96,\"caption\":\"administrador\"}},{\"@type\":\"WebPage\",\"@id\":\"https:\\\/\\\/newsinfoco.com.br\\\/inicio\\\/zema-pode-ser-incluido-em-inquerito-do-stf-sobre-manifestacoes-em-brasilia\\\/#webpage\",\"url\":\"https:\\\/\\\/newsinfoco.com.br\\\/inicio\\\/zema-pode-ser-incluido-em-inquerito-do-stf-sobre-manifestacoes-em-brasilia\\\/\",\"name\":\"Zema pode ser inclu\\u00eddo em inqu\\u00e9rito do STF sobre manifesta\\u00e7\\u00f5es em Bras\\u00edlia - News In Foco - Editado por Caio Pimenta\",\"description\":\"O ministro Humberto Martins, do Superior Tribunal de Justi\\u00e7a (STJ), enviou ao Supremo Tribunal Federal (STF) uma interpela\\u00e7\\u00e3o feita contra o governador de Minas Gerais, Romeu Zema (Novo), por declara\\u00e7\\u00f5es feitas acerca das manifesta\\u00e7\\u00f5es de 8 de janeiro, em Bras\\u00edlia. A decis\\u00e3o de Martins \\u00e9 de 16 de fevereiro, mas somente foi divulgada na segunda-feira\",\"inLanguage\":\"pt-BR\",\"isPartOf\":{\"@id\":\"https:\\\/\\\/newsinfoco.com.br\\\/inicio\\\/#website\"},\"breadcrumb\":{\"@id\":\"https:\\\/\\\/newsinfoco.com.br\\\/inicio\\\/zema-pode-ser-incluido-em-inquerito-do-stf-sobre-manifestacoes-em-brasilia\\\/#breadcrumblist\"},\"author\":{\"@id\":\"https:\\\/\\\/newsinfoco.com.br\\\/inicio\\\/author\\\/administrador\\\/#author\"},\"creator\":{\"@id\":\"https:\\\/\\\/newsinfoco.com.br\\\/inicio\\\/author\\\/administrador\\\/#author\"},\"image\":{\"@type\":\"ImageObject\",\"url\":\"https:\\\/\\\/newsinfoco.com.br\\\/inicio\\\/wp-content\\\/uploads\\\/2023\\\/03\\\/Romeu-Zema-768x369-1.jpeg\",\"@id\":\"https:\\\/\\\/newsinfoco.com.br\\\/inicio\\\/zema-pode-ser-incluido-em-inquerito-do-stf-sobre-manifestacoes-em-brasilia\\\/#mainImage\",\"width\":768,\"height\":369},\"primaryImageOfPage\":{\"@id\":\"https:\\\/\\\/newsinfoco.com.br\\\/inicio\\\/zema-pode-ser-incluido-em-inquerito-do-stf-sobre-manifestacoes-em-brasilia\\\/#mainImage\"},\"datePublished\":\"2023-03-07T17:50:43-03:00\",\"dateModified\":\"2023-03-07T17:50:43-03:00\"},{\"@type\":\"WebSite\",\"@id\":\"https:\\\/\\\/newsinfoco.com.br\\\/inicio\\\/#website\",\"url\":\"https:\\\/\\\/newsinfoco.com.br\\\/inicio\\\/\",\"name\":\"News In Foco - Editado por Caio Pimenta\",\"description\":\"O principal site de noticias de Alagoinhas e regi\\u00e3o\",\"inLanguage\":\"pt-BR\",\"publisher\":{\"@id\":\"https:\\\/\\\/newsinfoco.com.br\\\/inicio\\\/#organization\"}}]}\n\t\t<\/script>\n\t\t<!-- All in One SEO -->\n\n","aioseo_head_json":{"title":"Zema pode ser inclu\u00eddo em inqu\u00e9rito do STF sobre manifesta\u00e7\u00f5es em Bras\u00edlia - News In Foco - Editado por Caio Pimenta","description":"O ministro Humberto Martins, do Superior Tribunal de Justi\u00e7a (STJ), enviou ao Supremo Tribunal Federal (STF) uma interpela\u00e7\u00e3o feita contra o governador de Minas Gerais, Romeu Zema (Novo), por declara\u00e7\u00f5es feitas acerca das manifesta\u00e7\u00f5es de 8 de janeiro, em Bras\u00edlia. A decis\u00e3o de Martins \u00e9 de 16 de fevereiro, mas somente foi divulgada na segunda-feira","canonical_url":"https:\/\/newsinfoco.com.br\/inicio\/zema-pode-ser-incluido-em-inquerito-do-stf-sobre-manifestacoes-em-brasilia\/","robots":"max-image-preview:large","keywords":"","webmasterTools":{"miscellaneous":""},"schema":{"@context":"https:\/\/schema.org","@graph":[{"@type":"BlogPosting","@id":"https:\/\/newsinfoco.com.br\/inicio\/zema-pode-ser-incluido-em-inquerito-do-stf-sobre-manifestacoes-em-brasilia\/#blogposting","name":"Zema pode ser inclu\u00eddo em inqu\u00e9rito do STF sobre manifesta\u00e7\u00f5es em Bras\u00edlia - News In Foco - Editado por Caio Pimenta","headline":"Zema pode ser inclu\u00eddo em inqu\u00e9rito do STF sobre manifesta\u00e7\u00f5es em Bras\u00edlia","author":{"@id":"https:\/\/newsinfoco.com.br\/inicio\/author\/administrador\/#author"},"publisher":{"@id":"https:\/\/newsinfoco.com.br\/inicio\/#organization"},"image":{"@type":"ImageObject","url":"https:\/\/newsinfoco.com.br\/inicio\/wp-content\/uploads\/2023\/03\/Romeu-Zema-768x369-1.jpeg","width":768,"height":369},"datePublished":"2023-03-07T17:50:43-03:00","dateModified":"2023-03-07T17:50:43-03:00","inLanguage":"pt-BR","mainEntityOfPage":{"@id":"https:\/\/newsinfoco.com.br\/inicio\/zema-pode-ser-incluido-em-inquerito-do-stf-sobre-manifestacoes-em-brasilia\/#webpage"},"isPartOf":{"@id":"https:\/\/newsinfoco.com.br\/inicio\/zema-pode-ser-incluido-em-inquerito-do-stf-sobre-manifestacoes-em-brasilia\/#webpage"},"articleSection":"Brasil"},{"@type":"BreadcrumbList","@id":"https:\/\/newsinfoco.com.br\/inicio\/zema-pode-ser-incluido-em-inquerito-do-stf-sobre-manifestacoes-em-brasilia\/#breadcrumblist","itemListElement":[{"@type":"ListItem","@id":"https:\/\/newsinfoco.com.br\/inicio#listItem","position":1,"name":"In\u00edcio","item":"https:\/\/newsinfoco.com.br\/inicio","nextItem":{"@type":"ListItem","@id":"https:\/\/newsinfoco.com.br\/inicio\/category\/brasil\/#listItem","name":"Brasil"}},{"@type":"ListItem","@id":"https:\/\/newsinfoco.com.br\/inicio\/category\/brasil\/#listItem","position":2,"name":"Brasil","item":"https:\/\/newsinfoco.com.br\/inicio\/category\/brasil\/","nextItem":{"@type":"ListItem","@id":"https:\/\/newsinfoco.com.br\/inicio\/zema-pode-ser-incluido-em-inquerito-do-stf-sobre-manifestacoes-em-brasilia\/#listItem","name":"Zema pode ser inclu\u00eddo em inqu\u00e9rito do STF sobre manifesta\u00e7\u00f5es em Bras\u00edlia"},"previousItem":{"@type":"ListItem","@id":"https:\/\/newsinfoco.com.br\/inicio#listItem","name":"In\u00edcio"}},{"@type":"ListItem","@id":"https:\/\/newsinfoco.com.br\/inicio\/zema-pode-ser-incluido-em-inquerito-do-stf-sobre-manifestacoes-em-brasilia\/#listItem","position":3,"name":"Zema pode ser inclu\u00eddo em inqu\u00e9rito do STF sobre manifesta\u00e7\u00f5es em Bras\u00edlia","previousItem":{"@type":"ListItem","@id":"https:\/\/newsinfoco.com.br\/inicio\/category\/brasil\/#listItem","name":"Brasil"}}]},{"@type":"Organization","@id":"https:\/\/newsinfoco.com.br\/inicio\/#organization","name":"News In Foco - Editado por Caio Pimenta","description":"O principal site de noticias de Alagoinhas e regi\u00e3o","url":"https:\/\/newsinfoco.com.br\/inicio\/"},{"@type":"Person","@id":"https:\/\/newsinfoco.com.br\/inicio\/author\/administrador\/#author","url":"https:\/\/newsinfoco.com.br\/inicio\/author\/administrador\/","name":"administrador","image":{"@type":"ImageObject","@id":"https:\/\/newsinfoco.com.br\/inicio\/zema-pode-ser-incluido-em-inquerito-do-stf-sobre-manifestacoes-em-brasilia\/#authorImage","url":"https:\/\/secure.gravatar.com\/avatar\/c17a617433de8c1dc9584bb79aab7563b46f5bb7e1728c9b17d9cc3ce6a08e49?s=96&d=mm&r=g","width":96,"height":96,"caption":"administrador"}},{"@type":"WebPage","@id":"https:\/\/newsinfoco.com.br\/inicio\/zema-pode-ser-incluido-em-inquerito-do-stf-sobre-manifestacoes-em-brasilia\/#webpage","url":"https:\/\/newsinfoco.com.br\/inicio\/zema-pode-ser-incluido-em-inquerito-do-stf-sobre-manifestacoes-em-brasilia\/","name":"Zema pode ser inclu\u00eddo em inqu\u00e9rito do STF sobre manifesta\u00e7\u00f5es em Bras\u00edlia - News In Foco - Editado por Caio Pimenta","description":"O ministro Humberto Martins, do Superior Tribunal de Justi\u00e7a (STJ), enviou ao Supremo Tribunal Federal (STF) uma interpela\u00e7\u00e3o feita contra o governador de Minas Gerais, Romeu Zema (Novo), por declara\u00e7\u00f5es feitas acerca das manifesta\u00e7\u00f5es de 8 de janeiro, em Bras\u00edlia. A decis\u00e3o de Martins \u00e9 de 16 de fevereiro, mas somente foi divulgada na segunda-feira","inLanguage":"pt-BR","isPartOf":{"@id":"https:\/\/newsinfoco.com.br\/inicio\/#website"},"breadcrumb":{"@id":"https:\/\/newsinfoco.com.br\/inicio\/zema-pode-ser-incluido-em-inquerito-do-stf-sobre-manifestacoes-em-brasilia\/#breadcrumblist"},"author":{"@id":"https:\/\/newsinfoco.com.br\/inicio\/author\/administrador\/#author"},"creator":{"@id":"https:\/\/newsinfoco.com.br\/inicio\/author\/administrador\/#author"},"image":{"@type":"ImageObject","url":"https:\/\/newsinfoco.com.br\/inicio\/wp-content\/uploads\/2023\/03\/Romeu-Zema-768x369-1.jpeg","@id":"https:\/\/newsinfoco.com.br\/inicio\/zema-pode-ser-incluido-em-inquerito-do-stf-sobre-manifestacoes-em-brasilia\/#mainImage","width":768,"height":369},"primaryImageOfPage":{"@id":"https:\/\/newsinfoco.com.br\/inicio\/zema-pode-ser-incluido-em-inquerito-do-stf-sobre-manifestacoes-em-brasilia\/#mainImage"},"datePublished":"2023-03-07T17:50:43-03:00","dateModified":"2023-03-07T17:50:43-03:00"},{"@type":"WebSite","@id":"https:\/\/newsinfoco.com.br\/inicio\/#website","url":"https:\/\/newsinfoco.com.br\/inicio\/","name":"News In Foco - Editado por Caio Pimenta","description":"O principal site de noticias de Alagoinhas e regi\u00e3o","inLanguage":"pt-BR","publisher":{"@id":"https:\/\/newsinfoco.com.br\/inicio\/#organization"}}]},"og:locale":"pt_BR","og:site_name":"News In Foco - Editado por Caio Pimenta - O principal site de noticias de Alagoinhas e regi\u00e3o","og:type":"article","og:title":"Zema pode ser inclu\u00eddo em inqu\u00e9rito do STF sobre manifesta\u00e7\u00f5es em Bras\u00edlia - News In Foco - Editado por Caio Pimenta","og:description":"O ministro Humberto Martins, do Superior Tribunal de Justi\u00e7a (STJ), enviou ao Supremo Tribunal Federal (STF) uma interpela\u00e7\u00e3o feita contra o governador de Minas Gerais, Romeu Zema (Novo), por declara\u00e7\u00f5es feitas acerca das manifesta\u00e7\u00f5es de 8 de janeiro, em Bras\u00edlia. A decis\u00e3o de Martins \u00e9 de 16 de fevereiro, mas somente foi divulgada na segunda-feira","og:url":"https:\/\/newsinfoco.com.br\/inicio\/zema-pode-ser-incluido-em-inquerito-do-stf-sobre-manifestacoes-em-brasilia\/","article:published_time":"2023-03-07T20:50:43+00:00","article:modified_time":"2023-03-07T20:50:43+00:00","twitter:card":"summary_large_image","twitter:title":"Zema pode ser inclu\u00eddo em inqu\u00e9rito do STF sobre manifesta\u00e7\u00f5es em Bras\u00edlia - News In Foco - Editado por Caio Pimenta","twitter:description":"O ministro Humberto Martins, do Superior Tribunal de Justi\u00e7a (STJ), enviou ao Supremo Tribunal Federal (STF) uma interpela\u00e7\u00e3o feita contra o governador de Minas Gerais, Romeu Zema (Novo), por declara\u00e7\u00f5es feitas acerca das manifesta\u00e7\u00f5es de 8 de janeiro, em Bras\u00edlia. A decis\u00e3o de Martins \u00e9 de 16 de fevereiro, mas somente foi divulgada na segunda-feira"},"aioseo_meta_data":{"post_id":"33233","title":null,"description":null,"keywords":null,"keyphrases":null,"primary_term":null,"canonical_url":null,"og_title":null,"og_description":null,"og_object_type":"default","og_image_type":"default","og_image_url":null,"og_image_width":null,"og_image_height":null,"og_image_custom_url":null,"og_image_custom_fields":null,"og_video":null,"og_custom_url":null,"og_article_section":null,"og_article_tags":null,"twitter_use_og":false,"twitter_card":"default","twitter_image_type":"default","twitter_image_url":null,"twitter_image_custom_url":null,"twitter_image_custom_fields":null,"twitter_title":null,"twitter_description":null,"schema":{"blockGraphs":[],"customGraphs":[],"default":{"data":{"Article":[],"Course":[],"Dataset":[],"FAQPage":[],"Movie":[],"Person":[],"Product":[],"ProductReview":[],"Car":[],"Recipe":[],"Service":[],"SoftwareApplication":[],"WebPage":[]},"graphName":"","isEnabled":true},"graphs":[]},"schema_type":"default","schema_type_options":null,"pillar_content":false,"robots_default":true,"robots_noindex":false,"robots_noarchive":false,"robots_nosnippet":false,"robots_nofollow":false,"robots_noimageindex":false,"robots_noodp":false,"robots_notranslate":false,"robots_max_snippet":null,"robots_max_videopreview":null,"robots_max_imagepreview":"large","priority":null,"frequency":null,"local_seo":null,"breadcrumb_settings":null,"limit_modified_date":false,"ai":null,"created":"2023-06-12 22:59:36","updated":"2025-07-11 09:17:01","seo_analyzer_scan_date":null},"aioseo_breadcrumb":"<div class=\"aioseo-breadcrumbs\"><span class=\"aioseo-breadcrumb\">\n\t\t\t<a href=\"https:\/\/newsinfoco.com.br\/inicio\" title=\"In\u00edcio\">In\u00edcio<\/a>\n\t\t<\/span><span class=\"aioseo-breadcrumb-separator\">&raquo;<\/span><span class=\"aioseo-breadcrumb\">\n\t\t\t<a href=\"https:\/\/newsinfoco.com.br\/inicio\/category\/brasil\/\" title=\"Brasil\">Brasil<\/a>\n\t\t<\/span><span class=\"aioseo-breadcrumb-separator\">&raquo;<\/span><span class=\"aioseo-breadcrumb\">\n\t\t\tZema pode ser inclu\u00eddo em inqu\u00e9rito do STF sobre manifesta\u00e7\u00f5es em Bras\u00edlia\n\t\t<\/span><\/div>","aioseo_breadcrumb_json":[{"label":"In\u00edcio","link":"https:\/\/newsinfoco.com.br\/inicio"},{"label":"Brasil","link":"https:\/\/newsinfoco.com.br\/inicio\/category\/brasil\/"},{"label":"Zema pode ser inclu\u00eddo em inqu\u00e9rito do STF sobre manifesta\u00e7\u00f5es em Bras\u00edlia","link":"https:\/\/newsinfoco.com.br\/inicio\/zema-pode-ser-incluido-em-inquerito-do-stf-sobre-manifestacoes-em-brasilia\/"}],"_links":{"self":[{"href":"https:\/\/newsinfoco.com.br\/inicio\/wp-json\/wp\/v2\/posts\/33233","targetHints":{"allow":["GET"]}}],"collection":[{"href":"https:\/\/newsinfoco.com.br\/inicio\/wp-json\/wp\/v2\/posts"}],"about":[{"href":"https:\/\/newsinfoco.com.br\/inicio\/wp-json\/wp\/v2\/types\/post"}],"author":[{"embeddable":true,"href":"https:\/\/newsinfoco.com.br\/inicio\/wp-json\/wp\/v2\/users\/1"}],"replies":[{"embeddable":true,"href":"https:\/\/newsinfoco.com.br\/inicio\/wp-json\/wp\/v2\/comments?post=33233"}],"version-history":[{"count":1,"href":"https:\/\/newsinfoco.com.br\/inicio\/wp-json\/wp\/v2\/posts\/33233\/revisions"}],"predecessor-version":[{"id":33235,"href":"https:\/\/newsinfoco.com.br\/inicio\/wp-json\/wp\/v2\/posts\/33233\/revisions\/33235"}],"wp:featuredmedia":[{"embeddable":true,"href":"https:\/\/newsinfoco.com.br\/inicio\/wp-json\/wp\/v2\/media\/33234"}],"wp:attachment":[{"href":"https:\/\/newsinfoco.com.br\/inicio\/wp-json\/wp\/v2\/media?parent=33233"}],"wp:term":[{"taxonomy":"category","embeddable":true,"href":"https:\/\/newsinfoco.com.br\/inicio\/wp-json\/wp\/v2\/categories?post=33233"},{"taxonomy":"post_tag","embeddable":true,"href":"https:\/\/newsinfoco.com.br\/inicio\/wp-json\/wp\/v2\/tags?post=33233"}],"curies":[{"name":"wp","href":"https:\/\/api.w.org\/{rel}","templated":true}]}}