{"id":33256,"date":"2023-03-08T16:47:39","date_gmt":"2023-03-08T19:47:39","guid":{"rendered":"https:\/\/newsinfoco.com.br\/inicio\/?p=33256"},"modified":"2023-03-08T16:49:34","modified_gmt":"2023-03-08T19:49:34","slug":"cafe-da-manha-na-camara-municipal-de-alagoinhas-marca-mais-uma-etapa-do-marco-mulher","status":"publish","type":"post","link":"https:\/\/newsinfoco.com.br\/inicio\/cafe-da-manha-na-camara-municipal-de-alagoinhas-marca-mais-uma-etapa-do-marco-mulher\/","title":{"rendered":"Caf\u00e9 da Manh\u00e3 na C\u00e2mara Municipal de Alagoinhas marca mais uma etapa do Mar\u00e7o Mulher"},"content":{"rendered":"<p dir=\"auto\">Um caf\u00e9 da manh\u00e3 na C\u00e2mara Municipal nesta quarta-feira (8), Dia Internacional das Mulheres, marcou mais uma etapa do Mar\u00e7o Mulher, organizado pelo poder legislativo, por meio da Procuradoria da Mulher, Secretaria Municipal de Assist\u00eancia Social e Conselho Municipal de Defesa dos Direitos da Mulher.<\/p>\n<p dir=\"auto\">A alegria e o comprometimento com avan\u00e7os de amplos direitos das mulheres foram as marcas do encontro entre mulheres de diversos segmentos da sociedade alagoinhense.<\/p>\n<p dir=\"auto\">O grupo de atividades f\u00edsicas do professor Memo, composto apenas por mulheres, deu tom de alegria, energia e de integra\u00e7\u00e3o ao evento realizado neste dia 8 de mar\u00e7o na C\u00e2mara Municipal.<\/p>\n<p dir=\"auto\">Segundo a vereadora Juci Cardoso, as a\u00e7\u00f5es do Mar\u00e7o Mulher oportunizam a organiza\u00e7\u00e3o das mulheres e possibilitam a reflex\u00e3o da condi\u00e7\u00e3o culturalmente subalternizada. A vereadora salienta que as diversas atividades ao longo do m\u00eas est\u00e3o voltadas para a garantia de direitos das mulheres.<\/p>\n<p dir=\"auto\">A delegada L\u00e9lia Maria Raimundi, titular da Delegacia Especializada no Atendimento \u00e0 Mulher, assinala que o trabalho sob a responsabilidade da unidade policial apresenta resultados e os n\u00fameros de ocorr\u00eancias provam que as mulheres est\u00e3o mais decididas em denunciar a viol\u00eancia. Outro ponto considerado relevante para o trabalho, de acordo com a delegada, \u00e9 preservar as identidades da mulher agredida e do agressor. \u201cAgimos no sentido de elucidar o crime, mas sem publicizar os nomes, pois um dos objetivos do nosso trabalho \u00e9 acolher a mulher agredida\u201d, pontua.<\/p>\n<p dir=\"auto\">Para o juiz Luciano Ribeiro, da 2\u00aa Vara Criminal e de Viol\u00eancia Dom\u00e9stica da Comarca de Alagoinhas, o Tribunal de Justi\u00e7a est\u00e1 voltado para a garantia dos direitos das mulheres e participa ativamente da rede de prote\u00e7\u00e3o. \u201cEstamos \u00e0 disposi\u00e7\u00e3o da sociedade\u201d, assegurou.<\/p>\n<p dir=\"auto\">A vereadora Luma Menezes registra que o Mar\u00e7o Mulher \u00e9 um momento importante para o debate de temas diversos que impactam na vida das mulheres, mas que o trabalho de prote\u00e7\u00e3o \u00e0s mulheres deve ser cont\u00ednuo. \u201cA mulher tem o direito de ser o que ela quiser\u201d, exclama a parlamentar, a mais jovem da Casa.<\/p>\n<p dir=\"auto\">A empatia e a busca de objetivos comuns, mesmo entre pessoas que discordam das abordagens de v\u00e1rios temas de impacto social, s\u00e3o, para a vereadora Jaldice Nunes as causas que movem tantas mulheres que t\u00eam se reunido em torno do Mar\u00e7o Mulher. \u201cEstamos juntas nesta luta\u201d, diz.<\/p>\n<p dir=\"auto\">Decana da C\u00e2mara Municipal, a vereadora Raimunda Flor\u00eancio enfrentou ao longo de seus mandatos viol\u00eancias pol\u00edticas de variadas ordens. \u201cHoje, com a presen\u00e7a de mais tr\u00eas vereadoras nesta Casa, a situa\u00e7\u00e3o est\u00e1 melhorando e com a uni\u00e3o de todas vamos avan\u00e7ar muito mais\u201d, enfatiza.<\/p>\n<p dir=\"auto\">\u00a0*Procuradoria da Mulher*<\/p>\n<p dir=\"auto\">Instalada em 2021, a Procuradoria da Mulher da C\u00e2mara Municipal \u00e9 mais um \u00f3rg\u00e3o institucional que se junta \u00e0 rede de prote\u00e7\u00e3o \u00e0s mulheres alagoinhenses e tem como objetivos debater e implementar pol\u00edticas p\u00fablicas que assegurem avan\u00e7os dos direitos das mulheres.<\/p>\n<p dir=\"auto\">Com a Procuradoria da Mulher, o poder legislativo demonstra na pr\u00e1tica que as quest\u00f5es que atingem as mulheres est\u00e3o na pauta da Casa e que as vereadoras que comp\u00f5em o colegiado se posicionam claramente na defesa de um conjunto de leis\u00a0 e de pol\u00edticas p\u00fablicas que garantam a prote\u00e7\u00e3o das mulheres.<\/p>\n<p dir=\"auto\">Ascom &#8211; C\u00e2mara Municipal de Alagoinhas<\/p>\n<p dir=\"auto\">Fotos &#8211; Jh\u00f4 Paz<\/p>\n<div class='share-to-whatsapp-wrapper'><div class='share-on-whsp'>Share on: <\/div><a data-text='Caf\u00e9 da Manh\u00e3 na C\u00e2mara Municipal de Alagoinhas marca mais uma etapa do Mar\u00e7o Mulher' data-link='https:\/\/newsinfoco.com.br\/inicio\/cafe-da-manha-na-camara-municipal-de-alagoinhas-marca-mais-uma-etapa-do-marco-mulher\/' class='whatsapp-button whatsapp-share'>WhatsApp<\/a><div class='clear '><\/div><\/div>","protected":false},"excerpt":{"rendered":"<p>Um caf\u00e9 da manh\u00e3 na C\u00e2mara Municipal nesta quarta-feira (8), Dia Internacional das Mulheres, marcou mais uma etapa do Mar\u00e7o Mulher, organizado pelo poder legislativo, por meio da Procuradoria da Mulher, Secretaria Municipal de Assist\u00eancia Social e Conselho Municipal de Defesa dos Direitos da Mulher. A alegria e o comprometimento com avan\u00e7os de amplos direitos [&hellip;]<\/p>\n","protected":false},"author":1,"featured_media":33257,"comment_status":"closed","ping_status":"closed","sticky":false,"template":"","format":"standard","meta":{"om_disable_all_campaigns":false,"rop_custom_images_group":[],"rop_custom_messages_group":[],"rop_publish_now":"initial","rop_publish_now_accounts":[],"rop_publish_now_history":[],"rop_publish_now_status":"pending","_exactmetrics_skip_tracking":false,"footnotes":""},"categories":[38,167],"tags":[],"class_list":["post-33256","post","type-post","status-publish","format-standard","has-post-thumbnail","hentry","category-alagoinhas-e-regiao","category-exclusivas"],"aioseo_notices":[],"aioseo_head":"\n\t\t<!-- All in One SEO 4.9.10 - aioseo.com -->\n\t<meta name=\"description\" content=\"Um caf\u00e9 da manh\u00e3 na C\u00e2mara Municipal nesta quarta-feira (8), Dia Internacional das Mulheres, marcou mais uma etapa do Mar\u00e7o Mulher, organizado pelo poder legislativo, por meio da Procuradoria da Mulher, Secretaria Municipal de Assist\u00eancia Social e Conselho Municipal de Defesa dos Direitos da Mulher. A alegria e o comprometimento com avan\u00e7os de amplos direitos\" \/>\n\t<meta name=\"robots\" content=\"max-image-preview:large\" \/>\n\t<meta name=\"author\" content=\"administrador\"\/>\n\t<link rel=\"canonical\" href=\"https:\/\/newsinfoco.com.br\/inicio\/cafe-da-manha-na-camara-municipal-de-alagoinhas-marca-mais-uma-etapa-do-marco-mulher\/\" \/>\n\t<meta name=\"generator\" content=\"All in One SEO (AIOSEO) 4.9.10\" \/>\n\t\t<meta property=\"og:locale\" content=\"pt_BR\" \/>\n\t\t<meta property=\"og:site_name\" content=\"News In Foco - Editado por Caio Pimenta - O principal site de noticias de Alagoinhas e regi\u00e3o\" \/>\n\t\t<meta property=\"og:type\" content=\"article\" \/>\n\t\t<meta property=\"og:title\" content=\"Caf\u00e9 da Manh\u00e3 na C\u00e2mara Municipal de Alagoinhas marca mais uma etapa do Mar\u00e7o Mulher - News In Foco - Editado por Caio Pimenta\" \/>\n\t\t<meta property=\"og:description\" content=\"Um caf\u00e9 da manh\u00e3 na C\u00e2mara Municipal nesta quarta-feira (8), Dia Internacional das Mulheres, marcou mais uma etapa do Mar\u00e7o Mulher, organizado pelo poder legislativo, por meio da Procuradoria da Mulher, Secretaria Municipal de Assist\u00eancia Social e Conselho Municipal de Defesa dos Direitos da Mulher. A alegria e o comprometimento com avan\u00e7os de amplos direitos\" \/>\n\t\t<meta property=\"og:url\" content=\"https:\/\/newsinfoco.com.br\/inicio\/cafe-da-manha-na-camara-municipal-de-alagoinhas-marca-mais-uma-etapa-do-marco-mulher\/\" \/>\n\t\t<meta property=\"article:published_time\" content=\"2023-03-08T19:47:39+00:00\" \/>\n\t\t<meta property=\"article:modified_time\" content=\"2023-03-08T19:49:34+00:00\" \/>\n\t\t<meta name=\"twitter:card\" content=\"summary_large_image\" \/>\n\t\t<meta name=\"twitter:title\" content=\"Caf\u00e9 da Manh\u00e3 na C\u00e2mara Municipal de Alagoinhas marca mais uma etapa do Mar\u00e7o Mulher - News In Foco - Editado por Caio Pimenta\" \/>\n\t\t<meta name=\"twitter:description\" content=\"Um caf\u00e9 da manh\u00e3 na C\u00e2mara Municipal nesta quarta-feira (8), Dia Internacional das Mulheres, marcou mais uma etapa do Mar\u00e7o Mulher, organizado pelo poder legislativo, por meio da Procuradoria da Mulher, Secretaria Municipal de Assist\u00eancia Social e Conselho Municipal de Defesa dos Direitos da Mulher. A alegria e o comprometimento com avan\u00e7os de amplos direitos\" \/>\n\t\t<script type=\"application\/ld+json\" class=\"aioseo-schema\">\n\t\t\t{\"@context\":\"https:\\\/\\\/schema.org\",\"@graph\":[{\"@type\":\"BlogPosting\",\"@id\":\"https:\\\/\\\/newsinfoco.com.br\\\/inicio\\\/cafe-da-manha-na-camara-municipal-de-alagoinhas-marca-mais-uma-etapa-do-marco-mulher\\\/#blogposting\",\"name\":\"Caf\\u00e9 da Manh\\u00e3 na C\\u00e2mara Municipal de Alagoinhas marca mais uma etapa do Mar\\u00e7o Mulher - News In Foco - Editado por Caio Pimenta\",\"headline\":\"Caf\\u00e9 da Manh\\u00e3 na C\\u00e2mara Municipal de Alagoinhas marca mais uma etapa do Mar\\u00e7o Mulher\",\"author\":{\"@id\":\"https:\\\/\\\/newsinfoco.com.br\\\/inicio\\\/author\\\/administrador\\\/#author\"},\"publisher\":{\"@id\":\"https:\\\/\\\/newsinfoco.com.br\\\/inicio\\\/#organization\"},\"image\":{\"@type\":\"ImageObject\",\"url\":\"https:\\\/\\\/newsinfoco.com.br\\\/inicio\\\/wp-content\\\/uploads\\\/2023\\\/03\\\/IMG-20230308-WA0062.jpg\",\"width\":1280,\"height\":711},\"datePublished\":\"2023-03-08T16:47:39-03:00\",\"dateModified\":\"2023-03-08T16:49:34-03:00\",\"inLanguage\":\"pt-BR\",\"mainEntityOfPage\":{\"@id\":\"https:\\\/\\\/newsinfoco.com.br\\\/inicio\\\/cafe-da-manha-na-camara-municipal-de-alagoinhas-marca-mais-uma-etapa-do-marco-mulher\\\/#webpage\"},\"isPartOf\":{\"@id\":\"https:\\\/\\\/newsinfoco.com.br\\\/inicio\\\/cafe-da-manha-na-camara-municipal-de-alagoinhas-marca-mais-uma-etapa-do-marco-mulher\\\/#webpage\"},\"articleSection\":\"Alagoinhas e Regi\\u00e3o, Manchete\"},{\"@type\":\"BreadcrumbList\",\"@id\":\"https:\\\/\\\/newsinfoco.com.br\\\/inicio\\\/cafe-da-manha-na-camara-municipal-de-alagoinhas-marca-mais-uma-etapa-do-marco-mulher\\\/#breadcrumblist\",\"itemListElement\":[{\"@type\":\"ListItem\",\"@id\":\"https:\\\/\\\/newsinfoco.com.br\\\/inicio#listItem\",\"position\":1,\"name\":\"In\\u00edcio\",\"item\":\"https:\\\/\\\/newsinfoco.com.br\\\/inicio\",\"nextItem\":{\"@type\":\"ListItem\",\"@id\":\"https:\\\/\\\/newsinfoco.com.br\\\/inicio\\\/category\\\/alagoinhas-e-regiao\\\/#listItem\",\"name\":\"Alagoinhas e Regi\\u00e3o\"}},{\"@type\":\"ListItem\",\"@id\":\"https:\\\/\\\/newsinfoco.com.br\\\/inicio\\\/category\\\/alagoinhas-e-regiao\\\/#listItem\",\"position\":2,\"name\":\"Alagoinhas e Regi\\u00e3o\",\"item\":\"https:\\\/\\\/newsinfoco.com.br\\\/inicio\\\/category\\\/alagoinhas-e-regiao\\\/\",\"nextItem\":{\"@type\":\"ListItem\",\"@id\":\"https:\\\/\\\/newsinfoco.com.br\\\/inicio\\\/cafe-da-manha-na-camara-municipal-de-alagoinhas-marca-mais-uma-etapa-do-marco-mulher\\\/#listItem\",\"name\":\"Caf\\u00e9 da Manh\\u00e3 na C\\u00e2mara Municipal de Alagoinhas marca mais uma etapa do Mar\\u00e7o Mulher\"},\"previousItem\":{\"@type\":\"ListItem\",\"@id\":\"https:\\\/\\\/newsinfoco.com.br\\\/inicio#listItem\",\"name\":\"In\\u00edcio\"}},{\"@type\":\"ListItem\",\"@id\":\"https:\\\/\\\/newsinfoco.com.br\\\/inicio\\\/cafe-da-manha-na-camara-municipal-de-alagoinhas-marca-mais-uma-etapa-do-marco-mulher\\\/#listItem\",\"position\":3,\"name\":\"Caf\\u00e9 da Manh\\u00e3 na C\\u00e2mara Municipal de Alagoinhas marca mais uma etapa do Mar\\u00e7o Mulher\",\"previousItem\":{\"@type\":\"ListItem\",\"@id\":\"https:\\\/\\\/newsinfoco.com.br\\\/inicio\\\/category\\\/alagoinhas-e-regiao\\\/#listItem\",\"name\":\"Alagoinhas e Regi\\u00e3o\"}}]},{\"@type\":\"Organization\",\"@id\":\"https:\\\/\\\/newsinfoco.com.br\\\/inicio\\\/#organization\",\"name\":\"News In Foco - Editado por Caio Pimenta\",\"description\":\"O principal site de noticias de Alagoinhas e regi\\u00e3o\",\"url\":\"https:\\\/\\\/newsinfoco.com.br\\\/inicio\\\/\"},{\"@type\":\"Person\",\"@id\":\"https:\\\/\\\/newsinfoco.com.br\\\/inicio\\\/author\\\/administrador\\\/#author\",\"url\":\"https:\\\/\\\/newsinfoco.com.br\\\/inicio\\\/author\\\/administrador\\\/\",\"name\":\"administrador\",\"image\":{\"@type\":\"ImageObject\",\"@id\":\"https:\\\/\\\/newsinfoco.com.br\\\/inicio\\\/cafe-da-manha-na-camara-municipal-de-alagoinhas-marca-mais-uma-etapa-do-marco-mulher\\\/#authorImage\",\"url\":\"https:\\\/\\\/secure.gravatar.com\\\/avatar\\\/c17a617433de8c1dc9584bb79aab7563b46f5bb7e1728c9b17d9cc3ce6a08e49?s=96&d=mm&r=g\",\"width\":96,\"height\":96,\"caption\":\"administrador\"}},{\"@type\":\"WebPage\",\"@id\":\"https:\\\/\\\/newsinfoco.com.br\\\/inicio\\\/cafe-da-manha-na-camara-municipal-de-alagoinhas-marca-mais-uma-etapa-do-marco-mulher\\\/#webpage\",\"url\":\"https:\\\/\\\/newsinfoco.com.br\\\/inicio\\\/cafe-da-manha-na-camara-municipal-de-alagoinhas-marca-mais-uma-etapa-do-marco-mulher\\\/\",\"name\":\"Caf\\u00e9 da Manh\\u00e3 na C\\u00e2mara Municipal de Alagoinhas marca mais uma etapa do Mar\\u00e7o Mulher - News In Foco - Editado por Caio Pimenta\",\"description\":\"Um caf\\u00e9 da manh\\u00e3 na C\\u00e2mara Municipal nesta quarta-feira (8), Dia Internacional das Mulheres, marcou mais uma etapa do Mar\\u00e7o Mulher, organizado pelo poder legislativo, por meio da Procuradoria da Mulher, Secretaria Municipal de Assist\\u00eancia Social e Conselho Municipal de Defesa dos Direitos da Mulher. A alegria e o comprometimento com avan\\u00e7os de amplos direitos\",\"inLanguage\":\"pt-BR\",\"isPartOf\":{\"@id\":\"https:\\\/\\\/newsinfoco.com.br\\\/inicio\\\/#website\"},\"breadcrumb\":{\"@id\":\"https:\\\/\\\/newsinfoco.com.br\\\/inicio\\\/cafe-da-manha-na-camara-municipal-de-alagoinhas-marca-mais-uma-etapa-do-marco-mulher\\\/#breadcrumblist\"},\"author\":{\"@id\":\"https:\\\/\\\/newsinfoco.com.br\\\/inicio\\\/author\\\/administrador\\\/#author\"},\"creator\":{\"@id\":\"https:\\\/\\\/newsinfoco.com.br\\\/inicio\\\/author\\\/administrador\\\/#author\"},\"image\":{\"@type\":\"ImageObject\",\"url\":\"https:\\\/\\\/newsinfoco.com.br\\\/inicio\\\/wp-content\\\/uploads\\\/2023\\\/03\\\/IMG-20230308-WA0062.jpg\",\"@id\":\"https:\\\/\\\/newsinfoco.com.br\\\/inicio\\\/cafe-da-manha-na-camara-municipal-de-alagoinhas-marca-mais-uma-etapa-do-marco-mulher\\\/#mainImage\",\"width\":1280,\"height\":711},\"primaryImageOfPage\":{\"@id\":\"https:\\\/\\\/newsinfoco.com.br\\\/inicio\\\/cafe-da-manha-na-camara-municipal-de-alagoinhas-marca-mais-uma-etapa-do-marco-mulher\\\/#mainImage\"},\"datePublished\":\"2023-03-08T16:47:39-03:00\",\"dateModified\":\"2023-03-08T16:49:34-03:00\"},{\"@type\":\"WebSite\",\"@id\":\"https:\\\/\\\/newsinfoco.com.br\\\/inicio\\\/#website\",\"url\":\"https:\\\/\\\/newsinfoco.com.br\\\/inicio\\\/\",\"name\":\"News In Foco - Editado por Caio Pimenta\",\"description\":\"O principal site de noticias de Alagoinhas e regi\\u00e3o\",\"inLanguage\":\"pt-BR\",\"publisher\":{\"@id\":\"https:\\\/\\\/newsinfoco.com.br\\\/inicio\\\/#organization\"}}]}\n\t\t<\/script>\n\t\t<!-- All in One SEO -->\n\n","aioseo_head_json":{"title":"Caf\u00e9 da Manh\u00e3 na C\u00e2mara Municipal de Alagoinhas marca mais uma etapa do Mar\u00e7o Mulher - News In Foco - Editado por Caio Pimenta","description":"Um caf\u00e9 da manh\u00e3 na C\u00e2mara Municipal nesta quarta-feira (8), Dia Internacional das Mulheres, marcou mais uma etapa do Mar\u00e7o Mulher, organizado pelo poder legislativo, por meio da Procuradoria da Mulher, Secretaria Municipal de Assist\u00eancia Social e Conselho Municipal de Defesa dos Direitos da Mulher. A alegria e o comprometimento com avan\u00e7os de amplos direitos","canonical_url":"https:\/\/newsinfoco.com.br\/inicio\/cafe-da-manha-na-camara-municipal-de-alagoinhas-marca-mais-uma-etapa-do-marco-mulher\/","robots":"max-image-preview:large","keywords":"","webmasterTools":{"miscellaneous":""},"schema":{"@context":"https:\/\/schema.org","@graph":[{"@type":"BlogPosting","@id":"https:\/\/newsinfoco.com.br\/inicio\/cafe-da-manha-na-camara-municipal-de-alagoinhas-marca-mais-uma-etapa-do-marco-mulher\/#blogposting","name":"Caf\u00e9 da Manh\u00e3 na C\u00e2mara Municipal de Alagoinhas marca mais uma etapa do Mar\u00e7o Mulher - News In Foco - Editado por Caio Pimenta","headline":"Caf\u00e9 da Manh\u00e3 na C\u00e2mara Municipal de Alagoinhas marca mais uma etapa do Mar\u00e7o Mulher","author":{"@id":"https:\/\/newsinfoco.com.br\/inicio\/author\/administrador\/#author"},"publisher":{"@id":"https:\/\/newsinfoco.com.br\/inicio\/#organization"},"image":{"@type":"ImageObject","url":"https:\/\/newsinfoco.com.br\/inicio\/wp-content\/uploads\/2023\/03\/IMG-20230308-WA0062.jpg","width":1280,"height":711},"datePublished":"2023-03-08T16:47:39-03:00","dateModified":"2023-03-08T16:49:34-03:00","inLanguage":"pt-BR","mainEntityOfPage":{"@id":"https:\/\/newsinfoco.com.br\/inicio\/cafe-da-manha-na-camara-municipal-de-alagoinhas-marca-mais-uma-etapa-do-marco-mulher\/#webpage"},"isPartOf":{"@id":"https:\/\/newsinfoco.com.br\/inicio\/cafe-da-manha-na-camara-municipal-de-alagoinhas-marca-mais-uma-etapa-do-marco-mulher\/#webpage"},"articleSection":"Alagoinhas e Regi\u00e3o, Manchete"},{"@type":"BreadcrumbList","@id":"https:\/\/newsinfoco.com.br\/inicio\/cafe-da-manha-na-camara-municipal-de-alagoinhas-marca-mais-uma-etapa-do-marco-mulher\/#breadcrumblist","itemListElement":[{"@type":"ListItem","@id":"https:\/\/newsinfoco.com.br\/inicio#listItem","position":1,"name":"In\u00edcio","item":"https:\/\/newsinfoco.com.br\/inicio","nextItem":{"@type":"ListItem","@id":"https:\/\/newsinfoco.com.br\/inicio\/category\/alagoinhas-e-regiao\/#listItem","name":"Alagoinhas e Regi\u00e3o"}},{"@type":"ListItem","@id":"https:\/\/newsinfoco.com.br\/inicio\/category\/alagoinhas-e-regiao\/#listItem","position":2,"name":"Alagoinhas e Regi\u00e3o","item":"https:\/\/newsinfoco.com.br\/inicio\/category\/alagoinhas-e-regiao\/","nextItem":{"@type":"ListItem","@id":"https:\/\/newsinfoco.com.br\/inicio\/cafe-da-manha-na-camara-municipal-de-alagoinhas-marca-mais-uma-etapa-do-marco-mulher\/#listItem","name":"Caf\u00e9 da Manh\u00e3 na C\u00e2mara Municipal de Alagoinhas marca mais uma etapa do Mar\u00e7o Mulher"},"previousItem":{"@type":"ListItem","@id":"https:\/\/newsinfoco.com.br\/inicio#listItem","name":"In\u00edcio"}},{"@type":"ListItem","@id":"https:\/\/newsinfoco.com.br\/inicio\/cafe-da-manha-na-camara-municipal-de-alagoinhas-marca-mais-uma-etapa-do-marco-mulher\/#listItem","position":3,"name":"Caf\u00e9 da Manh\u00e3 na C\u00e2mara Municipal de Alagoinhas marca mais uma etapa do Mar\u00e7o Mulher","previousItem":{"@type":"ListItem","@id":"https:\/\/newsinfoco.com.br\/inicio\/category\/alagoinhas-e-regiao\/#listItem","name":"Alagoinhas e Regi\u00e3o"}}]},{"@type":"Organization","@id":"https:\/\/newsinfoco.com.br\/inicio\/#organization","name":"News In Foco - Editado por Caio Pimenta","description":"O principal site de noticias de Alagoinhas e regi\u00e3o","url":"https:\/\/newsinfoco.com.br\/inicio\/"},{"@type":"Person","@id":"https:\/\/newsinfoco.com.br\/inicio\/author\/administrador\/#author","url":"https:\/\/newsinfoco.com.br\/inicio\/author\/administrador\/","name":"administrador","image":{"@type":"ImageObject","@id":"https:\/\/newsinfoco.com.br\/inicio\/cafe-da-manha-na-camara-municipal-de-alagoinhas-marca-mais-uma-etapa-do-marco-mulher\/#authorImage","url":"https:\/\/secure.gravatar.com\/avatar\/c17a617433de8c1dc9584bb79aab7563b46f5bb7e1728c9b17d9cc3ce6a08e49?s=96&d=mm&r=g","width":96,"height":96,"caption":"administrador"}},{"@type":"WebPage","@id":"https:\/\/newsinfoco.com.br\/inicio\/cafe-da-manha-na-camara-municipal-de-alagoinhas-marca-mais-uma-etapa-do-marco-mulher\/#webpage","url":"https:\/\/newsinfoco.com.br\/inicio\/cafe-da-manha-na-camara-municipal-de-alagoinhas-marca-mais-uma-etapa-do-marco-mulher\/","name":"Caf\u00e9 da Manh\u00e3 na C\u00e2mara Municipal de Alagoinhas marca mais uma etapa do Mar\u00e7o Mulher - News In Foco - Editado por Caio Pimenta","description":"Um caf\u00e9 da manh\u00e3 na C\u00e2mara Municipal nesta quarta-feira (8), Dia Internacional das Mulheres, marcou mais uma etapa do Mar\u00e7o Mulher, organizado pelo poder legislativo, por meio da Procuradoria da Mulher, Secretaria Municipal de Assist\u00eancia Social e Conselho Municipal de Defesa dos Direitos da Mulher. A alegria e o comprometimento com avan\u00e7os de amplos direitos","inLanguage":"pt-BR","isPartOf":{"@id":"https:\/\/newsinfoco.com.br\/inicio\/#website"},"breadcrumb":{"@id":"https:\/\/newsinfoco.com.br\/inicio\/cafe-da-manha-na-camara-municipal-de-alagoinhas-marca-mais-uma-etapa-do-marco-mulher\/#breadcrumblist"},"author":{"@id":"https:\/\/newsinfoco.com.br\/inicio\/author\/administrador\/#author"},"creator":{"@id":"https:\/\/newsinfoco.com.br\/inicio\/author\/administrador\/#author"},"image":{"@type":"ImageObject","url":"https:\/\/newsinfoco.com.br\/inicio\/wp-content\/uploads\/2023\/03\/IMG-20230308-WA0062.jpg","@id":"https:\/\/newsinfoco.com.br\/inicio\/cafe-da-manha-na-camara-municipal-de-alagoinhas-marca-mais-uma-etapa-do-marco-mulher\/#mainImage","width":1280,"height":711},"primaryImageOfPage":{"@id":"https:\/\/newsinfoco.com.br\/inicio\/cafe-da-manha-na-camara-municipal-de-alagoinhas-marca-mais-uma-etapa-do-marco-mulher\/#mainImage"},"datePublished":"2023-03-08T16:47:39-03:00","dateModified":"2023-03-08T16:49:34-03:00"},{"@type":"WebSite","@id":"https:\/\/newsinfoco.com.br\/inicio\/#website","url":"https:\/\/newsinfoco.com.br\/inicio\/","name":"News In Foco - Editado por Caio Pimenta","description":"O principal site de noticias de Alagoinhas e regi\u00e3o","inLanguage":"pt-BR","publisher":{"@id":"https:\/\/newsinfoco.com.br\/inicio\/#organization"}}]},"og:locale":"pt_BR","og:site_name":"News In Foco - Editado por Caio Pimenta - O principal site de noticias de Alagoinhas e regi\u00e3o","og:type":"article","og:title":"Caf\u00e9 da Manh\u00e3 na C\u00e2mara Municipal de Alagoinhas marca mais uma etapa do Mar\u00e7o Mulher - News In Foco - Editado por Caio Pimenta","og:description":"Um caf\u00e9 da manh\u00e3 na C\u00e2mara Municipal nesta quarta-feira (8), Dia Internacional das Mulheres, marcou mais uma etapa do Mar\u00e7o Mulher, organizado pelo poder legislativo, por meio da Procuradoria da Mulher, Secretaria Municipal de Assist\u00eancia Social e Conselho Municipal de Defesa dos Direitos da Mulher. A alegria e o comprometimento com avan\u00e7os de amplos direitos","og:url":"https:\/\/newsinfoco.com.br\/inicio\/cafe-da-manha-na-camara-municipal-de-alagoinhas-marca-mais-uma-etapa-do-marco-mulher\/","article:published_time":"2023-03-08T19:47:39+00:00","article:modified_time":"2023-03-08T19:49:34+00:00","twitter:card":"summary_large_image","twitter:title":"Caf\u00e9 da Manh\u00e3 na C\u00e2mara Municipal de Alagoinhas marca mais uma etapa do Mar\u00e7o Mulher - News In Foco - Editado por Caio Pimenta","twitter:description":"Um caf\u00e9 da manh\u00e3 na C\u00e2mara Municipal nesta quarta-feira (8), Dia Internacional das Mulheres, marcou mais uma etapa do Mar\u00e7o Mulher, organizado pelo poder legislativo, por meio da Procuradoria da Mulher, Secretaria Municipal de Assist\u00eancia Social e Conselho Municipal de Defesa dos Direitos da Mulher. A alegria e o comprometimento com avan\u00e7os de amplos direitos"},"aioseo_meta_data":{"post_id":"33256","title":null,"description":null,"keywords":null,"keyphrases":null,"primary_term":null,"canonical_url":null,"og_title":null,"og_description":null,"og_object_type":"default","og_image_type":"default","og_image_url":null,"og_image_width":null,"og_image_height":null,"og_image_custom_url":null,"og_image_custom_fields":null,"og_video":null,"og_custom_url":null,"og_article_section":null,"og_article_tags":null,"twitter_use_og":false,"twitter_card":"default","twitter_image_type":"default","twitter_image_url":null,"twitter_image_custom_url":null,"twitter_image_custom_fields":null,"twitter_title":null,"twitter_description":null,"schema":{"blockGraphs":[],"customGraphs":[],"default":{"data":{"Article":[],"Course":[],"Dataset":[],"FAQPage":[],"Movie":[],"Person":[],"Product":[],"ProductReview":[],"Car":[],"Recipe":[],"Service":[],"SoftwareApplication":[],"WebPage":[]},"graphName":"","isEnabled":true},"graphs":[]},"schema_type":"default","schema_type_options":null,"pillar_content":false,"robots_default":true,"robots_noindex":false,"robots_noarchive":false,"robots_nosnippet":false,"robots_nofollow":false,"robots_noimageindex":false,"robots_noodp":false,"robots_notranslate":false,"robots_max_snippet":null,"robots_max_videopreview":null,"robots_max_imagepreview":"large","priority":null,"frequency":null,"local_seo":null,"breadcrumb_settings":null,"limit_modified_date":false,"ai":null,"created":"2023-06-12 23:01:25","updated":"2025-07-11 09:17:44","seo_analyzer_scan_date":null},"aioseo_breadcrumb":"<div class=\"aioseo-breadcrumbs\"><span class=\"aioseo-breadcrumb\">\n\t\t\t<a href=\"https:\/\/newsinfoco.com.br\/inicio\" title=\"In\u00edcio\">In\u00edcio<\/a>\n\t\t<\/span><span class=\"aioseo-breadcrumb-separator\">&raquo;<\/span><span class=\"aioseo-breadcrumb\">\n\t\t\t<a href=\"https:\/\/newsinfoco.com.br\/inicio\/category\/alagoinhas-e-regiao\/\" title=\"Alagoinhas e Regi\u00e3o\">Alagoinhas e Regi\u00e3o<\/a>\n\t\t<\/span><span class=\"aioseo-breadcrumb-separator\">&raquo;<\/span><span class=\"aioseo-breadcrumb\">\n\t\t\tCaf\u00e9 da Manh\u00e3 na C\u00e2mara Municipal de Alagoinhas marca mais uma etapa do Mar\u00e7o Mulher\n\t\t<\/span><\/div>","aioseo_breadcrumb_json":[{"label":"In\u00edcio","link":"https:\/\/newsinfoco.com.br\/inicio"},{"label":"Alagoinhas e Regi\u00e3o","link":"https:\/\/newsinfoco.com.br\/inicio\/category\/alagoinhas-e-regiao\/"},{"label":"Caf\u00e9 da Manh\u00e3 na C\u00e2mara Municipal de Alagoinhas marca mais uma etapa do Mar\u00e7o Mulher","link":"https:\/\/newsinfoco.com.br\/inicio\/cafe-da-manha-na-camara-municipal-de-alagoinhas-marca-mais-uma-etapa-do-marco-mulher\/"}],"_links":{"self":[{"href":"https:\/\/newsinfoco.com.br\/inicio\/wp-json\/wp\/v2\/posts\/33256","targetHints":{"allow":["GET"]}}],"collection":[{"href":"https:\/\/newsinfoco.com.br\/inicio\/wp-json\/wp\/v2\/posts"}],"about":[{"href":"https:\/\/newsinfoco.com.br\/inicio\/wp-json\/wp\/v2\/types\/post"}],"author":[{"embeddable":true,"href":"https:\/\/newsinfoco.com.br\/inicio\/wp-json\/wp\/v2\/users\/1"}],"replies":[{"embeddable":true,"href":"https:\/\/newsinfoco.com.br\/inicio\/wp-json\/wp\/v2\/comments?post=33256"}],"version-history":[{"count":3,"href":"https:\/\/newsinfoco.com.br\/inicio\/wp-json\/wp\/v2\/posts\/33256\/revisions"}],"predecessor-version":[{"id":33260,"href":"https:\/\/newsinfoco.com.br\/inicio\/wp-json\/wp\/v2\/posts\/33256\/revisions\/33260"}],"wp:featuredmedia":[{"embeddable":true,"href":"https:\/\/newsinfoco.com.br\/inicio\/wp-json\/wp\/v2\/media\/33257"}],"wp:attachment":[{"href":"https:\/\/newsinfoco.com.br\/inicio\/wp-json\/wp\/v2\/media?parent=33256"}],"wp:term":[{"taxonomy":"category","embeddable":true,"href":"https:\/\/newsinfoco.com.br\/inicio\/wp-json\/wp\/v2\/categories?post=33256"},{"taxonomy":"post_tag","embeddable":true,"href":"https:\/\/newsinfoco.com.br\/inicio\/wp-json\/wp\/v2\/tags?post=33256"}],"curies":[{"name":"wp","href":"https:\/\/api.w.org\/{rel}","templated":true}]}}