{"id":33370,"date":"2023-03-19T09:08:48","date_gmt":"2023-03-19T12:08:48","guid":{"rendered":"https:\/\/newsinfoco.com.br\/inicio\/?p=33370"},"modified":"2023-03-19T09:08:48","modified_gmt":"2023-03-19T12:08:48","slug":"com-novo-formato-programa-mais-medico-sera-relancado-na-segunda-feira-20","status":"publish","type":"post","link":"https:\/\/newsinfoco.com.br\/inicio\/com-novo-formato-programa-mais-medico-sera-relancado-na-segunda-feira-20\/","title":{"rendered":"Com novo formato, programa Mais M\u00e9dico ser\u00e1 relan\u00e7ado na segunda-feira (20)"},"content":{"rendered":"<p>Rebatizado de Mais Sa\u00fade para o Brasil, o programa Mais M\u00e9dico ser\u00e1 relan\u00e7ado pelo governo federal na segunda-feira (20). A data foi confirmada nas redes sociais pelo ministro da Secretaria de Comunica\u00e7\u00e3o da Presid\u00eancia, Paulo Pimenta (PT).<\/p>\n<p>Segundo o ministro, al\u00e9m dos profissionais de sa\u00fade, o programa vai investir em reforma e constru\u00e7\u00e3o de unidades b\u00e1sicas. \u201cSer\u00e3o inclu\u00eddos profissionais especializados em diversas \u00e1reas para ampliar o atendimento \u00e0 popula\u00e7\u00e3o, afirmou o ministro, na postagem.<\/p>\n<p>O Mais M\u00e9dico foi criado em 2013, no primeiro governo da ex-presidente Dilma Rousseff (PT). Em 2018, no final da gest\u00e3o do ex-presidente Michel Temer (MDB) sofreu uma mudan\u00e7a com a sa\u00edda de profissionais de sa\u00fade de Cuba. \u201cO Mais M\u00e9dicos chegou a ser respons\u00e1vel por 100% da aten\u00e7\u00e3o prim\u00e1ria em 1.039 munic\u00edpios\u201d, destacou Pimenta.<\/p>\n<div class=\"twitter-tweet twitter-tweet-rendered\"><iframe id=\"twitter-widget-0\" class=\"\" title=\"Twitter Tweet\" src=\"https:\/\/platform.twitter.com\/embed\/Tweet.html?creatorScreenName=pontoBA&amp;dnt=false&amp;embedId=twitter-widget-0&amp;features=eyJ0ZndfdGltZWxpbmVfbGlzdCI6eyJidWNrZXQiOltdLCJ2ZXJzaW9uIjpudWxsfSwidGZ3X2ZvbGxvd2VyX2NvdW50X3N1bnNldCI6eyJidWNrZXQiOnRydWUsInZlcnNpb24iOm51bGx9LCJ0ZndfdHdlZXRfZWRpdF9iYWNrZW5kIjp7ImJ1Y2tldCI6Im9uIiwidmVyc2lvbiI6bnVsbH0sInRmd19yZWZzcmNfc2Vzc2lvbiI6eyJidWNrZXQiOiJvbiIsInZlcnNpb24iOm51bGx9LCJ0ZndfbWl4ZWRfbWVkaWFfMTU4OTciOnsiYnVja2V0IjoidHJlYXRtZW50IiwidmVyc2lvbiI6bnVsbH0sInRmd19leHBlcmltZW50c19jb29raWVfZXhwaXJhdGlvbiI6eyJidWNrZXQiOjEyMDk2MDAsInZlcnNpb24iOm51bGx9LCJ0ZndfZHVwbGljYXRlX3NjcmliZXNfdG9fc2V0dGluZ3MiOnsiYnVja2V0Ijoib24iLCJ2ZXJzaW9uIjpudWxsfSwidGZ3X3ZpZGVvX2hsc19keW5hbWljX21hbmlmZXN0c18xNTA4MiI6eyJidWNrZXQiOiJ0cnVlX2JpdHJhdGUiLCJ2ZXJzaW9uIjpudWxsfSwidGZ3X2xlZ2FjeV90aW1lbGluZV9zdW5zZXQiOnsiYnVja2V0Ijp0cnVlLCJ2ZXJzaW9uIjpudWxsfSwidGZ3X3R3ZWV0X2VkaXRfZnJvbnRlbmQiOnsiYnVja2V0Ijoib24iLCJ2ZXJzaW9uIjpudWxsfX0%3D&amp;frame=false&amp;hideCard=false&amp;hideThread=false&amp;id=1637066793129766914&amp;lang=pt&amp;origin=https%3A%2F%2Fbahia.ba%2Fpolitica%2Fcom-novo-formato-programa-mais-medico-sera-relancado-na-segunda-feira-20%2F&amp;sessionId=9d8fbfdfe75a3b011e331a8dd61abd8d601249b5&amp;siteScreenName=pontoBA&amp;theme=light&amp;widgetsVersion=aaf4084522e3a%3A1674595607486&amp;width=550px\" frameborder=\"0\" scrolling=\"no\" allowfullscreen=\"allowfullscreen\" data-tweet-id=\"1637066793129766914\" data-mce-fragment=\"1\"><\/iframe><\/div>\n<div><\/div>\n<div>Bahia.ba<\/div>\n<div class='share-to-whatsapp-wrapper'><div class='share-on-whsp'>Share on: <\/div><a data-text='Com novo formato, programa Mais M\u00e9dico ser\u00e1 relan\u00e7ado na segunda-feira (20)' data-link='https:\/\/newsinfoco.com.br\/inicio\/com-novo-formato-programa-mais-medico-sera-relancado-na-segunda-feira-20\/' class='whatsapp-button whatsapp-share'>WhatsApp<\/a><div class='clear '><\/div><\/div>","protected":false},"excerpt":{"rendered":"<p>Rebatizado de Mais Sa\u00fade para o Brasil, o programa Mais M\u00e9dico ser\u00e1 relan\u00e7ado pelo governo federal na segunda-feira (20). A data foi confirmada nas redes sociais pelo ministro da Secretaria de Comunica\u00e7\u00e3o da Presid\u00eancia, Paulo Pimenta (PT). Segundo o ministro, al\u00e9m dos profissionais de sa\u00fade, o programa vai investir em reforma e constru\u00e7\u00e3o de unidades [&hellip;]<\/p>\n","protected":false},"author":1,"featured_media":15847,"comment_status":"closed","ping_status":"closed","sticky":false,"template":"","format":"standard","meta":{"om_disable_all_campaigns":false,"rop_custom_images_group":[],"rop_custom_messages_group":[],"rop_publish_now":"initial","rop_publish_now_accounts":[],"rop_publish_now_history":[],"rop_publish_now_status":"pending","_exactmetrics_skip_tracking":false,"footnotes":""},"categories":[21],"tags":[],"class_list":["post-33370","post","type-post","status-publish","format-standard","has-post-thumbnail","hentry","category-brasil"],"aioseo_notices":[],"aioseo_head":"\n\t\t<!-- All in One SEO 4.9.10 - aioseo.com -->\n\t<meta name=\"description\" content=\"Rebatizado de Mais Sa\u00fade para o Brasil, o programa Mais M\u00e9dico ser\u00e1 relan\u00e7ado pelo governo federal na segunda-feira (20). A data foi confirmada nas redes sociais pelo ministro da Secretaria de Comunica\u00e7\u00e3o da Presid\u00eancia, Paulo Pimenta (PT). Segundo o ministro, al\u00e9m dos profissionais de sa\u00fade, o programa vai investir em reforma e constru\u00e7\u00e3o de unidades\" \/>\n\t<meta name=\"robots\" content=\"max-image-preview:large\" \/>\n\t<meta name=\"author\" content=\"administrador\"\/>\n\t<link rel=\"canonical\" href=\"https:\/\/newsinfoco.com.br\/inicio\/com-novo-formato-programa-mais-medico-sera-relancado-na-segunda-feira-20\/\" \/>\n\t<meta name=\"generator\" content=\"All in One SEO (AIOSEO) 4.9.10\" \/>\n\t\t<meta property=\"og:locale\" content=\"pt_BR\" \/>\n\t\t<meta property=\"og:site_name\" content=\"News In Foco - Editado por Caio Pimenta - O principal site de noticias de Alagoinhas e regi\u00e3o\" \/>\n\t\t<meta property=\"og:type\" content=\"article\" \/>\n\t\t<meta property=\"og:title\" content=\"Com novo formato, programa Mais M\u00e9dico ser\u00e1 relan\u00e7ado na segunda-feira (20) - News In Foco - Editado por Caio Pimenta\" \/>\n\t\t<meta property=\"og:description\" content=\"Rebatizado de Mais Sa\u00fade para o Brasil, o programa Mais M\u00e9dico ser\u00e1 relan\u00e7ado pelo governo federal na segunda-feira (20). A data foi confirmada nas redes sociais pelo ministro da Secretaria de Comunica\u00e7\u00e3o da Presid\u00eancia, Paulo Pimenta (PT). Segundo o ministro, al\u00e9m dos profissionais de sa\u00fade, o programa vai investir em reforma e constru\u00e7\u00e3o de unidades\" \/>\n\t\t<meta property=\"og:url\" content=\"https:\/\/newsinfoco.com.br\/inicio\/com-novo-formato-programa-mais-medico-sera-relancado-na-segunda-feira-20\/\" \/>\n\t\t<meta property=\"article:published_time\" content=\"2023-03-19T12:08:48+00:00\" \/>\n\t\t<meta property=\"article:modified_time\" content=\"2023-03-19T12:08:48+00:00\" \/>\n\t\t<meta name=\"twitter:card\" content=\"summary_large_image\" \/>\n\t\t<meta name=\"twitter:title\" content=\"Com novo formato, programa Mais M\u00e9dico ser\u00e1 relan\u00e7ado na segunda-feira (20) - News In Foco - Editado por Caio Pimenta\" \/>\n\t\t<meta name=\"twitter:description\" content=\"Rebatizado de Mais Sa\u00fade para o Brasil, o programa Mais M\u00e9dico ser\u00e1 relan\u00e7ado pelo governo federal na segunda-feira (20). A data foi confirmada nas redes sociais pelo ministro da Secretaria de Comunica\u00e7\u00e3o da Presid\u00eancia, Paulo Pimenta (PT). Segundo o ministro, al\u00e9m dos profissionais de sa\u00fade, o programa vai investir em reforma e constru\u00e7\u00e3o de unidades\" \/>\n\t\t<script type=\"application\/ld+json\" class=\"aioseo-schema\">\n\t\t\t{\"@context\":\"https:\\\/\\\/schema.org\",\"@graph\":[{\"@type\":\"BlogPosting\",\"@id\":\"https:\\\/\\\/newsinfoco.com.br\\\/inicio\\\/com-novo-formato-programa-mais-medico-sera-relancado-na-segunda-feira-20\\\/#blogposting\",\"name\":\"Com novo formato, programa Mais M\\u00e9dico ser\\u00e1 relan\\u00e7ado na segunda-feira (20) - News In Foco - Editado por Caio Pimenta\",\"headline\":\"Com novo formato, programa Mais M\\u00e9dico ser\\u00e1 relan\\u00e7ado na segunda-feira (20)\",\"author\":{\"@id\":\"https:\\\/\\\/newsinfoco.com.br\\\/inicio\\\/author\\\/administrador\\\/#author\"},\"publisher\":{\"@id\":\"https:\\\/\\\/newsinfoco.com.br\\\/inicio\\\/#organization\"},\"image\":{\"@type\":\"ImageObject\",\"url\":\"https:\\\/\\\/newsinfoco.com.br\\\/inicio\\\/wp-content\\\/uploads\\\/2019\\\/07\\\/mais-medicos-programa-cuba.jpg\",\"width\":600,\"height\":420},\"datePublished\":\"2023-03-19T09:08:48-03:00\",\"dateModified\":\"2023-03-19T09:08:48-03:00\",\"inLanguage\":\"pt-BR\",\"mainEntityOfPage\":{\"@id\":\"https:\\\/\\\/newsinfoco.com.br\\\/inicio\\\/com-novo-formato-programa-mais-medico-sera-relancado-na-segunda-feira-20\\\/#webpage\"},\"isPartOf\":{\"@id\":\"https:\\\/\\\/newsinfoco.com.br\\\/inicio\\\/com-novo-formato-programa-mais-medico-sera-relancado-na-segunda-feira-20\\\/#webpage\"},\"articleSection\":\"Brasil\"},{\"@type\":\"BreadcrumbList\",\"@id\":\"https:\\\/\\\/newsinfoco.com.br\\\/inicio\\\/com-novo-formato-programa-mais-medico-sera-relancado-na-segunda-feira-20\\\/#breadcrumblist\",\"itemListElement\":[{\"@type\":\"ListItem\",\"@id\":\"https:\\\/\\\/newsinfoco.com.br\\\/inicio#listItem\",\"position\":1,\"name\":\"In\\u00edcio\",\"item\":\"https:\\\/\\\/newsinfoco.com.br\\\/inicio\",\"nextItem\":{\"@type\":\"ListItem\",\"@id\":\"https:\\\/\\\/newsinfoco.com.br\\\/inicio\\\/category\\\/brasil\\\/#listItem\",\"name\":\"Brasil\"}},{\"@type\":\"ListItem\",\"@id\":\"https:\\\/\\\/newsinfoco.com.br\\\/inicio\\\/category\\\/brasil\\\/#listItem\",\"position\":2,\"name\":\"Brasil\",\"item\":\"https:\\\/\\\/newsinfoco.com.br\\\/inicio\\\/category\\\/brasil\\\/\",\"nextItem\":{\"@type\":\"ListItem\",\"@id\":\"https:\\\/\\\/newsinfoco.com.br\\\/inicio\\\/com-novo-formato-programa-mais-medico-sera-relancado-na-segunda-feira-20\\\/#listItem\",\"name\":\"Com novo formato, programa Mais M\\u00e9dico ser\\u00e1 relan\\u00e7ado na segunda-feira (20)\"},\"previousItem\":{\"@type\":\"ListItem\",\"@id\":\"https:\\\/\\\/newsinfoco.com.br\\\/inicio#listItem\",\"name\":\"In\\u00edcio\"}},{\"@type\":\"ListItem\",\"@id\":\"https:\\\/\\\/newsinfoco.com.br\\\/inicio\\\/com-novo-formato-programa-mais-medico-sera-relancado-na-segunda-feira-20\\\/#listItem\",\"position\":3,\"name\":\"Com novo formato, programa Mais M\\u00e9dico ser\\u00e1 relan\\u00e7ado na segunda-feira (20)\",\"previousItem\":{\"@type\":\"ListItem\",\"@id\":\"https:\\\/\\\/newsinfoco.com.br\\\/inicio\\\/category\\\/brasil\\\/#listItem\",\"name\":\"Brasil\"}}]},{\"@type\":\"Organization\",\"@id\":\"https:\\\/\\\/newsinfoco.com.br\\\/inicio\\\/#organization\",\"name\":\"News In Foco - Editado por Caio Pimenta\",\"description\":\"O principal site de noticias de Alagoinhas e regi\\u00e3o\",\"url\":\"https:\\\/\\\/newsinfoco.com.br\\\/inicio\\\/\"},{\"@type\":\"Person\",\"@id\":\"https:\\\/\\\/newsinfoco.com.br\\\/inicio\\\/author\\\/administrador\\\/#author\",\"url\":\"https:\\\/\\\/newsinfoco.com.br\\\/inicio\\\/author\\\/administrador\\\/\",\"name\":\"administrador\",\"image\":{\"@type\":\"ImageObject\",\"@id\":\"https:\\\/\\\/newsinfoco.com.br\\\/inicio\\\/com-novo-formato-programa-mais-medico-sera-relancado-na-segunda-feira-20\\\/#authorImage\",\"url\":\"https:\\\/\\\/secure.gravatar.com\\\/avatar\\\/c17a617433de8c1dc9584bb79aab7563b46f5bb7e1728c9b17d9cc3ce6a08e49?s=96&d=mm&r=g\",\"width\":96,\"height\":96,\"caption\":\"administrador\"}},{\"@type\":\"WebPage\",\"@id\":\"https:\\\/\\\/newsinfoco.com.br\\\/inicio\\\/com-novo-formato-programa-mais-medico-sera-relancado-na-segunda-feira-20\\\/#webpage\",\"url\":\"https:\\\/\\\/newsinfoco.com.br\\\/inicio\\\/com-novo-formato-programa-mais-medico-sera-relancado-na-segunda-feira-20\\\/\",\"name\":\"Com novo formato, programa Mais M\\u00e9dico ser\\u00e1 relan\\u00e7ado na segunda-feira (20) - News In Foco - Editado por Caio Pimenta\",\"description\":\"Rebatizado de Mais Sa\\u00fade para o Brasil, o programa Mais M\\u00e9dico ser\\u00e1 relan\\u00e7ado pelo governo federal na segunda-feira (20). A data foi confirmada nas redes sociais pelo ministro da Secretaria de Comunica\\u00e7\\u00e3o da Presid\\u00eancia, Paulo Pimenta (PT). Segundo o ministro, al\\u00e9m dos profissionais de sa\\u00fade, o programa vai investir em reforma e constru\\u00e7\\u00e3o de unidades\",\"inLanguage\":\"pt-BR\",\"isPartOf\":{\"@id\":\"https:\\\/\\\/newsinfoco.com.br\\\/inicio\\\/#website\"},\"breadcrumb\":{\"@id\":\"https:\\\/\\\/newsinfoco.com.br\\\/inicio\\\/com-novo-formato-programa-mais-medico-sera-relancado-na-segunda-feira-20\\\/#breadcrumblist\"},\"author\":{\"@id\":\"https:\\\/\\\/newsinfoco.com.br\\\/inicio\\\/author\\\/administrador\\\/#author\"},\"creator\":{\"@id\":\"https:\\\/\\\/newsinfoco.com.br\\\/inicio\\\/author\\\/administrador\\\/#author\"},\"image\":{\"@type\":\"ImageObject\",\"url\":\"https:\\\/\\\/newsinfoco.com.br\\\/inicio\\\/wp-content\\\/uploads\\\/2019\\\/07\\\/mais-medicos-programa-cuba.jpg\",\"@id\":\"https:\\\/\\\/newsinfoco.com.br\\\/inicio\\\/com-novo-formato-programa-mais-medico-sera-relancado-na-segunda-feira-20\\\/#mainImage\",\"width\":600,\"height\":420},\"primaryImageOfPage\":{\"@id\":\"https:\\\/\\\/newsinfoco.com.br\\\/inicio\\\/com-novo-formato-programa-mais-medico-sera-relancado-na-segunda-feira-20\\\/#mainImage\"},\"datePublished\":\"2023-03-19T09:08:48-03:00\",\"dateModified\":\"2023-03-19T09:08:48-03:00\"},{\"@type\":\"WebSite\",\"@id\":\"https:\\\/\\\/newsinfoco.com.br\\\/inicio\\\/#website\",\"url\":\"https:\\\/\\\/newsinfoco.com.br\\\/inicio\\\/\",\"name\":\"News In Foco - Editado por Caio Pimenta\",\"description\":\"O principal site de noticias de Alagoinhas e regi\\u00e3o\",\"inLanguage\":\"pt-BR\",\"publisher\":{\"@id\":\"https:\\\/\\\/newsinfoco.com.br\\\/inicio\\\/#organization\"}}]}\n\t\t<\/script>\n\t\t<!-- All in One SEO -->\n\n","aioseo_head_json":{"title":"Com novo formato, programa Mais M\u00e9dico ser\u00e1 relan\u00e7ado na segunda-feira (20) - News In Foco - Editado por Caio Pimenta","description":"Rebatizado de Mais Sa\u00fade para o Brasil, o programa Mais M\u00e9dico ser\u00e1 relan\u00e7ado pelo governo federal na segunda-feira (20). A data foi confirmada nas redes sociais pelo ministro da Secretaria de Comunica\u00e7\u00e3o da Presid\u00eancia, Paulo Pimenta (PT). Segundo o ministro, al\u00e9m dos profissionais de sa\u00fade, o programa vai investir em reforma e constru\u00e7\u00e3o de unidades","canonical_url":"https:\/\/newsinfoco.com.br\/inicio\/com-novo-formato-programa-mais-medico-sera-relancado-na-segunda-feira-20\/","robots":"max-image-preview:large","keywords":"","webmasterTools":{"miscellaneous":""},"schema":{"@context":"https:\/\/schema.org","@graph":[{"@type":"BlogPosting","@id":"https:\/\/newsinfoco.com.br\/inicio\/com-novo-formato-programa-mais-medico-sera-relancado-na-segunda-feira-20\/#blogposting","name":"Com novo formato, programa Mais M\u00e9dico ser\u00e1 relan\u00e7ado na segunda-feira (20) - News In Foco - Editado por Caio Pimenta","headline":"Com novo formato, programa Mais M\u00e9dico ser\u00e1 relan\u00e7ado na segunda-feira (20)","author":{"@id":"https:\/\/newsinfoco.com.br\/inicio\/author\/administrador\/#author"},"publisher":{"@id":"https:\/\/newsinfoco.com.br\/inicio\/#organization"},"image":{"@type":"ImageObject","url":"https:\/\/newsinfoco.com.br\/inicio\/wp-content\/uploads\/2019\/07\/mais-medicos-programa-cuba.jpg","width":600,"height":420},"datePublished":"2023-03-19T09:08:48-03:00","dateModified":"2023-03-19T09:08:48-03:00","inLanguage":"pt-BR","mainEntityOfPage":{"@id":"https:\/\/newsinfoco.com.br\/inicio\/com-novo-formato-programa-mais-medico-sera-relancado-na-segunda-feira-20\/#webpage"},"isPartOf":{"@id":"https:\/\/newsinfoco.com.br\/inicio\/com-novo-formato-programa-mais-medico-sera-relancado-na-segunda-feira-20\/#webpage"},"articleSection":"Brasil"},{"@type":"BreadcrumbList","@id":"https:\/\/newsinfoco.com.br\/inicio\/com-novo-formato-programa-mais-medico-sera-relancado-na-segunda-feira-20\/#breadcrumblist","itemListElement":[{"@type":"ListItem","@id":"https:\/\/newsinfoco.com.br\/inicio#listItem","position":1,"name":"In\u00edcio","item":"https:\/\/newsinfoco.com.br\/inicio","nextItem":{"@type":"ListItem","@id":"https:\/\/newsinfoco.com.br\/inicio\/category\/brasil\/#listItem","name":"Brasil"}},{"@type":"ListItem","@id":"https:\/\/newsinfoco.com.br\/inicio\/category\/brasil\/#listItem","position":2,"name":"Brasil","item":"https:\/\/newsinfoco.com.br\/inicio\/category\/brasil\/","nextItem":{"@type":"ListItem","@id":"https:\/\/newsinfoco.com.br\/inicio\/com-novo-formato-programa-mais-medico-sera-relancado-na-segunda-feira-20\/#listItem","name":"Com novo formato, programa Mais M\u00e9dico ser\u00e1 relan\u00e7ado na segunda-feira (20)"},"previousItem":{"@type":"ListItem","@id":"https:\/\/newsinfoco.com.br\/inicio#listItem","name":"In\u00edcio"}},{"@type":"ListItem","@id":"https:\/\/newsinfoco.com.br\/inicio\/com-novo-formato-programa-mais-medico-sera-relancado-na-segunda-feira-20\/#listItem","position":3,"name":"Com novo formato, programa Mais M\u00e9dico ser\u00e1 relan\u00e7ado na segunda-feira (20)","previousItem":{"@type":"ListItem","@id":"https:\/\/newsinfoco.com.br\/inicio\/category\/brasil\/#listItem","name":"Brasil"}}]},{"@type":"Organization","@id":"https:\/\/newsinfoco.com.br\/inicio\/#organization","name":"News In Foco - Editado por Caio Pimenta","description":"O principal site de noticias de Alagoinhas e regi\u00e3o","url":"https:\/\/newsinfoco.com.br\/inicio\/"},{"@type":"Person","@id":"https:\/\/newsinfoco.com.br\/inicio\/author\/administrador\/#author","url":"https:\/\/newsinfoco.com.br\/inicio\/author\/administrador\/","name":"administrador","image":{"@type":"ImageObject","@id":"https:\/\/newsinfoco.com.br\/inicio\/com-novo-formato-programa-mais-medico-sera-relancado-na-segunda-feira-20\/#authorImage","url":"https:\/\/secure.gravatar.com\/avatar\/c17a617433de8c1dc9584bb79aab7563b46f5bb7e1728c9b17d9cc3ce6a08e49?s=96&d=mm&r=g","width":96,"height":96,"caption":"administrador"}},{"@type":"WebPage","@id":"https:\/\/newsinfoco.com.br\/inicio\/com-novo-formato-programa-mais-medico-sera-relancado-na-segunda-feira-20\/#webpage","url":"https:\/\/newsinfoco.com.br\/inicio\/com-novo-formato-programa-mais-medico-sera-relancado-na-segunda-feira-20\/","name":"Com novo formato, programa Mais M\u00e9dico ser\u00e1 relan\u00e7ado na segunda-feira (20) - News In Foco - Editado por Caio Pimenta","description":"Rebatizado de Mais Sa\u00fade para o Brasil, o programa Mais M\u00e9dico ser\u00e1 relan\u00e7ado pelo governo federal na segunda-feira (20). A data foi confirmada nas redes sociais pelo ministro da Secretaria de Comunica\u00e7\u00e3o da Presid\u00eancia, Paulo Pimenta (PT). Segundo o ministro, al\u00e9m dos profissionais de sa\u00fade, o programa vai investir em reforma e constru\u00e7\u00e3o de unidades","inLanguage":"pt-BR","isPartOf":{"@id":"https:\/\/newsinfoco.com.br\/inicio\/#website"},"breadcrumb":{"@id":"https:\/\/newsinfoco.com.br\/inicio\/com-novo-formato-programa-mais-medico-sera-relancado-na-segunda-feira-20\/#breadcrumblist"},"author":{"@id":"https:\/\/newsinfoco.com.br\/inicio\/author\/administrador\/#author"},"creator":{"@id":"https:\/\/newsinfoco.com.br\/inicio\/author\/administrador\/#author"},"image":{"@type":"ImageObject","url":"https:\/\/newsinfoco.com.br\/inicio\/wp-content\/uploads\/2019\/07\/mais-medicos-programa-cuba.jpg","@id":"https:\/\/newsinfoco.com.br\/inicio\/com-novo-formato-programa-mais-medico-sera-relancado-na-segunda-feira-20\/#mainImage","width":600,"height":420},"primaryImageOfPage":{"@id":"https:\/\/newsinfoco.com.br\/inicio\/com-novo-formato-programa-mais-medico-sera-relancado-na-segunda-feira-20\/#mainImage"},"datePublished":"2023-03-19T09:08:48-03:00","dateModified":"2023-03-19T09:08:48-03:00"},{"@type":"WebSite","@id":"https:\/\/newsinfoco.com.br\/inicio\/#website","url":"https:\/\/newsinfoco.com.br\/inicio\/","name":"News In Foco - Editado por Caio Pimenta","description":"O principal site de noticias de Alagoinhas e regi\u00e3o","inLanguage":"pt-BR","publisher":{"@id":"https:\/\/newsinfoco.com.br\/inicio\/#organization"}}]},"og:locale":"pt_BR","og:site_name":"News In Foco - Editado por Caio Pimenta - O principal site de noticias de Alagoinhas e regi\u00e3o","og:type":"article","og:title":"Com novo formato, programa Mais M\u00e9dico ser\u00e1 relan\u00e7ado na segunda-feira (20) - News In Foco - Editado por Caio Pimenta","og:description":"Rebatizado de Mais Sa\u00fade para o Brasil, o programa Mais M\u00e9dico ser\u00e1 relan\u00e7ado pelo governo federal na segunda-feira (20). A data foi confirmada nas redes sociais pelo ministro da Secretaria de Comunica\u00e7\u00e3o da Presid\u00eancia, Paulo Pimenta (PT). Segundo o ministro, al\u00e9m dos profissionais de sa\u00fade, o programa vai investir em reforma e constru\u00e7\u00e3o de unidades","og:url":"https:\/\/newsinfoco.com.br\/inicio\/com-novo-formato-programa-mais-medico-sera-relancado-na-segunda-feira-20\/","article:published_time":"2023-03-19T12:08:48+00:00","article:modified_time":"2023-03-19T12:08:48+00:00","twitter:card":"summary_large_image","twitter:title":"Com novo formato, programa Mais M\u00e9dico ser\u00e1 relan\u00e7ado na segunda-feira (20) - News In Foco - Editado por Caio Pimenta","twitter:description":"Rebatizado de Mais Sa\u00fade para o Brasil, o programa Mais M\u00e9dico ser\u00e1 relan\u00e7ado pelo governo federal na segunda-feira (20). A data foi confirmada nas redes sociais pelo ministro da Secretaria de Comunica\u00e7\u00e3o da Presid\u00eancia, Paulo Pimenta (PT). Segundo o ministro, al\u00e9m dos profissionais de sa\u00fade, o programa vai investir em reforma e constru\u00e7\u00e3o de unidades"},"aioseo_meta_data":{"post_id":"33370","title":null,"description":null,"keywords":null,"keyphrases":null,"primary_term":null,"canonical_url":null,"og_title":null,"og_description":null,"og_object_type":"default","og_image_type":"default","og_image_url":null,"og_image_width":null,"og_image_height":null,"og_image_custom_url":null,"og_image_custom_fields":null,"og_video":null,"og_custom_url":null,"og_article_section":null,"og_article_tags":null,"twitter_use_og":false,"twitter_card":"default","twitter_image_type":"default","twitter_image_url":null,"twitter_image_custom_url":null,"twitter_image_custom_fields":null,"twitter_title":null,"twitter_description":null,"schema":{"blockGraphs":[],"customGraphs":[],"default":{"data":{"Article":[],"Course":[],"Dataset":[],"FAQPage":[],"Movie":[],"Person":[],"Product":[],"ProductReview":[],"Car":[],"Recipe":[],"Service":[],"SoftwareApplication":[],"WebPage":[]},"graphName":"","isEnabled":true},"graphs":[]},"schema_type":"default","schema_type_options":null,"pillar_content":false,"robots_default":true,"robots_noindex":false,"robots_noarchive":false,"robots_nosnippet":false,"robots_nofollow":false,"robots_noimageindex":false,"robots_noodp":false,"robots_notranslate":false,"robots_max_snippet":null,"robots_max_videopreview":null,"robots_max_imagepreview":"large","priority":null,"frequency":null,"local_seo":null,"breadcrumb_settings":null,"limit_modified_date":false,"ai":null,"created":"2023-06-12 23:05:48","updated":"2025-07-11 09:22:53","seo_analyzer_scan_date":null},"aioseo_breadcrumb":"<div class=\"aioseo-breadcrumbs\"><span class=\"aioseo-breadcrumb\">\n\t\t\t<a href=\"https:\/\/newsinfoco.com.br\/inicio\" title=\"In\u00edcio\">In\u00edcio<\/a>\n\t\t<\/span><span class=\"aioseo-breadcrumb-separator\">&raquo;<\/span><span class=\"aioseo-breadcrumb\">\n\t\t\t<a href=\"https:\/\/newsinfoco.com.br\/inicio\/category\/brasil\/\" title=\"Brasil\">Brasil<\/a>\n\t\t<\/span><span class=\"aioseo-breadcrumb-separator\">&raquo;<\/span><span class=\"aioseo-breadcrumb\">\n\t\t\tCom novo formato, programa Mais M\u00e9dico ser\u00e1 relan\u00e7ado na segunda-feira (20)\n\t\t<\/span><\/div>","aioseo_breadcrumb_json":[{"label":"In\u00edcio","link":"https:\/\/newsinfoco.com.br\/inicio"},{"label":"Brasil","link":"https:\/\/newsinfoco.com.br\/inicio\/category\/brasil\/"},{"label":"Com novo formato, programa Mais M\u00e9dico ser\u00e1 relan\u00e7ado na segunda-feira (20)","link":"https:\/\/newsinfoco.com.br\/inicio\/com-novo-formato-programa-mais-medico-sera-relancado-na-segunda-feira-20\/"}],"_links":{"self":[{"href":"https:\/\/newsinfoco.com.br\/inicio\/wp-json\/wp\/v2\/posts\/33370","targetHints":{"allow":["GET"]}}],"collection":[{"href":"https:\/\/newsinfoco.com.br\/inicio\/wp-json\/wp\/v2\/posts"}],"about":[{"href":"https:\/\/newsinfoco.com.br\/inicio\/wp-json\/wp\/v2\/types\/post"}],"author":[{"embeddable":true,"href":"https:\/\/newsinfoco.com.br\/inicio\/wp-json\/wp\/v2\/users\/1"}],"replies":[{"embeddable":true,"href":"https:\/\/newsinfoco.com.br\/inicio\/wp-json\/wp\/v2\/comments?post=33370"}],"version-history":[{"count":1,"href":"https:\/\/newsinfoco.com.br\/inicio\/wp-json\/wp\/v2\/posts\/33370\/revisions"}],"predecessor-version":[{"id":33371,"href":"https:\/\/newsinfoco.com.br\/inicio\/wp-json\/wp\/v2\/posts\/33370\/revisions\/33371"}],"wp:featuredmedia":[{"embeddable":true,"href":"https:\/\/newsinfoco.com.br\/inicio\/wp-json\/wp\/v2\/media\/15847"}],"wp:attachment":[{"href":"https:\/\/newsinfoco.com.br\/inicio\/wp-json\/wp\/v2\/media?parent=33370"}],"wp:term":[{"taxonomy":"category","embeddable":true,"href":"https:\/\/newsinfoco.com.br\/inicio\/wp-json\/wp\/v2\/categories?post=33370"},{"taxonomy":"post_tag","embeddable":true,"href":"https:\/\/newsinfoco.com.br\/inicio\/wp-json\/wp\/v2\/tags?post=33370"}],"curies":[{"name":"wp","href":"https:\/\/api.w.org\/{rel}","templated":true}]}}