{"id":33377,"date":"2023-03-19T11:32:47","date_gmt":"2023-03-19T14:32:47","guid":{"rendered":"https:\/\/newsinfoco.com.br\/inicio\/?p=33377"},"modified":"2023-03-19T11:32:47","modified_gmt":"2023-03-19T14:32:47","slug":"ala-do-congresso-quer-debater-desoneracao-em-paralelo-a-reforma-tributaria-mas-fazenda-resiste","status":"publish","type":"post","link":"https:\/\/newsinfoco.com.br\/inicio\/ala-do-congresso-quer-debater-desoneracao-em-paralelo-a-reforma-tributaria-mas-fazenda-resiste\/","title":{"rendered":"Ala do Congresso quer debater desonera\u00e7\u00e3o em paralelo \u00e0 reforma tribut\u00e1ria, mas Fazenda resiste"},"content":{"rendered":"<p>Deputados e senadores defendem que a discuss\u00e3o sobre uma desonera\u00e7\u00e3o ampla da folha de pagamentos e a atualiza\u00e7\u00e3o do teto do Simples Nacional ocorra simultaneamente \u00e0 an\u00e1lise da reforma tribut\u00e1ria no Congresso.<\/p>\n<p>Pelos planos do Minist\u00e9rio da Fazenda, o debate se daria apenas em um segundo momento, depois que fossem aprovadas as mudan\u00e7as na tributa\u00e7\u00e3o sobre o consumo.<\/p>\n<p>O tema foi levado por representantes da FPE (Frente Parlamentar Mista do Empreendedorismo) ao ministro Fernando Haddad (Fazenda) em reuni\u00e3o na \u00faltima quarta-feira (15).<\/p>\n<p>A inten\u00e7\u00e3o dos parlamentares seria aproveitar a disposi\u00e7\u00e3o do Congresso de enfrentar o debate tribut\u00e1rio sobre o consumo, que ficou interditado por quase dois anos ap\u00f3s o presidente da C\u00e2mara, Arthur Lira (PP-AL), extinguir a comiss\u00e3o que discutia as mudan\u00e7as.<\/p>\n<p>H\u00e1 a percep\u00e7\u00e3o de que o governo deveria aproveitar o capital pol\u00edtico do primeiro ano do mandato do presidente Luiz In\u00e1cio Lula da Silva (PT) para atacar temas espinhosos de uma s\u00f3 vez.<\/p>\n<p>Segundo quem defende as mudan\u00e7as, a reforma poderia representar um ganho de arrecada\u00e7\u00e3o. Alguns setores, como servi\u00e7os, calculam inclusive que teriam aumento na carga tribut\u00e1ria. A desonera\u00e7\u00e3o da folha seria um dos instrumentos usados para tentar contornar a resist\u00eancia desses segmentos quanto ao modelo proposto.<\/p>\n<p>\u201cTem que fazer a discuss\u00e3o em paralelo para n\u00e3o comprometer a pr\u00f3pria reforma\u201d, defende o presidente da FPE, deputado Marco Bertaiolli (PSD-SP). \u201cN\u00f3s j\u00e1 temos 17 setores desonerados. Vai voltar a onerar? \u00c9 imposs\u00edvel. E tamb\u00e9m n\u00e3o tem sentido voc\u00ea n\u00e3o desonerar a economia inteira\u201d, diz o parlamentar.<\/p>\n<p>Aliado de Bertaiolli, o deputado Joaquim Passarinho (PL-PA) endossa o discurso do colega. \u201cQuem \u00e9 que est\u00e1 mais se sentindo atingido pela reforma tribut\u00e1ria? Servi\u00e7os, setor que mais ganha com a desonera\u00e7\u00e3o da folha. Ent\u00e3o \u00e9 uma compensa\u00e7\u00e3o. Tem que caminhar do lado da reforma tribut\u00e1ria\u201d, afirma.<\/p>\n<p>A frente prop\u00f4s ao ministro uma esp\u00e9cie de transi\u00e7\u00e3o de equil\u00edbrio na qual a desonera\u00e7\u00e3o da folha ocorreria simultaneamente ao aumento da al\u00edquota do IVA (Imposto sobre o Valor Agregado) para o setor de servi\u00e7os. Um dos n\u00fameros citados nas discuss\u00f5es seria o de um percentual em torno de 33%.<\/p>\n<p>O texto final a ser negociado no Congresso deve ser constru\u00eddo a partir de duas PECs (propostas de emenda \u00e0 Constitui\u00e7\u00e3o): a 45, do deputado Baleia Rossi (MDB-SP), que substitui cinco tributos atuais (PIS, Cofins, IPI, ICMS e ISS) por um Imposto sobre Bens e Servi\u00e7os (IBS); e a 110, do Senado e que prop\u00f5e fus\u00e3o de impostos \u2014a simplifica\u00e7\u00e3o resulta em dois tributos.<\/p>\n<p>A cobran\u00e7a dos novos tributos sobre o consumo previstos na reforma em discuss\u00e3o no Congresso s\u00f3 deve come\u00e7ar em 2025 no \u00e2mbito federal e em 2027 para estados e munic\u00edpios, conforme avalia\u00e7\u00e3o do secret\u00e1rio extraordin\u00e1rio da Reforma Tribut\u00e1ria do Minist\u00e9rio da Fazenda, Bernard Appy.<\/p>\n<p>Apesar do pleito dos parlamentares, o ministro da Fazenda defende que a desonera\u00e7\u00e3o da folha de pagamentos seja inclu\u00edda nas discuss\u00f5es sobre a tributa\u00e7\u00e3o da renda, em um segundo momento da reforma.<\/p>\n<p>\u201cA desonera\u00e7\u00e3o da folha \u00e9 uma coisa para a segunda etapa da reforma, quando for discutido Imposto de Renda, lucros e dividendos, entre outros temas. A folha tamb\u00e9m vai entrar nesse segundo momento\u201d, afirmou Haddad na \u00faltima segunda-feira (13).<\/p>\n<p>Segundo interlocutores da equipe econ\u00f4mica, a estrat\u00e9gia est\u00e1 relacionada a uma quest\u00e3o pol\u00edtica. A ideia \u00e9 evitar que a desonera\u00e7\u00e3o da folha concorra com a primeira parte da reforma tribut\u00e1ria \u2013centrada sobre consumo\u2013, na qual o debate j\u00e1 est\u00e1 mais maduro.<\/p>\n<p>O processo de tramita\u00e7\u00e3o de cada uma das medidas tamb\u00e9m \u00e9 levado em considera\u00e7\u00e3o pela Fazenda. H\u00e1 um temor de que a antecipa\u00e7\u00e3o da discuss\u00e3o sobre a desonera\u00e7\u00e3o da folha atrapalhe o avan\u00e7o no Congresso da proposta priorit\u00e1ria do governo Lula.<\/p>\n<p>A desonera\u00e7\u00e3o poderia ser votada em um projeto de lei, que exige maioria simples de votos, desde que presente a maioria absoluta dos deputados \u2014257.<\/p>\n<p>\u00c9 um n\u00famero mais f\u00e1cil de ser alcan\u00e7ado do que o da PEC da reforma tribut\u00e1ria, que requer aprova\u00e7\u00e3o de tr\u00eas quintos dos parlamentares (308 deputados e 49 senadores) em vota\u00e7\u00e3o em dois turnos.<\/p>\n<p>O governo estuda incluir a desonera\u00e7\u00e3o na reforma tribut\u00e1ria sobre a renda. No modelo atual, os empregadores pagam al\u00edquotas de 20% sobre os sal\u00e1rios para financiar a Previd\u00eancia Social, al\u00e9m de contribui\u00e7\u00f5es para o Sistema S e o sal\u00e1rio educa\u00e7\u00e3o.<\/p>\n<p>Conforme mostrou a Folha, alguns integrantes do governo defendem como ideia central desonerar pelo menos a parcela equivalente a um sal\u00e1rio m\u00ednimo (hoje, R$ 1.302) da remunera\u00e7\u00e3o do trabalhador.<\/p>\n<p>Hoje, o governo concede o benef\u00edcio da desonera\u00e7\u00e3o de sal\u00e1rios para 17 setores, sem distin\u00e7\u00e3o das remunera\u00e7\u00f5es alcan\u00e7adas. A pol\u00edtica foi institu\u00edda no governo Dilma Rousseff (PT) e alcan\u00e7ou 56 setores.<\/p>\n<p>As empresas contempladas podem abrir m\u00e3o de recolher a al\u00edquota de 20% em troca de uma cobran\u00e7a de at\u00e9 4,5% sobre o faturamento. A \u00faltima prorroga\u00e7\u00e3o da medida se deu no fim de 2021, com prazo at\u00e9 o fim deste ano.<\/p>\n<p>Al\u00e9m da desonera\u00e7\u00e3o, a frente defende que no combo tribut\u00e1rio seja inclu\u00edda a atualiza\u00e7\u00e3o do teto do Simples Nacional pela infla\u00e7\u00e3o.<\/p>\n<p>Na quarta, ap\u00f3s deixar a Fazenda, Bertaiolli afirmou que a mudan\u00e7a da tabela do Simples ficar\u00e1 de fora das mudan\u00e7as que est\u00e3o sendo discutidas pela C\u00e2mara, em eco \u00e0 declara\u00e7\u00e3o dada por Haddad na segunda-feira (13).<\/p>\n<p>Essa discuss\u00e3o poderia ocorrer paralelamente, defendem os parlamentares. \u201cN\u00e3o tem como manter sem corre\u00e7\u00e3o, sen\u00e3o voc\u00ea vai ter um subSimples. Eu tenho cinco empresas e n\u00e3o saio do patamar nunca. Voc\u00ea amarra o cara para ele n\u00e3o crescer\u201d, disse Passarinho.<\/p>\n<p>Um projeto de lei complementar que trata da corre\u00e7\u00e3o j\u00e1 est\u00e1 em tramita\u00e7\u00e3o na C\u00e2mara. O texto amplia o teto de enquadramento da receita bruta do MEI (microempreendedor individual) de R$ 81 mil para R$ 144.913,41, aplicando um reajuste com base no IPCA acumulado em 16 anos (quando foi criado o Estatuto Nacional da Microempresa e da Empresa de Pequeno Porte).<\/p>\n<p>Al\u00e9m disso, altera outras faixas. Para microempresas, o limite passa de R$ 360 mil para R$ 869,5 mil anuais. No caso de empresas de pequeno porte, sai de R$ 4,8 milh\u00f5es para R$ 8,7 milh\u00f5es.<\/p>\n<p>A proposta seria votada no final do ano passado, mas travou sem consenso do PT, que temia perda de arrecada\u00e7\u00e3o para o governo de Lula, e do MDB, que via impacto nas receitas de estados e munic\u00edpios.<\/p>\n<p>&nbsp;<\/p>\n<p><span class=\"assinatura_exclusiva\">Danielle Brant e Nathalia Garcia\/Folhapress<\/span><\/p>\n<div class='share-to-whatsapp-wrapper'><div class='share-on-whsp'>Share on: <\/div><a data-text='Ala do Congresso quer debater desonera\u00e7\u00e3o em paralelo \u00e0 reforma tribut\u00e1ria, mas Fazenda resiste' data-link='https:\/\/newsinfoco.com.br\/inicio\/ala-do-congresso-quer-debater-desoneracao-em-paralelo-a-reforma-tributaria-mas-fazenda-resiste\/' class='whatsapp-button whatsapp-share'>WhatsApp<\/a><div class='clear '><\/div><\/div>","protected":false},"excerpt":{"rendered":"<p>Deputados e senadores defendem que a discuss\u00e3o sobre uma desonera\u00e7\u00e3o ampla da folha de pagamentos e a atualiza\u00e7\u00e3o do teto do Simples Nacional ocorra simultaneamente \u00e0 an\u00e1lise da reforma tribut\u00e1ria no Congresso. Pelos planos do Minist\u00e9rio da Fazenda, o debate se daria apenas em um segundo momento, depois que fossem aprovadas as mudan\u00e7as na tributa\u00e7\u00e3o [&hellip;]<\/p>\n","protected":false},"author":1,"featured_media":6438,"comment_status":"closed","ping_status":"closed","sticky":false,"template":"","format":"standard","meta":{"om_disable_all_campaigns":false,"rop_custom_images_group":[],"rop_custom_messages_group":[],"rop_publish_now":"initial","rop_publish_now_accounts":[],"rop_publish_now_history":[],"rop_publish_now_status":"pending","_exactmetrics_skip_tracking":false,"footnotes":""},"categories":[40],"tags":[],"class_list":["post-33377","post","type-post","status-publish","format-standard","has-post-thumbnail","hentry","category-politica"],"aioseo_notices":[],"aioseo_head":"\n\t\t<!-- All in One SEO 4.9.10 - aioseo.com -->\n\t<meta name=\"description\" content=\"Deputados e senadores defendem que a discuss\u00e3o sobre uma desonera\u00e7\u00e3o ampla da folha de pagamentos e a atualiza\u00e7\u00e3o do teto do Simples Nacional ocorra simultaneamente \u00e0 an\u00e1lise da reforma tribut\u00e1ria no Congresso. Pelos planos do Minist\u00e9rio da Fazenda, o debate se daria apenas em um segundo momento, depois que fossem aprovadas as mudan\u00e7as na tributa\u00e7\u00e3o\" \/>\n\t<meta name=\"robots\" content=\"max-image-preview:large\" \/>\n\t<meta name=\"author\" content=\"administrador\"\/>\n\t<link rel=\"canonical\" href=\"https:\/\/newsinfoco.com.br\/inicio\/ala-do-congresso-quer-debater-desoneracao-em-paralelo-a-reforma-tributaria-mas-fazenda-resiste\/\" \/>\n\t<meta name=\"generator\" content=\"All in One SEO (AIOSEO) 4.9.10\" \/>\n\t\t<meta property=\"og:locale\" content=\"pt_BR\" \/>\n\t\t<meta property=\"og:site_name\" content=\"News In Foco - Editado por Caio Pimenta - O principal site de noticias de Alagoinhas e regi\u00e3o\" \/>\n\t\t<meta property=\"og:type\" content=\"article\" \/>\n\t\t<meta property=\"og:title\" content=\"Ala do Congresso quer debater desonera\u00e7\u00e3o em paralelo \u00e0 reforma tribut\u00e1ria, mas Fazenda resiste - News In Foco - Editado por Caio Pimenta\" \/>\n\t\t<meta property=\"og:description\" content=\"Deputados e senadores defendem que a discuss\u00e3o sobre uma desonera\u00e7\u00e3o ampla da folha de pagamentos e a atualiza\u00e7\u00e3o do teto do Simples Nacional ocorra simultaneamente \u00e0 an\u00e1lise da reforma tribut\u00e1ria no Congresso. Pelos planos do Minist\u00e9rio da Fazenda, o debate se daria apenas em um segundo momento, depois que fossem aprovadas as mudan\u00e7as na tributa\u00e7\u00e3o\" \/>\n\t\t<meta property=\"og:url\" content=\"https:\/\/newsinfoco.com.br\/inicio\/ala-do-congresso-quer-debater-desoneracao-em-paralelo-a-reforma-tributaria-mas-fazenda-resiste\/\" \/>\n\t\t<meta property=\"article:published_time\" content=\"2023-03-19T14:32:47+00:00\" \/>\n\t\t<meta property=\"article:modified_time\" content=\"2023-03-19T14:32:47+00:00\" \/>\n\t\t<meta name=\"twitter:card\" content=\"summary_large_image\" \/>\n\t\t<meta name=\"twitter:title\" content=\"Ala do Congresso quer debater desonera\u00e7\u00e3o em paralelo \u00e0 reforma tribut\u00e1ria, mas Fazenda resiste - News In Foco - Editado por Caio Pimenta\" \/>\n\t\t<meta name=\"twitter:description\" content=\"Deputados e senadores defendem que a discuss\u00e3o sobre uma desonera\u00e7\u00e3o ampla da folha de pagamentos e a atualiza\u00e7\u00e3o do teto do Simples Nacional ocorra simultaneamente \u00e0 an\u00e1lise da reforma tribut\u00e1ria no Congresso. Pelos planos do Minist\u00e9rio da Fazenda, o debate se daria apenas em um segundo momento, depois que fossem aprovadas as mudan\u00e7as na tributa\u00e7\u00e3o\" \/>\n\t\t<script type=\"application\/ld+json\" class=\"aioseo-schema\">\n\t\t\t{\"@context\":\"https:\\\/\\\/schema.org\",\"@graph\":[{\"@type\":\"BlogPosting\",\"@id\":\"https:\\\/\\\/newsinfoco.com.br\\\/inicio\\\/ala-do-congresso-quer-debater-desoneracao-em-paralelo-a-reforma-tributaria-mas-fazenda-resiste\\\/#blogposting\",\"name\":\"Ala do Congresso quer debater desonera\\u00e7\\u00e3o em paralelo \\u00e0 reforma tribut\\u00e1ria, mas Fazenda resiste - News In Foco - Editado por Caio Pimenta\",\"headline\":\"Ala do Congresso quer debater desonera\\u00e7\\u00e3o em paralelo \\u00e0 reforma tribut\\u00e1ria, mas Fazenda resiste\",\"author\":{\"@id\":\"https:\\\/\\\/newsinfoco.com.br\\\/inicio\\\/author\\\/administrador\\\/#author\"},\"publisher\":{\"@id\":\"https:\\\/\\\/newsinfoco.com.br\\\/inicio\\\/#organization\"},\"image\":{\"@type\":\"ImageObject\",\"url\":\"https:\\\/\\\/newsinfoco.com.br\\\/inicio\\\/wp-content\\\/uploads\\\/2018\\\/07\\\/750_congresso_201871275918907.jpg\",\"width\":750,\"height\":500},\"datePublished\":\"2023-03-19T11:32:47-03:00\",\"dateModified\":\"2023-03-19T11:32:47-03:00\",\"inLanguage\":\"pt-BR\",\"mainEntityOfPage\":{\"@id\":\"https:\\\/\\\/newsinfoco.com.br\\\/inicio\\\/ala-do-congresso-quer-debater-desoneracao-em-paralelo-a-reforma-tributaria-mas-fazenda-resiste\\\/#webpage\"},\"isPartOf\":{\"@id\":\"https:\\\/\\\/newsinfoco.com.br\\\/inicio\\\/ala-do-congresso-quer-debater-desoneracao-em-paralelo-a-reforma-tributaria-mas-fazenda-resiste\\\/#webpage\"},\"articleSection\":\"Pol\\u00edtica\"},{\"@type\":\"BreadcrumbList\",\"@id\":\"https:\\\/\\\/newsinfoco.com.br\\\/inicio\\\/ala-do-congresso-quer-debater-desoneracao-em-paralelo-a-reforma-tributaria-mas-fazenda-resiste\\\/#breadcrumblist\",\"itemListElement\":[{\"@type\":\"ListItem\",\"@id\":\"https:\\\/\\\/newsinfoco.com.br\\\/inicio#listItem\",\"position\":1,\"name\":\"In\\u00edcio\",\"item\":\"https:\\\/\\\/newsinfoco.com.br\\\/inicio\",\"nextItem\":{\"@type\":\"ListItem\",\"@id\":\"https:\\\/\\\/newsinfoco.com.br\\\/inicio\\\/category\\\/politica\\\/#listItem\",\"name\":\"Pol\\u00edtica\"}},{\"@type\":\"ListItem\",\"@id\":\"https:\\\/\\\/newsinfoco.com.br\\\/inicio\\\/category\\\/politica\\\/#listItem\",\"position\":2,\"name\":\"Pol\\u00edtica\",\"item\":\"https:\\\/\\\/newsinfoco.com.br\\\/inicio\\\/category\\\/politica\\\/\",\"nextItem\":{\"@type\":\"ListItem\",\"@id\":\"https:\\\/\\\/newsinfoco.com.br\\\/inicio\\\/ala-do-congresso-quer-debater-desoneracao-em-paralelo-a-reforma-tributaria-mas-fazenda-resiste\\\/#listItem\",\"name\":\"Ala do Congresso quer debater desonera\\u00e7\\u00e3o em paralelo \\u00e0 reforma tribut\\u00e1ria, mas Fazenda resiste\"},\"previousItem\":{\"@type\":\"ListItem\",\"@id\":\"https:\\\/\\\/newsinfoco.com.br\\\/inicio#listItem\",\"name\":\"In\\u00edcio\"}},{\"@type\":\"ListItem\",\"@id\":\"https:\\\/\\\/newsinfoco.com.br\\\/inicio\\\/ala-do-congresso-quer-debater-desoneracao-em-paralelo-a-reforma-tributaria-mas-fazenda-resiste\\\/#listItem\",\"position\":3,\"name\":\"Ala do Congresso quer debater desonera\\u00e7\\u00e3o em paralelo \\u00e0 reforma tribut\\u00e1ria, mas Fazenda resiste\",\"previousItem\":{\"@type\":\"ListItem\",\"@id\":\"https:\\\/\\\/newsinfoco.com.br\\\/inicio\\\/category\\\/politica\\\/#listItem\",\"name\":\"Pol\\u00edtica\"}}]},{\"@type\":\"Organization\",\"@id\":\"https:\\\/\\\/newsinfoco.com.br\\\/inicio\\\/#organization\",\"name\":\"News In Foco - Editado por Caio Pimenta\",\"description\":\"O principal site de noticias de Alagoinhas e regi\\u00e3o\",\"url\":\"https:\\\/\\\/newsinfoco.com.br\\\/inicio\\\/\"},{\"@type\":\"Person\",\"@id\":\"https:\\\/\\\/newsinfoco.com.br\\\/inicio\\\/author\\\/administrador\\\/#author\",\"url\":\"https:\\\/\\\/newsinfoco.com.br\\\/inicio\\\/author\\\/administrador\\\/\",\"name\":\"administrador\",\"image\":{\"@type\":\"ImageObject\",\"@id\":\"https:\\\/\\\/newsinfoco.com.br\\\/inicio\\\/ala-do-congresso-quer-debater-desoneracao-em-paralelo-a-reforma-tributaria-mas-fazenda-resiste\\\/#authorImage\",\"url\":\"https:\\\/\\\/secure.gravatar.com\\\/avatar\\\/c17a617433de8c1dc9584bb79aab7563b46f5bb7e1728c9b17d9cc3ce6a08e49?s=96&d=mm&r=g\",\"width\":96,\"height\":96,\"caption\":\"administrador\"}},{\"@type\":\"WebPage\",\"@id\":\"https:\\\/\\\/newsinfoco.com.br\\\/inicio\\\/ala-do-congresso-quer-debater-desoneracao-em-paralelo-a-reforma-tributaria-mas-fazenda-resiste\\\/#webpage\",\"url\":\"https:\\\/\\\/newsinfoco.com.br\\\/inicio\\\/ala-do-congresso-quer-debater-desoneracao-em-paralelo-a-reforma-tributaria-mas-fazenda-resiste\\\/\",\"name\":\"Ala do Congresso quer debater desonera\\u00e7\\u00e3o em paralelo \\u00e0 reforma tribut\\u00e1ria, mas Fazenda resiste - News In Foco - Editado por Caio Pimenta\",\"description\":\"Deputados e senadores defendem que a discuss\\u00e3o sobre uma desonera\\u00e7\\u00e3o ampla da folha de pagamentos e a atualiza\\u00e7\\u00e3o do teto do Simples Nacional ocorra simultaneamente \\u00e0 an\\u00e1lise da reforma tribut\\u00e1ria no Congresso. Pelos planos do Minist\\u00e9rio da Fazenda, o debate se daria apenas em um segundo momento, depois que fossem aprovadas as mudan\\u00e7as na tributa\\u00e7\\u00e3o\",\"inLanguage\":\"pt-BR\",\"isPartOf\":{\"@id\":\"https:\\\/\\\/newsinfoco.com.br\\\/inicio\\\/#website\"},\"breadcrumb\":{\"@id\":\"https:\\\/\\\/newsinfoco.com.br\\\/inicio\\\/ala-do-congresso-quer-debater-desoneracao-em-paralelo-a-reforma-tributaria-mas-fazenda-resiste\\\/#breadcrumblist\"},\"author\":{\"@id\":\"https:\\\/\\\/newsinfoco.com.br\\\/inicio\\\/author\\\/administrador\\\/#author\"},\"creator\":{\"@id\":\"https:\\\/\\\/newsinfoco.com.br\\\/inicio\\\/author\\\/administrador\\\/#author\"},\"image\":{\"@type\":\"ImageObject\",\"url\":\"https:\\\/\\\/newsinfoco.com.br\\\/inicio\\\/wp-content\\\/uploads\\\/2018\\\/07\\\/750_congresso_201871275918907.jpg\",\"@id\":\"https:\\\/\\\/newsinfoco.com.br\\\/inicio\\\/ala-do-congresso-quer-debater-desoneracao-em-paralelo-a-reforma-tributaria-mas-fazenda-resiste\\\/#mainImage\",\"width\":750,\"height\":500},\"primaryImageOfPage\":{\"@id\":\"https:\\\/\\\/newsinfoco.com.br\\\/inicio\\\/ala-do-congresso-quer-debater-desoneracao-em-paralelo-a-reforma-tributaria-mas-fazenda-resiste\\\/#mainImage\"},\"datePublished\":\"2023-03-19T11:32:47-03:00\",\"dateModified\":\"2023-03-19T11:32:47-03:00\"},{\"@type\":\"WebSite\",\"@id\":\"https:\\\/\\\/newsinfoco.com.br\\\/inicio\\\/#website\",\"url\":\"https:\\\/\\\/newsinfoco.com.br\\\/inicio\\\/\",\"name\":\"News In Foco - Editado por Caio Pimenta\",\"description\":\"O principal site de noticias de Alagoinhas e regi\\u00e3o\",\"inLanguage\":\"pt-BR\",\"publisher\":{\"@id\":\"https:\\\/\\\/newsinfoco.com.br\\\/inicio\\\/#organization\"}}]}\n\t\t<\/script>\n\t\t<!-- All in One SEO -->\n\n","aioseo_head_json":{"title":"Ala do Congresso quer debater desonera\u00e7\u00e3o em paralelo \u00e0 reforma tribut\u00e1ria, mas Fazenda resiste - News In Foco - Editado por Caio Pimenta","description":"Deputados e senadores defendem que a discuss\u00e3o sobre uma desonera\u00e7\u00e3o ampla da folha de pagamentos e a atualiza\u00e7\u00e3o do teto do Simples Nacional ocorra simultaneamente \u00e0 an\u00e1lise da reforma tribut\u00e1ria no Congresso. Pelos planos do Minist\u00e9rio da Fazenda, o debate se daria apenas em um segundo momento, depois que fossem aprovadas as mudan\u00e7as na tributa\u00e7\u00e3o","canonical_url":"https:\/\/newsinfoco.com.br\/inicio\/ala-do-congresso-quer-debater-desoneracao-em-paralelo-a-reforma-tributaria-mas-fazenda-resiste\/","robots":"max-image-preview:large","keywords":"","webmasterTools":{"miscellaneous":""},"schema":{"@context":"https:\/\/schema.org","@graph":[{"@type":"BlogPosting","@id":"https:\/\/newsinfoco.com.br\/inicio\/ala-do-congresso-quer-debater-desoneracao-em-paralelo-a-reforma-tributaria-mas-fazenda-resiste\/#blogposting","name":"Ala do Congresso quer debater desonera\u00e7\u00e3o em paralelo \u00e0 reforma tribut\u00e1ria, mas Fazenda resiste - News In Foco - Editado por Caio Pimenta","headline":"Ala do Congresso quer debater desonera\u00e7\u00e3o em paralelo \u00e0 reforma tribut\u00e1ria, mas Fazenda resiste","author":{"@id":"https:\/\/newsinfoco.com.br\/inicio\/author\/administrador\/#author"},"publisher":{"@id":"https:\/\/newsinfoco.com.br\/inicio\/#organization"},"image":{"@type":"ImageObject","url":"https:\/\/newsinfoco.com.br\/inicio\/wp-content\/uploads\/2018\/07\/750_congresso_201871275918907.jpg","width":750,"height":500},"datePublished":"2023-03-19T11:32:47-03:00","dateModified":"2023-03-19T11:32:47-03:00","inLanguage":"pt-BR","mainEntityOfPage":{"@id":"https:\/\/newsinfoco.com.br\/inicio\/ala-do-congresso-quer-debater-desoneracao-em-paralelo-a-reforma-tributaria-mas-fazenda-resiste\/#webpage"},"isPartOf":{"@id":"https:\/\/newsinfoco.com.br\/inicio\/ala-do-congresso-quer-debater-desoneracao-em-paralelo-a-reforma-tributaria-mas-fazenda-resiste\/#webpage"},"articleSection":"Pol\u00edtica"},{"@type":"BreadcrumbList","@id":"https:\/\/newsinfoco.com.br\/inicio\/ala-do-congresso-quer-debater-desoneracao-em-paralelo-a-reforma-tributaria-mas-fazenda-resiste\/#breadcrumblist","itemListElement":[{"@type":"ListItem","@id":"https:\/\/newsinfoco.com.br\/inicio#listItem","position":1,"name":"In\u00edcio","item":"https:\/\/newsinfoco.com.br\/inicio","nextItem":{"@type":"ListItem","@id":"https:\/\/newsinfoco.com.br\/inicio\/category\/politica\/#listItem","name":"Pol\u00edtica"}},{"@type":"ListItem","@id":"https:\/\/newsinfoco.com.br\/inicio\/category\/politica\/#listItem","position":2,"name":"Pol\u00edtica","item":"https:\/\/newsinfoco.com.br\/inicio\/category\/politica\/","nextItem":{"@type":"ListItem","@id":"https:\/\/newsinfoco.com.br\/inicio\/ala-do-congresso-quer-debater-desoneracao-em-paralelo-a-reforma-tributaria-mas-fazenda-resiste\/#listItem","name":"Ala do Congresso quer debater desonera\u00e7\u00e3o em paralelo \u00e0 reforma tribut\u00e1ria, mas Fazenda resiste"},"previousItem":{"@type":"ListItem","@id":"https:\/\/newsinfoco.com.br\/inicio#listItem","name":"In\u00edcio"}},{"@type":"ListItem","@id":"https:\/\/newsinfoco.com.br\/inicio\/ala-do-congresso-quer-debater-desoneracao-em-paralelo-a-reforma-tributaria-mas-fazenda-resiste\/#listItem","position":3,"name":"Ala do Congresso quer debater desonera\u00e7\u00e3o em paralelo \u00e0 reforma tribut\u00e1ria, mas Fazenda resiste","previousItem":{"@type":"ListItem","@id":"https:\/\/newsinfoco.com.br\/inicio\/category\/politica\/#listItem","name":"Pol\u00edtica"}}]},{"@type":"Organization","@id":"https:\/\/newsinfoco.com.br\/inicio\/#organization","name":"News In Foco - Editado por Caio Pimenta","description":"O principal site de noticias de Alagoinhas e regi\u00e3o","url":"https:\/\/newsinfoco.com.br\/inicio\/"},{"@type":"Person","@id":"https:\/\/newsinfoco.com.br\/inicio\/author\/administrador\/#author","url":"https:\/\/newsinfoco.com.br\/inicio\/author\/administrador\/","name":"administrador","image":{"@type":"ImageObject","@id":"https:\/\/newsinfoco.com.br\/inicio\/ala-do-congresso-quer-debater-desoneracao-em-paralelo-a-reforma-tributaria-mas-fazenda-resiste\/#authorImage","url":"https:\/\/secure.gravatar.com\/avatar\/c17a617433de8c1dc9584bb79aab7563b46f5bb7e1728c9b17d9cc3ce6a08e49?s=96&d=mm&r=g","width":96,"height":96,"caption":"administrador"}},{"@type":"WebPage","@id":"https:\/\/newsinfoco.com.br\/inicio\/ala-do-congresso-quer-debater-desoneracao-em-paralelo-a-reforma-tributaria-mas-fazenda-resiste\/#webpage","url":"https:\/\/newsinfoco.com.br\/inicio\/ala-do-congresso-quer-debater-desoneracao-em-paralelo-a-reforma-tributaria-mas-fazenda-resiste\/","name":"Ala do Congresso quer debater desonera\u00e7\u00e3o em paralelo \u00e0 reforma tribut\u00e1ria, mas Fazenda resiste - News In Foco - Editado por Caio Pimenta","description":"Deputados e senadores defendem que a discuss\u00e3o sobre uma desonera\u00e7\u00e3o ampla da folha de pagamentos e a atualiza\u00e7\u00e3o do teto do Simples Nacional ocorra simultaneamente \u00e0 an\u00e1lise da reforma tribut\u00e1ria no Congresso. Pelos planos do Minist\u00e9rio da Fazenda, o debate se daria apenas em um segundo momento, depois que fossem aprovadas as mudan\u00e7as na tributa\u00e7\u00e3o","inLanguage":"pt-BR","isPartOf":{"@id":"https:\/\/newsinfoco.com.br\/inicio\/#website"},"breadcrumb":{"@id":"https:\/\/newsinfoco.com.br\/inicio\/ala-do-congresso-quer-debater-desoneracao-em-paralelo-a-reforma-tributaria-mas-fazenda-resiste\/#breadcrumblist"},"author":{"@id":"https:\/\/newsinfoco.com.br\/inicio\/author\/administrador\/#author"},"creator":{"@id":"https:\/\/newsinfoco.com.br\/inicio\/author\/administrador\/#author"},"image":{"@type":"ImageObject","url":"https:\/\/newsinfoco.com.br\/inicio\/wp-content\/uploads\/2018\/07\/750_congresso_201871275918907.jpg","@id":"https:\/\/newsinfoco.com.br\/inicio\/ala-do-congresso-quer-debater-desoneracao-em-paralelo-a-reforma-tributaria-mas-fazenda-resiste\/#mainImage","width":750,"height":500},"primaryImageOfPage":{"@id":"https:\/\/newsinfoco.com.br\/inicio\/ala-do-congresso-quer-debater-desoneracao-em-paralelo-a-reforma-tributaria-mas-fazenda-resiste\/#mainImage"},"datePublished":"2023-03-19T11:32:47-03:00","dateModified":"2023-03-19T11:32:47-03:00"},{"@type":"WebSite","@id":"https:\/\/newsinfoco.com.br\/inicio\/#website","url":"https:\/\/newsinfoco.com.br\/inicio\/","name":"News In Foco - Editado por Caio Pimenta","description":"O principal site de noticias de Alagoinhas e regi\u00e3o","inLanguage":"pt-BR","publisher":{"@id":"https:\/\/newsinfoco.com.br\/inicio\/#organization"}}]},"og:locale":"pt_BR","og:site_name":"News In Foco - Editado por Caio Pimenta - O principal site de noticias de Alagoinhas e regi\u00e3o","og:type":"article","og:title":"Ala do Congresso quer debater desonera\u00e7\u00e3o em paralelo \u00e0 reforma tribut\u00e1ria, mas Fazenda resiste - News In Foco - Editado por Caio Pimenta","og:description":"Deputados e senadores defendem que a discuss\u00e3o sobre uma desonera\u00e7\u00e3o ampla da folha de pagamentos e a atualiza\u00e7\u00e3o do teto do Simples Nacional ocorra simultaneamente \u00e0 an\u00e1lise da reforma tribut\u00e1ria no Congresso. Pelos planos do Minist\u00e9rio da Fazenda, o debate se daria apenas em um segundo momento, depois que fossem aprovadas as mudan\u00e7as na tributa\u00e7\u00e3o","og:url":"https:\/\/newsinfoco.com.br\/inicio\/ala-do-congresso-quer-debater-desoneracao-em-paralelo-a-reforma-tributaria-mas-fazenda-resiste\/","article:published_time":"2023-03-19T14:32:47+00:00","article:modified_time":"2023-03-19T14:32:47+00:00","twitter:card":"summary_large_image","twitter:title":"Ala do Congresso quer debater desonera\u00e7\u00e3o em paralelo \u00e0 reforma tribut\u00e1ria, mas Fazenda resiste - News In Foco - Editado por Caio Pimenta","twitter:description":"Deputados e senadores defendem que a discuss\u00e3o sobre uma desonera\u00e7\u00e3o ampla da folha de pagamentos e a atualiza\u00e7\u00e3o do teto do Simples Nacional ocorra simultaneamente \u00e0 an\u00e1lise da reforma tribut\u00e1ria no Congresso. Pelos planos do Minist\u00e9rio da Fazenda, o debate se daria apenas em um segundo momento, depois que fossem aprovadas as mudan\u00e7as na tributa\u00e7\u00e3o"},"aioseo_meta_data":{"post_id":"33377","title":null,"description":null,"keywords":null,"keyphrases":null,"primary_term":null,"canonical_url":null,"og_title":null,"og_description":null,"og_object_type":"default","og_image_type":"default","og_image_url":null,"og_image_width":null,"og_image_height":null,"og_image_custom_url":null,"og_image_custom_fields":null,"og_video":null,"og_custom_url":null,"og_article_section":null,"og_article_tags":null,"twitter_use_og":false,"twitter_card":"default","twitter_image_type":"default","twitter_image_url":null,"twitter_image_custom_url":null,"twitter_image_custom_fields":null,"twitter_title":null,"twitter_description":null,"schema":{"blockGraphs":[],"customGraphs":[],"default":{"data":{"Article":[],"Course":[],"Dataset":[],"FAQPage":[],"Movie":[],"Person":[],"Product":[],"ProductReview":[],"Car":[],"Recipe":[],"Service":[],"SoftwareApplication":[],"WebPage":[]},"graphName":"","isEnabled":true},"graphs":[]},"schema_type":"default","schema_type_options":null,"pillar_content":false,"robots_default":true,"robots_noindex":false,"robots_noarchive":false,"robots_nosnippet":false,"robots_nofollow":false,"robots_noimageindex":false,"robots_noodp":false,"robots_notranslate":false,"robots_max_snippet":null,"robots_max_videopreview":null,"robots_max_imagepreview":"large","priority":null,"frequency":null,"local_seo":null,"breadcrumb_settings":null,"limit_modified_date":false,"ai":null,"created":"2023-06-12 23:05:48","updated":"2025-07-11 09:22:53","seo_analyzer_scan_date":null},"aioseo_breadcrumb":"<div class=\"aioseo-breadcrumbs\"><span class=\"aioseo-breadcrumb\">\n\t\t\t<a href=\"https:\/\/newsinfoco.com.br\/inicio\" title=\"In\u00edcio\">In\u00edcio<\/a>\n\t\t<\/span><span class=\"aioseo-breadcrumb-separator\">&raquo;<\/span><span class=\"aioseo-breadcrumb\">\n\t\t\t<a href=\"https:\/\/newsinfoco.com.br\/inicio\/category\/politica\/\" title=\"Pol\u00edtica\">Pol\u00edtica<\/a>\n\t\t<\/span><span class=\"aioseo-breadcrumb-separator\">&raquo;<\/span><span class=\"aioseo-breadcrumb\">\n\t\t\tAla do Congresso quer debater desonera\u00e7\u00e3o em paralelo \u00e0 reforma tribut\u00e1ria, mas Fazenda resiste\n\t\t<\/span><\/div>","aioseo_breadcrumb_json":[{"label":"In\u00edcio","link":"https:\/\/newsinfoco.com.br\/inicio"},{"label":"Pol\u00edtica","link":"https:\/\/newsinfoco.com.br\/inicio\/category\/politica\/"},{"label":"Ala do Congresso quer debater desonera\u00e7\u00e3o em paralelo \u00e0 reforma tribut\u00e1ria, mas Fazenda resiste","link":"https:\/\/newsinfoco.com.br\/inicio\/ala-do-congresso-quer-debater-desoneracao-em-paralelo-a-reforma-tributaria-mas-fazenda-resiste\/"}],"_links":{"self":[{"href":"https:\/\/newsinfoco.com.br\/inicio\/wp-json\/wp\/v2\/posts\/33377","targetHints":{"allow":["GET"]}}],"collection":[{"href":"https:\/\/newsinfoco.com.br\/inicio\/wp-json\/wp\/v2\/posts"}],"about":[{"href":"https:\/\/newsinfoco.com.br\/inicio\/wp-json\/wp\/v2\/types\/post"}],"author":[{"embeddable":true,"href":"https:\/\/newsinfoco.com.br\/inicio\/wp-json\/wp\/v2\/users\/1"}],"replies":[{"embeddable":true,"href":"https:\/\/newsinfoco.com.br\/inicio\/wp-json\/wp\/v2\/comments?post=33377"}],"version-history":[{"count":1,"href":"https:\/\/newsinfoco.com.br\/inicio\/wp-json\/wp\/v2\/posts\/33377\/revisions"}],"predecessor-version":[{"id":33378,"href":"https:\/\/newsinfoco.com.br\/inicio\/wp-json\/wp\/v2\/posts\/33377\/revisions\/33378"}],"wp:featuredmedia":[{"embeddable":true,"href":"https:\/\/newsinfoco.com.br\/inicio\/wp-json\/wp\/v2\/media\/6438"}],"wp:attachment":[{"href":"https:\/\/newsinfoco.com.br\/inicio\/wp-json\/wp\/v2\/media?parent=33377"}],"wp:term":[{"taxonomy":"category","embeddable":true,"href":"https:\/\/newsinfoco.com.br\/inicio\/wp-json\/wp\/v2\/categories?post=33377"},{"taxonomy":"post_tag","embeddable":true,"href":"https:\/\/newsinfoco.com.br\/inicio\/wp-json\/wp\/v2\/tags?post=33377"}],"curies":[{"name":"wp","href":"https:\/\/api.w.org\/{rel}","templated":true}]}}