{"id":33382,"date":"2023-03-19T11:39:15","date_gmt":"2023-03-19T14:39:15","guid":{"rendered":"https:\/\/newsinfoco.com.br\/inicio\/?p=33382"},"modified":"2023-03-19T11:39:15","modified_gmt":"2023-03-19T14:39:15","slug":"secretaria-de-administracao-penitenciaria-faz-batida-em-presidios-no-interior-da-bahia","status":"publish","type":"post","link":"https:\/\/newsinfoco.com.br\/inicio\/secretaria-de-administracao-penitenciaria-faz-batida-em-presidios-no-interior-da-bahia\/","title":{"rendered":"Secretaria de Administra\u00e7\u00e3o Penitenci\u00e1ria faz \u201cbatida\u201d em pres\u00eddios no interior da Bahia"},"content":{"rendered":"<p>A Secretaria de Administra\u00e7\u00e3o Penitenci\u00e1ria (Seap) realizou nesta sexta-feira (17) uma opera\u00e7\u00e3o especial nos pres\u00eddios de Itabuna, Vit\u00f3ria da Conquista e Juazeiro. Segundo informou o titular da pasta, Jos\u00e9 Ant\u00f4nio Maia Gon\u00e7alves, o objetivo \u00e9 fazer uma vistoria em busca de armas brancas e outros il\u00edcitos dentro das unidades prisionais.<\/p>\n<p>Nesta quinta-feira (16), opera\u00e7\u00e3o semelhante aconteceu no Conjunto Penal de Jequi\u00e9, onde foram encontrados entre os presos dez celulares e outros acess\u00f3rios, de acordo com a Companhia Independente de Policiamento Especializado. Tamb\u00e9m foram apreendidos uma calculadora e anota\u00e7\u00f5es sobre o com\u00e9rcio de drogas.<\/p>\n<p>\u201cA gente tem feito essas opera\u00e7\u00f5es de rotina. No Carnaval, fizemos em Salvador (Conjunto Penal Masculino). Buscamos manter a ordem intramuros para que n\u00e3o haja reflexo na seguran\u00e7a fora das unidades prisionais\u201d, declarou Jos\u00e9 Ant\u00f4nio Maia Gon\u00e7alves ao site Politica Livre. \u201cO que observamos \u00e9 que muitos desses objetos apreendidos s\u00e3o arremessados para dentro das unidades\u201d, acrescentou.<\/p>\n<p>O secret\u00e1rio afirmou que, al\u00e9m dessas a\u00e7\u00f5es repressivas, a pasta tem investido na ressocializa\u00e7\u00e3o dos presos. Neste s\u00e1bado (17), por exemplo, haver\u00e1 o casamento coletivo de 23 detentos no Conjunto Penal de Eun\u00e1polis. \u201cN\u00e3o temos pris\u00e3o perp\u00e9tua no Brasil, ent\u00e3o essas pessoas ir\u00e3o deixar os pres\u00eddios. Temos que fazer o poss\u00edvel para que eles sejam reinseridos na sociedade e n\u00e3o voltem a cometer crimes\u201d.<\/p>\n<p>&nbsp;<\/p>\n<p><span class=\"assinatura_exclusiva\">Pol\u00edtica Livre<\/span><\/p>\n<div class='share-to-whatsapp-wrapper'><div class='share-on-whsp'>Share on: <\/div><a data-text='Secretaria de Administra\u00e7\u00e3o Penitenci\u00e1ria faz \u201cbatida\u201d em pres\u00eddios no interior da Bahia' data-link='https:\/\/newsinfoco.com.br\/inicio\/secretaria-de-administracao-penitenciaria-faz-batida-em-presidios-no-interior-da-bahia\/' class='whatsapp-button whatsapp-share'>WhatsApp<\/a><div class='clear '><\/div><\/div>","protected":false},"excerpt":{"rendered":"<p>A Secretaria de Administra\u00e7\u00e3o Penitenci\u00e1ria (Seap) realizou nesta sexta-feira (17) uma opera\u00e7\u00e3o especial nos pres\u00eddios de Itabuna, Vit\u00f3ria da Conquista e Juazeiro. Segundo informou o titular da pasta, Jos\u00e9 Ant\u00f4nio Maia Gon\u00e7alves, o objetivo \u00e9 fazer uma vistoria em busca de armas brancas e outros il\u00edcitos dentro das unidades prisionais. Nesta quinta-feira (16), opera\u00e7\u00e3o semelhante [&hellip;]<\/p>\n","protected":false},"author":1,"featured_media":33383,"comment_status":"closed","ping_status":"closed","sticky":false,"template":"","format":"standard","meta":{"om_disable_all_campaigns":false,"rop_custom_images_group":[],"rop_custom_messages_group":[],"rop_publish_now":"initial","rop_publish_now_accounts":[],"rop_publish_now_history":[],"rop_publish_now_status":"pending","_exactmetrics_skip_tracking":false,"footnotes":""},"categories":[40],"tags":[],"class_list":["post-33382","post","type-post","status-publish","format-standard","has-post-thumbnail","hentry","category-politica"],"aioseo_notices":[],"aioseo_head":"\n\t\t<!-- All in One SEO 4.9.10 - aioseo.com -->\n\t<meta name=\"description\" content=\"A Secretaria de Administra\u00e7\u00e3o Penitenci\u00e1ria (Seap) realizou nesta sexta-feira (17) uma opera\u00e7\u00e3o especial nos pres\u00eddios de Itabuna, Vit\u00f3ria da Conquista e Juazeiro. Segundo informou o titular da pasta, Jos\u00e9 Ant\u00f4nio Maia Gon\u00e7alves, o objetivo \u00e9 fazer uma vistoria em busca de armas brancas e outros il\u00edcitos dentro das unidades prisionais. Nesta quinta-feira (16), opera\u00e7\u00e3o semelhante\" \/>\n\t<meta name=\"robots\" content=\"max-image-preview:large\" \/>\n\t<meta name=\"author\" content=\"administrador\"\/>\n\t<link rel=\"canonical\" href=\"https:\/\/newsinfoco.com.br\/inicio\/secretaria-de-administracao-penitenciaria-faz-batida-em-presidios-no-interior-da-bahia\/\" \/>\n\t<meta name=\"generator\" content=\"All in One SEO (AIOSEO) 4.9.10\" \/>\n\t\t<meta property=\"og:locale\" content=\"pt_BR\" \/>\n\t\t<meta property=\"og:site_name\" content=\"News In Foco - Editado por Caio Pimenta - O principal site de noticias de Alagoinhas e regi\u00e3o\" \/>\n\t\t<meta property=\"og:type\" content=\"article\" \/>\n\t\t<meta property=\"og:title\" content=\"Secretaria de Administra\u00e7\u00e3o Penitenci\u00e1ria faz \u201cbatida\u201d em pres\u00eddios no interior da Bahia - News In Foco - Editado por Caio Pimenta\" \/>\n\t\t<meta property=\"og:description\" content=\"A Secretaria de Administra\u00e7\u00e3o Penitenci\u00e1ria (Seap) realizou nesta sexta-feira (17) uma opera\u00e7\u00e3o especial nos pres\u00eddios de Itabuna, Vit\u00f3ria da Conquista e Juazeiro. Segundo informou o titular da pasta, Jos\u00e9 Ant\u00f4nio Maia Gon\u00e7alves, o objetivo \u00e9 fazer uma vistoria em busca de armas brancas e outros il\u00edcitos dentro das unidades prisionais. Nesta quinta-feira (16), opera\u00e7\u00e3o semelhante\" \/>\n\t\t<meta property=\"og:url\" content=\"https:\/\/newsinfoco.com.br\/inicio\/secretaria-de-administracao-penitenciaria-faz-batida-em-presidios-no-interior-da-bahia\/\" \/>\n\t\t<meta property=\"article:published_time\" content=\"2023-03-19T14:39:15+00:00\" \/>\n\t\t<meta property=\"article:modified_time\" content=\"2023-03-19T14:39:15+00:00\" \/>\n\t\t<meta name=\"twitter:card\" content=\"summary_large_image\" \/>\n\t\t<meta name=\"twitter:title\" content=\"Secretaria de Administra\u00e7\u00e3o Penitenci\u00e1ria faz \u201cbatida\u201d em pres\u00eddios no interior da Bahia - News In Foco - Editado por Caio Pimenta\" \/>\n\t\t<meta name=\"twitter:description\" content=\"A Secretaria de Administra\u00e7\u00e3o Penitenci\u00e1ria (Seap) realizou nesta sexta-feira (17) uma opera\u00e7\u00e3o especial nos pres\u00eddios de Itabuna, Vit\u00f3ria da Conquista e Juazeiro. Segundo informou o titular da pasta, Jos\u00e9 Ant\u00f4nio Maia Gon\u00e7alves, o objetivo \u00e9 fazer uma vistoria em busca de armas brancas e outros il\u00edcitos dentro das unidades prisionais. Nesta quinta-feira (16), opera\u00e7\u00e3o semelhante\" \/>\n\t\t<script type=\"application\/ld+json\" class=\"aioseo-schema\">\n\t\t\t{\"@context\":\"https:\\\/\\\/schema.org\",\"@graph\":[{\"@type\":\"BlogPosting\",\"@id\":\"https:\\\/\\\/newsinfoco.com.br\\\/inicio\\\/secretaria-de-administracao-penitenciaria-faz-batida-em-presidios-no-interior-da-bahia\\\/#blogposting\",\"name\":\"Secretaria de Administra\\u00e7\\u00e3o Penitenci\\u00e1ria faz \\u201cbatida\\u201d em pres\\u00eddios no interior da Bahia - News In Foco - Editado por Caio Pimenta\",\"headline\":\"Secretaria de Administra\\u00e7\\u00e3o Penitenci\\u00e1ria faz \\u201cbatida\\u201d em pres\\u00eddios no interior da Bahia\",\"author\":{\"@id\":\"https:\\\/\\\/newsinfoco.com.br\\\/inicio\\\/author\\\/administrador\\\/#author\"},\"publisher\":{\"@id\":\"https:\\\/\\\/newsinfoco.com.br\\\/inicio\\\/#organization\"},\"image\":{\"@type\":\"ImageObject\",\"url\":\"https:\\\/\\\/newsinfoco.com.br\\\/inicio\\\/wp-content\\\/uploads\\\/2023\\\/03\\\/34AF3799-D623-4683-8EFE-0CE34012B4D4.jpeg\",\"width\":671,\"height\":454,\"caption\":\"Secret\\u00e1rio Jos\\u00e9 Ant\\u00f4nio Maia Gon\\u00e7alves\"},\"datePublished\":\"2023-03-19T11:39:15-03:00\",\"dateModified\":\"2023-03-19T11:39:15-03:00\",\"inLanguage\":\"pt-BR\",\"mainEntityOfPage\":{\"@id\":\"https:\\\/\\\/newsinfoco.com.br\\\/inicio\\\/secretaria-de-administracao-penitenciaria-faz-batida-em-presidios-no-interior-da-bahia\\\/#webpage\"},\"isPartOf\":{\"@id\":\"https:\\\/\\\/newsinfoco.com.br\\\/inicio\\\/secretaria-de-administracao-penitenciaria-faz-batida-em-presidios-no-interior-da-bahia\\\/#webpage\"},\"articleSection\":\"Pol\\u00edtica\"},{\"@type\":\"BreadcrumbList\",\"@id\":\"https:\\\/\\\/newsinfoco.com.br\\\/inicio\\\/secretaria-de-administracao-penitenciaria-faz-batida-em-presidios-no-interior-da-bahia\\\/#breadcrumblist\",\"itemListElement\":[{\"@type\":\"ListItem\",\"@id\":\"https:\\\/\\\/newsinfoco.com.br\\\/inicio#listItem\",\"position\":1,\"name\":\"In\\u00edcio\",\"item\":\"https:\\\/\\\/newsinfoco.com.br\\\/inicio\",\"nextItem\":{\"@type\":\"ListItem\",\"@id\":\"https:\\\/\\\/newsinfoco.com.br\\\/inicio\\\/category\\\/politica\\\/#listItem\",\"name\":\"Pol\\u00edtica\"}},{\"@type\":\"ListItem\",\"@id\":\"https:\\\/\\\/newsinfoco.com.br\\\/inicio\\\/category\\\/politica\\\/#listItem\",\"position\":2,\"name\":\"Pol\\u00edtica\",\"item\":\"https:\\\/\\\/newsinfoco.com.br\\\/inicio\\\/category\\\/politica\\\/\",\"nextItem\":{\"@type\":\"ListItem\",\"@id\":\"https:\\\/\\\/newsinfoco.com.br\\\/inicio\\\/secretaria-de-administracao-penitenciaria-faz-batida-em-presidios-no-interior-da-bahia\\\/#listItem\",\"name\":\"Secretaria de Administra\\u00e7\\u00e3o Penitenci\\u00e1ria faz \\u201cbatida\\u201d em pres\\u00eddios no interior da Bahia\"},\"previousItem\":{\"@type\":\"ListItem\",\"@id\":\"https:\\\/\\\/newsinfoco.com.br\\\/inicio#listItem\",\"name\":\"In\\u00edcio\"}},{\"@type\":\"ListItem\",\"@id\":\"https:\\\/\\\/newsinfoco.com.br\\\/inicio\\\/secretaria-de-administracao-penitenciaria-faz-batida-em-presidios-no-interior-da-bahia\\\/#listItem\",\"position\":3,\"name\":\"Secretaria de Administra\\u00e7\\u00e3o Penitenci\\u00e1ria faz \\u201cbatida\\u201d em pres\\u00eddios no interior da Bahia\",\"previousItem\":{\"@type\":\"ListItem\",\"@id\":\"https:\\\/\\\/newsinfoco.com.br\\\/inicio\\\/category\\\/politica\\\/#listItem\",\"name\":\"Pol\\u00edtica\"}}]},{\"@type\":\"Organization\",\"@id\":\"https:\\\/\\\/newsinfoco.com.br\\\/inicio\\\/#organization\",\"name\":\"News In Foco - Editado por Caio Pimenta\",\"description\":\"O principal site de noticias de Alagoinhas e regi\\u00e3o\",\"url\":\"https:\\\/\\\/newsinfoco.com.br\\\/inicio\\\/\"},{\"@type\":\"Person\",\"@id\":\"https:\\\/\\\/newsinfoco.com.br\\\/inicio\\\/author\\\/administrador\\\/#author\",\"url\":\"https:\\\/\\\/newsinfoco.com.br\\\/inicio\\\/author\\\/administrador\\\/\",\"name\":\"administrador\",\"image\":{\"@type\":\"ImageObject\",\"@id\":\"https:\\\/\\\/newsinfoco.com.br\\\/inicio\\\/secretaria-de-administracao-penitenciaria-faz-batida-em-presidios-no-interior-da-bahia\\\/#authorImage\",\"url\":\"https:\\\/\\\/secure.gravatar.com\\\/avatar\\\/c17a617433de8c1dc9584bb79aab7563b46f5bb7e1728c9b17d9cc3ce6a08e49?s=96&d=mm&r=g\",\"width\":96,\"height\":96,\"caption\":\"administrador\"}},{\"@type\":\"WebPage\",\"@id\":\"https:\\\/\\\/newsinfoco.com.br\\\/inicio\\\/secretaria-de-administracao-penitenciaria-faz-batida-em-presidios-no-interior-da-bahia\\\/#webpage\",\"url\":\"https:\\\/\\\/newsinfoco.com.br\\\/inicio\\\/secretaria-de-administracao-penitenciaria-faz-batida-em-presidios-no-interior-da-bahia\\\/\",\"name\":\"Secretaria de Administra\\u00e7\\u00e3o Penitenci\\u00e1ria faz \\u201cbatida\\u201d em pres\\u00eddios no interior da Bahia - News In Foco - Editado por Caio Pimenta\",\"description\":\"A Secretaria de Administra\\u00e7\\u00e3o Penitenci\\u00e1ria (Seap) realizou nesta sexta-feira (17) uma opera\\u00e7\\u00e3o especial nos pres\\u00eddios de Itabuna, Vit\\u00f3ria da Conquista e Juazeiro. Segundo informou o titular da pasta, Jos\\u00e9 Ant\\u00f4nio Maia Gon\\u00e7alves, o objetivo \\u00e9 fazer uma vistoria em busca de armas brancas e outros il\\u00edcitos dentro das unidades prisionais. Nesta quinta-feira (16), opera\\u00e7\\u00e3o semelhante\",\"inLanguage\":\"pt-BR\",\"isPartOf\":{\"@id\":\"https:\\\/\\\/newsinfoco.com.br\\\/inicio\\\/#website\"},\"breadcrumb\":{\"@id\":\"https:\\\/\\\/newsinfoco.com.br\\\/inicio\\\/secretaria-de-administracao-penitenciaria-faz-batida-em-presidios-no-interior-da-bahia\\\/#breadcrumblist\"},\"author\":{\"@id\":\"https:\\\/\\\/newsinfoco.com.br\\\/inicio\\\/author\\\/administrador\\\/#author\"},\"creator\":{\"@id\":\"https:\\\/\\\/newsinfoco.com.br\\\/inicio\\\/author\\\/administrador\\\/#author\"},\"image\":{\"@type\":\"ImageObject\",\"url\":\"https:\\\/\\\/newsinfoco.com.br\\\/inicio\\\/wp-content\\\/uploads\\\/2023\\\/03\\\/34AF3799-D623-4683-8EFE-0CE34012B4D4.jpeg\",\"@id\":\"https:\\\/\\\/newsinfoco.com.br\\\/inicio\\\/secretaria-de-administracao-penitenciaria-faz-batida-em-presidios-no-interior-da-bahia\\\/#mainImage\",\"width\":671,\"height\":454,\"caption\":\"Secret\\u00e1rio Jos\\u00e9 Ant\\u00f4nio Maia Gon\\u00e7alves\"},\"primaryImageOfPage\":{\"@id\":\"https:\\\/\\\/newsinfoco.com.br\\\/inicio\\\/secretaria-de-administracao-penitenciaria-faz-batida-em-presidios-no-interior-da-bahia\\\/#mainImage\"},\"datePublished\":\"2023-03-19T11:39:15-03:00\",\"dateModified\":\"2023-03-19T11:39:15-03:00\"},{\"@type\":\"WebSite\",\"@id\":\"https:\\\/\\\/newsinfoco.com.br\\\/inicio\\\/#website\",\"url\":\"https:\\\/\\\/newsinfoco.com.br\\\/inicio\\\/\",\"name\":\"News In Foco - Editado por Caio Pimenta\",\"description\":\"O principal site de noticias de Alagoinhas e regi\\u00e3o\",\"inLanguage\":\"pt-BR\",\"publisher\":{\"@id\":\"https:\\\/\\\/newsinfoco.com.br\\\/inicio\\\/#organization\"}}]}\n\t\t<\/script>\n\t\t<!-- All in One SEO -->\n\n","aioseo_head_json":{"title":"Secretaria de Administra\u00e7\u00e3o Penitenci\u00e1ria faz \u201cbatida\u201d em pres\u00eddios no interior da Bahia - News In Foco - Editado por Caio Pimenta","description":"A Secretaria de Administra\u00e7\u00e3o Penitenci\u00e1ria (Seap) realizou nesta sexta-feira (17) uma opera\u00e7\u00e3o especial nos pres\u00eddios de Itabuna, Vit\u00f3ria da Conquista e Juazeiro. Segundo informou o titular da pasta, Jos\u00e9 Ant\u00f4nio Maia Gon\u00e7alves, o objetivo \u00e9 fazer uma vistoria em busca de armas brancas e outros il\u00edcitos dentro das unidades prisionais. Nesta quinta-feira (16), opera\u00e7\u00e3o semelhante","canonical_url":"https:\/\/newsinfoco.com.br\/inicio\/secretaria-de-administracao-penitenciaria-faz-batida-em-presidios-no-interior-da-bahia\/","robots":"max-image-preview:large","keywords":"","webmasterTools":{"miscellaneous":""},"schema":{"@context":"https:\/\/schema.org","@graph":[{"@type":"BlogPosting","@id":"https:\/\/newsinfoco.com.br\/inicio\/secretaria-de-administracao-penitenciaria-faz-batida-em-presidios-no-interior-da-bahia\/#blogposting","name":"Secretaria de Administra\u00e7\u00e3o Penitenci\u00e1ria faz \u201cbatida\u201d em pres\u00eddios no interior da Bahia - News In Foco - Editado por Caio Pimenta","headline":"Secretaria de Administra\u00e7\u00e3o Penitenci\u00e1ria faz \u201cbatida\u201d em pres\u00eddios no interior da Bahia","author":{"@id":"https:\/\/newsinfoco.com.br\/inicio\/author\/administrador\/#author"},"publisher":{"@id":"https:\/\/newsinfoco.com.br\/inicio\/#organization"},"image":{"@type":"ImageObject","url":"https:\/\/newsinfoco.com.br\/inicio\/wp-content\/uploads\/2023\/03\/34AF3799-D623-4683-8EFE-0CE34012B4D4.jpeg","width":671,"height":454,"caption":"Secret\u00e1rio Jos\u00e9 Ant\u00f4nio Maia Gon\u00e7alves"},"datePublished":"2023-03-19T11:39:15-03:00","dateModified":"2023-03-19T11:39:15-03:00","inLanguage":"pt-BR","mainEntityOfPage":{"@id":"https:\/\/newsinfoco.com.br\/inicio\/secretaria-de-administracao-penitenciaria-faz-batida-em-presidios-no-interior-da-bahia\/#webpage"},"isPartOf":{"@id":"https:\/\/newsinfoco.com.br\/inicio\/secretaria-de-administracao-penitenciaria-faz-batida-em-presidios-no-interior-da-bahia\/#webpage"},"articleSection":"Pol\u00edtica"},{"@type":"BreadcrumbList","@id":"https:\/\/newsinfoco.com.br\/inicio\/secretaria-de-administracao-penitenciaria-faz-batida-em-presidios-no-interior-da-bahia\/#breadcrumblist","itemListElement":[{"@type":"ListItem","@id":"https:\/\/newsinfoco.com.br\/inicio#listItem","position":1,"name":"In\u00edcio","item":"https:\/\/newsinfoco.com.br\/inicio","nextItem":{"@type":"ListItem","@id":"https:\/\/newsinfoco.com.br\/inicio\/category\/politica\/#listItem","name":"Pol\u00edtica"}},{"@type":"ListItem","@id":"https:\/\/newsinfoco.com.br\/inicio\/category\/politica\/#listItem","position":2,"name":"Pol\u00edtica","item":"https:\/\/newsinfoco.com.br\/inicio\/category\/politica\/","nextItem":{"@type":"ListItem","@id":"https:\/\/newsinfoco.com.br\/inicio\/secretaria-de-administracao-penitenciaria-faz-batida-em-presidios-no-interior-da-bahia\/#listItem","name":"Secretaria de Administra\u00e7\u00e3o Penitenci\u00e1ria faz \u201cbatida\u201d em pres\u00eddios no interior da Bahia"},"previousItem":{"@type":"ListItem","@id":"https:\/\/newsinfoco.com.br\/inicio#listItem","name":"In\u00edcio"}},{"@type":"ListItem","@id":"https:\/\/newsinfoco.com.br\/inicio\/secretaria-de-administracao-penitenciaria-faz-batida-em-presidios-no-interior-da-bahia\/#listItem","position":3,"name":"Secretaria de Administra\u00e7\u00e3o Penitenci\u00e1ria faz \u201cbatida\u201d em pres\u00eddios no interior da Bahia","previousItem":{"@type":"ListItem","@id":"https:\/\/newsinfoco.com.br\/inicio\/category\/politica\/#listItem","name":"Pol\u00edtica"}}]},{"@type":"Organization","@id":"https:\/\/newsinfoco.com.br\/inicio\/#organization","name":"News In Foco - Editado por Caio Pimenta","description":"O principal site de noticias de Alagoinhas e regi\u00e3o","url":"https:\/\/newsinfoco.com.br\/inicio\/"},{"@type":"Person","@id":"https:\/\/newsinfoco.com.br\/inicio\/author\/administrador\/#author","url":"https:\/\/newsinfoco.com.br\/inicio\/author\/administrador\/","name":"administrador","image":{"@type":"ImageObject","@id":"https:\/\/newsinfoco.com.br\/inicio\/secretaria-de-administracao-penitenciaria-faz-batida-em-presidios-no-interior-da-bahia\/#authorImage","url":"https:\/\/secure.gravatar.com\/avatar\/c17a617433de8c1dc9584bb79aab7563b46f5bb7e1728c9b17d9cc3ce6a08e49?s=96&d=mm&r=g","width":96,"height":96,"caption":"administrador"}},{"@type":"WebPage","@id":"https:\/\/newsinfoco.com.br\/inicio\/secretaria-de-administracao-penitenciaria-faz-batida-em-presidios-no-interior-da-bahia\/#webpage","url":"https:\/\/newsinfoco.com.br\/inicio\/secretaria-de-administracao-penitenciaria-faz-batida-em-presidios-no-interior-da-bahia\/","name":"Secretaria de Administra\u00e7\u00e3o Penitenci\u00e1ria faz \u201cbatida\u201d em pres\u00eddios no interior da Bahia - News In Foco - Editado por Caio Pimenta","description":"A Secretaria de Administra\u00e7\u00e3o Penitenci\u00e1ria (Seap) realizou nesta sexta-feira (17) uma opera\u00e7\u00e3o especial nos pres\u00eddios de Itabuna, Vit\u00f3ria da Conquista e Juazeiro. Segundo informou o titular da pasta, Jos\u00e9 Ant\u00f4nio Maia Gon\u00e7alves, o objetivo \u00e9 fazer uma vistoria em busca de armas brancas e outros il\u00edcitos dentro das unidades prisionais. Nesta quinta-feira (16), opera\u00e7\u00e3o semelhante","inLanguage":"pt-BR","isPartOf":{"@id":"https:\/\/newsinfoco.com.br\/inicio\/#website"},"breadcrumb":{"@id":"https:\/\/newsinfoco.com.br\/inicio\/secretaria-de-administracao-penitenciaria-faz-batida-em-presidios-no-interior-da-bahia\/#breadcrumblist"},"author":{"@id":"https:\/\/newsinfoco.com.br\/inicio\/author\/administrador\/#author"},"creator":{"@id":"https:\/\/newsinfoco.com.br\/inicio\/author\/administrador\/#author"},"image":{"@type":"ImageObject","url":"https:\/\/newsinfoco.com.br\/inicio\/wp-content\/uploads\/2023\/03\/34AF3799-D623-4683-8EFE-0CE34012B4D4.jpeg","@id":"https:\/\/newsinfoco.com.br\/inicio\/secretaria-de-administracao-penitenciaria-faz-batida-em-presidios-no-interior-da-bahia\/#mainImage","width":671,"height":454,"caption":"Secret\u00e1rio Jos\u00e9 Ant\u00f4nio Maia Gon\u00e7alves"},"primaryImageOfPage":{"@id":"https:\/\/newsinfoco.com.br\/inicio\/secretaria-de-administracao-penitenciaria-faz-batida-em-presidios-no-interior-da-bahia\/#mainImage"},"datePublished":"2023-03-19T11:39:15-03:00","dateModified":"2023-03-19T11:39:15-03:00"},{"@type":"WebSite","@id":"https:\/\/newsinfoco.com.br\/inicio\/#website","url":"https:\/\/newsinfoco.com.br\/inicio\/","name":"News In Foco - Editado por Caio Pimenta","description":"O principal site de noticias de Alagoinhas e regi\u00e3o","inLanguage":"pt-BR","publisher":{"@id":"https:\/\/newsinfoco.com.br\/inicio\/#organization"}}]},"og:locale":"pt_BR","og:site_name":"News In Foco - Editado por Caio Pimenta - O principal site de noticias de Alagoinhas e regi\u00e3o","og:type":"article","og:title":"Secretaria de Administra\u00e7\u00e3o Penitenci\u00e1ria faz \u201cbatida\u201d em pres\u00eddios no interior da Bahia - News In Foco - Editado por Caio Pimenta","og:description":"A Secretaria de Administra\u00e7\u00e3o Penitenci\u00e1ria (Seap) realizou nesta sexta-feira (17) uma opera\u00e7\u00e3o especial nos pres\u00eddios de Itabuna, Vit\u00f3ria da Conquista e Juazeiro. Segundo informou o titular da pasta, Jos\u00e9 Ant\u00f4nio Maia Gon\u00e7alves, o objetivo \u00e9 fazer uma vistoria em busca de armas brancas e outros il\u00edcitos dentro das unidades prisionais. Nesta quinta-feira (16), opera\u00e7\u00e3o semelhante","og:url":"https:\/\/newsinfoco.com.br\/inicio\/secretaria-de-administracao-penitenciaria-faz-batida-em-presidios-no-interior-da-bahia\/","article:published_time":"2023-03-19T14:39:15+00:00","article:modified_time":"2023-03-19T14:39:15+00:00","twitter:card":"summary_large_image","twitter:title":"Secretaria de Administra\u00e7\u00e3o Penitenci\u00e1ria faz \u201cbatida\u201d em pres\u00eddios no interior da Bahia - News In Foco - Editado por Caio Pimenta","twitter:description":"A Secretaria de Administra\u00e7\u00e3o Penitenci\u00e1ria (Seap) realizou nesta sexta-feira (17) uma opera\u00e7\u00e3o especial nos pres\u00eddios de Itabuna, Vit\u00f3ria da Conquista e Juazeiro. Segundo informou o titular da pasta, Jos\u00e9 Ant\u00f4nio Maia Gon\u00e7alves, o objetivo \u00e9 fazer uma vistoria em busca de armas brancas e outros il\u00edcitos dentro das unidades prisionais. Nesta quinta-feira (16), opera\u00e7\u00e3o semelhante"},"aioseo_meta_data":{"post_id":"33382","title":null,"description":null,"keywords":null,"keyphrases":null,"primary_term":null,"canonical_url":null,"og_title":null,"og_description":null,"og_object_type":"default","og_image_type":"default","og_image_url":null,"og_image_width":null,"og_image_height":null,"og_image_custom_url":null,"og_image_custom_fields":null,"og_video":null,"og_custom_url":null,"og_article_section":null,"og_article_tags":null,"twitter_use_og":false,"twitter_card":"default","twitter_image_type":"default","twitter_image_url":null,"twitter_image_custom_url":null,"twitter_image_custom_fields":null,"twitter_title":null,"twitter_description":null,"schema":{"blockGraphs":[],"customGraphs":[],"default":{"data":{"Article":[],"Course":[],"Dataset":[],"FAQPage":[],"Movie":[],"Person":[],"Product":[],"ProductReview":[],"Car":[],"Recipe":[],"Service":[],"SoftwareApplication":[],"WebPage":[]},"graphName":"","isEnabled":true},"graphs":[]},"schema_type":"default","schema_type_options":null,"pillar_content":false,"robots_default":true,"robots_noindex":false,"robots_noarchive":false,"robots_nosnippet":false,"robots_nofollow":false,"robots_noimageindex":false,"robots_noodp":false,"robots_notranslate":false,"robots_max_snippet":null,"robots_max_videopreview":null,"robots_max_imagepreview":"large","priority":null,"frequency":null,"local_seo":null,"breadcrumb_settings":null,"limit_modified_date":false,"ai":null,"created":"2023-06-12 23:05:48","updated":"2025-07-11 09:22:53","seo_analyzer_scan_date":null},"aioseo_breadcrumb":"<div class=\"aioseo-breadcrumbs\"><span class=\"aioseo-breadcrumb\">\n\t\t\t<a href=\"https:\/\/newsinfoco.com.br\/inicio\" title=\"In\u00edcio\">In\u00edcio<\/a>\n\t\t<\/span><span class=\"aioseo-breadcrumb-separator\">&raquo;<\/span><span class=\"aioseo-breadcrumb\">\n\t\t\t<a href=\"https:\/\/newsinfoco.com.br\/inicio\/category\/politica\/\" title=\"Pol\u00edtica\">Pol\u00edtica<\/a>\n\t\t<\/span><span class=\"aioseo-breadcrumb-separator\">&raquo;<\/span><span class=\"aioseo-breadcrumb\">\n\t\t\tSecretaria de Administra\u00e7\u00e3o Penitenci\u00e1ria faz \u201cbatida\u201d em pres\u00eddios no interior da Bahia\n\t\t<\/span><\/div>","aioseo_breadcrumb_json":[{"label":"In\u00edcio","link":"https:\/\/newsinfoco.com.br\/inicio"},{"label":"Pol\u00edtica","link":"https:\/\/newsinfoco.com.br\/inicio\/category\/politica\/"},{"label":"Secretaria de Administra\u00e7\u00e3o Penitenci\u00e1ria faz \u201cbatida\u201d em pres\u00eddios no interior da Bahia","link":"https:\/\/newsinfoco.com.br\/inicio\/secretaria-de-administracao-penitenciaria-faz-batida-em-presidios-no-interior-da-bahia\/"}],"_links":{"self":[{"href":"https:\/\/newsinfoco.com.br\/inicio\/wp-json\/wp\/v2\/posts\/33382","targetHints":{"allow":["GET"]}}],"collection":[{"href":"https:\/\/newsinfoco.com.br\/inicio\/wp-json\/wp\/v2\/posts"}],"about":[{"href":"https:\/\/newsinfoco.com.br\/inicio\/wp-json\/wp\/v2\/types\/post"}],"author":[{"embeddable":true,"href":"https:\/\/newsinfoco.com.br\/inicio\/wp-json\/wp\/v2\/users\/1"}],"replies":[{"embeddable":true,"href":"https:\/\/newsinfoco.com.br\/inicio\/wp-json\/wp\/v2\/comments?post=33382"}],"version-history":[{"count":1,"href":"https:\/\/newsinfoco.com.br\/inicio\/wp-json\/wp\/v2\/posts\/33382\/revisions"}],"predecessor-version":[{"id":33384,"href":"https:\/\/newsinfoco.com.br\/inicio\/wp-json\/wp\/v2\/posts\/33382\/revisions\/33384"}],"wp:featuredmedia":[{"embeddable":true,"href":"https:\/\/newsinfoco.com.br\/inicio\/wp-json\/wp\/v2\/media\/33383"}],"wp:attachment":[{"href":"https:\/\/newsinfoco.com.br\/inicio\/wp-json\/wp\/v2\/media?parent=33382"}],"wp:term":[{"taxonomy":"category","embeddable":true,"href":"https:\/\/newsinfoco.com.br\/inicio\/wp-json\/wp\/v2\/categories?post=33382"},{"taxonomy":"post_tag","embeddable":true,"href":"https:\/\/newsinfoco.com.br\/inicio\/wp-json\/wp\/v2\/tags?post=33382"}],"curies":[{"name":"wp","href":"https:\/\/api.w.org\/{rel}","templated":true}]}}