{"id":33427,"date":"2023-03-22T13:10:32","date_gmt":"2023-03-22T16:10:32","guid":{"rendered":"https:\/\/newsinfoco.com.br\/inicio\/?p=33427"},"modified":"2023-03-22T13:10:32","modified_gmt":"2023-03-22T16:10:32","slug":"deputados-vao-pedir-impeachment-de-lula-apos-fala-sobre-sergio-moro","status":"publish","type":"post","link":"https:\/\/newsinfoco.com.br\/inicio\/deputados-vao-pedir-impeachment-de-lula-apos-fala-sobre-sergio-moro\/","title":{"rendered":"Deputados v\u00e3o pedir impeachment de Lula ap\u00f3s fala sobre S\u00e9rgio Moro"},"content":{"rendered":"<p>Os deputados filiados a partidos como PL, Uni\u00e3o Brasil e Podemos n\u00e3o receberam bem a fala do presidente Lula (PT) de que, na \u00e9poca em que esteve preso pela Opera\u00e7\u00e3o Lava Jato queria \u201cf#der\u201d o ex-juiz, e atual senador, S\u00e9rgio Moro (Uni\u00e3o Brasil).<\/p>\n<p>Ap\u00f3s a entrevista, dada ao Brasil247, na \u00faltima ter\u00e7a (21), uma publica\u00e7\u00e3o da Cruso\u00e9 conta que membros dessas siglas viram a fala como uma forma de intimida\u00e7\u00e3o a Moro e pretendem entrar com um pedido de impeachment contra Lula.<\/p>\n<p>\u201cDe vez em quando um procurador entrava l\u00e1 de s\u00e1bado, ou de semana, para visitar, se estava tudo bem. Entrava 3 ou 4 procuradores e perguntava \u2018t\u00e1 tudo bem?\u2019. Eu falava \u2018n\u00e3o est\u00e1 tudo bem. S\u00f3 vai estar bem quando eu foder esse Moro\u2019. Voc\u00eas cortam a palavra \u2018foder\u2019 a\u00ed\u2026\u201d, disse Lula.<\/p>\n<p>&nbsp;<\/p>\n<p>Politcaaovivo<\/p>\n<div class='share-to-whatsapp-wrapper'><div class='share-on-whsp'>Share on: <\/div><a data-text='Deputados v\u00e3o pedir impeachment de Lula ap\u00f3s fala sobre S\u00e9rgio Moro' data-link='https:\/\/newsinfoco.com.br\/inicio\/deputados-vao-pedir-impeachment-de-lula-apos-fala-sobre-sergio-moro\/' class='whatsapp-button whatsapp-share'>WhatsApp<\/a><div class='clear '><\/div><\/div>","protected":false},"excerpt":{"rendered":"<p>Os deputados filiados a partidos como PL, Uni\u00e3o Brasil e Podemos n\u00e3o receberam bem a fala do presidente Lula (PT) de que, na \u00e9poca em que esteve preso pela Opera\u00e7\u00e3o Lava Jato queria \u201cf#der\u201d o ex-juiz, e atual senador, S\u00e9rgio Moro (Uni\u00e3o Brasil). Ap\u00f3s a entrevista, dada ao Brasil247, na \u00faltima ter\u00e7a (21), uma publica\u00e7\u00e3o [&hellip;]<\/p>\n","protected":false},"author":1,"featured_media":33428,"comment_status":"closed","ping_status":"closed","sticky":false,"template":"","format":"standard","meta":{"om_disable_all_campaigns":false,"rop_custom_images_group":[],"rop_custom_messages_group":[],"rop_publish_now":"initial","rop_publish_now_accounts":[],"rop_publish_now_history":[],"rop_publish_now_status":"pending","_exactmetrics_skip_tracking":false,"footnotes":""},"categories":[40],"tags":[],"class_list":["post-33427","post","type-post","status-publish","format-standard","has-post-thumbnail","hentry","category-politica"],"aioseo_notices":[],"aioseo_head":"\n\t\t<!-- All in One SEO 4.9.10 - aioseo.com -->\n\t<meta name=\"description\" content=\"Os deputados filiados a partidos como PL, Uni\u00e3o Brasil e Podemos n\u00e3o receberam bem a fala do presidente Lula (PT) de que, na \u00e9poca em que esteve preso pela Opera\u00e7\u00e3o Lava Jato queria \u201cf#der\u201d o ex-juiz, e atual senador, S\u00e9rgio Moro (Uni\u00e3o Brasil). Ap\u00f3s a entrevista, dada ao Brasil247, na \u00faltima ter\u00e7a (21), uma publica\u00e7\u00e3o\" \/>\n\t<meta name=\"robots\" content=\"max-image-preview:large\" \/>\n\t<meta name=\"author\" content=\"administrador\"\/>\n\t<link rel=\"canonical\" href=\"https:\/\/newsinfoco.com.br\/inicio\/deputados-vao-pedir-impeachment-de-lula-apos-fala-sobre-sergio-moro\/\" \/>\n\t<meta name=\"generator\" content=\"All in One SEO (AIOSEO) 4.9.10\" \/>\n\t\t<meta property=\"og:locale\" content=\"pt_BR\" \/>\n\t\t<meta property=\"og:site_name\" content=\"News In Foco - Editado por Caio Pimenta - O principal site de noticias de Alagoinhas e regi\u00e3o\" \/>\n\t\t<meta property=\"og:type\" content=\"article\" \/>\n\t\t<meta property=\"og:title\" content=\"Deputados v\u00e3o pedir impeachment de Lula ap\u00f3s fala sobre S\u00e9rgio Moro - News In Foco - Editado por Caio Pimenta\" \/>\n\t\t<meta property=\"og:description\" content=\"Os deputados filiados a partidos como PL, Uni\u00e3o Brasil e Podemos n\u00e3o receberam bem a fala do presidente Lula (PT) de que, na \u00e9poca em que esteve preso pela Opera\u00e7\u00e3o Lava Jato queria \u201cf#der\u201d o ex-juiz, e atual senador, S\u00e9rgio Moro (Uni\u00e3o Brasil). Ap\u00f3s a entrevista, dada ao Brasil247, na \u00faltima ter\u00e7a (21), uma publica\u00e7\u00e3o\" \/>\n\t\t<meta property=\"og:url\" content=\"https:\/\/newsinfoco.com.br\/inicio\/deputados-vao-pedir-impeachment-de-lula-apos-fala-sobre-sergio-moro\/\" \/>\n\t\t<meta property=\"article:published_time\" content=\"2023-03-22T16:10:32+00:00\" \/>\n\t\t<meta property=\"article:modified_time\" content=\"2023-03-22T16:10:32+00:00\" \/>\n\t\t<meta name=\"twitter:card\" content=\"summary_large_image\" \/>\n\t\t<meta name=\"twitter:title\" content=\"Deputados v\u00e3o pedir impeachment de Lula ap\u00f3s fala sobre S\u00e9rgio Moro - News In Foco - Editado por Caio Pimenta\" \/>\n\t\t<meta name=\"twitter:description\" content=\"Os deputados filiados a partidos como PL, Uni\u00e3o Brasil e Podemos n\u00e3o receberam bem a fala do presidente Lula (PT) de que, na \u00e9poca em que esteve preso pela Opera\u00e7\u00e3o Lava Jato queria \u201cf#der\u201d o ex-juiz, e atual senador, S\u00e9rgio Moro (Uni\u00e3o Brasil). Ap\u00f3s a entrevista, dada ao Brasil247, na \u00faltima ter\u00e7a (21), uma publica\u00e7\u00e3o\" \/>\n\t\t<script type=\"application\/ld+json\" class=\"aioseo-schema\">\n\t\t\t{\"@context\":\"https:\\\/\\\/schema.org\",\"@graph\":[{\"@type\":\"BlogPosting\",\"@id\":\"https:\\\/\\\/newsinfoco.com.br\\\/inicio\\\/deputados-vao-pedir-impeachment-de-lula-apos-fala-sobre-sergio-moro\\\/#blogposting\",\"name\":\"Deputados v\\u00e3o pedir impeachment de Lula ap\\u00f3s fala sobre S\\u00e9rgio Moro - News In Foco - Editado por Caio Pimenta\",\"headline\":\"Deputados v\\u00e3o pedir impeachment de Lula ap\\u00f3s fala sobre S\\u00e9rgio Moro\",\"author\":{\"@id\":\"https:\\\/\\\/newsinfoco.com.br\\\/inicio\\\/author\\\/administrador\\\/#author\"},\"publisher\":{\"@id\":\"https:\\\/\\\/newsinfoco.com.br\\\/inicio\\\/#organization\"},\"image\":{\"@type\":\"ImageObject\",\"url\":\"https:\\\/\\\/newsinfoco.com.br\\\/inicio\\\/wp-content\\\/uploads\\\/2023\\\/03\\\/Design-sem-nome-6.jpg\",\"width\":650,\"height\":420},\"datePublished\":\"2023-03-22T13:10:32-03:00\",\"dateModified\":\"2023-03-22T13:10:32-03:00\",\"inLanguage\":\"pt-BR\",\"mainEntityOfPage\":{\"@id\":\"https:\\\/\\\/newsinfoco.com.br\\\/inicio\\\/deputados-vao-pedir-impeachment-de-lula-apos-fala-sobre-sergio-moro\\\/#webpage\"},\"isPartOf\":{\"@id\":\"https:\\\/\\\/newsinfoco.com.br\\\/inicio\\\/deputados-vao-pedir-impeachment-de-lula-apos-fala-sobre-sergio-moro\\\/#webpage\"},\"articleSection\":\"Pol\\u00edtica\"},{\"@type\":\"BreadcrumbList\",\"@id\":\"https:\\\/\\\/newsinfoco.com.br\\\/inicio\\\/deputados-vao-pedir-impeachment-de-lula-apos-fala-sobre-sergio-moro\\\/#breadcrumblist\",\"itemListElement\":[{\"@type\":\"ListItem\",\"@id\":\"https:\\\/\\\/newsinfoco.com.br\\\/inicio#listItem\",\"position\":1,\"name\":\"In\\u00edcio\",\"item\":\"https:\\\/\\\/newsinfoco.com.br\\\/inicio\",\"nextItem\":{\"@type\":\"ListItem\",\"@id\":\"https:\\\/\\\/newsinfoco.com.br\\\/inicio\\\/category\\\/politica\\\/#listItem\",\"name\":\"Pol\\u00edtica\"}},{\"@type\":\"ListItem\",\"@id\":\"https:\\\/\\\/newsinfoco.com.br\\\/inicio\\\/category\\\/politica\\\/#listItem\",\"position\":2,\"name\":\"Pol\\u00edtica\",\"item\":\"https:\\\/\\\/newsinfoco.com.br\\\/inicio\\\/category\\\/politica\\\/\",\"nextItem\":{\"@type\":\"ListItem\",\"@id\":\"https:\\\/\\\/newsinfoco.com.br\\\/inicio\\\/deputados-vao-pedir-impeachment-de-lula-apos-fala-sobre-sergio-moro\\\/#listItem\",\"name\":\"Deputados v\\u00e3o pedir impeachment de Lula ap\\u00f3s fala sobre S\\u00e9rgio Moro\"},\"previousItem\":{\"@type\":\"ListItem\",\"@id\":\"https:\\\/\\\/newsinfoco.com.br\\\/inicio#listItem\",\"name\":\"In\\u00edcio\"}},{\"@type\":\"ListItem\",\"@id\":\"https:\\\/\\\/newsinfoco.com.br\\\/inicio\\\/deputados-vao-pedir-impeachment-de-lula-apos-fala-sobre-sergio-moro\\\/#listItem\",\"position\":3,\"name\":\"Deputados v\\u00e3o pedir impeachment de Lula ap\\u00f3s fala sobre S\\u00e9rgio Moro\",\"previousItem\":{\"@type\":\"ListItem\",\"@id\":\"https:\\\/\\\/newsinfoco.com.br\\\/inicio\\\/category\\\/politica\\\/#listItem\",\"name\":\"Pol\\u00edtica\"}}]},{\"@type\":\"Organization\",\"@id\":\"https:\\\/\\\/newsinfoco.com.br\\\/inicio\\\/#organization\",\"name\":\"News In Foco - Editado por Caio Pimenta\",\"description\":\"O principal site de noticias de Alagoinhas e regi\\u00e3o\",\"url\":\"https:\\\/\\\/newsinfoco.com.br\\\/inicio\\\/\"},{\"@type\":\"Person\",\"@id\":\"https:\\\/\\\/newsinfoco.com.br\\\/inicio\\\/author\\\/administrador\\\/#author\",\"url\":\"https:\\\/\\\/newsinfoco.com.br\\\/inicio\\\/author\\\/administrador\\\/\",\"name\":\"administrador\",\"image\":{\"@type\":\"ImageObject\",\"@id\":\"https:\\\/\\\/newsinfoco.com.br\\\/inicio\\\/deputados-vao-pedir-impeachment-de-lula-apos-fala-sobre-sergio-moro\\\/#authorImage\",\"url\":\"https:\\\/\\\/secure.gravatar.com\\\/avatar\\\/c17a617433de8c1dc9584bb79aab7563b46f5bb7e1728c9b17d9cc3ce6a08e49?s=96&d=mm&r=g\",\"width\":96,\"height\":96,\"caption\":\"administrador\"}},{\"@type\":\"WebPage\",\"@id\":\"https:\\\/\\\/newsinfoco.com.br\\\/inicio\\\/deputados-vao-pedir-impeachment-de-lula-apos-fala-sobre-sergio-moro\\\/#webpage\",\"url\":\"https:\\\/\\\/newsinfoco.com.br\\\/inicio\\\/deputados-vao-pedir-impeachment-de-lula-apos-fala-sobre-sergio-moro\\\/\",\"name\":\"Deputados v\\u00e3o pedir impeachment de Lula ap\\u00f3s fala sobre S\\u00e9rgio Moro - News In Foco - Editado por Caio Pimenta\",\"description\":\"Os deputados filiados a partidos como PL, Uni\\u00e3o Brasil e Podemos n\\u00e3o receberam bem a fala do presidente Lula (PT) de que, na \\u00e9poca em que esteve preso pela Opera\\u00e7\\u00e3o Lava Jato queria \\u201cf#der\\u201d o ex-juiz, e atual senador, S\\u00e9rgio Moro (Uni\\u00e3o Brasil). Ap\\u00f3s a entrevista, dada ao Brasil247, na \\u00faltima ter\\u00e7a (21), uma publica\\u00e7\\u00e3o\",\"inLanguage\":\"pt-BR\",\"isPartOf\":{\"@id\":\"https:\\\/\\\/newsinfoco.com.br\\\/inicio\\\/#website\"},\"breadcrumb\":{\"@id\":\"https:\\\/\\\/newsinfoco.com.br\\\/inicio\\\/deputados-vao-pedir-impeachment-de-lula-apos-fala-sobre-sergio-moro\\\/#breadcrumblist\"},\"author\":{\"@id\":\"https:\\\/\\\/newsinfoco.com.br\\\/inicio\\\/author\\\/administrador\\\/#author\"},\"creator\":{\"@id\":\"https:\\\/\\\/newsinfoco.com.br\\\/inicio\\\/author\\\/administrador\\\/#author\"},\"image\":{\"@type\":\"ImageObject\",\"url\":\"https:\\\/\\\/newsinfoco.com.br\\\/inicio\\\/wp-content\\\/uploads\\\/2023\\\/03\\\/Design-sem-nome-6.jpg\",\"@id\":\"https:\\\/\\\/newsinfoco.com.br\\\/inicio\\\/deputados-vao-pedir-impeachment-de-lula-apos-fala-sobre-sergio-moro\\\/#mainImage\",\"width\":650,\"height\":420},\"primaryImageOfPage\":{\"@id\":\"https:\\\/\\\/newsinfoco.com.br\\\/inicio\\\/deputados-vao-pedir-impeachment-de-lula-apos-fala-sobre-sergio-moro\\\/#mainImage\"},\"datePublished\":\"2023-03-22T13:10:32-03:00\",\"dateModified\":\"2023-03-22T13:10:32-03:00\"},{\"@type\":\"WebSite\",\"@id\":\"https:\\\/\\\/newsinfoco.com.br\\\/inicio\\\/#website\",\"url\":\"https:\\\/\\\/newsinfoco.com.br\\\/inicio\\\/\",\"name\":\"News In Foco - Editado por Caio Pimenta\",\"description\":\"O principal site de noticias de Alagoinhas e regi\\u00e3o\",\"inLanguage\":\"pt-BR\",\"publisher\":{\"@id\":\"https:\\\/\\\/newsinfoco.com.br\\\/inicio\\\/#organization\"}}]}\n\t\t<\/script>\n\t\t<!-- All in One SEO -->\n\n","aioseo_head_json":{"title":"Deputados v\u00e3o pedir impeachment de Lula ap\u00f3s fala sobre S\u00e9rgio Moro - News In Foco - Editado por Caio Pimenta","description":"Os deputados filiados a partidos como PL, Uni\u00e3o Brasil e Podemos n\u00e3o receberam bem a fala do presidente Lula (PT) de que, na \u00e9poca em que esteve preso pela Opera\u00e7\u00e3o Lava Jato queria \u201cf#der\u201d o ex-juiz, e atual senador, S\u00e9rgio Moro (Uni\u00e3o Brasil). Ap\u00f3s a entrevista, dada ao Brasil247, na \u00faltima ter\u00e7a (21), uma publica\u00e7\u00e3o","canonical_url":"https:\/\/newsinfoco.com.br\/inicio\/deputados-vao-pedir-impeachment-de-lula-apos-fala-sobre-sergio-moro\/","robots":"max-image-preview:large","keywords":"","webmasterTools":{"miscellaneous":""},"schema":{"@context":"https:\/\/schema.org","@graph":[{"@type":"BlogPosting","@id":"https:\/\/newsinfoco.com.br\/inicio\/deputados-vao-pedir-impeachment-de-lula-apos-fala-sobre-sergio-moro\/#blogposting","name":"Deputados v\u00e3o pedir impeachment de Lula ap\u00f3s fala sobre S\u00e9rgio Moro - News In Foco - Editado por Caio Pimenta","headline":"Deputados v\u00e3o pedir impeachment de Lula ap\u00f3s fala sobre S\u00e9rgio Moro","author":{"@id":"https:\/\/newsinfoco.com.br\/inicio\/author\/administrador\/#author"},"publisher":{"@id":"https:\/\/newsinfoco.com.br\/inicio\/#organization"},"image":{"@type":"ImageObject","url":"https:\/\/newsinfoco.com.br\/inicio\/wp-content\/uploads\/2023\/03\/Design-sem-nome-6.jpg","width":650,"height":420},"datePublished":"2023-03-22T13:10:32-03:00","dateModified":"2023-03-22T13:10:32-03:00","inLanguage":"pt-BR","mainEntityOfPage":{"@id":"https:\/\/newsinfoco.com.br\/inicio\/deputados-vao-pedir-impeachment-de-lula-apos-fala-sobre-sergio-moro\/#webpage"},"isPartOf":{"@id":"https:\/\/newsinfoco.com.br\/inicio\/deputados-vao-pedir-impeachment-de-lula-apos-fala-sobre-sergio-moro\/#webpage"},"articleSection":"Pol\u00edtica"},{"@type":"BreadcrumbList","@id":"https:\/\/newsinfoco.com.br\/inicio\/deputados-vao-pedir-impeachment-de-lula-apos-fala-sobre-sergio-moro\/#breadcrumblist","itemListElement":[{"@type":"ListItem","@id":"https:\/\/newsinfoco.com.br\/inicio#listItem","position":1,"name":"In\u00edcio","item":"https:\/\/newsinfoco.com.br\/inicio","nextItem":{"@type":"ListItem","@id":"https:\/\/newsinfoco.com.br\/inicio\/category\/politica\/#listItem","name":"Pol\u00edtica"}},{"@type":"ListItem","@id":"https:\/\/newsinfoco.com.br\/inicio\/category\/politica\/#listItem","position":2,"name":"Pol\u00edtica","item":"https:\/\/newsinfoco.com.br\/inicio\/category\/politica\/","nextItem":{"@type":"ListItem","@id":"https:\/\/newsinfoco.com.br\/inicio\/deputados-vao-pedir-impeachment-de-lula-apos-fala-sobre-sergio-moro\/#listItem","name":"Deputados v\u00e3o pedir impeachment de Lula ap\u00f3s fala sobre S\u00e9rgio Moro"},"previousItem":{"@type":"ListItem","@id":"https:\/\/newsinfoco.com.br\/inicio#listItem","name":"In\u00edcio"}},{"@type":"ListItem","@id":"https:\/\/newsinfoco.com.br\/inicio\/deputados-vao-pedir-impeachment-de-lula-apos-fala-sobre-sergio-moro\/#listItem","position":3,"name":"Deputados v\u00e3o pedir impeachment de Lula ap\u00f3s fala sobre S\u00e9rgio Moro","previousItem":{"@type":"ListItem","@id":"https:\/\/newsinfoco.com.br\/inicio\/category\/politica\/#listItem","name":"Pol\u00edtica"}}]},{"@type":"Organization","@id":"https:\/\/newsinfoco.com.br\/inicio\/#organization","name":"News In Foco - Editado por Caio Pimenta","description":"O principal site de noticias de Alagoinhas e regi\u00e3o","url":"https:\/\/newsinfoco.com.br\/inicio\/"},{"@type":"Person","@id":"https:\/\/newsinfoco.com.br\/inicio\/author\/administrador\/#author","url":"https:\/\/newsinfoco.com.br\/inicio\/author\/administrador\/","name":"administrador","image":{"@type":"ImageObject","@id":"https:\/\/newsinfoco.com.br\/inicio\/deputados-vao-pedir-impeachment-de-lula-apos-fala-sobre-sergio-moro\/#authorImage","url":"https:\/\/secure.gravatar.com\/avatar\/c17a617433de8c1dc9584bb79aab7563b46f5bb7e1728c9b17d9cc3ce6a08e49?s=96&d=mm&r=g","width":96,"height":96,"caption":"administrador"}},{"@type":"WebPage","@id":"https:\/\/newsinfoco.com.br\/inicio\/deputados-vao-pedir-impeachment-de-lula-apos-fala-sobre-sergio-moro\/#webpage","url":"https:\/\/newsinfoco.com.br\/inicio\/deputados-vao-pedir-impeachment-de-lula-apos-fala-sobre-sergio-moro\/","name":"Deputados v\u00e3o pedir impeachment de Lula ap\u00f3s fala sobre S\u00e9rgio Moro - News In Foco - Editado por Caio Pimenta","description":"Os deputados filiados a partidos como PL, Uni\u00e3o Brasil e Podemos n\u00e3o receberam bem a fala do presidente Lula (PT) de que, na \u00e9poca em que esteve preso pela Opera\u00e7\u00e3o Lava Jato queria \u201cf#der\u201d o ex-juiz, e atual senador, S\u00e9rgio Moro (Uni\u00e3o Brasil). Ap\u00f3s a entrevista, dada ao Brasil247, na \u00faltima ter\u00e7a (21), uma publica\u00e7\u00e3o","inLanguage":"pt-BR","isPartOf":{"@id":"https:\/\/newsinfoco.com.br\/inicio\/#website"},"breadcrumb":{"@id":"https:\/\/newsinfoco.com.br\/inicio\/deputados-vao-pedir-impeachment-de-lula-apos-fala-sobre-sergio-moro\/#breadcrumblist"},"author":{"@id":"https:\/\/newsinfoco.com.br\/inicio\/author\/administrador\/#author"},"creator":{"@id":"https:\/\/newsinfoco.com.br\/inicio\/author\/administrador\/#author"},"image":{"@type":"ImageObject","url":"https:\/\/newsinfoco.com.br\/inicio\/wp-content\/uploads\/2023\/03\/Design-sem-nome-6.jpg","@id":"https:\/\/newsinfoco.com.br\/inicio\/deputados-vao-pedir-impeachment-de-lula-apos-fala-sobre-sergio-moro\/#mainImage","width":650,"height":420},"primaryImageOfPage":{"@id":"https:\/\/newsinfoco.com.br\/inicio\/deputados-vao-pedir-impeachment-de-lula-apos-fala-sobre-sergio-moro\/#mainImage"},"datePublished":"2023-03-22T13:10:32-03:00","dateModified":"2023-03-22T13:10:32-03:00"},{"@type":"WebSite","@id":"https:\/\/newsinfoco.com.br\/inicio\/#website","url":"https:\/\/newsinfoco.com.br\/inicio\/","name":"News In Foco - Editado por Caio Pimenta","description":"O principal site de noticias de Alagoinhas e regi\u00e3o","inLanguage":"pt-BR","publisher":{"@id":"https:\/\/newsinfoco.com.br\/inicio\/#organization"}}]},"og:locale":"pt_BR","og:site_name":"News In Foco - Editado por Caio Pimenta - O principal site de noticias de Alagoinhas e regi\u00e3o","og:type":"article","og:title":"Deputados v\u00e3o pedir impeachment de Lula ap\u00f3s fala sobre S\u00e9rgio Moro - News In Foco - Editado por Caio Pimenta","og:description":"Os deputados filiados a partidos como PL, Uni\u00e3o Brasil e Podemos n\u00e3o receberam bem a fala do presidente Lula (PT) de que, na \u00e9poca em que esteve preso pela Opera\u00e7\u00e3o Lava Jato queria \u201cf#der\u201d o ex-juiz, e atual senador, S\u00e9rgio Moro (Uni\u00e3o Brasil). Ap\u00f3s a entrevista, dada ao Brasil247, na \u00faltima ter\u00e7a (21), uma publica\u00e7\u00e3o","og:url":"https:\/\/newsinfoco.com.br\/inicio\/deputados-vao-pedir-impeachment-de-lula-apos-fala-sobre-sergio-moro\/","article:published_time":"2023-03-22T16:10:32+00:00","article:modified_time":"2023-03-22T16:10:32+00:00","twitter:card":"summary_large_image","twitter:title":"Deputados v\u00e3o pedir impeachment de Lula ap\u00f3s fala sobre S\u00e9rgio Moro - News In Foco - Editado por Caio Pimenta","twitter:description":"Os deputados filiados a partidos como PL, Uni\u00e3o Brasil e Podemos n\u00e3o receberam bem a fala do presidente Lula (PT) de que, na \u00e9poca em que esteve preso pela Opera\u00e7\u00e3o Lava Jato queria \u201cf#der\u201d o ex-juiz, e atual senador, S\u00e9rgio Moro (Uni\u00e3o Brasil). Ap\u00f3s a entrevista, dada ao Brasil247, na \u00faltima ter\u00e7a (21), uma publica\u00e7\u00e3o"},"aioseo_meta_data":{"post_id":"33427","title":null,"description":null,"keywords":null,"keyphrases":null,"primary_term":null,"canonical_url":null,"og_title":null,"og_description":null,"og_object_type":"default","og_image_type":"default","og_image_url":null,"og_image_width":null,"og_image_height":null,"og_image_custom_url":null,"og_image_custom_fields":null,"og_video":null,"og_custom_url":null,"og_article_section":null,"og_article_tags":null,"twitter_use_og":false,"twitter_card":"default","twitter_image_type":"default","twitter_image_url":null,"twitter_image_custom_url":null,"twitter_image_custom_fields":null,"twitter_title":null,"twitter_description":null,"schema":{"blockGraphs":[],"customGraphs":[],"default":{"data":{"Article":[],"Course":[],"Dataset":[],"FAQPage":[],"Movie":[],"Person":[],"Product":[],"ProductReview":[],"Car":[],"Recipe":[],"Service":[],"SoftwareApplication":[],"WebPage":[]},"graphName":"","isEnabled":true},"graphs":[]},"schema_type":"default","schema_type_options":null,"pillar_content":false,"robots_default":true,"robots_noindex":false,"robots_noarchive":false,"robots_nosnippet":false,"robots_nofollow":false,"robots_noimageindex":false,"robots_noodp":false,"robots_notranslate":false,"robots_max_snippet":null,"robots_max_videopreview":null,"robots_max_imagepreview":"large","priority":null,"frequency":null,"local_seo":null,"breadcrumb_settings":null,"limit_modified_date":false,"ai":null,"created":"2023-06-12 23:08:00","updated":"2025-07-11 09:25:11","seo_analyzer_scan_date":null},"aioseo_breadcrumb":"<div class=\"aioseo-breadcrumbs\"><span class=\"aioseo-breadcrumb\">\n\t\t\t<a href=\"https:\/\/newsinfoco.com.br\/inicio\" title=\"In\u00edcio\">In\u00edcio<\/a>\n\t\t<\/span><span class=\"aioseo-breadcrumb-separator\">&raquo;<\/span><span class=\"aioseo-breadcrumb\">\n\t\t\t<a href=\"https:\/\/newsinfoco.com.br\/inicio\/category\/politica\/\" title=\"Pol\u00edtica\">Pol\u00edtica<\/a>\n\t\t<\/span><span class=\"aioseo-breadcrumb-separator\">&raquo;<\/span><span class=\"aioseo-breadcrumb\">\n\t\t\tDeputados v\u00e3o pedir impeachment de Lula ap\u00f3s fala sobre S\u00e9rgio Moro\n\t\t<\/span><\/div>","aioseo_breadcrumb_json":[{"label":"In\u00edcio","link":"https:\/\/newsinfoco.com.br\/inicio"},{"label":"Pol\u00edtica","link":"https:\/\/newsinfoco.com.br\/inicio\/category\/politica\/"},{"label":"Deputados v\u00e3o pedir impeachment de Lula ap\u00f3s fala sobre S\u00e9rgio Moro","link":"https:\/\/newsinfoco.com.br\/inicio\/deputados-vao-pedir-impeachment-de-lula-apos-fala-sobre-sergio-moro\/"}],"_links":{"self":[{"href":"https:\/\/newsinfoco.com.br\/inicio\/wp-json\/wp\/v2\/posts\/33427","targetHints":{"allow":["GET"]}}],"collection":[{"href":"https:\/\/newsinfoco.com.br\/inicio\/wp-json\/wp\/v2\/posts"}],"about":[{"href":"https:\/\/newsinfoco.com.br\/inicio\/wp-json\/wp\/v2\/types\/post"}],"author":[{"embeddable":true,"href":"https:\/\/newsinfoco.com.br\/inicio\/wp-json\/wp\/v2\/users\/1"}],"replies":[{"embeddable":true,"href":"https:\/\/newsinfoco.com.br\/inicio\/wp-json\/wp\/v2\/comments?post=33427"}],"version-history":[{"count":1,"href":"https:\/\/newsinfoco.com.br\/inicio\/wp-json\/wp\/v2\/posts\/33427\/revisions"}],"predecessor-version":[{"id":33429,"href":"https:\/\/newsinfoco.com.br\/inicio\/wp-json\/wp\/v2\/posts\/33427\/revisions\/33429"}],"wp:featuredmedia":[{"embeddable":true,"href":"https:\/\/newsinfoco.com.br\/inicio\/wp-json\/wp\/v2\/media\/33428"}],"wp:attachment":[{"href":"https:\/\/newsinfoco.com.br\/inicio\/wp-json\/wp\/v2\/media?parent=33427"}],"wp:term":[{"taxonomy":"category","embeddable":true,"href":"https:\/\/newsinfoco.com.br\/inicio\/wp-json\/wp\/v2\/categories?post=33427"},{"taxonomy":"post_tag","embeddable":true,"href":"https:\/\/newsinfoco.com.br\/inicio\/wp-json\/wp\/v2\/tags?post=33427"}],"curies":[{"name":"wp","href":"https:\/\/api.w.org\/{rel}","templated":true}]}}