{"id":33433,"date":"2023-03-22T19:46:20","date_gmt":"2023-03-22T22:46:20","guid":{"rendered":"https:\/\/newsinfoco.com.br\/inicio\/?p=33433"},"modified":"2023-03-22T19:48:36","modified_gmt":"2023-03-22T22:48:36","slug":"estadao-planalto-teme-repercussao-de-fala-de-lula-sobre-moro-apos-pf-desarticular-plano-de-atentado-do-pcc-contra-o-ex-juiz","status":"publish","type":"post","link":"https:\/\/newsinfoco.com.br\/inicio\/estadao-planalto-teme-repercussao-de-fala-de-lula-sobre-moro-apos-pf-desarticular-plano-de-atentado-do-pcc-contra-o-ex-juiz\/","title":{"rendered":"Estad\u00e3o: Planalto teme repercuss\u00e3o de fala de Lula sobre Moro ap\u00f3s PF desarticular plano de atentado do PCC contra o ex-juiz"},"content":{"rendered":"<p data-t=\"{&quot;n&quot;:&quot;blueLinks&quot;}\">O Pal\u00e1cio do Planalto montou opera\u00e7\u00e3o para tentar conter a repercuss\u00e3o negativa da fala do presidente Luiz In\u00e1cio Lula da Silva (PT) que, no per\u00edodo em que esteve preso em Curitiba, admitiu que dizia a procuradores e delegados que s\u00f3 iria \u201cficar bem quando foder com o Moro\u201d. A declara\u00e7\u00e3o de Lula foi dada um dia antes de a Pol\u00edcia Federal divulgar que o senador Sergio Moro (Uni\u00e3o-PR) poderia ser alvo de um atentado organizado por integrantes do Primeiro Comando da Capital (PCC).<\/p>\n<p data-t=\"{&quot;n&quot;:&quot;blueLinks&quot;}\">Com Lula fora de Bras\u00edlia para participar de eventos de entregas de obras, o ministro da Secretaria de Comunica\u00e7\u00e3o Social (Secom), Paulo Pimenta (PT), convocou \u00e0s pressas uma coletiva de imprensa para declarar que as tentativas de associar o presidente \u00e0s a\u00e7\u00f5es de grupos criminosos s\u00e3o \u201cperversas\u201d e \u201cfora de prop\u00f3sito\u201d. Pimenta chamou os jornalistas para apresentar a vers\u00e3o do governo com apenas 15 minutos de anteced\u00eancia e foi acompanhado de ao menos cinco assessores. A rea\u00e7\u00e3o veio ap\u00f3s o governo detectar que bolsonaristas estavam explorando o epis\u00f3dio nas redes.<\/p>\n<p class=\"continue-read-break\" data-t=\"{&quot;n&quot;:&quot;blueLinks&quot;}\">Antes de Pimenta vir a p\u00fablico, o ministro da Justi\u00e7a, Fl\u00e1vio Dino tamb\u00e9m fez quest\u00e3o de desvincular a fala de Lula da opera\u00e7\u00e3o da PF contra a organiza\u00e7\u00e3o criminosa de S\u00e3o Paulo.<\/p>\n<p data-t=\"{&quot;n&quot;:&quot;blueLinks&quot;}\">\u201cTentar, como algumas pessoas est\u00e3o tentando, estabelecer um v\u00ednculo entre essa declara\u00e7\u00e3o e a opera\u00e7\u00e3o conduzida pela PF \u00e9 algo absolutamente fora de prop\u00f3sito e serve evidentemente para a disputa pol\u00edtica\u201d, afirmou Pimenta. \u201cQuerer fazer esse v\u00ednculo \u00e9 uma estrat\u00e9gia perversa e mais uma forma de estabelecer uma rela\u00e7\u00e3o de questionamento das institui\u00e7\u00f5es, que enfraquece a democracia e que deve ser repudiada\u201d, argumentou o ministro.<\/p>\n<p class=\"\" tabindex=\"-1\" data-t=\"{&quot;n&quot;:&quot;blueLinks&quot;}\" aria-expanded=\"true\">Moro est\u00e1 entre os pol\u00edticos que reagiram \u00e0 fala de Lula, assim como t\u00eam feito os parlamentares que apoiam o ex-presidente Jair Bolsonaro (PL). Em entrevista \u00e0 CNN na \u00faltima ter\u00e7a-feira, 21, o senador disse temer risco a seus familiares ap\u00f3s a fala de Lula. \u201cRepudio veementemente, acho que o presidente feriu a liturgia do cargo por utilizar esse palavreado de baixo cal\u00e3o e simplesmente a gente tem que questionar quando isso \u00e9 utilizado como forma de desviar o foco dos fracassos do governo federal\u201d, afirmou.<\/p>\n<p class=\"\" tabindex=\"-1\" data-t=\"{&quot;n&quot;:&quot;blueLinks&quot;}\" aria-expanded=\"true\">O ministro da Secom tentou minimizar as declara\u00e7\u00f5es de Lula, alegando ser apenas uma manifesta\u00e7\u00e3o de quem esteve preso e se sentiu injusti\u00e7ado. \u201cA manifesta\u00e7\u00e3o do presidente Lula foi uma manifesta\u00e7\u00e3o em que ele relatou o sentimento de injusti\u00e7a e indigna\u00e7\u00e3o. Absolutamente natural e compreens\u00edvel que algu\u00e9m que ficou 580 dias detido numa solit\u00e1ria e que depois teve todos os seus processos anulados\u201d, argumentou. \u201cPortanto, a manifesta\u00e7\u00e3o do presidente Lula tem que ser compreendida dentro do contexto em que ele relata o momento que ele estava vivendo\u201d, prosseguiu.<\/p>\n<p class=\"\" tabindex=\"-1\" data-t=\"{&quot;n&quot;:&quot;blueLinks&quot;}\" aria-expanded=\"true\">O presidente foi condenado por Moro quando ele ainda era juiz federal na 13\u00aa Vara de Curitiba, ent\u00e3o respons\u00e1vel pelos processo da opera\u00e7\u00e3o Lava Jato. As decis\u00f5es do ex-juiz, no entanto, acabaram anuladas pelo Supremo Tribunal Federal (STF), que o considerou parcial ao julgar Lula e declarou a Justi\u00e7a do Paran\u00e1 incompetente.<\/p>\n<p tabindex=\"-1\" data-t=\"{&quot;n&quot;:&quot;blueLinks&quot;}\" aria-expanded=\"true\">Estad\u00e3o Conteudo<\/p>\n<div class='share-to-whatsapp-wrapper'><div class='share-on-whsp'>Share on: <\/div><a data-text='Estad\u00e3o: Planalto teme repercuss\u00e3o de fala de Lula sobre Moro ap\u00f3s PF desarticular plano de atentado do PCC contra o ex-juiz' data-link='https:\/\/newsinfoco.com.br\/inicio\/estadao-planalto-teme-repercussao-de-fala-de-lula-sobre-moro-apos-pf-desarticular-plano-de-atentado-do-pcc-contra-o-ex-juiz\/' class='whatsapp-button whatsapp-share'>WhatsApp<\/a><div class='clear '><\/div><\/div>","protected":false},"excerpt":{"rendered":"<p>O Pal\u00e1cio do Planalto montou opera\u00e7\u00e3o para tentar conter a repercuss\u00e3o negativa da fala do presidente Luiz In\u00e1cio Lula da Silva (PT) que, no per\u00edodo em que esteve preso em Curitiba, admitiu que dizia a procuradores e delegados que s\u00f3 iria \u201cficar bem quando foder com o Moro\u201d. A declara\u00e7\u00e3o de Lula foi dada um [&hellip;]<\/p>\n","protected":false},"author":1,"featured_media":11039,"comment_status":"closed","ping_status":"closed","sticky":false,"template":"","format":"standard","meta":{"om_disable_all_campaigns":false,"rop_custom_images_group":[],"rop_custom_messages_group":[],"rop_publish_now":"initial","rop_publish_now_accounts":[],"rop_publish_now_history":[],"rop_publish_now_status":"pending","_exactmetrics_skip_tracking":false,"footnotes":""},"categories":[21],"tags":[],"class_list":["post-33433","post","type-post","status-publish","format-standard","has-post-thumbnail","hentry","category-brasil"],"aioseo_notices":[],"aioseo_head":"\n\t\t<!-- All in One SEO 4.9.10 - aioseo.com -->\n\t<meta name=\"description\" content=\"O Pal\u00e1cio do Planalto montou opera\u00e7\u00e3o para tentar conter a repercuss\u00e3o negativa da fala do presidente Luiz In\u00e1cio Lula da Silva (PT) que, no per\u00edodo em que esteve preso em Curitiba, admitiu que dizia a procuradores e delegados que s\u00f3 iria \u201cficar bem quando foder com o Moro\u201d. A declara\u00e7\u00e3o de Lula foi dada um\" \/>\n\t<meta name=\"robots\" content=\"max-image-preview:large\" \/>\n\t<meta name=\"author\" content=\"administrador\"\/>\n\t<link rel=\"canonical\" href=\"https:\/\/newsinfoco.com.br\/inicio\/estadao-planalto-teme-repercussao-de-fala-de-lula-sobre-moro-apos-pf-desarticular-plano-de-atentado-do-pcc-contra-o-ex-juiz\/\" \/>\n\t<meta name=\"generator\" content=\"All in One SEO (AIOSEO) 4.9.10\" \/>\n\t\t<meta property=\"og:locale\" content=\"pt_BR\" \/>\n\t\t<meta property=\"og:site_name\" content=\"News In Foco - Editado por Caio Pimenta - O principal site de noticias de Alagoinhas e regi\u00e3o\" \/>\n\t\t<meta property=\"og:type\" content=\"article\" \/>\n\t\t<meta property=\"og:title\" content=\"Estad\u00e3o: Planalto teme repercuss\u00e3o de fala de Lula sobre Moro ap\u00f3s PF desarticular plano de atentado do PCC contra o ex-juiz - News In Foco - Editado por Caio Pimenta\" \/>\n\t\t<meta property=\"og:description\" content=\"O Pal\u00e1cio do Planalto montou opera\u00e7\u00e3o para tentar conter a repercuss\u00e3o negativa da fala do presidente Luiz In\u00e1cio Lula da Silva (PT) que, no per\u00edodo em que esteve preso em Curitiba, admitiu que dizia a procuradores e delegados que s\u00f3 iria \u201cficar bem quando foder com o Moro\u201d. A declara\u00e7\u00e3o de Lula foi dada um\" \/>\n\t\t<meta property=\"og:url\" content=\"https:\/\/newsinfoco.com.br\/inicio\/estadao-planalto-teme-repercussao-de-fala-de-lula-sobre-moro-apos-pf-desarticular-plano-de-atentado-do-pcc-contra-o-ex-juiz\/\" \/>\n\t\t<meta property=\"article:published_time\" content=\"2023-03-22T22:46:20+00:00\" \/>\n\t\t<meta property=\"article:modified_time\" content=\"2023-03-22T22:48:36+00:00\" \/>\n\t\t<meta name=\"twitter:card\" content=\"summary_large_image\" \/>\n\t\t<meta name=\"twitter:title\" content=\"Estad\u00e3o: Planalto teme repercuss\u00e3o de fala de Lula sobre Moro ap\u00f3s PF desarticular plano de atentado do PCC contra o ex-juiz - News In Foco - Editado por Caio Pimenta\" \/>\n\t\t<meta name=\"twitter:description\" content=\"O Pal\u00e1cio do Planalto montou opera\u00e7\u00e3o para tentar conter a repercuss\u00e3o negativa da fala do presidente Luiz In\u00e1cio Lula da Silva (PT) que, no per\u00edodo em que esteve preso em Curitiba, admitiu que dizia a procuradores e delegados que s\u00f3 iria \u201cficar bem quando foder com o Moro\u201d. A declara\u00e7\u00e3o de Lula foi dada um\" \/>\n\t\t<script type=\"application\/ld+json\" class=\"aioseo-schema\">\n\t\t\t{\"@context\":\"https:\\\/\\\/schema.org\",\"@graph\":[{\"@type\":\"BlogPosting\",\"@id\":\"https:\\\/\\\/newsinfoco.com.br\\\/inicio\\\/estadao-planalto-teme-repercussao-de-fala-de-lula-sobre-moro-apos-pf-desarticular-plano-de-atentado-do-pcc-contra-o-ex-juiz\\\/#blogposting\",\"name\":\"Estad\\u00e3o: Planalto teme repercuss\\u00e3o de fala de Lula sobre Moro ap\\u00f3s PF desarticular plano de atentado do PCC contra o ex-juiz - News In Foco - Editado por Caio Pimenta\",\"headline\":\"Estad\\u00e3o: Planalto teme repercuss\\u00e3o de fala de Lula sobre Moro ap\\u00f3s PF desarticular plano de atentado do PCC contra o ex-juiz\",\"author\":{\"@id\":\"https:\\\/\\\/newsinfoco.com.br\\\/inicio\\\/author\\\/administrador\\\/#author\"},\"publisher\":{\"@id\":\"https:\\\/\\\/newsinfoco.com.br\\\/inicio\\\/#organization\"},\"image\":{\"@type\":\"ImageObject\",\"url\":\"https:\\\/\\\/newsinfoco.com.br\\\/inicio\\\/wp-content\\\/uploads\\\/2018\\\/11\\\/lula-moro.jpg\",\"width\":590,\"height\":320},\"datePublished\":\"2023-03-22T19:46:20-03:00\",\"dateModified\":\"2023-03-22T19:48:36-03:00\",\"inLanguage\":\"pt-BR\",\"mainEntityOfPage\":{\"@id\":\"https:\\\/\\\/newsinfoco.com.br\\\/inicio\\\/estadao-planalto-teme-repercussao-de-fala-de-lula-sobre-moro-apos-pf-desarticular-plano-de-atentado-do-pcc-contra-o-ex-juiz\\\/#webpage\"},\"isPartOf\":{\"@id\":\"https:\\\/\\\/newsinfoco.com.br\\\/inicio\\\/estadao-planalto-teme-repercussao-de-fala-de-lula-sobre-moro-apos-pf-desarticular-plano-de-atentado-do-pcc-contra-o-ex-juiz\\\/#webpage\"},\"articleSection\":\"Brasil\"},{\"@type\":\"BreadcrumbList\",\"@id\":\"https:\\\/\\\/newsinfoco.com.br\\\/inicio\\\/estadao-planalto-teme-repercussao-de-fala-de-lula-sobre-moro-apos-pf-desarticular-plano-de-atentado-do-pcc-contra-o-ex-juiz\\\/#breadcrumblist\",\"itemListElement\":[{\"@type\":\"ListItem\",\"@id\":\"https:\\\/\\\/newsinfoco.com.br\\\/inicio#listItem\",\"position\":1,\"name\":\"In\\u00edcio\",\"item\":\"https:\\\/\\\/newsinfoco.com.br\\\/inicio\",\"nextItem\":{\"@type\":\"ListItem\",\"@id\":\"https:\\\/\\\/newsinfoco.com.br\\\/inicio\\\/category\\\/brasil\\\/#listItem\",\"name\":\"Brasil\"}},{\"@type\":\"ListItem\",\"@id\":\"https:\\\/\\\/newsinfoco.com.br\\\/inicio\\\/category\\\/brasil\\\/#listItem\",\"position\":2,\"name\":\"Brasil\",\"item\":\"https:\\\/\\\/newsinfoco.com.br\\\/inicio\\\/category\\\/brasil\\\/\",\"nextItem\":{\"@type\":\"ListItem\",\"@id\":\"https:\\\/\\\/newsinfoco.com.br\\\/inicio\\\/estadao-planalto-teme-repercussao-de-fala-de-lula-sobre-moro-apos-pf-desarticular-plano-de-atentado-do-pcc-contra-o-ex-juiz\\\/#listItem\",\"name\":\"Estad\\u00e3o: Planalto teme repercuss\\u00e3o de fala de Lula sobre Moro ap\\u00f3s PF desarticular plano de atentado do PCC contra o ex-juiz\"},\"previousItem\":{\"@type\":\"ListItem\",\"@id\":\"https:\\\/\\\/newsinfoco.com.br\\\/inicio#listItem\",\"name\":\"In\\u00edcio\"}},{\"@type\":\"ListItem\",\"@id\":\"https:\\\/\\\/newsinfoco.com.br\\\/inicio\\\/estadao-planalto-teme-repercussao-de-fala-de-lula-sobre-moro-apos-pf-desarticular-plano-de-atentado-do-pcc-contra-o-ex-juiz\\\/#listItem\",\"position\":3,\"name\":\"Estad\\u00e3o: Planalto teme repercuss\\u00e3o de fala de Lula sobre Moro ap\\u00f3s PF desarticular plano de atentado do PCC contra o ex-juiz\",\"previousItem\":{\"@type\":\"ListItem\",\"@id\":\"https:\\\/\\\/newsinfoco.com.br\\\/inicio\\\/category\\\/brasil\\\/#listItem\",\"name\":\"Brasil\"}}]},{\"@type\":\"Organization\",\"@id\":\"https:\\\/\\\/newsinfoco.com.br\\\/inicio\\\/#organization\",\"name\":\"News In Foco - Editado por Caio Pimenta\",\"description\":\"O principal site de noticias de Alagoinhas e regi\\u00e3o\",\"url\":\"https:\\\/\\\/newsinfoco.com.br\\\/inicio\\\/\"},{\"@type\":\"Person\",\"@id\":\"https:\\\/\\\/newsinfoco.com.br\\\/inicio\\\/author\\\/administrador\\\/#author\",\"url\":\"https:\\\/\\\/newsinfoco.com.br\\\/inicio\\\/author\\\/administrador\\\/\",\"name\":\"administrador\",\"image\":{\"@type\":\"ImageObject\",\"@id\":\"https:\\\/\\\/newsinfoco.com.br\\\/inicio\\\/estadao-planalto-teme-repercussao-de-fala-de-lula-sobre-moro-apos-pf-desarticular-plano-de-atentado-do-pcc-contra-o-ex-juiz\\\/#authorImage\",\"url\":\"https:\\\/\\\/secure.gravatar.com\\\/avatar\\\/c17a617433de8c1dc9584bb79aab7563b46f5bb7e1728c9b17d9cc3ce6a08e49?s=96&d=mm&r=g\",\"width\":96,\"height\":96,\"caption\":\"administrador\"}},{\"@type\":\"WebPage\",\"@id\":\"https:\\\/\\\/newsinfoco.com.br\\\/inicio\\\/estadao-planalto-teme-repercussao-de-fala-de-lula-sobre-moro-apos-pf-desarticular-plano-de-atentado-do-pcc-contra-o-ex-juiz\\\/#webpage\",\"url\":\"https:\\\/\\\/newsinfoco.com.br\\\/inicio\\\/estadao-planalto-teme-repercussao-de-fala-de-lula-sobre-moro-apos-pf-desarticular-plano-de-atentado-do-pcc-contra-o-ex-juiz\\\/\",\"name\":\"Estad\\u00e3o: Planalto teme repercuss\\u00e3o de fala de Lula sobre Moro ap\\u00f3s PF desarticular plano de atentado do PCC contra o ex-juiz - News In Foco - Editado por Caio Pimenta\",\"description\":\"O Pal\\u00e1cio do Planalto montou opera\\u00e7\\u00e3o para tentar conter a repercuss\\u00e3o negativa da fala do presidente Luiz In\\u00e1cio Lula da Silva (PT) que, no per\\u00edodo em que esteve preso em Curitiba, admitiu que dizia a procuradores e delegados que s\\u00f3 iria \\u201cficar bem quando foder com o Moro\\u201d. A declara\\u00e7\\u00e3o de Lula foi dada um\",\"inLanguage\":\"pt-BR\",\"isPartOf\":{\"@id\":\"https:\\\/\\\/newsinfoco.com.br\\\/inicio\\\/#website\"},\"breadcrumb\":{\"@id\":\"https:\\\/\\\/newsinfoco.com.br\\\/inicio\\\/estadao-planalto-teme-repercussao-de-fala-de-lula-sobre-moro-apos-pf-desarticular-plano-de-atentado-do-pcc-contra-o-ex-juiz\\\/#breadcrumblist\"},\"author\":{\"@id\":\"https:\\\/\\\/newsinfoco.com.br\\\/inicio\\\/author\\\/administrador\\\/#author\"},\"creator\":{\"@id\":\"https:\\\/\\\/newsinfoco.com.br\\\/inicio\\\/author\\\/administrador\\\/#author\"},\"image\":{\"@type\":\"ImageObject\",\"url\":\"https:\\\/\\\/newsinfoco.com.br\\\/inicio\\\/wp-content\\\/uploads\\\/2018\\\/11\\\/lula-moro.jpg\",\"@id\":\"https:\\\/\\\/newsinfoco.com.br\\\/inicio\\\/estadao-planalto-teme-repercussao-de-fala-de-lula-sobre-moro-apos-pf-desarticular-plano-de-atentado-do-pcc-contra-o-ex-juiz\\\/#mainImage\",\"width\":590,\"height\":320},\"primaryImageOfPage\":{\"@id\":\"https:\\\/\\\/newsinfoco.com.br\\\/inicio\\\/estadao-planalto-teme-repercussao-de-fala-de-lula-sobre-moro-apos-pf-desarticular-plano-de-atentado-do-pcc-contra-o-ex-juiz\\\/#mainImage\"},\"datePublished\":\"2023-03-22T19:46:20-03:00\",\"dateModified\":\"2023-03-22T19:48:36-03:00\"},{\"@type\":\"WebSite\",\"@id\":\"https:\\\/\\\/newsinfoco.com.br\\\/inicio\\\/#website\",\"url\":\"https:\\\/\\\/newsinfoco.com.br\\\/inicio\\\/\",\"name\":\"News In Foco - Editado por Caio Pimenta\",\"description\":\"O principal site de noticias de Alagoinhas e regi\\u00e3o\",\"inLanguage\":\"pt-BR\",\"publisher\":{\"@id\":\"https:\\\/\\\/newsinfoco.com.br\\\/inicio\\\/#organization\"}}]}\n\t\t<\/script>\n\t\t<!-- All in One SEO -->\n\n","aioseo_head_json":{"title":"Estad\u00e3o: Planalto teme repercuss\u00e3o de fala de Lula sobre Moro ap\u00f3s PF desarticular plano de atentado do PCC contra o ex-juiz - News In Foco - Editado por Caio Pimenta","description":"O Pal\u00e1cio do Planalto montou opera\u00e7\u00e3o para tentar conter a repercuss\u00e3o negativa da fala do presidente Luiz In\u00e1cio Lula da Silva (PT) que, no per\u00edodo em que esteve preso em Curitiba, admitiu que dizia a procuradores e delegados que s\u00f3 iria \u201cficar bem quando foder com o Moro\u201d. A declara\u00e7\u00e3o de Lula foi dada um","canonical_url":"https:\/\/newsinfoco.com.br\/inicio\/estadao-planalto-teme-repercussao-de-fala-de-lula-sobre-moro-apos-pf-desarticular-plano-de-atentado-do-pcc-contra-o-ex-juiz\/","robots":"max-image-preview:large","keywords":"","webmasterTools":{"miscellaneous":""},"schema":{"@context":"https:\/\/schema.org","@graph":[{"@type":"BlogPosting","@id":"https:\/\/newsinfoco.com.br\/inicio\/estadao-planalto-teme-repercussao-de-fala-de-lula-sobre-moro-apos-pf-desarticular-plano-de-atentado-do-pcc-contra-o-ex-juiz\/#blogposting","name":"Estad\u00e3o: Planalto teme repercuss\u00e3o de fala de Lula sobre Moro ap\u00f3s PF desarticular plano de atentado do PCC contra o ex-juiz - News In Foco - Editado por Caio Pimenta","headline":"Estad\u00e3o: Planalto teme repercuss\u00e3o de fala de Lula sobre Moro ap\u00f3s PF desarticular plano de atentado do PCC contra o ex-juiz","author":{"@id":"https:\/\/newsinfoco.com.br\/inicio\/author\/administrador\/#author"},"publisher":{"@id":"https:\/\/newsinfoco.com.br\/inicio\/#organization"},"image":{"@type":"ImageObject","url":"https:\/\/newsinfoco.com.br\/inicio\/wp-content\/uploads\/2018\/11\/lula-moro.jpg","width":590,"height":320},"datePublished":"2023-03-22T19:46:20-03:00","dateModified":"2023-03-22T19:48:36-03:00","inLanguage":"pt-BR","mainEntityOfPage":{"@id":"https:\/\/newsinfoco.com.br\/inicio\/estadao-planalto-teme-repercussao-de-fala-de-lula-sobre-moro-apos-pf-desarticular-plano-de-atentado-do-pcc-contra-o-ex-juiz\/#webpage"},"isPartOf":{"@id":"https:\/\/newsinfoco.com.br\/inicio\/estadao-planalto-teme-repercussao-de-fala-de-lula-sobre-moro-apos-pf-desarticular-plano-de-atentado-do-pcc-contra-o-ex-juiz\/#webpage"},"articleSection":"Brasil"},{"@type":"BreadcrumbList","@id":"https:\/\/newsinfoco.com.br\/inicio\/estadao-planalto-teme-repercussao-de-fala-de-lula-sobre-moro-apos-pf-desarticular-plano-de-atentado-do-pcc-contra-o-ex-juiz\/#breadcrumblist","itemListElement":[{"@type":"ListItem","@id":"https:\/\/newsinfoco.com.br\/inicio#listItem","position":1,"name":"In\u00edcio","item":"https:\/\/newsinfoco.com.br\/inicio","nextItem":{"@type":"ListItem","@id":"https:\/\/newsinfoco.com.br\/inicio\/category\/brasil\/#listItem","name":"Brasil"}},{"@type":"ListItem","@id":"https:\/\/newsinfoco.com.br\/inicio\/category\/brasil\/#listItem","position":2,"name":"Brasil","item":"https:\/\/newsinfoco.com.br\/inicio\/category\/brasil\/","nextItem":{"@type":"ListItem","@id":"https:\/\/newsinfoco.com.br\/inicio\/estadao-planalto-teme-repercussao-de-fala-de-lula-sobre-moro-apos-pf-desarticular-plano-de-atentado-do-pcc-contra-o-ex-juiz\/#listItem","name":"Estad\u00e3o: Planalto teme repercuss\u00e3o de fala de Lula sobre Moro ap\u00f3s PF desarticular plano de atentado do PCC contra o ex-juiz"},"previousItem":{"@type":"ListItem","@id":"https:\/\/newsinfoco.com.br\/inicio#listItem","name":"In\u00edcio"}},{"@type":"ListItem","@id":"https:\/\/newsinfoco.com.br\/inicio\/estadao-planalto-teme-repercussao-de-fala-de-lula-sobre-moro-apos-pf-desarticular-plano-de-atentado-do-pcc-contra-o-ex-juiz\/#listItem","position":3,"name":"Estad\u00e3o: Planalto teme repercuss\u00e3o de fala de Lula sobre Moro ap\u00f3s PF desarticular plano de atentado do PCC contra o ex-juiz","previousItem":{"@type":"ListItem","@id":"https:\/\/newsinfoco.com.br\/inicio\/category\/brasil\/#listItem","name":"Brasil"}}]},{"@type":"Organization","@id":"https:\/\/newsinfoco.com.br\/inicio\/#organization","name":"News In Foco - Editado por Caio Pimenta","description":"O principal site de noticias de Alagoinhas e regi\u00e3o","url":"https:\/\/newsinfoco.com.br\/inicio\/"},{"@type":"Person","@id":"https:\/\/newsinfoco.com.br\/inicio\/author\/administrador\/#author","url":"https:\/\/newsinfoco.com.br\/inicio\/author\/administrador\/","name":"administrador","image":{"@type":"ImageObject","@id":"https:\/\/newsinfoco.com.br\/inicio\/estadao-planalto-teme-repercussao-de-fala-de-lula-sobre-moro-apos-pf-desarticular-plano-de-atentado-do-pcc-contra-o-ex-juiz\/#authorImage","url":"https:\/\/secure.gravatar.com\/avatar\/c17a617433de8c1dc9584bb79aab7563b46f5bb7e1728c9b17d9cc3ce6a08e49?s=96&d=mm&r=g","width":96,"height":96,"caption":"administrador"}},{"@type":"WebPage","@id":"https:\/\/newsinfoco.com.br\/inicio\/estadao-planalto-teme-repercussao-de-fala-de-lula-sobre-moro-apos-pf-desarticular-plano-de-atentado-do-pcc-contra-o-ex-juiz\/#webpage","url":"https:\/\/newsinfoco.com.br\/inicio\/estadao-planalto-teme-repercussao-de-fala-de-lula-sobre-moro-apos-pf-desarticular-plano-de-atentado-do-pcc-contra-o-ex-juiz\/","name":"Estad\u00e3o: Planalto teme repercuss\u00e3o de fala de Lula sobre Moro ap\u00f3s PF desarticular plano de atentado do PCC contra o ex-juiz - News In Foco - Editado por Caio Pimenta","description":"O Pal\u00e1cio do Planalto montou opera\u00e7\u00e3o para tentar conter a repercuss\u00e3o negativa da fala do presidente Luiz In\u00e1cio Lula da Silva (PT) que, no per\u00edodo em que esteve preso em Curitiba, admitiu que dizia a procuradores e delegados que s\u00f3 iria \u201cficar bem quando foder com o Moro\u201d. A declara\u00e7\u00e3o de Lula foi dada um","inLanguage":"pt-BR","isPartOf":{"@id":"https:\/\/newsinfoco.com.br\/inicio\/#website"},"breadcrumb":{"@id":"https:\/\/newsinfoco.com.br\/inicio\/estadao-planalto-teme-repercussao-de-fala-de-lula-sobre-moro-apos-pf-desarticular-plano-de-atentado-do-pcc-contra-o-ex-juiz\/#breadcrumblist"},"author":{"@id":"https:\/\/newsinfoco.com.br\/inicio\/author\/administrador\/#author"},"creator":{"@id":"https:\/\/newsinfoco.com.br\/inicio\/author\/administrador\/#author"},"image":{"@type":"ImageObject","url":"https:\/\/newsinfoco.com.br\/inicio\/wp-content\/uploads\/2018\/11\/lula-moro.jpg","@id":"https:\/\/newsinfoco.com.br\/inicio\/estadao-planalto-teme-repercussao-de-fala-de-lula-sobre-moro-apos-pf-desarticular-plano-de-atentado-do-pcc-contra-o-ex-juiz\/#mainImage","width":590,"height":320},"primaryImageOfPage":{"@id":"https:\/\/newsinfoco.com.br\/inicio\/estadao-planalto-teme-repercussao-de-fala-de-lula-sobre-moro-apos-pf-desarticular-plano-de-atentado-do-pcc-contra-o-ex-juiz\/#mainImage"},"datePublished":"2023-03-22T19:46:20-03:00","dateModified":"2023-03-22T19:48:36-03:00"},{"@type":"WebSite","@id":"https:\/\/newsinfoco.com.br\/inicio\/#website","url":"https:\/\/newsinfoco.com.br\/inicio\/","name":"News In Foco - Editado por Caio Pimenta","description":"O principal site de noticias de Alagoinhas e regi\u00e3o","inLanguage":"pt-BR","publisher":{"@id":"https:\/\/newsinfoco.com.br\/inicio\/#organization"}}]},"og:locale":"pt_BR","og:site_name":"News In Foco - Editado por Caio Pimenta - O principal site de noticias de Alagoinhas e regi\u00e3o","og:type":"article","og:title":"Estad\u00e3o: Planalto teme repercuss\u00e3o de fala de Lula sobre Moro ap\u00f3s PF desarticular plano de atentado do PCC contra o ex-juiz - News In Foco - Editado por Caio Pimenta","og:description":"O Pal\u00e1cio do Planalto montou opera\u00e7\u00e3o para tentar conter a repercuss\u00e3o negativa da fala do presidente Luiz In\u00e1cio Lula da Silva (PT) que, no per\u00edodo em que esteve preso em Curitiba, admitiu que dizia a procuradores e delegados que s\u00f3 iria \u201cficar bem quando foder com o Moro\u201d. A declara\u00e7\u00e3o de Lula foi dada um","og:url":"https:\/\/newsinfoco.com.br\/inicio\/estadao-planalto-teme-repercussao-de-fala-de-lula-sobre-moro-apos-pf-desarticular-plano-de-atentado-do-pcc-contra-o-ex-juiz\/","article:published_time":"2023-03-22T22:46:20+00:00","article:modified_time":"2023-03-22T22:48:36+00:00","twitter:card":"summary_large_image","twitter:title":"Estad\u00e3o: Planalto teme repercuss\u00e3o de fala de Lula sobre Moro ap\u00f3s PF desarticular plano de atentado do PCC contra o ex-juiz - News In Foco - Editado por Caio Pimenta","twitter:description":"O Pal\u00e1cio do Planalto montou opera\u00e7\u00e3o para tentar conter a repercuss\u00e3o negativa da fala do presidente Luiz In\u00e1cio Lula da Silva (PT) que, no per\u00edodo em que esteve preso em Curitiba, admitiu que dizia a procuradores e delegados que s\u00f3 iria \u201cficar bem quando foder com o Moro\u201d. A declara\u00e7\u00e3o de Lula foi dada um"},"aioseo_meta_data":{"post_id":"33433","title":null,"description":null,"keywords":null,"keyphrases":null,"primary_term":null,"canonical_url":null,"og_title":null,"og_description":null,"og_object_type":"default","og_image_type":"default","og_image_url":null,"og_image_width":null,"og_image_height":null,"og_image_custom_url":null,"og_image_custom_fields":null,"og_video":null,"og_custom_url":null,"og_article_section":null,"og_article_tags":null,"twitter_use_og":false,"twitter_card":"default","twitter_image_type":"default","twitter_image_url":null,"twitter_image_custom_url":null,"twitter_image_custom_fields":null,"twitter_title":null,"twitter_description":null,"schema":{"blockGraphs":[],"customGraphs":[],"default":{"data":{"Article":[],"Course":[],"Dataset":[],"FAQPage":[],"Movie":[],"Person":[],"Product":[],"ProductReview":[],"Car":[],"Recipe":[],"Service":[],"SoftwareApplication":[],"WebPage":[]},"graphName":"","isEnabled":true},"graphs":[]},"schema_type":"default","schema_type_options":null,"pillar_content":false,"robots_default":true,"robots_noindex":false,"robots_noarchive":false,"robots_nosnippet":false,"robots_nofollow":false,"robots_noimageindex":false,"robots_noodp":false,"robots_notranslate":false,"robots_max_snippet":null,"robots_max_videopreview":null,"robots_max_imagepreview":"large","priority":null,"frequency":null,"local_seo":null,"breadcrumb_settings":null,"limit_modified_date":false,"ai":null,"created":"2023-06-12 23:08:00","updated":"2025-07-11 09:25:11","seo_analyzer_scan_date":null},"aioseo_breadcrumb":"<div class=\"aioseo-breadcrumbs\"><span class=\"aioseo-breadcrumb\">\n\t\t\t<a href=\"https:\/\/newsinfoco.com.br\/inicio\" title=\"In\u00edcio\">In\u00edcio<\/a>\n\t\t<\/span><span class=\"aioseo-breadcrumb-separator\">&raquo;<\/span><span class=\"aioseo-breadcrumb\">\n\t\t\t<a href=\"https:\/\/newsinfoco.com.br\/inicio\/category\/brasil\/\" title=\"Brasil\">Brasil<\/a>\n\t\t<\/span><span class=\"aioseo-breadcrumb-separator\">&raquo;<\/span><span class=\"aioseo-breadcrumb\">\n\t\t\tEstad\u00e3o: Planalto teme repercuss\u00e3o de fala de Lula sobre Moro ap\u00f3s PF desarticular plano de atentado do PCC contra o ex-juiz\n\t\t<\/span><\/div>","aioseo_breadcrumb_json":[{"label":"In\u00edcio","link":"https:\/\/newsinfoco.com.br\/inicio"},{"label":"Brasil","link":"https:\/\/newsinfoco.com.br\/inicio\/category\/brasil\/"},{"label":"Estad\u00e3o: Planalto teme repercuss\u00e3o de fala de Lula sobre Moro ap\u00f3s PF desarticular plano de atentado do PCC contra o ex-juiz","link":"https:\/\/newsinfoco.com.br\/inicio\/estadao-planalto-teme-repercussao-de-fala-de-lula-sobre-moro-apos-pf-desarticular-plano-de-atentado-do-pcc-contra-o-ex-juiz\/"}],"_links":{"self":[{"href":"https:\/\/newsinfoco.com.br\/inicio\/wp-json\/wp\/v2\/posts\/33433","targetHints":{"allow":["GET"]}}],"collection":[{"href":"https:\/\/newsinfoco.com.br\/inicio\/wp-json\/wp\/v2\/posts"}],"about":[{"href":"https:\/\/newsinfoco.com.br\/inicio\/wp-json\/wp\/v2\/types\/post"}],"author":[{"embeddable":true,"href":"https:\/\/newsinfoco.com.br\/inicio\/wp-json\/wp\/v2\/users\/1"}],"replies":[{"embeddable":true,"href":"https:\/\/newsinfoco.com.br\/inicio\/wp-json\/wp\/v2\/comments?post=33433"}],"version-history":[{"count":2,"href":"https:\/\/newsinfoco.com.br\/inicio\/wp-json\/wp\/v2\/posts\/33433\/revisions"}],"predecessor-version":[{"id":33435,"href":"https:\/\/newsinfoco.com.br\/inicio\/wp-json\/wp\/v2\/posts\/33433\/revisions\/33435"}],"wp:featuredmedia":[{"embeddable":true,"href":"https:\/\/newsinfoco.com.br\/inicio\/wp-json\/wp\/v2\/media\/11039"}],"wp:attachment":[{"href":"https:\/\/newsinfoco.com.br\/inicio\/wp-json\/wp\/v2\/media?parent=33433"}],"wp:term":[{"taxonomy":"category","embeddable":true,"href":"https:\/\/newsinfoco.com.br\/inicio\/wp-json\/wp\/v2\/categories?post=33433"},{"taxonomy":"post_tag","embeddable":true,"href":"https:\/\/newsinfoco.com.br\/inicio\/wp-json\/wp\/v2\/tags?post=33433"}],"curies":[{"name":"wp","href":"https:\/\/api.w.org\/{rel}","templated":true}]}}