{"id":33441,"date":"2023-03-23T13:33:19","date_gmt":"2023-03-23T16:33:19","guid":{"rendered":"https:\/\/newsinfoco.com.br\/inicio\/?p=33441"},"modified":"2023-03-23T13:33:19","modified_gmt":"2023-03-23T16:33:19","slug":"tcm-aprova-contas-da-prefeitura-de-alagoinhas-relativas-a-2021","status":"publish","type":"post","link":"https:\/\/newsinfoco.com.br\/inicio\/tcm-aprova-contas-da-prefeitura-de-alagoinhas-relativas-a-2021\/","title":{"rendered":"TCM aprova contas da prefeitura de Alagoinhas relativas a 2021"},"content":{"rendered":"<p>Na sess\u00e3o desta quinta-feira (23\/03), os conselheiros do Tribunal de Contas dos Munic\u00edpios da Bahia emitiram parecer pr\u00e9vio recomendando a aprova\u00e7\u00e3o com ressalvas das contas referentes ao exerc\u00edcio de 2021 da prefeitura de Alagoinhas, comandada pelo prefeito Joaquim Neto(PSD). Os pareceres englobam tanto as contas de governo como as de gest\u00e3o.<\/p>\n<p>Pelas redes sociais, o prefeito Joaquim Neto comemorou a aprova\u00e7\u00e3o das contas pelo TCM. &#8220;Acabei de receber a noticia de que o TCM julgou e aprovou, pelo 5\u00ba ano consecutivo, as contas da nossa Gest\u00e3o! Essa \u00e9 a prova do compromisso e transpar\u00eancia que temos com o povo alagoinhense&#8221;, escreveu o gestor.<\/p>\n<p>&nbsp;<\/p>\n<p>Por Caio Pimenta para o News Infoco<\/p>\n<div class='share-to-whatsapp-wrapper'><div class='share-on-whsp'>Share on: <\/div><a data-text='TCM aprova contas da prefeitura de Alagoinhas relativas a 2021' data-link='https:\/\/newsinfoco.com.br\/inicio\/tcm-aprova-contas-da-prefeitura-de-alagoinhas-relativas-a-2021\/' class='whatsapp-button whatsapp-share'>WhatsApp<\/a><div class='clear '><\/div><\/div>","protected":false},"excerpt":{"rendered":"<p>Na sess\u00e3o desta quinta-feira (23\/03), os conselheiros do Tribunal de Contas dos Munic\u00edpios da Bahia emitiram parecer pr\u00e9vio recomendando a aprova\u00e7\u00e3o com ressalvas das contas referentes ao exerc\u00edcio de 2021 da prefeitura de Alagoinhas, comandada pelo prefeito Joaquim Neto(PSD). Os pareceres englobam tanto as contas de governo como as de gest\u00e3o. Pelas redes sociais, o [&hellip;]<\/p>\n","protected":false},"author":1,"featured_media":294,"comment_status":"closed","ping_status":"closed","sticky":false,"template":"","format":"standard","meta":{"om_disable_all_campaigns":false,"rop_custom_images_group":[],"rop_custom_messages_group":[],"rop_publish_now":"initial","rop_publish_now_accounts":[],"rop_publish_now_history":[],"rop_publish_now_status":"pending","_exactmetrics_skip_tracking":false,"footnotes":""},"categories":[38,167],"tags":[],"class_list":["post-33441","post","type-post","status-publish","format-standard","has-post-thumbnail","hentry","category-alagoinhas-e-regiao","category-exclusivas"],"aioseo_notices":[],"aioseo_head":"\n\t\t<!-- All in One SEO 4.9.10 - aioseo.com -->\n\t<meta name=\"description\" content=\"Na sess\u00e3o desta quinta-feira (23\/03), os conselheiros do Tribunal de Contas dos Munic\u00edpios da Bahia emitiram parecer pr\u00e9vio recomendando a aprova\u00e7\u00e3o com ressalvas das contas referentes ao exerc\u00edcio de 2021 da prefeitura de Alagoinhas, comandada pelo prefeito Joaquim Neto(PSD). Os pareceres englobam tanto as contas de governo como as de gest\u00e3o. Pelas redes sociais, o\" \/>\n\t<meta name=\"robots\" content=\"max-image-preview:large\" \/>\n\t<meta name=\"author\" content=\"administrador\"\/>\n\t<link rel=\"canonical\" href=\"https:\/\/newsinfoco.com.br\/inicio\/tcm-aprova-contas-da-prefeitura-de-alagoinhas-relativas-a-2021\/\" \/>\n\t<meta name=\"generator\" content=\"All in One SEO (AIOSEO) 4.9.10\" \/>\n\t\t<meta property=\"og:locale\" content=\"pt_BR\" \/>\n\t\t<meta property=\"og:site_name\" content=\"News In Foco - Editado por Caio Pimenta - O principal site de noticias de Alagoinhas e regi\u00e3o\" \/>\n\t\t<meta property=\"og:type\" content=\"article\" \/>\n\t\t<meta property=\"og:title\" content=\"TCM aprova contas da prefeitura de Alagoinhas relativas a 2021 - News In Foco - Editado por Caio Pimenta\" \/>\n\t\t<meta property=\"og:description\" content=\"Na sess\u00e3o desta quinta-feira (23\/03), os conselheiros do Tribunal de Contas dos Munic\u00edpios da Bahia emitiram parecer pr\u00e9vio recomendando a aprova\u00e7\u00e3o com ressalvas das contas referentes ao exerc\u00edcio de 2021 da prefeitura de Alagoinhas, comandada pelo prefeito Joaquim Neto(PSD). Os pareceres englobam tanto as contas de governo como as de gest\u00e3o. Pelas redes sociais, o\" \/>\n\t\t<meta property=\"og:url\" content=\"https:\/\/newsinfoco.com.br\/inicio\/tcm-aprova-contas-da-prefeitura-de-alagoinhas-relativas-a-2021\/\" \/>\n\t\t<meta property=\"article:published_time\" content=\"2023-03-23T16:33:19+00:00\" \/>\n\t\t<meta property=\"article:modified_time\" content=\"2023-03-23T16:33:19+00:00\" \/>\n\t\t<meta name=\"twitter:card\" content=\"summary_large_image\" \/>\n\t\t<meta name=\"twitter:title\" content=\"TCM aprova contas da prefeitura de Alagoinhas relativas a 2021 - News In Foco - Editado por Caio Pimenta\" \/>\n\t\t<meta name=\"twitter:description\" content=\"Na sess\u00e3o desta quinta-feira (23\/03), os conselheiros do Tribunal de Contas dos Munic\u00edpios da Bahia emitiram parecer pr\u00e9vio recomendando a aprova\u00e7\u00e3o com ressalvas das contas referentes ao exerc\u00edcio de 2021 da prefeitura de Alagoinhas, comandada pelo prefeito Joaquim Neto(PSD). Os pareceres englobam tanto as contas de governo como as de gest\u00e3o. Pelas redes sociais, o\" \/>\n\t\t<script type=\"application\/ld+json\" class=\"aioseo-schema\">\n\t\t\t{\"@context\":\"https:\\\/\\\/schema.org\",\"@graph\":[{\"@type\":\"BlogPosting\",\"@id\":\"https:\\\/\\\/newsinfoco.com.br\\\/inicio\\\/tcm-aprova-contas-da-prefeitura-de-alagoinhas-relativas-a-2021\\\/#blogposting\",\"name\":\"TCM aprova contas da prefeitura de Alagoinhas relativas a 2021 - News In Foco - Editado por Caio Pimenta\",\"headline\":\"TCM aprova contas da prefeitura de Alagoinhas relativas a 2021\",\"author\":{\"@id\":\"https:\\\/\\\/newsinfoco.com.br\\\/inicio\\\/author\\\/administrador\\\/#author\"},\"publisher\":{\"@id\":\"https:\\\/\\\/newsinfoco.com.br\\\/inicio\\\/#organization\"},\"image\":{\"@type\":\"ImageObject\",\"url\":\"https:\\\/\\\/newsinfoco.com.br\\\/inicio\\\/wp-content\\\/uploads\\\/2018\\\/02\\\/Prefeitura-de-Alagoinhas-Divulga\\u00e7\\u00e3o-web-1132x670-1-1132x670-1.jpg\",\"width\":519,\"height\":346},\"datePublished\":\"2023-03-23T13:33:19-03:00\",\"dateModified\":\"2023-03-23T13:33:19-03:00\",\"inLanguage\":\"pt-BR\",\"mainEntityOfPage\":{\"@id\":\"https:\\\/\\\/newsinfoco.com.br\\\/inicio\\\/tcm-aprova-contas-da-prefeitura-de-alagoinhas-relativas-a-2021\\\/#webpage\"},\"isPartOf\":{\"@id\":\"https:\\\/\\\/newsinfoco.com.br\\\/inicio\\\/tcm-aprova-contas-da-prefeitura-de-alagoinhas-relativas-a-2021\\\/#webpage\"},\"articleSection\":\"Alagoinhas e Regi\\u00e3o, Manchete\"},{\"@type\":\"BreadcrumbList\",\"@id\":\"https:\\\/\\\/newsinfoco.com.br\\\/inicio\\\/tcm-aprova-contas-da-prefeitura-de-alagoinhas-relativas-a-2021\\\/#breadcrumblist\",\"itemListElement\":[{\"@type\":\"ListItem\",\"@id\":\"https:\\\/\\\/newsinfoco.com.br\\\/inicio#listItem\",\"position\":1,\"name\":\"In\\u00edcio\",\"item\":\"https:\\\/\\\/newsinfoco.com.br\\\/inicio\",\"nextItem\":{\"@type\":\"ListItem\",\"@id\":\"https:\\\/\\\/newsinfoco.com.br\\\/inicio\\\/category\\\/alagoinhas-e-regiao\\\/#listItem\",\"name\":\"Alagoinhas e Regi\\u00e3o\"}},{\"@type\":\"ListItem\",\"@id\":\"https:\\\/\\\/newsinfoco.com.br\\\/inicio\\\/category\\\/alagoinhas-e-regiao\\\/#listItem\",\"position\":2,\"name\":\"Alagoinhas e Regi\\u00e3o\",\"item\":\"https:\\\/\\\/newsinfoco.com.br\\\/inicio\\\/category\\\/alagoinhas-e-regiao\\\/\",\"nextItem\":{\"@type\":\"ListItem\",\"@id\":\"https:\\\/\\\/newsinfoco.com.br\\\/inicio\\\/tcm-aprova-contas-da-prefeitura-de-alagoinhas-relativas-a-2021\\\/#listItem\",\"name\":\"TCM aprova contas da prefeitura de Alagoinhas relativas a 2021\"},\"previousItem\":{\"@type\":\"ListItem\",\"@id\":\"https:\\\/\\\/newsinfoco.com.br\\\/inicio#listItem\",\"name\":\"In\\u00edcio\"}},{\"@type\":\"ListItem\",\"@id\":\"https:\\\/\\\/newsinfoco.com.br\\\/inicio\\\/tcm-aprova-contas-da-prefeitura-de-alagoinhas-relativas-a-2021\\\/#listItem\",\"position\":3,\"name\":\"TCM aprova contas da prefeitura de Alagoinhas relativas a 2021\",\"previousItem\":{\"@type\":\"ListItem\",\"@id\":\"https:\\\/\\\/newsinfoco.com.br\\\/inicio\\\/category\\\/alagoinhas-e-regiao\\\/#listItem\",\"name\":\"Alagoinhas e Regi\\u00e3o\"}}]},{\"@type\":\"Organization\",\"@id\":\"https:\\\/\\\/newsinfoco.com.br\\\/inicio\\\/#organization\",\"name\":\"News In Foco - Editado por Caio Pimenta\",\"description\":\"O principal site de noticias de Alagoinhas e regi\\u00e3o\",\"url\":\"https:\\\/\\\/newsinfoco.com.br\\\/inicio\\\/\"},{\"@type\":\"Person\",\"@id\":\"https:\\\/\\\/newsinfoco.com.br\\\/inicio\\\/author\\\/administrador\\\/#author\",\"url\":\"https:\\\/\\\/newsinfoco.com.br\\\/inicio\\\/author\\\/administrador\\\/\",\"name\":\"administrador\",\"image\":{\"@type\":\"ImageObject\",\"@id\":\"https:\\\/\\\/newsinfoco.com.br\\\/inicio\\\/tcm-aprova-contas-da-prefeitura-de-alagoinhas-relativas-a-2021\\\/#authorImage\",\"url\":\"https:\\\/\\\/secure.gravatar.com\\\/avatar\\\/c17a617433de8c1dc9584bb79aab7563b46f5bb7e1728c9b17d9cc3ce6a08e49?s=96&d=mm&r=g\",\"width\":96,\"height\":96,\"caption\":\"administrador\"}},{\"@type\":\"WebPage\",\"@id\":\"https:\\\/\\\/newsinfoco.com.br\\\/inicio\\\/tcm-aprova-contas-da-prefeitura-de-alagoinhas-relativas-a-2021\\\/#webpage\",\"url\":\"https:\\\/\\\/newsinfoco.com.br\\\/inicio\\\/tcm-aprova-contas-da-prefeitura-de-alagoinhas-relativas-a-2021\\\/\",\"name\":\"TCM aprova contas da prefeitura de Alagoinhas relativas a 2021 - News In Foco - Editado por Caio Pimenta\",\"description\":\"Na sess\\u00e3o desta quinta-feira (23\\\/03), os conselheiros do Tribunal de Contas dos Munic\\u00edpios da Bahia emitiram parecer pr\\u00e9vio recomendando a aprova\\u00e7\\u00e3o com ressalvas das contas referentes ao exerc\\u00edcio de 2021 da prefeitura de Alagoinhas, comandada pelo prefeito Joaquim Neto(PSD). Os pareceres englobam tanto as contas de governo como as de gest\\u00e3o. Pelas redes sociais, o\",\"inLanguage\":\"pt-BR\",\"isPartOf\":{\"@id\":\"https:\\\/\\\/newsinfoco.com.br\\\/inicio\\\/#website\"},\"breadcrumb\":{\"@id\":\"https:\\\/\\\/newsinfoco.com.br\\\/inicio\\\/tcm-aprova-contas-da-prefeitura-de-alagoinhas-relativas-a-2021\\\/#breadcrumblist\"},\"author\":{\"@id\":\"https:\\\/\\\/newsinfoco.com.br\\\/inicio\\\/author\\\/administrador\\\/#author\"},\"creator\":{\"@id\":\"https:\\\/\\\/newsinfoco.com.br\\\/inicio\\\/author\\\/administrador\\\/#author\"},\"image\":{\"@type\":\"ImageObject\",\"url\":\"https:\\\/\\\/newsinfoco.com.br\\\/inicio\\\/wp-content\\\/uploads\\\/2018\\\/02\\\/Prefeitura-de-Alagoinhas-Divulga\\u00e7\\u00e3o-web-1132x670-1-1132x670-1.jpg\",\"@id\":\"https:\\\/\\\/newsinfoco.com.br\\\/inicio\\\/tcm-aprova-contas-da-prefeitura-de-alagoinhas-relativas-a-2021\\\/#mainImage\",\"width\":519,\"height\":346},\"primaryImageOfPage\":{\"@id\":\"https:\\\/\\\/newsinfoco.com.br\\\/inicio\\\/tcm-aprova-contas-da-prefeitura-de-alagoinhas-relativas-a-2021\\\/#mainImage\"},\"datePublished\":\"2023-03-23T13:33:19-03:00\",\"dateModified\":\"2023-03-23T13:33:19-03:00\"},{\"@type\":\"WebSite\",\"@id\":\"https:\\\/\\\/newsinfoco.com.br\\\/inicio\\\/#website\",\"url\":\"https:\\\/\\\/newsinfoco.com.br\\\/inicio\\\/\",\"name\":\"News In Foco - Editado por Caio Pimenta\",\"description\":\"O principal site de noticias de Alagoinhas e regi\\u00e3o\",\"inLanguage\":\"pt-BR\",\"publisher\":{\"@id\":\"https:\\\/\\\/newsinfoco.com.br\\\/inicio\\\/#organization\"}}]}\n\t\t<\/script>\n\t\t<!-- All in One SEO -->\n\n","aioseo_head_json":{"title":"TCM aprova contas da prefeitura de Alagoinhas relativas a 2021 - News In Foco - Editado por Caio Pimenta","description":"Na sess\u00e3o desta quinta-feira (23\/03), os conselheiros do Tribunal de Contas dos Munic\u00edpios da Bahia emitiram parecer pr\u00e9vio recomendando a aprova\u00e7\u00e3o com ressalvas das contas referentes ao exerc\u00edcio de 2021 da prefeitura de Alagoinhas, comandada pelo prefeito Joaquim Neto(PSD). Os pareceres englobam tanto as contas de governo como as de gest\u00e3o. Pelas redes sociais, o","canonical_url":"https:\/\/newsinfoco.com.br\/inicio\/tcm-aprova-contas-da-prefeitura-de-alagoinhas-relativas-a-2021\/","robots":"max-image-preview:large","keywords":"","webmasterTools":{"miscellaneous":""},"schema":{"@context":"https:\/\/schema.org","@graph":[{"@type":"BlogPosting","@id":"https:\/\/newsinfoco.com.br\/inicio\/tcm-aprova-contas-da-prefeitura-de-alagoinhas-relativas-a-2021\/#blogposting","name":"TCM aprova contas da prefeitura de Alagoinhas relativas a 2021 - News In Foco - Editado por Caio Pimenta","headline":"TCM aprova contas da prefeitura de Alagoinhas relativas a 2021","author":{"@id":"https:\/\/newsinfoco.com.br\/inicio\/author\/administrador\/#author"},"publisher":{"@id":"https:\/\/newsinfoco.com.br\/inicio\/#organization"},"image":{"@type":"ImageObject","url":"https:\/\/newsinfoco.com.br\/inicio\/wp-content\/uploads\/2018\/02\/Prefeitura-de-Alagoinhas-Divulga\u00e7\u00e3o-web-1132x670-1-1132x670-1.jpg","width":519,"height":346},"datePublished":"2023-03-23T13:33:19-03:00","dateModified":"2023-03-23T13:33:19-03:00","inLanguage":"pt-BR","mainEntityOfPage":{"@id":"https:\/\/newsinfoco.com.br\/inicio\/tcm-aprova-contas-da-prefeitura-de-alagoinhas-relativas-a-2021\/#webpage"},"isPartOf":{"@id":"https:\/\/newsinfoco.com.br\/inicio\/tcm-aprova-contas-da-prefeitura-de-alagoinhas-relativas-a-2021\/#webpage"},"articleSection":"Alagoinhas e Regi\u00e3o, Manchete"},{"@type":"BreadcrumbList","@id":"https:\/\/newsinfoco.com.br\/inicio\/tcm-aprova-contas-da-prefeitura-de-alagoinhas-relativas-a-2021\/#breadcrumblist","itemListElement":[{"@type":"ListItem","@id":"https:\/\/newsinfoco.com.br\/inicio#listItem","position":1,"name":"In\u00edcio","item":"https:\/\/newsinfoco.com.br\/inicio","nextItem":{"@type":"ListItem","@id":"https:\/\/newsinfoco.com.br\/inicio\/category\/alagoinhas-e-regiao\/#listItem","name":"Alagoinhas e Regi\u00e3o"}},{"@type":"ListItem","@id":"https:\/\/newsinfoco.com.br\/inicio\/category\/alagoinhas-e-regiao\/#listItem","position":2,"name":"Alagoinhas e Regi\u00e3o","item":"https:\/\/newsinfoco.com.br\/inicio\/category\/alagoinhas-e-regiao\/","nextItem":{"@type":"ListItem","@id":"https:\/\/newsinfoco.com.br\/inicio\/tcm-aprova-contas-da-prefeitura-de-alagoinhas-relativas-a-2021\/#listItem","name":"TCM aprova contas da prefeitura de Alagoinhas relativas a 2021"},"previousItem":{"@type":"ListItem","@id":"https:\/\/newsinfoco.com.br\/inicio#listItem","name":"In\u00edcio"}},{"@type":"ListItem","@id":"https:\/\/newsinfoco.com.br\/inicio\/tcm-aprova-contas-da-prefeitura-de-alagoinhas-relativas-a-2021\/#listItem","position":3,"name":"TCM aprova contas da prefeitura de Alagoinhas relativas a 2021","previousItem":{"@type":"ListItem","@id":"https:\/\/newsinfoco.com.br\/inicio\/category\/alagoinhas-e-regiao\/#listItem","name":"Alagoinhas e Regi\u00e3o"}}]},{"@type":"Organization","@id":"https:\/\/newsinfoco.com.br\/inicio\/#organization","name":"News In Foco - Editado por Caio Pimenta","description":"O principal site de noticias de Alagoinhas e regi\u00e3o","url":"https:\/\/newsinfoco.com.br\/inicio\/"},{"@type":"Person","@id":"https:\/\/newsinfoco.com.br\/inicio\/author\/administrador\/#author","url":"https:\/\/newsinfoco.com.br\/inicio\/author\/administrador\/","name":"administrador","image":{"@type":"ImageObject","@id":"https:\/\/newsinfoco.com.br\/inicio\/tcm-aprova-contas-da-prefeitura-de-alagoinhas-relativas-a-2021\/#authorImage","url":"https:\/\/secure.gravatar.com\/avatar\/c17a617433de8c1dc9584bb79aab7563b46f5bb7e1728c9b17d9cc3ce6a08e49?s=96&d=mm&r=g","width":96,"height":96,"caption":"administrador"}},{"@type":"WebPage","@id":"https:\/\/newsinfoco.com.br\/inicio\/tcm-aprova-contas-da-prefeitura-de-alagoinhas-relativas-a-2021\/#webpage","url":"https:\/\/newsinfoco.com.br\/inicio\/tcm-aprova-contas-da-prefeitura-de-alagoinhas-relativas-a-2021\/","name":"TCM aprova contas da prefeitura de Alagoinhas relativas a 2021 - News In Foco - Editado por Caio Pimenta","description":"Na sess\u00e3o desta quinta-feira (23\/03), os conselheiros do Tribunal de Contas dos Munic\u00edpios da Bahia emitiram parecer pr\u00e9vio recomendando a aprova\u00e7\u00e3o com ressalvas das contas referentes ao exerc\u00edcio de 2021 da prefeitura de Alagoinhas, comandada pelo prefeito Joaquim Neto(PSD). Os pareceres englobam tanto as contas de governo como as de gest\u00e3o. Pelas redes sociais, o","inLanguage":"pt-BR","isPartOf":{"@id":"https:\/\/newsinfoco.com.br\/inicio\/#website"},"breadcrumb":{"@id":"https:\/\/newsinfoco.com.br\/inicio\/tcm-aprova-contas-da-prefeitura-de-alagoinhas-relativas-a-2021\/#breadcrumblist"},"author":{"@id":"https:\/\/newsinfoco.com.br\/inicio\/author\/administrador\/#author"},"creator":{"@id":"https:\/\/newsinfoco.com.br\/inicio\/author\/administrador\/#author"},"image":{"@type":"ImageObject","url":"https:\/\/newsinfoco.com.br\/inicio\/wp-content\/uploads\/2018\/02\/Prefeitura-de-Alagoinhas-Divulga\u00e7\u00e3o-web-1132x670-1-1132x670-1.jpg","@id":"https:\/\/newsinfoco.com.br\/inicio\/tcm-aprova-contas-da-prefeitura-de-alagoinhas-relativas-a-2021\/#mainImage","width":519,"height":346},"primaryImageOfPage":{"@id":"https:\/\/newsinfoco.com.br\/inicio\/tcm-aprova-contas-da-prefeitura-de-alagoinhas-relativas-a-2021\/#mainImage"},"datePublished":"2023-03-23T13:33:19-03:00","dateModified":"2023-03-23T13:33:19-03:00"},{"@type":"WebSite","@id":"https:\/\/newsinfoco.com.br\/inicio\/#website","url":"https:\/\/newsinfoco.com.br\/inicio\/","name":"News In Foco - Editado por Caio Pimenta","description":"O principal site de noticias de Alagoinhas e regi\u00e3o","inLanguage":"pt-BR","publisher":{"@id":"https:\/\/newsinfoco.com.br\/inicio\/#organization"}}]},"og:locale":"pt_BR","og:site_name":"News In Foco - Editado por Caio Pimenta - O principal site de noticias de Alagoinhas e regi\u00e3o","og:type":"article","og:title":"TCM aprova contas da prefeitura de Alagoinhas relativas a 2021 - News In Foco - Editado por Caio Pimenta","og:description":"Na sess\u00e3o desta quinta-feira (23\/03), os conselheiros do Tribunal de Contas dos Munic\u00edpios da Bahia emitiram parecer pr\u00e9vio recomendando a aprova\u00e7\u00e3o com ressalvas das contas referentes ao exerc\u00edcio de 2021 da prefeitura de Alagoinhas, comandada pelo prefeito Joaquim Neto(PSD). Os pareceres englobam tanto as contas de governo como as de gest\u00e3o. Pelas redes sociais, o","og:url":"https:\/\/newsinfoco.com.br\/inicio\/tcm-aprova-contas-da-prefeitura-de-alagoinhas-relativas-a-2021\/","article:published_time":"2023-03-23T16:33:19+00:00","article:modified_time":"2023-03-23T16:33:19+00:00","twitter:card":"summary_large_image","twitter:title":"TCM aprova contas da prefeitura de Alagoinhas relativas a 2021 - News In Foco - Editado por Caio Pimenta","twitter:description":"Na sess\u00e3o desta quinta-feira (23\/03), os conselheiros do Tribunal de Contas dos Munic\u00edpios da Bahia emitiram parecer pr\u00e9vio recomendando a aprova\u00e7\u00e3o com ressalvas das contas referentes ao exerc\u00edcio de 2021 da prefeitura de Alagoinhas, comandada pelo prefeito Joaquim Neto(PSD). Os pareceres englobam tanto as contas de governo como as de gest\u00e3o. Pelas redes sociais, o"},"aioseo_meta_data":{"post_id":"33441","title":null,"description":null,"keywords":null,"keyphrases":null,"primary_term":null,"canonical_url":null,"og_title":null,"og_description":null,"og_object_type":"default","og_image_type":"default","og_image_url":null,"og_image_width":null,"og_image_height":null,"og_image_custom_url":null,"og_image_custom_fields":null,"og_video":null,"og_custom_url":null,"og_article_section":null,"og_article_tags":null,"twitter_use_og":false,"twitter_card":"default","twitter_image_type":"default","twitter_image_url":null,"twitter_image_custom_url":null,"twitter_image_custom_fields":null,"twitter_title":null,"twitter_description":null,"schema":{"blockGraphs":[],"customGraphs":[],"default":{"data":{"Article":[],"Course":[],"Dataset":[],"FAQPage":[],"Movie":[],"Person":[],"Product":[],"ProductReview":[],"Car":[],"Recipe":[],"Service":[],"SoftwareApplication":[],"WebPage":[]},"graphName":"","isEnabled":true},"graphs":[]},"schema_type":"default","schema_type_options":null,"pillar_content":false,"robots_default":true,"robots_noindex":false,"robots_noarchive":false,"robots_nosnippet":false,"robots_nofollow":false,"robots_noimageindex":false,"robots_noodp":false,"robots_notranslate":false,"robots_max_snippet":null,"robots_max_videopreview":null,"robots_max_imagepreview":"large","priority":null,"frequency":null,"local_seo":null,"breadcrumb_settings":null,"limit_modified_date":false,"ai":null,"created":"2023-06-12 23:08:00","updated":"2025-07-11 09:25:11","seo_analyzer_scan_date":null},"aioseo_breadcrumb":"<div class=\"aioseo-breadcrumbs\"><span class=\"aioseo-breadcrumb\">\n\t\t\t<a href=\"https:\/\/newsinfoco.com.br\/inicio\" title=\"In\u00edcio\">In\u00edcio<\/a>\n\t\t<\/span><span class=\"aioseo-breadcrumb-separator\">&raquo;<\/span><span class=\"aioseo-breadcrumb\">\n\t\t\t<a href=\"https:\/\/newsinfoco.com.br\/inicio\/category\/alagoinhas-e-regiao\/\" title=\"Alagoinhas e Regi\u00e3o\">Alagoinhas e Regi\u00e3o<\/a>\n\t\t<\/span><span class=\"aioseo-breadcrumb-separator\">&raquo;<\/span><span class=\"aioseo-breadcrumb\">\n\t\t\tTCM aprova contas da prefeitura de Alagoinhas relativas a 2021\n\t\t<\/span><\/div>","aioseo_breadcrumb_json":[{"label":"In\u00edcio","link":"https:\/\/newsinfoco.com.br\/inicio"},{"label":"Alagoinhas e Regi\u00e3o","link":"https:\/\/newsinfoco.com.br\/inicio\/category\/alagoinhas-e-regiao\/"},{"label":"TCM aprova contas da prefeitura de Alagoinhas relativas a 2021","link":"https:\/\/newsinfoco.com.br\/inicio\/tcm-aprova-contas-da-prefeitura-de-alagoinhas-relativas-a-2021\/"}],"_links":{"self":[{"href":"https:\/\/newsinfoco.com.br\/inicio\/wp-json\/wp\/v2\/posts\/33441","targetHints":{"allow":["GET"]}}],"collection":[{"href":"https:\/\/newsinfoco.com.br\/inicio\/wp-json\/wp\/v2\/posts"}],"about":[{"href":"https:\/\/newsinfoco.com.br\/inicio\/wp-json\/wp\/v2\/types\/post"}],"author":[{"embeddable":true,"href":"https:\/\/newsinfoco.com.br\/inicio\/wp-json\/wp\/v2\/users\/1"}],"replies":[{"embeddable":true,"href":"https:\/\/newsinfoco.com.br\/inicio\/wp-json\/wp\/v2\/comments?post=33441"}],"version-history":[{"count":1,"href":"https:\/\/newsinfoco.com.br\/inicio\/wp-json\/wp\/v2\/posts\/33441\/revisions"}],"predecessor-version":[{"id":33442,"href":"https:\/\/newsinfoco.com.br\/inicio\/wp-json\/wp\/v2\/posts\/33441\/revisions\/33442"}],"wp:featuredmedia":[{"embeddable":true,"href":"https:\/\/newsinfoco.com.br\/inicio\/wp-json\/wp\/v2\/media\/294"}],"wp:attachment":[{"href":"https:\/\/newsinfoco.com.br\/inicio\/wp-json\/wp\/v2\/media?parent=33441"}],"wp:term":[{"taxonomy":"category","embeddable":true,"href":"https:\/\/newsinfoco.com.br\/inicio\/wp-json\/wp\/v2\/categories?post=33441"},{"taxonomy":"post_tag","embeddable":true,"href":"https:\/\/newsinfoco.com.br\/inicio\/wp-json\/wp\/v2\/tags?post=33441"}],"curies":[{"name":"wp","href":"https:\/\/api.w.org\/{rel}","templated":true}]}}