{"id":33443,"date":"2023-03-23T17:31:26","date_gmt":"2023-03-23T20:31:26","guid":{"rendered":"https:\/\/newsinfoco.com.br\/inicio\/?p=33443"},"modified":"2023-03-23T17:35:12","modified_gmt":"2023-03-23T20:35:12","slug":"o-senhor-nao-tem-decencia-diz-sergio-moro-a-lula-apos-presidente-rir-das-ameacas-de-morte-que-o-senador-vem-sofrendo-do-pcc","status":"publish","type":"post","link":"https:\/\/newsinfoco.com.br\/inicio\/o-senhor-nao-tem-decencia-diz-sergio-moro-a-lula-apos-presidente-rir-das-ameacas-de-morte-que-o-senador-vem-sofrendo-do-pcc\/","title":{"rendered":"&#8220;O senhor n\u00e3o tem dec\u00eancia&#8221;, diz Sergio Moro \u00e0 Lula, ap\u00f3s presidente rir das amea\u00e7as de morte que o senador vem sofrendo do PCC"},"content":{"rendered":"<p>O senador Sergio Moro (Uni\u00e3o-PR) disse na tarde desta quinta-feira (23) que\u00a0o presidente Lula\u00a0<em>\u201cn\u00e3o tem dec\u00eancia\u201d<\/em>\u00a0por ter\u00a0rido das amea\u00e7as\u00a0de morte que o parlamentar e sua fam\u00edlia teriam supostamente recebido de integrantes do Primeiro Comando da Capital (PCC). A a\u00e7\u00e3o da fac\u00e7\u00e3o foi alvo de opera\u00e7\u00e3o realizada ontem pela Pol\u00edcia Federal.<\/p>\n<p><em>\u201cO senhor n\u00e3o tem dec\u00eancia\u00a0[\u2026] Gostaria de ouvir, no m\u00ednimo, uma\u00a0retrata\u00e7\u00e3o. H\u00e1 quem j\u00e1 tenha me dito que o presidente estaria cometendo crime de responsabilidade ou estaria sendo respons\u00e1vel por colocar a minha fam\u00edlia em vulnerabilidade.\u00a0Se acontecer alguma coisa com a minha fam\u00edlia a responsabilidade est\u00e1 nas costas deste presidente da Rep\u00fablica\u201c<\/em>, declarou o senador paranaense.<\/p>\n<p>&nbsp;<\/p>\n<p>Oantagonista<\/p>\n<div class='share-to-whatsapp-wrapper'><div class='share-on-whsp'>Share on: <\/div><a data-text='\"O senhor n\u00e3o tem dec\u00eancia\", diz Sergio Moro \u00e0 Lula, ap\u00f3s presidente rir das amea\u00e7as de morte que o senador vem sofrendo do PCC' data-link='https:\/\/newsinfoco.com.br\/inicio\/o-senhor-nao-tem-decencia-diz-sergio-moro-a-lula-apos-presidente-rir-das-ameacas-de-morte-que-o-senador-vem-sofrendo-do-pcc\/' class='whatsapp-button whatsapp-share'>WhatsApp<\/a><div class='clear '><\/div><\/div>","protected":false},"excerpt":{"rendered":"<p>O senador Sergio Moro (Uni\u00e3o-PR) disse na tarde desta quinta-feira (23) que\u00a0o presidente Lula\u00a0\u201cn\u00e3o tem dec\u00eancia\u201d\u00a0por ter\u00a0rido das amea\u00e7as\u00a0de morte que o parlamentar e sua fam\u00edlia teriam supostamente recebido de integrantes do Primeiro Comando da Capital (PCC). A a\u00e7\u00e3o da fac\u00e7\u00e3o foi alvo de opera\u00e7\u00e3o realizada ontem pela Pol\u00edcia Federal. \u201cO senhor n\u00e3o tem dec\u00eancia\u00a0[\u2026] [&hellip;]<\/p>\n","protected":false},"author":1,"featured_media":11039,"comment_status":"closed","ping_status":"closed","sticky":false,"template":"","format":"standard","meta":{"om_disable_all_campaigns":false,"rop_custom_images_group":[],"rop_custom_messages_group":[],"rop_publish_now":"initial","rop_publish_now_accounts":[],"rop_publish_now_history":[],"rop_publish_now_status":"pending","_exactmetrics_skip_tracking":false,"footnotes":""},"categories":[21],"tags":[],"class_list":["post-33443","post","type-post","status-publish","format-standard","has-post-thumbnail","hentry","category-brasil"],"aioseo_notices":[],"aioseo_head":"\n\t\t<!-- All in One SEO 4.9.10 - aioseo.com -->\n\t<meta name=\"description\" content=\"O senador Sergio Moro (Uni\u00e3o-PR) disse na tarde desta quinta-feira (23) que o presidente Lula \u201cn\u00e3o tem dec\u00eancia\u201d por ter rido das amea\u00e7as de morte que o parlamentar e sua fam\u00edlia teriam supostamente recebido de integrantes do Primeiro Comando da Capital (PCC). A a\u00e7\u00e3o da fac\u00e7\u00e3o foi alvo de opera\u00e7\u00e3o realizada ontem pela Pol\u00edcia Federal. \u201cO senhor n\u00e3o tem dec\u00eancia [\u2026]\" \/>\n\t<meta name=\"robots\" content=\"max-image-preview:large\" \/>\n\t<meta name=\"author\" content=\"administrador\"\/>\n\t<link rel=\"canonical\" href=\"https:\/\/newsinfoco.com.br\/inicio\/o-senhor-nao-tem-decencia-diz-sergio-moro-a-lula-apos-presidente-rir-das-ameacas-de-morte-que-o-senador-vem-sofrendo-do-pcc\/\" \/>\n\t<meta name=\"generator\" content=\"All in One SEO (AIOSEO) 4.9.10\" \/>\n\t\t<meta property=\"og:locale\" content=\"pt_BR\" \/>\n\t\t<meta property=\"og:site_name\" content=\"News In Foco - Editado por Caio Pimenta - O principal site de noticias de Alagoinhas e regi\u00e3o\" \/>\n\t\t<meta property=\"og:type\" content=\"article\" \/>\n\t\t<meta property=\"og:title\" content=\"\u201cO senhor n\u00e3o tem dec\u00eancia\u201d, diz Sergio Moro \u00e0 Lula, ap\u00f3s presidente rir das amea\u00e7as de morte que o senador vem sofrendo do PCC - News In Foco - Editado por Caio Pimenta\" \/>\n\t\t<meta property=\"og:description\" content=\"O senador Sergio Moro (Uni\u00e3o-PR) disse na tarde desta quinta-feira (23) que o presidente Lula \u201cn\u00e3o tem dec\u00eancia\u201d por ter rido das amea\u00e7as de morte que o parlamentar e sua fam\u00edlia teriam supostamente recebido de integrantes do Primeiro Comando da Capital (PCC). A a\u00e7\u00e3o da fac\u00e7\u00e3o foi alvo de opera\u00e7\u00e3o realizada ontem pela Pol\u00edcia Federal. \u201cO senhor n\u00e3o tem dec\u00eancia [\u2026]\" \/>\n\t\t<meta property=\"og:url\" content=\"https:\/\/newsinfoco.com.br\/inicio\/o-senhor-nao-tem-decencia-diz-sergio-moro-a-lula-apos-presidente-rir-das-ameacas-de-morte-que-o-senador-vem-sofrendo-do-pcc\/\" \/>\n\t\t<meta property=\"article:published_time\" content=\"2023-03-23T20:31:26+00:00\" \/>\n\t\t<meta property=\"article:modified_time\" content=\"2023-03-23T20:35:12+00:00\" \/>\n\t\t<meta name=\"twitter:card\" content=\"summary_large_image\" \/>\n\t\t<meta name=\"twitter:title\" content=\"\u201cO senhor n\u00e3o tem dec\u00eancia\u201d, diz Sergio Moro \u00e0 Lula, ap\u00f3s presidente rir das amea\u00e7as de morte que o senador vem sofrendo do PCC - News In Foco - Editado por Caio Pimenta\" \/>\n\t\t<meta name=\"twitter:description\" content=\"O senador Sergio Moro (Uni\u00e3o-PR) disse na tarde desta quinta-feira (23) que o presidente Lula \u201cn\u00e3o tem dec\u00eancia\u201d por ter rido das amea\u00e7as de morte que o parlamentar e sua fam\u00edlia teriam supostamente recebido de integrantes do Primeiro Comando da Capital (PCC). A a\u00e7\u00e3o da fac\u00e7\u00e3o foi alvo de opera\u00e7\u00e3o realizada ontem pela Pol\u00edcia Federal. \u201cO senhor n\u00e3o tem dec\u00eancia [\u2026]\" \/>\n\t\t<script type=\"application\/ld+json\" class=\"aioseo-schema\">\n\t\t\t{\"@context\":\"https:\\\/\\\/schema.org\",\"@graph\":[{\"@type\":\"BlogPosting\",\"@id\":\"https:\\\/\\\/newsinfoco.com.br\\\/inicio\\\/o-senhor-nao-tem-decencia-diz-sergio-moro-a-lula-apos-presidente-rir-das-ameacas-de-morte-que-o-senador-vem-sofrendo-do-pcc\\\/#blogposting\",\"name\":\"\\u201cO senhor n\\u00e3o tem dec\\u00eancia\\u201d, diz Sergio Moro \\u00e0 Lula, ap\\u00f3s presidente rir das amea\\u00e7as de morte que o senador vem sofrendo do PCC - News In Foco - Editado por Caio Pimenta\",\"headline\":\"&#8220;O senhor n\\u00e3o tem dec\\u00eancia&#8221;, diz Sergio Moro \\u00e0 Lula, ap\\u00f3s presidente rir das amea\\u00e7as de morte que o senador vem sofrendo do PCC\",\"author\":{\"@id\":\"https:\\\/\\\/newsinfoco.com.br\\\/inicio\\\/author\\\/administrador\\\/#author\"},\"publisher\":{\"@id\":\"https:\\\/\\\/newsinfoco.com.br\\\/inicio\\\/#organization\"},\"image\":{\"@type\":\"ImageObject\",\"url\":\"https:\\\/\\\/newsinfoco.com.br\\\/inicio\\\/wp-content\\\/uploads\\\/2018\\\/11\\\/lula-moro.jpg\",\"width\":590,\"height\":320},\"datePublished\":\"2023-03-23T17:31:26-03:00\",\"dateModified\":\"2023-03-23T17:35:12-03:00\",\"inLanguage\":\"pt-BR\",\"mainEntityOfPage\":{\"@id\":\"https:\\\/\\\/newsinfoco.com.br\\\/inicio\\\/o-senhor-nao-tem-decencia-diz-sergio-moro-a-lula-apos-presidente-rir-das-ameacas-de-morte-que-o-senador-vem-sofrendo-do-pcc\\\/#webpage\"},\"isPartOf\":{\"@id\":\"https:\\\/\\\/newsinfoco.com.br\\\/inicio\\\/o-senhor-nao-tem-decencia-diz-sergio-moro-a-lula-apos-presidente-rir-das-ameacas-de-morte-que-o-senador-vem-sofrendo-do-pcc\\\/#webpage\"},\"articleSection\":\"Brasil\"},{\"@type\":\"BreadcrumbList\",\"@id\":\"https:\\\/\\\/newsinfoco.com.br\\\/inicio\\\/o-senhor-nao-tem-decencia-diz-sergio-moro-a-lula-apos-presidente-rir-das-ameacas-de-morte-que-o-senador-vem-sofrendo-do-pcc\\\/#breadcrumblist\",\"itemListElement\":[{\"@type\":\"ListItem\",\"@id\":\"https:\\\/\\\/newsinfoco.com.br\\\/inicio#listItem\",\"position\":1,\"name\":\"In\\u00edcio\",\"item\":\"https:\\\/\\\/newsinfoco.com.br\\\/inicio\",\"nextItem\":{\"@type\":\"ListItem\",\"@id\":\"https:\\\/\\\/newsinfoco.com.br\\\/inicio\\\/category\\\/brasil\\\/#listItem\",\"name\":\"Brasil\"}},{\"@type\":\"ListItem\",\"@id\":\"https:\\\/\\\/newsinfoco.com.br\\\/inicio\\\/category\\\/brasil\\\/#listItem\",\"position\":2,\"name\":\"Brasil\",\"item\":\"https:\\\/\\\/newsinfoco.com.br\\\/inicio\\\/category\\\/brasil\\\/\",\"nextItem\":{\"@type\":\"ListItem\",\"@id\":\"https:\\\/\\\/newsinfoco.com.br\\\/inicio\\\/o-senhor-nao-tem-decencia-diz-sergio-moro-a-lula-apos-presidente-rir-das-ameacas-de-morte-que-o-senador-vem-sofrendo-do-pcc\\\/#listItem\",\"name\":\"&#8220;O senhor n\\u00e3o tem dec\\u00eancia&#8221;, diz Sergio Moro \\u00e0 Lula, ap\\u00f3s presidente rir das amea\\u00e7as de morte que o senador vem sofrendo do PCC\"},\"previousItem\":{\"@type\":\"ListItem\",\"@id\":\"https:\\\/\\\/newsinfoco.com.br\\\/inicio#listItem\",\"name\":\"In\\u00edcio\"}},{\"@type\":\"ListItem\",\"@id\":\"https:\\\/\\\/newsinfoco.com.br\\\/inicio\\\/o-senhor-nao-tem-decencia-diz-sergio-moro-a-lula-apos-presidente-rir-das-ameacas-de-morte-que-o-senador-vem-sofrendo-do-pcc\\\/#listItem\",\"position\":3,\"name\":\"&#8220;O senhor n\\u00e3o tem dec\\u00eancia&#8221;, diz Sergio Moro \\u00e0 Lula, ap\\u00f3s presidente rir das amea\\u00e7as de morte que o senador vem sofrendo do PCC\",\"previousItem\":{\"@type\":\"ListItem\",\"@id\":\"https:\\\/\\\/newsinfoco.com.br\\\/inicio\\\/category\\\/brasil\\\/#listItem\",\"name\":\"Brasil\"}}]},{\"@type\":\"Organization\",\"@id\":\"https:\\\/\\\/newsinfoco.com.br\\\/inicio\\\/#organization\",\"name\":\"News In Foco - Editado por Caio Pimenta\",\"description\":\"O principal site de noticias de Alagoinhas e regi\\u00e3o\",\"url\":\"https:\\\/\\\/newsinfoco.com.br\\\/inicio\\\/\"},{\"@type\":\"Person\",\"@id\":\"https:\\\/\\\/newsinfoco.com.br\\\/inicio\\\/author\\\/administrador\\\/#author\",\"url\":\"https:\\\/\\\/newsinfoco.com.br\\\/inicio\\\/author\\\/administrador\\\/\",\"name\":\"administrador\",\"image\":{\"@type\":\"ImageObject\",\"@id\":\"https:\\\/\\\/newsinfoco.com.br\\\/inicio\\\/o-senhor-nao-tem-decencia-diz-sergio-moro-a-lula-apos-presidente-rir-das-ameacas-de-morte-que-o-senador-vem-sofrendo-do-pcc\\\/#authorImage\",\"url\":\"https:\\\/\\\/secure.gravatar.com\\\/avatar\\\/c17a617433de8c1dc9584bb79aab7563b46f5bb7e1728c9b17d9cc3ce6a08e49?s=96&d=mm&r=g\",\"width\":96,\"height\":96,\"caption\":\"administrador\"}},{\"@type\":\"WebPage\",\"@id\":\"https:\\\/\\\/newsinfoco.com.br\\\/inicio\\\/o-senhor-nao-tem-decencia-diz-sergio-moro-a-lula-apos-presidente-rir-das-ameacas-de-morte-que-o-senador-vem-sofrendo-do-pcc\\\/#webpage\",\"url\":\"https:\\\/\\\/newsinfoco.com.br\\\/inicio\\\/o-senhor-nao-tem-decencia-diz-sergio-moro-a-lula-apos-presidente-rir-das-ameacas-de-morte-que-o-senador-vem-sofrendo-do-pcc\\\/\",\"name\":\"\\u201cO senhor n\\u00e3o tem dec\\u00eancia\\u201d, diz Sergio Moro \\u00e0 Lula, ap\\u00f3s presidente rir das amea\\u00e7as de morte que o senador vem sofrendo do PCC - News In Foco - Editado por Caio Pimenta\",\"description\":\"O senador Sergio Moro (Uni\\u00e3o-PR) disse na tarde desta quinta-feira (23) que o presidente Lula \\u201cn\\u00e3o tem dec\\u00eancia\\u201d por ter rido das amea\\u00e7as de morte que o parlamentar e sua fam\\u00edlia teriam supostamente recebido de integrantes do Primeiro Comando da Capital (PCC). A a\\u00e7\\u00e3o da fac\\u00e7\\u00e3o foi alvo de opera\\u00e7\\u00e3o realizada ontem pela Pol\\u00edcia Federal. \\u201cO senhor n\\u00e3o tem dec\\u00eancia [\\u2026]\",\"inLanguage\":\"pt-BR\",\"isPartOf\":{\"@id\":\"https:\\\/\\\/newsinfoco.com.br\\\/inicio\\\/#website\"},\"breadcrumb\":{\"@id\":\"https:\\\/\\\/newsinfoco.com.br\\\/inicio\\\/o-senhor-nao-tem-decencia-diz-sergio-moro-a-lula-apos-presidente-rir-das-ameacas-de-morte-que-o-senador-vem-sofrendo-do-pcc\\\/#breadcrumblist\"},\"author\":{\"@id\":\"https:\\\/\\\/newsinfoco.com.br\\\/inicio\\\/author\\\/administrador\\\/#author\"},\"creator\":{\"@id\":\"https:\\\/\\\/newsinfoco.com.br\\\/inicio\\\/author\\\/administrador\\\/#author\"},\"image\":{\"@type\":\"ImageObject\",\"url\":\"https:\\\/\\\/newsinfoco.com.br\\\/inicio\\\/wp-content\\\/uploads\\\/2018\\\/11\\\/lula-moro.jpg\",\"@id\":\"https:\\\/\\\/newsinfoco.com.br\\\/inicio\\\/o-senhor-nao-tem-decencia-diz-sergio-moro-a-lula-apos-presidente-rir-das-ameacas-de-morte-que-o-senador-vem-sofrendo-do-pcc\\\/#mainImage\",\"width\":590,\"height\":320},\"primaryImageOfPage\":{\"@id\":\"https:\\\/\\\/newsinfoco.com.br\\\/inicio\\\/o-senhor-nao-tem-decencia-diz-sergio-moro-a-lula-apos-presidente-rir-das-ameacas-de-morte-que-o-senador-vem-sofrendo-do-pcc\\\/#mainImage\"},\"datePublished\":\"2023-03-23T17:31:26-03:00\",\"dateModified\":\"2023-03-23T17:35:12-03:00\"},{\"@type\":\"WebSite\",\"@id\":\"https:\\\/\\\/newsinfoco.com.br\\\/inicio\\\/#website\",\"url\":\"https:\\\/\\\/newsinfoco.com.br\\\/inicio\\\/\",\"name\":\"News In Foco - Editado por Caio Pimenta\",\"description\":\"O principal site de noticias de Alagoinhas e regi\\u00e3o\",\"inLanguage\":\"pt-BR\",\"publisher\":{\"@id\":\"https:\\\/\\\/newsinfoco.com.br\\\/inicio\\\/#organization\"}}]}\n\t\t<\/script>\n\t\t<!-- All in One SEO -->\n\n","aioseo_head_json":{"title":"\u201cO senhor n\u00e3o tem dec\u00eancia\u201d, diz Sergio Moro \u00e0 Lula, ap\u00f3s presidente rir das amea\u00e7as de morte que o senador vem sofrendo do PCC - News In Foco - Editado por Caio Pimenta","description":"O senador Sergio Moro (Uni\u00e3o-PR) disse na tarde desta quinta-feira (23) que o presidente Lula \u201cn\u00e3o tem dec\u00eancia\u201d por ter rido das amea\u00e7as de morte que o parlamentar e sua fam\u00edlia teriam supostamente recebido de integrantes do Primeiro Comando da Capital (PCC). A a\u00e7\u00e3o da fac\u00e7\u00e3o foi alvo de opera\u00e7\u00e3o realizada ontem pela Pol\u00edcia Federal. \u201cO senhor n\u00e3o tem dec\u00eancia [\u2026]","canonical_url":"https:\/\/newsinfoco.com.br\/inicio\/o-senhor-nao-tem-decencia-diz-sergio-moro-a-lula-apos-presidente-rir-das-ameacas-de-morte-que-o-senador-vem-sofrendo-do-pcc\/","robots":"max-image-preview:large","keywords":"","webmasterTools":{"miscellaneous":""},"schema":{"@context":"https:\/\/schema.org","@graph":[{"@type":"BlogPosting","@id":"https:\/\/newsinfoco.com.br\/inicio\/o-senhor-nao-tem-decencia-diz-sergio-moro-a-lula-apos-presidente-rir-das-ameacas-de-morte-que-o-senador-vem-sofrendo-do-pcc\/#blogposting","name":"\u201cO senhor n\u00e3o tem dec\u00eancia\u201d, diz Sergio Moro \u00e0 Lula, ap\u00f3s presidente rir das amea\u00e7as de morte que o senador vem sofrendo do PCC - News In Foco - Editado por Caio Pimenta","headline":"&#8220;O senhor n\u00e3o tem dec\u00eancia&#8221;, diz Sergio Moro \u00e0 Lula, ap\u00f3s presidente rir das amea\u00e7as de morte que o senador vem sofrendo do PCC","author":{"@id":"https:\/\/newsinfoco.com.br\/inicio\/author\/administrador\/#author"},"publisher":{"@id":"https:\/\/newsinfoco.com.br\/inicio\/#organization"},"image":{"@type":"ImageObject","url":"https:\/\/newsinfoco.com.br\/inicio\/wp-content\/uploads\/2018\/11\/lula-moro.jpg","width":590,"height":320},"datePublished":"2023-03-23T17:31:26-03:00","dateModified":"2023-03-23T17:35:12-03:00","inLanguage":"pt-BR","mainEntityOfPage":{"@id":"https:\/\/newsinfoco.com.br\/inicio\/o-senhor-nao-tem-decencia-diz-sergio-moro-a-lula-apos-presidente-rir-das-ameacas-de-morte-que-o-senador-vem-sofrendo-do-pcc\/#webpage"},"isPartOf":{"@id":"https:\/\/newsinfoco.com.br\/inicio\/o-senhor-nao-tem-decencia-diz-sergio-moro-a-lula-apos-presidente-rir-das-ameacas-de-morte-que-o-senador-vem-sofrendo-do-pcc\/#webpage"},"articleSection":"Brasil"},{"@type":"BreadcrumbList","@id":"https:\/\/newsinfoco.com.br\/inicio\/o-senhor-nao-tem-decencia-diz-sergio-moro-a-lula-apos-presidente-rir-das-ameacas-de-morte-que-o-senador-vem-sofrendo-do-pcc\/#breadcrumblist","itemListElement":[{"@type":"ListItem","@id":"https:\/\/newsinfoco.com.br\/inicio#listItem","position":1,"name":"In\u00edcio","item":"https:\/\/newsinfoco.com.br\/inicio","nextItem":{"@type":"ListItem","@id":"https:\/\/newsinfoco.com.br\/inicio\/category\/brasil\/#listItem","name":"Brasil"}},{"@type":"ListItem","@id":"https:\/\/newsinfoco.com.br\/inicio\/category\/brasil\/#listItem","position":2,"name":"Brasil","item":"https:\/\/newsinfoco.com.br\/inicio\/category\/brasil\/","nextItem":{"@type":"ListItem","@id":"https:\/\/newsinfoco.com.br\/inicio\/o-senhor-nao-tem-decencia-diz-sergio-moro-a-lula-apos-presidente-rir-das-ameacas-de-morte-que-o-senador-vem-sofrendo-do-pcc\/#listItem","name":"&#8220;O senhor n\u00e3o tem dec\u00eancia&#8221;, diz Sergio Moro \u00e0 Lula, ap\u00f3s presidente rir das amea\u00e7as de morte que o senador vem sofrendo do PCC"},"previousItem":{"@type":"ListItem","@id":"https:\/\/newsinfoco.com.br\/inicio#listItem","name":"In\u00edcio"}},{"@type":"ListItem","@id":"https:\/\/newsinfoco.com.br\/inicio\/o-senhor-nao-tem-decencia-diz-sergio-moro-a-lula-apos-presidente-rir-das-ameacas-de-morte-que-o-senador-vem-sofrendo-do-pcc\/#listItem","position":3,"name":"&#8220;O senhor n\u00e3o tem dec\u00eancia&#8221;, diz Sergio Moro \u00e0 Lula, ap\u00f3s presidente rir das amea\u00e7as de morte que o senador vem sofrendo do PCC","previousItem":{"@type":"ListItem","@id":"https:\/\/newsinfoco.com.br\/inicio\/category\/brasil\/#listItem","name":"Brasil"}}]},{"@type":"Organization","@id":"https:\/\/newsinfoco.com.br\/inicio\/#organization","name":"News In Foco - Editado por Caio Pimenta","description":"O principal site de noticias de Alagoinhas e regi\u00e3o","url":"https:\/\/newsinfoco.com.br\/inicio\/"},{"@type":"Person","@id":"https:\/\/newsinfoco.com.br\/inicio\/author\/administrador\/#author","url":"https:\/\/newsinfoco.com.br\/inicio\/author\/administrador\/","name":"administrador","image":{"@type":"ImageObject","@id":"https:\/\/newsinfoco.com.br\/inicio\/o-senhor-nao-tem-decencia-diz-sergio-moro-a-lula-apos-presidente-rir-das-ameacas-de-morte-que-o-senador-vem-sofrendo-do-pcc\/#authorImage","url":"https:\/\/secure.gravatar.com\/avatar\/c17a617433de8c1dc9584bb79aab7563b46f5bb7e1728c9b17d9cc3ce6a08e49?s=96&d=mm&r=g","width":96,"height":96,"caption":"administrador"}},{"@type":"WebPage","@id":"https:\/\/newsinfoco.com.br\/inicio\/o-senhor-nao-tem-decencia-diz-sergio-moro-a-lula-apos-presidente-rir-das-ameacas-de-morte-que-o-senador-vem-sofrendo-do-pcc\/#webpage","url":"https:\/\/newsinfoco.com.br\/inicio\/o-senhor-nao-tem-decencia-diz-sergio-moro-a-lula-apos-presidente-rir-das-ameacas-de-morte-que-o-senador-vem-sofrendo-do-pcc\/","name":"\u201cO senhor n\u00e3o tem dec\u00eancia\u201d, diz Sergio Moro \u00e0 Lula, ap\u00f3s presidente rir das amea\u00e7as de morte que o senador vem sofrendo do PCC - News In Foco - Editado por Caio Pimenta","description":"O senador Sergio Moro (Uni\u00e3o-PR) disse na tarde desta quinta-feira (23) que o presidente Lula \u201cn\u00e3o tem dec\u00eancia\u201d por ter rido das amea\u00e7as de morte que o parlamentar e sua fam\u00edlia teriam supostamente recebido de integrantes do Primeiro Comando da Capital (PCC). A a\u00e7\u00e3o da fac\u00e7\u00e3o foi alvo de opera\u00e7\u00e3o realizada ontem pela Pol\u00edcia Federal. \u201cO senhor n\u00e3o tem dec\u00eancia [\u2026]","inLanguage":"pt-BR","isPartOf":{"@id":"https:\/\/newsinfoco.com.br\/inicio\/#website"},"breadcrumb":{"@id":"https:\/\/newsinfoco.com.br\/inicio\/o-senhor-nao-tem-decencia-diz-sergio-moro-a-lula-apos-presidente-rir-das-ameacas-de-morte-que-o-senador-vem-sofrendo-do-pcc\/#breadcrumblist"},"author":{"@id":"https:\/\/newsinfoco.com.br\/inicio\/author\/administrador\/#author"},"creator":{"@id":"https:\/\/newsinfoco.com.br\/inicio\/author\/administrador\/#author"},"image":{"@type":"ImageObject","url":"https:\/\/newsinfoco.com.br\/inicio\/wp-content\/uploads\/2018\/11\/lula-moro.jpg","@id":"https:\/\/newsinfoco.com.br\/inicio\/o-senhor-nao-tem-decencia-diz-sergio-moro-a-lula-apos-presidente-rir-das-ameacas-de-morte-que-o-senador-vem-sofrendo-do-pcc\/#mainImage","width":590,"height":320},"primaryImageOfPage":{"@id":"https:\/\/newsinfoco.com.br\/inicio\/o-senhor-nao-tem-decencia-diz-sergio-moro-a-lula-apos-presidente-rir-das-ameacas-de-morte-que-o-senador-vem-sofrendo-do-pcc\/#mainImage"},"datePublished":"2023-03-23T17:31:26-03:00","dateModified":"2023-03-23T17:35:12-03:00"},{"@type":"WebSite","@id":"https:\/\/newsinfoco.com.br\/inicio\/#website","url":"https:\/\/newsinfoco.com.br\/inicio\/","name":"News In Foco - Editado por Caio Pimenta","description":"O principal site de noticias de Alagoinhas e regi\u00e3o","inLanguage":"pt-BR","publisher":{"@id":"https:\/\/newsinfoco.com.br\/inicio\/#organization"}}]},"og:locale":"pt_BR","og:site_name":"News In Foco - Editado por Caio Pimenta - O principal site de noticias de Alagoinhas e regi\u00e3o","og:type":"article","og:title":"\u201cO senhor n\u00e3o tem dec\u00eancia\u201d, diz Sergio Moro \u00e0 Lula, ap\u00f3s presidente rir das amea\u00e7as de morte que o senador vem sofrendo do PCC - News In Foco - Editado por Caio Pimenta","og:description":"O senador Sergio Moro (Uni\u00e3o-PR) disse na tarde desta quinta-feira (23) que o presidente Lula \u201cn\u00e3o tem dec\u00eancia\u201d por ter rido das amea\u00e7as de morte que o parlamentar e sua fam\u00edlia teriam supostamente recebido de integrantes do Primeiro Comando da Capital (PCC). A a\u00e7\u00e3o da fac\u00e7\u00e3o foi alvo de opera\u00e7\u00e3o realizada ontem pela Pol\u00edcia Federal. \u201cO senhor n\u00e3o tem dec\u00eancia [\u2026]","og:url":"https:\/\/newsinfoco.com.br\/inicio\/o-senhor-nao-tem-decencia-diz-sergio-moro-a-lula-apos-presidente-rir-das-ameacas-de-morte-que-o-senador-vem-sofrendo-do-pcc\/","article:published_time":"2023-03-23T20:31:26+00:00","article:modified_time":"2023-03-23T20:35:12+00:00","twitter:card":"summary_large_image","twitter:title":"\u201cO senhor n\u00e3o tem dec\u00eancia\u201d, diz Sergio Moro \u00e0 Lula, ap\u00f3s presidente rir das amea\u00e7as de morte que o senador vem sofrendo do PCC - News In Foco - Editado por Caio Pimenta","twitter:description":"O senador Sergio Moro (Uni\u00e3o-PR) disse na tarde desta quinta-feira (23) que o presidente Lula \u201cn\u00e3o tem dec\u00eancia\u201d por ter rido das amea\u00e7as de morte que o parlamentar e sua fam\u00edlia teriam supostamente recebido de integrantes do Primeiro Comando da Capital (PCC). A a\u00e7\u00e3o da fac\u00e7\u00e3o foi alvo de opera\u00e7\u00e3o realizada ontem pela Pol\u00edcia Federal. \u201cO senhor n\u00e3o tem dec\u00eancia [\u2026]"},"aioseo_meta_data":{"post_id":"33443","title":null,"description":null,"keywords":null,"keyphrases":null,"primary_term":null,"canonical_url":null,"og_title":null,"og_description":null,"og_object_type":"default","og_image_type":"default","og_image_url":null,"og_image_width":null,"og_image_height":null,"og_image_custom_url":null,"og_image_custom_fields":null,"og_video":null,"og_custom_url":null,"og_article_section":null,"og_article_tags":null,"twitter_use_og":false,"twitter_card":"default","twitter_image_type":"default","twitter_image_url":null,"twitter_image_custom_url":null,"twitter_image_custom_fields":null,"twitter_title":null,"twitter_description":null,"schema":{"blockGraphs":[],"customGraphs":[],"default":{"data":{"Article":[],"Course":[],"Dataset":[],"FAQPage":[],"Movie":[],"Person":[],"Product":[],"ProductReview":[],"Car":[],"Recipe":[],"Service":[],"SoftwareApplication":[],"WebPage":[]},"graphName":"","isEnabled":true},"graphs":[]},"schema_type":"default","schema_type_options":null,"pillar_content":false,"robots_default":true,"robots_noindex":false,"robots_noarchive":false,"robots_nosnippet":false,"robots_nofollow":false,"robots_noimageindex":false,"robots_noodp":false,"robots_notranslate":false,"robots_max_snippet":null,"robots_max_videopreview":null,"robots_max_imagepreview":"large","priority":null,"frequency":null,"local_seo":null,"breadcrumb_settings":null,"limit_modified_date":false,"ai":null,"created":"2023-06-12 23:08:00","updated":"2025-07-11 09:25:11","seo_analyzer_scan_date":null},"aioseo_breadcrumb":"<div class=\"aioseo-breadcrumbs\"><span class=\"aioseo-breadcrumb\">\n\t\t\t<a href=\"https:\/\/newsinfoco.com.br\/inicio\" title=\"In\u00edcio\">In\u00edcio<\/a>\n\t\t<\/span><span class=\"aioseo-breadcrumb-separator\">&raquo;<\/span><span class=\"aioseo-breadcrumb\">\n\t\t\t<a href=\"https:\/\/newsinfoco.com.br\/inicio\/category\/brasil\/\" title=\"Brasil\">Brasil<\/a>\n\t\t<\/span><span class=\"aioseo-breadcrumb-separator\">&raquo;<\/span><span class=\"aioseo-breadcrumb\">\n\t\t\t\u201cO senhor n\u00e3o tem dec\u00eancia\u201d, diz Sergio Moro \u00e0 Lula, ap\u00f3s presidente rir das amea\u00e7as de morte que o senador vem sofrendo do PCC\n\t\t<\/span><\/div>","aioseo_breadcrumb_json":[{"label":"In\u00edcio","link":"https:\/\/newsinfoco.com.br\/inicio"},{"label":"Brasil","link":"https:\/\/newsinfoco.com.br\/inicio\/category\/brasil\/"},{"label":"&#8220;O senhor n\u00e3o tem dec\u00eancia&#8221;, diz Sergio Moro \u00e0 Lula, ap\u00f3s presidente rir das amea\u00e7as de morte que o senador vem sofrendo do PCC","link":"https:\/\/newsinfoco.com.br\/inicio\/o-senhor-nao-tem-decencia-diz-sergio-moro-a-lula-apos-presidente-rir-das-ameacas-de-morte-que-o-senador-vem-sofrendo-do-pcc\/"}],"_links":{"self":[{"href":"https:\/\/newsinfoco.com.br\/inicio\/wp-json\/wp\/v2\/posts\/33443","targetHints":{"allow":["GET"]}}],"collection":[{"href":"https:\/\/newsinfoco.com.br\/inicio\/wp-json\/wp\/v2\/posts"}],"about":[{"href":"https:\/\/newsinfoco.com.br\/inicio\/wp-json\/wp\/v2\/types\/post"}],"author":[{"embeddable":true,"href":"https:\/\/newsinfoco.com.br\/inicio\/wp-json\/wp\/v2\/users\/1"}],"replies":[{"embeddable":true,"href":"https:\/\/newsinfoco.com.br\/inicio\/wp-json\/wp\/v2\/comments?post=33443"}],"version-history":[{"count":2,"href":"https:\/\/newsinfoco.com.br\/inicio\/wp-json\/wp\/v2\/posts\/33443\/revisions"}],"predecessor-version":[{"id":33445,"href":"https:\/\/newsinfoco.com.br\/inicio\/wp-json\/wp\/v2\/posts\/33443\/revisions\/33445"}],"wp:featuredmedia":[{"embeddable":true,"href":"https:\/\/newsinfoco.com.br\/inicio\/wp-json\/wp\/v2\/media\/11039"}],"wp:attachment":[{"href":"https:\/\/newsinfoco.com.br\/inicio\/wp-json\/wp\/v2\/media?parent=33443"}],"wp:term":[{"taxonomy":"category","embeddable":true,"href":"https:\/\/newsinfoco.com.br\/inicio\/wp-json\/wp\/v2\/categories?post=33443"},{"taxonomy":"post_tag","embeddable":true,"href":"https:\/\/newsinfoco.com.br\/inicio\/wp-json\/wp\/v2\/tags?post=33443"}],"curies":[{"name":"wp","href":"https:\/\/api.w.org\/{rel}","templated":true}]}}