{"id":33467,"date":"2023-03-30T16:53:14","date_gmt":"2023-03-30T19:53:14","guid":{"rendered":"https:\/\/newsinfoco.com.br\/inicio\/?p=33467"},"modified":"2023-03-30T17:40:58","modified_gmt":"2023-03-30T20:40:58","slug":"interesse-repentino-de-adriao-barbosa-pelo-transporte-publico-de-alagoinhas-causa-estranheza-por-caio-pimenta","status":"publish","type":"post","link":"https:\/\/newsinfoco.com.br\/inicio\/interesse-repentino-de-adriao-barbosa-pelo-transporte-publico-de-alagoinhas-causa-estranheza-por-caio-pimenta\/","title":{"rendered":"Interesse repentino de Adri\u00e3o Barbosa pelo transporte p\u00fablico de Alagoinhas causa estranheza &#8211; Por Caio Pimenta"},"content":{"rendered":"<p>A recente movimenta\u00e7\u00e3o do presidente do sindicato dos comerci\u00e1rios de Alagoinhas, Adri\u00e3o Barbosa, e o seu repentino interesse pelo tema transporte p\u00fablico local causou estranheza no meio politico e em setores empresariais da cidade.<\/p>\n<p>Em entrevista concedida ontem(28) ao programa Digital News, da r\u00e1dio Digital FM, o sindicalista cobrou da SMTT a extens\u00e3o do hor\u00e1rio de funcionamento das linhas de \u00f4nibus e chegou a afirmar que a classe dos comerci\u00e1rios tem sido a mais afetada com a situa\u00e7\u00e3o.<\/p>\n<p>Empres\u00e1rios ouvidos por esta coluna questionaram a postura do l\u00edder sindical. Segundo eles, a obriga\u00e7\u00e3o de conceder o transporte para seus empregados \u00e9 do empres\u00e1rio e n\u00e3o necessariamente precisa ser via transporte p\u00fablico. Usaram como exemplo, o caso da loja Barreto, que h\u00e1 v\u00e1rios anos transporta os seus funcion\u00e1rios em ve\u00edculos pr\u00f3prios.<\/p>\n<p>Em conversa com o presidente do Sicom\u00e9rcio, Benedito Vieira, esta coluna apurou que h\u00e1 v\u00e1rios anos(bem antes da pandemia), um acordo entre sindicato patronal e sindicato dos comerci\u00e1rios, autoriza os comerciantes, caso queiram, a pagar em pec\u00fania, o auxilio transporte.<\/p>\n<p>Consulta realizada por esta coluna ao sistema de bilhetagem eletr\u00f4nica identificou que apenas cerca de 18% dos comerci\u00e1rios recebem vale-transporte de seus patr\u00f5es. O restante, cerca de 82%, n\u00e3o utiliza o transporte p\u00fablico, o que rebate por completo a afirma\u00e7\u00e3o de que &#8220;a classe dos comerci\u00e1rios tem sido a mais afetada com a situa\u00e7\u00e3o&#8221;, j\u00e1 que a esmagadora maioria j\u00e1 n\u00e3o utiliza o modal.<\/p>\n<p>Na realidade, a falta desses 82% de comerci\u00e1rios no sistema de transporte p\u00fablico faz com que cerca de R$ 597.780,00 deixem de entrar mensalmente no sistema. Dinheiro que poderia financiar renova\u00e7\u00e3o de frota, ativa\u00e7\u00e3o de novas linhas e at\u00e9 diminui\u00e7\u00e3o de tarifa. O que isso quer dizer \u00e9 que a atua\u00e7\u00e3o do sindicato dos comerci\u00e1rios, ao patrocinar esse acordo coletivo, contribui pela falta de financiamento do sistema, causa dos problemas que agora Adri\u00e3o Barbosa critica.<\/p>\n<p>O l\u00edder sindical disse ainda na entrevista que uma reuni\u00e3o foi realizada na ter\u00e7a-feira com as presen\u00e7as de representantes da SMTT, da empresa ATP, atacadistas e comerci\u00e1rios para tratar do tema transporte p\u00fablico. A falta de participa\u00e7\u00e3o do sindicato dos rodovi\u00e1rios, do Sicom\u00e9rcio e de representantes da comiss\u00e3o de transportes da C\u00e2mara Municipal chamou a aten\u00e7\u00e3o. O medo de ser apontada as contradi\u00e7\u00f5es e a responsabilidade do sindicato na falta de financiamento do transporte p\u00fablico foram apontadas como poss\u00edvel motiva\u00e7\u00e3o da falta dos convites.<\/p>\n<p>Empres\u00e1rios do com\u00e9rcio tamb\u00e9m relataram a esta coluna que a posi\u00e7\u00e3o de Adri\u00e3o Barbosa, com a reuni\u00e3o, e a pauta adotada, acaba por advogar aos interesses, exclusivamente, dos supermercadistas, que deixam seus estabelecimentos abertos at\u00e9 mais tarde, criando problemas para que os funcion\u00e1rios retornem \u00e0s suas resid\u00eancias. O com\u00e9rcio varejista, de modo geral, fecha muito mais cedo, dizem eles. Estes comerciantes ouvidos por essa coluna questionam, por exemplo, o fato de Adri\u00e3o Barbosa n\u00e3o se sensibilizar com os trabalhadores de bares, que aos fins de semana exercem jornadas que passam pela madrugada. Como esse pessoal chega em casa?<\/p>\n<p>Diante de tantas contradi\u00e7\u00f5es e enigmas, ao tentar mostrar as caras no tema transporte p\u00fablico, Adri\u00e3o Barbosa e o sindicato dos comerci\u00e1rios acaba por ter muito mais o que explicar, do que cobrar explica\u00e7\u00f5es.<\/p>\n<p><strong><em>Escrito por Caio Pimenta, advogado, \u00e2ncora do programa Primeira M\u00e3o, da radio Ouro Negro 100,5 FM. Ele tamb\u00e9m escreve sua coluna no site News Infoco, do qual \u00e9 editor- chefe e dirige a radio web 2 de julho.<\/em><\/strong><\/p>\n<div class=\"share-to-whatsapp-wrapper\"><\/div>\n<div class=\"share-to-whatsapp-wrapper\"><\/div>\n<div class='share-to-whatsapp-wrapper'><div class='share-on-whsp'>Share on: <\/div><a data-text='Interesse repentino de Adri\u00e3o Barbosa pelo transporte p\u00fablico de Alagoinhas causa estranheza - Por Caio Pimenta' data-link='https:\/\/newsinfoco.com.br\/inicio\/interesse-repentino-de-adriao-barbosa-pelo-transporte-publico-de-alagoinhas-causa-estranheza-por-caio-pimenta\/' class='whatsapp-button whatsapp-share'>WhatsApp<\/a><div class='clear '><\/div><\/div>","protected":false},"excerpt":{"rendered":"<p>A recente movimenta\u00e7\u00e3o do presidente do sindicato dos comerci\u00e1rios de Alagoinhas, Adri\u00e3o Barbosa, e o seu repentino interesse pelo tema transporte p\u00fablico local causou estranheza no meio politico e em setores empresariais da cidade. Em entrevista concedida ontem(28) ao programa Digital News, da r\u00e1dio Digital FM, o sindicalista cobrou da SMTT a extens\u00e3o do hor\u00e1rio [&hellip;]<\/p>\n","protected":false},"author":1,"featured_media":20237,"comment_status":"closed","ping_status":"closed","sticky":false,"template":"","format":"standard","meta":{"om_disable_all_campaigns":false,"rop_custom_images_group":[],"rop_custom_messages_group":[],"rop_publish_now":"initial","rop_publish_now_accounts":[],"rop_publish_now_history":[],"rop_publish_now_status":"pending","_exactmetrics_skip_tracking":false,"footnotes":""},"categories":[26],"tags":[],"class_list":["post-33467","post","type-post","status-publish","format-standard","has-post-thumbnail","hentry","category-caio-pimenta"],"aioseo_notices":[],"aioseo_head":"\n\t\t<!-- All in One SEO 4.9.10 - aioseo.com -->\n\t<meta name=\"description\" content=\"A recente movimenta\u00e7\u00e3o do presidente do sindicato dos comerci\u00e1rios de Alagoinhas, Adri\u00e3o Barbosa, e o seu repentino interesse pelo tema transporte p\u00fablico local causou estranheza no meio politico e em setores empresariais da cidade. Em entrevista concedida ontem(28) ao programa Digital News, da r\u00e1dio Digital FM, o sindicalista cobrou da SMTT a extens\u00e3o do hor\u00e1rio\" \/>\n\t<meta name=\"robots\" content=\"max-image-preview:large\" \/>\n\t<meta name=\"author\" content=\"administrador\"\/>\n\t<link rel=\"canonical\" href=\"https:\/\/newsinfoco.com.br\/inicio\/interesse-repentino-de-adriao-barbosa-pelo-transporte-publico-de-alagoinhas-causa-estranheza-por-caio-pimenta\/\" \/>\n\t<meta name=\"generator\" content=\"All in One SEO (AIOSEO) 4.9.10\" \/>\n\t\t<meta property=\"og:locale\" content=\"pt_BR\" \/>\n\t\t<meta property=\"og:site_name\" content=\"News In Foco - Editado por Caio Pimenta - O principal site de noticias de Alagoinhas e regi\u00e3o\" \/>\n\t\t<meta property=\"og:type\" content=\"article\" \/>\n\t\t<meta property=\"og:title\" content=\"Interesse repentino de Adri\u00e3o Barbosa pelo transporte p\u00fablico de Alagoinhas causa estranheza \u2013 Por Caio Pimenta - News In Foco - Editado por Caio Pimenta\" \/>\n\t\t<meta property=\"og:description\" content=\"A recente movimenta\u00e7\u00e3o do presidente do sindicato dos comerci\u00e1rios de Alagoinhas, Adri\u00e3o Barbosa, e o seu repentino interesse pelo tema transporte p\u00fablico local causou estranheza no meio politico e em setores empresariais da cidade. Em entrevista concedida ontem(28) ao programa Digital News, da r\u00e1dio Digital FM, o sindicalista cobrou da SMTT a extens\u00e3o do hor\u00e1rio\" \/>\n\t\t<meta property=\"og:url\" content=\"https:\/\/newsinfoco.com.br\/inicio\/interesse-repentino-de-adriao-barbosa-pelo-transporte-publico-de-alagoinhas-causa-estranheza-por-caio-pimenta\/\" \/>\n\t\t<meta property=\"article:published_time\" content=\"2023-03-30T19:53:14+00:00\" \/>\n\t\t<meta property=\"article:modified_time\" content=\"2023-03-30T20:40:58+00:00\" \/>\n\t\t<meta name=\"twitter:card\" content=\"summary_large_image\" \/>\n\t\t<meta name=\"twitter:title\" content=\"Interesse repentino de Adri\u00e3o Barbosa pelo transporte p\u00fablico de Alagoinhas causa estranheza \u2013 Por Caio Pimenta - News In Foco - Editado por Caio Pimenta\" \/>\n\t\t<meta name=\"twitter:description\" content=\"A recente movimenta\u00e7\u00e3o do presidente do sindicato dos comerci\u00e1rios de Alagoinhas, Adri\u00e3o Barbosa, e o seu repentino interesse pelo tema transporte p\u00fablico local causou estranheza no meio politico e em setores empresariais da cidade. Em entrevista concedida ontem(28) ao programa Digital News, da r\u00e1dio Digital FM, o sindicalista cobrou da SMTT a extens\u00e3o do hor\u00e1rio\" \/>\n\t\t<script type=\"application\/ld+json\" class=\"aioseo-schema\">\n\t\t\t{\"@context\":\"https:\\\/\\\/schema.org\",\"@graph\":[{\"@type\":\"BlogPosting\",\"@id\":\"https:\\\/\\\/newsinfoco.com.br\\\/inicio\\\/interesse-repentino-de-adriao-barbosa-pelo-transporte-publico-de-alagoinhas-causa-estranheza-por-caio-pimenta\\\/#blogposting\",\"name\":\"Interesse repentino de Adri\\u00e3o Barbosa pelo transporte p\\u00fablico de Alagoinhas causa estranheza \\u2013 Por Caio Pimenta - News In Foco - Editado por Caio Pimenta\",\"headline\":\"Interesse repentino de Adri\\u00e3o Barbosa pelo transporte p\\u00fablico de Alagoinhas causa estranheza &#8211; Por Caio Pimenta\",\"author\":{\"@id\":\"https:\\\/\\\/newsinfoco.com.br\\\/inicio\\\/author\\\/administrador\\\/#author\"},\"publisher\":{\"@id\":\"https:\\\/\\\/newsinfoco.com.br\\\/inicio\\\/#organization\"},\"image\":{\"@type\":\"ImageObject\",\"url\":\"https:\\\/\\\/newsinfoco.com.br\\\/inicio\\\/wp-content\\\/uploads\\\/2020\\\/02\\\/Adri\\u00e3o-Barbosa.jpg\",\"width\":640,\"height\":640},\"datePublished\":\"2023-03-30T16:53:14-03:00\",\"dateModified\":\"2023-03-30T17:40:58-03:00\",\"inLanguage\":\"pt-BR\",\"mainEntityOfPage\":{\"@id\":\"https:\\\/\\\/newsinfoco.com.br\\\/inicio\\\/interesse-repentino-de-adriao-barbosa-pelo-transporte-publico-de-alagoinhas-causa-estranheza-por-caio-pimenta\\\/#webpage\"},\"isPartOf\":{\"@id\":\"https:\\\/\\\/newsinfoco.com.br\\\/inicio\\\/interesse-repentino-de-adriao-barbosa-pelo-transporte-publico-de-alagoinhas-causa-estranheza-por-caio-pimenta\\\/#webpage\"},\"articleSection\":\"Caio Pimenta\"},{\"@type\":\"BreadcrumbList\",\"@id\":\"https:\\\/\\\/newsinfoco.com.br\\\/inicio\\\/interesse-repentino-de-adriao-barbosa-pelo-transporte-publico-de-alagoinhas-causa-estranheza-por-caio-pimenta\\\/#breadcrumblist\",\"itemListElement\":[{\"@type\":\"ListItem\",\"@id\":\"https:\\\/\\\/newsinfoco.com.br\\\/inicio#listItem\",\"position\":1,\"name\":\"In\\u00edcio\",\"item\":\"https:\\\/\\\/newsinfoco.com.br\\\/inicio\",\"nextItem\":{\"@type\":\"ListItem\",\"@id\":\"https:\\\/\\\/newsinfoco.com.br\\\/inicio\\\/category\\\/caio-pimenta\\\/#listItem\",\"name\":\"Caio Pimenta\"}},{\"@type\":\"ListItem\",\"@id\":\"https:\\\/\\\/newsinfoco.com.br\\\/inicio\\\/category\\\/caio-pimenta\\\/#listItem\",\"position\":2,\"name\":\"Caio Pimenta\",\"item\":\"https:\\\/\\\/newsinfoco.com.br\\\/inicio\\\/category\\\/caio-pimenta\\\/\",\"nextItem\":{\"@type\":\"ListItem\",\"@id\":\"https:\\\/\\\/newsinfoco.com.br\\\/inicio\\\/interesse-repentino-de-adriao-barbosa-pelo-transporte-publico-de-alagoinhas-causa-estranheza-por-caio-pimenta\\\/#listItem\",\"name\":\"Interesse repentino de Adri\\u00e3o Barbosa pelo transporte p\\u00fablico de Alagoinhas causa estranheza &#8211; Por Caio Pimenta\"},\"previousItem\":{\"@type\":\"ListItem\",\"@id\":\"https:\\\/\\\/newsinfoco.com.br\\\/inicio#listItem\",\"name\":\"In\\u00edcio\"}},{\"@type\":\"ListItem\",\"@id\":\"https:\\\/\\\/newsinfoco.com.br\\\/inicio\\\/interesse-repentino-de-adriao-barbosa-pelo-transporte-publico-de-alagoinhas-causa-estranheza-por-caio-pimenta\\\/#listItem\",\"position\":3,\"name\":\"Interesse repentino de Adri\\u00e3o Barbosa pelo transporte p\\u00fablico de Alagoinhas causa estranheza &#8211; Por Caio Pimenta\",\"previousItem\":{\"@type\":\"ListItem\",\"@id\":\"https:\\\/\\\/newsinfoco.com.br\\\/inicio\\\/category\\\/caio-pimenta\\\/#listItem\",\"name\":\"Caio Pimenta\"}}]},{\"@type\":\"Organization\",\"@id\":\"https:\\\/\\\/newsinfoco.com.br\\\/inicio\\\/#organization\",\"name\":\"News In Foco - Editado por Caio Pimenta\",\"description\":\"O principal site de noticias de Alagoinhas e regi\\u00e3o\",\"url\":\"https:\\\/\\\/newsinfoco.com.br\\\/inicio\\\/\"},{\"@type\":\"Person\",\"@id\":\"https:\\\/\\\/newsinfoco.com.br\\\/inicio\\\/author\\\/administrador\\\/#author\",\"url\":\"https:\\\/\\\/newsinfoco.com.br\\\/inicio\\\/author\\\/administrador\\\/\",\"name\":\"administrador\",\"image\":{\"@type\":\"ImageObject\",\"@id\":\"https:\\\/\\\/newsinfoco.com.br\\\/inicio\\\/interesse-repentino-de-adriao-barbosa-pelo-transporte-publico-de-alagoinhas-causa-estranheza-por-caio-pimenta\\\/#authorImage\",\"url\":\"https:\\\/\\\/secure.gravatar.com\\\/avatar\\\/c17a617433de8c1dc9584bb79aab7563b46f5bb7e1728c9b17d9cc3ce6a08e49?s=96&d=mm&r=g\",\"width\":96,\"height\":96,\"caption\":\"administrador\"}},{\"@type\":\"WebPage\",\"@id\":\"https:\\\/\\\/newsinfoco.com.br\\\/inicio\\\/interesse-repentino-de-adriao-barbosa-pelo-transporte-publico-de-alagoinhas-causa-estranheza-por-caio-pimenta\\\/#webpage\",\"url\":\"https:\\\/\\\/newsinfoco.com.br\\\/inicio\\\/interesse-repentino-de-adriao-barbosa-pelo-transporte-publico-de-alagoinhas-causa-estranheza-por-caio-pimenta\\\/\",\"name\":\"Interesse repentino de Adri\\u00e3o Barbosa pelo transporte p\\u00fablico de Alagoinhas causa estranheza \\u2013 Por Caio Pimenta - News In Foco - Editado por Caio Pimenta\",\"description\":\"A recente movimenta\\u00e7\\u00e3o do presidente do sindicato dos comerci\\u00e1rios de Alagoinhas, Adri\\u00e3o Barbosa, e o seu repentino interesse pelo tema transporte p\\u00fablico local causou estranheza no meio politico e em setores empresariais da cidade. Em entrevista concedida ontem(28) ao programa Digital News, da r\\u00e1dio Digital FM, o sindicalista cobrou da SMTT a extens\\u00e3o do hor\\u00e1rio\",\"inLanguage\":\"pt-BR\",\"isPartOf\":{\"@id\":\"https:\\\/\\\/newsinfoco.com.br\\\/inicio\\\/#website\"},\"breadcrumb\":{\"@id\":\"https:\\\/\\\/newsinfoco.com.br\\\/inicio\\\/interesse-repentino-de-adriao-barbosa-pelo-transporte-publico-de-alagoinhas-causa-estranheza-por-caio-pimenta\\\/#breadcrumblist\"},\"author\":{\"@id\":\"https:\\\/\\\/newsinfoco.com.br\\\/inicio\\\/author\\\/administrador\\\/#author\"},\"creator\":{\"@id\":\"https:\\\/\\\/newsinfoco.com.br\\\/inicio\\\/author\\\/administrador\\\/#author\"},\"image\":{\"@type\":\"ImageObject\",\"url\":\"https:\\\/\\\/newsinfoco.com.br\\\/inicio\\\/wp-content\\\/uploads\\\/2020\\\/02\\\/Adri\\u00e3o-Barbosa.jpg\",\"@id\":\"https:\\\/\\\/newsinfoco.com.br\\\/inicio\\\/interesse-repentino-de-adriao-barbosa-pelo-transporte-publico-de-alagoinhas-causa-estranheza-por-caio-pimenta\\\/#mainImage\",\"width\":640,\"height\":640},\"primaryImageOfPage\":{\"@id\":\"https:\\\/\\\/newsinfoco.com.br\\\/inicio\\\/interesse-repentino-de-adriao-barbosa-pelo-transporte-publico-de-alagoinhas-causa-estranheza-por-caio-pimenta\\\/#mainImage\"},\"datePublished\":\"2023-03-30T16:53:14-03:00\",\"dateModified\":\"2023-03-30T17:40:58-03:00\"},{\"@type\":\"WebSite\",\"@id\":\"https:\\\/\\\/newsinfoco.com.br\\\/inicio\\\/#website\",\"url\":\"https:\\\/\\\/newsinfoco.com.br\\\/inicio\\\/\",\"name\":\"News In Foco - Editado por Caio Pimenta\",\"description\":\"O principal site de noticias de Alagoinhas e regi\\u00e3o\",\"inLanguage\":\"pt-BR\",\"publisher\":{\"@id\":\"https:\\\/\\\/newsinfoco.com.br\\\/inicio\\\/#organization\"}}]}\n\t\t<\/script>\n\t\t<!-- All in One SEO -->\n\n","aioseo_head_json":{"title":"Interesse repentino de Adri\u00e3o Barbosa pelo transporte p\u00fablico de Alagoinhas causa estranheza \u2013 Por Caio Pimenta - News In Foco - Editado por Caio Pimenta","description":"A recente movimenta\u00e7\u00e3o do presidente do sindicato dos comerci\u00e1rios de Alagoinhas, Adri\u00e3o Barbosa, e o seu repentino interesse pelo tema transporte p\u00fablico local causou estranheza no meio politico e em setores empresariais da cidade. Em entrevista concedida ontem(28) ao programa Digital News, da r\u00e1dio Digital FM, o sindicalista cobrou da SMTT a extens\u00e3o do hor\u00e1rio","canonical_url":"https:\/\/newsinfoco.com.br\/inicio\/interesse-repentino-de-adriao-barbosa-pelo-transporte-publico-de-alagoinhas-causa-estranheza-por-caio-pimenta\/","robots":"max-image-preview:large","keywords":"","webmasterTools":{"miscellaneous":""},"schema":{"@context":"https:\/\/schema.org","@graph":[{"@type":"BlogPosting","@id":"https:\/\/newsinfoco.com.br\/inicio\/interesse-repentino-de-adriao-barbosa-pelo-transporte-publico-de-alagoinhas-causa-estranheza-por-caio-pimenta\/#blogposting","name":"Interesse repentino de Adri\u00e3o Barbosa pelo transporte p\u00fablico de Alagoinhas causa estranheza \u2013 Por Caio Pimenta - News In Foco - Editado por Caio Pimenta","headline":"Interesse repentino de Adri\u00e3o Barbosa pelo transporte p\u00fablico de Alagoinhas causa estranheza &#8211; Por Caio Pimenta","author":{"@id":"https:\/\/newsinfoco.com.br\/inicio\/author\/administrador\/#author"},"publisher":{"@id":"https:\/\/newsinfoco.com.br\/inicio\/#organization"},"image":{"@type":"ImageObject","url":"https:\/\/newsinfoco.com.br\/inicio\/wp-content\/uploads\/2020\/02\/Adri\u00e3o-Barbosa.jpg","width":640,"height":640},"datePublished":"2023-03-30T16:53:14-03:00","dateModified":"2023-03-30T17:40:58-03:00","inLanguage":"pt-BR","mainEntityOfPage":{"@id":"https:\/\/newsinfoco.com.br\/inicio\/interesse-repentino-de-adriao-barbosa-pelo-transporte-publico-de-alagoinhas-causa-estranheza-por-caio-pimenta\/#webpage"},"isPartOf":{"@id":"https:\/\/newsinfoco.com.br\/inicio\/interesse-repentino-de-adriao-barbosa-pelo-transporte-publico-de-alagoinhas-causa-estranheza-por-caio-pimenta\/#webpage"},"articleSection":"Caio Pimenta"},{"@type":"BreadcrumbList","@id":"https:\/\/newsinfoco.com.br\/inicio\/interesse-repentino-de-adriao-barbosa-pelo-transporte-publico-de-alagoinhas-causa-estranheza-por-caio-pimenta\/#breadcrumblist","itemListElement":[{"@type":"ListItem","@id":"https:\/\/newsinfoco.com.br\/inicio#listItem","position":1,"name":"In\u00edcio","item":"https:\/\/newsinfoco.com.br\/inicio","nextItem":{"@type":"ListItem","@id":"https:\/\/newsinfoco.com.br\/inicio\/category\/caio-pimenta\/#listItem","name":"Caio Pimenta"}},{"@type":"ListItem","@id":"https:\/\/newsinfoco.com.br\/inicio\/category\/caio-pimenta\/#listItem","position":2,"name":"Caio Pimenta","item":"https:\/\/newsinfoco.com.br\/inicio\/category\/caio-pimenta\/","nextItem":{"@type":"ListItem","@id":"https:\/\/newsinfoco.com.br\/inicio\/interesse-repentino-de-adriao-barbosa-pelo-transporte-publico-de-alagoinhas-causa-estranheza-por-caio-pimenta\/#listItem","name":"Interesse repentino de Adri\u00e3o Barbosa pelo transporte p\u00fablico de Alagoinhas causa estranheza &#8211; Por Caio Pimenta"},"previousItem":{"@type":"ListItem","@id":"https:\/\/newsinfoco.com.br\/inicio#listItem","name":"In\u00edcio"}},{"@type":"ListItem","@id":"https:\/\/newsinfoco.com.br\/inicio\/interesse-repentino-de-adriao-barbosa-pelo-transporte-publico-de-alagoinhas-causa-estranheza-por-caio-pimenta\/#listItem","position":3,"name":"Interesse repentino de Adri\u00e3o Barbosa pelo transporte p\u00fablico de Alagoinhas causa estranheza &#8211; Por Caio Pimenta","previousItem":{"@type":"ListItem","@id":"https:\/\/newsinfoco.com.br\/inicio\/category\/caio-pimenta\/#listItem","name":"Caio Pimenta"}}]},{"@type":"Organization","@id":"https:\/\/newsinfoco.com.br\/inicio\/#organization","name":"News In Foco - Editado por Caio Pimenta","description":"O principal site de noticias de Alagoinhas e regi\u00e3o","url":"https:\/\/newsinfoco.com.br\/inicio\/"},{"@type":"Person","@id":"https:\/\/newsinfoco.com.br\/inicio\/author\/administrador\/#author","url":"https:\/\/newsinfoco.com.br\/inicio\/author\/administrador\/","name":"administrador","image":{"@type":"ImageObject","@id":"https:\/\/newsinfoco.com.br\/inicio\/interesse-repentino-de-adriao-barbosa-pelo-transporte-publico-de-alagoinhas-causa-estranheza-por-caio-pimenta\/#authorImage","url":"https:\/\/secure.gravatar.com\/avatar\/c17a617433de8c1dc9584bb79aab7563b46f5bb7e1728c9b17d9cc3ce6a08e49?s=96&d=mm&r=g","width":96,"height":96,"caption":"administrador"}},{"@type":"WebPage","@id":"https:\/\/newsinfoco.com.br\/inicio\/interesse-repentino-de-adriao-barbosa-pelo-transporte-publico-de-alagoinhas-causa-estranheza-por-caio-pimenta\/#webpage","url":"https:\/\/newsinfoco.com.br\/inicio\/interesse-repentino-de-adriao-barbosa-pelo-transporte-publico-de-alagoinhas-causa-estranheza-por-caio-pimenta\/","name":"Interesse repentino de Adri\u00e3o Barbosa pelo transporte p\u00fablico de Alagoinhas causa estranheza \u2013 Por Caio Pimenta - News In Foco - Editado por Caio Pimenta","description":"A recente movimenta\u00e7\u00e3o do presidente do sindicato dos comerci\u00e1rios de Alagoinhas, Adri\u00e3o Barbosa, e o seu repentino interesse pelo tema transporte p\u00fablico local causou estranheza no meio politico e em setores empresariais da cidade. Em entrevista concedida ontem(28) ao programa Digital News, da r\u00e1dio Digital FM, o sindicalista cobrou da SMTT a extens\u00e3o do hor\u00e1rio","inLanguage":"pt-BR","isPartOf":{"@id":"https:\/\/newsinfoco.com.br\/inicio\/#website"},"breadcrumb":{"@id":"https:\/\/newsinfoco.com.br\/inicio\/interesse-repentino-de-adriao-barbosa-pelo-transporte-publico-de-alagoinhas-causa-estranheza-por-caio-pimenta\/#breadcrumblist"},"author":{"@id":"https:\/\/newsinfoco.com.br\/inicio\/author\/administrador\/#author"},"creator":{"@id":"https:\/\/newsinfoco.com.br\/inicio\/author\/administrador\/#author"},"image":{"@type":"ImageObject","url":"https:\/\/newsinfoco.com.br\/inicio\/wp-content\/uploads\/2020\/02\/Adri\u00e3o-Barbosa.jpg","@id":"https:\/\/newsinfoco.com.br\/inicio\/interesse-repentino-de-adriao-barbosa-pelo-transporte-publico-de-alagoinhas-causa-estranheza-por-caio-pimenta\/#mainImage","width":640,"height":640},"primaryImageOfPage":{"@id":"https:\/\/newsinfoco.com.br\/inicio\/interesse-repentino-de-adriao-barbosa-pelo-transporte-publico-de-alagoinhas-causa-estranheza-por-caio-pimenta\/#mainImage"},"datePublished":"2023-03-30T16:53:14-03:00","dateModified":"2023-03-30T17:40:58-03:00"},{"@type":"WebSite","@id":"https:\/\/newsinfoco.com.br\/inicio\/#website","url":"https:\/\/newsinfoco.com.br\/inicio\/","name":"News In Foco - Editado por Caio Pimenta","description":"O principal site de noticias de Alagoinhas e regi\u00e3o","inLanguage":"pt-BR","publisher":{"@id":"https:\/\/newsinfoco.com.br\/inicio\/#organization"}}]},"og:locale":"pt_BR","og:site_name":"News In Foco - Editado por Caio Pimenta - O principal site de noticias de Alagoinhas e regi\u00e3o","og:type":"article","og:title":"Interesse repentino de Adri\u00e3o Barbosa pelo transporte p\u00fablico de Alagoinhas causa estranheza \u2013 Por Caio Pimenta - News In Foco - Editado por Caio Pimenta","og:description":"A recente movimenta\u00e7\u00e3o do presidente do sindicato dos comerci\u00e1rios de Alagoinhas, Adri\u00e3o Barbosa, e o seu repentino interesse pelo tema transporte p\u00fablico local causou estranheza no meio politico e em setores empresariais da cidade. Em entrevista concedida ontem(28) ao programa Digital News, da r\u00e1dio Digital FM, o sindicalista cobrou da SMTT a extens\u00e3o do hor\u00e1rio","og:url":"https:\/\/newsinfoco.com.br\/inicio\/interesse-repentino-de-adriao-barbosa-pelo-transporte-publico-de-alagoinhas-causa-estranheza-por-caio-pimenta\/","article:published_time":"2023-03-30T19:53:14+00:00","article:modified_time":"2023-03-30T20:40:58+00:00","twitter:card":"summary_large_image","twitter:title":"Interesse repentino de Adri\u00e3o Barbosa pelo transporte p\u00fablico de Alagoinhas causa estranheza \u2013 Por Caio Pimenta - News In Foco - Editado por Caio Pimenta","twitter:description":"A recente movimenta\u00e7\u00e3o do presidente do sindicato dos comerci\u00e1rios de Alagoinhas, Adri\u00e3o Barbosa, e o seu repentino interesse pelo tema transporte p\u00fablico local causou estranheza no meio politico e em setores empresariais da cidade. Em entrevista concedida ontem(28) ao programa Digital News, da r\u00e1dio Digital FM, o sindicalista cobrou da SMTT a extens\u00e3o do hor\u00e1rio"},"aioseo_meta_data":{"post_id":"33467","title":null,"description":null,"keywords":null,"keyphrases":null,"primary_term":null,"canonical_url":null,"og_title":null,"og_description":null,"og_object_type":"default","og_image_type":"default","og_image_url":null,"og_image_width":null,"og_image_height":null,"og_image_custom_url":null,"og_image_custom_fields":null,"og_video":null,"og_custom_url":null,"og_article_section":null,"og_article_tags":null,"twitter_use_og":false,"twitter_card":"default","twitter_image_type":"default","twitter_image_url":null,"twitter_image_custom_url":null,"twitter_image_custom_fields":null,"twitter_title":null,"twitter_description":null,"schema":{"blockGraphs":[],"customGraphs":[],"default":{"data":{"Article":[],"Course":[],"Dataset":[],"FAQPage":[],"Movie":[],"Person":[],"Product":[],"ProductReview":[],"Car":[],"Recipe":[],"Service":[],"SoftwareApplication":[],"WebPage":[]},"graphName":"","isEnabled":true},"graphs":[]},"schema_type":"default","schema_type_options":null,"pillar_content":false,"robots_default":true,"robots_noindex":false,"robots_noarchive":false,"robots_nosnippet":false,"robots_nofollow":false,"robots_noimageindex":false,"robots_noodp":false,"robots_notranslate":false,"robots_max_snippet":null,"robots_max_videopreview":null,"robots_max_imagepreview":"large","priority":null,"frequency":null,"local_seo":null,"breadcrumb_settings":null,"limit_modified_date":false,"ai":null,"created":"2023-06-12 23:09:01","updated":"2025-07-11 09:25:44","seo_analyzer_scan_date":null},"aioseo_breadcrumb":"<div class=\"aioseo-breadcrumbs\"><span class=\"aioseo-breadcrumb\">\n\t\t\t<a href=\"https:\/\/newsinfoco.com.br\/inicio\" title=\"In\u00edcio\">In\u00edcio<\/a>\n\t\t<\/span><span class=\"aioseo-breadcrumb-separator\">&raquo;<\/span><span class=\"aioseo-breadcrumb\">\n\t\t\t<a href=\"https:\/\/newsinfoco.com.br\/inicio\/category\/caio-pimenta\/\" title=\"Caio Pimenta\">Caio Pimenta<\/a>\n\t\t<\/span><span class=\"aioseo-breadcrumb-separator\">&raquo;<\/span><span class=\"aioseo-breadcrumb\">\n\t\t\tInteresse repentino de Adri\u00e3o Barbosa pelo transporte p\u00fablico de Alagoinhas causa estranheza \u2013 Por Caio Pimenta\n\t\t<\/span><\/div>","aioseo_breadcrumb_json":[{"label":"In\u00edcio","link":"https:\/\/newsinfoco.com.br\/inicio"},{"label":"Caio Pimenta","link":"https:\/\/newsinfoco.com.br\/inicio\/category\/caio-pimenta\/"},{"label":"Interesse repentino de Adri\u00e3o Barbosa pelo transporte p\u00fablico de Alagoinhas causa estranheza &#8211; Por Caio Pimenta","link":"https:\/\/newsinfoco.com.br\/inicio\/interesse-repentino-de-adriao-barbosa-pelo-transporte-publico-de-alagoinhas-causa-estranheza-por-caio-pimenta\/"}],"_links":{"self":[{"href":"https:\/\/newsinfoco.com.br\/inicio\/wp-json\/wp\/v2\/posts\/33467","targetHints":{"allow":["GET"]}}],"collection":[{"href":"https:\/\/newsinfoco.com.br\/inicio\/wp-json\/wp\/v2\/posts"}],"about":[{"href":"https:\/\/newsinfoco.com.br\/inicio\/wp-json\/wp\/v2\/types\/post"}],"author":[{"embeddable":true,"href":"https:\/\/newsinfoco.com.br\/inicio\/wp-json\/wp\/v2\/users\/1"}],"replies":[{"embeddable":true,"href":"https:\/\/newsinfoco.com.br\/inicio\/wp-json\/wp\/v2\/comments?post=33467"}],"version-history":[{"count":5,"href":"https:\/\/newsinfoco.com.br\/inicio\/wp-json\/wp\/v2\/posts\/33467\/revisions"}],"predecessor-version":[{"id":33472,"href":"https:\/\/newsinfoco.com.br\/inicio\/wp-json\/wp\/v2\/posts\/33467\/revisions\/33472"}],"wp:featuredmedia":[{"embeddable":true,"href":"https:\/\/newsinfoco.com.br\/inicio\/wp-json\/wp\/v2\/media\/20237"}],"wp:attachment":[{"href":"https:\/\/newsinfoco.com.br\/inicio\/wp-json\/wp\/v2\/media?parent=33467"}],"wp:term":[{"taxonomy":"category","embeddable":true,"href":"https:\/\/newsinfoco.com.br\/inicio\/wp-json\/wp\/v2\/categories?post=33467"},{"taxonomy":"post_tag","embeddable":true,"href":"https:\/\/newsinfoco.com.br\/inicio\/wp-json\/wp\/v2\/tags?post=33467"}],"curies":[{"name":"wp","href":"https:\/\/api.w.org\/{rel}","templated":true}]}}