{"id":33479,"date":"2023-03-31T18:57:08","date_gmt":"2023-03-31T21:57:08","guid":{"rendered":"https:\/\/newsinfoco.com.br\/inicio\/?p=33479"},"modified":"2023-03-31T18:59:27","modified_gmt":"2023-03-31T21:59:27","slug":"sindmetro-critica-sindicato-dos-comerciarios-de-alagoinhas-precarizam-a-lei-trabalhista","status":"publish","type":"post","link":"https:\/\/newsinfoco.com.br\/inicio\/sindmetro-critica-sindicato-dos-comerciarios-de-alagoinhas-precarizam-a-lei-trabalhista\/","title":{"rendered":"Sindmetro critica sindicato dos comerci\u00e1rios de Alagoinhas, &#8220;precarizam a lei trabalhista&#8221;"},"content":{"rendered":"<p>Os diretores do Sindicato dos Rodovi\u00e1rios de Alagoinhas(Sindmetro), Mario Cleber e Gil Alagoinhas, criticaram a atua\u00e7\u00e3o do sindicato dos comerci\u00e1rios de Alagoinhas na discuss\u00e3o sobre o transporte p\u00fablico de Alagoinhas.<\/p>\n<p>Em entrevista concedida ao programa Jornal dos Munic\u00edpios, da r\u00e1dio Digital FM, os representantes dos rodovi\u00e1rios se queixaram da falta de convite do sindicato dos comerci\u00e1rios \u00e0 uma reuni\u00e3o realizada na \u00faltima segunda-feira para discuss\u00e3o do tema.<\/p>\n<p>Ap\u00f3s a reuni\u00e3o, Adri\u00e3o Barbosa, presidente do sindicato dos comerci\u00e1rios, cobrou publicamente mudan\u00e7as no sistema, segundo ele, para atender demandas dos comerci\u00e1rios como extens\u00e3o de hor\u00e1rio e aumento de linhas de \u00f4nibus.<\/p>\n<p>Na entrevista, M\u00e1rio Cl\u00e9ber acusou o sindicato dos comerci\u00e1rios, e outras entidades sindicais, de contribu\u00edrem para a precariedade do transporte p\u00fablico ao permitir que o auxilio transporte do empregado seja pago em dinheiro pelo empregador, e n\u00e3o em vale-transporte, como preconiza a lei trabalhista. Nas palavras de M\u00e1rio Cleber &#8220;as entidades sindicais de Alagoinhas precarizam a lei trabalhista&#8221; ao permitir tal situa\u00e7\u00e3o.<\/p>\n<p>Ontem, a coluna Opini\u00e3o, escrita pelo Dr. Caio Pimenta neste News Infoco, revelou a exist\u00eancia de um acordo antigo entre sindicato patronal e sindicato dos comerci\u00e1rios, autorizando os comerciantes de Alagoinhas a pagarem em pec\u00fania o auxilio transporte, caso queiram.<\/p>\n<p>Uma consulta realizada pela mesma coluna ao sistema de bilhetagem eletr\u00f4nica identificou que apenas cerca de 18% dos comerci\u00e1rios recebem vale-transporte de seus patr\u00f5es. O restante, cerca de 82%, n\u00e3o utiliza o transporte p\u00fablico. A falta desses 82% de comerci\u00e1rios no sistema de transporte p\u00fablico faz com que cerca de R$ 597.780,00 deixem de entrar mensalmente no sistema. Dinheiro que poderia financiar renova\u00e7\u00e3o de frota, ativa\u00e7\u00e3o de novas linhas e at\u00e9 diminui\u00e7\u00e3o de tarifa.<\/p>\n<p>Os diretores do Sindmetro afirmaram que devido a pandemia o sistema de transporte p\u00fablico em todo o pa\u00eds passa por dificuldades. De acordo com eles, s\u00f3 a tarifa n\u00e3o remunera mais o sistema e meios de injetar recursos no sistema devem ser implementados para suprir esse d\u00e9ficit.<\/p>\n<p>O Sindmetro elogiou a atua\u00e7\u00e3o da Comiss\u00e3o de Transportes da C\u00e2mara Municipal de Alagoinhas composto pelos vereadores Anderson Baqueiro(UB), Juracy Nascimento(PROS) e Codoro(MDB). Segundo os diretores sindicais, reuni\u00f5es frequentes tem sido realizadas e propostas para supera\u00e7\u00e3o dos problemas do setor devem ser implementadas.<\/p>\n<p>&nbsp;<\/p>\n<div class='share-to-whatsapp-wrapper'><div class='share-on-whsp'>Share on: <\/div><a data-text='Sindmetro critica sindicato dos comerci\u00e1rios de Alagoinhas, \"precarizam a lei trabalhista\"' data-link='https:\/\/newsinfoco.com.br\/inicio\/sindmetro-critica-sindicato-dos-comerciarios-de-alagoinhas-precarizam-a-lei-trabalhista\/' class='whatsapp-button whatsapp-share'>WhatsApp<\/a><div class='clear '><\/div><\/div>","protected":false},"excerpt":{"rendered":"<p>Os diretores do Sindicato dos Rodovi\u00e1rios de Alagoinhas(Sindmetro), Mario Cleber e Gil Alagoinhas, criticaram a atua\u00e7\u00e3o do sindicato dos comerci\u00e1rios de Alagoinhas na discuss\u00e3o sobre o transporte p\u00fablico de Alagoinhas. Em entrevista concedida ao programa Jornal dos Munic\u00edpios, da r\u00e1dio Digital FM, os representantes dos rodovi\u00e1rios se queixaram da falta de convite do sindicato dos [&hellip;]<\/p>\n","protected":false},"author":1,"featured_media":33482,"comment_status":"closed","ping_status":"closed","sticky":false,"template":"","format":"standard","meta":{"om_disable_all_campaigns":false,"rop_custom_images_group":[],"rop_custom_messages_group":[],"rop_publish_now":"initial","rop_publish_now_accounts":[],"rop_publish_now_history":[],"rop_publish_now_status":"pending","_exactmetrics_skip_tracking":false,"footnotes":""},"categories":[38,167],"tags":[],"class_list":["post-33479","post","type-post","status-publish","format-standard","has-post-thumbnail","hentry","category-alagoinhas-e-regiao","category-exclusivas"],"aioseo_notices":[],"aioseo_head":"\n\t\t<!-- All in One SEO 4.9.10 - aioseo.com -->\n\t<meta name=\"description\" content=\"Os diretores do Sindicato dos Rodovi\u00e1rios de Alagoinhas(Sindmetro), Mario Cleber e Gil Alagoinhas, criticaram a atua\u00e7\u00e3o do sindicato dos comerci\u00e1rios de Alagoinhas na discuss\u00e3o sobre o transporte p\u00fablico de Alagoinhas. Em entrevista concedida ao programa Jornal dos Munic\u00edpios, da r\u00e1dio Digital FM, os representantes dos rodovi\u00e1rios se queixaram da falta de convite do sindicato dos\" \/>\n\t<meta name=\"robots\" content=\"max-image-preview:large\" \/>\n\t<meta name=\"author\" content=\"administrador\"\/>\n\t<link rel=\"canonical\" href=\"https:\/\/newsinfoco.com.br\/inicio\/sindmetro-critica-sindicato-dos-comerciarios-de-alagoinhas-precarizam-a-lei-trabalhista\/\" \/>\n\t<meta name=\"generator\" content=\"All in One SEO (AIOSEO) 4.9.10\" \/>\n\t\t<meta property=\"og:locale\" content=\"pt_BR\" \/>\n\t\t<meta property=\"og:site_name\" content=\"News In Foco - Editado por Caio Pimenta - O principal site de noticias de Alagoinhas e regi\u00e3o\" \/>\n\t\t<meta property=\"og:type\" content=\"article\" \/>\n\t\t<meta property=\"og:title\" content=\"Sindmetro critica sindicato dos comerci\u00e1rios de Alagoinhas, \u201cprecarizam a lei trabalhista\u201d - News In Foco - Editado por Caio Pimenta\" \/>\n\t\t<meta property=\"og:description\" content=\"Os diretores do Sindicato dos Rodovi\u00e1rios de Alagoinhas(Sindmetro), Mario Cleber e Gil Alagoinhas, criticaram a atua\u00e7\u00e3o do sindicato dos comerci\u00e1rios de Alagoinhas na discuss\u00e3o sobre o transporte p\u00fablico de Alagoinhas. Em entrevista concedida ao programa Jornal dos Munic\u00edpios, da r\u00e1dio Digital FM, os representantes dos rodovi\u00e1rios se queixaram da falta de convite do sindicato dos\" \/>\n\t\t<meta property=\"og:url\" content=\"https:\/\/newsinfoco.com.br\/inicio\/sindmetro-critica-sindicato-dos-comerciarios-de-alagoinhas-precarizam-a-lei-trabalhista\/\" \/>\n\t\t<meta property=\"article:published_time\" content=\"2023-03-31T21:57:08+00:00\" \/>\n\t\t<meta property=\"article:modified_time\" content=\"2023-03-31T21:59:27+00:00\" \/>\n\t\t<meta name=\"twitter:card\" content=\"summary_large_image\" \/>\n\t\t<meta name=\"twitter:title\" content=\"Sindmetro critica sindicato dos comerci\u00e1rios de Alagoinhas, \u201cprecarizam a lei trabalhista\u201d - News In Foco - Editado por Caio Pimenta\" \/>\n\t\t<meta name=\"twitter:description\" content=\"Os diretores do Sindicato dos Rodovi\u00e1rios de Alagoinhas(Sindmetro), Mario Cleber e Gil Alagoinhas, criticaram a atua\u00e7\u00e3o do sindicato dos comerci\u00e1rios de Alagoinhas na discuss\u00e3o sobre o transporte p\u00fablico de Alagoinhas. Em entrevista concedida ao programa Jornal dos Munic\u00edpios, da r\u00e1dio Digital FM, os representantes dos rodovi\u00e1rios se queixaram da falta de convite do sindicato dos\" \/>\n\t\t<script type=\"application\/ld+json\" class=\"aioseo-schema\">\n\t\t\t{\"@context\":\"https:\\\/\\\/schema.org\",\"@graph\":[{\"@type\":\"BlogPosting\",\"@id\":\"https:\\\/\\\/newsinfoco.com.br\\\/inicio\\\/sindmetro-critica-sindicato-dos-comerciarios-de-alagoinhas-precarizam-a-lei-trabalhista\\\/#blogposting\",\"name\":\"Sindmetro critica sindicato dos comerci\\u00e1rios de Alagoinhas, \\u201cprecarizam a lei trabalhista\\u201d - News In Foco - Editado por Caio Pimenta\",\"headline\":\"Sindmetro critica sindicato dos comerci\\u00e1rios de Alagoinhas, &#8220;precarizam a lei trabalhista&#8221;\",\"author\":{\"@id\":\"https:\\\/\\\/newsinfoco.com.br\\\/inicio\\\/author\\\/administrador\\\/#author\"},\"publisher\":{\"@id\":\"https:\\\/\\\/newsinfoco.com.br\\\/inicio\\\/#organization\"},\"image\":{\"@type\":\"ImageObject\",\"url\":\"https:\\\/\\\/newsinfoco.com.br\\\/inicio\\\/wp-content\\\/uploads\\\/2023\\\/03\\\/rodoviarios.jpg\",\"width\":800,\"height\":600},\"datePublished\":\"2023-03-31T18:57:08-03:00\",\"dateModified\":\"2023-03-31T18:59:27-03:00\",\"inLanguage\":\"pt-BR\",\"mainEntityOfPage\":{\"@id\":\"https:\\\/\\\/newsinfoco.com.br\\\/inicio\\\/sindmetro-critica-sindicato-dos-comerciarios-de-alagoinhas-precarizam-a-lei-trabalhista\\\/#webpage\"},\"isPartOf\":{\"@id\":\"https:\\\/\\\/newsinfoco.com.br\\\/inicio\\\/sindmetro-critica-sindicato-dos-comerciarios-de-alagoinhas-precarizam-a-lei-trabalhista\\\/#webpage\"},\"articleSection\":\"Alagoinhas e Regi\\u00e3o, Manchete\"},{\"@type\":\"BreadcrumbList\",\"@id\":\"https:\\\/\\\/newsinfoco.com.br\\\/inicio\\\/sindmetro-critica-sindicato-dos-comerciarios-de-alagoinhas-precarizam-a-lei-trabalhista\\\/#breadcrumblist\",\"itemListElement\":[{\"@type\":\"ListItem\",\"@id\":\"https:\\\/\\\/newsinfoco.com.br\\\/inicio#listItem\",\"position\":1,\"name\":\"In\\u00edcio\",\"item\":\"https:\\\/\\\/newsinfoco.com.br\\\/inicio\",\"nextItem\":{\"@type\":\"ListItem\",\"@id\":\"https:\\\/\\\/newsinfoco.com.br\\\/inicio\\\/category\\\/alagoinhas-e-regiao\\\/#listItem\",\"name\":\"Alagoinhas e Regi\\u00e3o\"}},{\"@type\":\"ListItem\",\"@id\":\"https:\\\/\\\/newsinfoco.com.br\\\/inicio\\\/category\\\/alagoinhas-e-regiao\\\/#listItem\",\"position\":2,\"name\":\"Alagoinhas e Regi\\u00e3o\",\"item\":\"https:\\\/\\\/newsinfoco.com.br\\\/inicio\\\/category\\\/alagoinhas-e-regiao\\\/\",\"nextItem\":{\"@type\":\"ListItem\",\"@id\":\"https:\\\/\\\/newsinfoco.com.br\\\/inicio\\\/sindmetro-critica-sindicato-dos-comerciarios-de-alagoinhas-precarizam-a-lei-trabalhista\\\/#listItem\",\"name\":\"Sindmetro critica sindicato dos comerci\\u00e1rios de Alagoinhas, &#8220;precarizam a lei trabalhista&#8221;\"},\"previousItem\":{\"@type\":\"ListItem\",\"@id\":\"https:\\\/\\\/newsinfoco.com.br\\\/inicio#listItem\",\"name\":\"In\\u00edcio\"}},{\"@type\":\"ListItem\",\"@id\":\"https:\\\/\\\/newsinfoco.com.br\\\/inicio\\\/sindmetro-critica-sindicato-dos-comerciarios-de-alagoinhas-precarizam-a-lei-trabalhista\\\/#listItem\",\"position\":3,\"name\":\"Sindmetro critica sindicato dos comerci\\u00e1rios de Alagoinhas, &#8220;precarizam a lei trabalhista&#8221;\",\"previousItem\":{\"@type\":\"ListItem\",\"@id\":\"https:\\\/\\\/newsinfoco.com.br\\\/inicio\\\/category\\\/alagoinhas-e-regiao\\\/#listItem\",\"name\":\"Alagoinhas e Regi\\u00e3o\"}}]},{\"@type\":\"Organization\",\"@id\":\"https:\\\/\\\/newsinfoco.com.br\\\/inicio\\\/#organization\",\"name\":\"News In Foco - Editado por Caio Pimenta\",\"description\":\"O principal site de noticias de Alagoinhas e regi\\u00e3o\",\"url\":\"https:\\\/\\\/newsinfoco.com.br\\\/inicio\\\/\"},{\"@type\":\"Person\",\"@id\":\"https:\\\/\\\/newsinfoco.com.br\\\/inicio\\\/author\\\/administrador\\\/#author\",\"url\":\"https:\\\/\\\/newsinfoco.com.br\\\/inicio\\\/author\\\/administrador\\\/\",\"name\":\"administrador\",\"image\":{\"@type\":\"ImageObject\",\"@id\":\"https:\\\/\\\/newsinfoco.com.br\\\/inicio\\\/sindmetro-critica-sindicato-dos-comerciarios-de-alagoinhas-precarizam-a-lei-trabalhista\\\/#authorImage\",\"url\":\"https:\\\/\\\/secure.gravatar.com\\\/avatar\\\/c17a617433de8c1dc9584bb79aab7563b46f5bb7e1728c9b17d9cc3ce6a08e49?s=96&d=mm&r=g\",\"width\":96,\"height\":96,\"caption\":\"administrador\"}},{\"@type\":\"WebPage\",\"@id\":\"https:\\\/\\\/newsinfoco.com.br\\\/inicio\\\/sindmetro-critica-sindicato-dos-comerciarios-de-alagoinhas-precarizam-a-lei-trabalhista\\\/#webpage\",\"url\":\"https:\\\/\\\/newsinfoco.com.br\\\/inicio\\\/sindmetro-critica-sindicato-dos-comerciarios-de-alagoinhas-precarizam-a-lei-trabalhista\\\/\",\"name\":\"Sindmetro critica sindicato dos comerci\\u00e1rios de Alagoinhas, \\u201cprecarizam a lei trabalhista\\u201d - News In Foco - Editado por Caio Pimenta\",\"description\":\"Os diretores do Sindicato dos Rodovi\\u00e1rios de Alagoinhas(Sindmetro), Mario Cleber e Gil Alagoinhas, criticaram a atua\\u00e7\\u00e3o do sindicato dos comerci\\u00e1rios de Alagoinhas na discuss\\u00e3o sobre o transporte p\\u00fablico de Alagoinhas. Em entrevista concedida ao programa Jornal dos Munic\\u00edpios, da r\\u00e1dio Digital FM, os representantes dos rodovi\\u00e1rios se queixaram da falta de convite do sindicato dos\",\"inLanguage\":\"pt-BR\",\"isPartOf\":{\"@id\":\"https:\\\/\\\/newsinfoco.com.br\\\/inicio\\\/#website\"},\"breadcrumb\":{\"@id\":\"https:\\\/\\\/newsinfoco.com.br\\\/inicio\\\/sindmetro-critica-sindicato-dos-comerciarios-de-alagoinhas-precarizam-a-lei-trabalhista\\\/#breadcrumblist\"},\"author\":{\"@id\":\"https:\\\/\\\/newsinfoco.com.br\\\/inicio\\\/author\\\/administrador\\\/#author\"},\"creator\":{\"@id\":\"https:\\\/\\\/newsinfoco.com.br\\\/inicio\\\/author\\\/administrador\\\/#author\"},\"image\":{\"@type\":\"ImageObject\",\"url\":\"https:\\\/\\\/newsinfoco.com.br\\\/inicio\\\/wp-content\\\/uploads\\\/2023\\\/03\\\/rodoviarios.jpg\",\"@id\":\"https:\\\/\\\/newsinfoco.com.br\\\/inicio\\\/sindmetro-critica-sindicato-dos-comerciarios-de-alagoinhas-precarizam-a-lei-trabalhista\\\/#mainImage\",\"width\":800,\"height\":600},\"primaryImageOfPage\":{\"@id\":\"https:\\\/\\\/newsinfoco.com.br\\\/inicio\\\/sindmetro-critica-sindicato-dos-comerciarios-de-alagoinhas-precarizam-a-lei-trabalhista\\\/#mainImage\"},\"datePublished\":\"2023-03-31T18:57:08-03:00\",\"dateModified\":\"2023-03-31T18:59:27-03:00\"},{\"@type\":\"WebSite\",\"@id\":\"https:\\\/\\\/newsinfoco.com.br\\\/inicio\\\/#website\",\"url\":\"https:\\\/\\\/newsinfoco.com.br\\\/inicio\\\/\",\"name\":\"News In Foco - Editado por Caio Pimenta\",\"description\":\"O principal site de noticias de Alagoinhas e regi\\u00e3o\",\"inLanguage\":\"pt-BR\",\"publisher\":{\"@id\":\"https:\\\/\\\/newsinfoco.com.br\\\/inicio\\\/#organization\"}}]}\n\t\t<\/script>\n\t\t<!-- All in One SEO -->\n\n","aioseo_head_json":{"title":"Sindmetro critica sindicato dos comerci\u00e1rios de Alagoinhas, \u201cprecarizam a lei trabalhista\u201d - News In Foco - Editado por Caio Pimenta","description":"Os diretores do Sindicato dos Rodovi\u00e1rios de Alagoinhas(Sindmetro), Mario Cleber e Gil Alagoinhas, criticaram a atua\u00e7\u00e3o do sindicato dos comerci\u00e1rios de Alagoinhas na discuss\u00e3o sobre o transporte p\u00fablico de Alagoinhas. Em entrevista concedida ao programa Jornal dos Munic\u00edpios, da r\u00e1dio Digital FM, os representantes dos rodovi\u00e1rios se queixaram da falta de convite do sindicato dos","canonical_url":"https:\/\/newsinfoco.com.br\/inicio\/sindmetro-critica-sindicato-dos-comerciarios-de-alagoinhas-precarizam-a-lei-trabalhista\/","robots":"max-image-preview:large","keywords":"","webmasterTools":{"miscellaneous":""},"schema":{"@context":"https:\/\/schema.org","@graph":[{"@type":"BlogPosting","@id":"https:\/\/newsinfoco.com.br\/inicio\/sindmetro-critica-sindicato-dos-comerciarios-de-alagoinhas-precarizam-a-lei-trabalhista\/#blogposting","name":"Sindmetro critica sindicato dos comerci\u00e1rios de Alagoinhas, \u201cprecarizam a lei trabalhista\u201d - News In Foco - Editado por Caio Pimenta","headline":"Sindmetro critica sindicato dos comerci\u00e1rios de Alagoinhas, &#8220;precarizam a lei trabalhista&#8221;","author":{"@id":"https:\/\/newsinfoco.com.br\/inicio\/author\/administrador\/#author"},"publisher":{"@id":"https:\/\/newsinfoco.com.br\/inicio\/#organization"},"image":{"@type":"ImageObject","url":"https:\/\/newsinfoco.com.br\/inicio\/wp-content\/uploads\/2023\/03\/rodoviarios.jpg","width":800,"height":600},"datePublished":"2023-03-31T18:57:08-03:00","dateModified":"2023-03-31T18:59:27-03:00","inLanguage":"pt-BR","mainEntityOfPage":{"@id":"https:\/\/newsinfoco.com.br\/inicio\/sindmetro-critica-sindicato-dos-comerciarios-de-alagoinhas-precarizam-a-lei-trabalhista\/#webpage"},"isPartOf":{"@id":"https:\/\/newsinfoco.com.br\/inicio\/sindmetro-critica-sindicato-dos-comerciarios-de-alagoinhas-precarizam-a-lei-trabalhista\/#webpage"},"articleSection":"Alagoinhas e Regi\u00e3o, Manchete"},{"@type":"BreadcrumbList","@id":"https:\/\/newsinfoco.com.br\/inicio\/sindmetro-critica-sindicato-dos-comerciarios-de-alagoinhas-precarizam-a-lei-trabalhista\/#breadcrumblist","itemListElement":[{"@type":"ListItem","@id":"https:\/\/newsinfoco.com.br\/inicio#listItem","position":1,"name":"In\u00edcio","item":"https:\/\/newsinfoco.com.br\/inicio","nextItem":{"@type":"ListItem","@id":"https:\/\/newsinfoco.com.br\/inicio\/category\/alagoinhas-e-regiao\/#listItem","name":"Alagoinhas e Regi\u00e3o"}},{"@type":"ListItem","@id":"https:\/\/newsinfoco.com.br\/inicio\/category\/alagoinhas-e-regiao\/#listItem","position":2,"name":"Alagoinhas e Regi\u00e3o","item":"https:\/\/newsinfoco.com.br\/inicio\/category\/alagoinhas-e-regiao\/","nextItem":{"@type":"ListItem","@id":"https:\/\/newsinfoco.com.br\/inicio\/sindmetro-critica-sindicato-dos-comerciarios-de-alagoinhas-precarizam-a-lei-trabalhista\/#listItem","name":"Sindmetro critica sindicato dos comerci\u00e1rios de Alagoinhas, &#8220;precarizam a lei trabalhista&#8221;"},"previousItem":{"@type":"ListItem","@id":"https:\/\/newsinfoco.com.br\/inicio#listItem","name":"In\u00edcio"}},{"@type":"ListItem","@id":"https:\/\/newsinfoco.com.br\/inicio\/sindmetro-critica-sindicato-dos-comerciarios-de-alagoinhas-precarizam-a-lei-trabalhista\/#listItem","position":3,"name":"Sindmetro critica sindicato dos comerci\u00e1rios de Alagoinhas, &#8220;precarizam a lei trabalhista&#8221;","previousItem":{"@type":"ListItem","@id":"https:\/\/newsinfoco.com.br\/inicio\/category\/alagoinhas-e-regiao\/#listItem","name":"Alagoinhas e Regi\u00e3o"}}]},{"@type":"Organization","@id":"https:\/\/newsinfoco.com.br\/inicio\/#organization","name":"News In Foco - Editado por Caio Pimenta","description":"O principal site de noticias de Alagoinhas e regi\u00e3o","url":"https:\/\/newsinfoco.com.br\/inicio\/"},{"@type":"Person","@id":"https:\/\/newsinfoco.com.br\/inicio\/author\/administrador\/#author","url":"https:\/\/newsinfoco.com.br\/inicio\/author\/administrador\/","name":"administrador","image":{"@type":"ImageObject","@id":"https:\/\/newsinfoco.com.br\/inicio\/sindmetro-critica-sindicato-dos-comerciarios-de-alagoinhas-precarizam-a-lei-trabalhista\/#authorImage","url":"https:\/\/secure.gravatar.com\/avatar\/c17a617433de8c1dc9584bb79aab7563b46f5bb7e1728c9b17d9cc3ce6a08e49?s=96&d=mm&r=g","width":96,"height":96,"caption":"administrador"}},{"@type":"WebPage","@id":"https:\/\/newsinfoco.com.br\/inicio\/sindmetro-critica-sindicato-dos-comerciarios-de-alagoinhas-precarizam-a-lei-trabalhista\/#webpage","url":"https:\/\/newsinfoco.com.br\/inicio\/sindmetro-critica-sindicato-dos-comerciarios-de-alagoinhas-precarizam-a-lei-trabalhista\/","name":"Sindmetro critica sindicato dos comerci\u00e1rios de Alagoinhas, \u201cprecarizam a lei trabalhista\u201d - News In Foco - Editado por Caio Pimenta","description":"Os diretores do Sindicato dos Rodovi\u00e1rios de Alagoinhas(Sindmetro), Mario Cleber e Gil Alagoinhas, criticaram a atua\u00e7\u00e3o do sindicato dos comerci\u00e1rios de Alagoinhas na discuss\u00e3o sobre o transporte p\u00fablico de Alagoinhas. Em entrevista concedida ao programa Jornal dos Munic\u00edpios, da r\u00e1dio Digital FM, os representantes dos rodovi\u00e1rios se queixaram da falta de convite do sindicato dos","inLanguage":"pt-BR","isPartOf":{"@id":"https:\/\/newsinfoco.com.br\/inicio\/#website"},"breadcrumb":{"@id":"https:\/\/newsinfoco.com.br\/inicio\/sindmetro-critica-sindicato-dos-comerciarios-de-alagoinhas-precarizam-a-lei-trabalhista\/#breadcrumblist"},"author":{"@id":"https:\/\/newsinfoco.com.br\/inicio\/author\/administrador\/#author"},"creator":{"@id":"https:\/\/newsinfoco.com.br\/inicio\/author\/administrador\/#author"},"image":{"@type":"ImageObject","url":"https:\/\/newsinfoco.com.br\/inicio\/wp-content\/uploads\/2023\/03\/rodoviarios.jpg","@id":"https:\/\/newsinfoco.com.br\/inicio\/sindmetro-critica-sindicato-dos-comerciarios-de-alagoinhas-precarizam-a-lei-trabalhista\/#mainImage","width":800,"height":600},"primaryImageOfPage":{"@id":"https:\/\/newsinfoco.com.br\/inicio\/sindmetro-critica-sindicato-dos-comerciarios-de-alagoinhas-precarizam-a-lei-trabalhista\/#mainImage"},"datePublished":"2023-03-31T18:57:08-03:00","dateModified":"2023-03-31T18:59:27-03:00"},{"@type":"WebSite","@id":"https:\/\/newsinfoco.com.br\/inicio\/#website","url":"https:\/\/newsinfoco.com.br\/inicio\/","name":"News In Foco - Editado por Caio Pimenta","description":"O principal site de noticias de Alagoinhas e regi\u00e3o","inLanguage":"pt-BR","publisher":{"@id":"https:\/\/newsinfoco.com.br\/inicio\/#organization"}}]},"og:locale":"pt_BR","og:site_name":"News In Foco - Editado por Caio Pimenta - O principal site de noticias de Alagoinhas e regi\u00e3o","og:type":"article","og:title":"Sindmetro critica sindicato dos comerci\u00e1rios de Alagoinhas, \u201cprecarizam a lei trabalhista\u201d - News In Foco - Editado por Caio Pimenta","og:description":"Os diretores do Sindicato dos Rodovi\u00e1rios de Alagoinhas(Sindmetro), Mario Cleber e Gil Alagoinhas, criticaram a atua\u00e7\u00e3o do sindicato dos comerci\u00e1rios de Alagoinhas na discuss\u00e3o sobre o transporte p\u00fablico de Alagoinhas. Em entrevista concedida ao programa Jornal dos Munic\u00edpios, da r\u00e1dio Digital FM, os representantes dos rodovi\u00e1rios se queixaram da falta de convite do sindicato dos","og:url":"https:\/\/newsinfoco.com.br\/inicio\/sindmetro-critica-sindicato-dos-comerciarios-de-alagoinhas-precarizam-a-lei-trabalhista\/","article:published_time":"2023-03-31T21:57:08+00:00","article:modified_time":"2023-03-31T21:59:27+00:00","twitter:card":"summary_large_image","twitter:title":"Sindmetro critica sindicato dos comerci\u00e1rios de Alagoinhas, \u201cprecarizam a lei trabalhista\u201d - News In Foco - Editado por Caio Pimenta","twitter:description":"Os diretores do Sindicato dos Rodovi\u00e1rios de Alagoinhas(Sindmetro), Mario Cleber e Gil Alagoinhas, criticaram a atua\u00e7\u00e3o do sindicato dos comerci\u00e1rios de Alagoinhas na discuss\u00e3o sobre o transporte p\u00fablico de Alagoinhas. Em entrevista concedida ao programa Jornal dos Munic\u00edpios, da r\u00e1dio Digital FM, os representantes dos rodovi\u00e1rios se queixaram da falta de convite do sindicato dos"},"aioseo_meta_data":{"post_id":"33479","title":null,"description":null,"keywords":null,"keyphrases":null,"primary_term":null,"canonical_url":null,"og_title":null,"og_description":null,"og_object_type":"default","og_image_type":"default","og_image_url":null,"og_image_width":null,"og_image_height":null,"og_image_custom_url":null,"og_image_custom_fields":null,"og_video":null,"og_custom_url":null,"og_article_section":null,"og_article_tags":null,"twitter_use_og":false,"twitter_card":"default","twitter_image_type":"default","twitter_image_url":null,"twitter_image_custom_url":null,"twitter_image_custom_fields":null,"twitter_title":null,"twitter_description":null,"schema":{"blockGraphs":[],"customGraphs":[],"default":{"data":{"Article":[],"Course":[],"Dataset":[],"FAQPage":[],"Movie":[],"Person":[],"Product":[],"ProductReview":[],"Car":[],"Recipe":[],"Service":[],"SoftwareApplication":[],"WebPage":[]},"graphName":"","isEnabled":true},"graphs":[]},"schema_type":"default","schema_type_options":null,"pillar_content":false,"robots_default":true,"robots_noindex":false,"robots_noarchive":false,"robots_nosnippet":false,"robots_nofollow":false,"robots_noimageindex":false,"robots_noodp":false,"robots_notranslate":false,"robots_max_snippet":null,"robots_max_videopreview":null,"robots_max_imagepreview":"large","priority":null,"frequency":null,"local_seo":null,"breadcrumb_settings":null,"limit_modified_date":false,"ai":null,"created":"2023-06-12 23:09:01","updated":"2025-07-11 09:25:44","seo_analyzer_scan_date":null},"aioseo_breadcrumb":"<div class=\"aioseo-breadcrumbs\"><span class=\"aioseo-breadcrumb\">\n\t\t\t<a href=\"https:\/\/newsinfoco.com.br\/inicio\" title=\"In\u00edcio\">In\u00edcio<\/a>\n\t\t<\/span><span class=\"aioseo-breadcrumb-separator\">&raquo;<\/span><span class=\"aioseo-breadcrumb\">\n\t\t\t<a href=\"https:\/\/newsinfoco.com.br\/inicio\/category\/alagoinhas-e-regiao\/\" title=\"Alagoinhas e Regi\u00e3o\">Alagoinhas e Regi\u00e3o<\/a>\n\t\t<\/span><span class=\"aioseo-breadcrumb-separator\">&raquo;<\/span><span class=\"aioseo-breadcrumb\">\n\t\t\tSindmetro critica sindicato dos comerci\u00e1rios de Alagoinhas, \u201cprecarizam a lei trabalhista\u201d\n\t\t<\/span><\/div>","aioseo_breadcrumb_json":[{"label":"In\u00edcio","link":"https:\/\/newsinfoco.com.br\/inicio"},{"label":"Alagoinhas e Regi\u00e3o","link":"https:\/\/newsinfoco.com.br\/inicio\/category\/alagoinhas-e-regiao\/"},{"label":"Sindmetro critica sindicato dos comerci\u00e1rios de Alagoinhas, &#8220;precarizam a lei trabalhista&#8221;","link":"https:\/\/newsinfoco.com.br\/inicio\/sindmetro-critica-sindicato-dos-comerciarios-de-alagoinhas-precarizam-a-lei-trabalhista\/"}],"_links":{"self":[{"href":"https:\/\/newsinfoco.com.br\/inicio\/wp-json\/wp\/v2\/posts\/33479","targetHints":{"allow":["GET"]}}],"collection":[{"href":"https:\/\/newsinfoco.com.br\/inicio\/wp-json\/wp\/v2\/posts"}],"about":[{"href":"https:\/\/newsinfoco.com.br\/inicio\/wp-json\/wp\/v2\/types\/post"}],"author":[{"embeddable":true,"href":"https:\/\/newsinfoco.com.br\/inicio\/wp-json\/wp\/v2\/users\/1"}],"replies":[{"embeddable":true,"href":"https:\/\/newsinfoco.com.br\/inicio\/wp-json\/wp\/v2\/comments?post=33479"}],"version-history":[{"count":1,"href":"https:\/\/newsinfoco.com.br\/inicio\/wp-json\/wp\/v2\/posts\/33479\/revisions"}],"predecessor-version":[{"id":33481,"href":"https:\/\/newsinfoco.com.br\/inicio\/wp-json\/wp\/v2\/posts\/33479\/revisions\/33481"}],"wp:featuredmedia":[{"embeddable":true,"href":"https:\/\/newsinfoco.com.br\/inicio\/wp-json\/wp\/v2\/media\/33482"}],"wp:attachment":[{"href":"https:\/\/newsinfoco.com.br\/inicio\/wp-json\/wp\/v2\/media?parent=33479"}],"wp:term":[{"taxonomy":"category","embeddable":true,"href":"https:\/\/newsinfoco.com.br\/inicio\/wp-json\/wp\/v2\/categories?post=33479"},{"taxonomy":"post_tag","embeddable":true,"href":"https:\/\/newsinfoco.com.br\/inicio\/wp-json\/wp\/v2\/tags?post=33479"}],"curies":[{"name":"wp","href":"https:\/\/api.w.org\/{rel}","templated":true}]}}