{"id":33483,"date":"2023-03-31T19:53:05","date_gmt":"2023-03-31T22:53:05","guid":{"rendered":"https:\/\/newsinfoco.com.br\/inicio\/?p=33483"},"modified":"2023-03-31T19:53:05","modified_gmt":"2023-03-31T22:53:05","slug":"governo-federal-sinaliza-com-retomada-de-obras-de-creches-em-alagoinhas-a-partir-de-abril","status":"publish","type":"post","link":"https:\/\/newsinfoco.com.br\/inicio\/governo-federal-sinaliza-com-retomada-de-obras-de-creches-em-alagoinhas-a-partir-de-abril\/","title":{"rendered":"Governo Federal sinaliza com retomada de obras de creches em Alagoinhas a partir de abril"},"content":{"rendered":"<p>A ida da comitiva alagoinhense \u00e0 Bras\u00edlia parece ter obtido \u00f3timos resultados. Liderado pelo prefeito Joaquim Neto(PSD), com a participa\u00e7\u00e3o da deputada estadual Ludmilla Fiscina(PV) e do secret\u00e1rio municipal de educa\u00e7\u00e3o, Gustavo Carmo, o grupo foi at\u00e9 o Minist\u00e9rio da Educa\u00e7\u00e3o(MEC) tentar destravar as obras das creches do Urupiara, Petrolar e Barreiro, paralisadas ap\u00f3s o Governo Federal, na gest\u00e3o Bolsonaro, suspender repasses financeiros.<\/p>\n<p>De acordo com Gustavo Carmo, como a obra foi iniciada com recursos federais, a prefeitura n\u00e3o pode conclui-la com recursos pr\u00f3prios, ficando ref\u00e9m do envio do restante dos recursos do Minist\u00e9rio da Educa\u00e7\u00e3o.<\/p>\n<p>Na manh\u00e3 de ontem(30), a equipe do MEC, durante audi\u00eancia com o trio, afirmou que a expectativa \u00e9 que a retomada das obras das 3 creches em Alagoinhas ocorra at\u00e9 o final do m\u00eas de abril, e ser\u00e1 regulamentada por meio de Medida Provis\u00f3ria emitida pelo presidente da Rep\u00fablica.<\/p>\n<p>Por falar em creche, hoje(31), pela manh\u00e3, a prefeitura de Alagoinhas entregou, totalmente requalificada, a creche Ros\u00e1rio da Caridade, criada em 1987, per\u00edodo em que o pai de Gustavo Carmo, Jud\u00e9lio Carmo, era prefeito do munic\u00edpio.<\/p>\n<p>O secret\u00e1rio de Educa\u00e7\u00e3o Gustavo Carmo, destacou a import\u00e2ncia das mudan\u00e7as. \u201cDo piso ao telhado, tudo foi substitu\u00eddo. Mais de 90% da escola foi refeita. A reinaugura\u00e7\u00e3o da creche vem para qualificar ainda mais o ensino de Alagoinhas, proporcionando aos estudantes e profissionais condi\u00e7\u00f5es de trabalho melhores, de estudo melhores.&#8221;<\/p>\n<p>Ainda de acordo com o secret\u00e1rio de educa\u00e7\u00e3o, os investimentos na constru\u00e7\u00e3o e reformas de creches devem continuar, pois a demanda no munic\u00edpio \u00e9 alta.<\/p>\n<p>&nbsp;<\/p>\n<p>Por Caio Pimenta para o News Infoco<\/p>\n<div class='share-to-whatsapp-wrapper'><div class='share-on-whsp'>Share on: <\/div><a data-text='Governo Federal sinaliza com retomada de obras de creches em Alagoinhas a partir de abril' data-link='https:\/\/newsinfoco.com.br\/inicio\/governo-federal-sinaliza-com-retomada-de-obras-de-creches-em-alagoinhas-a-partir-de-abril\/' class='whatsapp-button whatsapp-share'>WhatsApp<\/a><div class='clear '><\/div><\/div>","protected":false},"excerpt":{"rendered":"<p>A ida da comitiva alagoinhense \u00e0 Bras\u00edlia parece ter obtido \u00f3timos resultados. Liderado pelo prefeito Joaquim Neto(PSD), com a participa\u00e7\u00e3o da deputada estadual Ludmilla Fiscina(PV) e do secret\u00e1rio municipal de educa\u00e7\u00e3o, Gustavo Carmo, o grupo foi at\u00e9 o Minist\u00e9rio da Educa\u00e7\u00e3o(MEC) tentar destravar as obras das creches do Urupiara, Petrolar e Barreiro, paralisadas ap\u00f3s o [&hellip;]<\/p>\n","protected":false},"author":1,"featured_media":33484,"comment_status":"closed","ping_status":"closed","sticky":false,"template":"","format":"standard","meta":{"om_disable_all_campaigns":false,"rop_custom_images_group":[],"rop_custom_messages_group":[],"rop_publish_now":"initial","rop_publish_now_accounts":[],"rop_publish_now_history":[],"rop_publish_now_status":"pending","_exactmetrics_skip_tracking":false,"footnotes":""},"categories":[38,167],"tags":[],"class_list":["post-33483","post","type-post","status-publish","format-standard","has-post-thumbnail","hentry","category-alagoinhas-e-regiao","category-exclusivas"],"aioseo_notices":[],"aioseo_head":"\n\t\t<!-- All in One SEO 4.9.10 - aioseo.com -->\n\t<meta name=\"description\" content=\"A ida da comitiva alagoinhense \u00e0 Bras\u00edlia parece ter obtido \u00f3timos resultados. Liderado pelo prefeito Joaquim Neto(PSD), com a participa\u00e7\u00e3o da deputada estadual Ludmilla Fiscina(PV) e do secret\u00e1rio municipal de educa\u00e7\u00e3o, Gustavo Carmo, o grupo foi at\u00e9 o Minist\u00e9rio da Educa\u00e7\u00e3o(MEC) tentar destravar as obras das creches do Urupiara, Petrolar e Barreiro, paralisadas ap\u00f3s o\" \/>\n\t<meta name=\"robots\" content=\"max-image-preview:large\" \/>\n\t<meta name=\"author\" content=\"administrador\"\/>\n\t<link rel=\"canonical\" href=\"https:\/\/newsinfoco.com.br\/inicio\/governo-federal-sinaliza-com-retomada-de-obras-de-creches-em-alagoinhas-a-partir-de-abril\/\" \/>\n\t<meta name=\"generator\" content=\"All in One SEO (AIOSEO) 4.9.10\" \/>\n\t\t<meta property=\"og:locale\" content=\"pt_BR\" \/>\n\t\t<meta property=\"og:site_name\" content=\"News In Foco - Editado por Caio Pimenta - O principal site de noticias de Alagoinhas e regi\u00e3o\" \/>\n\t\t<meta property=\"og:type\" content=\"article\" \/>\n\t\t<meta property=\"og:title\" content=\"Governo Federal sinaliza com retomada de obras de creches em Alagoinhas a partir de abril - News In Foco - Editado por Caio Pimenta\" \/>\n\t\t<meta property=\"og:description\" content=\"A ida da comitiva alagoinhense \u00e0 Bras\u00edlia parece ter obtido \u00f3timos resultados. Liderado pelo prefeito Joaquim Neto(PSD), com a participa\u00e7\u00e3o da deputada estadual Ludmilla Fiscina(PV) e do secret\u00e1rio municipal de educa\u00e7\u00e3o, Gustavo Carmo, o grupo foi at\u00e9 o Minist\u00e9rio da Educa\u00e7\u00e3o(MEC) tentar destravar as obras das creches do Urupiara, Petrolar e Barreiro, paralisadas ap\u00f3s o\" \/>\n\t\t<meta property=\"og:url\" content=\"https:\/\/newsinfoco.com.br\/inicio\/governo-federal-sinaliza-com-retomada-de-obras-de-creches-em-alagoinhas-a-partir-de-abril\/\" \/>\n\t\t<meta property=\"article:published_time\" content=\"2023-03-31T22:53:05+00:00\" \/>\n\t\t<meta property=\"article:modified_time\" content=\"2023-03-31T22:53:05+00:00\" \/>\n\t\t<meta name=\"twitter:card\" content=\"summary_large_image\" \/>\n\t\t<meta name=\"twitter:title\" content=\"Governo Federal sinaliza com retomada de obras de creches em Alagoinhas a partir de abril - News In Foco - Editado por Caio Pimenta\" \/>\n\t\t<meta name=\"twitter:description\" content=\"A ida da comitiva alagoinhense \u00e0 Bras\u00edlia parece ter obtido \u00f3timos resultados. Liderado pelo prefeito Joaquim Neto(PSD), com a participa\u00e7\u00e3o da deputada estadual Ludmilla Fiscina(PV) e do secret\u00e1rio municipal de educa\u00e7\u00e3o, Gustavo Carmo, o grupo foi at\u00e9 o Minist\u00e9rio da Educa\u00e7\u00e3o(MEC) tentar destravar as obras das creches do Urupiara, Petrolar e Barreiro, paralisadas ap\u00f3s o\" \/>\n\t\t<script type=\"application\/ld+json\" class=\"aioseo-schema\">\n\t\t\t{\"@context\":\"https:\\\/\\\/schema.org\",\"@graph\":[{\"@type\":\"BlogPosting\",\"@id\":\"https:\\\/\\\/newsinfoco.com.br\\\/inicio\\\/governo-federal-sinaliza-com-retomada-de-obras-de-creches-em-alagoinhas-a-partir-de-abril\\\/#blogposting\",\"name\":\"Governo Federal sinaliza com retomada de obras de creches em Alagoinhas a partir de abril - News In Foco - Editado por Caio Pimenta\",\"headline\":\"Governo Federal sinaliza com retomada de obras de creches em Alagoinhas a partir de abril\",\"author\":{\"@id\":\"https:\\\/\\\/newsinfoco.com.br\\\/inicio\\\/author\\\/administrador\\\/#author\"},\"publisher\":{\"@id\":\"https:\\\/\\\/newsinfoco.com.br\\\/inicio\\\/#organization\"},\"image\":{\"@type\":\"ImageObject\",\"url\":\"https:\\\/\\\/newsinfoco.com.br\\\/inicio\\\/wp-content\\\/uploads\\\/2023\\\/03\\\/Snapinsta.app_338579324_646403677294138_6859456015228043320_n_1080.jpg\",\"width\":1024,\"height\":768},\"datePublished\":\"2023-03-31T19:53:05-03:00\",\"dateModified\":\"2023-03-31T19:53:05-03:00\",\"inLanguage\":\"pt-BR\",\"mainEntityOfPage\":{\"@id\":\"https:\\\/\\\/newsinfoco.com.br\\\/inicio\\\/governo-federal-sinaliza-com-retomada-de-obras-de-creches-em-alagoinhas-a-partir-de-abril\\\/#webpage\"},\"isPartOf\":{\"@id\":\"https:\\\/\\\/newsinfoco.com.br\\\/inicio\\\/governo-federal-sinaliza-com-retomada-de-obras-de-creches-em-alagoinhas-a-partir-de-abril\\\/#webpage\"},\"articleSection\":\"Alagoinhas e Regi\\u00e3o, Manchete\"},{\"@type\":\"BreadcrumbList\",\"@id\":\"https:\\\/\\\/newsinfoco.com.br\\\/inicio\\\/governo-federal-sinaliza-com-retomada-de-obras-de-creches-em-alagoinhas-a-partir-de-abril\\\/#breadcrumblist\",\"itemListElement\":[{\"@type\":\"ListItem\",\"@id\":\"https:\\\/\\\/newsinfoco.com.br\\\/inicio#listItem\",\"position\":1,\"name\":\"In\\u00edcio\",\"item\":\"https:\\\/\\\/newsinfoco.com.br\\\/inicio\",\"nextItem\":{\"@type\":\"ListItem\",\"@id\":\"https:\\\/\\\/newsinfoco.com.br\\\/inicio\\\/category\\\/alagoinhas-e-regiao\\\/#listItem\",\"name\":\"Alagoinhas e Regi\\u00e3o\"}},{\"@type\":\"ListItem\",\"@id\":\"https:\\\/\\\/newsinfoco.com.br\\\/inicio\\\/category\\\/alagoinhas-e-regiao\\\/#listItem\",\"position\":2,\"name\":\"Alagoinhas e Regi\\u00e3o\",\"item\":\"https:\\\/\\\/newsinfoco.com.br\\\/inicio\\\/category\\\/alagoinhas-e-regiao\\\/\",\"nextItem\":{\"@type\":\"ListItem\",\"@id\":\"https:\\\/\\\/newsinfoco.com.br\\\/inicio\\\/governo-federal-sinaliza-com-retomada-de-obras-de-creches-em-alagoinhas-a-partir-de-abril\\\/#listItem\",\"name\":\"Governo Federal sinaliza com retomada de obras de creches em Alagoinhas a partir de abril\"},\"previousItem\":{\"@type\":\"ListItem\",\"@id\":\"https:\\\/\\\/newsinfoco.com.br\\\/inicio#listItem\",\"name\":\"In\\u00edcio\"}},{\"@type\":\"ListItem\",\"@id\":\"https:\\\/\\\/newsinfoco.com.br\\\/inicio\\\/governo-federal-sinaliza-com-retomada-de-obras-de-creches-em-alagoinhas-a-partir-de-abril\\\/#listItem\",\"position\":3,\"name\":\"Governo Federal sinaliza com retomada de obras de creches em Alagoinhas a partir de abril\",\"previousItem\":{\"@type\":\"ListItem\",\"@id\":\"https:\\\/\\\/newsinfoco.com.br\\\/inicio\\\/category\\\/alagoinhas-e-regiao\\\/#listItem\",\"name\":\"Alagoinhas e Regi\\u00e3o\"}}]},{\"@type\":\"Organization\",\"@id\":\"https:\\\/\\\/newsinfoco.com.br\\\/inicio\\\/#organization\",\"name\":\"News In Foco - Editado por Caio Pimenta\",\"description\":\"O principal site de noticias de Alagoinhas e regi\\u00e3o\",\"url\":\"https:\\\/\\\/newsinfoco.com.br\\\/inicio\\\/\"},{\"@type\":\"Person\",\"@id\":\"https:\\\/\\\/newsinfoco.com.br\\\/inicio\\\/author\\\/administrador\\\/#author\",\"url\":\"https:\\\/\\\/newsinfoco.com.br\\\/inicio\\\/author\\\/administrador\\\/\",\"name\":\"administrador\",\"image\":{\"@type\":\"ImageObject\",\"@id\":\"https:\\\/\\\/newsinfoco.com.br\\\/inicio\\\/governo-federal-sinaliza-com-retomada-de-obras-de-creches-em-alagoinhas-a-partir-de-abril\\\/#authorImage\",\"url\":\"https:\\\/\\\/secure.gravatar.com\\\/avatar\\\/c17a617433de8c1dc9584bb79aab7563b46f5bb7e1728c9b17d9cc3ce6a08e49?s=96&d=mm&r=g\",\"width\":96,\"height\":96,\"caption\":\"administrador\"}},{\"@type\":\"WebPage\",\"@id\":\"https:\\\/\\\/newsinfoco.com.br\\\/inicio\\\/governo-federal-sinaliza-com-retomada-de-obras-de-creches-em-alagoinhas-a-partir-de-abril\\\/#webpage\",\"url\":\"https:\\\/\\\/newsinfoco.com.br\\\/inicio\\\/governo-federal-sinaliza-com-retomada-de-obras-de-creches-em-alagoinhas-a-partir-de-abril\\\/\",\"name\":\"Governo Federal sinaliza com retomada de obras de creches em Alagoinhas a partir de abril - News In Foco - Editado por Caio Pimenta\",\"description\":\"A ida da comitiva alagoinhense \\u00e0 Bras\\u00edlia parece ter obtido \\u00f3timos resultados. Liderado pelo prefeito Joaquim Neto(PSD), com a participa\\u00e7\\u00e3o da deputada estadual Ludmilla Fiscina(PV) e do secret\\u00e1rio municipal de educa\\u00e7\\u00e3o, Gustavo Carmo, o grupo foi at\\u00e9 o Minist\\u00e9rio da Educa\\u00e7\\u00e3o(MEC) tentar destravar as obras das creches do Urupiara, Petrolar e Barreiro, paralisadas ap\\u00f3s o\",\"inLanguage\":\"pt-BR\",\"isPartOf\":{\"@id\":\"https:\\\/\\\/newsinfoco.com.br\\\/inicio\\\/#website\"},\"breadcrumb\":{\"@id\":\"https:\\\/\\\/newsinfoco.com.br\\\/inicio\\\/governo-federal-sinaliza-com-retomada-de-obras-de-creches-em-alagoinhas-a-partir-de-abril\\\/#breadcrumblist\"},\"author\":{\"@id\":\"https:\\\/\\\/newsinfoco.com.br\\\/inicio\\\/author\\\/administrador\\\/#author\"},\"creator\":{\"@id\":\"https:\\\/\\\/newsinfoco.com.br\\\/inicio\\\/author\\\/administrador\\\/#author\"},\"image\":{\"@type\":\"ImageObject\",\"url\":\"https:\\\/\\\/newsinfoco.com.br\\\/inicio\\\/wp-content\\\/uploads\\\/2023\\\/03\\\/Snapinsta.app_338579324_646403677294138_6859456015228043320_n_1080.jpg\",\"@id\":\"https:\\\/\\\/newsinfoco.com.br\\\/inicio\\\/governo-federal-sinaliza-com-retomada-de-obras-de-creches-em-alagoinhas-a-partir-de-abril\\\/#mainImage\",\"width\":1024,\"height\":768},\"primaryImageOfPage\":{\"@id\":\"https:\\\/\\\/newsinfoco.com.br\\\/inicio\\\/governo-federal-sinaliza-com-retomada-de-obras-de-creches-em-alagoinhas-a-partir-de-abril\\\/#mainImage\"},\"datePublished\":\"2023-03-31T19:53:05-03:00\",\"dateModified\":\"2023-03-31T19:53:05-03:00\"},{\"@type\":\"WebSite\",\"@id\":\"https:\\\/\\\/newsinfoco.com.br\\\/inicio\\\/#website\",\"url\":\"https:\\\/\\\/newsinfoco.com.br\\\/inicio\\\/\",\"name\":\"News In Foco - Editado por Caio Pimenta\",\"description\":\"O principal site de noticias de Alagoinhas e regi\\u00e3o\",\"inLanguage\":\"pt-BR\",\"publisher\":{\"@id\":\"https:\\\/\\\/newsinfoco.com.br\\\/inicio\\\/#organization\"}}]}\n\t\t<\/script>\n\t\t<!-- All in One SEO -->\n\n","aioseo_head_json":{"title":"Governo Federal sinaliza com retomada de obras de creches em Alagoinhas a partir de abril - News In Foco - Editado por Caio Pimenta","description":"A ida da comitiva alagoinhense \u00e0 Bras\u00edlia parece ter obtido \u00f3timos resultados. Liderado pelo prefeito Joaquim Neto(PSD), com a participa\u00e7\u00e3o da deputada estadual Ludmilla Fiscina(PV) e do secret\u00e1rio municipal de educa\u00e7\u00e3o, Gustavo Carmo, o grupo foi at\u00e9 o Minist\u00e9rio da Educa\u00e7\u00e3o(MEC) tentar destravar as obras das creches do Urupiara, Petrolar e Barreiro, paralisadas ap\u00f3s o","canonical_url":"https:\/\/newsinfoco.com.br\/inicio\/governo-federal-sinaliza-com-retomada-de-obras-de-creches-em-alagoinhas-a-partir-de-abril\/","robots":"max-image-preview:large","keywords":"","webmasterTools":{"miscellaneous":""},"schema":{"@context":"https:\/\/schema.org","@graph":[{"@type":"BlogPosting","@id":"https:\/\/newsinfoco.com.br\/inicio\/governo-federal-sinaliza-com-retomada-de-obras-de-creches-em-alagoinhas-a-partir-de-abril\/#blogposting","name":"Governo Federal sinaliza com retomada de obras de creches em Alagoinhas a partir de abril - News In Foco - Editado por Caio Pimenta","headline":"Governo Federal sinaliza com retomada de obras de creches em Alagoinhas a partir de abril","author":{"@id":"https:\/\/newsinfoco.com.br\/inicio\/author\/administrador\/#author"},"publisher":{"@id":"https:\/\/newsinfoco.com.br\/inicio\/#organization"},"image":{"@type":"ImageObject","url":"https:\/\/newsinfoco.com.br\/inicio\/wp-content\/uploads\/2023\/03\/Snapinsta.app_338579324_646403677294138_6859456015228043320_n_1080.jpg","width":1024,"height":768},"datePublished":"2023-03-31T19:53:05-03:00","dateModified":"2023-03-31T19:53:05-03:00","inLanguage":"pt-BR","mainEntityOfPage":{"@id":"https:\/\/newsinfoco.com.br\/inicio\/governo-federal-sinaliza-com-retomada-de-obras-de-creches-em-alagoinhas-a-partir-de-abril\/#webpage"},"isPartOf":{"@id":"https:\/\/newsinfoco.com.br\/inicio\/governo-federal-sinaliza-com-retomada-de-obras-de-creches-em-alagoinhas-a-partir-de-abril\/#webpage"},"articleSection":"Alagoinhas e Regi\u00e3o, Manchete"},{"@type":"BreadcrumbList","@id":"https:\/\/newsinfoco.com.br\/inicio\/governo-federal-sinaliza-com-retomada-de-obras-de-creches-em-alagoinhas-a-partir-de-abril\/#breadcrumblist","itemListElement":[{"@type":"ListItem","@id":"https:\/\/newsinfoco.com.br\/inicio#listItem","position":1,"name":"In\u00edcio","item":"https:\/\/newsinfoco.com.br\/inicio","nextItem":{"@type":"ListItem","@id":"https:\/\/newsinfoco.com.br\/inicio\/category\/alagoinhas-e-regiao\/#listItem","name":"Alagoinhas e Regi\u00e3o"}},{"@type":"ListItem","@id":"https:\/\/newsinfoco.com.br\/inicio\/category\/alagoinhas-e-regiao\/#listItem","position":2,"name":"Alagoinhas e Regi\u00e3o","item":"https:\/\/newsinfoco.com.br\/inicio\/category\/alagoinhas-e-regiao\/","nextItem":{"@type":"ListItem","@id":"https:\/\/newsinfoco.com.br\/inicio\/governo-federal-sinaliza-com-retomada-de-obras-de-creches-em-alagoinhas-a-partir-de-abril\/#listItem","name":"Governo Federal sinaliza com retomada de obras de creches em Alagoinhas a partir de abril"},"previousItem":{"@type":"ListItem","@id":"https:\/\/newsinfoco.com.br\/inicio#listItem","name":"In\u00edcio"}},{"@type":"ListItem","@id":"https:\/\/newsinfoco.com.br\/inicio\/governo-federal-sinaliza-com-retomada-de-obras-de-creches-em-alagoinhas-a-partir-de-abril\/#listItem","position":3,"name":"Governo Federal sinaliza com retomada de obras de creches em Alagoinhas a partir de abril","previousItem":{"@type":"ListItem","@id":"https:\/\/newsinfoco.com.br\/inicio\/category\/alagoinhas-e-regiao\/#listItem","name":"Alagoinhas e Regi\u00e3o"}}]},{"@type":"Organization","@id":"https:\/\/newsinfoco.com.br\/inicio\/#organization","name":"News In Foco - Editado por Caio Pimenta","description":"O principal site de noticias de Alagoinhas e regi\u00e3o","url":"https:\/\/newsinfoco.com.br\/inicio\/"},{"@type":"Person","@id":"https:\/\/newsinfoco.com.br\/inicio\/author\/administrador\/#author","url":"https:\/\/newsinfoco.com.br\/inicio\/author\/administrador\/","name":"administrador","image":{"@type":"ImageObject","@id":"https:\/\/newsinfoco.com.br\/inicio\/governo-federal-sinaliza-com-retomada-de-obras-de-creches-em-alagoinhas-a-partir-de-abril\/#authorImage","url":"https:\/\/secure.gravatar.com\/avatar\/c17a617433de8c1dc9584bb79aab7563b46f5bb7e1728c9b17d9cc3ce6a08e49?s=96&d=mm&r=g","width":96,"height":96,"caption":"administrador"}},{"@type":"WebPage","@id":"https:\/\/newsinfoco.com.br\/inicio\/governo-federal-sinaliza-com-retomada-de-obras-de-creches-em-alagoinhas-a-partir-de-abril\/#webpage","url":"https:\/\/newsinfoco.com.br\/inicio\/governo-federal-sinaliza-com-retomada-de-obras-de-creches-em-alagoinhas-a-partir-de-abril\/","name":"Governo Federal sinaliza com retomada de obras de creches em Alagoinhas a partir de abril - News In Foco - Editado por Caio Pimenta","description":"A ida da comitiva alagoinhense \u00e0 Bras\u00edlia parece ter obtido \u00f3timos resultados. Liderado pelo prefeito Joaquim Neto(PSD), com a participa\u00e7\u00e3o da deputada estadual Ludmilla Fiscina(PV) e do secret\u00e1rio municipal de educa\u00e7\u00e3o, Gustavo Carmo, o grupo foi at\u00e9 o Minist\u00e9rio da Educa\u00e7\u00e3o(MEC) tentar destravar as obras das creches do Urupiara, Petrolar e Barreiro, paralisadas ap\u00f3s o","inLanguage":"pt-BR","isPartOf":{"@id":"https:\/\/newsinfoco.com.br\/inicio\/#website"},"breadcrumb":{"@id":"https:\/\/newsinfoco.com.br\/inicio\/governo-federal-sinaliza-com-retomada-de-obras-de-creches-em-alagoinhas-a-partir-de-abril\/#breadcrumblist"},"author":{"@id":"https:\/\/newsinfoco.com.br\/inicio\/author\/administrador\/#author"},"creator":{"@id":"https:\/\/newsinfoco.com.br\/inicio\/author\/administrador\/#author"},"image":{"@type":"ImageObject","url":"https:\/\/newsinfoco.com.br\/inicio\/wp-content\/uploads\/2023\/03\/Snapinsta.app_338579324_646403677294138_6859456015228043320_n_1080.jpg","@id":"https:\/\/newsinfoco.com.br\/inicio\/governo-federal-sinaliza-com-retomada-de-obras-de-creches-em-alagoinhas-a-partir-de-abril\/#mainImage","width":1024,"height":768},"primaryImageOfPage":{"@id":"https:\/\/newsinfoco.com.br\/inicio\/governo-federal-sinaliza-com-retomada-de-obras-de-creches-em-alagoinhas-a-partir-de-abril\/#mainImage"},"datePublished":"2023-03-31T19:53:05-03:00","dateModified":"2023-03-31T19:53:05-03:00"},{"@type":"WebSite","@id":"https:\/\/newsinfoco.com.br\/inicio\/#website","url":"https:\/\/newsinfoco.com.br\/inicio\/","name":"News In Foco - Editado por Caio Pimenta","description":"O principal site de noticias de Alagoinhas e regi\u00e3o","inLanguage":"pt-BR","publisher":{"@id":"https:\/\/newsinfoco.com.br\/inicio\/#organization"}}]},"og:locale":"pt_BR","og:site_name":"News In Foco - Editado por Caio Pimenta - O principal site de noticias de Alagoinhas e regi\u00e3o","og:type":"article","og:title":"Governo Federal sinaliza com retomada de obras de creches em Alagoinhas a partir de abril - News In Foco - Editado por Caio Pimenta","og:description":"A ida da comitiva alagoinhense \u00e0 Bras\u00edlia parece ter obtido \u00f3timos resultados. Liderado pelo prefeito Joaquim Neto(PSD), com a participa\u00e7\u00e3o da deputada estadual Ludmilla Fiscina(PV) e do secret\u00e1rio municipal de educa\u00e7\u00e3o, Gustavo Carmo, o grupo foi at\u00e9 o Minist\u00e9rio da Educa\u00e7\u00e3o(MEC) tentar destravar as obras das creches do Urupiara, Petrolar e Barreiro, paralisadas ap\u00f3s o","og:url":"https:\/\/newsinfoco.com.br\/inicio\/governo-federal-sinaliza-com-retomada-de-obras-de-creches-em-alagoinhas-a-partir-de-abril\/","article:published_time":"2023-03-31T22:53:05+00:00","article:modified_time":"2023-03-31T22:53:05+00:00","twitter:card":"summary_large_image","twitter:title":"Governo Federal sinaliza com retomada de obras de creches em Alagoinhas a partir de abril - News In Foco - Editado por Caio Pimenta","twitter:description":"A ida da comitiva alagoinhense \u00e0 Bras\u00edlia parece ter obtido \u00f3timos resultados. Liderado pelo prefeito Joaquim Neto(PSD), com a participa\u00e7\u00e3o da deputada estadual Ludmilla Fiscina(PV) e do secret\u00e1rio municipal de educa\u00e7\u00e3o, Gustavo Carmo, o grupo foi at\u00e9 o Minist\u00e9rio da Educa\u00e7\u00e3o(MEC) tentar destravar as obras das creches do Urupiara, Petrolar e Barreiro, paralisadas ap\u00f3s o"},"aioseo_meta_data":{"post_id":"33483","title":null,"description":null,"keywords":null,"keyphrases":null,"primary_term":null,"canonical_url":null,"og_title":null,"og_description":null,"og_object_type":"default","og_image_type":"default","og_image_url":null,"og_image_width":null,"og_image_height":null,"og_image_custom_url":null,"og_image_custom_fields":null,"og_video":null,"og_custom_url":null,"og_article_section":null,"og_article_tags":null,"twitter_use_og":false,"twitter_card":"default","twitter_image_type":"default","twitter_image_url":null,"twitter_image_custom_url":null,"twitter_image_custom_fields":null,"twitter_title":null,"twitter_description":null,"schema":{"blockGraphs":[],"customGraphs":[],"default":{"data":{"Article":[],"Course":[],"Dataset":[],"FAQPage":[],"Movie":[],"Person":[],"Product":[],"ProductReview":[],"Car":[],"Recipe":[],"Service":[],"SoftwareApplication":[],"WebPage":[]},"graphName":"","isEnabled":true},"graphs":[]},"schema_type":"default","schema_type_options":null,"pillar_content":false,"robots_default":true,"robots_noindex":false,"robots_noarchive":false,"robots_nosnippet":false,"robots_nofollow":false,"robots_noimageindex":false,"robots_noodp":false,"robots_notranslate":false,"robots_max_snippet":null,"robots_max_videopreview":null,"robots_max_imagepreview":"large","priority":null,"frequency":null,"local_seo":null,"breadcrumb_settings":null,"limit_modified_date":false,"ai":null,"created":"2023-06-12 23:09:01","updated":"2025-07-11 09:25:44","seo_analyzer_scan_date":null},"aioseo_breadcrumb":"<div class=\"aioseo-breadcrumbs\"><span class=\"aioseo-breadcrumb\">\n\t\t\t<a href=\"https:\/\/newsinfoco.com.br\/inicio\" title=\"In\u00edcio\">In\u00edcio<\/a>\n\t\t<\/span><span class=\"aioseo-breadcrumb-separator\">&raquo;<\/span><span class=\"aioseo-breadcrumb\">\n\t\t\t<a href=\"https:\/\/newsinfoco.com.br\/inicio\/category\/alagoinhas-e-regiao\/\" title=\"Alagoinhas e Regi\u00e3o\">Alagoinhas e Regi\u00e3o<\/a>\n\t\t<\/span><span class=\"aioseo-breadcrumb-separator\">&raquo;<\/span><span class=\"aioseo-breadcrumb\">\n\t\t\tGoverno Federal sinaliza com retomada de obras de creches em Alagoinhas a partir de abril\n\t\t<\/span><\/div>","aioseo_breadcrumb_json":[{"label":"In\u00edcio","link":"https:\/\/newsinfoco.com.br\/inicio"},{"label":"Alagoinhas e Regi\u00e3o","link":"https:\/\/newsinfoco.com.br\/inicio\/category\/alagoinhas-e-regiao\/"},{"label":"Governo Federal sinaliza com retomada de obras de creches em Alagoinhas a partir de abril","link":"https:\/\/newsinfoco.com.br\/inicio\/governo-federal-sinaliza-com-retomada-de-obras-de-creches-em-alagoinhas-a-partir-de-abril\/"}],"_links":{"self":[{"href":"https:\/\/newsinfoco.com.br\/inicio\/wp-json\/wp\/v2\/posts\/33483","targetHints":{"allow":["GET"]}}],"collection":[{"href":"https:\/\/newsinfoco.com.br\/inicio\/wp-json\/wp\/v2\/posts"}],"about":[{"href":"https:\/\/newsinfoco.com.br\/inicio\/wp-json\/wp\/v2\/types\/post"}],"author":[{"embeddable":true,"href":"https:\/\/newsinfoco.com.br\/inicio\/wp-json\/wp\/v2\/users\/1"}],"replies":[{"embeddable":true,"href":"https:\/\/newsinfoco.com.br\/inicio\/wp-json\/wp\/v2\/comments?post=33483"}],"version-history":[{"count":1,"href":"https:\/\/newsinfoco.com.br\/inicio\/wp-json\/wp\/v2\/posts\/33483\/revisions"}],"predecessor-version":[{"id":33485,"href":"https:\/\/newsinfoco.com.br\/inicio\/wp-json\/wp\/v2\/posts\/33483\/revisions\/33485"}],"wp:featuredmedia":[{"embeddable":true,"href":"https:\/\/newsinfoco.com.br\/inicio\/wp-json\/wp\/v2\/media\/33484"}],"wp:attachment":[{"href":"https:\/\/newsinfoco.com.br\/inicio\/wp-json\/wp\/v2\/media?parent=33483"}],"wp:term":[{"taxonomy":"category","embeddable":true,"href":"https:\/\/newsinfoco.com.br\/inicio\/wp-json\/wp\/v2\/categories?post=33483"},{"taxonomy":"post_tag","embeddable":true,"href":"https:\/\/newsinfoco.com.br\/inicio\/wp-json\/wp\/v2\/tags?post=33483"}],"curies":[{"name":"wp","href":"https:\/\/api.w.org\/{rel}","templated":true}]}}