{"id":33507,"date":"2023-04-02T19:25:17","date_gmt":"2023-04-02T22:25:17","guid":{"rendered":"https:\/\/newsinfoco.com.br\/inicio\/?p=33507"},"modified":"2023-04-02T19:25:17","modified_gmt":"2023-04-02T22:25:17","slug":"juiz-comunica-que-presidente-da-camara-de-ilheus-sera-preso-em-flagrante","status":"publish","type":"post","link":"https:\/\/newsinfoco.com.br\/inicio\/juiz-comunica-que-presidente-da-camara-de-ilheus-sera-preso-em-flagrante\/","title":{"rendered":"Juiz comunica que presidente da C\u00e2mara de Ilh\u00e9us ser\u00e1 preso em flagrante"},"content":{"rendered":"<p>O presidente fechou a Casa Legislativa alegando dedetiza\u00e7\u00e3o e, por causa disso, a Mesa Diretora da C\u00e2mara n\u00e3o cumpriu a decis\u00e3o judicial que determinou a suspens\u00e3o da elei\u00e7\u00e3o da mesa realizada em dezembro de 2022.<\/p>\n<p>Depois de uma \u201cinspe\u00e7\u00e3o judicial na C\u00e2mara\u201d, o juiz constatou que, ao contr\u00e1rio do que foi comunicado pela mesa diretora, a dedetiza\u00e7\u00e3o foi iniciada na c\u00e2mara apenas as 11:40 do s\u00e1bado \u2013 e n\u00e3o na sexta-feira, como informado pelo presidente.<\/p>\n<p>\u201cA inspe\u00e7\u00e3o constatou que n\u00e3o foi realizada nenhuma \u2018dedetiza\u00e7\u00e3o\u2019 na data de ontem, 31\/03\/2023; portanto, o servi\u00e7o p\u00fablico da C\u00e2mara teve o expediente suspenso por nenhum motivo razo\u00e1vel\/plaus\u00edvel. A suposta empresa de \u2018dedetiza\u00e7\u00e3o\u2019 chegou, hoje, 1\/04\/2023, por volta das 11h e 20 min, terminando o servi\u00e7o cerca de 20 min ap\u00f3s. Ou seja, cerca de 20 (vinte) minutos antes da chegada desse Magistrado, como determinado no despacho de id no 378950129\u2033, diz a decis\u00e3o.<\/p>\n<p>\u201cAinda no local dos fatos, o propriet\u00e1rio da empresa afirmou que h\u00e1 mais de 05 (cinco) anos n\u00e3o se realizava qualquer servi\u00e7o de dedetiza\u00e7\u00e3o na C\u00e2mara de Ilh\u00e9us, por isso, relatou que tomou como espanto, essa \u2018convoca\u00e7\u00e3o\u2019. Acrescentou que em rela\u00e7\u00e3o aos extintores da Casa, muito mais tempo que 05 (cinco) anos que os mesmos se encontram com a data de inspe\u00e7\u00e3o vencida\u201d\u201d, acrescenta o magistrado.<\/p>\n<p>\u201cNesses mais de 10 (dez) anos de Magistratura, desses mais de 07 (sete) na Fazenda P\u00fablica de Ilh\u00e9us, nunca me deparei com uma aberra\u00e7\u00e3o desse grau: interromper um servi\u00e7o p\u00fablico para se obstar o cumprimento de uma decis\u00e3o judicial! Olhem o n\u00edvel do esp\u00edrito p\u00fablico!\u201d, completou.<\/p>\n<p>\u201cCom base no art. 301 do C\u00f3digo de Processo Penal, COMUNICO A QUAISQUER AUTORIDADES DO ESTADO DA BAHIA QUE O VEREADOR ABRA\u00c3O OLIVEIRA, DOS SANTOS EM FLAGRANTE DELITO PELO CRIME DEFINIDO NO ART. 299 C\/C SEU PAR\u00c1GRAFO \u00daNICO, DEVENDO QUALQUER AUTORIDADE PROCEDER \u00c0 PRIS\u00c3O E CONDU\u00c7\u00c3O DO MESMO\u201d, finalizou o juiz.<\/p>\n<p>&nbsp;<\/p>\n<p>Politicaaovivo<\/p>\n<div class='share-to-whatsapp-wrapper'><div class='share-on-whsp'>Share on: <\/div><a data-text='Juiz comunica que presidente da C\u00e2mara de Ilh\u00e9us ser\u00e1 preso em flagrante' data-link='https:\/\/newsinfoco.com.br\/inicio\/juiz-comunica-que-presidente-da-camara-de-ilheus-sera-preso-em-flagrante\/' class='whatsapp-button whatsapp-share'>WhatsApp<\/a><div class='clear '><\/div><\/div>","protected":false},"excerpt":{"rendered":"<p>O presidente fechou a Casa Legislativa alegando dedetiza\u00e7\u00e3o e, por causa disso, a Mesa Diretora da C\u00e2mara n\u00e3o cumpriu a decis\u00e3o judicial que determinou a suspens\u00e3o da elei\u00e7\u00e3o da mesa realizada em dezembro de 2022. Depois de uma \u201cinspe\u00e7\u00e3o judicial na C\u00e2mara\u201d, o juiz constatou que, ao contr\u00e1rio do que foi comunicado pela mesa diretora, [&hellip;]<\/p>\n","protected":false},"author":1,"featured_media":33508,"comment_status":"closed","ping_status":"closed","sticky":false,"template":"","format":"standard","meta":{"om_disable_all_campaigns":false,"rop_custom_images_group":[],"rop_custom_messages_group":[],"rop_publish_now":"initial","rop_publish_now_accounts":[],"rop_publish_now_history":[],"rop_publish_now_status":"pending","_exactmetrics_skip_tracking":false,"footnotes":""},"categories":[19],"tags":[],"class_list":["post-33507","post","type-post","status-publish","format-standard","has-post-thumbnail","hentry","category-bahia"],"aioseo_notices":[],"aioseo_head":"\n\t\t<!-- All in One SEO 4.9.10 - aioseo.com -->\n\t<meta name=\"description\" content=\"O presidente fechou a Casa Legislativa alegando dedetiza\u00e7\u00e3o e, por causa disso, a Mesa Diretora da C\u00e2mara n\u00e3o cumpriu a decis\u00e3o judicial que determinou a suspens\u00e3o da elei\u00e7\u00e3o da mesa realizada em dezembro de 2022. Depois de uma \u201cinspe\u00e7\u00e3o judicial na C\u00e2mara\u201d, o juiz constatou que, ao contr\u00e1rio do que foi comunicado pela mesa diretora,\" \/>\n\t<meta name=\"robots\" content=\"max-image-preview:large\" \/>\n\t<meta name=\"author\" content=\"administrador\"\/>\n\t<link rel=\"canonical\" href=\"https:\/\/newsinfoco.com.br\/inicio\/juiz-comunica-que-presidente-da-camara-de-ilheus-sera-preso-em-flagrante\/\" \/>\n\t<meta name=\"generator\" content=\"All in One SEO (AIOSEO) 4.9.10\" \/>\n\t\t<meta property=\"og:locale\" content=\"pt_BR\" \/>\n\t\t<meta property=\"og:site_name\" content=\"News In Foco - Editado por Caio Pimenta - O principal site de noticias de Alagoinhas e regi\u00e3o\" \/>\n\t\t<meta property=\"og:type\" content=\"article\" \/>\n\t\t<meta property=\"og:title\" content=\"Juiz comunica que presidente da C\u00e2mara de Ilh\u00e9us ser\u00e1 preso em flagrante - News In Foco - Editado por Caio Pimenta\" \/>\n\t\t<meta property=\"og:description\" content=\"O presidente fechou a Casa Legislativa alegando dedetiza\u00e7\u00e3o e, por causa disso, a Mesa Diretora da C\u00e2mara n\u00e3o cumpriu a decis\u00e3o judicial que determinou a suspens\u00e3o da elei\u00e7\u00e3o da mesa realizada em dezembro de 2022. Depois de uma \u201cinspe\u00e7\u00e3o judicial na C\u00e2mara\u201d, o juiz constatou que, ao contr\u00e1rio do que foi comunicado pela mesa diretora,\" \/>\n\t\t<meta property=\"og:url\" content=\"https:\/\/newsinfoco.com.br\/inicio\/juiz-comunica-que-presidente-da-camara-de-ilheus-sera-preso-em-flagrante\/\" \/>\n\t\t<meta property=\"article:published_time\" content=\"2023-04-02T22:25:17+00:00\" \/>\n\t\t<meta property=\"article:modified_time\" content=\"2023-04-02T22:25:17+00:00\" \/>\n\t\t<meta name=\"twitter:card\" content=\"summary_large_image\" \/>\n\t\t<meta name=\"twitter:title\" content=\"Juiz comunica que presidente da C\u00e2mara de Ilh\u00e9us ser\u00e1 preso em flagrante - News In Foco - Editado por Caio Pimenta\" \/>\n\t\t<meta name=\"twitter:description\" content=\"O presidente fechou a Casa Legislativa alegando dedetiza\u00e7\u00e3o e, por causa disso, a Mesa Diretora da C\u00e2mara n\u00e3o cumpriu a decis\u00e3o judicial que determinou a suspens\u00e3o da elei\u00e7\u00e3o da mesa realizada em dezembro de 2022. Depois de uma \u201cinspe\u00e7\u00e3o judicial na C\u00e2mara\u201d, o juiz constatou que, ao contr\u00e1rio do que foi comunicado pela mesa diretora,\" \/>\n\t\t<script type=\"application\/ld+json\" class=\"aioseo-schema\">\n\t\t\t{\"@context\":\"https:\\\/\\\/schema.org\",\"@graph\":[{\"@type\":\"BlogPosting\",\"@id\":\"https:\\\/\\\/newsinfoco.com.br\\\/inicio\\\/juiz-comunica-que-presidente-da-camara-de-ilheus-sera-preso-em-flagrante\\\/#blogposting\",\"name\":\"Juiz comunica que presidente da C\\u00e2mara de Ilh\\u00e9us ser\\u00e1 preso em flagrante - News In Foco - Editado por Caio Pimenta\",\"headline\":\"Juiz comunica que presidente da C\\u00e2mara de Ilh\\u00e9us ser\\u00e1 preso em flagrante\",\"author\":{\"@id\":\"https:\\\/\\\/newsinfoco.com.br\\\/inicio\\\/author\\\/administrador\\\/#author\"},\"publisher\":{\"@id\":\"https:\\\/\\\/newsinfoco.com.br\\\/inicio\\\/#organization\"},\"image\":{\"@type\":\"ImageObject\",\"url\":\"https:\\\/\\\/newsinfoco.com.br\\\/inicio\\\/wp-content\\\/uploads\\\/2023\\\/04\\\/ilheus.jpg\",\"width\":745,\"height\":465},\"datePublished\":\"2023-04-02T19:25:17-03:00\",\"dateModified\":\"2023-04-02T19:25:17-03:00\",\"inLanguage\":\"pt-BR\",\"mainEntityOfPage\":{\"@id\":\"https:\\\/\\\/newsinfoco.com.br\\\/inicio\\\/juiz-comunica-que-presidente-da-camara-de-ilheus-sera-preso-em-flagrante\\\/#webpage\"},\"isPartOf\":{\"@id\":\"https:\\\/\\\/newsinfoco.com.br\\\/inicio\\\/juiz-comunica-que-presidente-da-camara-de-ilheus-sera-preso-em-flagrante\\\/#webpage\"},\"articleSection\":\"Bahia\"},{\"@type\":\"BreadcrumbList\",\"@id\":\"https:\\\/\\\/newsinfoco.com.br\\\/inicio\\\/juiz-comunica-que-presidente-da-camara-de-ilheus-sera-preso-em-flagrante\\\/#breadcrumblist\",\"itemListElement\":[{\"@type\":\"ListItem\",\"@id\":\"https:\\\/\\\/newsinfoco.com.br\\\/inicio#listItem\",\"position\":1,\"name\":\"In\\u00edcio\",\"item\":\"https:\\\/\\\/newsinfoco.com.br\\\/inicio\",\"nextItem\":{\"@type\":\"ListItem\",\"@id\":\"https:\\\/\\\/newsinfoco.com.br\\\/inicio\\\/category\\\/bahia\\\/#listItem\",\"name\":\"Bahia\"}},{\"@type\":\"ListItem\",\"@id\":\"https:\\\/\\\/newsinfoco.com.br\\\/inicio\\\/category\\\/bahia\\\/#listItem\",\"position\":2,\"name\":\"Bahia\",\"item\":\"https:\\\/\\\/newsinfoco.com.br\\\/inicio\\\/category\\\/bahia\\\/\",\"nextItem\":{\"@type\":\"ListItem\",\"@id\":\"https:\\\/\\\/newsinfoco.com.br\\\/inicio\\\/juiz-comunica-que-presidente-da-camara-de-ilheus-sera-preso-em-flagrante\\\/#listItem\",\"name\":\"Juiz comunica que presidente da C\\u00e2mara de Ilh\\u00e9us ser\\u00e1 preso em flagrante\"},\"previousItem\":{\"@type\":\"ListItem\",\"@id\":\"https:\\\/\\\/newsinfoco.com.br\\\/inicio#listItem\",\"name\":\"In\\u00edcio\"}},{\"@type\":\"ListItem\",\"@id\":\"https:\\\/\\\/newsinfoco.com.br\\\/inicio\\\/juiz-comunica-que-presidente-da-camara-de-ilheus-sera-preso-em-flagrante\\\/#listItem\",\"position\":3,\"name\":\"Juiz comunica que presidente da C\\u00e2mara de Ilh\\u00e9us ser\\u00e1 preso em flagrante\",\"previousItem\":{\"@type\":\"ListItem\",\"@id\":\"https:\\\/\\\/newsinfoco.com.br\\\/inicio\\\/category\\\/bahia\\\/#listItem\",\"name\":\"Bahia\"}}]},{\"@type\":\"Organization\",\"@id\":\"https:\\\/\\\/newsinfoco.com.br\\\/inicio\\\/#organization\",\"name\":\"News In Foco - Editado por Caio Pimenta\",\"description\":\"O principal site de noticias de Alagoinhas e regi\\u00e3o\",\"url\":\"https:\\\/\\\/newsinfoco.com.br\\\/inicio\\\/\"},{\"@type\":\"Person\",\"@id\":\"https:\\\/\\\/newsinfoco.com.br\\\/inicio\\\/author\\\/administrador\\\/#author\",\"url\":\"https:\\\/\\\/newsinfoco.com.br\\\/inicio\\\/author\\\/administrador\\\/\",\"name\":\"administrador\",\"image\":{\"@type\":\"ImageObject\",\"@id\":\"https:\\\/\\\/newsinfoco.com.br\\\/inicio\\\/juiz-comunica-que-presidente-da-camara-de-ilheus-sera-preso-em-flagrante\\\/#authorImage\",\"url\":\"https:\\\/\\\/secure.gravatar.com\\\/avatar\\\/c17a617433de8c1dc9584bb79aab7563b46f5bb7e1728c9b17d9cc3ce6a08e49?s=96&d=mm&r=g\",\"width\":96,\"height\":96,\"caption\":\"administrador\"}},{\"@type\":\"WebPage\",\"@id\":\"https:\\\/\\\/newsinfoco.com.br\\\/inicio\\\/juiz-comunica-que-presidente-da-camara-de-ilheus-sera-preso-em-flagrante\\\/#webpage\",\"url\":\"https:\\\/\\\/newsinfoco.com.br\\\/inicio\\\/juiz-comunica-que-presidente-da-camara-de-ilheus-sera-preso-em-flagrante\\\/\",\"name\":\"Juiz comunica que presidente da C\\u00e2mara de Ilh\\u00e9us ser\\u00e1 preso em flagrante - News In Foco - Editado por Caio Pimenta\",\"description\":\"O presidente fechou a Casa Legislativa alegando dedetiza\\u00e7\\u00e3o e, por causa disso, a Mesa Diretora da C\\u00e2mara n\\u00e3o cumpriu a decis\\u00e3o judicial que determinou a suspens\\u00e3o da elei\\u00e7\\u00e3o da mesa realizada em dezembro de 2022. Depois de uma \\u201cinspe\\u00e7\\u00e3o judicial na C\\u00e2mara\\u201d, o juiz constatou que, ao contr\\u00e1rio do que foi comunicado pela mesa diretora,\",\"inLanguage\":\"pt-BR\",\"isPartOf\":{\"@id\":\"https:\\\/\\\/newsinfoco.com.br\\\/inicio\\\/#website\"},\"breadcrumb\":{\"@id\":\"https:\\\/\\\/newsinfoco.com.br\\\/inicio\\\/juiz-comunica-que-presidente-da-camara-de-ilheus-sera-preso-em-flagrante\\\/#breadcrumblist\"},\"author\":{\"@id\":\"https:\\\/\\\/newsinfoco.com.br\\\/inicio\\\/author\\\/administrador\\\/#author\"},\"creator\":{\"@id\":\"https:\\\/\\\/newsinfoco.com.br\\\/inicio\\\/author\\\/administrador\\\/#author\"},\"image\":{\"@type\":\"ImageObject\",\"url\":\"https:\\\/\\\/newsinfoco.com.br\\\/inicio\\\/wp-content\\\/uploads\\\/2023\\\/04\\\/ilheus.jpg\",\"@id\":\"https:\\\/\\\/newsinfoco.com.br\\\/inicio\\\/juiz-comunica-que-presidente-da-camara-de-ilheus-sera-preso-em-flagrante\\\/#mainImage\",\"width\":745,\"height\":465},\"primaryImageOfPage\":{\"@id\":\"https:\\\/\\\/newsinfoco.com.br\\\/inicio\\\/juiz-comunica-que-presidente-da-camara-de-ilheus-sera-preso-em-flagrante\\\/#mainImage\"},\"datePublished\":\"2023-04-02T19:25:17-03:00\",\"dateModified\":\"2023-04-02T19:25:17-03:00\"},{\"@type\":\"WebSite\",\"@id\":\"https:\\\/\\\/newsinfoco.com.br\\\/inicio\\\/#website\",\"url\":\"https:\\\/\\\/newsinfoco.com.br\\\/inicio\\\/\",\"name\":\"News In Foco - Editado por Caio Pimenta\",\"description\":\"O principal site de noticias de Alagoinhas e regi\\u00e3o\",\"inLanguage\":\"pt-BR\",\"publisher\":{\"@id\":\"https:\\\/\\\/newsinfoco.com.br\\\/inicio\\\/#organization\"}}]}\n\t\t<\/script>\n\t\t<!-- All in One SEO -->\n\n","aioseo_head_json":{"title":"Juiz comunica que presidente da C\u00e2mara de Ilh\u00e9us ser\u00e1 preso em flagrante - News In Foco - Editado por Caio Pimenta","description":"O presidente fechou a Casa Legislativa alegando dedetiza\u00e7\u00e3o e, por causa disso, a Mesa Diretora da C\u00e2mara n\u00e3o cumpriu a decis\u00e3o judicial que determinou a suspens\u00e3o da elei\u00e7\u00e3o da mesa realizada em dezembro de 2022. Depois de uma \u201cinspe\u00e7\u00e3o judicial na C\u00e2mara\u201d, o juiz constatou que, ao contr\u00e1rio do que foi comunicado pela mesa diretora,","canonical_url":"https:\/\/newsinfoco.com.br\/inicio\/juiz-comunica-que-presidente-da-camara-de-ilheus-sera-preso-em-flagrante\/","robots":"max-image-preview:large","keywords":"","webmasterTools":{"miscellaneous":""},"schema":{"@context":"https:\/\/schema.org","@graph":[{"@type":"BlogPosting","@id":"https:\/\/newsinfoco.com.br\/inicio\/juiz-comunica-que-presidente-da-camara-de-ilheus-sera-preso-em-flagrante\/#blogposting","name":"Juiz comunica que presidente da C\u00e2mara de Ilh\u00e9us ser\u00e1 preso em flagrante - News In Foco - Editado por Caio Pimenta","headline":"Juiz comunica que presidente da C\u00e2mara de Ilh\u00e9us ser\u00e1 preso em flagrante","author":{"@id":"https:\/\/newsinfoco.com.br\/inicio\/author\/administrador\/#author"},"publisher":{"@id":"https:\/\/newsinfoco.com.br\/inicio\/#organization"},"image":{"@type":"ImageObject","url":"https:\/\/newsinfoco.com.br\/inicio\/wp-content\/uploads\/2023\/04\/ilheus.jpg","width":745,"height":465},"datePublished":"2023-04-02T19:25:17-03:00","dateModified":"2023-04-02T19:25:17-03:00","inLanguage":"pt-BR","mainEntityOfPage":{"@id":"https:\/\/newsinfoco.com.br\/inicio\/juiz-comunica-que-presidente-da-camara-de-ilheus-sera-preso-em-flagrante\/#webpage"},"isPartOf":{"@id":"https:\/\/newsinfoco.com.br\/inicio\/juiz-comunica-que-presidente-da-camara-de-ilheus-sera-preso-em-flagrante\/#webpage"},"articleSection":"Bahia"},{"@type":"BreadcrumbList","@id":"https:\/\/newsinfoco.com.br\/inicio\/juiz-comunica-que-presidente-da-camara-de-ilheus-sera-preso-em-flagrante\/#breadcrumblist","itemListElement":[{"@type":"ListItem","@id":"https:\/\/newsinfoco.com.br\/inicio#listItem","position":1,"name":"In\u00edcio","item":"https:\/\/newsinfoco.com.br\/inicio","nextItem":{"@type":"ListItem","@id":"https:\/\/newsinfoco.com.br\/inicio\/category\/bahia\/#listItem","name":"Bahia"}},{"@type":"ListItem","@id":"https:\/\/newsinfoco.com.br\/inicio\/category\/bahia\/#listItem","position":2,"name":"Bahia","item":"https:\/\/newsinfoco.com.br\/inicio\/category\/bahia\/","nextItem":{"@type":"ListItem","@id":"https:\/\/newsinfoco.com.br\/inicio\/juiz-comunica-que-presidente-da-camara-de-ilheus-sera-preso-em-flagrante\/#listItem","name":"Juiz comunica que presidente da C\u00e2mara de Ilh\u00e9us ser\u00e1 preso em flagrante"},"previousItem":{"@type":"ListItem","@id":"https:\/\/newsinfoco.com.br\/inicio#listItem","name":"In\u00edcio"}},{"@type":"ListItem","@id":"https:\/\/newsinfoco.com.br\/inicio\/juiz-comunica-que-presidente-da-camara-de-ilheus-sera-preso-em-flagrante\/#listItem","position":3,"name":"Juiz comunica que presidente da C\u00e2mara de Ilh\u00e9us ser\u00e1 preso em flagrante","previousItem":{"@type":"ListItem","@id":"https:\/\/newsinfoco.com.br\/inicio\/category\/bahia\/#listItem","name":"Bahia"}}]},{"@type":"Organization","@id":"https:\/\/newsinfoco.com.br\/inicio\/#organization","name":"News In Foco - Editado por Caio Pimenta","description":"O principal site de noticias de Alagoinhas e regi\u00e3o","url":"https:\/\/newsinfoco.com.br\/inicio\/"},{"@type":"Person","@id":"https:\/\/newsinfoco.com.br\/inicio\/author\/administrador\/#author","url":"https:\/\/newsinfoco.com.br\/inicio\/author\/administrador\/","name":"administrador","image":{"@type":"ImageObject","@id":"https:\/\/newsinfoco.com.br\/inicio\/juiz-comunica-que-presidente-da-camara-de-ilheus-sera-preso-em-flagrante\/#authorImage","url":"https:\/\/secure.gravatar.com\/avatar\/c17a617433de8c1dc9584bb79aab7563b46f5bb7e1728c9b17d9cc3ce6a08e49?s=96&d=mm&r=g","width":96,"height":96,"caption":"administrador"}},{"@type":"WebPage","@id":"https:\/\/newsinfoco.com.br\/inicio\/juiz-comunica-que-presidente-da-camara-de-ilheus-sera-preso-em-flagrante\/#webpage","url":"https:\/\/newsinfoco.com.br\/inicio\/juiz-comunica-que-presidente-da-camara-de-ilheus-sera-preso-em-flagrante\/","name":"Juiz comunica que presidente da C\u00e2mara de Ilh\u00e9us ser\u00e1 preso em flagrante - News In Foco - Editado por Caio Pimenta","description":"O presidente fechou a Casa Legislativa alegando dedetiza\u00e7\u00e3o e, por causa disso, a Mesa Diretora da C\u00e2mara n\u00e3o cumpriu a decis\u00e3o judicial que determinou a suspens\u00e3o da elei\u00e7\u00e3o da mesa realizada em dezembro de 2022. Depois de uma \u201cinspe\u00e7\u00e3o judicial na C\u00e2mara\u201d, o juiz constatou que, ao contr\u00e1rio do que foi comunicado pela mesa diretora,","inLanguage":"pt-BR","isPartOf":{"@id":"https:\/\/newsinfoco.com.br\/inicio\/#website"},"breadcrumb":{"@id":"https:\/\/newsinfoco.com.br\/inicio\/juiz-comunica-que-presidente-da-camara-de-ilheus-sera-preso-em-flagrante\/#breadcrumblist"},"author":{"@id":"https:\/\/newsinfoco.com.br\/inicio\/author\/administrador\/#author"},"creator":{"@id":"https:\/\/newsinfoco.com.br\/inicio\/author\/administrador\/#author"},"image":{"@type":"ImageObject","url":"https:\/\/newsinfoco.com.br\/inicio\/wp-content\/uploads\/2023\/04\/ilheus.jpg","@id":"https:\/\/newsinfoco.com.br\/inicio\/juiz-comunica-que-presidente-da-camara-de-ilheus-sera-preso-em-flagrante\/#mainImage","width":745,"height":465},"primaryImageOfPage":{"@id":"https:\/\/newsinfoco.com.br\/inicio\/juiz-comunica-que-presidente-da-camara-de-ilheus-sera-preso-em-flagrante\/#mainImage"},"datePublished":"2023-04-02T19:25:17-03:00","dateModified":"2023-04-02T19:25:17-03:00"},{"@type":"WebSite","@id":"https:\/\/newsinfoco.com.br\/inicio\/#website","url":"https:\/\/newsinfoco.com.br\/inicio\/","name":"News In Foco - Editado por Caio Pimenta","description":"O principal site de noticias de Alagoinhas e regi\u00e3o","inLanguage":"pt-BR","publisher":{"@id":"https:\/\/newsinfoco.com.br\/inicio\/#organization"}}]},"og:locale":"pt_BR","og:site_name":"News In Foco - Editado por Caio Pimenta - O principal site de noticias de Alagoinhas e regi\u00e3o","og:type":"article","og:title":"Juiz comunica que presidente da C\u00e2mara de Ilh\u00e9us ser\u00e1 preso em flagrante - News In Foco - Editado por Caio Pimenta","og:description":"O presidente fechou a Casa Legislativa alegando dedetiza\u00e7\u00e3o e, por causa disso, a Mesa Diretora da C\u00e2mara n\u00e3o cumpriu a decis\u00e3o judicial que determinou a suspens\u00e3o da elei\u00e7\u00e3o da mesa realizada em dezembro de 2022. Depois de uma \u201cinspe\u00e7\u00e3o judicial na C\u00e2mara\u201d, o juiz constatou que, ao contr\u00e1rio do que foi comunicado pela mesa diretora,","og:url":"https:\/\/newsinfoco.com.br\/inicio\/juiz-comunica-que-presidente-da-camara-de-ilheus-sera-preso-em-flagrante\/","article:published_time":"2023-04-02T22:25:17+00:00","article:modified_time":"2023-04-02T22:25:17+00:00","twitter:card":"summary_large_image","twitter:title":"Juiz comunica que presidente da C\u00e2mara de Ilh\u00e9us ser\u00e1 preso em flagrante - News In Foco - Editado por Caio Pimenta","twitter:description":"O presidente fechou a Casa Legislativa alegando dedetiza\u00e7\u00e3o e, por causa disso, a Mesa Diretora da C\u00e2mara n\u00e3o cumpriu a decis\u00e3o judicial que determinou a suspens\u00e3o da elei\u00e7\u00e3o da mesa realizada em dezembro de 2022. Depois de uma \u201cinspe\u00e7\u00e3o judicial na C\u00e2mara\u201d, o juiz constatou que, ao contr\u00e1rio do que foi comunicado pela mesa diretora,"},"aioseo_meta_data":{"post_id":"33507","title":null,"description":null,"keywords":null,"keyphrases":null,"primary_term":null,"canonical_url":null,"og_title":null,"og_description":null,"og_object_type":"default","og_image_type":"default","og_image_url":null,"og_image_width":null,"og_image_height":null,"og_image_custom_url":null,"og_image_custom_fields":null,"og_video":null,"og_custom_url":null,"og_article_section":null,"og_article_tags":null,"twitter_use_og":false,"twitter_card":"default","twitter_image_type":"default","twitter_image_url":null,"twitter_image_custom_url":null,"twitter_image_custom_fields":null,"twitter_title":null,"twitter_description":null,"schema":{"blockGraphs":[],"customGraphs":[],"default":{"data":{"Article":[],"Course":[],"Dataset":[],"FAQPage":[],"Movie":[],"Person":[],"Product":[],"ProductReview":[],"Car":[],"Recipe":[],"Service":[],"SoftwareApplication":[],"WebPage":[]},"graphName":"","isEnabled":true},"graphs":[]},"schema_type":"default","schema_type_options":null,"pillar_content":false,"robots_default":true,"robots_noindex":false,"robots_noarchive":false,"robots_nosnippet":false,"robots_nofollow":false,"robots_noimageindex":false,"robots_noodp":false,"robots_notranslate":false,"robots_max_snippet":null,"robots_max_videopreview":null,"robots_max_imagepreview":"large","priority":null,"frequency":null,"local_seo":null,"breadcrumb_settings":null,"limit_modified_date":false,"ai":null,"created":"2023-06-12 23:10:32","updated":"2025-07-11 09:27:10","seo_analyzer_scan_date":null},"aioseo_breadcrumb":"<div class=\"aioseo-breadcrumbs\"><span class=\"aioseo-breadcrumb\">\n\t\t\t<a href=\"https:\/\/newsinfoco.com.br\/inicio\" title=\"In\u00edcio\">In\u00edcio<\/a>\n\t\t<\/span><span class=\"aioseo-breadcrumb-separator\">&raquo;<\/span><span class=\"aioseo-breadcrumb\">\n\t\t\t<a href=\"https:\/\/newsinfoco.com.br\/inicio\/category\/bahia\/\" title=\"Bahia\">Bahia<\/a>\n\t\t<\/span><span class=\"aioseo-breadcrumb-separator\">&raquo;<\/span><span class=\"aioseo-breadcrumb\">\n\t\t\tJuiz comunica que presidente da C\u00e2mara de Ilh\u00e9us ser\u00e1 preso em flagrante\n\t\t<\/span><\/div>","aioseo_breadcrumb_json":[{"label":"In\u00edcio","link":"https:\/\/newsinfoco.com.br\/inicio"},{"label":"Bahia","link":"https:\/\/newsinfoco.com.br\/inicio\/category\/bahia\/"},{"label":"Juiz comunica que presidente da C\u00e2mara de Ilh\u00e9us ser\u00e1 preso em flagrante","link":"https:\/\/newsinfoco.com.br\/inicio\/juiz-comunica-que-presidente-da-camara-de-ilheus-sera-preso-em-flagrante\/"}],"_links":{"self":[{"href":"https:\/\/newsinfoco.com.br\/inicio\/wp-json\/wp\/v2\/posts\/33507","targetHints":{"allow":["GET"]}}],"collection":[{"href":"https:\/\/newsinfoco.com.br\/inicio\/wp-json\/wp\/v2\/posts"}],"about":[{"href":"https:\/\/newsinfoco.com.br\/inicio\/wp-json\/wp\/v2\/types\/post"}],"author":[{"embeddable":true,"href":"https:\/\/newsinfoco.com.br\/inicio\/wp-json\/wp\/v2\/users\/1"}],"replies":[{"embeddable":true,"href":"https:\/\/newsinfoco.com.br\/inicio\/wp-json\/wp\/v2\/comments?post=33507"}],"version-history":[{"count":1,"href":"https:\/\/newsinfoco.com.br\/inicio\/wp-json\/wp\/v2\/posts\/33507\/revisions"}],"predecessor-version":[{"id":33509,"href":"https:\/\/newsinfoco.com.br\/inicio\/wp-json\/wp\/v2\/posts\/33507\/revisions\/33509"}],"wp:featuredmedia":[{"embeddable":true,"href":"https:\/\/newsinfoco.com.br\/inicio\/wp-json\/wp\/v2\/media\/33508"}],"wp:attachment":[{"href":"https:\/\/newsinfoco.com.br\/inicio\/wp-json\/wp\/v2\/media?parent=33507"}],"wp:term":[{"taxonomy":"category","embeddable":true,"href":"https:\/\/newsinfoco.com.br\/inicio\/wp-json\/wp\/v2\/categories?post=33507"},{"taxonomy":"post_tag","embeddable":true,"href":"https:\/\/newsinfoco.com.br\/inicio\/wp-json\/wp\/v2\/tags?post=33507"}],"curies":[{"name":"wp","href":"https:\/\/api.w.org\/{rel}","templated":true}]}}