{"id":33519,"date":"2023-04-02T19:38:00","date_gmt":"2023-04-02T22:38:00","guid":{"rendered":"https:\/\/newsinfoco.com.br\/inicio\/?p=33519"},"modified":"2023-04-02T19:38:00","modified_gmt":"2023-04-02T22:38:00","slug":"diretores-escolares-e-vices-eleitos-para-o-exercicio-de-2023-a-2027-tomam-posse-em-alagoinhas","status":"publish","type":"post","link":"https:\/\/newsinfoco.com.br\/inicio\/diretores-escolares-e-vices-eleitos-para-o-exercicio-de-2023-a-2027-tomam-posse-em-alagoinhas\/","title":{"rendered":"Diretores escolares e vices eleitos para o exerc\u00edcio de 2023 a 2027 tomam posse em Alagoinhas"},"content":{"rendered":"<p>Cento e vinte e quatro novos gestores das escolas da rede municipal de Alagoinhas tomaram posse para o exerc\u00edcio de 2023-2027, em cerim\u00f4nia realizada no \u00faltimo s\u00e1bado (01), no teatro do SESC.<\/p>\n<p>Os ocupantes dos cargos de dire\u00e7\u00e3o e vice-dire\u00e7\u00e3o de cada unidade foram\u00a0escolhidos por meio de um processo eleitoral, regulamentado pelo Decreto 5860\/2022. Depois de concluir o curso de Gest\u00e3o Escolar promovido pela Secretaria Municipal de Educa\u00e7\u00e3o (SEDUC), de serem aprovados na avalia\u00e7\u00e3o escrita e de entregar o Plano de Gest\u00e3o Escolar \u00e0 Banca Examinadora, os candidatos aptos puderam formar suas chapas para serem escolhidos pela comunidade escolar, por meio do voto direto e secreto.<\/p>\n<p><a class=\"group1 cboxElement\" href=\"https:\/\/www.alagoinhas.ba.gov.br\/wp-content\/uploads\/2023\/04\/55FBF61B-CC59-4E9F-AF73-F8FCE4375EA2.jpeg\"><img loading=\"lazy\" decoding=\"async\" class=\"aligncenter size-large wp-image-64570\" src=\"https:\/\/www.alagoinhas.ba.gov.br\/wp-content\/uploads\/2023\/04\/55FBF61B-CC59-4E9F-AF73-F8FCE4375EA2-1024x682.jpeg\" sizes=\"auto, (max-width: 800px) 100vw, 800px\" srcset=\"https:\/\/www.alagoinhas.ba.gov.br\/wp-content\/uploads\/2023\/04\/55FBF61B-CC59-4E9F-AF73-F8FCE4375EA2-1024x682.jpeg 1024w, https:\/\/www.alagoinhas.ba.gov.br\/wp-content\/uploads\/2023\/04\/55FBF61B-CC59-4E9F-AF73-F8FCE4375EA2-300x200.jpeg 300w, https:\/\/www.alagoinhas.ba.gov.br\/wp-content\/uploads\/2023\/04\/55FBF61B-CC59-4E9F-AF73-F8FCE4375EA2-768x512.jpeg 768w, https:\/\/www.alagoinhas.ba.gov.br\/wp-content\/uploads\/2023\/04\/55FBF61B-CC59-4E9F-AF73-F8FCE4375EA2-105x70.jpeg 105w, https:\/\/www.alagoinhas.ba.gov.br\/wp-content\/uploads\/2023\/04\/55FBF61B-CC59-4E9F-AF73-F8FCE4375EA2.jpeg 1600w\" alt=\"\" width=\"800\" height=\"533\" \/><\/a><\/p>\n<p>Para o secret\u00e1rio municipal de Educa\u00e7\u00e3o, Gustavo Carmo, \u201cquando se permite que a comunidade escolar, a popula\u00e7\u00e3o que usufrui da educa\u00e7\u00e3o p\u00fablica municipal e o servidor, possam fazer a escolha atrav\u00e9s do voto, se divide com a sociedade a responsabilidade com a gest\u00e3o escolar, o que gera a sensa\u00e7\u00e3o de pertencimento.\u201d<\/p>\n<p><a class=\"group1 cboxElement\" href=\"https:\/\/www.alagoinhas.ba.gov.br\/wp-content\/uploads\/2023\/04\/CCA1BC9F-AEF6-4047-90A6-9915CA860DCE.jpeg\"><img loading=\"lazy\" decoding=\"async\" class=\"aligncenter size-large wp-image-64543\" src=\"https:\/\/www.alagoinhas.ba.gov.br\/wp-content\/uploads\/2023\/04\/CCA1BC9F-AEF6-4047-90A6-9915CA860DCE-1024x682.jpeg\" sizes=\"auto, (max-width: 800px) 100vw, 800px\" srcset=\"https:\/\/www.alagoinhas.ba.gov.br\/wp-content\/uploads\/2023\/04\/CCA1BC9F-AEF6-4047-90A6-9915CA860DCE-1024x682.jpeg 1024w, https:\/\/www.alagoinhas.ba.gov.br\/wp-content\/uploads\/2023\/04\/CCA1BC9F-AEF6-4047-90A6-9915CA860DCE-300x200.jpeg 300w, https:\/\/www.alagoinhas.ba.gov.br\/wp-content\/uploads\/2023\/04\/CCA1BC9F-AEF6-4047-90A6-9915CA860DCE-768x512.jpeg 768w, https:\/\/www.alagoinhas.ba.gov.br\/wp-content\/uploads\/2023\/04\/CCA1BC9F-AEF6-4047-90A6-9915CA860DCE-105x70.jpeg 105w, https:\/\/www.alagoinhas.ba.gov.br\/wp-content\/uploads\/2023\/04\/CCA1BC9F-AEF6-4047-90A6-9915CA860DCE.jpeg 1600w\" alt=\"\" width=\"800\" height=\"533\" \/><\/a><\/p>\n<p>Puderam votar professores, coordenadores pedag\u00f3gicos, servidores municipais efetivos em exerc\u00edcio na unidade escolar, estudantes com mais de 12 anos e\u00a0pais ou respons\u00e1veis legais dos estudantes menores de 18 anos. A base para esse processo \u00e9\u00a0o fortalecimento da gest\u00e3o escolar, por meio da qualifica\u00e7\u00e3o gestores e o incentivo \u00e0 participa\u00e7\u00e3o da comunidade escolar.<\/p>\n<p><a class=\"group1 cboxElement\" href=\"https:\/\/www.alagoinhas.ba.gov.br\/wp-content\/uploads\/2023\/04\/75958E2D-50C6-41CC-875A-D6CCC5C1F2B5.jpeg\"><img loading=\"lazy\" decoding=\"async\" class=\"aligncenter size-large wp-image-64556\" src=\"https:\/\/www.alagoinhas.ba.gov.br\/wp-content\/uploads\/2023\/04\/75958E2D-50C6-41CC-875A-D6CCC5C1F2B5-1024x682.jpeg\" sizes=\"auto, (max-width: 800px) 100vw, 800px\" srcset=\"https:\/\/www.alagoinhas.ba.gov.br\/wp-content\/uploads\/2023\/04\/75958E2D-50C6-41CC-875A-D6CCC5C1F2B5-1024x682.jpeg 1024w, https:\/\/www.alagoinhas.ba.gov.br\/wp-content\/uploads\/2023\/04\/75958E2D-50C6-41CC-875A-D6CCC5C1F2B5-300x200.jpeg 300w, https:\/\/www.alagoinhas.ba.gov.br\/wp-content\/uploads\/2023\/04\/75958E2D-50C6-41CC-875A-D6CCC5C1F2B5-768x512.jpeg 768w, https:\/\/www.alagoinhas.ba.gov.br\/wp-content\/uploads\/2023\/04\/75958E2D-50C6-41CC-875A-D6CCC5C1F2B5-105x70.jpeg 105w, https:\/\/www.alagoinhas.ba.gov.br\/wp-content\/uploads\/2023\/04\/75958E2D-50C6-41CC-875A-D6CCC5C1F2B5.jpeg 1600w\" alt=\"\" width=\"800\" height=\"533\" \/><\/a><\/p>\n<p>A subsecret\u00e1ria de Educa\u00e7\u00e3o, Keite Lima, explicou que o processo de escolha dos gestores durou cinco meses e envolveu cerca de 15 mil pessoas, entre votantes, candidatos e organizadores. \u201cN\u00f3s entendemos que o\u00a0diretor escolar \u00e9 de suma import\u00e2ncia para os resultados da aprendizagem. Ent\u00e3o, nosso sentimento hoje \u00e9 de dever cumprido com a educa\u00e7\u00e3o de Alagoinhas\u201d, avalia Keite.<\/p>\n<p>A subsecret\u00e1ria reconhece ainda o trabalho executado pela\u00a0Comiss\u00e3o Eleitoral, formada por representante dos sindicatos, representante do CME, da SEDUC e da Procuradoria Jur\u00eddica: \u201cO resultado da dedica\u00e7\u00e3o, compromisso e responsabilidade desses profissionais determinou o sucesso da elei\u00e7\u00e3o, pois das 77 unidades de ensino somente uma n\u00e3o conseguiu eleger seu diretor, por falta de qu\u00f3rum; para essa unidade, uma nova elei\u00e7\u00e3o ser\u00e1 marcada.\u201d<\/p>\n<p><a class=\"group1 cboxElement\" href=\"https:\/\/www.alagoinhas.ba.gov.br\/wp-content\/uploads\/2023\/04\/A93D7DFF-A3CD-4C49-B48E-ACCA5E23B951.jpeg\"><img loading=\"lazy\" decoding=\"async\" class=\"aligncenter size-large wp-image-64546\" src=\"https:\/\/www.alagoinhas.ba.gov.br\/wp-content\/uploads\/2023\/04\/A93D7DFF-A3CD-4C49-B48E-ACCA5E23B951-1024x682.jpeg\" sizes=\"auto, (max-width: 800px) 100vw, 800px\" srcset=\"https:\/\/www.alagoinhas.ba.gov.br\/wp-content\/uploads\/2023\/04\/A93D7DFF-A3CD-4C49-B48E-ACCA5E23B951-1024x682.jpeg 1024w, https:\/\/www.alagoinhas.ba.gov.br\/wp-content\/uploads\/2023\/04\/A93D7DFF-A3CD-4C49-B48E-ACCA5E23B951-300x200.jpeg 300w, https:\/\/www.alagoinhas.ba.gov.br\/wp-content\/uploads\/2023\/04\/A93D7DFF-A3CD-4C49-B48E-ACCA5E23B951-768x512.jpeg 768w, https:\/\/www.alagoinhas.ba.gov.br\/wp-content\/uploads\/2023\/04\/A93D7DFF-A3CD-4C49-B48E-ACCA5E23B951-105x70.jpeg 105w, https:\/\/www.alagoinhas.ba.gov.br\/wp-content\/uploads\/2023\/04\/A93D7DFF-A3CD-4C49-B48E-ACCA5E23B951.jpeg 1600w\" alt=\"\" width=\"800\" height=\"533\" \/><\/a><\/p>\n<p>Para os eleitos, a posse foi sin\u00f4nimo de reconhecimento e a oportunidade de reafirmar o seu principal prop\u00f3sito, oferecer uma educa\u00e7\u00e3o de qualidade aos alunos da rede municipal.<\/p>\n<p>\u201cEu me sinto grata pelas pessoas que confiaram em nosso trabalho e comungaram de nosso prop\u00f3sito. E estou pronta pra assumir esse novo ciclo de trabalho \u00a0em minha unidade\u201d, declara Kamila Silva, eleita diretora da Creche Municipal Ros\u00e1rio da Caridade.<\/p>\n<p>A professora Kelly Rebelato, por sua vez, j\u00e1 estava \u00e0 frente da gest\u00e3o do Col\u00e9gio Municipal de Alagoinhas (CMA) e \u00a0neste pleito, submeteu sua chapa ao voto popular. Feliz com o resultado, Kelly avalia: \u201cA\u00a0elei\u00e7\u00e3o\u00a0mostrou que v\u00ednhamos fazendo um bom trabalho, que a comunidade nos aprovou. Meu objetivo \u00e9 tornar o CMA um col\u00e9gio modelo, pois nossos alunos merecem e a cidade tamb\u00e9m\u201d.<\/p>\n<p>Gustavo Carmo informa que essa \u00e9 uma das etapas do processo de qualifica\u00e7\u00e3o da educa\u00e7\u00e3o municipal. \u201cGestores eleitos, agora vamos continuar com o fortalecimento da capacita\u00e7\u00e3o, deixando-os absolutamente preparados e seguindo juntos com um prop\u00f3sito em comum\u201d, planeja Gustavo.<\/p>\n<p>Estiveram presentes no ato de posse o vice-prefeito e secret\u00e1rio de Servi\u00e7os P\u00fablicos Roberto Torres, representando o prefeito Joaquim Neto, o secret\u00e1rio de Governo Jo\u00e3o Rabelo, o secret\u00e1rio de Comunica\u00e7\u00e3o M\u00e1rcio Gomes, os vereadores Jaldice Nunes e Thor de Ninha, presidente da Comiss\u00e3o Legislativa de Educa\u00e7\u00e3o, e o subprocurador do munic\u00edpio Hilton Ribeiro.<\/p>\n<p>&nbsp;<\/p>\n<p>Confira fotos da cerim\u00f4nia:<\/p>\n<p><a class=\"group1 cboxElement\" href=\"https:\/\/www.alagoinhas.ba.gov.br\/wp-content\/uploads\/2023\/04\/56A2B45C-3360-4118-976A-6C4FB83A4261.jpeg\"><img loading=\"lazy\" decoding=\"async\" class=\"aligncenter size-large wp-image-64562\" src=\"https:\/\/www.alagoinhas.ba.gov.br\/wp-content\/uploads\/2023\/04\/56A2B45C-3360-4118-976A-6C4FB83A4261-1024x682.jpeg\" sizes=\"auto, (max-width: 800px) 100vw, 800px\" srcset=\"https:\/\/www.alagoinhas.ba.gov.br\/wp-content\/uploads\/2023\/04\/56A2B45C-3360-4118-976A-6C4FB83A4261-1024x682.jpeg 1024w, https:\/\/www.alagoinhas.ba.gov.br\/wp-content\/uploads\/2023\/04\/56A2B45C-3360-4118-976A-6C4FB83A4261-300x200.jpeg 300w, https:\/\/www.alagoinhas.ba.gov.br\/wp-content\/uploads\/2023\/04\/56A2B45C-3360-4118-976A-6C4FB83A4261-768x512.jpeg 768w, https:\/\/www.alagoinhas.ba.gov.br\/wp-content\/uploads\/2023\/04\/56A2B45C-3360-4118-976A-6C4FB83A4261-105x70.jpeg 105w, https:\/\/www.alagoinhas.ba.gov.br\/wp-content\/uploads\/2023\/04\/56A2B45C-3360-4118-976A-6C4FB83A4261.jpeg 1600w\" alt=\"\" width=\"800\" height=\"533\" \/><\/a><\/p>\n<p><a class=\"group1 cboxElement\" href=\"https:\/\/www.alagoinhas.ba.gov.br\/wp-content\/uploads\/2023\/04\/6C8C28E3-5569-44D2-BE8A-56EECC9FF144.jpeg\"><img loading=\"lazy\" decoding=\"async\" class=\"aligncenter size-large wp-image-64561\" src=\"https:\/\/www.alagoinhas.ba.gov.br\/wp-content\/uploads\/2023\/04\/6C8C28E3-5569-44D2-BE8A-56EECC9FF144-1024x682.jpeg\" sizes=\"auto, (max-width: 800px) 100vw, 800px\" srcset=\"https:\/\/www.alagoinhas.ba.gov.br\/wp-content\/uploads\/2023\/04\/6C8C28E3-5569-44D2-BE8A-56EECC9FF144-1024x682.jpeg 1024w, https:\/\/www.alagoinhas.ba.gov.br\/wp-content\/uploads\/2023\/04\/6C8C28E3-5569-44D2-BE8A-56EECC9FF144-300x200.jpeg 300w, https:\/\/www.alagoinhas.ba.gov.br\/wp-content\/uploads\/2023\/04\/6C8C28E3-5569-44D2-BE8A-56EECC9FF144-768x512.jpeg 768w, https:\/\/www.alagoinhas.ba.gov.br\/wp-content\/uploads\/2023\/04\/6C8C28E3-5569-44D2-BE8A-56EECC9FF144-105x70.jpeg 105w, https:\/\/www.alagoinhas.ba.gov.br\/wp-content\/uploads\/2023\/04\/6C8C28E3-5569-44D2-BE8A-56EECC9FF144.jpeg 1600w\" alt=\"\" width=\"800\" height=\"533\" \/><\/a><\/p>\n<p><a class=\"group1 cboxElement\" href=\"https:\/\/www.alagoinhas.ba.gov.br\/wp-content\/uploads\/2023\/04\/80DA5728-6049-466D-B51D-6D2DB4C4BF7B.jpeg\"><img loading=\"lazy\" decoding=\"async\" class=\"aligncenter size-large wp-image-64563\" src=\"https:\/\/www.alagoinhas.ba.gov.br\/wp-content\/uploads\/2023\/04\/80DA5728-6049-466D-B51D-6D2DB4C4BF7B-1024x682.jpeg\" sizes=\"auto, (max-width: 800px) 100vw, 800px\" srcset=\"https:\/\/www.alagoinhas.ba.gov.br\/wp-content\/uploads\/2023\/04\/80DA5728-6049-466D-B51D-6D2DB4C4BF7B-1024x682.jpeg 1024w, https:\/\/www.alagoinhas.ba.gov.br\/wp-content\/uploads\/2023\/04\/80DA5728-6049-466D-B51D-6D2DB4C4BF7B-300x200.jpeg 300w, https:\/\/www.alagoinhas.ba.gov.br\/wp-content\/uploads\/2023\/04\/80DA5728-6049-466D-B51D-6D2DB4C4BF7B-768x512.jpeg 768w, https:\/\/www.alagoinhas.ba.gov.br\/wp-content\/uploads\/2023\/04\/80DA5728-6049-466D-B51D-6D2DB4C4BF7B-105x70.jpeg 105w, https:\/\/www.alagoinhas.ba.gov.br\/wp-content\/uploads\/2023\/04\/80DA5728-6049-466D-B51D-6D2DB4C4BF7B.jpeg 1600w\" alt=\"\" width=\"800\" height=\"533\" \/><\/a><\/p>\n<p><a class=\"group1 cboxElement\" href=\"https:\/\/www.alagoinhas.ba.gov.br\/wp-content\/uploads\/2023\/04\/372E9CFA-6640-42EC-91A9-557B078C457E.jpeg\"><img loading=\"lazy\" decoding=\"async\" class=\"aligncenter size-large wp-image-64558\" src=\"https:\/\/www.alagoinhas.ba.gov.br\/wp-content\/uploads\/2023\/04\/372E9CFA-6640-42EC-91A9-557B078C457E-1024x682.jpeg\" sizes=\"auto, (max-width: 800px) 100vw, 800px\" srcset=\"https:\/\/www.alagoinhas.ba.gov.br\/wp-content\/uploads\/2023\/04\/372E9CFA-6640-42EC-91A9-557B078C457E-1024x682.jpeg 1024w, https:\/\/www.alagoinhas.ba.gov.br\/wp-content\/uploads\/2023\/04\/372E9CFA-6640-42EC-91A9-557B078C457E-300x200.jpeg 300w, https:\/\/www.alagoinhas.ba.gov.br\/wp-content\/uploads\/2023\/04\/372E9CFA-6640-42EC-91A9-557B078C457E-768x512.jpeg 768w, https:\/\/www.alagoinhas.ba.gov.br\/wp-content\/uploads\/2023\/04\/372E9CFA-6640-42EC-91A9-557B078C457E-105x70.jpeg 105w, https:\/\/www.alagoinhas.ba.gov.br\/wp-content\/uploads\/2023\/04\/372E9CFA-6640-42EC-91A9-557B078C457E.jpeg 1600w\" alt=\"\" width=\"800\" height=\"533\" \/><br \/>\n<\/a><\/p>\n<p><a class=\"group1 cboxElement\" href=\"https:\/\/www.alagoinhas.ba.gov.br\/wp-content\/uploads\/2023\/04\/68009AB3-B314-451C-9D5B-ACFE238E541F.jpeg\"><img loading=\"lazy\" decoding=\"async\" class=\"aligncenter size-large wp-image-64542\" src=\"https:\/\/www.alagoinhas.ba.gov.br\/wp-content\/uploads\/2023\/04\/68009AB3-B314-451C-9D5B-ACFE238E541F-1024x682.jpeg\" sizes=\"auto, (max-width: 800px) 100vw, 800px\" srcset=\"https:\/\/www.alagoinhas.ba.gov.br\/wp-content\/uploads\/2023\/04\/68009AB3-B314-451C-9D5B-ACFE238E541F-1024x682.jpeg 1024w, https:\/\/www.alagoinhas.ba.gov.br\/wp-content\/uploads\/2023\/04\/68009AB3-B314-451C-9D5B-ACFE238E541F-300x200.jpeg 300w, https:\/\/www.alagoinhas.ba.gov.br\/wp-content\/uploads\/2023\/04\/68009AB3-B314-451C-9D5B-ACFE238E541F-768x512.jpeg 768w, https:\/\/www.alagoinhas.ba.gov.br\/wp-content\/uploads\/2023\/04\/68009AB3-B314-451C-9D5B-ACFE238E541F-105x70.jpeg 105w, https:\/\/www.alagoinhas.ba.gov.br\/wp-content\/uploads\/2023\/04\/68009AB3-B314-451C-9D5B-ACFE238E541F.jpeg 1600w\" alt=\"\" width=\"800\" height=\"533\" \/><\/a><\/p>\n<p><a class=\"group1 cboxElement\" href=\"https:\/\/www.alagoinhas.ba.gov.br\/wp-content\/uploads\/2023\/04\/0B4E608C-1306-4108-A06D-2E2ADF607C4F.jpeg\"><img loading=\"lazy\" decoding=\"async\" class=\"aligncenter size-large wp-image-64548\" src=\"https:\/\/www.alagoinhas.ba.gov.br\/wp-content\/uploads\/2023\/04\/0B4E608C-1306-4108-A06D-2E2ADF607C4F-1024x682.jpeg\" sizes=\"auto, (max-width: 800px) 100vw, 800px\" srcset=\"https:\/\/www.alagoinhas.ba.gov.br\/wp-content\/uploads\/2023\/04\/0B4E608C-1306-4108-A06D-2E2ADF607C4F-1024x682.jpeg 1024w, https:\/\/www.alagoinhas.ba.gov.br\/wp-content\/uploads\/2023\/04\/0B4E608C-1306-4108-A06D-2E2ADF607C4F-300x200.jpeg 300w, https:\/\/www.alagoinhas.ba.gov.br\/wp-content\/uploads\/2023\/04\/0B4E608C-1306-4108-A06D-2E2ADF607C4F-768x512.jpeg 768w, https:\/\/www.alagoinhas.ba.gov.br\/wp-content\/uploads\/2023\/04\/0B4E608C-1306-4108-A06D-2E2ADF607C4F-105x70.jpeg 105w, https:\/\/www.alagoinhas.ba.gov.br\/wp-content\/uploads\/2023\/04\/0B4E608C-1306-4108-A06D-2E2ADF607C4F.jpeg 1600w\" alt=\"\" width=\"800\" height=\"533\" \/><\/a><\/p>\n<p><a class=\"group1 cboxElement\" href=\"https:\/\/www.alagoinhas.ba.gov.br\/wp-content\/uploads\/2023\/04\/36F1F9CB-0316-4640-858B-11D8C12AC678.jpeg\"><img loading=\"lazy\" decoding=\"async\" class=\"aligncenter size-large wp-image-64547\" src=\"https:\/\/www.alagoinhas.ba.gov.br\/wp-content\/uploads\/2023\/04\/36F1F9CB-0316-4640-858B-11D8C12AC678-1024x682.jpeg\" sizes=\"auto, (max-width: 800px) 100vw, 800px\" srcset=\"https:\/\/www.alagoinhas.ba.gov.br\/wp-content\/uploads\/2023\/04\/36F1F9CB-0316-4640-858B-11D8C12AC678-1024x682.jpeg 1024w, https:\/\/www.alagoinhas.ba.gov.br\/wp-content\/uploads\/2023\/04\/36F1F9CB-0316-4640-858B-11D8C12AC678-300x200.jpeg 300w, https:\/\/www.alagoinhas.ba.gov.br\/wp-content\/uploads\/2023\/04\/36F1F9CB-0316-4640-858B-11D8C12AC678-768x512.jpeg 768w, https:\/\/www.alagoinhas.ba.gov.br\/wp-content\/uploads\/2023\/04\/36F1F9CB-0316-4640-858B-11D8C12AC678-105x70.jpeg 105w, https:\/\/www.alagoinhas.ba.gov.br\/wp-content\/uploads\/2023\/04\/36F1F9CB-0316-4640-858B-11D8C12AC678.jpeg 1600w\" alt=\"\" width=\"800\" height=\"533\" \/><\/a><\/p>\n<p><a class=\"group1 cboxElement\" href=\"https:\/\/www.alagoinhas.ba.gov.br\/wp-content\/uploads\/2023\/04\/B9E6E54C-4C0C-4D48-BC34-2473EBEAAF0A.jpeg\"><img loading=\"lazy\" decoding=\"async\" class=\"aligncenter size-large wp-image-64551\" src=\"https:\/\/www.alagoinhas.ba.gov.br\/wp-content\/uploads\/2023\/04\/B9E6E54C-4C0C-4D48-BC34-2473EBEAAF0A-1024x682.jpeg\" sizes=\"auto, (max-width: 800px) 100vw, 800px\" srcset=\"https:\/\/www.alagoinhas.ba.gov.br\/wp-content\/uploads\/2023\/04\/B9E6E54C-4C0C-4D48-BC34-2473EBEAAF0A-1024x682.jpeg 1024w, https:\/\/www.alagoinhas.ba.gov.br\/wp-content\/uploads\/2023\/04\/B9E6E54C-4C0C-4D48-BC34-2473EBEAAF0A-300x200.jpeg 300w, https:\/\/www.alagoinhas.ba.gov.br\/wp-content\/uploads\/2023\/04\/B9E6E54C-4C0C-4D48-BC34-2473EBEAAF0A-768x512.jpeg 768w, https:\/\/www.alagoinhas.ba.gov.br\/wp-content\/uploads\/2023\/04\/B9E6E54C-4C0C-4D48-BC34-2473EBEAAF0A-105x70.jpeg 105w, https:\/\/www.alagoinhas.ba.gov.br\/wp-content\/uploads\/2023\/04\/B9E6E54C-4C0C-4D48-BC34-2473EBEAAF0A.jpeg 1600w\" alt=\"\" width=\"800\" height=\"533\" \/><\/a><\/p>\n<p><a class=\"group1 cboxElement\" href=\"https:\/\/www.alagoinhas.ba.gov.br\/wp-content\/uploads\/2023\/04\/B4EF1DA2-CAA0-4A5D-A3B0-37AFFCF78D18.jpeg\"><img loading=\"lazy\" decoding=\"async\" class=\"aligncenter size-large wp-image-64550\" src=\"https:\/\/www.alagoinhas.ba.gov.br\/wp-content\/uploads\/2023\/04\/B4EF1DA2-CAA0-4A5D-A3B0-37AFFCF78D18-1024x682.jpeg\" sizes=\"auto, (max-width: 800px) 100vw, 800px\" srcset=\"https:\/\/www.alagoinhas.ba.gov.br\/wp-content\/uploads\/2023\/04\/B4EF1DA2-CAA0-4A5D-A3B0-37AFFCF78D18-1024x682.jpeg 1024w, https:\/\/www.alagoinhas.ba.gov.br\/wp-content\/uploads\/2023\/04\/B4EF1DA2-CAA0-4A5D-A3B0-37AFFCF78D18-300x200.jpeg 300w, https:\/\/www.alagoinhas.ba.gov.br\/wp-content\/uploads\/2023\/04\/B4EF1DA2-CAA0-4A5D-A3B0-37AFFCF78D18-768x512.jpeg 768w, https:\/\/www.alagoinhas.ba.gov.br\/wp-content\/uploads\/2023\/04\/B4EF1DA2-CAA0-4A5D-A3B0-37AFFCF78D18-105x70.jpeg 105w, https:\/\/www.alagoinhas.ba.gov.br\/wp-content\/uploads\/2023\/04\/B4EF1DA2-CAA0-4A5D-A3B0-37AFFCF78D18.jpeg 1600w\" alt=\"\" width=\"800\" height=\"533\" \/><\/a><\/p>\n<p><a class=\"group1 cboxElement\" href=\"https:\/\/www.alagoinhas.ba.gov.br\/wp-content\/uploads\/2023\/04\/ED0F4D40-F9B9-4077-A675-F102435528EF.jpeg\"><img loading=\"lazy\" decoding=\"async\" class=\"aligncenter size-large wp-image-64555\" src=\"https:\/\/www.alagoinhas.ba.gov.br\/wp-content\/uploads\/2023\/04\/ED0F4D40-F9B9-4077-A675-F102435528EF-1024x682.jpeg\" sizes=\"auto, (max-width: 800px) 100vw, 800px\" srcset=\"https:\/\/www.alagoinhas.ba.gov.br\/wp-content\/uploads\/2023\/04\/ED0F4D40-F9B9-4077-A675-F102435528EF-1024x682.jpeg 1024w, https:\/\/www.alagoinhas.ba.gov.br\/wp-content\/uploads\/2023\/04\/ED0F4D40-F9B9-4077-A675-F102435528EF-300x200.jpeg 300w, https:\/\/www.alagoinhas.ba.gov.br\/wp-content\/uploads\/2023\/04\/ED0F4D40-F9B9-4077-A675-F102435528EF-768x512.jpeg 768w, https:\/\/www.alagoinhas.ba.gov.br\/wp-content\/uploads\/2023\/04\/ED0F4D40-F9B9-4077-A675-F102435528EF-105x70.jpeg 105w, https:\/\/www.alagoinhas.ba.gov.br\/wp-content\/uploads\/2023\/04\/ED0F4D40-F9B9-4077-A675-F102435528EF.jpeg 1600w\" alt=\"\" width=\"800\" height=\"533\" \/><\/a><\/p>\n<p><a class=\"group1 cboxElement\" href=\"https:\/\/www.alagoinhas.ba.gov.br\/wp-content\/uploads\/2023\/04\/AB360E2D-86EC-4E5C-804F-94027C5DB256.jpeg\"><img loading=\"lazy\" decoding=\"async\" class=\"aligncenter size-large wp-image-64553\" src=\"https:\/\/www.alagoinhas.ba.gov.br\/wp-content\/uploads\/2023\/04\/AB360E2D-86EC-4E5C-804F-94027C5DB256-1024x682.jpeg\" sizes=\"auto, (max-width: 800px) 100vw, 800px\" srcset=\"https:\/\/www.alagoinhas.ba.gov.br\/wp-content\/uploads\/2023\/04\/AB360E2D-86EC-4E5C-804F-94027C5DB256-1024x682.jpeg 1024w, https:\/\/www.alagoinhas.ba.gov.br\/wp-content\/uploads\/2023\/04\/AB360E2D-86EC-4E5C-804F-94027C5DB256-300x200.jpeg 300w, https:\/\/www.alagoinhas.ba.gov.br\/wp-content\/uploads\/2023\/04\/AB360E2D-86EC-4E5C-804F-94027C5DB256-768x512.jpeg 768w, https:\/\/www.alagoinhas.ba.gov.br\/wp-content\/uploads\/2023\/04\/AB360E2D-86EC-4E5C-804F-94027C5DB256-105x70.jpeg 105w, https:\/\/www.alagoinhas.ba.gov.br\/wp-content\/uploads\/2023\/04\/AB360E2D-86EC-4E5C-804F-94027C5DB256.jpeg 1600w\" alt=\"\" width=\"800\" height=\"533\" \/><\/a><\/p>\n<p><a class=\"group1 cboxElement\" href=\"https:\/\/www.alagoinhas.ba.gov.br\/wp-content\/uploads\/2023\/04\/1D751D1E-BF59-483E-941F-D32ECBA2C433.jpeg\"><img loading=\"lazy\" decoding=\"async\" class=\"aligncenter size-large wp-image-64549\" src=\"https:\/\/www.alagoinhas.ba.gov.br\/wp-content\/uploads\/2023\/04\/1D751D1E-BF59-483E-941F-D32ECBA2C433-1024x682.jpeg\" sizes=\"auto, (max-width: 800px) 100vw, 800px\" srcset=\"https:\/\/www.alagoinhas.ba.gov.br\/wp-content\/uploads\/2023\/04\/1D751D1E-BF59-483E-941F-D32ECBA2C433-1024x682.jpeg 1024w, https:\/\/www.alagoinhas.ba.gov.br\/wp-content\/uploads\/2023\/04\/1D751D1E-BF59-483E-941F-D32ECBA2C433-300x200.jpeg 300w, https:\/\/www.alagoinhas.ba.gov.br\/wp-content\/uploads\/2023\/04\/1D751D1E-BF59-483E-941F-D32ECBA2C433-768x512.jpeg 768w, https:\/\/www.alagoinhas.ba.gov.br\/wp-content\/uploads\/2023\/04\/1D751D1E-BF59-483E-941F-D32ECBA2C433-105x70.jpeg 105w, https:\/\/www.alagoinhas.ba.gov.br\/wp-content\/uploads\/2023\/04\/1D751D1E-BF59-483E-941F-D32ECBA2C433.jpeg 1600w\" alt=\"\" width=\"800\" height=\"533\" \/><\/a><\/p>\n<p><a class=\"group1 cboxElement\" href=\"https:\/\/www.alagoinhas.ba.gov.br\/wp-content\/uploads\/2023\/04\/4873BC74-BA1A-403F-9C3D-AD865B4223DF.jpeg\"><img loading=\"lazy\" decoding=\"async\" class=\"aligncenter size-large wp-image-64559\" src=\"https:\/\/www.alagoinhas.ba.gov.br\/wp-content\/uploads\/2023\/04\/4873BC74-BA1A-403F-9C3D-AD865B4223DF-1024x682.jpeg\" sizes=\"auto, (max-width: 800px) 100vw, 800px\" srcset=\"https:\/\/www.alagoinhas.ba.gov.br\/wp-content\/uploads\/2023\/04\/4873BC74-BA1A-403F-9C3D-AD865B4223DF-1024x682.jpeg 1024w, https:\/\/www.alagoinhas.ba.gov.br\/wp-content\/uploads\/2023\/04\/4873BC74-BA1A-403F-9C3D-AD865B4223DF-300x200.jpeg 300w, https:\/\/www.alagoinhas.ba.gov.br\/wp-content\/uploads\/2023\/04\/4873BC74-BA1A-403F-9C3D-AD865B4223DF-768x512.jpeg 768w, https:\/\/www.alagoinhas.ba.gov.br\/wp-content\/uploads\/2023\/04\/4873BC74-BA1A-403F-9C3D-AD865B4223DF-105x70.jpeg 105w, https:\/\/www.alagoinhas.ba.gov.br\/wp-content\/uploads\/2023\/04\/4873BC74-BA1A-403F-9C3D-AD865B4223DF.jpeg 1600w\" alt=\"\" width=\"800\" height=\"533\" \/><\/a><\/p>\n<p><a class=\"group1 cboxElement\" href=\"https:\/\/www.alagoinhas.ba.gov.br\/wp-content\/uploads\/2023\/04\/9CCCEE29-96D8-4B43-B511-F79EABC69E3D.jpeg\"><img loading=\"lazy\" decoding=\"async\" class=\"aligncenter size-large wp-image-64545\" src=\"https:\/\/www.alagoinhas.ba.gov.br\/wp-content\/uploads\/2023\/04\/9CCCEE29-96D8-4B43-B511-F79EABC69E3D-1024x682.jpeg\" sizes=\"auto, (max-width: 800px) 100vw, 800px\" srcset=\"https:\/\/www.alagoinhas.ba.gov.br\/wp-content\/uploads\/2023\/04\/9CCCEE29-96D8-4B43-B511-F79EABC69E3D-1024x682.jpeg 1024w, https:\/\/www.alagoinhas.ba.gov.br\/wp-content\/uploads\/2023\/04\/9CCCEE29-96D8-4B43-B511-F79EABC69E3D-300x200.jpeg 300w, https:\/\/www.alagoinhas.ba.gov.br\/wp-content\/uploads\/2023\/04\/9CCCEE29-96D8-4B43-B511-F79EABC69E3D-768x512.jpeg 768w, https:\/\/www.alagoinhas.ba.gov.br\/wp-content\/uploads\/2023\/04\/9CCCEE29-96D8-4B43-B511-F79EABC69E3D-105x70.jpeg 105w, https:\/\/www.alagoinhas.ba.gov.br\/wp-content\/uploads\/2023\/04\/9CCCEE29-96D8-4B43-B511-F79EABC69E3D.jpeg 1600w\" alt=\"\" width=\"800\" height=\"533\" \/><\/a><\/p>\n<p><a class=\"group1 cboxElement\" href=\"https:\/\/www.alagoinhas.ba.gov.br\/wp-content\/uploads\/2023\/04\/0B2C3105-040C-4774-A910-2AC25162F168.jpeg\"><img loading=\"lazy\" decoding=\"async\" class=\"aligncenter size-large wp-image-64569\" src=\"https:\/\/www.alagoinhas.ba.gov.br\/wp-content\/uploads\/2023\/04\/0B2C3105-040C-4774-A910-2AC25162F168-1024x682.jpeg\" sizes=\"auto, (max-width: 800px) 100vw, 800px\" srcset=\"https:\/\/www.alagoinhas.ba.gov.br\/wp-content\/uploads\/2023\/04\/0B2C3105-040C-4774-A910-2AC25162F168-1024x682.jpeg 1024w, https:\/\/www.alagoinhas.ba.gov.br\/wp-content\/uploads\/2023\/04\/0B2C3105-040C-4774-A910-2AC25162F168-300x200.jpeg 300w, https:\/\/www.alagoinhas.ba.gov.br\/wp-content\/uploads\/2023\/04\/0B2C3105-040C-4774-A910-2AC25162F168-768x512.jpeg 768w, https:\/\/www.alagoinhas.ba.gov.br\/wp-content\/uploads\/2023\/04\/0B2C3105-040C-4774-A910-2AC25162F168-105x70.jpeg 105w, https:\/\/www.alagoinhas.ba.gov.br\/wp-content\/uploads\/2023\/04\/0B2C3105-040C-4774-A910-2AC25162F168.jpeg 1600w\" alt=\"\" width=\"800\" height=\"533\" \/><\/a><\/p>\n<p><a class=\"group1 cboxElement\" href=\"https:\/\/www.alagoinhas.ba.gov.br\/wp-content\/uploads\/2023\/04\/8303A80D-F7F4-46BD-8B12-7E68560BE47D.jpeg\"><img loading=\"lazy\" decoding=\"async\" class=\"size-large wp-image-64568 alignright\" src=\"https:\/\/www.alagoinhas.ba.gov.br\/wp-content\/uploads\/2023\/04\/8303A80D-F7F4-46BD-8B12-7E68560BE47D-1024x682.jpeg\" sizes=\"auto, (max-width: 800px) 100vw, 800px\" srcset=\"https:\/\/www.alagoinhas.ba.gov.br\/wp-content\/uploads\/2023\/04\/8303A80D-F7F4-46BD-8B12-7E68560BE47D-1024x682.jpeg 1024w, https:\/\/www.alagoinhas.ba.gov.br\/wp-content\/uploads\/2023\/04\/8303A80D-F7F4-46BD-8B12-7E68560BE47D-300x200.jpeg 300w, https:\/\/www.alagoinhas.ba.gov.br\/wp-content\/uploads\/2023\/04\/8303A80D-F7F4-46BD-8B12-7E68560BE47D-768x512.jpeg 768w, https:\/\/www.alagoinhas.ba.gov.br\/wp-content\/uploads\/2023\/04\/8303A80D-F7F4-46BD-8B12-7E68560BE47D-105x70.jpeg 105w, https:\/\/www.alagoinhas.ba.gov.br\/wp-content\/uploads\/2023\/04\/8303A80D-F7F4-46BD-8B12-7E68560BE47D.jpeg 1600w\" alt=\"\" width=\"800\" height=\"533\" \/><br \/>\n<\/a><\/p>\n<p>Fotos: Roberto Fonseca<\/p>\n<div class='share-to-whatsapp-wrapper'><div class='share-on-whsp'>Share on: <\/div><a data-text='Diretores escolares e vices eleitos para o exerc\u00edcio de 2023 a 2027 tomam posse em Alagoinhas' data-link='https:\/\/newsinfoco.com.br\/inicio\/diretores-escolares-e-vices-eleitos-para-o-exercicio-de-2023-a-2027-tomam-posse-em-alagoinhas\/' class='whatsapp-button whatsapp-share'>WhatsApp<\/a><div class='clear '><\/div><\/div>","protected":false},"excerpt":{"rendered":"<p>Cento e vinte e quatro novos gestores das escolas da rede municipal de Alagoinhas tomaram posse para o exerc\u00edcio de 2023-2027, em cerim\u00f4nia realizada no \u00faltimo s\u00e1bado (01), no teatro do SESC. Os ocupantes dos cargos de dire\u00e7\u00e3o e vice-dire\u00e7\u00e3o de cada unidade foram\u00a0escolhidos por meio de um processo eleitoral, regulamentado pelo Decreto 5860\/2022. Depois [&hellip;]<\/p>\n","protected":false},"author":1,"featured_media":0,"comment_status":"closed","ping_status":"closed","sticky":false,"template":"","format":"standard","meta":{"om_disable_all_campaigns":false,"rop_custom_images_group":[],"rop_custom_messages_group":[],"rop_publish_now":"initial","rop_publish_now_accounts":[],"rop_publish_now_history":[],"rop_publish_now_status":"pending","_exactmetrics_skip_tracking":false,"footnotes":""},"categories":[38,167],"tags":[],"class_list":["post-33519","post","type-post","status-publish","format-standard","hentry","category-alagoinhas-e-regiao","category-exclusivas"],"aioseo_notices":[],"aioseo_head":"\n\t\t<!-- All in One SEO 4.9.10 - aioseo.com -->\n\t<meta name=\"description\" content=\"Cento e vinte e quatro novos gestores das escolas da rede municipal de Alagoinhas tomaram posse para o exerc\u00edcio de 2023-2027, em cerim\u00f4nia realizada no \u00faltimo s\u00e1bado (01), no teatro do SESC. Os ocupantes dos cargos de dire\u00e7\u00e3o e vice-dire\u00e7\u00e3o de cada unidade foram escolhidos por meio de um processo eleitoral, regulamentado pelo Decreto 5860\/2022. Depois\" \/>\n\t<meta name=\"robots\" content=\"max-image-preview:large\" \/>\n\t<meta name=\"author\" content=\"administrador\"\/>\n\t<link rel=\"canonical\" href=\"https:\/\/newsinfoco.com.br\/inicio\/diretores-escolares-e-vices-eleitos-para-o-exercicio-de-2023-a-2027-tomam-posse-em-alagoinhas\/\" \/>\n\t<meta name=\"generator\" content=\"All in One SEO (AIOSEO) 4.9.10\" \/>\n\t\t<meta property=\"og:locale\" content=\"pt_BR\" \/>\n\t\t<meta property=\"og:site_name\" content=\"News In Foco - Editado por Caio Pimenta - O principal site de noticias de Alagoinhas e regi\u00e3o\" \/>\n\t\t<meta property=\"og:type\" content=\"article\" \/>\n\t\t<meta property=\"og:title\" content=\"Diretores escolares e vices eleitos para o exerc\u00edcio de 2023 a 2027 tomam posse em Alagoinhas - News In Foco - Editado por Caio Pimenta\" \/>\n\t\t<meta property=\"og:description\" content=\"Cento e vinte e quatro novos gestores das escolas da rede municipal de Alagoinhas tomaram posse para o exerc\u00edcio de 2023-2027, em cerim\u00f4nia realizada no \u00faltimo s\u00e1bado (01), no teatro do SESC. Os ocupantes dos cargos de dire\u00e7\u00e3o e vice-dire\u00e7\u00e3o de cada unidade foram escolhidos por meio de um processo eleitoral, regulamentado pelo Decreto 5860\/2022. Depois\" \/>\n\t\t<meta property=\"og:url\" content=\"https:\/\/newsinfoco.com.br\/inicio\/diretores-escolares-e-vices-eleitos-para-o-exercicio-de-2023-a-2027-tomam-posse-em-alagoinhas\/\" \/>\n\t\t<meta property=\"article:published_time\" content=\"2023-04-02T22:38:00+00:00\" \/>\n\t\t<meta property=\"article:modified_time\" content=\"2023-04-02T22:38:00+00:00\" \/>\n\t\t<meta name=\"twitter:card\" content=\"summary_large_image\" \/>\n\t\t<meta name=\"twitter:title\" content=\"Diretores escolares e vices eleitos para o exerc\u00edcio de 2023 a 2027 tomam posse em Alagoinhas - News In Foco - Editado por Caio Pimenta\" \/>\n\t\t<meta name=\"twitter:description\" content=\"Cento e vinte e quatro novos gestores das escolas da rede municipal de Alagoinhas tomaram posse para o exerc\u00edcio de 2023-2027, em cerim\u00f4nia realizada no \u00faltimo s\u00e1bado (01), no teatro do SESC. Os ocupantes dos cargos de dire\u00e7\u00e3o e vice-dire\u00e7\u00e3o de cada unidade foram escolhidos por meio de um processo eleitoral, regulamentado pelo Decreto 5860\/2022. Depois\" \/>\n\t\t<script type=\"application\/ld+json\" class=\"aioseo-schema\">\n\t\t\t{\"@context\":\"https:\\\/\\\/schema.org\",\"@graph\":[{\"@type\":\"BlogPosting\",\"@id\":\"https:\\\/\\\/newsinfoco.com.br\\\/inicio\\\/diretores-escolares-e-vices-eleitos-para-o-exercicio-de-2023-a-2027-tomam-posse-em-alagoinhas\\\/#blogposting\",\"name\":\"Diretores escolares e vices eleitos para o exerc\\u00edcio de 2023 a 2027 tomam posse em Alagoinhas - News In Foco - Editado por Caio Pimenta\",\"headline\":\"Diretores escolares e vices eleitos para o exerc\\u00edcio de 2023 a 2027 tomam posse em Alagoinhas\",\"author\":{\"@id\":\"https:\\\/\\\/newsinfoco.com.br\\\/inicio\\\/author\\\/administrador\\\/#author\"},\"publisher\":{\"@id\":\"https:\\\/\\\/newsinfoco.com.br\\\/inicio\\\/#organization\"},\"image\":{\"@type\":\"ImageObject\",\"url\":\"https:\\\/\\\/www.alagoinhas.ba.gov.br\\\/wp-content\\\/uploads\\\/2023\\\/04\\\/55FBF61B-CC59-4E9F-AF73-F8FCE4375EA2-1024x682.jpeg\",\"@id\":\"https:\\\/\\\/newsinfoco.com.br\\\/inicio\\\/diretores-escolares-e-vices-eleitos-para-o-exercicio-de-2023-a-2027-tomam-posse-em-alagoinhas\\\/#articleImage\"},\"datePublished\":\"2023-04-02T19:38:00-03:00\",\"dateModified\":\"2023-04-02T19:38:00-03:00\",\"inLanguage\":\"pt-BR\",\"mainEntityOfPage\":{\"@id\":\"https:\\\/\\\/newsinfoco.com.br\\\/inicio\\\/diretores-escolares-e-vices-eleitos-para-o-exercicio-de-2023-a-2027-tomam-posse-em-alagoinhas\\\/#webpage\"},\"isPartOf\":{\"@id\":\"https:\\\/\\\/newsinfoco.com.br\\\/inicio\\\/diretores-escolares-e-vices-eleitos-para-o-exercicio-de-2023-a-2027-tomam-posse-em-alagoinhas\\\/#webpage\"},\"articleSection\":\"Alagoinhas e Regi\\u00e3o, Manchete\"},{\"@type\":\"BreadcrumbList\",\"@id\":\"https:\\\/\\\/newsinfoco.com.br\\\/inicio\\\/diretores-escolares-e-vices-eleitos-para-o-exercicio-de-2023-a-2027-tomam-posse-em-alagoinhas\\\/#breadcrumblist\",\"itemListElement\":[{\"@type\":\"ListItem\",\"@id\":\"https:\\\/\\\/newsinfoco.com.br\\\/inicio#listItem\",\"position\":1,\"name\":\"In\\u00edcio\",\"item\":\"https:\\\/\\\/newsinfoco.com.br\\\/inicio\",\"nextItem\":{\"@type\":\"ListItem\",\"@id\":\"https:\\\/\\\/newsinfoco.com.br\\\/inicio\\\/category\\\/alagoinhas-e-regiao\\\/#listItem\",\"name\":\"Alagoinhas e Regi\\u00e3o\"}},{\"@type\":\"ListItem\",\"@id\":\"https:\\\/\\\/newsinfoco.com.br\\\/inicio\\\/category\\\/alagoinhas-e-regiao\\\/#listItem\",\"position\":2,\"name\":\"Alagoinhas e Regi\\u00e3o\",\"item\":\"https:\\\/\\\/newsinfoco.com.br\\\/inicio\\\/category\\\/alagoinhas-e-regiao\\\/\",\"nextItem\":{\"@type\":\"ListItem\",\"@id\":\"https:\\\/\\\/newsinfoco.com.br\\\/inicio\\\/diretores-escolares-e-vices-eleitos-para-o-exercicio-de-2023-a-2027-tomam-posse-em-alagoinhas\\\/#listItem\",\"name\":\"Diretores escolares e vices eleitos para o exerc\\u00edcio de 2023 a 2027 tomam posse em Alagoinhas\"},\"previousItem\":{\"@type\":\"ListItem\",\"@id\":\"https:\\\/\\\/newsinfoco.com.br\\\/inicio#listItem\",\"name\":\"In\\u00edcio\"}},{\"@type\":\"ListItem\",\"@id\":\"https:\\\/\\\/newsinfoco.com.br\\\/inicio\\\/diretores-escolares-e-vices-eleitos-para-o-exercicio-de-2023-a-2027-tomam-posse-em-alagoinhas\\\/#listItem\",\"position\":3,\"name\":\"Diretores escolares e vices eleitos para o exerc\\u00edcio de 2023 a 2027 tomam posse em Alagoinhas\",\"previousItem\":{\"@type\":\"ListItem\",\"@id\":\"https:\\\/\\\/newsinfoco.com.br\\\/inicio\\\/category\\\/alagoinhas-e-regiao\\\/#listItem\",\"name\":\"Alagoinhas e Regi\\u00e3o\"}}]},{\"@type\":\"Organization\",\"@id\":\"https:\\\/\\\/newsinfoco.com.br\\\/inicio\\\/#organization\",\"name\":\"News In Foco - Editado por Caio Pimenta\",\"description\":\"O principal site de noticias de Alagoinhas e regi\\u00e3o\",\"url\":\"https:\\\/\\\/newsinfoco.com.br\\\/inicio\\\/\"},{\"@type\":\"Person\",\"@id\":\"https:\\\/\\\/newsinfoco.com.br\\\/inicio\\\/author\\\/administrador\\\/#author\",\"url\":\"https:\\\/\\\/newsinfoco.com.br\\\/inicio\\\/author\\\/administrador\\\/\",\"name\":\"administrador\",\"image\":{\"@type\":\"ImageObject\",\"@id\":\"https:\\\/\\\/newsinfoco.com.br\\\/inicio\\\/diretores-escolares-e-vices-eleitos-para-o-exercicio-de-2023-a-2027-tomam-posse-em-alagoinhas\\\/#authorImage\",\"url\":\"https:\\\/\\\/secure.gravatar.com\\\/avatar\\\/c17a617433de8c1dc9584bb79aab7563b46f5bb7e1728c9b17d9cc3ce6a08e49?s=96&d=mm&r=g\",\"width\":96,\"height\":96,\"caption\":\"administrador\"}},{\"@type\":\"WebPage\",\"@id\":\"https:\\\/\\\/newsinfoco.com.br\\\/inicio\\\/diretores-escolares-e-vices-eleitos-para-o-exercicio-de-2023-a-2027-tomam-posse-em-alagoinhas\\\/#webpage\",\"url\":\"https:\\\/\\\/newsinfoco.com.br\\\/inicio\\\/diretores-escolares-e-vices-eleitos-para-o-exercicio-de-2023-a-2027-tomam-posse-em-alagoinhas\\\/\",\"name\":\"Diretores escolares e vices eleitos para o exerc\\u00edcio de 2023 a 2027 tomam posse em Alagoinhas - News In Foco - Editado por Caio Pimenta\",\"description\":\"Cento e vinte e quatro novos gestores das escolas da rede municipal de Alagoinhas tomaram posse para o exerc\\u00edcio de 2023-2027, em cerim\\u00f4nia realizada no \\u00faltimo s\\u00e1bado (01), no teatro do SESC. Os ocupantes dos cargos de dire\\u00e7\\u00e3o e vice-dire\\u00e7\\u00e3o de cada unidade foram escolhidos por meio de um processo eleitoral, regulamentado pelo Decreto 5860\\\/2022. Depois\",\"inLanguage\":\"pt-BR\",\"isPartOf\":{\"@id\":\"https:\\\/\\\/newsinfoco.com.br\\\/inicio\\\/#website\"},\"breadcrumb\":{\"@id\":\"https:\\\/\\\/newsinfoco.com.br\\\/inicio\\\/diretores-escolares-e-vices-eleitos-para-o-exercicio-de-2023-a-2027-tomam-posse-em-alagoinhas\\\/#breadcrumblist\"},\"author\":{\"@id\":\"https:\\\/\\\/newsinfoco.com.br\\\/inicio\\\/author\\\/administrador\\\/#author\"},\"creator\":{\"@id\":\"https:\\\/\\\/newsinfoco.com.br\\\/inicio\\\/author\\\/administrador\\\/#author\"},\"datePublished\":\"2023-04-02T19:38:00-03:00\",\"dateModified\":\"2023-04-02T19:38:00-03:00\"},{\"@type\":\"WebSite\",\"@id\":\"https:\\\/\\\/newsinfoco.com.br\\\/inicio\\\/#website\",\"url\":\"https:\\\/\\\/newsinfoco.com.br\\\/inicio\\\/\",\"name\":\"News In Foco - Editado por Caio Pimenta\",\"description\":\"O principal site de noticias de Alagoinhas e regi\\u00e3o\",\"inLanguage\":\"pt-BR\",\"publisher\":{\"@id\":\"https:\\\/\\\/newsinfoco.com.br\\\/inicio\\\/#organization\"}}]}\n\t\t<\/script>\n\t\t<!-- All in One SEO -->\n\n","aioseo_head_json":{"title":"Diretores escolares e vices eleitos para o exerc\u00edcio de 2023 a 2027 tomam posse em Alagoinhas - News In Foco - Editado por Caio Pimenta","description":"Cento e vinte e quatro novos gestores das escolas da rede municipal de Alagoinhas tomaram posse para o exerc\u00edcio de 2023-2027, em cerim\u00f4nia realizada no \u00faltimo s\u00e1bado (01), no teatro do SESC. Os ocupantes dos cargos de dire\u00e7\u00e3o e vice-dire\u00e7\u00e3o de cada unidade foram escolhidos por meio de um processo eleitoral, regulamentado pelo Decreto 5860\/2022. Depois","canonical_url":"https:\/\/newsinfoco.com.br\/inicio\/diretores-escolares-e-vices-eleitos-para-o-exercicio-de-2023-a-2027-tomam-posse-em-alagoinhas\/","robots":"max-image-preview:large","keywords":"","webmasterTools":{"miscellaneous":""},"schema":{"@context":"https:\/\/schema.org","@graph":[{"@type":"BlogPosting","@id":"https:\/\/newsinfoco.com.br\/inicio\/diretores-escolares-e-vices-eleitos-para-o-exercicio-de-2023-a-2027-tomam-posse-em-alagoinhas\/#blogposting","name":"Diretores escolares e vices eleitos para o exerc\u00edcio de 2023 a 2027 tomam posse em Alagoinhas - News In Foco - Editado por Caio Pimenta","headline":"Diretores escolares e vices eleitos para o exerc\u00edcio de 2023 a 2027 tomam posse em Alagoinhas","author":{"@id":"https:\/\/newsinfoco.com.br\/inicio\/author\/administrador\/#author"},"publisher":{"@id":"https:\/\/newsinfoco.com.br\/inicio\/#organization"},"image":{"@type":"ImageObject","url":"https:\/\/www.alagoinhas.ba.gov.br\/wp-content\/uploads\/2023\/04\/55FBF61B-CC59-4E9F-AF73-F8FCE4375EA2-1024x682.jpeg","@id":"https:\/\/newsinfoco.com.br\/inicio\/diretores-escolares-e-vices-eleitos-para-o-exercicio-de-2023-a-2027-tomam-posse-em-alagoinhas\/#articleImage"},"datePublished":"2023-04-02T19:38:00-03:00","dateModified":"2023-04-02T19:38:00-03:00","inLanguage":"pt-BR","mainEntityOfPage":{"@id":"https:\/\/newsinfoco.com.br\/inicio\/diretores-escolares-e-vices-eleitos-para-o-exercicio-de-2023-a-2027-tomam-posse-em-alagoinhas\/#webpage"},"isPartOf":{"@id":"https:\/\/newsinfoco.com.br\/inicio\/diretores-escolares-e-vices-eleitos-para-o-exercicio-de-2023-a-2027-tomam-posse-em-alagoinhas\/#webpage"},"articleSection":"Alagoinhas e Regi\u00e3o, Manchete"},{"@type":"BreadcrumbList","@id":"https:\/\/newsinfoco.com.br\/inicio\/diretores-escolares-e-vices-eleitos-para-o-exercicio-de-2023-a-2027-tomam-posse-em-alagoinhas\/#breadcrumblist","itemListElement":[{"@type":"ListItem","@id":"https:\/\/newsinfoco.com.br\/inicio#listItem","position":1,"name":"In\u00edcio","item":"https:\/\/newsinfoco.com.br\/inicio","nextItem":{"@type":"ListItem","@id":"https:\/\/newsinfoco.com.br\/inicio\/category\/alagoinhas-e-regiao\/#listItem","name":"Alagoinhas e Regi\u00e3o"}},{"@type":"ListItem","@id":"https:\/\/newsinfoco.com.br\/inicio\/category\/alagoinhas-e-regiao\/#listItem","position":2,"name":"Alagoinhas e Regi\u00e3o","item":"https:\/\/newsinfoco.com.br\/inicio\/category\/alagoinhas-e-regiao\/","nextItem":{"@type":"ListItem","@id":"https:\/\/newsinfoco.com.br\/inicio\/diretores-escolares-e-vices-eleitos-para-o-exercicio-de-2023-a-2027-tomam-posse-em-alagoinhas\/#listItem","name":"Diretores escolares e vices eleitos para o exerc\u00edcio de 2023 a 2027 tomam posse em Alagoinhas"},"previousItem":{"@type":"ListItem","@id":"https:\/\/newsinfoco.com.br\/inicio#listItem","name":"In\u00edcio"}},{"@type":"ListItem","@id":"https:\/\/newsinfoco.com.br\/inicio\/diretores-escolares-e-vices-eleitos-para-o-exercicio-de-2023-a-2027-tomam-posse-em-alagoinhas\/#listItem","position":3,"name":"Diretores escolares e vices eleitos para o exerc\u00edcio de 2023 a 2027 tomam posse em Alagoinhas","previousItem":{"@type":"ListItem","@id":"https:\/\/newsinfoco.com.br\/inicio\/category\/alagoinhas-e-regiao\/#listItem","name":"Alagoinhas e Regi\u00e3o"}}]},{"@type":"Organization","@id":"https:\/\/newsinfoco.com.br\/inicio\/#organization","name":"News In Foco - Editado por Caio Pimenta","description":"O principal site de noticias de Alagoinhas e regi\u00e3o","url":"https:\/\/newsinfoco.com.br\/inicio\/"},{"@type":"Person","@id":"https:\/\/newsinfoco.com.br\/inicio\/author\/administrador\/#author","url":"https:\/\/newsinfoco.com.br\/inicio\/author\/administrador\/","name":"administrador","image":{"@type":"ImageObject","@id":"https:\/\/newsinfoco.com.br\/inicio\/diretores-escolares-e-vices-eleitos-para-o-exercicio-de-2023-a-2027-tomam-posse-em-alagoinhas\/#authorImage","url":"https:\/\/secure.gravatar.com\/avatar\/c17a617433de8c1dc9584bb79aab7563b46f5bb7e1728c9b17d9cc3ce6a08e49?s=96&d=mm&r=g","width":96,"height":96,"caption":"administrador"}},{"@type":"WebPage","@id":"https:\/\/newsinfoco.com.br\/inicio\/diretores-escolares-e-vices-eleitos-para-o-exercicio-de-2023-a-2027-tomam-posse-em-alagoinhas\/#webpage","url":"https:\/\/newsinfoco.com.br\/inicio\/diretores-escolares-e-vices-eleitos-para-o-exercicio-de-2023-a-2027-tomam-posse-em-alagoinhas\/","name":"Diretores escolares e vices eleitos para o exerc\u00edcio de 2023 a 2027 tomam posse em Alagoinhas - News In Foco - Editado por Caio Pimenta","description":"Cento e vinte e quatro novos gestores das escolas da rede municipal de Alagoinhas tomaram posse para o exerc\u00edcio de 2023-2027, em cerim\u00f4nia realizada no \u00faltimo s\u00e1bado (01), no teatro do SESC. Os ocupantes dos cargos de dire\u00e7\u00e3o e vice-dire\u00e7\u00e3o de cada unidade foram escolhidos por meio de um processo eleitoral, regulamentado pelo Decreto 5860\/2022. Depois","inLanguage":"pt-BR","isPartOf":{"@id":"https:\/\/newsinfoco.com.br\/inicio\/#website"},"breadcrumb":{"@id":"https:\/\/newsinfoco.com.br\/inicio\/diretores-escolares-e-vices-eleitos-para-o-exercicio-de-2023-a-2027-tomam-posse-em-alagoinhas\/#breadcrumblist"},"author":{"@id":"https:\/\/newsinfoco.com.br\/inicio\/author\/administrador\/#author"},"creator":{"@id":"https:\/\/newsinfoco.com.br\/inicio\/author\/administrador\/#author"},"datePublished":"2023-04-02T19:38:00-03:00","dateModified":"2023-04-02T19:38:00-03:00"},{"@type":"WebSite","@id":"https:\/\/newsinfoco.com.br\/inicio\/#website","url":"https:\/\/newsinfoco.com.br\/inicio\/","name":"News In Foco - Editado por Caio Pimenta","description":"O principal site de noticias de Alagoinhas e regi\u00e3o","inLanguage":"pt-BR","publisher":{"@id":"https:\/\/newsinfoco.com.br\/inicio\/#organization"}}]},"og:locale":"pt_BR","og:site_name":"News In Foco - Editado por Caio Pimenta - O principal site de noticias de Alagoinhas e regi\u00e3o","og:type":"article","og:title":"Diretores escolares e vices eleitos para o exerc\u00edcio de 2023 a 2027 tomam posse em Alagoinhas - News In Foco - Editado por Caio Pimenta","og:description":"Cento e vinte e quatro novos gestores das escolas da rede municipal de Alagoinhas tomaram posse para o exerc\u00edcio de 2023-2027, em cerim\u00f4nia realizada no \u00faltimo s\u00e1bado (01), no teatro do SESC. Os ocupantes dos cargos de dire\u00e7\u00e3o e vice-dire\u00e7\u00e3o de cada unidade foram escolhidos por meio de um processo eleitoral, regulamentado pelo Decreto 5860\/2022. Depois","og:url":"https:\/\/newsinfoco.com.br\/inicio\/diretores-escolares-e-vices-eleitos-para-o-exercicio-de-2023-a-2027-tomam-posse-em-alagoinhas\/","article:published_time":"2023-04-02T22:38:00+00:00","article:modified_time":"2023-04-02T22:38:00+00:00","twitter:card":"summary_large_image","twitter:title":"Diretores escolares e vices eleitos para o exerc\u00edcio de 2023 a 2027 tomam posse em Alagoinhas - News In Foco - Editado por Caio Pimenta","twitter:description":"Cento e vinte e quatro novos gestores das escolas da rede municipal de Alagoinhas tomaram posse para o exerc\u00edcio de 2023-2027, em cerim\u00f4nia realizada no \u00faltimo s\u00e1bado (01), no teatro do SESC. Os ocupantes dos cargos de dire\u00e7\u00e3o e vice-dire\u00e7\u00e3o de cada unidade foram escolhidos por meio de um processo eleitoral, regulamentado pelo Decreto 5860\/2022. Depois"},"aioseo_meta_data":{"post_id":"33519","title":null,"description":null,"keywords":null,"keyphrases":null,"primary_term":null,"canonical_url":null,"og_title":null,"og_description":null,"og_object_type":"default","og_image_type":"default","og_image_url":null,"og_image_width":null,"og_image_height":null,"og_image_custom_url":null,"og_image_custom_fields":null,"og_video":null,"og_custom_url":null,"og_article_section":null,"og_article_tags":null,"twitter_use_og":false,"twitter_card":"default","twitter_image_type":"default","twitter_image_url":null,"twitter_image_custom_url":null,"twitter_image_custom_fields":null,"twitter_title":null,"twitter_description":null,"schema":{"blockGraphs":[],"customGraphs":[],"default":{"data":{"Article":[],"Course":[],"Dataset":[],"FAQPage":[],"Movie":[],"Person":[],"Product":[],"ProductReview":[],"Car":[],"Recipe":[],"Service":[],"SoftwareApplication":[],"WebPage":[]},"graphName":"","isEnabled":true},"graphs":[]},"schema_type":"default","schema_type_options":null,"pillar_content":false,"robots_default":true,"robots_noindex":false,"robots_noarchive":false,"robots_nosnippet":false,"robots_nofollow":false,"robots_noimageindex":false,"robots_noodp":false,"robots_notranslate":false,"robots_max_snippet":null,"robots_max_videopreview":null,"robots_max_imagepreview":"large","priority":null,"frequency":null,"local_seo":null,"breadcrumb_settings":null,"limit_modified_date":false,"ai":null,"created":"2023-06-12 23:11:43","updated":"2025-07-11 09:27:10","seo_analyzer_scan_date":null},"aioseo_breadcrumb":"<div class=\"aioseo-breadcrumbs\"><span class=\"aioseo-breadcrumb\">\n\t\t\t<a href=\"https:\/\/newsinfoco.com.br\/inicio\" title=\"In\u00edcio\">In\u00edcio<\/a>\n\t\t<\/span><span class=\"aioseo-breadcrumb-separator\">&raquo;<\/span><span class=\"aioseo-breadcrumb\">\n\t\t\t<a href=\"https:\/\/newsinfoco.com.br\/inicio\/category\/alagoinhas-e-regiao\/\" title=\"Alagoinhas e Regi\u00e3o\">Alagoinhas e Regi\u00e3o<\/a>\n\t\t<\/span><span class=\"aioseo-breadcrumb-separator\">&raquo;<\/span><span class=\"aioseo-breadcrumb\">\n\t\t\tDiretores escolares e vices eleitos para o exerc\u00edcio de 2023 a 2027 tomam posse em Alagoinhas\n\t\t<\/span><\/div>","aioseo_breadcrumb_json":[{"label":"In\u00edcio","link":"https:\/\/newsinfoco.com.br\/inicio"},{"label":"Alagoinhas e Regi\u00e3o","link":"https:\/\/newsinfoco.com.br\/inicio\/category\/alagoinhas-e-regiao\/"},{"label":"Diretores escolares e vices eleitos para o exerc\u00edcio de 2023 a 2027 tomam posse em Alagoinhas","link":"https:\/\/newsinfoco.com.br\/inicio\/diretores-escolares-e-vices-eleitos-para-o-exercicio-de-2023-a-2027-tomam-posse-em-alagoinhas\/"}],"_links":{"self":[{"href":"https:\/\/newsinfoco.com.br\/inicio\/wp-json\/wp\/v2\/posts\/33519","targetHints":{"allow":["GET"]}}],"collection":[{"href":"https:\/\/newsinfoco.com.br\/inicio\/wp-json\/wp\/v2\/posts"}],"about":[{"href":"https:\/\/newsinfoco.com.br\/inicio\/wp-json\/wp\/v2\/types\/post"}],"author":[{"embeddable":true,"href":"https:\/\/newsinfoco.com.br\/inicio\/wp-json\/wp\/v2\/users\/1"}],"replies":[{"embeddable":true,"href":"https:\/\/newsinfoco.com.br\/inicio\/wp-json\/wp\/v2\/comments?post=33519"}],"version-history":[{"count":1,"href":"https:\/\/newsinfoco.com.br\/inicio\/wp-json\/wp\/v2\/posts\/33519\/revisions"}],"predecessor-version":[{"id":33520,"href":"https:\/\/newsinfoco.com.br\/inicio\/wp-json\/wp\/v2\/posts\/33519\/revisions\/33520"}],"wp:attachment":[{"href":"https:\/\/newsinfoco.com.br\/inicio\/wp-json\/wp\/v2\/media?parent=33519"}],"wp:term":[{"taxonomy":"category","embeddable":true,"href":"https:\/\/newsinfoco.com.br\/inicio\/wp-json\/wp\/v2\/categories?post=33519"},{"taxonomy":"post_tag","embeddable":true,"href":"https:\/\/newsinfoco.com.br\/inicio\/wp-json\/wp\/v2\/tags?post=33519"}],"curies":[{"name":"wp","href":"https:\/\/api.w.org\/{rel}","templated":true}]}}