{"id":33521,"date":"2023-04-02T19:40:04","date_gmt":"2023-04-02T22:40:04","guid":{"rendered":"https:\/\/newsinfoco.com.br\/inicio\/?p=33521"},"modified":"2023-04-02T19:40:04","modified_gmt":"2023-04-02T22:40:04","slug":"com-incentivo-da-prefeitura-8a-conferencia-municipal-de-saude-e-realizada-em-alagoinhas","status":"publish","type":"post","link":"https:\/\/newsinfoco.com.br\/inicio\/com-incentivo-da-prefeitura-8a-conferencia-municipal-de-saude-e-realizada-em-alagoinhas\/","title":{"rendered":"Com incentivo da Prefeitura, 8\u00aa Confer\u00eancia Municipal de Sa\u00fade \u00e9 realizada em Alagoinhas"},"content":{"rendered":"<p>Com o objetivo de colocar no centro dos debates quest\u00f5es como a crise sanit\u00e1ria, humanit\u00e1ria e pol\u00edtica e de ataques \u00e0 vida, aos direitos fundamentais e ao Sistema \u00danico de Sa\u00fade (SUS) vivenciado no pa\u00eds, foi realizado nos dias 29 e 30 de mar\u00e7o a 8\u00aa Confer\u00eancia Municipal da Sa\u00fade, voltada a profissionais da categoria, membros de associa\u00e7\u00f5es, representantes da esfera p\u00fablica, estudantes, professores e usu\u00e1rios.<\/p>\n<p>Trazendo o tema \u201cGarantir Direitos e Defender o SUS, a Vida e a Democracia \u2013 Amanh\u00e3 vai ser outro dia\u201d, o evento trouxe a oportunidade de discutir o SUS, a promo\u00e7\u00e3o da sa\u00fade e a garantia de direitos. \u201cEsse \u00e9 um momento muito importante. Aqui tivemos elabora\u00e7\u00e3o de propostas, de vota\u00e7\u00e3o dessas propostas, de elei\u00e7\u00e3o de delegados que sair\u00e3o dessa confer\u00eancia para a etapa estadual. \u00c9 um dia de constru\u00e7\u00e3o coletiva a v\u00e1rias m\u00e3os. Estaremos elaborando os caminhos que Alagoinhas seguir\u00e1, al\u00e9m das propostas para que estejam contidas no planejamento da gest\u00e3o e sa\u00fade. Atrav\u00e9s disso, vamos caminhar para melhorar, ainda mais, os servi\u00e7os de sa\u00fade\u201d, explicou a secret\u00e1ria de Sa\u00fade de Alagoinhas, La\u00edna Passos.<\/p>\n<p>&nbsp;<\/p>\n<p>Para o presidente do Conselho Municipal de Sa\u00fade, \u00canio Estev\u00e3o de Santana, a presen\u00e7a e o empenho de todos os envolvidos foi extremamente importante. \u201c\u00c9 extremamente importante esse evento justamente porque porque vamos participar enquanto comunidade da implementa\u00e7\u00e3o das pol\u00edticas p\u00fablicas de sa\u00fade. Esse \u00e9 o momento para ouvir, debater, discutir, construir, n\u00e3o apenas o Plano Municipal de Sa\u00fade, mas tamb\u00e9m propostas que ir\u00e3o para o \u00e2mbito estadual e nacional\u201d, afirmou.<\/p>\n<p>&nbsp;<\/p>\n<p>Um dos palestrantes do evento, o doutor em Sa\u00fade P\u00fablica, presidente da World FederationofPublic Health Associations, diretor do Instituto de Sa\u00fade Coletiva (UFBA), Luis Eugenio Portela Fernandes de Souza, trouxe como foco da sua palestra magna \u201cSa\u00fade igual para todxs\u201d. \u201cEu trouxe aqui uma situa\u00e7\u00e3o da constata\u00e7\u00e3o que n\u00f3s vivemos uma crise sanit\u00e1ria que n\u00e3o \u00e9 somente brasileira, mundial. Essa crise n\u00e3o se expressa apenas na COVID-19, mas sim uma combina\u00e7\u00e3o de v\u00e1rias problema de sa\u00fade associados a contextos sociais e econ\u00f4micos. Ent\u00e3o n\u00f3s precisamos ter abordagens integradas que tanto previnam doen\u00e7as, promovam a condi\u00e7\u00e3o de sa\u00fade e que tratem das pessoas que j\u00e1 est\u00e3o sofrendo seja f\u00edsico, seja mental, seja psicol\u00f3gico\u201d, comentou o professor.<\/p>\n<p>&nbsp;<\/p>\n<p>Nesta etapa municipal da 17\u00aa Confer\u00eancia Nacional de sa\u00fade, foram discutidos os eixos tem\u00e1ticos: I \u2013 O Brasil e a Bahia que temos. O Brasil e a Bahia que queremos; II \u2013 O papel do controle social e dos movimentos sociais para salvar vidas; III \u2013 Garantir direitos e defender o SUS, a vida e a democracia; e IV \u2013 Amanh\u00e3 vai ser outro dia para todas as pessoas.<\/p>\n<p>&nbsp;<\/p>\n<p>Tamb\u00e9m estiveram presentes compondo a mesa o vice prefeito Municipal de Alagoinhas Roberto Torres, representando o prefeito Joaquim Neto; o presidente do Conselho Estadual de Sa\u00fade Marcos Sampaio; o diretor do NRS, representando a Secretaria Estadual de Sa\u00fade, Rog\u00e9rio Ribeiro Ramos; o presidente da C\u00e2mara Municipal de Vereadores, Jos\u00e9 Cleto; o diretor da Faculdade Est\u00e1cio IDOMED, Ernani Beninc\u00e1 Cardoso e o professor e jornalista Cl\u00e1udio Pinto.<\/p>\n<p>&nbsp;<\/p>\n<p>Confira as imagens:<br \/>\n<a class=\"group1 cboxElement\" href=\"https:\/\/www.alagoinhas.ba.gov.br\/wp-content\/uploads\/2023\/03\/6174B5B0-0EA2-46F9-AEEF-31EB2F222902.jpeg\"><img loading=\"lazy\" decoding=\"async\" class=\"aligncenter size-large wp-image-64489\" src=\"https:\/\/www.alagoinhas.ba.gov.br\/wp-content\/uploads\/2023\/03\/6174B5B0-0EA2-46F9-AEEF-31EB2F222902-1024x682.jpeg\" sizes=\"auto, (max-width: 800px) 100vw, 800px\" srcset=\"https:\/\/www.alagoinhas.ba.gov.br\/wp-content\/uploads\/2023\/03\/6174B5B0-0EA2-46F9-AEEF-31EB2F222902-1024x682.jpeg 1024w, https:\/\/www.alagoinhas.ba.gov.br\/wp-content\/uploads\/2023\/03\/6174B5B0-0EA2-46F9-AEEF-31EB2F222902-300x200.jpeg 300w, https:\/\/www.alagoinhas.ba.gov.br\/wp-content\/uploads\/2023\/03\/6174B5B0-0EA2-46F9-AEEF-31EB2F222902-768x512.jpeg 768w, https:\/\/www.alagoinhas.ba.gov.br\/wp-content\/uploads\/2023\/03\/6174B5B0-0EA2-46F9-AEEF-31EB2F222902-105x70.jpeg 105w, https:\/\/www.alagoinhas.ba.gov.br\/wp-content\/uploads\/2023\/03\/6174B5B0-0EA2-46F9-AEEF-31EB2F222902.jpeg 1600w\" alt=\"\" width=\"800\" height=\"533\" \/><\/a><a class=\"group1 cboxElement\" href=\"https:\/\/www.alagoinhas.ba.gov.br\/wp-content\/uploads\/2023\/03\/A10565C2-A0C1-476E-8421-2D54693AAF91.jpeg\"><img loading=\"lazy\" decoding=\"async\" class=\"aligncenter size-large wp-image-64490\" src=\"https:\/\/www.alagoinhas.ba.gov.br\/wp-content\/uploads\/2023\/03\/A10565C2-A0C1-476E-8421-2D54693AAF91-1024x682.jpeg\" sizes=\"auto, (max-width: 800px) 100vw, 800px\" srcset=\"https:\/\/www.alagoinhas.ba.gov.br\/wp-content\/uploads\/2023\/03\/A10565C2-A0C1-476E-8421-2D54693AAF91-1024x682.jpeg 1024w, https:\/\/www.alagoinhas.ba.gov.br\/wp-content\/uploads\/2023\/03\/A10565C2-A0C1-476E-8421-2D54693AAF91-300x200.jpeg 300w, https:\/\/www.alagoinhas.ba.gov.br\/wp-content\/uploads\/2023\/03\/A10565C2-A0C1-476E-8421-2D54693AAF91-768x512.jpeg 768w, https:\/\/www.alagoinhas.ba.gov.br\/wp-content\/uploads\/2023\/03\/A10565C2-A0C1-476E-8421-2D54693AAF91-105x70.jpeg 105w, https:\/\/www.alagoinhas.ba.gov.br\/wp-content\/uploads\/2023\/03\/A10565C2-A0C1-476E-8421-2D54693AAF91.jpeg 1600w\" alt=\"\" width=\"800\" height=\"533\" \/><\/a><a class=\"group1 cboxElement\" href=\"https:\/\/www.alagoinhas.ba.gov.br\/wp-content\/uploads\/2023\/03\/75D6A064-EE18-49C0-AF9F-AC9F14DCF459.jpeg\"><img loading=\"lazy\" decoding=\"async\" class=\"aligncenter size-large wp-image-64491\" src=\"https:\/\/www.alagoinhas.ba.gov.br\/wp-content\/uploads\/2023\/03\/75D6A064-EE18-49C0-AF9F-AC9F14DCF459-1024x682.jpeg\" sizes=\"auto, (max-width: 800px) 100vw, 800px\" srcset=\"https:\/\/www.alagoinhas.ba.gov.br\/wp-content\/uploads\/2023\/03\/75D6A064-EE18-49C0-AF9F-AC9F14DCF459-1024x682.jpeg 1024w, https:\/\/www.alagoinhas.ba.gov.br\/wp-content\/uploads\/2023\/03\/75D6A064-EE18-49C0-AF9F-AC9F14DCF459-300x200.jpeg 300w, https:\/\/www.alagoinhas.ba.gov.br\/wp-content\/uploads\/2023\/03\/75D6A064-EE18-49C0-AF9F-AC9F14DCF459-768x512.jpeg 768w, https:\/\/www.alagoinhas.ba.gov.br\/wp-content\/uploads\/2023\/03\/75D6A064-EE18-49C0-AF9F-AC9F14DCF459-105x70.jpeg 105w, https:\/\/www.alagoinhas.ba.gov.br\/wp-content\/uploads\/2023\/03\/75D6A064-EE18-49C0-AF9F-AC9F14DCF459.jpeg 1600w\" alt=\"\" width=\"800\" height=\"533\" \/><\/a><a class=\"group1 cboxElement\" href=\"https:\/\/www.alagoinhas.ba.gov.br\/wp-content\/uploads\/2023\/03\/C7A3251C-AC97-484A-BFFA-ACC3CCB23557.jpeg\"><img loading=\"lazy\" decoding=\"async\" class=\"aligncenter size-large wp-image-64492\" src=\"https:\/\/www.alagoinhas.ba.gov.br\/wp-content\/uploads\/2023\/03\/C7A3251C-AC97-484A-BFFA-ACC3CCB23557-1024x682.jpeg\" sizes=\"auto, (max-width: 800px) 100vw, 800px\" srcset=\"https:\/\/www.alagoinhas.ba.gov.br\/wp-content\/uploads\/2023\/03\/C7A3251C-AC97-484A-BFFA-ACC3CCB23557-1024x682.jpeg 1024w, https:\/\/www.alagoinhas.ba.gov.br\/wp-content\/uploads\/2023\/03\/C7A3251C-AC97-484A-BFFA-ACC3CCB23557-300x200.jpeg 300w, https:\/\/www.alagoinhas.ba.gov.br\/wp-content\/uploads\/2023\/03\/C7A3251C-AC97-484A-BFFA-ACC3CCB23557-768x512.jpeg 768w, https:\/\/www.alagoinhas.ba.gov.br\/wp-content\/uploads\/2023\/03\/C7A3251C-AC97-484A-BFFA-ACC3CCB23557-105x70.jpeg 105w, https:\/\/www.alagoinhas.ba.gov.br\/wp-content\/uploads\/2023\/03\/C7A3251C-AC97-484A-BFFA-ACC3CCB23557.jpeg 1600w\" alt=\"\" width=\"800\" height=\"533\" \/><\/a><a class=\"group1 cboxElement\" href=\"https:\/\/www.alagoinhas.ba.gov.br\/wp-content\/uploads\/2023\/03\/0E0E8BDF-150B-4817-839F-D73A4BFD4B36.jpeg\"><img loading=\"lazy\" decoding=\"async\" class=\"aligncenter size-large wp-image-64493\" src=\"https:\/\/www.alagoinhas.ba.gov.br\/wp-content\/uploads\/2023\/03\/0E0E8BDF-150B-4817-839F-D73A4BFD4B36-1024x682.jpeg\" sizes=\"auto, (max-width: 800px) 100vw, 800px\" srcset=\"https:\/\/www.alagoinhas.ba.gov.br\/wp-content\/uploads\/2023\/03\/0E0E8BDF-150B-4817-839F-D73A4BFD4B36-1024x682.jpeg 1024w, https:\/\/www.alagoinhas.ba.gov.br\/wp-content\/uploads\/2023\/03\/0E0E8BDF-150B-4817-839F-D73A4BFD4B36-300x200.jpeg 300w, https:\/\/www.alagoinhas.ba.gov.br\/wp-content\/uploads\/2023\/03\/0E0E8BDF-150B-4817-839F-D73A4BFD4B36-768x512.jpeg 768w, https:\/\/www.alagoinhas.ba.gov.br\/wp-content\/uploads\/2023\/03\/0E0E8BDF-150B-4817-839F-D73A4BFD4B36-105x70.jpeg 105w, https:\/\/www.alagoinhas.ba.gov.br\/wp-content\/uploads\/2023\/03\/0E0E8BDF-150B-4817-839F-D73A4BFD4B36.jpeg 1600w\" alt=\"\" width=\"800\" height=\"533\" \/><\/a><a class=\"group1 cboxElement\" href=\"https:\/\/www.alagoinhas.ba.gov.br\/wp-content\/uploads\/2023\/03\/1E1BC602-45C8-43A1-AF90-A3D092B1508F.jpeg\"><img loading=\"lazy\" decoding=\"async\" class=\"aligncenter size-large wp-image-64494\" src=\"https:\/\/www.alagoinhas.ba.gov.br\/wp-content\/uploads\/2023\/03\/1E1BC602-45C8-43A1-AF90-A3D092B1508F-1024x682.jpeg\" sizes=\"auto, (max-width: 800px) 100vw, 800px\" srcset=\"https:\/\/www.alagoinhas.ba.gov.br\/wp-content\/uploads\/2023\/03\/1E1BC602-45C8-43A1-AF90-A3D092B1508F-1024x682.jpeg 1024w, https:\/\/www.alagoinhas.ba.gov.br\/wp-content\/uploads\/2023\/03\/1E1BC602-45C8-43A1-AF90-A3D092B1508F-300x200.jpeg 300w, https:\/\/www.alagoinhas.ba.gov.br\/wp-content\/uploads\/2023\/03\/1E1BC602-45C8-43A1-AF90-A3D092B1508F-768x512.jpeg 768w, https:\/\/www.alagoinhas.ba.gov.br\/wp-content\/uploads\/2023\/03\/1E1BC602-45C8-43A1-AF90-A3D092B1508F-105x70.jpeg 105w, https:\/\/www.alagoinhas.ba.gov.br\/wp-content\/uploads\/2023\/03\/1E1BC602-45C8-43A1-AF90-A3D092B1508F.jpeg 1600w\" alt=\"\" width=\"800\" height=\"533\" \/><\/a><a class=\"group1 cboxElement\" href=\"https:\/\/www.alagoinhas.ba.gov.br\/wp-content\/uploads\/2023\/03\/ED700B7F-39CE-4C61-ADF7-7403863A8791.jpeg\"><img loading=\"lazy\" decoding=\"async\" class=\"aligncenter size-large wp-image-64495\" src=\"https:\/\/www.alagoinhas.ba.gov.br\/wp-content\/uploads\/2023\/03\/ED700B7F-39CE-4C61-ADF7-7403863A8791-1024x682.jpeg\" sizes=\"auto, (max-width: 800px) 100vw, 800px\" srcset=\"https:\/\/www.alagoinhas.ba.gov.br\/wp-content\/uploads\/2023\/03\/ED700B7F-39CE-4C61-ADF7-7403863A8791-1024x682.jpeg 1024w, https:\/\/www.alagoinhas.ba.gov.br\/wp-content\/uploads\/2023\/03\/ED700B7F-39CE-4C61-ADF7-7403863A8791-300x200.jpeg 300w, https:\/\/www.alagoinhas.ba.gov.br\/wp-content\/uploads\/2023\/03\/ED700B7F-39CE-4C61-ADF7-7403863A8791-768x512.jpeg 768w, https:\/\/www.alagoinhas.ba.gov.br\/wp-content\/uploads\/2023\/03\/ED700B7F-39CE-4C61-ADF7-7403863A8791-105x70.jpeg 105w, https:\/\/www.alagoinhas.ba.gov.br\/wp-content\/uploads\/2023\/03\/ED700B7F-39CE-4C61-ADF7-7403863A8791.jpeg 1600w\" alt=\"\" width=\"800\" height=\"533\" \/><\/a><a class=\"group1 cboxElement\" href=\"https:\/\/www.alagoinhas.ba.gov.br\/wp-content\/uploads\/2023\/03\/5FD3C4CB-2027-42AC-8E94-9D8681EFC67E.jpeg\"><img loading=\"lazy\" decoding=\"async\" class=\"aligncenter size-large wp-image-64496\" src=\"https:\/\/www.alagoinhas.ba.gov.br\/wp-content\/uploads\/2023\/03\/5FD3C4CB-2027-42AC-8E94-9D8681EFC67E-1024x682.jpeg\" sizes=\"auto, (max-width: 800px) 100vw, 800px\" srcset=\"https:\/\/www.alagoinhas.ba.gov.br\/wp-content\/uploads\/2023\/03\/5FD3C4CB-2027-42AC-8E94-9D8681EFC67E-1024x682.jpeg 1024w, https:\/\/www.alagoinhas.ba.gov.br\/wp-content\/uploads\/2023\/03\/5FD3C4CB-2027-42AC-8E94-9D8681EFC67E-300x200.jpeg 300w, https:\/\/www.alagoinhas.ba.gov.br\/wp-content\/uploads\/2023\/03\/5FD3C4CB-2027-42AC-8E94-9D8681EFC67E-768x512.jpeg 768w, https:\/\/www.alagoinhas.ba.gov.br\/wp-content\/uploads\/2023\/03\/5FD3C4CB-2027-42AC-8E94-9D8681EFC67E-105x70.jpeg 105w, https:\/\/www.alagoinhas.ba.gov.br\/wp-content\/uploads\/2023\/03\/5FD3C4CB-2027-42AC-8E94-9D8681EFC67E.jpeg 1600w\" alt=\"\" width=\"800\" height=\"533\" \/><\/a><a class=\"group1 cboxElement\" href=\"https:\/\/www.alagoinhas.ba.gov.br\/wp-content\/uploads\/2023\/03\/E126F714-E579-4859-AD0D-FCEF68735EC3.jpeg\"><img loading=\"lazy\" decoding=\"async\" class=\"aligncenter size-large wp-image-64497\" src=\"https:\/\/www.alagoinhas.ba.gov.br\/wp-content\/uploads\/2023\/03\/E126F714-E579-4859-AD0D-FCEF68735EC3-1024x682.jpeg\" sizes=\"auto, (max-width: 800px) 100vw, 800px\" srcset=\"https:\/\/www.alagoinhas.ba.gov.br\/wp-content\/uploads\/2023\/03\/E126F714-E579-4859-AD0D-FCEF68735EC3-1024x682.jpeg 1024w, https:\/\/www.alagoinhas.ba.gov.br\/wp-content\/uploads\/2023\/03\/E126F714-E579-4859-AD0D-FCEF68735EC3-300x200.jpeg 300w, https:\/\/www.alagoinhas.ba.gov.br\/wp-content\/uploads\/2023\/03\/E126F714-E579-4859-AD0D-FCEF68735EC3-768x512.jpeg 768w, https:\/\/www.alagoinhas.ba.gov.br\/wp-content\/uploads\/2023\/03\/E126F714-E579-4859-AD0D-FCEF68735EC3-105x70.jpeg 105w, https:\/\/www.alagoinhas.ba.gov.br\/wp-content\/uploads\/2023\/03\/E126F714-E579-4859-AD0D-FCEF68735EC3.jpeg 1600w\" alt=\"\" width=\"800\" height=\"533\" \/><\/a><a class=\"group1 cboxElement\" href=\"https:\/\/www.alagoinhas.ba.gov.br\/wp-content\/uploads\/2023\/03\/CDC80B93-CC3E-45D8-8028-7930100BEB69.jpeg\"><img loading=\"lazy\" decoding=\"async\" class=\"aligncenter size-large wp-image-64498\" src=\"https:\/\/www.alagoinhas.ba.gov.br\/wp-content\/uploads\/2023\/03\/CDC80B93-CC3E-45D8-8028-7930100BEB69-1024x682.jpeg\" sizes=\"auto, (max-width: 800px) 100vw, 800px\" srcset=\"https:\/\/www.alagoinhas.ba.gov.br\/wp-content\/uploads\/2023\/03\/CDC80B93-CC3E-45D8-8028-7930100BEB69-1024x682.jpeg 1024w, https:\/\/www.alagoinhas.ba.gov.br\/wp-content\/uploads\/2023\/03\/CDC80B93-CC3E-45D8-8028-7930100BEB69-300x200.jpeg 300w, https:\/\/www.alagoinhas.ba.gov.br\/wp-content\/uploads\/2023\/03\/CDC80B93-CC3E-45D8-8028-7930100BEB69-768x512.jpeg 768w, https:\/\/www.alagoinhas.ba.gov.br\/wp-content\/uploads\/2023\/03\/CDC80B93-CC3E-45D8-8028-7930100BEB69-105x70.jpeg 105w, https:\/\/www.alagoinhas.ba.gov.br\/wp-content\/uploads\/2023\/03\/CDC80B93-CC3E-45D8-8028-7930100BEB69.jpeg 1600w\" alt=\"\" width=\"800\" height=\"533\" \/><\/a><a class=\"group1 cboxElement\" href=\"https:\/\/www.alagoinhas.ba.gov.br\/wp-content\/uploads\/2023\/03\/972E37C0-A4D3-42E3-9D4C-02123ED708E8.jpeg\"><img loading=\"lazy\" decoding=\"async\" class=\"aligncenter size-large wp-image-64499\" src=\"https:\/\/www.alagoinhas.ba.gov.br\/wp-content\/uploads\/2023\/03\/972E37C0-A4D3-42E3-9D4C-02123ED708E8-1024x682.jpeg\" sizes=\"auto, (max-width: 800px) 100vw, 800px\" srcset=\"https:\/\/www.alagoinhas.ba.gov.br\/wp-content\/uploads\/2023\/03\/972E37C0-A4D3-42E3-9D4C-02123ED708E8-1024x682.jpeg 1024w, https:\/\/www.alagoinhas.ba.gov.br\/wp-content\/uploads\/2023\/03\/972E37C0-A4D3-42E3-9D4C-02123ED708E8-300x200.jpeg 300w, https:\/\/www.alagoinhas.ba.gov.br\/wp-content\/uploads\/2023\/03\/972E37C0-A4D3-42E3-9D4C-02123ED708E8-768x512.jpeg 768w, https:\/\/www.alagoinhas.ba.gov.br\/wp-content\/uploads\/2023\/03\/972E37C0-A4D3-42E3-9D4C-02123ED708E8-105x70.jpeg 105w, https:\/\/www.alagoinhas.ba.gov.br\/wp-content\/uploads\/2023\/03\/972E37C0-A4D3-42E3-9D4C-02123ED708E8.jpeg 1600w\" alt=\"\" width=\"800\" height=\"533\" \/><\/a><a class=\"group1 cboxElement\" href=\"https:\/\/www.alagoinhas.ba.gov.br\/wp-content\/uploads\/2023\/03\/57015C7E-7538-4BE3-A774-BA4C3E343F4D.jpeg\"><img loading=\"lazy\" decoding=\"async\" class=\"aligncenter size-large wp-image-64501\" src=\"https:\/\/www.alagoinhas.ba.gov.br\/wp-content\/uploads\/2023\/03\/57015C7E-7538-4BE3-A774-BA4C3E343F4D-1024x682.jpeg\" sizes=\"auto, (max-width: 800px) 100vw, 800px\" srcset=\"https:\/\/www.alagoinhas.ba.gov.br\/wp-content\/uploads\/2023\/03\/57015C7E-7538-4BE3-A774-BA4C3E343F4D-1024x682.jpeg 1024w, https:\/\/www.alagoinhas.ba.gov.br\/wp-content\/uploads\/2023\/03\/57015C7E-7538-4BE3-A774-BA4C3E343F4D-300x200.jpeg 300w, https:\/\/www.alagoinhas.ba.gov.br\/wp-content\/uploads\/2023\/03\/57015C7E-7538-4BE3-A774-BA4C3E343F4D-768x512.jpeg 768w, https:\/\/www.alagoinhas.ba.gov.br\/wp-content\/uploads\/2023\/03\/57015C7E-7538-4BE3-A774-BA4C3E343F4D-105x70.jpeg 105w, https:\/\/www.alagoinhas.ba.gov.br\/wp-content\/uploads\/2023\/03\/57015C7E-7538-4BE3-A774-BA4C3E343F4D.jpeg 1600w\" alt=\"\" width=\"800\" height=\"533\" \/><\/a><a class=\"group1 cboxElement\" href=\"https:\/\/www.alagoinhas.ba.gov.br\/wp-content\/uploads\/2023\/03\/267E3936-F79D-4D92-B3CD-E913FC784AA1.jpeg\"><img loading=\"lazy\" decoding=\"async\" class=\"aligncenter size-large wp-image-64502\" src=\"https:\/\/www.alagoinhas.ba.gov.br\/wp-content\/uploads\/2023\/03\/267E3936-F79D-4D92-B3CD-E913FC784AA1-1024x682.jpeg\" sizes=\"auto, (max-width: 800px) 100vw, 800px\" srcset=\"https:\/\/www.alagoinhas.ba.gov.br\/wp-content\/uploads\/2023\/03\/267E3936-F79D-4D92-B3CD-E913FC784AA1-1024x682.jpeg 1024w, https:\/\/www.alagoinhas.ba.gov.br\/wp-content\/uploads\/2023\/03\/267E3936-F79D-4D92-B3CD-E913FC784AA1-300x200.jpeg 300w, https:\/\/www.alagoinhas.ba.gov.br\/wp-content\/uploads\/2023\/03\/267E3936-F79D-4D92-B3CD-E913FC784AA1-768x512.jpeg 768w, https:\/\/www.alagoinhas.ba.gov.br\/wp-content\/uploads\/2023\/03\/267E3936-F79D-4D92-B3CD-E913FC784AA1-105x70.jpeg 105w, https:\/\/www.alagoinhas.ba.gov.br\/wp-content\/uploads\/2023\/03\/267E3936-F79D-4D92-B3CD-E913FC784AA1.jpeg 1600w\" alt=\"\" width=\"800\" height=\"533\" \/><\/a><a class=\"group1 cboxElement\" href=\"https:\/\/www.alagoinhas.ba.gov.br\/wp-content\/uploads\/2023\/03\/4B974D30-9D8C-4900-A441-98D1543F364F.jpeg\"><img loading=\"lazy\" decoding=\"async\" class=\"aligncenter size-large wp-image-64503\" src=\"https:\/\/www.alagoinhas.ba.gov.br\/wp-content\/uploads\/2023\/03\/4B974D30-9D8C-4900-A441-98D1543F364F-1024x682.jpeg\" sizes=\"auto, (max-width: 800px) 100vw, 800px\" srcset=\"https:\/\/www.alagoinhas.ba.gov.br\/wp-content\/uploads\/2023\/03\/4B974D30-9D8C-4900-A441-98D1543F364F-1024x682.jpeg 1024w, https:\/\/www.alagoinhas.ba.gov.br\/wp-content\/uploads\/2023\/03\/4B974D30-9D8C-4900-A441-98D1543F364F-300x200.jpeg 300w, https:\/\/www.alagoinhas.ba.gov.br\/wp-content\/uploads\/2023\/03\/4B974D30-9D8C-4900-A441-98D1543F364F-768x512.jpeg 768w, https:\/\/www.alagoinhas.ba.gov.br\/wp-content\/uploads\/2023\/03\/4B974D30-9D8C-4900-A441-98D1543F364F-105x70.jpeg 105w, https:\/\/www.alagoinhas.ba.gov.br\/wp-content\/uploads\/2023\/03\/4B974D30-9D8C-4900-A441-98D1543F364F.jpeg 1600w\" alt=\"\" width=\"800\" height=\"533\" \/><\/a><a class=\"group1 cboxElement\" href=\"https:\/\/www.alagoinhas.ba.gov.br\/wp-content\/uploads\/2023\/03\/09D39EC3-EFF1-4F50-ADB0-BD4202D3C7AE.jpeg\"><img loading=\"lazy\" decoding=\"async\" class=\"aligncenter size-large wp-image-64504\" src=\"https:\/\/www.alagoinhas.ba.gov.br\/wp-content\/uploads\/2023\/03\/09D39EC3-EFF1-4F50-ADB0-BD4202D3C7AE-1024x682.jpeg\" sizes=\"auto, (max-width: 800px) 100vw, 800px\" srcset=\"https:\/\/www.alagoinhas.ba.gov.br\/wp-content\/uploads\/2023\/03\/09D39EC3-EFF1-4F50-ADB0-BD4202D3C7AE-1024x682.jpeg 1024w, https:\/\/www.alagoinhas.ba.gov.br\/wp-content\/uploads\/2023\/03\/09D39EC3-EFF1-4F50-ADB0-BD4202D3C7AE-300x200.jpeg 300w, https:\/\/www.alagoinhas.ba.gov.br\/wp-content\/uploads\/2023\/03\/09D39EC3-EFF1-4F50-ADB0-BD4202D3C7AE-768x512.jpeg 768w, https:\/\/www.alagoinhas.ba.gov.br\/wp-content\/uploads\/2023\/03\/09D39EC3-EFF1-4F50-ADB0-BD4202D3C7AE-105x70.jpeg 105w, https:\/\/www.alagoinhas.ba.gov.br\/wp-content\/uploads\/2023\/03\/09D39EC3-EFF1-4F50-ADB0-BD4202D3C7AE.jpeg 1600w\" alt=\"\" width=\"800\" height=\"533\" \/><\/a><a class=\"group1 cboxElement\" href=\"https:\/\/www.alagoinhas.ba.gov.br\/wp-content\/uploads\/2023\/03\/754933FC-4ACD-4E48-9C7C-C117F50D3194.jpeg\"><img loading=\"lazy\" decoding=\"async\" class=\"aligncenter size-large wp-image-64505\" src=\"https:\/\/www.alagoinhas.ba.gov.br\/wp-content\/uploads\/2023\/03\/754933FC-4ACD-4E48-9C7C-C117F50D3194-1024x682.jpeg\" sizes=\"auto, (max-width: 800px) 100vw, 800px\" srcset=\"https:\/\/www.alagoinhas.ba.gov.br\/wp-content\/uploads\/2023\/03\/754933FC-4ACD-4E48-9C7C-C117F50D3194-1024x682.jpeg 1024w, https:\/\/www.alagoinhas.ba.gov.br\/wp-content\/uploads\/2023\/03\/754933FC-4ACD-4E48-9C7C-C117F50D3194-300x200.jpeg 300w, https:\/\/www.alagoinhas.ba.gov.br\/wp-content\/uploads\/2023\/03\/754933FC-4ACD-4E48-9C7C-C117F50D3194-768x512.jpeg 768w, https:\/\/www.alagoinhas.ba.gov.br\/wp-content\/uploads\/2023\/03\/754933FC-4ACD-4E48-9C7C-C117F50D3194-105x70.jpeg 105w, https:\/\/www.alagoinhas.ba.gov.br\/wp-content\/uploads\/2023\/03\/754933FC-4ACD-4E48-9C7C-C117F50D3194.jpeg 1600w\" alt=\"\" width=\"800\" height=\"533\" \/><\/a><\/p>\n<p>&nbsp;<\/p>\n<p>Foto: Roberto Fonseca \/ SECOM<\/p>\n<div class='share-to-whatsapp-wrapper'><div class='share-on-whsp'>Share on: <\/div><a data-text='Com incentivo da Prefeitura, 8\u00aa Confer\u00eancia Municipal de Sa\u00fade \u00e9 realizada em Alagoinhas' data-link='https:\/\/newsinfoco.com.br\/inicio\/com-incentivo-da-prefeitura-8a-conferencia-municipal-de-saude-e-realizada-em-alagoinhas\/' class='whatsapp-button whatsapp-share'>WhatsApp<\/a><div class='clear '><\/div><\/div>","protected":false},"excerpt":{"rendered":"<p>Com o objetivo de colocar no centro dos debates quest\u00f5es como a crise sanit\u00e1ria, humanit\u00e1ria e pol\u00edtica e de ataques \u00e0 vida, aos direitos fundamentais e ao Sistema \u00danico de Sa\u00fade (SUS) vivenciado no pa\u00eds, foi realizado nos dias 29 e 30 de mar\u00e7o a 8\u00aa Confer\u00eancia Municipal da Sa\u00fade, voltada a profissionais da categoria, [&hellip;]<\/p>\n","protected":false},"author":1,"featured_media":33522,"comment_status":"closed","ping_status":"closed","sticky":false,"template":"","format":"standard","meta":{"om_disable_all_campaigns":false,"rop_custom_images_group":[],"rop_custom_messages_group":[],"rop_publish_now":"initial","rop_publish_now_accounts":[],"rop_publish_now_history":[],"rop_publish_now_status":"pending","_exactmetrics_skip_tracking":false,"footnotes":""},"categories":[38,167],"tags":[],"class_list":["post-33521","post","type-post","status-publish","format-standard","has-post-thumbnail","hentry","category-alagoinhas-e-regiao","category-exclusivas"],"aioseo_notices":[],"aioseo_head":"\n\t\t<!-- All in One SEO 4.9.10 - aioseo.com -->\n\t<meta name=\"description\" content=\"Com o objetivo de colocar no centro dos debates quest\u00f5es como a crise sanit\u00e1ria, humanit\u00e1ria e pol\u00edtica e de ataques \u00e0 vida, aos direitos fundamentais e ao Sistema \u00danico de Sa\u00fade (SUS) vivenciado no pa\u00eds, foi realizado nos dias 29 e 30 de mar\u00e7o a 8\u00aa Confer\u00eancia Municipal da Sa\u00fade, voltada a profissionais da categoria,\" \/>\n\t<meta name=\"robots\" content=\"max-image-preview:large\" \/>\n\t<meta name=\"author\" content=\"administrador\"\/>\n\t<link rel=\"canonical\" href=\"https:\/\/newsinfoco.com.br\/inicio\/com-incentivo-da-prefeitura-8a-conferencia-municipal-de-saude-e-realizada-em-alagoinhas\/\" \/>\n\t<meta name=\"generator\" content=\"All in One SEO (AIOSEO) 4.9.10\" \/>\n\t\t<meta property=\"og:locale\" content=\"pt_BR\" \/>\n\t\t<meta property=\"og:site_name\" content=\"News In Foco - Editado por Caio Pimenta - O principal site de noticias de Alagoinhas e regi\u00e3o\" \/>\n\t\t<meta property=\"og:type\" content=\"article\" \/>\n\t\t<meta property=\"og:title\" content=\"Com incentivo da Prefeitura, 8\u00aa Confer\u00eancia Municipal de Sa\u00fade \u00e9 realizada em Alagoinhas - News In Foco - Editado por Caio Pimenta\" \/>\n\t\t<meta property=\"og:description\" content=\"Com o objetivo de colocar no centro dos debates quest\u00f5es como a crise sanit\u00e1ria, humanit\u00e1ria e pol\u00edtica e de ataques \u00e0 vida, aos direitos fundamentais e ao Sistema \u00danico de Sa\u00fade (SUS) vivenciado no pa\u00eds, foi realizado nos dias 29 e 30 de mar\u00e7o a 8\u00aa Confer\u00eancia Municipal da Sa\u00fade, voltada a profissionais da categoria,\" \/>\n\t\t<meta property=\"og:url\" content=\"https:\/\/newsinfoco.com.br\/inicio\/com-incentivo-da-prefeitura-8a-conferencia-municipal-de-saude-e-realizada-em-alagoinhas\/\" \/>\n\t\t<meta property=\"article:published_time\" content=\"2023-04-02T22:40:04+00:00\" \/>\n\t\t<meta property=\"article:modified_time\" content=\"2023-04-02T22:40:04+00:00\" \/>\n\t\t<meta name=\"twitter:card\" content=\"summary_large_image\" \/>\n\t\t<meta name=\"twitter:title\" content=\"Com incentivo da Prefeitura, 8\u00aa Confer\u00eancia Municipal de Sa\u00fade \u00e9 realizada em Alagoinhas - News In Foco - Editado por Caio Pimenta\" \/>\n\t\t<meta name=\"twitter:description\" content=\"Com o objetivo de colocar no centro dos debates quest\u00f5es como a crise sanit\u00e1ria, humanit\u00e1ria e pol\u00edtica e de ataques \u00e0 vida, aos direitos fundamentais e ao Sistema \u00danico de Sa\u00fade (SUS) vivenciado no pa\u00eds, foi realizado nos dias 29 e 30 de mar\u00e7o a 8\u00aa Confer\u00eancia Municipal da Sa\u00fade, voltada a profissionais da categoria,\" \/>\n\t\t<script type=\"application\/ld+json\" class=\"aioseo-schema\">\n\t\t\t{\"@context\":\"https:\\\/\\\/schema.org\",\"@graph\":[{\"@type\":\"BlogPosting\",\"@id\":\"https:\\\/\\\/newsinfoco.com.br\\\/inicio\\\/com-incentivo-da-prefeitura-8a-conferencia-municipal-de-saude-e-realizada-em-alagoinhas\\\/#blogposting\",\"name\":\"Com incentivo da Prefeitura, 8\\u00aa Confer\\u00eancia Municipal de Sa\\u00fade \\u00e9 realizada em Alagoinhas - News In Foco - Editado por Caio Pimenta\",\"headline\":\"Com incentivo da Prefeitura, 8\\u00aa Confer\\u00eancia Municipal de Sa\\u00fade \\u00e9 realizada em Alagoinhas\",\"author\":{\"@id\":\"https:\\\/\\\/newsinfoco.com.br\\\/inicio\\\/author\\\/administrador\\\/#author\"},\"publisher\":{\"@id\":\"https:\\\/\\\/newsinfoco.com.br\\\/inicio\\\/#organization\"},\"image\":{\"@type\":\"ImageObject\",\"url\":\"https:\\\/\\\/newsinfoco.com.br\\\/inicio\\\/wp-content\\\/uploads\\\/2023\\\/04\\\/F006F245-D391-45ED-B064-9139A5D6B3E2-768x512-1.jpeg\",\"width\":768,\"height\":512},\"datePublished\":\"2023-04-02T19:40:04-03:00\",\"dateModified\":\"2023-04-02T19:40:04-03:00\",\"inLanguage\":\"pt-BR\",\"mainEntityOfPage\":{\"@id\":\"https:\\\/\\\/newsinfoco.com.br\\\/inicio\\\/com-incentivo-da-prefeitura-8a-conferencia-municipal-de-saude-e-realizada-em-alagoinhas\\\/#webpage\"},\"isPartOf\":{\"@id\":\"https:\\\/\\\/newsinfoco.com.br\\\/inicio\\\/com-incentivo-da-prefeitura-8a-conferencia-municipal-de-saude-e-realizada-em-alagoinhas\\\/#webpage\"},\"articleSection\":\"Alagoinhas e Regi\\u00e3o, Manchete\"},{\"@type\":\"BreadcrumbList\",\"@id\":\"https:\\\/\\\/newsinfoco.com.br\\\/inicio\\\/com-incentivo-da-prefeitura-8a-conferencia-municipal-de-saude-e-realizada-em-alagoinhas\\\/#breadcrumblist\",\"itemListElement\":[{\"@type\":\"ListItem\",\"@id\":\"https:\\\/\\\/newsinfoco.com.br\\\/inicio#listItem\",\"position\":1,\"name\":\"In\\u00edcio\",\"item\":\"https:\\\/\\\/newsinfoco.com.br\\\/inicio\",\"nextItem\":{\"@type\":\"ListItem\",\"@id\":\"https:\\\/\\\/newsinfoco.com.br\\\/inicio\\\/category\\\/alagoinhas-e-regiao\\\/#listItem\",\"name\":\"Alagoinhas e Regi\\u00e3o\"}},{\"@type\":\"ListItem\",\"@id\":\"https:\\\/\\\/newsinfoco.com.br\\\/inicio\\\/category\\\/alagoinhas-e-regiao\\\/#listItem\",\"position\":2,\"name\":\"Alagoinhas e Regi\\u00e3o\",\"item\":\"https:\\\/\\\/newsinfoco.com.br\\\/inicio\\\/category\\\/alagoinhas-e-regiao\\\/\",\"nextItem\":{\"@type\":\"ListItem\",\"@id\":\"https:\\\/\\\/newsinfoco.com.br\\\/inicio\\\/com-incentivo-da-prefeitura-8a-conferencia-municipal-de-saude-e-realizada-em-alagoinhas\\\/#listItem\",\"name\":\"Com incentivo da Prefeitura, 8\\u00aa Confer\\u00eancia Municipal de Sa\\u00fade \\u00e9 realizada em Alagoinhas\"},\"previousItem\":{\"@type\":\"ListItem\",\"@id\":\"https:\\\/\\\/newsinfoco.com.br\\\/inicio#listItem\",\"name\":\"In\\u00edcio\"}},{\"@type\":\"ListItem\",\"@id\":\"https:\\\/\\\/newsinfoco.com.br\\\/inicio\\\/com-incentivo-da-prefeitura-8a-conferencia-municipal-de-saude-e-realizada-em-alagoinhas\\\/#listItem\",\"position\":3,\"name\":\"Com incentivo da Prefeitura, 8\\u00aa Confer\\u00eancia Municipal de Sa\\u00fade \\u00e9 realizada em Alagoinhas\",\"previousItem\":{\"@type\":\"ListItem\",\"@id\":\"https:\\\/\\\/newsinfoco.com.br\\\/inicio\\\/category\\\/alagoinhas-e-regiao\\\/#listItem\",\"name\":\"Alagoinhas e Regi\\u00e3o\"}}]},{\"@type\":\"Organization\",\"@id\":\"https:\\\/\\\/newsinfoco.com.br\\\/inicio\\\/#organization\",\"name\":\"News In Foco - Editado por Caio Pimenta\",\"description\":\"O principal site de noticias de Alagoinhas e regi\\u00e3o\",\"url\":\"https:\\\/\\\/newsinfoco.com.br\\\/inicio\\\/\"},{\"@type\":\"Person\",\"@id\":\"https:\\\/\\\/newsinfoco.com.br\\\/inicio\\\/author\\\/administrador\\\/#author\",\"url\":\"https:\\\/\\\/newsinfoco.com.br\\\/inicio\\\/author\\\/administrador\\\/\",\"name\":\"administrador\",\"image\":{\"@type\":\"ImageObject\",\"@id\":\"https:\\\/\\\/newsinfoco.com.br\\\/inicio\\\/com-incentivo-da-prefeitura-8a-conferencia-municipal-de-saude-e-realizada-em-alagoinhas\\\/#authorImage\",\"url\":\"https:\\\/\\\/secure.gravatar.com\\\/avatar\\\/c17a617433de8c1dc9584bb79aab7563b46f5bb7e1728c9b17d9cc3ce6a08e49?s=96&d=mm&r=g\",\"width\":96,\"height\":96,\"caption\":\"administrador\"}},{\"@type\":\"WebPage\",\"@id\":\"https:\\\/\\\/newsinfoco.com.br\\\/inicio\\\/com-incentivo-da-prefeitura-8a-conferencia-municipal-de-saude-e-realizada-em-alagoinhas\\\/#webpage\",\"url\":\"https:\\\/\\\/newsinfoco.com.br\\\/inicio\\\/com-incentivo-da-prefeitura-8a-conferencia-municipal-de-saude-e-realizada-em-alagoinhas\\\/\",\"name\":\"Com incentivo da Prefeitura, 8\\u00aa Confer\\u00eancia Municipal de Sa\\u00fade \\u00e9 realizada em Alagoinhas - News In Foco - Editado por Caio Pimenta\",\"description\":\"Com o objetivo de colocar no centro dos debates quest\\u00f5es como a crise sanit\\u00e1ria, humanit\\u00e1ria e pol\\u00edtica e de ataques \\u00e0 vida, aos direitos fundamentais e ao Sistema \\u00danico de Sa\\u00fade (SUS) vivenciado no pa\\u00eds, foi realizado nos dias 29 e 30 de mar\\u00e7o a 8\\u00aa Confer\\u00eancia Municipal da Sa\\u00fade, voltada a profissionais da categoria,\",\"inLanguage\":\"pt-BR\",\"isPartOf\":{\"@id\":\"https:\\\/\\\/newsinfoco.com.br\\\/inicio\\\/#website\"},\"breadcrumb\":{\"@id\":\"https:\\\/\\\/newsinfoco.com.br\\\/inicio\\\/com-incentivo-da-prefeitura-8a-conferencia-municipal-de-saude-e-realizada-em-alagoinhas\\\/#breadcrumblist\"},\"author\":{\"@id\":\"https:\\\/\\\/newsinfoco.com.br\\\/inicio\\\/author\\\/administrador\\\/#author\"},\"creator\":{\"@id\":\"https:\\\/\\\/newsinfoco.com.br\\\/inicio\\\/author\\\/administrador\\\/#author\"},\"image\":{\"@type\":\"ImageObject\",\"url\":\"https:\\\/\\\/newsinfoco.com.br\\\/inicio\\\/wp-content\\\/uploads\\\/2023\\\/04\\\/F006F245-D391-45ED-B064-9139A5D6B3E2-768x512-1.jpeg\",\"@id\":\"https:\\\/\\\/newsinfoco.com.br\\\/inicio\\\/com-incentivo-da-prefeitura-8a-conferencia-municipal-de-saude-e-realizada-em-alagoinhas\\\/#mainImage\",\"width\":768,\"height\":512},\"primaryImageOfPage\":{\"@id\":\"https:\\\/\\\/newsinfoco.com.br\\\/inicio\\\/com-incentivo-da-prefeitura-8a-conferencia-municipal-de-saude-e-realizada-em-alagoinhas\\\/#mainImage\"},\"datePublished\":\"2023-04-02T19:40:04-03:00\",\"dateModified\":\"2023-04-02T19:40:04-03:00\"},{\"@type\":\"WebSite\",\"@id\":\"https:\\\/\\\/newsinfoco.com.br\\\/inicio\\\/#website\",\"url\":\"https:\\\/\\\/newsinfoco.com.br\\\/inicio\\\/\",\"name\":\"News In Foco - Editado por Caio Pimenta\",\"description\":\"O principal site de noticias de Alagoinhas e regi\\u00e3o\",\"inLanguage\":\"pt-BR\",\"publisher\":{\"@id\":\"https:\\\/\\\/newsinfoco.com.br\\\/inicio\\\/#organization\"}}]}\n\t\t<\/script>\n\t\t<!-- All in One SEO -->\n\n","aioseo_head_json":{"title":"Com incentivo da Prefeitura, 8\u00aa Confer\u00eancia Municipal de Sa\u00fade \u00e9 realizada em Alagoinhas - News In Foco - Editado por Caio Pimenta","description":"Com o objetivo de colocar no centro dos debates quest\u00f5es como a crise sanit\u00e1ria, humanit\u00e1ria e pol\u00edtica e de ataques \u00e0 vida, aos direitos fundamentais e ao Sistema \u00danico de Sa\u00fade (SUS) vivenciado no pa\u00eds, foi realizado nos dias 29 e 30 de mar\u00e7o a 8\u00aa Confer\u00eancia Municipal da Sa\u00fade, voltada a profissionais da categoria,","canonical_url":"https:\/\/newsinfoco.com.br\/inicio\/com-incentivo-da-prefeitura-8a-conferencia-municipal-de-saude-e-realizada-em-alagoinhas\/","robots":"max-image-preview:large","keywords":"","webmasterTools":{"miscellaneous":""},"schema":{"@context":"https:\/\/schema.org","@graph":[{"@type":"BlogPosting","@id":"https:\/\/newsinfoco.com.br\/inicio\/com-incentivo-da-prefeitura-8a-conferencia-municipal-de-saude-e-realizada-em-alagoinhas\/#blogposting","name":"Com incentivo da Prefeitura, 8\u00aa Confer\u00eancia Municipal de Sa\u00fade \u00e9 realizada em Alagoinhas - News In Foco - Editado por Caio Pimenta","headline":"Com incentivo da Prefeitura, 8\u00aa Confer\u00eancia Municipal de Sa\u00fade \u00e9 realizada em Alagoinhas","author":{"@id":"https:\/\/newsinfoco.com.br\/inicio\/author\/administrador\/#author"},"publisher":{"@id":"https:\/\/newsinfoco.com.br\/inicio\/#organization"},"image":{"@type":"ImageObject","url":"https:\/\/newsinfoco.com.br\/inicio\/wp-content\/uploads\/2023\/04\/F006F245-D391-45ED-B064-9139A5D6B3E2-768x512-1.jpeg","width":768,"height":512},"datePublished":"2023-04-02T19:40:04-03:00","dateModified":"2023-04-02T19:40:04-03:00","inLanguage":"pt-BR","mainEntityOfPage":{"@id":"https:\/\/newsinfoco.com.br\/inicio\/com-incentivo-da-prefeitura-8a-conferencia-municipal-de-saude-e-realizada-em-alagoinhas\/#webpage"},"isPartOf":{"@id":"https:\/\/newsinfoco.com.br\/inicio\/com-incentivo-da-prefeitura-8a-conferencia-municipal-de-saude-e-realizada-em-alagoinhas\/#webpage"},"articleSection":"Alagoinhas e Regi\u00e3o, Manchete"},{"@type":"BreadcrumbList","@id":"https:\/\/newsinfoco.com.br\/inicio\/com-incentivo-da-prefeitura-8a-conferencia-municipal-de-saude-e-realizada-em-alagoinhas\/#breadcrumblist","itemListElement":[{"@type":"ListItem","@id":"https:\/\/newsinfoco.com.br\/inicio#listItem","position":1,"name":"In\u00edcio","item":"https:\/\/newsinfoco.com.br\/inicio","nextItem":{"@type":"ListItem","@id":"https:\/\/newsinfoco.com.br\/inicio\/category\/alagoinhas-e-regiao\/#listItem","name":"Alagoinhas e Regi\u00e3o"}},{"@type":"ListItem","@id":"https:\/\/newsinfoco.com.br\/inicio\/category\/alagoinhas-e-regiao\/#listItem","position":2,"name":"Alagoinhas e Regi\u00e3o","item":"https:\/\/newsinfoco.com.br\/inicio\/category\/alagoinhas-e-regiao\/","nextItem":{"@type":"ListItem","@id":"https:\/\/newsinfoco.com.br\/inicio\/com-incentivo-da-prefeitura-8a-conferencia-municipal-de-saude-e-realizada-em-alagoinhas\/#listItem","name":"Com incentivo da Prefeitura, 8\u00aa Confer\u00eancia Municipal de Sa\u00fade \u00e9 realizada em Alagoinhas"},"previousItem":{"@type":"ListItem","@id":"https:\/\/newsinfoco.com.br\/inicio#listItem","name":"In\u00edcio"}},{"@type":"ListItem","@id":"https:\/\/newsinfoco.com.br\/inicio\/com-incentivo-da-prefeitura-8a-conferencia-municipal-de-saude-e-realizada-em-alagoinhas\/#listItem","position":3,"name":"Com incentivo da Prefeitura, 8\u00aa Confer\u00eancia Municipal de Sa\u00fade \u00e9 realizada em Alagoinhas","previousItem":{"@type":"ListItem","@id":"https:\/\/newsinfoco.com.br\/inicio\/category\/alagoinhas-e-regiao\/#listItem","name":"Alagoinhas e Regi\u00e3o"}}]},{"@type":"Organization","@id":"https:\/\/newsinfoco.com.br\/inicio\/#organization","name":"News In Foco - Editado por Caio Pimenta","description":"O principal site de noticias de Alagoinhas e regi\u00e3o","url":"https:\/\/newsinfoco.com.br\/inicio\/"},{"@type":"Person","@id":"https:\/\/newsinfoco.com.br\/inicio\/author\/administrador\/#author","url":"https:\/\/newsinfoco.com.br\/inicio\/author\/administrador\/","name":"administrador","image":{"@type":"ImageObject","@id":"https:\/\/newsinfoco.com.br\/inicio\/com-incentivo-da-prefeitura-8a-conferencia-municipal-de-saude-e-realizada-em-alagoinhas\/#authorImage","url":"https:\/\/secure.gravatar.com\/avatar\/c17a617433de8c1dc9584bb79aab7563b46f5bb7e1728c9b17d9cc3ce6a08e49?s=96&d=mm&r=g","width":96,"height":96,"caption":"administrador"}},{"@type":"WebPage","@id":"https:\/\/newsinfoco.com.br\/inicio\/com-incentivo-da-prefeitura-8a-conferencia-municipal-de-saude-e-realizada-em-alagoinhas\/#webpage","url":"https:\/\/newsinfoco.com.br\/inicio\/com-incentivo-da-prefeitura-8a-conferencia-municipal-de-saude-e-realizada-em-alagoinhas\/","name":"Com incentivo da Prefeitura, 8\u00aa Confer\u00eancia Municipal de Sa\u00fade \u00e9 realizada em Alagoinhas - News In Foco - Editado por Caio Pimenta","description":"Com o objetivo de colocar no centro dos debates quest\u00f5es como a crise sanit\u00e1ria, humanit\u00e1ria e pol\u00edtica e de ataques \u00e0 vida, aos direitos fundamentais e ao Sistema \u00danico de Sa\u00fade (SUS) vivenciado no pa\u00eds, foi realizado nos dias 29 e 30 de mar\u00e7o a 8\u00aa Confer\u00eancia Municipal da Sa\u00fade, voltada a profissionais da categoria,","inLanguage":"pt-BR","isPartOf":{"@id":"https:\/\/newsinfoco.com.br\/inicio\/#website"},"breadcrumb":{"@id":"https:\/\/newsinfoco.com.br\/inicio\/com-incentivo-da-prefeitura-8a-conferencia-municipal-de-saude-e-realizada-em-alagoinhas\/#breadcrumblist"},"author":{"@id":"https:\/\/newsinfoco.com.br\/inicio\/author\/administrador\/#author"},"creator":{"@id":"https:\/\/newsinfoco.com.br\/inicio\/author\/administrador\/#author"},"image":{"@type":"ImageObject","url":"https:\/\/newsinfoco.com.br\/inicio\/wp-content\/uploads\/2023\/04\/F006F245-D391-45ED-B064-9139A5D6B3E2-768x512-1.jpeg","@id":"https:\/\/newsinfoco.com.br\/inicio\/com-incentivo-da-prefeitura-8a-conferencia-municipal-de-saude-e-realizada-em-alagoinhas\/#mainImage","width":768,"height":512},"primaryImageOfPage":{"@id":"https:\/\/newsinfoco.com.br\/inicio\/com-incentivo-da-prefeitura-8a-conferencia-municipal-de-saude-e-realizada-em-alagoinhas\/#mainImage"},"datePublished":"2023-04-02T19:40:04-03:00","dateModified":"2023-04-02T19:40:04-03:00"},{"@type":"WebSite","@id":"https:\/\/newsinfoco.com.br\/inicio\/#website","url":"https:\/\/newsinfoco.com.br\/inicio\/","name":"News In Foco - Editado por Caio Pimenta","description":"O principal site de noticias de Alagoinhas e regi\u00e3o","inLanguage":"pt-BR","publisher":{"@id":"https:\/\/newsinfoco.com.br\/inicio\/#organization"}}]},"og:locale":"pt_BR","og:site_name":"News In Foco - Editado por Caio Pimenta - O principal site de noticias de Alagoinhas e regi\u00e3o","og:type":"article","og:title":"Com incentivo da Prefeitura, 8\u00aa Confer\u00eancia Municipal de Sa\u00fade \u00e9 realizada em Alagoinhas - News In Foco - Editado por Caio Pimenta","og:description":"Com o objetivo de colocar no centro dos debates quest\u00f5es como a crise sanit\u00e1ria, humanit\u00e1ria e pol\u00edtica e de ataques \u00e0 vida, aos direitos fundamentais e ao Sistema \u00danico de Sa\u00fade (SUS) vivenciado no pa\u00eds, foi realizado nos dias 29 e 30 de mar\u00e7o a 8\u00aa Confer\u00eancia Municipal da Sa\u00fade, voltada a profissionais da categoria,","og:url":"https:\/\/newsinfoco.com.br\/inicio\/com-incentivo-da-prefeitura-8a-conferencia-municipal-de-saude-e-realizada-em-alagoinhas\/","article:published_time":"2023-04-02T22:40:04+00:00","article:modified_time":"2023-04-02T22:40:04+00:00","twitter:card":"summary_large_image","twitter:title":"Com incentivo da Prefeitura, 8\u00aa Confer\u00eancia Municipal de Sa\u00fade \u00e9 realizada em Alagoinhas - News In Foco - Editado por Caio Pimenta","twitter:description":"Com o objetivo de colocar no centro dos debates quest\u00f5es como a crise sanit\u00e1ria, humanit\u00e1ria e pol\u00edtica e de ataques \u00e0 vida, aos direitos fundamentais e ao Sistema \u00danico de Sa\u00fade (SUS) vivenciado no pa\u00eds, foi realizado nos dias 29 e 30 de mar\u00e7o a 8\u00aa Confer\u00eancia Municipal da Sa\u00fade, voltada a profissionais da categoria,"},"aioseo_meta_data":{"post_id":"33521","title":null,"description":null,"keywords":null,"keyphrases":null,"primary_term":null,"canonical_url":null,"og_title":null,"og_description":null,"og_object_type":"default","og_image_type":"default","og_image_url":null,"og_image_width":null,"og_image_height":null,"og_image_custom_url":null,"og_image_custom_fields":null,"og_video":null,"og_custom_url":null,"og_article_section":null,"og_article_tags":null,"twitter_use_og":false,"twitter_card":"default","twitter_image_type":"default","twitter_image_url":null,"twitter_image_custom_url":null,"twitter_image_custom_fields":null,"twitter_title":null,"twitter_description":null,"schema":{"blockGraphs":[],"customGraphs":[],"default":{"data":{"Article":[],"Course":[],"Dataset":[],"FAQPage":[],"Movie":[],"Person":[],"Product":[],"ProductReview":[],"Car":[],"Recipe":[],"Service":[],"SoftwareApplication":[],"WebPage":[]},"graphName":"","isEnabled":true},"graphs":[]},"schema_type":"default","schema_type_options":null,"pillar_content":false,"robots_default":true,"robots_noindex":false,"robots_noarchive":false,"robots_nosnippet":false,"robots_nofollow":false,"robots_noimageindex":false,"robots_noodp":false,"robots_notranslate":false,"robots_max_snippet":null,"robots_max_videopreview":null,"robots_max_imagepreview":"large","priority":null,"frequency":null,"local_seo":null,"breadcrumb_settings":null,"limit_modified_date":false,"ai":null,"created":"2023-06-12 23:11:43","updated":"2025-07-11 09:27:10","seo_analyzer_scan_date":null},"aioseo_breadcrumb":"<div class=\"aioseo-breadcrumbs\"><span class=\"aioseo-breadcrumb\">\n\t\t\t<a href=\"https:\/\/newsinfoco.com.br\/inicio\" title=\"In\u00edcio\">In\u00edcio<\/a>\n\t\t<\/span><span class=\"aioseo-breadcrumb-separator\">&raquo;<\/span><span class=\"aioseo-breadcrumb\">\n\t\t\t<a href=\"https:\/\/newsinfoco.com.br\/inicio\/category\/alagoinhas-e-regiao\/\" title=\"Alagoinhas e Regi\u00e3o\">Alagoinhas e Regi\u00e3o<\/a>\n\t\t<\/span><span class=\"aioseo-breadcrumb-separator\">&raquo;<\/span><span class=\"aioseo-breadcrumb\">\n\t\t\tCom incentivo da Prefeitura, 8\u00aa Confer\u00eancia Municipal de Sa\u00fade \u00e9 realizada em Alagoinhas\n\t\t<\/span><\/div>","aioseo_breadcrumb_json":[{"label":"In\u00edcio","link":"https:\/\/newsinfoco.com.br\/inicio"},{"label":"Alagoinhas e Regi\u00e3o","link":"https:\/\/newsinfoco.com.br\/inicio\/category\/alagoinhas-e-regiao\/"},{"label":"Com incentivo da Prefeitura, 8\u00aa Confer\u00eancia Municipal de Sa\u00fade \u00e9 realizada em Alagoinhas","link":"https:\/\/newsinfoco.com.br\/inicio\/com-incentivo-da-prefeitura-8a-conferencia-municipal-de-saude-e-realizada-em-alagoinhas\/"}],"_links":{"self":[{"href":"https:\/\/newsinfoco.com.br\/inicio\/wp-json\/wp\/v2\/posts\/33521","targetHints":{"allow":["GET"]}}],"collection":[{"href":"https:\/\/newsinfoco.com.br\/inicio\/wp-json\/wp\/v2\/posts"}],"about":[{"href":"https:\/\/newsinfoco.com.br\/inicio\/wp-json\/wp\/v2\/types\/post"}],"author":[{"embeddable":true,"href":"https:\/\/newsinfoco.com.br\/inicio\/wp-json\/wp\/v2\/users\/1"}],"replies":[{"embeddable":true,"href":"https:\/\/newsinfoco.com.br\/inicio\/wp-json\/wp\/v2\/comments?post=33521"}],"version-history":[{"count":1,"href":"https:\/\/newsinfoco.com.br\/inicio\/wp-json\/wp\/v2\/posts\/33521\/revisions"}],"predecessor-version":[{"id":33523,"href":"https:\/\/newsinfoco.com.br\/inicio\/wp-json\/wp\/v2\/posts\/33521\/revisions\/33523"}],"wp:featuredmedia":[{"embeddable":true,"href":"https:\/\/newsinfoco.com.br\/inicio\/wp-json\/wp\/v2\/media\/33522"}],"wp:attachment":[{"href":"https:\/\/newsinfoco.com.br\/inicio\/wp-json\/wp\/v2\/media?parent=33521"}],"wp:term":[{"taxonomy":"category","embeddable":true,"href":"https:\/\/newsinfoco.com.br\/inicio\/wp-json\/wp\/v2\/categories?post=33521"},{"taxonomy":"post_tag","embeddable":true,"href":"https:\/\/newsinfoco.com.br\/inicio\/wp-json\/wp\/v2\/tags?post=33521"}],"curies":[{"name":"wp","href":"https:\/\/api.w.org\/{rel}","templated":true}]}}